{"id":44080,"date":"2016-07-27T23:22:32","date_gmt":"2016-07-28T02:22:32","guid":{"rendered":"https:\/\/www.estrategiaconcursos.com.br\/blog\/?p=44080"},"modified":"2018-04-24T12:15:31","modified_gmt":"2018-04-24T15:15:31","slug":"edital-sedu","status":"publish","type":"post","link":"https:\/\/www.estrategiaconcursos.com.br\/blog\/edital-sedu\/","title":{"rendered":"Edital SEDU Esp\u00edrito Santo &#8211; Professor: conhe\u00e7a a fundo o certame!"},"content":{"rendered":"<p style=\"text-align: justify\"><em><strong>Edital SEDU Esp\u00edrito Santo \u2013 Professor<\/strong><\/em><\/p>\n<p style=\"text-align: justify\"><img loading=\"lazy\" decoding=\"async\" class=\"alignleft wp-image-44088\" src=\"https:\/\/dhg1h5j42swfq.cloudfront.net\/2016\/07\/22155436\/edital-sedu.gif\" alt=\"edital sedu\" width=\"125\" height=\"183\" \/>Na cerim\u00f4nia de posse de mais de <strong>700 professores<\/strong> aprovados no \u00faltimo concurso <strong>Secretaria de Educa\u00e7\u00e3o do Estado do Esp\u00edrito Santo (SEDU\/ES)<\/strong>, em julho de 2016, o Governador do Estado afirmou que pretende lan\u00e7ar novo\u00a0concurso para professor ainda em 2016, disponibilizando<span style=\"color: #0000ff\"> <strong>1.000 oportunidades<\/strong><\/span>. Ademais, afirmou que a meta \u00e9 realizar <strong>um concurso a cada ano<\/strong>.<\/p>\n<p style=\"text-align: justify\">Neste artigo, analisaremos o \u00faltimo edital SEDU\/ES, concurso aplicado em 2015 pela Funda\u00e7\u00e3o Carlos Chagas \u2013 FCC. Para voc\u00ea que j\u00e1 quer iniciar a sua prepara\u00e7\u00e3o com foco, acesso ao final deste artigo a Lei de Diretrizes e Bases da Educa\u00e7\u00e3o, LDB, esquematizada.<\/p>\n<p style=\"text-align: justify\">Foram oferecidas vagas para <strong>doze<\/strong> disciplinas\u00a0de professor nas seguintes disciplinas:<\/p>\n<p style=\"text-align: justify\"><img loading=\"lazy\" decoding=\"async\" class=\"aligncenter wp-image-44090 size-full\" src=\"https:\/\/dhg1h5j42swfq.cloudfront.net\/2016\/07\/22155538\/edital-SEDU.png\" alt=\"edital SEDU\" width=\"126\" height=\"369\" srcset=\"https:\/\/dhg1h5j42swfq.cloudfront.net\/2016\/07\/22155538\/edital-SEDU.png 126w, https:\/\/dhg1h5j42swfq.cloudfront.net\/2016\/07\/22155538\/edital-SEDU.png 102w\" sizes=\"auto, (max-width: 126px) 100vw, 126px\" \/><\/p>\n<h3 style=\"text-align: justify\"><span style=\"color: #0000ff\"><strong>QUANTO GANHA UM PROFESSOR NO ESP\u00cdRITO SANTO?<\/strong><\/span><\/h3>\n<p style=\"text-align: justify\">De acordo com o edital SEDU\/ES de 2015, a remunera\u00e7\u00e3o variou de <span style=\"text-decoration: underline\"><strong>R$ 1.982,55 at\u00e9 3.554,92<\/strong><\/span>, de acordo com a escolaridade, por uma carga hor\u00e1ria de 25 horas. Conhe\u00e7a abaixo os detalhes do subs\u00eddio inicial em cada faixa remunerat\u00f3ria:<\/p>\n<p style=\"text-align: justify\"><img loading=\"lazy\" decoding=\"async\" class=\"aligncenter size-full wp-image-44089\" src=\"https:\/\/dhg1h5j42swfq.cloudfront.net\/2016\/07\/22155537\/edital-SEDU-1.png\" alt=\"edital SEDU 1\" width=\"723\" height=\"203\" srcset=\"https:\/\/dhg1h5j42swfq.cloudfront.net\/2016\/07\/22155537\/edital-SEDU-1.png 723w, https:\/\/dhg1h5j42swfq.cloudfront.net\/2016\/07\/22155537\/edital-SEDU-1.png 300w, https:\/\/dhg1h5j42swfq.cloudfront.net\/2016\/07\/22155537\/edital-SEDU-1.png 500w\" sizes=\"auto, (max-width: 723px) 100vw, 723px\" \/><\/p>\n<p style=\"text-align: justify\">Claro que voc\u00ea j\u00e1 sabe o que faz um professor, mas vamos ver abaixo o que trouxe o edital SEDU\/ES acerca das atribui\u00e7\u00f5es do cargo de professor:<\/p>\n<p style=\"text-align: justify\">&#8220;Preparar e ministrar aulas; avaliar e acompanhar o aproveitamento do corpo discente de Ensino Fundamental e Ensino M\u00e9dio, no respectivo campo de atua\u00e7\u00e3o, em conformidade com a previs\u00e3o do anexo III da Lei no 5.580, de 13 de janeiro de 1998 e altera\u00e7\u00f5es (Plano de Carreira e Vencimentos do Magist\u00e9rio), bem como em conformidade com o artigo 13 da Lei no 9.394, de 20 de dezembro de 1996 (Lei de Diretrizes e Bases da Educa\u00e7\u00e3o Nacional), participar da elabora\u00e7\u00e3o da proposta pedag\u00f3gica do estabelecimento de ensino; elaborar e cumprir plano de trabalho, segundo a proposta pedag\u00f3gica do estabelecimento de ensino; zelar pela aprendizagem dos alunos; estabelecer estrat\u00e9gias de recupera\u00e7\u00e3o para os alunos de menor rendimento; cumprir os dias letivos e horas\/aula estabelecidos, al\u00e9m de participar integralmente dos per\u00edodos dedicados ao planejamento, a avalia\u00e7\u00e3o e ao desenvolvimento profissional; colaborar com as atividades de articula\u00e7\u00e3o da escola com as fam\u00edlias e a comunidade.&#8221;<\/p>\n<p style=\"text-align: justify\"><em>Professora, como foi a prova desse concurso?<\/em><\/p>\n<p style=\"text-align: justify\">A prova constou com 70 quest\u00f5es objetivas, sendo 30 de conhecimentos b\u00e1sicos e 40 de conhecimentos espec\u00edficos.<\/p>\n<p style=\"text-align: justify\">Os conhecimentos b\u00e1sicos foram <strong>L\u00edngua Portuguesa<\/strong> e <strong>Conhecimentos Pedag\u00f3gicos<\/strong>. Ao passo que os espec\u00edficos variaram de acordo com o cargo (veja ao final o edital SEDU\/ES completo).<\/p>\n<p style=\"text-align: justify\">Al\u00e9m disso, teve uma prova discursiva com duas quest\u00f5es e prova de t\u00edtulos.<\/p>\n<p style=\"text-align: justify\"><span style=\"color: #993300\">O Estrat\u00e9gia Concursos j\u00e1 lan\u00e7ou cursos em PDF e videoaulas para a sua prepara\u00e7\u00e3o focada no concurso professor SEDU\/ES. Nossos cursos s\u00e3o elaborados focados 100% no edital, de modo que voc\u00ea n\u00e3o precise estudar por nenhum outro material. Al\u00e9m disso, o aluno conta com um f\u00f3rum de d\u00favidas exclusivo para questionar os professores. Acesse o link abaixo e veja uma aula demonstrativa.<\/span><\/p>\n<p><a href=\"https:\/\/www.estrategiaconcursos.com.br\/pesquisa\/?q=sedu%2Fes\">CURSOS SEDU\/ES<\/a><\/p>\n<p><a href=\"https:\/\/www.estrategiaconcursos.com.br\/curso\/conhecimentos-pedagogicos-p-sedu-es-todos-os-cargos\/\">Conhecimentos Pedag\u00f3gicos SEDU\/ES<\/a><\/p>\n<p style=\"text-align: justify\">As provas objetivas e discursivas foram realizadas nas seguintes cidades, \u00e0 escolha do candidato:<\/p>\n<ul>\n<li style=\"text-align: justify;padding-left: 30px\"><strong>Vit\u00f3ria<\/strong><\/li>\n<li style=\"text-align: justify;padding-left: 30px\"><strong>Cachoeiro de Itapemirim<\/strong><\/li>\n<li style=\"text-align: justify;padding-left: 30px\"><strong>Colatina<\/strong><\/li>\n<li style=\"text-align: justify;padding-left: 30px\"><strong>Linhares<\/strong><\/li>\n<li style=\"text-align: justify;padding-left: 30px\"><strong>S\u00e3o Mateus<\/strong><\/li>\n<li style=\"text-align: justify;padding-left: 30px\"><strong>Vila Velha<\/strong><\/li>\n<\/ul>\n<p style=\"text-align: justify\">Quanto \u00e0 prova discursiva, existe uma peculiaridade. Todos os candidatos fizeram junto com a prova objetiva, mas a corre\u00e7\u00e3o da discursiva se deu at\u00e9 um determinado limite de aprovados na objetiva. Esse limite variou de acordo com a cidade e com a disciplina escolhida pelo candidato. Veja no edital SEDU\/ES ao final desta p\u00e1gina a tabela completa.<\/p>\n<p style=\"text-align: justify\">A avalia\u00e7\u00e3o de t\u00edtulos \u00e9 algo que pesa bastante na classifica\u00e7\u00e3o do concurso, sobretudo para professor da Secretaria de Educa\u00e7\u00e3o do Esp\u00edrito Santo. Confira no quadro abaixo como foi dividida a pontua\u00e7\u00e3o:<\/p>\n<p style=\"text-align: justify\"><img loading=\"lazy\" decoding=\"async\" class=\"aligncenter size-full wp-image-44091\" src=\"https:\/\/dhg1h5j42swfq.cloudfront.net\/2016\/07\/22155540\/edital-SEDU2.png\" alt=\"edital SEDU2\" width=\"908\" height=\"286\" srcset=\"https:\/\/dhg1h5j42swfq.cloudfront.net\/2016\/07\/22155540\/edital-SEDU2.png 908w, https:\/\/dhg1h5j42swfq.cloudfront.net\/2016\/07\/22155540\/edital-SEDU2.png 300w, https:\/\/dhg1h5j42swfq.cloudfront.net\/2016\/07\/22155540\/edital-SEDU2.png 768w, https:\/\/dhg1h5j42swfq.cloudfront.net\/2016\/07\/22155540\/edital-SEDU2.png 500w\" sizes=\"auto, (max-width: 908px) 100vw, 908px\" \/><\/p>\n<p style=\"text-align: justify\">Professora, mesmo sem saber exatamente as \u00e1reas do pr\u00f3ximo concurso, o que j\u00e1 posso estudar desde agora?<\/p>\n<h3 style=\"text-align: justify\"><span style=\"color: #0000ff\"><strong>DICAS DE ESTUDO &#8211; EDITAL SEDU\/ES<\/strong><\/span><\/h3>\n<p style=\"text-align: justify\"><span style=\"color: #ff0000\"><strong>Important\u00edssimo a qualquer docente, a Lei de Diretrizes e Bases \u00e9 material de cabeceira, se voc\u00ea quer passar no concurso. Mais abaixo, daremos um presente a voc\u00ea que est\u00e1 tomando a decis\u00e3o de estudar para o concurso SEDU\/ES. <\/strong><\/span><\/p>\n<p style=\"text-align: justify\"><span style=\"color: #ff0000\"><strong>Compreender os tipos de avalia\u00e7\u00f5es existentes, bem como a import\u00e2ncia do planejamento, segundo Piletti, podem te ajudar a alcan\u00e7ar a t\u00e3o sonhada vaga.\u00a0<\/strong><\/span><\/p>\n<p style=\"text-align: justify\"><span style=\"color: #ff0000\"><strong>\u00c9 importante que voc\u00ea comece a estudar desde j\u00e1!<\/strong><\/span><\/p>\n<p style=\"text-align: justify\">Conforme prometido, segue abaixo a LDB Esquematizada:<\/p>\n<p>https:\/\/www.estrategiaconcursos.com.br\/blog\/ldb-esquematizada-e-atualizada-p-concursos\/<\/p>\n<p style=\"text-align: justify\">Confira abaixo o edital SEDU\/ES completo:<\/p>\n<p><iframe loading=\"lazy\" title=\"Edital Secretaria de Educa\u00e7\u00e3o ES - Professor\" src=\"https:\/\/www.slideshare.net\/slideshow\/embed_code\/key\/DWROLsHu9aZEOv\" width=\"479\" height=\"511\" frameborder=\"0\" marginwidth=\"0\" marginheight=\"0\" scrolling=\"no\" style=\"border:1px solid #CCC; border-width:1px; margin-bottom:5px; max-width: 100%;\" allowfullscreen> <\/iframe> <\/p>\n<div style=\"margin-bottom:5px\"> <strong> <a href=\"https:\/\/pt.slideshare.net\/EstrategiaConcursos\/edital-secretaria-de-educao-es-professor\" title=\"Edital Secretaria de Educa\u00e7\u00e3o ES - Professor\" target=\"_blank\">Edital Secretaria de Educa\u00e7\u00e3o ES &#8211; Professor<\/a> <\/strong> from <strong><a href=\"https:\/\/www.slideshare.net\/EstrategiaConcursos\" target=\"_blank\">Estrat\u00e9gia Concursos<\/a><\/strong> <\/div>\n<p>At\u00e9 mais, pessoal.<\/p>\n<p>Bons estudos.<\/p>\n<p>&nbsp;<\/p>\n<p>Estamos com juntos at\u00e9 sua posse.<\/p>\n<p>Fernanda :=)<\/p>\n","protected":false},"excerpt":{"rendered":"<p>Edital SEDU Esp\u00edrito Santo \u2013 Professor Na cerim\u00f4nia de posse de mais de 700 professores aprovados no \u00faltimo concurso Secretaria de Educa\u00e7\u00e3o do Estado do Esp\u00edrito Santo (SEDU\/ES), em julho de 2016, o Governador do Estado afirmou que pretende lan\u00e7ar novo\u00a0concurso para professor ainda em 2016, disponibilizando 1.000 oportunidades. Ademais, afirmou que a meta \u00e9 [&hellip;]<\/p>\n","protected":false},"author":126,"featured_media":0,"comment_status":"open","ping_status":"open","sticky":false,"template":"","format":"standard","meta":{"post_tipo":"article","footnotes":""},"categories":[1,3766],"tags":[1136,3026],"tax_estado":[],"class_list":["post-44080","post","type-post","status-publish","format-standard","hentry","category-cursos-e-concursos","category-educacional","tag-professor","tag-sedu-es"],"acf":[],"yoast_head":"<!-- This site is optimized with the Yoast SEO Premium plugin v27.2 (Yoast SEO v27.2) - https:\/\/yoast.com\/product\/yoast-seo-premium-wordpress\/ -->\n<title>Edital SEDU Esp\u00edrito Santo - Professor: conhe\u00e7a a fundo o certame!<\/title>\n<meta name=\"description\" content=\"Edital SEDU\/ES: fique por dentro de tudo o que foi cobrado no \u00faltimo edital, como foram as provas e saia na frente na sua prepara\u00e7\u00e3o.\" \/>\n<meta name=\"robots\" content=\"index, follow, max-snippet:-1, max-image-preview:large, max-video-preview:-1\" \/>\n<link rel=\"canonical\" href=\"https:\/\/www.estrategiaconcursos.com.br\/blog\/edital-sedu\/\" \/>\n<meta property=\"og:locale\" content=\"pt_BR\" \/>\n<meta property=\"og:type\" content=\"article\" \/>\n<meta property=\"og:title\" content=\"Edital SEDU Esp\u00edrito Santo - Professor: conhe\u00e7a a fundo o certame!\" \/>\n<meta property=\"og:description\" content=\"Edital SEDU\/ES: fique por dentro de tudo o que foi cobrado no \u00faltimo edital, como foram as provas e saia na frente na sua prepara\u00e7\u00e3o.\" \/>\n<meta property=\"og:url\" content=\"https:\/\/www.estrategiaconcursos.com.br\/blog\/edital-sedu\/\" \/>\n<meta property=\"og:site_name\" content=\"Estrat\u00e9gia Concursos\" \/>\n<meta property=\"article:published_time\" content=\"2016-07-28T02:22:32+00:00\" \/>\n<meta property=\"article:modified_time\" content=\"2018-04-24T15:15:31+00:00\" \/>\n<meta property=\"og:image\" content=\"https:\/\/www.estrategiaconcursos.com.br\/blog\/wp-content\/uploads\/2016\/07\/edital-sedu-200x300.gif\" \/>\n<meta name=\"author\" content=\"Fernanda Lima\" \/>\n<meta name=\"twitter:card\" content=\"summary_large_image\" \/>\n<meta name=\"twitter:creator\" content=\"@EstratConcursos\" \/>\n<meta name=\"twitter:site\" content=\"@EstratConcursos\" \/>\n<meta name=\"twitter:label1\" content=\"Escrito por\" \/>\n\t<meta name=\"twitter:data1\" content=\"Fernanda Lima\" \/>\n\t<meta name=\"twitter:label2\" content=\"Est. tempo de leitura\" \/>\n\t<meta name=\"twitter:data2\" content=\"4 minutos\" \/>\n<script type=\"application\/ld+json\" class=\"yoast-schema-graph\">{\"@context\":\"https:\/\/schema.org\",\"@graph\":[{\"@type\":\"NewsArticle\",\"@id\":\"https:\/\/www.estrategiaconcursos.com.br\/blog\/edital-sedu\/#article\",\"isPartOf\":{\"@id\":\"https:\/\/www.estrategiaconcursos.com.br\/blog\/edital-sedu\/\"},\"author\":{\"name\":\"Fernanda Lima\",\"@id\":\"https:\/\/www.estrategiaconcursos.com.br\/blog\/#\/schema\/person\/5d4ebb838c36e7268ecdb69610a40bce\"},\"headline\":\"Edital SEDU Esp\u00edrito Santo &#8211; Professor: conhe\u00e7a a fundo o certame!\",\"datePublished\":\"2016-07-28T02:22:32+00:00\",\"dateModified\":\"2018-04-24T15:15:31+00:00\",\"mainEntityOfPage\":{\"@id\":\"https:\/\/www.estrategiaconcursos.com.br\/blog\/edital-sedu\/\"},\"wordCount\":781,\"commentCount\":0,\"publisher\":{\"@id\":\"https:\/\/www.estrategiaconcursos.com.br\/blog\/#organization\"},\"image\":{\"@id\":\"https:\/\/www.estrategiaconcursos.com.br\/blog\/edital-sedu\/#primaryimage\"},\"thumbnailUrl\":\"https:\/\/www.estrategiaconcursos.com.br\/blog\/wp-content\/uploads\/2016\/07\/edital-sedu-200x300.gif\",\"keywords\":[\"Professor\",\"Sedu ES\"],\"articleSection\":[\"Concursos P\u00fablicos\",\"Educa\u00e7\u00e3o\"],\"inLanguage\":\"pt-BR\",\"potentialAction\":[{\"@type\":\"CommentAction\",\"name\":\"Comment\",\"target\":[\"https:\/\/www.estrategiaconcursos.com.br\/blog\/edital-sedu\/#respond\"]}],\"copyrightYear\":\"2016\",\"copyrightHolder\":{\"@id\":\"https:\/\/www.estrategiaconcursos.com.br\/blog\/#organization\"}},{\"@type\":\"WebPage\",\"@id\":\"https:\/\/www.estrategiaconcursos.com.br\/blog\/edital-sedu\/\",\"url\":\"https:\/\/www.estrategiaconcursos.com.br\/blog\/edital-sedu\/\",\"name\":\"Edital SEDU Esp\u00edrito Santo - Professor: conhe\u00e7a a fundo o certame!\",\"isPartOf\":{\"@id\":\"https:\/\/www.estrategiaconcursos.com.br\/blog\/#website\"},\"primaryImageOfPage\":{\"@id\":\"https:\/\/www.estrategiaconcursos.com.br\/blog\/edital-sedu\/#primaryimage\"},\"image\":{\"@id\":\"https:\/\/www.estrategiaconcursos.com.br\/blog\/edital-sedu\/#primaryimage\"},\"thumbnailUrl\":\"https:\/\/www.estrategiaconcursos.com.br\/blog\/wp-content\/uploads\/2016\/07\/edital-sedu-200x300.gif\",\"datePublished\":\"2016-07-28T02:22:32+00:00\",\"dateModified\":\"2018-04-24T15:15:31+00:00\",\"description\":\"Edital SEDU\/ES: fique por dentro de tudo o que foi cobrado no \u00faltimo edital, como foram as provas e saia na frente na sua prepara\u00e7\u00e3o.\",\"breadcrumb\":{\"@id\":\"https:\/\/www.estrategiaconcursos.com.br\/blog\/edital-sedu\/#breadcrumb\"},\"inLanguage\":\"pt-BR\",\"potentialAction\":[{\"@type\":\"ReadAction\",\"target\":[\"https:\/\/www.estrategiaconcursos.com.br\/blog\/edital-sedu\/\"]}]},{\"@type\":\"ImageObject\",\"inLanguage\":\"pt-BR\",\"@id\":\"https:\/\/www.estrategiaconcursos.com.br\/blog\/edital-sedu\/#primaryimage\",\"url\":\"https:\/\/dhg1h5j42swfq.cloudfront.net\/2016\/07\/22155436\/edital-sedu.gif\",\"contentUrl\":\"https:\/\/dhg1h5j42swfq.cloudfront.net\/2016\/07\/22155436\/edital-sedu.gif\",\"width\":500,\"height\":749},{\"@type\":\"BreadcrumbList\",\"@id\":\"https:\/\/www.estrategiaconcursos.com.br\/blog\/edital-sedu\/#breadcrumb\",\"itemListElement\":[{\"@type\":\"ListItem\",\"position\":1,\"name\":\"In\u00edcio\",\"item\":\"https:\/\/www.estrategiaconcursos.com.br\/blog\/\"},{\"@type\":\"ListItem\",\"position\":2,\"name\":\"Edital SEDU Esp\u00edrito Santo &#8211; Professor: conhe\u00e7a a fundo o certame!\"}]},{\"@type\":\"WebSite\",\"@id\":\"https:\/\/www.estrategiaconcursos.com.br\/blog\/#website\",\"url\":\"https:\/\/www.estrategiaconcursos.com.br\/blog\/\",\"name\":\"Estrat\u00e9gia Concursos\",\"description\":\"O blog da Estrat\u00e9gia Concursos traz not\u00edcias sobre concursos e artigos de professores oferecendo cursos para concursos (pdf + videaulas) no site.\",\"publisher\":{\"@id\":\"https:\/\/www.estrategiaconcursos.com.br\/blog\/#organization\"},\"potentialAction\":[{\"@type\":\"SearchAction\",\"target\":{\"@type\":\"EntryPoint\",\"urlTemplate\":\"https:\/\/www.estrategiaconcursos.com.br\/blog\/?s={search_term_string}\"},\"query-input\":{\"@type\":\"PropertyValueSpecification\",\"valueRequired\":true,\"valueName\":\"search_term_string\"}}],\"inLanguage\":\"pt-BR\"},{\"@type\":\"Organization\",\"@id\":\"https:\/\/www.estrategiaconcursos.com.br\/blog\/#organization\",\"name\":\"Estrat\u00e9gia Concursos\",\"url\":\"https:\/\/www.estrategiaconcursos.com.br\/blog\/\",\"logo\":{\"@type\":\"ImageObject\",\"inLanguage\":\"pt-BR\",\"@id\":\"https:\/\/www.estrategiaconcursos.com.br\/blog\/#\/schema\/logo\/image\/\",\"url\":\"https:\/\/dhg1h5j42swfq.cloudfront.net\/2025\/06\/03203428\/logo_concursos-1.jpg\",\"contentUrl\":\"https:\/\/dhg1h5j42swfq.cloudfront.net\/2025\/06\/03203428\/logo_concursos-1.jpg\",\"width\":230,\"height\":60,\"caption\":\"Estrat\u00e9gia Concursos\"},\"image\":{\"@id\":\"https:\/\/www.estrategiaconcursos.com.br\/blog\/#\/schema\/logo\/image\/\"},\"sameAs\":[\"https:\/\/x.com\/EstratConcursos\"]},{\"@type\":\"Person\",\"@id\":\"https:\/\/www.estrategiaconcursos.com.br\/blog\/#\/schema\/person\/5d4ebb838c36e7268ecdb69610a40bce\",\"name\":\"Fernanda Lima\",\"image\":{\"@type\":\"ImageObject\",\"inLanguage\":\"pt-BR\",\"@id\":\"https:\/\/secure.gravatar.com\/avatar\/a3b4c6d78711dc76e039bdcfddf6735abbc256395f7becce9441eb63d000a0b6?s=96&d=mm&r=g\",\"url\":\"https:\/\/secure.gravatar.com\/avatar\/a3b4c6d78711dc76e039bdcfddf6735abbc256395f7becce9441eb63d000a0b6?s=96&d=mm&r=g\",\"contentUrl\":\"https:\/\/secure.gravatar.com\/avatar\/a3b4c6d78711dc76e039bdcfddf6735abbc256395f7becce9441eb63d000a0b6?s=96&d=mm&r=g\",\"caption\":\"Fernanda Lima\"},\"url\":\"https:\/\/www.estrategiaconcursos.com.br\/blog\/author\/fernandalimaestrategiaconcursos-com-br\/\"}]}<\/script>\n<!-- \/ Yoast SEO Premium plugin. -->","yoast_head_json":{"title":"Edital SEDU Esp\u00edrito Santo - Professor: conhe\u00e7a a fundo o certame!","description":"Edital SEDU\/ES: fique por dentro de tudo o que foi cobrado no \u00faltimo edital, como foram as provas e saia na frente na sua prepara\u00e7\u00e3o.","robots":{"index":"index","follow":"follow","max-snippet":"max-snippet:-1","max-image-preview":"max-image-preview:large","max-video-preview":"max-video-preview:-1"},"canonical":"https:\/\/www.estrategiaconcursos.com.br\/blog\/edital-sedu\/","og_locale":"pt_BR","og_type":"article","og_title":"Edital SEDU Esp\u00edrito Santo - Professor: conhe\u00e7a a fundo o certame!","og_description":"Edital SEDU\/ES: fique por dentro de tudo o que foi cobrado no \u00faltimo edital, como foram as provas e saia na frente na sua prepara\u00e7\u00e3o.","og_url":"https:\/\/www.estrategiaconcursos.com.br\/blog\/edital-sedu\/","og_site_name":"Estrat\u00e9gia Concursos","article_published_time":"2016-07-28T02:22:32+00:00","article_modified_time":"2018-04-24T15:15:31+00:00","og_image":[{"url":"https:\/\/www.estrategiaconcursos.com.br\/blog\/wp-content\/uploads\/2016\/07\/edital-sedu-200x300.gif","type":"","width":"","height":""}],"author":"Fernanda Lima","twitter_card":"summary_large_image","twitter_creator":"@EstratConcursos","twitter_site":"@EstratConcursos","twitter_misc":{"Escrito por":"Fernanda Lima","Est. tempo de leitura":"4 minutos"},"schema":{"@context":"https:\/\/schema.org","@graph":[{"@type":"NewsArticle","@id":"https:\/\/www.estrategiaconcursos.com.br\/blog\/edital-sedu\/#article","isPartOf":{"@id":"https:\/\/www.estrategiaconcursos.com.br\/blog\/edital-sedu\/"},"author":{"name":"Fernanda Lima","@id":"https:\/\/www.estrategiaconcursos.com.br\/blog\/#\/schema\/person\/5d4ebb838c36e7268ecdb69610a40bce"},"headline":"Edital SEDU Esp\u00edrito Santo &#8211; Professor: conhe\u00e7a a fundo o certame!","datePublished":"2016-07-28T02:22:32+00:00","dateModified":"2018-04-24T15:15:31+00:00","mainEntityOfPage":{"@id":"https:\/\/www.estrategiaconcursos.com.br\/blog\/edital-sedu\/"},"wordCount":781,"commentCount":0,"publisher":{"@id":"https:\/\/www.estrategiaconcursos.com.br\/blog\/#organization"},"image":{"@id":"https:\/\/www.estrategiaconcursos.com.br\/blog\/edital-sedu\/#primaryimage"},"thumbnailUrl":"https:\/\/www.estrategiaconcursos.com.br\/blog\/wp-content\/uploads\/2016\/07\/edital-sedu-200x300.gif","keywords":["Professor","Sedu ES"],"articleSection":["Concursos P\u00fablicos","Educa\u00e7\u00e3o"],"inLanguage":"pt-BR","potentialAction":[{"@type":"CommentAction","name":"Comment","target":["https:\/\/www.estrategiaconcursos.com.br\/blog\/edital-sedu\/#respond"]}],"copyrightYear":"2016","copyrightHolder":{"@id":"https:\/\/www.estrategiaconcursos.com.br\/blog\/#organization"}},{"@type":"WebPage","@id":"https:\/\/www.estrategiaconcursos.com.br\/blog\/edital-sedu\/","url":"https:\/\/www.estrategiaconcursos.com.br\/blog\/edital-sedu\/","name":"Edital SEDU Esp\u00edrito Santo - Professor: conhe\u00e7a a fundo o certame!","isPartOf":{"@id":"https:\/\/www.estrategiaconcursos.com.br\/blog\/#website"},"primaryImageOfPage":{"@id":"https:\/\/www.estrategiaconcursos.com.br\/blog\/edital-sedu\/#primaryimage"},"image":{"@id":"https:\/\/www.estrategiaconcursos.com.br\/blog\/edital-sedu\/#primaryimage"},"thumbnailUrl":"https:\/\/www.estrategiaconcursos.com.br\/blog\/wp-content\/uploads\/2016\/07\/edital-sedu-200x300.gif","datePublished":"2016-07-28T02:22:32+00:00","dateModified":"2018-04-24T15:15:31+00:00","description":"Edital SEDU\/ES: fique por dentro de tudo o que foi cobrado no \u00faltimo edital, como foram as provas e saia na frente na sua prepara\u00e7\u00e3o.","breadcrumb":{"@id":"https:\/\/www.estrategiaconcursos.com.br\/blog\/edital-sedu\/#breadcrumb"},"inLanguage":"pt-BR","potentialAction":[{"@type":"ReadAction","target":["https:\/\/www.estrategiaconcursos.com.br\/blog\/edital-sedu\/"]}]},{"@type":"ImageObject","inLanguage":"pt-BR","@id":"https:\/\/www.estrategiaconcursos.com.br\/blog\/edital-sedu\/#primaryimage","url":"https:\/\/dhg1h5j42swfq.cloudfront.net\/2016\/07\/22155436\/edital-sedu.gif","contentUrl":"https:\/\/dhg1h5j42swfq.cloudfront.net\/2016\/07\/22155436\/edital-sedu.gif","width":500,"height":749},{"@type":"BreadcrumbList","@id":"https:\/\/www.estrategiaconcursos.com.br\/blog\/edital-sedu\/#breadcrumb","itemListElement":[{"@type":"ListItem","position":1,"name":"In\u00edcio","item":"https:\/\/www.estrategiaconcursos.com.br\/blog\/"},{"@type":"ListItem","position":2,"name":"Edital SEDU Esp\u00edrito Santo &#8211; Professor: conhe\u00e7a a fundo o certame!"}]},{"@type":"WebSite","@id":"https:\/\/www.estrategiaconcursos.com.br\/blog\/#website","url":"https:\/\/www.estrategiaconcursos.com.br\/blog\/","name":"Estrat\u00e9gia Concursos","description":"O blog da Estrat\u00e9gia Concursos traz not\u00edcias sobre concursos e artigos de professores oferecendo cursos para concursos (pdf + videaulas) no site.","publisher":{"@id":"https:\/\/www.estrategiaconcursos.com.br\/blog\/#organization"},"potentialAction":[{"@type":"SearchAction","target":{"@type":"EntryPoint","urlTemplate":"https:\/\/www.estrategiaconcursos.com.br\/blog\/?s={search_term_string}"},"query-input":{"@type":"PropertyValueSpecification","valueRequired":true,"valueName":"search_term_string"}}],"inLanguage":"pt-BR"},{"@type":"Organization","@id":"https:\/\/www.estrategiaconcursos.com.br\/blog\/#organization","name":"Estrat\u00e9gia Concursos","url":"https:\/\/www.estrategiaconcursos.com.br\/blog\/","logo":{"@type":"ImageObject","inLanguage":"pt-BR","@id":"https:\/\/www.estrategiaconcursos.com.br\/blog\/#\/schema\/logo\/image\/","url":"https:\/\/dhg1h5j42swfq.cloudfront.net\/2025\/06\/03203428\/logo_concursos-1.jpg","contentUrl":"https:\/\/dhg1h5j42swfq.cloudfront.net\/2025\/06\/03203428\/logo_concursos-1.jpg","width":230,"height":60,"caption":"Estrat\u00e9gia Concursos"},"image":{"@id":"https:\/\/www.estrategiaconcursos.com.br\/blog\/#\/schema\/logo\/image\/"},"sameAs":["https:\/\/x.com\/EstratConcursos"]},{"@type":"Person","@id":"https:\/\/www.estrategiaconcursos.com.br\/blog\/#\/schema\/person\/5d4ebb838c36e7268ecdb69610a40bce","name":"Fernanda Lima","image":{"@type":"ImageObject","inLanguage":"pt-BR","@id":"https:\/\/secure.gravatar.com\/avatar\/a3b4c6d78711dc76e039bdcfddf6735abbc256395f7becce9441eb63d000a0b6?s=96&d=mm&r=g","url":"https:\/\/secure.gravatar.com\/avatar\/a3b4c6d78711dc76e039bdcfddf6735abbc256395f7becce9441eb63d000a0b6?s=96&d=mm&r=g","contentUrl":"https:\/\/secure.gravatar.com\/avatar\/a3b4c6d78711dc76e039bdcfddf6735abbc256395f7becce9441eb63d000a0b6?s=96&d=mm&r=g","caption":"Fernanda Lima"},"url":"https:\/\/www.estrategiaconcursos.com.br\/blog\/author\/fernandalimaestrategiaconcursos-com-br\/"}]}},"_links":{"self":[{"href":"https:\/\/www.estrategiaconcursos.com.br\/blog\/wp-json\/wp\/v2\/posts\/44080","targetHints":{"allow":["GET"]}}],"collection":[{"href":"https:\/\/www.estrategiaconcursos.com.br\/blog\/wp-json\/wp\/v2\/posts"}],"about":[{"href":"https:\/\/www.estrategiaconcursos.com.br\/blog\/wp-json\/wp\/v2\/types\/post"}],"author":[{"embeddable":true,"href":"https:\/\/www.estrategiaconcursos.com.br\/blog\/wp-json\/wp\/v2\/users\/126"}],"replies":[{"embeddable":true,"href":"https:\/\/www.estrategiaconcursos.com.br\/blog\/wp-json\/wp\/v2\/comments?post=44080"}],"version-history":[{"count":13,"href":"https:\/\/www.estrategiaconcursos.com.br\/blog\/wp-json\/wp\/v2\/posts\/44080\/revisions"}],"predecessor-version":[{"id":117993,"href":"https:\/\/www.estrategiaconcursos.com.br\/blog\/wp-json\/wp\/v2\/posts\/44080\/revisions\/117993"}],"wp:attachment":[{"href":"https:\/\/www.estrategiaconcursos.com.br\/blog\/wp-json\/wp\/v2\/media?parent=44080"}],"wp:term":[{"taxonomy":"category","embeddable":true,"href":"https:\/\/www.estrategiaconcursos.com.br\/blog\/wp-json\/wp\/v2\/categories?post=44080"},{"taxonomy":"post_tag","embeddable":true,"href":"https:\/\/www.estrategiaconcursos.com.br\/blog\/wp-json\/wp\/v2\/tags?post=44080"},{"taxonomy":"tax_estado","embeddable":true,"href":"https:\/\/www.estrategiaconcursos.com.br\/blog\/wp-json\/wp\/v2\/tax_estado?post=44080"}],"curies":[{"name":"wp","href":"https:\/\/api.w.org\/{rel}","templated":true}]}}