{"id":440222,"date":"2019-10-26T06:39:30","date_gmt":"2019-10-26T09:39:30","guid":{"rendered":"https:\/\/www.estrategiaconcursos.com.br\/blog\/?p=440222"},"modified":"2019-10-26T07:50:31","modified_gmt":"2019-10-26T10:50:31","slug":"como-e-morar-em-brasilia","status":"publish","type":"post","link":"https:\/\/www.estrategiaconcursos.com.br\/blog\/como-e-morar-em-brasilia\/","title":{"rendered":"Como \u00e9 morar em Bras\u00edlia?"},"content":{"rendered":"\n<p>H\u00e1 um tempo escrevi um artigo sobre <a href=\"https:\/\/www.estrategiaconcursos.com.br\/blog\/como-e-morar-em-recife\/\" target=\"_blank\" rel=\"noreferrer noopener\" aria-label=\"como \u00e9 morar em Recife (abre numa nova aba)\">como \u00e9 morar em Recife<\/a>, e desde ent\u00e3o frequentemente recebo perguntas de alunos sobre como \u00e9 morar em Bras\u00edlia. J\u00e1 falei mais de uma vez que sou apaixonado pelo cerrado, e por isso resolvi escrever este artigo em que compartilho TUDO que aprendi durante os 7 anos em que morei na capital federal.<\/p>\n\n\n\n<p>Voc\u00ea j\u00e1 sabe que Bras\u00edlia \u00e9 a capital federal, mas muitos n\u00e3o sabem que ela \u00e9 uma regi\u00e3o administrativa do Distrito Federal. Al\u00e9m de Bras\u00edlia h\u00e1 outras regi\u00f5es administrativas, mas normalmente dizemos que moramos em Bras\u00edlia mesmo quando residimos em outras regi\u00f5es do Distrito Federal.<\/p>\n\n\n\n<p><strong><em>MINHA EXPERI\u00caNCIA EM BRAS\u00cdLIA<\/em><\/strong><\/p>\n\n\n\n<p>Este n\u00e3o \u00e9 um artigo imparcial. Eu amo Bras\u00edlia, de cora\u00e7\u00e3o. N\u00e3o moro mais l\u00e1, mas \u00e9 uma cidade em que me sinto em casa, e que me deu muitos amigos e dois filhos. Morar em Bras\u00edlia foi uma experi\u00eancia muito boa para mim, e por isso fico irritado quando algu\u00e9m fala mal dessa cidade querida!<\/p>\n\n\n\n<p>Morei em Bras\u00edlia de agosto de 2010 a janeiro de 2018, em exatamente 5 lugares diferentes. Moramos por 2 anos no Setor Sudoeste, 5 anos em \u00c1guas Claras, e 1 ano na Asa Sul.<\/p>\n\n\n\n<p><strong><em>CLIMA<\/em><\/strong><\/p>\n\n\n\n<p>Muitas pessoas, principalmente quem vem de regi\u00f5es litor\u00e2neas ou outros lugares mais \u00famidos, relata dificuldades com o clima seco do cerrado. Para quem n\u00e3o tem familiaridade com o clima, morar em Bras\u00edlia significa aprender a conviver com o umidificador! rs!<\/p>\n\n\n\n<p>H\u00e1 uma \u00e9poca do ano em que simplesmente n\u00e3o chove (apelidada carinhosamente de &#8220;seca&#8221;), mais ou menos entre julho e outubro. Setembro realmente \u00e9 um m\u00eas dif\u00edcil, com muito calor e pouqu\u00edssima umidade. Nessa \u00e9poca do ano realmente \u00e9 preciso usar umidificadores, ao menos para dormir.<\/p>\n\n\n\n<p>No restante do ano considero o clima muito mais agrad\u00e1vel do que em Recife (onde morei grande parte da vida). O clima mais seco favorece quem gosta de andar na rua (voc\u00ea n\u00e3o sua tanto), e a temperatura em geral \u00e9 mais amena. Que saudade de andar pelas quadras de Bras\u00edlia&#8230;!<\/p>\n\n\n\n<p><strong><em>CUSTO DE VIDA<\/em><\/strong><\/p>\n\n\n\n<p>Morar em Bras\u00edlia \u00e9 caro? Depende.<\/p>\n\n\n\n<p>Para quem vem de grandes capitais o custo de vida em Bras\u00edlia n\u00e3o assusta, mas quem vem de cidades menores precisa se preparar.<\/p>\n\n\n\n<p>Quando mudei de Recife para Bras\u00edlia, em 2010, essa diferen\u00e7a de custo de vida era muito grande. Lembro de ter ficado assombrado vendo pre\u00e7os de comida no supermercado ou de refei\u00e7\u00f5es em restaurantes. Por outro lado, quando voltei para Recife, percebi que a diferen\u00e7a foi muito menor, apesar de Bras\u00edlia ainda ser um pouco mais cara, de maneira geral.<\/p>\n\n\n\n<p><strong><em>ONDE OS SERVIDORES TRABALHAM<\/em><\/strong><\/p>\n\n\n\n<p>Morar em Bras\u00edlia \u00e9 esbarrar em \u00f3rg\u00e3os p\u00fablicos o tempo inteiro. Eles est\u00e3o espalhados pela cidade, mas muitos se concentram na regi\u00e3o da Esplanada dos Minist\u00e9rios.<\/p>\n\n\n\n<figure class=\"wp-block-image\"><img decoding=\"async\" src=\"http:\/\/portal.iphan.gov.br\/uploads\/ckfinder\/images\/Diversas\/DF_Brasilia\/02_esplanada_dos_ministerios__brasilia_df_foto_acervo_iphan.jpg\" alt=\"Resultado de imagem para esplanada dos minist\u00e9rios\" \/><figcaption>Esplanada dos Minist\u00e9rios<\/figcaption><\/figure>\n\n\n\n<p>A Esplanada \u00e9 muito bonita! Nesta regi\u00e3o ficam v\u00e1rios minist\u00e9rios (n\u00e3o todos!), autarquias (existe o Setor de Autarquias, que \u00e9 pr\u00f3ximo \u00e0 Esplanada), Tribunais Superiores e uma infinidade de outros \u00f3rg\u00e3os e entidades.<\/p>\n\n\n\n<p>O acesso \u00e0 Esplanada pode ser feito por metr\u00f4 (na Esta\u00e7\u00e3o da Rodovi\u00e1ria do Plano Piloto), e alguns \u00f3rg\u00e3os t\u00eam vans que buscam os servidores l\u00e1. Estacionamento pode ser um problema, mas h\u00e1 muitas vagas na Esplanada, com alguns \u00f3rg\u00e3os tendo estacionamentos privativos para todos os servidores.<\/p>\n\n\n\n<p><strong><em>ONDE OS SERVIDORES MORAM<\/em><\/strong><\/p>\n\n\n\n<p>Agora \u00e9 a hora da verdade! Morar em Bras\u00edlia envolve a delicada escolha pela resid\u00eancia. Vou trazer aqui algumas informa\u00e7\u00f5es sobre os lugares onde eu e minha fam\u00edlia moramos, e onde nossos amigos servidores moram, ok?<\/p>\n\n\n\n<p>A <strong>Asa Sul<\/strong> e a <strong>Asa Norte<\/strong> s\u00e3o as &#8220;asas do avi\u00e3o&#8221;. Nessas regi\u00f5es temos muitos apartamentos, organizados nas famosas superquadras. Na regi\u00e3o mais central voc\u00ea pode ir a p\u00e9 at\u00e9 a Esplanada, e nas extremidades precisar\u00e1 dirigir por 10 ou 15 minutos at\u00e9 chegar em casa.<\/p>\n\n\n\n<p>As superquadras (SQS e SQN) s\u00e3o formadas por alguns blocos (pr\u00e9dios), normalmente de 6 andares. Os tamanhos dos apartamentos variam muito, desde quitenetes at\u00e9 apartamentos de 4 quartos. Normalmente as quadras s\u00e3o bastante arborizadas e agrad\u00e1veis e t\u00eam parquinhos para as crian\u00e7as.<\/p>\n\n\n\n<p>Entre as superquadras temos as quadras comerciais (CLS e CLN), onde voc\u00ea encontrar todo tipo de com\u00e9rcio. Algumas comerciais s\u00e3o conhecidas por concentrarem estabelecimentos de um ramo espec\u00edfico (tem a rua das farm\u00e1cias, a rua das el\u00e9tricas, a rua das lojas de tecido, e por a\u00ed vai&#8230;).<\/p>\n\n\n\n<figure class=\"wp-block-image\"><img loading=\"lazy\" decoding=\"async\" width=\"1805\" height=\"724\" src=\"https:\/\/dhg1h5j42swfq.cloudfront.net\/2019\/10\/25172107\/image160.png\" alt=\"\" class=\"wp-image-440269\" srcset=\"https:\/\/dhg1h5j42swfq.cloudfront.net\/2019\/10\/25172107\/image160.png 1805w, https:\/\/dhg1h5j42swfq.cloudfront.net\/2019\/10\/25172107\/image160.png 300w, https:\/\/dhg1h5j42swfq.cloudfront.net\/2019\/10\/25172107\/image160.png 768w, https:\/\/dhg1h5j42swfq.cloudfront.net\/2019\/10\/25172107\/image160.png 1024w, https:\/\/dhg1h5j42swfq.cloudfront.net\/2019\/10\/25172107\/image160.png 610w\" sizes=\"auto, (max-width: 1805px) 100vw, 1805px\" \/><figcaption>Rua das El\u00e9tricas (CLS 109\/110)<\/figcaption><\/figure>\n\n\n\n<p>Outro local que \u00e9 muito querido pelos servidores \u00e9 o <strong>Setor Sudoeste<\/strong>, onde moramos nos primeiros anos. \u00c9 uma regi\u00e3o mais nova do que a Asa Sul e a Asa Norte, e tem muitos apartamentos pequenos \u00f3timos para quem \u00e9 solteiro ou casais sem filhos. Era o nosso caso, e quando descobrimos que ir\u00edamos ganhar o primeiro herdeiro nos mudamos para \u00c1guas Claras.<\/p>\n\n\n\n<p>Ainda nas regi\u00f5es mais pr\u00f3ximas \u00e0 Esplanada temos o <strong>Lago Sul <\/strong>e o <strong>Lago Norte<\/strong>, regi\u00f5es que contam com muitas casas, mas que tamb\u00e9m tem alguns apartamentos. Tamb\u00e9m s\u00e3o lugares bem agrad\u00e1veis para se morar.<\/p>\n\n\n\n<p>Quando nos afastamos um pouco mais do Plano Piloto acredito que as duas cidades que s\u00e3o campe\u00e3s de prefer\u00eancia entre os servidores s\u00e3o Guar\u00e1 e \u00c1guas Claras.<\/p>\n\n\n\n<p>O <strong>Guar\u00e1<\/strong> \u00e9 um pouco mais pr\u00f3ximo (cerca de 17km at\u00e9 a Esplanada), mas tamb\u00e9m \u00e9 um pouco mais antiga. <strong>\u00c1guas Claras<\/strong> \u00e9 um pouco mais distante (cerca de 23km), mas \u00e9 uma regi\u00e3o mais nova e com uma oferta maior de im\u00f3veis. Nestas duas cidades \u00e9 poss\u00edvel encontrar muitas jovens fam\u00edlias, com crian\u00e7as pequenas. Essas duas cidades tamb\u00e9m t\u00eam muito com\u00e9rcio, e raramente voc\u00ea vai precisar sair de l\u00e1 para resolver algo do dia a dia.<\/p>\n\n\n\n<p><strong><em>PRE\u00c7OS DE MORADIAS<\/em><\/strong><\/p>\n\n\n\n<p>Para checar pre\u00e7os de aluguel ou de venda de im\u00f3veis sugiro que voc\u00ea d\u00ea uma conferida no site <a rel=\"noreferrer noopener\" aria-label=\"www.wimoveis.com.br (abre numa nova aba)\" href=\"http:\/\/www.wimoveis.com.br\" target=\"_blank\">www.wimoveis.com.br<\/a>. \u00c9 um marketplace imobili\u00e1rio muito popular em Bras\u00edlia, e serve para voc\u00ea ter uma boa ideia dos pre\u00e7os.<\/p>\n\n\n\n<p>Uma dica de amigo, para quando voc\u00ea decidir morar em Bras\u00edlia: d\u00ea uma passada nas portarias dos pr\u00e9dios e pergunte se tem apartamento para alugar. Muitos propriet\u00e1rios preferem negociar diretamente com o interessado, e neste caso preferem colocar placas e cartazes dentro do condom\u00ednio.<\/p>\n\n\n\n<p>Espero ter ajudado voc\u00ea que pensa em morar em Bras\u00edlia. Se quiser conversar sobre isso deixe seu coment\u00e1rio aqui embaixo. Voc\u00ea tamb\u00e9m pode me encontrar l\u00e1 no <a rel=\"noreferrer noopener\" aria-label=\"instagram  (abre numa nova aba)\" href=\"http:\/\/www.instagram.com\/profpauloguimaraes\" target=\"_blank\">instagram <\/a>e tamb\u00e9m no <a href=\"http:\/\/www.youtube.com\/professorpauloguimaraes\" target=\"_blank\" rel=\"noreferrer noopener\" aria-label=\"YouTube (abre numa nova aba)\">YouTube<\/a>!<\/p>\n","protected":false},"excerpt":{"rendered":"<p>H\u00e1 um tempo escrevi um artigo sobre como \u00e9 morar em Recife, e desde ent\u00e3o frequentemente recebo perguntas de alunos sobre como \u00e9 morar em Bras\u00edlia. J\u00e1 falei mais de uma vez que sou apaixonado pelo cerrado, e por isso resolvi escrever este artigo em que compartilho TUDO que aprendi durante os 7 anos em [&hellip;]<\/p>\n","protected":false},"author":99,"featured_media":0,"comment_status":"open","ping_status":"closed","sticky":false,"template":"","format":"standard","meta":{"post_tipo":"article","footnotes":""},"categories":[1],"tags":[],"tax_estado":[],"class_list":["post-440222","post","type-post","status-publish","format-standard","hentry","category-cursos-e-concursos"],"acf":[],"yoast_head":"<!-- This site is optimized with the Yoast SEO Premium plugin v27.2 (Yoast SEO v27.2) - https:\/\/yoast.com\/product\/yoast-seo-premium-wordpress\/ -->\n<title>Como \u00e9 morar em Bras\u00edlia? Saiba tudo sobre a capital federal!<\/title>\n<meta name=\"description\" content=\"Neste artigo o Professor Paulo Guimar\u00e3es explica em detalhes como \u00e9 morar em Bras\u00edlia, onde trabalhar, onde morar e mais informa\u00e7\u00f5es sobre a cidade.\" \/>\n<meta name=\"robots\" content=\"index, follow, max-snippet:-1, max-image-preview:large, max-video-preview:-1\" \/>\n<link rel=\"canonical\" href=\"https:\/\/www.estrategiaconcursos.com.br\/blog\/como-e-morar-em-brasilia\/\" \/>\n<meta property=\"og:locale\" content=\"pt_BR\" \/>\n<meta property=\"og:type\" content=\"article\" \/>\n<meta property=\"og:title\" content=\"Como \u00e9 morar em Bras\u00edlia?\" \/>\n<meta property=\"og:description\" content=\"Neste artigo o Professor Paulo Guimar\u00e3es explica em detalhes como \u00e9 morar em Bras\u00edlia, onde trabalhar, onde morar e mais informa\u00e7\u00f5es sobre a cidade.\" \/>\n<meta property=\"og:url\" content=\"https:\/\/www.estrategiaconcursos.com.br\/blog\/como-e-morar-em-brasilia\/\" \/>\n<meta property=\"og:site_name\" content=\"Estrat\u00e9gia Concursos\" \/>\n<meta property=\"article:published_time\" content=\"2019-10-26T09:39:30+00:00\" \/>\n<meta property=\"article:modified_time\" content=\"2019-10-26T10:50:31+00:00\" \/>\n<meta property=\"og:image\" content=\"http:\/\/portal.iphan.gov.br\/uploads\/ckfinder\/images\/Diversas\/DF_Brasilia\/02_esplanada_dos_ministerios__brasilia_df_foto_acervo_iphan.jpg\" \/>\n<meta name=\"author\" content=\"Paulo Guimar\u00e3es\" \/>\n<meta name=\"twitter:card\" content=\"summary_large_image\" \/>\n<meta name=\"twitter:creator\" content=\"@EstratConcursos\" \/>\n<meta name=\"twitter:site\" content=\"@EstratConcursos\" \/>\n<meta name=\"twitter:label1\" content=\"Escrito por\" \/>\n\t<meta name=\"twitter:data1\" content=\"Paulo Guimar\u00e3es\" \/>\n\t<meta name=\"twitter:label2\" content=\"Est. tempo de leitura\" \/>\n\t<meta name=\"twitter:data2\" content=\"6 minutos\" \/>\n<script type=\"application\/ld+json\" class=\"yoast-schema-graph\">{\"@context\":\"https:\/\/schema.org\",\"@graph\":[{\"@type\":\"NewsArticle\",\"@id\":\"https:\/\/www.estrategiaconcursos.com.br\/blog\/como-e-morar-em-brasilia\/#article\",\"isPartOf\":{\"@id\":\"https:\/\/www.estrategiaconcursos.com.br\/blog\/como-e-morar-em-brasilia\/\"},\"author\":{\"name\":\"Paulo Guimar\u00e3es\",\"@id\":\"https:\/\/www.estrategiaconcursos.com.br\/blog\/#\/schema\/person\/80ff9f9f52e43a90b6efd99f2869d22b\"},\"headline\":\"Como \u00e9 morar em Bras\u00edlia?\",\"datePublished\":\"2019-10-26T09:39:30+00:00\",\"dateModified\":\"2019-10-26T10:50:31+00:00\",\"mainEntityOfPage\":{\"@id\":\"https:\/\/www.estrategiaconcursos.com.br\/blog\/como-e-morar-em-brasilia\/\"},\"wordCount\":1123,\"commentCount\":14,\"publisher\":{\"@id\":\"https:\/\/www.estrategiaconcursos.com.br\/blog\/#organization\"},\"image\":{\"@id\":\"https:\/\/www.estrategiaconcursos.com.br\/blog\/como-e-morar-em-brasilia\/#primaryimage\"},\"thumbnailUrl\":\"http:\/\/portal.iphan.gov.br\/uploads\/ckfinder\/images\/Diversas\/DF_Brasilia\/02_esplanada_dos_ministerios__brasilia_df_foto_acervo_iphan.jpg\",\"articleSection\":[\"Concursos P\u00fablicos\"],\"inLanguage\":\"pt-BR\",\"potentialAction\":[{\"@type\":\"CommentAction\",\"name\":\"Comment\",\"target\":[\"https:\/\/www.estrategiaconcursos.com.br\/blog\/como-e-morar-em-brasilia\/#respond\"]}],\"copyrightYear\":\"2019\",\"copyrightHolder\":{\"@id\":\"https:\/\/www.estrategiaconcursos.com.br\/blog\/#organization\"}},{\"@type\":\"WebPage\",\"@id\":\"https:\/\/www.estrategiaconcursos.com.br\/blog\/como-e-morar-em-brasilia\/\",\"url\":\"https:\/\/www.estrategiaconcursos.com.br\/blog\/como-e-morar-em-brasilia\/\",\"name\":\"Como \u00e9 morar em Bras\u00edlia? Saiba tudo sobre a capital federal!\",\"isPartOf\":{\"@id\":\"https:\/\/www.estrategiaconcursos.com.br\/blog\/#website\"},\"primaryImageOfPage\":{\"@id\":\"https:\/\/www.estrategiaconcursos.com.br\/blog\/como-e-morar-em-brasilia\/#primaryimage\"},\"image\":{\"@id\":\"https:\/\/www.estrategiaconcursos.com.br\/blog\/como-e-morar-em-brasilia\/#primaryimage\"},\"thumbnailUrl\":\"http:\/\/portal.iphan.gov.br\/uploads\/ckfinder\/images\/Diversas\/DF_Brasilia\/02_esplanada_dos_ministerios__brasilia_df_foto_acervo_iphan.jpg\",\"datePublished\":\"2019-10-26T09:39:30+00:00\",\"dateModified\":\"2019-10-26T10:50:31+00:00\",\"description\":\"Neste artigo o Professor Paulo Guimar\u00e3es explica em detalhes como \u00e9 morar em Bras\u00edlia, onde trabalhar, onde morar e mais informa\u00e7\u00f5es sobre a cidade.\",\"breadcrumb\":{\"@id\":\"https:\/\/www.estrategiaconcursos.com.br\/blog\/como-e-morar-em-brasilia\/#breadcrumb\"},\"inLanguage\":\"pt-BR\",\"potentialAction\":[{\"@type\":\"ReadAction\",\"target\":[\"https:\/\/www.estrategiaconcursos.com.br\/blog\/como-e-morar-em-brasilia\/\"]}]},{\"@type\":\"ImageObject\",\"inLanguage\":\"pt-BR\",\"@id\":\"https:\/\/www.estrategiaconcursos.com.br\/blog\/como-e-morar-em-brasilia\/#primaryimage\",\"url\":\"http:\/\/portal.iphan.gov.br\/uploads\/ckfinder\/images\/Diversas\/DF_Brasilia\/02_esplanada_dos_ministerios__brasilia_df_foto_acervo_iphan.jpg\",\"contentUrl\":\"http:\/\/portal.iphan.gov.br\/uploads\/ckfinder\/images\/Diversas\/DF_Brasilia\/02_esplanada_dos_ministerios__brasilia_df_foto_acervo_iphan.jpg\"},{\"@type\":\"BreadcrumbList\",\"@id\":\"https:\/\/www.estrategiaconcursos.com.br\/blog\/como-e-morar-em-brasilia\/#breadcrumb\",\"itemListElement\":[{\"@type\":\"ListItem\",\"position\":1,\"name\":\"In\u00edcio\",\"item\":\"https:\/\/www.estrategiaconcursos.com.br\/blog\/\"},{\"@type\":\"ListItem\",\"position\":2,\"name\":\"Como \u00e9 morar em Bras\u00edlia?\"}]},{\"@type\":\"WebSite\",\"@id\":\"https:\/\/www.estrategiaconcursos.com.br\/blog\/#website\",\"url\":\"https:\/\/www.estrategiaconcursos.com.br\/blog\/\",\"name\":\"Estrat\u00e9gia Concursos\",\"description\":\"O blog da Estrat\u00e9gia Concursos traz not\u00edcias sobre concursos e artigos de professores oferecendo cursos para concursos (pdf + videaulas) no site.\",\"publisher\":{\"@id\":\"https:\/\/www.estrategiaconcursos.com.br\/blog\/#organization\"},\"potentialAction\":[{\"@type\":\"SearchAction\",\"target\":{\"@type\":\"EntryPoint\",\"urlTemplate\":\"https:\/\/www.estrategiaconcursos.com.br\/blog\/?s={search_term_string}\"},\"query-input\":{\"@type\":\"PropertyValueSpecification\",\"valueRequired\":true,\"valueName\":\"search_term_string\"}}],\"inLanguage\":\"pt-BR\"},{\"@type\":\"Organization\",\"@id\":\"https:\/\/www.estrategiaconcursos.com.br\/blog\/#organization\",\"name\":\"Estrat\u00e9gia Concursos\",\"url\":\"https:\/\/www.estrategiaconcursos.com.br\/blog\/\",\"logo\":{\"@type\":\"ImageObject\",\"inLanguage\":\"pt-BR\",\"@id\":\"https:\/\/www.estrategiaconcursos.com.br\/blog\/#\/schema\/logo\/image\/\",\"url\":\"https:\/\/dhg1h5j42swfq.cloudfront.net\/2025\/06\/03203428\/logo_concursos-1.jpg\",\"contentUrl\":\"https:\/\/dhg1h5j42swfq.cloudfront.net\/2025\/06\/03203428\/logo_concursos-1.jpg\",\"width\":230,\"height\":60,\"caption\":\"Estrat\u00e9gia Concursos\"},\"image\":{\"@id\":\"https:\/\/www.estrategiaconcursos.com.br\/blog\/#\/schema\/logo\/image\/\"},\"sameAs\":[\"https:\/\/x.com\/EstratConcursos\"]},{\"@type\":\"Person\",\"@id\":\"https:\/\/www.estrategiaconcursos.com.br\/blog\/#\/schema\/person\/80ff9f9f52e43a90b6efd99f2869d22b\",\"name\":\"Paulo Guimar\u00e3es\",\"image\":{\"@type\":\"ImageObject\",\"inLanguage\":\"pt-BR\",\"@id\":\"https:\/\/secure.gravatar.com\/avatar\/08d24bbaa2d103a1d6aba72ee81baa1680267436588d5d9cfb8d32c3aa4ca278?s=96&d=mm&r=g\",\"url\":\"https:\/\/secure.gravatar.com\/avatar\/08d24bbaa2d103a1d6aba72ee81baa1680267436588d5d9cfb8d32c3aa4ca278?s=96&d=mm&r=g\",\"contentUrl\":\"https:\/\/secure.gravatar.com\/avatar\/08d24bbaa2d103a1d6aba72ee81baa1680267436588d5d9cfb8d32c3aa4ca278?s=96&d=mm&r=g\",\"caption\":\"Paulo Guimar\u00e3es\"},\"url\":\"https:\/\/www.estrategiaconcursos.com.br\/blog\/author\/pauloguimaraesestrategiaconcursos-com-br\/\"}]}<\/script>\n<!-- \/ Yoast SEO Premium plugin. -->","yoast_head_json":{"title":"Como \u00e9 morar em Bras\u00edlia? Saiba tudo sobre a capital federal!","description":"Neste artigo o Professor Paulo Guimar\u00e3es explica em detalhes como \u00e9 morar em Bras\u00edlia, onde trabalhar, onde morar e mais informa\u00e7\u00f5es sobre a cidade.","robots":{"index":"index","follow":"follow","max-snippet":"max-snippet:-1","max-image-preview":"max-image-preview:large","max-video-preview":"max-video-preview:-1"},"canonical":"https:\/\/www.estrategiaconcursos.com.br\/blog\/como-e-morar-em-brasilia\/","og_locale":"pt_BR","og_type":"article","og_title":"Como \u00e9 morar em Bras\u00edlia?","og_description":"Neste artigo o Professor Paulo Guimar\u00e3es explica em detalhes como \u00e9 morar em Bras\u00edlia, onde trabalhar, onde morar e mais informa\u00e7\u00f5es sobre a cidade.","og_url":"https:\/\/www.estrategiaconcursos.com.br\/blog\/como-e-morar-em-brasilia\/","og_site_name":"Estrat\u00e9gia Concursos","article_published_time":"2019-10-26T09:39:30+00:00","article_modified_time":"2019-10-26T10:50:31+00:00","og_image":[{"url":"http:\/\/portal.iphan.gov.br\/uploads\/ckfinder\/images\/Diversas\/DF_Brasilia\/02_esplanada_dos_ministerios__brasilia_df_foto_acervo_iphan.jpg","type":"","width":"","height":""}],"author":"Paulo Guimar\u00e3es","twitter_card":"summary_large_image","twitter_creator":"@EstratConcursos","twitter_site":"@EstratConcursos","twitter_misc":{"Escrito por":"Paulo Guimar\u00e3es","Est. tempo de leitura":"6 minutos"},"schema":{"@context":"https:\/\/schema.org","@graph":[{"@type":"NewsArticle","@id":"https:\/\/www.estrategiaconcursos.com.br\/blog\/como-e-morar-em-brasilia\/#article","isPartOf":{"@id":"https:\/\/www.estrategiaconcursos.com.br\/blog\/como-e-morar-em-brasilia\/"},"author":{"name":"Paulo Guimar\u00e3es","@id":"https:\/\/www.estrategiaconcursos.com.br\/blog\/#\/schema\/person\/80ff9f9f52e43a90b6efd99f2869d22b"},"headline":"Como \u00e9 morar em Bras\u00edlia?","datePublished":"2019-10-26T09:39:30+00:00","dateModified":"2019-10-26T10:50:31+00:00","mainEntityOfPage":{"@id":"https:\/\/www.estrategiaconcursos.com.br\/blog\/como-e-morar-em-brasilia\/"},"wordCount":1123,"commentCount":14,"publisher":{"@id":"https:\/\/www.estrategiaconcursos.com.br\/blog\/#organization"},"image":{"@id":"https:\/\/www.estrategiaconcursos.com.br\/blog\/como-e-morar-em-brasilia\/#primaryimage"},"thumbnailUrl":"http:\/\/portal.iphan.gov.br\/uploads\/ckfinder\/images\/Diversas\/DF_Brasilia\/02_esplanada_dos_ministerios__brasilia_df_foto_acervo_iphan.jpg","articleSection":["Concursos P\u00fablicos"],"inLanguage":"pt-BR","potentialAction":[{"@type":"CommentAction","name":"Comment","target":["https:\/\/www.estrategiaconcursos.com.br\/blog\/como-e-morar-em-brasilia\/#respond"]}],"copyrightYear":"2019","copyrightHolder":{"@id":"https:\/\/www.estrategiaconcursos.com.br\/blog\/#organization"}},{"@type":"WebPage","@id":"https:\/\/www.estrategiaconcursos.com.br\/blog\/como-e-morar-em-brasilia\/","url":"https:\/\/www.estrategiaconcursos.com.br\/blog\/como-e-morar-em-brasilia\/","name":"Como \u00e9 morar em Bras\u00edlia? Saiba tudo sobre a capital federal!","isPartOf":{"@id":"https:\/\/www.estrategiaconcursos.com.br\/blog\/#website"},"primaryImageOfPage":{"@id":"https:\/\/www.estrategiaconcursos.com.br\/blog\/como-e-morar-em-brasilia\/#primaryimage"},"image":{"@id":"https:\/\/www.estrategiaconcursos.com.br\/blog\/como-e-morar-em-brasilia\/#primaryimage"},"thumbnailUrl":"http:\/\/portal.iphan.gov.br\/uploads\/ckfinder\/images\/Diversas\/DF_Brasilia\/02_esplanada_dos_ministerios__brasilia_df_foto_acervo_iphan.jpg","datePublished":"2019-10-26T09:39:30+00:00","dateModified":"2019-10-26T10:50:31+00:00","description":"Neste artigo o Professor Paulo Guimar\u00e3es explica em detalhes como \u00e9 morar em Bras\u00edlia, onde trabalhar, onde morar e mais informa\u00e7\u00f5es sobre a cidade.","breadcrumb":{"@id":"https:\/\/www.estrategiaconcursos.com.br\/blog\/como-e-morar-em-brasilia\/#breadcrumb"},"inLanguage":"pt-BR","potentialAction":[{"@type":"ReadAction","target":["https:\/\/www.estrategiaconcursos.com.br\/blog\/como-e-morar-em-brasilia\/"]}]},{"@type":"ImageObject","inLanguage":"pt-BR","@id":"https:\/\/www.estrategiaconcursos.com.br\/blog\/como-e-morar-em-brasilia\/#primaryimage","url":"http:\/\/portal.iphan.gov.br\/uploads\/ckfinder\/images\/Diversas\/DF_Brasilia\/02_esplanada_dos_ministerios__brasilia_df_foto_acervo_iphan.jpg","contentUrl":"http:\/\/portal.iphan.gov.br\/uploads\/ckfinder\/images\/Diversas\/DF_Brasilia\/02_esplanada_dos_ministerios__brasilia_df_foto_acervo_iphan.jpg"},{"@type":"BreadcrumbList","@id":"https:\/\/www.estrategiaconcursos.com.br\/blog\/como-e-morar-em-brasilia\/#breadcrumb","itemListElement":[{"@type":"ListItem","position":1,"name":"In\u00edcio","item":"https:\/\/www.estrategiaconcursos.com.br\/blog\/"},{"@type":"ListItem","position":2,"name":"Como \u00e9 morar em Bras\u00edlia?"}]},{"@type":"WebSite","@id":"https:\/\/www.estrategiaconcursos.com.br\/blog\/#website","url":"https:\/\/www.estrategiaconcursos.com.br\/blog\/","name":"Estrat\u00e9gia Concursos","description":"O blog da Estrat\u00e9gia Concursos traz not\u00edcias sobre concursos e artigos de professores oferecendo cursos para concursos (pdf + videaulas) no site.","publisher":{"@id":"https:\/\/www.estrategiaconcursos.com.br\/blog\/#organization"},"potentialAction":[{"@type":"SearchAction","target":{"@type":"EntryPoint","urlTemplate":"https:\/\/www.estrategiaconcursos.com.br\/blog\/?s={search_term_string}"},"query-input":{"@type":"PropertyValueSpecification","valueRequired":true,"valueName":"search_term_string"}}],"inLanguage":"pt-BR"},{"@type":"Organization","@id":"https:\/\/www.estrategiaconcursos.com.br\/blog\/#organization","name":"Estrat\u00e9gia Concursos","url":"https:\/\/www.estrategiaconcursos.com.br\/blog\/","logo":{"@type":"ImageObject","inLanguage":"pt-BR","@id":"https:\/\/www.estrategiaconcursos.com.br\/blog\/#\/schema\/logo\/image\/","url":"https:\/\/dhg1h5j42swfq.cloudfront.net\/2025\/06\/03203428\/logo_concursos-1.jpg","contentUrl":"https:\/\/dhg1h5j42swfq.cloudfront.net\/2025\/06\/03203428\/logo_concursos-1.jpg","width":230,"height":60,"caption":"Estrat\u00e9gia Concursos"},"image":{"@id":"https:\/\/www.estrategiaconcursos.com.br\/blog\/#\/schema\/logo\/image\/"},"sameAs":["https:\/\/x.com\/EstratConcursos"]},{"@type":"Person","@id":"https:\/\/www.estrategiaconcursos.com.br\/blog\/#\/schema\/person\/80ff9f9f52e43a90b6efd99f2869d22b","name":"Paulo Guimar\u00e3es","image":{"@type":"ImageObject","inLanguage":"pt-BR","@id":"https:\/\/secure.gravatar.com\/avatar\/08d24bbaa2d103a1d6aba72ee81baa1680267436588d5d9cfb8d32c3aa4ca278?s=96&d=mm&r=g","url":"https:\/\/secure.gravatar.com\/avatar\/08d24bbaa2d103a1d6aba72ee81baa1680267436588d5d9cfb8d32c3aa4ca278?s=96&d=mm&r=g","contentUrl":"https:\/\/secure.gravatar.com\/avatar\/08d24bbaa2d103a1d6aba72ee81baa1680267436588d5d9cfb8d32c3aa4ca278?s=96&d=mm&r=g","caption":"Paulo Guimar\u00e3es"},"url":"https:\/\/www.estrategiaconcursos.com.br\/blog\/author\/pauloguimaraesestrategiaconcursos-com-br\/"}]}},"_links":{"self":[{"href":"https:\/\/www.estrategiaconcursos.com.br\/blog\/wp-json\/wp\/v2\/posts\/440222","targetHints":{"allow":["GET"]}}],"collection":[{"href":"https:\/\/www.estrategiaconcursos.com.br\/blog\/wp-json\/wp\/v2\/posts"}],"about":[{"href":"https:\/\/www.estrategiaconcursos.com.br\/blog\/wp-json\/wp\/v2\/types\/post"}],"author":[{"embeddable":true,"href":"https:\/\/www.estrategiaconcursos.com.br\/blog\/wp-json\/wp\/v2\/users\/99"}],"replies":[{"embeddable":true,"href":"https:\/\/www.estrategiaconcursos.com.br\/blog\/wp-json\/wp\/v2\/comments?post=440222"}],"version-history":[{"count":1,"href":"https:\/\/www.estrategiaconcursos.com.br\/blog\/wp-json\/wp\/v2\/posts\/440222\/revisions"}],"predecessor-version":[{"id":440290,"href":"https:\/\/www.estrategiaconcursos.com.br\/blog\/wp-json\/wp\/v2\/posts\/440222\/revisions\/440290"}],"wp:attachment":[{"href":"https:\/\/www.estrategiaconcursos.com.br\/blog\/wp-json\/wp\/v2\/media?parent=440222"}],"wp:term":[{"taxonomy":"category","embeddable":true,"href":"https:\/\/www.estrategiaconcursos.com.br\/blog\/wp-json\/wp\/v2\/categories?post=440222"},{"taxonomy":"post_tag","embeddable":true,"href":"https:\/\/www.estrategiaconcursos.com.br\/blog\/wp-json\/wp\/v2\/tags?post=440222"},{"taxonomy":"tax_estado","embeddable":true,"href":"https:\/\/www.estrategiaconcursos.com.br\/blog\/wp-json\/wp\/v2\/tax_estado?post=440222"}],"curies":[{"name":"wp","href":"https:\/\/api.w.org\/{rel}","templated":true}]}}