{"id":439924,"date":"2019-10-01T07:00:11","date_gmt":"2019-10-01T10:00:11","guid":{"rendered":"https:\/\/www.estrategiaconcursos.com.br\/blog\/?p=439924"},"modified":"2023-03-03T08:38:02","modified_gmt":"2023-03-03T11:38:02","slug":"edital-semec-teresina","status":"publish","type":"post","link":"https:\/\/www.estrategiaconcursos.com.br\/blog\/edital-semec-teresina\/","title":{"rendered":"Edital SEMEC Teresina: inscri\u00e7\u00f5es abertas para o certame at\u00e9 30 de novembro"},"content":{"rendered":"\n<p>As inscri\u00e7\u00f5es para o concurso p\u00fablico da<strong><em> Secretaria Municipal de Educa\u00e7\u00e3o de Teresina<\/em><\/strong> est\u00e3o abertas at\u00e9 o dia 30 de novembro. <\/p>\n\n\n\n<p>As <strong>inscri\u00e7\u00f5es<\/strong> podem ser realizadas atrav\u00e9s do portal online da banca organizadora, a NUCEPE. A isen\u00e7\u00e3o da taxa de inscri\u00e7\u00e3o poder\u00e1 ser solicitada do dia 01 ao dia 7 de novembro. <br \/><\/p>\n\n\n\n<p>S\u00e3o ofertadas no total <strong>140 vagas<\/strong>, distribu\u00eddas para o cargo de Professor de diferentes disciplinas. O \u00f3rg\u00e3o exige que os candidatos possuam forma\u00e7\u00e3o em <strong>n\u00edvel superior<\/strong>. A <strong>prova objetiva <\/strong>do concurso acontecer\u00e1 de acordo com o edital no dia <strong>15 de dezembro. <\/strong><\/p>\n\n\n\n<h2 class=\"wp-block-heading\">Principais datas<\/h2>\n\n\n\n<p class=\"has-very-light-gray-background-color has-background\"><strong>Inscri\u00e7\u00f5es: 1 a 30 de novembro<br \/>Isen\u00e7\u00e3o da taxa: 1 a 7 de novembro<br \/>Prova objetiva: 15 de dezembro<\/strong><\/p>\n\n\n\n<h2 class=\"wp-block-heading\">Cargos\/Vagas e sal\u00e1rio inicial<\/h2>\n\n\n\n<h3 class=\"wp-block-heading\">N\u00edvel Superior<\/h3>\n\n\n\n<figure class=\"wp-block-table aligncenter is-style-stripes\"><table class=\"has-subtle-pale-blue-background-color has-background has-fixed-layout\"><tbody><tr><td><strong>Cargos<\/strong><\/td><td><strong>Vagas<\/strong><\/td><td><strong>Remunera\u00e7\u00f5es<\/strong><\/td><\/tr><tr><td> Professor de 1\u00ba Ciclo \u2013  Educa\u00e7\u00e3o Infantil e anos iniciais do Ensino Fundamental do 1\u00ba ao 5\u00ba ano &#8211; POLIVAL\u00caNCIA <\/td><td>30<\/td><td>R$ 3.782,29  <\/td><\/tr><tr><td> Professor de 2\u00ba Ciclo \u2013 Anos finais do Ensino Fundamental do 6\u00ba ao 9\u00ba ano \u2013 L\u00cdNGUA PORTUGUESA  <\/td><td>30<\/td><td>R$ 3.782,29 <\/td><\/tr><tr><td> Professor de 2\u00ba Ciclo \u2013 Anos finais do Ensino Fundamental do 6\u00ba ao 9\u00ba ano \u2013 MATEM\u00c1TICA  <\/td><td>30<\/td><td> R$ 3.782,29  <\/td><\/tr><tr><td> Professor de 2\u00ba Ciclo \u2013 Anos finais do Ensino Fundamental do 6\u00ba ao 9\u00ba ano \u2013 ARTES  <\/td><td>10<\/td><td>R$ 1.891,13 <\/td><\/tr><tr><td> Professor de 2\u00ba Ciclo \u2013 Anos finais do Ensino Fundamental do 6\u00ba ao 9\u00ba ano \u2013 CI\u00caNCIAS <\/td><td>10<\/td><td>R$ 1.891,13  <\/td><\/tr><tr><td> Professor de 2\u00ba Ciclo \u2013 Anos finais do Ensino Fundamental do 6\u00ba ao 9\u00ba ano \u2013 ENSINO RELIGIOSO <\/td><td>10<\/td><td>R$ 1.891,13  <\/td><\/tr><tr><td> Professor de 2\u00ba Ciclo \u2013 Anos finais do Ensino Fundamental do 6\u00ba ao 9\u00ba ano \u2013 GEOGRAFIA  <\/td><td>10<\/td><td>R$ 1.891,13   <\/td><\/tr><tr><td> Professor de 2\u00ba Ciclo \u2013 Anos finais do Ensino Fundamental do 6\u00ba ao 9\u00ba ano \u2013 HIST\u00d3RIA  <\/td><td>10<\/td><td>R$ 1.891,13    <\/td><\/tr><\/tbody><\/table><\/figure>\n\n\n\n<h2 class=\"wp-block-heading\">Etapas de provas do concurso SEMEC Teresina<\/h2>\n\n\n\n<p>O Concurso P\u00fablico constar\u00e1 de 02 Etapas, sendo a primeira Etapa, de car\u00e1ter eliminat\u00f3rio e classificat\u00f3rio, que consistir\u00e1 na realiza\u00e7\u00e3o de Prova Escrita Objetiva. <\/p>\n\n\n\n<p>J\u00e1 a segunda etapa, de car\u00e1ter eliminat\u00f3rio e classificat\u00f3rio, consistir\u00e1 na realiza\u00e7\u00e3o de Prova Did\u00e1tica. <\/p>\n\n\n\n<h3 class=\"wp-block-heading\">Prova Objetiva<\/h3>\n\n\n\n<p>A Primeira Etapa, de car\u00e1ter eliminat\u00f3rio e classificat\u00f3rio, ter\u00e1 dura\u00e7\u00e3o de 04  horas, do tipo m\u00faltipla escolha, com 05 alternativas, e uma \u00fanica resposta correta, contendo 50 quest\u00f5es especificas da \u00e1rea, totalizando 50 pontos.  <\/p>\n\n\n\n<figure class=\"wp-block-image aligncenter\"><img loading=\"lazy\" decoding=\"async\" width=\"1092\" height=\"124\" src=\"https:\/\/dhg1h5j42swfq.cloudfront.net\/2019\/10\/25113852\/image157.png\" alt=\"\" class=\"wp-image-440003\" srcset=\"https:\/\/dhg1h5j42swfq.cloudfront.net\/2019\/10\/25113852\/image157.png 1092w, https:\/\/dhg1h5j42swfq.cloudfront.net\/2019\/10\/25113852\/image157.png 300w, https:\/\/dhg1h5j42swfq.cloudfront.net\/2019\/10\/25113852\/image157.png 768w, https:\/\/dhg1h5j42swfq.cloudfront.net\/2019\/10\/25113852\/image157.png 1024w, https:\/\/dhg1h5j42swfq.cloudfront.net\/2019\/10\/25113852\/image157.png 610w\" sizes=\"auto, (max-width: 1092px) 100vw, 1092px\" \/><\/figure>\n\n\n\n<figure class=\"wp-block-image aligncenter\"><img loading=\"lazy\" decoding=\"async\" width=\"1096\" height=\"251\" src=\"https:\/\/dhg1h5j42swfq.cloudfront.net\/2019\/10\/25113926\/image158.png\" alt=\"\" class=\"wp-image-440005\" srcset=\"https:\/\/dhg1h5j42swfq.cloudfront.net\/2019\/10\/25113926\/image158.png 1096w, https:\/\/dhg1h5j42swfq.cloudfront.net\/2019\/10\/25113926\/image158.png 300w, https:\/\/dhg1h5j42swfq.cloudfront.net\/2019\/10\/25113926\/image158.png 768w, https:\/\/dhg1h5j42swfq.cloudfront.net\/2019\/10\/25113926\/image158.png 1024w, https:\/\/dhg1h5j42swfq.cloudfront.net\/2019\/10\/25113926\/image158.png 610w\" sizes=\"auto, (max-width: 1096px) 100vw, 1096px\" \/><\/figure>\n\n\n\n<h3 class=\"wp-block-heading\">Prova Did\u00e1tica<\/h3>\n\n\n\n<p>A Prova Did\u00e1tica tem como objetivo apurar a capacidade de planejamento de aula, de comunica\u00e7\u00e3o e de s\u00edntese do candidato, bem como seu conhecimento do conte\u00fado de aula a ser proferida e capacidade de transposi\u00e7\u00e3o did\u00e1tica deste conte\u00fado, no tempo m\u00ednimo de 20 minutos e m\u00e1ximo de 25 minutos e valer\u00e1 50 pontos.  <\/p>\n\n\n\n<h2 class=\"wp-block-heading\">An\u00e1lise de Edital<\/h2>\n\n\n\n<p>Com a publica\u00e7\u00e3o do <a href=\"https:\/\/youtu.be\/ft1UkCdtzTM\" target=\"_blank\" rel=\"noreferrer noopener\">edital do concurso p\u00fablico da SEMEC Teresina<\/a>, os concurseiros precisam saber tudo sobre o edital, por isso realizaremos uma An\u00e1lise de edital nesta sexta-feira, 25 de outubro, \u00e0s 18:15.<\/p>\n\n\n\n<p>O professor Vinicius Silva ir\u00e1 ministrar a aula ao vivo e gratuitamente atrav\u00e9s do canal do Estrat\u00e9gia Concursos no Youtube. <\/p>\n\n\n\n<p class=\"has-text-align-center has-pale-cyan-blue-background-color has-background\" style=\"font-size:clamp(14.642px, 0.915rem + ((1vw - 3.2px) * 0.721), 22px);px\"><strong><em>Mais informa\u00e7\u00f5es: <\/em><\/strong><a href=\"https:\/\/www.estrategiaconcursos.com.br\/blog\/concurso-semec-teresina\/\"><strong><em>concurso SEMEC Teresina<\/em><\/strong><\/a><\/p>\n\n\n\n<h2 class=\"has-text-align-center wp-block-heading\" id=\"cursos-assinatura\"><strong><em>Quer estudar para Concurso&nbsp;<\/em><\/strong><em>SEMEC Teresina<\/em><strong><em>?<\/em><\/strong><\/h2>\n\n\n\n<p class=\"has-text-align-center\"><em><strong>Gostou desta oportunidade e deseja come\u00e7ar se preparar agora mesmo? Ent\u00e3o, confira os nossos cursos e comece a estudar para o concurso SEMEC Teresina:<\/strong><\/em><\/p>\n\n\n\n<p class=\"has-text-align-center has-luminous-vivid-amber-background-color has-background\" style=\"font-size:clamp(15.197px, 0.95rem + ((1vw - 3.2px) * 0.765), 23px);px\"><strong><em><a href=\"https:\/\/www.estrategiaconcursos.com.br\/cursosPorConcurso\/secretaria-da-educacao-da-prefeitura-municipal-de-teresina-semec-teresina\/\">Curso SEMEC Teresina<\/a><\/em><\/strong><\/p>\n\n\n\n<h4 class=\"has-text-align-center wp-block-heading\" id=\"assinatura\"><em><strong>Assinatura Anual Ilimitada*<\/strong><\/em><\/h4>\n\n\n\n<p class=\"has-text-align-center\"><em>Prepare-se com o melhor material e com quem mais aprova em Concursos P\u00fablicos em todo o pa\u00eds. Assine agora a nossa Assinatura Anual e tenha acesso ilimitado* a todos os nossos cursos.<\/em><\/p>\n\n\n\n<p class=\"has-text-align-center has-light-green-cyan-background-color has-background\" style=\"font-size:clamp(15.197px, 0.95rem + ((1vw - 3.2px) * 0.765), 23px);px\"><strong>ASSINE AGORA<\/strong>&nbsp;\u2013&nbsp;<a rel=\"noreferrer noopener\" href=\"https:\/\/www.estrategiaconcursos.com.br\/assinaturas\" target=\"_blank\">Assinatura Ilimitada<\/a><\/p>\n\n\n\n<p class=\"has-text-align-center\"><em><strong>Fique por dentro de todos os concursos<\/strong><\/em>:<\/p>\n\n\n\n<p class=\"has-text-align-center has-pale-cyan-blue-background-color has-background\" style=\"font-size:clamp(15.197px, 0.95rem + ((1vw - 3.2px) * 0.765), 23px);px\"><a rel=\"noreferrer noopener\" href=\"https:\/\/www.estrategiaconcursos.com.br\/blog\/concursos-abertos\/\" target=\"_blank\"><strong>Concursos abertos<\/strong><\/a><\/p>\n\n\n\n<p class=\"has-text-align-center has-pale-cyan-blue-background-color has-background\" style=\"font-size:clamp(15.197px, 0.95rem + ((1vw - 3.2px) * 0.765), 23px);px\"><a rel=\"noreferrer noopener\" href=\"https:\/\/www.estrategiaconcursos.com.br\/blog\/concursos-2019\/\" target=\"_blank\"><strong>Concursos 2019<\/strong><\/a><\/p>\n\n\n\n<p class=\"has-text-align-center has-pale-cyan-blue-background-color has-background\" style=\"font-size:clamp(15.197px, 0.95rem + ((1vw - 3.2px) * 0.765), 23px);px\"><a rel=\"noreferrer noopener\" href=\"https:\/\/www.estrategiaconcursos.com.br\/blog\/concursos-2020\/\" target=\"_blank\"><strong>Concursos 2020<\/strong><\/a><\/p>\n\n\n\n<figure class=\"wp-block-image\"><img loading=\"lazy\" decoding=\"async\" width=\"300\" height=\"102\" src=\"https:\/\/dhg1h5j42swfq.cloudfront.net\/2017\/03\/28152500\/coruja-ficha-tecnica-300x102.png\" alt=\"\" class=\"wp-image-68542\"\/><\/figure>\n\n\n\n<h3 class=\"wp-block-heading\" id=\"ficha-tecnica\"><strong>Informa\u00e7\u00f5es sobre o Concurso<\/strong>&nbsp;<em>S<\/em>EMEC Teresina<\/h3>\n\n\n\n<p>\u25ba<strong>Vagas<\/strong>: 140<br \/>\u25ba<strong>Cargos:<\/strong> Professor ensino fundamental<br \/>\u25ba<strong>Banca<\/strong>: NUCEPE<br \/>\u25ba<strong>Escolaridade<\/strong>: N\u00edvel superior<br \/>\u25ba<strong>Edital:&nbsp;<\/strong><a href=\"https:\/\/dhg1h5j42swfq.cloudfront.net\/2019\/10\/25114358\/Edital_SEMEC_Teresina_2019.pdf\">Edital SEMEC Teresina 2019 <\/a><\/p>\n","protected":false},"excerpt":{"rendered":"<p>As inscri\u00e7\u00f5es para o concurso p\u00fablico da Secretaria Municipal de Educa\u00e7\u00e3o de Teresina est\u00e3o abertas at\u00e9 o dia 30 de novembro. As inscri\u00e7\u00f5es podem ser realizadas atrav\u00e9s do portal online da banca organizadora, a NUCEPE. A isen\u00e7\u00e3o da taxa de inscri\u00e7\u00e3o poder\u00e1 ser solicitada do dia 01 ao dia 7 de novembro. S\u00e3o ofertadas no [&hellip;]<\/p>\n","protected":false},"author":93,"featured_media":0,"comment_status":"open","ping_status":"closed","sticky":false,"template":"","format":"standard","meta":{"post_tipo":"article","footnotes":""},"categories":[1],"tags":[],"tax_estado":[],"class_list":["post-439924","post","type-post","status-publish","format-standard","hentry","category-cursos-e-concursos"],"acf":[],"yoast_head":"<!-- This site is optimized with the Yoast SEO Premium plugin v27.2 (Yoast SEO v27.2) - https:\/\/yoast.com\/product\/yoast-seo-premium-wordpress\/ -->\n<title>Edital SEMEC Teresina: inscri\u00e7\u00f5es abertas para o certame at\u00e9 30 de novembro<\/title>\n<meta name=\"robots\" content=\"index, follow, max-snippet:-1, max-image-preview:large, max-video-preview:-1\" \/>\n<link rel=\"canonical\" href=\"https:\/\/www.estrategiaconcursos.com.br\/blog\/edital-semec-teresina\/\" \/>\n<meta property=\"og:locale\" content=\"pt_BR\" \/>\n<meta property=\"og:type\" content=\"article\" \/>\n<meta property=\"og:title\" content=\"Edital SEMEC Teresina: inscri\u00e7\u00f5es abertas para o certame at\u00e9 30 de novembro\" \/>\n<meta property=\"og:description\" content=\"As inscri\u00e7\u00f5es para o concurso p\u00fablico da Secretaria Municipal de Educa\u00e7\u00e3o de Teresina est\u00e3o abertas at\u00e9 o dia 30 de novembro. As inscri\u00e7\u00f5es podem ser realizadas atrav\u00e9s do portal online da banca organizadora, a NUCEPE. A isen\u00e7\u00e3o da taxa de inscri\u00e7\u00e3o poder\u00e1 ser solicitada do dia 01 ao dia 7 de novembro. S\u00e3o ofertadas no [&hellip;]\" \/>\n<meta property=\"og:url\" content=\"https:\/\/www.estrategiaconcursos.com.br\/blog\/edital-semec-teresina\/\" \/>\n<meta property=\"og:site_name\" content=\"Estrat\u00e9gia Concursos\" \/>\n<meta property=\"article:published_time\" content=\"2019-10-01T10:00:11+00:00\" \/>\n<meta property=\"article:modified_time\" content=\"2023-03-03T11:38:02+00:00\" \/>\n<meta property=\"og:image\" content=\"https:\/\/www.estrategiaconcursos.com.br\/blog\/wp-content\/uploads\/2019\/10\/image157.png\" \/>\n<meta name=\"author\" content=\"Vinicius Silva\" \/>\n<meta name=\"twitter:card\" content=\"summary_large_image\" \/>\n<meta name=\"twitter:creator\" content=\"@EstratConcursos\" \/>\n<meta name=\"twitter:site\" content=\"@EstratConcursos\" \/>\n<meta name=\"twitter:label1\" content=\"Escrito por\" \/>\n\t<meta name=\"twitter:data1\" content=\"Vinicius Silva\" \/>\n\t<meta name=\"twitter:label2\" content=\"Est. tempo de leitura\" \/>\n\t<meta name=\"twitter:data2\" content=\"3 minutos\" \/>\n<script type=\"application\/ld+json\" class=\"yoast-schema-graph\">{\"@context\":\"https:\/\/schema.org\",\"@graph\":[{\"@type\":\"NewsArticle\",\"@id\":\"https:\/\/www.estrategiaconcursos.com.br\/blog\/edital-semec-teresina\/#article\",\"isPartOf\":{\"@id\":\"https:\/\/www.estrategiaconcursos.com.br\/blog\/edital-semec-teresina\/\"},\"author\":{\"name\":\"Vinicius Silva\",\"@id\":\"https:\/\/www.estrategiaconcursos.com.br\/blog\/#\/schema\/person\/20030622a981f9a942ad6b3561fe4ca4\"},\"headline\":\"Edital SEMEC Teresina: inscri\u00e7\u00f5es abertas para o certame at\u00e9 30 de novembro\",\"datePublished\":\"2019-10-01T10:00:11+00:00\",\"dateModified\":\"2023-03-03T11:38:02+00:00\",\"mainEntityOfPage\":{\"@id\":\"https:\/\/www.estrategiaconcursos.com.br\/blog\/edital-semec-teresina\/\"},\"wordCount\":594,\"commentCount\":0,\"publisher\":{\"@id\":\"https:\/\/www.estrategiaconcursos.com.br\/blog\/#organization\"},\"image\":{\"@id\":\"https:\/\/www.estrategiaconcursos.com.br\/blog\/edital-semec-teresina\/#primaryimage\"},\"thumbnailUrl\":\"https:\/\/www.estrategiaconcursos.com.br\/blog\/wp-content\/uploads\/2019\/10\/image157.png\",\"articleSection\":[\"Concursos P\u00fablicos\"],\"inLanguage\":\"pt-BR\",\"potentialAction\":[{\"@type\":\"CommentAction\",\"name\":\"Comment\",\"target\":[\"https:\/\/www.estrategiaconcursos.com.br\/blog\/edital-semec-teresina\/#respond\"]}],\"copyrightYear\":\"2019\",\"copyrightHolder\":{\"@id\":\"https:\/\/www.estrategiaconcursos.com.br\/blog\/#organization\"}},{\"@type\":\"WebPage\",\"@id\":\"https:\/\/www.estrategiaconcursos.com.br\/blog\/edital-semec-teresina\/\",\"url\":\"https:\/\/www.estrategiaconcursos.com.br\/blog\/edital-semec-teresina\/\",\"name\":\"Edital SEMEC Teresina: inscri\u00e7\u00f5es abertas para o certame at\u00e9 30 de novembro\",\"isPartOf\":{\"@id\":\"https:\/\/www.estrategiaconcursos.com.br\/blog\/#website\"},\"primaryImageOfPage\":{\"@id\":\"https:\/\/www.estrategiaconcursos.com.br\/blog\/edital-semec-teresina\/#primaryimage\"},\"image\":{\"@id\":\"https:\/\/www.estrategiaconcursos.com.br\/blog\/edital-semec-teresina\/#primaryimage\"},\"thumbnailUrl\":\"https:\/\/www.estrategiaconcursos.com.br\/blog\/wp-content\/uploads\/2019\/10\/image157.png\",\"datePublished\":\"2019-10-01T10:00:11+00:00\",\"dateModified\":\"2023-03-03T11:38:02+00:00\",\"breadcrumb\":{\"@id\":\"https:\/\/www.estrategiaconcursos.com.br\/blog\/edital-semec-teresina\/#breadcrumb\"},\"inLanguage\":\"pt-BR\",\"potentialAction\":[{\"@type\":\"ReadAction\",\"target\":[\"https:\/\/www.estrategiaconcursos.com.br\/blog\/edital-semec-teresina\/\"]}]},{\"@type\":\"ImageObject\",\"inLanguage\":\"pt-BR\",\"@id\":\"https:\/\/www.estrategiaconcursos.com.br\/blog\/edital-semec-teresina\/#primaryimage\",\"url\":\"https:\/\/dhg1h5j42swfq.cloudfront.net\/2019\/10\/25113852\/image157.png\",\"contentUrl\":\"https:\/\/dhg1h5j42swfq.cloudfront.net\/2019\/10\/25113852\/image157.png\",\"width\":1092,\"height\":124},{\"@type\":\"BreadcrumbList\",\"@id\":\"https:\/\/www.estrategiaconcursos.com.br\/blog\/edital-semec-teresina\/#breadcrumb\",\"itemListElement\":[{\"@type\":\"ListItem\",\"position\":1,\"name\":\"In\u00edcio\",\"item\":\"https:\/\/www.estrategiaconcursos.com.br\/blog\/\"},{\"@type\":\"ListItem\",\"position\":2,\"name\":\"Edital SEMEC Teresina: inscri\u00e7\u00f5es abertas para o certame at\u00e9 30 de novembro\"}]},{\"@type\":\"WebSite\",\"@id\":\"https:\/\/www.estrategiaconcursos.com.br\/blog\/#website\",\"url\":\"https:\/\/www.estrategiaconcursos.com.br\/blog\/\",\"name\":\"Estrat\u00e9gia Concursos\",\"description\":\"O blog da Estrat\u00e9gia Concursos traz not\u00edcias sobre concursos e artigos de professores oferecendo cursos para concursos (pdf + videaulas) no site.\",\"publisher\":{\"@id\":\"https:\/\/www.estrategiaconcursos.com.br\/blog\/#organization\"},\"potentialAction\":[{\"@type\":\"SearchAction\",\"target\":{\"@type\":\"EntryPoint\",\"urlTemplate\":\"https:\/\/www.estrategiaconcursos.com.br\/blog\/?s={search_term_string}\"},\"query-input\":{\"@type\":\"PropertyValueSpecification\",\"valueRequired\":true,\"valueName\":\"search_term_string\"}}],\"inLanguage\":\"pt-BR\"},{\"@type\":\"Organization\",\"@id\":\"https:\/\/www.estrategiaconcursos.com.br\/blog\/#organization\",\"name\":\"Estrat\u00e9gia Concursos\",\"url\":\"https:\/\/www.estrategiaconcursos.com.br\/blog\/\",\"logo\":{\"@type\":\"ImageObject\",\"inLanguage\":\"pt-BR\",\"@id\":\"https:\/\/www.estrategiaconcursos.com.br\/blog\/#\/schema\/logo\/image\/\",\"url\":\"https:\/\/dhg1h5j42swfq.cloudfront.net\/2025\/06\/03203428\/logo_concursos-1.jpg\",\"contentUrl\":\"https:\/\/dhg1h5j42swfq.cloudfront.net\/2025\/06\/03203428\/logo_concursos-1.jpg\",\"width\":230,\"height\":60,\"caption\":\"Estrat\u00e9gia Concursos\"},\"image\":{\"@id\":\"https:\/\/www.estrategiaconcursos.com.br\/blog\/#\/schema\/logo\/image\/\"},\"sameAs\":[\"https:\/\/x.com\/EstratConcursos\"]},{\"@type\":\"Person\",\"@id\":\"https:\/\/www.estrategiaconcursos.com.br\/blog\/#\/schema\/person\/20030622a981f9a942ad6b3561fe4ca4\",\"name\":\"Vinicius Silva\",\"image\":{\"@type\":\"ImageObject\",\"inLanguage\":\"pt-BR\",\"@id\":\"https:\/\/secure.gravatar.com\/avatar\/604d9670a4c7eea71feaa4381f3ae97e148292ac402671c5944aa67a3d127663?s=96&d=mm&r=g\",\"url\":\"https:\/\/secure.gravatar.com\/avatar\/604d9670a4c7eea71feaa4381f3ae97e148292ac402671c5944aa67a3d127663?s=96&d=mm&r=g\",\"contentUrl\":\"https:\/\/secure.gravatar.com\/avatar\/604d9670a4c7eea71feaa4381f3ae97e148292ac402671c5944aa67a3d127663?s=96&d=mm&r=g\",\"caption\":\"Vinicius Silva\"},\"url\":\"https:\/\/www.estrategiaconcursos.com.br\/blog\/author\/viniciussilvaestrategiaconcursos-com-br\/\"}]}<\/script>\n<!-- \/ Yoast SEO Premium plugin. -->","yoast_head_json":{"title":"Edital SEMEC Teresina: inscri\u00e7\u00f5es abertas para o certame at\u00e9 30 de novembro","robots":{"index":"index","follow":"follow","max-snippet":"max-snippet:-1","max-image-preview":"max-image-preview:large","max-video-preview":"max-video-preview:-1"},"canonical":"https:\/\/www.estrategiaconcursos.com.br\/blog\/edital-semec-teresina\/","og_locale":"pt_BR","og_type":"article","og_title":"Edital SEMEC Teresina: inscri\u00e7\u00f5es abertas para o certame at\u00e9 30 de novembro","og_description":"As inscri\u00e7\u00f5es para o concurso p\u00fablico da Secretaria Municipal de Educa\u00e7\u00e3o de Teresina est\u00e3o abertas at\u00e9 o dia 30 de novembro. As inscri\u00e7\u00f5es podem ser realizadas atrav\u00e9s do portal online da banca organizadora, a NUCEPE. A isen\u00e7\u00e3o da taxa de inscri\u00e7\u00e3o poder\u00e1 ser solicitada do dia 01 ao dia 7 de novembro. S\u00e3o ofertadas no [&hellip;]","og_url":"https:\/\/www.estrategiaconcursos.com.br\/blog\/edital-semec-teresina\/","og_site_name":"Estrat\u00e9gia Concursos","article_published_time":"2019-10-01T10:00:11+00:00","article_modified_time":"2023-03-03T11:38:02+00:00","og_image":[{"url":"https:\/\/www.estrategiaconcursos.com.br\/blog\/wp-content\/uploads\/2019\/10\/image157.png","type":"","width":"","height":""}],"author":"Vinicius Silva","twitter_card":"summary_large_image","twitter_creator":"@EstratConcursos","twitter_site":"@EstratConcursos","twitter_misc":{"Escrito por":"Vinicius Silva","Est. tempo de leitura":"3 minutos"},"schema":{"@context":"https:\/\/schema.org","@graph":[{"@type":"NewsArticle","@id":"https:\/\/www.estrategiaconcursos.com.br\/blog\/edital-semec-teresina\/#article","isPartOf":{"@id":"https:\/\/www.estrategiaconcursos.com.br\/blog\/edital-semec-teresina\/"},"author":{"name":"Vinicius Silva","@id":"https:\/\/www.estrategiaconcursos.com.br\/blog\/#\/schema\/person\/20030622a981f9a942ad6b3561fe4ca4"},"headline":"Edital SEMEC Teresina: inscri\u00e7\u00f5es abertas para o certame at\u00e9 30 de novembro","datePublished":"2019-10-01T10:00:11+00:00","dateModified":"2023-03-03T11:38:02+00:00","mainEntityOfPage":{"@id":"https:\/\/www.estrategiaconcursos.com.br\/blog\/edital-semec-teresina\/"},"wordCount":594,"commentCount":0,"publisher":{"@id":"https:\/\/www.estrategiaconcursos.com.br\/blog\/#organization"},"image":{"@id":"https:\/\/www.estrategiaconcursos.com.br\/blog\/edital-semec-teresina\/#primaryimage"},"thumbnailUrl":"https:\/\/www.estrategiaconcursos.com.br\/blog\/wp-content\/uploads\/2019\/10\/image157.png","articleSection":["Concursos P\u00fablicos"],"inLanguage":"pt-BR","potentialAction":[{"@type":"CommentAction","name":"Comment","target":["https:\/\/www.estrategiaconcursos.com.br\/blog\/edital-semec-teresina\/#respond"]}],"copyrightYear":"2019","copyrightHolder":{"@id":"https:\/\/www.estrategiaconcursos.com.br\/blog\/#organization"}},{"@type":"WebPage","@id":"https:\/\/www.estrategiaconcursos.com.br\/blog\/edital-semec-teresina\/","url":"https:\/\/www.estrategiaconcursos.com.br\/blog\/edital-semec-teresina\/","name":"Edital SEMEC Teresina: inscri\u00e7\u00f5es abertas para o certame at\u00e9 30 de novembro","isPartOf":{"@id":"https:\/\/www.estrategiaconcursos.com.br\/blog\/#website"},"primaryImageOfPage":{"@id":"https:\/\/www.estrategiaconcursos.com.br\/blog\/edital-semec-teresina\/#primaryimage"},"image":{"@id":"https:\/\/www.estrategiaconcursos.com.br\/blog\/edital-semec-teresina\/#primaryimage"},"thumbnailUrl":"https:\/\/www.estrategiaconcursos.com.br\/blog\/wp-content\/uploads\/2019\/10\/image157.png","datePublished":"2019-10-01T10:00:11+00:00","dateModified":"2023-03-03T11:38:02+00:00","breadcrumb":{"@id":"https:\/\/www.estrategiaconcursos.com.br\/blog\/edital-semec-teresina\/#breadcrumb"},"inLanguage":"pt-BR","potentialAction":[{"@type":"ReadAction","target":["https:\/\/www.estrategiaconcursos.com.br\/blog\/edital-semec-teresina\/"]}]},{"@type":"ImageObject","inLanguage":"pt-BR","@id":"https:\/\/www.estrategiaconcursos.com.br\/blog\/edital-semec-teresina\/#primaryimage","url":"https:\/\/dhg1h5j42swfq.cloudfront.net\/2019\/10\/25113852\/image157.png","contentUrl":"https:\/\/dhg1h5j42swfq.cloudfront.net\/2019\/10\/25113852\/image157.png","width":1092,"height":124},{"@type":"BreadcrumbList","@id":"https:\/\/www.estrategiaconcursos.com.br\/blog\/edital-semec-teresina\/#breadcrumb","itemListElement":[{"@type":"ListItem","position":1,"name":"In\u00edcio","item":"https:\/\/www.estrategiaconcursos.com.br\/blog\/"},{"@type":"ListItem","position":2,"name":"Edital SEMEC Teresina: inscri\u00e7\u00f5es abertas para o certame at\u00e9 30 de novembro"}]},{"@type":"WebSite","@id":"https:\/\/www.estrategiaconcursos.com.br\/blog\/#website","url":"https:\/\/www.estrategiaconcursos.com.br\/blog\/","name":"Estrat\u00e9gia Concursos","description":"O blog da Estrat\u00e9gia Concursos traz not\u00edcias sobre concursos e artigos de professores oferecendo cursos para concursos (pdf + videaulas) no site.","publisher":{"@id":"https:\/\/www.estrategiaconcursos.com.br\/blog\/#organization"},"potentialAction":[{"@type":"SearchAction","target":{"@type":"EntryPoint","urlTemplate":"https:\/\/www.estrategiaconcursos.com.br\/blog\/?s={search_term_string}"},"query-input":{"@type":"PropertyValueSpecification","valueRequired":true,"valueName":"search_term_string"}}],"inLanguage":"pt-BR"},{"@type":"Organization","@id":"https:\/\/www.estrategiaconcursos.com.br\/blog\/#organization","name":"Estrat\u00e9gia Concursos","url":"https:\/\/www.estrategiaconcursos.com.br\/blog\/","logo":{"@type":"ImageObject","inLanguage":"pt-BR","@id":"https:\/\/www.estrategiaconcursos.com.br\/blog\/#\/schema\/logo\/image\/","url":"https:\/\/dhg1h5j42swfq.cloudfront.net\/2025\/06\/03203428\/logo_concursos-1.jpg","contentUrl":"https:\/\/dhg1h5j42swfq.cloudfront.net\/2025\/06\/03203428\/logo_concursos-1.jpg","width":230,"height":60,"caption":"Estrat\u00e9gia Concursos"},"image":{"@id":"https:\/\/www.estrategiaconcursos.com.br\/blog\/#\/schema\/logo\/image\/"},"sameAs":["https:\/\/x.com\/EstratConcursos"]},{"@type":"Person","@id":"https:\/\/www.estrategiaconcursos.com.br\/blog\/#\/schema\/person\/20030622a981f9a942ad6b3561fe4ca4","name":"Vinicius Silva","image":{"@type":"ImageObject","inLanguage":"pt-BR","@id":"https:\/\/secure.gravatar.com\/avatar\/604d9670a4c7eea71feaa4381f3ae97e148292ac402671c5944aa67a3d127663?s=96&d=mm&r=g","url":"https:\/\/secure.gravatar.com\/avatar\/604d9670a4c7eea71feaa4381f3ae97e148292ac402671c5944aa67a3d127663?s=96&d=mm&r=g","contentUrl":"https:\/\/secure.gravatar.com\/avatar\/604d9670a4c7eea71feaa4381f3ae97e148292ac402671c5944aa67a3d127663?s=96&d=mm&r=g","caption":"Vinicius Silva"},"url":"https:\/\/www.estrategiaconcursos.com.br\/blog\/author\/viniciussilvaestrategiaconcursos-com-br\/"}]}},"_links":{"self":[{"href":"https:\/\/www.estrategiaconcursos.com.br\/blog\/wp-json\/wp\/v2\/posts\/439924","targetHints":{"allow":["GET"]}}],"collection":[{"href":"https:\/\/www.estrategiaconcursos.com.br\/blog\/wp-json\/wp\/v2\/posts"}],"about":[{"href":"https:\/\/www.estrategiaconcursos.com.br\/blog\/wp-json\/wp\/v2\/types\/post"}],"author":[{"embeddable":true,"href":"https:\/\/www.estrategiaconcursos.com.br\/blog\/wp-json\/wp\/v2\/users\/93"}],"replies":[{"embeddable":true,"href":"https:\/\/www.estrategiaconcursos.com.br\/blog\/wp-json\/wp\/v2\/comments?post=439924"}],"version-history":[{"count":10,"href":"https:\/\/www.estrategiaconcursos.com.br\/blog\/wp-json\/wp\/v2\/posts\/439924\/revisions"}],"predecessor-version":[{"id":1180772,"href":"https:\/\/www.estrategiaconcursos.com.br\/blog\/wp-json\/wp\/v2\/posts\/439924\/revisions\/1180772"}],"wp:attachment":[{"href":"https:\/\/www.estrategiaconcursos.com.br\/blog\/wp-json\/wp\/v2\/media?parent=439924"}],"wp:term":[{"taxonomy":"category","embeddable":true,"href":"https:\/\/www.estrategiaconcursos.com.br\/blog\/wp-json\/wp\/v2\/categories?post=439924"},{"taxonomy":"post_tag","embeddable":true,"href":"https:\/\/www.estrategiaconcursos.com.br\/blog\/wp-json\/wp\/v2\/tags?post=439924"},{"taxonomy":"tax_estado","embeddable":true,"href":"https:\/\/www.estrategiaconcursos.com.br\/blog\/wp-json\/wp\/v2\/tax_estado?post=439924"}],"curies":[{"name":"wp","href":"https:\/\/api.w.org\/{rel}","templated":true}]}}