{"id":439197,"date":"2019-10-23T19:25:55","date_gmt":"2019-10-23T22:25:55","guid":{"rendered":"https:\/\/www.estrategiaconcursos.com.br\/blog\/?p=439197"},"modified":"2019-10-23T19:26:00","modified_gmt":"2019-10-23T22:26:00","slug":"concurso-assembleia-legislativa-ce-casa-anuncia-reestruturacao-e-certame-com-100-vagas","status":"publish","type":"post","link":"https:\/\/www.estrategiaconcursos.com.br\/blog\/concurso-assembleia-legislativa-ce-casa-anuncia-reestruturacao-e-certame-com-100-vagas\/","title":{"rendered":"Concurso Assembleia Legislativa CE: Casa anuncia reestrutura\u00e7\u00e3o e certame com 100 vagas"},"content":{"rendered":"\n<p>Com certame previsto na Lei Or\u00e7ament\u00e1ria Anual de 2020, a Assembleia Legislativa do Cear\u00e1 confirmou a realiza\u00e7\u00e3o de um novo certame para a Casa.<\/p>\n\n\n\n<p>O an\u00fancio foi feito pelo presidente da Casa Legislativa, deputado Jos\u00e9 Sarto, nesta quarta-feira, 23 de outubro.<\/p>\n\n\n\n<p>Sarto anunciou que o certame contar\u00e1 com 100 vagas, distribu\u00eddas em 16 \u00e1reas do conhecimento, sendo 70 vagas para n\u00edvel superior e 30 vagas para n\u00edvel m\u00e9dio.   <\/p>\n\n\n\n<p class=\"has-background has-very-light-gray-background-color\"><em> \u201cOs cargos do concurso v\u00e3o abranger v\u00e1rias \u00e1reas, principalmente direito, por ser uma Assembleia \u2012 temos \u00f3rg\u00e3os como a Procuradoria e a Consultoria \u2012, mas tamb\u00e9m economia, administra\u00e7\u00e3o, contabilidade, tecnologia da informa\u00e7\u00e3o, jornalismo, publicidade, engenharia civil, arquitetura, portugu\u00eas\u201d, explicou. <\/em><\/p>\n\n\n\n<p>Foi informado tamb\u00e9m que o sal\u00e1rio inicial para n\u00edvel m\u00e9dio ser\u00e1 de R$ 2.200 e para o de n\u00edvel superior de R$ 4.500. <\/p>\n\n\n\n<p>Al\u00e9m do concurso para novos cargos, ser\u00e1 lida no dia 24\/10, quinta-feira, a proposta de moderniza\u00e7\u00e3o e reestrutura\u00e7\u00e3o de cargos e carreiras da Assembleia. <\/p>\n\n\n\n<p> A proposta passar\u00e1 ainda pelas comiss\u00f5es e debates na AL, obedecendo todos os prazos regimentais e legais e informou que h\u00e1 expectativa de aprova\u00e7\u00e3o das mudan\u00e7as propostas at\u00e9 &nbsp;o m\u00eas de novembro. <\/p>\n\n\n\n<p>Sendo aprovada a reestrutura\u00e7\u00e3o, abranger\u00e1 n\u00e3o somente os novos servidores, como tamb\u00e9m os atuais por meio de avan\u00e7os e readequa\u00e7\u00e3o na tabela de vencimentos e pela reestrutura\u00e7\u00e3o o organograma da Casa, ressaltou o presidente da AL.<\/p>\n\n\n\n<p style=\"text-align:center\"><em><strong>A equipe do Estrat\u00e9gia Concursos acompanhar\u00e1 todas as tramita\u00e7\u00f5es desta reestrutura\u00e7\u00e3o e moderniza\u00e7\u00e3o administrativa.<\/strong><\/em><\/p>\n\n\n\n<h2 class=\"wp-block-heading\" id=\"ultimo\">Ultimo concurso Assembleia Legislativa CE<\/h2>\n\n\n\n<p>O novo certame \u00e9 uma \u00f3tima not\u00edcia, j\u00e1 que o <strong>\u00faltimo concurso<\/strong> efetuado pelo \u00f3rg\u00e3o foi em <strong>2011<\/strong> e teve como banca organizadora o Centro de Sele\u00e7\u00e3o e de Promo\u00e7\u00e3o de Eventos da Universidade de Bras\u00edlia (CESPE\/UnB). <\/p>\n\n\n\n<p>Foram ofertadas <strong>63 vagas para o cargo de Analista Legislativo<\/strong> nas seguintes especialidades:<\/p>\n\n\n\n<ul class=\"wp-block-list\"><li>Administra\u00e7\u00e3o &#8211; 10<\/li><li>Ci\u00eancias Atuariais -01<\/li><li>Ci\u00eancias Cont\u00e1beis &#8211; 4<\/li><li>Ci\u00eancias Econ\u00f4micas &#8211; 1<\/li><li>Design Gr\u00e1fico &#8211; 4<\/li><li>Direito &#8211; 15<\/li><li>Estat\u00edstica &#8211; 1<\/li><li>Inform\u00e1tica &#8211; 8<\/li><li>Jornalismo &#8211; 1<\/li><li>L\u00edngua Portuguesa &#8211; Gram\u00e1tica Normativa e Revis\u00e3o Ortogr\u00e1fica &#8211; 12<\/li><li>Publicidade e Propaganda &#8211; 1<\/li><li>Ci\u00eancias Sociais\/Sociologia &#8211; 5<\/li><\/ul>\n\n\n\n<p>Para prestar o certame era necess\u00e1rio obter diploma de curso superior na \u00e1rea de conhecimento espec\u00edfica.  <\/p>\n\n\n\n<p style=\"text-align:center\"><em><strong>Gostou dessa oportunidade e quer saber mais? Confira a mat\u00e9ria completa:<\/strong><\/em><\/p>\n\n\n\n<p style=\"text-align:center\" class=\"has-background has-medium-font-size has-very-light-gray-background-color\"><a href=\"https:\/\/www.estrategiaconcursos.com.br\/blog\/concurso-assembleia-legislativa-ce\/\"><strong>Concurso AL CE<\/strong><\/a><\/p>\n\n\n\n<p style=\"font-size:23px;text-align:center\" class=\"has-background has-luminous-vivid-amber-background-color\"><em><strong><a rel=\"noreferrer noopener\" href=\"https:\/\/www.estrategiaconcursos.com.br\/cursos\/concurso\/\" target=\"_blank\">Cursos para concursos<\/a><\/strong><\/em><\/p>\n\n\n\n<p style=\"text-align:center\"><em><strong>Assinatura Anual Ilimitada*<\/strong><\/em><\/p>\n\n\n\n<p style=\"text-align:center\"><em>Prepare-se com o melhor material e com quem mais aprova em&nbsp;Concursos P\u00fablicos de todo o pa\u00eds. Assine agora a nossa Assinatura Anual e tenha acesso ilimitado a todos os nossos cursos.<\/em><\/p>\n\n\n\n<p style=\"font-size:25px;text-align:center\" class=\"has-background has-light-green-cyan-background-color\"><strong>ASSINE AGORA<\/strong>&nbsp;\u2013&nbsp;<a rel=\"noreferrer noopener\" href=\"https:\/\/www.estrategiaconcursos.com.br\/assinaturas\" target=\"_blank\"><strong>Assinatura Ilimitada<\/strong><\/a><\/p>\n\n\n\n<figure class=\"wp-block-image\"><img decoding=\"async\" src=\"https:\/\/dhg1h5j42swfq.cloudfront.net\/2019\/10\/22100753\/black.jpeg\" alt=\"O atributo alt desta imagem est\u00e1 vazio. O nome do arquivo \u00e9 black-1024x256.jpeg\"\/><\/figure>\n\n\n\n<p style=\"text-align:center\" class=\"has-background has-luminous-vivid-amber-background-color\"><a rel=\"noreferrer noopener\" href=\"https:\/\/www.estrategiaconcursos.com.br\/gratis\/melhor-black-friday\/\" target=\"_blank\"><strong>PROMO\u00c7\u00c3O \u00c9 MELHOR QUE BLACK FRIDAY<\/strong><\/a><\/p>\n\n\n\n<p style=\"text-align:center\"><strong><em>Fique por dentro dos concursos vigentes:<\/em><\/strong><\/p>\n\n\n\n<p style=\"font-size:23px;text-align:center\" class=\"has-background has-pale-cyan-blue-background-color\"><strong><a href=\"https:\/\/www.estrategiaconcursos.com.br\/blog\/concursos-abertos\/\" target=\"_blank\" rel=\"noreferrer noopener\">CONCURSOS ABERTOS<\/a><\/strong><\/p>\n\n\n\n<p style=\"font-size:23px;text-align:center\" class=\"has-background has-pale-cyan-blue-background-color\"><strong><a href=\"https:\/\/www.estrategiaconcursos.com.br\/blog\/concursos-2019\/\" target=\"_blank\" rel=\"noreferrer noopener\">CONCURSOS 2019<\/a><\/strong><\/p>\n\n\n\n<p style=\"font-size:23px;text-align:center\" class=\"has-background has-pale-cyan-blue-background-color\"><strong><a rel=\"noreferrer noopener\" href=\"https:\/\/www.estrategiaconcursos.com.br\/blog\/concursos-2020\/\" target=\"_blank\">CONCURSOS&nbsp;2020<\/a><\/strong><\/p>\n","protected":false},"excerpt":{"rendered":"<p>Com certame previsto na Lei Or\u00e7ament\u00e1ria Anual de 2020, a Assembleia Legislativa do Cear\u00e1 confirmou a realiza\u00e7\u00e3o de um novo certame para a Casa. O an\u00fancio foi feito pelo presidente da Casa Legislativa, deputado Jos\u00e9 Sarto, nesta quarta-feira, 23 de outubro. Sarto anunciou que o certame contar\u00e1 com 100 vagas, distribu\u00eddas em 16 \u00e1reas do [&hellip;]<\/p>\n","protected":false},"author":657,"featured_media":438315,"comment_status":"open","ping_status":"closed","sticky":false,"template":"","format":"standard","meta":{"post_tipo":"article","footnotes":""},"categories":[1],"tags":[],"tax_estado":[],"class_list":["post-439197","post","type-post","status-publish","format-standard","has-post-thumbnail","hentry","category-cursos-e-concursos"],"acf":[],"yoast_head":"<!-- This site is optimized with the Yoast SEO Premium plugin v27.2 (Yoast SEO v27.2) - https:\/\/yoast.com\/product\/yoast-seo-premium-wordpress\/ -->\n<title>Concurso Assembleia Legislativa CE: Casa anuncia reestrutura\u00e7\u00e3o e certame com 100 vagas<\/title>\n<meta name=\"robots\" content=\"index, follow, max-snippet:-1, max-image-preview:large, max-video-preview:-1\" \/>\n<link rel=\"canonical\" href=\"https:\/\/www.estrategiaconcursos.com.br\/blog\/concurso-assembleia-legislativa-ce-casa-anuncia-reestruturacao-e-certame-com-100-vagas\/\" \/>\n<meta property=\"og:locale\" content=\"pt_BR\" \/>\n<meta property=\"og:type\" content=\"article\" \/>\n<meta property=\"og:title\" content=\"Concurso Assembleia Legislativa CE: Casa anuncia reestrutura\u00e7\u00e3o e certame com 100 vagas\" \/>\n<meta property=\"og:description\" content=\"Com certame previsto na Lei Or\u00e7ament\u00e1ria Anual de 2020, a Assembleia Legislativa do Cear\u00e1 confirmou a realiza\u00e7\u00e3o de um novo certame para a Casa. O an\u00fancio foi feito pelo presidente da Casa Legislativa, deputado Jos\u00e9 Sarto, nesta quarta-feira, 23 de outubro. Sarto anunciou que o certame contar\u00e1 com 100 vagas, distribu\u00eddas em 16 \u00e1reas do [&hellip;]\" \/>\n<meta property=\"og:url\" content=\"https:\/\/www.estrategiaconcursos.com.br\/blog\/concurso-assembleia-legislativa-ce-casa-anuncia-reestruturacao-e-certame-com-100-vagas\/\" \/>\n<meta property=\"og:site_name\" content=\"Estrat\u00e9gia Concursos\" \/>\n<meta property=\"article:published_time\" content=\"2019-10-23T22:25:55+00:00\" \/>\n<meta property=\"article:modified_time\" content=\"2019-10-23T22:26:00+00:00\" \/>\n<meta property=\"og:image\" content=\"https:\/\/dhg1h5j42swfq.cloudfront.net\/2019\/10\/22135301\/download1.png\" \/>\n\t<meta property=\"og:image:width\" content=\"294\" \/>\n\t<meta property=\"og:image:height\" content=\"171\" \/>\n\t<meta property=\"og:image:type\" content=\"image\/png\" \/>\n<meta name=\"author\" content=\"Nat\u00e1lia Scarano\" \/>\n<meta name=\"twitter:card\" content=\"summary_large_image\" \/>\n<meta name=\"twitter:creator\" content=\"@EstratConcursos\" \/>\n<meta name=\"twitter:site\" content=\"@EstratConcursos\" \/>\n<meta name=\"twitter:label1\" content=\"Escrito por\" \/>\n\t<meta name=\"twitter:data1\" content=\"Nat\u00e1lia Scarano\" \/>\n\t<meta name=\"twitter:label2\" content=\"Est. tempo de leitura\" \/>\n\t<meta name=\"twitter:data2\" content=\"2 minutos\" \/>\n<script type=\"application\/ld+json\" class=\"yoast-schema-graph\">{\"@context\":\"https:\/\/schema.org\",\"@graph\":[{\"@type\":\"NewsArticle\",\"@id\":\"https:\/\/www.estrategiaconcursos.com.br\/blog\/concurso-assembleia-legislativa-ce-casa-anuncia-reestruturacao-e-certame-com-100-vagas\/#article\",\"isPartOf\":{\"@id\":\"https:\/\/www.estrategiaconcursos.com.br\/blog\/concurso-assembleia-legislativa-ce-casa-anuncia-reestruturacao-e-certame-com-100-vagas\/\"},\"author\":{\"name\":\"Nat\u00e1lia Scarano\",\"@id\":\"https:\/\/www.estrategiaconcursos.com.br\/blog\/#\/schema\/person\/751aedf909a9d10cb23ce6ac527ce0f2\"},\"headline\":\"Concurso Assembleia Legislativa CE: Casa anuncia reestrutura\u00e7\u00e3o e certame com 100 vagas\",\"datePublished\":\"2019-10-23T22:25:55+00:00\",\"dateModified\":\"2019-10-23T22:26:00+00:00\",\"mainEntityOfPage\":{\"@id\":\"https:\/\/www.estrategiaconcursos.com.br\/blog\/concurso-assembleia-legislativa-ce-casa-anuncia-reestruturacao-e-certame-com-100-vagas\/\"},\"wordCount\":483,\"commentCount\":0,\"publisher\":{\"@id\":\"https:\/\/www.estrategiaconcursos.com.br\/blog\/#organization\"},\"image\":{\"@id\":\"https:\/\/www.estrategiaconcursos.com.br\/blog\/concurso-assembleia-legislativa-ce-casa-anuncia-reestruturacao-e-certame-com-100-vagas\/#primaryimage\"},\"thumbnailUrl\":\"https:\/\/dhg1h5j42swfq.cloudfront.net\/2019\/10\/22135301\/download1.png\",\"articleSection\":[\"Concursos P\u00fablicos\"],\"inLanguage\":\"pt-BR\",\"potentialAction\":[{\"@type\":\"CommentAction\",\"name\":\"Comment\",\"target\":[\"https:\/\/www.estrategiaconcursos.com.br\/blog\/concurso-assembleia-legislativa-ce-casa-anuncia-reestruturacao-e-certame-com-100-vagas\/#respond\"]}],\"copyrightYear\":\"2019\",\"copyrightHolder\":{\"@id\":\"https:\/\/www.estrategiaconcursos.com.br\/blog\/#organization\"}},{\"@type\":\"WebPage\",\"@id\":\"https:\/\/www.estrategiaconcursos.com.br\/blog\/concurso-assembleia-legislativa-ce-casa-anuncia-reestruturacao-e-certame-com-100-vagas\/\",\"url\":\"https:\/\/www.estrategiaconcursos.com.br\/blog\/concurso-assembleia-legislativa-ce-casa-anuncia-reestruturacao-e-certame-com-100-vagas\/\",\"name\":\"Concurso Assembleia Legislativa CE: Casa anuncia reestrutura\u00e7\u00e3o e certame com 100 vagas\",\"isPartOf\":{\"@id\":\"https:\/\/www.estrategiaconcursos.com.br\/blog\/#website\"},\"primaryImageOfPage\":{\"@id\":\"https:\/\/www.estrategiaconcursos.com.br\/blog\/concurso-assembleia-legislativa-ce-casa-anuncia-reestruturacao-e-certame-com-100-vagas\/#primaryimage\"},\"image\":{\"@id\":\"https:\/\/www.estrategiaconcursos.com.br\/blog\/concurso-assembleia-legislativa-ce-casa-anuncia-reestruturacao-e-certame-com-100-vagas\/#primaryimage\"},\"thumbnailUrl\":\"https:\/\/dhg1h5j42swfq.cloudfront.net\/2019\/10\/22135301\/download1.png\",\"datePublished\":\"2019-10-23T22:25:55+00:00\",\"dateModified\":\"2019-10-23T22:26:00+00:00\",\"breadcrumb\":{\"@id\":\"https:\/\/www.estrategiaconcursos.com.br\/blog\/concurso-assembleia-legislativa-ce-casa-anuncia-reestruturacao-e-certame-com-100-vagas\/#breadcrumb\"},\"inLanguage\":\"pt-BR\",\"potentialAction\":[{\"@type\":\"ReadAction\",\"target\":[\"https:\/\/www.estrategiaconcursos.com.br\/blog\/concurso-assembleia-legislativa-ce-casa-anuncia-reestruturacao-e-certame-com-100-vagas\/\"]}]},{\"@type\":\"ImageObject\",\"inLanguage\":\"pt-BR\",\"@id\":\"https:\/\/www.estrategiaconcursos.com.br\/blog\/concurso-assembleia-legislativa-ce-casa-anuncia-reestruturacao-e-certame-com-100-vagas\/#primaryimage\",\"url\":\"https:\/\/dhg1h5j42swfq.cloudfront.net\/2019\/10\/22135301\/download1.png\",\"contentUrl\":\"https:\/\/dhg1h5j42swfq.cloudfront.net\/2019\/10\/22135301\/download1.png\",\"width\":294,\"height\":171,\"caption\":\"concurso assembleia legislativa CE\"},{\"@type\":\"BreadcrumbList\",\"@id\":\"https:\/\/www.estrategiaconcursos.com.br\/blog\/concurso-assembleia-legislativa-ce-casa-anuncia-reestruturacao-e-certame-com-100-vagas\/#breadcrumb\",\"itemListElement\":[{\"@type\":\"ListItem\",\"position\":1,\"name\":\"In\u00edcio\",\"item\":\"https:\/\/www.estrategiaconcursos.com.br\/blog\/\"},{\"@type\":\"ListItem\",\"position\":2,\"name\":\"Concurso Assembleia Legislativa CE: Casa anuncia reestrutura\u00e7\u00e3o e certame com 100 vagas\"}]},{\"@type\":\"WebSite\",\"@id\":\"https:\/\/www.estrategiaconcursos.com.br\/blog\/#website\",\"url\":\"https:\/\/www.estrategiaconcursos.com.br\/blog\/\",\"name\":\"Estrat\u00e9gia Concursos\",\"description\":\"O blog da Estrat\u00e9gia Concursos traz not\u00edcias sobre concursos e artigos de professores oferecendo cursos para concursos (pdf + videaulas) no site.\",\"publisher\":{\"@id\":\"https:\/\/www.estrategiaconcursos.com.br\/blog\/#organization\"},\"potentialAction\":[{\"@type\":\"SearchAction\",\"target\":{\"@type\":\"EntryPoint\",\"urlTemplate\":\"https:\/\/www.estrategiaconcursos.com.br\/blog\/?s={search_term_string}\"},\"query-input\":{\"@type\":\"PropertyValueSpecification\",\"valueRequired\":true,\"valueName\":\"search_term_string\"}}],\"inLanguage\":\"pt-BR\"},{\"@type\":\"Organization\",\"@id\":\"https:\/\/www.estrategiaconcursos.com.br\/blog\/#organization\",\"name\":\"Estrat\u00e9gia Concursos\",\"url\":\"https:\/\/www.estrategiaconcursos.com.br\/blog\/\",\"logo\":{\"@type\":\"ImageObject\",\"inLanguage\":\"pt-BR\",\"@id\":\"https:\/\/www.estrategiaconcursos.com.br\/blog\/#\/schema\/logo\/image\/\",\"url\":\"https:\/\/dhg1h5j42swfq.cloudfront.net\/2025\/06\/03203428\/logo_concursos-1.jpg\",\"contentUrl\":\"https:\/\/dhg1h5j42swfq.cloudfront.net\/2025\/06\/03203428\/logo_concursos-1.jpg\",\"width\":230,\"height\":60,\"caption\":\"Estrat\u00e9gia Concursos\"},\"image\":{\"@id\":\"https:\/\/www.estrategiaconcursos.com.br\/blog\/#\/schema\/logo\/image\/\"},\"sameAs\":[\"https:\/\/x.com\/EstratConcursos\"]},{\"@type\":\"Person\",\"@id\":\"https:\/\/www.estrategiaconcursos.com.br\/blog\/#\/schema\/person\/751aedf909a9d10cb23ce6ac527ce0f2\",\"name\":\"Nat\u00e1lia Scarano\",\"image\":{\"@type\":\"ImageObject\",\"inLanguage\":\"pt-BR\",\"@id\":\"https:\/\/secure.gravatar.com\/avatar\/8a889b8db3dbd227a1a78627357ec8fe64f5e99189d1889a270127828ab372ac?s=96&d=mm&r=g\",\"url\":\"https:\/\/secure.gravatar.com\/avatar\/8a889b8db3dbd227a1a78627357ec8fe64f5e99189d1889a270127828ab372ac?s=96&d=mm&r=g\",\"contentUrl\":\"https:\/\/secure.gravatar.com\/avatar\/8a889b8db3dbd227a1a78627357ec8fe64f5e99189d1889a270127828ab372ac?s=96&d=mm&r=g\",\"caption\":\"Nat\u00e1lia Scarano\"},\"description\":\"Jornalista, formada e p\u00f3s graduada pelo IESB, faz parte do time de jornalistas do Estrat\u00e9gia desde 2017. Possui familiaridade com as \u00e1reas de Tribunais, Defensorias, Procuradorias, Minist\u00e9rios P\u00fablicos, Conselhos, Educa\u00e7\u00e3o, \u00c1rea de Seguran\u00e7a, concursos de Carreiras Jur\u00eddicas e OAB. Experi\u00eancia em marketing digital, assessoria de comunica\u00e7\u00e3o e institucional na \u00e1rea privada e p\u00fablica, com atua\u00e7\u00e3o em \u00f3rg\u00e3os como CGU, Cofen e CNM.\",\"url\":\"https:\/\/www.estrategiaconcursos.com.br\/blog\/author\/natalia-scaranoestrategiaconcursos-com-br\/\"}]}<\/script>\n<!-- \/ Yoast SEO Premium plugin. -->","yoast_head_json":{"title":"Concurso Assembleia Legislativa CE: Casa anuncia reestrutura\u00e7\u00e3o e certame com 100 vagas","robots":{"index":"index","follow":"follow","max-snippet":"max-snippet:-1","max-image-preview":"max-image-preview:large","max-video-preview":"max-video-preview:-1"},"canonical":"https:\/\/www.estrategiaconcursos.com.br\/blog\/concurso-assembleia-legislativa-ce-casa-anuncia-reestruturacao-e-certame-com-100-vagas\/","og_locale":"pt_BR","og_type":"article","og_title":"Concurso Assembleia Legislativa CE: Casa anuncia reestrutura\u00e7\u00e3o e certame com 100 vagas","og_description":"Com certame previsto na Lei Or\u00e7ament\u00e1ria Anual de 2020, a Assembleia Legislativa do Cear\u00e1 confirmou a realiza\u00e7\u00e3o de um novo certame para a Casa. O an\u00fancio foi feito pelo presidente da Casa Legislativa, deputado Jos\u00e9 Sarto, nesta quarta-feira, 23 de outubro. Sarto anunciou que o certame contar\u00e1 com 100 vagas, distribu\u00eddas em 16 \u00e1reas do [&hellip;]","og_url":"https:\/\/www.estrategiaconcursos.com.br\/blog\/concurso-assembleia-legislativa-ce-casa-anuncia-reestruturacao-e-certame-com-100-vagas\/","og_site_name":"Estrat\u00e9gia Concursos","article_published_time":"2019-10-23T22:25:55+00:00","article_modified_time":"2019-10-23T22:26:00+00:00","og_image":[{"width":294,"height":171,"url":"https:\/\/dhg1h5j42swfq.cloudfront.net\/2019\/10\/22135301\/download1.png","type":"image\/png"}],"author":"Nat\u00e1lia Scarano","twitter_card":"summary_large_image","twitter_creator":"@EstratConcursos","twitter_site":"@EstratConcursos","twitter_misc":{"Escrito por":"Nat\u00e1lia Scarano","Est. tempo de leitura":"2 minutos"},"schema":{"@context":"https:\/\/schema.org","@graph":[{"@type":"NewsArticle","@id":"https:\/\/www.estrategiaconcursos.com.br\/blog\/concurso-assembleia-legislativa-ce-casa-anuncia-reestruturacao-e-certame-com-100-vagas\/#article","isPartOf":{"@id":"https:\/\/www.estrategiaconcursos.com.br\/blog\/concurso-assembleia-legislativa-ce-casa-anuncia-reestruturacao-e-certame-com-100-vagas\/"},"author":{"name":"Nat\u00e1lia Scarano","@id":"https:\/\/www.estrategiaconcursos.com.br\/blog\/#\/schema\/person\/751aedf909a9d10cb23ce6ac527ce0f2"},"headline":"Concurso Assembleia Legislativa CE: Casa anuncia reestrutura\u00e7\u00e3o e certame com 100 vagas","datePublished":"2019-10-23T22:25:55+00:00","dateModified":"2019-10-23T22:26:00+00:00","mainEntityOfPage":{"@id":"https:\/\/www.estrategiaconcursos.com.br\/blog\/concurso-assembleia-legislativa-ce-casa-anuncia-reestruturacao-e-certame-com-100-vagas\/"},"wordCount":483,"commentCount":0,"publisher":{"@id":"https:\/\/www.estrategiaconcursos.com.br\/blog\/#organization"},"image":{"@id":"https:\/\/www.estrategiaconcursos.com.br\/blog\/concurso-assembleia-legislativa-ce-casa-anuncia-reestruturacao-e-certame-com-100-vagas\/#primaryimage"},"thumbnailUrl":"https:\/\/dhg1h5j42swfq.cloudfront.net\/2019\/10\/22135301\/download1.png","articleSection":["Concursos P\u00fablicos"],"inLanguage":"pt-BR","potentialAction":[{"@type":"CommentAction","name":"Comment","target":["https:\/\/www.estrategiaconcursos.com.br\/blog\/concurso-assembleia-legislativa-ce-casa-anuncia-reestruturacao-e-certame-com-100-vagas\/#respond"]}],"copyrightYear":"2019","copyrightHolder":{"@id":"https:\/\/www.estrategiaconcursos.com.br\/blog\/#organization"}},{"@type":"WebPage","@id":"https:\/\/www.estrategiaconcursos.com.br\/blog\/concurso-assembleia-legislativa-ce-casa-anuncia-reestruturacao-e-certame-com-100-vagas\/","url":"https:\/\/www.estrategiaconcursos.com.br\/blog\/concurso-assembleia-legislativa-ce-casa-anuncia-reestruturacao-e-certame-com-100-vagas\/","name":"Concurso Assembleia Legislativa CE: Casa anuncia reestrutura\u00e7\u00e3o e certame com 100 vagas","isPartOf":{"@id":"https:\/\/www.estrategiaconcursos.com.br\/blog\/#website"},"primaryImageOfPage":{"@id":"https:\/\/www.estrategiaconcursos.com.br\/blog\/concurso-assembleia-legislativa-ce-casa-anuncia-reestruturacao-e-certame-com-100-vagas\/#primaryimage"},"image":{"@id":"https:\/\/www.estrategiaconcursos.com.br\/blog\/concurso-assembleia-legislativa-ce-casa-anuncia-reestruturacao-e-certame-com-100-vagas\/#primaryimage"},"thumbnailUrl":"https:\/\/dhg1h5j42swfq.cloudfront.net\/2019\/10\/22135301\/download1.png","datePublished":"2019-10-23T22:25:55+00:00","dateModified":"2019-10-23T22:26:00+00:00","breadcrumb":{"@id":"https:\/\/www.estrategiaconcursos.com.br\/blog\/concurso-assembleia-legislativa-ce-casa-anuncia-reestruturacao-e-certame-com-100-vagas\/#breadcrumb"},"inLanguage":"pt-BR","potentialAction":[{"@type":"ReadAction","target":["https:\/\/www.estrategiaconcursos.com.br\/blog\/concurso-assembleia-legislativa-ce-casa-anuncia-reestruturacao-e-certame-com-100-vagas\/"]}]},{"@type":"ImageObject","inLanguage":"pt-BR","@id":"https:\/\/www.estrategiaconcursos.com.br\/blog\/concurso-assembleia-legislativa-ce-casa-anuncia-reestruturacao-e-certame-com-100-vagas\/#primaryimage","url":"https:\/\/dhg1h5j42swfq.cloudfront.net\/2019\/10\/22135301\/download1.png","contentUrl":"https:\/\/dhg1h5j42swfq.cloudfront.net\/2019\/10\/22135301\/download1.png","width":294,"height":171,"caption":"concurso assembleia legislativa CE"},{"@type":"BreadcrumbList","@id":"https:\/\/www.estrategiaconcursos.com.br\/blog\/concurso-assembleia-legislativa-ce-casa-anuncia-reestruturacao-e-certame-com-100-vagas\/#breadcrumb","itemListElement":[{"@type":"ListItem","position":1,"name":"In\u00edcio","item":"https:\/\/www.estrategiaconcursos.com.br\/blog\/"},{"@type":"ListItem","position":2,"name":"Concurso Assembleia Legislativa CE: Casa anuncia reestrutura\u00e7\u00e3o e certame com 100 vagas"}]},{"@type":"WebSite","@id":"https:\/\/www.estrategiaconcursos.com.br\/blog\/#website","url":"https:\/\/www.estrategiaconcursos.com.br\/blog\/","name":"Estrat\u00e9gia Concursos","description":"O blog da Estrat\u00e9gia Concursos traz not\u00edcias sobre concursos e artigos de professores oferecendo cursos para concursos (pdf + videaulas) no site.","publisher":{"@id":"https:\/\/www.estrategiaconcursos.com.br\/blog\/#organization"},"potentialAction":[{"@type":"SearchAction","target":{"@type":"EntryPoint","urlTemplate":"https:\/\/www.estrategiaconcursos.com.br\/blog\/?s={search_term_string}"},"query-input":{"@type":"PropertyValueSpecification","valueRequired":true,"valueName":"search_term_string"}}],"inLanguage":"pt-BR"},{"@type":"Organization","@id":"https:\/\/www.estrategiaconcursos.com.br\/blog\/#organization","name":"Estrat\u00e9gia Concursos","url":"https:\/\/www.estrategiaconcursos.com.br\/blog\/","logo":{"@type":"ImageObject","inLanguage":"pt-BR","@id":"https:\/\/www.estrategiaconcursos.com.br\/blog\/#\/schema\/logo\/image\/","url":"https:\/\/dhg1h5j42swfq.cloudfront.net\/2025\/06\/03203428\/logo_concursos-1.jpg","contentUrl":"https:\/\/dhg1h5j42swfq.cloudfront.net\/2025\/06\/03203428\/logo_concursos-1.jpg","width":230,"height":60,"caption":"Estrat\u00e9gia Concursos"},"image":{"@id":"https:\/\/www.estrategiaconcursos.com.br\/blog\/#\/schema\/logo\/image\/"},"sameAs":["https:\/\/x.com\/EstratConcursos"]},{"@type":"Person","@id":"https:\/\/www.estrategiaconcursos.com.br\/blog\/#\/schema\/person\/751aedf909a9d10cb23ce6ac527ce0f2","name":"Nat\u00e1lia Scarano","image":{"@type":"ImageObject","inLanguage":"pt-BR","@id":"https:\/\/secure.gravatar.com\/avatar\/8a889b8db3dbd227a1a78627357ec8fe64f5e99189d1889a270127828ab372ac?s=96&d=mm&r=g","url":"https:\/\/secure.gravatar.com\/avatar\/8a889b8db3dbd227a1a78627357ec8fe64f5e99189d1889a270127828ab372ac?s=96&d=mm&r=g","contentUrl":"https:\/\/secure.gravatar.com\/avatar\/8a889b8db3dbd227a1a78627357ec8fe64f5e99189d1889a270127828ab372ac?s=96&d=mm&r=g","caption":"Nat\u00e1lia Scarano"},"description":"Jornalista, formada e p\u00f3s graduada pelo IESB, faz parte do time de jornalistas do Estrat\u00e9gia desde 2017. Possui familiaridade com as \u00e1reas de Tribunais, Defensorias, Procuradorias, Minist\u00e9rios P\u00fablicos, Conselhos, Educa\u00e7\u00e3o, \u00c1rea de Seguran\u00e7a, concursos de Carreiras Jur\u00eddicas e OAB. Experi\u00eancia em marketing digital, assessoria de comunica\u00e7\u00e3o e institucional na \u00e1rea privada e p\u00fablica, com atua\u00e7\u00e3o em \u00f3rg\u00e3os como CGU, Cofen e CNM.","url":"https:\/\/www.estrategiaconcursos.com.br\/blog\/author\/natalia-scaranoestrategiaconcursos-com-br\/"}]}},"_links":{"self":[{"href":"https:\/\/www.estrategiaconcursos.com.br\/blog\/wp-json\/wp\/v2\/posts\/439197","targetHints":{"allow":["GET"]}}],"collection":[{"href":"https:\/\/www.estrategiaconcursos.com.br\/blog\/wp-json\/wp\/v2\/posts"}],"about":[{"href":"https:\/\/www.estrategiaconcursos.com.br\/blog\/wp-json\/wp\/v2\/types\/post"}],"author":[{"embeddable":true,"href":"https:\/\/www.estrategiaconcursos.com.br\/blog\/wp-json\/wp\/v2\/users\/657"}],"replies":[{"embeddable":true,"href":"https:\/\/www.estrategiaconcursos.com.br\/blog\/wp-json\/wp\/v2\/comments?post=439197"}],"version-history":[{"count":1,"href":"https:\/\/www.estrategiaconcursos.com.br\/blog\/wp-json\/wp\/v2\/posts\/439197\/revisions"}],"predecessor-version":[{"id":439205,"href":"https:\/\/www.estrategiaconcursos.com.br\/blog\/wp-json\/wp\/v2\/posts\/439197\/revisions\/439205"}],"wp:featuredmedia":[{"embeddable":true,"href":"https:\/\/www.estrategiaconcursos.com.br\/blog\/wp-json\/wp\/v2\/media\/438315"}],"wp:attachment":[{"href":"https:\/\/www.estrategiaconcursos.com.br\/blog\/wp-json\/wp\/v2\/media?parent=439197"}],"wp:term":[{"taxonomy":"category","embeddable":true,"href":"https:\/\/www.estrategiaconcursos.com.br\/blog\/wp-json\/wp\/v2\/categories?post=439197"},{"taxonomy":"post_tag","embeddable":true,"href":"https:\/\/www.estrategiaconcursos.com.br\/blog\/wp-json\/wp\/v2\/tags?post=439197"},{"taxonomy":"tax_estado","embeddable":true,"href":"https:\/\/www.estrategiaconcursos.com.br\/blog\/wp-json\/wp\/v2\/tax_estado?post=439197"}],"curies":[{"name":"wp","href":"https:\/\/api.w.org\/{rel}","templated":true}]}}