{"id":438930,"date":"2019-10-23T21:27:14","date_gmt":"2019-10-24T00:27:14","guid":{"rendered":"https:\/\/www.estrategiaconcursos.com.br\/blog\/?p=438930"},"modified":"2023-07-07T11:18:50","modified_gmt":"2023-07-07T14:18:50","slug":"seja-oficial-temporario-marinha-brasil","status":"publish","type":"post","link":"https:\/\/www.estrategiaconcursos.com.br\/blog\/seja-oficial-temporario-marinha-brasil\/","title":{"rendered":"Oficial Tempor\u00e1rio da Marinha do Brasil: Conhe\u00e7a a carreira!"},"content":{"rendered":"\n<p><strong>Conhe\u00e7a tudo sobre a carreira de Oficial Tempor\u00e1rio da Marinha, Oficial RM2,  neste artigo!<\/strong><\/p>\n\n\n\n<p>Ol\u00e1 alunos!<br \/>Tudo bem?<\/p>\n\n\n\n<p>A Marinha do Brasil abriu inscri\u00e7\u00f5es para Processo Seletivo para o Servi\u00e7o Militar Volunt\u00e1rio (SMV), destinado a selecionar Oficiais RM2 (tempor\u00e1rios). H\u00e1 vagas em todo o Brasil. <\/p>\n\n\n\n<p>Como voc\u00eas j\u00e1 devem estar sabendo, o edital do <strong>processo seletivo para o Servi\u00e7o Militar Volunt\u00e1rio (SMV)<\/strong>&nbsp;de Oficiais RM2 (tempor\u00e1rios) foi&nbsp;<strong>publicado e as inscri\u00e7\u00f5es come\u00e7am hoje (23) e v\u00e3o at\u00e9 o dia 4 de novembro<\/strong>!<\/p>\n\n\n\n<p>O soldo \u00e9\nexcelente, al\u00e9m dos adicionais concedidos (adicional de habilita\u00e7\u00e3o e militar),\no que totaliza uma <strong>remunera\u00e7\u00e3o inicial\nno valor de R$ 9.021,07<\/strong>, que pode ser ainda maior no caso de militar com\np\u00f3s-gradua\u00e7\u00e3o, mestrado ou doutorado.<\/p>\n\n\n\n<p>H\u00e1 <strong>398<\/strong> <strong>vagas em todo o pa\u00eds<\/strong> e para diversas forma\u00e7\u00f5es: Direito, Ci\u00eancias N\u00e1uticas, Ci\u00eancias Cont\u00e1beis, Psicologia, Administra\u00e7\u00e3o, Comunica\u00e7\u00e3o Social, Inform\u00e1tica, Engenharias, Magist\u00e9rio, Medicina, Odontologia, Farm\u00e1cia, Veterin\u00e1ria, Biologia, Fisioterapia, Fonoaudiologia, Nutri\u00e7\u00e3o, Enfermagem etc.<\/p>\n\n\n\n<p>Se voc\u00ea tem interesse em saber mais sobre o edital, o Estrat\u00e9gia preparou um artigo voltado aos detalhes do <a href=\"https:\/\/www.estrategiaconcursos.com.br\/blog\/concurso-oficiais-smv\/\">Processo Seletivo para Oficial tempor\u00e1rio da Marinha<\/a>.<\/p>\n\n\n\n<p>Agora se voc\u00ea quer saber como \u00e9 o dia a dia (<em>de verdade, a vida)<\/em> de um Oficial Tempor\u00e1rio da Marinha (RM2), continue lendo este post, pois quem vos escreve \u00e9 uma Oficial da Marinha da reserva n\u00e3o remunerada.<\/p>\n\n\n\n<p>Servi \u00e0 Marinha do Brasil como Oficial RM2 do Quadro T\u00e9cnico, na especialidade Direito, na cidade de Itaja\u00ed\/SC, tendo me licenciado em 2018.<\/p>\n\n\n\n<h2 class=\"wp-block-heading\" id=\"h-diferenca-entre-um-oficial-temporario-e-o-de-carreira\"><strong>DIFEREN\u00c7A ENTRE UM\nOFICIAL TEMPOR\u00c1RIO E O DE CARREIRA<\/strong><\/h2>\n\n\n\n<p>Rapidamente, irei apontar algumas diferen\u00e7as b\u00e1sicas entre um Oficial Tempor\u00e1rio da Marinha (RM2) \u2013 que \u00e9 o caso deste processo seletivo \u2013 para um de carreira.<\/p>\n\n\n\n<p>O<strong> Oficial de carreira<\/strong>, geralmente, ingressa na Marinha do Brasil ap\u00f3s aprova\u00e7\u00e3o em curso na Escola Naval (que \u00e9 um curso superior com dura\u00e7\u00e3o de 4 anos) ou, quando graduados nas habilita\u00e7\u00f5es requeridas pelo Servi\u00e7o Naval, ap\u00f3s aprovado em Concurso P\u00fablico. <\/p>\n\n\n\n<p>J\u00e1 o <strong>Oficial tempor\u00e1rio da Marinh<\/strong>a \u00e9 algu\u00e9m que possui forma\u00e7\u00e3o de n\u00edvel superior e que realiza o Processo Seletivo para ingresso no Servi\u00e7o Militar Volunt\u00e1rio &#8211; SMV (como este cujas inscri\u00e7\u00f5es come\u00e7am hoje), ingressando na carreira como Guarda-Marinha.<\/p>\n\n\n\n<p>Outra diferen\u00e7a \u00e9 quanto \u00e0 possibilidade de transfer\u00eancia de\nsede, que s\u00f3 ocorre para os Oficiais de carreira. Ou seja, a carreira do\nOficial RM2 ocorrer\u00e1 inteiramente em um mesmo local, j\u00e1 que as vagas s\u00e3o\ndistribu\u00eddas por munic\u00edpio.<\/p>\n\n\n\n<p>Quanto \u00e0 evolu\u00e7\u00e3o na carreira, tamb\u00e9m h\u00e1 diferen\u00e7as, j\u00e1 que o Oficial RM2, que presta o Servi\u00e7o Militar Volunt\u00e1rio (SMV), \u00e9 promovido durante interst\u00edcios menores que os Oficiais de carreira. <\/p>\n\n\n\n<p>Assim, sua carreira come\u00e7a como Guarda-Marinha (Pra\u00e7a Especial), sendo que ap\u00f3s apenas seis meses j\u00e1 \u00e9 promovido ao posto de Segundo-Tenente. Passados mais seis meses, ocorre a sua promo\u00e7\u00e3o ao posto de Primeiro-Tenente, podendo chegar ao posto de Capit\u00e3o-Tenente no \u00faltimo ano da carreira.<\/p>\n\n\n\n<p>\u00c9 bem interessante mencionar que, embora o militar seja tempor\u00e1rio, a hierarquia, antiguidade e preced\u00eancia ocorre do mesmo modo como ocorre com os militares de carreira.<\/p>\n\n\n\n<p>Por fim, vale citar a quest\u00e3o da estabilidade: os militares\ntempor\u00e1rios n\u00e3o possuem expectativa de estabilidade ao final dos oito anos.\nIsso porque o v\u00ednculo \u00e9 prec\u00e1rio, formalizado por meio de um contrato, que \u00e9\nrenovado anualmente, sendo que o limite de tempo de servi\u00e7o \u00e9 de 8 anos. <\/p>\n\n\n\n<p>Ainda quanto a este ponto, lembra-se que o Oficial tempor\u00e1rio da Marinha pode interromper o v\u00ednculo quando desejar. Caso cumpra o contrato anual, recebe a indeniza\u00e7\u00e3o, que falaremos adiante, por ano trabalhado. Do contr\u00e1rio, recebe apenas o sal\u00e1rio, 13\u00b0 e f\u00e9rias proporcionais.<\/p>\n\n\n\n<h2 class=\"wp-block-heading\" id=\"h-curso-de-formacao-militar\"><strong>CURSO DE FORMA\u00c7\u00c3O MILITAR<\/strong><\/h2>\n\n\n\n<p>Ap\u00f3s ser aprovado no Processo Seletivo para o SMV, o militar \u00e9 incorporado \u00e0 For\u00e7a e ingressa no Curso de Forma\u00e7\u00e3o Militar, com dura\u00e7\u00e3o aproximada de 90 dias, realizado em diversas Organiza\u00e7\u00f5es Militares (OM) do pa\u00eds, a depender da OM em que ir\u00e1 servir (escolhida no momento do processo seletivo).<\/p>\n\n\n\n<p>Neste curso, ser\u00e3o ministradas disciplinas te\u00f3ricas afins \u00e0\n\u00e1rea militar, que v\u00e3o desde Marinharia, Regulamentos Disciplinares a\nCerimoniais. Tamb\u00e9m h\u00e1 treinamentos f\u00edsico-militares, de sobreviv\u00eancia e de\ntiro.<\/p>\n\n\n\n<figure class=\"wp-block-image aligncenter is-resized\"><img loading=\"lazy\" decoding=\"async\" src=\"https:\/\/dhg1h5j42swfq.cloudfront.net\/2019\/10\/23135405\/IMG-20191023-WA0013.jpg\" alt=\"curso de forma\u00e7\u00e3o militar, eis, est\u00e1gio inicial ao servi\u00e7o militar; militares; treinamento militar; marinha do brasil; guarda-marinha; processo seletivo; smv; servi\u00e7o militar volunt\u00e1rio; militar; oficial da marinha; oficial rm2 da marinha; oficial tempor\u00e1rio da marinha; organiza\u00e7\u00e3o militar; como ingressar na marinha como tempor\u00e1rio; como ingressar na marinha como oficial; ingresso na marinha; direito; concursos para direito; marinha do brasil\" class=\"wp-image-438931\" width=\"424\" height=\"282\" srcset=\"https:\/\/dhg1h5j42swfq.cloudfront.net\/2019\/10\/23135405\/IMG-20191023-WA0013.jpg 1024w, https:\/\/dhg1h5j42swfq.cloudfront.net\/2019\/10\/23135405\/IMG-20191023-WA0013.jpg 300w, https:\/\/dhg1h5j42swfq.cloudfront.net\/2019\/10\/23135405\/IMG-20191023-WA0013.jpg 768w, https:\/\/dhg1h5j42swfq.cloudfront.net\/2019\/10\/23135405\/IMG-20191023-WA0013.jpg 610w\" sizes=\"auto, (max-width: 424px) 100vw, 424px\" \/><figcaption class=\"wp-element-caption\"> <br \/>Foto: Felipe Fischer \u2013 Oficial tempor\u00e1rio da Marinha do Brasil &#8211; Curso de Forma\u00e7\u00e3o dos Oficiais RM2 na EAMSC &#8211; Turma I\/2019<\/figcaption><\/figure>\n\n\n\n<p>Com certeza, voc\u00ea nunca viveu algo parecido!&nbsp; <\/p>\n\n\n\n<p>Isso porque os dias s\u00e3o intensos, em que voc\u00ea vivenciar\u00e1 um pouco da carreira militar, ser\u00e1 preparado para suportar momentos de press\u00e3o e tens\u00e3o, assim como aprender\u00e1 a se comportar nas mais diversas situa\u00e7\u00f5es que ocorrem na vida na caserna. <\/p>\n\n\n\n<figure class=\"wp-block-image aligncenter is-resized\"><img loading=\"lazy\" decoding=\"async\" src=\"https:\/\/dhg1h5j42swfq.cloudfront.net\/2019\/10\/23135431\/Formatura-Luana.jpg.jpg\" alt=\"militar; marinha do brasil; formatura militares; formatura guarda-marinha; formatura oficiais rm2; oficiais tempor\u00e1rios; processo seletivo; smv; servi\u00e7o militar volunt\u00e1rio; militar; oficial da marinha; oficial rm2 da marinha; oficial tempor\u00e1rio da marinha; organiza\u00e7\u00e3o militar; como ingressar na marinha como tempor\u00e1rio; como ingressar na marinha como oficial; ingresso na marinha; direito; concursos para direito; marinha do brasil\" class=\"wp-image-438932\" width=\"439\" height=\"246\" srcset=\"https:\/\/dhg1h5j42swfq.cloudfront.net\/2019\/10\/23135431\/Formatura-Luana.jpg.jpg 3072w, https:\/\/dhg1h5j42swfq.cloudfront.net\/2019\/10\/23135431\/Formatura-Luana.jpg.jpg 300w, https:\/\/dhg1h5j42swfq.cloudfront.net\/2019\/10\/23135431\/Formatura-Luana.jpg.jpg 768w, https:\/\/dhg1h5j42swfq.cloudfront.net\/2019\/10\/23135431\/Formatura-Luana.jpg.jpg 1024w, https:\/\/dhg1h5j42swfq.cloudfront.net\/2019\/10\/23135431\/Formatura-Luana.jpg.jpg 610w\" sizes=\"auto, (max-width: 439px) 100vw, 439px\" \/><figcaption class=\"wp-element-caption\"> <br \/>Formatura dos Oficiais tempor\u00e1rios da Marinha \u2013 Turma I\/2014 \u2013 Rio Grande\/RS <\/figcaption><\/figure>\n\n\n\n<p>Al\u00e9m do curso de forma\u00e7\u00e3o, os oficiais que servem nas Capitanias, Delegacias e Ag\u00eancias fazem um curso chamado ESPOC \u2013 Est\u00e1gio Preparat\u00f3rio para Oficiais, ministrado no Centro de Instru\u00e7\u00e3o Almirante Gra\u00e7a Aranha (CIAGA), no Rio de Janeiro\/RJ.<\/p>\n\n\n\n<h2 class=\"wp-block-heading\" id=\"h-o-que-faz-um-militar-temporario-da-marinha\"><strong>O QUE FAZ UM <\/strong>MILITAR TEMPOR\u00c1RIO DA MARINHA<\/h2>\n\n\n\n<p>Cada oficial ser\u00e1 designado para exercer uma fun\u00e7\u00e3o\npreferencialmente na sua \u00e1rea de forma\u00e7\u00e3o, mas pode ocorrer de o militar ter\nque assumir alguma fun\u00e7\u00e3o colateral.&nbsp; <\/p>\n\n\n\n<p>No meu caso, por exemplo, como sou formada em <strong>Direito<\/strong>, fui designada para ser Encarregada da Assessoria Jur\u00eddica, mas, por algum tempo, acumulei a fun\u00e7\u00e3o de Encarregada da Comunica\u00e7\u00e3o Social da Delegacia da Capitania dos Portos em Itaja\u00ed \u2013 DelItaja\u00ed.<\/p>\n\n\n\n<p>Como Encarregada da Assessoria Jur\u00eddica, era respons\u00e1vel por assessorar o comando em todas as decis\u00f5es relacionadas \u00e0 \u00e1rea jur\u00eddica, o que engloba demandas judiciais e administrativas. <\/p>\n\n\n\n<p>Tamb\u00e9m era respons\u00e1vel pela condu\u00e7\u00e3o dos Inqu\u00e9ritos Administrativos sobre Acidentes e Fatos da Navega\u00e7\u00e3o (IAFN), que s\u00e3o procedimentos investigativos relacionados a naufr\u00e1gios, colis\u00f5es, abalroamentos, morte de pessoa no mar envolvendo embarca\u00e7\u00e3o etc. <\/p>\n\n\n\n<figure class=\"wp-block-image aligncenter is-resized\"><img loading=\"lazy\" decoding=\"async\" src=\"https:\/\/dhg1h5j42swfq.cloudfront.net\/2019\/10\/23135723\/1T-Luana-Vogal-em-Cerim%C3%B4nia-de-Troca-de-Comando-da-DelItaja%C3%AD-cortada.jpg\" alt=\"militar; marinha do brasil; cerim\u00f4nia militar; passagem de comando militar; formatura oficiais rm2; oficiais tempor\u00e1rios; comandante; processo seletivo; smv; servi\u00e7o militar volunt\u00e1rio; militar; oficial da marinha; oficial rm2 da marinha; oficial tempor\u00e1rio da marinha; organiza\u00e7\u00e3o militar; como ingressar na marinha como tempor\u00e1rio; como ingressar na marinha como oficial; ingresso na marinha; direito; concursos para direito; marinha do brasil\" class=\"wp-image-438934\" width=\"380\" height=\"274\" srcset=\"https:\/\/dhg1h5j42swfq.cloudfront.net\/2019\/10\/23135723\/1T-Luana-Vogal-em-Cerim%C3%B4nia-de-Troca-de-Comando-da-DelItaja%C3%AD-cortada.jpg 3018w, https:\/\/dhg1h5j42swfq.cloudfront.net\/2019\/10\/23135723\/1T-Luana-Vogal-em-Cerim%C3%B4nia-de-Troca-de-Comando-da-DelItaja%C3%AD-cortada.jpg 300w, https:\/\/dhg1h5j42swfq.cloudfront.net\/2019\/10\/23135723\/1T-Luana-Vogal-em-Cerim%C3%B4nia-de-Troca-de-Comando-da-DelItaja%C3%AD-cortada.jpg 768w, https:\/\/dhg1h5j42swfq.cloudfront.net\/2019\/10\/23135723\/1T-Luana-Vogal-em-Cerim%C3%B4nia-de-Troca-de-Comando-da-DelItaja%C3%AD-cortada.jpg 1024w, https:\/\/dhg1h5j42swfq.cloudfront.net\/2019\/10\/23135723\/1T-Luana-Vogal-em-Cerim%C3%B4nia-de-Troca-de-Comando-da-DelItaja%C3%AD-cortada.jpg 610w\" sizes=\"auto, (max-width: 380px) 100vw, 380px\" \/><figcaption class=\"wp-element-caption\"> <br \/>Primeiro-Tenente (RM2-T) Luana na fun\u00e7\u00e3o de Vogal em cerim\u00f4nia de passagem de comando na DelItaja\u00ed (2015). Na foto, da esquerda para a direita, Capit\u00e3o de Fragata Porto, Capit\u00e3o de Mar e Guerra Freire e Capit\u00e3o de Fragata Feres.<br \/>Foto: Prefeitura Municipal de Itaja\u00ed\/SC<\/figcaption><\/figure>\n\n\n\n<p>Por outro lado, como Encarregada da Comunica\u00e7\u00e3o Social, assessorava a divulga\u00e7\u00e3o de not\u00edcias, <em>releases <\/em>e notas \u00e0 imprensa, relacionamento direto com ve\u00edculos de comunica\u00e7\u00e3o, &nbsp;organiza\u00e7\u00e3o de cerim\u00f4nias e eventos, participa\u00e7\u00e3o em eventos, al\u00e9m de ter sido a cerimonialista (vogal) da Delegacia por algum tempo.<\/p>\n\n\n\n<p>Al\u00e9m da sua fun\u00e7\u00e3o principal, o militar ter\u00e1 outras atividades, como, por exemplo, a fun\u00e7\u00e3o de Oficial de Servi\u00e7o, que \u00e9 um \u201cplant\u00e3o\u201d de 24 horas em que o Oficial ser\u00e1 o respons\u00e1vel pela organiza\u00e7\u00e3o e perfeito funcionamento da Organiza\u00e7\u00e3o Militar, o que envolve a seguran\u00e7a da OM.&nbsp; <\/p>\n\n\n\n<p><\/p>\n\n\n\n<p>Ademais, o militar pode ser escalado para atuar em qualquer outra fun\u00e7\u00e3o designada pelo seu superior, como atividades de <strong>inspe\u00e7\u00e3o naval<\/strong> (com o uso de viaturas, lanchas, motoaqu\u00e1ticas e helic\u00f3pteros), <strong>miss\u00f5es <\/strong>em outros munic\u00edpios da jurisdi\u00e7\u00e3o da sua Organiza\u00e7\u00e3o Militar, <strong>representa\u00e7\u00e3o <\/strong>do comando em eventos oficiais etc. <\/p>\n\n\n\n<figure class=\"wp-block-image aligncenter is-resized\"><img loading=\"lazy\" decoding=\"async\" src=\"https:\/\/dhg1h5j42swfq.cloudfront.net\/2019\/10\/23135807\/Mulheres-Evento-da-Prefeitura-de-Itaja%C3%AD-Dia-Internacional-da-Mulher.jpg\" alt=\"militar; marinha do brasil; cerim\u00f4nia militar; representa\u00e7\u00e3o; oficiais tempor\u00e1rios; mulher na marinha; desfile; processo seletivo; smv; servi\u00e7o militar volunt\u00e1rio; militar; oficial da marinha; oficial rm2 da marinha; oficial tempor\u00e1rio da marinha; organiza\u00e7\u00e3o militar; como ingressar na marinha como tempor\u00e1rio; como ingressar na marinha como oficial; ingresso na marinha; direito; concursos para direito; marinha do brasil\" class=\"wp-image-438935\" width=\"420\" height=\"315\" srcset=\"https:\/\/dhg1h5j42swfq.cloudfront.net\/2019\/10\/23135807\/Mulheres-Evento-da-Prefeitura-de-Itaja%C3%AD-Dia-Internacional-da-Mulher.jpg 1299w, https:\/\/dhg1h5j42swfq.cloudfront.net\/2019\/10\/23135807\/Mulheres-Evento-da-Prefeitura-de-Itaja%C3%AD-Dia-Internacional-da-Mulher.jpg 300w, https:\/\/dhg1h5j42swfq.cloudfront.net\/2019\/10\/23135807\/Mulheres-Evento-da-Prefeitura-de-Itaja%C3%AD-Dia-Internacional-da-Mulher.jpg 768w, https:\/\/dhg1h5j42swfq.cloudfront.net\/2019\/10\/23135807\/Mulheres-Evento-da-Prefeitura-de-Itaja%C3%AD-Dia-Internacional-da-Mulher.jpg 1024w, https:\/\/dhg1h5j42swfq.cloudfront.net\/2019\/10\/23135807\/Mulheres-Evento-da-Prefeitura-de-Itaja%C3%AD-Dia-Internacional-da-Mulher.jpg 610w\" sizes=\"auto, (max-width: 420px) 100vw, 420px\" \/><figcaption class=\"wp-element-caption\">Evento em Comemora\u00e7\u00e3o ao Dia Internacional  da Mulher promovido pela Prefeitura Municipal de Itaja\u00ed<br \/>Foto: Victor Schneider \u2013 <a href=\"https:\/\/www.flickr.com\/photos\/secomitajai\/albums\/72157665481830261\">Prefeitura Municipal de Itaja\u00ed\/SC<\/a> <\/figcaption><\/figure>\n\n\n\n<p>Tamb\u00e9m pode ser convocado a atuar em programas especiais do<strong> governo federal<\/strong>, tais como ocorreu, no ano de 2017, no combate ao mosquito<em> Aedes aegypti<\/em>.<\/p>\n\n\n\n<p>Ainda, deve estar preparado para <strong>comandar <\/strong>os seus subordinados imediatos ou at\u00e9 mesmo a tropa inteira em certas ocasi\u00f5es.<\/p>\n\n\n\n<p>A Marinha do Brasil, assim como as demais For\u00e7as, realizam diversas <strong>a\u00e7\u00f5es sociais<\/strong>. Um exemplo \u00e9 a Corrida da Paz, tamb\u00e9m conhecida como <em>CISM Day Run<\/em>, que ocorre anualmente no mundo todo.<\/p>\n\n\n\n<figure class=\"wp-block-image aligncenter is-resized\"><img loading=\"lazy\" decoding=\"async\" src=\"https:\/\/dhg1h5j42swfq.cloudfront.net\/2019\/10\/23135946\/corrida-da-paz-19022017-fotos-marcos-porto_32970541056_o.jpg\" alt=\"CISM Day Run; Corrida da Paz. militar; marinha do brasil; oficiais rm2; oficiais tempor\u00e1rios; a\u00e7\u00e3o social; mulher na marinha\" class=\"wp-image-438937\" width=\"433\" height=\"287\" srcset=\"https:\/\/dhg1h5j42swfq.cloudfront.net\/2019\/10\/23135946\/corrida-da-paz-19022017-fotos-marcos-porto_32970541056_o.jpg 4928w, https:\/\/dhg1h5j42swfq.cloudfront.net\/2019\/10\/23135946\/corrida-da-paz-19022017-fotos-marcos-porto_32970541056_o.jpg 300w, https:\/\/dhg1h5j42swfq.cloudfront.net\/2019\/10\/23135946\/corrida-da-paz-19022017-fotos-marcos-porto_32970541056_o.jpg 768w, https:\/\/dhg1h5j42swfq.cloudfront.net\/2019\/10\/23135946\/corrida-da-paz-19022017-fotos-marcos-porto_32970541056_o.jpg 1024w, https:\/\/dhg1h5j42swfq.cloudfront.net\/2019\/10\/23135946\/corrida-da-paz-19022017-fotos-marcos-porto_32970541056_o.jpg 610w\" sizes=\"auto, (max-width: 433px) 100vw, 433px\" \/><figcaption class=\"wp-element-caption\"> <br \/>Foto: Marcos Porto \u2013 <a href=\"https:\/\/www.flickr.com\/photos\/secomitajai\/albums\/72157676978861394\">Prefeitura Municipal de Itaja\u00ed\/SC <\/a><\/figcaption><\/figure>\n\n\n\n<p>Enfim, deve-se ter em mente que voc\u00ea ser\u00e1 um militar da<strong> Marinha do Brasil<\/strong>, cuja <strong><a href=\"https:\/\/www.marinha.mil.br\/content\/missao-e-visao-de-futuro-da-marinha\">miss\u00e3o<\/a><\/strong><a href=\"https:\/\/www.marinha.mil.br\/content\/missao-e-visao-de-futuro-da-marinha\"> <\/a>\u00e9: <\/p>\n\n\n\n<p>&#8220;Preparar e empregar o Poder Naval, a fim de contribuir para a Defesa da P\u00e1tria; para a garantia dos poderes constitucionais e, por iniciativa de qualquer destes, da lei e da ordem; para o cumprimento das atribui\u00e7\u00f5es subsidi\u00e1rias previstas em Lei; e para o apoio \u00e0 Pol\u00edtica Externa\u201d.<\/p>\n\n\n\n<figure class=\"wp-block-image aligncenter is-resized\"><img loading=\"lazy\" decoding=\"async\" src=\"https:\/\/dhg1h5j42swfq.cloudfront.net\/2019\/10\/23140051\/Juramento.jpg.jpg\" alt=\"marinha do brasil; smv; cerim\u00f4nia de juramento \u00e0 bandeira; marinha do brasil; oficial rm2 tempor\u00e1rio, formatura oficiais da marinha; processo seletivo; smv; servi\u00e7o militar volunt\u00e1rio; militar; oficial da marinha; oficial rm2 da marinha; oficial tempor\u00e1rio da marinha; organiza\u00e7\u00e3o militar; como ingressar na marinha como tempor\u00e1rio; como ingressar na marinha como oficial; ingresso na marinha; direito; concursos para direito; marinha do brasil\" class=\"wp-image-438944\" width=\"408\" height=\"308\"\/><figcaption class=\"wp-element-caption\"> <br \/>Foto: Cerim\u00f4nia de Juramento \u00e0 Bandeira Nacional pelos Guardas-Marinha (RM2-Md e RM2-T), Turma I\/2014 \u2013 Com5\u00b0DN <\/figcaption><\/figure>\n\n\n\n<p>Para isso, in\u00fameras atividades s\u00e3o necess\u00e1rias, sendo t\u00e3o\ndiversas que \u00e9 imposs\u00edvel citar todas nesse texto. S\u00f3 vivendo para saber!<\/p>\n\n\n\n<h2 class=\"wp-block-heading\" id=\"h-dedicacao-exclusiva\"><strong>DEDICA\u00c7\u00c3O EXCLUSIVA<\/strong><\/h2>\n\n\n\n<p>O militar o \u00e9 24 horas por dia at\u00e9 o fim dos seus 8 anos de\nservi\u00e7o.<\/p>\n\n\n\n<p>Em raz\u00e3o disso, diferentemente do que ocorre na esfera civil,\no militar n\u00e3o possui carga hor\u00e1ria a ser cumprida, devendo estar \u00e0 disposi\u00e7\u00e3o\ndo comando em tempo integral.<\/p>\n\n\n\n<p>Claro que n\u00e3o ficamos na Organiza\u00e7\u00e3o Militar em regime de\ninternato. Mas, mesmo quando na sua resid\u00eancia, ap\u00f3s a licen\u00e7a (momento em que\ntermina o expediente), o militar pode ser acionado e deve regressar\nimediatamente.<\/p>\n\n\n\n<p>Por isso, ao militar n\u00e3o \u00e9 permitido acumular cargo, emprego ou fun\u00e7\u00e3o p\u00fablica, na Administra\u00e7\u00e3o P\u00fablica Federal, Estadual ou Municipal, ainda que da Administra\u00e7\u00e3o Indireta. Apenas os profissionais de sa\u00fade com profiss\u00f5es regulamentadas s\u00e3o excepcionados dessa regra. <\/p>\n\n\n\n<p>Muitas vezes, o militar tem que regressar para bordo (termo usado na Marinha para designar a Organiza\u00e7\u00e3o Militar) em raz\u00e3o de ocorr\u00eancias an\u00f4malas, tais como um acidente envolvendo embarca\u00e7\u00e3o ou desaparecimento de pessoa no mar, situa\u00e7\u00e3o em que deve ser aberto um SAR &#8211; <em>Search And Rescue<\/em>.<\/p>\n\n\n\n<h2 class=\"wp-block-heading\" id=\"h-beneficios\"><strong>BENEF\u00cdCIOS<\/strong><\/h2>\n\n\n\n<p>A Marinha possui muitos <strong>benef\u00edcios<\/strong>, como oportunidade de crescimento profissional, de realiza\u00e7\u00e3o de cursos e aperfei\u00e7oamentos, viagens, conhecimento de pessoas etc.<\/p>\n\n\n\n<p>Tamb\u00e9m proporciona<strong> assist\u00eancia m\u00e9dico-hospitalar<\/strong>, odontol\u00f3gica, psicol\u00f3gica, social e religiosa, a qual pode ser estendida aos seus dependentes e pensionistas.<\/p>\n\n\n\n<p>A depender da localidade em que cumprir o servi\u00e7o, o Oficial tempor\u00e1rio da Marinha tamb\u00e9m poder\u00e1 participar dos<strong> clubes e sociedades recreativas<\/strong>.<\/p>\n\n\n\n<p>Ainda, a cada tr\u00eas anos, \u00e9 concedido o <strong>aux\u00edlio fardamento<\/strong>, que corresponde a um soldo, ou seja, um valor que, atualmente, gira em torno de R$ 9.000,00 e que n\u00e3o precisa ser gasto integralmente com a sua farda. O que \u00e9 exigido \u00e9 que ela esteja sempre impec\u00e1vel.<\/p>\n\n\n\n<p>Por fim, o militar recebe toda a <strong>alimenta\u00e7\u00e3o<\/strong> durante o tempo em que estiver de servi\u00e7o, o que inclui caf\u00e9 da manh\u00e3, almo\u00e7o, jantar e ceia.<\/p>\n\n\n\n<h2 class=\"wp-block-heading\" id=\"h-mulheres-na-marinha\"><strong>MULHERES NA MARINHA<\/strong><\/h2>\n\n\n\n<p>Se voc\u00ea, assim como eu, \u00e9 mulher e tem receio sobre como ser\u00e1 a sua vida na Marinha, vou passar a minha experi\u00eancia.<\/p>\n\n\n\n<p>Sou filha de militar, ent\u00e3o j\u00e1 conhecia um pouco a vida de um Oficial da Marinha. Mas confesso que tinha uma impress\u00e3o de que a vida militar n\u00e3o era para as mulheres.<\/p>\n\n\n\n<p>Por\u00e9m, durante os anos em que servi \u00e0 Marinha, pude mudar a minha ideia inicial e conhecer muitas mulheres que se identificam bastante com a carreira militar. Algumas at\u00e9 que, ap\u00f3s viverem a experi\u00eancia como RM2, decidiram estudar para ingressarem de forma permanente \u00e0 institui\u00e7\u00e3o.<\/p>\n\n\n\n<figure class=\"wp-block-image aligncenter is-resized\"><img loading=\"lazy\" decoding=\"async\" src=\"https:\/\/dhg1h5j42swfq.cloudfront.net\/2019\/10\/23140309\/Dia-de-Ingresso-da-Mulher-na-MB.jpg\" alt=\"militar; marinha do brasil; oficiais rm2; oficiais tempor\u00e1rios; smvi; a\u00e7\u00e3o social; mulher na marinha; processo seletivo; smv; servi\u00e7o militar volunt\u00e1rio; militar; oficial da marinha; oficial rm2 da marinha; oficial tempor\u00e1rio da marinha; organiza\u00e7\u00e3o militar; como ingressar na marinha como tempor\u00e1rio; como ingressar na marinha como oficial; ingresso na marinha; direito; concursos para direito; marinha do brasil\" class=\"wp-image-438945\" width=\"260\" height=\"361\" srcset=\"https:\/\/dhg1h5j42swfq.cloudfront.net\/2019\/10\/23140309\/Dia-de-Ingresso-da-Mulher-na-MB.jpg 474w, https:\/\/dhg1h5j42swfq.cloudfront.net\/2019\/10\/23140309\/Dia-de-Ingresso-da-Mulher-na-MB.jpg 215w\" sizes=\"auto, (max-width: 260px) 100vw, 260px\" \/><figcaption class=\"wp-element-caption\"> Homenagem \u00e0s mulheres no Dia de Anivers\u00e1rio de Ingresso das Mulheres na MB. <\/figcaption><\/figure>\n\n\n\n<p>Na Marinha, somos tratadas de igual para igual, de modo que a\nm\u00e1xima \u00e9 que a mulher tem as mesmas for\u00e7as, capacidades e habilidades que um\nhomem. <\/p>\n\n\n\n<p>Inclusive, a Marinha foi <strong>a primeira das For\u00e7as Armadas a permitir o ingresso de mulheres<\/strong>, que hoje \u00e9 comemorado no dia 7 de julho.<\/p>\n\n\n\n<p>Portanto, mulheres, n\u00e3o temam, porque <strong>esta profiss\u00e3o tamb\u00e9m \u00e9 para n\u00f3s<\/strong>!<\/p>\n\n\n\n<h2 class=\"wp-block-heading\" id=\"h-termino-do-servico-voluntario\"><strong>T\u00c9RMINO DO SERVI\u00c7O\nVOLUNT\u00c1RIO<\/strong><\/h2>\n\n\n\n<p><strong>Ao final dos 8 anos, o Oficial tempor\u00e1rio da Marinha \u00e9 desligado<\/strong> da Organiza\u00e7\u00e3o Militar, passando a integrar os quadros dos militares da reserva n\u00e3o remunerada.<\/p>\n\n\n\n<p>Como forma de <strong>indeniza\u00e7\u00e3o<\/strong>, o militar recebe um soldo para cada ano de servi\u00e7o prestado, ou seja, sua indeniza\u00e7\u00e3o pode chegar a cerca de R$ 100.000,00!<\/p>\n\n\n\n<p>Mas o desligamento pode ocorrer antes desse per\u00edodo caso\nassim deseje o militar. Nesse caso, para receber a indeniza\u00e7\u00e3o, o militar deve\ncumprir o contrato anual.<\/p>\n\n\n\n<p>Al\u00e9m disso, ao final do servi\u00e7o militar volunt\u00e1rio, voc\u00ea estar\u00e1 com uma bagagem de conhecimento e de experi\u00eancias de vida diferenciadas, pois a Marinha \u00e9 uma institui\u00e7\u00e3o secular e de muito respeito pela sociedade. <\/p>\n\n\n\n<p>Ou seja, o seu curr\u00edculo ser\u00e1 enriquecido com essa experi\u00eancia \u00fanica e engrandecedora.<\/p>\n\n\n\n<p><em><strong>Gostou dessa oportunidade e deseja come\u00e7ar a se preparar agora mesmo? Confira abaixo nosso curso exclusivo para esse concurso e inicie seus estudos!<\/strong><\/em><\/p>\n\n\n\n<p class=\"has-text-align-center has-cyan-bluish-gray-background-color has-background\"><a href=\"https:\/\/www.estrategiaconcursos.com.br\/curso\/pacote-p-oficiais-rm2-smv-com-videoaulas-pos-edital\/\"><strong>CURSO PARA OFICIAIS RM2 (SMV) DA MARINHA<\/strong><\/a><\/p>\n\n\n\n<p>Luana Vicente dos Santos Furlani<br \/>Coach do Estrat\u00e9gia Concursos<br \/>Instagram: @luvicentesantos <br \/><\/p>\n\n\n\n<p class=\"has-text-align-center has-pale-cyan-blue-background-color has-background\"><strong>ASSINE AGORA&nbsp;\u2013&nbsp;<a rel=\"noreferrer noopener\" href=\"https:\/\/www.estrategiaconcursos.com.br\/assinaturas\" target=\"_blank\">Assinatura Ilimitada<\/a><\/strong><\/p>\n\n\n\n<p class=\"has-text-align-center has-pale-cyan-blue-background-color has-background\"><strong><a href=\"https:\/\/www.estrategiaconcursos.com.br\/blog\/concursos-abertos\/\">CONCURSOS ABERTOS<\/a><\/strong><\/p>\n","protected":false},"excerpt":{"rendered":"<p>Conhe\u00e7a tudo sobre a carreira de Oficial Tempor\u00e1rio da Marinha, Oficial RM2, neste artigo! Ol\u00e1 alunos!Tudo bem? A Marinha do Brasil abriu inscri\u00e7\u00f5es para Processo Seletivo para o Servi\u00e7o Militar Volunt\u00e1rio (SMV), destinado a selecionar Oficiais RM2 (tempor\u00e1rios). H\u00e1 vagas em todo o Brasil. Como voc\u00eas j\u00e1 devem estar sabendo, o edital do processo seletivo [&hellip;]<\/p>\n","protected":false},"author":1409,"featured_media":446303,"comment_status":"open","ping_status":"closed","sticky":false,"template":"","format":"standard","meta":{"post_tipo":"article","footnotes":""},"categories":[1],"tags":[],"tax_estado":[],"class_list":["post-438930","post","type-post","status-publish","format-standard","has-post-thumbnail","hentry","category-cursos-e-concursos"],"acf":[],"yoast_head":"<!-- This site is optimized with the Yoast SEO Premium plugin v27.2 (Yoast SEO v27.2) - https:\/\/yoast.com\/product\/yoast-seo-premium-wordpress\/ -->\n<title>Oficial Tempor\u00e1rio da Marinha do Brasil: Conhe\u00e7a a carreira!<\/title>\n<meta name=\"description\" content=\"Abertas inscri\u00e7\u00f5es para o Processo Seletivo para Servi\u00e7o Militar Volunt\u00e1rio - SMV - Oficial Tempor\u00e1rio da Marinha do Brasil. Conhe\u00e7a a carreira. Estrat\u00e9gia Concursos\" \/>\n<meta name=\"robots\" content=\"index, follow, max-snippet:-1, max-image-preview:large, max-video-preview:-1\" \/>\n<link rel=\"canonical\" href=\"https:\/\/www.estrategiaconcursos.com.br\/blog\/seja-oficial-temporario-marinha-brasil\/\" \/>\n<meta property=\"og:locale\" content=\"pt_BR\" \/>\n<meta property=\"og:type\" content=\"article\" \/>\n<meta property=\"og:title\" content=\"Oficial Tempor\u00e1rio da Marinha do Brasil: Conhe\u00e7a a carreira!\" \/>\n<meta property=\"og:description\" content=\"Abertas inscri\u00e7\u00f5es para o Processo Seletivo para Servi\u00e7o Militar Volunt\u00e1rio - SMV - Oficial Tempor\u00e1rio da Marinha do Brasil. Conhe\u00e7a a carreira. Estrat\u00e9gia Concursos\" \/>\n<meta property=\"og:url\" content=\"https:\/\/www.estrategiaconcursos.com.br\/blog\/seja-oficial-temporario-marinha-brasil\/\" \/>\n<meta property=\"og:site_name\" content=\"Estrat\u00e9gia Concursos\" \/>\n<meta property=\"article:published_time\" content=\"2019-10-24T00:27:14+00:00\" \/>\n<meta property=\"article:modified_time\" content=\"2023-07-07T14:18:50+00:00\" \/>\n<meta property=\"og:image\" content=\"https:\/\/dhg1h5j42swfq.cloudfront.net\/2019\/10\/09164419\/Oficial-Tempor%C3%A1rio-da-Marinha-do-Brasil-Conhe%C3%A7a-a-carreira.jpg-1024x576.jpg\" \/>\n\t<meta property=\"og:image:width\" content=\"1024\" \/>\n\t<meta property=\"og:image:height\" content=\"576\" \/>\n\t<meta property=\"og:image:type\" content=\"image\/jpeg\" \/>\n<meta name=\"author\" content=\"Luana Vicente dos Santos Furlani\" \/>\n<meta name=\"twitter:card\" content=\"summary_large_image\" \/>\n<meta name=\"twitter:creator\" content=\"@EstratConcursos\" \/>\n<meta name=\"twitter:site\" content=\"@EstratConcursos\" \/>\n<meta name=\"twitter:label1\" content=\"Escrito por\" \/>\n\t<meta name=\"twitter:data1\" content=\"Luana Vicente dos Santos Furlani\" \/>\n\t<meta name=\"twitter:label2\" content=\"Est. tempo de leitura\" \/>\n\t<meta name=\"twitter:data2\" content=\"11 minutos\" \/>\n<script type=\"application\/ld+json\" class=\"yoast-schema-graph\">{\"@context\":\"https:\/\/schema.org\",\"@graph\":[{\"@type\":\"NewsArticle\",\"@id\":\"https:\/\/www.estrategiaconcursos.com.br\/blog\/seja-oficial-temporario-marinha-brasil\/#article\",\"isPartOf\":{\"@id\":\"https:\/\/www.estrategiaconcursos.com.br\/blog\/seja-oficial-temporario-marinha-brasil\/\"},\"author\":{\"name\":\"Luana Vicente dos Santos Furlani\",\"@id\":\"https:\/\/www.estrategiaconcursos.com.br\/blog\/#\/schema\/person\/54e8ab1be98e69d952e9401d1139d420\"},\"headline\":\"Oficial Tempor\u00e1rio da Marinha do Brasil: Conhe\u00e7a a carreira!\",\"datePublished\":\"2019-10-24T00:27:14+00:00\",\"dateModified\":\"2023-07-07T14:18:50+00:00\",\"mainEntityOfPage\":{\"@id\":\"https:\/\/www.estrategiaconcursos.com.br\/blog\/seja-oficial-temporario-marinha-brasil\/\"},\"wordCount\":2184,\"commentCount\":30,\"publisher\":{\"@id\":\"https:\/\/www.estrategiaconcursos.com.br\/blog\/#organization\"},\"image\":{\"@id\":\"https:\/\/www.estrategiaconcursos.com.br\/blog\/seja-oficial-temporario-marinha-brasil\/#primaryimage\"},\"thumbnailUrl\":\"https:\/\/dhg1h5j42swfq.cloudfront.net\/2019\/10\/09164419\/Oficial-Tempor%C3%A1rio-da-Marinha-do-Brasil-Conhe%C3%A7a-a-carreira.jpg.jpg\",\"articleSection\":[\"Concursos P\u00fablicos\"],\"inLanguage\":\"pt-BR\",\"potentialAction\":[{\"@type\":\"CommentAction\",\"name\":\"Comment\",\"target\":[\"https:\/\/www.estrategiaconcursos.com.br\/blog\/seja-oficial-temporario-marinha-brasil\/#respond\"]}],\"copyrightYear\":\"2019\",\"copyrightHolder\":{\"@id\":\"https:\/\/www.estrategiaconcursos.com.br\/blog\/#organization\"}},{\"@type\":\"WebPage\",\"@id\":\"https:\/\/www.estrategiaconcursos.com.br\/blog\/seja-oficial-temporario-marinha-brasil\/\",\"url\":\"https:\/\/www.estrategiaconcursos.com.br\/blog\/seja-oficial-temporario-marinha-brasil\/\",\"name\":\"Oficial Tempor\u00e1rio da Marinha do Brasil: Conhe\u00e7a a carreira!\",\"isPartOf\":{\"@id\":\"https:\/\/www.estrategiaconcursos.com.br\/blog\/#website\"},\"primaryImageOfPage\":{\"@id\":\"https:\/\/www.estrategiaconcursos.com.br\/blog\/seja-oficial-temporario-marinha-brasil\/#primaryimage\"},\"image\":{\"@id\":\"https:\/\/www.estrategiaconcursos.com.br\/blog\/seja-oficial-temporario-marinha-brasil\/#primaryimage\"},\"thumbnailUrl\":\"https:\/\/dhg1h5j42swfq.cloudfront.net\/2019\/10\/09164419\/Oficial-Tempor%C3%A1rio-da-Marinha-do-Brasil-Conhe%C3%A7a-a-carreira.jpg.jpg\",\"datePublished\":\"2019-10-24T00:27:14+00:00\",\"dateModified\":\"2023-07-07T14:18:50+00:00\",\"description\":\"Abertas inscri\u00e7\u00f5es para o Processo Seletivo para Servi\u00e7o Militar Volunt\u00e1rio - SMV - Oficial Tempor\u00e1rio da Marinha do Brasil. Conhe\u00e7a a carreira. Estrat\u00e9gia Concursos\",\"breadcrumb\":{\"@id\":\"https:\/\/www.estrategiaconcursos.com.br\/blog\/seja-oficial-temporario-marinha-brasil\/#breadcrumb\"},\"inLanguage\":\"pt-BR\",\"potentialAction\":[{\"@type\":\"ReadAction\",\"target\":[\"https:\/\/www.estrategiaconcursos.com.br\/blog\/seja-oficial-temporario-marinha-brasil\/\"]}]},{\"@type\":\"ImageObject\",\"inLanguage\":\"pt-BR\",\"@id\":\"https:\/\/www.estrategiaconcursos.com.br\/blog\/seja-oficial-temporario-marinha-brasil\/#primaryimage\",\"url\":\"https:\/\/dhg1h5j42swfq.cloudfront.net\/2019\/10\/09164419\/Oficial-Tempor%C3%A1rio-da-Marinha-do-Brasil-Conhe%C3%A7a-a-carreira.jpg.jpg\",\"contentUrl\":\"https:\/\/dhg1h5j42swfq.cloudfront.net\/2019\/10\/09164419\/Oficial-Tempor%C3%A1rio-da-Marinha-do-Brasil-Conhe%C3%A7a-a-carreira.jpg.jpg\",\"width\":3072,\"height\":1728,\"caption\":\"Oficial Tempor\u00e1rio da Marinha do Brasil Conhe\u00e7a a carreira!\"},{\"@type\":\"BreadcrumbList\",\"@id\":\"https:\/\/www.estrategiaconcursos.com.br\/blog\/seja-oficial-temporario-marinha-brasil\/#breadcrumb\",\"itemListElement\":[{\"@type\":\"ListItem\",\"position\":1,\"name\":\"In\u00edcio\",\"item\":\"https:\/\/www.estrategiaconcursos.com.br\/blog\/\"},{\"@type\":\"ListItem\",\"position\":2,\"name\":\"Oficial Tempor\u00e1rio da Marinha do Brasil: Conhe\u00e7a a carreira!\"}]},{\"@type\":\"WebSite\",\"@id\":\"https:\/\/www.estrategiaconcursos.com.br\/blog\/#website\",\"url\":\"https:\/\/www.estrategiaconcursos.com.br\/blog\/\",\"name\":\"Estrat\u00e9gia Concursos\",\"description\":\"O blog da Estrat\u00e9gia Concursos traz not\u00edcias sobre concursos e artigos de professores oferecendo cursos para concursos (pdf + videaulas) no site.\",\"publisher\":{\"@id\":\"https:\/\/www.estrategiaconcursos.com.br\/blog\/#organization\"},\"potentialAction\":[{\"@type\":\"SearchAction\",\"target\":{\"@type\":\"EntryPoint\",\"urlTemplate\":\"https:\/\/www.estrategiaconcursos.com.br\/blog\/?s={search_term_string}\"},\"query-input\":{\"@type\":\"PropertyValueSpecification\",\"valueRequired\":true,\"valueName\":\"search_term_string\"}}],\"inLanguage\":\"pt-BR\"},{\"@type\":\"Organization\",\"@id\":\"https:\/\/www.estrategiaconcursos.com.br\/blog\/#organization\",\"name\":\"Estrat\u00e9gia Concursos\",\"url\":\"https:\/\/www.estrategiaconcursos.com.br\/blog\/\",\"logo\":{\"@type\":\"ImageObject\",\"inLanguage\":\"pt-BR\",\"@id\":\"https:\/\/www.estrategiaconcursos.com.br\/blog\/#\/schema\/logo\/image\/\",\"url\":\"https:\/\/dhg1h5j42swfq.cloudfront.net\/2025\/06\/03203428\/logo_concursos-1.jpg\",\"contentUrl\":\"https:\/\/dhg1h5j42swfq.cloudfront.net\/2025\/06\/03203428\/logo_concursos-1.jpg\",\"width\":230,\"height\":60,\"caption\":\"Estrat\u00e9gia Concursos\"},\"image\":{\"@id\":\"https:\/\/www.estrategiaconcursos.com.br\/blog\/#\/schema\/logo\/image\/\"},\"sameAs\":[\"https:\/\/x.com\/EstratConcursos\"]},{\"@type\":\"Person\",\"@id\":\"https:\/\/www.estrategiaconcursos.com.br\/blog\/#\/schema\/person\/54e8ab1be98e69d952e9401d1139d420\",\"name\":\"Luana Vicente dos Santos Furlani\",\"image\":{\"@type\":\"ImageObject\",\"inLanguage\":\"pt-BR\",\"@id\":\"https:\/\/secure.gravatar.com\/avatar\/97c11946bf10d0c74254014e271f5f4594ec11fe3a9c6ace926417c009f1a41b?s=96&d=mm&r=g\",\"url\":\"https:\/\/secure.gravatar.com\/avatar\/97c11946bf10d0c74254014e271f5f4594ec11fe3a9c6ace926417c009f1a41b?s=96&d=mm&r=g\",\"contentUrl\":\"https:\/\/secure.gravatar.com\/avatar\/97c11946bf10d0c74254014e271f5f4594ec11fe3a9c6ace926417c009f1a41b?s=96&d=mm&r=g\",\"caption\":\"Luana Vicente dos Santos Furlani\"},\"url\":\"https:\/\/www.estrategiaconcursos.com.br\/blog\/author\/luana-vicentefurlanigmail-com\/\"}]}<\/script>\n<!-- \/ Yoast SEO Premium plugin. -->","yoast_head_json":{"title":"Oficial Tempor\u00e1rio da Marinha do Brasil: Conhe\u00e7a a carreira!","description":"Abertas inscri\u00e7\u00f5es para o Processo Seletivo para Servi\u00e7o Militar Volunt\u00e1rio - SMV - Oficial Tempor\u00e1rio da Marinha do Brasil. Conhe\u00e7a a carreira. Estrat\u00e9gia Concursos","robots":{"index":"index","follow":"follow","max-snippet":"max-snippet:-1","max-image-preview":"max-image-preview:large","max-video-preview":"max-video-preview:-1"},"canonical":"https:\/\/www.estrategiaconcursos.com.br\/blog\/seja-oficial-temporario-marinha-brasil\/","og_locale":"pt_BR","og_type":"article","og_title":"Oficial Tempor\u00e1rio da Marinha do Brasil: Conhe\u00e7a a carreira!","og_description":"Abertas inscri\u00e7\u00f5es para o Processo Seletivo para Servi\u00e7o Militar Volunt\u00e1rio - SMV - Oficial Tempor\u00e1rio da Marinha do Brasil. Conhe\u00e7a a carreira. Estrat\u00e9gia Concursos","og_url":"https:\/\/www.estrategiaconcursos.com.br\/blog\/seja-oficial-temporario-marinha-brasil\/","og_site_name":"Estrat\u00e9gia Concursos","article_published_time":"2019-10-24T00:27:14+00:00","article_modified_time":"2023-07-07T14:18:50+00:00","og_image":[{"width":1024,"height":576,"url":"https:\/\/dhg1h5j42swfq.cloudfront.net\/2019\/10\/09164419\/Oficial-Tempor%C3%A1rio-da-Marinha-do-Brasil-Conhe%C3%A7a-a-carreira.jpg-1024x576.jpg","type":"image\/jpeg"}],"author":"Luana Vicente dos Santos Furlani","twitter_card":"summary_large_image","twitter_creator":"@EstratConcursos","twitter_site":"@EstratConcursos","twitter_misc":{"Escrito por":"Luana Vicente dos Santos Furlani","Est. tempo de leitura":"11 minutos"},"schema":{"@context":"https:\/\/schema.org","@graph":[{"@type":"NewsArticle","@id":"https:\/\/www.estrategiaconcursos.com.br\/blog\/seja-oficial-temporario-marinha-brasil\/#article","isPartOf":{"@id":"https:\/\/www.estrategiaconcursos.com.br\/blog\/seja-oficial-temporario-marinha-brasil\/"},"author":{"name":"Luana Vicente dos Santos Furlani","@id":"https:\/\/www.estrategiaconcursos.com.br\/blog\/#\/schema\/person\/54e8ab1be98e69d952e9401d1139d420"},"headline":"Oficial Tempor\u00e1rio da Marinha do Brasil: Conhe\u00e7a a carreira!","datePublished":"2019-10-24T00:27:14+00:00","dateModified":"2023-07-07T14:18:50+00:00","mainEntityOfPage":{"@id":"https:\/\/www.estrategiaconcursos.com.br\/blog\/seja-oficial-temporario-marinha-brasil\/"},"wordCount":2184,"commentCount":30,"publisher":{"@id":"https:\/\/www.estrategiaconcursos.com.br\/blog\/#organization"},"image":{"@id":"https:\/\/www.estrategiaconcursos.com.br\/blog\/seja-oficial-temporario-marinha-brasil\/#primaryimage"},"thumbnailUrl":"https:\/\/dhg1h5j42swfq.cloudfront.net\/2019\/10\/09164419\/Oficial-Tempor%C3%A1rio-da-Marinha-do-Brasil-Conhe%C3%A7a-a-carreira.jpg.jpg","articleSection":["Concursos P\u00fablicos"],"inLanguage":"pt-BR","potentialAction":[{"@type":"CommentAction","name":"Comment","target":["https:\/\/www.estrategiaconcursos.com.br\/blog\/seja-oficial-temporario-marinha-brasil\/#respond"]}],"copyrightYear":"2019","copyrightHolder":{"@id":"https:\/\/www.estrategiaconcursos.com.br\/blog\/#organization"}},{"@type":"WebPage","@id":"https:\/\/www.estrategiaconcursos.com.br\/blog\/seja-oficial-temporario-marinha-brasil\/","url":"https:\/\/www.estrategiaconcursos.com.br\/blog\/seja-oficial-temporario-marinha-brasil\/","name":"Oficial Tempor\u00e1rio da Marinha do Brasil: Conhe\u00e7a a carreira!","isPartOf":{"@id":"https:\/\/www.estrategiaconcursos.com.br\/blog\/#website"},"primaryImageOfPage":{"@id":"https:\/\/www.estrategiaconcursos.com.br\/blog\/seja-oficial-temporario-marinha-brasil\/#primaryimage"},"image":{"@id":"https:\/\/www.estrategiaconcursos.com.br\/blog\/seja-oficial-temporario-marinha-brasil\/#primaryimage"},"thumbnailUrl":"https:\/\/dhg1h5j42swfq.cloudfront.net\/2019\/10\/09164419\/Oficial-Tempor%C3%A1rio-da-Marinha-do-Brasil-Conhe%C3%A7a-a-carreira.jpg.jpg","datePublished":"2019-10-24T00:27:14+00:00","dateModified":"2023-07-07T14:18:50+00:00","description":"Abertas inscri\u00e7\u00f5es para o Processo Seletivo para Servi\u00e7o Militar Volunt\u00e1rio - SMV - Oficial Tempor\u00e1rio da Marinha do Brasil. Conhe\u00e7a a carreira. Estrat\u00e9gia Concursos","breadcrumb":{"@id":"https:\/\/www.estrategiaconcursos.com.br\/blog\/seja-oficial-temporario-marinha-brasil\/#breadcrumb"},"inLanguage":"pt-BR","potentialAction":[{"@type":"ReadAction","target":["https:\/\/www.estrategiaconcursos.com.br\/blog\/seja-oficial-temporario-marinha-brasil\/"]}]},{"@type":"ImageObject","inLanguage":"pt-BR","@id":"https:\/\/www.estrategiaconcursos.com.br\/blog\/seja-oficial-temporario-marinha-brasil\/#primaryimage","url":"https:\/\/dhg1h5j42swfq.cloudfront.net\/2019\/10\/09164419\/Oficial-Tempor%C3%A1rio-da-Marinha-do-Brasil-Conhe%C3%A7a-a-carreira.jpg.jpg","contentUrl":"https:\/\/dhg1h5j42swfq.cloudfront.net\/2019\/10\/09164419\/Oficial-Tempor%C3%A1rio-da-Marinha-do-Brasil-Conhe%C3%A7a-a-carreira.jpg.jpg","width":3072,"height":1728,"caption":"Oficial Tempor\u00e1rio da Marinha do Brasil Conhe\u00e7a a carreira!"},{"@type":"BreadcrumbList","@id":"https:\/\/www.estrategiaconcursos.com.br\/blog\/seja-oficial-temporario-marinha-brasil\/#breadcrumb","itemListElement":[{"@type":"ListItem","position":1,"name":"In\u00edcio","item":"https:\/\/www.estrategiaconcursos.com.br\/blog\/"},{"@type":"ListItem","position":2,"name":"Oficial Tempor\u00e1rio da Marinha do Brasil: Conhe\u00e7a a carreira!"}]},{"@type":"WebSite","@id":"https:\/\/www.estrategiaconcursos.com.br\/blog\/#website","url":"https:\/\/www.estrategiaconcursos.com.br\/blog\/","name":"Estrat\u00e9gia Concursos","description":"O blog da Estrat\u00e9gia Concursos traz not\u00edcias sobre concursos e artigos de professores oferecendo cursos para concursos (pdf + videaulas) no site.","publisher":{"@id":"https:\/\/www.estrategiaconcursos.com.br\/blog\/#organization"},"potentialAction":[{"@type":"SearchAction","target":{"@type":"EntryPoint","urlTemplate":"https:\/\/www.estrategiaconcursos.com.br\/blog\/?s={search_term_string}"},"query-input":{"@type":"PropertyValueSpecification","valueRequired":true,"valueName":"search_term_string"}}],"inLanguage":"pt-BR"},{"@type":"Organization","@id":"https:\/\/www.estrategiaconcursos.com.br\/blog\/#organization","name":"Estrat\u00e9gia Concursos","url":"https:\/\/www.estrategiaconcursos.com.br\/blog\/","logo":{"@type":"ImageObject","inLanguage":"pt-BR","@id":"https:\/\/www.estrategiaconcursos.com.br\/blog\/#\/schema\/logo\/image\/","url":"https:\/\/dhg1h5j42swfq.cloudfront.net\/2025\/06\/03203428\/logo_concursos-1.jpg","contentUrl":"https:\/\/dhg1h5j42swfq.cloudfront.net\/2025\/06\/03203428\/logo_concursos-1.jpg","width":230,"height":60,"caption":"Estrat\u00e9gia Concursos"},"image":{"@id":"https:\/\/www.estrategiaconcursos.com.br\/blog\/#\/schema\/logo\/image\/"},"sameAs":["https:\/\/x.com\/EstratConcursos"]},{"@type":"Person","@id":"https:\/\/www.estrategiaconcursos.com.br\/blog\/#\/schema\/person\/54e8ab1be98e69d952e9401d1139d420","name":"Luana Vicente dos Santos Furlani","image":{"@type":"ImageObject","inLanguage":"pt-BR","@id":"https:\/\/secure.gravatar.com\/avatar\/97c11946bf10d0c74254014e271f5f4594ec11fe3a9c6ace926417c009f1a41b?s=96&d=mm&r=g","url":"https:\/\/secure.gravatar.com\/avatar\/97c11946bf10d0c74254014e271f5f4594ec11fe3a9c6ace926417c009f1a41b?s=96&d=mm&r=g","contentUrl":"https:\/\/secure.gravatar.com\/avatar\/97c11946bf10d0c74254014e271f5f4594ec11fe3a9c6ace926417c009f1a41b?s=96&d=mm&r=g","caption":"Luana Vicente dos Santos Furlani"},"url":"https:\/\/www.estrategiaconcursos.com.br\/blog\/author\/luana-vicentefurlanigmail-com\/"}]}},"_links":{"self":[{"href":"https:\/\/www.estrategiaconcursos.com.br\/blog\/wp-json\/wp\/v2\/posts\/438930","targetHints":{"allow":["GET"]}}],"collection":[{"href":"https:\/\/www.estrategiaconcursos.com.br\/blog\/wp-json\/wp\/v2\/posts"}],"about":[{"href":"https:\/\/www.estrategiaconcursos.com.br\/blog\/wp-json\/wp\/v2\/types\/post"}],"author":[{"embeddable":true,"href":"https:\/\/www.estrategiaconcursos.com.br\/blog\/wp-json\/wp\/v2\/users\/1409"}],"replies":[{"embeddable":true,"href":"https:\/\/www.estrategiaconcursos.com.br\/blog\/wp-json\/wp\/v2\/comments?post=438930"}],"version-history":[{"count":16,"href":"https:\/\/www.estrategiaconcursos.com.br\/blog\/wp-json\/wp\/v2\/posts\/438930\/revisions"}],"predecessor-version":[{"id":1244930,"href":"https:\/\/www.estrategiaconcursos.com.br\/blog\/wp-json\/wp\/v2\/posts\/438930\/revisions\/1244930"}],"wp:featuredmedia":[{"embeddable":true,"href":"https:\/\/www.estrategiaconcursos.com.br\/blog\/wp-json\/wp\/v2\/media\/446303"}],"wp:attachment":[{"href":"https:\/\/www.estrategiaconcursos.com.br\/blog\/wp-json\/wp\/v2\/media?parent=438930"}],"wp:term":[{"taxonomy":"category","embeddable":true,"href":"https:\/\/www.estrategiaconcursos.com.br\/blog\/wp-json\/wp\/v2\/categories?post=438930"},{"taxonomy":"post_tag","embeddable":true,"href":"https:\/\/www.estrategiaconcursos.com.br\/blog\/wp-json\/wp\/v2\/tags?post=438930"},{"taxonomy":"tax_estado","embeddable":true,"href":"https:\/\/www.estrategiaconcursos.com.br\/blog\/wp-json\/wp\/v2\/tax_estado?post=438930"}],"curies":[{"name":"wp","href":"https:\/\/api.w.org\/{rel}","templated":true}]}}