{"id":438923,"date":"2019-10-23T14:34:00","date_gmt":"2019-10-23T17:34:00","guid":{"rendered":"https:\/\/www.estrategiaconcursos.com.br\/blog\/?p=438923"},"modified":"2019-11-08T16:50:58","modified_gmt":"2019-11-08T19:50:58","slug":"lancamento-da-trilha-estrategica-pos-edital-smv-oficiais-da-marinha","status":"publish","type":"post","link":"https:\/\/www.estrategiaconcursos.com.br\/blog\/lancamento-da-trilha-estrategica-pos-edital-smv-oficiais-da-marinha\/","title":{"rendered":"Lan\u00e7amento da Trilha Estrat\u00e9gica p\u00f3s edital SMV &#8211; Oficiais da Marinha"},"content":{"rendered":"\n<p>Ap\u00f3s a publica\u00e7\u00e3o do Aviso de Convoca\u00e7\u00e3o para o Servi\u00e7o Militar Volunt\u00e1rio da Marinha,\u00a0<strong>edital do concurso Oficiais<\/strong>\u00a0<strong>SMV\u00a0tempor\u00e1rios<\/strong>, chegou a hora de n\u00f3s intensificarmos os estudos.<\/p>\n\n\n\n<p>Com a prova prevista para o dia 09FEV2020, temos aproximadamente 3 meses e meio para estudarmos todo o conte\u00fado solicitado na bibliografia do certame. Temos pouco tempo? Sim! Por\u00e9m, quem estuda com o Estrat\u00e9gia ter\u00e1 acesso ao caminho das pedras para a aprova\u00e7\u00e3o!  <\/p>\n\n\n\n<p> Al\u00e9m do material te\u00f3rico completo para este certame, n\u00f3s elaboramos um curso com 850 quest\u00f5es in\u00e9ditas no n\u00edvel da prova e a <em><strong>Trilha Estrat\u00e9gica<\/strong><\/em>!<\/p>\n\n\n\n<p>Mas, o que seria uma Trilha Estrat\u00e9gica? <\/p>\n\n\n\n<p> Nada mais \u00e9 do um arquivo em PDF, lan\u00e7ado semanalmente na \u00e1rea do aluno, <strong>indicando sugest\u00f5es de estudo, por disciplina e ciclos de estudos <\/strong>. Em r\u00e1pidas palavras, as Trilhas Estrat\u00e9gicas s\u00e3o formadas por 3 elementos: arquivos em\u00a0<em>pdf<\/em>,\u00a0<em>Telegram<\/em>\u00a0e o\u00a0<em>coach<\/em>.<\/p>\n\n\n\n<p>Os\u00a0<strong><em>arquivos em pdf<\/em><\/strong>\u00a0das Trilhas s\u00e3o elaborados e liberados, semanalmente, pelo organizador da trilha, atrav\u00e9s da \u00c1rea do Aluno assinante ou que adquirir o pacote para o <strong>SMV &#8211; Oficiais<\/strong>. Esses arquivos trazem direcionamento para 1 (uma) semana de estudo.<\/p>\n\n\n\n<p>O\u00a0<strong><em>Telegram<\/em><\/strong>\u00a0\u00e9 a plataforma que vai permitir o contato do organizador da trilha com os alunos assinantes. Atrav\u00e9s do\u00a0<em>Telegram<\/em>, o organizador manter\u00e1 contato com os alunos enviando informa\u00e7\u00f5es importantes, dicas e conte\u00fados motivacionais. E os alunos poder\u00e3o enviar suas d\u00favidas.<\/p>\n\n\n\n<p>O\u00a0<em><strong>coach<\/strong><\/em>\u00a0ser\u00e1 o organizador da Trilha Estrat\u00e9gica e respons\u00e1vel pelo acompanhamento dos alunos por meio do\u00a0<em>Telegram<\/em>. Ele realizar\u00e1 lives ao vivo, periodicamente, a fim de tirar d\u00favidas dos alunos, conversar sobre o andamento do estudo e dar dicas. <\/p>\n\n\n\n<p>Para que voc\u00eas entendam melhor como funcionar\u00e1 a Trilha Estrat\u00e9gica para o SMV &#8211; Oficiais e tirarem suas d\u00favidas, hoje<strong>, 23 de outubro, a partir das 21h<\/strong>\u00a0(hor\u00e1rio de Bras\u00edlia), eu irei realizar um webn\u00e1rio sobre o assunto, mostrando o caminho das pedras para a sua aprova\u00e7\u00e3o.<\/p>\n\n\n\n<p>N\u00e3o podemos perder tempo na nossa prepara\u00e7\u00e3o!  <br \/>Por isso, n\u00e3o percam a nossa transmiss\u00e3o desta quarta-feira, \u00e0s 21h (hor\u00e1rio de Bras\u00edlia). Eu mostrarei todos os detalhes que voc\u00eas precisam para se tornarem Oficiais da Marinha!<\/p>\n\n\n\n<p>At\u00e9 l\u00e1!<\/p>\n\n\n\n<p><strong>Saiba mais sobre o SMV: <\/strong> <strong><a href=\"https:\/\/www.estrategiaconcursos.com.br\/blog\/concurso-oficiais-smv\/\">Concurso SMV<\/a><\/strong><\/p>\n\n\n\n<p><strong>Estude conosco<\/strong>: <a href=\"https:\/\/www.estrategiaconcursos.com.br\/curso\/pacote-p-oficiais-rm2-smv-com-videoaulas-pos-edital\/\">Cursos <\/a><a href=\"https:\/\/www.estrategiaconcursos.com.br\/cursosPorConcurso\/marinha-do-brasil\/\">SMV<\/a><\/p>\n\n\n\n<p><strong>Assine agora<\/strong>: <strong><a href=\"https:\/\/www.estrategiaconcursos.com.br\/assinaturas\/\">Assinatura ilimitada<\/a><\/strong><\/p>\n\n\n\n<p><\/p>\n\n\n\n<p><\/p>\n","protected":false},"excerpt":{"rendered":"<p>Ap\u00f3s a publica\u00e7\u00e3o do Aviso de Convoca\u00e7\u00e3o para o Servi\u00e7o Militar Volunt\u00e1rio da Marinha,\u00a0edital do concurso Oficiais\u00a0SMV\u00a0tempor\u00e1rios, chegou a hora de n\u00f3s intensificarmos os estudos. Com a prova prevista para o dia 09FEV2020, temos aproximadamente 3 meses e meio para estudarmos todo o conte\u00fado solicitado na bibliografia do certame. Temos pouco tempo? Sim! Por\u00e9m, quem [&hellip;]<\/p>\n","protected":false},"author":577,"featured_media":0,"comment_status":"open","ping_status":"closed","sticky":false,"template":"","format":"standard","meta":{"post_tipo":"article","footnotes":""},"categories":[1,6741],"tags":[1877,130799,130800],"tax_estado":[],"class_list":["post-438923","post","type-post","status-publish","format-standard","hentry","category-cursos-e-concursos","category-forcas-armadas-oficiais","tag-marinha","tag-smv","tag-trilhas-estrategicas"],"acf":[],"yoast_head":"<!-- This site is optimized with the Yoast SEO Premium plugin v27.2 (Yoast SEO v27.2) - https:\/\/yoast.com\/product\/yoast-seo-premium-wordpress\/ -->\n<title>Lan\u00e7amento da Trilha Estrat\u00e9gica p\u00f3s edital SMV - Oficiais da Marinha<\/title>\n<meta name=\"robots\" content=\"index, follow, max-snippet:-1, max-image-preview:large, max-video-preview:-1\" \/>\n<link rel=\"canonical\" href=\"https:\/\/www.estrategiaconcursos.com.br\/blog\/lancamento-da-trilha-estrategica-pos-edital-smv-oficiais-da-marinha\/\" \/>\n<meta property=\"og:locale\" content=\"pt_BR\" \/>\n<meta property=\"og:type\" content=\"article\" \/>\n<meta property=\"og:title\" content=\"Lan\u00e7amento da Trilha Estrat\u00e9gica p\u00f3s edital SMV - Oficiais da Marinha\" \/>\n<meta property=\"og:description\" content=\"Ap\u00f3s a publica\u00e7\u00e3o do Aviso de Convoca\u00e7\u00e3o para o Servi\u00e7o Militar Volunt\u00e1rio da Marinha,\u00a0edital do concurso Oficiais\u00a0SMV\u00a0tempor\u00e1rios, chegou a hora de n\u00f3s intensificarmos os estudos. Com a prova prevista para o dia 09FEV2020, temos aproximadamente 3 meses e meio para estudarmos todo o conte\u00fado solicitado na bibliografia do certame. Temos pouco tempo? Sim! Por\u00e9m, quem [&hellip;]\" \/>\n<meta property=\"og:url\" content=\"https:\/\/www.estrategiaconcursos.com.br\/blog\/lancamento-da-trilha-estrategica-pos-edital-smv-oficiais-da-marinha\/\" \/>\n<meta property=\"og:site_name\" content=\"Estrat\u00e9gia Concursos\" \/>\n<meta property=\"article:published_time\" content=\"2019-10-23T17:34:00+00:00\" \/>\n<meta property=\"article:modified_time\" content=\"2019-11-08T19:50:58+00:00\" \/>\n<meta name=\"author\" content=\"Alan Hirt\" \/>\n<meta name=\"twitter:card\" content=\"summary_large_image\" \/>\n<meta name=\"twitter:creator\" content=\"@EstratConcursos\" \/>\n<meta name=\"twitter:site\" content=\"@EstratConcursos\" \/>\n<meta name=\"twitter:label1\" content=\"Escrito por\" \/>\n\t<meta name=\"twitter:data1\" content=\"Alan Hirt\" \/>\n\t<meta name=\"twitter:label2\" content=\"Est. tempo de leitura\" \/>\n\t<meta name=\"twitter:data2\" content=\"2 minutos\" \/>\n<script type=\"application\/ld+json\" class=\"yoast-schema-graph\">{\"@context\":\"https:\/\/schema.org\",\"@graph\":[{\"@type\":\"NewsArticle\",\"@id\":\"https:\/\/www.estrategiaconcursos.com.br\/blog\/lancamento-da-trilha-estrategica-pos-edital-smv-oficiais-da-marinha\/#article\",\"isPartOf\":{\"@id\":\"https:\/\/www.estrategiaconcursos.com.br\/blog\/lancamento-da-trilha-estrategica-pos-edital-smv-oficiais-da-marinha\/\"},\"author\":{\"name\":\"Alan Hirt\",\"@id\":\"https:\/\/www.estrategiaconcursos.com.br\/blog\/#\/schema\/person\/191c317d723d2f539e664fa956d0c9ea\"},\"headline\":\"Lan\u00e7amento da Trilha Estrat\u00e9gica p\u00f3s edital SMV &#8211; Oficiais da Marinha\",\"datePublished\":\"2019-10-23T17:34:00+00:00\",\"dateModified\":\"2019-11-08T19:50:58+00:00\",\"mainEntityOfPage\":{\"@id\":\"https:\/\/www.estrategiaconcursos.com.br\/blog\/lancamento-da-trilha-estrategica-pos-edital-smv-oficiais-da-marinha\/\"},\"wordCount\":421,\"commentCount\":0,\"publisher\":{\"@id\":\"https:\/\/www.estrategiaconcursos.com.br\/blog\/#organization\"},\"keywords\":[\"Marinha\",\"SMV\",\"Trilhas Estrat\u00e9gicas\"],\"articleSection\":[\"Concursos P\u00fablicos\",\"For\u00e7as Armadas (Oficiais)\"],\"inLanguage\":\"pt-BR\",\"potentialAction\":[{\"@type\":\"CommentAction\",\"name\":\"Comment\",\"target\":[\"https:\/\/www.estrategiaconcursos.com.br\/blog\/lancamento-da-trilha-estrategica-pos-edital-smv-oficiais-da-marinha\/#respond\"]}],\"copyrightYear\":\"2019\",\"copyrightHolder\":{\"@id\":\"https:\/\/www.estrategiaconcursos.com.br\/blog\/#organization\"}},{\"@type\":\"WebPage\",\"@id\":\"https:\/\/www.estrategiaconcursos.com.br\/blog\/lancamento-da-trilha-estrategica-pos-edital-smv-oficiais-da-marinha\/\",\"url\":\"https:\/\/www.estrategiaconcursos.com.br\/blog\/lancamento-da-trilha-estrategica-pos-edital-smv-oficiais-da-marinha\/\",\"name\":\"Lan\u00e7amento da Trilha Estrat\u00e9gica p\u00f3s edital SMV - Oficiais da Marinha\",\"isPartOf\":{\"@id\":\"https:\/\/www.estrategiaconcursos.com.br\/blog\/#website\"},\"datePublished\":\"2019-10-23T17:34:00+00:00\",\"dateModified\":\"2019-11-08T19:50:58+00:00\",\"breadcrumb\":{\"@id\":\"https:\/\/www.estrategiaconcursos.com.br\/blog\/lancamento-da-trilha-estrategica-pos-edital-smv-oficiais-da-marinha\/#breadcrumb\"},\"inLanguage\":\"pt-BR\",\"potentialAction\":[{\"@type\":\"ReadAction\",\"target\":[\"https:\/\/www.estrategiaconcursos.com.br\/blog\/lancamento-da-trilha-estrategica-pos-edital-smv-oficiais-da-marinha\/\"]}]},{\"@type\":\"BreadcrumbList\",\"@id\":\"https:\/\/www.estrategiaconcursos.com.br\/blog\/lancamento-da-trilha-estrategica-pos-edital-smv-oficiais-da-marinha\/#breadcrumb\",\"itemListElement\":[{\"@type\":\"ListItem\",\"position\":1,\"name\":\"In\u00edcio\",\"item\":\"https:\/\/www.estrategiaconcursos.com.br\/blog\/\"},{\"@type\":\"ListItem\",\"position\":2,\"name\":\"Lan\u00e7amento da Trilha Estrat\u00e9gica p\u00f3s edital SMV &#8211; Oficiais da Marinha\"}]},{\"@type\":\"WebSite\",\"@id\":\"https:\/\/www.estrategiaconcursos.com.br\/blog\/#website\",\"url\":\"https:\/\/www.estrategiaconcursos.com.br\/blog\/\",\"name\":\"Estrat\u00e9gia Concursos\",\"description\":\"O blog da Estrat\u00e9gia Concursos traz not\u00edcias sobre concursos e artigos de professores oferecendo cursos para concursos (pdf + videaulas) no site.\",\"publisher\":{\"@id\":\"https:\/\/www.estrategiaconcursos.com.br\/blog\/#organization\"},\"potentialAction\":[{\"@type\":\"SearchAction\",\"target\":{\"@type\":\"EntryPoint\",\"urlTemplate\":\"https:\/\/www.estrategiaconcursos.com.br\/blog\/?s={search_term_string}\"},\"query-input\":{\"@type\":\"PropertyValueSpecification\",\"valueRequired\":true,\"valueName\":\"search_term_string\"}}],\"inLanguage\":\"pt-BR\"},{\"@type\":\"Organization\",\"@id\":\"https:\/\/www.estrategiaconcursos.com.br\/blog\/#organization\",\"name\":\"Estrat\u00e9gia Concursos\",\"url\":\"https:\/\/www.estrategiaconcursos.com.br\/blog\/\",\"logo\":{\"@type\":\"ImageObject\",\"inLanguage\":\"pt-BR\",\"@id\":\"https:\/\/www.estrategiaconcursos.com.br\/blog\/#\/schema\/logo\/image\/\",\"url\":\"https:\/\/dhg1h5j42swfq.cloudfront.net\/2025\/06\/03203428\/logo_concursos-1.jpg\",\"contentUrl\":\"https:\/\/dhg1h5j42swfq.cloudfront.net\/2025\/06\/03203428\/logo_concursos-1.jpg\",\"width\":230,\"height\":60,\"caption\":\"Estrat\u00e9gia Concursos\"},\"image\":{\"@id\":\"https:\/\/www.estrategiaconcursos.com.br\/blog\/#\/schema\/logo\/image\/\"},\"sameAs\":[\"https:\/\/x.com\/EstratConcursos\"]},{\"@type\":\"Person\",\"@id\":\"https:\/\/www.estrategiaconcursos.com.br\/blog\/#\/schema\/person\/191c317d723d2f539e664fa956d0c9ea\",\"name\":\"Alan Hirt\",\"image\":{\"@type\":\"ImageObject\",\"inLanguage\":\"pt-BR\",\"@id\":\"https:\/\/secure.gravatar.com\/avatar\/9dd2f791670f73f208210a596b9bc6b80cf968015dd365b3ebd51f7113d1a1a1?s=96&d=mm&r=g\",\"url\":\"https:\/\/secure.gravatar.com\/avatar\/9dd2f791670f73f208210a596b9bc6b80cf968015dd365b3ebd51f7113d1a1a1?s=96&d=mm&r=g\",\"contentUrl\":\"https:\/\/secure.gravatar.com\/avatar\/9dd2f791670f73f208210a596b9bc6b80cf968015dd365b3ebd51f7113d1a1a1?s=96&d=mm&r=g\",\"caption\":\"Alan Hirt\"},\"url\":\"https:\/\/www.estrategiaconcursos.com.br\/blog\/author\/alanhirthotmail-com\/\"}]}<\/script>\n<!-- \/ Yoast SEO Premium plugin. -->","yoast_head_json":{"title":"Lan\u00e7amento da Trilha Estrat\u00e9gica p\u00f3s edital SMV - Oficiais da Marinha","robots":{"index":"index","follow":"follow","max-snippet":"max-snippet:-1","max-image-preview":"max-image-preview:large","max-video-preview":"max-video-preview:-1"},"canonical":"https:\/\/www.estrategiaconcursos.com.br\/blog\/lancamento-da-trilha-estrategica-pos-edital-smv-oficiais-da-marinha\/","og_locale":"pt_BR","og_type":"article","og_title":"Lan\u00e7amento da Trilha Estrat\u00e9gica p\u00f3s edital SMV - Oficiais da Marinha","og_description":"Ap\u00f3s a publica\u00e7\u00e3o do Aviso de Convoca\u00e7\u00e3o para o Servi\u00e7o Militar Volunt\u00e1rio da Marinha,\u00a0edital do concurso Oficiais\u00a0SMV\u00a0tempor\u00e1rios, chegou a hora de n\u00f3s intensificarmos os estudos. Com a prova prevista para o dia 09FEV2020, temos aproximadamente 3 meses e meio para estudarmos todo o conte\u00fado solicitado na bibliografia do certame. Temos pouco tempo? Sim! Por\u00e9m, quem [&hellip;]","og_url":"https:\/\/www.estrategiaconcursos.com.br\/blog\/lancamento-da-trilha-estrategica-pos-edital-smv-oficiais-da-marinha\/","og_site_name":"Estrat\u00e9gia Concursos","article_published_time":"2019-10-23T17:34:00+00:00","article_modified_time":"2019-11-08T19:50:58+00:00","author":"Alan Hirt","twitter_card":"summary_large_image","twitter_creator":"@EstratConcursos","twitter_site":"@EstratConcursos","twitter_misc":{"Escrito por":"Alan Hirt","Est. tempo de leitura":"2 minutos"},"schema":{"@context":"https:\/\/schema.org","@graph":[{"@type":"NewsArticle","@id":"https:\/\/www.estrategiaconcursos.com.br\/blog\/lancamento-da-trilha-estrategica-pos-edital-smv-oficiais-da-marinha\/#article","isPartOf":{"@id":"https:\/\/www.estrategiaconcursos.com.br\/blog\/lancamento-da-trilha-estrategica-pos-edital-smv-oficiais-da-marinha\/"},"author":{"name":"Alan Hirt","@id":"https:\/\/www.estrategiaconcursos.com.br\/blog\/#\/schema\/person\/191c317d723d2f539e664fa956d0c9ea"},"headline":"Lan\u00e7amento da Trilha Estrat\u00e9gica p\u00f3s edital SMV &#8211; Oficiais da Marinha","datePublished":"2019-10-23T17:34:00+00:00","dateModified":"2019-11-08T19:50:58+00:00","mainEntityOfPage":{"@id":"https:\/\/www.estrategiaconcursos.com.br\/blog\/lancamento-da-trilha-estrategica-pos-edital-smv-oficiais-da-marinha\/"},"wordCount":421,"commentCount":0,"publisher":{"@id":"https:\/\/www.estrategiaconcursos.com.br\/blog\/#organization"},"keywords":["Marinha","SMV","Trilhas Estrat\u00e9gicas"],"articleSection":["Concursos P\u00fablicos","For\u00e7as Armadas (Oficiais)"],"inLanguage":"pt-BR","potentialAction":[{"@type":"CommentAction","name":"Comment","target":["https:\/\/www.estrategiaconcursos.com.br\/blog\/lancamento-da-trilha-estrategica-pos-edital-smv-oficiais-da-marinha\/#respond"]}],"copyrightYear":"2019","copyrightHolder":{"@id":"https:\/\/www.estrategiaconcursos.com.br\/blog\/#organization"}},{"@type":"WebPage","@id":"https:\/\/www.estrategiaconcursos.com.br\/blog\/lancamento-da-trilha-estrategica-pos-edital-smv-oficiais-da-marinha\/","url":"https:\/\/www.estrategiaconcursos.com.br\/blog\/lancamento-da-trilha-estrategica-pos-edital-smv-oficiais-da-marinha\/","name":"Lan\u00e7amento da Trilha Estrat\u00e9gica p\u00f3s edital SMV - Oficiais da Marinha","isPartOf":{"@id":"https:\/\/www.estrategiaconcursos.com.br\/blog\/#website"},"datePublished":"2019-10-23T17:34:00+00:00","dateModified":"2019-11-08T19:50:58+00:00","breadcrumb":{"@id":"https:\/\/www.estrategiaconcursos.com.br\/blog\/lancamento-da-trilha-estrategica-pos-edital-smv-oficiais-da-marinha\/#breadcrumb"},"inLanguage":"pt-BR","potentialAction":[{"@type":"ReadAction","target":["https:\/\/www.estrategiaconcursos.com.br\/blog\/lancamento-da-trilha-estrategica-pos-edital-smv-oficiais-da-marinha\/"]}]},{"@type":"BreadcrumbList","@id":"https:\/\/www.estrategiaconcursos.com.br\/blog\/lancamento-da-trilha-estrategica-pos-edital-smv-oficiais-da-marinha\/#breadcrumb","itemListElement":[{"@type":"ListItem","position":1,"name":"In\u00edcio","item":"https:\/\/www.estrategiaconcursos.com.br\/blog\/"},{"@type":"ListItem","position":2,"name":"Lan\u00e7amento da Trilha Estrat\u00e9gica p\u00f3s edital SMV &#8211; Oficiais da Marinha"}]},{"@type":"WebSite","@id":"https:\/\/www.estrategiaconcursos.com.br\/blog\/#website","url":"https:\/\/www.estrategiaconcursos.com.br\/blog\/","name":"Estrat\u00e9gia Concursos","description":"O blog da Estrat\u00e9gia Concursos traz not\u00edcias sobre concursos e artigos de professores oferecendo cursos para concursos (pdf + videaulas) no site.","publisher":{"@id":"https:\/\/www.estrategiaconcursos.com.br\/blog\/#organization"},"potentialAction":[{"@type":"SearchAction","target":{"@type":"EntryPoint","urlTemplate":"https:\/\/www.estrategiaconcursos.com.br\/blog\/?s={search_term_string}"},"query-input":{"@type":"PropertyValueSpecification","valueRequired":true,"valueName":"search_term_string"}}],"inLanguage":"pt-BR"},{"@type":"Organization","@id":"https:\/\/www.estrategiaconcursos.com.br\/blog\/#organization","name":"Estrat\u00e9gia Concursos","url":"https:\/\/www.estrategiaconcursos.com.br\/blog\/","logo":{"@type":"ImageObject","inLanguage":"pt-BR","@id":"https:\/\/www.estrategiaconcursos.com.br\/blog\/#\/schema\/logo\/image\/","url":"https:\/\/dhg1h5j42swfq.cloudfront.net\/2025\/06\/03203428\/logo_concursos-1.jpg","contentUrl":"https:\/\/dhg1h5j42swfq.cloudfront.net\/2025\/06\/03203428\/logo_concursos-1.jpg","width":230,"height":60,"caption":"Estrat\u00e9gia Concursos"},"image":{"@id":"https:\/\/www.estrategiaconcursos.com.br\/blog\/#\/schema\/logo\/image\/"},"sameAs":["https:\/\/x.com\/EstratConcursos"]},{"@type":"Person","@id":"https:\/\/www.estrategiaconcursos.com.br\/blog\/#\/schema\/person\/191c317d723d2f539e664fa956d0c9ea","name":"Alan Hirt","image":{"@type":"ImageObject","inLanguage":"pt-BR","@id":"https:\/\/secure.gravatar.com\/avatar\/9dd2f791670f73f208210a596b9bc6b80cf968015dd365b3ebd51f7113d1a1a1?s=96&d=mm&r=g","url":"https:\/\/secure.gravatar.com\/avatar\/9dd2f791670f73f208210a596b9bc6b80cf968015dd365b3ebd51f7113d1a1a1?s=96&d=mm&r=g","contentUrl":"https:\/\/secure.gravatar.com\/avatar\/9dd2f791670f73f208210a596b9bc6b80cf968015dd365b3ebd51f7113d1a1a1?s=96&d=mm&r=g","caption":"Alan Hirt"},"url":"https:\/\/www.estrategiaconcursos.com.br\/blog\/author\/alanhirthotmail-com\/"}]}},"_links":{"self":[{"href":"https:\/\/www.estrategiaconcursos.com.br\/blog\/wp-json\/wp\/v2\/posts\/438923","targetHints":{"allow":["GET"]}}],"collection":[{"href":"https:\/\/www.estrategiaconcursos.com.br\/blog\/wp-json\/wp\/v2\/posts"}],"about":[{"href":"https:\/\/www.estrategiaconcursos.com.br\/blog\/wp-json\/wp\/v2\/types\/post"}],"author":[{"embeddable":true,"href":"https:\/\/www.estrategiaconcursos.com.br\/blog\/wp-json\/wp\/v2\/users\/577"}],"replies":[{"embeddable":true,"href":"https:\/\/www.estrategiaconcursos.com.br\/blog\/wp-json\/wp\/v2\/comments?post=438923"}],"version-history":[{"count":6,"href":"https:\/\/www.estrategiaconcursos.com.br\/blog\/wp-json\/wp\/v2\/posts\/438923\/revisions"}],"predecessor-version":[{"id":438963,"href":"https:\/\/www.estrategiaconcursos.com.br\/blog\/wp-json\/wp\/v2\/posts\/438923\/revisions\/438963"}],"wp:attachment":[{"href":"https:\/\/www.estrategiaconcursos.com.br\/blog\/wp-json\/wp\/v2\/media?parent=438923"}],"wp:term":[{"taxonomy":"category","embeddable":true,"href":"https:\/\/www.estrategiaconcursos.com.br\/blog\/wp-json\/wp\/v2\/categories?post=438923"},{"taxonomy":"post_tag","embeddable":true,"href":"https:\/\/www.estrategiaconcursos.com.br\/blog\/wp-json\/wp\/v2\/tags?post=438923"},{"taxonomy":"tax_estado","embeddable":true,"href":"https:\/\/www.estrategiaconcursos.com.br\/blog\/wp-json\/wp\/v2\/tax_estado?post=438923"}],"curies":[{"name":"wp","href":"https:\/\/api.w.org\/{rel}","templated":true}]}}