{"id":438682,"date":"2019-10-23T15:00:22","date_gmt":"2019-10-23T18:00:22","guid":{"rendered":"https:\/\/www.estrategiaconcursos.com.br\/blog\/?p=438682"},"modified":"2023-06-20T15:05:22","modified_gmt":"2023-06-20T18:05:22","slug":"concurso-senado-comissao-ja-trabalha-no-projeto-basico-certame-se-aproxima","status":"publish","type":"post","link":"https:\/\/www.estrategiaconcursos.com.br\/blog\/concurso-senado-comissao-ja-trabalha-no-projeto-basico-certame-se-aproxima\/","title":{"rendered":"Concurso Senado: Comiss\u00e3o j\u00e1 trabalha no projeto b\u00e1sico. Certame se aproxima"},"content":{"rendered":"\n<p>O concurso do Senador Federal est\u00e1 cada vez mais perto e pode ter seu edital publicado ainda em 2019. <\/p>\n\n\n\n<p>A comiss\u00e3o organizadora do certame j\u00e1 est\u00e1 a todo vapor com os trabalhos de desenvolvimento do Projeto B\u00e1sico deste certame.<\/p>\n\n\n\n<p>O Projeto B\u00e1sico, tamb\u00e9m conhecido como Termo de Refer\u00eancia, \u00e9 utilizado para basear e nortear o desenvolvimento do certame, como por exemplo cargos, provas e etapas, n\u00famero de inscritos, especifica\u00e7\u00f5es para defini\u00e7\u00e3o da banca organizadora do certame, e mais.<\/p>\n\n\n\n<p>De acordo com a resposta da Casa \u00e0 equipe de jornalismo do Estrat\u00e9gia Concursos, o grupo trabalha no levamento de informa\u00e7\u00f5es para dar embasamento ao Projeto e \u00e0 escolha da empresa que organizar\u00e1 o concurso.<\/p>\n\n\n\n<p>Confira abaixo a resposta do Senado ao Estrat\u00e9gia Concursos:<\/p>\n\n\n\n<figure class=\"wp-block-image\"><img loading=\"lazy\" decoding=\"async\" width=\"364\" height=\"469\" src=\"https:\/\/dhg1h5j42swfq.cloudfront.net\/2019\/10\/23150058\/ascom-senado.png.png\" alt=\"\" class=\"wp-image-438996\" srcset=\"https:\/\/dhg1h5j42swfq.cloudfront.net\/2019\/10\/23150058\/ascom-senado.png.png 364w, https:\/\/dhg1h5j42swfq.cloudfront.net\/2019\/10\/23150058\/ascom-senado.png.png 233w\" sizes=\"auto, (max-width: 364px) 100vw, 364px\" \/><\/figure>\n\n\n\n<p class=\"has-text-align-center\"><em>A equipe do Estrat\u00e9gia Concursos est\u00e1 sempre em busca de mais informa\u00e7\u00f5es para que voc\u00ea saia na frente, ent\u00e3o fique de olho!<\/em><\/p>\n\n\n\n<h2 class=\"wp-block-heading\">O Concurso do Senado Federal<\/h2>\n\n\n\n<p>O certame da Casa foi autorizado no in\u00edcio do m\u00ea de outubro e, logo em seguida, teve sua comiss\u00e3o organizadora definida para dar in\u00edcio aos trabalhos.<\/p>\n\n\n\n<p>Com <strong>40 vagas<\/strong> para cargos de N\u00edvel M\u00e9dio e Superior o certame visa o preenchimento de vagas imediatas e cadastro de reserva, com oportunidades para T\u00e9cnico Legislativo (Policial Legislativo), Advogado e Analista Legislativo. <\/p>\n\n\n\n<p><em>Confira a distribui\u00e7\u00e3o das vagas para o Senado:<\/em><\/p>\n\n\n\n<ul class=\"wp-block-list\">\n<li><strong>T\u00e9cnico Legislativo<\/strong>, N\u00edvel II, padr\u00e3o 21, na especialidade Policial Legislativo, com requisito de escolaridade de n\u00edvel m\u00e9dio:<strong> 24 vagas;<\/strong><\/li>\n\n\n\n<li> <strong>Advogado<\/strong>, N\u00edvel III, padr\u00e3o 41, na especialidade Advocacia, com requisito de escolaridade de n\u00edvel superior: <strong>4 vagas;<\/strong><\/li>\n\n\n\n<li><strong>Analista Legislativo<\/strong>, N\u00edvel III, padr\u00e3o 36, na especialidade <span style=\"text-decoration: underline;\">Administra\u00e7\u00e3o<\/span>, com requisito de escolaridade de n\u00edvel superior: <strong>2  vagas;<\/strong><\/li>\n\n\n\n<li><strong>Analista Legislativo<\/strong>, N\u00edvel III, padr\u00e3o 36, na especialidade <span style=\"text-decoration: underline;\">Arquivologia<\/span>, com requisito de escolaridade de n\u00edvel superior: <strong>1 vaga;<\/strong><\/li>\n\n\n\n<li><strong>Analista Legislativo<\/strong>, N\u00edvel III, padr\u00e3o 36, na especialidade <span style=\"text-decoration: underline;\">Assist\u00eancia Social<\/span>, com requisito de escolaridade de n\u00edvel superior: <strong>1 vaga;<\/strong><\/li>\n\n\n\n<li><strong>Analista Legislativo, <\/strong>N\u00edvel III, padr\u00e3o 36, na especialidade <span style=\"text-decoration: underline;\">Contabilidade,<\/span> com requisito de escolaridade de n\u00edvel superior:<strong> 1 vaga;<\/strong><\/li>\n\n\n\n<li><strong>Analista Legislativo, <\/strong>N\u00edvel III, padr\u00e3o 36, na especialidade <span style=\"text-decoration: underline;\">Enfermagem<\/span>, com requisito de escolaridade de n\u00edvel superior: <strong>1 vaga;<\/strong><\/li>\n\n\n\n<li><strong>Analista Legislativo<\/strong>, N\u00edvel III, padr\u00e3o 36, na especialidade <span style=\"text-decoration: underline;\">Inform\u00e1tica Legislativa, <\/span>com requisito de escolaridade de n\u00edvel superior: <strong>1 vaga;<\/strong><\/li>\n\n\n\n<li> <strong>Analista Legislativo<\/strong>, N\u00edvel III, padr\u00e3o 36, na especialidade <span style=\"text-decoration: underline;\">Processo Legislativo<\/span>, com requisito de escolaridade de n\u00edvel superior:<strong> 2 vagas;<\/strong><\/li>\n\n\n\n<li><strong>Analista Legislativo<\/strong>, N\u00edvel III, padr\u00e3o 36, na especialidade <span style=\"text-decoration: underline;\">Registro e Reda\u00e7\u00e3o Parlamentar<\/span>, com requisito de escolaridade de n\u00edvel superior: <strong>1 vaga;<\/strong><\/li>\n\n\n\n<li><strong> Analista Legislativo<\/strong>, N\u00edvel III, padr\u00e3o 36, na especialidade <span style=\"text-decoration: underline;\">Engenharia do Trabalho<\/span>, com requisito de escolaridade de n\u00edvel superior:<strong> 1 vaga;<\/strong><\/li>\n\n\n\n<li><strong>Analista Legislativo,<\/strong> N\u00edvel III, padr\u00e3o 36, na especialidade <span style=\"text-decoration: underline;\">Engenharia Eletr\u00f4nica e Telecomunica\u00e7\u00f5es,<\/span> com requisito de escolaridade de n\u00edvel superior: <strong>1 vaga.<\/strong><\/li>\n<\/ul>\n\n\n\n<h2 class=\"wp-block-heading\" id=\"requisitos\">Requisitos dos cargos<\/h2>\n\n\n\n<p><strong>Analista Legislativo<\/strong><br \/>Forma\u00e7\u00e3o de n\u00edvel superior, com diploma especializado na \u00e1rea de atua\u00e7\u00e3o desejada<\/p>\n\n\n\n<p><strong>Consultor Legislativo<\/strong><br \/>Forma\u00e7\u00e3o de n\u00edvel superior, com diploma especializado na \u00e1rea de atua\u00e7\u00e3o desejada <\/p>\n\n\n\n<p><strong>T\u00e9cnico Legislativo<\/strong><br \/>Forma\u00e7\u00e3o de n\u00edvel m\u00e9dio ou curso t\u00e9cnico, dependendo da \u00e1rea especializada<\/p>\n\n\n\n<p><strong>Advogado<\/strong><br \/>Diploma, devidamente registrado, de conclus\u00e3o de curso de n\u00edvel superior de Direito. Inscri\u00e7\u00e3o, como Advogado, na Ordem dos Advogados do Brasil. <\/p>\n\n\n\n<h2 class=\"wp-block-heading\">Remunera\u00e7\u00f5es Atrativas<\/h2>\n\n\n\n<p>As remunera\u00e7\u00f5es do Senado Federal s\u00e3o compostas por um vencimento b\u00e1sico acrescido de v\u00e1rias gratifica\u00e7\u00f5es. <\/p>\n\n\n\n<p>De acordo com informa\u00e7\u00f5es consultadas no Portal da Transpar\u00eancia do Senado Federal, com base no m\u00eas de maio de 2019, no total,&nbsp;os servidores recebem:<\/p>\n\n\n\n<ul class=\"wp-block-list\">\n<li><strong>Consultor Legislativo<\/strong><\/li>\n\n\n\n<li><em>Inicial:<\/em> R$ 33.461,68<\/li>\n\n\n\n<li><em>Final:<\/em> R$ 35.114,14<\/li>\n<\/ul>\n\n\n\n<ul class=\"wp-block-list\">\n<li><strong>Analista Legislativo<\/strong><\/li>\n\n\n\n<li><em>Inicial:<\/em> R$ 25.897,76<\/li>\n\n\n\n<li><em>Final:<\/em> R$ 29.351,82<\/li>\n<\/ul>\n\n\n\n<ul class=\"wp-block-list\">\n<li><strong>T\u00e9cnico Legislativo<\/strong><\/li>\n\n\n\n<li><em>Inicial:<\/em> R$ 19.427,79<\/li>\n\n\n\n<li><em>Final:<\/em> R$ 23.260,88<\/li>\n<\/ul>\n\n\n\n<ul class=\"wp-block-list\">\n<li><strong>Advogado<\/strong><\/li>\n\n\n\n<li>Inicial: R$32.020,77<\/li>\n\n\n\n<li>Final: R$33.602,08  <\/li>\n<\/ul>\n\n\n\n<p class=\"has-text-align-center\"><strong>Quer saber mais sobre o certame? Acesse a mat\u00e9ria completa:<\/strong><\/p>\n\n\n\n<p class=\"has-text-align-center has-light-green-cyan-background-color has-background has-medium-font-size\"><a href=\"https:\/\/www.estrategiaconcursos.com.br\/blog\/concurso-senado-federal\"><strong>Senado Federal<\/strong><\/a><\/p>\n\n\n\n<h2 class=\"wp-block-heading has-text-align-center\">Prepare-se agora para o Concurso Senado Federal<\/h2>\n\n\n\n<p class=\"has-text-align-center\"><strong><em>Gostou dessa oportunidade&nbsp;e deseja se preparar agora mesmo para este concurso?&nbsp;<\/em><em>O Estrat\u00e9gia Concursos j\u00e1 possui cursos focados neste certame.<\/em><\/strong><\/p>\n\n\n\n<p class=\"has-text-align-center has-light-green-cyan-background-color has-background\" style=\"font-size:clamp(16.293px, 1.018rem + ((1vw - 3.2px) * 0.854), 25px);px\"><strong><a rel=\"noreferrer noopener\" href=\"https:\/\/www.estrategiaconcursos.com.br\/cursosPorConcurso\/senado-federal-6\/\" target=\"_blank\">Cursos para o Senado Federal<\/a><\/strong><\/p>\n\n\n\n<p class=\"has-text-align-center has-light-green-cyan-background-color has-background has-medium-font-size\"><a href=\"https:\/\/www.estrategiaconcursos.com.br\/cursosPorConcurso\/promocao-pacote-para-senado-federal-advogado\/\"><strong>Curso Senado Advogado<\/strong><\/a><\/p>\n\n\n\n<h4 class=\"wp-block-heading has-text-align-center\" id=\"assinatura\"><em><strong>Assinatura Anual Ilimitada*<\/strong><\/em><\/h4>\n\n\n\n<p class=\"has-text-align-center\"><em>Prepare-se com o melhor material e com quem mais aprova em Concursos P\u00fablicos em todo o pa\u00eds. Assine agora a nossa Assinatura Anual e tenha acesso ilimitado* a todos os nossos cursos.<\/em><\/p>\n\n\n\n<p class=\"has-text-align-center has-luminous-vivid-amber-background-color has-background\" style=\"font-size:clamp(16.293px, 1.018rem + ((1vw - 3.2px) * 0.854), 25px);px\"><strong>ASSINE AGORA<\/strong>&nbsp;\u2013&nbsp;<strong><a href=\"https:\/\/www.estrategiaconcursos.com.br\/assinaturas\" target=\"_blank\" rel=\"noreferrer noopener\">Assinatura Ilimitada<\/a><\/strong><\/p>\n\n\n\n<p class=\"has-text-align-center\"><strong><em>Fique por dentro dos concursos vigentes:<\/em><\/strong><\/p>\n\n\n\n<p class=\"has-text-align-center has-very-dark-gray-color has-pale-cyan-blue-background-color has-text-color has-background has-medium-font-size\"><strong><a href=\"https:\/\/www.estrategiaconcursos.com.br\/blog\/concursos-abertos\/\" target=\"_blank\" rel=\"noreferrer noopener\">CONCURSOS ABERTOS<\/a><\/strong><\/p>\n","protected":false},"excerpt":{"rendered":"<p>O concurso do Senador Federal est\u00e1 cada vez mais perto e pode ter seu edital publicado ainda em 2019. A comiss\u00e3o organizadora do certame j\u00e1 est\u00e1 a todo vapor com os trabalhos de desenvolvimento do Projeto B\u00e1sico deste certame. O Projeto B\u00e1sico, tamb\u00e9m conhecido como Termo de Refer\u00eancia, \u00e9 utilizado para basear e nortear o [&hellip;]<\/p>\n","protected":false},"author":26,"featured_media":127848,"comment_status":"open","ping_status":"closed","sticky":false,"template":"","format":"standard","meta":{"post_tipo":"article","footnotes":""},"categories":[1],"tags":[],"tax_estado":[],"class_list":["post-438682","post","type-post","status-publish","format-standard","has-post-thumbnail","hentry","category-cursos-e-concursos"],"acf":[],"yoast_head":"<!-- This site is optimized with the Yoast SEO Premium plugin v27.2 (Yoast SEO v27.2) - https:\/\/yoast.com\/product\/yoast-seo-premium-wordpress\/ -->\n<title>Concurso Senado: Comiss\u00e3o j\u00e1 trabalha no projeto b\u00e1sico. Certame se aproxima<\/title>\n<meta name=\"robots\" content=\"index, follow, max-snippet:-1, max-image-preview:large, max-video-preview:-1\" \/>\n<link rel=\"canonical\" href=\"https:\/\/www.estrategiaconcursos.com.br\/blog\/concurso-senado-comissao-ja-trabalha-no-projeto-basico-certame-se-aproxima\/\" \/>\n<meta property=\"og:locale\" content=\"pt_BR\" \/>\n<meta property=\"og:type\" content=\"article\" \/>\n<meta property=\"og:title\" content=\"Concurso Senado: Comiss\u00e3o j\u00e1 trabalha no projeto b\u00e1sico. Certame se aproxima\" \/>\n<meta property=\"og:description\" content=\"O concurso do Senador Federal est\u00e1 cada vez mais perto e pode ter seu edital publicado ainda em 2019. A comiss\u00e3o organizadora do certame j\u00e1 est\u00e1 a todo vapor com os trabalhos de desenvolvimento do Projeto B\u00e1sico deste certame. O Projeto B\u00e1sico, tamb\u00e9m conhecido como Termo de Refer\u00eancia, \u00e9 utilizado para basear e nortear o [&hellip;]\" \/>\n<meta property=\"og:url\" content=\"https:\/\/www.estrategiaconcursos.com.br\/blog\/concurso-senado-comissao-ja-trabalha-no-projeto-basico-certame-se-aproxima\/\" \/>\n<meta property=\"og:site_name\" content=\"Estrat\u00e9gia Concursos\" \/>\n<meta property=\"article:author\" content=\"https:\/\/www.facebook.com\/rvale01\" \/>\n<meta property=\"article:published_time\" content=\"2019-10-23T18:00:22+00:00\" \/>\n<meta property=\"article:modified_time\" content=\"2023-06-20T18:05:22+00:00\" \/>\n<meta property=\"og:image\" content=\"https:\/\/dhg1h5j42swfq.cloudfront.net\/2018\/06\/21141837\/concuro-senado-federal-e1587330922515.jpg\" \/>\n\t<meta property=\"og:image:width\" content=\"1200\" \/>\n\t<meta property=\"og:image:height\" content=\"540\" \/>\n\t<meta property=\"og:image:type\" content=\"image\/jpeg\" \/>\n<meta name=\"author\" content=\"Ricardo Vale\" \/>\n<meta name=\"twitter:card\" content=\"summary_large_image\" \/>\n<meta name=\"twitter:creator\" content=\"@https:\/\/twitter.com\/EstratConcursos\" \/>\n<meta name=\"twitter:site\" content=\"@EstratConcursos\" \/>\n<meta name=\"twitter:label1\" content=\"Escrito por\" \/>\n\t<meta name=\"twitter:data1\" content=\"Ricardo Vale\" \/>\n\t<meta name=\"twitter:label2\" content=\"Est. tempo de leitura\" \/>\n\t<meta name=\"twitter:data2\" content=\"4 minutos\" \/>\n<script type=\"application\/ld+json\" class=\"yoast-schema-graph\">{\"@context\":\"https:\/\/schema.org\",\"@graph\":[{\"@type\":\"NewsArticle\",\"@id\":\"https:\/\/www.estrategiaconcursos.com.br\/blog\/concurso-senado-comissao-ja-trabalha-no-projeto-basico-certame-se-aproxima\/#article\",\"isPartOf\":{\"@id\":\"https:\/\/www.estrategiaconcursos.com.br\/blog\/concurso-senado-comissao-ja-trabalha-no-projeto-basico-certame-se-aproxima\/\"},\"author\":{\"name\":\"Ricardo Vale\",\"@id\":\"https:\/\/www.estrategiaconcursos.com.br\/blog\/#\/schema\/person\/c32e47dba2159cafe7796a9569a6ff7e\"},\"headline\":\"Concurso Senado: Comiss\u00e3o j\u00e1 trabalha no projeto b\u00e1sico. Certame se aproxima\",\"datePublished\":\"2019-10-23T18:00:22+00:00\",\"dateModified\":\"2023-06-20T18:05:22+00:00\",\"mainEntityOfPage\":{\"@id\":\"https:\/\/www.estrategiaconcursos.com.br\/blog\/concurso-senado-comissao-ja-trabalha-no-projeto-basico-certame-se-aproxima\/\"},\"wordCount\":750,\"commentCount\":0,\"publisher\":{\"@id\":\"https:\/\/www.estrategiaconcursos.com.br\/blog\/#organization\"},\"image\":{\"@id\":\"https:\/\/www.estrategiaconcursos.com.br\/blog\/concurso-senado-comissao-ja-trabalha-no-projeto-basico-certame-se-aproxima\/#primaryimage\"},\"thumbnailUrl\":\"https:\/\/dhg1h5j42swfq.cloudfront.net\/2018\/06\/21141837\/concuro-senado-federal-e1587330922515.jpg\",\"articleSection\":[\"Concursos P\u00fablicos\"],\"inLanguage\":\"pt-BR\",\"potentialAction\":[{\"@type\":\"CommentAction\",\"name\":\"Comment\",\"target\":[\"https:\/\/www.estrategiaconcursos.com.br\/blog\/concurso-senado-comissao-ja-trabalha-no-projeto-basico-certame-se-aproxima\/#respond\"]}],\"copyrightYear\":\"2019\",\"copyrightHolder\":{\"@id\":\"https:\/\/www.estrategiaconcursos.com.br\/blog\/#organization\"}},{\"@type\":\"WebPage\",\"@id\":\"https:\/\/www.estrategiaconcursos.com.br\/blog\/concurso-senado-comissao-ja-trabalha-no-projeto-basico-certame-se-aproxima\/\",\"url\":\"https:\/\/www.estrategiaconcursos.com.br\/blog\/concurso-senado-comissao-ja-trabalha-no-projeto-basico-certame-se-aproxima\/\",\"name\":\"Concurso Senado: Comiss\u00e3o j\u00e1 trabalha no projeto b\u00e1sico. Certame se aproxima\",\"isPartOf\":{\"@id\":\"https:\/\/www.estrategiaconcursos.com.br\/blog\/#website\"},\"primaryImageOfPage\":{\"@id\":\"https:\/\/www.estrategiaconcursos.com.br\/blog\/concurso-senado-comissao-ja-trabalha-no-projeto-basico-certame-se-aproxima\/#primaryimage\"},\"image\":{\"@id\":\"https:\/\/www.estrategiaconcursos.com.br\/blog\/concurso-senado-comissao-ja-trabalha-no-projeto-basico-certame-se-aproxima\/#primaryimage\"},\"thumbnailUrl\":\"https:\/\/dhg1h5j42swfq.cloudfront.net\/2018\/06\/21141837\/concuro-senado-federal-e1587330922515.jpg\",\"datePublished\":\"2019-10-23T18:00:22+00:00\",\"dateModified\":\"2023-06-20T18:05:22+00:00\",\"breadcrumb\":{\"@id\":\"https:\/\/www.estrategiaconcursos.com.br\/blog\/concurso-senado-comissao-ja-trabalha-no-projeto-basico-certame-se-aproxima\/#breadcrumb\"},\"inLanguage\":\"pt-BR\",\"potentialAction\":[{\"@type\":\"ReadAction\",\"target\":[\"https:\/\/www.estrategiaconcursos.com.br\/blog\/concurso-senado-comissao-ja-trabalha-no-projeto-basico-certame-se-aproxima\/\"]}]},{\"@type\":\"ImageObject\",\"inLanguage\":\"pt-BR\",\"@id\":\"https:\/\/www.estrategiaconcursos.com.br\/blog\/concurso-senado-comissao-ja-trabalha-no-projeto-basico-certame-se-aproxima\/#primaryimage\",\"url\":\"https:\/\/dhg1h5j42swfq.cloudfront.net\/2018\/06\/21141837\/concuro-senado-federal-e1587330922515.jpg\",\"contentUrl\":\"https:\/\/dhg1h5j42swfq.cloudfront.net\/2018\/06\/21141837\/concuro-senado-federal-e1587330922515.jpg\",\"width\":1200,\"height\":540,\"caption\":\"Advogado do Senado Federal\"},{\"@type\":\"BreadcrumbList\",\"@id\":\"https:\/\/www.estrategiaconcursos.com.br\/blog\/concurso-senado-comissao-ja-trabalha-no-projeto-basico-certame-se-aproxima\/#breadcrumb\",\"itemListElement\":[{\"@type\":\"ListItem\",\"position\":1,\"name\":\"In\u00edcio\",\"item\":\"https:\/\/www.estrategiaconcursos.com.br\/blog\/\"},{\"@type\":\"ListItem\",\"position\":2,\"name\":\"Concurso Senado: Comiss\u00e3o j\u00e1 trabalha no projeto b\u00e1sico. Certame se aproxima\"}]},{\"@type\":\"WebSite\",\"@id\":\"https:\/\/www.estrategiaconcursos.com.br\/blog\/#website\",\"url\":\"https:\/\/www.estrategiaconcursos.com.br\/blog\/\",\"name\":\"Estrat\u00e9gia Concursos\",\"description\":\"O blog da Estrat\u00e9gia Concursos traz not\u00edcias sobre concursos e artigos de professores oferecendo cursos para concursos (pdf + videaulas) no site.\",\"publisher\":{\"@id\":\"https:\/\/www.estrategiaconcursos.com.br\/blog\/#organization\"},\"potentialAction\":[{\"@type\":\"SearchAction\",\"target\":{\"@type\":\"EntryPoint\",\"urlTemplate\":\"https:\/\/www.estrategiaconcursos.com.br\/blog\/?s={search_term_string}\"},\"query-input\":{\"@type\":\"PropertyValueSpecification\",\"valueRequired\":true,\"valueName\":\"search_term_string\"}}],\"inLanguage\":\"pt-BR\"},{\"@type\":\"Organization\",\"@id\":\"https:\/\/www.estrategiaconcursos.com.br\/blog\/#organization\",\"name\":\"Estrat\u00e9gia Concursos\",\"url\":\"https:\/\/www.estrategiaconcursos.com.br\/blog\/\",\"logo\":{\"@type\":\"ImageObject\",\"inLanguage\":\"pt-BR\",\"@id\":\"https:\/\/www.estrategiaconcursos.com.br\/blog\/#\/schema\/logo\/image\/\",\"url\":\"https:\/\/dhg1h5j42swfq.cloudfront.net\/2025\/06\/03203428\/logo_concursos-1.jpg\",\"contentUrl\":\"https:\/\/dhg1h5j42swfq.cloudfront.net\/2025\/06\/03203428\/logo_concursos-1.jpg\",\"width\":230,\"height\":60,\"caption\":\"Estrat\u00e9gia Concursos\"},\"image\":{\"@id\":\"https:\/\/www.estrategiaconcursos.com.br\/blog\/#\/schema\/logo\/image\/\"},\"sameAs\":[\"https:\/\/x.com\/EstratConcursos\"]},{\"@type\":\"Person\",\"@id\":\"https:\/\/www.estrategiaconcursos.com.br\/blog\/#\/schema\/person\/c32e47dba2159cafe7796a9569a6ff7e\",\"name\":\"Ricardo Vale\",\"image\":{\"@type\":\"ImageObject\",\"inLanguage\":\"pt-BR\",\"@id\":\"https:\/\/secure.gravatar.com\/avatar\/e5a5658c798bb49dd53314263f59f38c192d73370fb65839a372c2ae9027be74?s=96&d=mm&r=g\",\"url\":\"https:\/\/secure.gravatar.com\/avatar\/e5a5658c798bb49dd53314263f59f38c192d73370fb65839a372c2ae9027be74?s=96&d=mm&r=g\",\"contentUrl\":\"https:\/\/secure.gravatar.com\/avatar\/e5a5658c798bb49dd53314263f59f38c192d73370fb65839a372c2ae9027be74?s=96&d=mm&r=g\",\"caption\":\"Ricardo Vale\"},\"sameAs\":[\"https:\/\/www.facebook.com\/rvale01\",\"https:\/\/x.com\/https:\/\/twitter.com\/EstratConcursos\"],\"url\":\"https:\/\/www.estrategiaconcursos.com.br\/blog\/author\/ricardovaleestrategiaconcursos-com-br\/\"}]}<\/script>\n<!-- \/ Yoast SEO Premium plugin. -->","yoast_head_json":{"title":"Concurso Senado: Comiss\u00e3o j\u00e1 trabalha no projeto b\u00e1sico. Certame se aproxima","robots":{"index":"index","follow":"follow","max-snippet":"max-snippet:-1","max-image-preview":"max-image-preview:large","max-video-preview":"max-video-preview:-1"},"canonical":"https:\/\/www.estrategiaconcursos.com.br\/blog\/concurso-senado-comissao-ja-trabalha-no-projeto-basico-certame-se-aproxima\/","og_locale":"pt_BR","og_type":"article","og_title":"Concurso Senado: Comiss\u00e3o j\u00e1 trabalha no projeto b\u00e1sico. Certame se aproxima","og_description":"O concurso do Senador Federal est\u00e1 cada vez mais perto e pode ter seu edital publicado ainda em 2019. A comiss\u00e3o organizadora do certame j\u00e1 est\u00e1 a todo vapor com os trabalhos de desenvolvimento do Projeto B\u00e1sico deste certame. O Projeto B\u00e1sico, tamb\u00e9m conhecido como Termo de Refer\u00eancia, \u00e9 utilizado para basear e nortear o [&hellip;]","og_url":"https:\/\/www.estrategiaconcursos.com.br\/blog\/concurso-senado-comissao-ja-trabalha-no-projeto-basico-certame-se-aproxima\/","og_site_name":"Estrat\u00e9gia Concursos","article_author":"https:\/\/www.facebook.com\/rvale01","article_published_time":"2019-10-23T18:00:22+00:00","article_modified_time":"2023-06-20T18:05:22+00:00","og_image":[{"width":1200,"height":540,"url":"https:\/\/dhg1h5j42swfq.cloudfront.net\/2018\/06\/21141837\/concuro-senado-federal-e1587330922515.jpg","type":"image\/jpeg"}],"author":"Ricardo Vale","twitter_card":"summary_large_image","twitter_creator":"@https:\/\/twitter.com\/EstratConcursos","twitter_site":"@EstratConcursos","twitter_misc":{"Escrito por":"Ricardo Vale","Est. tempo de leitura":"4 minutos"},"schema":{"@context":"https:\/\/schema.org","@graph":[{"@type":"NewsArticle","@id":"https:\/\/www.estrategiaconcursos.com.br\/blog\/concurso-senado-comissao-ja-trabalha-no-projeto-basico-certame-se-aproxima\/#article","isPartOf":{"@id":"https:\/\/www.estrategiaconcursos.com.br\/blog\/concurso-senado-comissao-ja-trabalha-no-projeto-basico-certame-se-aproxima\/"},"author":{"name":"Ricardo Vale","@id":"https:\/\/www.estrategiaconcursos.com.br\/blog\/#\/schema\/person\/c32e47dba2159cafe7796a9569a6ff7e"},"headline":"Concurso Senado: Comiss\u00e3o j\u00e1 trabalha no projeto b\u00e1sico. Certame se aproxima","datePublished":"2019-10-23T18:00:22+00:00","dateModified":"2023-06-20T18:05:22+00:00","mainEntityOfPage":{"@id":"https:\/\/www.estrategiaconcursos.com.br\/blog\/concurso-senado-comissao-ja-trabalha-no-projeto-basico-certame-se-aproxima\/"},"wordCount":750,"commentCount":0,"publisher":{"@id":"https:\/\/www.estrategiaconcursos.com.br\/blog\/#organization"},"image":{"@id":"https:\/\/www.estrategiaconcursos.com.br\/blog\/concurso-senado-comissao-ja-trabalha-no-projeto-basico-certame-se-aproxima\/#primaryimage"},"thumbnailUrl":"https:\/\/dhg1h5j42swfq.cloudfront.net\/2018\/06\/21141837\/concuro-senado-federal-e1587330922515.jpg","articleSection":["Concursos P\u00fablicos"],"inLanguage":"pt-BR","potentialAction":[{"@type":"CommentAction","name":"Comment","target":["https:\/\/www.estrategiaconcursos.com.br\/blog\/concurso-senado-comissao-ja-trabalha-no-projeto-basico-certame-se-aproxima\/#respond"]}],"copyrightYear":"2019","copyrightHolder":{"@id":"https:\/\/www.estrategiaconcursos.com.br\/blog\/#organization"}},{"@type":"WebPage","@id":"https:\/\/www.estrategiaconcursos.com.br\/blog\/concurso-senado-comissao-ja-trabalha-no-projeto-basico-certame-se-aproxima\/","url":"https:\/\/www.estrategiaconcursos.com.br\/blog\/concurso-senado-comissao-ja-trabalha-no-projeto-basico-certame-se-aproxima\/","name":"Concurso Senado: Comiss\u00e3o j\u00e1 trabalha no projeto b\u00e1sico. Certame se aproxima","isPartOf":{"@id":"https:\/\/www.estrategiaconcursos.com.br\/blog\/#website"},"primaryImageOfPage":{"@id":"https:\/\/www.estrategiaconcursos.com.br\/blog\/concurso-senado-comissao-ja-trabalha-no-projeto-basico-certame-se-aproxima\/#primaryimage"},"image":{"@id":"https:\/\/www.estrategiaconcursos.com.br\/blog\/concurso-senado-comissao-ja-trabalha-no-projeto-basico-certame-se-aproxima\/#primaryimage"},"thumbnailUrl":"https:\/\/dhg1h5j42swfq.cloudfront.net\/2018\/06\/21141837\/concuro-senado-federal-e1587330922515.jpg","datePublished":"2019-10-23T18:00:22+00:00","dateModified":"2023-06-20T18:05:22+00:00","breadcrumb":{"@id":"https:\/\/www.estrategiaconcursos.com.br\/blog\/concurso-senado-comissao-ja-trabalha-no-projeto-basico-certame-se-aproxima\/#breadcrumb"},"inLanguage":"pt-BR","potentialAction":[{"@type":"ReadAction","target":["https:\/\/www.estrategiaconcursos.com.br\/blog\/concurso-senado-comissao-ja-trabalha-no-projeto-basico-certame-se-aproxima\/"]}]},{"@type":"ImageObject","inLanguage":"pt-BR","@id":"https:\/\/www.estrategiaconcursos.com.br\/blog\/concurso-senado-comissao-ja-trabalha-no-projeto-basico-certame-se-aproxima\/#primaryimage","url":"https:\/\/dhg1h5j42swfq.cloudfront.net\/2018\/06\/21141837\/concuro-senado-federal-e1587330922515.jpg","contentUrl":"https:\/\/dhg1h5j42swfq.cloudfront.net\/2018\/06\/21141837\/concuro-senado-federal-e1587330922515.jpg","width":1200,"height":540,"caption":"Advogado do Senado Federal"},{"@type":"BreadcrumbList","@id":"https:\/\/www.estrategiaconcursos.com.br\/blog\/concurso-senado-comissao-ja-trabalha-no-projeto-basico-certame-se-aproxima\/#breadcrumb","itemListElement":[{"@type":"ListItem","position":1,"name":"In\u00edcio","item":"https:\/\/www.estrategiaconcursos.com.br\/blog\/"},{"@type":"ListItem","position":2,"name":"Concurso Senado: Comiss\u00e3o j\u00e1 trabalha no projeto b\u00e1sico. Certame se aproxima"}]},{"@type":"WebSite","@id":"https:\/\/www.estrategiaconcursos.com.br\/blog\/#website","url":"https:\/\/www.estrategiaconcursos.com.br\/blog\/","name":"Estrat\u00e9gia Concursos","description":"O blog da Estrat\u00e9gia Concursos traz not\u00edcias sobre concursos e artigos de professores oferecendo cursos para concursos (pdf + videaulas) no site.","publisher":{"@id":"https:\/\/www.estrategiaconcursos.com.br\/blog\/#organization"},"potentialAction":[{"@type":"SearchAction","target":{"@type":"EntryPoint","urlTemplate":"https:\/\/www.estrategiaconcursos.com.br\/blog\/?s={search_term_string}"},"query-input":{"@type":"PropertyValueSpecification","valueRequired":true,"valueName":"search_term_string"}}],"inLanguage":"pt-BR"},{"@type":"Organization","@id":"https:\/\/www.estrategiaconcursos.com.br\/blog\/#organization","name":"Estrat\u00e9gia Concursos","url":"https:\/\/www.estrategiaconcursos.com.br\/blog\/","logo":{"@type":"ImageObject","inLanguage":"pt-BR","@id":"https:\/\/www.estrategiaconcursos.com.br\/blog\/#\/schema\/logo\/image\/","url":"https:\/\/dhg1h5j42swfq.cloudfront.net\/2025\/06\/03203428\/logo_concursos-1.jpg","contentUrl":"https:\/\/dhg1h5j42swfq.cloudfront.net\/2025\/06\/03203428\/logo_concursos-1.jpg","width":230,"height":60,"caption":"Estrat\u00e9gia Concursos"},"image":{"@id":"https:\/\/www.estrategiaconcursos.com.br\/blog\/#\/schema\/logo\/image\/"},"sameAs":["https:\/\/x.com\/EstratConcursos"]},{"@type":"Person","@id":"https:\/\/www.estrategiaconcursos.com.br\/blog\/#\/schema\/person\/c32e47dba2159cafe7796a9569a6ff7e","name":"Ricardo Vale","image":{"@type":"ImageObject","inLanguage":"pt-BR","@id":"https:\/\/secure.gravatar.com\/avatar\/e5a5658c798bb49dd53314263f59f38c192d73370fb65839a372c2ae9027be74?s=96&d=mm&r=g","url":"https:\/\/secure.gravatar.com\/avatar\/e5a5658c798bb49dd53314263f59f38c192d73370fb65839a372c2ae9027be74?s=96&d=mm&r=g","contentUrl":"https:\/\/secure.gravatar.com\/avatar\/e5a5658c798bb49dd53314263f59f38c192d73370fb65839a372c2ae9027be74?s=96&d=mm&r=g","caption":"Ricardo Vale"},"sameAs":["https:\/\/www.facebook.com\/rvale01","https:\/\/x.com\/https:\/\/twitter.com\/EstratConcursos"],"url":"https:\/\/www.estrategiaconcursos.com.br\/blog\/author\/ricardovaleestrategiaconcursos-com-br\/"}]}},"_links":{"self":[{"href":"https:\/\/www.estrategiaconcursos.com.br\/blog\/wp-json\/wp\/v2\/posts\/438682","targetHints":{"allow":["GET"]}}],"collection":[{"href":"https:\/\/www.estrategiaconcursos.com.br\/blog\/wp-json\/wp\/v2\/posts"}],"about":[{"href":"https:\/\/www.estrategiaconcursos.com.br\/blog\/wp-json\/wp\/v2\/types\/post"}],"author":[{"embeddable":true,"href":"https:\/\/www.estrategiaconcursos.com.br\/blog\/wp-json\/wp\/v2\/users\/26"}],"replies":[{"embeddable":true,"href":"https:\/\/www.estrategiaconcursos.com.br\/blog\/wp-json\/wp\/v2\/comments?post=438682"}],"version-history":[{"count":3,"href":"https:\/\/www.estrategiaconcursos.com.br\/blog\/wp-json\/wp\/v2\/posts\/438682\/revisions"}],"predecessor-version":[{"id":1235771,"href":"https:\/\/www.estrategiaconcursos.com.br\/blog\/wp-json\/wp\/v2\/posts\/438682\/revisions\/1235771"}],"wp:featuredmedia":[{"embeddable":true,"href":"https:\/\/www.estrategiaconcursos.com.br\/blog\/wp-json\/wp\/v2\/media\/127848"}],"wp:attachment":[{"href":"https:\/\/www.estrategiaconcursos.com.br\/blog\/wp-json\/wp\/v2\/media?parent=438682"}],"wp:term":[{"taxonomy":"category","embeddable":true,"href":"https:\/\/www.estrategiaconcursos.com.br\/blog\/wp-json\/wp\/v2\/categories?post=438682"},{"taxonomy":"post_tag","embeddable":true,"href":"https:\/\/www.estrategiaconcursos.com.br\/blog\/wp-json\/wp\/v2\/tags?post=438682"},{"taxonomy":"tax_estado","embeddable":true,"href":"https:\/\/www.estrategiaconcursos.com.br\/blog\/wp-json\/wp\/v2\/tax_estado?post=438682"}],"curies":[{"name":"wp","href":"https:\/\/api.w.org\/{rel}","templated":true}]}}