{"id":438522,"date":"2022-05-17T09:00:00","date_gmt":"2022-05-17T12:00:00","guid":{"rendered":"https:\/\/www.estrategiaconcursos.com.br\/blog\/?p=438522"},"modified":"2023-01-10T14:46:22","modified_gmt":"2023-01-10T17:46:22","slug":"concurso-prefeitura-de-redencao-ce","status":"publish","type":"post","link":"https:\/\/www.estrategiaconcursos.com.br\/blog\/concurso-prefeitura-de-redencao-ce\/","title":{"rendered":"Concurso Reden\u00e7\u00e3o CE: saiu a nomea\u00e7\u00e3o dos aprovados"},"content":{"rendered":"\n<p>Foram publicadas as nomea\u00e7\u00f5es dos candidatos aprovados no concurso p\u00fablico da Prefeitura de Reden\u00e7\u00e3o, munic\u00edpio do estado do Cear\u00e1. Para conferir as listas completas, basta acessar o t\u00f3pico <em>&#8220;<a href=\"#aprovados\">convoca\u00e7\u00e3o de aprovados<\/a>&#8220;. <\/em><\/p>\n\n\n\n<p>Com o certame homologado em 06 de abril de 2020, o prazo de validade de dois anos come\u00e7a a contar. Importante ressaltar que esse mesmo prazo poder\u00e1 ser prorrogado, caso necess\u00e1rio. <\/p>\n\n\n\n<p>Ao todo, foram ofertadas <strong>888 vagas<\/strong>, sendo 259 para provimento imediato e 629 destinadas \u00e0 forma\u00e7\u00e3o de cadastro reserva. As oportunidades s\u00e3o para cargos de n\u00edvel fundamental, m\u00e9dio e superior.<\/p>\n\n\n\n<ul id=\"block-ee678516-e9d1-48bd-b327-7b9acd55f0fd\" class=\"has-very-light-gray-to-cyan-bluish-gray-gradient-background has-background wp-block-list\"><li><strong>Prefeitura Municipal de Reden\u00e7\u00e3o &#8211; CE<\/strong><\/li><li><strong>Status:<\/strong>\u00a0Concurso homologado<\/li><li><strong>Banca:<\/strong>\u00a0<a href=\"https:\/\/promunicipio.selecao.net.br\/informacoes\/266\/\" target=\"_blank\" rel=\"noreferrer noopener\">Pr\u00f3-Munic\u00edpio Servi\u00e7os<\/a><\/li><li><strong>Vagas:\u00a0<\/strong>888<\/li><li><strong>Sal\u00e1rio inicial:<\/strong> 1.460,93 a R$ 2.420,00 <\/li><li><strong>Edital<\/strong>:\u00a0<a href=\"https:\/\/dhg1h5j42swfq.cloudfront.net\/2023\/01\/10103903\/7e1acb000c4eaa315df2c472aca24a1a.pdf\" target=\"_blank\" rel=\"noreferrer noopener nofollow\">Prefeitura Reden\u00e7\u00e3o CE<\/a><\/li><\/ul>\n\n\n\n<p>Confira neste artigo todas as principais informa\u00e7\u00f5es concurso Prefeitura de Reden\u00e7\u00e3o. Abaixo, voc\u00ea ter\u00e1 acesso aos t\u00f3picos separados por temas, para facilitar a sua busca:<\/p>\n\n\n\n<ul class=\"wp-block-list\" id=\"indice\"><li><a href=\"#aprovados\"><strong>Convoca\u00e7\u00e3o de aprovados<\/strong><\/a><\/li><li><strong><a href=\"#cargos-vagas\">Cargos e vagas<\/a><\/strong><ul><li><a href=\"#fund\">N\u00edvel fundamental<\/a><\/li><li><a href=\"#medio\">N\u00edvel m\u00e9dio<\/a><\/li><li><a href=\"#superior\">N\u00edvel superior<\/a><\/li><\/ul><\/li><li><strong><a href=\"#etapas\">Etapas do concurso<\/a><\/strong><ul><li><a href=\"#objetiva\">Prova objetiva<\/a><\/li><li><a href=\"#titulos\">Prova de t\u00edtulos<\/a><\/li><\/ul><\/li><li><strong><a href=\"#cursos-assinatura\">Cursos e Assinatura<\/a><\/strong><\/li><li><strong><a href=\"#ficha-tecnica\">Ficha t\u00e9cnica<\/a><\/strong><\/li><\/ul>\n\n\n\n<div class=\"container\" id=\"boxes\">\n  <div class=\"row\">\n\n    <div class=\"col-sm\">\n      <div class=\"banner-estrategia\" id=\"box-assinatura\">\n        <h3 class=\"titulo-assinatura\">Cursos para concursos<\/h3>\n        <p class=\"subtitulo-assinatura\">Estude conosco<\/p>\n        <div class=\"box-botao\">\n          <a class=\"btn-assinatura\" target=\"_blank\" href=\"https:\/\/www.estrategiaconcursos.com.br\/cursos\/\" role=\"button\" rel=\"noopener noreferrer\">Conhe\u00e7a os cursos<\/a>\n        <\/div>\n      <\/div>\n     \n    <\/div>\n\n  <\/div>\n<\/div>\n\n\n\n<h2 class=\"wp-block-heading\" id=\"aprovados\">Concurso Reden\u00e7\u00e3o CE: convoca\u00e7\u00e3o de aprovados<\/h2>\n\n\n\n<p>Confira abaixo todas as convoca\u00e7\u00f5es de aprovados do concurso p\u00fablico Prefeitura de Reden\u00e7\u00e3o CE:<\/p>\n\n\n\n<ul class=\"wp-block-list\"><li><a href=\"https:\/\/anexos.cdn.selecao.net.br\/uploads\/72\/concursos\/266\/anexos\/GZmSCQ9yYnDtDr4GzQAhKnYLI3tezzBVI8oL2A4z.pdf\" target=\"_blank\" rel=\"noreferrer noopener\">EDITAL DE CONVOCA\u00c7\u00c3O DE CANDIDATOS APROVADOS 001\/2020\u00a005\/10\/2020<\/a><\/li><li><a href=\"https:\/\/anexos.cdn.selecao.net.br\/uploads\/72\/concursos\/266\/anexos\/rqL05IamnE2W2tIoQD536rSl3Ge9ymZ2D13nUfzb.pdf\" target=\"_blank\" rel=\"noreferrer noopener\">EDITAL DE CONVOCA\u00c7\u00c3O DE CANDIDATOS APROVADOS 001\/2021\u00a008\/02\/2021<\/a><\/li><li><a href=\"https:\/\/anexos.cdn.selecao.net.br\/uploads\/72\/concursos\/266\/anexos\/N0DsELyb6vrmEQMw0C97mCLaRITWfqHF6kvH5SQl.pdf\" target=\"_blank\" rel=\"noreferrer noopener\">EDITAL DE CONVOCA\u00c7\u00c3O DE CANDIDATOS APROVADOS 02-2021\u00a007\/05\/2021<\/a><\/li><li><a href=\"https:\/\/anexos.cdn.selecao.net.br\/uploads\/72\/concursos\/266\/anexos\/Y4WBCwK1ko6OREjLOvZ5gqD0d63GYwJegISRjKET.pdf\" target=\"_blank\" rel=\"noreferrer noopener\">EDITAL DE CONVOCA\u00c7\u00c3O DE CANDIDATOS APROVADOS 03-2021\u00a020\/07\/2021<\/a><\/li><li><a href=\"https:\/\/anexos.cdn.selecao.net.br\/uploads\/72\/concursos\/266\/anexos\/ijHffsDGrmYhPe1aBv5zqMW4DgakXss5yfBzdOzo.pdf\" target=\"_blank\" rel=\"noreferrer noopener\">EDITAL DE CONVOCA\u00c7\u00c3O DE CANDIDATOS APROVADOS 04-2021\u00a020\/08\/2021<\/a><\/li><li><a href=\"https:\/\/anexos.cdn.selecao.net.br\/uploads\/72\/concursos\/266\/anexos\/QprsxGyfdfhy9qpCn72UITW0ipt0MOC3ywP9CeKQ.pdf\" target=\"_blank\" rel=\"noreferrer noopener\">EDITAL DE CONVOCA\u00c7\u00c3O DE CANDIDATOS APROVADOS 05-2021\u00a020\/09\/2021<\/a><\/li><li><a href=\"https:\/\/anexos.cdn.selecao.net.br\/uploads\/72\/concursos\/266\/anexos\/KcmrUo3mF7O8XIEGoBINmLdzns0GPNyCiihsNYmK.pdf\" target=\"_blank\" rel=\"noreferrer noopener\">EDITAL DE CONVOCA\u00c7\u00c3O DE CANDIDATOS APROVADOS 06-2021\u00a007\/10\/2021<\/a><\/li><li><a href=\"https:\/\/anexos.cdn.selecao.net.br\/uploads\/72\/concursos\/266\/anexos\/S61EZzaSTIoAXgNrind2bCyAIpCTDS9LeQPlsaOo.pdf\" target=\"_blank\" rel=\"noreferrer noopener\">EDITAL DE CONVOCA\u00c7\u00c3O DE CANDIDATOS APROVADOS 01-2022\u00a024\/01\/2022<\/a><\/li><li><a href=\"https:\/\/anexos.cdn.selecao.net.br\/uploads\/72\/concursos\/266\/anexos\/BJqad9XGwgzhUBXR3b9FvRoSyisPTAEPo39oEOXT.pdf\" target=\"_blank\" rel=\"noreferrer noopener\">EDITAL DE CONVOCA\u00c7\u00c3O DE CANDIDATOS APROVADOS 02-2022\u00a021\/02\/2022<\/a><\/li><li><a href=\"https:\/\/anexos.cdn.selecao.net.br\/uploads\/72\/concursos\/266\/anexos\/copf7kuIXpGzvatIhp1KlkB52lk4RITZisuNHFbf.pdf\" target=\"_blank\" rel=\"noreferrer noopener\">EDITAL DE CONVOCA\u00c7\u00c3O DE CANDIDATOS APROVADOS 03-2022\u00a019\/04\/2022<\/a><\/li><li><a href=\"https:\/\/anexos.cdn.selecao.net.br\/uploads\/72\/concursos\/266\/anexos\/eENL8300KL2d9EAZWA4AN0h5WFpc1gXkZ3nekBU4.pdf\" target=\"_blank\" rel=\"noreferrer noopener\">EDITAL DE CONVOCA\u00c7\u00c3O DE CANDIDATOS APROVADOS 04-2022\u00a018\/05\/2022<\/a><\/li><li><a href=\"https:\/\/anexos.cdn.selecao.net.br\/uploads\/72\/concursos\/266\/anexos\/01fHVen5zSWPxrAqTbBNYDLbKIZOhBz5D64bC7Gk.pdf\" target=\"_blank\" rel=\"noreferrer noopener\">EDITAL DE CONVOCA\u00c7\u00c3O DE CANDIDATOS APROVADOS 05-2022\u00a022\/07\/2022<\/a><\/li><li><a href=\"https:\/\/anexos.cdn.selecao.net.br\/uploads\/72\/concursos\/266\/anexos\/kGWb24Catv3U5ms0OpU91FNwJGuWvK9LnROiHfRi.pdf\" target=\"_blank\" rel=\"noreferrer noopener\">EDITAL DE CONVOCA\u00c7\u00c3O DE CANDIDATOS APROVADOS 07-2022\u00a026\/09\/2022<\/a><\/li><li><a href=\"https:\/\/anexos.cdn.selecao.net.br\/uploads\/72\/concursos\/266\/anexos\/XpjKqYtVril0oYvdxz46zp0Qbfkhr9p39j15F4Vi.pdf\" target=\"_blank\" rel=\"noreferrer noopener\">EDITAL DE CONVOCA\u00c7\u00c3O DE CANDIDATOS APROVADOS 06-2022\u00a022\/08\/2022<\/a><\/li><\/ul>\n\n\n\n<h2 class=\"wp-block-heading\" id=\"cargos-vagas\">Concurso Reden\u00e7\u00e3o CE: cargos e vagas<\/h2>\n\n\n\n<p>Confira abaixo a distribui\u00e7\u00e3o de cargos e vagas do concurso Prefeitura de Reden\u00e7\u00e3o:<\/p>\n\n\n\n<h3 class=\"wp-block-heading\" id=\"fund\">N\u00edvel fundamental<\/h3>\n\n\n\n<figure class=\"wp-block-table is-style-stripes\"><table class=\"has-white-background-color has-background has-fixed-layout\"><thead><tr><th class=\"has-text-align-center\" data-align=\"center\">CARGO<\/th><th class=\"has-text-align-center\" data-align=\"center\">VAGAS<\/th><\/tr><\/thead><tbody><tr><td class=\"has-text-align-center\" data-align=\"center\"> AGENTE COMUNIT\u00c1RIO DE SA\u00daDE &#8211; SEDE I &#8211; SANTA RITA <\/td><td class=\"has-text-align-center\" data-align=\"center\">1 + 3 CR<\/td><\/tr><tr><td class=\"has-text-align-center\" data-align=\"center\"> AGENTE COMUNIT\u00c1RIO DE SA\u00daDE &#8211; SEDE II &#8211; \u00c1REA I &#8211; SANTA RITA <\/td><td class=\"has-text-align-center\" data-align=\"center\">1 + 3 CR<\/td><\/tr><tr><td class=\"has-text-align-center\" data-align=\"center\"> AGENTE COMUNIT\u00c1RIO DE SA\u00daDE &#8211; SEDE II &#8211; SANTA RITA <\/td><td class=\"has-text-align-center\" data-align=\"center\">1 + 3 CR<\/td><\/tr><tr><td class=\"has-text-align-center\" data-align=\"center\"> AGENTE COMUNIT\u00c1RIO DE SA\u00daDE &#8211; SEDE III &#8211; OUTEIRO DE CIMA &#8211; \u00c1REA I <\/td><td class=\"has-text-align-center\" data-align=\"center\">1 + 3 CR<\/td><\/tr><tr><td class=\"has-text-align-center\" data-align=\"center\"> AGENTE COMUNIT\u00c1RIO DE SA\u00daDE &#8211; SEDE III &#8211; DIAMANTE &#8211; \u00c1REA II <\/td><td class=\"has-text-align-center\" data-align=\"center\">1 + 3 CR<\/td><\/tr><tr><td class=\"has-text-align-center\" data-align=\"center\"> AGENTE COMUNIT\u00c1RIO DE SA\u00daDE &#8211; FREI AGOSTINHO &#8211; ANT\u00d4NIO DIOGO B &#8211; \u00c1REA I &#8211; CONJUNTO NOVO  <\/td><td class=\"has-text-align-center\" data-align=\"center\">1 + 3 CR<\/td><\/tr><tr><td class=\"has-text-align-center\" data-align=\"center\"> AGENTE COMUNIT\u00c1RIO DE SA\u00daDE &#8211; URUCUZAL &#8211; \u00c1REA I &#8211; ANT\u00d4NIO DIOGO A <\/td><td class=\"has-text-align-center\" data-align=\"center\">1 + 3 CR<\/td><\/tr><tr><td class=\"has-text-align-center\" data-align=\"center\"> AGENTE COMUNIT\u00c1RIO DE SA\u00daDE &#8211; \u00c1REA GUASS\u00cd &#8211; \u00c1REA I <\/td><td class=\"has-text-align-center\" data-align=\"center\">1 + 3 CR<\/td><\/tr><tr><td class=\"has-text-align-center\" data-align=\"center\"> AGENTE COMUNIT\u00c1RIO DE SA\u00daDE &#8211; \u00c1REA GUASS\u00cd &#8211; \u00c1REA II <\/td><td class=\"has-text-align-center\" data-align=\"center\">1 + 3 CR<\/td><\/tr><\/tbody><\/table><\/figure>\n\n\n\n<p>A remunera\u00e7\u00e3o inicial para os cargos de n\u00edvel fundamental \u00e9 de R$ 1.409,57, referente a carga hor\u00e1ria mensal de 200 horas.<\/p>\n\n\n\n<h3 class=\"wp-block-heading\" id=\"medio\">N\u00edvel m\u00e9dio<\/h3>\n\n\n\n<figure class=\"wp-block-table is-style-stripes\"><table class=\"has-white-background-color has-background has-fixed-layout\"><thead><tr><th class=\"has-text-align-center\" data-align=\"center\">CARGO<\/th><th class=\"has-text-align-center\" data-align=\"center\">VAGAS<\/th><th class=\"has-text-align-center\" data-align=\"center\">REMUNERA\u00c7\u00c3O<\/th><\/tr><\/thead><tbody><tr><td class=\"has-text-align-center\" data-align=\"center\"> AGENTE DE COMBATE \u00c0S ENDEMIAS <\/td><td class=\"has-text-align-center\" data-align=\"center\">3 + 9 CR<\/td><td class=\"has-text-align-center\" data-align=\"center\"> 1.521,02 <\/td><\/tr><tr><td class=\"has-text-align-center\" data-align=\"center\"> SECRET\u00c1RIO ESCOLAR <\/td><td class=\"has-text-align-center\" data-align=\"center\">4 + 12 CR<\/td><td class=\"has-text-align-center\" data-align=\"center\"> 1.148,00 <\/td><\/tr><\/tbody><\/table><\/figure>\n\n\n\n<p>J\u00e1 para os cargos de n\u00edvel m\u00e9dio a remunera\u00e7\u00e3o inicial foi fixada em R$ 1.148,00 e R$ 1.521,02, tamb\u00e9m referente a carga hor\u00e1ria mensal de 200 horas. <\/p>\n\n\n\n<h3 class=\"wp-block-heading\" id=\"superior\">N\u00edvel superior<\/h3>\n\n\n\n<figure class=\"wp-block-table is-style-stripes\"><table class=\"has-white-background-color has-background has-fixed-layout\"><thead><tr><th class=\"has-text-align-center\" data-align=\"center\">CARGO<\/th><th class=\"has-text-align-center\" data-align=\"center\">VAGAS<\/th><th class=\"has-text-align-center\" data-align=\"center\">REMUNERA\u00c7\u00c3O<\/th><\/tr><\/thead><tbody><tr><td class=\"has-text-align-center\" data-align=\"center\"> PROFESSOR PEB II &#8211; 1\u00ba AO 5\u00ba ANO <\/td><td class=\"has-text-align-center\" data-align=\"center\"> 72 + 108 CR<\/td><td class=\"has-text-align-center\" data-align=\"center\"> 1.460,93 <\/td><\/tr><tr><td class=\"has-text-align-center\" data-align=\"center\"> PROFESSOR PEB II &#8211; ARTES <\/td><td class=\"has-text-align-center\" data-align=\"center\"> 4 + 12 CR<\/td><td class=\"has-text-align-center\" data-align=\"center\"> 1.460,93 <\/td><\/tr><tr><td class=\"has-text-align-center\" data-align=\"center\"> PROFESSOR PEB II &#8211; CI\u00caNCIAS <\/td><td class=\"has-text-align-center\" data-align=\"center\"> 10 + 30 CR<\/td><td class=\"has-text-align-center\" data-align=\"center\"> 1.460,93 <\/td><\/tr><tr><td class=\"has-text-align-center\" data-align=\"center\"> PROFESSOR PEB II &#8211; EDUCA\u00c7\u00c3O F\u00cdSICA <\/td><td class=\"has-text-align-center\" data-align=\"center\"> 20 + 60 CR<\/td><td class=\"has-text-align-center\" data-align=\"center\"> 1.460,93 <\/td><\/tr><tr><td class=\"has-text-align-center\" data-align=\"center\"> PROFESSOR PEB II &#8211; EDUCA\u00c7\u00c3O INFANTIL <\/td><td class=\"has-text-align-center\" data-align=\"center\"> 28 + 84 CR<\/td><td class=\"has-text-align-center\" data-align=\"center\"> 1.460,93 <\/td><\/tr><tr><td class=\"has-text-align-center\" data-align=\"center\"> PROFESSOR PEB II &#8211; EDUCA\u00c7\u00c3O RELIGIOSA <\/td><td class=\"has-text-align-center\" data-align=\"center\"> 4 + 12 CR<\/td><td class=\"has-text-align-center\" data-align=\"center\"> 1.460,93 <\/td><\/tr><tr><td class=\"has-text-align-center\" data-align=\"center\"> PROFESSOR PEB II &#8211; GEOGRAFIA <\/td><td class=\"has-text-align-center\" data-align=\"center\"> 10 + 30 CR<\/td><td class=\"has-text-align-center\" data-align=\"center\"> 1.460,93 <\/td><\/tr><tr><td class=\"has-text-align-center\" data-align=\"center\"> PROFESSOR PEB II &#8211; HIST\u00d3RIA <\/td><td class=\"has-text-align-center\" data-align=\"center\"> 10 + 30 CR<\/td><td class=\"has-text-align-center\" data-align=\"center\"> 1.460,93 <\/td><\/tr><tr><td class=\"has-text-align-center\" data-align=\"center\"> PROFESSOR PEB II &#8211; L\u00cdNGUA INGLESA <\/td><td class=\"has-text-align-center\" data-align=\"center\"> 20 + 60 CR<\/td><td class=\"has-text-align-center\" data-align=\"center\"> 1.460,93 <\/td><\/tr><tr><td class=\"has-text-align-center\" data-align=\"center\"> PROFESSOR PEB II &#8211; L\u00cdNGUA PORTUGUESA <\/td><td class=\"has-text-align-center\" data-align=\"center\"> 36 + 108 CR<\/td><td class=\"has-text-align-center\" data-align=\"center\"> 1.460,93 <\/td><\/tr><tr><td class=\"has-text-align-center\" data-align=\"center\"> PROFESSOR PEB II &#8211; MATEM\u00c1TICA <\/td><td class=\"has-text-align-center\" data-align=\"center\"> 26 + 78 CR<\/td><td class=\"has-text-align-center\" data-align=\"center\"> 1.460,93 <\/td><\/tr><tr><td class=\"has-text-align-center\" data-align=\"center\"> PSICOPEDAGOGO <\/td><td class=\"has-text-align-center\" data-align=\"center\"> 2 + 6 CR<\/td><td class=\"has-text-align-center\" data-align=\"center\"> 2.420,00 <\/td><\/tr><\/tbody><\/table><\/figure>\n\n\n\n<p>Para os cargos de n\u00edvel superior a jornada de trabalho \u00e9 de 20 horas semanais e a remunera\u00e7\u00e3o inicial varia de R$ 1.460,93 a R$ 2.420,00.<\/p>\n\n\n\n<h2 class=\"wp-block-heading\" id=\"etapas\">Concurso Reden\u00e7\u00e3o CE: etapas de provas<\/h2>\n\n\n\n<p>O concurso Prefeitura de Reden\u00e7\u00e3o constou das seguintes fases: <\/p>\n\n\n\n<ul class=\"wp-block-list\"><li><strong>Prova Escrita<\/strong> &#8211; para todos os cargos, de car\u00e1ter eliminat\u00f3rio e classificat\u00f3rio<\/li><li><strong>Prova de T\u00edtulos<\/strong> &#8211; para os cargos de n\u00edvel superior, de car\u00e1ter classificat\u00f3rio<\/li><\/ul>\n\n\n\n<h3 class=\"wp-block-heading\" id=\"objetiva\">Prova Escrita\/Objetiva<\/h3>\n\n\n\n<p>Todos os cargos foram submetidos a uma prova objetiva, composta por 25 quest\u00f5es alternativas de car\u00e1ter eliminat\u00f3rio e classificat\u00f3rio. Confira abaixo a estrutura das provas:<\/p>\n\n\n\n<p><strong>N\u00edvel Superior <\/strong><\/p>\n\n\n\n<ul class=\"wp-block-list\"><li><em>L\u00edngua Portuguesa &#8211; 5 quest\u00f5es<\/em>, <em>peso 2<\/em><\/li><li><em>Conhecimentos sobre o munic\u00edpio de Reden\u00e7\u00e3o &#8211; 5 quest\u00f5es<\/em>, <em>peso 2<\/em><\/li><li><em>Conhecimentos Espec\u00edficos &#8211; 15 quest\u00f5es<\/em>, <em>peso 4<\/em><\/li><\/ul>\n\n\n\n<p><strong>N\u00edvel m\u00e9dio e fundamental<\/strong><\/p>\n\n\n\n<ul class=\"wp-block-list\"><li><em>L\u00edngua Portuguesa &#8211; 5 quest\u00f5es, peso 2 <\/em><\/li><li><em>Conhecimentos sobre o munic\u00edpio de Reden\u00e7\u00e3o  &#8211; 5 quest\u00f5es, peso 2 <\/em><\/li><li><em>Conhecimentos Espec\u00edficos &#8211; 15 quest\u00f5es, peso 4 <\/em><\/li><\/ul>\n\n\n\n<h3 class=\"wp-block-heading\" id=\"titulos\">Prova de T\u00edtulos<\/h3>\n\n\n\n<p>Os cargos de n\u00edvel superior tamb\u00e9m passaram por uma avalia\u00e7\u00e3o de t\u00edtulos. Confira abaixo os valores de cada um:<\/p>\n\n\n\n<figure class=\"wp-block-image aligncenter is-resized\"><img loading=\"lazy\" decoding=\"async\" src=\"https:\/\/dhg1h5j42swfq.cloudfront.net\/2019\/10\/22191316\/Capturar.png3.png\" alt=\"Concurso Reden\u00e7\u00e3o CE avalia\u00e7\u00e3o de t\u00edtulos\" class=\"wp-image-438648\" width=\"598\" height=\"549\" srcset=\"https:\/\/dhg1h5j42swfq.cloudfront.net\/2019\/10\/22191316\/Capturar.png3.png 725w, https:\/\/dhg1h5j42swfq.cloudfront.net\/2019\/10\/22191316\/Capturar.png3.png 300w, https:\/\/dhg1h5j42swfq.cloudfront.net\/2019\/10\/22191316\/Capturar.png3.png 610w\" sizes=\"auto, (max-width: 598px) 100vw, 598px\" \/><\/figure>\n\n\n\n<hr class=\"wp-block-separator has-css-opacity\"\/>\n\n\n\n<h2 class=\"has-text-align-center wp-block-heading\" id=\"cursos-assinatura\">Cursos para concursos:<\/h2>\n\n\n\n<div class=\"container\" id=\"boxes\">\n  <div class=\"row\">\n\n    <div class=\"col-sm\">\n      <div class=\"banner-estrategia\" id=\"box-assinatura\">\n        <h3 class=\"titulo-assinatura\">Cursos para concursos<\/h3>\n        <p class=\"subtitulo-assinatura\">Estude conosco<\/p>\n        <div class=\"box-botao\">\n          <a class=\"btn-assinatura\" target=\"_blank\" href=\"https:\/\/www.estrategiaconcursos.com.br\/cursos\/\" role=\"button\" rel=\"noopener noreferrer\">Conhe\u00e7a os cursos<\/a>\n        <\/div>\n      <\/div>\n     \n    <\/div>\n\n  <\/div>\n<\/div>\n\n\n\n<div class=\"container\" id=\"boxes\">\n  <div class=\"row\">\n\n    <div class=\"col-sm\">\n      <div class=\"estrategia\" id=\"box-assinatura\">\n        <h3 class=\"titulo-assinatura\">Assinatura Concursos<\/h3>\n        <p class=\"subtitulo-assinatura\">Assinatura de 1 ano ou 2 anos<\/p>\n        <div class=\"box-botao\">\n          <a class=\"btn-assinatura\" target=\"_blank\" href=\"https:\/\/www.estrategiaconcursos.com.br\/assinaturas\/\" role=\"button\" rel=\"noopener noreferrer\">ASSINE AGORA<\/a>\n        <\/div>\n      <\/div><\/div><\/div><\/div>\n\n\n\n<h2 class=\"has-text-align-center wp-block-heading\" id=\"h-quer-saber-tudo-sobre-concursos-previstos-confira-nossos-artigos\">Quer saber tudo sobre concursos previstos?<br \/>Confira nossos artigos!<\/h2>\n\n\n\n<ul class=\"wp-block-list\"><li><a href=\"https:\/\/www.estrategiaconcursos.com.br\/blog\/concursos-abertos\/\" target=\"_blank\" rel=\"noreferrer noopener\">Concursos abertos<\/a><\/li><li><a href=\"https:\/\/www.estrategiaconcursos.com.br\/blog\/concursos-2023\/\" target=\"_blank\" rel=\"noreferrer noopener\">Concursos 2023<\/a><\/li><\/ul>\n\n\n\n<figure class=\"wp-block-image size-large is-resized\"><img loading=\"lazy\" decoding=\"async\" src=\"https:\/\/dhg1h5j42swfq.cloudfront.net\/2021\/08\/02092425\/ficha-tecnica-1024x632.png\" alt=\"Informa\u00e7\u00f5es\u00a0do concurso Prefeitura de Reden\u00e7\u00e3o - CE\" class=\"wp-image-826813\" width=\"295\" height=\"182\" srcset=\"https:\/\/dhg1h5j42swfq.cloudfront.net\/2021\/08\/02092425\/ficha-tecnica-1024x632.png 1024w, https:\/\/dhg1h5j42swfq.cloudfront.net\/2021\/08\/02092425\/ficha-tecnica-300x185.png 300w, https:\/\/dhg1h5j42swfq.cloudfront.net\/2021\/08\/02092425\/ficha-tecnica-768x474.png 768w, https:\/\/dhg1h5j42swfq.cloudfront.net\/2021\/08\/02092425\/ficha-tecnica-1536x948.png 1536w, https:\/\/dhg1h5j42swfq.cloudfront.net\/2021\/08\/02092425\/ficha-tecnica-610x377.png 610w, https:\/\/dhg1h5j42swfq.cloudfront.net\/2021\/08\/02092425\/ficha-tecnica.png 1571w\" sizes=\"auto, (max-width: 295px) 100vw, 295px\" \/><\/figure>\n\n\n\n<h3 class=\"wp-block-heading\" id=\"ficha-tecnica\">Informa\u00e7\u00f5es&nbsp;do concurso Prefeitura de Reden\u00e7\u00e3o<\/h3>\n\n\n\n<ul class=\"wp-block-list\"><li><strong>Ano<\/strong>: 2021<\/li><li><strong>Vagas<\/strong>: 259 + 629 CR<\/li><li><strong>Cargos<\/strong>: diversos<\/li><li><strong>Escolaridade<\/strong>: N\u00edvel fundamental, m\u00e9dio e superior<\/li><li><strong>Banca<\/strong>: Pr\u00f3-Munic\u00edpio Servi\u00e7os<\/li><li><strong>Edital<\/strong>: <a href=\"https:\/\/dhg1h5j42swfq.cloudfront.net\/2023\/01\/10103903\/7e1acb000c4eaa315df2c472aca24a1a.pdf\" target=\"_blank\" rel=\"noreferrer noopener nofollow\">Prefeitura de Reden\u00e7\u00e3o<\/a> <\/li><\/ul>\n","protected":false},"excerpt":{"rendered":"<p>Foram publicadas as nomea\u00e7\u00f5es dos candidatos aprovados no concurso p\u00fablico da Prefeitura de Reden\u00e7\u00e3o, munic\u00edpio do estado do Cear\u00e1. Para conferir as listas completas, basta acessar o t\u00f3pico &#8220;convoca\u00e7\u00e3o de aprovados&#8220;. Com o certame homologado em 06 de abril de 2020, o prazo de validade de dois anos come\u00e7a a contar. Importante ressaltar que esse [&hellip;]<\/p>\n","protected":false},"author":1,"featured_media":1150122,"comment_status":"open","ping_status":"closed","sticky":false,"template":"","format":"standard","meta":{"post_tipo":"news_page","footnotes":""},"categories":[214992],"tags":[],"tax_estado":[219969],"class_list":["post-438522","post","type-post","status-publish","format-standard","has-post-thumbnail","hentry","category-concursos-administrativos","tax_estado-ce"],"acf":[],"yoast_head":"<!-- This site is optimized with the Yoast SEO Premium plugin v27.2 (Yoast SEO v27.2) - https:\/\/yoast.com\/product\/yoast-seo-premium-wordpress\/ -->\n<title>Concurso Reden\u00e7\u00e3o CE: saiu a nomea\u00e7\u00e3o dos aprovados<\/title>\n<meta name=\"description\" content=\"Concurso Reden\u00e7\u00e3o CE: divulgadas as nomea\u00e7\u00f5es e homologa\u00e7\u00e3o do certame. Ao todo, foram ofertadas 888 vagas em diversos cargos.\" \/>\n<meta name=\"robots\" content=\"index, follow, max-snippet:-1, max-image-preview:large, max-video-preview:-1\" \/>\n<link rel=\"canonical\" href=\"https:\/\/www.estrategiaconcursos.com.br\/blog\/concurso-prefeitura-de-redencao-ce\/\" \/>\n<meta property=\"og:locale\" content=\"pt_BR\" \/>\n<meta property=\"og:type\" content=\"article\" \/>\n<meta property=\"og:title\" content=\"Concurso Reden\u00e7\u00e3o CE: saiu a nomea\u00e7\u00e3o dos aprovados\" \/>\n<meta property=\"og:description\" content=\"Concurso Reden\u00e7\u00e3o CE: divulgadas as nomea\u00e7\u00f5es e homologa\u00e7\u00e3o do certame. Ao todo, foram ofertadas 888 vagas em diversos cargos.\" \/>\n<meta property=\"og:url\" content=\"https:\/\/www.estrategiaconcursos.com.br\/blog\/concurso-prefeitura-de-redencao-ce\/\" \/>\n<meta property=\"og:site_name\" content=\"Estrat\u00e9gia Concursos\" \/>\n<meta property=\"article:author\" content=\"https:\/\/www.facebook.com\/EstrategiaConcursos\" \/>\n<meta property=\"article:published_time\" content=\"2022-05-17T12:00:00+00:00\" \/>\n<meta property=\"article:modified_time\" content=\"2023-01-10T17:46:22+00:00\" \/>\n<meta property=\"og:image\" content=\"https:\/\/dhg1h5j42swfq.cloudfront.net\/2019\/11\/10104041\/redencao.jpg\" \/>\n\t<meta property=\"og:image:width\" content=\"800\" \/>\n\t<meta property=\"og:image:height\" content=\"800\" \/>\n\t<meta property=\"og:image:type\" content=\"image\/jpeg\" \/>\n<meta name=\"author\" content=\"Coordena\u00e7\u00e3o\" \/>\n<meta name=\"twitter:card\" content=\"summary_large_image\" \/>\n<meta name=\"twitter:creator\" content=\"@EstratConcursos\" \/>\n<meta name=\"twitter:site\" content=\"@EstratConcursos\" \/>\n<meta name=\"twitter:label1\" content=\"Escrito por\" \/>\n\t<meta name=\"twitter:data1\" content=\"Coordena\u00e7\u00e3o\" \/>\n\t<meta name=\"twitter:label2\" content=\"Est. tempo de leitura\" \/>\n\t<meta name=\"twitter:data2\" content=\"4 minutos\" \/>\n<script type=\"application\/ld+json\" class=\"yoast-schema-graph\">{\"@context\":\"https:\/\/schema.org\",\"@graph\":[{\"@type\":\"NewsArticle\",\"@id\":\"https:\/\/www.estrategiaconcursos.com.br\/blog\/concurso-prefeitura-de-redencao-ce\/#article\",\"isPartOf\":{\"@id\":\"https:\/\/www.estrategiaconcursos.com.br\/blog\/concurso-prefeitura-de-redencao-ce\/\"},\"author\":{\"name\":\"Coordena\u00e7\u00e3o\",\"@id\":\"https:\/\/www.estrategiaconcursos.com.br\/blog\/#\/schema\/person\/b4a388c97673c5f483d72185668afa1f\"},\"headline\":\"Concurso Reden\u00e7\u00e3o CE: saiu a nomea\u00e7\u00e3o dos aprovados\",\"datePublished\":\"2022-05-17T12:00:00+00:00\",\"dateModified\":\"2023-01-10T17:46:22+00:00\",\"mainEntityOfPage\":{\"@id\":\"https:\/\/www.estrategiaconcursos.com.br\/blog\/concurso-prefeitura-de-redencao-ce\/\"},\"wordCount\":920,\"commentCount\":0,\"publisher\":{\"@id\":\"https:\/\/www.estrategiaconcursos.com.br\/blog\/#organization\"},\"image\":{\"@id\":\"https:\/\/www.estrategiaconcursos.com.br\/blog\/concurso-prefeitura-de-redencao-ce\/#primaryimage\"},\"thumbnailUrl\":\"https:\/\/dhg1h5j42swfq.cloudfront.net\/2019\/11\/10104041\/redencao.jpg\",\"articleSection\":[\"Executivo (Administrativa)\"],\"inLanguage\":\"pt-BR\",\"potentialAction\":[{\"@type\":\"CommentAction\",\"name\":\"Comment\",\"target\":[\"https:\/\/www.estrategiaconcursos.com.br\/blog\/concurso-prefeitura-de-redencao-ce\/#respond\"]}],\"copyrightYear\":\"2022\",\"copyrightHolder\":{\"@id\":\"https:\/\/www.estrategiaconcursos.com.br\/blog\/#organization\"}},{\"@type\":\"WebPage\",\"@id\":\"https:\/\/www.estrategiaconcursos.com.br\/blog\/concurso-prefeitura-de-redencao-ce\/\",\"url\":\"https:\/\/www.estrategiaconcursos.com.br\/blog\/concurso-prefeitura-de-redencao-ce\/\",\"name\":\"Concurso Reden\u00e7\u00e3o CE: saiu a nomea\u00e7\u00e3o dos aprovados\",\"isPartOf\":{\"@id\":\"https:\/\/www.estrategiaconcursos.com.br\/blog\/#website\"},\"primaryImageOfPage\":{\"@id\":\"https:\/\/www.estrategiaconcursos.com.br\/blog\/concurso-prefeitura-de-redencao-ce\/#primaryimage\"},\"image\":{\"@id\":\"https:\/\/www.estrategiaconcursos.com.br\/blog\/concurso-prefeitura-de-redencao-ce\/#primaryimage\"},\"thumbnailUrl\":\"https:\/\/dhg1h5j42swfq.cloudfront.net\/2019\/11\/10104041\/redencao.jpg\",\"datePublished\":\"2022-05-17T12:00:00+00:00\",\"dateModified\":\"2023-01-10T17:46:22+00:00\",\"description\":\"Concurso Reden\u00e7\u00e3o CE: divulgadas as nomea\u00e7\u00f5es e homologa\u00e7\u00e3o do certame. Ao todo, foram ofertadas 888 vagas em diversos cargos.\",\"breadcrumb\":{\"@id\":\"https:\/\/www.estrategiaconcursos.com.br\/blog\/concurso-prefeitura-de-redencao-ce\/#breadcrumb\"},\"inLanguage\":\"pt-BR\",\"potentialAction\":[{\"@type\":\"ReadAction\",\"target\":[\"https:\/\/www.estrategiaconcursos.com.br\/blog\/concurso-prefeitura-de-redencao-ce\/\"]}]},{\"@type\":\"ImageObject\",\"inLanguage\":\"pt-BR\",\"@id\":\"https:\/\/www.estrategiaconcursos.com.br\/blog\/concurso-prefeitura-de-redencao-ce\/#primaryimage\",\"url\":\"https:\/\/dhg1h5j42swfq.cloudfront.net\/2019\/11\/10104041\/redencao.jpg\",\"contentUrl\":\"https:\/\/dhg1h5j42swfq.cloudfront.net\/2019\/11\/10104041\/redencao.jpg\",\"width\":800,\"height\":800,\"caption\":\"Concurso Prefeitura de Reden\u00e7\u00e3o\"},{\"@type\":\"BreadcrumbList\",\"@id\":\"https:\/\/www.estrategiaconcursos.com.br\/blog\/concurso-prefeitura-de-redencao-ce\/#breadcrumb\",\"itemListElement\":[{\"@type\":\"ListItem\",\"position\":1,\"name\":\"In\u00edcio\",\"item\":\"https:\/\/www.estrategiaconcursos.com.br\/blog\/\"},{\"@type\":\"ListItem\",\"position\":2,\"name\":\"Concurso Reden\u00e7\u00e3o CE: saiu a nomea\u00e7\u00e3o dos aprovados\"}]},{\"@type\":\"WebSite\",\"@id\":\"https:\/\/www.estrategiaconcursos.com.br\/blog\/#website\",\"url\":\"https:\/\/www.estrategiaconcursos.com.br\/blog\/\",\"name\":\"Estrat\u00e9gia Concursos\",\"description\":\"O blog da Estrat\u00e9gia Concursos traz not\u00edcias sobre concursos e artigos de professores oferecendo cursos para concursos (pdf + videaulas) no site.\",\"publisher\":{\"@id\":\"https:\/\/www.estrategiaconcursos.com.br\/blog\/#organization\"},\"potentialAction\":[{\"@type\":\"SearchAction\",\"target\":{\"@type\":\"EntryPoint\",\"urlTemplate\":\"https:\/\/www.estrategiaconcursos.com.br\/blog\/?s={search_term_string}\"},\"query-input\":{\"@type\":\"PropertyValueSpecification\",\"valueRequired\":true,\"valueName\":\"search_term_string\"}}],\"inLanguage\":\"pt-BR\"},{\"@type\":\"Organization\",\"@id\":\"https:\/\/www.estrategiaconcursos.com.br\/blog\/#organization\",\"name\":\"Estrat\u00e9gia Concursos\",\"url\":\"https:\/\/www.estrategiaconcursos.com.br\/blog\/\",\"logo\":{\"@type\":\"ImageObject\",\"inLanguage\":\"pt-BR\",\"@id\":\"https:\/\/www.estrategiaconcursos.com.br\/blog\/#\/schema\/logo\/image\/\",\"url\":\"https:\/\/dhg1h5j42swfq.cloudfront.net\/2025\/06\/03203428\/logo_concursos-1.jpg\",\"contentUrl\":\"https:\/\/dhg1h5j42swfq.cloudfront.net\/2025\/06\/03203428\/logo_concursos-1.jpg\",\"width\":230,\"height\":60,\"caption\":\"Estrat\u00e9gia Concursos\"},\"image\":{\"@id\":\"https:\/\/www.estrategiaconcursos.com.br\/blog\/#\/schema\/logo\/image\/\"},\"sameAs\":[\"https:\/\/x.com\/EstratConcursos\"]},{\"@type\":\"Person\",\"@id\":\"https:\/\/www.estrategiaconcursos.com.br\/blog\/#\/schema\/person\/b4a388c97673c5f483d72185668afa1f\",\"name\":\"Coordena\u00e7\u00e3o\",\"image\":{\"@type\":\"ImageObject\",\"inLanguage\":\"pt-BR\",\"@id\":\"https:\/\/secure.gravatar.com\/avatar\/b720319e4c9a967eb58678d110f4fe35452fc5d5f97b202bac7b8acceb18c6ad?s=96&d=mm&r=g\",\"url\":\"https:\/\/secure.gravatar.com\/avatar\/b720319e4c9a967eb58678d110f4fe35452fc5d5f97b202bac7b8acceb18c6ad?s=96&d=mm&r=g\",\"contentUrl\":\"https:\/\/secure.gravatar.com\/avatar\/b720319e4c9a967eb58678d110f4fe35452fc5d5f97b202bac7b8acceb18c6ad?s=96&d=mm&r=g\",\"caption\":\"Coordena\u00e7\u00e3o\"},\"sameAs\":[\"https:\/\/www.facebook.com\/EstrategiaConcursos\",\"https:\/\/x.com\/EstratConcursos\"],\"url\":\"https:\/\/www.estrategiaconcursos.com.br\/blog\/author\/estrategia2013\/\"}]}<\/script>\n<!-- \/ Yoast SEO Premium plugin. -->","yoast_head_json":{"title":"Concurso Reden\u00e7\u00e3o CE: saiu a nomea\u00e7\u00e3o dos aprovados","description":"Concurso Reden\u00e7\u00e3o CE: divulgadas as nomea\u00e7\u00f5es e homologa\u00e7\u00e3o do certame. Ao todo, foram ofertadas 888 vagas em diversos cargos.","robots":{"index":"index","follow":"follow","max-snippet":"max-snippet:-1","max-image-preview":"max-image-preview:large","max-video-preview":"max-video-preview:-1"},"canonical":"https:\/\/www.estrategiaconcursos.com.br\/blog\/concurso-prefeitura-de-redencao-ce\/","og_locale":"pt_BR","og_type":"article","og_title":"Concurso Reden\u00e7\u00e3o CE: saiu a nomea\u00e7\u00e3o dos aprovados","og_description":"Concurso Reden\u00e7\u00e3o CE: divulgadas as nomea\u00e7\u00f5es e homologa\u00e7\u00e3o do certame. Ao todo, foram ofertadas 888 vagas em diversos cargos.","og_url":"https:\/\/www.estrategiaconcursos.com.br\/blog\/concurso-prefeitura-de-redencao-ce\/","og_site_name":"Estrat\u00e9gia Concursos","article_author":"https:\/\/www.facebook.com\/EstrategiaConcursos","article_published_time":"2022-05-17T12:00:00+00:00","article_modified_time":"2023-01-10T17:46:22+00:00","og_image":[{"width":800,"height":800,"url":"https:\/\/dhg1h5j42swfq.cloudfront.net\/2019\/11\/10104041\/redencao.jpg","type":"image\/jpeg"}],"author":"Coordena\u00e7\u00e3o","twitter_card":"summary_large_image","twitter_creator":"@EstratConcursos","twitter_site":"@EstratConcursos","twitter_misc":{"Escrito por":"Coordena\u00e7\u00e3o","Est. tempo de leitura":"4 minutos"},"schema":{"@context":"https:\/\/schema.org","@graph":[{"@type":"NewsArticle","@id":"https:\/\/www.estrategiaconcursos.com.br\/blog\/concurso-prefeitura-de-redencao-ce\/#article","isPartOf":{"@id":"https:\/\/www.estrategiaconcursos.com.br\/blog\/concurso-prefeitura-de-redencao-ce\/"},"author":{"name":"Coordena\u00e7\u00e3o","@id":"https:\/\/www.estrategiaconcursos.com.br\/blog\/#\/schema\/person\/b4a388c97673c5f483d72185668afa1f"},"headline":"Concurso Reden\u00e7\u00e3o CE: saiu a nomea\u00e7\u00e3o dos aprovados","datePublished":"2022-05-17T12:00:00+00:00","dateModified":"2023-01-10T17:46:22+00:00","mainEntityOfPage":{"@id":"https:\/\/www.estrategiaconcursos.com.br\/blog\/concurso-prefeitura-de-redencao-ce\/"},"wordCount":920,"commentCount":0,"publisher":{"@id":"https:\/\/www.estrategiaconcursos.com.br\/blog\/#organization"},"image":{"@id":"https:\/\/www.estrategiaconcursos.com.br\/blog\/concurso-prefeitura-de-redencao-ce\/#primaryimage"},"thumbnailUrl":"https:\/\/dhg1h5j42swfq.cloudfront.net\/2019\/11\/10104041\/redencao.jpg","articleSection":["Executivo (Administrativa)"],"inLanguage":"pt-BR","potentialAction":[{"@type":"CommentAction","name":"Comment","target":["https:\/\/www.estrategiaconcursos.com.br\/blog\/concurso-prefeitura-de-redencao-ce\/#respond"]}],"copyrightYear":"2022","copyrightHolder":{"@id":"https:\/\/www.estrategiaconcursos.com.br\/blog\/#organization"}},{"@type":"WebPage","@id":"https:\/\/www.estrategiaconcursos.com.br\/blog\/concurso-prefeitura-de-redencao-ce\/","url":"https:\/\/www.estrategiaconcursos.com.br\/blog\/concurso-prefeitura-de-redencao-ce\/","name":"Concurso Reden\u00e7\u00e3o CE: saiu a nomea\u00e7\u00e3o dos aprovados","isPartOf":{"@id":"https:\/\/www.estrategiaconcursos.com.br\/blog\/#website"},"primaryImageOfPage":{"@id":"https:\/\/www.estrategiaconcursos.com.br\/blog\/concurso-prefeitura-de-redencao-ce\/#primaryimage"},"image":{"@id":"https:\/\/www.estrategiaconcursos.com.br\/blog\/concurso-prefeitura-de-redencao-ce\/#primaryimage"},"thumbnailUrl":"https:\/\/dhg1h5j42swfq.cloudfront.net\/2019\/11\/10104041\/redencao.jpg","datePublished":"2022-05-17T12:00:00+00:00","dateModified":"2023-01-10T17:46:22+00:00","description":"Concurso Reden\u00e7\u00e3o CE: divulgadas as nomea\u00e7\u00f5es e homologa\u00e7\u00e3o do certame. Ao todo, foram ofertadas 888 vagas em diversos cargos.","breadcrumb":{"@id":"https:\/\/www.estrategiaconcursos.com.br\/blog\/concurso-prefeitura-de-redencao-ce\/#breadcrumb"},"inLanguage":"pt-BR","potentialAction":[{"@type":"ReadAction","target":["https:\/\/www.estrategiaconcursos.com.br\/blog\/concurso-prefeitura-de-redencao-ce\/"]}]},{"@type":"ImageObject","inLanguage":"pt-BR","@id":"https:\/\/www.estrategiaconcursos.com.br\/blog\/concurso-prefeitura-de-redencao-ce\/#primaryimage","url":"https:\/\/dhg1h5j42swfq.cloudfront.net\/2019\/11\/10104041\/redencao.jpg","contentUrl":"https:\/\/dhg1h5j42swfq.cloudfront.net\/2019\/11\/10104041\/redencao.jpg","width":800,"height":800,"caption":"Concurso Prefeitura de Reden\u00e7\u00e3o"},{"@type":"BreadcrumbList","@id":"https:\/\/www.estrategiaconcursos.com.br\/blog\/concurso-prefeitura-de-redencao-ce\/#breadcrumb","itemListElement":[{"@type":"ListItem","position":1,"name":"In\u00edcio","item":"https:\/\/www.estrategiaconcursos.com.br\/blog\/"},{"@type":"ListItem","position":2,"name":"Concurso Reden\u00e7\u00e3o CE: saiu a nomea\u00e7\u00e3o dos aprovados"}]},{"@type":"WebSite","@id":"https:\/\/www.estrategiaconcursos.com.br\/blog\/#website","url":"https:\/\/www.estrategiaconcursos.com.br\/blog\/","name":"Estrat\u00e9gia Concursos","description":"O blog da Estrat\u00e9gia Concursos traz not\u00edcias sobre concursos e artigos de professores oferecendo cursos para concursos (pdf + videaulas) no site.","publisher":{"@id":"https:\/\/www.estrategiaconcursos.com.br\/blog\/#organization"},"potentialAction":[{"@type":"SearchAction","target":{"@type":"EntryPoint","urlTemplate":"https:\/\/www.estrategiaconcursos.com.br\/blog\/?s={search_term_string}"},"query-input":{"@type":"PropertyValueSpecification","valueRequired":true,"valueName":"search_term_string"}}],"inLanguage":"pt-BR"},{"@type":"Organization","@id":"https:\/\/www.estrategiaconcursos.com.br\/blog\/#organization","name":"Estrat\u00e9gia Concursos","url":"https:\/\/www.estrategiaconcursos.com.br\/blog\/","logo":{"@type":"ImageObject","inLanguage":"pt-BR","@id":"https:\/\/www.estrategiaconcursos.com.br\/blog\/#\/schema\/logo\/image\/","url":"https:\/\/dhg1h5j42swfq.cloudfront.net\/2025\/06\/03203428\/logo_concursos-1.jpg","contentUrl":"https:\/\/dhg1h5j42swfq.cloudfront.net\/2025\/06\/03203428\/logo_concursos-1.jpg","width":230,"height":60,"caption":"Estrat\u00e9gia Concursos"},"image":{"@id":"https:\/\/www.estrategiaconcursos.com.br\/blog\/#\/schema\/logo\/image\/"},"sameAs":["https:\/\/x.com\/EstratConcursos"]},{"@type":"Person","@id":"https:\/\/www.estrategiaconcursos.com.br\/blog\/#\/schema\/person\/b4a388c97673c5f483d72185668afa1f","name":"Coordena\u00e7\u00e3o","image":{"@type":"ImageObject","inLanguage":"pt-BR","@id":"https:\/\/secure.gravatar.com\/avatar\/b720319e4c9a967eb58678d110f4fe35452fc5d5f97b202bac7b8acceb18c6ad?s=96&d=mm&r=g","url":"https:\/\/secure.gravatar.com\/avatar\/b720319e4c9a967eb58678d110f4fe35452fc5d5f97b202bac7b8acceb18c6ad?s=96&d=mm&r=g","contentUrl":"https:\/\/secure.gravatar.com\/avatar\/b720319e4c9a967eb58678d110f4fe35452fc5d5f97b202bac7b8acceb18c6ad?s=96&d=mm&r=g","caption":"Coordena\u00e7\u00e3o"},"sameAs":["https:\/\/www.facebook.com\/EstrategiaConcursos","https:\/\/x.com\/EstratConcursos"],"url":"https:\/\/www.estrategiaconcursos.com.br\/blog\/author\/estrategia2013\/"}]}},"_links":{"self":[{"href":"https:\/\/www.estrategiaconcursos.com.br\/blog\/wp-json\/wp\/v2\/posts\/438522","targetHints":{"allow":["GET"]}}],"collection":[{"href":"https:\/\/www.estrategiaconcursos.com.br\/blog\/wp-json\/wp\/v2\/posts"}],"about":[{"href":"https:\/\/www.estrategiaconcursos.com.br\/blog\/wp-json\/wp\/v2\/types\/post"}],"author":[{"embeddable":true,"href":"https:\/\/www.estrategiaconcursos.com.br\/blog\/wp-json\/wp\/v2\/users\/1"}],"replies":[{"embeddable":true,"href":"https:\/\/www.estrategiaconcursos.com.br\/blog\/wp-json\/wp\/v2\/comments?post=438522"}],"version-history":[{"count":18,"href":"https:\/\/www.estrategiaconcursos.com.br\/blog\/wp-json\/wp\/v2\/posts\/438522\/revisions"}],"predecessor-version":[{"id":1150381,"href":"https:\/\/www.estrategiaconcursos.com.br\/blog\/wp-json\/wp\/v2\/posts\/438522\/revisions\/1150381"}],"wp:featuredmedia":[{"embeddable":true,"href":"https:\/\/www.estrategiaconcursos.com.br\/blog\/wp-json\/wp\/v2\/media\/1150122"}],"wp:attachment":[{"href":"https:\/\/www.estrategiaconcursos.com.br\/blog\/wp-json\/wp\/v2\/media?parent=438522"}],"wp:term":[{"taxonomy":"category","embeddable":true,"href":"https:\/\/www.estrategiaconcursos.com.br\/blog\/wp-json\/wp\/v2\/categories?post=438522"},{"taxonomy":"post_tag","embeddable":true,"href":"https:\/\/www.estrategiaconcursos.com.br\/blog\/wp-json\/wp\/v2\/tags?post=438522"},{"taxonomy":"tax_estado","embeddable":true,"href":"https:\/\/www.estrategiaconcursos.com.br\/blog\/wp-json\/wp\/v2\/tax_estado?post=438522"}],"curies":[{"name":"wp","href":"https:\/\/api.w.org\/{rel}","templated":true}]}}