{"id":437771,"date":"2019-10-21T18:55:39","date_gmt":"2019-10-21T21:55:39","guid":{"rendered":"https:\/\/www.estrategiaconcursos.com.br\/blog\/?p=437771"},"modified":"2019-10-21T19:00:09","modified_gmt":"2019-10-21T22:00:09","slug":"ime-divulga-lista-com-o-nome-dos-aprovados-na-1a-fase-do-vestibular","status":"publish","type":"post","link":"https:\/\/www.estrategiaconcursos.com.br\/blog\/ime-divulga-lista-com-o-nome-dos-aprovados-na-1a-fase-do-vestibular\/","title":{"rendered":"IME divulga lista com o nome dos aprovados na 1\u00aa fase do Vestibular"},"content":{"rendered":"\n<figure class=\"wp-block-image\"><a href=\"https:\/\/www.estrategiavestibulares.com.br\/\" target=\"_blank\" rel=\"noreferrer noopener\"><img loading=\"lazy\" decoding=\"async\" width=\"1280\" height=\"320\" src=\"https:\/\/dhg1h5j42swfq.cloudfront.net\/2019\/09\/09101410\/banner-estrategia-vestibulares.jpg\" alt=\"\" class=\"wp-image-417816\" srcset=\"https:\/\/dhg1h5j42swfq.cloudfront.net\/2019\/09\/09101410\/banner-estrategia-vestibulares.jpg 1280w, https:\/\/dhg1h5j42swfq.cloudfront.net\/2019\/09\/09101410\/banner-estrategia-vestibulares.jpg 300w, https:\/\/dhg1h5j42swfq.cloudfront.net\/2019\/09\/09101410\/banner-estrategia-vestibulares.jpg 768w, https:\/\/dhg1h5j42swfq.cloudfront.net\/2019\/09\/09101410\/banner-estrategia-vestibulares.jpg 1024w, https:\/\/dhg1h5j42swfq.cloudfront.net\/2019\/09\/09101410\/banner-estrategia-vestibulares.jpg 610w\" sizes=\"auto, (max-width: 1280px) 100vw, 1280px\" \/><\/a><\/figure>\n\n\n\n<p>Foi divulgado nesta segunda-feira, 21 de outubro, a rela\u00e7\u00e3o completa com o nome dos aprovados na 1\u00aa Fase do <em><a href=\"https:\/\/blog.estrategiavestibulares.com.br\/vestibular-ime\/\" target=\"_blank\" rel=\"noreferrer noopener\" aria-label=\" (abre numa nova aba)\">Vestibular IME<\/a><\/em> 2019\/2020. No total, mais de 5 mil candidatos se inscreveram para prestar a prova e apenas 778 est\u00e3o aptos para a 2\u00aa Fase.<\/p>\n\n\n\n<p>As provas da 2\u00aa Fase do vestibular est\u00e3o previstas para serem aplicadas nos pr\u00f3ximos dias 28, 29, 30 e 31 de outubro. Entre os aprovados est\u00e3o 516 da ativa e 262 da Reserva.<\/p>\n\n\n\n<p>Se voc\u00ea \u00e9 um dos candidatos aptos para a pr\u00f3xima fase, gostar\u00edamos de informar que o Estrat\u00e9gia Vestibulares realiza nos pr\u00f3ximos s\u00e1bado e domingo, dias 26 e 27 de outubro, dois dias inteiros de revis\u00e3o.<\/p>\n\n\n\n<p>Os professores estar\u00e3o dedicados a dar dicas e orienta\u00e7\u00f5es sobre como mandar bem nas provas da 2\u00aa fase. No s\u00e1bado, entram em campo as professoras Celina e Andrea, de Portugu\u00eas e Ingl\u00eas, respectivamente. O professor Thiago tamb\u00e8m participa da Revis\u00e3o com Qu\u00edmica.<\/p>\n\n\n\n<p>J\u00e1 no domingo, a revis\u00e3o fica por conta dos professores Victor e Toni, com Matem\u00e1tica e F\u00edsica, respectivamente. Sendo aluno, ou n\u00e3o, do Estrat\u00e9gia Vestibulares, voc\u00ea vai poder participar e assistir \u00e0 transmiss\u00e3o de forma gratuita.<\/p>\n\n\n\n<p>Este momento \u00e9 importante para sanar as d\u00favidas e ir mais seguro para a prova. Ser\u00e3o quatro dias distintos em que as provas ter\u00e3o quest\u00f5es dissertativas e objetivas.<\/p>\n\n\n\n<p>O Processo Seletivo oferta\u00a0<strong><em>98 vagas para ingresso ao quadro de Engenheiros Militares<\/em><\/strong>\u00a0do Instituto Militar de Engenharia (IME). Das oportunidades ofertadas,\u00a0<strong><em>27 vagas<\/em><\/strong>\u00a0s\u00e3o para acesso aos Cursos de Forma\u00e7\u00e3o e Gradua\u00e7\u00e3o de Oficiais da Reserva (CACFG\/Reserva) e\u00a0<strong><em>71 vagas<\/em><\/strong>\u00a0s\u00e3o para Oficiais da Ativa (CFG\/ATIVA).<\/p>\n\n\n\n<p style=\"text-align:center\" class=\"has-background has-medium-font-size has-light-green-cyan-background-color\">RESULTADO &#8211; <em><a href=\"https:\/\/blog.estrategiavestibulares.com.br\/vestibular-ime\/\">Vestibul<\/a><a href=\"https:\/\/blog.estrategiavestibulares.com.br\/vestibular-ime\/\" target=\"_blank\" rel=\"noreferrer noopener\" aria-label=\"a (abre numa nova aba)\">a<\/a><a href=\"https:\/\/blog.estrategiavestibulares.com.br\/vestibular-ime\/\">r IME<\/a><\/em><\/p>\n","protected":false},"excerpt":{"rendered":"<p>Foi divulgado nesta segunda-feira, 21 de outubro, a rela\u00e7\u00e3o completa com o nome dos aprovados na 1\u00aa Fase do Vestibular IME 2019\/2020. No total, mais de 5 mil candidatos se inscreveram para prestar a prova e apenas 778 est\u00e3o aptos para a 2\u00aa Fase. As provas da 2\u00aa Fase do vestibular est\u00e3o previstas para serem [&hellip;]<\/p>\n","protected":false},"author":463,"featured_media":436310,"comment_status":"open","ping_status":"closed","sticky":false,"template":"","format":"standard","meta":{"post_tipo":"article","footnotes":""},"categories":[1],"tags":[],"tax_estado":[],"class_list":["post-437771","post","type-post","status-publish","format-standard","has-post-thumbnail","hentry","category-cursos-e-concursos"],"acf":[],"yoast_head":"<!-- This site is optimized with the Yoast SEO Premium plugin v27.2 (Yoast SEO v27.2) - https:\/\/yoast.com\/product\/yoast-seo-premium-wordpress\/ -->\n<title>IME divulga lista com o nome dos aprovados na 1\u00aa fase do Vestibular<\/title>\n<meta name=\"robots\" content=\"index, follow, max-snippet:-1, max-image-preview:large, max-video-preview:-1\" \/>\n<link rel=\"canonical\" href=\"https:\/\/www.estrategiaconcursos.com.br\/blog\/ime-divulga-lista-com-o-nome-dos-aprovados-na-1a-fase-do-vestibular\/\" \/>\n<meta property=\"og:locale\" content=\"pt_BR\" \/>\n<meta property=\"og:type\" content=\"article\" \/>\n<meta property=\"og:title\" content=\"IME divulga lista com o nome dos aprovados na 1\u00aa fase do Vestibular\" \/>\n<meta property=\"og:description\" content=\"Foi divulgado nesta segunda-feira, 21 de outubro, a rela\u00e7\u00e3o completa com o nome dos aprovados na 1\u00aa Fase do Vestibular IME 2019\/2020. No total, mais de 5 mil candidatos se inscreveram para prestar a prova e apenas 778 est\u00e3o aptos para a 2\u00aa Fase. As provas da 2\u00aa Fase do vestibular est\u00e3o previstas para serem [&hellip;]\" \/>\n<meta property=\"og:url\" content=\"https:\/\/www.estrategiaconcursos.com.br\/blog\/ime-divulga-lista-com-o-nome-dos-aprovados-na-1a-fase-do-vestibular\/\" \/>\n<meta property=\"og:site_name\" content=\"Estrat\u00e9gia Concursos\" \/>\n<meta property=\"article:published_time\" content=\"2019-10-21T21:55:39+00:00\" \/>\n<meta property=\"article:modified_time\" content=\"2019-10-21T22:00:09+00:00\" \/>\n<meta property=\"og:image\" content=\"https:\/\/dhg1h5j42swfq.cloudfront.net\/2019\/10\/17191641\/ime.jpg\" \/>\n\t<meta property=\"og:image:width\" content=\"1200\" \/>\n\t<meta property=\"og:image:height\" content=\"675\" \/>\n\t<meta property=\"og:image:type\" content=\"image\/jpeg\" \/>\n<meta name=\"author\" content=\"Wagner Damazio\" \/>\n<meta name=\"twitter:card\" content=\"summary_large_image\" \/>\n<meta name=\"twitter:creator\" content=\"@EstratConcursos\" \/>\n<meta name=\"twitter:site\" content=\"@EstratConcursos\" \/>\n<meta name=\"twitter:label1\" content=\"Escrito por\" \/>\n\t<meta name=\"twitter:data1\" content=\"Wagner Damazio\" \/>\n\t<meta name=\"twitter:label2\" content=\"Est. tempo de leitura\" \/>\n\t<meta name=\"twitter:data2\" content=\"1 minuto\" \/>\n<script type=\"application\/ld+json\" class=\"yoast-schema-graph\">{\"@context\":\"https:\/\/schema.org\",\"@graph\":[{\"@type\":\"NewsArticle\",\"@id\":\"https:\/\/www.estrategiaconcursos.com.br\/blog\/ime-divulga-lista-com-o-nome-dos-aprovados-na-1a-fase-do-vestibular\/#article\",\"isPartOf\":{\"@id\":\"https:\/\/www.estrategiaconcursos.com.br\/blog\/ime-divulga-lista-com-o-nome-dos-aprovados-na-1a-fase-do-vestibular\/\"},\"author\":{\"name\":\"Wagner Damazio\",\"@id\":\"https:\/\/www.estrategiaconcursos.com.br\/blog\/#\/schema\/person\/f5b81e04c4522e78c0d896ba290e4cb0\"},\"headline\":\"IME divulga lista com o nome dos aprovados na 1\u00aa fase do Vestibular\",\"datePublished\":\"2019-10-21T21:55:39+00:00\",\"dateModified\":\"2019-10-21T22:00:09+00:00\",\"mainEntityOfPage\":{\"@id\":\"https:\/\/www.estrategiaconcursos.com.br\/blog\/ime-divulga-lista-com-o-nome-dos-aprovados-na-1a-fase-do-vestibular\/\"},\"wordCount\":296,\"commentCount\":0,\"publisher\":{\"@id\":\"https:\/\/www.estrategiaconcursos.com.br\/blog\/#organization\"},\"image\":{\"@id\":\"https:\/\/www.estrategiaconcursos.com.br\/blog\/ime-divulga-lista-com-o-nome-dos-aprovados-na-1a-fase-do-vestibular\/#primaryimage\"},\"thumbnailUrl\":\"https:\/\/dhg1h5j42swfq.cloudfront.net\/2019\/10\/17191641\/ime.jpg\",\"articleSection\":[\"Concursos P\u00fablicos\"],\"inLanguage\":\"pt-BR\",\"potentialAction\":[{\"@type\":\"CommentAction\",\"name\":\"Comment\",\"target\":[\"https:\/\/www.estrategiaconcursos.com.br\/blog\/ime-divulga-lista-com-o-nome-dos-aprovados-na-1a-fase-do-vestibular\/#respond\"]}],\"copyrightYear\":\"2019\",\"copyrightHolder\":{\"@id\":\"https:\/\/www.estrategiaconcursos.com.br\/blog\/#organization\"}},{\"@type\":\"WebPage\",\"@id\":\"https:\/\/www.estrategiaconcursos.com.br\/blog\/ime-divulga-lista-com-o-nome-dos-aprovados-na-1a-fase-do-vestibular\/\",\"url\":\"https:\/\/www.estrategiaconcursos.com.br\/blog\/ime-divulga-lista-com-o-nome-dos-aprovados-na-1a-fase-do-vestibular\/\",\"name\":\"IME divulga lista com o nome dos aprovados na 1\u00aa fase do Vestibular\",\"isPartOf\":{\"@id\":\"https:\/\/www.estrategiaconcursos.com.br\/blog\/#website\"},\"primaryImageOfPage\":{\"@id\":\"https:\/\/www.estrategiaconcursos.com.br\/blog\/ime-divulga-lista-com-o-nome-dos-aprovados-na-1a-fase-do-vestibular\/#primaryimage\"},\"image\":{\"@id\":\"https:\/\/www.estrategiaconcursos.com.br\/blog\/ime-divulga-lista-com-o-nome-dos-aprovados-na-1a-fase-do-vestibular\/#primaryimage\"},\"thumbnailUrl\":\"https:\/\/dhg1h5j42swfq.cloudfront.net\/2019\/10\/17191641\/ime.jpg\",\"datePublished\":\"2019-10-21T21:55:39+00:00\",\"dateModified\":\"2019-10-21T22:00:09+00:00\",\"breadcrumb\":{\"@id\":\"https:\/\/www.estrategiaconcursos.com.br\/blog\/ime-divulga-lista-com-o-nome-dos-aprovados-na-1a-fase-do-vestibular\/#breadcrumb\"},\"inLanguage\":\"pt-BR\",\"potentialAction\":[{\"@type\":\"ReadAction\",\"target\":[\"https:\/\/www.estrategiaconcursos.com.br\/blog\/ime-divulga-lista-com-o-nome-dos-aprovados-na-1a-fase-do-vestibular\/\"]}]},{\"@type\":\"ImageObject\",\"inLanguage\":\"pt-BR\",\"@id\":\"https:\/\/www.estrategiaconcursos.com.br\/blog\/ime-divulga-lista-com-o-nome-dos-aprovados-na-1a-fase-do-vestibular\/#primaryimage\",\"url\":\"https:\/\/dhg1h5j42swfq.cloudfront.net\/2019\/10\/17191641\/ime.jpg\",\"contentUrl\":\"https:\/\/dhg1h5j42swfq.cloudfront.net\/2019\/10\/17191641\/ime.jpg\",\"width\":1200,\"height\":675},{\"@type\":\"BreadcrumbList\",\"@id\":\"https:\/\/www.estrategiaconcursos.com.br\/blog\/ime-divulga-lista-com-o-nome-dos-aprovados-na-1a-fase-do-vestibular\/#breadcrumb\",\"itemListElement\":[{\"@type\":\"ListItem\",\"position\":1,\"name\":\"In\u00edcio\",\"item\":\"https:\/\/www.estrategiaconcursos.com.br\/blog\/\"},{\"@type\":\"ListItem\",\"position\":2,\"name\":\"IME divulga lista com o nome dos aprovados na 1\u00aa fase do Vestibular\"}]},{\"@type\":\"WebSite\",\"@id\":\"https:\/\/www.estrategiaconcursos.com.br\/blog\/#website\",\"url\":\"https:\/\/www.estrategiaconcursos.com.br\/blog\/\",\"name\":\"Estrat\u00e9gia Concursos\",\"description\":\"O blog da Estrat\u00e9gia Concursos traz not\u00edcias sobre concursos e artigos de professores oferecendo cursos para concursos (pdf + videaulas) no site.\",\"publisher\":{\"@id\":\"https:\/\/www.estrategiaconcursos.com.br\/blog\/#organization\"},\"potentialAction\":[{\"@type\":\"SearchAction\",\"target\":{\"@type\":\"EntryPoint\",\"urlTemplate\":\"https:\/\/www.estrategiaconcursos.com.br\/blog\/?s={search_term_string}\"},\"query-input\":{\"@type\":\"PropertyValueSpecification\",\"valueRequired\":true,\"valueName\":\"search_term_string\"}}],\"inLanguage\":\"pt-BR\"},{\"@type\":\"Organization\",\"@id\":\"https:\/\/www.estrategiaconcursos.com.br\/blog\/#organization\",\"name\":\"Estrat\u00e9gia Concursos\",\"url\":\"https:\/\/www.estrategiaconcursos.com.br\/blog\/\",\"logo\":{\"@type\":\"ImageObject\",\"inLanguage\":\"pt-BR\",\"@id\":\"https:\/\/www.estrategiaconcursos.com.br\/blog\/#\/schema\/logo\/image\/\",\"url\":\"https:\/\/dhg1h5j42swfq.cloudfront.net\/2025\/06\/03203428\/logo_concursos-1.jpg\",\"contentUrl\":\"https:\/\/dhg1h5j42swfq.cloudfront.net\/2025\/06\/03203428\/logo_concursos-1.jpg\",\"width\":230,\"height\":60,\"caption\":\"Estrat\u00e9gia Concursos\"},\"image\":{\"@id\":\"https:\/\/www.estrategiaconcursos.com.br\/blog\/#\/schema\/logo\/image\/\"},\"sameAs\":[\"https:\/\/x.com\/EstratConcursos\"]},{\"@type\":\"Person\",\"@id\":\"https:\/\/www.estrategiaconcursos.com.br\/blog\/#\/schema\/person\/f5b81e04c4522e78c0d896ba290e4cb0\",\"name\":\"Wagner Damazio\",\"image\":{\"@type\":\"ImageObject\",\"inLanguage\":\"pt-BR\",\"@id\":\"https:\/\/secure.gravatar.com\/avatar\/5841b494cf624bcdfca728a4708ad21f8dd8e34657a98b9970e6136e633ae15a?s=96&d=mm&r=g\",\"url\":\"https:\/\/secure.gravatar.com\/avatar\/5841b494cf624bcdfca728a4708ad21f8dd8e34657a98b9970e6136e633ae15a?s=96&d=mm&r=g\",\"contentUrl\":\"https:\/\/secure.gravatar.com\/avatar\/5841b494cf624bcdfca728a4708ad21f8dd8e34657a98b9970e6136e633ae15a?s=96&d=mm&r=g\",\"caption\":\"Wagner Damazio\"},\"url\":\"https:\/\/www.estrategiaconcursos.com.br\/blog\/author\/wagnermatematicoyahoo-com-br\/\"}]}<\/script>\n<!-- \/ Yoast SEO Premium plugin. -->","yoast_head_json":{"title":"IME divulga lista com o nome dos aprovados na 1\u00aa fase do Vestibular","robots":{"index":"index","follow":"follow","max-snippet":"max-snippet:-1","max-image-preview":"max-image-preview:large","max-video-preview":"max-video-preview:-1"},"canonical":"https:\/\/www.estrategiaconcursos.com.br\/blog\/ime-divulga-lista-com-o-nome-dos-aprovados-na-1a-fase-do-vestibular\/","og_locale":"pt_BR","og_type":"article","og_title":"IME divulga lista com o nome dos aprovados na 1\u00aa fase do Vestibular","og_description":"Foi divulgado nesta segunda-feira, 21 de outubro, a rela\u00e7\u00e3o completa com o nome dos aprovados na 1\u00aa Fase do Vestibular IME 2019\/2020. No total, mais de 5 mil candidatos se inscreveram para prestar a prova e apenas 778 est\u00e3o aptos para a 2\u00aa Fase. As provas da 2\u00aa Fase do vestibular est\u00e3o previstas para serem [&hellip;]","og_url":"https:\/\/www.estrategiaconcursos.com.br\/blog\/ime-divulga-lista-com-o-nome-dos-aprovados-na-1a-fase-do-vestibular\/","og_site_name":"Estrat\u00e9gia Concursos","article_published_time":"2019-10-21T21:55:39+00:00","article_modified_time":"2019-10-21T22:00:09+00:00","og_image":[{"width":1200,"height":675,"url":"https:\/\/dhg1h5j42swfq.cloudfront.net\/2019\/10\/17191641\/ime.jpg","type":"image\/jpeg"}],"author":"Wagner Damazio","twitter_card":"summary_large_image","twitter_creator":"@EstratConcursos","twitter_site":"@EstratConcursos","twitter_misc":{"Escrito por":"Wagner Damazio","Est. tempo de leitura":"1 minuto"},"schema":{"@context":"https:\/\/schema.org","@graph":[{"@type":"NewsArticle","@id":"https:\/\/www.estrategiaconcursos.com.br\/blog\/ime-divulga-lista-com-o-nome-dos-aprovados-na-1a-fase-do-vestibular\/#article","isPartOf":{"@id":"https:\/\/www.estrategiaconcursos.com.br\/blog\/ime-divulga-lista-com-o-nome-dos-aprovados-na-1a-fase-do-vestibular\/"},"author":{"name":"Wagner Damazio","@id":"https:\/\/www.estrategiaconcursos.com.br\/blog\/#\/schema\/person\/f5b81e04c4522e78c0d896ba290e4cb0"},"headline":"IME divulga lista com o nome dos aprovados na 1\u00aa fase do Vestibular","datePublished":"2019-10-21T21:55:39+00:00","dateModified":"2019-10-21T22:00:09+00:00","mainEntityOfPage":{"@id":"https:\/\/www.estrategiaconcursos.com.br\/blog\/ime-divulga-lista-com-o-nome-dos-aprovados-na-1a-fase-do-vestibular\/"},"wordCount":296,"commentCount":0,"publisher":{"@id":"https:\/\/www.estrategiaconcursos.com.br\/blog\/#organization"},"image":{"@id":"https:\/\/www.estrategiaconcursos.com.br\/blog\/ime-divulga-lista-com-o-nome-dos-aprovados-na-1a-fase-do-vestibular\/#primaryimage"},"thumbnailUrl":"https:\/\/dhg1h5j42swfq.cloudfront.net\/2019\/10\/17191641\/ime.jpg","articleSection":["Concursos P\u00fablicos"],"inLanguage":"pt-BR","potentialAction":[{"@type":"CommentAction","name":"Comment","target":["https:\/\/www.estrategiaconcursos.com.br\/blog\/ime-divulga-lista-com-o-nome-dos-aprovados-na-1a-fase-do-vestibular\/#respond"]}],"copyrightYear":"2019","copyrightHolder":{"@id":"https:\/\/www.estrategiaconcursos.com.br\/blog\/#organization"}},{"@type":"WebPage","@id":"https:\/\/www.estrategiaconcursos.com.br\/blog\/ime-divulga-lista-com-o-nome-dos-aprovados-na-1a-fase-do-vestibular\/","url":"https:\/\/www.estrategiaconcursos.com.br\/blog\/ime-divulga-lista-com-o-nome-dos-aprovados-na-1a-fase-do-vestibular\/","name":"IME divulga lista com o nome dos aprovados na 1\u00aa fase do Vestibular","isPartOf":{"@id":"https:\/\/www.estrategiaconcursos.com.br\/blog\/#website"},"primaryImageOfPage":{"@id":"https:\/\/www.estrategiaconcursos.com.br\/blog\/ime-divulga-lista-com-o-nome-dos-aprovados-na-1a-fase-do-vestibular\/#primaryimage"},"image":{"@id":"https:\/\/www.estrategiaconcursos.com.br\/blog\/ime-divulga-lista-com-o-nome-dos-aprovados-na-1a-fase-do-vestibular\/#primaryimage"},"thumbnailUrl":"https:\/\/dhg1h5j42swfq.cloudfront.net\/2019\/10\/17191641\/ime.jpg","datePublished":"2019-10-21T21:55:39+00:00","dateModified":"2019-10-21T22:00:09+00:00","breadcrumb":{"@id":"https:\/\/www.estrategiaconcursos.com.br\/blog\/ime-divulga-lista-com-o-nome-dos-aprovados-na-1a-fase-do-vestibular\/#breadcrumb"},"inLanguage":"pt-BR","potentialAction":[{"@type":"ReadAction","target":["https:\/\/www.estrategiaconcursos.com.br\/blog\/ime-divulga-lista-com-o-nome-dos-aprovados-na-1a-fase-do-vestibular\/"]}]},{"@type":"ImageObject","inLanguage":"pt-BR","@id":"https:\/\/www.estrategiaconcursos.com.br\/blog\/ime-divulga-lista-com-o-nome-dos-aprovados-na-1a-fase-do-vestibular\/#primaryimage","url":"https:\/\/dhg1h5j42swfq.cloudfront.net\/2019\/10\/17191641\/ime.jpg","contentUrl":"https:\/\/dhg1h5j42swfq.cloudfront.net\/2019\/10\/17191641\/ime.jpg","width":1200,"height":675},{"@type":"BreadcrumbList","@id":"https:\/\/www.estrategiaconcursos.com.br\/blog\/ime-divulga-lista-com-o-nome-dos-aprovados-na-1a-fase-do-vestibular\/#breadcrumb","itemListElement":[{"@type":"ListItem","position":1,"name":"In\u00edcio","item":"https:\/\/www.estrategiaconcursos.com.br\/blog\/"},{"@type":"ListItem","position":2,"name":"IME divulga lista com o nome dos aprovados na 1\u00aa fase do Vestibular"}]},{"@type":"WebSite","@id":"https:\/\/www.estrategiaconcursos.com.br\/blog\/#website","url":"https:\/\/www.estrategiaconcursos.com.br\/blog\/","name":"Estrat\u00e9gia Concursos","description":"O blog da Estrat\u00e9gia Concursos traz not\u00edcias sobre concursos e artigos de professores oferecendo cursos para concursos (pdf + videaulas) no site.","publisher":{"@id":"https:\/\/www.estrategiaconcursos.com.br\/blog\/#organization"},"potentialAction":[{"@type":"SearchAction","target":{"@type":"EntryPoint","urlTemplate":"https:\/\/www.estrategiaconcursos.com.br\/blog\/?s={search_term_string}"},"query-input":{"@type":"PropertyValueSpecification","valueRequired":true,"valueName":"search_term_string"}}],"inLanguage":"pt-BR"},{"@type":"Organization","@id":"https:\/\/www.estrategiaconcursos.com.br\/blog\/#organization","name":"Estrat\u00e9gia Concursos","url":"https:\/\/www.estrategiaconcursos.com.br\/blog\/","logo":{"@type":"ImageObject","inLanguage":"pt-BR","@id":"https:\/\/www.estrategiaconcursos.com.br\/blog\/#\/schema\/logo\/image\/","url":"https:\/\/dhg1h5j42swfq.cloudfront.net\/2025\/06\/03203428\/logo_concursos-1.jpg","contentUrl":"https:\/\/dhg1h5j42swfq.cloudfront.net\/2025\/06\/03203428\/logo_concursos-1.jpg","width":230,"height":60,"caption":"Estrat\u00e9gia Concursos"},"image":{"@id":"https:\/\/www.estrategiaconcursos.com.br\/blog\/#\/schema\/logo\/image\/"},"sameAs":["https:\/\/x.com\/EstratConcursos"]},{"@type":"Person","@id":"https:\/\/www.estrategiaconcursos.com.br\/blog\/#\/schema\/person\/f5b81e04c4522e78c0d896ba290e4cb0","name":"Wagner Damazio","image":{"@type":"ImageObject","inLanguage":"pt-BR","@id":"https:\/\/secure.gravatar.com\/avatar\/5841b494cf624bcdfca728a4708ad21f8dd8e34657a98b9970e6136e633ae15a?s=96&d=mm&r=g","url":"https:\/\/secure.gravatar.com\/avatar\/5841b494cf624bcdfca728a4708ad21f8dd8e34657a98b9970e6136e633ae15a?s=96&d=mm&r=g","contentUrl":"https:\/\/secure.gravatar.com\/avatar\/5841b494cf624bcdfca728a4708ad21f8dd8e34657a98b9970e6136e633ae15a?s=96&d=mm&r=g","caption":"Wagner Damazio"},"url":"https:\/\/www.estrategiaconcursos.com.br\/blog\/author\/wagnermatematicoyahoo-com-br\/"}]}},"_links":{"self":[{"href":"https:\/\/www.estrategiaconcursos.com.br\/blog\/wp-json\/wp\/v2\/posts\/437771","targetHints":{"allow":["GET"]}}],"collection":[{"href":"https:\/\/www.estrategiaconcursos.com.br\/blog\/wp-json\/wp\/v2\/posts"}],"about":[{"href":"https:\/\/www.estrategiaconcursos.com.br\/blog\/wp-json\/wp\/v2\/types\/post"}],"author":[{"embeddable":true,"href":"https:\/\/www.estrategiaconcursos.com.br\/blog\/wp-json\/wp\/v2\/users\/463"}],"replies":[{"embeddable":true,"href":"https:\/\/www.estrategiaconcursos.com.br\/blog\/wp-json\/wp\/v2\/comments?post=437771"}],"version-history":[{"count":3,"href":"https:\/\/www.estrategiaconcursos.com.br\/blog\/wp-json\/wp\/v2\/posts\/437771\/revisions"}],"predecessor-version":[{"id":437778,"href":"https:\/\/www.estrategiaconcursos.com.br\/blog\/wp-json\/wp\/v2\/posts\/437771\/revisions\/437778"}],"wp:featuredmedia":[{"embeddable":true,"href":"https:\/\/www.estrategiaconcursos.com.br\/blog\/wp-json\/wp\/v2\/media\/436310"}],"wp:attachment":[{"href":"https:\/\/www.estrategiaconcursos.com.br\/blog\/wp-json\/wp\/v2\/media?parent=437771"}],"wp:term":[{"taxonomy":"category","embeddable":true,"href":"https:\/\/www.estrategiaconcursos.com.br\/blog\/wp-json\/wp\/v2\/categories?post=437771"},{"taxonomy":"post_tag","embeddable":true,"href":"https:\/\/www.estrategiaconcursos.com.br\/blog\/wp-json\/wp\/v2\/tags?post=437771"},{"taxonomy":"tax_estado","embeddable":true,"href":"https:\/\/www.estrategiaconcursos.com.br\/blog\/wp-json\/wp\/v2\/tax_estado?post=437771"}],"curies":[{"name":"wp","href":"https:\/\/api.w.org\/{rel}","templated":true}]}}