{"id":437705,"date":"2019-10-21T18:34:07","date_gmt":"2019-10-21T21:34:07","guid":{"rendered":"https:\/\/www.estrategiaconcursos.com.br\/blog\/?p=437705"},"modified":"2019-10-21T18:34:12","modified_gmt":"2019-10-21T21:34:12","slug":"mensagem-aos-assinantes-17-melhor-que-a-black-friday","status":"publish","type":"post","link":"https:\/\/www.estrategiaconcursos.com.br\/blog\/mensagem-aos-assinantes-17-melhor-que-a-black-friday\/","title":{"rendered":"Mensagem aos Assinantes 17: Melhor que a Black Friday!"},"content":{"rendered":"\n<p>Ol\u00e1, pessoal! Tudo bem?<\/p>\n\n\n\n<p>Aqui \u00e9 o <strong>Ricardo Vale<\/strong>, Diretor Pedag\u00f3gico do Estrat\u00e9gia Concursos. <\/p>\n\n\n\n<p>O final de 2019 est\u00e1 se aproximando. As pessoas j\u00e1 come\u00e7am a fazer um balan\u00e7o de como foi o ano que est\u00e1 se encerrando. <\/p>\n\n\n\n<p style=\"text-align:center\"><em>Voc\u00ea conseguiu conquistar seus objetivos? <\/em><\/p>\n\n\n\n<p style=\"text-align:center\"><em>Suas metas foram cumpridas? <\/em><\/p>\n\n\n\n<p style=\"text-align:center\"><em>Conseguiu avan\u00e7ar nos seus estudos? <\/em><\/p>\n\n\n\n<p>\u00c9 claro que 2019 ainda n\u00e3o acabou&#8230; Mas meu conselho \u00e9 que voc\u00ea <strong>n\u00e3o espere 2020 pra come\u00e7ar a fazer os seus planos<\/strong>. Aja como se 2020 j\u00e1 tivesse come\u00e7ado!<\/p>\n\n\n\n<p>Para fazer o seu planejamento, \u00e9 fundamental que voc\u00ea tenha uma <strong>vis\u00e3o clara<\/strong> do que est\u00e1 acontecendo no mundo dos concursos. <\/p>\n\n\n\n<p>Em 2019, tivemos algumas <strong>not\u00edcias ruins<\/strong>. \u00c9 o caso, por exemplo, dos concursos da Receita Federal e do INSS, que est\u00e3o sem perspectiva alguma no momento, em virtude da suspens\u00e3o dos concursos federais.<\/p>\n\n\n\n<p>Entretanto, ao contr\u00e1rio do que muito se alardeou, 2019 tamb\u00e9m teve excelentes momentos. Foram <strong>publicados in\u00fameros editais<\/strong> da \u00c1rea Fiscal, Tribunais e de Pol\u00edcia. <\/p>\n\n\n\n<p>Apenas para citar alguns dos grandes concursos de 2019, podemos apontar TRF4, TRF3, TJ-PA, TJ-AM, TJ-CE, TJ-MA, SEFAZ\/BA, SEFAZ\/DF, PM-SC, PM-SP, PM-PR e BRB.<\/p>\n\n\n\n<p>Em 2019, creio que ficou muito claro que <strong><em>ningu\u00e9m pode apostar todas as fichas em um \u00fanico concurso<\/em><\/strong>. <\/p>\n\n\n\n<p>Por exemplo, quem ficou apenas focado no INSS durante todo esse tempo, certamente se frustrou com as not\u00edcias. Do mesmo modo, quem apostou 100% nos TRTs deixou de aproveitar in\u00fameras oportunidades. <\/p>\n\n\n\n<p>Em 2019, creio que ficou bastante claro que \u00e9 preciso <strong>focar em uma \u00e1rea espec\u00edfica<\/strong> e se tornar um aluno avan\u00e7ado nas mat\u00e9rias que comp\u00f5em o n\u00facleo essencial daquela \u00e1rea. Dessa maneira, voc\u00ea conseguir\u00e1 aproveitar um grande n\u00famero de oportunidades.<\/p>\n\n\n\n<p>Sempre digo que a preocupa\u00e7\u00e3o inicial de todo aluno deve ser a de se tornar um aluno avan\u00e7ado. Isso porque, quando voc\u00ea se tornar um aluno avan\u00e7ado, conseguir\u00e1, at\u00e9 mesmo, <strong><em>migrar entre diferentes \u00e1reas de concurso<\/em><\/strong>.  <\/p>\n\n\n\n<p>S\u00e3o reflex\u00f5es importantes que voc\u00ea deve fazer. E, como eu j\u00e1 disse, <strong><em>n\u00e3o espere que 2020 comece<\/em><\/strong> pra fazer seus planos e come\u00e7ar a agir. Ainda faltam 2 meses nesse ano. D\u00e1 pra avan\u00e7ar muito nesse per\u00edodo!<\/p>\n\n\n\n<h2 class=\"wp-block-heading\">Desafios TRF 3 e PCDF<\/h2>\n\n\n\n<p>Muitos alunos est\u00e3o se preparando para os concursos do TRF 3 e da PCDF.<\/p>\n\n\n\n<p>Por isso, decidimos realizar 2 grandes projetos de Simulados. Os cadernos de prova ser\u00e3o liberados sempre na parte da manh\u00e3, por volta de 08:00h. A corre\u00e7\u00e3o ser\u00e1 sempre ao vivo, \u00e0s 19:00h. <\/p>\n\n\n\n<p><strong>a) Desafio 11 Dias de Simulados TRF3<\/strong> &#8211; INSCREVA-SE <a href=\"https:\/\/www.estrategiaconcursos.com.br\/gratis\/simulados-abertos-trf3\/\">AQUI<\/a>!<\/p>\n\n\n\n<div class=\"wp-block-image\"><figure class=\"aligncenter is-resized\"><img loading=\"lazy\" decoding=\"async\" src=\"https:\/\/dhg1h5j42swfq.cloudfront.net\/2019\/10\/21181407\/Captura-de-Tela-2019-10-21-a%CC%80s-6.10.05-PM1.png\" alt=\"\" class=\"wp-image-437757\" width=\"487\" height=\"479\" srcset=\"https:\/\/dhg1h5j42swfq.cloudfront.net\/2019\/10\/21181407\/Captura-de-Tela-2019-10-21-a%CC%80s-6.10.05-PM1.png 910w, https:\/\/dhg1h5j42swfq.cloudfront.net\/2019\/10\/21181407\/Captura-de-Tela-2019-10-21-a%CC%80s-6.10.05-PM1.png 300w, https:\/\/dhg1h5j42swfq.cloudfront.net\/2019\/10\/21181407\/Captura-de-Tela-2019-10-21-a%CC%80s-6.10.05-PM1.png 768w, https:\/\/dhg1h5j42swfq.cloudfront.net\/2019\/10\/21181407\/Captura-de-Tela-2019-10-21-a%CC%80s-6.10.05-PM1.png 610w\" sizes=\"auto, (max-width: 487px) 100vw, 487px\" \/><\/figure><\/div>\n\n\n\n<p><strong>b) Desafio 11 Dias de Simulados PCDF<\/strong> &#8211; INSCREVA-SE <a href=\"https:\/\/www.estrategiaconcursos.com.br\/gratis\/simulados-pcdf-1-11\/\">AQUI<\/a>!<\/p>\n\n\n\n<div class=\"wp-block-image\"><figure class=\"aligncenter is-resized\"><img loading=\"lazy\" decoding=\"async\" src=\"https:\/\/dhg1h5j42swfq.cloudfront.net\/2019\/10\/21181445\/Captura-de-Tela-2019-10-21-a%CC%80s-6.14.19-PM.png\" alt=\"\" class=\"wp-image-437758\" width=\"473\" height=\"484\" srcset=\"https:\/\/dhg1h5j42swfq.cloudfront.net\/2019\/10\/21181445\/Captura-de-Tela-2019-10-21-a%CC%80s-6.14.19-PM.png 866w, https:\/\/dhg1h5j42swfq.cloudfront.net\/2019\/10\/21181445\/Captura-de-Tela-2019-10-21-a%CC%80s-6.14.19-PM.png 293w, https:\/\/dhg1h5j42swfq.cloudfront.net\/2019\/10\/21181445\/Captura-de-Tela-2019-10-21-a%CC%80s-6.14.19-PM.png 768w, https:\/\/dhg1h5j42swfq.cloudfront.net\/2019\/10\/21181445\/Captura-de-Tela-2019-10-21-a%CC%80s-6.14.19-PM.png 610w\" sizes=\"auto, (max-width: 473px) 100vw, 473px\" \/><\/figure><\/div>\n\n\n\n<h2 class=\"wp-block-heading\">Melhor que a Black Friday! <\/h2>\n\n\n\n<p>Em janeiro de 2019, o Estrat\u00e9gia lan\u00e7ou a <strong>assinatura ilimitada<\/strong> e conseguiu revolucionar o mundo dos concursos. <\/p>\n\n\n\n<p>Isso nos permitiu um crescimento exponencial. Hoje, produzimos <strong>quase 100h de conte\u00fado por dia<\/strong>. Gravamos conte\u00fados espec\u00edficos e 100% focados em editais espec\u00edficos. <\/p>\n\n\n\n<p>Mas ainda n\u00e3o estamos satisfeitos. Acredito que nunca estaremos&#8230;<\/p>\n\n\n\n<p>Decidimos dar um passo ainda mais ousado e fazer um<strong> grande lan\u00e7amento<\/strong> no <strong>dia 04\/11<\/strong>. Ao longo dos pr\u00f3ximos dias, apresentaremos algumas novidades pra voc\u00eas. <\/p>\n\n\n\n<p>A primeira novidade ser\u00e1 revelada no dia <strong>24\/10<\/strong>. A segunda, no dia <strong>27\/10<\/strong>. A maior novidade, entretanto, ser\u00e1 revelada <strong>no<\/strong> <strong>dia 04\/11<\/strong>, \u00e0s <strong>05:00 horas da manh\u00e3<\/strong>! <\/p>\n\n\n\n<div class=\"wp-block-image\"><figure class=\"aligncenter is-resized\"><img loading=\"lazy\" decoding=\"async\" src=\"https:\/\/dhg1h5j42swfq.cloudfront.net\/2019\/10\/21183157\/Captura-de-Tela-2019-10-21-a%CC%80s-6.31.18-PM.png\" alt=\"\" class=\"wp-image-437765\" width=\"689\" height=\"189\" srcset=\"https:\/\/dhg1h5j42swfq.cloudfront.net\/2019\/10\/21183157\/Captura-de-Tela-2019-10-21-a%CC%80s-6.31.18-PM.png 4032w, https:\/\/dhg1h5j42swfq.cloudfront.net\/2019\/10\/21183157\/Captura-de-Tela-2019-10-21-a%CC%80s-6.31.18-PM.png 300w, https:\/\/dhg1h5j42swfq.cloudfront.net\/2019\/10\/21183157\/Captura-de-Tela-2019-10-21-a%CC%80s-6.31.18-PM.png 768w, https:\/\/dhg1h5j42swfq.cloudfront.net\/2019\/10\/21183157\/Captura-de-Tela-2019-10-21-a%CC%80s-6.31.18-PM.png 1024w, https:\/\/dhg1h5j42swfq.cloudfront.net\/2019\/10\/21183157\/Captura-de-Tela-2019-10-21-a%CC%80s-6.31.18-PM.png 610w\" sizes=\"auto, (max-width: 689px) 100vw, 689px\" \/><\/figure><\/div>\n\n\n\n<p>Minha sugest\u00e3o \u00e9 que voc\u00ea esteja preparado (a) nesse exato hor\u00e1rio, no dia 04\/11, para acompanhar o momento em que o mundo dos concursos ser\u00e1 fortemente impactado! <\/p>\n\n\n\n<p>Para os <strong>assinantes<\/strong>, eu lhes digo que voc\u00eas ser\u00e3o os mais beneficiados.<\/p>\n\n\n\n<p>Para <strong>alunos de pacotes completos<\/strong>, \u00e9 a grande oportunidade de voc\u00ea se tornar assinante. <\/p>\n\n\n\n<p>Para <em><strong>quem ainda n\u00e3o \u00e9 aluno<\/strong><\/em>, esse \u00e9 o momento de se tornar assinantes da Coruja. Revolucionamos em 2019 e vamos surpreender mais ainda agora!! <\/p>\n\n\n\n<p style=\"text-align:center\" class=\"has-text-color has-background has-medium-font-size has-vivid-cyan-blue-color has-luminous-vivid-amber-background-color\"><em><strong><a href=\"https:\/\/www.estrategiaconcursos.com.br\/gratis\/melhor-black-friday\/\">INSCREVA-SE: \u00c9 MELHOR QUE A BLACK FRIDAY<\/a><\/strong><\/em>!<\/p>\n\n\n\n<p><strong>Abra\u00e7os,<\/strong><\/p>\n\n\n\n<p>Ricardo Vale<\/p>\n","protected":false},"excerpt":{"rendered":"<p>Ol\u00e1, pessoal! Tudo bem? Aqui \u00e9 o Ricardo Vale, Diretor Pedag\u00f3gico do Estrat\u00e9gia Concursos. O final de 2019 est\u00e1 se aproximando. As pessoas j\u00e1 come\u00e7am a fazer um balan\u00e7o de como foi o ano que est\u00e1 se encerrando. Voc\u00ea conseguiu conquistar seus objetivos? Suas metas foram cumpridas? Conseguiu avan\u00e7ar nos seus estudos? \u00c9 claro que [&hellip;]<\/p>\n","protected":false},"author":26,"featured_media":0,"comment_status":"open","ping_status":"closed","sticky":false,"template":"","format":"standard","meta":{"post_tipo":"article","footnotes":""},"categories":[1],"tags":[],"tax_estado":[],"class_list":["post-437705","post","type-post","status-publish","format-standard","hentry","category-cursos-e-concursos"],"acf":[],"yoast_head":"<!-- This site is optimized with the Yoast SEO Premium plugin v27.2 (Yoast SEO v27.2) - https:\/\/yoast.com\/product\/yoast-seo-premium-wordpress\/ -->\n<title>Mensagem aos Assinantes 17: Melhor que a Black Friday!<\/title>\n<meta name=\"robots\" content=\"index, follow, max-snippet:-1, max-image-preview:large, max-video-preview:-1\" \/>\n<link rel=\"canonical\" href=\"https:\/\/www.estrategiaconcursos.com.br\/blog\/mensagem-aos-assinantes-17-melhor-que-a-black-friday\/\" \/>\n<meta property=\"og:locale\" content=\"pt_BR\" \/>\n<meta property=\"og:type\" content=\"article\" \/>\n<meta property=\"og:title\" content=\"Mensagem aos Assinantes 17: Melhor que a Black Friday!\" \/>\n<meta property=\"og:description\" content=\"Ol\u00e1, pessoal! Tudo bem? Aqui \u00e9 o Ricardo Vale, Diretor Pedag\u00f3gico do Estrat\u00e9gia Concursos. O final de 2019 est\u00e1 se aproximando. As pessoas j\u00e1 come\u00e7am a fazer um balan\u00e7o de como foi o ano que est\u00e1 se encerrando. Voc\u00ea conseguiu conquistar seus objetivos? Suas metas foram cumpridas? Conseguiu avan\u00e7ar nos seus estudos? \u00c9 claro que [&hellip;]\" \/>\n<meta property=\"og:url\" content=\"https:\/\/www.estrategiaconcursos.com.br\/blog\/mensagem-aos-assinantes-17-melhor-que-a-black-friday\/\" \/>\n<meta property=\"og:site_name\" content=\"Estrat\u00e9gia Concursos\" \/>\n<meta property=\"article:author\" content=\"https:\/\/www.facebook.com\/rvale01\" \/>\n<meta property=\"article:published_time\" content=\"2019-10-21T21:34:07+00:00\" \/>\n<meta property=\"article:modified_time\" content=\"2019-10-21T21:34:12+00:00\" \/>\n<meta name=\"author\" content=\"Ricardo Vale\" \/>\n<meta name=\"twitter:card\" content=\"summary_large_image\" \/>\n<meta name=\"twitter:creator\" content=\"@https:\/\/twitter.com\/EstratConcursos\" \/>\n<meta name=\"twitter:site\" content=\"@EstratConcursos\" \/>\n<meta name=\"twitter:label1\" content=\"Escrito por\" \/>\n\t<meta name=\"twitter:data1\" content=\"Ricardo Vale\" \/>\n\t<meta name=\"twitter:label2\" content=\"Est. tempo de leitura\" \/>\n\t<meta name=\"twitter:data2\" content=\"3 minutos\" \/>\n<script type=\"application\/ld+json\" class=\"yoast-schema-graph\">{\"@context\":\"https:\/\/schema.org\",\"@graph\":[{\"@type\":\"NewsArticle\",\"@id\":\"https:\/\/www.estrategiaconcursos.com.br\/blog\/mensagem-aos-assinantes-17-melhor-que-a-black-friday\/#article\",\"isPartOf\":{\"@id\":\"https:\/\/www.estrategiaconcursos.com.br\/blog\/mensagem-aos-assinantes-17-melhor-que-a-black-friday\/\"},\"author\":{\"name\":\"Ricardo Vale\",\"@id\":\"https:\/\/www.estrategiaconcursos.com.br\/blog\/#\/schema\/person\/c32e47dba2159cafe7796a9569a6ff7e\"},\"headline\":\"Mensagem aos Assinantes 17: Melhor que a Black Friday!\",\"datePublished\":\"2019-10-21T21:34:07+00:00\",\"dateModified\":\"2019-10-21T21:34:12+00:00\",\"mainEntityOfPage\":{\"@id\":\"https:\/\/www.estrategiaconcursos.com.br\/blog\/mensagem-aos-assinantes-17-melhor-que-a-black-friday\/\"},\"wordCount\":638,\"commentCount\":28,\"publisher\":{\"@id\":\"https:\/\/www.estrategiaconcursos.com.br\/blog\/#organization\"},\"articleSection\":[\"Concursos P\u00fablicos\"],\"inLanguage\":\"pt-BR\",\"potentialAction\":[{\"@type\":\"CommentAction\",\"name\":\"Comment\",\"target\":[\"https:\/\/www.estrategiaconcursos.com.br\/blog\/mensagem-aos-assinantes-17-melhor-que-a-black-friday\/#respond\"]}],\"copyrightYear\":\"2019\",\"copyrightHolder\":{\"@id\":\"https:\/\/www.estrategiaconcursos.com.br\/blog\/#organization\"}},{\"@type\":\"WebPage\",\"@id\":\"https:\/\/www.estrategiaconcursos.com.br\/blog\/mensagem-aos-assinantes-17-melhor-que-a-black-friday\/\",\"url\":\"https:\/\/www.estrategiaconcursos.com.br\/blog\/mensagem-aos-assinantes-17-melhor-que-a-black-friday\/\",\"name\":\"Mensagem aos Assinantes 17: Melhor que a Black Friday!\",\"isPartOf\":{\"@id\":\"https:\/\/www.estrategiaconcursos.com.br\/blog\/#website\"},\"datePublished\":\"2019-10-21T21:34:07+00:00\",\"dateModified\":\"2019-10-21T21:34:12+00:00\",\"breadcrumb\":{\"@id\":\"https:\/\/www.estrategiaconcursos.com.br\/blog\/mensagem-aos-assinantes-17-melhor-que-a-black-friday\/#breadcrumb\"},\"inLanguage\":\"pt-BR\",\"potentialAction\":[{\"@type\":\"ReadAction\",\"target\":[\"https:\/\/www.estrategiaconcursos.com.br\/blog\/mensagem-aos-assinantes-17-melhor-que-a-black-friday\/\"]}]},{\"@type\":\"BreadcrumbList\",\"@id\":\"https:\/\/www.estrategiaconcursos.com.br\/blog\/mensagem-aos-assinantes-17-melhor-que-a-black-friday\/#breadcrumb\",\"itemListElement\":[{\"@type\":\"ListItem\",\"position\":1,\"name\":\"In\u00edcio\",\"item\":\"https:\/\/www.estrategiaconcursos.com.br\/blog\/\"},{\"@type\":\"ListItem\",\"position\":2,\"name\":\"Mensagem aos Assinantes 17: Melhor que a Black Friday!\"}]},{\"@type\":\"WebSite\",\"@id\":\"https:\/\/www.estrategiaconcursos.com.br\/blog\/#website\",\"url\":\"https:\/\/www.estrategiaconcursos.com.br\/blog\/\",\"name\":\"Estrat\u00e9gia Concursos\",\"description\":\"O blog da Estrat\u00e9gia Concursos traz not\u00edcias sobre concursos e artigos de professores oferecendo cursos para concursos (pdf + videaulas) no site.\",\"publisher\":{\"@id\":\"https:\/\/www.estrategiaconcursos.com.br\/blog\/#organization\"},\"potentialAction\":[{\"@type\":\"SearchAction\",\"target\":{\"@type\":\"EntryPoint\",\"urlTemplate\":\"https:\/\/www.estrategiaconcursos.com.br\/blog\/?s={search_term_string}\"},\"query-input\":{\"@type\":\"PropertyValueSpecification\",\"valueRequired\":true,\"valueName\":\"search_term_string\"}}],\"inLanguage\":\"pt-BR\"},{\"@type\":\"Organization\",\"@id\":\"https:\/\/www.estrategiaconcursos.com.br\/blog\/#organization\",\"name\":\"Estrat\u00e9gia Concursos\",\"url\":\"https:\/\/www.estrategiaconcursos.com.br\/blog\/\",\"logo\":{\"@type\":\"ImageObject\",\"inLanguage\":\"pt-BR\",\"@id\":\"https:\/\/www.estrategiaconcursos.com.br\/blog\/#\/schema\/logo\/image\/\",\"url\":\"https:\/\/dhg1h5j42swfq.cloudfront.net\/2025\/06\/03203428\/logo_concursos-1.jpg\",\"contentUrl\":\"https:\/\/dhg1h5j42swfq.cloudfront.net\/2025\/06\/03203428\/logo_concursos-1.jpg\",\"width\":230,\"height\":60,\"caption\":\"Estrat\u00e9gia Concursos\"},\"image\":{\"@id\":\"https:\/\/www.estrategiaconcursos.com.br\/blog\/#\/schema\/logo\/image\/\"},\"sameAs\":[\"https:\/\/x.com\/EstratConcursos\"]},{\"@type\":\"Person\",\"@id\":\"https:\/\/www.estrategiaconcursos.com.br\/blog\/#\/schema\/person\/c32e47dba2159cafe7796a9569a6ff7e\",\"name\":\"Ricardo Vale\",\"image\":{\"@type\":\"ImageObject\",\"inLanguage\":\"pt-BR\",\"@id\":\"https:\/\/secure.gravatar.com\/avatar\/e5a5658c798bb49dd53314263f59f38c192d73370fb65839a372c2ae9027be74?s=96&d=mm&r=g\",\"url\":\"https:\/\/secure.gravatar.com\/avatar\/e5a5658c798bb49dd53314263f59f38c192d73370fb65839a372c2ae9027be74?s=96&d=mm&r=g\",\"contentUrl\":\"https:\/\/secure.gravatar.com\/avatar\/e5a5658c798bb49dd53314263f59f38c192d73370fb65839a372c2ae9027be74?s=96&d=mm&r=g\",\"caption\":\"Ricardo Vale\"},\"sameAs\":[\"https:\/\/www.facebook.com\/rvale01\",\"https:\/\/x.com\/https:\/\/twitter.com\/EstratConcursos\"],\"url\":\"https:\/\/www.estrategiaconcursos.com.br\/blog\/author\/ricardovaleestrategiaconcursos-com-br\/\"}]}<\/script>\n<!-- \/ Yoast SEO Premium plugin. -->","yoast_head_json":{"title":"Mensagem aos Assinantes 17: Melhor que a Black Friday!","robots":{"index":"index","follow":"follow","max-snippet":"max-snippet:-1","max-image-preview":"max-image-preview:large","max-video-preview":"max-video-preview:-1"},"canonical":"https:\/\/www.estrategiaconcursos.com.br\/blog\/mensagem-aos-assinantes-17-melhor-que-a-black-friday\/","og_locale":"pt_BR","og_type":"article","og_title":"Mensagem aos Assinantes 17: Melhor que a Black Friday!","og_description":"Ol\u00e1, pessoal! Tudo bem? Aqui \u00e9 o Ricardo Vale, Diretor Pedag\u00f3gico do Estrat\u00e9gia Concursos. O final de 2019 est\u00e1 se aproximando. As pessoas j\u00e1 come\u00e7am a fazer um balan\u00e7o de como foi o ano que est\u00e1 se encerrando. Voc\u00ea conseguiu conquistar seus objetivos? Suas metas foram cumpridas? Conseguiu avan\u00e7ar nos seus estudos? \u00c9 claro que [&hellip;]","og_url":"https:\/\/www.estrategiaconcursos.com.br\/blog\/mensagem-aos-assinantes-17-melhor-que-a-black-friday\/","og_site_name":"Estrat\u00e9gia Concursos","article_author":"https:\/\/www.facebook.com\/rvale01","article_published_time":"2019-10-21T21:34:07+00:00","article_modified_time":"2019-10-21T21:34:12+00:00","author":"Ricardo Vale","twitter_card":"summary_large_image","twitter_creator":"@https:\/\/twitter.com\/EstratConcursos","twitter_site":"@EstratConcursos","twitter_misc":{"Escrito por":"Ricardo Vale","Est. tempo de leitura":"3 minutos"},"schema":{"@context":"https:\/\/schema.org","@graph":[{"@type":"NewsArticle","@id":"https:\/\/www.estrategiaconcursos.com.br\/blog\/mensagem-aos-assinantes-17-melhor-que-a-black-friday\/#article","isPartOf":{"@id":"https:\/\/www.estrategiaconcursos.com.br\/blog\/mensagem-aos-assinantes-17-melhor-que-a-black-friday\/"},"author":{"name":"Ricardo Vale","@id":"https:\/\/www.estrategiaconcursos.com.br\/blog\/#\/schema\/person\/c32e47dba2159cafe7796a9569a6ff7e"},"headline":"Mensagem aos Assinantes 17: Melhor que a Black Friday!","datePublished":"2019-10-21T21:34:07+00:00","dateModified":"2019-10-21T21:34:12+00:00","mainEntityOfPage":{"@id":"https:\/\/www.estrategiaconcursos.com.br\/blog\/mensagem-aos-assinantes-17-melhor-que-a-black-friday\/"},"wordCount":638,"commentCount":28,"publisher":{"@id":"https:\/\/www.estrategiaconcursos.com.br\/blog\/#organization"},"articleSection":["Concursos P\u00fablicos"],"inLanguage":"pt-BR","potentialAction":[{"@type":"CommentAction","name":"Comment","target":["https:\/\/www.estrategiaconcursos.com.br\/blog\/mensagem-aos-assinantes-17-melhor-que-a-black-friday\/#respond"]}],"copyrightYear":"2019","copyrightHolder":{"@id":"https:\/\/www.estrategiaconcursos.com.br\/blog\/#organization"}},{"@type":"WebPage","@id":"https:\/\/www.estrategiaconcursos.com.br\/blog\/mensagem-aos-assinantes-17-melhor-que-a-black-friday\/","url":"https:\/\/www.estrategiaconcursos.com.br\/blog\/mensagem-aos-assinantes-17-melhor-que-a-black-friday\/","name":"Mensagem aos Assinantes 17: Melhor que a Black Friday!","isPartOf":{"@id":"https:\/\/www.estrategiaconcursos.com.br\/blog\/#website"},"datePublished":"2019-10-21T21:34:07+00:00","dateModified":"2019-10-21T21:34:12+00:00","breadcrumb":{"@id":"https:\/\/www.estrategiaconcursos.com.br\/blog\/mensagem-aos-assinantes-17-melhor-que-a-black-friday\/#breadcrumb"},"inLanguage":"pt-BR","potentialAction":[{"@type":"ReadAction","target":["https:\/\/www.estrategiaconcursos.com.br\/blog\/mensagem-aos-assinantes-17-melhor-que-a-black-friday\/"]}]},{"@type":"BreadcrumbList","@id":"https:\/\/www.estrategiaconcursos.com.br\/blog\/mensagem-aos-assinantes-17-melhor-que-a-black-friday\/#breadcrumb","itemListElement":[{"@type":"ListItem","position":1,"name":"In\u00edcio","item":"https:\/\/www.estrategiaconcursos.com.br\/blog\/"},{"@type":"ListItem","position":2,"name":"Mensagem aos Assinantes 17: Melhor que a Black Friday!"}]},{"@type":"WebSite","@id":"https:\/\/www.estrategiaconcursos.com.br\/blog\/#website","url":"https:\/\/www.estrategiaconcursos.com.br\/blog\/","name":"Estrat\u00e9gia Concursos","description":"O blog da Estrat\u00e9gia Concursos traz not\u00edcias sobre concursos e artigos de professores oferecendo cursos para concursos (pdf + videaulas) no site.","publisher":{"@id":"https:\/\/www.estrategiaconcursos.com.br\/blog\/#organization"},"potentialAction":[{"@type":"SearchAction","target":{"@type":"EntryPoint","urlTemplate":"https:\/\/www.estrategiaconcursos.com.br\/blog\/?s={search_term_string}"},"query-input":{"@type":"PropertyValueSpecification","valueRequired":true,"valueName":"search_term_string"}}],"inLanguage":"pt-BR"},{"@type":"Organization","@id":"https:\/\/www.estrategiaconcursos.com.br\/blog\/#organization","name":"Estrat\u00e9gia Concursos","url":"https:\/\/www.estrategiaconcursos.com.br\/blog\/","logo":{"@type":"ImageObject","inLanguage":"pt-BR","@id":"https:\/\/www.estrategiaconcursos.com.br\/blog\/#\/schema\/logo\/image\/","url":"https:\/\/dhg1h5j42swfq.cloudfront.net\/2025\/06\/03203428\/logo_concursos-1.jpg","contentUrl":"https:\/\/dhg1h5j42swfq.cloudfront.net\/2025\/06\/03203428\/logo_concursos-1.jpg","width":230,"height":60,"caption":"Estrat\u00e9gia Concursos"},"image":{"@id":"https:\/\/www.estrategiaconcursos.com.br\/blog\/#\/schema\/logo\/image\/"},"sameAs":["https:\/\/x.com\/EstratConcursos"]},{"@type":"Person","@id":"https:\/\/www.estrategiaconcursos.com.br\/blog\/#\/schema\/person\/c32e47dba2159cafe7796a9569a6ff7e","name":"Ricardo Vale","image":{"@type":"ImageObject","inLanguage":"pt-BR","@id":"https:\/\/secure.gravatar.com\/avatar\/e5a5658c798bb49dd53314263f59f38c192d73370fb65839a372c2ae9027be74?s=96&d=mm&r=g","url":"https:\/\/secure.gravatar.com\/avatar\/e5a5658c798bb49dd53314263f59f38c192d73370fb65839a372c2ae9027be74?s=96&d=mm&r=g","contentUrl":"https:\/\/secure.gravatar.com\/avatar\/e5a5658c798bb49dd53314263f59f38c192d73370fb65839a372c2ae9027be74?s=96&d=mm&r=g","caption":"Ricardo Vale"},"sameAs":["https:\/\/www.facebook.com\/rvale01","https:\/\/x.com\/https:\/\/twitter.com\/EstratConcursos"],"url":"https:\/\/www.estrategiaconcursos.com.br\/blog\/author\/ricardovaleestrategiaconcursos-com-br\/"}]}},"_links":{"self":[{"href":"https:\/\/www.estrategiaconcursos.com.br\/blog\/wp-json\/wp\/v2\/posts\/437705","targetHints":{"allow":["GET"]}}],"collection":[{"href":"https:\/\/www.estrategiaconcursos.com.br\/blog\/wp-json\/wp\/v2\/posts"}],"about":[{"href":"https:\/\/www.estrategiaconcursos.com.br\/blog\/wp-json\/wp\/v2\/types\/post"}],"author":[{"embeddable":true,"href":"https:\/\/www.estrategiaconcursos.com.br\/blog\/wp-json\/wp\/v2\/users\/26"}],"replies":[{"embeddable":true,"href":"https:\/\/www.estrategiaconcursos.com.br\/blog\/wp-json\/wp\/v2\/comments?post=437705"}],"version-history":[{"count":8,"href":"https:\/\/www.estrategiaconcursos.com.br\/blog\/wp-json\/wp\/v2\/posts\/437705\/revisions"}],"predecessor-version":[{"id":437770,"href":"https:\/\/www.estrategiaconcursos.com.br\/blog\/wp-json\/wp\/v2\/posts\/437705\/revisions\/437770"}],"wp:attachment":[{"href":"https:\/\/www.estrategiaconcursos.com.br\/blog\/wp-json\/wp\/v2\/media?parent=437705"}],"wp:term":[{"taxonomy":"category","embeddable":true,"href":"https:\/\/www.estrategiaconcursos.com.br\/blog\/wp-json\/wp\/v2\/categories?post=437705"},{"taxonomy":"post_tag","embeddable":true,"href":"https:\/\/www.estrategiaconcursos.com.br\/blog\/wp-json\/wp\/v2\/tags?post=437705"},{"taxonomy":"tax_estado","embeddable":true,"href":"https:\/\/www.estrategiaconcursos.com.br\/blog\/wp-json\/wp\/v2\/tax_estado?post=437705"}],"curies":[{"name":"wp","href":"https:\/\/api.w.org\/{rel}","templated":true}]}}