{"id":437140,"date":"2019-10-20T19:04:26","date_gmt":"2019-10-20T22:04:26","guid":{"rendered":"https:\/\/www.estrategiaconcursos.com.br\/blog\/?p=437140"},"modified":"2023-05-22T16:25:08","modified_gmt":"2023-05-22T19:25:08","slug":"correcao-exame-xxx-processo-penal","status":"publish","type":"post","link":"https:\/\/www.estrategiaconcursos.com.br\/blog\/correcao-exame-xxx-processo-penal\/","title":{"rendered":"Corre\u00e7\u00e3o Exame XXX &#8211; Processo Penal"},"content":{"rendered":"\n<p>Ol\u00e1, meus\namigos.<\/p>\n\n\n\n<p>Vamos\ncomentar as quest\u00f5es de processo penal do Exame XXX da OAB.<\/p>\n\n\n\n<p>Preparados?\nBora l\u00e1\u2026<\/p>\n\n\n\n<p><strong>PROCESSO\nPENAL \u2013 PROVA TIPO BRANCA<\/strong><\/p>\n\n\n\n<p><strong>64 \u2013 A<\/strong><\/p>\n\n\n\n<p><strong>A)\nrecurso em sentido estrito, no prazo de 5 dias.<\/strong><\/p>\n\n\n\n<p>Quando\nfazemos um pedido incidental (ou seja, no meio do processo) e o juiz nega, a\ndepender do pedido e da decis\u00e3o, caber\u00e1 Recurso em Sentido Estrito. Foi o que\ncaiu.<\/p>\n\n\n\n<p>O artigo 581,\nIX, do CPP assim nos ensina:<\/p>\n\n\n\n<p>IX&nbsp;&#8211;&nbsp;que\nindeferir o pedido de reconhecimento da prescri\u00e7\u00e3o ou de outra causa extintiva\nda punibilidade;<\/p>\n\n\n\n<p>Art.&nbsp;586.&nbsp;&nbsp;O\nrecurso volunt\u00e1rio poder\u00e1 ser interposto no prazo de cinco dias.<\/p>\n\n\n\n<p><strong>____________________________________________________________________<\/strong><\/p>\n\n\n\n<p><strong>65\n\u2013 C<\/strong><\/p>\n\n\n\n<p>a Plen\u00e1ria\ndo J\u00fari poder\u00e1 ocorrer sem a presen\u00e7a do acusado.<\/p>\n\n\n\n<p>Art. 457.&nbsp; O\njulgamento n\u00e3o ser\u00e1 adiado pelo n\u00e3o comparecimento do acusado solto, do\nassistente ou do advogado do querelante, que tiver sido regularmente intimado.<\/p>\n\n\n\n<p>A autodefesa \u00e9 um direito\ndo acusado, ele exerce se quiser. Pode n\u00e3o estar presente. \u00c9 um direito dele.<\/p>\n\n\n\n<p><strong>____________________________________________________________________<\/strong><\/p>\n\n\n\n<p><strong>66 \u2013 D<\/strong><\/p>\n\n\n\n<p>intimados em 05.06.2018 \u2013\nter\u00e7a-feira<\/p>\n\n\n\n<p>primeiro dia no dia 06.06<\/p>\n\n\n\n<p>\u00faltimo dia na segunda\n11.06 prazo final para interpor apela\u00e7\u00e3o, pois o \u00faltimo dia caiu no domingo.<\/p>\n\n\n\n<p><strong>____________________________________________________________________<\/strong><\/p>\n\n\n\n<p>&nbsp;<strong>67 \u2013 B<\/strong><\/p>\n\n\n\n<p>LEP 126.<\/p>\n\n\n\n<p>\u00a7 6<sup>o<\/sup>\u00a0 O condenado que cumpre pena em regime aberto ou semiaberto e o que usufrui liberdade condicional poder\u00e3o remir, pela frequ\u00eancia a curso de ensino regular ou de educa\u00e7\u00e3o profissional, parte do tempo de execu\u00e7\u00e3o da pena ou do per\u00edodo de prova, observado o disposto no inciso I do \u00a7 1<sup>o<\/sup>\u00a0deste artigo.(Inclu\u00eddo pela Lei n\u00ba 12.433, de 2011)<\/p>\n\n\n\n<p>Art. 127.&nbsp; Em caso de falta grave, o juiz poder\u00e1 revogar at\u00e9 1\/3\n(um ter\u00e7o) do tempo remido, observado o disposto no art. 57, recome\u00e7ando a\ncontagem a partir da data da infra\u00e7\u00e3o disciplinar.<\/p>\n\n\n\n<p><strong>____________________________________________________________________<\/strong><\/p>\n\n\n\n<p><strong>68\n\u2013 D<\/strong><\/p>\n\n\n\n<p>S\u00f3 em 28.06\nteve ci\u00eancia da autoria. Os 6 meses come\u00e7am nessa data. Terminaria em 27.12.20<\/p>\n\n\n\n<p>n\u00e3o ocorreu\na decad\u00eancia.<\/p>\n\n\n\n<p>Perd\u00e3o do\nofendido.<\/p>\n\n\n\n<p><strong>____________________________________________________________________<\/strong><\/p>\n\n\n\n<p><strong>69\n\u2013 D<\/strong> (posi\u00e7\u00e3o atual do STF 25.04.2018)<\/p>\n\n\n\n<p>A quest\u00e3o\nfala em julgamento<\/p>\n\n\n\n<p>A instru\u00e7\u00e3o\nser\u00e1 feita na primeira inst\u00e2ncia, por\u00e9m o julgamento no STJ.<\/p>\n\n\n\n<p>\u201cSomente ap\u00f3s realizados todos os atos de instru\u00e7\u00e3o\nprobat\u00f3ria referentes \u00e0 \u2018exceptio veritatis\u2019, \u00e9 que se justificar\u00e1, ent\u00e3o, o\nencaminhamento deste processo incidental ao Supremo Tribunal Federal, para o\nefeito exclusivo de julgamento da exce\u00e7\u00e3o oposta e, assim mesmo, apenas no que\nconcerne ao delito de cal\u00fania atribu\u00eddo ao ora excipiente\u201d, concluiu.<\/p>\n\n\n\n<p><strong>Clique&nbsp;<\/strong><a href=\"https:\/\/www.conjur.com.br\/dl\/stf-nega-excecao-verdade-calunia.pdf\" target=\"_blank\" rel=\"noreferrer noopener\"><strong>aqui<\/strong><\/a><strong>&nbsp;para ler a decis\u00e3o.<\/strong><\/p>\n\n\n\n<p><strong>PET 7.448\/RS<\/strong><\/p>\n\n\n\n<p><strong>____________________________________________________________________<\/strong><\/p>\n\n\n\n<p><strong>\u00c9\nisso a\u00ed pessoal. Prove com quest\u00f5es muito complicadas de processo penal e\noutras muito f\u00e1ceis.<\/strong><\/p>\n\n\n\n<p><strong>espero\ntodos voc\u00eas em nossa segunda fase.<\/strong><\/p>\n\n\n\n<p><strong>Abra\u00e7\u00e3o.<\/strong><\/p>\n\n\n\n<p><strong>Prof.\nIvan Marques<\/strong><\/p>\n\n\n\n<p><strong>@prof.ivanmarques<\/strong><\/p>\n","protected":false},"excerpt":{"rendered":"<p>Ol\u00e1, meus amigos. Vamos comentar as quest\u00f5es de processo penal do Exame XXX da OAB. Preparados? Bora l\u00e1\u2026 PROCESSO PENAL \u2013 PROVA TIPO BRANCA 64 \u2013 A A) recurso em sentido estrito, no prazo de 5 dias. Quando fazemos um pedido incidental (ou seja, no meio do processo) e o juiz nega, a depender do [&hellip;]<\/p>\n","protected":false},"author":1035,"featured_media":0,"comment_status":"open","ping_status":"closed","sticky":false,"template":"","format":"standard","meta":{"post_tipo":"article","footnotes":""},"categories":[1],"tags":[],"tax_estado":[],"class_list":["post-437140","post","type-post","status-publish","format-standard","hentry","category-cursos-e-concursos"],"acf":[],"yoast_head":"<!-- This site is optimized with the Yoast SEO Premium plugin v27.2 (Yoast SEO v27.2) - https:\/\/yoast.com\/product\/yoast-seo-premium-wordpress\/ -->\n<title>Corre\u00e7\u00e3o Exame XXX - Processo Penal<\/title>\n<meta name=\"robots\" content=\"index, follow, max-snippet:-1, max-image-preview:large, max-video-preview:-1\" \/>\n<link rel=\"canonical\" href=\"https:\/\/www.estrategiaconcursos.com.br\/blog\/correcao-exame-xxx-processo-penal\/\" \/>\n<meta property=\"og:locale\" content=\"pt_BR\" \/>\n<meta property=\"og:type\" content=\"article\" \/>\n<meta property=\"og:title\" content=\"Corre\u00e7\u00e3o Exame XXX - Processo Penal\" \/>\n<meta property=\"og:description\" content=\"Ol\u00e1, meus amigos. Vamos comentar as quest\u00f5es de processo penal do Exame XXX da OAB. Preparados? Bora l\u00e1\u2026 PROCESSO PENAL \u2013 PROVA TIPO BRANCA 64 \u2013 A A) recurso em sentido estrito, no prazo de 5 dias. Quando fazemos um pedido incidental (ou seja, no meio do processo) e o juiz nega, a depender do [&hellip;]\" \/>\n<meta property=\"og:url\" content=\"https:\/\/www.estrategiaconcursos.com.br\/blog\/correcao-exame-xxx-processo-penal\/\" \/>\n<meta property=\"og:site_name\" content=\"Estrat\u00e9gia Concursos\" \/>\n<meta property=\"article:published_time\" content=\"2019-10-20T22:04:26+00:00\" \/>\n<meta property=\"article:modified_time\" content=\"2023-05-22T19:25:08+00:00\" \/>\n<meta name=\"author\" content=\"Ivan Lu\u00eds Marques da Silva\" \/>\n<meta name=\"twitter:card\" content=\"summary_large_image\" \/>\n<meta name=\"twitter:creator\" content=\"@EstratConcursos\" \/>\n<meta name=\"twitter:site\" content=\"@EstratConcursos\" \/>\n<meta name=\"twitter:label1\" content=\"Escrito por\" \/>\n\t<meta name=\"twitter:data1\" content=\"Ivan Lu\u00eds Marques da Silva\" \/>\n\t<meta name=\"twitter:label2\" content=\"Est. tempo de leitura\" \/>\n\t<meta name=\"twitter:data2\" content=\"2 minutos\" \/>\n<script type=\"application\/ld+json\" class=\"yoast-schema-graph\">{\"@context\":\"https:\/\/schema.org\",\"@graph\":[{\"@type\":\"NewsArticle\",\"@id\":\"https:\/\/www.estrategiaconcursos.com.br\/blog\/correcao-exame-xxx-processo-penal\/#article\",\"isPartOf\":{\"@id\":\"https:\/\/www.estrategiaconcursos.com.br\/blog\/correcao-exame-xxx-processo-penal\/\"},\"author\":{\"name\":\"Ivan Lu\u00eds Marques da Silva\",\"@id\":\"https:\/\/www.estrategiaconcursos.com.br\/blog\/#\/schema\/person\/c65a6625b6df0db05365b719045715a3\"},\"headline\":\"Corre\u00e7\u00e3o Exame XXX &#8211; Processo Penal\",\"datePublished\":\"2019-10-20T22:04:26+00:00\",\"dateModified\":\"2023-05-22T19:25:08+00:00\",\"mainEntityOfPage\":{\"@id\":\"https:\/\/www.estrategiaconcursos.com.br\/blog\/correcao-exame-xxx-processo-penal\/\"},\"wordCount\":457,\"commentCount\":0,\"publisher\":{\"@id\":\"https:\/\/www.estrategiaconcursos.com.br\/blog\/#organization\"},\"articleSection\":[\"Concursos P\u00fablicos\"],\"inLanguage\":\"pt-BR\",\"potentialAction\":[{\"@type\":\"CommentAction\",\"name\":\"Comment\",\"target\":[\"https:\/\/www.estrategiaconcursos.com.br\/blog\/correcao-exame-xxx-processo-penal\/#respond\"]}],\"copyrightYear\":\"2019\",\"copyrightHolder\":{\"@id\":\"https:\/\/www.estrategiaconcursos.com.br\/blog\/#organization\"}},{\"@type\":\"WebPage\",\"@id\":\"https:\/\/www.estrategiaconcursos.com.br\/blog\/correcao-exame-xxx-processo-penal\/\",\"url\":\"https:\/\/www.estrategiaconcursos.com.br\/blog\/correcao-exame-xxx-processo-penal\/\",\"name\":\"Corre\u00e7\u00e3o Exame XXX - Processo Penal\",\"isPartOf\":{\"@id\":\"https:\/\/www.estrategiaconcursos.com.br\/blog\/#website\"},\"datePublished\":\"2019-10-20T22:04:26+00:00\",\"dateModified\":\"2023-05-22T19:25:08+00:00\",\"breadcrumb\":{\"@id\":\"https:\/\/www.estrategiaconcursos.com.br\/blog\/correcao-exame-xxx-processo-penal\/#breadcrumb\"},\"inLanguage\":\"pt-BR\",\"potentialAction\":[{\"@type\":\"ReadAction\",\"target\":[\"https:\/\/www.estrategiaconcursos.com.br\/blog\/correcao-exame-xxx-processo-penal\/\"]}]},{\"@type\":\"BreadcrumbList\",\"@id\":\"https:\/\/www.estrategiaconcursos.com.br\/blog\/correcao-exame-xxx-processo-penal\/#breadcrumb\",\"itemListElement\":[{\"@type\":\"ListItem\",\"position\":1,\"name\":\"In\u00edcio\",\"item\":\"https:\/\/www.estrategiaconcursos.com.br\/blog\/\"},{\"@type\":\"ListItem\",\"position\":2,\"name\":\"Corre\u00e7\u00e3o Exame XXX &#8211; Processo Penal\"}]},{\"@type\":\"WebSite\",\"@id\":\"https:\/\/www.estrategiaconcursos.com.br\/blog\/#website\",\"url\":\"https:\/\/www.estrategiaconcursos.com.br\/blog\/\",\"name\":\"Estrat\u00e9gia Concursos\",\"description\":\"O blog da Estrat\u00e9gia Concursos traz not\u00edcias sobre concursos e artigos de professores oferecendo cursos para concursos (pdf + videaulas) no site.\",\"publisher\":{\"@id\":\"https:\/\/www.estrategiaconcursos.com.br\/blog\/#organization\"},\"potentialAction\":[{\"@type\":\"SearchAction\",\"target\":{\"@type\":\"EntryPoint\",\"urlTemplate\":\"https:\/\/www.estrategiaconcursos.com.br\/blog\/?s={search_term_string}\"},\"query-input\":{\"@type\":\"PropertyValueSpecification\",\"valueRequired\":true,\"valueName\":\"search_term_string\"}}],\"inLanguage\":\"pt-BR\"},{\"@type\":\"Organization\",\"@id\":\"https:\/\/www.estrategiaconcursos.com.br\/blog\/#organization\",\"name\":\"Estrat\u00e9gia Concursos\",\"url\":\"https:\/\/www.estrategiaconcursos.com.br\/blog\/\",\"logo\":{\"@type\":\"ImageObject\",\"inLanguage\":\"pt-BR\",\"@id\":\"https:\/\/www.estrategiaconcursos.com.br\/blog\/#\/schema\/logo\/image\/\",\"url\":\"https:\/\/dhg1h5j42swfq.cloudfront.net\/2025\/06\/03203428\/logo_concursos-1.jpg\",\"contentUrl\":\"https:\/\/dhg1h5j42swfq.cloudfront.net\/2025\/06\/03203428\/logo_concursos-1.jpg\",\"width\":230,\"height\":60,\"caption\":\"Estrat\u00e9gia Concursos\"},\"image\":{\"@id\":\"https:\/\/www.estrategiaconcursos.com.br\/blog\/#\/schema\/logo\/image\/\"},\"sameAs\":[\"https:\/\/x.com\/EstratConcursos\"]},{\"@type\":\"Person\",\"@id\":\"https:\/\/www.estrategiaconcursos.com.br\/blog\/#\/schema\/person\/c65a6625b6df0db05365b719045715a3\",\"name\":\"Ivan Lu\u00eds Marques da Silva\",\"image\":{\"@type\":\"ImageObject\",\"inLanguage\":\"pt-BR\",\"@id\":\"https:\/\/secure.gravatar.com\/avatar\/c44f276cb087f44329bd8340ed85d975fc5cffe441f72623a58b69ca663ab37b?s=96&d=mm&r=g\",\"url\":\"https:\/\/secure.gravatar.com\/avatar\/c44f276cb087f44329bd8340ed85d975fc5cffe441f72623a58b69ca663ab37b?s=96&d=mm&r=g\",\"contentUrl\":\"https:\/\/secure.gravatar.com\/avatar\/c44f276cb087f44329bd8340ed85d975fc5cffe441f72623a58b69ca663ab37b?s=96&d=mm&r=g\",\"caption\":\"Ivan Lu\u00eds Marques da Silva\"},\"url\":\"https:\/\/www.estrategiaconcursos.com.br\/blog\/author\/ivanlmarquesgmail-com\/\"}]}<\/script>\n<!-- \/ Yoast SEO Premium plugin. -->","yoast_head_json":{"title":"Corre\u00e7\u00e3o Exame XXX - Processo Penal","robots":{"index":"index","follow":"follow","max-snippet":"max-snippet:-1","max-image-preview":"max-image-preview:large","max-video-preview":"max-video-preview:-1"},"canonical":"https:\/\/www.estrategiaconcursos.com.br\/blog\/correcao-exame-xxx-processo-penal\/","og_locale":"pt_BR","og_type":"article","og_title":"Corre\u00e7\u00e3o Exame XXX - Processo Penal","og_description":"Ol\u00e1, meus amigos. Vamos comentar as quest\u00f5es de processo penal do Exame XXX da OAB. Preparados? Bora l\u00e1\u2026 PROCESSO PENAL \u2013 PROVA TIPO BRANCA 64 \u2013 A A) recurso em sentido estrito, no prazo de 5 dias. Quando fazemos um pedido incidental (ou seja, no meio do processo) e o juiz nega, a depender do [&hellip;]","og_url":"https:\/\/www.estrategiaconcursos.com.br\/blog\/correcao-exame-xxx-processo-penal\/","og_site_name":"Estrat\u00e9gia Concursos","article_published_time":"2019-10-20T22:04:26+00:00","article_modified_time":"2023-05-22T19:25:08+00:00","author":"Ivan Lu\u00eds Marques da Silva","twitter_card":"summary_large_image","twitter_creator":"@EstratConcursos","twitter_site":"@EstratConcursos","twitter_misc":{"Escrito por":"Ivan Lu\u00eds Marques da Silva","Est. tempo de leitura":"2 minutos"},"schema":{"@context":"https:\/\/schema.org","@graph":[{"@type":"NewsArticle","@id":"https:\/\/www.estrategiaconcursos.com.br\/blog\/correcao-exame-xxx-processo-penal\/#article","isPartOf":{"@id":"https:\/\/www.estrategiaconcursos.com.br\/blog\/correcao-exame-xxx-processo-penal\/"},"author":{"name":"Ivan Lu\u00eds Marques da Silva","@id":"https:\/\/www.estrategiaconcursos.com.br\/blog\/#\/schema\/person\/c65a6625b6df0db05365b719045715a3"},"headline":"Corre\u00e7\u00e3o Exame XXX &#8211; Processo Penal","datePublished":"2019-10-20T22:04:26+00:00","dateModified":"2023-05-22T19:25:08+00:00","mainEntityOfPage":{"@id":"https:\/\/www.estrategiaconcursos.com.br\/blog\/correcao-exame-xxx-processo-penal\/"},"wordCount":457,"commentCount":0,"publisher":{"@id":"https:\/\/www.estrategiaconcursos.com.br\/blog\/#organization"},"articleSection":["Concursos P\u00fablicos"],"inLanguage":"pt-BR","potentialAction":[{"@type":"CommentAction","name":"Comment","target":["https:\/\/www.estrategiaconcursos.com.br\/blog\/correcao-exame-xxx-processo-penal\/#respond"]}],"copyrightYear":"2019","copyrightHolder":{"@id":"https:\/\/www.estrategiaconcursos.com.br\/blog\/#organization"}},{"@type":"WebPage","@id":"https:\/\/www.estrategiaconcursos.com.br\/blog\/correcao-exame-xxx-processo-penal\/","url":"https:\/\/www.estrategiaconcursos.com.br\/blog\/correcao-exame-xxx-processo-penal\/","name":"Corre\u00e7\u00e3o Exame XXX - Processo Penal","isPartOf":{"@id":"https:\/\/www.estrategiaconcursos.com.br\/blog\/#website"},"datePublished":"2019-10-20T22:04:26+00:00","dateModified":"2023-05-22T19:25:08+00:00","breadcrumb":{"@id":"https:\/\/www.estrategiaconcursos.com.br\/blog\/correcao-exame-xxx-processo-penal\/#breadcrumb"},"inLanguage":"pt-BR","potentialAction":[{"@type":"ReadAction","target":["https:\/\/www.estrategiaconcursos.com.br\/blog\/correcao-exame-xxx-processo-penal\/"]}]},{"@type":"BreadcrumbList","@id":"https:\/\/www.estrategiaconcursos.com.br\/blog\/correcao-exame-xxx-processo-penal\/#breadcrumb","itemListElement":[{"@type":"ListItem","position":1,"name":"In\u00edcio","item":"https:\/\/www.estrategiaconcursos.com.br\/blog\/"},{"@type":"ListItem","position":2,"name":"Corre\u00e7\u00e3o Exame XXX &#8211; Processo Penal"}]},{"@type":"WebSite","@id":"https:\/\/www.estrategiaconcursos.com.br\/blog\/#website","url":"https:\/\/www.estrategiaconcursos.com.br\/blog\/","name":"Estrat\u00e9gia Concursos","description":"O blog da Estrat\u00e9gia Concursos traz not\u00edcias sobre concursos e artigos de professores oferecendo cursos para concursos (pdf + videaulas) no site.","publisher":{"@id":"https:\/\/www.estrategiaconcursos.com.br\/blog\/#organization"},"potentialAction":[{"@type":"SearchAction","target":{"@type":"EntryPoint","urlTemplate":"https:\/\/www.estrategiaconcursos.com.br\/blog\/?s={search_term_string}"},"query-input":{"@type":"PropertyValueSpecification","valueRequired":true,"valueName":"search_term_string"}}],"inLanguage":"pt-BR"},{"@type":"Organization","@id":"https:\/\/www.estrategiaconcursos.com.br\/blog\/#organization","name":"Estrat\u00e9gia Concursos","url":"https:\/\/www.estrategiaconcursos.com.br\/blog\/","logo":{"@type":"ImageObject","inLanguage":"pt-BR","@id":"https:\/\/www.estrategiaconcursos.com.br\/blog\/#\/schema\/logo\/image\/","url":"https:\/\/dhg1h5j42swfq.cloudfront.net\/2025\/06\/03203428\/logo_concursos-1.jpg","contentUrl":"https:\/\/dhg1h5j42swfq.cloudfront.net\/2025\/06\/03203428\/logo_concursos-1.jpg","width":230,"height":60,"caption":"Estrat\u00e9gia Concursos"},"image":{"@id":"https:\/\/www.estrategiaconcursos.com.br\/blog\/#\/schema\/logo\/image\/"},"sameAs":["https:\/\/x.com\/EstratConcursos"]},{"@type":"Person","@id":"https:\/\/www.estrategiaconcursos.com.br\/blog\/#\/schema\/person\/c65a6625b6df0db05365b719045715a3","name":"Ivan Lu\u00eds Marques da Silva","image":{"@type":"ImageObject","inLanguage":"pt-BR","@id":"https:\/\/secure.gravatar.com\/avatar\/c44f276cb087f44329bd8340ed85d975fc5cffe441f72623a58b69ca663ab37b?s=96&d=mm&r=g","url":"https:\/\/secure.gravatar.com\/avatar\/c44f276cb087f44329bd8340ed85d975fc5cffe441f72623a58b69ca663ab37b?s=96&d=mm&r=g","contentUrl":"https:\/\/secure.gravatar.com\/avatar\/c44f276cb087f44329bd8340ed85d975fc5cffe441f72623a58b69ca663ab37b?s=96&d=mm&r=g","caption":"Ivan Lu\u00eds Marques da Silva"},"url":"https:\/\/www.estrategiaconcursos.com.br\/blog\/author\/ivanlmarquesgmail-com\/"}]}},"_links":{"self":[{"href":"https:\/\/www.estrategiaconcursos.com.br\/blog\/wp-json\/wp\/v2\/posts\/437140","targetHints":{"allow":["GET"]}}],"collection":[{"href":"https:\/\/www.estrategiaconcursos.com.br\/blog\/wp-json\/wp\/v2\/posts"}],"about":[{"href":"https:\/\/www.estrategiaconcursos.com.br\/blog\/wp-json\/wp\/v2\/types\/post"}],"author":[{"embeddable":true,"href":"https:\/\/www.estrategiaconcursos.com.br\/blog\/wp-json\/wp\/v2\/users\/1035"}],"replies":[{"embeddable":true,"href":"https:\/\/www.estrategiaconcursos.com.br\/blog\/wp-json\/wp\/v2\/comments?post=437140"}],"version-history":[{"count":2,"href":"https:\/\/www.estrategiaconcursos.com.br\/blog\/wp-json\/wp\/v2\/posts\/437140\/revisions"}],"predecessor-version":[{"id":1220155,"href":"https:\/\/www.estrategiaconcursos.com.br\/blog\/wp-json\/wp\/v2\/posts\/437140\/revisions\/1220155"}],"wp:attachment":[{"href":"https:\/\/www.estrategiaconcursos.com.br\/blog\/wp-json\/wp\/v2\/media?parent=437140"}],"wp:term":[{"taxonomy":"category","embeddable":true,"href":"https:\/\/www.estrategiaconcursos.com.br\/blog\/wp-json\/wp\/v2\/categories?post=437140"},{"taxonomy":"post_tag","embeddable":true,"href":"https:\/\/www.estrategiaconcursos.com.br\/blog\/wp-json\/wp\/v2\/tags?post=437140"},{"taxonomy":"tax_estado","embeddable":true,"href":"https:\/\/www.estrategiaconcursos.com.br\/blog\/wp-json\/wp\/v2\/tax_estado?post=437140"}],"curies":[{"name":"wp","href":"https:\/\/api.w.org\/{rel}","templated":true}]}}