{"id":436724,"date":"2019-10-31T07:00:40","date_gmt":"2019-10-31T10:00:40","guid":{"rendered":"https:\/\/www.estrategiaconcursos.com.br\/blog\/?p=436724"},"modified":"2020-04-22T17:33:32","modified_gmt":"2020-04-22T20:33:32","slug":"11-dias-simulados-trf3","status":"publish","type":"post","link":"https:\/\/www.estrategiaconcursos.com.br\/blog\/11-dias-simulados-trf3\/","title":{"rendered":"11 dias de Simulados TRF3: teste seus conhecimentos em Racioc\u00ednio L\u00f3gico"},"content":{"rendered":"\n<p>A prova do concurso TRF3 est\u00e1 chegando. De acordo com o \u00f3rg\u00e3o a data prevista \u00e9 dia 1\u00ba de dezembro de 2019. Com o tempo apertando \u00e9 de suma import\u00e2ncia ter uma rotina de estudo que viabilize a compreens\u00e3o das disciplinas com clareza. <\/p>\n\n\n\n<p>Nada melhor do que ter uma &#8220;m\u00e3ozinha&#8221; externa de quem entende bem do assunto. A equipe de professores do Estrat\u00e9gia Concursos desenvolveu um simulado de <strong>11 dias<\/strong> para voc\u00ea.<\/p>\n\n\n\n<p>Voc\u00ea ter\u00e1 \u00e0 disposi\u00e7\u00e3o 11 simulados, com 15 quest\u00f5es cada, cobrindo todas as disciplinas do edital. A ideia \u00e9 que proporcionar um <strong>treinamento intensivo<\/strong> para o dia da prova, para garantir um <strong>bom condicionamento<\/strong> e um dom\u00ednio satisfat\u00f3rio da administra\u00e7\u00e3o do <strong>tempo de prova<\/strong>. <\/p>\n\n\n\n<p>O nosso <strong> simulado<\/strong> \u00e9 de Racioc\u00ednio L\u00f3gico  e j\u00e1 est\u00e1 dispon\u00edvel para <em>download<\/em>. Eu, <strong>Prof. Brunno Lima, <\/strong>estarei ao vivo \u00e0s 19h, em nosso canal do YouTube, para a <em>corre\u00e7\u00e3o comentada do gabarito<\/em>. N\u00e3o perca!<\/p>\n\n\n\n<h3 class=\"wp-block-heading\">Programa\u00e7\u00e3o dos 11 dias de Simulados TRF3<\/h3>\n\n\n\n<table class=\"wp-block-table is-style-stripes\"><tbody><tr><td><strong>Data<\/strong><\/td><td><strong>Mat\u00e9ria<\/strong><\/td><td><strong>Professor<\/strong><\/td><\/tr><tr><td><strong><s>21\/10 (Segunda)<\/s><\/strong><\/td><td><s>Direito Constitucional<\/s><\/td><td><s>Ricardo Vale<\/s><\/td><\/tr><tr><td><strong><s>22\/10 (Ter\u00e7a)<\/s><\/strong><\/td><td><s>Direito Administrativo<\/s><\/td><td><s>Herbert Almeida<\/s><\/td><\/tr><tr><td><strong><s>23\/10 (Quarta)<\/s><\/strong><\/td><td><s>Direito das Pessoas com Defici\u00eancia<\/s><\/td><td><s>Ricardo Torques<\/s><\/td><\/tr><tr><td><strong><s>24\/10 (Quinta)<\/s><\/strong><\/td><td><s>Direito Processual Penal<\/s><\/td><td><s>Renan Ara\u00fajo<\/s><\/td><\/tr><tr><td><strong><s>25\/10 (Sexta)<\/s><\/strong><\/td><td><s>Portugu\u00eas<\/s><\/td><td><s>Felipe Luccas<\/s><\/td><\/tr><tr><td><strong><s>26\/10 (S\u00e1bado)<\/s><\/strong><\/td><td><s>Direito Previdenci\u00e1rio<\/s><\/td><td><s>Rubens Maur\u00edcio<\/s><\/td><\/tr><tr><td><strong><s>27\/10 (Domingo)<\/s><\/strong><\/td><td><s>Direito Processual Civil<\/s><\/td><td><s>Ricardo Torques<\/s><\/td><\/tr><tr><td><strong><s>28\/10 (Segunda)<\/s><\/strong><\/td><td><s>No\u00e7\u00f5es de Sustentabilidade<\/s><\/td><td><s>Rosenval J\u00fanior<\/s><\/td><\/tr><tr><td><strong><s>29\/10 (Ter\u00e7a)<\/s><\/strong><\/td><td><s>Governan\u00e7a Corporativa e Gest\u00e3o Estrat\u00e9gica<\/s><\/td><td><s>Rodrigo Renn\u00f3<\/s><\/td><\/tr><tr><td><strong><s>30\/10 (Quarta)<\/s><\/strong><\/td><td><s>Direito Tribut\u00e1rio<\/s><\/td><td><s>Fabio Dutra<\/s><\/td><\/tr><tr><td><strong><s>31\/10 (Quinta)<\/s><\/strong><\/td><td><s>Racioc\u00ednio L\u00f3gico<\/s><\/td><td><s>Brunno Lima\/ Guilherme Neves<\/s><\/td><\/tr><\/tbody><\/table>\n\n\n\n<h3 class=\"wp-block-heading\">Cronograma de aplica\u00e7\u00e3o do simulado TRF 3 11 dias<\/h3>\n\n\n\n<p>Os Simulados Exclusivos para assinantes acontecer\u00e3o da seguinte maneira:<\/p>\n\n\n\n<p style=\"background-color:#e6f4ff\" class=\"has-background\"><strong>In\u00edcio da aplica\u00e7\u00e3o da prova:<\/strong>&nbsp;\u00e0s 8:00h<br \/><strong>Corre\u00e7\u00e3o AO VIVO:<\/strong>&nbsp;a partir das 19h<br \/><strong>Gabarito:<\/strong>&nbsp;\u00e0s 19h<\/p>\n\n\n\n<h3 class=\"wp-block-heading\">Dia 1 &#8211; 21\/10  &#8211; Direito Constitucional<\/h3>\n\n\n\n<p style=\"text-align:center\" class=\"has-background has-medium-font-size has-very-light-gray-background-color\"><a href=\"https:\/\/dhg1h5j42swfq.cloudfront.net\/2019\/10\/22144848\/Caderno_de_Quest%C3%B5es_-_TRF_3%C2%AA_REGI%C3%83O__-_Direito_Constitucional.pdf\"><strong><em>Baixe AQUI o PDF: Simulado TRF3<\/em><\/strong><\/a><\/p>\n\n\n\n<p style=\"background-color:#f5f49c;text-align:center\" class=\"has-background has-medium-font-size\"><strong><em><a href=\"https:\/\/forms.gle\/rmGCCs6W9oLoCzq8A\">Preencha seu Gabarito<\/a><\/em><\/strong><\/p>\n\n\n\n<p style=\"text-align:center\" class=\"has-background has-medium-font-size has-very-light-gray-background-color\"><strong><a href=\"https:\/\/docs.google.com\/spreadsheets\/d\/1dqCupnjsTrCJED96rBp70bfNc4dc1_evJQvNthaeIx4\/edit?usp=sharing\"><em>Confira o Ranking Estrat\u00e9gico<\/em><\/a><\/strong><\/p>\n\n\n\n<p style=\"text-align:center\" class=\"has-background has-very-light-gray-background-color\"><strong><em><a rel=\"noreferrer noopener\" aria-label=\"Assista a corre\u00e7\u00e3o (abre numa nova aba)\" href=\"https:\/\/www.google.com\/url?q=https%3A%2F%2Fwww.youtube.com%2Fwatch%3Fv%3DQckO86f_eao\" target=\"_blank\">Assista a corre\u00e7\u00e3o<\/a><\/em><\/strong><\/p>\n\n\n\n<p style=\"background-color:#f5f49c;text-align:center\" class=\"has-background\"><strong><em><a href=\"https:\/\/dhg1h5j42swfq.cloudfront.net\/2019\/10\/22145241\/Gabarito_-_TRF_3%C2%AA_REGI%C3%83O__-_Direito_Constitucional.pdf\">Acesse o Gabarito Oficial:<\/a><\/em><\/strong><a href=\"https:\/\/dhg1h5j42swfq.cloudfront.net\/2019\/10\/22145241\/Gabarito_-_TRF_3%C2%AA_REGI%C3%83O__-_Direito_Constitucional.pdf\"> Direito Constitucional<\/a><\/p>\n\n\n\n<h3 class=\"wp-block-heading\">Dia 2 &#8211; 22\/10  &#8211; Direito Administrativo<\/h3>\n\n\n\n<p style=\"text-align:center\" class=\"has-background has-medium-font-size has-very-light-gray-background-color\"><em><strong><a href=\"https:\/\/dhg1h5j42swfq.cloudfront.net\/2019\/10\/22101227\/Caderno-TRF_3%C2%AA_REGI%C3%83O_-22-10-Direito_Direito-Administrativo.pdf\" target=\"_blank\" rel=\"noreferrer noopener\" aria-label=\"Baixe AQUI o PDF: simulado\nTRF3 (abre numa nova aba)\">Baixe AQUI o PDF: simulado<\/a><\/strong><\/em><a href=\"https:\/\/dhg1h5j42swfq.cloudfront.net\/2019\/10\/22101227\/Caderno-TRF_3%C2%AA_REGI%C3%83O_-22-10-Direito_Direito-Administrativo.pdf\" target=\"_blank\" rel=\"noreferrer noopener\" aria-label=\"Baixe AQUI o PDF: simulado\nTRF3 (abre numa nova aba)\"><br \/><\/a><strong><em><a href=\"https:\/\/dhg1h5j42swfq.cloudfront.net\/2019\/10\/22101227\/Caderno-TRF_3%C2%AA_REGI%C3%83O_-22-10-Direito_Direito-Administrativo.pdf\" target=\"_blank\" rel=\"noreferrer noopener\" aria-label=\"Baixe AQUI o PDF: simulado\nTRF3 (abre numa nova aba)\">TRF3<\/a><\/em><\/strong><\/p>\n\n\n\n<p style=\"background-color:#f5f49c;text-align:center\" class=\"has-background has-medium-font-size\"><em><strong><a href=\"https:\/\/forms.gle\/FGgoKuSBE17kFUN77\">Preencha seu gabarito!<\/a><\/strong><\/em><\/p>\n\n\n\n<p style=\"text-align:center\" class=\"has-background has-medium-font-size has-very-light-gray-background-color\"><a href=\"https:\/\/dhg1h5j42swfq.cloudfront.net\/2019\/10\/22180216\/Gabarito_-_TRF_3%C2%AA_REGI%C3%83O_-22-10__Direito_Direito_Administrativo.pdf\"><strong><em>Acesse o Gabarito: Direito Administrativo<\/em><\/strong><\/a><\/p>\n\n\n\n<p style=\"text-align:center\" class=\"has-background has-medium-font-size has-very-light-gray-background-color\"><strong><em><a href=\"https:\/\/www.youtube.com\/watch?v=KXgXBxMNXtI\" target=\"_blank\" rel=\"noreferrer noopener\" aria-label=\"Corre\u00e7\u00e3o em v\u00eddeo (abre numa nova aba)\">Corre\u00e7\u00e3o em v\u00eddeo<\/a><\/em><\/strong><\/p>\n\n\n\n<p style=\"text-align:center\" class=\"has-background has-medium-font-size has-very-light-gray-background-color\"><em><strong><a href=\"https:\/\/docs.google.com\/spreadsheets\/d\/1_4Jv3QVwOQVYA1u8fPtXOY7yAoum2r96QoAyNR-akZ8\/edit?usp=sharing\">Confira o Ranking Estrat\u00e9gico<\/a><\/strong><\/em><\/p>\n\n\n\n<h3 class=\"wp-block-heading\">Dia 3 &#8211; 23\/10  &#8211; Direito das Pessoas com Defici\u00eancia<\/h3>\n\n\n\n<p style=\"text-align:center\" class=\"has-background has-medium-font-size has-very-light-gray-background-color\"><em><strong><a href=\"https:\/\/dhg1h5j42swfq.cloudfront.net\/2019\/10\/23074203\/Caderno-TRF_3%C2%AA_REGI%C3%83O_-23-10-DIREITO-DAS-PESSOAS-COM-DEFICI%C3%8ANCIA.pdf\" target=\"_blank\" rel=\"noreferrer noopener\" aria-label=\"Baixe AQUI o PDF: simulado\nTRF3 (abre numa nova aba)\">Baixe AQUI o PDF: simulado<\/a><\/strong><\/em><a href=\"https:\/\/dhg1h5j42swfq.cloudfront.net\/2019\/10\/23074203\/Caderno-TRF_3%C2%AA_REGI%C3%83O_-23-10-DIREITO-DAS-PESSOAS-COM-DEFICI%C3%8ANCIA.pdf\" target=\"_blank\" rel=\"noreferrer noopener\" aria-label=\"Baixe AQUI o PDF: simulado\nTRF3 (abre numa nova aba)\"><br \/><\/a><strong><em><a href=\"https:\/\/dhg1h5j42swfq.cloudfront.net\/2019\/10\/23074203\/Caderno-TRF_3%C2%AA_REGI%C3%83O_-23-10-DIREITO-DAS-PESSOAS-COM-DEFICI%C3%8ANCIA.pdf\" target=\"_blank\" rel=\"noreferrer noopener\" aria-label=\"Baixe AQUI o PDF: simulado\nTRF3 (abre numa nova aba)\">TRF3<\/a><\/em><\/strong><\/p>\n\n\n\n<p style=\"background-color:#f5f49c;text-align:center\" class=\"has-background has-medium-font-size\"><em><strong><a href=\"https:\/\/forms.gle\/aivKD5S6gyKsX18E7\" target=\"_blank\" rel=\"noreferrer noopener\" aria-label=\"Preencha seu gabarito! (abre numa nova aba)\">Preencha seu gabarito!<\/a><\/strong><\/em><\/p>\n\n\n\n<p style=\"text-align:center\" class=\"has-background has-medium-font-size has-very-light-gray-background-color\"><a href=\"https:\/\/dhg1h5j42swfq.cloudfront.net\/2019\/10\/23183818\/Gabarito_-_TRF_3%C2%AA_REGI%C3%83O_-23-10__Direito_das_Pessoas_com_Defici%C3%AAncia.pdf\"><strong>Acesse o Gabarito &#8211; Direito das Pessoas com Defici\u00eancia<\/strong><\/a><\/p>\n\n\n\n<p style=\"text-align:center\" class=\"has-background has-medium-font-size has-very-light-gray-background-color\"><strong><em><a href=\"https:\/\/youtu.be\/cUe1KFa8ykU\" target=\"_blank\" rel=\"noreferrer noopener\" aria-label=\"Corre\u00e7\u00e3o em v\u00eddeo (abre numa nova aba)\">Corre\u00e7\u00e3o em v\u00eddeo<\/a><\/em><\/strong><\/p>\n\n\n\n<p style=\"text-align:center\" class=\"has-background has-medium-font-size has-very-light-gray-background-color\"><em><strong><a href=\"https:\/\/docs.google.com\/spreadsheets\/d\/1mqFZKJdNbCPndPJntj1x6atLxEMPs6KrLyu42onSt6I\/edit?usp=sharing\" target=\"_blank\" rel=\"noreferrer noopener\" aria-label=\"Confira o Ranking Estrat\u00e9gico (abre numa nova aba)\">Confira o Ranking Estrat\u00e9gico<\/a><\/strong><\/em><\/p>\n\n\n\n<h3 class=\"wp-block-heading\">Dia 4 &#8211; 24\/10  &#8211; Direito Processual Penal<\/h3>\n\n\n\n<p style=\"text-align:center\" class=\"has-background has-medium-font-size has-very-light-gray-background-color\"><em><strong><a href=\"https:\/\/dhg1h5j42swfq.cloudfront.net\/2019\/10\/24071645\/Caderno_TRF_3%C2%AA_REGI%C3%83O_-24-10_DIREITO_PROCESSUAL_PENAL-1.pdf\" target=\"_blank\" rel=\"noreferrer noopener\" aria-label=\"Baixe AQUI o PDF: simulado\nTRF3 (abre numa nova aba)\">Baixe AQUI o PDF: simulado<\/a><\/strong><\/em><a href=\"https:\/\/dhg1h5j42swfq.cloudfront.net\/2019\/10\/24071645\/Caderno_TRF_3%C2%AA_REGI%C3%83O_-24-10_DIREITO_PROCESSUAL_PENAL-1.pdf\" target=\"_blank\" rel=\"noreferrer noopener\" aria-label=\"Baixe AQUI o PDF: simulado\nTRF3 (abre numa nova aba)\"><br \/><\/a><strong><em><a href=\"https:\/\/dhg1h5j42swfq.cloudfront.net\/2019\/10\/24071645\/Caderno_TRF_3%C2%AA_REGI%C3%83O_-24-10_DIREITO_PROCESSUAL_PENAL-1.pdf\" target=\"_blank\" rel=\"noreferrer noopener\" aria-label=\"Baixe AQUI o PDF: simulado\nTRF3 (abre numa nova aba)\">TRF3<\/a><\/em><\/strong><\/p>\n\n\n\n<p style=\"background-color:#f5f49c;text-align:center\" class=\"has-background has-medium-font-size\"><em><strong><a href=\"https:\/\/forms.gle\/MZai4hF9rqrsaTJW6\" target=\"_blank\" rel=\"noreferrer noopener\" aria-label=\"Preencha seu gabarito! (abre numa nova aba)\">Preencha seu gabarito!<\/a><\/strong><\/em><\/p>\n\n\n\n<p style=\"text-align:center\" class=\"has-background has-medium-font-size has-very-light-gray-background-color\"><em><strong><a href=\"https:\/\/docs.google.com\/spreadsheets\/d\/1qyEhSKZIsYDLqYA2jR4wXFY7MAhytn5o6-naab5MfTg\/edit?usp=sharing\" target=\"_blank\" rel=\"noreferrer noopener\" aria-label=\"Confira o Ranking Estrat\u00e9gico (abre numa nova aba)\">Confira o Ranking Estrat\u00e9gico<\/a><\/strong><\/em><\/p>\n\n\n\n<p style=\"text-align:center\" class=\"has-background has-medium-font-size has-very-light-gray-background-color\"><em><a href=\"https:\/\/youtu.be\/aZVyko3LmtA\"><strong>Corre\u00e7\u00e3o em v\u00eddeo<\/strong><\/a><\/em><\/p>\n\n\n\n<p style=\"text-align:center\" class=\"has-background has-medium-font-size has-very-light-gray-background-color\"><strong><a rel=\"noreferrer noopener\" aria-label=\"Acesse o gabarito - Direito Processual Penal (abre numa nova aba)\" href=\"https:\/\/dhg1h5j42swfq.cloudfront.net\/2019\/10\/24181445\/Gabarito_-_TRF_3%C2%AA_REGI%C3%83O_-24-10__DIREITO_PROCESSUAL_PENAL.pdf\" target=\"_blank\">Acesse o gabarito &#8211; Direito Processual Penal<\/a><\/strong><\/p>\n\n\n\n<h3 class=\"wp-block-heading\">Dia 5 &#8211; 25\/10  &#8211; Portugu\u00eas<\/h3>\n\n\n\n<p style=\"text-align:center\" class=\"has-background has-medium-font-size has-very-light-gray-background-color\"><em><strong><a href=\"https:\/\/dhg1h5j42swfq.cloudfront.net\/2019\/10\/25075704\/Caderno_TRF_3%C2%AA_REGI%C3%83O_-25-10_PORTUGU%C3%8AS_Revisado.pdf\">Baixe AQUI o PDF: simulado<\/a><\/strong><\/em><a href=\"https:\/\/dhg1h5j42swfq.cloudfront.net\/2019\/10\/25075704\/Caderno_TRF_3%C2%AA_REGI%C3%83O_-25-10_PORTUGU%C3%8AS_Revisado.pdf\"><br \/><\/a><strong><em><a href=\"https:\/\/dhg1h5j42swfq.cloudfront.net\/2019\/10\/25075704\/Caderno_TRF_3%C2%AA_REGI%C3%83O_-25-10_PORTUGU%C3%8AS_Revisado.pdf\">TRF3<\/a><\/em><\/strong><\/p>\n\n\n\n<p style=\"background-color:#f5f49c;text-align:center\" class=\"has-background has-medium-font-size\"><em><strong><a href=\"https:\/\/forms.gle\/zDzNk98LGLZSArpq9\">Preencha seu gabarito!<\/a><\/strong><\/em><\/p>\n\n\n\n<p style=\"text-align:center\" class=\"has-background has-medium-font-size has-very-light-gray-background-color\"><em><strong><a href=\"https:\/\/docs.google.com\/spreadsheets\/d\/1z-HqczvXO0EAG3dn5bG5WqsEBWzzvo8K8GSAVdjCXQA\/edit?usp=sharing\">Confira o Ranking Estrat\u00e9gico<\/a><\/strong><\/em><\/p>\n\n\n\n<p style=\"text-align:center\" class=\"has-background has-medium-font-size has-very-light-gray-background-color\"><em><strong><a href=\"https:\/\/youtu.be\/SxySvooJL7Q\">Corre\u00e7\u00e3o em v\u00eddeo<\/a><\/strong><\/em><\/p>\n\n\n\n<p style=\"text-align:center\" class=\"has-background has-medium-font-size has-very-light-gray-background-color\"><a href=\"https:\/\/dhg1h5j42swfq.cloudfront.net\/2019\/10\/25183515\/Gabarito_-_TRF_3%C2%AA_REGI%C3%83O_-25-10_PORTUGU%C3%8AS.pdf\"><strong>Acesse o Gabarito &#8211; Portugu\u00eas TRF3<\/strong><\/a><\/p>\n\n\n\n<h3 class=\"wp-block-heading\">Dia 6 &#8211; 26\/10  &#8211; Direito Previdenci\u00e1rio<\/h3>\n\n\n\n<p style=\"text-align:center\" class=\"has-background has-medium-font-size has-very-light-gray-background-color\"><em><strong><a href=\"https:\/\/dhg1h5j42swfq.cloudfront.net\/2019\/10\/26071404\/Caderno_TRF_3%C2%AA_REGIA%CC%83O_-26-10_Direito_Previdencia%CC%81rio.pdf\">Baixe AQUI o PDF: simulado<\/a><\/strong><\/em><a href=\"https:\/\/dhg1h5j42swfq.cloudfront.net\/2019\/10\/26071404\/Caderno_TRF_3%C2%AA_REGIA%CC%83O_-26-10_Direito_Previdencia%CC%81rio.pdf\"><br \/><\/a><strong><em><a href=\"https:\/\/dhg1h5j42swfq.cloudfront.net\/2019\/10\/26071404\/Caderno_TRF_3%C2%AA_REGIA%CC%83O_-26-10_Direito_Previdencia%CC%81rio.pdf\">TRF3<\/a><\/em><\/strong><\/p>\n\n\n\n<p style=\"background-color:#f5f49c;text-align:center\" class=\"has-background has-medium-font-size\"><em><strong><a href=\"https:\/\/forms.gle\/Zx1tmbnhAEYgVWxb8\">Preencha seu gabarito!<\/a><\/strong><\/em><\/p>\n\n\n\n<p style=\"text-align:center\" class=\"has-background has-medium-font-size has-very-light-gray-background-color\"><em><strong><a href=\"https:\/\/docs.google.com\/spreadsheets\/d\/1HTdmhVm9Je6LWyQn0uQQjjeobyAOGXmGvANwBN9phIA\/edit?usp=sharing\">Confira o Ranking Estrat\u00e9gico<\/a><\/strong><\/em><\/p>\n\n\n\n<p style=\"text-align:center\" class=\"has-background has-medium-font-size has-very-light-gray-background-color\"><em><a rel=\"noreferrer noopener\" aria-label=\"Corre\u00e7\u00e3o em v\u00eddeo (abre numa nova aba)\" href=\"https:\/\/youtu.be\/Hat8EwYQmzQ\" target=\"_blank\"><strong>Corre\u00e7\u00e3o em v\u00eddeo<\/strong><\/a><\/em><\/p>\n\n\n\n<p style=\"text-align:center\" class=\"has-background has-medium-font-size has-very-light-gray-background-color\"><strong><a href=\"https:\/\/dhg1h5j42swfq.cloudfront.net\/2019\/10\/26172628\/Gabarito_-_TRF_3%C2%AA_REGI%C3%83O_-_26-10_Direito_Previdenci%C3%A1rio.pdf\">A<\/a><\/strong><strong><a href=\"https:\/\/dhg1h5j42swfq.cloudfront.net\/2019\/10\/26172628\/Gabarito_-_TRF_3%C2%AA_REGI%C3%83O_-_26-10_Direito_Previdenci%C3%A1rio.pdf\">c<\/a><\/strong><strong><a href=\"https:\/\/dhg1h5j42swfq.cloudfront.net\/2019\/10\/26172628\/Gabarito_-_TRF_3%C2%AA_REGI%C3%83O_-_26-10_Direito_Previdenci%C3%A1rio.pdf\">e<\/a><\/strong><strong><a href=\"https:\/\/dhg1h5j42swfq.cloudfront.net\/2019\/10\/26172628\/Gabarito_-_TRF_3%C2%AA_REGI%C3%83O_-_26-10_Direito_Previdenci%C3%A1rio.pdf\">s<\/a><\/strong><strong><a href=\"https:\/\/dhg1h5j42swfq.cloudfront.net\/2019\/10\/26172628\/Gabarito_-_TRF_3%C2%AA_REGI%C3%83O_-_26-10_Direito_Previdenci%C3%A1rio.pdf\">s<\/a><\/strong><strong><a href=\"https:\/\/dhg1h5j42swfq.cloudfront.net\/2019\/10\/26172628\/Gabarito_-_TRF_3%C2%AA_REGI%C3%83O_-_26-10_Direito_Previdenci%C3%A1rio.pdf\">e<\/a><\/strong><strong><a href=\"https:\/\/dhg1h5j42swfq.cloudfront.net\/2019\/10\/26172628\/Gabarito_-_TRF_3%C2%AA_REGI%C3%83O_-_26-10_Direito_Previdenci%C3%A1rio.pdf\"> <\/a><\/strong><strong><a href=\"https:\/\/dhg1h5j42swfq.cloudfront.net\/2019\/10\/26172628\/Gabarito_-_TRF_3%C2%AA_REGI%C3%83O_-_26-10_Direito_Previdenci%C3%A1rio.pdf\">o<\/a><\/strong><strong><a href=\"https:\/\/dhg1h5j42swfq.cloudfront.net\/2019\/10\/26172628\/Gabarito_-_TRF_3%C2%AA_REGI%C3%83O_-_26-10_Direito_Previdenci%C3%A1rio.pdf\"> <\/a><\/strong><strong><a href=\"https:\/\/dhg1h5j42swfq.cloudfront.net\/2019\/10\/26172628\/Gabarito_-_TRF_3%C2%AA_REGI%C3%83O_-_26-10_Direito_Previdenci%C3%A1rio.pdf\">g<\/a><\/strong><strong><a href=\"https:\/\/dhg1h5j42swfq.cloudfront.net\/2019\/10\/26172628\/Gabarito_-_TRF_3%C2%AA_REGI%C3%83O_-_26-10_Direito_Previdenci%C3%A1rio.pdf\">a<\/a><\/strong><strong><a href=\"https:\/\/dhg1h5j42swfq.cloudfront.net\/2019\/10\/26172628\/Gabarito_-_TRF_3%C2%AA_REGI%C3%83O_-_26-10_Direito_Previdenci%C3%A1rio.pdf\">b<\/a><\/strong><strong><a href=\"https:\/\/dhg1h5j42swfq.cloudfront.net\/2019\/10\/26172628\/Gabarito_-_TRF_3%C2%AA_REGI%C3%83O_-_26-10_Direito_Previdenci%C3%A1rio.pdf\">a<\/a><\/strong><strong><a href=\"https:\/\/dhg1h5j42swfq.cloudfront.net\/2019\/10\/26172628\/Gabarito_-_TRF_3%C2%AA_REGI%C3%83O_-_26-10_Direito_Previdenci%C3%A1rio.pdf\">r<\/a><\/strong><strong><a href=\"https:\/\/dhg1h5j42swfq.cloudfront.net\/2019\/10\/26172628\/Gabarito_-_TRF_3%C2%AA_REGI%C3%83O_-_26-10_Direito_Previdenci%C3%A1rio.pdf\">i<\/a><\/strong><strong><a href=\"https:\/\/dhg1h5j42swfq.cloudfront.net\/2019\/10\/26172628\/Gabarito_-_TRF_3%C2%AA_REGI%C3%83O_-_26-10_Direito_Previdenci%C3%A1rio.pdf\">t<\/a><\/strong><strong><a href=\"https:\/\/dhg1h5j42swfq.cloudfront.net\/2019\/10\/26172628\/Gabarito_-_TRF_3%C2%AA_REGI%C3%83O_-_26-10_Direito_Previdenci%C3%A1rio.pdf\">o<\/a><\/strong><strong><a href=\"https:\/\/dhg1h5j42swfq.cloudfront.net\/2019\/10\/26172628\/Gabarito_-_TRF_3%C2%AA_REGI%C3%83O_-_26-10_Direito_Previdenci%C3%A1rio.pdf\"> <\/a><\/strong><strong><a href=\"https:\/\/dhg1h5j42swfq.cloudfront.net\/2019\/10\/26172628\/Gabarito_-_TRF_3%C2%AA_REGI%C3%83O_-_26-10_Direito_Previdenci%C3%A1rio.pdf\">&#8211;<\/a><\/strong><strong><a href=\"https:\/\/dhg1h5j42swfq.cloudfront.net\/2019\/10\/26172628\/Gabarito_-_TRF_3%C2%AA_REGI%C3%83O_-_26-10_Direito_Previdenci%C3%A1rio.pdf\"> <\/a><\/strong><strong><a href=\"https:\/\/dhg1h5j42swfq.cloudfront.net\/2019\/10\/26172628\/Gabarito_-_TRF_3%C2%AA_REGI%C3%83O_-_26-10_Direito_Previdenci%C3%A1rio.pdf\">D<\/a><\/strong><strong><a href=\"https:\/\/dhg1h5j42swfq.cloudfront.net\/2019\/10\/26172628\/Gabarito_-_TRF_3%C2%AA_REGI%C3%83O_-_26-10_Direito_Previdenci%C3%A1rio.pdf\">i<\/a><\/strong><strong><a href=\"https:\/\/dhg1h5j42swfq.cloudfront.net\/2019\/10\/26172628\/Gabarito_-_TRF_3%C2%AA_REGI%C3%83O_-_26-10_Direito_Previdenci%C3%A1rio.pdf\">r<\/a><\/strong><strong><a href=\"https:\/\/dhg1h5j42swfq.cloudfront.net\/2019\/10\/26172628\/Gabarito_-_TRF_3%C2%AA_REGI%C3%83O_-_26-10_Direito_Previdenci%C3%A1rio.pdf\">e<\/a><\/strong><strong><a href=\"https:\/\/dhg1h5j42swfq.cloudfront.net\/2019\/10\/26172628\/Gabarito_-_TRF_3%C2%AA_REGI%C3%83O_-_26-10_Direito_Previdenci%C3%A1rio.pdf\">i<\/a><\/strong><strong><a href=\"https:\/\/dhg1h5j42swfq.cloudfront.net\/2019\/10\/26172628\/Gabarito_-_TRF_3%C2%AA_REGI%C3%83O_-_26-10_Direito_Previdenci%C3%A1rio.pdf\">t<\/a><\/strong><strong><a href=\"https:\/\/dhg1h5j42swfq.cloudfront.net\/2019\/10\/26172628\/Gabarito_-_TRF_3%C2%AA_REGI%C3%83O_-_26-10_Direito_Previdenci%C3%A1rio.pdf\">o<\/a><\/strong><strong><a href=\"https:\/\/dhg1h5j42swfq.cloudfront.net\/2019\/10\/26172628\/Gabarito_-_TRF_3%C2%AA_REGI%C3%83O_-_26-10_Direito_Previdenci%C3%A1rio.pdf\"> <\/a><\/strong><strong><a href=\"https:\/\/dhg1h5j42swfq.cloudfront.net\/2019\/10\/26172628\/Gabarito_-_TRF_3%C2%AA_REGI%C3%83O_-_26-10_Direito_Previdenci%C3%A1rio.pdf\">P<\/a><\/strong><strong><a href=\"https:\/\/dhg1h5j42swfq.cloudfront.net\/2019\/10\/26172628\/Gabarito_-_TRF_3%C2%AA_REGI%C3%83O_-_26-10_Direito_Previdenci%C3%A1rio.pdf\">r<\/a><\/strong><strong><a href=\"https:\/\/dhg1h5j42swfq.cloudfront.net\/2019\/10\/26172628\/Gabarito_-_TRF_3%C2%AA_REGI%C3%83O_-_26-10_Direito_Previdenci%C3%A1rio.pdf\">e<\/a><\/strong><strong><a href=\"https:\/\/dhg1h5j42swfq.cloudfront.net\/2019\/10\/26172628\/Gabarito_-_TRF_3%C2%AA_REGI%C3%83O_-_26-10_Direito_Previdenci%C3%A1rio.pdf\">v<\/a><\/strong><strong><a href=\"https:\/\/dhg1h5j42swfq.cloudfront.net\/2019\/10\/26172628\/Gabarito_-_TRF_3%C2%AA_REGI%C3%83O_-_26-10_Direito_Previdenci%C3%A1rio.pdf\">i<\/a><\/strong><strong><a href=\"https:\/\/dhg1h5j42swfq.cloudfront.net\/2019\/10\/26172628\/Gabarito_-_TRF_3%C2%AA_REGI%C3%83O_-_26-10_Direito_Previdenci%C3%A1rio.pdf\">d<\/a><\/strong><strong><a href=\"https:\/\/dhg1h5j42swfq.cloudfront.net\/2019\/10\/26172628\/Gabarito_-_TRF_3%C2%AA_REGI%C3%83O_-_26-10_Direito_Previdenci%C3%A1rio.pdf\">e<\/a><\/strong><strong><a href=\"https:\/\/dhg1h5j42swfq.cloudfront.net\/2019\/10\/26172628\/Gabarito_-_TRF_3%C2%AA_REGI%C3%83O_-_26-10_Direito_Previdenci%C3%A1rio.pdf\">n<\/a><\/strong><strong><a href=\"https:\/\/dhg1h5j42swfq.cloudfront.net\/2019\/10\/26172628\/Gabarito_-_TRF_3%C2%AA_REGI%C3%83O_-_26-10_Direito_Previdenci%C3%A1rio.pdf\">c<\/a><\/strong><strong><a href=\"https:\/\/dhg1h5j42swfq.cloudfront.net\/2019\/10\/26172628\/Gabarito_-_TRF_3%C2%AA_REGI%C3%83O_-_26-10_Direito_Previdenci%C3%A1rio.pdf\">i<\/a><\/strong><strong><a href=\"https:\/\/dhg1h5j42swfq.cloudfront.net\/2019\/10\/26172628\/Gabarito_-_TRF_3%C2%AA_REGI%C3%83O_-_26-10_Direito_Previdenci%C3%A1rio.pdf\">\u00e1<\/a><\/strong><strong><a href=\"https:\/\/dhg1h5j42swfq.cloudfront.net\/2019\/10\/26172628\/Gabarito_-_TRF_3%C2%AA_REGI%C3%83O_-_26-10_Direito_Previdenci%C3%A1rio.pdf\">r<\/a><\/strong><strong><a href=\"https:\/\/dhg1h5j42swfq.cloudfront.net\/2019\/10\/26172628\/Gabarito_-_TRF_3%C2%AA_REGI%C3%83O_-_26-10_Direito_Previdenci%C3%A1rio.pdf\">i<\/a><\/strong><a href=\"https:\/\/dhg1h5j42swfq.cloudfront.net\/2019\/10\/26172628\/Gabarito_-_TRF_3%C2%AA_REGI%C3%83O_-_26-10_Direito_Previdenci%C3%A1rio.pdf\"><strong>o<\/strong><\/a><\/p>\n\n\n\n<h3 class=\"wp-block-heading\">Dia 7 &#8211; 27\/10  &#8211; Direito Processual Civil<\/h3>\n\n\n\n<p style=\"text-align:center\" class=\"has-background has-medium-font-size has-very-light-gray-background-color\"><em><strong><a href=\"https:\/\/dhg1h5j42swfq.cloudfront.net\/2019\/10\/27000044\/Caderno_TRF_3%C2%AA_REGI%C3%83O_-27-10_DIREITO_PROCESSUAL_CIVIL.pdf\" target=\"_blank\" rel=\"noreferrer noopener\" aria-label=\"Baixe AQUI o PDF: simulado\nTRF3 (abre numa nova aba)\">Baixe AQUI o PDF: simulado<\/a><\/strong><\/em><a href=\"https:\/\/dhg1h5j42swfq.cloudfront.net\/2019\/10\/27000044\/Caderno_TRF_3%C2%AA_REGI%C3%83O_-27-10_DIREITO_PROCESSUAL_CIVIL.pdf\" target=\"_blank\" rel=\"noreferrer noopener\" aria-label=\"Baixe AQUI o PDF: simulado\nTRF3 (abre numa nova aba)\"><br \/><\/a><strong><em><a href=\"https:\/\/dhg1h5j42swfq.cloudfront.net\/2019\/10\/27000044\/Caderno_TRF_3%C2%AA_REGI%C3%83O_-27-10_DIREITO_PROCESSUAL_CIVIL.pdf\" target=\"_blank\" rel=\"noreferrer noopener\" aria-label=\"Baixe AQUI o PDF: simulado\nTRF3 (abre numa nova aba)\">TRF3<\/a><\/em><\/strong><\/p>\n\n\n\n<p style=\"background-color:#f5f49c;text-align:center\" class=\"has-background has-medium-font-size\"><em><strong><a href=\"https:\/\/forms.gle\/6JVSgsithKygDiGSA\" target=\"_blank\" rel=\"noreferrer noopener\" aria-label=\"Preencha seu gabarito! (abre numa nova aba)\">Preencha seu gabarito!<\/a><\/strong><\/em><\/p>\n\n\n\n<p style=\"text-align:center\" class=\"has-background has-medium-font-size has-very-light-gray-background-color\"><em><strong><a rel=\"noreferrer noopener\" aria-label=\" (abre numa nova aba)\" href=\"https:\/\/docs.google.com\/spreadsheets\/d\/1no0AmlvtJcGkUxWsiKe58zKe7ZK1-wtCRGE1A3tTzgs\/edit?usp=sharing\" target=\"_blank\">Confira o Ranking Estrat\u00e9gico<\/a><\/strong><\/em><\/p>\n\n\n\n<p style=\"text-align:center\" class=\"has-background has-medium-font-size has-very-light-gray-background-color\"><strong><a href=\"https:\/\/www.youtube.com\/watch?v=jUK98AAeVNo\" target=\"_blank\" rel=\"noreferrer noopener\" aria-label=\" (abre numa nova aba)\">Corre\u00e7\u00e3o em v\u00eddeo<\/a><\/strong><\/p>\n\n\n\n<p style=\"text-align:center\" class=\"has-background has-medium-font-size has-very-light-gray-background-color\"><strong><a rel=\"noreferrer noopener\" aria-label=\" (abre numa nova aba)\" href=\"https:\/\/dhg1h5j42swfq.cloudfront.net\/2019\/10\/27185523\/Gabarito_-_TRF_3%C2%AA_REGI%C3%83O_-27-10_DIREITO_PROCESSUAL_CIVIL.pdf\" target=\"_blank\">Acesse o gabarito &#8211; Direito Processual Civil<\/a><\/strong><\/p>\n\n\n\n<h3 class=\"wp-block-heading\">Dia 8 &#8211; 28\/10  &#8211; No\u00e7\u00f5es de Sustentabilidade<\/h3>\n\n\n\n<p style=\"text-align:center\" class=\"has-background has-medium-font-size has-very-light-gray-background-color\"><em><strong><a href=\"https:\/\/dhg1h5j42swfq.cloudfront.net\/2019\/10\/28070423\/Caderno_TRF_3%C2%AA_REGI%C3%83O_-28-10_NO%C3%87%C3%95ES_DE_SUSTENTABILIDADE.pdf\" target=\"_blank\" rel=\"noreferrer noopener\" aria-label=\"Baixe AQUI o PDF: simulado\nTRF3 (abre numa nova aba)\">Baixe AQUI o PDF: simulado<\/a><\/strong><\/em><a href=\"https:\/\/dhg1h5j42swfq.cloudfront.net\/2019\/10\/28070423\/Caderno_TRF_3%C2%AA_REGI%C3%83O_-28-10_NO%C3%87%C3%95ES_DE_SUSTENTABILIDADE.pdf\" target=\"_blank\" rel=\"noreferrer noopener\" aria-label=\"Baixe AQUI o PDF: simulado\nTRF3 (abre numa nova aba)\"><br \/><\/a><strong><em><a href=\"https:\/\/dhg1h5j42swfq.cloudfront.net\/2019\/10\/28070423\/Caderno_TRF_3%C2%AA_REGI%C3%83O_-28-10_NO%C3%87%C3%95ES_DE_SUSTENTABILIDADE.pdf\" target=\"_blank\" rel=\"noreferrer noopener\" aria-label=\"Baixe AQUI o PDF: simulado\nTRF3 (abre numa nova aba)\">TRF3<\/a><\/em><\/strong><\/p>\n\n\n\n<p style=\"background-color:#f5f49c;text-align:center\" class=\"has-background has-medium-font-size\"><em><strong><a href=\"https:\/\/forms.gle\/AFcAMn5q6CXicUYK6\" target=\"_blank\" rel=\"noreferrer noopener\" aria-label=\"Preencha seu gabarito! (abre numa nova aba)\">Preencha seu gabarito!<\/a><\/strong><\/em><\/p>\n\n\n\n<p style=\"text-align:center\" class=\"has-background has-medium-font-size has-very-light-gray-background-color\"><em><strong><a rel=\"noreferrer noopener\" aria-label=\"Confira o Ranking Estrat\u00e9gico (abre numa nova aba)\" href=\"https:\/\/docs.google.com\/spreadsheets\/d\/1JdXdXqYz83whk2Yyv08OkOE_oUR3LZHzHCO8ZBOZOyg\/edit?usp=sharing\" target=\"_blank\">Confira o Ranking Estrat\u00e9gico<\/a><\/strong><\/em><\/p>\n\n\n\n<p style=\"text-align:center\" class=\"has-background has-medium-font-size has-very-light-gray-background-color\"><strong><a href=\"https:\/\/youtu.be\/N0uYwAL_bR8\" target=\"_blank\" rel=\"noreferrer noopener\" aria-label=\"Corre\u00e7\u00e3o em v\u00eddeo (abre numa nova aba)\">Corre\u00e7\u00e3o em v\u00eddeo<\/a><\/strong><\/p>\n\n\n\n<p style=\"text-align:center\" class=\"has-background has-very-light-gray-background-color\"><a href=\"https:\/\/dhg1h5j42swfq.cloudfront.net\/2019\/10\/28182058\/Gabarito_-_TRF_3%C2%AA_REGI%C3%83O_-28-10_NO%C3%87%C3%95ES_DE_SUSTENTABILIDADE.pdf\"><strong>Acesse o Gabarito &#8211; No\u00e7\u00f5es de Sustentabilidade<\/strong><\/a><\/p>\n\n\n\n<p><\/p>\n\n\n\n<h3 class=\"wp-block-heading\">Dia 9 &#8211; 29\/10  &#8211; Governan\u00e7a  Corporativa e Gest\u00e3o Estrat\u00e9gica<\/h3>\n\n\n\n<p style=\"text-align:center\" class=\"has-background has-medium-font-size has-very-light-gray-background-color\"><em><strong><a href=\"https:\/\/dhg1h5j42swfq.cloudfront.net\/2019\/10\/29092453\/Caderno_TRF_3%C2%AA_REGI%C3%83O_-29-10_-_GOVERNAN%C3%87A_CORPORATIVA_E_GEST%C3%83O_ESTRAT%C3%89GICA_REVISADO.pdf\" target=\"_blank\" rel=\"noreferrer noopener\" aria-label=\"Baixe AQUI o PDF: simulado\nTRF3 (abre numa nova aba)\">Baixe AQUI o PDF: simulado<\/a><\/strong><\/em><a href=\"https:\/\/dhg1h5j42swfq.cloudfront.net\/2019\/10\/29092453\/Caderno_TRF_3%C2%AA_REGI%C3%83O_-29-10_-_GOVERNAN%C3%87A_CORPORATIVA_E_GEST%C3%83O_ESTRAT%C3%89GICA_REVISADO.pdf\" target=\"_blank\" rel=\"noreferrer noopener\" aria-label=\"Baixe AQUI o PDF: simulado\nTRF3 (abre numa nova aba)\"><br \/><\/a><strong><em><a href=\"https:\/\/dhg1h5j42swfq.cloudfront.net\/2019\/10\/29092453\/Caderno_TRF_3%C2%AA_REGI%C3%83O_-29-10_-_GOVERNAN%C3%87A_CORPORATIVA_E_GEST%C3%83O_ESTRAT%C3%89GICA_REVISADO.pdf\" target=\"_blank\" rel=\"noreferrer noopener\" aria-label=\"Baixe AQUI o PDF: simulado\nTRF3 (abre numa nova aba)\">TRF3<\/a><\/em><\/strong><\/p>\n\n\n\n<p style=\"background-color:#f5f49c;text-align:center\" class=\"has-background has-medium-font-size\"><em><strong><a href=\"https:\/\/forms.gle\/mB4LEeTCnE3wDTmg7\" target=\"_blank\" rel=\"noreferrer noopener\" aria-label=\"Preencha seu gabarito! (abre numa nova aba)\">Preencha seu gabarito!<\/a><\/strong><\/em><\/p>\n\n\n\n<p style=\"text-align:center\" class=\"has-background has-medium-font-size has-very-light-gray-background-color\"><em><strong><a rel=\"noreferrer noopener\" aria-label=\"Confira o Ranking Estrat\u00e9gico (abre numa nova aba)\" href=\"https:\/\/docs.google.com\/spreadsheets\/d\/18W6mjuAnurF3Dqrm7cBcMr6pQKlkNzyvoYH1e6rsaMA\/edit?usp=sharing\" target=\"_blank\">Confira o Ranking Estrat\u00e9gico<\/a><\/strong><\/em><\/p>\n\n\n\n<p style=\"text-align:center\" class=\"has-background has-medium-font-size has-very-light-gray-background-color\"><strong><a href=\"https:\/\/youtu.be\/2948OqQBYis\" target=\"_blank\" rel=\"noreferrer noopener\" aria-label=\"Corre\u00e7\u00e3o em v\u00eddeo (abre numa nova aba)\">Corre\u00e7\u00e3o em v\u00eddeo<\/a><\/strong><\/p>\n\n\n\n<p style=\"font-size:18px;text-align:center\" class=\"has-background has-very-light-gray-background-color\"><strong><a href=\"https:\/\/dhg1h5j42swfq.cloudfront.net\/2019\/10\/29175130\/Gabarito_-_TRF_3%C2%AA_REGI%C3%83O_-29-10_-_GOVERNAN%C3%87A_CORPORATIVA_E_GEST%C3%83O_ESTRAT%C3%89GICA.pdf\" target=\"_blank\" rel=\"noreferrer noopener\" aria-label=\"Gabarito - Governan\u00e7a Corporativa e Gest\u00e3o Estrat\u00e9gica (abre numa nova aba)\">Gabarito &#8211; Governan\u00e7a Corporativa e Gest\u00e3o Estrat\u00e9gica<\/a><\/strong><\/p>\n\n\n\n<h3 class=\"wp-block-heading\">Dia 10 &#8211; 30\/10  &#8211; Direito Tribut\u00e1rio<\/h3>\n\n\n\n<p style=\"text-align:center\" class=\"has-background has-medium-font-size has-very-light-gray-background-color\"><em><strong><a href=\"https:\/\/dhg1h5j42swfq.cloudfront.net\/2019\/10\/30065948\/Caderno_TRF_3%C2%AA_REGI%C3%83O_-30-10_-_Direito_Tribut%C3%A1rio_TRF3_REVISADO.pdf\" target=\"_blank\" rel=\"noreferrer noopener\" aria-label=\" (abre numa nova aba)\">Baixe AQUI o PDF: simulado<\/a><\/strong><\/em><a href=\"https:\/\/dhg1h5j42swfq.cloudfront.net\/2019\/10\/30065948\/Caderno_TRF_3%C2%AA_REGI%C3%83O_-30-10_-_Direito_Tribut%C3%A1rio_TRF3_REVISADO.pdf\" target=\"_blank\" rel=\"noreferrer noopener\" aria-label=\" (abre numa nova aba)\"><br \/><\/a><strong><em><a href=\"https:\/\/dhg1h5j42swfq.cloudfront.net\/2019\/10\/30065948\/Caderno_TRF_3%C2%AA_REGI%C3%83O_-30-10_-_Direito_Tribut%C3%A1rio_TRF3_REVISADO.pdf\" target=\"_blank\" rel=\"noreferrer noopener\" aria-label=\" (abre numa nova aba)\">TRF3<\/a><\/em><\/strong><\/p>\n\n\n\n<p style=\"background-color:#f5f49c;text-align:center\" class=\"has-background has-medium-font-size\"><em><strong><a href=\"https:\/\/forms.gle\/5GW8ZirTziQdoNcU6\" target=\"_blank\" rel=\"noreferrer noopener\" aria-label=\"Preencha seu gabarito! (abre numa nova aba)\">Preencha seu gabarito!<\/a><\/strong><\/em><\/p>\n\n\n\n<p style=\"text-align:center\" class=\"has-background has-medium-font-size has-very-light-gray-background-color\"><em><strong><a rel=\"noreferrer noopener\" aria-label=\"Confira o Ranking Estrat\u00e9gico (abre numa nova aba)\" href=\"https:\/\/docs.google.com\/spreadsheets\/d\/1OmN8PlHBD5yqZ5nUgahXIxUKfmLjNFVAwg8LHMch4A0\/edit?usp=sharing\" target=\"_blank\">Confira o Ranking Estrat\u00e9gico<\/a><\/strong><\/em><\/p>\n\n\n\n<p style=\"text-align:center\" class=\"has-background has-medium-font-size has-very-light-gray-background-color\"><strong><a href=\"https:\/\/www.youtube.com\/watch?v=YslkrDlc5Go\" target=\"_blank\" rel=\"noreferrer noopener\" aria-label=\"Corre\u00e7\u00e3o em v\u00eddeo (abre numa nova aba)\">Corre\u00e7\u00e3o em v\u00eddeo<\/a><\/strong><\/p>\n\n\n\n<p style=\"text-align:center\" class=\"has-background has-medium-font-size has-very-light-gray-background-color\"><strong><a href=\"https:\/\/dhg1h5j42swfq.cloudfront.net\/2019\/10\/30174343\/Gabarito_-_TRF_3%C2%AA_REGI%C3%83O_-30-10_-_Direito_Tribut%C3%A1rio_TRF3.pdf\" target=\"_blank\" rel=\"noreferrer noopener\" aria-label=\"Gabarito  - Direito Tribut\u00e1rio (abre numa nova aba)\">Gabarito  &#8211; Direito Tribut\u00e1rio<\/a><\/strong><\/p>\n\n\n\n<h3 class=\"wp-block-heading\">Dia 11 &#8211; 31\/10  &#8211; Racioc\u00ednio L\u00f3gico<\/h3>\n\n\n\n<p style=\"text-align:center\" class=\"has-background has-medium-font-size has-very-light-gray-background-color\"><em><strong><a href=\"https:\/\/dhg1h5j42swfq.cloudfront.net\/2019\/10\/31110100\/Caderno_TRF_3%C2%AA_REGI%C3%83O_-31-10_-_Racioc%C3%ADnio_L%C3%B3gico_TRF3_.pdf\" target=\"_blank\" rel=\"noreferrer noopener\" aria-label=\"Baixe AQUI o PDF: simulado\nTRF3 (abre numa nova aba)\">Baixe AQUI o PDF: simulado<\/a><\/strong><\/em><a href=\"https:\/\/dhg1h5j42swfq.cloudfront.net\/2019\/10\/31110100\/Caderno_TRF_3%C2%AA_REGI%C3%83O_-31-10_-_Racioc%C3%ADnio_L%C3%B3gico_TRF3_.pdf\" target=\"_blank\" rel=\"noreferrer noopener\" aria-label=\"Baixe AQUI o PDF: simulado\nTRF3 (abre numa nova aba)\"><br \/><\/a><strong><em><a href=\"https:\/\/dhg1h5j42swfq.cloudfront.net\/2019\/10\/31110100\/Caderno_TRF_3%C2%AA_REGI%C3%83O_-31-10_-_Racioc%C3%ADnio_L%C3%B3gico_TRF3_.pdf\" target=\"_blank\" rel=\"noreferrer noopener\" aria-label=\"Baixe AQUI o PDF: simulado\nTRF3 (abre numa nova aba)\">TRF3<\/a><\/em><\/strong><\/p>\n\n\n\n<p style=\"background-color:#f5f49c;text-align:center\" class=\"has-background has-medium-font-size\"><em><strong><a href=\"https:\/\/forms.gle\/PqkJB3G9yo9n8qYk8\">Preencha seu gabarito!<\/a><\/strong><\/em><\/p>\n\n\n\n<p style=\"text-align:center\" class=\"has-background has-medium-font-size has-very-light-gray-background-color\"><em><strong><a href=\"https:\/\/docs.google.com\/spreadsheets\/d\/1gSRawjLaeZOczA_lGn-TbmvHrdYsIQ5hKN94CVt5dgA\/edit?usp=sharing\">Confira o Ranking Estrat\u00e9gico<\/a><\/strong><\/em><\/p>\n\n\n\n<p style=\"text-align:center\" class=\"has-background has-medium-font-size has-very-light-gray-background-color\"><a href=\"https:\/\/dhg1h5j42swfq.cloudfront.net\/2019\/10\/31181553\/Gabarito_-_TRF_3%C2%AA_REGIA%CC%83O_-31-10_-_Racioci%CC%81nio_Lo%CC%81gico_TRF3.pdf\"><strong>Gabarito &#8211; Racioc\u00ednio L\u00f3gico<\/strong><\/a><\/p>\n\n\n\n<p style=\"font-size:23px;text-align:center\" class=\"has-background has-pale-cyan-blue-background-color\"><strong><em>Mais informa\u00e7\u00f5es:&nbsp;<\/em><\/strong><a href=\"https:\/\/www.estrategiaconcursos.com.br\/blog\/concurso-trf-3\/\"><strong><em>concurso TRF3<\/em><\/strong><\/a><\/p>\n\n\n\n<p style=\"font-size:23px;text-align:center\" class=\"has-background has-luminous-vivid-amber-background-color\"><strong><a href=\"https:\/\/www.estrategiaconcursos.com.br\/cursosPorConcurso\/trf-3-regiao-sao-paulo-e-mato-grosso-do-sul-219\/\" target=\"_blank\" rel=\"noreferrer noopener\">CURSO TRF 3<\/a><\/strong><\/p>\n\n\n\n<p><\/p>\n\n\n\n<p style=\"font-size:25px;text-align:center\"><em><strong>Assinatura Anual Ilimitada*<\/strong><\/em><\/p>\n\n\n\n<p style=\"text-align:center\"><em>Prepare-se com o melhor material e com quem mais aprova em Concursos P\u00fablicos em todo o pa\u00eds. Assine agora a nossa Assinatura Anual e tenha acesso ilimitado* a todos os nossos cursos.<\/em><\/p>\n\n\n\n<p style=\"font-size:25px;text-align:center\" class=\"has-background has-light-green-cyan-background-color\"><strong>ASSINE AGORA<\/strong>&nbsp;\u2013&nbsp;<a rel=\"noreferrer noopener\" href=\"https:\/\/www.estrategiaconcursos.com.br\/assinaturas\" target=\"_blank\">Assinatura Ilimitada<\/a><\/p>\n\n\n\n<p style=\"text-align:center\"><strong><em>Fique por dentro de todos os concursos<\/em><\/strong><\/p>\n\n\n\n<p style=\"font-size:23px;text-align:center\" class=\"has-background has-pale-cyan-blue-background-color\"><a rel=\"noreferrer noopener\" href=\"https:\/\/www.estrategiaconcursos.com.br\/blog\/concursos-abertos\/\" target=\"_blank\"><strong>CONCURSOS ABERTOS<\/strong><\/a><\/p>\n\n\n\n<p style=\"font-size:23px;text-align:center\" class=\"has-background has-pale-cyan-blue-background-color\"><a rel=\"noreferrer noopener\" href=\"https:\/\/www.estrategiaconcursos.com.br\/blog\/concursos-2019\/\" target=\"_blank\"><strong>CONCURSOS 2019<\/strong><\/a><\/p>\n\n\n\n<p style=\"font-size:23px;text-align:center\" class=\"has-background has-pale-cyan-blue-background-color\"><a rel=\"noreferrer noopener\" href=\"https:\/\/www.estrategiaconcursos.com.br\/blog\/concursos-2020\/\" target=\"_blank\"><strong>CONCURSOS&nbsp;2020<\/strong><\/a><\/p>\n","protected":false},"excerpt":{"rendered":"<p>A prova do concurso TRF3 est\u00e1 chegando. De acordo com o \u00f3rg\u00e3o a data prevista \u00e9 dia 1\u00ba de dezembro de 2019. Com o tempo apertando \u00e9 de suma import\u00e2ncia ter uma rotina de estudo que viabilize a compreens\u00e3o das disciplinas com clareza. Nada melhor do que ter uma &#8220;m\u00e3ozinha&#8221; externa de quem entende bem [&hellip;]<\/p>\n","protected":false},"author":741,"featured_media":135680,"comment_status":"open","ping_status":"closed","sticky":false,"template":"","format":"standard","meta":{"post_tipo":"article","footnotes":""},"categories":[1,1984],"tags":[],"tax_estado":[],"class_list":["post-436724","post","type-post","status-publish","format-standard","has-post-thumbnail","hentry","category-cursos-e-concursos","category-tribunais"],"acf":[],"yoast_head":"<!-- This site is optimized with the Yoast SEO Premium plugin v27.2 (Yoast SEO v27.2) - https:\/\/yoast.com\/product\/yoast-seo-premium-wordpress\/ -->\n<title>11 dias de Simulados TRF3: teste seus conhecimentos em Racioc\u00ednio L\u00f3gico<\/title>\n<meta name=\"robots\" content=\"index, follow, max-snippet:-1, max-image-preview:large, max-video-preview:-1\" \/>\n<link rel=\"canonical\" href=\"https:\/\/www.estrategiaconcursos.com.br\/blog\/11-dias-simulados-trf3\/\" \/>\n<meta property=\"og:locale\" content=\"pt_BR\" \/>\n<meta property=\"og:type\" content=\"article\" \/>\n<meta property=\"og:title\" content=\"11 dias de Simulados TRF3: teste seus conhecimentos em Racioc\u00ednio L\u00f3gico\" \/>\n<meta property=\"og:description\" content=\"A prova do concurso TRF3 est\u00e1 chegando. De acordo com o \u00f3rg\u00e3o a data prevista \u00e9 dia 1\u00ba de dezembro de 2019. Com o tempo apertando \u00e9 de suma import\u00e2ncia ter uma rotina de estudo que viabilize a compreens\u00e3o das disciplinas com clareza. Nada melhor do que ter uma &#8220;m\u00e3ozinha&#8221; externa de quem entende bem [&hellip;]\" \/>\n<meta property=\"og:url\" content=\"https:\/\/www.estrategiaconcursos.com.br\/blog\/11-dias-simulados-trf3\/\" \/>\n<meta property=\"og:site_name\" content=\"Estrat\u00e9gia Concursos\" \/>\n<meta property=\"article:published_time\" content=\"2019-10-31T10:00:40+00:00\" \/>\n<meta property=\"article:modified_time\" content=\"2020-04-22T20:33:32+00:00\" \/>\n<meta property=\"og:image\" content=\"https:\/\/dhg1h5j42swfq.cloudfront.net\/2018\/08\/10172345\/TRF3-e1533932635972.jpg\" \/>\n\t<meta property=\"og:image:width\" content=\"400\" \/>\n\t<meta property=\"og:image:height\" content=\"209\" \/>\n\t<meta property=\"og:image:type\" content=\"image\/jpeg\" \/>\n<meta name=\"author\" content=\"Brunno Lima\" \/>\n<meta name=\"twitter:card\" content=\"summary_large_image\" \/>\n<meta name=\"twitter:creator\" content=\"@EstratConcursos\" \/>\n<meta name=\"twitter:site\" content=\"@EstratConcursos\" \/>\n<meta name=\"twitter:label1\" content=\"Escrito por\" \/>\n\t<meta name=\"twitter:data1\" content=\"Brunno Lima\" \/>\n\t<meta name=\"twitter:label2\" content=\"Est. tempo de leitura\" \/>\n\t<meta name=\"twitter:data2\" content=\"3 minutos\" \/>\n<script type=\"application\/ld+json\" class=\"yoast-schema-graph\">{\"@context\":\"https:\/\/schema.org\",\"@graph\":[{\"@type\":\"NewsArticle\",\"@id\":\"https:\/\/www.estrategiaconcursos.com.br\/blog\/11-dias-simulados-trf3\/#article\",\"isPartOf\":{\"@id\":\"https:\/\/www.estrategiaconcursos.com.br\/blog\/11-dias-simulados-trf3\/\"},\"author\":{\"name\":\"Brunno Lima\",\"@id\":\"https:\/\/www.estrategiaconcursos.com.br\/blog\/#\/schema\/person\/2865ec132c3404c9912015dd7a24eb1e\"},\"headline\":\"11 dias de Simulados TRF3: teste seus conhecimentos em Racioc\u00ednio L\u00f3gico\",\"datePublished\":\"2019-10-31T10:00:40+00:00\",\"dateModified\":\"2020-04-22T20:33:32+00:00\",\"mainEntityOfPage\":{\"@id\":\"https:\/\/www.estrategiaconcursos.com.br\/blog\/11-dias-simulados-trf3\/\"},\"wordCount\":747,\"commentCount\":26,\"publisher\":{\"@id\":\"https:\/\/www.estrategiaconcursos.com.br\/blog\/#organization\"},\"image\":{\"@id\":\"https:\/\/www.estrategiaconcursos.com.br\/blog\/11-dias-simulados-trf3\/#primaryimage\"},\"thumbnailUrl\":\"https:\/\/dhg1h5j42swfq.cloudfront.net\/2018\/08\/10172345\/TRF3-e1533932635972.jpg\",\"articleSection\":[\"Concursos P\u00fablicos\",\"Tribunais\"],\"inLanguage\":\"pt-BR\",\"potentialAction\":[{\"@type\":\"CommentAction\",\"name\":\"Comment\",\"target\":[\"https:\/\/www.estrategiaconcursos.com.br\/blog\/11-dias-simulados-trf3\/#respond\"]}],\"copyrightYear\":\"2019\",\"copyrightHolder\":{\"@id\":\"https:\/\/www.estrategiaconcursos.com.br\/blog\/#organization\"}},{\"@type\":\"WebPage\",\"@id\":\"https:\/\/www.estrategiaconcursos.com.br\/blog\/11-dias-simulados-trf3\/\",\"url\":\"https:\/\/www.estrategiaconcursos.com.br\/blog\/11-dias-simulados-trf3\/\",\"name\":\"11 dias de Simulados TRF3: teste seus conhecimentos em Racioc\u00ednio L\u00f3gico\",\"isPartOf\":{\"@id\":\"https:\/\/www.estrategiaconcursos.com.br\/blog\/#website\"},\"primaryImageOfPage\":{\"@id\":\"https:\/\/www.estrategiaconcursos.com.br\/blog\/11-dias-simulados-trf3\/#primaryimage\"},\"image\":{\"@id\":\"https:\/\/www.estrategiaconcursos.com.br\/blog\/11-dias-simulados-trf3\/#primaryimage\"},\"thumbnailUrl\":\"https:\/\/dhg1h5j42swfq.cloudfront.net\/2018\/08\/10172345\/TRF3-e1533932635972.jpg\",\"datePublished\":\"2019-10-31T10:00:40+00:00\",\"dateModified\":\"2020-04-22T20:33:32+00:00\",\"breadcrumb\":{\"@id\":\"https:\/\/www.estrategiaconcursos.com.br\/blog\/11-dias-simulados-trf3\/#breadcrumb\"},\"inLanguage\":\"pt-BR\",\"potentialAction\":[{\"@type\":\"ReadAction\",\"target\":[\"https:\/\/www.estrategiaconcursos.com.br\/blog\/11-dias-simulados-trf3\/\"]}]},{\"@type\":\"ImageObject\",\"inLanguage\":\"pt-BR\",\"@id\":\"https:\/\/www.estrategiaconcursos.com.br\/blog\/11-dias-simulados-trf3\/#primaryimage\",\"url\":\"https:\/\/dhg1h5j42swfq.cloudfront.net\/2018\/08\/10172345\/TRF3-e1533932635972.jpg\",\"contentUrl\":\"https:\/\/dhg1h5j42swfq.cloudfront.net\/2018\/08\/10172345\/TRF3-e1533932635972.jpg\",\"width\":400,\"height\":209,\"caption\":\"TRF3\"},{\"@type\":\"BreadcrumbList\",\"@id\":\"https:\/\/www.estrategiaconcursos.com.br\/blog\/11-dias-simulados-trf3\/#breadcrumb\",\"itemListElement\":[{\"@type\":\"ListItem\",\"position\":1,\"name\":\"In\u00edcio\",\"item\":\"https:\/\/www.estrategiaconcursos.com.br\/blog\/\"},{\"@type\":\"ListItem\",\"position\":2,\"name\":\"11 dias de Simulados TRF3: teste seus conhecimentos em Racioc\u00ednio L\u00f3gico\"}]},{\"@type\":\"WebSite\",\"@id\":\"https:\/\/www.estrategiaconcursos.com.br\/blog\/#website\",\"url\":\"https:\/\/www.estrategiaconcursos.com.br\/blog\/\",\"name\":\"Estrat\u00e9gia Concursos\",\"description\":\"O blog da Estrat\u00e9gia Concursos traz not\u00edcias sobre concursos e artigos de professores oferecendo cursos para concursos (pdf + videaulas) no site.\",\"publisher\":{\"@id\":\"https:\/\/www.estrategiaconcursos.com.br\/blog\/#organization\"},\"potentialAction\":[{\"@type\":\"SearchAction\",\"target\":{\"@type\":\"EntryPoint\",\"urlTemplate\":\"https:\/\/www.estrategiaconcursos.com.br\/blog\/?s={search_term_string}\"},\"query-input\":{\"@type\":\"PropertyValueSpecification\",\"valueRequired\":true,\"valueName\":\"search_term_string\"}}],\"inLanguage\":\"pt-BR\"},{\"@type\":\"Organization\",\"@id\":\"https:\/\/www.estrategiaconcursos.com.br\/blog\/#organization\",\"name\":\"Estrat\u00e9gia Concursos\",\"url\":\"https:\/\/www.estrategiaconcursos.com.br\/blog\/\",\"logo\":{\"@type\":\"ImageObject\",\"inLanguage\":\"pt-BR\",\"@id\":\"https:\/\/www.estrategiaconcursos.com.br\/blog\/#\/schema\/logo\/image\/\",\"url\":\"https:\/\/dhg1h5j42swfq.cloudfront.net\/2025\/06\/03203428\/logo_concursos-1.jpg\",\"contentUrl\":\"https:\/\/dhg1h5j42swfq.cloudfront.net\/2025\/06\/03203428\/logo_concursos-1.jpg\",\"width\":230,\"height\":60,\"caption\":\"Estrat\u00e9gia Concursos\"},\"image\":{\"@id\":\"https:\/\/www.estrategiaconcursos.com.br\/blog\/#\/schema\/logo\/image\/\"},\"sameAs\":[\"https:\/\/x.com\/EstratConcursos\"]},{\"@type\":\"Person\",\"@id\":\"https:\/\/www.estrategiaconcursos.com.br\/blog\/#\/schema\/person\/2865ec132c3404c9912015dd7a24eb1e\",\"name\":\"Brunno Lima\",\"image\":{\"@type\":\"ImageObject\",\"inLanguage\":\"pt-BR\",\"@id\":\"https:\/\/secure.gravatar.com\/avatar\/d40b472e5e2856222d4a4a1c3ee2189ed7d7a9f67dc3343b880cc1889a7bd6af?s=96&d=mm&r=g\",\"url\":\"https:\/\/secure.gravatar.com\/avatar\/d40b472e5e2856222d4a4a1c3ee2189ed7d7a9f67dc3343b880cc1889a7bd6af?s=96&d=mm&r=g\",\"contentUrl\":\"https:\/\/secure.gravatar.com\/avatar\/d40b472e5e2856222d4a4a1c3ee2189ed7d7a9f67dc3343b880cc1889a7bd6af?s=96&d=mm&r=g\",\"caption\":\"Brunno Lima\"},\"url\":\"https:\/\/www.estrategiaconcursos.com.br\/blog\/author\/brunnoestrategiaconcursos-com-br\/\"}]}<\/script>\n<!-- \/ Yoast SEO Premium plugin. -->","yoast_head_json":{"title":"11 dias de Simulados TRF3: teste seus conhecimentos em Racioc\u00ednio L\u00f3gico","robots":{"index":"index","follow":"follow","max-snippet":"max-snippet:-1","max-image-preview":"max-image-preview:large","max-video-preview":"max-video-preview:-1"},"canonical":"https:\/\/www.estrategiaconcursos.com.br\/blog\/11-dias-simulados-trf3\/","og_locale":"pt_BR","og_type":"article","og_title":"11 dias de Simulados TRF3: teste seus conhecimentos em Racioc\u00ednio L\u00f3gico","og_description":"A prova do concurso TRF3 est\u00e1 chegando. De acordo com o \u00f3rg\u00e3o a data prevista \u00e9 dia 1\u00ba de dezembro de 2019. Com o tempo apertando \u00e9 de suma import\u00e2ncia ter uma rotina de estudo que viabilize a compreens\u00e3o das disciplinas com clareza. Nada melhor do que ter uma &#8220;m\u00e3ozinha&#8221; externa de quem entende bem [&hellip;]","og_url":"https:\/\/www.estrategiaconcursos.com.br\/blog\/11-dias-simulados-trf3\/","og_site_name":"Estrat\u00e9gia Concursos","article_published_time":"2019-10-31T10:00:40+00:00","article_modified_time":"2020-04-22T20:33:32+00:00","og_image":[{"width":400,"height":209,"url":"https:\/\/dhg1h5j42swfq.cloudfront.net\/2018\/08\/10172345\/TRF3-e1533932635972.jpg","type":"image\/jpeg"}],"author":"Brunno Lima","twitter_card":"summary_large_image","twitter_creator":"@EstratConcursos","twitter_site":"@EstratConcursos","twitter_misc":{"Escrito por":"Brunno Lima","Est. tempo de leitura":"3 minutos"},"schema":{"@context":"https:\/\/schema.org","@graph":[{"@type":"NewsArticle","@id":"https:\/\/www.estrategiaconcursos.com.br\/blog\/11-dias-simulados-trf3\/#article","isPartOf":{"@id":"https:\/\/www.estrategiaconcursos.com.br\/blog\/11-dias-simulados-trf3\/"},"author":{"name":"Brunno Lima","@id":"https:\/\/www.estrategiaconcursos.com.br\/blog\/#\/schema\/person\/2865ec132c3404c9912015dd7a24eb1e"},"headline":"11 dias de Simulados TRF3: teste seus conhecimentos em Racioc\u00ednio L\u00f3gico","datePublished":"2019-10-31T10:00:40+00:00","dateModified":"2020-04-22T20:33:32+00:00","mainEntityOfPage":{"@id":"https:\/\/www.estrategiaconcursos.com.br\/blog\/11-dias-simulados-trf3\/"},"wordCount":747,"commentCount":26,"publisher":{"@id":"https:\/\/www.estrategiaconcursos.com.br\/blog\/#organization"},"image":{"@id":"https:\/\/www.estrategiaconcursos.com.br\/blog\/11-dias-simulados-trf3\/#primaryimage"},"thumbnailUrl":"https:\/\/dhg1h5j42swfq.cloudfront.net\/2018\/08\/10172345\/TRF3-e1533932635972.jpg","articleSection":["Concursos P\u00fablicos","Tribunais"],"inLanguage":"pt-BR","potentialAction":[{"@type":"CommentAction","name":"Comment","target":["https:\/\/www.estrategiaconcursos.com.br\/blog\/11-dias-simulados-trf3\/#respond"]}],"copyrightYear":"2019","copyrightHolder":{"@id":"https:\/\/www.estrategiaconcursos.com.br\/blog\/#organization"}},{"@type":"WebPage","@id":"https:\/\/www.estrategiaconcursos.com.br\/blog\/11-dias-simulados-trf3\/","url":"https:\/\/www.estrategiaconcursos.com.br\/blog\/11-dias-simulados-trf3\/","name":"11 dias de Simulados TRF3: teste seus conhecimentos em Racioc\u00ednio L\u00f3gico","isPartOf":{"@id":"https:\/\/www.estrategiaconcursos.com.br\/blog\/#website"},"primaryImageOfPage":{"@id":"https:\/\/www.estrategiaconcursos.com.br\/blog\/11-dias-simulados-trf3\/#primaryimage"},"image":{"@id":"https:\/\/www.estrategiaconcursos.com.br\/blog\/11-dias-simulados-trf3\/#primaryimage"},"thumbnailUrl":"https:\/\/dhg1h5j42swfq.cloudfront.net\/2018\/08\/10172345\/TRF3-e1533932635972.jpg","datePublished":"2019-10-31T10:00:40+00:00","dateModified":"2020-04-22T20:33:32+00:00","breadcrumb":{"@id":"https:\/\/www.estrategiaconcursos.com.br\/blog\/11-dias-simulados-trf3\/#breadcrumb"},"inLanguage":"pt-BR","potentialAction":[{"@type":"ReadAction","target":["https:\/\/www.estrategiaconcursos.com.br\/blog\/11-dias-simulados-trf3\/"]}]},{"@type":"ImageObject","inLanguage":"pt-BR","@id":"https:\/\/www.estrategiaconcursos.com.br\/blog\/11-dias-simulados-trf3\/#primaryimage","url":"https:\/\/dhg1h5j42swfq.cloudfront.net\/2018\/08\/10172345\/TRF3-e1533932635972.jpg","contentUrl":"https:\/\/dhg1h5j42swfq.cloudfront.net\/2018\/08\/10172345\/TRF3-e1533932635972.jpg","width":400,"height":209,"caption":"TRF3"},{"@type":"BreadcrumbList","@id":"https:\/\/www.estrategiaconcursos.com.br\/blog\/11-dias-simulados-trf3\/#breadcrumb","itemListElement":[{"@type":"ListItem","position":1,"name":"In\u00edcio","item":"https:\/\/www.estrategiaconcursos.com.br\/blog\/"},{"@type":"ListItem","position":2,"name":"11 dias de Simulados TRF3: teste seus conhecimentos em Racioc\u00ednio L\u00f3gico"}]},{"@type":"WebSite","@id":"https:\/\/www.estrategiaconcursos.com.br\/blog\/#website","url":"https:\/\/www.estrategiaconcursos.com.br\/blog\/","name":"Estrat\u00e9gia Concursos","description":"O blog da Estrat\u00e9gia Concursos traz not\u00edcias sobre concursos e artigos de professores oferecendo cursos para concursos (pdf + videaulas) no site.","publisher":{"@id":"https:\/\/www.estrategiaconcursos.com.br\/blog\/#organization"},"potentialAction":[{"@type":"SearchAction","target":{"@type":"EntryPoint","urlTemplate":"https:\/\/www.estrategiaconcursos.com.br\/blog\/?s={search_term_string}"},"query-input":{"@type":"PropertyValueSpecification","valueRequired":true,"valueName":"search_term_string"}}],"inLanguage":"pt-BR"},{"@type":"Organization","@id":"https:\/\/www.estrategiaconcursos.com.br\/blog\/#organization","name":"Estrat\u00e9gia Concursos","url":"https:\/\/www.estrategiaconcursos.com.br\/blog\/","logo":{"@type":"ImageObject","inLanguage":"pt-BR","@id":"https:\/\/www.estrategiaconcursos.com.br\/blog\/#\/schema\/logo\/image\/","url":"https:\/\/dhg1h5j42swfq.cloudfront.net\/2025\/06\/03203428\/logo_concursos-1.jpg","contentUrl":"https:\/\/dhg1h5j42swfq.cloudfront.net\/2025\/06\/03203428\/logo_concursos-1.jpg","width":230,"height":60,"caption":"Estrat\u00e9gia Concursos"},"image":{"@id":"https:\/\/www.estrategiaconcursos.com.br\/blog\/#\/schema\/logo\/image\/"},"sameAs":["https:\/\/x.com\/EstratConcursos"]},{"@type":"Person","@id":"https:\/\/www.estrategiaconcursos.com.br\/blog\/#\/schema\/person\/2865ec132c3404c9912015dd7a24eb1e","name":"Brunno Lima","image":{"@type":"ImageObject","inLanguage":"pt-BR","@id":"https:\/\/secure.gravatar.com\/avatar\/d40b472e5e2856222d4a4a1c3ee2189ed7d7a9f67dc3343b880cc1889a7bd6af?s=96&d=mm&r=g","url":"https:\/\/secure.gravatar.com\/avatar\/d40b472e5e2856222d4a4a1c3ee2189ed7d7a9f67dc3343b880cc1889a7bd6af?s=96&d=mm&r=g","contentUrl":"https:\/\/secure.gravatar.com\/avatar\/d40b472e5e2856222d4a4a1c3ee2189ed7d7a9f67dc3343b880cc1889a7bd6af?s=96&d=mm&r=g","caption":"Brunno Lima"},"url":"https:\/\/www.estrategiaconcursos.com.br\/blog\/author\/brunnoestrategiaconcursos-com-br\/"}]}},"_links":{"self":[{"href":"https:\/\/www.estrategiaconcursos.com.br\/blog\/wp-json\/wp\/v2\/posts\/436724","targetHints":{"allow":["GET"]}}],"collection":[{"href":"https:\/\/www.estrategiaconcursos.com.br\/blog\/wp-json\/wp\/v2\/posts"}],"about":[{"href":"https:\/\/www.estrategiaconcursos.com.br\/blog\/wp-json\/wp\/v2\/types\/post"}],"author":[{"embeddable":true,"href":"https:\/\/www.estrategiaconcursos.com.br\/blog\/wp-json\/wp\/v2\/users\/741"}],"replies":[{"embeddable":true,"href":"https:\/\/www.estrategiaconcursos.com.br\/blog\/wp-json\/wp\/v2\/comments?post=436724"}],"version-history":[{"count":54,"href":"https:\/\/www.estrategiaconcursos.com.br\/blog\/wp-json\/wp\/v2\/posts\/436724\/revisions"}],"predecessor-version":[{"id":455571,"href":"https:\/\/www.estrategiaconcursos.com.br\/blog\/wp-json\/wp\/v2\/posts\/436724\/revisions\/455571"}],"wp:featuredmedia":[{"embeddable":true,"href":"https:\/\/www.estrategiaconcursos.com.br\/blog\/wp-json\/wp\/v2\/media\/135680"}],"wp:attachment":[{"href":"https:\/\/www.estrategiaconcursos.com.br\/blog\/wp-json\/wp\/v2\/media?parent=436724"}],"wp:term":[{"taxonomy":"category","embeddable":true,"href":"https:\/\/www.estrategiaconcursos.com.br\/blog\/wp-json\/wp\/v2\/categories?post=436724"},{"taxonomy":"post_tag","embeddable":true,"href":"https:\/\/www.estrategiaconcursos.com.br\/blog\/wp-json\/wp\/v2\/tags?post=436724"},{"taxonomy":"tax_estado","embeddable":true,"href":"https:\/\/www.estrategiaconcursos.com.br\/blog\/wp-json\/wp\/v2\/tax_estado?post=436724"}],"curies":[{"name":"wp","href":"https:\/\/api.w.org\/{rel}","templated":true}]}}