{"id":436396,"date":"2024-04-09T11:00:00","date_gmt":"2024-04-09T14:00:00","guid":{"rendered":"https:\/\/www.estrategiaconcursos.com.br\/blog\/?p=436396"},"modified":"2024-04-09T11:47:36","modified_gmt":"2024-04-09T14:47:36","slug":"concurso-crt-4","status":"publish","type":"post","link":"https:\/\/www.estrategiaconcursos.com.br\/blog\/concurso-crt-4\/","title":{"rendered":"Concurso CRT 4: provas em junho! 680 vagas"},"content":{"rendered":"\n<p>O <a href=\"https:\/\/www.estrategiaconcursos.com.br\/cursos\/concurso\/\" target=\"_blank\" rel=\"noreferrer noopener\">Conselho Regional dos T\u00e9cnicos Industriais da 4\u00aa regi\u00e3o<\/a>, que abrange os estados do Paran\u00e1 e de Santa Catarina, tem edital publicado!<\/p>\n\n\n\n<p>S\u00e3o <strong>680 vagas<\/strong> para diversos cargos, a remunera\u00e7\u00e3o varia de R$ 2.090,00 a R$ 4.510,00 mais benef\u00edcios. A prova objetiva est\u00e1 agendada para 02 de junho 2024.<\/p>\n\n\n\n<p>Confira mais informa\u00e7\u00f5es no decorrer do artigo!<\/p>\n\n\n\n<ul style=\"background:linear-gradient(135deg,rgb(255,245,203) 0%,rgb(182,227,212) 0%,rgb(51,167,181) 100%)\" id=\"block-1c25dbb6-3d50-4480-9da8-a10738a32581\" class=\"has-background wp-block-list\">\n<li><strong>Concurso CRT PR<\/strong><\/li>\n\n\n\n<li><strong>Status:<\/strong> inscri\u00e7\u00f5es encerradas<\/li>\n\n\n\n<li><strong>Banca:&nbsp;<\/strong>Instituto Quadrix<\/li>\n\n\n\n<li><strong>Vagas:&nbsp;<\/strong>680<\/li>\n\n\n\n<li><strong>Sal\u00e1rio inicial:<\/strong>&nbsp;de R$ 2.090,00 a R$ 4.510,00 + benef\u00edcios<\/li>\n\n\n\n<li><strong>Edital<\/strong>: <a href=\"https:\/\/dhg1h5j42swfq.cloudfront.net\/2021\/09\/07182915\/crt-04_concurso_publico__2021_edital_1.pdf\" target=\"_blank\" rel=\"noreferrer noopener nofollow\"><\/a><a href=\"https:\/\/dhg1h5j42swfq.cloudfront.net\/2024\/02\/19221038\/1_crt-04_concurso_publico_2024_edital_1_abertura.pdf\" target=\"_blank\" rel=\"noreferrer noopener nofollow\">Edital CRT 4<\/a> <\/li>\n<\/ul>\n\n\n\n<p class=\"has-text-align-left has-black-color has-text-color\">Neste artigo voc\u00ea conhecer\u00e1 um pouco mais o \u00f3rg\u00e3o, os cargos previstos para o certame e outras informa\u00e7\u00f5es relevantes sobre a profiss\u00e3o e suas oportunidades na \u00e1rea p\u00fablica. <\/p>\n\n\n\n<ul class=\"wp-block-list\" id=\"indice\">\n<li><a href=\"#atual\"><strong>Situa\u00e7\u00e3o atual do concurso<\/strong><\/a>\n<ul class=\"wp-block-list\">\n<li><a href=\"#principais-datas\">Principais datas <\/a><\/li>\n<\/ul>\n<\/li>\n\n\n\n<li><a href=\"#cargos-vagas-e-remuneracoes\"><strong>Cargos, vagas e remunera\u00e7\u00f5es <\/strong><\/a><\/li>\n\n\n\n<li><strong><a href=\"#etapas-e-provas\">Etapas e provas<\/a><\/strong><\/li>\n\n\n\n<li><a href=\"#h-ultimo-concurso\"><strong>\u00daltimo concurso<\/strong><\/a>\n\n\n\n\n\n\n<ul class=\"wp-block-list\">\n<li><a href=\"#resultados\">Resultados<\/a><\/li>\n\n\n\n<li><a href=\"#info\">Principais informa\u00e7\u00f5es<\/a><\/li>\n<\/ul>\n\n\n\n<ul class=\"wp-block-list\">\n<li><a href=\"#cargos-2021\">Cargos ofertados<\/a><\/li>\n\n\n\n<li><a href=\"#salarios\">Sal\u00e1rios e benef\u00edcios<\/a><\/li>\n\n\n\n<li><a href=\"#requisitos\">Requisitos<\/a> <\/li>\n\n\n\n<li><strong><a href=\"#etapas\">Etapas de provas<\/a><\/strong>\n<ul class=\"wp-block-list\">\n<li><a href=\"#objetiva\">Prova Objetiva<\/a><\/li>\n\n\n\n<li><a href=\"#titulos\">Prova de T\u00edtulos<\/a><\/li>\n<\/ul>\n<\/li>\n<\/ul>\n<\/li>\n\n\n\n<li><strong><a href=\"#preparacao-CRT4\">Cursos e Assinaturas<\/a><\/strong><\/li>\n\n\n\n<li><a href=\"#ficha\"><strong>Ficha T\u00e9cnica<\/strong><\/a><\/li>\n<\/ul>\n\n\n\n<div class=\"col-sm\">\n      <div class=\"banner-estrategia\" id=\"box-assinatura\">\n        <h3 class=\"titulo-assinatura\">Cursos para CRT PR<\/h3>\n        <p class=\"subtitulo-assinatura\">Conhe\u00e7a os cursos<\/p>\n        <div class=\"box-botao\">\n          <a class=\"btn-assinatura\" target=\"_blank\" href=\"https:\/\/www.estrategiaconcursos.com.br\/cursosPorConcurso\/conselho-regional-dos-tecnicos-industriais-4-regiao-crt-04\/\" role=\"button\" rel=\"noopener noreferrer\">Conhe\u00e7a mais<\/a>\n        <\/div>\n      <\/div>\n      \n    <\/div>\n\n\n\n<h2 class=\"wp-block-heading\" id=\"atual\">Concurso CRT 4: situa\u00e7\u00e3o atual<\/h2>\n\n\n\n<h3 class=\"wp-block-heading\" id=\"datas\">Principais datas <\/h3>\n\n\n\n<p class=\"has-very-light-gray-background-color has-background\"><s><strong>Inscri\u00e7\u00f5es<\/strong>: 19\/02 a 08\/04<br \/><\/s><strong>Prova<\/strong>: 02\/06<\/p>\n\n\n\n<h2 class=\"wp-block-heading\" id=\"cargos-vagas\">Concurso CRT 4: cargos, vagas e remunera\u00e7\u00f5es <\/h2>\n\n\n\n<h3 class=\"wp-block-heading\" id=\"h-nivel-medio-e-tecnico\">N\u00edvel M\u00e9dio e T\u00e9cnico<\/h3>\n\n\n\n<figure class=\"wp-block-table is-style-stripes\"><table class=\"has-fixed-layout\"><thead><tr><th class=\"has-text-align-center\" data-align=\"center\">CARGOS<\/th><th class=\"has-text-align-center\" data-align=\"center\">VAGAS<\/th><th class=\"has-text-align-center\" data-align=\"center\">SAL\u00c1RIO<\/th><\/tr><\/thead><tbody><tr><td class=\"has-text-align-center\" data-align=\"center\">Auxiliar Administrativo<\/td><td class=\"has-text-align-center\" data-align=\"center\">395<\/td><td class=\"has-text-align-center\" data-align=\"center\">R$ 2.090,00<br \/>+ benef\u00edcios<\/td><\/tr><tr><td class=\"has-text-align-center\" data-align=\"center\">Agente de Fiscaliza\u00e7\u00e3o<\/td><td class=\"has-text-align-center\" data-align=\"center\">240<\/td><td class=\"has-text-align-center\" data-align=\"center\">R$ 3.500,00<br \/>+ benef\u00edcios<\/td><\/tr><\/tbody><\/table><figcaption class=\"wp-element-caption\">Concurso CRT 4: cargos, vagas e remunera\u00e7\u00f5es de N\u00edveis M\u00e9dio e T\u00e9cnico <\/figcaption><\/figure>\n\n\n\n<h3 class=\"wp-block-heading\" id=\"h-nivel-superior\">N\u00edvel Superior<\/h3>\n\n\n\n<figure class=\"wp-block-table is-style-stripes\"><table class=\"has-fixed-layout\"><thead><tr><th class=\"has-text-align-center\" data-align=\"center\">CARGOS<\/th><th class=\"has-text-align-center\" data-align=\"center\">VAGAS<\/th><th class=\"has-text-align-center\" data-align=\"center\">SAL\u00c1RIO<\/th><\/tr><\/thead><tbody><tr><td class=\"has-text-align-center\" data-align=\"center\">Analista Jur\u00eddico<\/td><td class=\"has-text-align-center\" data-align=\"center\">15<\/td><td class=\"has-text-align-center\" data-align=\"center\">R$ 4.510,00<br \/>+ benef\u00edcios<\/td><\/tr><tr><td class=\"has-text-align-center\" data-align=\"center\">Design Gr\u00e1fico<\/td><td class=\"has-text-align-center\" data-align=\"center\">30<\/td><td class=\"has-text-align-center\" data-align=\"center\">R$ 4.510,00<br \/>+ benef\u00edcios<\/td><\/tr><\/tbody><\/table><figcaption class=\"wp-element-caption\">Concurso CRT 4: cargos, vagas e remunera\u00e7\u00f5es de N\u00edvel Superior <\/figcaption><\/figure>\n\n\n\n<p>Os candidatos aprovados ter\u00e3o direito aos seguintes benef\u00edcios: <\/p>\n\n\n\n<ul class=\"wp-block-list\">\n<li>Vale Refei\u00e7\u00e3o no valor de R$ 50,00 por dia trabalhado; e<\/li>\n\n\n\n<li>Vale transporte. <\/li>\n<\/ul>\n\n\n\n<h2 class=\"wp-block-heading\" id=\"etapas\">Concurso CRT 4: etapas e provas <\/h2>\n\n\n\n<p>Sob organiza\u00e7\u00e3o da banca Instituo Quadrix, os candidatos inscritos  ser\u00e3o avaliados por meio da aplica\u00e7\u00e3o da seguinte etapa:<\/p>\n\n\n\n<ul class=\"wp-block-list\">\n<li><strong>Prova Objetiva<\/strong> \u2013 eliminat\u00f3rio e classificat\u00f3rio. <\/li>\n<\/ul>\n\n\n\n<p>As provas ser\u00e3o aplicadas no  dia 02 de junho de 2024 (domingo), no per\u00edodo da tarde, nas cidades de Cascavel, Curitiba, Londrina, Guarapuava e Ponta Grossa, no Estado do Paran\u00e1, assim como em Chapec\u00f3, Crici\u00fama, Florian\u00f3polis, Joinville e Lajes, no Estado de Santa Catarina.<\/p>\n\n\n\n<h3 class=\"wp-block-heading\" id=\"objetiva\">Provas Objetivas<\/h3>\n\n\n\n<p>Ser\u00e3o cobradas quest\u00f5es de Conhecimento B\u00e1sicos, Conhecimentos Complementares e Conhecimentos Espec\u00edficos. <\/p>\n\n\n\n<h2 class=\"wp-block-heading\" id=\"h-ultimo-concurso\">\u00daltimo concurso<\/h2>\n\n\n\n<h3 class=\"wp-block-heading\" id=\"resultados\">Resultados<\/h3>\n\n\n\n<p>Foi divulgado no dia 12 de dezembro de 2022, atrav\u00e9s do site da banca Quadrix, o resultado final do <strong>concurso CRT 4<\/strong>. Confira abaixo!<\/p>\n\n\n\n<ul class=\"has-medium-font-size wp-block-list\">\n<li><a href=\"https:\/\/dhg1h5j42swfq.cloudfront.net\/2022\/12\/12170120\/1_crt-04_concurso_publico_2021_resultado_final.pdf\" target=\"_blank\" rel=\"noreferrer noopener nofollow\"><strong>Resultado final concurso CRT 4<\/strong><\/a><\/li>\n\n\n\n<li><a href=\"https:\/\/dhg1h5j42swfq.cloudfront.net\/2022\/09\/14181451\/1_crt-04_concurso_publico_2021_resultado_definitivo_prova_objetiva.pdf\" target=\"_blank\" rel=\"noreferrer noopener nofollow\"><strong>Concurso CRT 4: resultado definitivo da prova objetiva<\/strong><\/a><\/li>\n<\/ul>\n\n\n\n<h3 class=\"wp-block-heading\" id=\"info\">Principais informa\u00e7\u00f5es<\/h3>\n\n\n\n<p>O concurso do&nbsp;Conselho Regional dos T\u00e9cnicos Industriais da 4\u00aa regi\u00e3o&nbsp;(CRT 4), teve seu edital retificado. As altera\u00e7\u00e3o apontadas referem-se aos cargos de Assistente Financeiro, Analista Financeiro e ao Cronograma de Fases.<\/p>\n\n\n\n<p>De acordo com o novo documento, publicado do endere\u00e7o eletr\u00f4nico da banca organizadora do certame, o Instituto Quadrix, o per\u00edodo de reabertura de&nbsp;<strong>inscri\u00e7\u00f5es<\/strong>&nbsp;foi de&nbsp;<strong>16 de maio<\/strong> a<strong> 13 de junho de 2022<\/strong>, sendo&nbsp;<strong>14 de junho<\/strong>&nbsp;o \u00faltimo dia para realizar o pagamento da taxa.<\/p>\n\n\n\n<p>A realiza\u00e7\u00e3o da&nbsp;<strong>prova objetiva<\/strong>&nbsp;foi aplicada no dia&nbsp;<strong>31 de julho de 2022<\/strong>, no turno da tarde.<\/p>\n\n\n\n<p>J\u00e1 os candidatos aos cargos de n\u00edvel superior ter\u00e3o de&nbsp;<strong>05 a 07 de outubro de 2022<\/strong>&nbsp;para enviar os documentos necess\u00e1rios para a etapa de&nbsp;<strong>avalia\u00e7\u00e3o de t\u00edtulos<\/strong>.<\/p>\n\n\n\n<p>Al\u00e9m da mudan\u00e7a no cronograma, a retifica\u00e7\u00e3o aponta altera\u00e7\u00f5es nos requisitos necess\u00e1rios para ingressas nos cargos de Assistente e Analista Financeiro. <\/p>\n\n\n\n<h3 class=\"wp-block-heading\" id=\"cargos-2021\">Cargos ofertados \u00faltimo edital<\/h3>\n\n\n\n<h4 class=\"wp-block-heading\" id=\"nivel-medio\">N\u00edvel m\u00e9dio <\/h4>\n\n\n\n<figure class=\"wp-block-table is-style-stripes\"><table class=\"has-background has-fixed-layout\" style=\"background-color:#fcf0ef\"><tbody><tr><td class=\"has-text-align-center\" data-align=\"center\">CARGOS<\/td><td class=\"has-text-align-center\" data-align=\"center\">VAGAS<\/td><\/tr><tr><td class=\"has-text-align-center\" data-align=\"center\"> Assistente Administrativo<\/td><td class=\"has-text-align-center\" data-align=\"center\">3+ 32 CR<\/td><\/tr><tr><td class=\"has-text-align-center\" data-align=\"center\">Assistente de Comunica\u00e7\u00e3o<\/td><td class=\"has-text-align-center\" data-align=\"center\">1 + 14 CR<\/td><\/tr><tr><td class=\"has-text-align-center\" data-align=\"center\"> Assistente de Secretaria e Eventos<\/td><td class=\"has-text-align-center\" data-align=\"center\">2 + 23 CR<\/td><\/tr><tr><td class=\"has-text-align-center\" data-align=\"center\">Assistente Jur\u00eddico <\/td><td class=\"has-text-align-center\" data-align=\"center\">1 + 14 CR<\/td><\/tr><tr><td class=\"has-text-align-center\" data-align=\"center\"> Assistente de Compras\/Licita\u00e7\u00e3o<\/td><td class=\"has-text-align-center\" data-align=\"center\"> 1 + 14 CR <\/td><\/tr><tr><td class=\"has-text-align-center\" data-align=\"center\">Assistente de Recursos Humanos<\/td><td class=\"has-text-align-center\" data-align=\"center\">  1 + 14 CR  <\/td><\/tr><tr><td class=\"has-text-align-center\" data-align=\"center\">Auxiliar Administrativo<\/td><td class=\"has-text-align-center\" data-align=\"center\">3 + 32 CR<\/td><\/tr><tr><td class=\"has-text-align-center\" data-align=\"center\">Recepcionista<\/td><td class=\"has-text-align-center\" data-align=\"center\">   1 + 14 CR   <\/td><\/tr><\/tbody><\/table><figcaption class=\"wp-element-caption\"><strong>Tabela de cargos, vagas e sal\u00e1rios do concurso CRT 4<\/strong><\/figcaption><\/figure>\n\n\n\n<h4 class=\"wp-block-heading\" id=\"nivel-tecnico\">N\u00edvel t\u00e9cnico <\/h4>\n\n\n\n<figure class=\"wp-block-table is-style-stripes\"><table class=\"has-background has-fixed-layout\" style=\"background-color:#c5fde7\"><tbody><tr><td class=\"has-text-align-center\" data-align=\"center\">  CARGOS<\/td><td class=\"has-text-align-center\" data-align=\"center\">VAGAS<\/td><\/tr><tr><td class=\"has-text-align-center\" data-align=\"center\"> Assistente Financeiro<\/td><td class=\"has-text-align-center\" data-align=\"center\"> 1 + 14 CR     <\/td><\/tr><tr><td class=\"has-text-align-center\" data-align=\"center\">Assistente de Tecnologia da Informa\u00e7\u00e3o<\/td><td class=\"has-text-align-center\" data-align=\"center\">   1 + 14 CR       <\/td><\/tr><\/tbody><\/table><figcaption class=\"wp-element-caption\"><strong>Tabela de cargos, vagas e sal\u00e1rios do concurso CRT 4<\/strong><\/figcaption><\/figure>\n\n\n\n<h4 class=\"wp-block-heading\" id=\"nivel-superior\">N\u00edvel superior <\/h4>\n\n\n\n<figure class=\"wp-block-table is-style-stripes\"><table class=\"has-background has-fixed-layout\" style=\"background-color:#a4d0eb\"><tbody><tr><td class=\"has-text-align-center\" data-align=\"center\">  CARGOS<\/td><td class=\"has-text-align-center\" data-align=\"center\">VAGAS<\/td><\/tr><tr><td class=\"has-text-align-center\" data-align=\"center\"> Analista Administrativo<\/td><td class=\"has-text-align-center\" data-align=\"center\">    1 + 14 CR     <\/td><\/tr><tr><td class=\"has-text-align-center\" data-align=\"center\">Analista de Comunica\u00e7\u00e3o<\/td><td class=\"has-text-align-center\" data-align=\"center\">     1 + 14 CR      <\/td><\/tr><tr><td class=\"has-text-align-center\" data-align=\"center\"> Analista Financeiro<\/td><td class=\"has-text-align-center\" data-align=\"center\">      1 + 14 CR       <\/td><\/tr><tr><td class=\"has-text-align-center\" data-align=\"center\">Analista Jur\u00eddico<\/td><td class=\"has-text-align-center\" data-align=\"center\">       1 + 14 CR       <\/td><\/tr><\/tbody><\/table><figcaption class=\"wp-element-caption\"><strong>Tabela de cargos, vagas e sal\u00e1rios do concurso CRT 4<\/strong><\/figcaption><\/figure>\n\n\n\n<h3 class=\"wp-block-heading\" id=\"salarios\">Sal\u00e1rios e benef\u00edcios <\/h3>\n\n\n\n<figure class=\"wp-block-table is-style-stripes\"><table class=\"has-background has-fixed-layout\" style=\"background-color:#c3d7e8\"><tbody><tr><td class=\"has-text-align-center\" data-align=\"center\">  CARGOS<\/td><td class=\"has-text-align-center\" data-align=\"center\">SAL\u00c1RIO<\/td><\/tr><tr><td class=\"has-text-align-center\" data-align=\"center\">N\u00edvel M\u00e9dio <\/td><td class=\"has-text-align-center\" data-align=\"center\"> R$ 2.420,00 + benef\u00edcios <\/td><\/tr><tr><td class=\"has-text-align-center\" data-align=\"center\">N\u00edvel T\u00e9cnico <\/td><td class=\"has-text-align-center\" data-align=\"center\">  R$ 3.300,00 + benef\u00edcios  <\/td><\/tr><tr><td class=\"has-text-align-center\" data-align=\"center\">N\u00edvel Superior<\/td><td class=\"has-text-align-center\" data-align=\"center\">R$ 4.510,00 + benef\u00edcios<\/td><\/tr><\/tbody><\/table><figcaption class=\"wp-element-caption\"><strong>Tabela de cargos, vagas e sal\u00e1rios do concurso CRT 4<\/strong><\/figcaption><\/figure>\n\n\n\n<p>O CRT-04 oferecer\u00e1 aos servidores, desde que preenchidos os requisitos legais, os seguintes benef\u00edcios:<\/p>\n\n\n\n<ul class=\"wp-block-list\">\n<li>a)<strong> Vale Refei\u00e7\u00e3o<\/strong>, no valor de <em>R$ 700,00<\/em><strong> <\/strong>por m\u00eas; e<\/li>\n\n\n\n<li>b) <strong>Vale transporte<\/strong>, conforme legisla\u00e7\u00e3o.<\/li>\n<\/ul>\n\n\n\n<h3 class=\"wp-block-heading\" id=\"requisitos\">Requisitos para contrata\u00e7\u00e3o <\/h3>\n\n\n\n<p>S\u00e3o requisitos para participar da sele\u00e7\u00e3o os seguintes: <\/p>\n\n\n\n<ul class=\"wp-block-list\">\n<li>Conhecer e cumprir as determina\u00e7\u00f5es deste edital e ter sido aprovado e classificado no Concurso P\u00fablico, dentro do n\u00famero de vagas.<\/li>\n\n\n\n<li>Ter nacionalidade brasileira ou portuguesa e, em caso de nacionalidade portuguesa, estar amparado pelo estatuto de igualdade entre brasileiros e portugueses, com reconhecimento de gozo de direitos pol\u00edticos, nos termos do par\u00e1grafo 1\u00ba, artigo 12, da Constitui\u00e7\u00e3o da Rep\u00fablica Federativa do Brasil.<\/li>\n\n\n\n<li>Ter idade m\u00ednima de 18 anos completos, na data da contrata\u00e7\u00e3o.<\/li>\n\n\n\n<li>Apresentar, quando da convoca\u00e7\u00e3o, os documentos comprobat\u00f3rios dos requisitos exigidos para o exerc\u00edcio do cargo, bem como outros documentos que se fizerem necess\u00e1rios \u00e0 \u00e9poca da contrata\u00e7\u00e3o.<\/li>\n\n\n\n<li>Estar em dia com as obriga\u00e7\u00f5es eleitorais e em pleno gozo dos direitos pol\u00edticos.<\/li>\n\n\n\n<li>Apresentar certificado de reservista ou de dispensa de incorpora\u00e7\u00e3o, em caso de candidato do sexo masculino.<\/li>\n\n\n\n<li>Apresentar declara\u00e7\u00e3o de que n\u00e3o acumula cargo ou fun\u00e7\u00e3o p\u00fablica, ou proventos de inatividade, ressalvadas as possibilidades de acumula\u00e7\u00e3o l\u00edcita previstas no inciso XVI do artigo 37 da Constitui\u00e7\u00e3o Federal.<\/li>\n\n\n\n<li>Ter aptid\u00e3o f\u00edsica e mental para o exerc\u00edcio das atribui\u00e7\u00f5es correspondentes ao cargo.<\/li>\n\n\n\n<li>N\u00e3o estar cumprindo san\u00e7\u00e3o por inidoneidade, aplicada por qualquer \u00f3rg\u00e3o p\u00fablico ou entidade das esferas federal, estadual, municipal ou do Distrito Federal.<\/li>\n<\/ul>\n\n\n\n<h2 class=\"wp-block-heading\" id=\"etapas\">Etapas do concurso CRT 4 <\/h2>\n\n\n\n<p>O certame ser\u00e1 dividido nas seguintes etapas: <\/p>\n\n\n\n<ul class=\"wp-block-list\">\n<li><strong>Prova Objetiva<\/strong> (todos os cargos): de car\u00e1ter eliminat\u00f3rio e classificat\u00f3rio; <\/li>\n\n\n\n<li><strong>Avalia\u00e7\u00e3o de T\u00edtulos<\/strong> (cargos de n\u00edvel superior): de car\u00e1ter classificat\u00f3rio.<\/li>\n<\/ul>\n\n\n\n<h3 class=\"wp-block-heading\" id=\"prova-objetiva\">Prova Objetiva<\/h3>\n\n\n\n<p>A prova objetiva avaliou as habilidades e os conhecimentos do candidato e foi composta de 120 itens. Cada \u00e1rea de conhecimento foi constitu\u00edda de itens para julgamento, agrupados por comandos que dever\u00e3o ser respeitados. <\/p>\n\n\n\n<figure class=\"wp-block-table is-style-stripes\"><table class=\"has-background has-fixed-layout\" style=\"background-color:#8ab7dc\"><tbody><tr><td class=\"has-text-align-center\" data-align=\"center\"><strong>\u00c1rea de conhecimento<\/strong><\/td><td class=\"has-text-align-center\" data-align=\"center\"><strong>N\u00famero de itens<\/strong><\/td><td class=\"has-text-align-center\" data-align=\"center\"><strong>Pontos<\/strong><\/td><\/tr><tr><td class=\"has-text-align-center\" data-align=\"center\">Conhecimentos B\u00e1sicos<\/td><td class=\"has-text-align-center\" data-align=\"center\">40<\/td><td class=\"has-text-align-center\" data-align=\"center\">40<\/td><\/tr><tr><td class=\"has-text-align-center\" data-align=\"center\">Conhecimentos Complementares<\/td><td class=\"has-text-align-center\" data-align=\"center\">30<\/td><td class=\"has-text-align-center\" data-align=\"center\">30<\/td><\/tr><tr><td class=\"has-text-align-center\" data-align=\"center\">Conhecimentos Espec\u00edficos<\/td><td class=\"has-text-align-center\" data-align=\"center\">50<\/td><td class=\"has-text-align-center\" data-align=\"center\">50<\/td><\/tr><\/tbody><\/table><\/figure>\n\n\n\n<h4 class=\"wp-block-heading\" id=\"conhecimentos-basicos\">Conhecimentos B\u00e1sicos: <\/h4>\n\n\n\n<ul class=\"wp-block-list\">\n<li>L\u00edngua Portuguesa; <\/li>\n\n\n\n<li>No\u00e7\u00f5es de Inform\u00e1tica (para Assistente de Tecnologia da Informa\u00e7\u00e3o ser\u00e1 substitu\u00eddo por L\u00edngua Inglesa); <\/li>\n\n\n\n<li>Racioc\u00ednio L\u00f3gico e Matem\u00e1tica.<\/li>\n<\/ul>\n\n\n\n<h4 class=\"wp-block-heading\" id=\"conhecimentos-complementares\">Conhecimentos Complementares: <\/h4>\n\n\n\n<ul class=\"wp-block-list\">\n<li>Legisla\u00e7\u00e3o e \u00c9tica na Administra\u00e7\u00e3o P\u00fablica; <\/li>\n\n\n\n<li>Atualidades. <\/li>\n<\/ul>\n\n\n\n<p>Para os candidatos inscritos nos cargos de n\u00edvel m\u00e9dio e n\u00edvel t\u00e9cnico, foi aprovado na prova objetiva o candidato que, cumulativamente:<\/p>\n\n\n\n<ul class=\"wp-block-list\">\n<li>a) obtiver nota igual ou superior a 8,00 pontos na \u00e1rea de Conhecimentos B\u00e1sicos;<\/li>\n\n\n\n<li>b) obtiver nota igual ou superior a 6,00 pontos na \u00e1rea de Conhecimentos Complementares;<\/li>\n\n\n\n<li>c) obtiver nota igual ou superior a 10,00 pontos na \u00e1rea de Conhecimentos Espec\u00edficos; e<\/li>\n\n\n\n<li>d) obtiver nota igual ou superior a 30,00 pontos na prova objetiva.<\/li>\n<\/ul>\n\n\n\n<p>J\u00e1 para os cargos de n\u00edvel superior, foi aprovado conforme as seguintes m\u00e9tricas:<\/p>\n\n\n\n<ul class=\"wp-block-list\">\n<li>a) obtiver nota igual ou superior a 8,00 pontos na \u00e1rea de Conhecimentos B\u00e1sicos;<\/li>\n\n\n\n<li>b) obtiver nota igual ou superior a 6,00 pontos na \u00e1rea de Conhecimentos Complementares;<\/li>\n\n\n\n<li>c) obtiver nota igual ou superior a 10,00 pontos na \u00e1rea de Conhecimentos Espec\u00edficos;<\/li>\n\n\n\n<li>d) obtiver nota igual ou superior a 30,00 pontos na prova objetiva; e<\/li>\n\n\n\n<li>e) estiver classificado para a entrega de documentos para a avalia\u00e7\u00e3o de t\u00edtulos (22\u00aa coloca\u00e7\u00e3o para ampla concorr\u00eancia; 6\u00aa coloca\u00e7\u00e3o para negros; 2\u00aa coloca\u00e7\u00e3o para PcD). <\/li>\n<\/ul>\n\n\n\n<h3 class=\"wp-block-heading\" id=\"titulos\">Avalia\u00e7\u00e3o de T\u00edtulos<\/h3>\n\n\n\n<p>A avalia\u00e7\u00e3o de t\u00edtulos, de car\u00e1ter unicamente classificat\u00f3rio, valer\u00e1 no m\u00e1ximo <strong>10,00 pontos<\/strong>, ainda que a soma dos valores dos t\u00edtulos e comprovantes seja superior a este valor. <\/p>\n\n\n\n<p>Os candidatos aos cargos de n\u00edvel superior ter\u00e3o de&nbsp;<strong>05 a 07 de outubro de 2022<\/strong>&nbsp;para enviar os documentos e comprovantes necess\u00e1rios para a etapa de&nbsp;<strong>avalia\u00e7\u00e3o de t\u00edtulos<\/strong>. A entrega dos documentos dever\u00e1 ser realizada via eletr\u00f4nica.<\/p>\n\n\n\n<p>Somente ser\u00e3o aceitos os t\u00edtulos e comprovantes mencionados a seguir, observados os limites de pontua\u00e7\u00e3o: <\/p>\n\n\n\n<figure class=\"wp-block-table is-style-stripes\"><table class=\"has-background has-fixed-layout\" style=\"background-color:#58a6d7\"><tbody><tr><td class=\"has-text-align-center\" data-align=\"center\"><strong>T\u00cdTULO<\/strong><\/td><td class=\"has-text-align-center\" data-align=\"center\"><strong>PONTUA\u00c7\u00c3O POR ITEM <\/strong><\/td><td class=\"has-text-align-center\" data-align=\"center\"> <strong>PONTUA\u00c7\u00c3O M\u00c1XIMA <\/strong><\/td><\/tr><tr><td class=\"has-text-align-center\" data-align=\"center\"> Analista Administrativo<\/td><td class=\"has-text-align-center\" data-align=\"center\">  3,00<\/td><td class=\"has-text-align-center\" data-align=\"center\">3,00<\/td><\/tr><tr><td class=\"has-text-align-center\" data-align=\"center\">Analista de Comunica\u00e7\u00e3o<\/td><td class=\"has-text-align-center\" data-align=\"center\"> 2,00<\/td><td class=\"has-text-align-center\" data-align=\"center\">2,00<\/td><\/tr><tr><td class=\"has-text-align-center\" data-align=\"center\"> Analista Financeiro<\/td><td class=\"has-text-align-center\" data-align=\"center\"> 0,50<\/td><td class=\"has-text-align-center\" data-align=\"center\">1,00<\/td><\/tr><tr><td class=\"has-text-align-center\" data-align=\"center\">Analista Jur\u00eddico<\/td><td class=\"has-text-align-center\" data-align=\"center\"> 0,80 por<br \/>ano completo<\/td><td class=\"has-text-align-center\" data-align=\"center\">4,00<\/td><\/tr><tr><td class=\"has-text-align-center\" data-align=\"center\"><strong>TOTAL<\/strong><\/td><td class=\"has-text-align-center\" data-align=\"center\"><\/td><td class=\"has-text-align-center\" data-align=\"center\"><strong>10,00<\/strong><\/td><\/tr><\/tbody><\/table><\/figure>\n\n\n\n<hr class=\"wp-block-separator has-css-opacity\"\/>\n\n\n\n<h2 class=\"wp-block-heading has-text-align-center\" id=\"preparacao-CRT4\">Quer se preparar para o concurso CRT 4? <\/h2>\n\n\n\n<div class=\"col-sm\">\n      <div class=\"banner-estrategia\" id=\"box-assinatura\">\n        <h3 class=\"titulo-assinatura\">Cursos para CRT PR<\/h3>\n        <p class=\"subtitulo-assinatura\">Conhe\u00e7a os cursos<\/p>\n        <div class=\"box-botao\">\n          <a class=\"btn-assinatura\" target=\"_blank\" href=\"https:\/\/www.estrategiaconcursos.com.br\/cursosPorConcurso\/conselho-regional-dos-tecnicos-industriais-4-regiao-crt-04\/\" role=\"button\" rel=\"noopener noreferrer\">Conhe\u00e7a mais<\/a>\n        <\/div>\n      <\/div>\n      \n    <\/div>\n\n\n\n<div class=\"container\" id=\"boxes\">\n  <div class=\"row\">\n\n    <div class=\"col-sm\">\n      <div class=\"estrategia\" id=\"box-assinatura\">\n        <h3 class=\"titulo-assinatura\">Assinatura Concursos<\/h3>\n        <p class=\"subtitulo-assinatura\">Assinatura de 1 ano ou 2 anos<\/p>\n        <div class=\"box-botao\">\n          <a class=\"btn-assinatura\" target=\"_blank\" href=\"https:\/\/www.estrategiaconcursos.com.br\/assinaturas\/\" role=\"button\" rel=\"noopener noreferrer\">ASSINE AGORA<\/a>\n        <\/div>\n      <\/div>\n     \n    <\/div><\/div><\/div>\n\n\n\n<h2 class=\"wp-block-heading has-text-align-center\" id=\"h-quer-saber-tudo-sobre-concursos-previstos-confira-nossos-artigos\">Quer saber tudo sobre concursos previstos?<br \/>Confira nossos artigos!<\/h2>\n\n\n\n<ul class=\"wp-block-list\">\n<li><a href=\"https:\/\/www.estrategiaconcursos.com.br\/blog\/concursos-abertos\/\" target=\"_blank\" rel=\"noreferrer noopener\">Concursos abertos<\/a><\/li>\n\n\n\n<li><a href=\"https:\/\/www.estrategiaconcursos.com.br\/blog\/concursos-2024\/\" target=\"_blank\" rel=\"noreferrer noopener\">Concursos 2024<\/a><\/li>\n<\/ul>\n\n\n\n<figure class=\"wp-block-image size-large is-resized\"><img loading=\"lazy\" decoding=\"async\" width=\"1024\" height=\"632\" src=\"https:\/\/dhg1h5j42swfq.cloudfront.net\/2021\/04\/05171352\/ficha-tecnica-33-1024x632.png\" alt=\"\" class=\"wp-image-707823\" style=\"width:293px;height:180px\" srcset=\"https:\/\/dhg1h5j42swfq.cloudfront.net\/2021\/04\/05171352\/ficha-tecnica-33-1024x632.png 1024w, https:\/\/dhg1h5j42swfq.cloudfront.net\/2021\/04\/05171352\/ficha-tecnica-33-300x185.png 300w, https:\/\/dhg1h5j42swfq.cloudfront.net\/2021\/04\/05171352\/ficha-tecnica-33-768x474.png 768w, https:\/\/dhg1h5j42swfq.cloudfront.net\/2021\/04\/05171352\/ficha-tecnica-33-1536x948.png 1536w, https:\/\/dhg1h5j42swfq.cloudfront.net\/2021\/04\/05171352\/ficha-tecnica-33-610x377.png 610w, https:\/\/dhg1h5j42swfq.cloudfront.net\/2021\/04\/05171352\/ficha-tecnica-33.png 1571w\" sizes=\"auto, (max-width: 1024px) 100vw, 1024px\" \/><\/figure>\n\n\n\n<h3 class=\"wp-block-heading\" id=\"block-ba1614b5-988b-41ef-892d-f4c9f7e9dd42\">Informa\u00e7\u00f5es do edital CRT 4<\/h3>\n\n\n\n<ul class=\"wp-block-list\" id=\"block-46dd482c-33cf-409c-8762-75c111403f14\">\n<li><strong>Provas<\/strong>: 02\/06<\/li>\n\n\n\n<li><strong>Vagas<\/strong>: 680<\/li>\n\n\n\n<li><strong>Cargos<\/strong>: diversos <\/li>\n\n\n\n<li><strong>Banca<\/strong>: Instituto Quadrix <\/li>\n\n\n\n<li><strong>Escolaridade<\/strong>: M\u00e9dio, T\u00e9cnico e Superior <\/li>\n\n\n\n<li><strong>Edital<\/strong>:&nbsp;<a href=\"https:\/\/dhg1h5j42swfq.cloudfront.net\/2024\/02\/19221038\/1_crt-04_concurso_publico_2024_edital_1_abertura.pdf\" target=\"_blank\" rel=\"noreferrer noopener nofollow\">Edital CRT 4<\/a> <\/li>\n<\/ul>\n\n\n\n<h3 class=\"wp-block-heading\" id=\"ficha\"><strong>Informa\u00e7\u00f5es sobre o \u00faltimo concurso CRT 4<\/strong><\/h3>\n\n\n\n<ul class=\"wp-block-list\">\n<li><strong>Inscri\u00e7\u00f5es<\/strong>: 16 de maio a 13 de junho de 2022<\/li>\n\n\n\n<li><strong>Prova Objetiva<\/strong>: 31 de julho de 2022<\/li>\n\n\n\n<li><strong>Vagas<\/strong>: 38 + 520 CR <\/li>\n\n\n\n<li><strong>Cargos<\/strong>: diversos<\/li>\n\n\n\n<li><strong>Banca<\/strong>: Instituto Quadrix<\/li>\n\n\n\n<li><strong>Edital<\/strong>: <a href=\"https:\/\/dhg1h5j42swfq.cloudfront.net\/2021\/09\/07182915\/crt-04_concurso_publico__2021_edital_1.pdf\" target=\"_blank\" rel=\"noreferrer noopener nofollow\">Edital CRT 4 2021<\/a>\/<a href=\"https:\/\/dhg1h5j42swfq.cloudfront.net\/2022\/05\/16152013\/1_crt-04_concurso_publico_2021_edital_6.pdf\" target=\"_blank\" rel=\"noreferrer noopener nofollow\">Novo cronograma<\/a><\/li>\n<\/ul>\n\n\n\n<p><br \/><\/p>\n","protected":false},"excerpt":{"rendered":"<p>O Conselho Regional dos T\u00e9cnicos Industriais da 4\u00aa regi\u00e3o, que abrange os estados do Paran\u00e1 e de Santa Catarina, tem edital publicado! S\u00e3o 680 vagas para diversos cargos, a remunera\u00e7\u00e3o varia de R$ 2.090,00 a R$ 4.510,00 mais benef\u00edcios. A prova objetiva est\u00e1 agendada para 02 de junho 2024. Confira mais informa\u00e7\u00f5es no decorrer do [&hellip;]<\/p>\n","protected":false},"author":1,"featured_media":452854,"comment_status":"open","ping_status":"closed","sticky":false,"template":"","format":"standard","meta":{"post_tipo":"news_page","footnotes":""},"categories":[214992],"tags":[],"tax_estado":[219981,219987],"class_list":["post-436396","post","type-post","status-publish","format-standard","has-post-thumbnail","hentry","category-concursos-administrativos","tax_estado-pr","tax_estado-sc"],"acf":[],"yoast_head":"<!-- This site is optimized with the Yoast SEO Premium plugin v27.2 (Yoast SEO v27.2) - https:\/\/yoast.com\/product\/yoast-seo-premium-wordpress\/ -->\n<title>Concurso CRT 4: provas em junho! 680 vagas<\/title>\n<meta name=\"description\" content=\"Concurso CRT 4: veja os detalhes referente ao edital do Conselho Regional dos T\u00e9cnicos Industriais da 4\u00aa Regi\u00e3o,\" \/>\n<meta name=\"robots\" content=\"index, follow, max-snippet:-1, max-image-preview:large, max-video-preview:-1\" \/>\n<link rel=\"canonical\" href=\"https:\/\/www.estrategiaconcursos.com.br\/blog\/concurso-crt-4\/\" \/>\n<meta property=\"og:locale\" content=\"pt_BR\" \/>\n<meta property=\"og:type\" content=\"article\" \/>\n<meta property=\"og:title\" content=\"Concurso CRT 4: provas em junho! 680 vagas\" \/>\n<meta property=\"og:description\" content=\"Concurso CRT 4: veja os detalhes referente ao edital do Conselho Regional dos T\u00e9cnicos Industriais da 4\u00aa Regi\u00e3o,\" \/>\n<meta property=\"og:url\" content=\"https:\/\/www.estrategiaconcursos.com.br\/blog\/concurso-crt-4\/\" \/>\n<meta property=\"og:site_name\" content=\"Estrat\u00e9gia Concursos\" \/>\n<meta property=\"article:author\" content=\"https:\/\/www.facebook.com\/EstrategiaConcursos\" \/>\n<meta property=\"article:published_time\" content=\"2024-04-09T14:00:00+00:00\" \/>\n<meta property=\"article:modified_time\" content=\"2024-04-09T14:47:36+00:00\" \/>\n<meta property=\"og:image\" content=\"https:\/\/dhg1h5j42swfq.cloudfront.net\/2019\/11\/28132948\/CRT-4.jpg\" \/>\n\t<meta property=\"og:image:width\" content=\"1200\" \/>\n\t<meta property=\"og:image:height\" content=\"628\" \/>\n\t<meta property=\"og:image:type\" content=\"image\/jpeg\" \/>\n<meta name=\"author\" content=\"Coordena\u00e7\u00e3o\" \/>\n<meta name=\"twitter:card\" content=\"summary_large_image\" \/>\n<meta name=\"twitter:creator\" content=\"@EstratConcursos\" \/>\n<meta name=\"twitter:site\" content=\"@EstratConcursos\" \/>\n<meta name=\"twitter:label1\" content=\"Escrito por\" \/>\n\t<meta name=\"twitter:data1\" content=\"Coordena\u00e7\u00e3o\" \/>\n\t<meta name=\"twitter:label2\" content=\"Est. tempo de leitura\" \/>\n\t<meta name=\"twitter:data2\" content=\"8 minutos\" \/>\n<script type=\"application\/ld+json\" class=\"yoast-schema-graph\">{\"@context\":\"https:\/\/schema.org\",\"@graph\":[{\"@type\":\"NewsArticle\",\"@id\":\"https:\/\/www.estrategiaconcursos.com.br\/blog\/concurso-crt-4\/#article\",\"isPartOf\":{\"@id\":\"https:\/\/www.estrategiaconcursos.com.br\/blog\/concurso-crt-4\/\"},\"author\":{\"name\":\"Coordena\u00e7\u00e3o\",\"@id\":\"https:\/\/www.estrategiaconcursos.com.br\/blog\/#\/schema\/person\/b4a388c97673c5f483d72185668afa1f\"},\"headline\":\"Concurso CRT 4: provas em junho! 680 vagas\",\"datePublished\":\"2024-04-09T14:00:00+00:00\",\"dateModified\":\"2024-04-09T14:47:36+00:00\",\"mainEntityOfPage\":{\"@id\":\"https:\/\/www.estrategiaconcursos.com.br\/blog\/concurso-crt-4\/\"},\"wordCount\":1536,\"commentCount\":0,\"publisher\":{\"@id\":\"https:\/\/www.estrategiaconcursos.com.br\/blog\/#organization\"},\"image\":{\"@id\":\"https:\/\/www.estrategiaconcursos.com.br\/blog\/concurso-crt-4\/#primaryimage\"},\"thumbnailUrl\":\"https:\/\/dhg1h5j42swfq.cloudfront.net\/2019\/11\/28132948\/CRT-4.jpg\",\"articleSection\":[\"Executivo (Administrativa)\"],\"inLanguage\":\"pt-BR\",\"potentialAction\":[{\"@type\":\"CommentAction\",\"name\":\"Comment\",\"target\":[\"https:\/\/www.estrategiaconcursos.com.br\/blog\/concurso-crt-4\/#respond\"]}],\"copyrightYear\":\"2024\",\"copyrightHolder\":{\"@id\":\"https:\/\/www.estrategiaconcursos.com.br\/blog\/#organization\"}},{\"@type\":\"WebPage\",\"@id\":\"https:\/\/www.estrategiaconcursos.com.br\/blog\/concurso-crt-4\/\",\"url\":\"https:\/\/www.estrategiaconcursos.com.br\/blog\/concurso-crt-4\/\",\"name\":\"Concurso CRT 4: provas em junho! 680 vagas\",\"isPartOf\":{\"@id\":\"https:\/\/www.estrategiaconcursos.com.br\/blog\/#website\"},\"primaryImageOfPage\":{\"@id\":\"https:\/\/www.estrategiaconcursos.com.br\/blog\/concurso-crt-4\/#primaryimage\"},\"image\":{\"@id\":\"https:\/\/www.estrategiaconcursos.com.br\/blog\/concurso-crt-4\/#primaryimage\"},\"thumbnailUrl\":\"https:\/\/dhg1h5j42swfq.cloudfront.net\/2019\/11\/28132948\/CRT-4.jpg\",\"datePublished\":\"2024-04-09T14:00:00+00:00\",\"dateModified\":\"2024-04-09T14:47:36+00:00\",\"description\":\"Concurso CRT 4: veja os detalhes referente ao edital do Conselho Regional dos T\u00e9cnicos Industriais da 4\u00aa Regi\u00e3o,\",\"breadcrumb\":{\"@id\":\"https:\/\/www.estrategiaconcursos.com.br\/blog\/concurso-crt-4\/#breadcrumb\"},\"inLanguage\":\"pt-BR\",\"potentialAction\":[{\"@type\":\"ReadAction\",\"target\":[\"https:\/\/www.estrategiaconcursos.com.br\/blog\/concurso-crt-4\/\"]}]},{\"@type\":\"ImageObject\",\"inLanguage\":\"pt-BR\",\"@id\":\"https:\/\/www.estrategiaconcursos.com.br\/blog\/concurso-crt-4\/#primaryimage\",\"url\":\"https:\/\/dhg1h5j42swfq.cloudfront.net\/2019\/11\/28132948\/CRT-4.jpg\",\"contentUrl\":\"https:\/\/dhg1h5j42swfq.cloudfront.net\/2019\/11\/28132948\/CRT-4.jpg\",\"width\":1200,\"height\":628,\"caption\":\"concurso crt pr\"},{\"@type\":\"BreadcrumbList\",\"@id\":\"https:\/\/www.estrategiaconcursos.com.br\/blog\/concurso-crt-4\/#breadcrumb\",\"itemListElement\":[{\"@type\":\"ListItem\",\"position\":1,\"name\":\"In\u00edcio\",\"item\":\"https:\/\/www.estrategiaconcursos.com.br\/blog\/\"},{\"@type\":\"ListItem\",\"position\":2,\"name\":\"Concurso CRT 4: provas em junho! 680 vagas\"}]},{\"@type\":\"WebSite\",\"@id\":\"https:\/\/www.estrategiaconcursos.com.br\/blog\/#website\",\"url\":\"https:\/\/www.estrategiaconcursos.com.br\/blog\/\",\"name\":\"Estrat\u00e9gia Concursos\",\"description\":\"O blog da Estrat\u00e9gia Concursos traz not\u00edcias sobre concursos e artigos de professores oferecendo cursos para concursos (pdf + videaulas) no site.\",\"publisher\":{\"@id\":\"https:\/\/www.estrategiaconcursos.com.br\/blog\/#organization\"},\"potentialAction\":[{\"@type\":\"SearchAction\",\"target\":{\"@type\":\"EntryPoint\",\"urlTemplate\":\"https:\/\/www.estrategiaconcursos.com.br\/blog\/?s={search_term_string}\"},\"query-input\":{\"@type\":\"PropertyValueSpecification\",\"valueRequired\":true,\"valueName\":\"search_term_string\"}}],\"inLanguage\":\"pt-BR\"},{\"@type\":\"Organization\",\"@id\":\"https:\/\/www.estrategiaconcursos.com.br\/blog\/#organization\",\"name\":\"Estrat\u00e9gia Concursos\",\"url\":\"https:\/\/www.estrategiaconcursos.com.br\/blog\/\",\"logo\":{\"@type\":\"ImageObject\",\"inLanguage\":\"pt-BR\",\"@id\":\"https:\/\/www.estrategiaconcursos.com.br\/blog\/#\/schema\/logo\/image\/\",\"url\":\"https:\/\/dhg1h5j42swfq.cloudfront.net\/2025\/06\/03203428\/logo_concursos-1.jpg\",\"contentUrl\":\"https:\/\/dhg1h5j42swfq.cloudfront.net\/2025\/06\/03203428\/logo_concursos-1.jpg\",\"width\":230,\"height\":60,\"caption\":\"Estrat\u00e9gia Concursos\"},\"image\":{\"@id\":\"https:\/\/www.estrategiaconcursos.com.br\/blog\/#\/schema\/logo\/image\/\"},\"sameAs\":[\"https:\/\/x.com\/EstratConcursos\"]},{\"@type\":\"Person\",\"@id\":\"https:\/\/www.estrategiaconcursos.com.br\/blog\/#\/schema\/person\/b4a388c97673c5f483d72185668afa1f\",\"name\":\"Coordena\u00e7\u00e3o\",\"image\":{\"@type\":\"ImageObject\",\"inLanguage\":\"pt-BR\",\"@id\":\"https:\/\/secure.gravatar.com\/avatar\/b720319e4c9a967eb58678d110f4fe35452fc5d5f97b202bac7b8acceb18c6ad?s=96&d=mm&r=g\",\"url\":\"https:\/\/secure.gravatar.com\/avatar\/b720319e4c9a967eb58678d110f4fe35452fc5d5f97b202bac7b8acceb18c6ad?s=96&d=mm&r=g\",\"contentUrl\":\"https:\/\/secure.gravatar.com\/avatar\/b720319e4c9a967eb58678d110f4fe35452fc5d5f97b202bac7b8acceb18c6ad?s=96&d=mm&r=g\",\"caption\":\"Coordena\u00e7\u00e3o\"},\"sameAs\":[\"https:\/\/www.facebook.com\/EstrategiaConcursos\",\"https:\/\/x.com\/EstratConcursos\"],\"url\":\"https:\/\/www.estrategiaconcursos.com.br\/blog\/author\/estrategia2013\/\"}]}<\/script>\n<!-- \/ Yoast SEO Premium plugin. -->","yoast_head_json":{"title":"Concurso CRT 4: provas em junho! 680 vagas","description":"Concurso CRT 4: veja os detalhes referente ao edital do Conselho Regional dos T\u00e9cnicos Industriais da 4\u00aa Regi\u00e3o,","robots":{"index":"index","follow":"follow","max-snippet":"max-snippet:-1","max-image-preview":"max-image-preview:large","max-video-preview":"max-video-preview:-1"},"canonical":"https:\/\/www.estrategiaconcursos.com.br\/blog\/concurso-crt-4\/","og_locale":"pt_BR","og_type":"article","og_title":"Concurso CRT 4: provas em junho! 680 vagas","og_description":"Concurso CRT 4: veja os detalhes referente ao edital do Conselho Regional dos T\u00e9cnicos Industriais da 4\u00aa Regi\u00e3o,","og_url":"https:\/\/www.estrategiaconcursos.com.br\/blog\/concurso-crt-4\/","og_site_name":"Estrat\u00e9gia Concursos","article_author":"https:\/\/www.facebook.com\/EstrategiaConcursos","article_published_time":"2024-04-09T14:00:00+00:00","article_modified_time":"2024-04-09T14:47:36+00:00","og_image":[{"width":1200,"height":628,"url":"https:\/\/dhg1h5j42swfq.cloudfront.net\/2019\/11\/28132948\/CRT-4.jpg","type":"image\/jpeg"}],"author":"Coordena\u00e7\u00e3o","twitter_card":"summary_large_image","twitter_creator":"@EstratConcursos","twitter_site":"@EstratConcursos","twitter_misc":{"Escrito por":"Coordena\u00e7\u00e3o","Est. tempo de leitura":"8 minutos"},"schema":{"@context":"https:\/\/schema.org","@graph":[{"@type":"NewsArticle","@id":"https:\/\/www.estrategiaconcursos.com.br\/blog\/concurso-crt-4\/#article","isPartOf":{"@id":"https:\/\/www.estrategiaconcursos.com.br\/blog\/concurso-crt-4\/"},"author":{"name":"Coordena\u00e7\u00e3o","@id":"https:\/\/www.estrategiaconcursos.com.br\/blog\/#\/schema\/person\/b4a388c97673c5f483d72185668afa1f"},"headline":"Concurso CRT 4: provas em junho! 680 vagas","datePublished":"2024-04-09T14:00:00+00:00","dateModified":"2024-04-09T14:47:36+00:00","mainEntityOfPage":{"@id":"https:\/\/www.estrategiaconcursos.com.br\/blog\/concurso-crt-4\/"},"wordCount":1536,"commentCount":0,"publisher":{"@id":"https:\/\/www.estrategiaconcursos.com.br\/blog\/#organization"},"image":{"@id":"https:\/\/www.estrategiaconcursos.com.br\/blog\/concurso-crt-4\/#primaryimage"},"thumbnailUrl":"https:\/\/dhg1h5j42swfq.cloudfront.net\/2019\/11\/28132948\/CRT-4.jpg","articleSection":["Executivo (Administrativa)"],"inLanguage":"pt-BR","potentialAction":[{"@type":"CommentAction","name":"Comment","target":["https:\/\/www.estrategiaconcursos.com.br\/blog\/concurso-crt-4\/#respond"]}],"copyrightYear":"2024","copyrightHolder":{"@id":"https:\/\/www.estrategiaconcursos.com.br\/blog\/#organization"}},{"@type":"WebPage","@id":"https:\/\/www.estrategiaconcursos.com.br\/blog\/concurso-crt-4\/","url":"https:\/\/www.estrategiaconcursos.com.br\/blog\/concurso-crt-4\/","name":"Concurso CRT 4: provas em junho! 680 vagas","isPartOf":{"@id":"https:\/\/www.estrategiaconcursos.com.br\/blog\/#website"},"primaryImageOfPage":{"@id":"https:\/\/www.estrategiaconcursos.com.br\/blog\/concurso-crt-4\/#primaryimage"},"image":{"@id":"https:\/\/www.estrategiaconcursos.com.br\/blog\/concurso-crt-4\/#primaryimage"},"thumbnailUrl":"https:\/\/dhg1h5j42swfq.cloudfront.net\/2019\/11\/28132948\/CRT-4.jpg","datePublished":"2024-04-09T14:00:00+00:00","dateModified":"2024-04-09T14:47:36+00:00","description":"Concurso CRT 4: veja os detalhes referente ao edital do Conselho Regional dos T\u00e9cnicos Industriais da 4\u00aa Regi\u00e3o,","breadcrumb":{"@id":"https:\/\/www.estrategiaconcursos.com.br\/blog\/concurso-crt-4\/#breadcrumb"},"inLanguage":"pt-BR","potentialAction":[{"@type":"ReadAction","target":["https:\/\/www.estrategiaconcursos.com.br\/blog\/concurso-crt-4\/"]}]},{"@type":"ImageObject","inLanguage":"pt-BR","@id":"https:\/\/www.estrategiaconcursos.com.br\/blog\/concurso-crt-4\/#primaryimage","url":"https:\/\/dhg1h5j42swfq.cloudfront.net\/2019\/11\/28132948\/CRT-4.jpg","contentUrl":"https:\/\/dhg1h5j42swfq.cloudfront.net\/2019\/11\/28132948\/CRT-4.jpg","width":1200,"height":628,"caption":"concurso crt pr"},{"@type":"BreadcrumbList","@id":"https:\/\/www.estrategiaconcursos.com.br\/blog\/concurso-crt-4\/#breadcrumb","itemListElement":[{"@type":"ListItem","position":1,"name":"In\u00edcio","item":"https:\/\/www.estrategiaconcursos.com.br\/blog\/"},{"@type":"ListItem","position":2,"name":"Concurso CRT 4: provas em junho! 680 vagas"}]},{"@type":"WebSite","@id":"https:\/\/www.estrategiaconcursos.com.br\/blog\/#website","url":"https:\/\/www.estrategiaconcursos.com.br\/blog\/","name":"Estrat\u00e9gia Concursos","description":"O blog da Estrat\u00e9gia Concursos traz not\u00edcias sobre concursos e artigos de professores oferecendo cursos para concursos (pdf + videaulas) no site.","publisher":{"@id":"https:\/\/www.estrategiaconcursos.com.br\/blog\/#organization"},"potentialAction":[{"@type":"SearchAction","target":{"@type":"EntryPoint","urlTemplate":"https:\/\/www.estrategiaconcursos.com.br\/blog\/?s={search_term_string}"},"query-input":{"@type":"PropertyValueSpecification","valueRequired":true,"valueName":"search_term_string"}}],"inLanguage":"pt-BR"},{"@type":"Organization","@id":"https:\/\/www.estrategiaconcursos.com.br\/blog\/#organization","name":"Estrat\u00e9gia Concursos","url":"https:\/\/www.estrategiaconcursos.com.br\/blog\/","logo":{"@type":"ImageObject","inLanguage":"pt-BR","@id":"https:\/\/www.estrategiaconcursos.com.br\/blog\/#\/schema\/logo\/image\/","url":"https:\/\/dhg1h5j42swfq.cloudfront.net\/2025\/06\/03203428\/logo_concursos-1.jpg","contentUrl":"https:\/\/dhg1h5j42swfq.cloudfront.net\/2025\/06\/03203428\/logo_concursos-1.jpg","width":230,"height":60,"caption":"Estrat\u00e9gia Concursos"},"image":{"@id":"https:\/\/www.estrategiaconcursos.com.br\/blog\/#\/schema\/logo\/image\/"},"sameAs":["https:\/\/x.com\/EstratConcursos"]},{"@type":"Person","@id":"https:\/\/www.estrategiaconcursos.com.br\/blog\/#\/schema\/person\/b4a388c97673c5f483d72185668afa1f","name":"Coordena\u00e7\u00e3o","image":{"@type":"ImageObject","inLanguage":"pt-BR","@id":"https:\/\/secure.gravatar.com\/avatar\/b720319e4c9a967eb58678d110f4fe35452fc5d5f97b202bac7b8acceb18c6ad?s=96&d=mm&r=g","url":"https:\/\/secure.gravatar.com\/avatar\/b720319e4c9a967eb58678d110f4fe35452fc5d5f97b202bac7b8acceb18c6ad?s=96&d=mm&r=g","contentUrl":"https:\/\/secure.gravatar.com\/avatar\/b720319e4c9a967eb58678d110f4fe35452fc5d5f97b202bac7b8acceb18c6ad?s=96&d=mm&r=g","caption":"Coordena\u00e7\u00e3o"},"sameAs":["https:\/\/www.facebook.com\/EstrategiaConcursos","https:\/\/x.com\/EstratConcursos"],"url":"https:\/\/www.estrategiaconcursos.com.br\/blog\/author\/estrategia2013\/"}]}},"_links":{"self":[{"href":"https:\/\/www.estrategiaconcursos.com.br\/blog\/wp-json\/wp\/v2\/posts\/436396","targetHints":{"allow":["GET"]}}],"collection":[{"href":"https:\/\/www.estrategiaconcursos.com.br\/blog\/wp-json\/wp\/v2\/posts"}],"about":[{"href":"https:\/\/www.estrategiaconcursos.com.br\/blog\/wp-json\/wp\/v2\/types\/post"}],"author":[{"embeddable":true,"href":"https:\/\/www.estrategiaconcursos.com.br\/blog\/wp-json\/wp\/v2\/users\/1"}],"replies":[{"embeddable":true,"href":"https:\/\/www.estrategiaconcursos.com.br\/blog\/wp-json\/wp\/v2\/comments?post=436396"}],"version-history":[{"count":135,"href":"https:\/\/www.estrategiaconcursos.com.br\/blog\/wp-json\/wp\/v2\/posts\/436396\/revisions"}],"predecessor-version":[{"id":1381212,"href":"https:\/\/www.estrategiaconcursos.com.br\/blog\/wp-json\/wp\/v2\/posts\/436396\/revisions\/1381212"}],"wp:featuredmedia":[{"embeddable":true,"href":"https:\/\/www.estrategiaconcursos.com.br\/blog\/wp-json\/wp\/v2\/media\/452854"}],"wp:attachment":[{"href":"https:\/\/www.estrategiaconcursos.com.br\/blog\/wp-json\/wp\/v2\/media?parent=436396"}],"wp:term":[{"taxonomy":"category","embeddable":true,"href":"https:\/\/www.estrategiaconcursos.com.br\/blog\/wp-json\/wp\/v2\/categories?post=436396"},{"taxonomy":"post_tag","embeddable":true,"href":"https:\/\/www.estrategiaconcursos.com.br\/blog\/wp-json\/wp\/v2\/tags?post=436396"},{"taxonomy":"tax_estado","embeddable":true,"href":"https:\/\/www.estrategiaconcursos.com.br\/blog\/wp-json\/wp\/v2\/tax_estado?post=436396"}],"curies":[{"name":"wp","href":"https:\/\/api.w.org\/{rel}","templated":true}]}}