{"id":436231,"date":"2026-04-01T13:27:38","date_gmt":"2026-04-01T16:27:38","guid":{"rendered":"https:\/\/www.estrategiaconcursos.com.br\/blog\/?p=436231"},"modified":"2026-04-23T12:15:53","modified_gmt":"2026-04-23T15:15:53","slug":"concurso-assembleia-legislativa-ce","status":"publish","type":"post","link":"https:\/\/www.estrategiaconcursos.com.br\/blog\/concurso-assembleia-legislativa-ce\/","title":{"rendered":"Concurso ALECE 2026: edital em maio com 200 vagas!"},"content":{"rendered":"\n<p style=\"font-size:clamp(14.082px, 0.88rem + ((1vw - 3.2px) * 0.678), 21px);\"><em><strong>LOA 2026 refor\u00e7a a realiza\u00e7\u00e3o do concurso ALECE em 2026. Presidente diz que certame ser\u00e1 o maior da hist\u00f3ria da Casa!<\/strong><\/em><\/p>\n\n\n\n<hr class=\"wp-block-separator has-alpha-channel-opacity\"\/>\n\n\n<p><center><a id=\"cta-icon\" href=\"https:\/\/sndflw.com\/i\/assembleial-legislativa-ce-grupo\" target=\"_blank\" style=\"background:#29a61a; display:inline-flex; align-items:center; padding:10px 15px; border-radius:6px; color:#fff; text-decoration:none; font-weight:500; font-size:15px;\"><img decoding=\"async\" src=\"https:\/\/dhg1h5j42swfq.cloudfront.net\/2023\/12\/07154107\/whatsapp_13851.png\" alt=\"\" style=\"width:20px; height:20px; margin-right:8px;\"><span>Acesse agora o Grupo de Estudos para o Concurso ALECE<\/span><\/a><\/center><\/p>\n\n\n\n<div style=\"height:43px\" aria-hidden=\"true\" class=\"wp-block-spacer\"><\/div>\n\n\n\n<p>O novo edital do <strong>concurso ALECE<\/strong> (<a href=\"https:\/\/www.estrategiaconcursos.com.br\/cursosPorConcurso\/assembleia-legislativa-do-estado-do-ceara-alce\/\" target=\"_blank\" rel=\"noreferrer noopener\">Assembleia Legislativa do Estado do Cear\u00e1<\/a>) ser\u00e1 <strong><a href=\"https:\/\/www.estrategiaconcursos.com.br\/blog\/edital-concurso-alece-maio-2026\/\" target=\"_blank\" rel=\"noreferrer noopener\">publicado em <\/a><\/strong><a href=\"https:\/\/www.estrategiaconcursos.com.br\/blog\/edital-concurso-alece-maio-2026\/\" target=\"_blank\" rel=\"noreferrer noopener\"><strong>maio de 2026<\/strong><\/a>! A previs\u00e3o \u00e9 do presidente da Casa, Romeu Aldigueri.<\/p>\n\n\n\n<p>&#8220;<em>Podem estudar, o edital sai em maio. N\u00f3s estamos fazendo a burocracia, os procedimentos licitat\u00f3rios e acredito que, em meados de maio, est\u00e1 na rua [o edital] com 200 vagas iniciais, o maior concurso p\u00fablico da hist\u00f3ria<\/em>&#8220;, disse. <\/p>\n\n\n\n<p>Outro ponto que refor\u00e7a a publica\u00e7\u00e3o do edital \u00e9 que a Lei Or\u00e7ament\u00e1ria Anual (LOA) para 2026 foi sancionada com a previs\u00e3o do certame.<\/p>\n\n\n\n<p>Vale lembrar que a comiss\u00e3o j\u00e1 foi institu\u00edda e segue trabalhando para definir a banca organizadora respons\u00e1vel pela sele\u00e7\u00e3o.<\/p>\n\n\n\n<p>Inclusive, em <a href=\"https:\/\/www.estrategiaconcursos.com.br\/blog\/concurso-alece-2026-fase-analises-tecnicas\/\" target=\"_blank\" rel=\"noreferrer noopener\">contato com a assessoria de imprensa da ALECE<\/a>, fomos informados de que, atualmente, <em>&#8220;a comiss\u00e3o est\u00e1 em fase de reuni\u00f5es e an\u00e1lises t\u00e9cnicas para defini\u00e7\u00e3o dos crit\u00e9rios que ir\u00e3o compor o edital&#8221;<\/em>.<\/p>\n\n\n\n<ul class=\"wp-block-list has-very-light-gray-to-cyan-bluish-gray-gradient-background has-background\">\n<li><strong>Concurso ALECE<\/strong><\/li>\n\n\n\n<li><strong style=\"background-color: initial; color: initial;\">Situa\u00e7\u00e3o:<\/strong><span style=\"background-color: initial; color: initial;\"> comiss\u00e3o formada<\/span><\/li>\n\n\n\n<li><strong>Vagas:<\/strong> 200 + 400 CR<\/li>\n\n\n\n<li><strong>Sal\u00e1rio:<\/strong> R$ 2.913,78 a R$ 5.834,74<\/li>\n\n\n\n<li><strong>\u00daltimo edital<\/strong>: <a href=\"https:\/\/dhg1h5j42swfq.cloudfront.net\/2021\/05\/07151639\/ed_1_alce_20_abt.pdf\" target=\"_blank\" rel=\"noreferrer noopener nofollow\">ALECE 2021<\/a><\/li>\n<\/ul>\n\n\n\n<p>Em rela\u00e7\u00e3o ao \u00faltimo concurso AL CE, apesar da validade seguir vigente at\u00e9 maio de 2026 (<a href=\"https:\/\/dhg1h5j42swfq.cloudfront.net\/2024\/03\/06221513\/alece.pdf\" target=\"_blank\" rel=\"noreferrer noopener nofollow\">ap\u00f3s prorroga\u00e7\u00e3o<\/a>), todos os aprovados em cadastro de reserva foram chamados.<\/p>\n\n\n\n<p>Sob organiza\u00e7\u00e3o do Cebraspe, foram ofertadas <strong>100 vagas para cargos de n\u00edveis m\u00e9dio e superior<\/strong>, distribu\u00eddas entre Analista e T\u00e9cnico Legislativo. Segundo os dados, mais de 30 mil inscri\u00e7\u00f5es foram registradas.<\/p>\n\n\n\n<p id=\"indice\">Acompanhe neste artigo todas as informa\u00e7\u00f5es necess\u00e1rias sobre o concurso AL CE:<\/p>\n\n\n\n<ul id=\"indice\" class=\"wp-block-list\">\n<li><a href=\"#novo\">Informa\u00e7\u00f5es do novo concurso<\/a>\n<ul class=\"wp-block-list\">\n<li><a href=\"#comissao\">Comiss\u00e3o formada<\/a><\/li>\n\n\n\n<li><a href=\"#loa26\">Edital previsto na LOA 2026<\/a><\/li>\n<\/ul>\n<\/li>\n\n\n\n<li><a href=\"#ultimo-concurso\">\u00daltimo concurso &#8211; 2021<\/a>\n<ul class=\"wp-block-list\">\n<li><a href=\"#convocacoes\">Convoca\u00e7\u00f5es<\/a><\/li>\n\n\n\n<li><a href=\"#cargos-ultimo\">Cargos e vagas<\/a><\/li>\n\n\n\n<li><a href=\"#etapas-2021\">Etapas do concurso<\/a><\/li>\n<\/ul>\n<\/li>\n\n\n\n<li><a href=\"#plano\">Plano de Cargos, Carreira e Remunera\u00e7\u00e3o<\/a><\/li>\n\n\n\n<li><a href=\"#material\">Materiais B\u00f4nus e Gratuitos<\/a>\n<ul class=\"wp-block-list\">\n<li><a href=\"#estrategico\">Edital estrat\u00e9gico<\/a><\/li>\n\n\n\n<li><a href=\"#guia\">Guia de estudos<\/a><\/li>\n<\/ul>\n<\/li>\n\n\n\n<li><a href=\"#cursos\">Cursos e assinaturas<\/a><\/li>\n\n\n\n<li><a href=\"#ficha\">Ficha T\u00e9cnica<\/a><\/li>\n<\/ul>\n\n\n\n<div class=\"container\" id=\"boxes\">\n  <div class=\"row\">\n\n    <div class=\"col-sm\">\n      <div class=\"banner-ale\" id=\"box-assinatura\">\n        <h3 class=\"titulo-assinatura\">Concurso ALECE<\/h3>\n        <p class=\"subtitulo-assinatura\">Prepara\u00e7\u00e3o completa para a carreira na AL CE<\/p>\n        <div class=\"box-botao\">\n          <a class=\"btn-assinatura\" target=\"_blank\" href=\"https:\/\/www.estrategiaconcursos.com.br\/cursosPorConcurso\/assembleia-legislativa-do-estado-do-ceara-alce\/\" role=\"button\" rel=\"noopener noreferrer\">VER CURSOS<\/a>\n        <\/div>\n      <\/div>\n    \n    <\/div>\n\n  <\/div>\n<\/div>\n\n\n\n<h2 class=\"wp-block-heading\" id=\"novo\">Concurso ALECE: informa\u00e7\u00f5es do novo edital<\/h2>\n\n\n\n<h3 class=\"wp-block-heading\" id=\"comissao\">Comiss\u00e3o formada<\/h3>\n\n\n\n<p>Est\u00e1 devidamente <strong>constitu\u00edda a comiss\u00e3o<\/strong> respons\u00e1vel pelo pr\u00f3ximo <strong>concurso ALECE<\/strong>. O ato deliberativo n\u00ba 997 foi publicado no Di\u00e1rio Oficial da Casa.<\/p>\n\n\n\n<figure class=\"wp-block-image aligncenter size-full\"><img loading=\"lazy\" decoding=\"async\" width=\"931\" height=\"455\" src=\"https:\/\/dhg1h5j42swfq.cloudfront.net\/2025\/11\/14174608\/image-172.png\" alt=\"Concurso ALECE 2026 tem comiss\u00e3o formada\" class=\"wp-image-1671079\" srcset=\"https:\/\/dhg1h5j42swfq.cloudfront.net\/2025\/11\/14174608\/image-172.png 931w, https:\/\/dhg1h5j42swfq.cloudfront.net\/2025\/11\/14174608\/image-172-300x147.png 300w, https:\/\/dhg1h5j42swfq.cloudfront.net\/2025\/11\/14174608\/image-172-768x375.png 768w, https:\/\/dhg1h5j42swfq.cloudfront.net\/2025\/11\/14174608\/image-172-150x73.png 150w\" sizes=\"auto, (max-width: 931px) 100vw, 931px\" \/><figcaption class=\"wp-element-caption\">Concurso ALECE tem comiss\u00e3o formada<\/figcaption><\/figure>\n\n\n\n<ul class=\"wp-block-list\">\n<li><a href=\"https:\/\/dhg1h5j42swfq.cloudfront.net\/2025\/11\/14174458\/alece-comissao.pdf\" target=\"_blank\" rel=\"noreferrer noopener nofollow\">Confira na \u00edntegra os integrantes da comiss\u00e3o<\/a><\/li>\n<\/ul>\n\n\n\n<p>Em contato com a assessoria de imprensa da Assembleia Legislativa do Cear\u00e1, obtivemos informa\u00e7\u00f5es sobre a <strong>situa\u00e7\u00e3o atual do pr\u00f3ximo concurso p\u00fablico ALECE<\/strong>.<\/p>\n\n\n\n<p>Segundo o \u00f3rg\u00e3o, atualmente <em>&#8220;a comiss\u00e3o est\u00e1 em fase de reuni\u00f5es e an\u00e1lises t\u00e9cnicas para defini\u00e7\u00e3o dos crit\u00e9rios que ir\u00e3o compor o edital.&#8221;<\/em><\/p>\n\n\n\n<figure class=\"wp-block-image aligncenter size-full\"><img loading=\"lazy\" decoding=\"async\" width=\"655\" height=\"603\" src=\"https:\/\/dhg1h5j42swfq.cloudfront.net\/2026\/03\/06155751\/situacao-do-concurso-alece.png\" alt=\"Assessoria confirma fase de reuni\u00e3o e an\u00e1lises t\u00e9cnicas do concurso ALECE 2026\" class=\"wp-image-1727041\" srcset=\"https:\/\/dhg1h5j42swfq.cloudfront.net\/2026\/03\/06155751\/situacao-do-concurso-alece.png 655w, https:\/\/dhg1h5j42swfq.cloudfront.net\/2026\/03\/06155751\/situacao-do-concurso-alece-300x276.png 300w, https:\/\/dhg1h5j42swfq.cloudfront.net\/2026\/03\/06155751\/situacao-do-concurso-alece-150x138.png 150w\" sizes=\"auto, (max-width: 655px) 100vw, 655px\" \/><figcaption class=\"wp-element-caption\">Assessoria confirma fase de reuni\u00e3o e an\u00e1lises t\u00e9cnicas do concurso ALECE<\/figcaption><\/figure>\n\n\n\n<h3 class=\"wp-block-heading\" id=\"loa26\">Edital previsto na LOA 2026<\/h3>\n\n\n\n<p>Foi sancionada a Lei Or\u00e7ament\u00e1ria Anual (LOA) de 2026, com previs\u00e3o de realiza\u00e7\u00e3o de diversos concursos p\u00fablicos no estado, entre eles o da Assembleia Legislativa.<\/p>\n\n\n\n<figure class=\"wp-block-image aligncenter size-large\"><img loading=\"lazy\" decoding=\"async\" width=\"1024\" height=\"255\" src=\"https:\/\/dhg1h5j42swfq.cloudfront.net\/2025\/12\/30212231\/image-272-1024x255.png\" alt=\"LOA 2026 prev\u00ea a realiza\u00e7\u00e3o do concurso AL CE\" class=\"wp-image-1692250\" srcset=\"https:\/\/dhg1h5j42swfq.cloudfront.net\/2025\/12\/30212231\/image-272-1024x255.png 1024w, https:\/\/dhg1h5j42swfq.cloudfront.net\/2025\/12\/30212231\/image-272-300x75.png 300w, https:\/\/dhg1h5j42swfq.cloudfront.net\/2025\/12\/30212231\/image-272-768x192.png 768w, https:\/\/dhg1h5j42swfq.cloudfront.net\/2025\/12\/30212231\/image-272-150x37.png 150w, https:\/\/dhg1h5j42swfq.cloudfront.net\/2025\/12\/30212231\/image-272.png 1299w\" sizes=\"auto, (max-width: 1024px) 100vw, 1024px\" \/><figcaption class=\"wp-element-caption\">LOA 2026 prev\u00ea a realiza\u00e7\u00e3o do concurso AL CE<\/figcaption><\/figure>\n\n\n\n<ul class=\"wp-block-list\">\n<li><a href=\"https:\/\/dhg1h5j42swfq.cloudfront.net\/2025\/12\/30212333\/loa_ce_2026.pdf\" target=\"_blank\" rel=\"noreferrer noopener nofollow\">LDO do Cear\u00e1 para 2026<\/a><\/li>\n<\/ul>\n\n\n\n<h2 class=\"wp-block-heading\" id=\"ultimo-concurso\">Concurso ALECE: \u00faltimo edital &#8211; 2021<\/h2>\n\n\n\n<h3 class=\"wp-block-heading\" id=\"cargos-ultimo\">Cargos e vagas <\/h3>\n\n\n\n<p>O concurso AL CE ofereceu aos candidatos<strong>&nbsp;100 vagas <\/strong>para n\u00edvel m\u00e9dio e superior, nos cargos de Analista e T\u00e9cnico Legislativo, sendo 30 para T\u00e9cnico e 70 vagas para Analista Legislativo.<\/p>\n\n\n\n<p>Para n\u00edvel m\u00e9dio a remunera\u00e7\u00e3o inicial foi de R$ 2.224,90 para uma jornada de 30 horas. J\u00e1 para n\u00edvel superior, o valor foi de R$ 4.455,29. Confira abaixo os cargos e vagas!<\/p>\n\n\n\n<ul class=\"wp-block-list\">\n<li><strong>N\u00edvel m\u00e9dio<\/strong>\n<ul class=\"wp-block-list\">\n<li>T\u00e9cnico Legislativo (28 Vagas)<\/li>\n<\/ul>\n<\/li>\n<\/ul>\n\n\n\n<ul class=\"wp-block-list\">\n<li><strong>N\u00edvel superior<\/strong>:\n<ul class=\"wp-block-list\">\n<li>Analista Legislativo \u2013 Administra\u00e7\u00e3o (05 Vagas)<\/li>\n\n\n\n<li>Analista Legislativo \u2013 Arquitetura e Urbanismo (01 Vaga)<\/li>\n\n\n\n<li>Analista Legislativo \u2013 Biblioteconomia (1 Vaga)<\/li>\n\n\n\n<li>Analista Legislativo \u2013 Ci\u00eancias Cont\u00e1beis (04 Vagas)<\/li>\n\n\n\n<li>Analista Legislativo \u2013 Ci\u00eancias Econ\u00f4micas (1 Vaga)<\/li>\n\n\n\n<li>Analista Legislativo \u2013 Consultoria T\u00e9cnica Legislativa (09 Vagas)<\/li>\n\n\n\n<li>Analista Legislativo \u2013 Controle Interno (4 Vagas)<\/li>\n\n\n\n<li>Analista Legislativo \u2013 Design Gr\u00e1fico (2 Vagas)<\/li>\n\n\n\n<li>Analista Legislativo \u2013 Direito (22 Vagas)<\/li>\n\n\n\n<li>Analista Legislativo \u2013 Engenharia Civil (01 Vagas)<\/li>\n\n\n\n<li>Analista Legislativo \u2013 Engenharia El\u00e9trica (01 Vagas)<\/li>\n\n\n\n<li>Analista Legislativo \u2013 Inform\u00e1tica (04 Vagas)<\/li>\n\n\n\n<li>Analista Legislativo \u2013 Jornalismo (02 Vagas)<\/li>\n\n\n\n<li>Analista Legislativo \u2013 L\u00edngua Portuguesa \u2013 Gram\u00e1tica Normativa e Revis\u00e3o Ortogr\u00e1fica (3 Vagas)<\/li>\n\n\n\n<li>Analista Legislativo \u2013 Psicologia (01 Vagas)<\/li>\n\n\n\n<li>Analista Legislativo \u2013 Publicidade e Propaganda (3 Vagas)<\/li>\n<\/ul>\n<\/li>\n<\/ul>\n\n\n\n<p>Segundo demanda de inscritos divulgada pelo Cebraspe, foram confirmadas 30.601 inscri\u00e7\u00f5es. O cargo com maior procura foi de T\u00e9cnico Legislativo com 15.850 candidaturas.<\/p>\n\n\n\n<ul class=\"wp-block-list\">\n<li><strong><a href=\"https:\/\/dhg1h5j42swfq.cloudfront.net\/2021\/12\/14145412\/al_ce_20___demanda_candidatos_por_vaga_.pdf\" target=\"_blank\" rel=\"noreferrer noopener nofollow\">Veja aqui a demanda de inscritos<\/a> <\/strong><\/li>\n<\/ul>\n\n\n\n<h3 class=\"wp-block-heading\" id=\"etapas-2021\">Etapas do concurso AL CE<\/h3>\n\n\n\n<p>O concurso ALECE foi constitu\u00eddo de at\u00e9 3 etapas, sendo elas:<\/p>\n\n\n\n<ol class=\"wp-block-list\">\n<li><strong>Prova escrita objetiva<\/strong>, de car\u00e1ter eliminat\u00f3rio e classificat\u00f3rio, dividida em:\n<ul class=\"wp-block-list\">\n<li><span style=\"text-decoration: underline;\">Conhecimentos B\u00e1sicos<\/span> &#8211; <strong>20 quest\u00f5es (<\/strong><strong>P1<\/strong>);<\/li>\n\n\n\n<li><span style=\"text-decoration: underline;\">Conhecimentos Espec\u00edficos<\/span>, para todos os cargos &#8211; <strong>50 quest\u00f5es (P2)<\/strong>;<\/li>\n<\/ul>\n<\/li>\n\n\n\n<li><strong>Prova discursiva&nbsp;(P3)<\/strong>&nbsp;\u2013 reda\u00e7\u00e3o para todos os cargos, de car\u00e1ter eliminat\u00f3rio e classificat\u00f3rio;<\/li>\n\n\n\n<li><strong>Avalia\u00e7\u00e3o de t\u00edtulos<\/strong> <strong>(P4)<\/strong>, somente para os cargos de Analista Legislativo, de car\u00e1ter classificat\u00f3rio.<\/li>\n<\/ol>\n\n\n\n<h4 class=\"wp-block-heading\" id=\"objetiva\">Prova Objetiva<\/h4>\n\n\n\n<p>As provas objetivas do concurso AL CE contou com 70 quest\u00f5es, valendo 120,00 pontos. As quest\u00f5es foram do tipo m\u00faltipla escolha, com cinco op\u00e7\u00f5es (A, B, C, D e E), possuindo uma \u00fanica resposta correta.<\/p>\n\n\n\n<figure class=\"wp-block-table is-style-stripes\"><table class=\"has-very-light-gray-to-cyan-bluish-gray-gradient-background has-background has-fixed-layout\"><tbody><tr><td class=\"has-text-align-center\" data-align=\"center\">Conhecimentos Gerais<\/td><td class=\"has-text-align-center\" data-align=\"center\">20 quest\u00f5es<\/td><\/tr><tr><td class=\"has-text-align-center\" data-align=\"center\">Conhecimentos Espec\u00edficos<\/td><td class=\"has-text-align-center\" data-align=\"center\">50 quest\u00f5es<\/td><\/tr><\/tbody><\/table><figcaption class=\"wp-element-caption\"><em>Quantidade de quest\u00f5es da prova objetiva do concurso AL CE<\/em><\/figcaption><\/figure>\n\n\n\n<ul class=\"wp-block-list\">\n<li><strong>Conhecimentos Gerais &#8211; N\u00edvel Superior<\/strong>\n<ul class=\"wp-block-list\">\n<li><em>L\u00edngua Portuguesa (Exceto para Analista Legislativo \u2013 L\u00edngua Portuguesa &#8211; Gram\u00e1tica Normativa e Revis\u00e3o Ortogr\u00e1fica)<\/em><\/li>\n\n\n\n<li><em>No\u00e7\u00f5es de Administra\u00e7\u00e3o P\u00fablica (Exceto para Analista Legislativo \u2013 Direito, Inform\u00e1tica e L\u00edngua Portuguesa &#8211; Gram\u00e1tica Normativa e Revis\u00e3o Ortogr\u00e1fica)<\/em><\/li>\n\n\n\n<li><em>No\u00e7\u00f5es de Direito Administrativo (Exceto para Analista Legislativo \u2013 Consultoria T\u00e9cnica Legislativa e Direito)<\/em><\/li>\n\n\n\n<li><em>No\u00e7\u00f5es de Direito Constitucional (Exceto para Analista Legislativo \u2013 Consultoria T\u00e9cnica Legislativa e Direito)<\/em><\/li>\n\n\n\n<li><em>Legisla\u00e7\u00e3o de Interesse Institucional<\/em><\/li>\n\n\n\n<li><em>Racioc\u00ednio L\u00f3gico, Quantitativo e Anal\u00edtico (Somente para Analista Legislativo \u2013 Inform\u00e1tica)<\/em><\/li>\n<\/ul>\n<\/li>\n<\/ul>\n\n\n\n<ul class=\"wp-block-list\">\n<li><strong>Conhecimentos Gerais &#8211; T\u00e9cnico Legislativo<\/strong>\n<ul class=\"wp-block-list\">\n<li><em>No\u00e7\u00f5es de Inform\u00e1tica<\/em><\/li>\n\n\n\n<li><em>Legisla\u00e7\u00e3o de Interesse Institucional<\/em><\/li>\n\n\n\n<li><em>Racioc\u00ednio L\u00f3gico, Quantitativo e Anal\u00edtico<\/em><\/li>\n<\/ul>\n<\/li>\n<\/ul>\n\n\n\n<h4 class=\"wp-block-heading\" id=\"discursiva\">Prova Discursiva<\/h4>\n\n\n\n<p>A prova discursiva valeu 70,00 pontos e consistiu na reda\u00e7\u00e3o de texto dissertativo &#8211; m\u00ednimo 20 linhas e m\u00e1ximo 30 linhas &#8211; a respeito de um tema da atualidade.<\/p>\n\n\n\n<h4 class=\"wp-block-heading\" id=\"titulos\">Avalia\u00e7\u00e3o de T\u00edtulos<\/h4>\n\n\n\n<p>Foram convocados para a avalia\u00e7\u00e3o de t\u00edtulos do concurso AL CE os candidatos aos cargos de n\u00edvel superior aprovados na prova discursiva. <\/p>\n\n\n\n<p>A avalia\u00e7\u00e3o de t\u00edtulos valeu no m\u00e1ximo 10 pontos, ainda que a soma dos valores dos t\u00edtulos apresentados fosse superior a esse valor. <\/p>\n\n\n\n<h2 class=\"wp-block-heading\" id=\"plano\">Concurso ALECE: remunera\u00e7\u00e3o e cargos existentes<\/h2>\n\n\n\n<p>Conforme o Portal da Transpar\u00eancia do \u00f3rg\u00e3o, vigente em setembro de 2025, os sal\u00e1rios iniciais variam de R$ 2.913,78 a R$ 5.834,74. Confira nos links abaixo:<\/p>\n\n\n\n<figure class=\"wp-block-image aligncenter size-full is-resized\"><img loading=\"lazy\" decoding=\"async\" width=\"561\" height=\"798\" src=\"https:\/\/dhg1h5j42swfq.cloudfront.net\/2025\/11\/15130752\/image-176.png\" alt=\"remunera\u00e7\u00e3o AL CE\" class=\"wp-image-1671307\" style=\"width:587px;height:auto\" srcset=\"https:\/\/dhg1h5j42swfq.cloudfront.net\/2025\/11\/15130752\/image-176.png 561w, https:\/\/dhg1h5j42swfq.cloudfront.net\/2025\/11\/15130752\/image-176-211x300.png 211w, https:\/\/dhg1h5j42swfq.cloudfront.net\/2025\/11\/15130752\/image-176-150x213.png 150w\" sizes=\"auto, (max-width: 561px) 100vw, 561px\" \/><figcaption class=\"wp-element-caption\"><a href=\"https:\/\/dhg1h5j42swfq.cloudfront.net\/2025\/11\/15130407\/remuneracao-al-ce.pdf\" target=\"_blank\" rel=\"noreferrer noopener nofollow\">Remunera\u00e7\u00e3o AL CE<\/a><\/figcaption><\/figure>\n\n\n\n<ul class=\"wp-block-list\">\n<li><a href=\"https:\/\/transparencia.al.ce.gov.br\/index.php\/gestao-de-pessoas\/estrutura-remuneratoria\" target=\"_blank\" rel=\"noreferrer noopener nofollow\">Estrutura remunerat\u00f3ria da Casa<\/a><\/li>\n\n\n\n<li><a href=\"https:\/\/transparencia.al.ce.gov.br\/index.php\/gestao-de-pessoas\/pessoal\" target=\"_blank\" rel=\"noreferrer noopener\">Consulta \u00e0 remunera\u00e7\u00e3o dos servidores<\/a><\/li>\n<\/ul>\n\n\n\n<p>Acompanhe na tabela a quantidade de cargos efetivos no \u00f3rg\u00e3o.<\/p>\n\n\n\n<figure class=\"wp-block-table is-style-stripes\"><table class=\"has-very-light-gray-to-cyan-bluish-gray-gradient-background has-background has-fixed-layout\"><thead><tr><th class=\"has-text-align-center\" data-align=\"center\">Quantitativo de cargos efetivos<\/th><th class=\"has-text-align-center\" data-align=\"center\">Quantidade de Fun\u00e7\u00f5es P\u00fablicas (ser\u00e3o extintas quando vagarem)<\/th><\/tr><\/thead><tbody><tr><td class=\"has-text-align-center\" data-align=\"center\">174 Analistas Legislativos<\/td><td class=\"has-text-align-center\" data-align=\"center\">251 Analistas Legislativos<\/td><\/tr><tr><td class=\"has-text-align-center\" data-align=\"center\">52 T\u00e9cnicos Legislativos<\/td><td class=\"has-text-align-center\" data-align=\"center\">656 T\u00e9cnicos Legislativos<\/td><\/tr><\/tbody><\/table><\/figure>\n\n\n\n<figure class=\"wp-block-table is-style-stripes\"><table class=\"has-very-light-gray-to-cyan-bluish-gray-gradient-background has-background has-fixed-layout\"><thead><tr><th class=\"has-text-align-center\" data-align=\"center\">Analista Legislativo &#8211; Especialidades<\/th><th class=\"has-text-align-center\" data-align=\"center\">Cargos efetivos<\/th><th class=\"has-text-align-center\" data-align=\"center\">Cargos em extin\u00e7\u00e3o<\/th><\/tr><\/thead><tbody><tr><td class=\"has-text-align-center\" data-align=\"center\">Administra\u00e7\u00e3o<\/td><td class=\"has-text-align-center\" data-align=\"center\">20<\/td><td class=\"has-text-align-center\" data-align=\"center\">17<\/td><\/tr><tr><td class=\"has-text-align-center\" data-align=\"center\">Arquitetura e Urbanismo<\/td><td class=\"has-text-align-center\" data-align=\"center\">01<\/td><td class=\"has-text-align-center\" data-align=\"center\">0<\/td><\/tr><tr><td class=\"has-text-align-center\" data-align=\"center\">Biblioteconomia<\/td><td class=\"has-text-align-center\" data-align=\"center\">01<\/td><td class=\"has-text-align-center\" data-align=\"center\">03<\/td><\/tr><tr><td class=\"has-text-align-center\" data-align=\"center\">Ci\u00eancias Atu\u00e1rias<\/td><td class=\"has-text-align-center\" data-align=\"center\">01<\/td><td class=\"has-text-align-center\" data-align=\"center\">00<\/td><\/tr><tr><td class=\"has-text-align-center\" data-align=\"center\">Ci\u00eancias Cont\u00e1beis<\/td><td class=\"has-text-align-center\" data-align=\"center\">05<\/td><td class=\"has-text-align-center\" data-align=\"center\">12<\/td><\/tr><tr><td class=\"has-text-align-center\" data-align=\"center\">Ci\u00eancias Econ\u00f4micas<\/td><td class=\"has-text-align-center\" data-align=\"center\">03<\/td><td class=\"has-text-align-center\" data-align=\"center\">10<\/td><\/tr><tr><td class=\"has-text-align-center\" data-align=\"center\">Ci\u00eancias Sociais<\/td><td class=\"has-text-align-center\" data-align=\"center\">05<\/td><td class=\"has-text-align-center\" data-align=\"center\">00<\/td><\/tr><tr><td class=\"has-text-align-center\" data-align=\"center\">Consultoria T\u00e9cnica Legislativa<\/td><td class=\"has-text-align-center\" data-align=\"center\">22<\/td><td class=\"has-text-align-center\" data-align=\"center\">96<\/td><\/tr><tr><td class=\"has-text-align-center\" data-align=\"center\">Controle Interno<\/td><td class=\"has-text-align-center\" data-align=\"center\">05<\/td><td class=\"has-text-align-center\" data-align=\"center\">00<\/td><\/tr><tr><td class=\"has-text-align-center\" data-align=\"center\">Design Gr\u00e1fico<\/td><td class=\"has-text-align-center\" data-align=\"center\">05<\/td><td class=\"has-text-align-center\" data-align=\"center\">00<\/td><\/tr><tr><td class=\"has-text-align-center\" data-align=\"center\">Direito<\/td><td class=\"has-text-align-center\" data-align=\"center\">35<\/td><td class=\"has-text-align-center\" data-align=\"center\">41<\/td><\/tr><tr><td class=\"has-text-align-center\" data-align=\"center\">Enfermagem<\/td><td class=\"has-text-align-center\" data-align=\"center\">00<\/td><td class=\"has-text-align-center\" data-align=\"center\">06<\/td><\/tr><tr><td class=\"has-text-align-center\" data-align=\"center\">Engenharia Civil<\/td><td class=\"has-text-align-center\" data-align=\"center\">06<\/td><td class=\"has-text-align-center\" data-align=\"center\">05<\/td><\/tr><tr><td class=\"has-text-align-center\" data-align=\"center\">Engenharia El\u00e9trica<\/td><td class=\"has-text-align-center\" data-align=\"center\">02<\/td><td class=\"has-text-align-center\" data-align=\"center\">01<\/td><\/tr><tr><td class=\"has-text-align-center\" data-align=\"center\">Engenharia Mec\u00e2nica<\/td><td class=\"has-text-align-center\" data-align=\"center\">00<\/td><td class=\"has-text-align-center\" data-align=\"center\">01<\/td><\/tr><tr><td class=\"has-text-align-center\" data-align=\"center\">Estat\u00edstica<\/td><td class=\"has-text-align-center\" data-align=\"center\">01<\/td><td class=\"has-text-align-center\" data-align=\"center\">00<\/td><\/tr><tr><td class=\"has-text-align-center\" data-align=\"center\">Farm\u00e1cia<\/td><td class=\"has-text-align-center\" data-align=\"center\">02<\/td><td class=\"has-text-align-center\" data-align=\"center\">04<\/td><\/tr><tr><td class=\"has-text-align-center\" data-align=\"center\">Fisioterapia<\/td><td class=\"has-text-align-center\" data-align=\"center\">00<\/td><td class=\"has-text-align-center\" data-align=\"center\">11<br \/><\/td><\/tr><tr><td class=\"has-text-align-center\" data-align=\"center\">Inform\u00e1tica<\/td><td class=\"has-text-align-center\" data-align=\"center\">12<\/td><td class=\"has-text-align-center\" data-align=\"center\">01<\/td><\/tr><tr><td class=\"has-text-align-center\" data-align=\"center\">Jornalismo<\/td><td class=\"has-text-align-center\" data-align=\"center\">04<\/td><td class=\"has-text-align-center\" data-align=\"center\">05<\/td><\/tr><tr><td class=\"has-text-align-center\" data-align=\"center\">L\u00edngua Portuguesa \u2013 Gram\u00e1tica Normativa e Revis\u00e3o Ortogr\u00e1fica  <\/td><td class=\"has-text-align-center\" data-align=\"center\">13<\/td><td class=\"has-text-align-center\" data-align=\"center\">00<\/td><\/tr><tr><td class=\"has-text-align-center\" data-align=\"center\">Medicina<\/td><td class=\"has-text-align-center\" data-align=\"center\">03<\/td><td class=\"has-text-align-center\" data-align=\"center\">15<\/td><\/tr><tr><td class=\"has-text-align-center\" data-align=\"center\">Psicologia<\/td><td class=\"has-text-align-center\" data-align=\"center\">03<\/td><td class=\"has-text-align-center\" data-align=\"center\">11<\/td><\/tr><tr><td class=\"has-text-align-center\" data-align=\"center\">Publicidade e Propaganda<\/td><td class=\"has-text-align-center\" data-align=\"center\">04<\/td><td class=\"has-text-align-center\" data-align=\"center\">00<\/td><\/tr><tr><td class=\"has-text-align-center\" data-align=\"center\">Servi\u00e7o Social <\/td><td class=\"has-text-align-center\" data-align=\"center\">04<\/td><td class=\"has-text-align-center\" data-align=\"center\">09<\/td><\/tr><tr><td class=\"has-text-align-center\" data-align=\"center\">Taquigrafia<\/td><td class=\"has-text-align-center\" data-align=\"center\">16<\/td><td class=\"has-text-align-center\" data-align=\"center\">00<\/td><\/tr><tr><td class=\"has-text-align-center\" data-align=\"center\">Terapia Ocupacional<\/td><td class=\"has-text-align-center\" data-align=\"center\">00<br \/><\/td><td class=\"has-text-align-center\" data-align=\"center\">03<\/td><\/tr><\/tbody><\/table><figcaption class=\"wp-element-caption\"><em>Cargos Certame AL CE<\/em><\/figcaption><\/figure>\n\n\n\n<h2 class=\"wp-block-heading\" id=\"material\">Concurso ALECE: materiais b\u00f4nus e gratuitos<\/h2>\n\n\n\n<h3 class=\"wp-block-heading\" id=\"estrategico\">Edital Estrat\u00e9gico: baixe gratuitamente<\/h3>\n\n\n\n<p>Atrav\u00e9s do Edital Estrat\u00e9gico, voc\u00ea poder\u00e1 acompanhar sua rotina de estudos e seu desempenho, garantindo uma vis\u00e3o completa das mat\u00e9rias que necessitam de mais revis\u00f5es.<\/p>\n\n\n\n<p>A partir das informa\u00e7\u00f5es preenchidas pelo aluno, uma \u201caba\u201d do Edital Estrat\u00e9gico ir\u00e1 demonstrar a progress\u00e3o em cada tarefa e assunto. A edi\u00e7\u00e3o poder\u00e1 ser realizada apenas na 3\u00aa aba, relativa ao preenchimento do progresso nas disciplinas. Caso voc\u00ea queira fazer outras modifica\u00e7\u00f5es no arquivo, \u00e9 s\u00f3 usar a&nbsp;senha \u201cadmin\u201d&nbsp;na op\u00e7\u00e3o <strong><em>desproteger <\/em><\/strong>planilha do Excel.<\/p>\n\n\n\n<ul class=\"wp-block-list has-very-light-gray-to-cyan-bluish-gray-gradient-background has-background\">\n<li> <strong><a href=\"https:\/\/dhg1h5j42swfq.cloudfront.net\/2020\/03\/18130550\/Edital-Estrat%C3%A9gico_ASSEMBLEIA-LEGISLATIVA-CE_T%C3%89CNICO-LEGISLATIVO.xlsx\" target=\"_blank\" rel=\"noreferrer noopener nofollow\">T\u00e9cnico Legislativo<\/a><\/strong> <\/li>\n\n\n\n<li> <strong><a href=\"https:\/\/dhg1h5j42swfq.cloudfront.net\/2020\/03\/18130713\/Edital-Estrat%C3%A9gico_ASSEMBLEIA-LEGISLATIVA-CE_ANALISTA-LEGISLATIVO_CONTROLE-INTERNO.xlsx\" target=\"_blank\" rel=\"noreferrer noopener nofollow\">Analista Legislativo &#8211; Controle Interno<\/a><\/strong> <\/li>\n\n\n\n<li> <strong><a href=\"https:\/\/dhg1h5j42swfq.cloudfront.net\/2020\/03\/18130957\/Edital-Estrat%C3%A9gico_ASSEMBLEIA-LEGISLATIVA-CE_ANALISTA-LEGISLATIVO_CI%C3%8ANCIAS-CONT%C3%81BEIS.xlsx\" target=\"_blank\" rel=\"noreferrer noopener nofollow\">Analista Legislativo &#8211; Ci\u00eancias Cont\u00e1beis<\/a><\/strong> <\/li>\n\n\n\n<li> <strong><a href=\"https:\/\/dhg1h5j42swfq.cloudfront.net\/2020\/03\/18131211\/Edital-Estrat%C3%A9gico_ASSEMBLEIA-LEGISLATIVA-CE_ANALISTA-LEGISLATIVO_ADMINISTRA%C3%87%C3%83O.xlsx\" target=\"_blank\" rel=\"noreferrer noopener nofollow\">Analista Legislativo &#8211; Administra\u00e7\u00e3o<\/a><\/strong> <\/li>\n<\/ul>\n\n\n\n<p><strong>IMPORTANTE:&nbsp;<\/strong>Ao clicar no link acima, vai ser aberta uma janela do Google Drive que tentar\u00e1 carregar a visualiza\u00e7\u00e3o da planilha no seu navegador. N\u00e3o h\u00e1 necessidade de esperar essa visualiza\u00e7\u00e3o (talvez at\u00e9 nem carregue, j\u00e1 que os arquivos s\u00e3o pesados).<\/p>\n\n\n\n<p>Fa\u00e7a o download clicando na seta para baixo no canto superior direito da janela do Google Drive que vai ser aberta ao clicar nos links acima. Todos os arquivos foram testados em diferentes computadores e celulares e n\u00e3o apresentaram problemas. <\/p>\n\n\n\n<h3 class=\"wp-block-heading\" id=\"guia\">Guia de estudos do concurso ALECE<\/h3>\n\n\n\n<ul class=\"wp-block-list\">\n<li><a href=\"https:\/\/www.estrategiaconcursos.com.br\/blog\/guia-de-estudos-para-alece\/\" target=\"_blank\" rel=\"noreferrer noopener\"><strong>Guia de Estudos 2021 &#8211; ALECE<\/strong><\/a><\/li>\n<\/ul>\n\n\n\n<hr class=\"wp-block-separator has-css-opacity\"\/>\n\n\n\n<h2 class=\"wp-block-heading has-text-align-center\" id=\"h-quer-ficar-por-dentro-de-todos-os-concursos-confira-nossos-artigos\">Quer ficar por dentro de todos os concursos?<br \/>Confira nossos artigos:<\/h2>\n\n\n\n<ul class=\"wp-block-list\">\n<li><a href=\"https:\/\/www.estrategiaconcursos.com.br\/blog\/concursos-abertos\/\" target=\"_blank\" rel=\"noreferrer noopener\">Concursos abertos<\/a><\/li>\n\n\n\n<li><a href=\"https:\/\/www.estrategiaconcursos.com.br\/blog\/concursos-area-legislativa\" target=\"_blank\" rel=\"noreferrer noopener\">Concursos legislativos<\/a><\/li>\n\n\n\n<li><a href=\"https:\/\/www.estrategiaconcursos.com.br\/blog\/concursos-2026\/\" target=\"_blank\" rel=\"noreferrer noopener\">Concursos 2026<\/a><\/li>\n<\/ul>\n\n\n\n<h2 class=\"wp-block-heading has-text-align-center\" id=\"cursos\">Quer estudar para o concurso ALECE?<\/h2>\n\n\n\n<div class=\"container\" id=\"boxes\">\n  <div class=\"row\">\n\n    <div class=\"col-sm\">\n      <div class=\"banner-ale\" id=\"box-assinatura\">\n        <h3 class=\"titulo-assinatura\">Concurso AL CE<\/h3>\n        <p class=\"subtitulo-assinatura\">Prepara\u00e7\u00e3o completa para a carreira na AL CE<\/p>\n        <div class=\"box-botao\">\n          <a class=\"btn-assinatura\" target=\"_blank\" href=\"https:\/\/www.estrategiaconcursos.com.br\/cursosPorConcurso\/assembleia-legislativa-do-estado-do-ceara-alce\/\" role=\"button\" rel=\"noopener noreferrer\">VER CURSOS<\/a>\n        <\/div>\n      <\/div>\n    \n    <\/div>\n\n  <\/div>\n<\/div>\n\n\n\n<div class=\"container\" id=\"boxes\">\n  <div class=\"row\">\n\n    <div class=\"col-sm\">\n      <div class=\"estrategia\" id=\"box-assinatura\">\n        <h3 class=\"titulo-assinatura\">Assinatura de Concursos<\/h3>\n        <p class=\"subtitulo-assinatura\">Assinatura de 1 ou 2 anos<\/p>\n        <div class=\"box-botao\">\n          <a class=\"btn-assinatura\" target=\"_blank\" href=\"https:\/\/www.estrategiaconcursos.com.br\/assinaturas\/\" role=\"button\" rel=\"noopener noreferrer\">ASSINE AGORA<\/a>\n        <\/div>\n      <\/div>\n      <p class=\"texto-auxiliar\"><\/p>\n    <\/div><\/div><\/div>\n\n\n\n<figure class=\"wp-block-image size-large is-resized\"><img loading=\"lazy\" decoding=\"async\" width=\"1024\" height=\"632\" src=\"https:\/\/dhg1h5j42swfq.cloudfront.net\/2021\/05\/07141123\/ficha-tecnica-17-1024x632.png\" alt=\"Ficha t\u00e9cnica\" class=\"wp-image-734168\" style=\"aspect-ratio:1.6265822784810127;width:286px;height:auto\" srcset=\"https:\/\/dhg1h5j42swfq.cloudfront.net\/2021\/05\/07141123\/ficha-tecnica-17-1024x632.png 1024w, https:\/\/dhg1h5j42swfq.cloudfront.net\/2021\/05\/07141123\/ficha-tecnica-17-300x185.png 300w, https:\/\/dhg1h5j42swfq.cloudfront.net\/2021\/05\/07141123\/ficha-tecnica-17-768x474.png 768w, https:\/\/dhg1h5j42swfq.cloudfront.net\/2021\/05\/07141123\/ficha-tecnica-17-1536x948.png 1536w, https:\/\/dhg1h5j42swfq.cloudfront.net\/2021\/05\/07141123\/ficha-tecnica-17-610x377.png 610w, https:\/\/dhg1h5j42swfq.cloudfront.net\/2021\/05\/07141123\/ficha-tecnica-17.png 1571w\" sizes=\"auto, (max-width: 1024px) 100vw, 1024px\" \/><\/figure>\n\n\n\n<p id=\"ficha\"><strong>Informa\u00e7\u00f5es sobre o&nbsp;concurso ALECE<\/strong><\/p>\n\n\n\n<ul class=\"wp-block-list\">\n<li><strong>Previs\u00e3o<\/strong>: 2026<\/li>\n\n\n\n<li><strong>Vagas<\/strong>: 200 + 400 CR<\/li>\n\n\n\n<li><strong>Cargos<\/strong>: diversos<\/li>\n\n\n\n<li><strong>Banca<\/strong>: a definir<\/li>\n\n\n\n<li><strong>Escolaridade<\/strong>: m\u00e9dio e superior<\/li>\n\n\n\n<li><strong>\u00daltimo edital<\/strong>: <a href=\"https:\/\/dhg1h5j42swfq.cloudfront.net\/2021\/05\/07151639\/ed_1_alce_20_abt.pdf\" target=\"_blank\" rel=\"noreferrer noopener nofollow\">ALECE 2021<\/a><\/li>\n<\/ul>\n","protected":false},"excerpt":{"rendered":"<p>LOA 2026 refor\u00e7a a realiza\u00e7\u00e3o do concurso ALECE em 2026. Presidente diz que certame ser\u00e1 o maior da hist\u00f3ria da Casa! O novo edital do concurso ALECE (Assembleia Legislativa do Estado do Cear\u00e1) ser\u00e1 publicado em maio de 2026! A previs\u00e3o \u00e9 do presidente da Casa, Romeu Aldigueri. &#8220;Podem estudar, o edital sai em maio. [&hellip;]<\/p>\n","protected":false},"author":1206,"featured_media":852494,"comment_status":"open","ping_status":"closed","sticky":false,"template":"","format":"standard","meta":{"post_tipo":"news_page","footnotes":""},"categories":[2017],"tags":[],"tax_estado":[219969],"class_list":["post-436231","post","type-post","status-publish","format-standard","has-post-thumbnail","hentry","category-concursos-legislativos","tax_estado-ce"],"acf":[],"yoast_head":"<!-- This site is optimized with the Yoast SEO Premium plugin v27.2 (Yoast SEO v27.2) - https:\/\/yoast.com\/product\/yoast-seo-premium-wordpress\/ -->\n<title>Concurso ALECE 2026: edital em maio com 200 vagas!<\/title>\n<meta name=\"description\" content=\"Concurso ALECE ter\u00e1 novo edital publicado em 2026. Edital possui comiss\u00e3o formada e est\u00e1 previsto na LOA. Acesse e confira mais!\" \/>\n<meta name=\"robots\" content=\"index, follow, max-snippet:-1, max-image-preview:large, max-video-preview:-1\" \/>\n<link rel=\"canonical\" href=\"https:\/\/www.estrategiaconcursos.com.br\/blog\/concurso-assembleia-legislativa-ce\/\" \/>\n<meta property=\"og:locale\" content=\"pt_BR\" \/>\n<meta property=\"og:type\" content=\"article\" \/>\n<meta property=\"og:title\" content=\"Concurso ALECE 2026: edital em maio com 200 vagas!\" \/>\n<meta property=\"og:description\" content=\"Concurso ALECE ter\u00e1 novo edital publicado em 2026. Edital possui comiss\u00e3o formada e est\u00e1 previsto na LOA. Acesse e confira mais!\" \/>\n<meta property=\"og:url\" content=\"https:\/\/www.estrategiaconcursos.com.br\/blog\/concurso-assembleia-legislativa-ce\/\" \/>\n<meta property=\"og:site_name\" content=\"Estrat\u00e9gia Concursos\" \/>\n<meta property=\"article:published_time\" content=\"2026-04-01T16:27:38+00:00\" \/>\n<meta property=\"article:modified_time\" content=\"2026-04-23T15:15:53+00:00\" \/>\n<meta property=\"og:image\" content=\"https:\/\/dhg1h5j42swfq.cloudfront.net\/2021\/09\/02132051\/al-ce.jpg\" \/>\n\t<meta property=\"og:image:width\" content=\"768\" \/>\n\t<meta property=\"og:image:height\" content=\"432\" \/>\n\t<meta property=\"og:image:type\" content=\"image\/jpeg\" \/>\n<meta name=\"author\" content=\"Bruna de Andrade Fran\u00e7a\" \/>\n<meta name=\"twitter:card\" content=\"summary_large_image\" \/>\n<meta name=\"twitter:creator\" content=\"@EstratConcursos\" \/>\n<meta name=\"twitter:site\" content=\"@EstratConcursos\" \/>\n<meta name=\"twitter:label1\" content=\"Escrito por\" \/>\n\t<meta name=\"twitter:data1\" content=\"Bruna de Andrade Fran\u00e7a\" \/>\n\t<meta name=\"twitter:label2\" content=\"Est. tempo de leitura\" \/>\n\t<meta name=\"twitter:data2\" content=\"10 minutos\" \/>\n<script type=\"application\/ld+json\" class=\"yoast-schema-graph\">{\"@context\":\"https:\/\/schema.org\",\"@graph\":[{\"@type\":\"NewsArticle\",\"@id\":\"https:\/\/www.estrategiaconcursos.com.br\/blog\/concurso-assembleia-legislativa-ce\/#article\",\"isPartOf\":{\"@id\":\"https:\/\/www.estrategiaconcursos.com.br\/blog\/concurso-assembleia-legislativa-ce\/\"},\"author\":{\"name\":\"Bruna de Andrade Fran\u00e7a\",\"@id\":\"https:\/\/www.estrategiaconcursos.com.br\/blog\/#\/schema\/person\/6630f91134abc08115cca62ce6372855\"},\"headline\":\"Concurso ALECE 2026: edital em maio com 200 vagas!\",\"datePublished\":\"2026-04-01T16:27:38+00:00\",\"dateModified\":\"2026-04-23T15:15:53+00:00\",\"mainEntityOfPage\":{\"@id\":\"https:\/\/www.estrategiaconcursos.com.br\/blog\/concurso-assembleia-legislativa-ce\/\"},\"wordCount\":1566,\"commentCount\":6,\"publisher\":{\"@id\":\"https:\/\/www.estrategiaconcursos.com.br\/blog\/#organization\"},\"image\":{\"@id\":\"https:\/\/www.estrategiaconcursos.com.br\/blog\/concurso-assembleia-legislativa-ce\/#primaryimage\"},\"thumbnailUrl\":\"https:\/\/dhg1h5j42swfq.cloudfront.net\/2021\/09\/02132051\/al-ce.jpg\",\"articleSection\":[\"Legislativo\"],\"inLanguage\":\"pt-BR\",\"potentialAction\":[{\"@type\":\"CommentAction\",\"name\":\"Comment\",\"target\":[\"https:\/\/www.estrategiaconcursos.com.br\/blog\/concurso-assembleia-legislativa-ce\/#respond\"]}],\"copyrightYear\":\"2026\",\"copyrightHolder\":{\"@id\":\"https:\/\/www.estrategiaconcursos.com.br\/blog\/#organization\"}},{\"@type\":\"WebPage\",\"@id\":\"https:\/\/www.estrategiaconcursos.com.br\/blog\/concurso-assembleia-legislativa-ce\/\",\"url\":\"https:\/\/www.estrategiaconcursos.com.br\/blog\/concurso-assembleia-legislativa-ce\/\",\"name\":\"Concurso ALECE 2026: edital em maio com 200 vagas!\",\"isPartOf\":{\"@id\":\"https:\/\/www.estrategiaconcursos.com.br\/blog\/#website\"},\"primaryImageOfPage\":{\"@id\":\"https:\/\/www.estrategiaconcursos.com.br\/blog\/concurso-assembleia-legislativa-ce\/#primaryimage\"},\"image\":{\"@id\":\"https:\/\/www.estrategiaconcursos.com.br\/blog\/concurso-assembleia-legislativa-ce\/#primaryimage\"},\"thumbnailUrl\":\"https:\/\/dhg1h5j42swfq.cloudfront.net\/2021\/09\/02132051\/al-ce.jpg\",\"datePublished\":\"2026-04-01T16:27:38+00:00\",\"dateModified\":\"2026-04-23T15:15:53+00:00\",\"description\":\"Concurso ALECE ter\u00e1 novo edital publicado em 2026. Edital possui comiss\u00e3o formada e est\u00e1 previsto na LOA. Acesse e confira mais!\",\"breadcrumb\":{\"@id\":\"https:\/\/www.estrategiaconcursos.com.br\/blog\/concurso-assembleia-legislativa-ce\/#breadcrumb\"},\"inLanguage\":\"pt-BR\",\"potentialAction\":[{\"@type\":\"ReadAction\",\"target\":[\"https:\/\/www.estrategiaconcursos.com.br\/blog\/concurso-assembleia-legislativa-ce\/\"]}]},{\"@type\":\"ImageObject\",\"inLanguage\":\"pt-BR\",\"@id\":\"https:\/\/www.estrategiaconcursos.com.br\/blog\/concurso-assembleia-legislativa-ce\/#primaryimage\",\"url\":\"https:\/\/dhg1h5j42swfq.cloudfront.net\/2021\/09\/02132051\/al-ce.jpg\",\"contentUrl\":\"https:\/\/dhg1h5j42swfq.cloudfront.net\/2021\/09\/02132051\/al-ce.jpg\",\"width\":768,\"height\":432,\"caption\":\"concurso al ce\"},{\"@type\":\"BreadcrumbList\",\"@id\":\"https:\/\/www.estrategiaconcursos.com.br\/blog\/concurso-assembleia-legislativa-ce\/#breadcrumb\",\"itemListElement\":[{\"@type\":\"ListItem\",\"position\":1,\"name\":\"In\u00edcio\",\"item\":\"https:\/\/www.estrategiaconcursos.com.br\/blog\/\"},{\"@type\":\"ListItem\",\"position\":2,\"name\":\"Concurso ALECE 2026: edital em maio com 200 vagas!\"}]},{\"@type\":\"WebSite\",\"@id\":\"https:\/\/www.estrategiaconcursos.com.br\/blog\/#website\",\"url\":\"https:\/\/www.estrategiaconcursos.com.br\/blog\/\",\"name\":\"Estrat\u00e9gia Concursos\",\"description\":\"O blog da Estrat\u00e9gia Concursos traz not\u00edcias sobre concursos e artigos de professores oferecendo cursos para concursos (pdf + videaulas) no site.\",\"publisher\":{\"@id\":\"https:\/\/www.estrategiaconcursos.com.br\/blog\/#organization\"},\"potentialAction\":[{\"@type\":\"SearchAction\",\"target\":{\"@type\":\"EntryPoint\",\"urlTemplate\":\"https:\/\/www.estrategiaconcursos.com.br\/blog\/?s={search_term_string}\"},\"query-input\":{\"@type\":\"PropertyValueSpecification\",\"valueRequired\":true,\"valueName\":\"search_term_string\"}}],\"inLanguage\":\"pt-BR\"},{\"@type\":\"Organization\",\"@id\":\"https:\/\/www.estrategiaconcursos.com.br\/blog\/#organization\",\"name\":\"Estrat\u00e9gia Concursos\",\"url\":\"https:\/\/www.estrategiaconcursos.com.br\/blog\/\",\"logo\":{\"@type\":\"ImageObject\",\"inLanguage\":\"pt-BR\",\"@id\":\"https:\/\/www.estrategiaconcursos.com.br\/blog\/#\/schema\/logo\/image\/\",\"url\":\"https:\/\/dhg1h5j42swfq.cloudfront.net\/2025\/06\/03203428\/logo_concursos-1.jpg\",\"contentUrl\":\"https:\/\/dhg1h5j42swfq.cloudfront.net\/2025\/06\/03203428\/logo_concursos-1.jpg\",\"width\":230,\"height\":60,\"caption\":\"Estrat\u00e9gia Concursos\"},\"image\":{\"@id\":\"https:\/\/www.estrategiaconcursos.com.br\/blog\/#\/schema\/logo\/image\/\"},\"sameAs\":[\"https:\/\/x.com\/EstratConcursos\"]},{\"@type\":\"Person\",\"@id\":\"https:\/\/www.estrategiaconcursos.com.br\/blog\/#\/schema\/person\/6630f91134abc08115cca62ce6372855\",\"name\":\"Bruna de Andrade Fran\u00e7a\",\"image\":{\"@type\":\"ImageObject\",\"inLanguage\":\"pt-BR\",\"@id\":\"https:\/\/secure.gravatar.com\/avatar\/d6316d36d50cea0fadae28ed3015b8870cc90a2d3d8a95c37b44006af36a00e3?s=96&d=mm&r=g\",\"url\":\"https:\/\/secure.gravatar.com\/avatar\/d6316d36d50cea0fadae28ed3015b8870cc90a2d3d8a95c37b44006af36a00e3?s=96&d=mm&r=g\",\"contentUrl\":\"https:\/\/secure.gravatar.com\/avatar\/d6316d36d50cea0fadae28ed3015b8870cc90a2d3d8a95c37b44006af36a00e3?s=96&d=mm&r=g\",\"caption\":\"Bruna de Andrade Fran\u00e7a\"},\"description\":\"Bruna de Andrade Fran\u00e7a \u00e9 publicit\u00e1ria com p\u00f3s-gradua\u00e7\u00e3o em Marketing &amp; Growth, atuando h\u00e1 mais de 6 anos no universo dos concursos p\u00fablicos. Desde 2021, lidera no Blog do Estrat\u00e9gia Concursos a cobertura editorial especializada em Concursos Policiais (PF, PRF, PM, PC, etc.), al\u00e9m das frentes de concursos banc\u00e1rios, de sa\u00fade e da \u00e1rea legislativa. Especialista em reda\u00e7\u00e3o, com pr\u00e1ticas de SEO e Copywriting, possui tamb\u00e9m atua\u00e7\u00e3o pr\u00e1tica de contato direto com \u00f3rg\u00e3os p\u00fablicos respons\u00e1veis por editais, permitindo acesso antecipado a informa\u00e7\u00f5es, desdobramentos importantes e atualiza\u00e7\u00e3o eficiente dos concursos p\u00fablicos.\",\"url\":\"https:\/\/www.estrategiaconcursos.com.br\/blog\/author\/bruna-andrade\/\"}]}<\/script>\n<!-- \/ Yoast SEO Premium plugin. -->","yoast_head_json":{"title":"Concurso ALECE 2026: edital em maio com 200 vagas!","description":"Concurso ALECE ter\u00e1 novo edital publicado em 2026. Edital possui comiss\u00e3o formada e est\u00e1 previsto na LOA. Acesse e confira mais!","robots":{"index":"index","follow":"follow","max-snippet":"max-snippet:-1","max-image-preview":"max-image-preview:large","max-video-preview":"max-video-preview:-1"},"canonical":"https:\/\/www.estrategiaconcursos.com.br\/blog\/concurso-assembleia-legislativa-ce\/","og_locale":"pt_BR","og_type":"article","og_title":"Concurso ALECE 2026: edital em maio com 200 vagas!","og_description":"Concurso ALECE ter\u00e1 novo edital publicado em 2026. Edital possui comiss\u00e3o formada e est\u00e1 previsto na LOA. Acesse e confira mais!","og_url":"https:\/\/www.estrategiaconcursos.com.br\/blog\/concurso-assembleia-legislativa-ce\/","og_site_name":"Estrat\u00e9gia Concursos","article_published_time":"2026-04-01T16:27:38+00:00","article_modified_time":"2026-04-23T15:15:53+00:00","og_image":[{"width":768,"height":432,"url":"https:\/\/dhg1h5j42swfq.cloudfront.net\/2021\/09\/02132051\/al-ce.jpg","type":"image\/jpeg"}],"author":"Bruna de Andrade Fran\u00e7a","twitter_card":"summary_large_image","twitter_creator":"@EstratConcursos","twitter_site":"@EstratConcursos","twitter_misc":{"Escrito por":"Bruna de Andrade Fran\u00e7a","Est. tempo de leitura":"10 minutos"},"schema":{"@context":"https:\/\/schema.org","@graph":[{"@type":"NewsArticle","@id":"https:\/\/www.estrategiaconcursos.com.br\/blog\/concurso-assembleia-legislativa-ce\/#article","isPartOf":{"@id":"https:\/\/www.estrategiaconcursos.com.br\/blog\/concurso-assembleia-legislativa-ce\/"},"author":{"name":"Bruna de Andrade Fran\u00e7a","@id":"https:\/\/www.estrategiaconcursos.com.br\/blog\/#\/schema\/person\/6630f91134abc08115cca62ce6372855"},"headline":"Concurso ALECE 2026: edital em maio com 200 vagas!","datePublished":"2026-04-01T16:27:38+00:00","dateModified":"2026-04-23T15:15:53+00:00","mainEntityOfPage":{"@id":"https:\/\/www.estrategiaconcursos.com.br\/blog\/concurso-assembleia-legislativa-ce\/"},"wordCount":1566,"commentCount":6,"publisher":{"@id":"https:\/\/www.estrategiaconcursos.com.br\/blog\/#organization"},"image":{"@id":"https:\/\/www.estrategiaconcursos.com.br\/blog\/concurso-assembleia-legislativa-ce\/#primaryimage"},"thumbnailUrl":"https:\/\/dhg1h5j42swfq.cloudfront.net\/2021\/09\/02132051\/al-ce.jpg","articleSection":["Legislativo"],"inLanguage":"pt-BR","potentialAction":[{"@type":"CommentAction","name":"Comment","target":["https:\/\/www.estrategiaconcursos.com.br\/blog\/concurso-assembleia-legislativa-ce\/#respond"]}],"copyrightYear":"2026","copyrightHolder":{"@id":"https:\/\/www.estrategiaconcursos.com.br\/blog\/#organization"}},{"@type":"WebPage","@id":"https:\/\/www.estrategiaconcursos.com.br\/blog\/concurso-assembleia-legislativa-ce\/","url":"https:\/\/www.estrategiaconcursos.com.br\/blog\/concurso-assembleia-legislativa-ce\/","name":"Concurso ALECE 2026: edital em maio com 200 vagas!","isPartOf":{"@id":"https:\/\/www.estrategiaconcursos.com.br\/blog\/#website"},"primaryImageOfPage":{"@id":"https:\/\/www.estrategiaconcursos.com.br\/blog\/concurso-assembleia-legislativa-ce\/#primaryimage"},"image":{"@id":"https:\/\/www.estrategiaconcursos.com.br\/blog\/concurso-assembleia-legislativa-ce\/#primaryimage"},"thumbnailUrl":"https:\/\/dhg1h5j42swfq.cloudfront.net\/2021\/09\/02132051\/al-ce.jpg","datePublished":"2026-04-01T16:27:38+00:00","dateModified":"2026-04-23T15:15:53+00:00","description":"Concurso ALECE ter\u00e1 novo edital publicado em 2026. Edital possui comiss\u00e3o formada e est\u00e1 previsto na LOA. Acesse e confira mais!","breadcrumb":{"@id":"https:\/\/www.estrategiaconcursos.com.br\/blog\/concurso-assembleia-legislativa-ce\/#breadcrumb"},"inLanguage":"pt-BR","potentialAction":[{"@type":"ReadAction","target":["https:\/\/www.estrategiaconcursos.com.br\/blog\/concurso-assembleia-legislativa-ce\/"]}]},{"@type":"ImageObject","inLanguage":"pt-BR","@id":"https:\/\/www.estrategiaconcursos.com.br\/blog\/concurso-assembleia-legislativa-ce\/#primaryimage","url":"https:\/\/dhg1h5j42swfq.cloudfront.net\/2021\/09\/02132051\/al-ce.jpg","contentUrl":"https:\/\/dhg1h5j42swfq.cloudfront.net\/2021\/09\/02132051\/al-ce.jpg","width":768,"height":432,"caption":"concurso al ce"},{"@type":"BreadcrumbList","@id":"https:\/\/www.estrategiaconcursos.com.br\/blog\/concurso-assembleia-legislativa-ce\/#breadcrumb","itemListElement":[{"@type":"ListItem","position":1,"name":"In\u00edcio","item":"https:\/\/www.estrategiaconcursos.com.br\/blog\/"},{"@type":"ListItem","position":2,"name":"Concurso ALECE 2026: edital em maio com 200 vagas!"}]},{"@type":"WebSite","@id":"https:\/\/www.estrategiaconcursos.com.br\/blog\/#website","url":"https:\/\/www.estrategiaconcursos.com.br\/blog\/","name":"Estrat\u00e9gia Concursos","description":"O blog da Estrat\u00e9gia Concursos traz not\u00edcias sobre concursos e artigos de professores oferecendo cursos para concursos (pdf + videaulas) no site.","publisher":{"@id":"https:\/\/www.estrategiaconcursos.com.br\/blog\/#organization"},"potentialAction":[{"@type":"SearchAction","target":{"@type":"EntryPoint","urlTemplate":"https:\/\/www.estrategiaconcursos.com.br\/blog\/?s={search_term_string}"},"query-input":{"@type":"PropertyValueSpecification","valueRequired":true,"valueName":"search_term_string"}}],"inLanguage":"pt-BR"},{"@type":"Organization","@id":"https:\/\/www.estrategiaconcursos.com.br\/blog\/#organization","name":"Estrat\u00e9gia Concursos","url":"https:\/\/www.estrategiaconcursos.com.br\/blog\/","logo":{"@type":"ImageObject","inLanguage":"pt-BR","@id":"https:\/\/www.estrategiaconcursos.com.br\/blog\/#\/schema\/logo\/image\/","url":"https:\/\/dhg1h5j42swfq.cloudfront.net\/2025\/06\/03203428\/logo_concursos-1.jpg","contentUrl":"https:\/\/dhg1h5j42swfq.cloudfront.net\/2025\/06\/03203428\/logo_concursos-1.jpg","width":230,"height":60,"caption":"Estrat\u00e9gia Concursos"},"image":{"@id":"https:\/\/www.estrategiaconcursos.com.br\/blog\/#\/schema\/logo\/image\/"},"sameAs":["https:\/\/x.com\/EstratConcursos"]},{"@type":"Person","@id":"https:\/\/www.estrategiaconcursos.com.br\/blog\/#\/schema\/person\/6630f91134abc08115cca62ce6372855","name":"Bruna de Andrade Fran\u00e7a","image":{"@type":"ImageObject","inLanguage":"pt-BR","@id":"https:\/\/secure.gravatar.com\/avatar\/d6316d36d50cea0fadae28ed3015b8870cc90a2d3d8a95c37b44006af36a00e3?s=96&d=mm&r=g","url":"https:\/\/secure.gravatar.com\/avatar\/d6316d36d50cea0fadae28ed3015b8870cc90a2d3d8a95c37b44006af36a00e3?s=96&d=mm&r=g","contentUrl":"https:\/\/secure.gravatar.com\/avatar\/d6316d36d50cea0fadae28ed3015b8870cc90a2d3d8a95c37b44006af36a00e3?s=96&d=mm&r=g","caption":"Bruna de Andrade Fran\u00e7a"},"description":"Bruna de Andrade Fran\u00e7a \u00e9 publicit\u00e1ria com p\u00f3s-gradua\u00e7\u00e3o em Marketing &amp; Growth, atuando h\u00e1 mais de 6 anos no universo dos concursos p\u00fablicos. Desde 2021, lidera no Blog do Estrat\u00e9gia Concursos a cobertura editorial especializada em Concursos Policiais (PF, PRF, PM, PC, etc.), al\u00e9m das frentes de concursos banc\u00e1rios, de sa\u00fade e da \u00e1rea legislativa. Especialista em reda\u00e7\u00e3o, com pr\u00e1ticas de SEO e Copywriting, possui tamb\u00e9m atua\u00e7\u00e3o pr\u00e1tica de contato direto com \u00f3rg\u00e3os p\u00fablicos respons\u00e1veis por editais, permitindo acesso antecipado a informa\u00e7\u00f5es, desdobramentos importantes e atualiza\u00e7\u00e3o eficiente dos concursos p\u00fablicos.","url":"https:\/\/www.estrategiaconcursos.com.br\/blog\/author\/bruna-andrade\/"}]}},"_links":{"self":[{"href":"https:\/\/www.estrategiaconcursos.com.br\/blog\/wp-json\/wp\/v2\/posts\/436231","targetHints":{"allow":["GET"]}}],"collection":[{"href":"https:\/\/www.estrategiaconcursos.com.br\/blog\/wp-json\/wp\/v2\/posts"}],"about":[{"href":"https:\/\/www.estrategiaconcursos.com.br\/blog\/wp-json\/wp\/v2\/types\/post"}],"author":[{"embeddable":true,"href":"https:\/\/www.estrategiaconcursos.com.br\/blog\/wp-json\/wp\/v2\/users\/1206"}],"replies":[{"embeddable":true,"href":"https:\/\/www.estrategiaconcursos.com.br\/blog\/wp-json\/wp\/v2\/comments?post=436231"}],"version-history":[{"count":191,"href":"https:\/\/www.estrategiaconcursos.com.br\/blog\/wp-json\/wp\/v2\/posts\/436231\/revisions"}],"predecessor-version":[{"id":1756794,"href":"https:\/\/www.estrategiaconcursos.com.br\/blog\/wp-json\/wp\/v2\/posts\/436231\/revisions\/1756794"}],"wp:featuredmedia":[{"embeddable":true,"href":"https:\/\/www.estrategiaconcursos.com.br\/blog\/wp-json\/wp\/v2\/media\/852494"}],"wp:attachment":[{"href":"https:\/\/www.estrategiaconcursos.com.br\/blog\/wp-json\/wp\/v2\/media?parent=436231"}],"wp:term":[{"taxonomy":"category","embeddable":true,"href":"https:\/\/www.estrategiaconcursos.com.br\/blog\/wp-json\/wp\/v2\/categories?post=436231"},{"taxonomy":"post_tag","embeddable":true,"href":"https:\/\/www.estrategiaconcursos.com.br\/blog\/wp-json\/wp\/v2\/tags?post=436231"},{"taxonomy":"tax_estado","embeddable":true,"href":"https:\/\/www.estrategiaconcursos.com.br\/blog\/wp-json\/wp\/v2\/tax_estado?post=436231"}],"curies":[{"name":"wp","href":"https:\/\/api.w.org\/{rel}","templated":true}]}}