{"id":435841,"date":"2026-03-25T08:03:00","date_gmt":"2026-03-25T11:03:00","guid":{"rendered":"https:\/\/www.estrategiaconcursos.com.br\/blog\/?p=435841"},"modified":"2026-03-25T08:12:38","modified_gmt":"2026-03-25T11:12:38","slug":"concurso-seduc-rs","status":"publish","type":"post","link":"https:\/\/www.estrategiaconcursos.com.br\/blog\/concurso-seduc-rs\/","title":{"rendered":"Concurso SEDUC RS: resultado preliminar da discursiva divulgado!"},"content":{"rendered":"<p><center><a id=\"cta-icon\" href=\"https:\/\/sndflw.com\/i\/seduc-rs-grupo\" target=\"_blank\" style=\"background:#29a61a; display:inline-flex; align-items:center; padding:10px 15px; border-radius:6px; color:#fff; text-decoration:none; font-weight:500; font-size:15px;\"><img decoding=\"async\" src=\"https:\/\/dhg1h5j42swfq.cloudfront.net\/2023\/12\/07154107\/whatsapp_13851.png\" alt=\"\" style=\"width:20px; height:20px; margin-right:8px;\"><span>Acesse agora o Grupo de Estudos para o Concurso SEDUC RS<\/span><\/a><\/center><\/p>\n\n\n\n<p>A <a style=\"font-weight: bold;\" href=\"https:\/\/www.estrategiaconcursos.com.br\/cursosPorConcurso\/secretaria-da-educacao-do-estado-do-rio-grande-do-sul-seduc-rs\/\" target=\"_blank\" rel=\"noreferrer noopener\">Secretaria de Educa\u00e7\u00e3o do Estado do Rio Grande do Sul<\/a> oferece&nbsp;<strong>6 mil vagas de n\u00edvel superior<\/strong>&nbsp;em diversas especialidades do magist\u00e9rio estadual, com sal\u00e1rios que variam de&nbsp;<strong>R$ 2.433,89 a R$ 2.555,52<\/strong>, podendo chegar at\u00e9 R$ 8,5 mil a depender da carga hor\u00e1ria e n\u00edvel de escolaridade.<\/p>\n\n\n\n<p>As oportunidades s\u00e3o distribu\u00eddas em 30 Coordenadorias Regionais de Educa\u00e7\u00e3o (CREs), com reserva de vagas para pessoas com defici\u00eancia (PCDs), ind\u00edgenas, negros e pessoas trans. <\/p>\n\n\n\n<p>Confira mais detalhes dos resultados, j\u00e1 divulgados, ao longo do artigo!<\/p>\n\n\n\n<ul class=\"wp-block-list has-electric-grass-gradient-background has-background\">\n<li><strong>Concurso SEDUC RS<\/strong><\/li>\n\n\n\n<li><strong>Status:<\/strong> resultados divulgados<\/li>\n\n\n\n<li><strong>Banca:<\/strong> <a href=\"https:\/\/www.institutoaocp.org.br\/\" target=\"_blank\" rel=\"noreferrer noopener\">Instituto AOCP<\/a><\/li>\n\n\n\n<li><strong>Vagas:<\/strong> 6 mil <\/li>\n\n\n\n<li><strong>Sal\u00e1rio inicial:<\/strong> R$ 2.433,89 a R$ 2.555,52  + gratifica\u00e7\u00f5es <\/li>\n\n\n\n<li><strong>Edital:<\/strong> <a href=\"https:\/\/dhg1h5j42swfq.cloudfront.net\/2025\/07\/01225238\/edital-concurso-professores-2025-1-7-25.pdf\" target=\"_blank\" rel=\"noreferrer noopener nofollow\">SEDUC RS 2025<\/a> \/ <a href=\"https:\/\/dhg1h5j42swfq.cloudfront.net\/2025\/07\/11064405\/edital-concurso-seduc-rs-retificado.pdf\" target=\"_blank\" rel=\"noreferrer noopener\">Conte\u00fado Program\u00e1tico<\/a> \/ <a href=\"https:\/\/dhg1h5j42swfq.cloudfront.net\/2025\/07\/11190504\/seduc-rs-retificacao.pdf\">Retifica\u00e7\u00e3o do conte\u00fado program\u00e1tico<\/a> \/ <a href=\"https:\/\/dhg1h5j42swfq.cloudfront.net\/2025\/10\/31075001\/seduc-rs.pdf\" target=\"_blank\" rel=\"noreferrer noopener\">Cronograma retificado<\/a><\/li>\n<\/ul>\n\n\n\n<div class=\"container\" id=\"boxes\">\n  <div class=\"row\">\n\n    <div class=\"col-sm\">\n      <div class=\"banner-estrategia\" id=\"box-assinatura\">\n        <h3 class=\"titulo-assinatura\">Curso SEDUC RS<\/h3>\n        <p class=\"subtitulo-assinatura\">Conhe\u00e7a os cursos<\/p>\n        <div class=\"box-botao\">\n          <a class=\"btn-assinatura\" target=\"_blank\" href=\"https:\/\/www.estrategiaconcursos.com.br\/cursosPorConcurso\/secretaria-da-educacao-do-estado-do-rio-grande-do-sul-seduc-rs\/\" role=\"button\" rel=\"noopener noreferrer\">Conhe\u00e7a mais<\/a>\n        <\/div>\n      <\/div>\n      <p class=\"texto-auxiliar\">Prepare-se com o melhor material e com quem mais aprova em Concursos P\u00fablicos em todo o pa\u00eds.<\/p>\n    <\/div>\n\n  <\/div>\n<\/div>\n\n\n\n<p>Confira todos os detalhes do concurso Seduc RS navegando pelo \u00edndice abaixo:<\/p>\n\n\n\n<ul class=\"wp-block-list\">\n<li><strong><a href=\"#situa\u00e7\u00e3o\">Situa\u00e7\u00e3o atual do concurso<\/a><\/strong>\n<ul class=\"wp-block-list\">\n<li><a href=\"#mudancas\">Mudan\u00e7as<\/a><\/li>\n\n\n\n<li><a href=\"#resultados\">Resultados<\/a><\/li>\n\n\n\n<li><a href=\"#inscritos\">Inscritos<\/a><\/li>\n<\/ul>\n<\/li>\n\n\n\n<li><strong><a href=\"#cargos-e-vagas\">Cargos e vagas<\/a><\/strong>\n<ul class=\"wp-block-list\">\n<li><a href=\"#n\u00edvel-m\u00e9dio\">M\u00e9dio<\/a><\/li>\n\n\n\n<li><a href=\"#n\u00edvel-superior\">Superior<\/a><\/li>\n<\/ul>\n<\/li>\n\n\n\n<li><a href=\"#estrutura-remuneratoria\"><strong>Estrutura remunerat\u00f3ria<\/strong><\/a><\/li>\n\n\n\n<li><a href=\"#requisitos\"><strong>Requisitos<\/strong><\/a><\/li>\n\n\n\n<li><a href=\"#etapas\"><strong>Etapas e provas<\/strong><\/a>\n<ul class=\"wp-block-list\">\n<li><a href=\"#objetiva\">Objetiva<\/a><\/li>\n\n\n\n<li><a href=\"#discursiva\">Discursiva<\/a><\/li>\n\n\n\n<li><a href=\"#titulos\">T\u00edtulos<\/a><\/li>\n<\/ul>\n<\/li>\n\n\n\n<li><strong><a href=\"#carreira\">Carreira<\/a><\/strong>\n<ul class=\"wp-block-list\">\n<li><a href=\"#salario\">Sal\u00e1rios e Benef\u00edcios<\/a><\/li>\n<\/ul>\n<\/li>\n\n\n\n<li><strong><a href=\"#ultimo\">\u00daltimo concurso SEDUC RS<\/a><\/strong><\/li>\n\n\n\n<li><strong><a href=\"#prova\">Etapas de provas<\/a><\/strong><\/li>\n\n\n\n<li><strong><a href=\"#cursos-assinatura\">Cursos e Assinaturas<\/a><\/strong><\/li>\n\n\n\n<li><strong><a href=\"#ficha-tecnica\">Ficha T\u00e9cnica<\/a><\/strong><\/li>\n<\/ul>\n\n\n\n<h2 class=\"wp-block-heading\" id=\"situa\u00e7\u00e3o\">Concurso SEDUC RS: situa\u00e7\u00e3o atual<\/h2>\n\n\n\n<h3 class=\"wp-block-heading\" id=\"h-mudancas\">Mudan\u00e7as <\/h3>\n\n\n\n<p>O governo do RS atualizou o cronograma do concurso para professores. Foram abertos novos prazos para recursos e envio de t\u00edtulos, elevando para 13.874 o n\u00famero de habilitados. O resultado final dos 6 mil cargos ser\u00e1 em 28 de maio. <a href=\"https:\/\/www.estrategiaconcursos.com.br\/blog\/concurso-seduc-rs-2026-atualizacao-cronograma\/\" target=\"_blank\" rel=\"noreferrer noopener\">Confira!<\/a><\/p>\n\n\n\n<h3 class=\"wp-block-heading\" id=\"h-resultados\">Resultados<\/h3>\n\n\n\n<ul class=\"wp-block-list\">\n<li><a href=\"https:\/\/arquivos-site.institutoaocp.org.br\/publicacoes\/2eb4a1fe-fd2f-4b2e-8e9a-80a11132613f.pdf\">Resultado da prova objetiva;<\/a><\/li>\n\n\n\n<li><a href=\"https:\/\/dhg1h5j42swfq.cloudfront.net\/2026\/03\/25080714\/seduc-rs-resultado-prova-de-redacao-preliminar.pdf\" target=\"_blank\" rel=\"noreferrer noopener\">Resultado preliminar da discursiva.<\/a><\/li>\n<\/ul>\n\n\n\n<h3 class=\"wp-block-heading\" id=\"h-inscritos\">Inscritos<\/h3>\n\n\n\n<p>Foram registradas mais de 41 mil inscri\u00e7\u00f5es para o concursos, sendo as \u00e1reas de Educa\u00e7\u00e3o Especial, Hist\u00f3ria, Biologia, Educa\u00e7\u00e3o F\u00edsica, Matem\u00e1tica e L\u00edngua Portuguesa os cargos com maior n\u00famero de candidatos.<\/p>\n\n\n\n<p class=\"has-text-align-center\"><a href=\"https:\/\/dhg1h5j42swfq.cloudfront.net\/2025\/09\/25164720\/inscritos-seduc-rs.pdf\">Lista completa de inscritos no concurso Seduc RS<\/a>!<\/p>\n\n\n\n<h3 class=\"wp-block-heading\" id=\"h-cargos-e-vagas\">Cargos e vagas<\/h3>\n\n\n\n<p>S\u00e3o ofertadas<strong> 6 mil vagas<\/strong> para o cargo de professor, com sal\u00e1rios que variam de <strong>R$ 2.433,89 a R$ 2.555,52<\/strong> (jornadas de 20h semanais), nas \u00e1reas abaixo:<\/p>\n\n\n\n<ul class=\"wp-block-list\">\n<li>L\u00edngua Portuguesa &#8211; 1.178<\/li>\n\n\n\n<li>L\u00edngua Estrangeira &#8211; Ingl\u00eas &#8211; 319<\/li>\n\n\n\n<li>L\u00edngua Estrangeira &#8211; Espanhol &#8211; 230<\/li>\n\n\n\n<li>Matem\u00e1tica &#8211; 917<\/li>\n\n\n\n<li>Educa\u00e7\u00e3o F\u00edsica &#8211; 602<\/li>\n\n\n\n<li>Geografia &#8211; 433<\/li>\n\n\n\n<li>Hist\u00f3ria &#8211; 562<\/li>\n\n\n\n<li>Biologia &#8211; 439<\/li>\n\n\n\n<li>Qu\u00edmica &#8211; 257<\/li>\n\n\n\n<li>F\u00edsica &#8211; 218<\/li>\n\n\n\n<li>Artes &#8211; 245<\/li>\n\n\n\n<li>Sociologia &#8211; 122<\/li>\n\n\n\n<li>Filosofia &#8211; 138<\/li>\n\n\n\n<li>Ensino Religioso &#8211; 30<\/li>\n\n\n\n<li>Educa\u00e7\u00e3o ind\u00edgena &#8211; Ci\u00eancias\/conhecimento L\u00edngua Kaingang &#8211; 1<\/li>\n\n\n\n<li>Educa\u00e7\u00e3o ind\u00edgena &#8211; Educa\u00e7\u00e3o F\u00edsica\/conhecimento L\u00edngua Kaingang &#8211; 2<\/li>\n\n\n\n<li>Educa\u00e7\u00e3o ind\u00edgena &#8211; Geografia\/conhecimento em L\u00edngua Kaingang &#8211; 1<\/li>\n\n\n\n<li>Educa\u00e7\u00e3o ind\u00edgena &#8211; L\u00edngua.Portuguesa.\/conhecimento em Ling.kaingang &#8211; 3<\/li>\n\n\n\n<li>Educa\u00e7\u00e3o ind\u00edgena &#8211; Matem\u00e1tica\/conhecimento em L\u00edngua Kaingang &#8211; 2<\/li>\n\n\n\n<li>Educa\u00e7\u00e3o ind\u00edgena &#8211; Anos Iniciais\/l\u00edngua Kaingang &#8211; 15<\/li>\n\n\n\n<li>Educa\u00e7\u00e3o ind\u00edgena &#8211; Anos Iniciais\/L\u00edngua Guarani &#8211; 9<\/li>\n\n\n\n<li>Inform\u00e1tica &#8211; 31<\/li>\n\n\n\n<li>Administra\u00e7\u00e3o &#8211; 33 <\/li>\n\n\n\n<li>Educa\u00e7\u00e3o Especial &#8211; 213<\/li>\n<\/ul>\n\n\n\n<h3 class=\"wp-block-heading\" id=\"estrutura-remuneratoria\">Estrutura remunerat\u00f3ria<\/h3>\n\n\n\n<p>Uma nova estrutura remunerat\u00f3ria foi aprovada em janeiro de 2025, com vig\u00eancia estabelecida a partir de fevereiro, onde os valores s\u00e3o os seguintes:<\/p>\n\n\n\n<h3 class=\"wp-block-heading\" id=\"h-tabela-de-subsidios-do-magisterio-20h-a-partir-de-1\u00ba-de-janeiro-de-2025-nbsp-em-r\">Tabela de Subs\u00eddios do Magist\u00e9rio \u2013 20h (a partir de 1\u00ba de janeiro de 2025)&nbsp;\u2013 em R$<\/h3>\n\n\n\n<figure class=\"wp-block-table is-style-stripes\"><table class=\"has-fixed-layout\"><thead><tr><th>N\u00edvel\/Classe<\/th><th>A<\/th><th>B<\/th><th>C<\/th><th>D<\/th><th>E<\/th><th>F<\/th><\/tr><\/thead><tbody><tr><td>I (Forma\u00e7\u00e3o de n\u00edvel m\u00e9dio)<\/td><td>2.433,90<\/td><td>2.458,17<\/td><td>2.482,75<\/td><td>2.507,58<\/td><td>2.532,65<\/td><td>2.557,99<\/td><\/tr><tr><td>II (Licenciatura curta)<\/td><td>2.482,51<\/td><td>2.507,34<\/td><td>2.532,41<\/td><td>2.557,73<\/td><td>2.583,31<\/td><td>2.699,56<\/td><\/tr><tr><td>III (Licenciatura plena)<\/td><td>2.555,53<\/td><td>2.683,30<\/td><td>2.817,46<\/td><td>2.958,34<\/td><td>3.135,83<\/td><td>3.355,34<\/td><\/tr><tr><td>IV (P\u00f3s-gradua\u00e7\u00e3o lato sensu)<\/td><td>2.677,21<\/td><td>2.811,08<\/td><td>2.951,64<\/td><td>3.158,24<\/td><td>3.379,32<\/td><td>3.615,88<\/td><\/tr><tr><td>V (Mestrado)<\/td><td>2.920,60<\/td><td>3.095,83<\/td><td>3.281,58<\/td><td>3.478,47<\/td><td>3.687,19<\/td><td>3.908,42<\/td><\/tr><tr><td>VI (Doutorado)<\/td><td>3.163,98<\/td><td>3.353,81<\/td><td>3.555,05<\/td><td>3.768,36<\/td><td>3.994,45<\/td><td>4.258,09<\/td><\/tr><\/tbody><\/table><\/figure>\n\n\n\n<hr class=\"wp-block-separator has-alpha-channel-opacity\"\/>\n\n\n\n<h3 class=\"wp-block-heading\" id=\"h-tabela-de-subsidios-do-magisterio-40h-a-partir-de-1\u00ba-de-janeiro-de-2025-nbsp-em-r\">Tabela de Subs\u00eddios do Magist\u00e9rio \u2013 40h (a partir de 1\u00ba de janeiro de 2025)&nbsp;\u2013 em R$<\/h3>\n\n\n\n<figure class=\"wp-block-table is-style-stripes\"><table class=\"has-fixed-layout\"><thead><tr><th>N\u00edvel\/Classe<\/th><th>A<\/th><th>B<\/th><th>C<\/th><th>D<\/th><th>E<\/th><th>F<\/th><\/tr><\/thead><tbody><tr><td>I (Forma\u00e7\u00e3o de n\u00edvel m\u00e9dio)<\/td><td>4.867,79<\/td><td>4.916,33<\/td><td>4.965,50<\/td><td>5.015,16<\/td><td>5.065,30<\/td><td>5.115,97<\/td><\/tr><tr><td>II (Licenciatura curta)<\/td><td>4.965,02<\/td><td>5.014,67<\/td><td>5.064,81<\/td><td>5.115,46<\/td><td>5.166,61<\/td><td>5.399,11<\/td><\/tr><tr><td>III (Licenciatura plena)<\/td><td>5.111,05<\/td><td>5.366,59<\/td><td>5.634,92<\/td><td>5.916,67<\/td><td>6.271,66<\/td><td>6.710,68<\/td><\/tr><tr><td>IV (P\u00f3s-gradua\u00e7\u00e3o lato sensu)<\/td><td>5.354,42<\/td><td>5.622,15<\/td><td>5.903,27<\/td><td>6.316,48<\/td><td>6.758,63<\/td><td>7.231,75<\/td><\/tr><tr><td>V (Mestrado)<\/td><td>5.841,20<\/td><td>6.191,66<\/td><td>6.563,16<\/td><td>6.956,94<\/td><td>7.374,38<\/td><td>7.816,84<\/td><\/tr><tr><td>VI (Doutorado)<\/td><td>6.327,96<\/td><td>6.707,62<\/td><td>7.110,10<\/td><td>7.536,71<\/td><td>7.988,90<\/td><td>8.516,17<\/td><\/tr><\/tbody><\/table><\/figure>\n\n\n\n<p><strong>Fonte:<\/strong> Dieese | Tabela atualizada conforme aprovado na Lei 16.268 de 18 de fevereiro de 2025.<br \/><strong>Nota: <\/strong>O reajuste de 6,27% aplicado sobre a<\/p>\n\n\n\n<h2 class=\"wp-block-heading\" id=\"h-etapas-do-novo-concurso-seduc-rs\">Etapas do novo concurso Seduc RS<\/h2>\n\n\n\n<p>Sob organiza\u00e7\u00e3o da banca Instituto AOCP, os candidatos inscritos no edital do concurso SEDUC RS foram avaliados por meio da aplica\u00e7\u00e3o das seguintes etapas:<\/p>\n\n\n\n<ul class=\"wp-block-list\">\n<li><strong>Prova Objetiva<\/strong> <strong>(28 de setembro<\/strong>) \u2013 eliminat\u00f3rio e classificat\u00f3rio;<\/li>\n\n\n\n<li><strong>Prova Discursiva<\/strong> <strong>(28 de setembro<\/strong>) \u2013 eliminat\u00f3rio e classificat\u00f3rio;<\/li>\n\n\n\n<li><strong>Prova de T\u00edtulos<\/strong> \u2013 classificat\u00f3rio.<\/li>\n<\/ul>\n\n\n\n<h3 class=\"wp-block-heading\" id=\"objetiva\">Provas Objetivas<\/h3>\n\n\n\n<p>As provas objetivas foram constitu\u00eddas de 60 quest\u00f5es. A etapa versou sobre as seguintes disciplinas:<\/p>\n\n\n\n<p><strong>N\u00edvel I &#8211; CLASSE A<\/strong><\/p>\n\n\n\n<figure class=\"wp-block-image size-full\"><img loading=\"lazy\" decoding=\"async\" width=\"785\" height=\"498\" src=\"https:\/\/dhg1h5j42swfq.cloudfront.net\/2025\/07\/01230558\/image-31.png\" alt=\"Tabela de detalhes da prova objetiva\" class=\"wp-image-1600212\" srcset=\"https:\/\/dhg1h5j42swfq.cloudfront.net\/2025\/07\/01230558\/image-31.png 785w, https:\/\/dhg1h5j42swfq.cloudfront.net\/2025\/07\/01230558\/image-31-300x190.png 300w, https:\/\/dhg1h5j42swfq.cloudfront.net\/2025\/07\/01230558\/image-31-768x487.png 768w, https:\/\/dhg1h5j42swfq.cloudfront.net\/2025\/07\/01230558\/image-31-150x95.png 150w\" sizes=\"auto, (max-width: 785px) 100vw, 785px\" \/><\/figure>\n\n\n\n<p><strong>N\u00edvel III &#8211; CLASSE A<\/strong><\/p>\n\n\n\n<figure class=\"wp-block-image aligncenter size-full\"><img loading=\"lazy\" decoding=\"async\" width=\"628\" height=\"335\" src=\"https:\/\/dhg1h5j42swfq.cloudfront.net\/2025\/07\/01230936\/objetiva-seduc-rs.jpg\" alt=\"Tabela de detalhes da prova objetiva\" class=\"wp-image-1600214\" srcset=\"https:\/\/dhg1h5j42swfq.cloudfront.net\/2025\/07\/01230936\/objetiva-seduc-rs.jpg 628w, https:\/\/dhg1h5j42swfq.cloudfront.net\/2025\/07\/01230936\/objetiva-seduc-rs-300x160.jpg 300w, https:\/\/dhg1h5j42swfq.cloudfront.net\/2025\/07\/01230936\/objetiva-seduc-rs-150x80.jpg 150w\" sizes=\"auto, (max-width: 628px) 100vw, 628px\" \/><\/figure>\n\n\n\n<figure class=\"wp-block-image aligncenter size-full is-resized\"><img loading=\"lazy\" decoding=\"async\" width=\"778\" height=\"561\" src=\"https:\/\/dhg1h5j42swfq.cloudfront.net\/2025\/07\/01231001\/image-32.png\" alt=\"Tabela de detalhes da prova objetiva\" class=\"wp-image-1600216\" style=\"width:632px;height:auto\" srcset=\"https:\/\/dhg1h5j42swfq.cloudfront.net\/2025\/07\/01231001\/image-32.png 778w, https:\/\/dhg1h5j42swfq.cloudfront.net\/2025\/07\/01231001\/image-32-300x216.png 300w, https:\/\/dhg1h5j42swfq.cloudfront.net\/2025\/07\/01231001\/image-32-768x554.png 768w, https:\/\/dhg1h5j42swfq.cloudfront.net\/2025\/07\/01231001\/image-32-150x108.png 150w\" sizes=\"auto, (max-width: 778px) 100vw, 778px\" \/><\/figure>\n\n\n\n<h3 class=\"wp-block-heading\" id=\"discursiva\">Prova Discursiva<\/h3>\n\n\n\n<p>A etapa de prova discursiva\/reda\u00e7\u00e3o foi elaborada a partir de um tema proposto, baseado em um ou mais textos ou fragmentos de textos.<\/p>\n\n\n\n<p>O candidato teve que elaborar texto de, no m\u00ednimo, 15 (quinze) e no m\u00e1ximo 30 (trinta) linhas para elaborar a Vers\u00e3o Definitiva da Reda\u00e7\u00e3o.<\/p>\n\n\n\n<h3 class=\"wp-block-heading\" id=\"titulos\">Avalia\u00e7\u00e3o de T\u00edtulos<\/h3>\n\n\n\n<p>S\u00e3o convocados para etapa os candidatos aos cargos de n\u00edvel superior aprovados na prova objetiva e de reda\u00e7\u00e3o.<\/p>\n\n\n\n<figure class=\"wp-block-image aligncenter size-full\"><img loading=\"lazy\" decoding=\"async\" width=\"646\" height=\"414\" src=\"https:\/\/dhg1h5j42swfq.cloudfront.net\/2025\/07\/01230338\/titulos-concurso-seduc-rs.jpg\" alt=\"Tabela de atribui\u00e7\u00e3o de pontos na avalia\u00e7\u00e3o de t\u00edtulos\" class=\"wp-image-1600206\" srcset=\"https:\/\/dhg1h5j42swfq.cloudfront.net\/2025\/07\/01230338\/titulos-concurso-seduc-rs.jpg 646w, https:\/\/dhg1h5j42swfq.cloudfront.net\/2025\/07\/01230338\/titulos-concurso-seduc-rs-300x192.jpg 300w, https:\/\/dhg1h5j42swfq.cloudfront.net\/2025\/07\/01230338\/titulos-concurso-seduc-rs-150x96.jpg 150w\" sizes=\"auto, (max-width: 646px) 100vw, 646px\" \/><figcaption class=\"wp-element-caption\">Prova de t\u00edtulos do concurso SEDUC RS<\/figcaption><\/figure>\n\n\n\n<h2 class=\"wp-block-heading\" id=\"h-ultimo-concurso-seduc-rs\">\u00daltimo concurso SEDUC RS<\/h2>\n\n\n\n<h3 class=\"wp-block-heading\" id=\"h-inscritos-do-edital-de-2023\">Inscritos do edital de 2023<\/h3>\n\n\n\n<p>Mais de <a href=\"https:\/\/www.estrategiaconcursos.com.br\/blog\/concurso-seduc-rs-inscritos\/\">25 mil concurseiros inscritos<\/a> no certame. A informa\u00e7\u00e3o foi divulgada pelo Governo do Estado do Rio Grande do Sul no dia 04 de maio.<\/p>\n\n\n\n<h2 class=\"wp-block-heading\" id=\"cargos-e-vagas\">Concurso SEDUC RS: cargos e vagas (2023)<\/h2>\n\n\n\n<h3 class=\"wp-block-heading\" id=\"n\u00edvel-m\u00e9dio\">Professor &#8211; n\u00edvel m\u00e9dio\/licenciatura<\/h3>\n\n\n\n<figure class=\"wp-block-table is-style-stripes\"><table class=\"has-electric-grass-gradient-background has-background has-fixed-layout\"><thead><tr><th class=\"has-text-align-center\" data-align=\"center\">CARGOS<\/th><th class=\"has-text-align-center\" data-align=\"center\">VAGAS<\/th><th class=\"has-text-align-center\" data-align=\"center\">SAL\u00c1RIO<\/th><\/tr><\/thead><tbody><tr><td class=\"has-text-align-center\" data-align=\"center\">ANOS INICIAIS DO ENSINO FUNDAMENTAL \u2013 L\u00cdNGUA KAINGANG<\/td><td class=\"has-text-align-center\" data-align=\"center\">20<\/td><td class=\"has-text-align-center\" data-align=\"center\">R$ 2.019,27 (20h\/s)<\/td><\/tr><tr><td class=\"has-text-align-center\" data-align=\"center\">ANOS INICIAIS DO ENSINO FUNDAMENTAL \u2013 L\u00cdNGUA GUARANI<\/td><td class=\"has-text-align-center\" data-align=\"center\">10<\/td><td class=\"has-text-align-center\" data-align=\"center\">R$ 2.019,27 (20h\/s)<\/td><\/tr><\/tbody><\/table><figcaption class=\"wp-element-caption\">Cargos e vagas para Professor de n\u00edvel m\u00e9dio<\/figcaption><\/figure>\n\n\n\n<h3 class=\"wp-block-heading\" id=\"n\u00edvel-superior\">Professor &#8211; n\u00edvel Superior<\/h3>\n\n\n\n<figure class=\"wp-block-table is-style-stripes\"><table class=\"has-electric-grass-gradient-background has-background has-fixed-layout\"><thead><tr><th class=\"has-text-align-center\" data-align=\"center\">CARGOS<\/th><th class=\"has-text-align-center\" data-align=\"center\">VAGAS<\/th><th class=\"has-text-align-center\" data-align=\"center\">SAL\u00c1RIO<\/th><\/tr><\/thead><tbody><tr><td class=\"has-text-align-center\" data-align=\"center\"> LETRAS\/PORTUGU\u00caS<\/td><td class=\"has-text-align-center\" data-align=\"center\">266<\/td><td class=\"has-text-align-center\" data-align=\"center\"> R$ 2.120,00 (20 h\/s)<\/td><\/tr><tr><td class=\"has-text-align-center\" data-align=\"center\">LETRAS\/INGL\u00caS<\/td><td class=\"has-text-align-center\" data-align=\"center\">150<\/td><td class=\"has-text-align-center\" data-align=\"center\"> R$ 2.120,00 (20 h\/s)<\/td><\/tr><tr><td class=\"has-text-align-center\" data-align=\"center\">MATEM\u00c1TICA<\/td><td class=\"has-text-align-center\" data-align=\"center\">250<\/td><td class=\"has-text-align-center\" data-align=\"center\"> R$ 2.120,00 (20 h\/s)<\/td><\/tr><tr><td class=\"has-text-align-center\" data-align=\"center\">BIOLOGIA<\/td><td class=\"has-text-align-center\" data-align=\"center\">150<\/td><td class=\"has-text-align-center\" data-align=\"center\"> R$ 2.120,00 (20 h\/s)<\/td><\/tr><tr><td class=\"has-text-align-center\" data-align=\"center\">F\u00cdSICA<\/td><td class=\"has-text-align-center\" data-align=\"center\">150<\/td><td class=\"has-text-align-center\" data-align=\"center\"> R$ 2.120,00 (20 h\/s)<\/td><\/tr><tr><td class=\"has-text-align-center\" data-align=\"center\">QU\u00cdMICA<\/td><td class=\"has-text-align-center\" data-align=\"center\">150<\/td><td class=\"has-text-align-center\" data-align=\"center\"> R$ 2.120,00 (20 h\/s)<\/td><\/tr><tr><td class=\"has-text-align-center\" data-align=\"center\">GEOGRAFIA<\/td><td class=\"has-text-align-center\" data-align=\"center\">150<\/td><td class=\"has-text-align-center\" data-align=\"center\"> R$ 2.120,00 (20 h\/s)<\/td><\/tr><tr><td class=\"has-text-align-center\" data-align=\"center\">EDUCA\u00c7\u00c3O ESPECIAL<\/td><td class=\"has-text-align-center\" data-align=\"center\">150<\/td><td class=\"has-text-align-center\" data-align=\"center\"> R$ 2.120,00 (20 h\/s)<\/td><\/tr><tr><td class=\"has-text-align-center\" data-align=\"center\">PROFESSOR-ANOS FINAIS E ENSINO M\u00c9DIO \u2013 L\u00cdNGUA KAINGANG \u2013 LETRAS<\/td><td class=\"has-text-align-center\" data-align=\"center\">05<\/td><td class=\"has-text-align-center\" data-align=\"center\"> R$ 2.120,00 (20 h\/s)<\/td><\/tr><tr><td class=\"has-text-align-center\" data-align=\"center\">EDUCA\u00c7\u00c3O IND\u00cdGENA \u2013 L\u00cdNGUA KAINGANG -CI\u00caNCIAS DA NATUREZA<\/td><td class=\"has-text-align-center\" data-align=\"center\">05<\/td><td class=\"has-text-align-center\" data-align=\"center\"> R$ 2.120,00 (20 h\/s)<\/td><\/tr><tr><td class=\"has-text-align-center\" data-align=\"center\">EDUCA\u00c7\u00c3O IND\u00cdGENA \u2013 L\u00cdNGUA KAINGANG -CI\u00caNCIAS HUMANAS<\/td><td class=\"has-text-align-center\" data-align=\"center\">05<\/td><td class=\"has-text-align-center\" data-align=\"center\"> R$ 2.120,00 (20 h\/s)<\/td><\/tr><tr><td class=\"has-text-align-center\" data-align=\"center\">EDUCA\u00c7\u00c3O IND\u00cdGENA \u2013 L\u00cdNGUA KAINGANG-MATEM\u00c1TICA<\/td><td class=\"has-text-align-center\" data-align=\"center\">05<\/td><td class=\"has-text-align-center\" data-align=\"center\"> R$ 2.120,00 (20 h\/s)<\/td><\/tr><tr><td class=\"has-text-align-center\" data-align=\"center\">AGRICULTURA<\/td><td class=\"has-text-align-center\" data-align=\"center\">12<\/td><td class=\"has-text-align-center\" data-align=\"center\"> R$ 2.120,00 (20 h\/s)<\/td><\/tr><tr><td class=\"has-text-align-center\" data-align=\"center\">ADMINISTRA\u00c7\u00c3O<\/td><td class=\"has-text-align-center\" data-align=\"center\">07<\/td><td class=\"has-text-align-center\" data-align=\"center\"> R$ 2.120,00 (20 h\/s)<\/td><\/tr><tr><td class=\"has-text-align-center\" data-align=\"center\">ELETROT\u00c9CNICA<\/td><td class=\"has-text-align-center\" data-align=\"center\">02<\/td><td class=\"has-text-align-center\" data-align=\"center\"> R$ 2.120,00 (20 h\/s)<\/td><\/tr><tr><td class=\"has-text-align-center\" data-align=\"center\">INFORM\u00c1TICA<\/td><td class=\"has-text-align-center\" data-align=\"center\">11<\/td><td class=\"has-text-align-center\" data-align=\"center\"> R$ 2.120,00 (20 h\/s)<\/td><\/tr><tr><td class=\"has-text-align-center\" data-align=\"center\">PSICOLOGIA<\/td><td class=\"has-text-align-center\" data-align=\"center\">01<\/td><td class=\"has-text-align-center\" data-align=\"center\"> R$ 2.120,00 (20 h\/s)<\/td><\/tr><tr><td class=\"has-text-align-center\" data-align=\"center\">DIREITO<\/td><td class=\"has-text-align-center\" data-align=\"center\">01<\/td><td class=\"has-text-align-center\" data-align=\"center\"> R$ 2.120,00 (20 h\/s)<\/td><\/tr><\/tbody><\/table><figcaption class=\"wp-element-caption\">Cargos e vagas para Professor de n\u00edvel superior<\/figcaption><\/figure>\n\n\n\n<h3 class=\"wp-block-heading\" id=\"requisitos\">Requisitos <\/h3>\n\n\n\n<ul class=\"wp-block-list\">\n<li>Para o cargo de professor que exija n\u00edvel de escolaridade m\u00e9dio: curso normal\/magist\u00e9rio, p\u00f3s-m\u00e9dio do curso normal\/magist\u00e9rio, inclusive magist\u00e9rio ind\u00edgena; <\/li>\n\n\n\n<li>Para o cargo de professor que exija n\u00edvel de escolaridade superior: licenciatura na \u00e1rea de especialidade. <\/li>\n<\/ul>\n\n\n\n<h2 class=\"wp-block-heading\" id=\"etapas\">Etapas e provas do concurso SEDUC RS &#8211; 2023<\/h2>\n\n\n\n<p>O concurso SEDUC RS foi composto pelas seguintes etapas:<\/p>\n\n\n\n<ul class=\"wp-block-list\">\n<li>Prova objetiva, de car\u00e1ter eliminat\u00f3rio e classificat\u00f3rio, para todos os cargos;<\/li>\n\n\n\n<li>Prova discursiva\/de reda\u00e7\u00e3o, de car\u00e1ter eliminat\u00f3rio e classificat\u00f3rio, para todos os cargos;<\/li>\n\n\n\n<li>Avalia\u00e7\u00e3o de T\u00edtulos, de car\u00e1ter classificat\u00f3rio, para os cargos de n\u00edvel superior.<\/li>\n<\/ul>\n\n\n\n<p>As provas objetivas e de reda\u00e7\u00e3o foram aplicadas em conjunto na data de 25 de junho de 2023 me diversos munic\u00edpios do Rio Grande do Sul.<\/p>\n\n\n\n<h3 class=\"wp-block-heading\" id=\"objetiva\">Provas Objetivas<\/h3>\n\n\n\n<p>As provas objetivas foram constitu\u00eddas de 60 quest\u00f5es, e valeram at\u00e9 100,00 pontos. A etapa versou sobre as seguintes disciplinas:<\/p>\n\n\n\n<p><strong>N\u00edvel m\u00e9dio<\/strong><\/p>\n\n\n\n<ul class=\"wp-block-list\">\n<li>L\u00edngua ind\u00edgena espec\u00edfica e conhecimento da l\u00edngua portuguesa &#8211; 25 quest\u00f5es;<\/li>\n\n\n\n<li>Conhecimentos pedag\u00f3gicos &#8211; 25 quest\u00f5es;<\/li>\n\n\n\n<li>Legisla\u00e7\u00e3o da educa\u00e7\u00e3o ind\u00edgena: 10 quest\u00f5es;<\/li>\n<\/ul>\n\n\n\n<p><strong>N\u00edvel superior<\/strong><\/p>\n\n\n\n<ul class=\"wp-block-list\">\n<li>L\u00edngua portuguesa &#8211; 10 quest\u00f5es;<\/li>\n\n\n\n<li>Conhecimentos pedag\u00f3gicos &#8211; 15 quest\u00f5es;<\/li>\n\n\n\n<li>Legisla\u00e7\u00e3o da educa\u00e7\u00e3o &#8211; 10 quest\u00f5es;<\/li>\n\n\n\n<li>Conhecimento e habilita\u00e7\u00e3o professor &#8211; 25 quest\u00f5es.<\/li>\n<\/ul>\n\n\n\n<h3 class=\"wp-block-heading\" id=\"discursiva\">Prova Discursiva\/Reda\u00e7\u00e3o<\/h3>\n\n\n\n<p>A etapa de prova discursiva\/reda\u00e7\u00e3o foi elaborada a partir de um tema proposto, baseado em um ou mais textos ou fragmentos de textos, e valeu at\u00e9 100,00 pontos.<\/p>\n\n\n\n<p>O candidato teve que elaborar texto de, no m\u00ednimo, 15 (quinze) e no m\u00e1ximo 30 (trinta) linhas para elaborar a Vers\u00e3o Definitiva da Reda\u00e7\u00e3o.<\/p>\n\n\n\n<h3 class=\"wp-block-heading\" id=\"titulos\">Avalia\u00e7\u00e3o de T\u00edtulos<\/h3>\n\n\n\n<p>Foram convocados para etapa os candidatos aos cargos de n\u00edvel superior aprovados na prova objetiva e de reda\u00e7\u00e3o. Confira abaixo a tabela de pontua\u00e7\u00e3o!<\/p>\n\n\n\n<figure class=\"wp-block-image aligncenter size-full is-resized\"><img loading=\"lazy\" decoding=\"async\" width=\"665\" height=\"423\" src=\"https:\/\/dhg1h5j42swfq.cloudfront.net\/2023\/03\/15112614\/image-182.png\" alt=\"Tabela de atribui\u00e7\u00e3o de pontos na avalia\u00e7\u00e3o de t\u00edtulos\" class=\"wp-image-1187034\" srcset=\"https:\/\/dhg1h5j42swfq.cloudfront.net\/2023\/03\/15112614\/image-182.png 665w, https:\/\/dhg1h5j42swfq.cloudfront.net\/2023\/03\/15112614\/image-182-300x191.png 300w, https:\/\/dhg1h5j42swfq.cloudfront.net\/2023\/03\/15112614\/image-182-610x388.png 610w, https:\/\/dhg1h5j42swfq.cloudfront.net\/2023\/03\/15112614\/image-182-150x95.png 150w\" sizes=\"auto, (max-width: 665px) 100vw, 665px\" \/><figcaption class=\"wp-element-caption\">Tabela de pontua\u00e7\u00e3o de t\u00edtulos concurso SEDUC RS.<\/figcaption><\/figure>\n\n\n\n<h2 class=\"wp-block-heading has-text-align-center\" id=\"h-quer-saber-tudo-sobre-concursos-previstos-confira-nossos-artigos\">Quer saber tudo sobre concursos previstos?<br \/>Confira nossos artigos!<\/h2>\n\n\n\n<ul class=\"wp-block-list\">\n<li><a href=\"https:\/\/www.estrategiaconcursos.com.br\/blog\/concursos-abertos\/\" target=\"_blank\" rel=\"noreferrer noopener\">Concursos abertos<\/a><\/li>\n\n\n\n<li><a href=\"https:\/\/www.estrategiaconcursos.com.br\/blog\/concursos-educacao\/\">Concursos educa\u00e7\u00e3o<\/a><\/li>\n\n\n\n<li><a href=\"https:\/\/www.estrategiaconcursos.com.br\/blog\/concursos-2026\/\" target=\"_blank\" rel=\"noreferrer noopener\">Concursos 2026<\/a><\/li>\n<\/ul>\n\n\n\n<h2 class=\"wp-block-heading has-text-align-center\" id=\"cursos-assinatura\"><em>Quer estudar para o Concurso SEDUC RS?<\/em><\/h2>\n\n\n\n<p class=\"has-text-align-center\"><em>Gostou desta oportunidade e deseja come\u00e7ar se preparar agora mesmo? Ent\u00e3o, confira os nossos cursos e comece a estudar:<\/em><\/p>\n\n\n\n<div class=\"container\" id=\"boxes\">\n  <div class=\"row\">\n\n    <div class=\"col-sm\">\n      <div class=\"banner-estrategia\" id=\"box-assinatura\">\n        <h3 class=\"titulo-assinatura\">Curso SEDUC RS<\/h3>\n        <p class=\"subtitulo-assinatura\">Conhe\u00e7a os cursos<\/p>\n        <div class=\"box-botao\">\n          <a class=\"btn-assinatura\" target=\"_blank\" href=\"https:\/\/www.estrategiaconcursos.com.br\/cursosPorConcurso\/secretaria-da-educacao-do-estado-do-rio-grande-do-sul-seduc-rs\/\" role=\"button\" rel=\"noopener noreferrer\">Conhe\u00e7a mais<\/a>\n        <\/div>\n      <\/div>\n      <p class=\"texto-auxiliar\">Prepare-se com o melhor material e com quem mais aprova em Concursos P\u00fablicos em todo o pa\u00eds.<\/p>\n    <\/div>\n\n  <\/div>\n<\/div>\n\n\n\n<div class=\"container\" id=\"boxes\">\n  <div class=\"row\">\n\n    <div class=\"col-sm\">\n      <div class=\"estrategia\" id=\"box-assinatura\">\n        <h3 class=\"titulo-assinatura\">Assinatura Concursos<\/h3>\n        <p class=\"subtitulo-assinatura\">Assinatura de 1 ano ou 2 anos<\/p>\n        <div class=\"box-botao\">\n          <a class=\"btn-assinatura\" target=\"_blank\" href=\"https:\/\/www.estrategiaconcursos.com.br\/assinaturas\/\" role=\"button\" rel=\"noopener noreferrer\">ASSINE AGORA<\/a>\n        <\/div>\n      <\/div>\n     \n    <\/div><\/div><\/div>\n\n\n\n<figure class=\"wp-block-image size-large is-resized\"><img loading=\"lazy\" decoding=\"async\" width=\"1024\" height=\"632\" src=\"https:\/\/dhg1h5j42swfq.cloudfront.net\/2021\/04\/05171352\/ficha-tecnica-33-1024x632.png\" alt=\"\" class=\"wp-image-707823\" style=\"width:178px;height:auto\" srcset=\"https:\/\/dhg1h5j42swfq.cloudfront.net\/2021\/04\/05171352\/ficha-tecnica-33-1024x632.png 1024w, https:\/\/dhg1h5j42swfq.cloudfront.net\/2021\/04\/05171352\/ficha-tecnica-33-300x185.png 300w, https:\/\/dhg1h5j42swfq.cloudfront.net\/2021\/04\/05171352\/ficha-tecnica-33-768x474.png 768w, https:\/\/dhg1h5j42swfq.cloudfront.net\/2021\/04\/05171352\/ficha-tecnica-33-1536x948.png 1536w, https:\/\/dhg1h5j42swfq.cloudfront.net\/2021\/04\/05171352\/ficha-tecnica-33-610x377.png 610w, https:\/\/dhg1h5j42swfq.cloudfront.net\/2021\/04\/05171352\/ficha-tecnica-33.png 1571w\" sizes=\"auto, (max-width: 1024px) 100vw, 1024px\" \/><\/figure>\n\n\n\n<h3 class=\"wp-block-heading\" id=\"ficha-tecnica\">Informa\u00e7\u00f5es sobre o concurso&nbsp;SEDUC RS<\/h3>\n\n\n\n<ul class=\"wp-block-list\">\n<li><strong>Prova:<\/strong> <s>28\/09\/2025<\/s><\/li>\n\n\n\n<li><strong>Vagas<\/strong>: 6 mil<\/li>\n\n\n\n<li><strong>Cargo<\/strong>: Professor <\/li>\n\n\n\n<li><strong>Banca<\/strong>: Instituto AOCP<\/li>\n\n\n\n<li><strong>Escolaridade<\/strong>: superior<\/li>\n\n\n\n<li><strong>Edital:<\/strong> <a href=\"https:\/\/dhg1h5j42swfq.cloudfront.net\/2025\/07\/01225238\/edital-concurso-professores-2025-1-7-25.pdf\" target=\"_blank\" rel=\"noreferrer noopener nofollow\">SEDUC RS 2025<\/a><\/li>\n<\/ul>\n","protected":false},"excerpt":{"rendered":"<p>A Secretaria de Educa\u00e7\u00e3o do Estado do Rio Grande do Sul oferece&nbsp;6 mil vagas de n\u00edvel superior&nbsp;em diversas especialidades do magist\u00e9rio estadual, com sal\u00e1rios que variam de&nbsp;R$ 2.433,89 a R$ 2.555,52, podendo chegar at\u00e9 R$ 8,5 mil a depender da carga hor\u00e1ria e n\u00edvel de escolaridade. As oportunidades s\u00e3o distribu\u00eddas em 30 Coordenadorias Regionais de [&hellip;]<\/p>\n","protected":false},"author":1,"featured_media":1600441,"comment_status":"open","ping_status":"closed","sticky":false,"template":"","format":"standard","meta":{"post_tipo":"news_page","footnotes":""},"categories":[3766,220219],"tags":[],"tax_estado":[219986],"class_list":["post-435841","post","type-post","status-publish","format-standard","has-post-thumbnail","hentry","category-educacional","category-noticias","tax_estado-rs"],"acf":[],"yoast_head":"<!-- This site is optimized with the Yoast SEO Premium plugin v27.2 (Yoast SEO v27.2) - https:\/\/yoast.com\/product\/yoast-seo-premium-wordpress\/ -->\n<title>Concurso SEDUC RS: resultado preliminar da discursiva divulgado!<\/title>\n<meta name=\"description\" content=\"Concurso SEDUC RS: edital oferta 6 mil vagas para o cargo de Professor! Gabaritos e resultados dispon\u00edveis!\" \/>\n<meta name=\"robots\" content=\"index, follow, max-snippet:-1, max-image-preview:large, max-video-preview:-1\" \/>\n<link rel=\"canonical\" href=\"https:\/\/www.estrategiaconcursos.com.br\/blog\/concurso-seduc-rs\/\" \/>\n<meta property=\"og:locale\" content=\"pt_BR\" \/>\n<meta property=\"og:type\" content=\"article\" \/>\n<meta property=\"og:title\" content=\"Concurso SEDUC RS: resultado preliminar da discursiva divulgado!\" \/>\n<meta property=\"og:description\" content=\"Concurso SEDUC RS: edital oferta 6 mil vagas para o cargo de Professor! Gabaritos e resultados dispon\u00edveis!\" \/>\n<meta property=\"og:url\" content=\"https:\/\/www.estrategiaconcursos.com.br\/blog\/concurso-seduc-rs\/\" \/>\n<meta property=\"og:site_name\" content=\"Estrat\u00e9gia Concursos\" \/>\n<meta property=\"article:author\" content=\"https:\/\/www.facebook.com\/EstrategiaConcursos\" \/>\n<meta property=\"article:published_time\" content=\"2026-03-25T11:03:00+00:00\" \/>\n<meta property=\"article:modified_time\" content=\"2026-03-25T11:12:38+00:00\" \/>\n<meta property=\"og:image\" content=\"https:\/\/dhg1h5j42swfq.cloudfront.net\/2025\/07\/02105835\/concurso-seduc-rs.jpg\" \/>\n\t<meta property=\"og:image:width\" content=\"768\" \/>\n\t<meta property=\"og:image:height\" content=\"432\" \/>\n\t<meta property=\"og:image:type\" content=\"image\/jpeg\" \/>\n<meta name=\"author\" content=\"Coordena\u00e7\u00e3o\" \/>\n<meta name=\"twitter:card\" content=\"summary_large_image\" \/>\n<meta name=\"twitter:creator\" content=\"@EstratConcursos\" \/>\n<meta name=\"twitter:site\" content=\"@EstratConcursos\" \/>\n<meta name=\"twitter:label1\" content=\"Escrito por\" \/>\n\t<meta name=\"twitter:data1\" content=\"Coordena\u00e7\u00e3o\" \/>\n\t<meta name=\"twitter:label2\" content=\"Est. tempo de leitura\" \/>\n\t<meta name=\"twitter:data2\" content=\"10 minutos\" \/>\n<script type=\"application\/ld+json\" class=\"yoast-schema-graph\">{\"@context\":\"https:\/\/schema.org\",\"@graph\":[{\"@type\":\"NewsArticle\",\"@id\":\"https:\/\/www.estrategiaconcursos.com.br\/blog\/concurso-seduc-rs\/#article\",\"isPartOf\":{\"@id\":\"https:\/\/www.estrategiaconcursos.com.br\/blog\/concurso-seduc-rs\/\"},\"author\":{\"name\":\"Coordena\u00e7\u00e3o\",\"@id\":\"https:\/\/www.estrategiaconcursos.com.br\/blog\/#\/schema\/person\/b4a388c97673c5f483d72185668afa1f\"},\"headline\":\"Concurso SEDUC RS: resultado preliminar da discursiva divulgado!\",\"datePublished\":\"2026-03-25T11:03:00+00:00\",\"dateModified\":\"2026-03-25T11:12:38+00:00\",\"mainEntityOfPage\":{\"@id\":\"https:\/\/www.estrategiaconcursos.com.br\/blog\/concurso-seduc-rs\/\"},\"wordCount\":1500,\"commentCount\":0,\"publisher\":{\"@id\":\"https:\/\/www.estrategiaconcursos.com.br\/blog\/#organization\"},\"image\":{\"@id\":\"https:\/\/www.estrategiaconcursos.com.br\/blog\/concurso-seduc-rs\/#primaryimage\"},\"thumbnailUrl\":\"https:\/\/dhg1h5j42swfq.cloudfront.net\/2025\/07\/02105835\/concurso-seduc-rs.jpg\",\"articleSection\":[\"Educa\u00e7\u00e3o\",\"\u00daltimas not\u00edcias\"],\"inLanguage\":\"pt-BR\",\"potentialAction\":[{\"@type\":\"CommentAction\",\"name\":\"Comment\",\"target\":[\"https:\/\/www.estrategiaconcursos.com.br\/blog\/concurso-seduc-rs\/#respond\"]}],\"copyrightYear\":\"2026\",\"copyrightHolder\":{\"@id\":\"https:\/\/www.estrategiaconcursos.com.br\/blog\/#organization\"}},{\"@type\":\"WebPage\",\"@id\":\"https:\/\/www.estrategiaconcursos.com.br\/blog\/concurso-seduc-rs\/\",\"url\":\"https:\/\/www.estrategiaconcursos.com.br\/blog\/concurso-seduc-rs\/\",\"name\":\"Concurso SEDUC RS: resultado preliminar da discursiva divulgado!\",\"isPartOf\":{\"@id\":\"https:\/\/www.estrategiaconcursos.com.br\/blog\/#website\"},\"primaryImageOfPage\":{\"@id\":\"https:\/\/www.estrategiaconcursos.com.br\/blog\/concurso-seduc-rs\/#primaryimage\"},\"image\":{\"@id\":\"https:\/\/www.estrategiaconcursos.com.br\/blog\/concurso-seduc-rs\/#primaryimage\"},\"thumbnailUrl\":\"https:\/\/dhg1h5j42swfq.cloudfront.net\/2025\/07\/02105835\/concurso-seduc-rs.jpg\",\"datePublished\":\"2026-03-25T11:03:00+00:00\",\"dateModified\":\"2026-03-25T11:12:38+00:00\",\"description\":\"Concurso SEDUC RS: edital oferta 6 mil vagas para o cargo de Professor! Gabaritos e resultados dispon\u00edveis!\",\"breadcrumb\":{\"@id\":\"https:\/\/www.estrategiaconcursos.com.br\/blog\/concurso-seduc-rs\/#breadcrumb\"},\"inLanguage\":\"pt-BR\",\"potentialAction\":[{\"@type\":\"ReadAction\",\"target\":[\"https:\/\/www.estrategiaconcursos.com.br\/blog\/concurso-seduc-rs\/\"]}]},{\"@type\":\"ImageObject\",\"inLanguage\":\"pt-BR\",\"@id\":\"https:\/\/www.estrategiaconcursos.com.br\/blog\/concurso-seduc-rs\/#primaryimage\",\"url\":\"https:\/\/dhg1h5j42swfq.cloudfront.net\/2025\/07\/02105835\/concurso-seduc-rs.jpg\",\"contentUrl\":\"https:\/\/dhg1h5j42swfq.cloudfront.net\/2025\/07\/02105835\/concurso-seduc-rs.jpg\",\"width\":768,\"height\":432,\"caption\":\"concurso seduc rs inscritos\"},{\"@type\":\"BreadcrumbList\",\"@id\":\"https:\/\/www.estrategiaconcursos.com.br\/blog\/concurso-seduc-rs\/#breadcrumb\",\"itemListElement\":[{\"@type\":\"ListItem\",\"position\":1,\"name\":\"In\u00edcio\",\"item\":\"https:\/\/www.estrategiaconcursos.com.br\/blog\/\"},{\"@type\":\"ListItem\",\"position\":2,\"name\":\"Concurso SEDUC RS: resultado preliminar da discursiva divulgado!\"}]},{\"@type\":\"WebSite\",\"@id\":\"https:\/\/www.estrategiaconcursos.com.br\/blog\/#website\",\"url\":\"https:\/\/www.estrategiaconcursos.com.br\/blog\/\",\"name\":\"Estrat\u00e9gia Concursos\",\"description\":\"O blog da Estrat\u00e9gia Concursos traz not\u00edcias sobre concursos e artigos de professores oferecendo cursos para concursos (pdf + videaulas) no site.\",\"publisher\":{\"@id\":\"https:\/\/www.estrategiaconcursos.com.br\/blog\/#organization\"},\"potentialAction\":[{\"@type\":\"SearchAction\",\"target\":{\"@type\":\"EntryPoint\",\"urlTemplate\":\"https:\/\/www.estrategiaconcursos.com.br\/blog\/?s={search_term_string}\"},\"query-input\":{\"@type\":\"PropertyValueSpecification\",\"valueRequired\":true,\"valueName\":\"search_term_string\"}}],\"inLanguage\":\"pt-BR\"},{\"@type\":\"Organization\",\"@id\":\"https:\/\/www.estrategiaconcursos.com.br\/blog\/#organization\",\"name\":\"Estrat\u00e9gia Concursos\",\"url\":\"https:\/\/www.estrategiaconcursos.com.br\/blog\/\",\"logo\":{\"@type\":\"ImageObject\",\"inLanguage\":\"pt-BR\",\"@id\":\"https:\/\/www.estrategiaconcursos.com.br\/blog\/#\/schema\/logo\/image\/\",\"url\":\"https:\/\/dhg1h5j42swfq.cloudfront.net\/2025\/06\/03203428\/logo_concursos-1.jpg\",\"contentUrl\":\"https:\/\/dhg1h5j42swfq.cloudfront.net\/2025\/06\/03203428\/logo_concursos-1.jpg\",\"width\":230,\"height\":60,\"caption\":\"Estrat\u00e9gia Concursos\"},\"image\":{\"@id\":\"https:\/\/www.estrategiaconcursos.com.br\/blog\/#\/schema\/logo\/image\/\"},\"sameAs\":[\"https:\/\/x.com\/EstratConcursos\"]},{\"@type\":\"Person\",\"@id\":\"https:\/\/www.estrategiaconcursos.com.br\/blog\/#\/schema\/person\/b4a388c97673c5f483d72185668afa1f\",\"name\":\"Coordena\u00e7\u00e3o\",\"image\":{\"@type\":\"ImageObject\",\"inLanguage\":\"pt-BR\",\"@id\":\"https:\/\/secure.gravatar.com\/avatar\/b720319e4c9a967eb58678d110f4fe35452fc5d5f97b202bac7b8acceb18c6ad?s=96&d=mm&r=g\",\"url\":\"https:\/\/secure.gravatar.com\/avatar\/b720319e4c9a967eb58678d110f4fe35452fc5d5f97b202bac7b8acceb18c6ad?s=96&d=mm&r=g\",\"contentUrl\":\"https:\/\/secure.gravatar.com\/avatar\/b720319e4c9a967eb58678d110f4fe35452fc5d5f97b202bac7b8acceb18c6ad?s=96&d=mm&r=g\",\"caption\":\"Coordena\u00e7\u00e3o\"},\"sameAs\":[\"https:\/\/www.facebook.com\/EstrategiaConcursos\",\"https:\/\/x.com\/EstratConcursos\"],\"url\":\"https:\/\/www.estrategiaconcursos.com.br\/blog\/author\/estrategia2013\/\"}]}<\/script>\n<!-- \/ Yoast SEO Premium plugin. -->","yoast_head_json":{"title":"Concurso SEDUC RS: resultado preliminar da discursiva divulgado!","description":"Concurso SEDUC RS: edital oferta 6 mil vagas para o cargo de Professor! Gabaritos e resultados dispon\u00edveis!","robots":{"index":"index","follow":"follow","max-snippet":"max-snippet:-1","max-image-preview":"max-image-preview:large","max-video-preview":"max-video-preview:-1"},"canonical":"https:\/\/www.estrategiaconcursos.com.br\/blog\/concurso-seduc-rs\/","og_locale":"pt_BR","og_type":"article","og_title":"Concurso SEDUC RS: resultado preliminar da discursiva divulgado!","og_description":"Concurso SEDUC RS: edital oferta 6 mil vagas para o cargo de Professor! Gabaritos e resultados dispon\u00edveis!","og_url":"https:\/\/www.estrategiaconcursos.com.br\/blog\/concurso-seduc-rs\/","og_site_name":"Estrat\u00e9gia Concursos","article_author":"https:\/\/www.facebook.com\/EstrategiaConcursos","article_published_time":"2026-03-25T11:03:00+00:00","article_modified_time":"2026-03-25T11:12:38+00:00","og_image":[{"width":768,"height":432,"url":"https:\/\/dhg1h5j42swfq.cloudfront.net\/2025\/07\/02105835\/concurso-seduc-rs.jpg","type":"image\/jpeg"}],"author":"Coordena\u00e7\u00e3o","twitter_card":"summary_large_image","twitter_creator":"@EstratConcursos","twitter_site":"@EstratConcursos","twitter_misc":{"Escrito por":"Coordena\u00e7\u00e3o","Est. tempo de leitura":"10 minutos"},"schema":{"@context":"https:\/\/schema.org","@graph":[{"@type":"NewsArticle","@id":"https:\/\/www.estrategiaconcursos.com.br\/blog\/concurso-seduc-rs\/#article","isPartOf":{"@id":"https:\/\/www.estrategiaconcursos.com.br\/blog\/concurso-seduc-rs\/"},"author":{"name":"Coordena\u00e7\u00e3o","@id":"https:\/\/www.estrategiaconcursos.com.br\/blog\/#\/schema\/person\/b4a388c97673c5f483d72185668afa1f"},"headline":"Concurso SEDUC RS: resultado preliminar da discursiva divulgado!","datePublished":"2026-03-25T11:03:00+00:00","dateModified":"2026-03-25T11:12:38+00:00","mainEntityOfPage":{"@id":"https:\/\/www.estrategiaconcursos.com.br\/blog\/concurso-seduc-rs\/"},"wordCount":1500,"commentCount":0,"publisher":{"@id":"https:\/\/www.estrategiaconcursos.com.br\/blog\/#organization"},"image":{"@id":"https:\/\/www.estrategiaconcursos.com.br\/blog\/concurso-seduc-rs\/#primaryimage"},"thumbnailUrl":"https:\/\/dhg1h5j42swfq.cloudfront.net\/2025\/07\/02105835\/concurso-seduc-rs.jpg","articleSection":["Educa\u00e7\u00e3o","\u00daltimas not\u00edcias"],"inLanguage":"pt-BR","potentialAction":[{"@type":"CommentAction","name":"Comment","target":["https:\/\/www.estrategiaconcursos.com.br\/blog\/concurso-seduc-rs\/#respond"]}],"copyrightYear":"2026","copyrightHolder":{"@id":"https:\/\/www.estrategiaconcursos.com.br\/blog\/#organization"}},{"@type":"WebPage","@id":"https:\/\/www.estrategiaconcursos.com.br\/blog\/concurso-seduc-rs\/","url":"https:\/\/www.estrategiaconcursos.com.br\/blog\/concurso-seduc-rs\/","name":"Concurso SEDUC RS: resultado preliminar da discursiva divulgado!","isPartOf":{"@id":"https:\/\/www.estrategiaconcursos.com.br\/blog\/#website"},"primaryImageOfPage":{"@id":"https:\/\/www.estrategiaconcursos.com.br\/blog\/concurso-seduc-rs\/#primaryimage"},"image":{"@id":"https:\/\/www.estrategiaconcursos.com.br\/blog\/concurso-seduc-rs\/#primaryimage"},"thumbnailUrl":"https:\/\/dhg1h5j42swfq.cloudfront.net\/2025\/07\/02105835\/concurso-seduc-rs.jpg","datePublished":"2026-03-25T11:03:00+00:00","dateModified":"2026-03-25T11:12:38+00:00","description":"Concurso SEDUC RS: edital oferta 6 mil vagas para o cargo de Professor! Gabaritos e resultados dispon\u00edveis!","breadcrumb":{"@id":"https:\/\/www.estrategiaconcursos.com.br\/blog\/concurso-seduc-rs\/#breadcrumb"},"inLanguage":"pt-BR","potentialAction":[{"@type":"ReadAction","target":["https:\/\/www.estrategiaconcursos.com.br\/blog\/concurso-seduc-rs\/"]}]},{"@type":"ImageObject","inLanguage":"pt-BR","@id":"https:\/\/www.estrategiaconcursos.com.br\/blog\/concurso-seduc-rs\/#primaryimage","url":"https:\/\/dhg1h5j42swfq.cloudfront.net\/2025\/07\/02105835\/concurso-seduc-rs.jpg","contentUrl":"https:\/\/dhg1h5j42swfq.cloudfront.net\/2025\/07\/02105835\/concurso-seduc-rs.jpg","width":768,"height":432,"caption":"concurso seduc rs inscritos"},{"@type":"BreadcrumbList","@id":"https:\/\/www.estrategiaconcursos.com.br\/blog\/concurso-seduc-rs\/#breadcrumb","itemListElement":[{"@type":"ListItem","position":1,"name":"In\u00edcio","item":"https:\/\/www.estrategiaconcursos.com.br\/blog\/"},{"@type":"ListItem","position":2,"name":"Concurso SEDUC RS: resultado preliminar da discursiva divulgado!"}]},{"@type":"WebSite","@id":"https:\/\/www.estrategiaconcursos.com.br\/blog\/#website","url":"https:\/\/www.estrategiaconcursos.com.br\/blog\/","name":"Estrat\u00e9gia Concursos","description":"O blog da Estrat\u00e9gia Concursos traz not\u00edcias sobre concursos e artigos de professores oferecendo cursos para concursos (pdf + videaulas) no site.","publisher":{"@id":"https:\/\/www.estrategiaconcursos.com.br\/blog\/#organization"},"potentialAction":[{"@type":"SearchAction","target":{"@type":"EntryPoint","urlTemplate":"https:\/\/www.estrategiaconcursos.com.br\/blog\/?s={search_term_string}"},"query-input":{"@type":"PropertyValueSpecification","valueRequired":true,"valueName":"search_term_string"}}],"inLanguage":"pt-BR"},{"@type":"Organization","@id":"https:\/\/www.estrategiaconcursos.com.br\/blog\/#organization","name":"Estrat\u00e9gia Concursos","url":"https:\/\/www.estrategiaconcursos.com.br\/blog\/","logo":{"@type":"ImageObject","inLanguage":"pt-BR","@id":"https:\/\/www.estrategiaconcursos.com.br\/blog\/#\/schema\/logo\/image\/","url":"https:\/\/dhg1h5j42swfq.cloudfront.net\/2025\/06\/03203428\/logo_concursos-1.jpg","contentUrl":"https:\/\/dhg1h5j42swfq.cloudfront.net\/2025\/06\/03203428\/logo_concursos-1.jpg","width":230,"height":60,"caption":"Estrat\u00e9gia Concursos"},"image":{"@id":"https:\/\/www.estrategiaconcursos.com.br\/blog\/#\/schema\/logo\/image\/"},"sameAs":["https:\/\/x.com\/EstratConcursos"]},{"@type":"Person","@id":"https:\/\/www.estrategiaconcursos.com.br\/blog\/#\/schema\/person\/b4a388c97673c5f483d72185668afa1f","name":"Coordena\u00e7\u00e3o","image":{"@type":"ImageObject","inLanguage":"pt-BR","@id":"https:\/\/secure.gravatar.com\/avatar\/b720319e4c9a967eb58678d110f4fe35452fc5d5f97b202bac7b8acceb18c6ad?s=96&d=mm&r=g","url":"https:\/\/secure.gravatar.com\/avatar\/b720319e4c9a967eb58678d110f4fe35452fc5d5f97b202bac7b8acceb18c6ad?s=96&d=mm&r=g","contentUrl":"https:\/\/secure.gravatar.com\/avatar\/b720319e4c9a967eb58678d110f4fe35452fc5d5f97b202bac7b8acceb18c6ad?s=96&d=mm&r=g","caption":"Coordena\u00e7\u00e3o"},"sameAs":["https:\/\/www.facebook.com\/EstrategiaConcursos","https:\/\/x.com\/EstratConcursos"],"url":"https:\/\/www.estrategiaconcursos.com.br\/blog\/author\/estrategia2013\/"}]}},"_links":{"self":[{"href":"https:\/\/www.estrategiaconcursos.com.br\/blog\/wp-json\/wp\/v2\/posts\/435841","targetHints":{"allow":["GET"]}}],"collection":[{"href":"https:\/\/www.estrategiaconcursos.com.br\/blog\/wp-json\/wp\/v2\/posts"}],"about":[{"href":"https:\/\/www.estrategiaconcursos.com.br\/blog\/wp-json\/wp\/v2\/types\/post"}],"author":[{"embeddable":true,"href":"https:\/\/www.estrategiaconcursos.com.br\/blog\/wp-json\/wp\/v2\/users\/1"}],"replies":[{"embeddable":true,"href":"https:\/\/www.estrategiaconcursos.com.br\/blog\/wp-json\/wp\/v2\/comments?post=435841"}],"version-history":[{"count":138,"href":"https:\/\/www.estrategiaconcursos.com.br\/blog\/wp-json\/wp\/v2\/posts\/435841\/revisions"}],"predecessor-version":[{"id":1742750,"href":"https:\/\/www.estrategiaconcursos.com.br\/blog\/wp-json\/wp\/v2\/posts\/435841\/revisions\/1742750"}],"wp:featuredmedia":[{"embeddable":true,"href":"https:\/\/www.estrategiaconcursos.com.br\/blog\/wp-json\/wp\/v2\/media\/1600441"}],"wp:attachment":[{"href":"https:\/\/www.estrategiaconcursos.com.br\/blog\/wp-json\/wp\/v2\/media?parent=435841"}],"wp:term":[{"taxonomy":"category","embeddable":true,"href":"https:\/\/www.estrategiaconcursos.com.br\/blog\/wp-json\/wp\/v2\/categories?post=435841"},{"taxonomy":"post_tag","embeddable":true,"href":"https:\/\/www.estrategiaconcursos.com.br\/blog\/wp-json\/wp\/v2\/tags?post=435841"},{"taxonomy":"tax_estado","embeddable":true,"href":"https:\/\/www.estrategiaconcursos.com.br\/blog\/wp-json\/wp\/v2\/tax_estado?post=435841"}],"curies":[{"name":"wp","href":"https:\/\/api.w.org\/{rel}","templated":true}]}}