{"id":43575,"date":"2016-07-21T14:59:53","date_gmt":"2016-07-21T17:59:53","guid":{"rendered":"https:\/\/www.estrategiaconcursos.com.br\/blog\/?p=43575"},"modified":"2023-04-12T14:31:46","modified_gmt":"2023-04-12T17:31:46","slug":"auditor-fiscal-do-trabalho-e-pib-em-2017","status":"publish","type":"post","link":"https:\/\/www.estrategiaconcursos.com.br\/blog\/auditor-fiscal-do-trabalho-e-pib-em-2017\/","title":{"rendered":"Auditor-Fiscal do Trabalho e PIB em 2017"},"content":{"rendered":"<p>Ol\u00e1\u00a0pessoal,<\/p>\n<p>Meu nome \u00e9 Daniel Magalh\u00e3es, Auditor-Fiscal do Trabalho e Coach do Estrat\u00e9gia Concursos.<\/p>\n<p>Sabe o que esse t\u00edtulo desse artigo significa para voc\u00ea? TUDO.<\/p>\n<p>Ap\u00f3s um per\u00edodo de estimativas bem negativas, tudo indica que o Brasil voltar\u00e1 a crescer em 2017. As estimativas para 2017 s\u00e3o de crescimento do PIB de 0,5% por parte do FMI e 1,1% segundo consenso de mercado publicado no Relat\u00f3rio Focus do Banco Central.<\/p>\n<p>Economia voltando a crescer significa possibilidade de repor quadros defasados de servidores p\u00fablicos. Exemplo t\u00edpico que temos esperado ansiosamente \u00e9 a reposi\u00e7\u00e3o dos quadros de Auditor-Fiscal do Trabalho &#8211; AFT cujos cargos vagos hoje somam 1.111 cargos.<\/p>\n<p>Temos certeza disso? Obviamente n\u00e3o. No entanto, a an\u00e1lise feita por Heber Carvalho corrobora a ideia de que em momentos de expans\u00e3o econ\u00f4mica o Estado tem mais condi\u00e7\u00f5es de contratar novos servidores. Segue link para o artigo &#8211;\u00a0<a href=\"https:\/\/www.estrategiaconcursos.com.br\/blog\/o-governo-vai-reduzir-gastos-como-ficam-os-concursos-no-governo-michel-temer\/\">https:\/\/www.estrategiaconcursos.com.br\/blog\/o-governo-vai-reduzir-gastos-como-ficam-os-concursos-no-governo-michel-temer\/<\/a><\/p>\n<p>Falando especificamente de AFT, o progn\u00f3stico mais prov\u00e1vel \u00e9 que teremos um concurso com algo por volta de 200 vagas de forma que possamos ao fim do certame ter pelo menos 300 novos Auditores-Fiscais do Trabalho. A situa\u00e7\u00e3o de vac\u00e2ncias \u00e9 cr\u00edtica, conforme dados n\u00e3o-oficiais compilados pelo colega S\u00edlvio Andrade:<\/p>\n<p><a href=\"https:\/\/dhg1h5j42swfq.cloudfront.net\/2016\/07\/21144051\/clip_image001.png\"><img loading=\"lazy\" decoding=\"async\" class=\"alignnone size-medium wp-image-43976\" src=\"https:\/\/dhg1h5j42swfq.cloudfront.net\/2016\/07\/21144051\/clip_image001.png\" alt=\"clip_image001\" width=\"300\" height=\"131\" srcset=\"https:\/\/dhg1h5j42swfq.cloudfront.net\/2016\/07\/21144051\/clip_image001.png 1082w, https:\/\/dhg1h5j42swfq.cloudfront.net\/2016\/07\/21144051\/clip_image001.png 300w, https:\/\/dhg1h5j42swfq.cloudfront.net\/2016\/07\/21144051\/clip_image001.png 768w, https:\/\/dhg1h5j42swfq.cloudfront.net\/2016\/07\/21144051\/clip_image001.png 1024w, https:\/\/dhg1h5j42swfq.cloudfront.net\/2016\/07\/21144051\/clip_image001.png 500w\" sizes=\"auto, (max-width: 300px) 100vw, 300px\" \/><\/a><\/p>\n<p>A aten\u00e7\u00e3o principal dos concurseiros e da categoria vai estar voltada para a LDO\/LOA 2018, pois elas v\u00e3o conter a previs\u00e3o de posse dos novos colegas. As principais informa\u00e7\u00f5es para quem iniciar o estudo para essa maravilhosa carreira encontram-se no Aul\u00e3o AFT gravado recentemente em Bras\u00edlia &#8211;\u00a0<a href=\"https:\/\/www.youtube.com\/watch?v=MJD2a9xH2Uc.\">https:\/\/www.youtube.com\/watch?v=MJD2a9xH2Uc.<\/a><\/p>\n<p class=\"Standard\"><strong>Participe da SEMANA ESPECIAL AFT gratuitamente:<\/strong><\/p>\n<p class=\"Standard\"><img loading=\"lazy\" decoding=\"async\" class=\"aligncenter size-full wp-image-44007\" src=\"https:\/\/dhg1h5j42swfq.cloudfront.net\/2016\/07\/21161003\/semana-aft-2.png\" alt=\"semana especial AFT\" width=\"970\" height=\"220\" srcset=\"https:\/\/dhg1h5j42swfq.cloudfront.net\/2016\/07\/21161003\/semana-aft-2.png 970w, https:\/\/dhg1h5j42swfq.cloudfront.net\/2016\/07\/21161003\/semana-aft-2.png 300w, https:\/\/dhg1h5j42swfq.cloudfront.net\/2016\/07\/21161003\/semana-aft-2.png 768w, https:\/\/dhg1h5j42swfq.cloudfront.net\/2016\/07\/21161003\/semana-aft-2.png 500w\" sizes=\"auto, (max-width: 970px) 100vw, 970px\" \/><\/p>\n<p class=\"Standard\">Sigam-me nas redes sociais, estou dispon\u00edvel a quem me procurar:<\/p>\n<p class=\"Standard\">Instagram \u2013 @preparacaotrabalhista \u2013 <a href=\"https:\/\/www.estrategiaconcursos.com.br\/blog\/entrevista-daniel-magalhaes-aprovado-no-concurso-aft-2013\/www.instagram.com\/preparacaotrabalhista\">www.instagram.com\/preparacaotrabalhista<\/a><\/p>\n<p class=\"Standard\"><a href=\"https:\/\/www.estrategiaconcursos.com.br\/blog\/entrevista-daniel-magalhaes-aprovado-no-concurso-aft-2013\/www.facebook.com\/danielmagalhaes\">www.facebook.com\/danielmagalhaes<\/a><\/p>\n<p class=\"Standard\">Um abra\u00e7o,<\/p>\n<p class=\"Standard\">Daniel Magalh\u00e3es<\/p>\n<p class=\"Standard\">Auditor-Fiscal do Trabalho<\/p>\n<p class=\"Standard\">Coach do Estrat\u00e9gia Concursos<\/p>\n<p>Fontes:<br \/>\n<a href=\"http:\/\/www.bcb.gov.br\/pec\/GCI\/PORT\/readout\/readout.asp\">http:\/\/www.bcb.gov.br\/pec\/GCI\/PORT\/readout\/readout.asp<\/a><br \/>\n<a href=\"http:\/\/www.bbc.com\/portuguese\/brasil-36831000\">http:\/\/www.bbc.com\/portuguese\/brasil-36831000<\/a><br \/>\n<a href=\"https:\/\/www.estrategiaconcursos.com.br\/blog\/o-governo-vai-reduzir-gastos-como-ficam-os-concursos-no-governo-michel-temer\/\">https:\/\/www.estrategiaconcursos.com.br\/blog\/o-governo-vai-reduzir-gastos-como-ficam-os-concursos-no-governo-michel-temer\/<\/a><\/p>\n","protected":false},"excerpt":{"rendered":"<p>Ol\u00e1\u00a0pessoal, Meu nome \u00e9 Daniel Magalh\u00e3es, Auditor-Fiscal do Trabalho e Coach do Estrat\u00e9gia Concursos. Sabe o que esse t\u00edtulo desse artigo significa para voc\u00ea? TUDO. Ap\u00f3s um per\u00edodo de estimativas bem negativas, tudo indica que o Brasil voltar\u00e1 a crescer em 2017. As estimativas para 2017 s\u00e3o de crescimento do PIB de 0,5% por parte [&hellip;]<\/p>\n","protected":false},"author":308,"featured_media":43976,"comment_status":"open","ping_status":"open","sticky":false,"template":"","format":"standard","meta":{"post_tipo":"article","footnotes":""},"categories":[1],"tags":[],"tax_estado":[],"class_list":["post-43575","post","type-post","status-publish","format-standard","has-post-thumbnail","hentry","category-cursos-e-concursos"],"acf":[],"yoast_head":"<!-- This site is optimized with the Yoast SEO Premium plugin v27.2 (Yoast SEO v27.2) - https:\/\/yoast.com\/product\/yoast-seo-premium-wordpress\/ -->\n<title>Auditor-Fiscal do Trabalho e PIB em 2017<\/title>\n<meta name=\"robots\" content=\"index, follow, max-snippet:-1, max-image-preview:large, max-video-preview:-1\" \/>\n<link rel=\"canonical\" href=\"https:\/\/www.estrategiaconcursos.com.br\/blog\/auditor-fiscal-do-trabalho-e-pib-em-2017\/\" \/>\n<meta property=\"og:locale\" content=\"pt_BR\" \/>\n<meta property=\"og:type\" content=\"article\" \/>\n<meta property=\"og:title\" content=\"Auditor-Fiscal do Trabalho e PIB em 2017\" \/>\n<meta property=\"og:description\" content=\"Ol\u00e1\u00a0pessoal, Meu nome \u00e9 Daniel Magalh\u00e3es, Auditor-Fiscal do Trabalho e Coach do Estrat\u00e9gia Concursos. Sabe o que esse t\u00edtulo desse artigo significa para voc\u00ea? TUDO. Ap\u00f3s um per\u00edodo de estimativas bem negativas, tudo indica que o Brasil voltar\u00e1 a crescer em 2017. As estimativas para 2017 s\u00e3o de crescimento do PIB de 0,5% por parte [&hellip;]\" \/>\n<meta property=\"og:url\" content=\"https:\/\/www.estrategiaconcursos.com.br\/blog\/auditor-fiscal-do-trabalho-e-pib-em-2017\/\" \/>\n<meta property=\"og:site_name\" content=\"Estrat\u00e9gia Concursos\" \/>\n<meta property=\"article:author\" content=\"www.facebook.com\/danielmagalhaes\" \/>\n<meta property=\"article:published_time\" content=\"2016-07-21T17:59:53+00:00\" \/>\n<meta property=\"article:modified_time\" content=\"2023-04-12T17:31:46+00:00\" \/>\n<meta property=\"og:image\" content=\"https:\/\/dhg1h5j42swfq.cloudfront.net\/2016\/07\/21144051\/clip_image001.png\" \/>\n\t<meta property=\"og:image:width\" content=\"1082\" \/>\n\t<meta property=\"og:image:height\" content=\"471\" \/>\n\t<meta property=\"og:image:type\" content=\"image\/png\" \/>\n<meta name=\"author\" content=\"Daniel Magalh\u00e3es\" \/>\n<meta name=\"twitter:card\" content=\"summary_large_image\" \/>\n<meta name=\"twitter:creator\" content=\"@EstratConcursos\" \/>\n<meta name=\"twitter:site\" content=\"@EstratConcursos\" \/>\n<meta name=\"twitter:label1\" content=\"Escrito por\" \/>\n\t<meta name=\"twitter:data1\" content=\"Daniel Magalh\u00e3es\" \/>\n\t<meta name=\"twitter:label2\" content=\"Est. tempo de leitura\" \/>\n\t<meta name=\"twitter:data2\" content=\"2 minutos\" \/>\n<script type=\"application\/ld+json\" class=\"yoast-schema-graph\">{\"@context\":\"https:\/\/schema.org\",\"@graph\":[{\"@type\":\"NewsArticle\",\"@id\":\"https:\/\/www.estrategiaconcursos.com.br\/blog\/auditor-fiscal-do-trabalho-e-pib-em-2017\/#article\",\"isPartOf\":{\"@id\":\"https:\/\/www.estrategiaconcursos.com.br\/blog\/auditor-fiscal-do-trabalho-e-pib-em-2017\/\"},\"author\":{\"name\":\"Daniel Magalh\u00e3es\",\"@id\":\"https:\/\/www.estrategiaconcursos.com.br\/blog\/#\/schema\/person\/6497622a314084b96c500317a31d3298\"},\"headline\":\"Auditor-Fiscal do Trabalho e PIB em 2017\",\"datePublished\":\"2016-07-21T17:59:53+00:00\",\"dateModified\":\"2023-04-12T17:31:46+00:00\",\"mainEntityOfPage\":{\"@id\":\"https:\/\/www.estrategiaconcursos.com.br\/blog\/auditor-fiscal-do-trabalho-e-pib-em-2017\/\"},\"wordCount\":349,\"commentCount\":1,\"publisher\":{\"@id\":\"https:\/\/www.estrategiaconcursos.com.br\/blog\/#organization\"},\"image\":{\"@id\":\"https:\/\/www.estrategiaconcursos.com.br\/blog\/auditor-fiscal-do-trabalho-e-pib-em-2017\/#primaryimage\"},\"thumbnailUrl\":\"https:\/\/dhg1h5j42swfq.cloudfront.net\/2016\/07\/21144051\/clip_image001.png\",\"articleSection\":[\"Concursos P\u00fablicos\"],\"inLanguage\":\"pt-BR\",\"potentialAction\":[{\"@type\":\"CommentAction\",\"name\":\"Comment\",\"target\":[\"https:\/\/www.estrategiaconcursos.com.br\/blog\/auditor-fiscal-do-trabalho-e-pib-em-2017\/#respond\"]}],\"copyrightYear\":\"2016\",\"copyrightHolder\":{\"@id\":\"https:\/\/www.estrategiaconcursos.com.br\/blog\/#organization\"}},{\"@type\":\"WebPage\",\"@id\":\"https:\/\/www.estrategiaconcursos.com.br\/blog\/auditor-fiscal-do-trabalho-e-pib-em-2017\/\",\"url\":\"https:\/\/www.estrategiaconcursos.com.br\/blog\/auditor-fiscal-do-trabalho-e-pib-em-2017\/\",\"name\":\"Auditor-Fiscal do Trabalho e PIB em 2017\",\"isPartOf\":{\"@id\":\"https:\/\/www.estrategiaconcursos.com.br\/blog\/#website\"},\"primaryImageOfPage\":{\"@id\":\"https:\/\/www.estrategiaconcursos.com.br\/blog\/auditor-fiscal-do-trabalho-e-pib-em-2017\/#primaryimage\"},\"image\":{\"@id\":\"https:\/\/www.estrategiaconcursos.com.br\/blog\/auditor-fiscal-do-trabalho-e-pib-em-2017\/#primaryimage\"},\"thumbnailUrl\":\"https:\/\/dhg1h5j42swfq.cloudfront.net\/2016\/07\/21144051\/clip_image001.png\",\"datePublished\":\"2016-07-21T17:59:53+00:00\",\"dateModified\":\"2023-04-12T17:31:46+00:00\",\"breadcrumb\":{\"@id\":\"https:\/\/www.estrategiaconcursos.com.br\/blog\/auditor-fiscal-do-trabalho-e-pib-em-2017\/#breadcrumb\"},\"inLanguage\":\"pt-BR\",\"potentialAction\":[{\"@type\":\"ReadAction\",\"target\":[\"https:\/\/www.estrategiaconcursos.com.br\/blog\/auditor-fiscal-do-trabalho-e-pib-em-2017\/\"]}]},{\"@type\":\"ImageObject\",\"inLanguage\":\"pt-BR\",\"@id\":\"https:\/\/www.estrategiaconcursos.com.br\/blog\/auditor-fiscal-do-trabalho-e-pib-em-2017\/#primaryimage\",\"url\":\"https:\/\/dhg1h5j42swfq.cloudfront.net\/2016\/07\/21144051\/clip_image001.png\",\"contentUrl\":\"https:\/\/dhg1h5j42swfq.cloudfront.net\/2016\/07\/21144051\/clip_image001.png\",\"width\":1082,\"height\":471},{\"@type\":\"BreadcrumbList\",\"@id\":\"https:\/\/www.estrategiaconcursos.com.br\/blog\/auditor-fiscal-do-trabalho-e-pib-em-2017\/#breadcrumb\",\"itemListElement\":[{\"@type\":\"ListItem\",\"position\":1,\"name\":\"In\u00edcio\",\"item\":\"https:\/\/www.estrategiaconcursos.com.br\/blog\/\"},{\"@type\":\"ListItem\",\"position\":2,\"name\":\"Auditor-Fiscal do Trabalho e PIB em 2017\"}]},{\"@type\":\"WebSite\",\"@id\":\"https:\/\/www.estrategiaconcursos.com.br\/blog\/#website\",\"url\":\"https:\/\/www.estrategiaconcursos.com.br\/blog\/\",\"name\":\"Estrat\u00e9gia Concursos\",\"description\":\"O blog da Estrat\u00e9gia Concursos traz not\u00edcias sobre concursos e artigos de professores oferecendo cursos para concursos (pdf + videaulas) no site.\",\"publisher\":{\"@id\":\"https:\/\/www.estrategiaconcursos.com.br\/blog\/#organization\"},\"potentialAction\":[{\"@type\":\"SearchAction\",\"target\":{\"@type\":\"EntryPoint\",\"urlTemplate\":\"https:\/\/www.estrategiaconcursos.com.br\/blog\/?s={search_term_string}\"},\"query-input\":{\"@type\":\"PropertyValueSpecification\",\"valueRequired\":true,\"valueName\":\"search_term_string\"}}],\"inLanguage\":\"pt-BR\"},{\"@type\":\"Organization\",\"@id\":\"https:\/\/www.estrategiaconcursos.com.br\/blog\/#organization\",\"name\":\"Estrat\u00e9gia Concursos\",\"url\":\"https:\/\/www.estrategiaconcursos.com.br\/blog\/\",\"logo\":{\"@type\":\"ImageObject\",\"inLanguage\":\"pt-BR\",\"@id\":\"https:\/\/www.estrategiaconcursos.com.br\/blog\/#\/schema\/logo\/image\/\",\"url\":\"https:\/\/dhg1h5j42swfq.cloudfront.net\/2025\/06\/03203428\/logo_concursos-1.jpg\",\"contentUrl\":\"https:\/\/dhg1h5j42swfq.cloudfront.net\/2025\/06\/03203428\/logo_concursos-1.jpg\",\"width\":230,\"height\":60,\"caption\":\"Estrat\u00e9gia Concursos\"},\"image\":{\"@id\":\"https:\/\/www.estrategiaconcursos.com.br\/blog\/#\/schema\/logo\/image\/\"},\"sameAs\":[\"https:\/\/x.com\/EstratConcursos\"]},{\"@type\":\"Person\",\"@id\":\"https:\/\/www.estrategiaconcursos.com.br\/blog\/#\/schema\/person\/6497622a314084b96c500317a31d3298\",\"name\":\"Daniel Magalh\u00e3es\",\"image\":{\"@type\":\"ImageObject\",\"inLanguage\":\"pt-BR\",\"@id\":\"https:\/\/secure.gravatar.com\/avatar\/3b7a3207bc7fecfa2bc9191869fbc74c824eca4f1156695286edc09ac4475935?s=96&d=mm&r=g\",\"url\":\"https:\/\/secure.gravatar.com\/avatar\/3b7a3207bc7fecfa2bc9191869fbc74c824eca4f1156695286edc09ac4475935?s=96&d=mm&r=g\",\"contentUrl\":\"https:\/\/secure.gravatar.com\/avatar\/3b7a3207bc7fecfa2bc9191869fbc74c824eca4f1156695286edc09ac4475935?s=96&d=mm&r=g\",\"caption\":\"Daniel Magalh\u00e3es\"},\"sameAs\":[\"http:\/\/instagram.com\/preparacaotrabalhista\",\"www.facebook.com\/danielmagalhaes\"],\"url\":\"https:\/\/www.estrategiaconcursos.com.br\/blog\/author\/danielmagalhaesestrategiaconcursos-com-br\/\"}]}<\/script>\n<!-- \/ Yoast SEO Premium plugin. -->","yoast_head_json":{"title":"Auditor-Fiscal do Trabalho e PIB em 2017","robots":{"index":"index","follow":"follow","max-snippet":"max-snippet:-1","max-image-preview":"max-image-preview:large","max-video-preview":"max-video-preview:-1"},"canonical":"https:\/\/www.estrategiaconcursos.com.br\/blog\/auditor-fiscal-do-trabalho-e-pib-em-2017\/","og_locale":"pt_BR","og_type":"article","og_title":"Auditor-Fiscal do Trabalho e PIB em 2017","og_description":"Ol\u00e1\u00a0pessoal, Meu nome \u00e9 Daniel Magalh\u00e3es, Auditor-Fiscal do Trabalho e Coach do Estrat\u00e9gia Concursos. Sabe o que esse t\u00edtulo desse artigo significa para voc\u00ea? TUDO. Ap\u00f3s um per\u00edodo de estimativas bem negativas, tudo indica que o Brasil voltar\u00e1 a crescer em 2017. As estimativas para 2017 s\u00e3o de crescimento do PIB de 0,5% por parte [&hellip;]","og_url":"https:\/\/www.estrategiaconcursos.com.br\/blog\/auditor-fiscal-do-trabalho-e-pib-em-2017\/","og_site_name":"Estrat\u00e9gia Concursos","article_author":"www.facebook.com\/danielmagalhaes","article_published_time":"2016-07-21T17:59:53+00:00","article_modified_time":"2023-04-12T17:31:46+00:00","og_image":[{"width":1082,"height":471,"url":"https:\/\/dhg1h5j42swfq.cloudfront.net\/2016\/07\/21144051\/clip_image001.png","type":"image\/png"}],"author":"Daniel Magalh\u00e3es","twitter_card":"summary_large_image","twitter_creator":"@EstratConcursos","twitter_site":"@EstratConcursos","twitter_misc":{"Escrito por":"Daniel Magalh\u00e3es","Est. tempo de leitura":"2 minutos"},"schema":{"@context":"https:\/\/schema.org","@graph":[{"@type":"NewsArticle","@id":"https:\/\/www.estrategiaconcursos.com.br\/blog\/auditor-fiscal-do-trabalho-e-pib-em-2017\/#article","isPartOf":{"@id":"https:\/\/www.estrategiaconcursos.com.br\/blog\/auditor-fiscal-do-trabalho-e-pib-em-2017\/"},"author":{"name":"Daniel Magalh\u00e3es","@id":"https:\/\/www.estrategiaconcursos.com.br\/blog\/#\/schema\/person\/6497622a314084b96c500317a31d3298"},"headline":"Auditor-Fiscal do Trabalho e PIB em 2017","datePublished":"2016-07-21T17:59:53+00:00","dateModified":"2023-04-12T17:31:46+00:00","mainEntityOfPage":{"@id":"https:\/\/www.estrategiaconcursos.com.br\/blog\/auditor-fiscal-do-trabalho-e-pib-em-2017\/"},"wordCount":349,"commentCount":1,"publisher":{"@id":"https:\/\/www.estrategiaconcursos.com.br\/blog\/#organization"},"image":{"@id":"https:\/\/www.estrategiaconcursos.com.br\/blog\/auditor-fiscal-do-trabalho-e-pib-em-2017\/#primaryimage"},"thumbnailUrl":"https:\/\/dhg1h5j42swfq.cloudfront.net\/2016\/07\/21144051\/clip_image001.png","articleSection":["Concursos P\u00fablicos"],"inLanguage":"pt-BR","potentialAction":[{"@type":"CommentAction","name":"Comment","target":["https:\/\/www.estrategiaconcursos.com.br\/blog\/auditor-fiscal-do-trabalho-e-pib-em-2017\/#respond"]}],"copyrightYear":"2016","copyrightHolder":{"@id":"https:\/\/www.estrategiaconcursos.com.br\/blog\/#organization"}},{"@type":"WebPage","@id":"https:\/\/www.estrategiaconcursos.com.br\/blog\/auditor-fiscal-do-trabalho-e-pib-em-2017\/","url":"https:\/\/www.estrategiaconcursos.com.br\/blog\/auditor-fiscal-do-trabalho-e-pib-em-2017\/","name":"Auditor-Fiscal do Trabalho e PIB em 2017","isPartOf":{"@id":"https:\/\/www.estrategiaconcursos.com.br\/blog\/#website"},"primaryImageOfPage":{"@id":"https:\/\/www.estrategiaconcursos.com.br\/blog\/auditor-fiscal-do-trabalho-e-pib-em-2017\/#primaryimage"},"image":{"@id":"https:\/\/www.estrategiaconcursos.com.br\/blog\/auditor-fiscal-do-trabalho-e-pib-em-2017\/#primaryimage"},"thumbnailUrl":"https:\/\/dhg1h5j42swfq.cloudfront.net\/2016\/07\/21144051\/clip_image001.png","datePublished":"2016-07-21T17:59:53+00:00","dateModified":"2023-04-12T17:31:46+00:00","breadcrumb":{"@id":"https:\/\/www.estrategiaconcursos.com.br\/blog\/auditor-fiscal-do-trabalho-e-pib-em-2017\/#breadcrumb"},"inLanguage":"pt-BR","potentialAction":[{"@type":"ReadAction","target":["https:\/\/www.estrategiaconcursos.com.br\/blog\/auditor-fiscal-do-trabalho-e-pib-em-2017\/"]}]},{"@type":"ImageObject","inLanguage":"pt-BR","@id":"https:\/\/www.estrategiaconcursos.com.br\/blog\/auditor-fiscal-do-trabalho-e-pib-em-2017\/#primaryimage","url":"https:\/\/dhg1h5j42swfq.cloudfront.net\/2016\/07\/21144051\/clip_image001.png","contentUrl":"https:\/\/dhg1h5j42swfq.cloudfront.net\/2016\/07\/21144051\/clip_image001.png","width":1082,"height":471},{"@type":"BreadcrumbList","@id":"https:\/\/www.estrategiaconcursos.com.br\/blog\/auditor-fiscal-do-trabalho-e-pib-em-2017\/#breadcrumb","itemListElement":[{"@type":"ListItem","position":1,"name":"In\u00edcio","item":"https:\/\/www.estrategiaconcursos.com.br\/blog\/"},{"@type":"ListItem","position":2,"name":"Auditor-Fiscal do Trabalho e PIB em 2017"}]},{"@type":"WebSite","@id":"https:\/\/www.estrategiaconcursos.com.br\/blog\/#website","url":"https:\/\/www.estrategiaconcursos.com.br\/blog\/","name":"Estrat\u00e9gia Concursos","description":"O blog da Estrat\u00e9gia Concursos traz not\u00edcias sobre concursos e artigos de professores oferecendo cursos para concursos (pdf + videaulas) no site.","publisher":{"@id":"https:\/\/www.estrategiaconcursos.com.br\/blog\/#organization"},"potentialAction":[{"@type":"SearchAction","target":{"@type":"EntryPoint","urlTemplate":"https:\/\/www.estrategiaconcursos.com.br\/blog\/?s={search_term_string}"},"query-input":{"@type":"PropertyValueSpecification","valueRequired":true,"valueName":"search_term_string"}}],"inLanguage":"pt-BR"},{"@type":"Organization","@id":"https:\/\/www.estrategiaconcursos.com.br\/blog\/#organization","name":"Estrat\u00e9gia Concursos","url":"https:\/\/www.estrategiaconcursos.com.br\/blog\/","logo":{"@type":"ImageObject","inLanguage":"pt-BR","@id":"https:\/\/www.estrategiaconcursos.com.br\/blog\/#\/schema\/logo\/image\/","url":"https:\/\/dhg1h5j42swfq.cloudfront.net\/2025\/06\/03203428\/logo_concursos-1.jpg","contentUrl":"https:\/\/dhg1h5j42swfq.cloudfront.net\/2025\/06\/03203428\/logo_concursos-1.jpg","width":230,"height":60,"caption":"Estrat\u00e9gia Concursos"},"image":{"@id":"https:\/\/www.estrategiaconcursos.com.br\/blog\/#\/schema\/logo\/image\/"},"sameAs":["https:\/\/x.com\/EstratConcursos"]},{"@type":"Person","@id":"https:\/\/www.estrategiaconcursos.com.br\/blog\/#\/schema\/person\/6497622a314084b96c500317a31d3298","name":"Daniel Magalh\u00e3es","image":{"@type":"ImageObject","inLanguage":"pt-BR","@id":"https:\/\/secure.gravatar.com\/avatar\/3b7a3207bc7fecfa2bc9191869fbc74c824eca4f1156695286edc09ac4475935?s=96&d=mm&r=g","url":"https:\/\/secure.gravatar.com\/avatar\/3b7a3207bc7fecfa2bc9191869fbc74c824eca4f1156695286edc09ac4475935?s=96&d=mm&r=g","contentUrl":"https:\/\/secure.gravatar.com\/avatar\/3b7a3207bc7fecfa2bc9191869fbc74c824eca4f1156695286edc09ac4475935?s=96&d=mm&r=g","caption":"Daniel Magalh\u00e3es"},"sameAs":["http:\/\/instagram.com\/preparacaotrabalhista","www.facebook.com\/danielmagalhaes"],"url":"https:\/\/www.estrategiaconcursos.com.br\/blog\/author\/danielmagalhaesestrategiaconcursos-com-br\/"}]}},"_links":{"self":[{"href":"https:\/\/www.estrategiaconcursos.com.br\/blog\/wp-json\/wp\/v2\/posts\/43575","targetHints":{"allow":["GET"]}}],"collection":[{"href":"https:\/\/www.estrategiaconcursos.com.br\/blog\/wp-json\/wp\/v2\/posts"}],"about":[{"href":"https:\/\/www.estrategiaconcursos.com.br\/blog\/wp-json\/wp\/v2\/types\/post"}],"author":[{"embeddable":true,"href":"https:\/\/www.estrategiaconcursos.com.br\/blog\/wp-json\/wp\/v2\/users\/308"}],"replies":[{"embeddable":true,"href":"https:\/\/www.estrategiaconcursos.com.br\/blog\/wp-json\/wp\/v2\/comments?post=43575"}],"version-history":[{"count":8,"href":"https:\/\/www.estrategiaconcursos.com.br\/blog\/wp-json\/wp\/v2\/posts\/43575\/revisions"}],"predecessor-version":[{"id":1200582,"href":"https:\/\/www.estrategiaconcursos.com.br\/blog\/wp-json\/wp\/v2\/posts\/43575\/revisions\/1200582"}],"wp:featuredmedia":[{"embeddable":true,"href":"https:\/\/www.estrategiaconcursos.com.br\/blog\/wp-json\/wp\/v2\/media\/43976"}],"wp:attachment":[{"href":"https:\/\/www.estrategiaconcursos.com.br\/blog\/wp-json\/wp\/v2\/media?parent=43575"}],"wp:term":[{"taxonomy":"category","embeddable":true,"href":"https:\/\/www.estrategiaconcursos.com.br\/blog\/wp-json\/wp\/v2\/categories?post=43575"},{"taxonomy":"post_tag","embeddable":true,"href":"https:\/\/www.estrategiaconcursos.com.br\/blog\/wp-json\/wp\/v2\/tags?post=43575"},{"taxonomy":"tax_estado","embeddable":true,"href":"https:\/\/www.estrategiaconcursos.com.br\/blog\/wp-json\/wp\/v2\/tax_estado?post=43575"}],"curies":[{"name":"wp","href":"https:\/\/api.w.org\/{rel}","templated":true}]}}