{"id":435738,"date":"2019-10-17T00:38:43","date_gmt":"2019-10-17T03:38:43","guid":{"rendered":"https:\/\/www.estrategiaconcursos.com.br\/blog\/?p=435738"},"modified":"2019-10-17T00:42:48","modified_gmt":"2019-10-17T03:42:48","slug":"minha-historia-em-concursos-publicos","status":"publish","type":"post","link":"https:\/\/www.estrategiaconcursos.com.br\/blog\/minha-historia-em-concursos-publicos\/","title":{"rendered":"Minha hist\u00f3ria em concursos p\u00fablicos"},"content":{"rendered":"\n<p>Minha trajet\u00f3ria no \u201cmundo\u201d dos\nconcursos come\u00e7ou l\u00e1 em 1994, com apenas 10 anos de idade. Passei o ano todo\nfazendo cursinho preparat\u00f3rio para o concurso de admiss\u00e3o a 5\u00aa s\u00e9rie do Col\u00e9gio\nMilitar do Rio de Janeiro \u2013 CMRJ. Sim, ia para o col\u00e9gio pela manh\u00e3 e fazia\ncursinho \u00e0 tarde. Um ano de dedica\u00e7\u00e3o e o resultado: REPROVADA. Foi dif\u00edcil\npara uma crian\u00e7a, por\u00e9m, a lembran\u00e7a que ficou \u00e9 a de meu pai dizendo: \u201cN\u00e3o tem\nproblema. O pr\u00f3ximo \u00e9 seu.\u201d<\/p>\n\n\n\n<p>E assim ocorreu. Novamente,\nprestei o concurso para o CMRJ. O ano era 1998 e o objetivo era a 1\u00aa s\u00e9rie do\n2\u00ba grau. Um ano de muito estudo foi recompensado com a APROVA\u00c7\u00c3O COM LOUVOR em\nTERCEIRO LUGAR! Como foi gratificante ver a alegria da minha fam\u00edlia! Eu e meu\nirm\u00e3o, mais novo, passamos para o CMRJ, respectivamente, para a 1\u00aa s\u00e9rie e para\n5\u00aa s\u00e9rie, em 3\u00ba e 2\u00ba lugares.<\/p>\n\n\n\n<p>A vida seguiu, chegou a \u00e9poca do vestibular. A dedica\u00e7\u00e3o e a disciplina perduraram durante toda a adolesc\u00eancia e vieram mais aprova\u00e7\u00f5es: Engenharia de Produ\u00e7\u00e3o na UERJ e ACADEMIA DA FOR\u00c7A A\u00c9REA.<\/p>\n\n\n\n<p>Com 18 anos, no in\u00edcio de 2002, ingressava nas fileiras da For\u00e7a A\u00e9rea Brasileira, como Cadete Intendente. Na carreira militar, permaneci at\u00e9 o posto de Capit\u00e3o. Fui chefe de v\u00e1rios setores da \u00e1rea administrativa e pude viver uma \u00f3tima experi\u00eancia fazendo parte do Corpo de Instrutores da Escola Preparat\u00f3ria de Cadetes do Ar (EPCAR).<\/p>\n\n\n\n<p>Durante esse per\u00edodo, tamb\u00e9m me\ndediquei ao Direito, me formando em 2011 e me especializando, logo depois, em\nDireito do Trabalho. Nessa p\u00f3s-gradua\u00e7\u00e3o, tive o primeiro contato com a\ncarreira de AUDITORIA FISCAL DO TRABALHO, a qual me despertou enorme interesse.\n<\/p>\n\n\n\n<p>Retornei, portanto, ao \u201cmundo\u201d\ndos concursos, sabendo que n\u00e3o seria f\u00e1cil. Trabalhando o dia inteiro e rec\u00e9m-casada,\nn\u00e3o tinha muito tempo para os estudos.&nbsp;\nNesse momento decisivo, um grande amigo me apresentou o ESTRAT\u00c9GIA\nCONCURSOS. Agarrei-me aos PDF com \u201cunhas e dentes\u201d e obtive a sonhada APROVA\u00c7\u00c3O\nem 48\u00ba lugar.<\/p>\n\n\n\n<p>Em 2014, deixei a caserna, onde\nvivi grandes e inesquec\u00edveis momentos, e tomei posse como AUDITORA FISCAL DO\nTRABALHO, carreira \u00e0 qual tenho muito orgulho de pertencer!<\/p>\n","protected":false},"excerpt":{"rendered":"<p>Minha trajet\u00f3ria no \u201cmundo\u201d dos concursos come\u00e7ou l\u00e1 em 1994, com apenas 10 anos de idade. Passei o ano todo fazendo cursinho preparat\u00f3rio para o concurso de admiss\u00e3o a 5\u00aa s\u00e9rie do Col\u00e9gio Militar do Rio de Janeiro \u2013 CMRJ. Sim, ia para o col\u00e9gio pela manh\u00e3 e fazia cursinho \u00e0 tarde. Um ano de [&hellip;]<\/p>\n","protected":false},"author":1384,"featured_media":0,"comment_status":"open","ping_status":"closed","sticky":false,"template":"","format":"standard","meta":{"post_tipo":"article","footnotes":""},"categories":[1],"tags":[],"tax_estado":[],"class_list":["post-435738","post","type-post","status-publish","format-standard","hentry","category-cursos-e-concursos"],"acf":[],"yoast_head":"<!-- This site is optimized with the Yoast SEO Premium plugin v27.2 (Yoast SEO v27.2) - https:\/\/yoast.com\/product\/yoast-seo-premium-wordpress\/ -->\n<title>Minha hist\u00f3ria em concursos p\u00fablicos<\/title>\n<meta name=\"robots\" content=\"index, follow, max-snippet:-1, max-image-preview:large, max-video-preview:-1\" \/>\n<link rel=\"canonical\" href=\"https:\/\/www.estrategiaconcursos.com.br\/blog\/minha-historia-em-concursos-publicos\/\" \/>\n<meta property=\"og:locale\" content=\"pt_BR\" \/>\n<meta property=\"og:type\" content=\"article\" \/>\n<meta property=\"og:title\" content=\"Minha hist\u00f3ria em concursos p\u00fablicos\" \/>\n<meta property=\"og:description\" content=\"Minha trajet\u00f3ria no \u201cmundo\u201d dos concursos come\u00e7ou l\u00e1 em 1994, com apenas 10 anos de idade. Passei o ano todo fazendo cursinho preparat\u00f3rio para o concurso de admiss\u00e3o a 5\u00aa s\u00e9rie do Col\u00e9gio Militar do Rio de Janeiro \u2013 CMRJ. Sim, ia para o col\u00e9gio pela manh\u00e3 e fazia cursinho \u00e0 tarde. Um ano de [&hellip;]\" \/>\n<meta property=\"og:url\" content=\"https:\/\/www.estrategiaconcursos.com.br\/blog\/minha-historia-em-concursos-publicos\/\" \/>\n<meta property=\"og:site_name\" content=\"Estrat\u00e9gia Concursos\" \/>\n<meta property=\"article:published_time\" content=\"2019-10-17T03:38:43+00:00\" \/>\n<meta property=\"article:modified_time\" content=\"2019-10-17T03:42:48+00:00\" \/>\n<meta name=\"author\" content=\"Ana Caroline Fonseca de Lima\" \/>\n<meta name=\"twitter:card\" content=\"summary_large_image\" \/>\n<meta name=\"twitter:creator\" content=\"@EstratConcursos\" \/>\n<meta name=\"twitter:site\" content=\"@EstratConcursos\" \/>\n<meta name=\"twitter:label1\" content=\"Escrito por\" \/>\n\t<meta name=\"twitter:data1\" content=\"Ana Caroline Fonseca de Lima\" \/>\n\t<meta name=\"twitter:label2\" content=\"Est. tempo de leitura\" \/>\n\t<meta name=\"twitter:data2\" content=\"2 minutos\" \/>\n<script type=\"application\/ld+json\" class=\"yoast-schema-graph\">{\"@context\":\"https:\/\/schema.org\",\"@graph\":[{\"@type\":\"NewsArticle\",\"@id\":\"https:\/\/www.estrategiaconcursos.com.br\/blog\/minha-historia-em-concursos-publicos\/#article\",\"isPartOf\":{\"@id\":\"https:\/\/www.estrategiaconcursos.com.br\/blog\/minha-historia-em-concursos-publicos\/\"},\"author\":{\"name\":\"Ana Caroline Fonseca de Lima\",\"@id\":\"https:\/\/www.estrategiaconcursos.com.br\/blog\/#\/schema\/person\/383e5cab9cfdc3da0df6011df1298527\"},\"headline\":\"Minha hist\u00f3ria em concursos p\u00fablicos\",\"datePublished\":\"2019-10-17T03:38:43+00:00\",\"dateModified\":\"2019-10-17T03:42:48+00:00\",\"mainEntityOfPage\":{\"@id\":\"https:\/\/www.estrategiaconcursos.com.br\/blog\/minha-historia-em-concursos-publicos\/\"},\"wordCount\":391,\"commentCount\":0,\"publisher\":{\"@id\":\"https:\/\/www.estrategiaconcursos.com.br\/blog\/#organization\"},\"articleSection\":[\"Concursos P\u00fablicos\"],\"inLanguage\":\"pt-BR\",\"potentialAction\":[{\"@type\":\"CommentAction\",\"name\":\"Comment\",\"target\":[\"https:\/\/www.estrategiaconcursos.com.br\/blog\/minha-historia-em-concursos-publicos\/#respond\"]}],\"copyrightYear\":\"2019\",\"copyrightHolder\":{\"@id\":\"https:\/\/www.estrategiaconcursos.com.br\/blog\/#organization\"}},{\"@type\":\"WebPage\",\"@id\":\"https:\/\/www.estrategiaconcursos.com.br\/blog\/minha-historia-em-concursos-publicos\/\",\"url\":\"https:\/\/www.estrategiaconcursos.com.br\/blog\/minha-historia-em-concursos-publicos\/\",\"name\":\"Minha hist\u00f3ria em concursos p\u00fablicos\",\"isPartOf\":{\"@id\":\"https:\/\/www.estrategiaconcursos.com.br\/blog\/#website\"},\"datePublished\":\"2019-10-17T03:38:43+00:00\",\"dateModified\":\"2019-10-17T03:42:48+00:00\",\"breadcrumb\":{\"@id\":\"https:\/\/www.estrategiaconcursos.com.br\/blog\/minha-historia-em-concursos-publicos\/#breadcrumb\"},\"inLanguage\":\"pt-BR\",\"potentialAction\":[{\"@type\":\"ReadAction\",\"target\":[\"https:\/\/www.estrategiaconcursos.com.br\/blog\/minha-historia-em-concursos-publicos\/\"]}]},{\"@type\":\"BreadcrumbList\",\"@id\":\"https:\/\/www.estrategiaconcursos.com.br\/blog\/minha-historia-em-concursos-publicos\/#breadcrumb\",\"itemListElement\":[{\"@type\":\"ListItem\",\"position\":1,\"name\":\"In\u00edcio\",\"item\":\"https:\/\/www.estrategiaconcursos.com.br\/blog\/\"},{\"@type\":\"ListItem\",\"position\":2,\"name\":\"Minha hist\u00f3ria em concursos p\u00fablicos\"}]},{\"@type\":\"WebSite\",\"@id\":\"https:\/\/www.estrategiaconcursos.com.br\/blog\/#website\",\"url\":\"https:\/\/www.estrategiaconcursos.com.br\/blog\/\",\"name\":\"Estrat\u00e9gia Concursos\",\"description\":\"O blog da Estrat\u00e9gia Concursos traz not\u00edcias sobre concursos e artigos de professores oferecendo cursos para concursos (pdf + videaulas) no site.\",\"publisher\":{\"@id\":\"https:\/\/www.estrategiaconcursos.com.br\/blog\/#organization\"},\"potentialAction\":[{\"@type\":\"SearchAction\",\"target\":{\"@type\":\"EntryPoint\",\"urlTemplate\":\"https:\/\/www.estrategiaconcursos.com.br\/blog\/?s={search_term_string}\"},\"query-input\":{\"@type\":\"PropertyValueSpecification\",\"valueRequired\":true,\"valueName\":\"search_term_string\"}}],\"inLanguage\":\"pt-BR\"},{\"@type\":\"Organization\",\"@id\":\"https:\/\/www.estrategiaconcursos.com.br\/blog\/#organization\",\"name\":\"Estrat\u00e9gia Concursos\",\"url\":\"https:\/\/www.estrategiaconcursos.com.br\/blog\/\",\"logo\":{\"@type\":\"ImageObject\",\"inLanguage\":\"pt-BR\",\"@id\":\"https:\/\/www.estrategiaconcursos.com.br\/blog\/#\/schema\/logo\/image\/\",\"url\":\"https:\/\/dhg1h5j42swfq.cloudfront.net\/2025\/06\/03203428\/logo_concursos-1.jpg\",\"contentUrl\":\"https:\/\/dhg1h5j42swfq.cloudfront.net\/2025\/06\/03203428\/logo_concursos-1.jpg\",\"width\":230,\"height\":60,\"caption\":\"Estrat\u00e9gia Concursos\"},\"image\":{\"@id\":\"https:\/\/www.estrategiaconcursos.com.br\/blog\/#\/schema\/logo\/image\/\"},\"sameAs\":[\"https:\/\/x.com\/EstratConcursos\"]},{\"@type\":\"Person\",\"@id\":\"https:\/\/www.estrategiaconcursos.com.br\/blog\/#\/schema\/person\/383e5cab9cfdc3da0df6011df1298527\",\"name\":\"Ana Caroline Fonseca de Lima\",\"image\":{\"@type\":\"ImageObject\",\"inLanguage\":\"pt-BR\",\"@id\":\"https:\/\/secure.gravatar.com\/avatar\/692f024bcfac8d55be7ef1c552ddcfb3330c1cfe48f430e7e8d7de62c3191f66?s=96&d=mm&r=g\",\"url\":\"https:\/\/secure.gravatar.com\/avatar\/692f024bcfac8d55be7ef1c552ddcfb3330c1cfe48f430e7e8d7de62c3191f66?s=96&d=mm&r=g\",\"contentUrl\":\"https:\/\/secure.gravatar.com\/avatar\/692f024bcfac8d55be7ef1c552ddcfb3330c1cfe48f430e7e8d7de62c3191f66?s=96&d=mm&r=g\",\"caption\":\"Ana Caroline Fonseca de Lima\"},\"description\":\"Auditora Fiscal do Trabalho (AFT). Oficial da Reserva da For\u00e7a A\u00e9rea Brasileira, formada na Academia da For\u00e7a A\u00e9rea (Capit\u00e3o Intendente da Reserva N\u00e3o Remunerada), permanecendo na ativa por 12 anos - Bacharel em Administra\u00e7\u00e3o (2005) - Bacharel em Direito (2011) - Especializada em Gest\u00e3o da Administra\u00e7\u00e3o P\u00fablica pela Universidade Castelo Branco (2009) - P\u00f3s-graduada em Direito e Processo do Trabalho pela Universidade Anhanguera -UNIDERP (2013) Aprova\u00e7\u00f5es em concursos p\u00fablicos: - Col\u00e9gio Militar do Rio de Janeiro - CMRJ (1999) - Academia da For\u00e7a A\u00e9rea - AFA (2002) - Auditor Fiscal do Trabalho - AFT (2013) https:\/\/www.instagram.com\/anacaroline.flima\/\",\"sameAs\":[\"https:\/\/www.instagram.com\/anacaroline.flima\/\"],\"url\":\"https:\/\/www.estrategiaconcursos.com.br\/blog\/author\/anacaroline-fonsecayahoo-com-br\/\"}]}<\/script>\n<!-- \/ Yoast SEO Premium plugin. -->","yoast_head_json":{"title":"Minha hist\u00f3ria em concursos p\u00fablicos","robots":{"index":"index","follow":"follow","max-snippet":"max-snippet:-1","max-image-preview":"max-image-preview:large","max-video-preview":"max-video-preview:-1"},"canonical":"https:\/\/www.estrategiaconcursos.com.br\/blog\/minha-historia-em-concursos-publicos\/","og_locale":"pt_BR","og_type":"article","og_title":"Minha hist\u00f3ria em concursos p\u00fablicos","og_description":"Minha trajet\u00f3ria no \u201cmundo\u201d dos concursos come\u00e7ou l\u00e1 em 1994, com apenas 10 anos de idade. Passei o ano todo fazendo cursinho preparat\u00f3rio para o concurso de admiss\u00e3o a 5\u00aa s\u00e9rie do Col\u00e9gio Militar do Rio de Janeiro \u2013 CMRJ. Sim, ia para o col\u00e9gio pela manh\u00e3 e fazia cursinho \u00e0 tarde. Um ano de [&hellip;]","og_url":"https:\/\/www.estrategiaconcursos.com.br\/blog\/minha-historia-em-concursos-publicos\/","og_site_name":"Estrat\u00e9gia Concursos","article_published_time":"2019-10-17T03:38:43+00:00","article_modified_time":"2019-10-17T03:42:48+00:00","author":"Ana Caroline Fonseca de Lima","twitter_card":"summary_large_image","twitter_creator":"@EstratConcursos","twitter_site":"@EstratConcursos","twitter_misc":{"Escrito por":"Ana Caroline Fonseca de Lima","Est. tempo de leitura":"2 minutos"},"schema":{"@context":"https:\/\/schema.org","@graph":[{"@type":"NewsArticle","@id":"https:\/\/www.estrategiaconcursos.com.br\/blog\/minha-historia-em-concursos-publicos\/#article","isPartOf":{"@id":"https:\/\/www.estrategiaconcursos.com.br\/blog\/minha-historia-em-concursos-publicos\/"},"author":{"name":"Ana Caroline Fonseca de Lima","@id":"https:\/\/www.estrategiaconcursos.com.br\/blog\/#\/schema\/person\/383e5cab9cfdc3da0df6011df1298527"},"headline":"Minha hist\u00f3ria em concursos p\u00fablicos","datePublished":"2019-10-17T03:38:43+00:00","dateModified":"2019-10-17T03:42:48+00:00","mainEntityOfPage":{"@id":"https:\/\/www.estrategiaconcursos.com.br\/blog\/minha-historia-em-concursos-publicos\/"},"wordCount":391,"commentCount":0,"publisher":{"@id":"https:\/\/www.estrategiaconcursos.com.br\/blog\/#organization"},"articleSection":["Concursos P\u00fablicos"],"inLanguage":"pt-BR","potentialAction":[{"@type":"CommentAction","name":"Comment","target":["https:\/\/www.estrategiaconcursos.com.br\/blog\/minha-historia-em-concursos-publicos\/#respond"]}],"copyrightYear":"2019","copyrightHolder":{"@id":"https:\/\/www.estrategiaconcursos.com.br\/blog\/#organization"}},{"@type":"WebPage","@id":"https:\/\/www.estrategiaconcursos.com.br\/blog\/minha-historia-em-concursos-publicos\/","url":"https:\/\/www.estrategiaconcursos.com.br\/blog\/minha-historia-em-concursos-publicos\/","name":"Minha hist\u00f3ria em concursos p\u00fablicos","isPartOf":{"@id":"https:\/\/www.estrategiaconcursos.com.br\/blog\/#website"},"datePublished":"2019-10-17T03:38:43+00:00","dateModified":"2019-10-17T03:42:48+00:00","breadcrumb":{"@id":"https:\/\/www.estrategiaconcursos.com.br\/blog\/minha-historia-em-concursos-publicos\/#breadcrumb"},"inLanguage":"pt-BR","potentialAction":[{"@type":"ReadAction","target":["https:\/\/www.estrategiaconcursos.com.br\/blog\/minha-historia-em-concursos-publicos\/"]}]},{"@type":"BreadcrumbList","@id":"https:\/\/www.estrategiaconcursos.com.br\/blog\/minha-historia-em-concursos-publicos\/#breadcrumb","itemListElement":[{"@type":"ListItem","position":1,"name":"In\u00edcio","item":"https:\/\/www.estrategiaconcursos.com.br\/blog\/"},{"@type":"ListItem","position":2,"name":"Minha hist\u00f3ria em concursos p\u00fablicos"}]},{"@type":"WebSite","@id":"https:\/\/www.estrategiaconcursos.com.br\/blog\/#website","url":"https:\/\/www.estrategiaconcursos.com.br\/blog\/","name":"Estrat\u00e9gia Concursos","description":"O blog da Estrat\u00e9gia Concursos traz not\u00edcias sobre concursos e artigos de professores oferecendo cursos para concursos (pdf + videaulas) no site.","publisher":{"@id":"https:\/\/www.estrategiaconcursos.com.br\/blog\/#organization"},"potentialAction":[{"@type":"SearchAction","target":{"@type":"EntryPoint","urlTemplate":"https:\/\/www.estrategiaconcursos.com.br\/blog\/?s={search_term_string}"},"query-input":{"@type":"PropertyValueSpecification","valueRequired":true,"valueName":"search_term_string"}}],"inLanguage":"pt-BR"},{"@type":"Organization","@id":"https:\/\/www.estrategiaconcursos.com.br\/blog\/#organization","name":"Estrat\u00e9gia Concursos","url":"https:\/\/www.estrategiaconcursos.com.br\/blog\/","logo":{"@type":"ImageObject","inLanguage":"pt-BR","@id":"https:\/\/www.estrategiaconcursos.com.br\/blog\/#\/schema\/logo\/image\/","url":"https:\/\/dhg1h5j42swfq.cloudfront.net\/2025\/06\/03203428\/logo_concursos-1.jpg","contentUrl":"https:\/\/dhg1h5j42swfq.cloudfront.net\/2025\/06\/03203428\/logo_concursos-1.jpg","width":230,"height":60,"caption":"Estrat\u00e9gia Concursos"},"image":{"@id":"https:\/\/www.estrategiaconcursos.com.br\/blog\/#\/schema\/logo\/image\/"},"sameAs":["https:\/\/x.com\/EstratConcursos"]},{"@type":"Person","@id":"https:\/\/www.estrategiaconcursos.com.br\/blog\/#\/schema\/person\/383e5cab9cfdc3da0df6011df1298527","name":"Ana Caroline Fonseca de Lima","image":{"@type":"ImageObject","inLanguage":"pt-BR","@id":"https:\/\/secure.gravatar.com\/avatar\/692f024bcfac8d55be7ef1c552ddcfb3330c1cfe48f430e7e8d7de62c3191f66?s=96&d=mm&r=g","url":"https:\/\/secure.gravatar.com\/avatar\/692f024bcfac8d55be7ef1c552ddcfb3330c1cfe48f430e7e8d7de62c3191f66?s=96&d=mm&r=g","contentUrl":"https:\/\/secure.gravatar.com\/avatar\/692f024bcfac8d55be7ef1c552ddcfb3330c1cfe48f430e7e8d7de62c3191f66?s=96&d=mm&r=g","caption":"Ana Caroline Fonseca de Lima"},"description":"Auditora Fiscal do Trabalho (AFT). Oficial da Reserva da For\u00e7a A\u00e9rea Brasileira, formada na Academia da For\u00e7a A\u00e9rea (Capit\u00e3o Intendente da Reserva N\u00e3o Remunerada), permanecendo na ativa por 12 anos - Bacharel em Administra\u00e7\u00e3o (2005) - Bacharel em Direito (2011) - Especializada em Gest\u00e3o da Administra\u00e7\u00e3o P\u00fablica pela Universidade Castelo Branco (2009) - P\u00f3s-graduada em Direito e Processo do Trabalho pela Universidade Anhanguera -UNIDERP (2013) Aprova\u00e7\u00f5es em concursos p\u00fablicos: - Col\u00e9gio Militar do Rio de Janeiro - CMRJ (1999) - Academia da For\u00e7a A\u00e9rea - AFA (2002) - Auditor Fiscal do Trabalho - AFT (2013) https:\/\/www.instagram.com\/anacaroline.flima\/","sameAs":["https:\/\/www.instagram.com\/anacaroline.flima\/"],"url":"https:\/\/www.estrategiaconcursos.com.br\/blog\/author\/anacaroline-fonsecayahoo-com-br\/"}]}},"_links":{"self":[{"href":"https:\/\/www.estrategiaconcursos.com.br\/blog\/wp-json\/wp\/v2\/posts\/435738","targetHints":{"allow":["GET"]}}],"collection":[{"href":"https:\/\/www.estrategiaconcursos.com.br\/blog\/wp-json\/wp\/v2\/posts"}],"about":[{"href":"https:\/\/www.estrategiaconcursos.com.br\/blog\/wp-json\/wp\/v2\/types\/post"}],"author":[{"embeddable":true,"href":"https:\/\/www.estrategiaconcursos.com.br\/blog\/wp-json\/wp\/v2\/users\/1384"}],"replies":[{"embeddable":true,"href":"https:\/\/www.estrategiaconcursos.com.br\/blog\/wp-json\/wp\/v2\/comments?post=435738"}],"version-history":[{"count":4,"href":"https:\/\/www.estrategiaconcursos.com.br\/blog\/wp-json\/wp\/v2\/posts\/435738\/revisions"}],"predecessor-version":[{"id":435745,"href":"https:\/\/www.estrategiaconcursos.com.br\/blog\/wp-json\/wp\/v2\/posts\/435738\/revisions\/435745"}],"wp:attachment":[{"href":"https:\/\/www.estrategiaconcursos.com.br\/blog\/wp-json\/wp\/v2\/media?parent=435738"}],"wp:term":[{"taxonomy":"category","embeddable":true,"href":"https:\/\/www.estrategiaconcursos.com.br\/blog\/wp-json\/wp\/v2\/categories?post=435738"},{"taxonomy":"post_tag","embeddable":true,"href":"https:\/\/www.estrategiaconcursos.com.br\/blog\/wp-json\/wp\/v2\/tags?post=435738"},{"taxonomy":"tax_estado","embeddable":true,"href":"https:\/\/www.estrategiaconcursos.com.br\/blog\/wp-json\/wp\/v2\/tax_estado?post=435738"}],"curies":[{"name":"wp","href":"https:\/\/api.w.org\/{rel}","templated":true}]}}