{"id":435655,"date":"2019-10-16T17:43:46","date_gmt":"2019-10-16T20:43:46","guid":{"rendered":"https:\/\/www.estrategiaconcursos.com.br\/blog\/?p=435655"},"modified":"2023-06-20T15:08:35","modified_gmt":"2023-06-20T18:08:35","slug":"concurso-senado-vice-presidente-da-casa-questiona-autorizacao-do-certame","status":"publish","type":"post","link":"https:\/\/www.estrategiaconcursos.com.br\/blog\/concurso-senado-vice-presidente-da-casa-questiona-autorizacao-do-certame\/","title":{"rendered":"Concurso Senado: Vice-presidente da Casa questiona autoriza\u00e7\u00e3o do certame"},"content":{"rendered":"\n<p>O segundo vice-presidente do Senado Federal, Lasier Martins, contestou no dia 15 de outubro a autoriza\u00e7\u00e3o publicada para a realiza\u00e7\u00e3o do concurso da Casa.<\/p>\n\n\n\n<p>O senador questionou por que os ritos previstos no regimento interno do Senado n\u00e3o foram seguidos, como por exemplo, a sua convoca\u00e7\u00e3o para participar de reuni\u00e3o afim de debater o tema, e afirmou que ficou sabendo do ato de autoriza\u00e7\u00e3o pelos jornais e meios de comunica\u00e7\u00e3o.<\/p>\n\n\n\n<p>Contudo, o vice-presidente deixou claro n\u00e3o ser contra a realiza\u00e7\u00e3o de um novo certame, mas que contesta a falta dos devidos processos que deveriam ter sido executados para evitar futuros questionamentos judiciais.<\/p>\n\n\n\n<p>Desta forma, Lasier sugeriu que seja convocada uma reuni\u00e3o da Mesa Diretora para renova\u00e7\u00e3o do ato de autoriza\u00e7\u00e3o e que se cumpram os devidos processos.<\/p>\n\n\n\n<p>De acordo com a ag\u00eancia de not\u00edcias do Senado, o presidente da casa, Davi Alcolumbre, dever\u00e1 responder \u00e0 esta quest\u00e3o na pr\u00f3xima sess\u00e3o deliberativa.<\/p>\n\n\n\n<h2 class=\"wp-block-heading\">O Concurso Senado Federal<\/h2>\n\n\n\n<p>O certame foi autorizado no dia 03 de outubro e logo depois teve sua comiss\u00e3o organizadora definida para dar in\u00edcio aos trabalhos de elabora\u00e7\u00e3o do edital.<\/p>\n\n\n\n<p>Ser\u00e3o ofertadas <strong>40 vagas<\/strong>&nbsp;para cargos de N\u00edvel M\u00e9dio e Superior. O certame visa o preenchimento de vagas imediatas e cadastro de reserva e ter\u00e1 oportunidades para T\u00e9cnico Legislativo (Policial Legislativo), Advogado e Analista Legislativo. Confira a distribui\u00e7\u00e3o do concurso Senado:<\/p>\n\n\n\n<ul class=\"wp-block-list\">\n<li>T\u00e9cnico Legislativo, N\u00edvel II, padr\u00e3o 21, na especialidade Policial Legislativo, com requisito de escolaridade de n\u00edvel m\u00e9dio: 24 vagas;<\/li>\n\n\n\n<li>Advogado, N\u00edvel III, padr\u00e3o 41, na especialidade Advocacia, com requisito de escolaridade de n\u00edvel superior: 4 vagas;<\/li>\n\n\n\n<li>Analista Legislativo, N\u00edvel III, padr\u00e3o 36, na especialidade Administra\u00e7\u00e3o, com requisito de escolaridade de n\u00edvel superior: 2 vagas;<\/li>\n\n\n\n<li>Analista Legislativo, N\u00edvel III, padr\u00e3o 36, na especialidade Arquivologia, com requisito de escolaridade de n\u00edvel superior: 1 vaga;<\/li>\n\n\n\n<li>Analista Legislativo, N\u00edvel III, padr\u00e3o 36, na especialidade Assist\u00eancia Social, com requisito de escolaridade de n\u00edvel superior: 1 vaga;<\/li>\n\n\n\n<li>Analista Legislativo, N\u00edvel III, padr\u00e3o 36, na especialidade Contabilidade, com requisito de escolaridade de n\u00edvel superior: 1 (uma) vaga;<\/li>\n\n\n\n<li>Analista Legislativo, N\u00edvel III, padr\u00e3o 36, na especialidade Enfermagem, com requisito de escolaridade de n\u00edvel superior: 1 vaga;<\/li>\n\n\n\n<li>Analista Legislativo, N\u00edvel III, padr\u00e3o 36, na especialidade Inform\u00e1tica Legislativa, com requisito de escolaridade de n\u00edvel superior: 1 vaga;<\/li>\n\n\n\n<li>Analista Legislativo, N\u00edvel III, padr\u00e3o 36, na especialidade Processo Legislativo, com requisito de escolaridade de n\u00edvel superior: 2 vagas;<\/li>\n\n\n\n<li>Analista Legislativo, N\u00edvel III, padr\u00e3o 36, na especialidade Registro e Reda\u00e7\u00e3o Parlamentar, com requisito de escolaridade de n\u00edvel superior: 1 vaga;<\/li>\n\n\n\n<li>Analista Legislativo, N\u00edvel III, padr\u00e3o 36, na especialidade Engenharia do Trabalho, com requisito de escolaridade de n\u00edvel superior: 1 vaga;<\/li>\n\n\n\n<li>Analista Legislativo, N\u00edvel III, padr\u00e3o 36, na especialidade Engenharia Eletr\u00f4nica e Telecomunica\u00e7\u00f5es, com requisito de escolaridade de n\u00edvel superior: 1 vaga.<\/li>\n\n\n\n<li><\/li>\n<\/ul>\n\n\n\n<h2 class=\"wp-block-heading\" id=\"remuneracoes\"><strong>Remunera\u00e7\u00e3o do Senado <\/strong><\/h2>\n\n\n\n<p>As remunera\u00e7\u00f5es s\u00e3o compostas por um vencimento b\u00e1sico, acrescido de v\u00e1rias gratifica\u00e7\u00f5es. <\/p>\n\n\n\n<p>De acordo com o Portal da Transpar\u00eancia do Senado Federal, com base no m\u00eas de maio de 2019, no total,&nbsp;os sal\u00e1rios s\u00e3o os seguintes:<\/p>\n\n\n\n<ul class=\"wp-block-list\">\n<li><strong>Consultor Legislativo<\/strong><\/li>\n\n\n\n<li><em>Inicial:<\/em>&nbsp;R$ 33.461,68<\/li>\n\n\n\n<li><em>Final:<\/em>&nbsp;R$ 35.114,14<\/li>\n<\/ul>\n\n\n\n<ul class=\"wp-block-list\">\n<li><strong>Analista Legislativo<\/strong><\/li>\n\n\n\n<li><em>Inicial:<\/em>&nbsp;R$ 25.897,76<\/li>\n\n\n\n<li><em>Final:<\/em>&nbsp;R$ 29.351,82<\/li>\n<\/ul>\n\n\n\n<ul class=\"wp-block-list\">\n<li><strong>T\u00e9cnico Legislativo<\/strong><\/li>\n\n\n\n<li><em>Inicial:<\/em>&nbsp;R$ 19.427,79<\/li>\n\n\n\n<li><em>Final:<\/em>&nbsp;R$ 23.260,88<\/li>\n<\/ul>\n\n\n\n<ul class=\"wp-block-list\">\n<li><strong>Advogado<\/strong><\/li>\n\n\n\n<li>Inicial: R$32.020,77<\/li>\n\n\n\n<li>Final: R$33.602,08<\/li>\n<\/ul>\n\n\n\n<p>Vale lembrar que o&nbsp;\u00f3rg\u00e3o figura entre os que possuem&nbsp;a maior remunera\u00e7\u00e3o do setor p\u00fablico brasileiro.<\/p>\n\n\n\n<p class=\"has-text-align-center\"><strong>Se interessou? Ent\u00e3o acompanhe a mat\u00e9ria completa sobre o certame e n\u00e3o perca mais tempo na sua prepara\u00e7\u00e3o!<\/strong><\/p>\n\n\n\n<p class=\"has-text-align-center has-light-green-cyan-background-color has-background has-medium-font-size\"><a href=\"https:\/\/www.estrategiaconcursos.com.br\/blog\/concurso-senado-federal\/\"><strong>Senado Federal 2019<\/strong><\/a><\/p>\n\n\n\n<h2 class=\"wp-block-heading\">Prepare-se agora para o Concurso Senado Federal<\/h2>\n\n\n\n<p><strong><em>Gostou dessa oportunidade&nbsp;e deseja se preparar agora mesmo para este concurso?&nbsp;<\/em><em>O Estrat\u00e9gia Concursos j\u00e1 possui cursos focados neste certame.<\/em><\/strong><\/p>\n\n\n\n<p class=\"has-text-align-center has-luminous-vivid-amber-background-color has-background\"><strong><a rel=\"noreferrer noopener\" href=\"https:\/\/www.estrategiaconcursos.com.br\/cursosPorConcurso\/senado-federal-6\/\" target=\"_blank\">Cursos para o Senado Federal<\/a><\/strong><\/p>\n\n\n\n<p class=\"has-text-align-center has-luminous-vivid-amber-background-color has-background\"><a href=\"https:\/\/www.estrategiaconcursos.com.br\/cursosPorConcurso\/promocao-pacote-para-senado-federal-advogado\/\"><strong>Curso Senado Advogado<\/strong><\/a><\/p>\n\n\n\n<h4 class=\"wp-block-heading has-text-align-center\" id=\"assinatura\"><em><strong>Assinatura Anual Ilimitada*<\/strong><\/em><\/h4>\n\n\n\n<p><em>Prepare-se com o melhor material e com quem mais aprova em Concursos P\u00fablicos em todo o pa\u00eds. Assine agora a nossa Assinatura Anual e tenha acesso ilimitado* a todos os nossos cursos.<\/em><\/p>\n\n\n\n<p class=\"has-text-align-center has-light-green-cyan-background-color has-background\"><strong>ASSINE AGORA<\/strong>&nbsp;\u2013&nbsp;<strong><a href=\"https:\/\/www.estrategiaconcursos.com.br\/assinaturas\" target=\"_blank\" rel=\"noreferrer noopener\">Assinatura Ilimitada<\/a><\/strong><\/p>\n\n\n\n<p class=\"has-text-align-center\"><strong><em>Fique por dentro dos concursos vigentes:<\/em><\/strong><\/p>\n\n\n\n<p class=\"has-text-align-center has-pale-cyan-blue-background-color has-background\"><strong><a href=\"https:\/\/www.estrategiaconcursos.com.br\/blog\/concursos-abertos\/\" target=\"_blank\" rel=\"noreferrer noopener\">CONCURSOS ABERTOS<\/a><\/strong><\/p>\n","protected":false},"excerpt":{"rendered":"<p>O segundo vice-presidente do Senado Federal, Lasier Martins, contestou no dia 15 de outubro a autoriza\u00e7\u00e3o publicada para a realiza\u00e7\u00e3o do concurso da Casa. O senador questionou por que os ritos previstos no regimento interno do Senado n\u00e3o foram seguidos, como por exemplo, a sua convoca\u00e7\u00e3o para participar de reuni\u00e3o afim de debater o tema, [&hellip;]<\/p>\n","protected":false},"author":26,"featured_media":127848,"comment_status":"open","ping_status":"closed","sticky":false,"template":"","format":"standard","meta":{"post_tipo":"article","footnotes":""},"categories":[1],"tags":[],"tax_estado":[],"class_list":["post-435655","post","type-post","status-publish","format-standard","has-post-thumbnail","hentry","category-cursos-e-concursos"],"acf":[],"yoast_head":"<!-- This site is optimized with the Yoast SEO Premium plugin v27.2 (Yoast SEO v27.2) - https:\/\/yoast.com\/product\/yoast-seo-premium-wordpress\/ -->\n<title>Concurso Senado: Vice-presidente da Casa questiona autoriza\u00e7\u00e3o do certame<\/title>\n<meta name=\"robots\" content=\"index, follow, max-snippet:-1, max-image-preview:large, max-video-preview:-1\" \/>\n<link rel=\"canonical\" href=\"https:\/\/www.estrategiaconcursos.com.br\/blog\/concurso-senado-vice-presidente-da-casa-questiona-autorizacao-do-certame\/\" \/>\n<meta property=\"og:locale\" content=\"pt_BR\" \/>\n<meta property=\"og:type\" content=\"article\" \/>\n<meta property=\"og:title\" content=\"Concurso Senado: Vice-presidente da Casa questiona autoriza\u00e7\u00e3o do certame\" \/>\n<meta property=\"og:description\" content=\"O segundo vice-presidente do Senado Federal, Lasier Martins, contestou no dia 15 de outubro a autoriza\u00e7\u00e3o publicada para a realiza\u00e7\u00e3o do concurso da Casa. O senador questionou por que os ritos previstos no regimento interno do Senado n\u00e3o foram seguidos, como por exemplo, a sua convoca\u00e7\u00e3o para participar de reuni\u00e3o afim de debater o tema, [&hellip;]\" \/>\n<meta property=\"og:url\" content=\"https:\/\/www.estrategiaconcursos.com.br\/blog\/concurso-senado-vice-presidente-da-casa-questiona-autorizacao-do-certame\/\" \/>\n<meta property=\"og:site_name\" content=\"Estrat\u00e9gia Concursos\" \/>\n<meta property=\"article:author\" content=\"https:\/\/www.facebook.com\/rvale01\" \/>\n<meta property=\"article:published_time\" content=\"2019-10-16T20:43:46+00:00\" \/>\n<meta property=\"article:modified_time\" content=\"2023-06-20T18:08:35+00:00\" \/>\n<meta property=\"og:image\" content=\"https:\/\/dhg1h5j42swfq.cloudfront.net\/2018\/06\/21141837\/concuro-senado-federal-e1587330922515.jpg\" \/>\n\t<meta property=\"og:image:width\" content=\"1200\" \/>\n\t<meta property=\"og:image:height\" content=\"540\" \/>\n\t<meta property=\"og:image:type\" content=\"image\/jpeg\" \/>\n<meta name=\"author\" content=\"Ricardo Vale\" \/>\n<meta name=\"twitter:card\" content=\"summary_large_image\" \/>\n<meta name=\"twitter:creator\" content=\"@https:\/\/twitter.com\/EstratConcursos\" \/>\n<meta name=\"twitter:site\" content=\"@EstratConcursos\" \/>\n<meta name=\"twitter:label1\" content=\"Escrito por\" \/>\n\t<meta name=\"twitter:data1\" content=\"Ricardo Vale\" \/>\n\t<meta name=\"twitter:label2\" content=\"Est. tempo de leitura\" \/>\n\t<meta name=\"twitter:data2\" content=\"4 minutos\" \/>\n<script type=\"application\/ld+json\" class=\"yoast-schema-graph\">{\"@context\":\"https:\/\/schema.org\",\"@graph\":[{\"@type\":\"NewsArticle\",\"@id\":\"https:\/\/www.estrategiaconcursos.com.br\/blog\/concurso-senado-vice-presidente-da-casa-questiona-autorizacao-do-certame\/#article\",\"isPartOf\":{\"@id\":\"https:\/\/www.estrategiaconcursos.com.br\/blog\/concurso-senado-vice-presidente-da-casa-questiona-autorizacao-do-certame\/\"},\"author\":{\"name\":\"Ricardo Vale\",\"@id\":\"https:\/\/www.estrategiaconcursos.com.br\/blog\/#\/schema\/person\/c32e47dba2159cafe7796a9569a6ff7e\"},\"headline\":\"Concurso Senado: Vice-presidente da Casa questiona autoriza\u00e7\u00e3o do certame\",\"datePublished\":\"2019-10-16T20:43:46+00:00\",\"dateModified\":\"2023-06-20T18:08:35+00:00\",\"mainEntityOfPage\":{\"@id\":\"https:\/\/www.estrategiaconcursos.com.br\/blog\/concurso-senado-vice-presidente-da-casa-questiona-autorizacao-do-certame\/\"},\"wordCount\":718,\"commentCount\":1,\"publisher\":{\"@id\":\"https:\/\/www.estrategiaconcursos.com.br\/blog\/#organization\"},\"image\":{\"@id\":\"https:\/\/www.estrategiaconcursos.com.br\/blog\/concurso-senado-vice-presidente-da-casa-questiona-autorizacao-do-certame\/#primaryimage\"},\"thumbnailUrl\":\"https:\/\/dhg1h5j42swfq.cloudfront.net\/2018\/06\/21141837\/concuro-senado-federal-e1587330922515.jpg\",\"articleSection\":[\"Concursos P\u00fablicos\"],\"inLanguage\":\"pt-BR\",\"potentialAction\":[{\"@type\":\"CommentAction\",\"name\":\"Comment\",\"target\":[\"https:\/\/www.estrategiaconcursos.com.br\/blog\/concurso-senado-vice-presidente-da-casa-questiona-autorizacao-do-certame\/#respond\"]}],\"copyrightYear\":\"2019\",\"copyrightHolder\":{\"@id\":\"https:\/\/www.estrategiaconcursos.com.br\/blog\/#organization\"}},{\"@type\":\"WebPage\",\"@id\":\"https:\/\/www.estrategiaconcursos.com.br\/blog\/concurso-senado-vice-presidente-da-casa-questiona-autorizacao-do-certame\/\",\"url\":\"https:\/\/www.estrategiaconcursos.com.br\/blog\/concurso-senado-vice-presidente-da-casa-questiona-autorizacao-do-certame\/\",\"name\":\"Concurso Senado: Vice-presidente da Casa questiona autoriza\u00e7\u00e3o do certame\",\"isPartOf\":{\"@id\":\"https:\/\/www.estrategiaconcursos.com.br\/blog\/#website\"},\"primaryImageOfPage\":{\"@id\":\"https:\/\/www.estrategiaconcursos.com.br\/blog\/concurso-senado-vice-presidente-da-casa-questiona-autorizacao-do-certame\/#primaryimage\"},\"image\":{\"@id\":\"https:\/\/www.estrategiaconcursos.com.br\/blog\/concurso-senado-vice-presidente-da-casa-questiona-autorizacao-do-certame\/#primaryimage\"},\"thumbnailUrl\":\"https:\/\/dhg1h5j42swfq.cloudfront.net\/2018\/06\/21141837\/concuro-senado-federal-e1587330922515.jpg\",\"datePublished\":\"2019-10-16T20:43:46+00:00\",\"dateModified\":\"2023-06-20T18:08:35+00:00\",\"breadcrumb\":{\"@id\":\"https:\/\/www.estrategiaconcursos.com.br\/blog\/concurso-senado-vice-presidente-da-casa-questiona-autorizacao-do-certame\/#breadcrumb\"},\"inLanguage\":\"pt-BR\",\"potentialAction\":[{\"@type\":\"ReadAction\",\"target\":[\"https:\/\/www.estrategiaconcursos.com.br\/blog\/concurso-senado-vice-presidente-da-casa-questiona-autorizacao-do-certame\/\"]}]},{\"@type\":\"ImageObject\",\"inLanguage\":\"pt-BR\",\"@id\":\"https:\/\/www.estrategiaconcursos.com.br\/blog\/concurso-senado-vice-presidente-da-casa-questiona-autorizacao-do-certame\/#primaryimage\",\"url\":\"https:\/\/dhg1h5j42swfq.cloudfront.net\/2018\/06\/21141837\/concuro-senado-federal-e1587330922515.jpg\",\"contentUrl\":\"https:\/\/dhg1h5j42swfq.cloudfront.net\/2018\/06\/21141837\/concuro-senado-federal-e1587330922515.jpg\",\"width\":1200,\"height\":540,\"caption\":\"Advogado do Senado Federal\"},{\"@type\":\"BreadcrumbList\",\"@id\":\"https:\/\/www.estrategiaconcursos.com.br\/blog\/concurso-senado-vice-presidente-da-casa-questiona-autorizacao-do-certame\/#breadcrumb\",\"itemListElement\":[{\"@type\":\"ListItem\",\"position\":1,\"name\":\"In\u00edcio\",\"item\":\"https:\/\/www.estrategiaconcursos.com.br\/blog\/\"},{\"@type\":\"ListItem\",\"position\":2,\"name\":\"Concurso Senado: Vice-presidente da Casa questiona autoriza\u00e7\u00e3o do certame\"}]},{\"@type\":\"WebSite\",\"@id\":\"https:\/\/www.estrategiaconcursos.com.br\/blog\/#website\",\"url\":\"https:\/\/www.estrategiaconcursos.com.br\/blog\/\",\"name\":\"Estrat\u00e9gia Concursos\",\"description\":\"O blog da Estrat\u00e9gia Concursos traz not\u00edcias sobre concursos e artigos de professores oferecendo cursos para concursos (pdf + videaulas) no site.\",\"publisher\":{\"@id\":\"https:\/\/www.estrategiaconcursos.com.br\/blog\/#organization\"},\"potentialAction\":[{\"@type\":\"SearchAction\",\"target\":{\"@type\":\"EntryPoint\",\"urlTemplate\":\"https:\/\/www.estrategiaconcursos.com.br\/blog\/?s={search_term_string}\"},\"query-input\":{\"@type\":\"PropertyValueSpecification\",\"valueRequired\":true,\"valueName\":\"search_term_string\"}}],\"inLanguage\":\"pt-BR\"},{\"@type\":\"Organization\",\"@id\":\"https:\/\/www.estrategiaconcursos.com.br\/blog\/#organization\",\"name\":\"Estrat\u00e9gia Concursos\",\"url\":\"https:\/\/www.estrategiaconcursos.com.br\/blog\/\",\"logo\":{\"@type\":\"ImageObject\",\"inLanguage\":\"pt-BR\",\"@id\":\"https:\/\/www.estrategiaconcursos.com.br\/blog\/#\/schema\/logo\/image\/\",\"url\":\"https:\/\/dhg1h5j42swfq.cloudfront.net\/2025\/06\/03203428\/logo_concursos-1.jpg\",\"contentUrl\":\"https:\/\/dhg1h5j42swfq.cloudfront.net\/2025\/06\/03203428\/logo_concursos-1.jpg\",\"width\":230,\"height\":60,\"caption\":\"Estrat\u00e9gia Concursos\"},\"image\":{\"@id\":\"https:\/\/www.estrategiaconcursos.com.br\/blog\/#\/schema\/logo\/image\/\"},\"sameAs\":[\"https:\/\/x.com\/EstratConcursos\"]},{\"@type\":\"Person\",\"@id\":\"https:\/\/www.estrategiaconcursos.com.br\/blog\/#\/schema\/person\/c32e47dba2159cafe7796a9569a6ff7e\",\"name\":\"Ricardo Vale\",\"image\":{\"@type\":\"ImageObject\",\"inLanguage\":\"pt-BR\",\"@id\":\"https:\/\/secure.gravatar.com\/avatar\/e5a5658c798bb49dd53314263f59f38c192d73370fb65839a372c2ae9027be74?s=96&d=mm&r=g\",\"url\":\"https:\/\/secure.gravatar.com\/avatar\/e5a5658c798bb49dd53314263f59f38c192d73370fb65839a372c2ae9027be74?s=96&d=mm&r=g\",\"contentUrl\":\"https:\/\/secure.gravatar.com\/avatar\/e5a5658c798bb49dd53314263f59f38c192d73370fb65839a372c2ae9027be74?s=96&d=mm&r=g\",\"caption\":\"Ricardo Vale\"},\"sameAs\":[\"https:\/\/www.facebook.com\/rvale01\",\"https:\/\/x.com\/https:\/\/twitter.com\/EstratConcursos\"],\"url\":\"https:\/\/www.estrategiaconcursos.com.br\/blog\/author\/ricardovaleestrategiaconcursos-com-br\/\"}]}<\/script>\n<!-- \/ Yoast SEO Premium plugin. -->","yoast_head_json":{"title":"Concurso Senado: Vice-presidente da Casa questiona autoriza\u00e7\u00e3o do certame","robots":{"index":"index","follow":"follow","max-snippet":"max-snippet:-1","max-image-preview":"max-image-preview:large","max-video-preview":"max-video-preview:-1"},"canonical":"https:\/\/www.estrategiaconcursos.com.br\/blog\/concurso-senado-vice-presidente-da-casa-questiona-autorizacao-do-certame\/","og_locale":"pt_BR","og_type":"article","og_title":"Concurso Senado: Vice-presidente da Casa questiona autoriza\u00e7\u00e3o do certame","og_description":"O segundo vice-presidente do Senado Federal, Lasier Martins, contestou no dia 15 de outubro a autoriza\u00e7\u00e3o publicada para a realiza\u00e7\u00e3o do concurso da Casa. O senador questionou por que os ritos previstos no regimento interno do Senado n\u00e3o foram seguidos, como por exemplo, a sua convoca\u00e7\u00e3o para participar de reuni\u00e3o afim de debater o tema, [&hellip;]","og_url":"https:\/\/www.estrategiaconcursos.com.br\/blog\/concurso-senado-vice-presidente-da-casa-questiona-autorizacao-do-certame\/","og_site_name":"Estrat\u00e9gia Concursos","article_author":"https:\/\/www.facebook.com\/rvale01","article_published_time":"2019-10-16T20:43:46+00:00","article_modified_time":"2023-06-20T18:08:35+00:00","og_image":[{"width":1200,"height":540,"url":"https:\/\/dhg1h5j42swfq.cloudfront.net\/2018\/06\/21141837\/concuro-senado-federal-e1587330922515.jpg","type":"image\/jpeg"}],"author":"Ricardo Vale","twitter_card":"summary_large_image","twitter_creator":"@https:\/\/twitter.com\/EstratConcursos","twitter_site":"@EstratConcursos","twitter_misc":{"Escrito por":"Ricardo Vale","Est. tempo de leitura":"4 minutos"},"schema":{"@context":"https:\/\/schema.org","@graph":[{"@type":"NewsArticle","@id":"https:\/\/www.estrategiaconcursos.com.br\/blog\/concurso-senado-vice-presidente-da-casa-questiona-autorizacao-do-certame\/#article","isPartOf":{"@id":"https:\/\/www.estrategiaconcursos.com.br\/blog\/concurso-senado-vice-presidente-da-casa-questiona-autorizacao-do-certame\/"},"author":{"name":"Ricardo Vale","@id":"https:\/\/www.estrategiaconcursos.com.br\/blog\/#\/schema\/person\/c32e47dba2159cafe7796a9569a6ff7e"},"headline":"Concurso Senado: Vice-presidente da Casa questiona autoriza\u00e7\u00e3o do certame","datePublished":"2019-10-16T20:43:46+00:00","dateModified":"2023-06-20T18:08:35+00:00","mainEntityOfPage":{"@id":"https:\/\/www.estrategiaconcursos.com.br\/blog\/concurso-senado-vice-presidente-da-casa-questiona-autorizacao-do-certame\/"},"wordCount":718,"commentCount":1,"publisher":{"@id":"https:\/\/www.estrategiaconcursos.com.br\/blog\/#organization"},"image":{"@id":"https:\/\/www.estrategiaconcursos.com.br\/blog\/concurso-senado-vice-presidente-da-casa-questiona-autorizacao-do-certame\/#primaryimage"},"thumbnailUrl":"https:\/\/dhg1h5j42swfq.cloudfront.net\/2018\/06\/21141837\/concuro-senado-federal-e1587330922515.jpg","articleSection":["Concursos P\u00fablicos"],"inLanguage":"pt-BR","potentialAction":[{"@type":"CommentAction","name":"Comment","target":["https:\/\/www.estrategiaconcursos.com.br\/blog\/concurso-senado-vice-presidente-da-casa-questiona-autorizacao-do-certame\/#respond"]}],"copyrightYear":"2019","copyrightHolder":{"@id":"https:\/\/www.estrategiaconcursos.com.br\/blog\/#organization"}},{"@type":"WebPage","@id":"https:\/\/www.estrategiaconcursos.com.br\/blog\/concurso-senado-vice-presidente-da-casa-questiona-autorizacao-do-certame\/","url":"https:\/\/www.estrategiaconcursos.com.br\/blog\/concurso-senado-vice-presidente-da-casa-questiona-autorizacao-do-certame\/","name":"Concurso Senado: Vice-presidente da Casa questiona autoriza\u00e7\u00e3o do certame","isPartOf":{"@id":"https:\/\/www.estrategiaconcursos.com.br\/blog\/#website"},"primaryImageOfPage":{"@id":"https:\/\/www.estrategiaconcursos.com.br\/blog\/concurso-senado-vice-presidente-da-casa-questiona-autorizacao-do-certame\/#primaryimage"},"image":{"@id":"https:\/\/www.estrategiaconcursos.com.br\/blog\/concurso-senado-vice-presidente-da-casa-questiona-autorizacao-do-certame\/#primaryimage"},"thumbnailUrl":"https:\/\/dhg1h5j42swfq.cloudfront.net\/2018\/06\/21141837\/concuro-senado-federal-e1587330922515.jpg","datePublished":"2019-10-16T20:43:46+00:00","dateModified":"2023-06-20T18:08:35+00:00","breadcrumb":{"@id":"https:\/\/www.estrategiaconcursos.com.br\/blog\/concurso-senado-vice-presidente-da-casa-questiona-autorizacao-do-certame\/#breadcrumb"},"inLanguage":"pt-BR","potentialAction":[{"@type":"ReadAction","target":["https:\/\/www.estrategiaconcursos.com.br\/blog\/concurso-senado-vice-presidente-da-casa-questiona-autorizacao-do-certame\/"]}]},{"@type":"ImageObject","inLanguage":"pt-BR","@id":"https:\/\/www.estrategiaconcursos.com.br\/blog\/concurso-senado-vice-presidente-da-casa-questiona-autorizacao-do-certame\/#primaryimage","url":"https:\/\/dhg1h5j42swfq.cloudfront.net\/2018\/06\/21141837\/concuro-senado-federal-e1587330922515.jpg","contentUrl":"https:\/\/dhg1h5j42swfq.cloudfront.net\/2018\/06\/21141837\/concuro-senado-federal-e1587330922515.jpg","width":1200,"height":540,"caption":"Advogado do Senado Federal"},{"@type":"BreadcrumbList","@id":"https:\/\/www.estrategiaconcursos.com.br\/blog\/concurso-senado-vice-presidente-da-casa-questiona-autorizacao-do-certame\/#breadcrumb","itemListElement":[{"@type":"ListItem","position":1,"name":"In\u00edcio","item":"https:\/\/www.estrategiaconcursos.com.br\/blog\/"},{"@type":"ListItem","position":2,"name":"Concurso Senado: Vice-presidente da Casa questiona autoriza\u00e7\u00e3o do certame"}]},{"@type":"WebSite","@id":"https:\/\/www.estrategiaconcursos.com.br\/blog\/#website","url":"https:\/\/www.estrategiaconcursos.com.br\/blog\/","name":"Estrat\u00e9gia Concursos","description":"O blog da Estrat\u00e9gia Concursos traz not\u00edcias sobre concursos e artigos de professores oferecendo cursos para concursos (pdf + videaulas) no site.","publisher":{"@id":"https:\/\/www.estrategiaconcursos.com.br\/blog\/#organization"},"potentialAction":[{"@type":"SearchAction","target":{"@type":"EntryPoint","urlTemplate":"https:\/\/www.estrategiaconcursos.com.br\/blog\/?s={search_term_string}"},"query-input":{"@type":"PropertyValueSpecification","valueRequired":true,"valueName":"search_term_string"}}],"inLanguage":"pt-BR"},{"@type":"Organization","@id":"https:\/\/www.estrategiaconcursos.com.br\/blog\/#organization","name":"Estrat\u00e9gia Concursos","url":"https:\/\/www.estrategiaconcursos.com.br\/blog\/","logo":{"@type":"ImageObject","inLanguage":"pt-BR","@id":"https:\/\/www.estrategiaconcursos.com.br\/blog\/#\/schema\/logo\/image\/","url":"https:\/\/dhg1h5j42swfq.cloudfront.net\/2025\/06\/03203428\/logo_concursos-1.jpg","contentUrl":"https:\/\/dhg1h5j42swfq.cloudfront.net\/2025\/06\/03203428\/logo_concursos-1.jpg","width":230,"height":60,"caption":"Estrat\u00e9gia Concursos"},"image":{"@id":"https:\/\/www.estrategiaconcursos.com.br\/blog\/#\/schema\/logo\/image\/"},"sameAs":["https:\/\/x.com\/EstratConcursos"]},{"@type":"Person","@id":"https:\/\/www.estrategiaconcursos.com.br\/blog\/#\/schema\/person\/c32e47dba2159cafe7796a9569a6ff7e","name":"Ricardo Vale","image":{"@type":"ImageObject","inLanguage":"pt-BR","@id":"https:\/\/secure.gravatar.com\/avatar\/e5a5658c798bb49dd53314263f59f38c192d73370fb65839a372c2ae9027be74?s=96&d=mm&r=g","url":"https:\/\/secure.gravatar.com\/avatar\/e5a5658c798bb49dd53314263f59f38c192d73370fb65839a372c2ae9027be74?s=96&d=mm&r=g","contentUrl":"https:\/\/secure.gravatar.com\/avatar\/e5a5658c798bb49dd53314263f59f38c192d73370fb65839a372c2ae9027be74?s=96&d=mm&r=g","caption":"Ricardo Vale"},"sameAs":["https:\/\/www.facebook.com\/rvale01","https:\/\/x.com\/https:\/\/twitter.com\/EstratConcursos"],"url":"https:\/\/www.estrategiaconcursos.com.br\/blog\/author\/ricardovaleestrategiaconcursos-com-br\/"}]}},"_links":{"self":[{"href":"https:\/\/www.estrategiaconcursos.com.br\/blog\/wp-json\/wp\/v2\/posts\/435655","targetHints":{"allow":["GET"]}}],"collection":[{"href":"https:\/\/www.estrategiaconcursos.com.br\/blog\/wp-json\/wp\/v2\/posts"}],"about":[{"href":"https:\/\/www.estrategiaconcursos.com.br\/blog\/wp-json\/wp\/v2\/types\/post"}],"author":[{"embeddable":true,"href":"https:\/\/www.estrategiaconcursos.com.br\/blog\/wp-json\/wp\/v2\/users\/26"}],"replies":[{"embeddable":true,"href":"https:\/\/www.estrategiaconcursos.com.br\/blog\/wp-json\/wp\/v2\/comments?post=435655"}],"version-history":[{"count":9,"href":"https:\/\/www.estrategiaconcursos.com.br\/blog\/wp-json\/wp\/v2\/posts\/435655\/revisions"}],"predecessor-version":[{"id":1235775,"href":"https:\/\/www.estrategiaconcursos.com.br\/blog\/wp-json\/wp\/v2\/posts\/435655\/revisions\/1235775"}],"wp:featuredmedia":[{"embeddable":true,"href":"https:\/\/www.estrategiaconcursos.com.br\/blog\/wp-json\/wp\/v2\/media\/127848"}],"wp:attachment":[{"href":"https:\/\/www.estrategiaconcursos.com.br\/blog\/wp-json\/wp\/v2\/media?parent=435655"}],"wp:term":[{"taxonomy":"category","embeddable":true,"href":"https:\/\/www.estrategiaconcursos.com.br\/blog\/wp-json\/wp\/v2\/categories?post=435655"},{"taxonomy":"post_tag","embeddable":true,"href":"https:\/\/www.estrategiaconcursos.com.br\/blog\/wp-json\/wp\/v2\/tags?post=435655"},{"taxonomy":"tax_estado","embeddable":true,"href":"https:\/\/www.estrategiaconcursos.com.br\/blog\/wp-json\/wp\/v2\/tax_estado?post=435655"}],"curies":[{"name":"wp","href":"https:\/\/api.w.org\/{rel}","templated":true}]}}