{"id":435322,"date":"2023-08-09T14:32:00","date_gmt":"2023-08-09T17:32:00","guid":{"rendered":"https:\/\/www.estrategiaconcursos.com.br\/blog\/?p=435322"},"modified":"2024-03-14T13:20:16","modified_gmt":"2024-03-14T16:20:16","slug":"concurso-prefeitura-cambe","status":"publish","type":"post","link":"https:\/\/www.estrategiaconcursos.com.br\/blog\/concurso-prefeitura-cambe\/","title":{"rendered":"Concurso Prefeitura de Camb\u00e9: confira os gabaritos preliminares!"},"content":{"rendered":"\n<p>Foram publicados os gabaritos preliminares do<strong> concurso p\u00fablico da Prefeitura de <a href=\"https:\/\/www.estrategiaconcursos.com.br\/cursosPorConcurso\/prefeitura-municipal-de-cambe-pr\/\" target=\"_blank\" rel=\"noreferrer noopener\">Camb\u00e9<\/a><\/strong>, munic\u00edpio do Paran\u00e1. As provas foram aplicadas no dia 06 de agosto, sob organiza\u00e7\u00e3o da empresa FAUEL.<\/p>\n\n\n\n<ul class=\"wp-block-list\">\n<li><a href=\"https:\/\/dhg1h5j42swfq.cloudfront.net\/2023\/08\/09143104\/cambe_008_gabarito_preliminar.pdf\" target=\"_blank\" rel=\"noreferrer noopener nofollow\"><strong>Gabaritos preliminares<\/strong><\/a><\/li>\n\n\n\n<li><a href=\"https:\/\/dhg1h5j42swfq.cloudfront.net\/2023\/08\/09143041\/retificacao_gabarito_agente_fazendario.pdf\" target=\"_blank\" rel=\"noreferrer noopener nofollow\"><strong>Gabarito retificado somente para Agente<\/strong><\/a><\/li>\n<\/ul>\n\n\n\n<p>Os candidatos poder\u00e3o interpor recursos at\u00e9 o dia 09 de agosto, atrav\u00e9s do site da banca organizadora. Lembrando que os recursos dever\u00e3o ser redigidos por meio de formul\u00e1rio espec\u00edfico.<\/p>\n\n\n\n<p>Ademais, o edital oferta <strong>25 vagas <\/strong>que est\u00e3o distribu\u00eddas entre oportunidades de n\u00edveis m\u00e9dio\/t\u00e9cnico e superior de forma\u00e7\u00e3o. J\u00e1 os sal\u00e1rios iniciais podem variar entre <strong>R$ 1.812,76 a R$ 8.103,73<\/strong>, dependendo da fun\u00e7\u00e3o desejada.<\/p>\n\n\n\n<ul class=\"has-very-light-gray-to-cyan-bluish-gray-gradient-background has-background wp-block-list\">\n<li><strong>Prefeitura Municipal de Camb\u00e9 &#8211; PR<\/strong><\/li>\n\n\n\n<li><strong>Status:<\/strong> provas aplicadas e gabaritos divulgados<\/li>\n\n\n\n<li><strong>Banca:<\/strong> <a href=\"https:\/\/www.fauel.org.br\/paginaconcurso.php?concurso=04025959b191f8f9de3f924f0940515f\" target=\"_blank\" rel=\"noreferrer noopener\">FAUEL<\/a><\/li>\n\n\n\n<li><strong>Vagas:<\/strong> 25 + CR<\/li>\n\n\n\n<li><strong>Sal\u00e1rio inicial:<\/strong> R$ 1.812,76 a R$ 8.103,73<\/li>\n\n\n\n<li><strong>Edital:<\/strong> <a href=\"https:\/\/dhg1h5j42swfq.cloudfront.net\/2023\/05\/19130433\/cambe_ed_001_abertura.pdf\" target=\"_blank\" rel=\"noreferrer noopener nofollow\">Camb\u00e9 2023<\/a><\/li>\n<\/ul>\n\n\n\n<p>A fim de te deixar sempre bem informado, elaboramos este artigo com as principais informa\u00e7\u00f5es e novidades sobre o concurso Camb\u00e9 Acompanhe os t\u00f3picos abaixo e n\u00e3o perca nenhum detalhe:<\/p>\n\n\n\n<ul class=\"wp-block-list\" id=\"indice\">\n<li><a href=\"#datas\"><strong>Principais datas<\/strong><\/a><\/li>\n\n\n\n<li><a href=\"#cargos\"><strong>Cargos e vagas<\/strong><\/a>\n<ul class=\"wp-block-list\">\n<li><a href=\"#medio\">M\u00e9dio<\/a><\/li>\n\n\n\n<li><a href=\"#superior\">Superior<\/a><\/li>\n<\/ul>\n<\/li>\n\n\n\n<li><a href=\"#etapas\"><strong>Etapas e provas<\/strong><\/a>\n<ul class=\"wp-block-list\">\n<li><a href=\"#objetiva\">Objetiva<\/a><\/li>\n\n\n\n<li><a href=\"#dissertativa\">Dissertativa<\/a><\/li>\n\n\n\n<li><a href=\"#titulos\">T\u00edtulos<\/a><\/li>\n<\/ul>\n<\/li>\n\n\n\n<li><a href=\"#cursos\"><strong>Cursos e assinaturas<\/strong><\/a><\/li>\n\n\n\n<li><a href=\"#ficha\"><strong>Ficha t\u00e9cnica<\/strong><\/a><\/li>\n<\/ul>\n\n\n\n<div class=\"container\" id=\"boxes\">\n  <div class=\"row\">\n\n    <div class=\"col-sm\">\n      <div class=\"banner-estrategia\" id=\"box-assinatura\">\n        <h3 class=\"titulo-assinatura\">Cursos Prefeitura de Camb\u00e9<\/h3>\n        <p class=\"subtitulo-assinatura\">Conhe\u00e7a os cursos<\/p>\n        <div class=\"box-botao\">\n          <a class=\"btn-assinatura\" target=\"_blank\" href=\"https:\/\/www.estrategiaconcursos.com.br\/cursosPorConcurso\/prefeitura-municipal-de-cambe-pr\/\" role=\"button\" rel=\"noopener noreferrer\">Conhe\u00e7a mais<\/a>\n        <\/div>\n      <\/div>\n     \n    <\/div>\n\n  <\/div>\n<\/div>\n\n\n\n<h2 class=\"wp-block-heading\" id=\"datas\">Concurso Prefeitura de Camb\u00e9: principais datas <\/h2>\n\n\n\n<ul class=\"wp-block-list\">\n<li><strong>Inscri\u00e7\u00f5es<\/strong>: <s>1\u00ba de junho a 06 de julho <\/s><\/li>\n\n\n\n<li><strong>Solicita\u00e7\u00e3o de isen\u00e7\u00e3o:<\/strong> <s>29 a 31 de maio<\/s><\/li>\n\n\n\n<li><strong>\u00daltimo dia para pagamento<\/strong>: <s>07 de julho<\/s><\/li>\n\n\n\n<li><strong>Provas<\/strong>: <s>06 de agosto<\/s><\/li>\n<\/ul>\n\n\n\n<h2 class=\"wp-block-heading\" id=\"cargos\">Concurso Prefeitura de Camb\u00e9: cargos e vagas <\/h2>\n\n\n\n<h3 class=\"wp-block-heading\" id=\"medio\">N\u00edvel M\u00e9dio\/T\u00e9cnico<\/h3>\n\n\n\n<ul class=\"wp-block-list\">\n<li><strong><a href=\"https:\/\/www.estrategiaconcursos.com.br\/curso\/prefeitura-de-cambe-pr-agente-fazendario-pacote-2023-pos-edital\/\" target=\"_blank\" rel=\"noreferrer noopener\">Agente Fazend\u00e1rio<\/a>:<\/strong> 03 vagas + CR (R$ 3.404,53);<\/li>\n\n\n\n<li><strong><a href=\"https:\/\/www.estrategiaconcursos.com.br\/curso\/prefeitura-de-cambe-pr-assistente-social-pacote-2023-pos-edital\/\" target=\"_blank\" rel=\"noreferrer noopener\">Agente Social:<\/a><\/strong> 04 vagas + CR (R$ 1.812,76);<\/li>\n\n\n\n<li><strong>Auxiliar em Sa\u00fade Bucal:<\/strong> 01 vaga + CR (R$ 1.946,52);<\/li>\n\n\n\n<li><strong>Fiscal do Procon:<\/strong> 01 vaga + CR (R$ 2.796,85);<\/li>\n\n\n\n<li><strong><a href=\"https:\/\/www.estrategiaconcursos.com.br\/curso\/prefeitura-de-cambe-pr-fiscal-sanitario-pacote-basico-2023-pos-edital\/\" target=\"_blank\" rel=\"noreferrer noopener\">Fiscal Sanit\u00e1rio<\/a>:<\/strong> 01 vaga + CR (R$ 2.796,85);<\/li>\n\n\n\n<li><strong>T\u00e9cnico em Sa\u00fade Bucal:<\/strong> 01 vaga + CR (R$ 2.796,85).<\/li>\n<\/ul>\n\n\n\n<h3 class=\"wp-block-heading\" id=\"superior\">N\u00edvel Superior<\/h3>\n\n\n\n<ul class=\"wp-block-list\">\n<li><strong>Advogado: <\/strong>01 vaga + CR (R$ 6.516,73);<\/li>\n\n\n\n<li><strong>Assistente Social:<\/strong> 05 vagas + CR (R$ 3.915,15);<\/li>\n\n\n\n<li><strong><a href=\"https:\/\/www.estrategiaconcursos.com.br\/curso\/prefeitura-de-cambe-pr-biologo-pacote-2023-pos-edital\/\" target=\"_blank\" rel=\"noreferrer noopener\">Bi\u00f3logo<\/a>:<\/strong> 01 vaga + CR (R$ 4.837,87);<\/li>\n\n\n\n<li><strong><a href=\"https:\/\/www.estrategiaconcursos.com.br\/curso\/prefeitura-de-cambe-pr-contador-pacote-2023-pos-edital\/\" target=\"_blank\" rel=\"noreferrer noopener\">Contador<\/a>:<\/strong> 01 vaga + CR (R$ 6.516,73);<\/li>\n\n\n\n<li><strong>Dentista: <\/strong>01 vaga + CR (R$ 8.103,73);<\/li>\n\n\n\n<li><strong><a href=\"https:\/\/www.estrategiaconcursos.com.br\/curso\/prefeitura-de-cambe-pr-educador-fisico-do-esporte-pacote-2023-pos-edital\/\" target=\"_blank\" rel=\"noreferrer noopener\">Educador F\u00edsico do Esporte:<\/a><\/strong> 03 vagas + CR (R$ 2.796,85);<\/li>\n\n\n\n<li><strong>Engenheiro Agr\u00f4nomo:<\/strong> 01 vaga + CR (R$ 3.915,15);<\/li>\n\n\n\n<li><strong>Engenheiro Eletricista:<\/strong> 01 vaga + CR (R$ 6.516,73).<\/li>\n<\/ul>\n\n\n\n<h2 class=\"wp-block-heading\" id=\"etapas\">Concurso Prefeitura de Camb\u00e9: etapas e provas <\/h2>\n\n\n\n<p>O certame ser\u00e1 composto por at\u00e9 <strong>tr\u00eas etapas<\/strong>, dependo do cargo que o candidato disputado. Confira:<\/p>\n\n\n\n<ul class=\"wp-block-list\">\n<li><strong>Prova Objetiva: <\/strong>de car\u00e1ter classificat\u00f3rio e eliminat\u00f3rio, aplicada \u00e0 todos os cargos;<\/li>\n\n\n\n<li><strong>Prova Dissertativa: <\/strong>de car\u00e1ter classificat\u00f3rio e eliminat\u00f3rio, aplicada somente ao cargo de Advogado;<\/li>\n\n\n\n<li><strong>Prova de T\u00edtulos:<\/strong> de car\u00e1ter classificat\u00f3rio, aplicada aos cargos de Assistente Social, Bi\u00f3logo, Contador, Dentista \u2013 PSF, Educador F\u00edsico do Esporte, Engenheiro Agr\u00f4nomo e Engenheiro Eletricista.<\/li>\n<\/ul>\n\n\n\n<h3 class=\"wp-block-heading\" id=\"objetiva\">Prova Objetiva<\/h3>\n\n\n\n<p>A prova objetiva foi composta por 60 quest\u00f5es de m\u00faltipla escolha, com cinco alternativas cada. Os conte\u00fados cobrados foram de conhecimentos gerais e conhecimentos espec\u00edficos de cada fun\u00e7\u00e3o:<\/p>\n\n\n\n<figure class=\"wp-block-image aligncenter size-full\"><img loading=\"lazy\" decoding=\"async\" width=\"673\" height=\"217\" src=\"https:\/\/dhg1h5j42swfq.cloudfront.net\/2023\/05\/19134533\/captura-de-tela-2023-05-19-as-13-44-53.png\" alt=\"Provas objetivas Concurso Prefeitura de Camb\u00e9\" class=\"wp-image-1219074\" srcset=\"https:\/\/dhg1h5j42swfq.cloudfront.net\/2023\/05\/19134533\/captura-de-tela-2023-05-19-as-13-44-53.png 673w, https:\/\/dhg1h5j42swfq.cloudfront.net\/2023\/05\/19134533\/captura-de-tela-2023-05-19-as-13-44-53-300x97.png 300w, https:\/\/dhg1h5j42swfq.cloudfront.net\/2023\/05\/19134533\/captura-de-tela-2023-05-19-as-13-44-53-610x197.png 610w, https:\/\/dhg1h5j42swfq.cloudfront.net\/2023\/05\/19134533\/captura-de-tela-2023-05-19-as-13-44-53-150x48.png 150w\" sizes=\"auto, (max-width: 673px) 100vw, 673px\" \/><\/figure>\n\n\n\n<figure class=\"wp-block-image aligncenter size-full\"><img loading=\"lazy\" decoding=\"async\" width=\"670\" height=\"261\" src=\"https:\/\/dhg1h5j42swfq.cloudfront.net\/2023\/05\/19134548\/captura-de-tela-2023-05-19-as-13-45-03.png\" alt=\"Quadro das provas objetivas Concurso Prefeitura de Camb\u00e9\" class=\"wp-image-1219075\" srcset=\"https:\/\/dhg1h5j42swfq.cloudfront.net\/2023\/05\/19134548\/captura-de-tela-2023-05-19-as-13-45-03.png 670w, https:\/\/dhg1h5j42swfq.cloudfront.net\/2023\/05\/19134548\/captura-de-tela-2023-05-19-as-13-45-03-300x117.png 300w, https:\/\/dhg1h5j42swfq.cloudfront.net\/2023\/05\/19134548\/captura-de-tela-2023-05-19-as-13-45-03-610x238.png 610w, https:\/\/dhg1h5j42swfq.cloudfront.net\/2023\/05\/19134548\/captura-de-tela-2023-05-19-as-13-45-03-150x58.png 150w\" sizes=\"auto, (max-width: 670px) 100vw, 670px\" \/><\/figure>\n\n\n\n<p>Para ser considerado aprovado foi necess\u00e1rio obter, no m\u00ednimo, <strong>50%<\/strong> do total de pontos previstos para a prova e <strong>n\u00e3o zerar<\/strong> em nenhuma das mat\u00e9rias.<\/p>\n\n\n\n<h3 class=\"wp-block-heading\" id=\"dissertativa\">Prova Dissertativa<\/h3>\n\n\n\n<p>A prova dissertativa foi aplicada somente aos candidatos que disputam o cargo de <strong>Advogado<\/strong>. A etapa ocorreu no mesmo dia da prova objetiva, mas no per\u00edodo da tarde.<\/p>\n\n\n\n<p>Essa etapa teve dura\u00e7\u00e3o de 4 horas, no modelo de pe\u00e7a processual. A prova escrita discursiva \u00e9 avaliada na escala de 0 a 100 pontos, devendo o candidato, para ser considerado aprovado, obter, no m\u00ednimo, 50% do total de pontos previstos para a prova discursiva.<\/p>\n\n\n\n<p>A prova foi composta por uma quest\u00e3o pr\u00e1tico-profissional, sendo avaliados os seguintes pontos:<\/p>\n\n\n\n<ul class=\"wp-block-list\">\n<li>Apresenta\u00e7\u00e3o e estrutura textual;<\/li>\n\n\n\n<li>Dom\u00ednio da l\u00edngua portuguesa;<\/li>\n\n\n\n<li>Fundamenta\u00e7\u00e3o jur\u00eddica.<\/li>\n<\/ul>\n\n\n\n<h3 class=\"wp-block-heading\" id=\"titulos\">Prova de T\u00edtulos<\/h3>\n\n\n\n<p>Os candidatos que disputam os cargos de Advogado, Assistente Social, Bi\u00f3logo, Contador, Dentista \u2013<br \/>PSF, Educador F\u00edsico do Esporte, Engenheiro Agr\u00f4nomo e Engenheiro Eletricista e forem <strong>aprovados<\/strong> nas provas objetivas ter\u00e3o os t\u00edtulos avaliados.<\/p>\n\n\n\n<figure class=\"wp-block-image aligncenter size-full\"><img loading=\"lazy\" decoding=\"async\" width=\"615\" height=\"253\" src=\"https:\/\/dhg1h5j42swfq.cloudfront.net\/2023\/05\/19135026\/captura-de-tela-2023-05-19-as-13-49-54.png\" alt=\"Tabela de atribui\u00e7\u00e3o de pontos na Prova de T\u00edtulos\" class=\"wp-image-1219085\" srcset=\"https:\/\/dhg1h5j42swfq.cloudfront.net\/2023\/05\/19135026\/captura-de-tela-2023-05-19-as-13-49-54.png 615w, https:\/\/dhg1h5j42swfq.cloudfront.net\/2023\/05\/19135026\/captura-de-tela-2023-05-19-as-13-49-54-300x123.png 300w, https:\/\/dhg1h5j42swfq.cloudfront.net\/2023\/05\/19135026\/captura-de-tela-2023-05-19-as-13-49-54-610x251.png 610w, https:\/\/dhg1h5j42swfq.cloudfront.net\/2023\/05\/19135026\/captura-de-tela-2023-05-19-as-13-49-54-150x62.png 150w\" sizes=\"auto, (max-width: 615px) 100vw, 615px\" \/><\/figure>\n\n\n\n<hr class=\"wp-block-separator has-alpha-channel-opacity\"\/>\n\n\n\n<h2 class=\"wp-block-heading has-text-align-center\" id=\"cursos\"><em>Quer estudar para o Concurso Prefeitura de Camb\u00e9?<\/em><\/h2>\n\n\n\n<div class=\"container\" id=\"boxes\">\n  <div class=\"row\">\n\n    <div class=\"col-sm\">\n      <div class=\"banner-estrategia\" id=\"box-assinatura\">\n        <h3 class=\"titulo-assinatura\">Cursos Prefeitura de Camb\u00e9<\/h3>\n        <p class=\"subtitulo-assinatura\">Conhe\u00e7a os cursos<\/p>\n        <div class=\"box-botao\">\n          <a class=\"btn-assinatura\" target=\"_blank\" href=\"https:\/\/www.estrategiaconcursos.com.br\/cursosPorConcurso\/prefeitura-municipal-de-cambe-pr\/\" role=\"button\" rel=\"noopener noreferrer\">Conhe\u00e7a mais<\/a>\n        <\/div>\n      <\/div>\n     \n    <\/div>\n\n  <\/div>\n<\/div>\n\n\n\n<div class=\"container\" id=\"boxes\">\n  <div class=\"row\">\n\n    <div class=\"col-sm\">\n      <div class=\"estrategia\" id=\"box-assinatura\">\n        <h3 class=\"titulo-assinatura\">Assinatura Concursos<\/h3>\n        <p class=\"subtitulo-assinatura\">Assinatura de 1 ano ou 2 anos<\/p>\n        <div class=\"box-botao\">\n          <a class=\"btn-assinatura\" target=\"_blank\" href=\"https:\/\/www.estrategiaconcursos.com.br\/assinaturas\/\" role=\"button\" rel=\"noopener noreferrer\">ASSINE AGORA<\/a>\n        <\/div>\n      <\/div><\/div><\/div><\/div>\n\n\n\n<h2 class=\"wp-block-heading has-text-align-center\" id=\"h-quer-saber-tudo-sobre-concursos-previstos-confira-os-nossos-artigos\">Quer saber tudo sobre concursos previstos?<br \/>Confira os nossos artigos!<\/h2>\n\n\n\n<ul class=\"wp-block-list\">\n<li><a href=\"https:\/\/www.estrategiaconcursos.com.br\/blog\/concursos-abertos\/\" target=\"_blank\" rel=\"noreferrer noopener\">Concursos abertos<\/a><\/li>\n\n\n\n<li><a href=\"https:\/\/www.estrategiaconcursos.com.br\/blog\/concursos-2023\/\" target=\"_blank\" rel=\"noreferrer noopener\">Concursos 2023<\/a><\/li>\n\n\n\n<li><a href=\"https:\/\/www.estrategiaconcursos.com.br\/blog\/concursos-2024\/\" target=\"_blank\" rel=\"noreferrer noopener\">Concursos 2024<\/a><\/li>\n<\/ul>\n\n\n\n<figure class=\"wp-block-image size-large is-resized\"><img loading=\"lazy\" decoding=\"async\" src=\"https:\/\/dhg1h5j42swfq.cloudfront.net\/2025\/06\/27101122\/ficha-tecnica-1-1024x632.png\" alt=\"Informa\u00e7\u00f5es do concurso Prefeitura Camb\u00e9\" class=\"wp-image-702728\" width=\"269\" height=\"166\" srcset=\"https:\/\/dhg1h5j42swfq.cloudfront.net\/2025\/06\/27101122\/ficha-tecnica-1-1024x632.png 1024w, https:\/\/dhg1h5j42swfq.cloudfront.net\/2025\/06\/27101122\/ficha-tecnica-1-300x185.png 300w, https:\/\/dhg1h5j42swfq.cloudfront.net\/2025\/06\/27101122\/ficha-tecnica-1-768x474.png 768w, https:\/\/dhg1h5j42swfq.cloudfront.net\/2025\/06\/27101122\/ficha-tecnica-1-1536x948.png 1536w, https:\/\/dhg1h5j42swfq.cloudfront.net\/2025\/06\/27101122\/ficha-tecnica-1-610x377.png 610w, https:\/\/dhg1h5j42swfq.cloudfront.net\/2025\/06\/27101122\/ficha-tecnica-1.png 1571w\" sizes=\"auto, (max-width: 269px) 100vw, 269px\" \/><\/figure>\n\n\n\n<h3 class=\"wp-block-heading\" id=\"ficha\">Informa\u00e7\u00f5es do concurso Prefeitura de Camb\u00e9<\/h3>\n\n\n\n<ul class=\"wp-block-list\">\n<li><strong>Provas<\/strong>: <s>06\/08\/2023<\/s><\/li>\n\n\n\n<li><strong>Vagas<\/strong>: 25 + CR<\/li>\n\n\n\n<li><strong>Cargos<\/strong>: v\u00e1rios<\/li>\n\n\n\n<li><strong>Banca<\/strong>: FAUEL<\/li>\n\n\n\n<li><strong>Escolaridade<\/strong>: N\u00edvel m\u00e9dio\/t\u00e9cnico e superior<\/li>\n\n\n\n<li><strong>Edital:<\/strong> <a href=\"https:\/\/dhg1h5j42swfq.cloudfront.net\/2023\/05\/19130433\/cambe_ed_001_abertura.pdf\" target=\"_blank\" rel=\"noreferrer noopener nofollow\">Camb\u00e9 2023<\/a><\/li>\n<\/ul>\n","protected":false},"excerpt":{"rendered":"<p>Foram publicados os gabaritos preliminares do concurso p\u00fablico da Prefeitura de Camb\u00e9, munic\u00edpio do Paran\u00e1. As provas foram aplicadas no dia 06 de agosto, sob organiza\u00e7\u00e3o da empresa FAUEL. Os candidatos poder\u00e3o interpor recursos at\u00e9 o dia 09 de agosto, atrav\u00e9s do site da banca organizadora. Lembrando que os recursos dever\u00e3o ser redigidos por meio [&hellip;]<\/p>\n","protected":false},"author":1,"featured_media":1219362,"comment_status":"open","ping_status":"closed","sticky":false,"template":"","format":"standard","meta":{"post_tipo":"news_page","footnotes":""},"categories":[214992],"tags":[],"tax_estado":[219981],"class_list":["post-435322","post","type-post","status-publish","format-standard","has-post-thumbnail","hentry","category-concursos-administrativos","tax_estado-pr"],"acf":[],"yoast_head":"<!-- This site is optimized with the Yoast SEO Premium plugin v27.2 (Yoast SEO v27.2) - https:\/\/yoast.com\/product\/yoast-seo-premium-wordpress\/ -->\n<title>Concurso Prefeitura de Camb\u00e9: confira os gabaritos preliminares!<\/title>\n<meta name=\"description\" content=\"Concurso Prefeitura de Camb\u00e9: gabaritos preliminares divulgados! S\u00e3o 25 vagas com sal\u00e1rios de at\u00e9 R$ 8 mil. Veja mais aqui!\" \/>\n<meta name=\"robots\" content=\"index, follow, max-snippet:-1, max-image-preview:large, max-video-preview:-1\" \/>\n<link rel=\"canonical\" href=\"https:\/\/www.estrategiaconcursos.com.br\/blog\/concurso-prefeitura-cambe\/\" \/>\n<meta property=\"og:locale\" content=\"pt_BR\" \/>\n<meta property=\"og:type\" content=\"article\" \/>\n<meta property=\"og:title\" content=\"Concurso Prefeitura de Camb\u00e9: confira os gabaritos preliminares!\" \/>\n<meta property=\"og:description\" content=\"Concurso Prefeitura de Camb\u00e9: gabaritos preliminares divulgados! S\u00e3o 25 vagas com sal\u00e1rios de at\u00e9 R$ 8 mil. Veja mais aqui!\" \/>\n<meta property=\"og:url\" content=\"https:\/\/www.estrategiaconcursos.com.br\/blog\/concurso-prefeitura-cambe\/\" \/>\n<meta property=\"og:site_name\" content=\"Estrat\u00e9gia Concursos\" \/>\n<meta property=\"article:author\" content=\"https:\/\/www.facebook.com\/EstrategiaConcursos\" \/>\n<meta property=\"article:published_time\" content=\"2023-08-09T17:32:00+00:00\" \/>\n<meta property=\"article:modified_time\" content=\"2024-03-14T16:20:16+00:00\" \/>\n<meta property=\"og:image\" content=\"https:\/\/dhg1h5j42swfq.cloudfront.net\/2023\/05\/19173232\/prefeitura-de-cambe.jpg\" \/>\n\t<meta property=\"og:image:width\" content=\"768\" \/>\n\t<meta property=\"og:image:height\" content=\"432\" \/>\n\t<meta property=\"og:image:type\" content=\"image\/jpeg\" \/>\n<meta name=\"author\" content=\"Coordena\u00e7\u00e3o\" \/>\n<meta name=\"twitter:card\" content=\"summary_large_image\" \/>\n<meta name=\"twitter:creator\" content=\"@EstratConcursos\" \/>\n<meta name=\"twitter:site\" content=\"@EstratConcursos\" \/>\n<meta name=\"twitter:label1\" content=\"Escrito por\" \/>\n\t<meta name=\"twitter:data1\" content=\"Coordena\u00e7\u00e3o\" \/>\n\t<meta name=\"twitter:label2\" content=\"Est. tempo de leitura\" \/>\n\t<meta name=\"twitter:data2\" content=\"3 minutos\" \/>\n<script type=\"application\/ld+json\" class=\"yoast-schema-graph\">{\"@context\":\"https:\/\/schema.org\",\"@graph\":[{\"@type\":\"NewsArticle\",\"@id\":\"https:\/\/www.estrategiaconcursos.com.br\/blog\/concurso-prefeitura-cambe\/#article\",\"isPartOf\":{\"@id\":\"https:\/\/www.estrategiaconcursos.com.br\/blog\/concurso-prefeitura-cambe\/\"},\"author\":{\"name\":\"Coordena\u00e7\u00e3o\",\"@id\":\"https:\/\/www.estrategiaconcursos.com.br\/blog\/#\/schema\/person\/b4a388c97673c5f483d72185668afa1f\"},\"headline\":\"Concurso Prefeitura de Camb\u00e9: confira os gabaritos preliminares!\",\"datePublished\":\"2023-08-09T17:32:00+00:00\",\"dateModified\":\"2024-03-14T16:20:16+00:00\",\"mainEntityOfPage\":{\"@id\":\"https:\/\/www.estrategiaconcursos.com.br\/blog\/concurso-prefeitura-cambe\/\"},\"wordCount\":696,\"commentCount\":0,\"publisher\":{\"@id\":\"https:\/\/www.estrategiaconcursos.com.br\/blog\/#organization\"},\"image\":{\"@id\":\"https:\/\/www.estrategiaconcursos.com.br\/blog\/concurso-prefeitura-cambe\/#primaryimage\"},\"thumbnailUrl\":\"https:\/\/dhg1h5j42swfq.cloudfront.net\/2023\/05\/19173232\/prefeitura-de-cambe.jpg\",\"articleSection\":[\"Executivo (Administrativa)\"],\"inLanguage\":\"pt-BR\",\"potentialAction\":[{\"@type\":\"CommentAction\",\"name\":\"Comment\",\"target\":[\"https:\/\/www.estrategiaconcursos.com.br\/blog\/concurso-prefeitura-cambe\/#respond\"]}],\"copyrightYear\":\"2023\",\"copyrightHolder\":{\"@id\":\"https:\/\/www.estrategiaconcursos.com.br\/blog\/#organization\"}},{\"@type\":\"WebPage\",\"@id\":\"https:\/\/www.estrategiaconcursos.com.br\/blog\/concurso-prefeitura-cambe\/\",\"url\":\"https:\/\/www.estrategiaconcursos.com.br\/blog\/concurso-prefeitura-cambe\/\",\"name\":\"Concurso Prefeitura de Camb\u00e9: confira os gabaritos preliminares!\",\"isPartOf\":{\"@id\":\"https:\/\/www.estrategiaconcursos.com.br\/blog\/#website\"},\"primaryImageOfPage\":{\"@id\":\"https:\/\/www.estrategiaconcursos.com.br\/blog\/concurso-prefeitura-cambe\/#primaryimage\"},\"image\":{\"@id\":\"https:\/\/www.estrategiaconcursos.com.br\/blog\/concurso-prefeitura-cambe\/#primaryimage\"},\"thumbnailUrl\":\"https:\/\/dhg1h5j42swfq.cloudfront.net\/2023\/05\/19173232\/prefeitura-de-cambe.jpg\",\"datePublished\":\"2023-08-09T17:32:00+00:00\",\"dateModified\":\"2024-03-14T16:20:16+00:00\",\"description\":\"Concurso Prefeitura de Camb\u00e9: gabaritos preliminares divulgados! S\u00e3o 25 vagas com sal\u00e1rios de at\u00e9 R$ 8 mil. Veja mais aqui!\",\"breadcrumb\":{\"@id\":\"https:\/\/www.estrategiaconcursos.com.br\/blog\/concurso-prefeitura-cambe\/#breadcrumb\"},\"inLanguage\":\"pt-BR\",\"potentialAction\":[{\"@type\":\"ReadAction\",\"target\":[\"https:\/\/www.estrategiaconcursos.com.br\/blog\/concurso-prefeitura-cambe\/\"]}]},{\"@type\":\"ImageObject\",\"inLanguage\":\"pt-BR\",\"@id\":\"https:\/\/www.estrategiaconcursos.com.br\/blog\/concurso-prefeitura-cambe\/#primaryimage\",\"url\":\"https:\/\/dhg1h5j42swfq.cloudfront.net\/2023\/05\/19173232\/prefeitura-de-cambe.jpg\",\"contentUrl\":\"https:\/\/dhg1h5j42swfq.cloudfront.net\/2023\/05\/19173232\/prefeitura-de-cambe.jpg\",\"width\":768,\"height\":432,\"caption\":\"Concurso Prefeitura de Camb\u00e9\"},{\"@type\":\"BreadcrumbList\",\"@id\":\"https:\/\/www.estrategiaconcursos.com.br\/blog\/concurso-prefeitura-cambe\/#breadcrumb\",\"itemListElement\":[{\"@type\":\"ListItem\",\"position\":1,\"name\":\"In\u00edcio\",\"item\":\"https:\/\/www.estrategiaconcursos.com.br\/blog\/\"},{\"@type\":\"ListItem\",\"position\":2,\"name\":\"Concurso Prefeitura de Camb\u00e9: confira os gabaritos preliminares!\"}]},{\"@type\":\"WebSite\",\"@id\":\"https:\/\/www.estrategiaconcursos.com.br\/blog\/#website\",\"url\":\"https:\/\/www.estrategiaconcursos.com.br\/blog\/\",\"name\":\"Estrat\u00e9gia Concursos\",\"description\":\"O blog da Estrat\u00e9gia Concursos traz not\u00edcias sobre concursos e artigos de professores oferecendo cursos para concursos (pdf + videaulas) no site.\",\"publisher\":{\"@id\":\"https:\/\/www.estrategiaconcursos.com.br\/blog\/#organization\"},\"potentialAction\":[{\"@type\":\"SearchAction\",\"target\":{\"@type\":\"EntryPoint\",\"urlTemplate\":\"https:\/\/www.estrategiaconcursos.com.br\/blog\/?s={search_term_string}\"},\"query-input\":{\"@type\":\"PropertyValueSpecification\",\"valueRequired\":true,\"valueName\":\"search_term_string\"}}],\"inLanguage\":\"pt-BR\"},{\"@type\":\"Organization\",\"@id\":\"https:\/\/www.estrategiaconcursos.com.br\/blog\/#organization\",\"name\":\"Estrat\u00e9gia Concursos\",\"url\":\"https:\/\/www.estrategiaconcursos.com.br\/blog\/\",\"logo\":{\"@type\":\"ImageObject\",\"inLanguage\":\"pt-BR\",\"@id\":\"https:\/\/www.estrategiaconcursos.com.br\/blog\/#\/schema\/logo\/image\/\",\"url\":\"https:\/\/dhg1h5j42swfq.cloudfront.net\/2025\/06\/03203428\/logo_concursos-1.jpg\",\"contentUrl\":\"https:\/\/dhg1h5j42swfq.cloudfront.net\/2025\/06\/03203428\/logo_concursos-1.jpg\",\"width\":230,\"height\":60,\"caption\":\"Estrat\u00e9gia Concursos\"},\"image\":{\"@id\":\"https:\/\/www.estrategiaconcursos.com.br\/blog\/#\/schema\/logo\/image\/\"},\"sameAs\":[\"https:\/\/x.com\/EstratConcursos\"]},{\"@type\":\"Person\",\"@id\":\"https:\/\/www.estrategiaconcursos.com.br\/blog\/#\/schema\/person\/b4a388c97673c5f483d72185668afa1f\",\"name\":\"Coordena\u00e7\u00e3o\",\"image\":{\"@type\":\"ImageObject\",\"inLanguage\":\"pt-BR\",\"@id\":\"https:\/\/secure.gravatar.com\/avatar\/b720319e4c9a967eb58678d110f4fe35452fc5d5f97b202bac7b8acceb18c6ad?s=96&d=mm&r=g\",\"url\":\"https:\/\/secure.gravatar.com\/avatar\/b720319e4c9a967eb58678d110f4fe35452fc5d5f97b202bac7b8acceb18c6ad?s=96&d=mm&r=g\",\"contentUrl\":\"https:\/\/secure.gravatar.com\/avatar\/b720319e4c9a967eb58678d110f4fe35452fc5d5f97b202bac7b8acceb18c6ad?s=96&d=mm&r=g\",\"caption\":\"Coordena\u00e7\u00e3o\"},\"sameAs\":[\"https:\/\/www.facebook.com\/EstrategiaConcursos\",\"https:\/\/x.com\/EstratConcursos\"],\"url\":\"https:\/\/www.estrategiaconcursos.com.br\/blog\/author\/estrategia2013\/\"}]}<\/script>\n<!-- \/ Yoast SEO Premium plugin. -->","yoast_head_json":{"title":"Concurso Prefeitura de Camb\u00e9: confira os gabaritos preliminares!","description":"Concurso Prefeitura de Camb\u00e9: gabaritos preliminares divulgados! S\u00e3o 25 vagas com sal\u00e1rios de at\u00e9 R$ 8 mil. Veja mais aqui!","robots":{"index":"index","follow":"follow","max-snippet":"max-snippet:-1","max-image-preview":"max-image-preview:large","max-video-preview":"max-video-preview:-1"},"canonical":"https:\/\/www.estrategiaconcursos.com.br\/blog\/concurso-prefeitura-cambe\/","og_locale":"pt_BR","og_type":"article","og_title":"Concurso Prefeitura de Camb\u00e9: confira os gabaritos preliminares!","og_description":"Concurso Prefeitura de Camb\u00e9: gabaritos preliminares divulgados! S\u00e3o 25 vagas com sal\u00e1rios de at\u00e9 R$ 8 mil. Veja mais aqui!","og_url":"https:\/\/www.estrategiaconcursos.com.br\/blog\/concurso-prefeitura-cambe\/","og_site_name":"Estrat\u00e9gia Concursos","article_author":"https:\/\/www.facebook.com\/EstrategiaConcursos","article_published_time":"2023-08-09T17:32:00+00:00","article_modified_time":"2024-03-14T16:20:16+00:00","og_image":[{"width":768,"height":432,"url":"https:\/\/dhg1h5j42swfq.cloudfront.net\/2023\/05\/19173232\/prefeitura-de-cambe.jpg","type":"image\/jpeg"}],"author":"Coordena\u00e7\u00e3o","twitter_card":"summary_large_image","twitter_creator":"@EstratConcursos","twitter_site":"@EstratConcursos","twitter_misc":{"Escrito por":"Coordena\u00e7\u00e3o","Est. tempo de leitura":"3 minutos"},"schema":{"@context":"https:\/\/schema.org","@graph":[{"@type":"NewsArticle","@id":"https:\/\/www.estrategiaconcursos.com.br\/blog\/concurso-prefeitura-cambe\/#article","isPartOf":{"@id":"https:\/\/www.estrategiaconcursos.com.br\/blog\/concurso-prefeitura-cambe\/"},"author":{"name":"Coordena\u00e7\u00e3o","@id":"https:\/\/www.estrategiaconcursos.com.br\/blog\/#\/schema\/person\/b4a388c97673c5f483d72185668afa1f"},"headline":"Concurso Prefeitura de Camb\u00e9: confira os gabaritos preliminares!","datePublished":"2023-08-09T17:32:00+00:00","dateModified":"2024-03-14T16:20:16+00:00","mainEntityOfPage":{"@id":"https:\/\/www.estrategiaconcursos.com.br\/blog\/concurso-prefeitura-cambe\/"},"wordCount":696,"commentCount":0,"publisher":{"@id":"https:\/\/www.estrategiaconcursos.com.br\/blog\/#organization"},"image":{"@id":"https:\/\/www.estrategiaconcursos.com.br\/blog\/concurso-prefeitura-cambe\/#primaryimage"},"thumbnailUrl":"https:\/\/dhg1h5j42swfq.cloudfront.net\/2023\/05\/19173232\/prefeitura-de-cambe.jpg","articleSection":["Executivo (Administrativa)"],"inLanguage":"pt-BR","potentialAction":[{"@type":"CommentAction","name":"Comment","target":["https:\/\/www.estrategiaconcursos.com.br\/blog\/concurso-prefeitura-cambe\/#respond"]}],"copyrightYear":"2023","copyrightHolder":{"@id":"https:\/\/www.estrategiaconcursos.com.br\/blog\/#organization"}},{"@type":"WebPage","@id":"https:\/\/www.estrategiaconcursos.com.br\/blog\/concurso-prefeitura-cambe\/","url":"https:\/\/www.estrategiaconcursos.com.br\/blog\/concurso-prefeitura-cambe\/","name":"Concurso Prefeitura de Camb\u00e9: confira os gabaritos preliminares!","isPartOf":{"@id":"https:\/\/www.estrategiaconcursos.com.br\/blog\/#website"},"primaryImageOfPage":{"@id":"https:\/\/www.estrategiaconcursos.com.br\/blog\/concurso-prefeitura-cambe\/#primaryimage"},"image":{"@id":"https:\/\/www.estrategiaconcursos.com.br\/blog\/concurso-prefeitura-cambe\/#primaryimage"},"thumbnailUrl":"https:\/\/dhg1h5j42swfq.cloudfront.net\/2023\/05\/19173232\/prefeitura-de-cambe.jpg","datePublished":"2023-08-09T17:32:00+00:00","dateModified":"2024-03-14T16:20:16+00:00","description":"Concurso Prefeitura de Camb\u00e9: gabaritos preliminares divulgados! S\u00e3o 25 vagas com sal\u00e1rios de at\u00e9 R$ 8 mil. Veja mais aqui!","breadcrumb":{"@id":"https:\/\/www.estrategiaconcursos.com.br\/blog\/concurso-prefeitura-cambe\/#breadcrumb"},"inLanguage":"pt-BR","potentialAction":[{"@type":"ReadAction","target":["https:\/\/www.estrategiaconcursos.com.br\/blog\/concurso-prefeitura-cambe\/"]}]},{"@type":"ImageObject","inLanguage":"pt-BR","@id":"https:\/\/www.estrategiaconcursos.com.br\/blog\/concurso-prefeitura-cambe\/#primaryimage","url":"https:\/\/dhg1h5j42swfq.cloudfront.net\/2023\/05\/19173232\/prefeitura-de-cambe.jpg","contentUrl":"https:\/\/dhg1h5j42swfq.cloudfront.net\/2023\/05\/19173232\/prefeitura-de-cambe.jpg","width":768,"height":432,"caption":"Concurso Prefeitura de Camb\u00e9"},{"@type":"BreadcrumbList","@id":"https:\/\/www.estrategiaconcursos.com.br\/blog\/concurso-prefeitura-cambe\/#breadcrumb","itemListElement":[{"@type":"ListItem","position":1,"name":"In\u00edcio","item":"https:\/\/www.estrategiaconcursos.com.br\/blog\/"},{"@type":"ListItem","position":2,"name":"Concurso Prefeitura de Camb\u00e9: confira os gabaritos preliminares!"}]},{"@type":"WebSite","@id":"https:\/\/www.estrategiaconcursos.com.br\/blog\/#website","url":"https:\/\/www.estrategiaconcursos.com.br\/blog\/","name":"Estrat\u00e9gia Concursos","description":"O blog da Estrat\u00e9gia Concursos traz not\u00edcias sobre concursos e artigos de professores oferecendo cursos para concursos (pdf + videaulas) no site.","publisher":{"@id":"https:\/\/www.estrategiaconcursos.com.br\/blog\/#organization"},"potentialAction":[{"@type":"SearchAction","target":{"@type":"EntryPoint","urlTemplate":"https:\/\/www.estrategiaconcursos.com.br\/blog\/?s={search_term_string}"},"query-input":{"@type":"PropertyValueSpecification","valueRequired":true,"valueName":"search_term_string"}}],"inLanguage":"pt-BR"},{"@type":"Organization","@id":"https:\/\/www.estrategiaconcursos.com.br\/blog\/#organization","name":"Estrat\u00e9gia Concursos","url":"https:\/\/www.estrategiaconcursos.com.br\/blog\/","logo":{"@type":"ImageObject","inLanguage":"pt-BR","@id":"https:\/\/www.estrategiaconcursos.com.br\/blog\/#\/schema\/logo\/image\/","url":"https:\/\/dhg1h5j42swfq.cloudfront.net\/2025\/06\/03203428\/logo_concursos-1.jpg","contentUrl":"https:\/\/dhg1h5j42swfq.cloudfront.net\/2025\/06\/03203428\/logo_concursos-1.jpg","width":230,"height":60,"caption":"Estrat\u00e9gia Concursos"},"image":{"@id":"https:\/\/www.estrategiaconcursos.com.br\/blog\/#\/schema\/logo\/image\/"},"sameAs":["https:\/\/x.com\/EstratConcursos"]},{"@type":"Person","@id":"https:\/\/www.estrategiaconcursos.com.br\/blog\/#\/schema\/person\/b4a388c97673c5f483d72185668afa1f","name":"Coordena\u00e7\u00e3o","image":{"@type":"ImageObject","inLanguage":"pt-BR","@id":"https:\/\/secure.gravatar.com\/avatar\/b720319e4c9a967eb58678d110f4fe35452fc5d5f97b202bac7b8acceb18c6ad?s=96&d=mm&r=g","url":"https:\/\/secure.gravatar.com\/avatar\/b720319e4c9a967eb58678d110f4fe35452fc5d5f97b202bac7b8acceb18c6ad?s=96&d=mm&r=g","contentUrl":"https:\/\/secure.gravatar.com\/avatar\/b720319e4c9a967eb58678d110f4fe35452fc5d5f97b202bac7b8acceb18c6ad?s=96&d=mm&r=g","caption":"Coordena\u00e7\u00e3o"},"sameAs":["https:\/\/www.facebook.com\/EstrategiaConcursos","https:\/\/x.com\/EstratConcursos"],"url":"https:\/\/www.estrategiaconcursos.com.br\/blog\/author\/estrategia2013\/"}]}},"_links":{"self":[{"href":"https:\/\/www.estrategiaconcursos.com.br\/blog\/wp-json\/wp\/v2\/posts\/435322","targetHints":{"allow":["GET"]}}],"collection":[{"href":"https:\/\/www.estrategiaconcursos.com.br\/blog\/wp-json\/wp\/v2\/posts"}],"about":[{"href":"https:\/\/www.estrategiaconcursos.com.br\/blog\/wp-json\/wp\/v2\/types\/post"}],"author":[{"embeddable":true,"href":"https:\/\/www.estrategiaconcursos.com.br\/blog\/wp-json\/wp\/v2\/users\/1"}],"replies":[{"embeddable":true,"href":"https:\/\/www.estrategiaconcursos.com.br\/blog\/wp-json\/wp\/v2\/comments?post=435322"}],"version-history":[{"count":45,"href":"https:\/\/www.estrategiaconcursos.com.br\/blog\/wp-json\/wp\/v2\/posts\/435322\/revisions"}],"predecessor-version":[{"id":1262358,"href":"https:\/\/www.estrategiaconcursos.com.br\/blog\/wp-json\/wp\/v2\/posts\/435322\/revisions\/1262358"}],"wp:featuredmedia":[{"embeddable":true,"href":"https:\/\/www.estrategiaconcursos.com.br\/blog\/wp-json\/wp\/v2\/media\/1219362"}],"wp:attachment":[{"href":"https:\/\/www.estrategiaconcursos.com.br\/blog\/wp-json\/wp\/v2\/media?parent=435322"}],"wp:term":[{"taxonomy":"category","embeddable":true,"href":"https:\/\/www.estrategiaconcursos.com.br\/blog\/wp-json\/wp\/v2\/categories?post=435322"},{"taxonomy":"post_tag","embeddable":true,"href":"https:\/\/www.estrategiaconcursos.com.br\/blog\/wp-json\/wp\/v2\/tags?post=435322"},{"taxonomy":"tax_estado","embeddable":true,"href":"https:\/\/www.estrategiaconcursos.com.br\/blog\/wp-json\/wp\/v2\/tax_estado?post=435322"}],"curies":[{"name":"wp","href":"https:\/\/api.w.org\/{rel}","templated":true}]}}