{"id":434616,"date":"2019-10-15T15:05:45","date_gmt":"2019-10-15T18:05:45","guid":{"rendered":"https:\/\/www.estrategiaconcursos.com.br\/blog\/?p=434616"},"modified":"2020-06-01T21:03:25","modified_gmt":"2020-06-02T00:03:25","slug":"concurso-prf-convocacao-dos-aprovados-de-2018","status":"publish","type":"post","link":"https:\/\/www.estrategiaconcursos.com.br\/blog\/concurso-prf-convocacao-dos-aprovados-de-2018\/","title":{"rendered":"Concurso PRF: convoca\u00e7\u00e3o dos aprovados de 2018;um certame por ano at\u00e9 2022"},"content":{"rendered":"\n<p>O presidente da Federa\u00e7\u00e3o Nacional dos Policiais Federais Rodovi\u00e1rios ( <br \/>&nbsp;FenaPRF), Deolindo Paulo Carniel, anunciou que o \u00f3rg\u00e3o est\u00e1 tratando junto ao governo para a convocar os 600 aprovados no concurso PRF 2018. Al\u00e9m disso, ele lembrou que h\u00e1 uma promessa de realizar concurso p\u00fablico a cada ano com a oferta de 1.000 vagas.<\/p>\n\n\n\n<p>A entrevista do Presidente da FenaPRF foi divulgada na rede social da Pol\u00edcia Federal Rodovi\u00e1ria, respondendo \u00e0s perguntas dos internautas, entre elas, sobre o excedente de aprovados no certame de 2018, ele anunciou que \u00f3rg\u00e3o j\u00e1 estava em contato com o governo para a convoca\u00e7\u00e3o dos 600 aprovados.<\/p>\n\n\n\n<p>Tamb\u00e9m lembrou que h\u00e1 uma grande expectativa de novos concursos p\u00fablicos para a PRF a partir de 2020, j\u00e1 que o governo prometeu preencher o d\u00e9ficit de servidores. Para eliminar a defasagem o plano governamental \u00e9 de certames com a oferta de 1.000 vagas a cada ano, at\u00e9 2022. <\/p>\n\n\n\n<p>Mesmo com o \u00faltimo certame realizado em 2018 com 500 vagas e o excedente de aprovados sendo convocados, a corpora\u00e7\u00e3o ainda fica em defasagem,  pois faltam aproximadamente 3 mil servidores, podendo chegar a 5 mil em 2022. Por isso, o plano de 1.000 vagas por ano.<\/p>\n\n\n\n<h3 class=\"wp-block-heading\">Remunera\u00e7\u00e3o Policial Rodovi\u00e1rio Federal<\/h3>\n\n\n\n<p>O cargo de Policial Rodovi\u00e1rio exige <strong>n\u00edvel superior<\/strong> em qualquer \u00e1rea de forma\u00e7\u00e3o. A remunera\u00e7\u00e3o \u00e9 na forma de subs\u00eddio. No in\u00edcio de carreira, o Policial Rodovi\u00e1rio Federal recebe o <strong>subs\u00eddio de R$ 9.899,88.<\/strong><\/p>\n\n\n\n<p>Veja a tabela remunerat\u00f3ria completa do Policial Rodovi\u00e1rio Federal:<\/p>\n\n\n\n<div class=\"wp-block-image\"><figure class=\"aligncenter is-resized\"><img loading=\"lazy\" decoding=\"async\" src=\"https:\/\/dhg1h5j42swfq.cloudfront.net\/2019\/03\/13000815\/Captura-de-Tela-2019-03-13-a%CC%80s-00.07.25.png\" alt=\"Concurso PRF - Tabela Remunerat\u00f3ria do cargo de Pol\u00edcia Rodovi\u00e1ria Federal\" class=\"wp-image-171121\" width=\"524\" height=\"528\" srcset=\"https:\/\/dhg1h5j42swfq.cloudfront.net\/2019\/03\/13000815\/Captura-de-Tela-2019-03-13-a%CC%80s-00.07.25.png 720w, https:\/\/dhg1h5j42swfq.cloudfront.net\/2019\/03\/13000815\/Captura-de-Tela-2019-03-13-a%CC%80s-00.07.25.png 150w, https:\/\/dhg1h5j42swfq.cloudfront.net\/2019\/03\/13000815\/Captura-de-Tela-2019-03-13-a%CC%80s-00.07.25.png 298w\" sizes=\"auto, (max-width: 524px) 100vw, 524px\" \/><figcaption>Concurso PRF &#8211; Tabela Remunerat\u00f3ria do cargo de Pol\u00edcia Rodovi\u00e1ria Federal<\/figcaption><\/figure><\/div>\n\n\n\n<p><strong>Se voc\u00ea quer saber mais informa\u00e7\u00f5es sobre o certame, como etapas de provas e hist\u00f3rico de nomea\u00e7\u00f5es durante os \u00faltimos anos, acesse o artigo abaixo.<\/strong><\/p>\n\n\n\n<p class=\"has-background has-text-align-center has-medium-font-size has-luminous-vivid-amber-background-color\"><a rel=\"noreferrer noopener\" aria-label=\"Artigo Concurso Pol\u00edcia Rodovi\u00e1ria Federal (abre numa nova aba)\" href=\"https:\/\/www.estrategiaconcursos.com.br\/blog\/concurso-prf-3\/\" target=\"_blank\"><strong>Concurso Pol\u00edcia Rodovi\u00e1ria Federal<\/strong><\/a><\/p>\n\n\n\n<h3 class=\"has-text-align-center wp-block-heading\" id=\"cursos-assinatura\"><strong><em>Que tal estudar para o Concurso PRF?<\/em><\/strong><\/h3>\n\n\n\n<p class=\"has-background has-text-align-center has-medium-font-size has-luminous-vivid-amber-background-color\"><a rel=\"noreferrer noopener\" href=\"https:\/\/www.estrategiaconcursos.com.br\/cursosPorConcurso\/prf-policial-rodoviario-federal\/\" target=\"_blank\"><strong>CURSO PRF<\/strong><\/a><\/p>\n\n\n\n<p class=\"has-text-align-center\"><em><strong>Assinatura Anual Ilimitada*<\/strong><\/em><\/p>\n\n\n\n<p><em>Prepare-se com o melhor material e com quem mais aprova em Concursos P\u00fablicos em todo o pa\u00eds. Assine agora a nossa Assinatura Anual e tenha acesso ilimitado* a todos os nossos cursos.<\/em><\/p>\n\n\n\n<p class=\"has-background has-text-align-center has-medium-font-size has-light-green-cyan-background-color\"><strong>ASSINE AGORA<\/strong>&nbsp;\u2013&nbsp;<a rel=\"noreferrer noopener\" href=\"https:\/\/www.estrategiaconcursos.com.br\/assinaturas\/\" target=\"_blank\"><strong>Assinatura Ilimitada<\/strong><\/a><\/p>\n\n\n\n<p class=\"has-background has-text-align-center has-medium-font-size has-pale-cyan-blue-background-color\"><strong><a href=\"https:\/\/www.estrategiaconcursos.com.br\/blog\/concursos-abertos\/\">CONCURSOS ABERTOS<\/a><\/strong><\/p>\n\n\n\n<p class=\"has-background has-text-align-center has-medium-font-size has-pale-cyan-blue-background-color\"><a href=\"https:\/\/www.estrategiaconcursos.com.br\/blog\/concursos-2019\/\"><strong>CONCURSOS 2019<\/strong><\/a><\/p>\n\n\n\n<p class=\"has-background has-text-align-center has-medium-font-size has-pale-cyan-blue-background-color\"><a href=\"https:\/\/www.estrategiaconcursos.com.br\/blog\/concursos-2020\/\"><strong>CONCURSOS<\/strong><\/a><strong><a href=\"https:\/\/www.estrategiaconcursos.com.br\/blog\/concursos-2020\/\">&nbsp;2020<\/a><\/strong><\/p>\n","protected":false},"excerpt":{"rendered":"<p>O presidente da Federa\u00e7\u00e3o Nacional dos Policiais Federais Rodovi\u00e1rios ( &nbsp;FenaPRF), Deolindo Paulo Carniel, anunciou que o \u00f3rg\u00e3o est\u00e1 tratando junto ao governo para a convocar os 600 aprovados no concurso PRF 2018. Al\u00e9m disso, ele lembrou que h\u00e1 uma promessa de realizar concurso p\u00fablico a cada ano com a oferta de 1.000 vagas. A [&hellip;]<\/p>\n","protected":false},"author":552,"featured_media":141067,"comment_status":"open","ping_status":"closed","sticky":false,"template":"","format":"standard","meta":{"post_tipo":"article","footnotes":""},"categories":[1],"tags":[],"tax_estado":[],"class_list":["post-434616","post","type-post","status-publish","format-standard","has-post-thumbnail","hentry","category-cursos-e-concursos"],"acf":[],"yoast_head":"<!-- This site is optimized with the Yoast SEO Premium plugin v27.2 (Yoast SEO v27.2) - https:\/\/yoast.com\/product\/yoast-seo-premium-wordpress\/ -->\n<title>Concurso PRF: convoca\u00e7\u00e3o dos aprovados de 2018;um certame por ano at\u00e9 2022<\/title>\n<meta name=\"robots\" content=\"index, follow, max-snippet:-1, max-image-preview:large, max-video-preview:-1\" \/>\n<link rel=\"canonical\" href=\"https:\/\/www.estrategiaconcursos.com.br\/blog\/concurso-prf-convocacao-dos-aprovados-de-2018\/\" \/>\n<meta property=\"og:locale\" content=\"pt_BR\" \/>\n<meta property=\"og:type\" content=\"article\" \/>\n<meta property=\"og:title\" content=\"Concurso PRF: convoca\u00e7\u00e3o dos aprovados de 2018;um certame por ano at\u00e9 2022\" \/>\n<meta property=\"og:description\" content=\"O presidente da Federa\u00e7\u00e3o Nacional dos Policiais Federais Rodovi\u00e1rios ( &nbsp;FenaPRF), Deolindo Paulo Carniel, anunciou que o \u00f3rg\u00e3o est\u00e1 tratando junto ao governo para a convocar os 600 aprovados no concurso PRF 2018. Al\u00e9m disso, ele lembrou que h\u00e1 uma promessa de realizar concurso p\u00fablico a cada ano com a oferta de 1.000 vagas. A [&hellip;]\" \/>\n<meta property=\"og:url\" content=\"https:\/\/www.estrategiaconcursos.com.br\/blog\/concurso-prf-convocacao-dos-aprovados-de-2018\/\" \/>\n<meta property=\"og:site_name\" content=\"Estrat\u00e9gia Concursos\" \/>\n<meta property=\"article:published_time\" content=\"2019-10-15T18:05:45+00:00\" \/>\n<meta property=\"article:modified_time\" content=\"2020-06-02T00:03:25+00:00\" \/>\n<meta property=\"og:image\" content=\"https:\/\/dhg1h5j42swfq.cloudfront.net\/2018\/09\/17114351\/concurso-prf-e1544041505976.jpg\" \/>\n\t<meta property=\"og:image:width\" content=\"400\" \/>\n\t<meta property=\"og:image:height\" content=\"209\" \/>\n\t<meta property=\"og:image:type\" content=\"image\/jpeg\" \/>\n<meta name=\"author\" content=\"Paulo Bilynskyj\" \/>\n<meta name=\"twitter:card\" content=\"summary_large_image\" \/>\n<meta name=\"twitter:creator\" content=\"@EstratConcursos\" \/>\n<meta name=\"twitter:site\" content=\"@EstratConcursos\" \/>\n<meta name=\"twitter:label1\" content=\"Escrito por\" \/>\n\t<meta name=\"twitter:data1\" content=\"Paulo Bilynskyj\" \/>\n\t<meta name=\"twitter:label2\" content=\"Est. tempo de leitura\" \/>\n\t<meta name=\"twitter:data2\" content=\"2 minutos\" \/>\n<script type=\"application\/ld+json\" class=\"yoast-schema-graph\">{\"@context\":\"https:\/\/schema.org\",\"@graph\":[{\"@type\":\"NewsArticle\",\"@id\":\"https:\/\/www.estrategiaconcursos.com.br\/blog\/concurso-prf-convocacao-dos-aprovados-de-2018\/#article\",\"isPartOf\":{\"@id\":\"https:\/\/www.estrategiaconcursos.com.br\/blog\/concurso-prf-convocacao-dos-aprovados-de-2018\/\"},\"author\":{\"name\":\"Paulo Bilynskyj\",\"@id\":\"https:\/\/www.estrategiaconcursos.com.br\/blog\/#\/schema\/person\/a630b15e36f45b4c21fed01219843cb5\"},\"headline\":\"Concurso PRF: convoca\u00e7\u00e3o dos aprovados de 2018;um certame por ano at\u00e9 2022\",\"datePublished\":\"2019-10-15T18:05:45+00:00\",\"dateModified\":\"2020-06-02T00:03:25+00:00\",\"mainEntityOfPage\":{\"@id\":\"https:\/\/www.estrategiaconcursos.com.br\/blog\/concurso-prf-convocacao-dos-aprovados-de-2018\/\"},\"wordCount\":369,\"commentCount\":0,\"publisher\":{\"@id\":\"https:\/\/www.estrategiaconcursos.com.br\/blog\/#organization\"},\"image\":{\"@id\":\"https:\/\/www.estrategiaconcursos.com.br\/blog\/concurso-prf-convocacao-dos-aprovados-de-2018\/#primaryimage\"},\"thumbnailUrl\":\"https:\/\/dhg1h5j42swfq.cloudfront.net\/2018\/09\/17114351\/concurso-prf-e1544041505976.jpg\",\"articleSection\":[\"Concursos P\u00fablicos\"],\"inLanguage\":\"pt-BR\",\"potentialAction\":[{\"@type\":\"CommentAction\",\"name\":\"Comment\",\"target\":[\"https:\/\/www.estrategiaconcursos.com.br\/blog\/concurso-prf-convocacao-dos-aprovados-de-2018\/#respond\"]}],\"copyrightYear\":\"2019\",\"copyrightHolder\":{\"@id\":\"https:\/\/www.estrategiaconcursos.com.br\/blog\/#organization\"}},{\"@type\":\"WebPage\",\"@id\":\"https:\/\/www.estrategiaconcursos.com.br\/blog\/concurso-prf-convocacao-dos-aprovados-de-2018\/\",\"url\":\"https:\/\/www.estrategiaconcursos.com.br\/blog\/concurso-prf-convocacao-dos-aprovados-de-2018\/\",\"name\":\"Concurso PRF: convoca\u00e7\u00e3o dos aprovados de 2018;um certame por ano at\u00e9 2022\",\"isPartOf\":{\"@id\":\"https:\/\/www.estrategiaconcursos.com.br\/blog\/#website\"},\"primaryImageOfPage\":{\"@id\":\"https:\/\/www.estrategiaconcursos.com.br\/blog\/concurso-prf-convocacao-dos-aprovados-de-2018\/#primaryimage\"},\"image\":{\"@id\":\"https:\/\/www.estrategiaconcursos.com.br\/blog\/concurso-prf-convocacao-dos-aprovados-de-2018\/#primaryimage\"},\"thumbnailUrl\":\"https:\/\/dhg1h5j42swfq.cloudfront.net\/2018\/09\/17114351\/concurso-prf-e1544041505976.jpg\",\"datePublished\":\"2019-10-15T18:05:45+00:00\",\"dateModified\":\"2020-06-02T00:03:25+00:00\",\"breadcrumb\":{\"@id\":\"https:\/\/www.estrategiaconcursos.com.br\/blog\/concurso-prf-convocacao-dos-aprovados-de-2018\/#breadcrumb\"},\"inLanguage\":\"pt-BR\",\"potentialAction\":[{\"@type\":\"ReadAction\",\"target\":[\"https:\/\/www.estrategiaconcursos.com.br\/blog\/concurso-prf-convocacao-dos-aprovados-de-2018\/\"]}]},{\"@type\":\"ImageObject\",\"inLanguage\":\"pt-BR\",\"@id\":\"https:\/\/www.estrategiaconcursos.com.br\/blog\/concurso-prf-convocacao-dos-aprovados-de-2018\/#primaryimage\",\"url\":\"https:\/\/dhg1h5j42swfq.cloudfront.net\/2018\/09\/17114351\/concurso-prf-e1544041505976.jpg\",\"contentUrl\":\"https:\/\/dhg1h5j42swfq.cloudfront.net\/2018\/09\/17114351\/concurso-prf-e1544041505976.jpg\",\"width\":400,\"height\":209,\"caption\":\"concurso PRF\"},{\"@type\":\"BreadcrumbList\",\"@id\":\"https:\/\/www.estrategiaconcursos.com.br\/blog\/concurso-prf-convocacao-dos-aprovados-de-2018\/#breadcrumb\",\"itemListElement\":[{\"@type\":\"ListItem\",\"position\":1,\"name\":\"In\u00edcio\",\"item\":\"https:\/\/www.estrategiaconcursos.com.br\/blog\/\"},{\"@type\":\"ListItem\",\"position\":2,\"name\":\"Concurso PRF: convoca\u00e7\u00e3o dos aprovados de 2018;um certame por ano at\u00e9 2022\"}]},{\"@type\":\"WebSite\",\"@id\":\"https:\/\/www.estrategiaconcursos.com.br\/blog\/#website\",\"url\":\"https:\/\/www.estrategiaconcursos.com.br\/blog\/\",\"name\":\"Estrat\u00e9gia Concursos\",\"description\":\"O blog da Estrat\u00e9gia Concursos traz not\u00edcias sobre concursos e artigos de professores oferecendo cursos para concursos (pdf + videaulas) no site.\",\"publisher\":{\"@id\":\"https:\/\/www.estrategiaconcursos.com.br\/blog\/#organization\"},\"potentialAction\":[{\"@type\":\"SearchAction\",\"target\":{\"@type\":\"EntryPoint\",\"urlTemplate\":\"https:\/\/www.estrategiaconcursos.com.br\/blog\/?s={search_term_string}\"},\"query-input\":{\"@type\":\"PropertyValueSpecification\",\"valueRequired\":true,\"valueName\":\"search_term_string\"}}],\"inLanguage\":\"pt-BR\"},{\"@type\":\"Organization\",\"@id\":\"https:\/\/www.estrategiaconcursos.com.br\/blog\/#organization\",\"name\":\"Estrat\u00e9gia Concursos\",\"url\":\"https:\/\/www.estrategiaconcursos.com.br\/blog\/\",\"logo\":{\"@type\":\"ImageObject\",\"inLanguage\":\"pt-BR\",\"@id\":\"https:\/\/www.estrategiaconcursos.com.br\/blog\/#\/schema\/logo\/image\/\",\"url\":\"https:\/\/dhg1h5j42swfq.cloudfront.net\/2025\/06\/03203428\/logo_concursos-1.jpg\",\"contentUrl\":\"https:\/\/dhg1h5j42swfq.cloudfront.net\/2025\/06\/03203428\/logo_concursos-1.jpg\",\"width\":230,\"height\":60,\"caption\":\"Estrat\u00e9gia Concursos\"},\"image\":{\"@id\":\"https:\/\/www.estrategiaconcursos.com.br\/blog\/#\/schema\/logo\/image\/\"},\"sameAs\":[\"https:\/\/x.com\/EstratConcursos\"]},{\"@type\":\"Person\",\"@id\":\"https:\/\/www.estrategiaconcursos.com.br\/blog\/#\/schema\/person\/a630b15e36f45b4c21fed01219843cb5\",\"name\":\"Paulo Bilynskyj\",\"image\":{\"@type\":\"ImageObject\",\"inLanguage\":\"pt-BR\",\"@id\":\"https:\/\/secure.gravatar.com\/avatar\/37e21f70c9042e7456beffdc6d31fe051f3f6dcbf252f69343a791b144852057?s=96&d=mm&r=g\",\"url\":\"https:\/\/secure.gravatar.com\/avatar\/37e21f70c9042e7456beffdc6d31fe051f3f6dcbf252f69343a791b144852057?s=96&d=mm&r=g\",\"contentUrl\":\"https:\/\/secure.gravatar.com\/avatar\/37e21f70c9042e7456beffdc6d31fe051f3f6dcbf252f69343a791b144852057?s=96&d=mm&r=g\",\"caption\":\"Paulo Bilynskyj\"},\"url\":\"https:\/\/www.estrategiaconcursos.com.br\/blog\/author\/pbilynskyjgmail-com\/\"}]}<\/script>\n<!-- \/ Yoast SEO Premium plugin. -->","yoast_head_json":{"title":"Concurso PRF: convoca\u00e7\u00e3o dos aprovados de 2018;um certame por ano at\u00e9 2022","robots":{"index":"index","follow":"follow","max-snippet":"max-snippet:-1","max-image-preview":"max-image-preview:large","max-video-preview":"max-video-preview:-1"},"canonical":"https:\/\/www.estrategiaconcursos.com.br\/blog\/concurso-prf-convocacao-dos-aprovados-de-2018\/","og_locale":"pt_BR","og_type":"article","og_title":"Concurso PRF: convoca\u00e7\u00e3o dos aprovados de 2018;um certame por ano at\u00e9 2022","og_description":"O presidente da Federa\u00e7\u00e3o Nacional dos Policiais Federais Rodovi\u00e1rios ( &nbsp;FenaPRF), Deolindo Paulo Carniel, anunciou que o \u00f3rg\u00e3o est\u00e1 tratando junto ao governo para a convocar os 600 aprovados no concurso PRF 2018. Al\u00e9m disso, ele lembrou que h\u00e1 uma promessa de realizar concurso p\u00fablico a cada ano com a oferta de 1.000 vagas. A [&hellip;]","og_url":"https:\/\/www.estrategiaconcursos.com.br\/blog\/concurso-prf-convocacao-dos-aprovados-de-2018\/","og_site_name":"Estrat\u00e9gia Concursos","article_published_time":"2019-10-15T18:05:45+00:00","article_modified_time":"2020-06-02T00:03:25+00:00","og_image":[{"width":400,"height":209,"url":"https:\/\/dhg1h5j42swfq.cloudfront.net\/2018\/09\/17114351\/concurso-prf-e1544041505976.jpg","type":"image\/jpeg"}],"author":"Paulo Bilynskyj","twitter_card":"summary_large_image","twitter_creator":"@EstratConcursos","twitter_site":"@EstratConcursos","twitter_misc":{"Escrito por":"Paulo Bilynskyj","Est. tempo de leitura":"2 minutos"},"schema":{"@context":"https:\/\/schema.org","@graph":[{"@type":"NewsArticle","@id":"https:\/\/www.estrategiaconcursos.com.br\/blog\/concurso-prf-convocacao-dos-aprovados-de-2018\/#article","isPartOf":{"@id":"https:\/\/www.estrategiaconcursos.com.br\/blog\/concurso-prf-convocacao-dos-aprovados-de-2018\/"},"author":{"name":"Paulo Bilynskyj","@id":"https:\/\/www.estrategiaconcursos.com.br\/blog\/#\/schema\/person\/a630b15e36f45b4c21fed01219843cb5"},"headline":"Concurso PRF: convoca\u00e7\u00e3o dos aprovados de 2018;um certame por ano at\u00e9 2022","datePublished":"2019-10-15T18:05:45+00:00","dateModified":"2020-06-02T00:03:25+00:00","mainEntityOfPage":{"@id":"https:\/\/www.estrategiaconcursos.com.br\/blog\/concurso-prf-convocacao-dos-aprovados-de-2018\/"},"wordCount":369,"commentCount":0,"publisher":{"@id":"https:\/\/www.estrategiaconcursos.com.br\/blog\/#organization"},"image":{"@id":"https:\/\/www.estrategiaconcursos.com.br\/blog\/concurso-prf-convocacao-dos-aprovados-de-2018\/#primaryimage"},"thumbnailUrl":"https:\/\/dhg1h5j42swfq.cloudfront.net\/2018\/09\/17114351\/concurso-prf-e1544041505976.jpg","articleSection":["Concursos P\u00fablicos"],"inLanguage":"pt-BR","potentialAction":[{"@type":"CommentAction","name":"Comment","target":["https:\/\/www.estrategiaconcursos.com.br\/blog\/concurso-prf-convocacao-dos-aprovados-de-2018\/#respond"]}],"copyrightYear":"2019","copyrightHolder":{"@id":"https:\/\/www.estrategiaconcursos.com.br\/blog\/#organization"}},{"@type":"WebPage","@id":"https:\/\/www.estrategiaconcursos.com.br\/blog\/concurso-prf-convocacao-dos-aprovados-de-2018\/","url":"https:\/\/www.estrategiaconcursos.com.br\/blog\/concurso-prf-convocacao-dos-aprovados-de-2018\/","name":"Concurso PRF: convoca\u00e7\u00e3o dos aprovados de 2018;um certame por ano at\u00e9 2022","isPartOf":{"@id":"https:\/\/www.estrategiaconcursos.com.br\/blog\/#website"},"primaryImageOfPage":{"@id":"https:\/\/www.estrategiaconcursos.com.br\/blog\/concurso-prf-convocacao-dos-aprovados-de-2018\/#primaryimage"},"image":{"@id":"https:\/\/www.estrategiaconcursos.com.br\/blog\/concurso-prf-convocacao-dos-aprovados-de-2018\/#primaryimage"},"thumbnailUrl":"https:\/\/dhg1h5j42swfq.cloudfront.net\/2018\/09\/17114351\/concurso-prf-e1544041505976.jpg","datePublished":"2019-10-15T18:05:45+00:00","dateModified":"2020-06-02T00:03:25+00:00","breadcrumb":{"@id":"https:\/\/www.estrategiaconcursos.com.br\/blog\/concurso-prf-convocacao-dos-aprovados-de-2018\/#breadcrumb"},"inLanguage":"pt-BR","potentialAction":[{"@type":"ReadAction","target":["https:\/\/www.estrategiaconcursos.com.br\/blog\/concurso-prf-convocacao-dos-aprovados-de-2018\/"]}]},{"@type":"ImageObject","inLanguage":"pt-BR","@id":"https:\/\/www.estrategiaconcursos.com.br\/blog\/concurso-prf-convocacao-dos-aprovados-de-2018\/#primaryimage","url":"https:\/\/dhg1h5j42swfq.cloudfront.net\/2018\/09\/17114351\/concurso-prf-e1544041505976.jpg","contentUrl":"https:\/\/dhg1h5j42swfq.cloudfront.net\/2018\/09\/17114351\/concurso-prf-e1544041505976.jpg","width":400,"height":209,"caption":"concurso PRF"},{"@type":"BreadcrumbList","@id":"https:\/\/www.estrategiaconcursos.com.br\/blog\/concurso-prf-convocacao-dos-aprovados-de-2018\/#breadcrumb","itemListElement":[{"@type":"ListItem","position":1,"name":"In\u00edcio","item":"https:\/\/www.estrategiaconcursos.com.br\/blog\/"},{"@type":"ListItem","position":2,"name":"Concurso PRF: convoca\u00e7\u00e3o dos aprovados de 2018;um certame por ano at\u00e9 2022"}]},{"@type":"WebSite","@id":"https:\/\/www.estrategiaconcursos.com.br\/blog\/#website","url":"https:\/\/www.estrategiaconcursos.com.br\/blog\/","name":"Estrat\u00e9gia Concursos","description":"O blog da Estrat\u00e9gia Concursos traz not\u00edcias sobre concursos e artigos de professores oferecendo cursos para concursos (pdf + videaulas) no site.","publisher":{"@id":"https:\/\/www.estrategiaconcursos.com.br\/blog\/#organization"},"potentialAction":[{"@type":"SearchAction","target":{"@type":"EntryPoint","urlTemplate":"https:\/\/www.estrategiaconcursos.com.br\/blog\/?s={search_term_string}"},"query-input":{"@type":"PropertyValueSpecification","valueRequired":true,"valueName":"search_term_string"}}],"inLanguage":"pt-BR"},{"@type":"Organization","@id":"https:\/\/www.estrategiaconcursos.com.br\/blog\/#organization","name":"Estrat\u00e9gia Concursos","url":"https:\/\/www.estrategiaconcursos.com.br\/blog\/","logo":{"@type":"ImageObject","inLanguage":"pt-BR","@id":"https:\/\/www.estrategiaconcursos.com.br\/blog\/#\/schema\/logo\/image\/","url":"https:\/\/dhg1h5j42swfq.cloudfront.net\/2025\/06\/03203428\/logo_concursos-1.jpg","contentUrl":"https:\/\/dhg1h5j42swfq.cloudfront.net\/2025\/06\/03203428\/logo_concursos-1.jpg","width":230,"height":60,"caption":"Estrat\u00e9gia Concursos"},"image":{"@id":"https:\/\/www.estrategiaconcursos.com.br\/blog\/#\/schema\/logo\/image\/"},"sameAs":["https:\/\/x.com\/EstratConcursos"]},{"@type":"Person","@id":"https:\/\/www.estrategiaconcursos.com.br\/blog\/#\/schema\/person\/a630b15e36f45b4c21fed01219843cb5","name":"Paulo Bilynskyj","image":{"@type":"ImageObject","inLanguage":"pt-BR","@id":"https:\/\/secure.gravatar.com\/avatar\/37e21f70c9042e7456beffdc6d31fe051f3f6dcbf252f69343a791b144852057?s=96&d=mm&r=g","url":"https:\/\/secure.gravatar.com\/avatar\/37e21f70c9042e7456beffdc6d31fe051f3f6dcbf252f69343a791b144852057?s=96&d=mm&r=g","contentUrl":"https:\/\/secure.gravatar.com\/avatar\/37e21f70c9042e7456beffdc6d31fe051f3f6dcbf252f69343a791b144852057?s=96&d=mm&r=g","caption":"Paulo Bilynskyj"},"url":"https:\/\/www.estrategiaconcursos.com.br\/blog\/author\/pbilynskyjgmail-com\/"}]}},"_links":{"self":[{"href":"https:\/\/www.estrategiaconcursos.com.br\/blog\/wp-json\/wp\/v2\/posts\/434616","targetHints":{"allow":["GET"]}}],"collection":[{"href":"https:\/\/www.estrategiaconcursos.com.br\/blog\/wp-json\/wp\/v2\/posts"}],"about":[{"href":"https:\/\/www.estrategiaconcursos.com.br\/blog\/wp-json\/wp\/v2\/types\/post"}],"author":[{"embeddable":true,"href":"https:\/\/www.estrategiaconcursos.com.br\/blog\/wp-json\/wp\/v2\/users\/552"}],"replies":[{"embeddable":true,"href":"https:\/\/www.estrategiaconcursos.com.br\/blog\/wp-json\/wp\/v2\/comments?post=434616"}],"version-history":[{"count":5,"href":"https:\/\/www.estrategiaconcursos.com.br\/blog\/wp-json\/wp\/v2\/posts\/434616\/revisions"}],"predecessor-version":[{"id":521350,"href":"https:\/\/www.estrategiaconcursos.com.br\/blog\/wp-json\/wp\/v2\/posts\/434616\/revisions\/521350"}],"wp:featuredmedia":[{"embeddable":true,"href":"https:\/\/www.estrategiaconcursos.com.br\/blog\/wp-json\/wp\/v2\/media\/141067"}],"wp:attachment":[{"href":"https:\/\/www.estrategiaconcursos.com.br\/blog\/wp-json\/wp\/v2\/media?parent=434616"}],"wp:term":[{"taxonomy":"category","embeddable":true,"href":"https:\/\/www.estrategiaconcursos.com.br\/blog\/wp-json\/wp\/v2\/categories?post=434616"},{"taxonomy":"post_tag","embeddable":true,"href":"https:\/\/www.estrategiaconcursos.com.br\/blog\/wp-json\/wp\/v2\/tags?post=434616"},{"taxonomy":"tax_estado","embeddable":true,"href":"https:\/\/www.estrategiaconcursos.com.br\/blog\/wp-json\/wp\/v2\/tax_estado?post=434616"}],"curies":[{"name":"wp","href":"https:\/\/api.w.org\/{rel}","templated":true}]}}