{"id":434602,"date":"2019-10-15T14:10:04","date_gmt":"2019-10-15T17:10:04","guid":{"rendered":"https:\/\/www.estrategiaconcursos.com.br\/blog\/?p=434602"},"modified":"2022-09-05T17:58:13","modified_gmt":"2022-09-05T20:58:13","slug":"vestibular-ime-inscritos-provas","status":"publish","type":"post","link":"https:\/\/www.estrategiaconcursos.com.br\/blog\/vestibular-ime-inscritos-provas\/","title":{"rendered":"Vestibular IME: mais de 5 mil candidatos prestam a 1\u00aa fase nesta ter\u00e7a, 15"},"content":{"rendered":"\n<figure class=\"wp-block-image\"><a href=\"https:\/\/www.estrategiaconcursos.com.br\/gratis\/ime\/\" target=\"_blank\" rel=\"noreferrer noopener\"><img decoding=\"async\" src=\"https:\/\/trello-attachments.s3.amazonaws.com\/5d9e37945185b960d60f21a2\/1200x300\/ad47a9474fb28bbb89ebb60e9875739b\/BANNER_IME.jpg\" alt=\"BANNER_IME.jpg\"\/><\/a><\/figure>\n\n\n\n<p>O Comando do Ex\u00e9rcito Brasileiro aplica na tarde desta ter\u00e7a-feira, 15 de outubro, para 5.265 candidatos, a prova da 1\u00aa Fase do&nbsp;<strong><em><a href=\"https:\/\/blog.estrategiavestibulares.com.br\/vestibular-ime\/\">Vestibular IME<\/a><\/em><\/strong>. O n\u00famero \u00e9 menor do que o registrado na edi\u00e7\u00e3o passada, quando 5.485 se inscreveram para o seletivo do Instituto Militar de Engenharia.<\/p>\n\n\n\n<p>Nesta edi\u00e7\u00e3o, o estado que recebeu o maior n\u00famero de inscritos foi o estado do Rio de Janeiro, com mais de 1300 candidatos. Um levantamento feito pelo <em><a href=\"https:\/\/www.estrategiavestibulares.com.br\/\">Estrat\u00e9gia Vestibulares<\/a><\/em> apontou o n\u00famero de inscritos nas \u00faltimas cinco edi\u00e7\u00f5es do vestibular IME.<\/p>\n\n\n\n<p>Constatou-se que&nbsp;<strong><em>28.208 candidatos inscritos nos \u00faltimos cinco anos<\/em><\/strong>. A edi\u00e7\u00e3o que registrou o maior n\u00famero de candidatos foi a edi\u00e7\u00e3o de 2017\/2018. Foram 6.290 candidatos, sendo 5.038 candidatos optantes pela Ativa e 1.252 optantes pela Reserva.<\/p>\n\n\n\n<p>O Processo Seletivo oferta&nbsp;<strong><em>98 vagas para ingresso ao quadro de Engenheiros Militares<\/em><\/strong>&nbsp;do IME. Das oportunidades ofertadas,&nbsp;<strong><em>27 vagas<\/em><\/strong>&nbsp;s\u00e3o para acesso aos Cursos de Forma\u00e7\u00e3o e Gradua\u00e7\u00e3o de Oficiais da Reserva (CACFG\/Reserva) e&nbsp;<strong><em>71 vagas<\/em><\/strong>&nbsp;s\u00e3o para Oficiais da Ativa (CFG\/ATIVA).<\/p>\n\n\n\n<p>A seguir voc\u00ea confere o levantamento completo dos inscritos nos \u00faltimos certames.<\/p>\n\n\n\n<figure class=\"wp-block-table is-style-stripes\"><table class=\"has-subtle-pale-blue-background-color has-background has-fixed-layout\"><tbody><tr><td><strong>Ano<\/strong><\/td><td><strong>Op\u00e7\u00e3o<\/strong><\/td><td><strong>Inscritos<\/strong><\/td><td><strong>Cand. p\/ vaga<\/strong><\/td><\/tr><tr><td>2014\/2015<\/td><td>Ativa<br \/>Reserva<\/td><td>4652<br \/>1902<\/td><td>71,57<br \/>57,64<\/td><\/tr><tr><td>2015\/2016<\/td><td>Ativa<br \/>Reserva<\/td><td>2927<br \/>1275<\/td><td>41,80<br \/>45,54<\/td><\/tr><tr><td>2016\/2017<\/td><td>Ativa<br \/>Reserva<\/td><td>4077<br \/>1330<\/td><td>54,36<br \/>57,83<\/td><\/tr><tr><td>2017\/2018<\/td><td>Ativa<br \/>Reserva<\/td><td>5038<br \/>1252<\/td><td>68,08<br \/>52,17<\/td><\/tr><tr><td>2018\/2019<\/td><td>Ativa<br \/>Reserva<\/td><td>4295<br \/>1190<\/td><td>58,04<br \/>49,58<\/td><\/tr><tr><td>2019\/2020<\/td><td>Ativa<br \/>Reserva<\/td><td>3918<br \/>1347<\/td><td>55,18<br \/>49,88<\/td><\/tr><\/tbody><\/table><\/figure>\n","protected":false},"excerpt":{"rendered":"<p>O Comando do Ex\u00e9rcito Brasileiro aplica na tarde desta ter\u00e7a-feira, 15 de outubro, para 5.265 candidatos, a prova da 1\u00aa Fase do&nbsp;Vestibular IME. O n\u00famero \u00e9 menor do que o registrado na edi\u00e7\u00e3o passada, quando 5.485 se inscreveram para o seletivo do Instituto Militar de Engenharia. Nesta edi\u00e7\u00e3o, o estado que recebeu o maior n\u00famero [&hellip;]<\/p>\n","protected":false},"author":1,"featured_media":0,"comment_status":"open","ping_status":"closed","sticky":false,"template":"","format":"standard","meta":{"post_tipo":"news","footnotes":""},"categories":[1],"tags":[],"tax_estado":[],"class_list":["post-434602","post","type-post","status-publish","format-standard","hentry","category-cursos-e-concursos"],"acf":[],"yoast_head":"<!-- This site is optimized with the Yoast SEO Premium plugin v27.2 (Yoast SEO v27.2) - https:\/\/yoast.com\/product\/yoast-seo-premium-wordpress\/ -->\n<title>Vestibular IME: mais de 5 mil candidatos prestam a 1\u00aa fase nesta ter\u00e7a, 15<\/title>\n<meta name=\"robots\" content=\"index, follow, max-snippet:-1, max-image-preview:large, max-video-preview:-1\" \/>\n<link rel=\"canonical\" href=\"https:\/\/www.estrategiaconcursos.com.br\/blog\/vestibular-ime-inscritos-provas\/\" \/>\n<meta property=\"og:locale\" content=\"pt_BR\" \/>\n<meta property=\"og:type\" content=\"article\" \/>\n<meta property=\"og:title\" content=\"Vestibular IME: mais de 5 mil candidatos prestam a 1\u00aa fase nesta ter\u00e7a, 15\" \/>\n<meta property=\"og:description\" content=\"O Comando do Ex\u00e9rcito Brasileiro aplica na tarde desta ter\u00e7a-feira, 15 de outubro, para 5.265 candidatos, a prova da 1\u00aa Fase do&nbsp;Vestibular IME. O n\u00famero \u00e9 menor do que o registrado na edi\u00e7\u00e3o passada, quando 5.485 se inscreveram para o seletivo do Instituto Militar de Engenharia. Nesta edi\u00e7\u00e3o, o estado que recebeu o maior n\u00famero [&hellip;]\" \/>\n<meta property=\"og:url\" content=\"https:\/\/www.estrategiaconcursos.com.br\/blog\/vestibular-ime-inscritos-provas\/\" \/>\n<meta property=\"og:site_name\" content=\"Estrat\u00e9gia Concursos\" \/>\n<meta property=\"article:author\" content=\"https:\/\/www.facebook.com\/EstrategiaConcursos\" \/>\n<meta property=\"article:published_time\" content=\"2019-10-15T17:10:04+00:00\" \/>\n<meta property=\"article:modified_time\" content=\"2022-09-05T20:58:13+00:00\" \/>\n<meta property=\"og:image\" content=\"https:\/\/trello-attachments.s3.amazonaws.com\/5d9e37945185b960d60f21a2\/1200x300\/ad47a9474fb28bbb89ebb60e9875739b\/BANNER_IME.jpg\" \/>\n<meta name=\"author\" content=\"Coordena\u00e7\u00e3o\" \/>\n<meta name=\"twitter:card\" content=\"summary_large_image\" \/>\n<meta name=\"twitter:creator\" content=\"@EstratConcursos\" \/>\n<meta name=\"twitter:site\" content=\"@EstratConcursos\" \/>\n<meta name=\"twitter:label1\" content=\"Escrito por\" \/>\n\t<meta name=\"twitter:data1\" content=\"Coordena\u00e7\u00e3o\" \/>\n\t<meta name=\"twitter:label2\" content=\"Est. tempo de leitura\" \/>\n\t<meta name=\"twitter:data2\" content=\"1 minuto\" \/>\n<script type=\"application\/ld+json\" class=\"yoast-schema-graph\">{\"@context\":\"https:\/\/schema.org\",\"@graph\":[{\"@type\":\"NewsArticle\",\"@id\":\"https:\/\/www.estrategiaconcursos.com.br\/blog\/vestibular-ime-inscritos-provas\/#article\",\"isPartOf\":{\"@id\":\"https:\/\/www.estrategiaconcursos.com.br\/blog\/vestibular-ime-inscritos-provas\/\"},\"author\":{\"name\":\"Coordena\u00e7\u00e3o\",\"@id\":\"https:\/\/www.estrategiaconcursos.com.br\/blog\/#\/schema\/person\/b4a388c97673c5f483d72185668afa1f\"},\"headline\":\"Vestibular IME: mais de 5 mil candidatos prestam a 1\u00aa fase nesta ter\u00e7a, 15\",\"datePublished\":\"2019-10-15T17:10:04+00:00\",\"dateModified\":\"2022-09-05T20:58:13+00:00\",\"mainEntityOfPage\":{\"@id\":\"https:\/\/www.estrategiaconcursos.com.br\/blog\/vestibular-ime-inscritos-provas\/\"},\"wordCount\":217,\"commentCount\":0,\"publisher\":{\"@id\":\"https:\/\/www.estrategiaconcursos.com.br\/blog\/#organization\"},\"image\":{\"@id\":\"https:\/\/www.estrategiaconcursos.com.br\/blog\/vestibular-ime-inscritos-provas\/#primaryimage\"},\"thumbnailUrl\":\"https:\/\/trello-attachments.s3.amazonaws.com\/5d9e37945185b960d60f21a2\/1200x300\/ad47a9474fb28bbb89ebb60e9875739b\/BANNER_IME.jpg\",\"articleSection\":[\"Concursos P\u00fablicos\"],\"inLanguage\":\"pt-BR\",\"potentialAction\":[{\"@type\":\"CommentAction\",\"name\":\"Comment\",\"target\":[\"https:\/\/www.estrategiaconcursos.com.br\/blog\/vestibular-ime-inscritos-provas\/#respond\"]}],\"copyrightYear\":\"2019\",\"copyrightHolder\":{\"@id\":\"https:\/\/www.estrategiaconcursos.com.br\/blog\/#organization\"}},{\"@type\":\"WebPage\",\"@id\":\"https:\/\/www.estrategiaconcursos.com.br\/blog\/vestibular-ime-inscritos-provas\/\",\"url\":\"https:\/\/www.estrategiaconcursos.com.br\/blog\/vestibular-ime-inscritos-provas\/\",\"name\":\"Vestibular IME: mais de 5 mil candidatos prestam a 1\u00aa fase nesta ter\u00e7a, 15\",\"isPartOf\":{\"@id\":\"https:\/\/www.estrategiaconcursos.com.br\/blog\/#website\"},\"primaryImageOfPage\":{\"@id\":\"https:\/\/www.estrategiaconcursos.com.br\/blog\/vestibular-ime-inscritos-provas\/#primaryimage\"},\"image\":{\"@id\":\"https:\/\/www.estrategiaconcursos.com.br\/blog\/vestibular-ime-inscritos-provas\/#primaryimage\"},\"thumbnailUrl\":\"https:\/\/trello-attachments.s3.amazonaws.com\/5d9e37945185b960d60f21a2\/1200x300\/ad47a9474fb28bbb89ebb60e9875739b\/BANNER_IME.jpg\",\"datePublished\":\"2019-10-15T17:10:04+00:00\",\"dateModified\":\"2022-09-05T20:58:13+00:00\",\"breadcrumb\":{\"@id\":\"https:\/\/www.estrategiaconcursos.com.br\/blog\/vestibular-ime-inscritos-provas\/#breadcrumb\"},\"inLanguage\":\"pt-BR\",\"potentialAction\":[{\"@type\":\"ReadAction\",\"target\":[\"https:\/\/www.estrategiaconcursos.com.br\/blog\/vestibular-ime-inscritos-provas\/\"]}]},{\"@type\":\"ImageObject\",\"inLanguage\":\"pt-BR\",\"@id\":\"https:\/\/www.estrategiaconcursos.com.br\/blog\/vestibular-ime-inscritos-provas\/#primaryimage\",\"url\":\"https:\/\/trello-attachments.s3.amazonaws.com\/5d9e37945185b960d60f21a2\/1200x300\/ad47a9474fb28bbb89ebb60e9875739b\/BANNER_IME.jpg\",\"contentUrl\":\"https:\/\/trello-attachments.s3.amazonaws.com\/5d9e37945185b960d60f21a2\/1200x300\/ad47a9474fb28bbb89ebb60e9875739b\/BANNER_IME.jpg\"},{\"@type\":\"BreadcrumbList\",\"@id\":\"https:\/\/www.estrategiaconcursos.com.br\/blog\/vestibular-ime-inscritos-provas\/#breadcrumb\",\"itemListElement\":[{\"@type\":\"ListItem\",\"position\":1,\"name\":\"In\u00edcio\",\"item\":\"https:\/\/www.estrategiaconcursos.com.br\/blog\/\"},{\"@type\":\"ListItem\",\"position\":2,\"name\":\"Vestibular IME: mais de 5 mil candidatos prestam a 1\u00aa fase nesta ter\u00e7a, 15\"}]},{\"@type\":\"WebSite\",\"@id\":\"https:\/\/www.estrategiaconcursos.com.br\/blog\/#website\",\"url\":\"https:\/\/www.estrategiaconcursos.com.br\/blog\/\",\"name\":\"Estrat\u00e9gia Concursos\",\"description\":\"O blog da Estrat\u00e9gia Concursos traz not\u00edcias sobre concursos e artigos de professores oferecendo cursos para concursos (pdf + videaulas) no site.\",\"publisher\":{\"@id\":\"https:\/\/www.estrategiaconcursos.com.br\/blog\/#organization\"},\"potentialAction\":[{\"@type\":\"SearchAction\",\"target\":{\"@type\":\"EntryPoint\",\"urlTemplate\":\"https:\/\/www.estrategiaconcursos.com.br\/blog\/?s={search_term_string}\"},\"query-input\":{\"@type\":\"PropertyValueSpecification\",\"valueRequired\":true,\"valueName\":\"search_term_string\"}}],\"inLanguage\":\"pt-BR\"},{\"@type\":\"Organization\",\"@id\":\"https:\/\/www.estrategiaconcursos.com.br\/blog\/#organization\",\"name\":\"Estrat\u00e9gia Concursos\",\"url\":\"https:\/\/www.estrategiaconcursos.com.br\/blog\/\",\"logo\":{\"@type\":\"ImageObject\",\"inLanguage\":\"pt-BR\",\"@id\":\"https:\/\/www.estrategiaconcursos.com.br\/blog\/#\/schema\/logo\/image\/\",\"url\":\"https:\/\/dhg1h5j42swfq.cloudfront.net\/2025\/06\/03203428\/logo_concursos-1.jpg\",\"contentUrl\":\"https:\/\/dhg1h5j42swfq.cloudfront.net\/2025\/06\/03203428\/logo_concursos-1.jpg\",\"width\":230,\"height\":60,\"caption\":\"Estrat\u00e9gia Concursos\"},\"image\":{\"@id\":\"https:\/\/www.estrategiaconcursos.com.br\/blog\/#\/schema\/logo\/image\/\"},\"sameAs\":[\"https:\/\/x.com\/EstratConcursos\"]},{\"@type\":\"Person\",\"@id\":\"https:\/\/www.estrategiaconcursos.com.br\/blog\/#\/schema\/person\/b4a388c97673c5f483d72185668afa1f\",\"name\":\"Coordena\u00e7\u00e3o\",\"image\":{\"@type\":\"ImageObject\",\"inLanguage\":\"pt-BR\",\"@id\":\"https:\/\/secure.gravatar.com\/avatar\/b720319e4c9a967eb58678d110f4fe35452fc5d5f97b202bac7b8acceb18c6ad?s=96&d=mm&r=g\",\"url\":\"https:\/\/secure.gravatar.com\/avatar\/b720319e4c9a967eb58678d110f4fe35452fc5d5f97b202bac7b8acceb18c6ad?s=96&d=mm&r=g\",\"contentUrl\":\"https:\/\/secure.gravatar.com\/avatar\/b720319e4c9a967eb58678d110f4fe35452fc5d5f97b202bac7b8acceb18c6ad?s=96&d=mm&r=g\",\"caption\":\"Coordena\u00e7\u00e3o\"},\"sameAs\":[\"https:\/\/www.facebook.com\/EstrategiaConcursos\",\"https:\/\/x.com\/EstratConcursos\"],\"url\":\"https:\/\/www.estrategiaconcursos.com.br\/blog\/author\/estrategia2013\/\"}]}<\/script>\n<!-- \/ Yoast SEO Premium plugin. -->","yoast_head_json":{"title":"Vestibular IME: mais de 5 mil candidatos prestam a 1\u00aa fase nesta ter\u00e7a, 15","robots":{"index":"index","follow":"follow","max-snippet":"max-snippet:-1","max-image-preview":"max-image-preview:large","max-video-preview":"max-video-preview:-1"},"canonical":"https:\/\/www.estrategiaconcursos.com.br\/blog\/vestibular-ime-inscritos-provas\/","og_locale":"pt_BR","og_type":"article","og_title":"Vestibular IME: mais de 5 mil candidatos prestam a 1\u00aa fase nesta ter\u00e7a, 15","og_description":"O Comando do Ex\u00e9rcito Brasileiro aplica na tarde desta ter\u00e7a-feira, 15 de outubro, para 5.265 candidatos, a prova da 1\u00aa Fase do&nbsp;Vestibular IME. O n\u00famero \u00e9 menor do que o registrado na edi\u00e7\u00e3o passada, quando 5.485 se inscreveram para o seletivo do Instituto Militar de Engenharia. Nesta edi\u00e7\u00e3o, o estado que recebeu o maior n\u00famero [&hellip;]","og_url":"https:\/\/www.estrategiaconcursos.com.br\/blog\/vestibular-ime-inscritos-provas\/","og_site_name":"Estrat\u00e9gia Concursos","article_author":"https:\/\/www.facebook.com\/EstrategiaConcursos","article_published_time":"2019-10-15T17:10:04+00:00","article_modified_time":"2022-09-05T20:58:13+00:00","og_image":[{"url":"https:\/\/trello-attachments.s3.amazonaws.com\/5d9e37945185b960d60f21a2\/1200x300\/ad47a9474fb28bbb89ebb60e9875739b\/BANNER_IME.jpg","type":"","width":"","height":""}],"author":"Coordena\u00e7\u00e3o","twitter_card":"summary_large_image","twitter_creator":"@EstratConcursos","twitter_site":"@EstratConcursos","twitter_misc":{"Escrito por":"Coordena\u00e7\u00e3o","Est. tempo de leitura":"1 minuto"},"schema":{"@context":"https:\/\/schema.org","@graph":[{"@type":"NewsArticle","@id":"https:\/\/www.estrategiaconcursos.com.br\/blog\/vestibular-ime-inscritos-provas\/#article","isPartOf":{"@id":"https:\/\/www.estrategiaconcursos.com.br\/blog\/vestibular-ime-inscritos-provas\/"},"author":{"name":"Coordena\u00e7\u00e3o","@id":"https:\/\/www.estrategiaconcursos.com.br\/blog\/#\/schema\/person\/b4a388c97673c5f483d72185668afa1f"},"headline":"Vestibular IME: mais de 5 mil candidatos prestam a 1\u00aa fase nesta ter\u00e7a, 15","datePublished":"2019-10-15T17:10:04+00:00","dateModified":"2022-09-05T20:58:13+00:00","mainEntityOfPage":{"@id":"https:\/\/www.estrategiaconcursos.com.br\/blog\/vestibular-ime-inscritos-provas\/"},"wordCount":217,"commentCount":0,"publisher":{"@id":"https:\/\/www.estrategiaconcursos.com.br\/blog\/#organization"},"image":{"@id":"https:\/\/www.estrategiaconcursos.com.br\/blog\/vestibular-ime-inscritos-provas\/#primaryimage"},"thumbnailUrl":"https:\/\/trello-attachments.s3.amazonaws.com\/5d9e37945185b960d60f21a2\/1200x300\/ad47a9474fb28bbb89ebb60e9875739b\/BANNER_IME.jpg","articleSection":["Concursos P\u00fablicos"],"inLanguage":"pt-BR","potentialAction":[{"@type":"CommentAction","name":"Comment","target":["https:\/\/www.estrategiaconcursos.com.br\/blog\/vestibular-ime-inscritos-provas\/#respond"]}],"copyrightYear":"2019","copyrightHolder":{"@id":"https:\/\/www.estrategiaconcursos.com.br\/blog\/#organization"}},{"@type":"WebPage","@id":"https:\/\/www.estrategiaconcursos.com.br\/blog\/vestibular-ime-inscritos-provas\/","url":"https:\/\/www.estrategiaconcursos.com.br\/blog\/vestibular-ime-inscritos-provas\/","name":"Vestibular IME: mais de 5 mil candidatos prestam a 1\u00aa fase nesta ter\u00e7a, 15","isPartOf":{"@id":"https:\/\/www.estrategiaconcursos.com.br\/blog\/#website"},"primaryImageOfPage":{"@id":"https:\/\/www.estrategiaconcursos.com.br\/blog\/vestibular-ime-inscritos-provas\/#primaryimage"},"image":{"@id":"https:\/\/www.estrategiaconcursos.com.br\/blog\/vestibular-ime-inscritos-provas\/#primaryimage"},"thumbnailUrl":"https:\/\/trello-attachments.s3.amazonaws.com\/5d9e37945185b960d60f21a2\/1200x300\/ad47a9474fb28bbb89ebb60e9875739b\/BANNER_IME.jpg","datePublished":"2019-10-15T17:10:04+00:00","dateModified":"2022-09-05T20:58:13+00:00","breadcrumb":{"@id":"https:\/\/www.estrategiaconcursos.com.br\/blog\/vestibular-ime-inscritos-provas\/#breadcrumb"},"inLanguage":"pt-BR","potentialAction":[{"@type":"ReadAction","target":["https:\/\/www.estrategiaconcursos.com.br\/blog\/vestibular-ime-inscritos-provas\/"]}]},{"@type":"ImageObject","inLanguage":"pt-BR","@id":"https:\/\/www.estrategiaconcursos.com.br\/blog\/vestibular-ime-inscritos-provas\/#primaryimage","url":"https:\/\/trello-attachments.s3.amazonaws.com\/5d9e37945185b960d60f21a2\/1200x300\/ad47a9474fb28bbb89ebb60e9875739b\/BANNER_IME.jpg","contentUrl":"https:\/\/trello-attachments.s3.amazonaws.com\/5d9e37945185b960d60f21a2\/1200x300\/ad47a9474fb28bbb89ebb60e9875739b\/BANNER_IME.jpg"},{"@type":"BreadcrumbList","@id":"https:\/\/www.estrategiaconcursos.com.br\/blog\/vestibular-ime-inscritos-provas\/#breadcrumb","itemListElement":[{"@type":"ListItem","position":1,"name":"In\u00edcio","item":"https:\/\/www.estrategiaconcursos.com.br\/blog\/"},{"@type":"ListItem","position":2,"name":"Vestibular IME: mais de 5 mil candidatos prestam a 1\u00aa fase nesta ter\u00e7a, 15"}]},{"@type":"WebSite","@id":"https:\/\/www.estrategiaconcursos.com.br\/blog\/#website","url":"https:\/\/www.estrategiaconcursos.com.br\/blog\/","name":"Estrat\u00e9gia Concursos","description":"O blog da Estrat\u00e9gia Concursos traz not\u00edcias sobre concursos e artigos de professores oferecendo cursos para concursos (pdf + videaulas) no site.","publisher":{"@id":"https:\/\/www.estrategiaconcursos.com.br\/blog\/#organization"},"potentialAction":[{"@type":"SearchAction","target":{"@type":"EntryPoint","urlTemplate":"https:\/\/www.estrategiaconcursos.com.br\/blog\/?s={search_term_string}"},"query-input":{"@type":"PropertyValueSpecification","valueRequired":true,"valueName":"search_term_string"}}],"inLanguage":"pt-BR"},{"@type":"Organization","@id":"https:\/\/www.estrategiaconcursos.com.br\/blog\/#organization","name":"Estrat\u00e9gia Concursos","url":"https:\/\/www.estrategiaconcursos.com.br\/blog\/","logo":{"@type":"ImageObject","inLanguage":"pt-BR","@id":"https:\/\/www.estrategiaconcursos.com.br\/blog\/#\/schema\/logo\/image\/","url":"https:\/\/dhg1h5j42swfq.cloudfront.net\/2025\/06\/03203428\/logo_concursos-1.jpg","contentUrl":"https:\/\/dhg1h5j42swfq.cloudfront.net\/2025\/06\/03203428\/logo_concursos-1.jpg","width":230,"height":60,"caption":"Estrat\u00e9gia Concursos"},"image":{"@id":"https:\/\/www.estrategiaconcursos.com.br\/blog\/#\/schema\/logo\/image\/"},"sameAs":["https:\/\/x.com\/EstratConcursos"]},{"@type":"Person","@id":"https:\/\/www.estrategiaconcursos.com.br\/blog\/#\/schema\/person\/b4a388c97673c5f483d72185668afa1f","name":"Coordena\u00e7\u00e3o","image":{"@type":"ImageObject","inLanguage":"pt-BR","@id":"https:\/\/secure.gravatar.com\/avatar\/b720319e4c9a967eb58678d110f4fe35452fc5d5f97b202bac7b8acceb18c6ad?s=96&d=mm&r=g","url":"https:\/\/secure.gravatar.com\/avatar\/b720319e4c9a967eb58678d110f4fe35452fc5d5f97b202bac7b8acceb18c6ad?s=96&d=mm&r=g","contentUrl":"https:\/\/secure.gravatar.com\/avatar\/b720319e4c9a967eb58678d110f4fe35452fc5d5f97b202bac7b8acceb18c6ad?s=96&d=mm&r=g","caption":"Coordena\u00e7\u00e3o"},"sameAs":["https:\/\/www.facebook.com\/EstrategiaConcursos","https:\/\/x.com\/EstratConcursos"],"url":"https:\/\/www.estrategiaconcursos.com.br\/blog\/author\/estrategia2013\/"}]}},"_links":{"self":[{"href":"https:\/\/www.estrategiaconcursos.com.br\/blog\/wp-json\/wp\/v2\/posts\/434602","targetHints":{"allow":["GET"]}}],"collection":[{"href":"https:\/\/www.estrategiaconcursos.com.br\/blog\/wp-json\/wp\/v2\/posts"}],"about":[{"href":"https:\/\/www.estrategiaconcursos.com.br\/blog\/wp-json\/wp\/v2\/types\/post"}],"author":[{"embeddable":true,"href":"https:\/\/www.estrategiaconcursos.com.br\/blog\/wp-json\/wp\/v2\/users\/1"}],"replies":[{"embeddable":true,"href":"https:\/\/www.estrategiaconcursos.com.br\/blog\/wp-json\/wp\/v2\/comments?post=434602"}],"version-history":[{"count":10,"href":"https:\/\/www.estrategiaconcursos.com.br\/blog\/wp-json\/wp\/v2\/posts\/434602\/revisions"}],"predecessor-version":[{"id":1089812,"href":"https:\/\/www.estrategiaconcursos.com.br\/blog\/wp-json\/wp\/v2\/posts\/434602\/revisions\/1089812"}],"wp:attachment":[{"href":"https:\/\/www.estrategiaconcursos.com.br\/blog\/wp-json\/wp\/v2\/media?parent=434602"}],"wp:term":[{"taxonomy":"category","embeddable":true,"href":"https:\/\/www.estrategiaconcursos.com.br\/blog\/wp-json\/wp\/v2\/categories?post=434602"},{"taxonomy":"post_tag","embeddable":true,"href":"https:\/\/www.estrategiaconcursos.com.br\/blog\/wp-json\/wp\/v2\/tags?post=434602"},{"taxonomy":"tax_estado","embeddable":true,"href":"https:\/\/www.estrategiaconcursos.com.br\/blog\/wp-json\/wp\/v2\/tax_estado?post=434602"}],"curies":[{"name":"wp","href":"https:\/\/api.w.org\/{rel}","templated":true}]}}