{"id":434540,"date":"2019-10-15T12:23:19","date_gmt":"2019-10-15T15:23:19","guid":{"rendered":"https:\/\/www.estrategiaconcursos.com.br\/blog\/?p=434540"},"modified":"2019-10-15T12:23:23","modified_gmt":"2019-10-15T15:23:23","slug":"concurso-pge-pb-edital-novembro","status":"publish","type":"post","link":"https:\/\/www.estrategiaconcursos.com.br\/blog\/concurso-pge-pb-edital-novembro\/","title":{"rendered":"Concurso PGE PB: Procurador-Geral prev\u00ea edital em novembro"},"content":{"rendered":"\n<p>O edital do NOVO concurso da <strong>PGE PB<\/strong> deve ser publicado em <strong>novembro<\/strong> de 2019. As estimativas s\u00e3o do chefe da institui\u00e7\u00e3o, o procurador-geral F\u00e1bio Andrade Medeiros, que concedeu entrevista ao Portal WSCOM, da Para\u00edba.<\/p>\n\n\n\n<p>O concurso da PGE PB teve sua comiss\u00e3o designada em 1\u00ba de outubro. Desde ent\u00e3o, o colegiado trabalha na organiza\u00e7\u00e3o do certame e na escolha da banca organizadora. <\/p>\n\n\n\n<p>Autorizado no in\u00edcio de setembro, o concurso ter\u00e1 <strong>12 vagas imediatas e cadastro de reserva<\/strong> para a classe inicial da carreira de Procurador do Estado da Para\u00edba. A PGE PB tem hoje <strong>49 procuradores na ativa<\/strong> e cerca de 50 cargos vagos na carreira.<\/p>\n\n\n\n<p>Para ingressar na carreira \u00e9 necess\u00e1rio ser bacharel em Direito e ser regularmente inscrito como advogado na OAB. O certame n\u00e3o exige comprova\u00e7\u00e3o de tempo de pr\u00e1tica jur\u00eddica. A remunera\u00e7\u00e3o inicial do cargo \u00e9 de cerca de R$ 19 mil.<\/p>\n\n\n\n<p style=\"font-size:25px;text-align:center\" class=\"has-background has-very-light-gray-background-color\"><strong>MAIS INFORMA\u00c7\u00d5ES<\/strong>: <br \/><a href=\"https:\/\/www.estrategiaconcursos.com.br\/blog\/concurso-pge-pb-procurador\/\" target=\"_blank\" rel=\"noreferrer noopener\" aria-label=\"Concurso PGE PB Procurador (abre numa nova aba)\">Concurso PGE PB Procurador<\/a><\/p>\n\n\n\n<h2 class=\"wp-block-heading\" style=\"text-align:center\" id=\"cursos-assinatura\">Quer estudar para o concurso PGE PB?<\/h2>\n\n\n\n<p style=\"text-align:center\"><strong><em>Gostou dessa oportunidade&nbsp;e deseja se preparar para este concurso?<\/em><\/strong><br \/><strong><em>Esteja mais preparado com nossos cursos. Acompanhe as novidades!<\/em><\/strong><\/p>\n\n\n\n<p style=\"font-size:25px;text-align:center\" class=\"has-background has-light-green-cyan-background-color\"><strong><a rel=\"noreferrer noopener\" aria-label=\"CURSOS PARA CONCURSO&nbsp;PGE&nbsp;PB&nbsp;PROCURADOR (opens in a new tab)\" href=\"https:\/\/www.estrategiaconcursos.com.br\/cursosPorConcurso\/pge-pb-procurador-do-estado-da-paraiba\/\" target=\"_blank\">CURSO PGE PB PROCURADOR<\/a><\/strong><\/p>\n\n\n\n<p style=\"text-align:center\"><strong><em>Fique por dentro dos concursos vigentes:<\/em><\/strong><\/p>\n\n\n\n<p style=\"font-size:23px;text-align:center\" class=\"has-background has-pale-cyan-blue-background-color\"><strong><a href=\"https:\/\/www.estrategiaconcursos.com.br\/blog\/concursos-abertos\/\" target=\"_blank\" rel=\"noreferrer noopener\">CONCURSOS ABERTOS<\/a><\/strong><\/p>\n\n\n\n<p style=\"font-size:23px;text-align:center\" class=\"has-background has-pale-cyan-blue-background-color\"><strong><a href=\"https:\/\/www.estrategiaconcursos.com.br\/blog\/concursos-2019\/\" target=\"_blank\" rel=\"noreferrer noopener\">CONCURSOS 2019<\/a><\/strong><\/p>\n\n\n\n<p style=\"font-size:23px;text-align:center\" class=\"has-background has-pale-cyan-blue-background-color\"><strong><a href=\"https:\/\/www.estrategiaconcursos.com.br\/blog\/concursos-2020\/\" target=\"_blank\" rel=\"noreferrer noopener\">CONCURSOS&nbsp;2020<\/a><\/strong><\/p>\n\n\n\n<p style=\"font-size:23px;text-align:center\" class=\"has-background has-pale-cyan-blue-background-color\"><strong><a href=\"https:\/\/www.estrategiaconcursos.com.br\/blog\/concursos-de-direito\/\" target=\"_blank\" rel=\"noreferrer noopener\" aria-label=\"CONCURSOS&nbsp;DE DIREITO (abre numa nova aba)\">CONCURSOS&nbsp;DE DIREITO<\/a><\/strong><\/p>\n","protected":false},"excerpt":{"rendered":"<p>O edital do NOVO concurso da PGE PB deve ser publicado em novembro de 2019. As estimativas s\u00e3o do chefe da institui\u00e7\u00e3o, o procurador-geral F\u00e1bio Andrade Medeiros, que concedeu entrevista ao Portal WSCOM, da Para\u00edba. O concurso da PGE PB teve sua comiss\u00e3o designada em 1\u00ba de outubro. Desde ent\u00e3o, o colegiado trabalha na organiza\u00e7\u00e3o [&hellip;]<\/p>\n","protected":false},"author":317,"featured_media":403903,"comment_status":"open","ping_status":"closed","sticky":false,"template":"","format":"standard","meta":{"post_tipo":"article","footnotes":""},"categories":[2185],"tags":[],"tax_estado":[],"class_list":["post-434540","post","type-post","status-publish","format-standard","has-post-thumbnail","hentry","category-carreiras-juridicas"],"acf":[],"yoast_head":"<!-- This site is optimized with the Yoast SEO Premium plugin v27.2 (Yoast SEO v27.2) - https:\/\/yoast.com\/product\/yoast-seo-premium-wordpress\/ -->\n<title>Concurso PGE PB: Procurador-Geral prev\u00ea edital em novembro<\/title>\n<meta name=\"robots\" content=\"index, follow, max-snippet:-1, max-image-preview:large, max-video-preview:-1\" \/>\n<link rel=\"canonical\" href=\"https:\/\/www.estrategiaconcursos.com.br\/blog\/concurso-pge-pb-edital-novembro\/\" \/>\n<meta property=\"og:locale\" content=\"pt_BR\" \/>\n<meta property=\"og:type\" content=\"article\" \/>\n<meta property=\"og:title\" content=\"Concurso PGE PB: Procurador-Geral prev\u00ea edital em novembro\" \/>\n<meta property=\"og:description\" content=\"O edital do NOVO concurso da PGE PB deve ser publicado em novembro de 2019. As estimativas s\u00e3o do chefe da institui\u00e7\u00e3o, o procurador-geral F\u00e1bio Andrade Medeiros, que concedeu entrevista ao Portal WSCOM, da Para\u00edba. O concurso da PGE PB teve sua comiss\u00e3o designada em 1\u00ba de outubro. Desde ent\u00e3o, o colegiado trabalha na organiza\u00e7\u00e3o [&hellip;]\" \/>\n<meta property=\"og:url\" content=\"https:\/\/www.estrategiaconcursos.com.br\/blog\/concurso-pge-pb-edital-novembro\/\" \/>\n<meta property=\"og:site_name\" content=\"Estrat\u00e9gia Concursos\" \/>\n<meta property=\"article:author\" content=\"https:\/\/www.facebook.com\/igor.maciel.1420\" \/>\n<meta property=\"article:published_time\" content=\"2019-10-15T15:23:19+00:00\" \/>\n<meta property=\"article:modified_time\" content=\"2019-10-15T15:23:23+00:00\" \/>\n<meta property=\"og:image\" content=\"https:\/\/dhg1h5j42swfq.cloudfront.net\/2019\/07\/30115501\/CONCURSO-PGE-PB.png\" \/>\n\t<meta property=\"og:image:width\" content=\"400\" \/>\n\t<meta property=\"og:image:height\" content=\"209\" \/>\n\t<meta property=\"og:image:type\" content=\"image\/png\" \/>\n<meta name=\"author\" content=\"Igor Maciel\" \/>\n<meta name=\"twitter:card\" content=\"summary_large_image\" \/>\n<meta name=\"twitter:creator\" content=\"@EstratConcursos\" \/>\n<meta name=\"twitter:site\" content=\"@EstratConcursos\" \/>\n<meta name=\"twitter:label1\" content=\"Escrito por\" \/>\n\t<meta name=\"twitter:data1\" content=\"Igor Maciel\" \/>\n\t<meta name=\"twitter:label2\" content=\"Est. tempo de leitura\" \/>\n\t<meta name=\"twitter:data2\" content=\"1 minuto\" \/>\n<script type=\"application\/ld+json\" class=\"yoast-schema-graph\">{\"@context\":\"https:\/\/schema.org\",\"@graph\":[{\"@type\":\"NewsArticle\",\"@id\":\"https:\/\/www.estrategiaconcursos.com.br\/blog\/concurso-pge-pb-edital-novembro\/#article\",\"isPartOf\":{\"@id\":\"https:\/\/www.estrategiaconcursos.com.br\/blog\/concurso-pge-pb-edital-novembro\/\"},\"author\":{\"name\":\"Igor Maciel\",\"@id\":\"https:\/\/www.estrategiaconcursos.com.br\/blog\/#\/schema\/person\/024d26d5efb06d95dfc04025d7301591\"},\"headline\":\"Concurso PGE PB: Procurador-Geral prev\u00ea edital em novembro\",\"datePublished\":\"2019-10-15T15:23:19+00:00\",\"dateModified\":\"2019-10-15T15:23:23+00:00\",\"mainEntityOfPage\":{\"@id\":\"https:\/\/www.estrategiaconcursos.com.br\/blog\/concurso-pge-pb-edital-novembro\/\"},\"wordCount\":215,\"commentCount\":0,\"publisher\":{\"@id\":\"https:\/\/www.estrategiaconcursos.com.br\/blog\/#organization\"},\"image\":{\"@id\":\"https:\/\/www.estrategiaconcursos.com.br\/blog\/concurso-pge-pb-edital-novembro\/#primaryimage\"},\"thumbnailUrl\":\"https:\/\/dhg1h5j42swfq.cloudfront.net\/2019\/07\/30115501\/CONCURSO-PGE-PB.png\",\"articleSection\":[\"Jur\u00eddico\"],\"inLanguage\":\"pt-BR\",\"potentialAction\":[{\"@type\":\"CommentAction\",\"name\":\"Comment\",\"target\":[\"https:\/\/www.estrategiaconcursos.com.br\/blog\/concurso-pge-pb-edital-novembro\/#respond\"]}],\"copyrightYear\":\"2019\",\"copyrightHolder\":{\"@id\":\"https:\/\/www.estrategiaconcursos.com.br\/blog\/#organization\"}},{\"@type\":\"WebPage\",\"@id\":\"https:\/\/www.estrategiaconcursos.com.br\/blog\/concurso-pge-pb-edital-novembro\/\",\"url\":\"https:\/\/www.estrategiaconcursos.com.br\/blog\/concurso-pge-pb-edital-novembro\/\",\"name\":\"Concurso PGE PB: Procurador-Geral prev\u00ea edital em novembro\",\"isPartOf\":{\"@id\":\"https:\/\/www.estrategiaconcursos.com.br\/blog\/#website\"},\"primaryImageOfPage\":{\"@id\":\"https:\/\/www.estrategiaconcursos.com.br\/blog\/concurso-pge-pb-edital-novembro\/#primaryimage\"},\"image\":{\"@id\":\"https:\/\/www.estrategiaconcursos.com.br\/blog\/concurso-pge-pb-edital-novembro\/#primaryimage\"},\"thumbnailUrl\":\"https:\/\/dhg1h5j42swfq.cloudfront.net\/2019\/07\/30115501\/CONCURSO-PGE-PB.png\",\"datePublished\":\"2019-10-15T15:23:19+00:00\",\"dateModified\":\"2019-10-15T15:23:23+00:00\",\"breadcrumb\":{\"@id\":\"https:\/\/www.estrategiaconcursos.com.br\/blog\/concurso-pge-pb-edital-novembro\/#breadcrumb\"},\"inLanguage\":\"pt-BR\",\"potentialAction\":[{\"@type\":\"ReadAction\",\"target\":[\"https:\/\/www.estrategiaconcursos.com.br\/blog\/concurso-pge-pb-edital-novembro\/\"]}]},{\"@type\":\"ImageObject\",\"inLanguage\":\"pt-BR\",\"@id\":\"https:\/\/www.estrategiaconcursos.com.br\/blog\/concurso-pge-pb-edital-novembro\/#primaryimage\",\"url\":\"https:\/\/dhg1h5j42swfq.cloudfront.net\/2019\/07\/30115501\/CONCURSO-PGE-PB.png\",\"contentUrl\":\"https:\/\/dhg1h5j42swfq.cloudfront.net\/2019\/07\/30115501\/CONCURSO-PGE-PB.png\",\"width\":400,\"height\":209,\"caption\":\"CONCURSO PGE PB\"},{\"@type\":\"BreadcrumbList\",\"@id\":\"https:\/\/www.estrategiaconcursos.com.br\/blog\/concurso-pge-pb-edital-novembro\/#breadcrumb\",\"itemListElement\":[{\"@type\":\"ListItem\",\"position\":1,\"name\":\"In\u00edcio\",\"item\":\"https:\/\/www.estrategiaconcursos.com.br\/blog\/\"},{\"@type\":\"ListItem\",\"position\":2,\"name\":\"Concurso PGE PB: Procurador-Geral prev\u00ea edital em novembro\"}]},{\"@type\":\"WebSite\",\"@id\":\"https:\/\/www.estrategiaconcursos.com.br\/blog\/#website\",\"url\":\"https:\/\/www.estrategiaconcursos.com.br\/blog\/\",\"name\":\"Estrat\u00e9gia Concursos\",\"description\":\"O blog da Estrat\u00e9gia Concursos traz not\u00edcias sobre concursos e artigos de professores oferecendo cursos para concursos (pdf + videaulas) no site.\",\"publisher\":{\"@id\":\"https:\/\/www.estrategiaconcursos.com.br\/blog\/#organization\"},\"potentialAction\":[{\"@type\":\"SearchAction\",\"target\":{\"@type\":\"EntryPoint\",\"urlTemplate\":\"https:\/\/www.estrategiaconcursos.com.br\/blog\/?s={search_term_string}\"},\"query-input\":{\"@type\":\"PropertyValueSpecification\",\"valueRequired\":true,\"valueName\":\"search_term_string\"}}],\"inLanguage\":\"pt-BR\"},{\"@type\":\"Organization\",\"@id\":\"https:\/\/www.estrategiaconcursos.com.br\/blog\/#organization\",\"name\":\"Estrat\u00e9gia Concursos\",\"url\":\"https:\/\/www.estrategiaconcursos.com.br\/blog\/\",\"logo\":{\"@type\":\"ImageObject\",\"inLanguage\":\"pt-BR\",\"@id\":\"https:\/\/www.estrategiaconcursos.com.br\/blog\/#\/schema\/logo\/image\/\",\"url\":\"https:\/\/dhg1h5j42swfq.cloudfront.net\/2025\/06\/03203428\/logo_concursos-1.jpg\",\"contentUrl\":\"https:\/\/dhg1h5j42swfq.cloudfront.net\/2025\/06\/03203428\/logo_concursos-1.jpg\",\"width\":230,\"height\":60,\"caption\":\"Estrat\u00e9gia Concursos\"},\"image\":{\"@id\":\"https:\/\/www.estrategiaconcursos.com.br\/blog\/#\/schema\/logo\/image\/\"},\"sameAs\":[\"https:\/\/x.com\/EstratConcursos\"]},{\"@type\":\"Person\",\"@id\":\"https:\/\/www.estrategiaconcursos.com.br\/blog\/#\/schema\/person\/024d26d5efb06d95dfc04025d7301591\",\"name\":\"Igor Maciel\",\"image\":{\"@type\":\"ImageObject\",\"inLanguage\":\"pt-BR\",\"@id\":\"https:\/\/secure.gravatar.com\/avatar\/e983a676af6facf4aebcb2989d49e3bf61b718712d5e7a4b3f355b7fe651bc2f?s=96&d=mm&r=g\",\"url\":\"https:\/\/secure.gravatar.com\/avatar\/e983a676af6facf4aebcb2989d49e3bf61b718712d5e7a4b3f355b7fe651bc2f?s=96&d=mm&r=g\",\"contentUrl\":\"https:\/\/secure.gravatar.com\/avatar\/e983a676af6facf4aebcb2989d49e3bf61b718712d5e7a4b3f355b7fe651bc2f?s=96&d=mm&r=g\",\"caption\":\"Igor Maciel\"},\"description\":\"Graduado na Universidade Federal de Pernambuco, com extens\u00e3o na Universidade de Coimbra\/Portugal. Especialista LLM em Direito Corporativo pelo IBMEC\/RJ. Mestrando em Direito e Pol\u00edticas P\u00fablicas pelo UNICEUB\/DF. Advogado com atua\u00e7\u00e3o profissional centrada no Direito Tribut\u00e1rio e no Direito Administrativo, especialmente na defesa de servidores p\u00fablicos.\",\"sameAs\":[\"http:\/\/www.imaciel.com.br\",\"https:\/\/www.facebook.com\/igor.maciel.1420\"],\"url\":\"https:\/\/www.estrategiaconcursos.com.br\/blog\/author\/contatoimaciel-com-br\/\"}]}<\/script>\n<!-- \/ Yoast SEO Premium plugin. -->","yoast_head_json":{"title":"Concurso PGE PB: Procurador-Geral prev\u00ea edital em novembro","robots":{"index":"index","follow":"follow","max-snippet":"max-snippet:-1","max-image-preview":"max-image-preview:large","max-video-preview":"max-video-preview:-1"},"canonical":"https:\/\/www.estrategiaconcursos.com.br\/blog\/concurso-pge-pb-edital-novembro\/","og_locale":"pt_BR","og_type":"article","og_title":"Concurso PGE PB: Procurador-Geral prev\u00ea edital em novembro","og_description":"O edital do NOVO concurso da PGE PB deve ser publicado em novembro de 2019. As estimativas s\u00e3o do chefe da institui\u00e7\u00e3o, o procurador-geral F\u00e1bio Andrade Medeiros, que concedeu entrevista ao Portal WSCOM, da Para\u00edba. O concurso da PGE PB teve sua comiss\u00e3o designada em 1\u00ba de outubro. Desde ent\u00e3o, o colegiado trabalha na organiza\u00e7\u00e3o [&hellip;]","og_url":"https:\/\/www.estrategiaconcursos.com.br\/blog\/concurso-pge-pb-edital-novembro\/","og_site_name":"Estrat\u00e9gia Concursos","article_author":"https:\/\/www.facebook.com\/igor.maciel.1420","article_published_time":"2019-10-15T15:23:19+00:00","article_modified_time":"2019-10-15T15:23:23+00:00","og_image":[{"width":400,"height":209,"url":"https:\/\/dhg1h5j42swfq.cloudfront.net\/2019\/07\/30115501\/CONCURSO-PGE-PB.png","type":"image\/png"}],"author":"Igor Maciel","twitter_card":"summary_large_image","twitter_creator":"@EstratConcursos","twitter_site":"@EstratConcursos","twitter_misc":{"Escrito por":"Igor Maciel","Est. tempo de leitura":"1 minuto"},"schema":{"@context":"https:\/\/schema.org","@graph":[{"@type":"NewsArticle","@id":"https:\/\/www.estrategiaconcursos.com.br\/blog\/concurso-pge-pb-edital-novembro\/#article","isPartOf":{"@id":"https:\/\/www.estrategiaconcursos.com.br\/blog\/concurso-pge-pb-edital-novembro\/"},"author":{"name":"Igor Maciel","@id":"https:\/\/www.estrategiaconcursos.com.br\/blog\/#\/schema\/person\/024d26d5efb06d95dfc04025d7301591"},"headline":"Concurso PGE PB: Procurador-Geral prev\u00ea edital em novembro","datePublished":"2019-10-15T15:23:19+00:00","dateModified":"2019-10-15T15:23:23+00:00","mainEntityOfPage":{"@id":"https:\/\/www.estrategiaconcursos.com.br\/blog\/concurso-pge-pb-edital-novembro\/"},"wordCount":215,"commentCount":0,"publisher":{"@id":"https:\/\/www.estrategiaconcursos.com.br\/blog\/#organization"},"image":{"@id":"https:\/\/www.estrategiaconcursos.com.br\/blog\/concurso-pge-pb-edital-novembro\/#primaryimage"},"thumbnailUrl":"https:\/\/dhg1h5j42swfq.cloudfront.net\/2019\/07\/30115501\/CONCURSO-PGE-PB.png","articleSection":["Jur\u00eddico"],"inLanguage":"pt-BR","potentialAction":[{"@type":"CommentAction","name":"Comment","target":["https:\/\/www.estrategiaconcursos.com.br\/blog\/concurso-pge-pb-edital-novembro\/#respond"]}],"copyrightYear":"2019","copyrightHolder":{"@id":"https:\/\/www.estrategiaconcursos.com.br\/blog\/#organization"}},{"@type":"WebPage","@id":"https:\/\/www.estrategiaconcursos.com.br\/blog\/concurso-pge-pb-edital-novembro\/","url":"https:\/\/www.estrategiaconcursos.com.br\/blog\/concurso-pge-pb-edital-novembro\/","name":"Concurso PGE PB: Procurador-Geral prev\u00ea edital em novembro","isPartOf":{"@id":"https:\/\/www.estrategiaconcursos.com.br\/blog\/#website"},"primaryImageOfPage":{"@id":"https:\/\/www.estrategiaconcursos.com.br\/blog\/concurso-pge-pb-edital-novembro\/#primaryimage"},"image":{"@id":"https:\/\/www.estrategiaconcursos.com.br\/blog\/concurso-pge-pb-edital-novembro\/#primaryimage"},"thumbnailUrl":"https:\/\/dhg1h5j42swfq.cloudfront.net\/2019\/07\/30115501\/CONCURSO-PGE-PB.png","datePublished":"2019-10-15T15:23:19+00:00","dateModified":"2019-10-15T15:23:23+00:00","breadcrumb":{"@id":"https:\/\/www.estrategiaconcursos.com.br\/blog\/concurso-pge-pb-edital-novembro\/#breadcrumb"},"inLanguage":"pt-BR","potentialAction":[{"@type":"ReadAction","target":["https:\/\/www.estrategiaconcursos.com.br\/blog\/concurso-pge-pb-edital-novembro\/"]}]},{"@type":"ImageObject","inLanguage":"pt-BR","@id":"https:\/\/www.estrategiaconcursos.com.br\/blog\/concurso-pge-pb-edital-novembro\/#primaryimage","url":"https:\/\/dhg1h5j42swfq.cloudfront.net\/2019\/07\/30115501\/CONCURSO-PGE-PB.png","contentUrl":"https:\/\/dhg1h5j42swfq.cloudfront.net\/2019\/07\/30115501\/CONCURSO-PGE-PB.png","width":400,"height":209,"caption":"CONCURSO PGE PB"},{"@type":"BreadcrumbList","@id":"https:\/\/www.estrategiaconcursos.com.br\/blog\/concurso-pge-pb-edital-novembro\/#breadcrumb","itemListElement":[{"@type":"ListItem","position":1,"name":"In\u00edcio","item":"https:\/\/www.estrategiaconcursos.com.br\/blog\/"},{"@type":"ListItem","position":2,"name":"Concurso PGE PB: Procurador-Geral prev\u00ea edital em novembro"}]},{"@type":"WebSite","@id":"https:\/\/www.estrategiaconcursos.com.br\/blog\/#website","url":"https:\/\/www.estrategiaconcursos.com.br\/blog\/","name":"Estrat\u00e9gia Concursos","description":"O blog da Estrat\u00e9gia Concursos traz not\u00edcias sobre concursos e artigos de professores oferecendo cursos para concursos (pdf + videaulas) no site.","publisher":{"@id":"https:\/\/www.estrategiaconcursos.com.br\/blog\/#organization"},"potentialAction":[{"@type":"SearchAction","target":{"@type":"EntryPoint","urlTemplate":"https:\/\/www.estrategiaconcursos.com.br\/blog\/?s={search_term_string}"},"query-input":{"@type":"PropertyValueSpecification","valueRequired":true,"valueName":"search_term_string"}}],"inLanguage":"pt-BR"},{"@type":"Organization","@id":"https:\/\/www.estrategiaconcursos.com.br\/blog\/#organization","name":"Estrat\u00e9gia Concursos","url":"https:\/\/www.estrategiaconcursos.com.br\/blog\/","logo":{"@type":"ImageObject","inLanguage":"pt-BR","@id":"https:\/\/www.estrategiaconcursos.com.br\/blog\/#\/schema\/logo\/image\/","url":"https:\/\/dhg1h5j42swfq.cloudfront.net\/2025\/06\/03203428\/logo_concursos-1.jpg","contentUrl":"https:\/\/dhg1h5j42swfq.cloudfront.net\/2025\/06\/03203428\/logo_concursos-1.jpg","width":230,"height":60,"caption":"Estrat\u00e9gia Concursos"},"image":{"@id":"https:\/\/www.estrategiaconcursos.com.br\/blog\/#\/schema\/logo\/image\/"},"sameAs":["https:\/\/x.com\/EstratConcursos"]},{"@type":"Person","@id":"https:\/\/www.estrategiaconcursos.com.br\/blog\/#\/schema\/person\/024d26d5efb06d95dfc04025d7301591","name":"Igor Maciel","image":{"@type":"ImageObject","inLanguage":"pt-BR","@id":"https:\/\/secure.gravatar.com\/avatar\/e983a676af6facf4aebcb2989d49e3bf61b718712d5e7a4b3f355b7fe651bc2f?s=96&d=mm&r=g","url":"https:\/\/secure.gravatar.com\/avatar\/e983a676af6facf4aebcb2989d49e3bf61b718712d5e7a4b3f355b7fe651bc2f?s=96&d=mm&r=g","contentUrl":"https:\/\/secure.gravatar.com\/avatar\/e983a676af6facf4aebcb2989d49e3bf61b718712d5e7a4b3f355b7fe651bc2f?s=96&d=mm&r=g","caption":"Igor Maciel"},"description":"Graduado na Universidade Federal de Pernambuco, com extens\u00e3o na Universidade de Coimbra\/Portugal. Especialista LLM em Direito Corporativo pelo IBMEC\/RJ. Mestrando em Direito e Pol\u00edticas P\u00fablicas pelo UNICEUB\/DF. Advogado com atua\u00e7\u00e3o profissional centrada no Direito Tribut\u00e1rio e no Direito Administrativo, especialmente na defesa de servidores p\u00fablicos.","sameAs":["http:\/\/www.imaciel.com.br","https:\/\/www.facebook.com\/igor.maciel.1420"],"url":"https:\/\/www.estrategiaconcursos.com.br\/blog\/author\/contatoimaciel-com-br\/"}]}},"_links":{"self":[{"href":"https:\/\/www.estrategiaconcursos.com.br\/blog\/wp-json\/wp\/v2\/posts\/434540","targetHints":{"allow":["GET"]}}],"collection":[{"href":"https:\/\/www.estrategiaconcursos.com.br\/blog\/wp-json\/wp\/v2\/posts"}],"about":[{"href":"https:\/\/www.estrategiaconcursos.com.br\/blog\/wp-json\/wp\/v2\/types\/post"}],"author":[{"embeddable":true,"href":"https:\/\/www.estrategiaconcursos.com.br\/blog\/wp-json\/wp\/v2\/users\/317"}],"replies":[{"embeddable":true,"href":"https:\/\/www.estrategiaconcursos.com.br\/blog\/wp-json\/wp\/v2\/comments?post=434540"}],"version-history":[{"count":1,"href":"https:\/\/www.estrategiaconcursos.com.br\/blog\/wp-json\/wp\/v2\/posts\/434540\/revisions"}],"predecessor-version":[{"id":434553,"href":"https:\/\/www.estrategiaconcursos.com.br\/blog\/wp-json\/wp\/v2\/posts\/434540\/revisions\/434553"}],"wp:featuredmedia":[{"embeddable":true,"href":"https:\/\/www.estrategiaconcursos.com.br\/blog\/wp-json\/wp\/v2\/media\/403903"}],"wp:attachment":[{"href":"https:\/\/www.estrategiaconcursos.com.br\/blog\/wp-json\/wp\/v2\/media?parent=434540"}],"wp:term":[{"taxonomy":"category","embeddable":true,"href":"https:\/\/www.estrategiaconcursos.com.br\/blog\/wp-json\/wp\/v2\/categories?post=434540"},{"taxonomy":"post_tag","embeddable":true,"href":"https:\/\/www.estrategiaconcursos.com.br\/blog\/wp-json\/wp\/v2\/tags?post=434540"},{"taxonomy":"tax_estado","embeddable":true,"href":"https:\/\/www.estrategiaconcursos.com.br\/blog\/wp-json\/wp\/v2\/tax_estado?post=434540"}],"curies":[{"name":"wp","href":"https:\/\/api.w.org\/{rel}","templated":true}]}}