{"id":43446,"date":"2016-07-12T18:51:59","date_gmt":"2016-07-12T21:51:59","guid":{"rendered":"https:\/\/www.estrategiaconcursos.com.br\/blog\/?p=43446"},"modified":"2022-09-22T18:09:59","modified_gmt":"2022-09-22T21:09:59","slug":"ebserh","status":"publish","type":"post","link":"https:\/\/www.estrategiaconcursos.com.br\/blog\/ebserh\/","title":{"rendered":"EBSERH: voc\u00ea sabe o que \u00e9? Fique por dentro dessa oportunidade!"},"content":{"rendered":"<p style=\"text-align: justify;\"><img loading=\"lazy\" decoding=\"async\" class=\"aligncenter wp-image-43449 size-medium\" src=\"https:\/\/dhg1h5j42swfq.cloudfront.net\/2016\/07\/12175858\/ebserh-convoca-1196-profissionais-para-14-hospitais-e-sede.png\" alt=\"EBSERH\" width=\"300\" height=\"155\" srcset=\"https:\/\/dhg1h5j42swfq.cloudfront.net\/2016\/07\/12175858\/ebserh-convoca-1196-profissionais-para-14-hospitais-e-sede.png 578w, https:\/\/dhg1h5j42swfq.cloudfront.net\/2016\/07\/12175858\/ebserh-convoca-1196-profissionais-para-14-hospitais-e-sede.png 300w, https:\/\/dhg1h5j42swfq.cloudfront.net\/2016\/07\/12175858\/ebserh-convoca-1196-profissionais-para-14-hospitais-e-sede.png 500w\" sizes=\"auto, (max-width: 300px) 100vw, 300px\" \/>Eu sou a Prof\u00aa Poly! E venho hoje responder um\u00a0questionamento muito frequente que est\u00e1 ocorrendo entre os concurseiros de plant\u00e3o de todas as \u00e1reas! O que afinal \u00e9 a EBSERH? E porque est\u00e3o surgindo tantos concursos pelo Brasil para essa empresa?<\/p>\n<p style=\"text-align: justify;\">Bem, eu vou explicar para voc\u00eas de uma forma simples e baseada na Lei 12.550 de 2011, que foi a\u00a0lei que autorizou a cria\u00e7\u00e3o da EBSERH, e a lei que inclusive faz parte do conte\u00fado program\u00e1tico para quem est\u00e1 estudando a Legisla\u00e7\u00e3o Aplicada \u00e0 EBSERH.<\/p>\n<p style=\"text-align: justify;\">EBSERH significa Empresa Brasileira de Servi\u00e7os Hospitalares, e de acordo com essa lei a EBSERH \u00e9 uma empresa p\u00fablica <span style=\"color: #ff0000;\"><strong>unipessoal!<\/strong><\/span><\/p>\n<p style=\"text-align: justify;\">E voc\u00ea sabe o que isso significa?<\/p>\n<p style=\"text-align: justify;\">No Brasil, as empresas p\u00fablicas se subdividem em duas categorias: &#8220;empresa p\u00fablica unipessoal&#8221;, com patrim\u00f4nio pr\u00f3prio e capital exclusivo da Uni\u00e3o; e &#8220;empresa p\u00fablica de v\u00e1rios s\u00f3cios governamentais minorit\u00e1rios&#8221;, que unem seus capitais \u00e0 Uni\u00e3o, tendo, esta, a maioria do capital votante. No caso da EBSERH, ela \u00e9 uma empresa p\u00fablica <strong><span style=\"color: #ff0000;\">unipessoal<\/span><\/strong>\u00a0porque possui patrim\u00f4nio pr\u00f3prio e <strong>capital exclusivo da UNI\u00c3O!<\/strong><\/p>\n<p style=\"text-align: justify;\"><a href=\"https:\/\/dhg1h5j42swfq.cloudfront.net\/2016\/07\/12181129\/Imagem21.png\"><img loading=\"lazy\" decoding=\"async\" class=\"aligncenter wp-image-43450 size-medium\" src=\"https:\/\/dhg1h5j42swfq.cloudfront.net\/2016\/07\/12181129\/Imagem21.png\" alt=\"EBSERH\" width=\"300\" height=\"95\" srcset=\"https:\/\/dhg1h5j42swfq.cloudfront.net\/2016\/07\/12181129\/Imagem21.png 981w, https:\/\/dhg1h5j42swfq.cloudfront.net\/2016\/07\/12181129\/Imagem21.png 300w, https:\/\/dhg1h5j42swfq.cloudfront.net\/2016\/07\/12181129\/Imagem21.png 768w, https:\/\/dhg1h5j42swfq.cloudfront.net\/2016\/07\/12181129\/Imagem21.png 500w\" sizes=\"auto, (max-width: 300px) 100vw, 300px\" \/><\/a><\/p>\n<p style=\"text-align: justify;\">Outro detalhe muito importante \u00e9 que a EBSERH\u00a0\u00e9 vinculada ao <strong><span style=\"color: #ff0000;\">MINIST\u00c9RIO DA EDUCA\u00c7\u00c3O!!<\/span><\/strong> Como estamos falando de uma empresa que faz a gest\u00e3o de\u00a0Hospitais, muitas vezes podemos confundir e achar que \u00e9 vinculada ao Minist\u00e9rio da Sa\u00fade! Mas cuidado, e isso j\u00e1 foi quest\u00e3o de prova! Ela \u00e9 vinculada ao <strong><span style=\"color: #ff0000;\">MINIST\u00c9RIO DA EDUCA\u00c7\u00c3O!<\/span><\/strong><\/p>\n<p style=\"text-align: justify;\"><a href=\"https:\/\/dhg1h5j42swfq.cloudfront.net\/2016\/07\/12181358\/me.jpg\"><img loading=\"lazy\" decoding=\"async\" class=\"aligncenter wp-image-43451\" src=\"https:\/\/dhg1h5j42swfq.cloudfront.net\/2016\/07\/12181358\/me.jpg\" alt=\"EBSERH\" width=\"138\" height=\"105\" srcset=\"https:\/\/dhg1h5j42swfq.cloudfront.net\/2016\/07\/12181358\/me.jpg 397w, https:\/\/dhg1h5j42swfq.cloudfront.net\/2016\/07\/12181358\/me.jpg 300w\" sizes=\"auto, (max-width: 138px) 100vw, 138px\" \/><\/a><\/p>\n<p>E qual \u00e9 a finalidade\u00a0da EBSERH?<\/p>\n<ul>\n<li>presta\u00e7\u00e3o de servi\u00e7os <strong><span style=\"color: #ff0000;\">GRATUITOS<\/span><\/strong>\u00a0de assist\u00eancia m\u00e9dico-hospitalar, ambulatorial e de apoio diagn\u00f3stico e terap\u00eautico \u00e0 comunidade,<\/li>\n<li>presta\u00e7\u00e3o \u00e0s institui\u00e7\u00f5es p\u00fablicas federais de ensino ou institui\u00e7\u00f5es cong\u00eaneres de servi\u00e7os de apoio ao ensino, \u00e0 pesquisa e \u00e0 extens\u00e3o, ao ensino-aprendizagem e \u00e0 forma\u00e7\u00e3o de pessoas no campo da sa\u00fade p\u00fablica, observada, nos termos do art. 207 da Constitui\u00e7\u00e3o Federal, a autonomia universit\u00e1ria.<\/li>\n<\/ul>\n<p><a href=\"https:\/\/dhg1h5j42swfq.cloudfront.net\/2016\/07\/12182321\/ies.jpg\"><img loading=\"lazy\" decoding=\"async\" class=\"aligncenter wp-image-43452\" src=\"https:\/\/dhg1h5j42swfq.cloudfront.net\/2016\/07\/12182321\/ies.jpg\" alt=\"EBSERH\" width=\"169\" height=\"130\" \/><\/a><\/p>\n<p>As atividades de presta\u00e7\u00e3o de servi\u00e7os de assist\u00eancia \u00e0 sa\u00fade est\u00e3o inseridas<span style=\"color: #ff0000;\"> integral e exclusivamente no \u00e2mbito do Sistema \u00danico de Sa\u00fade (SUS).<\/span> No desenvolvimento de suas atividades de assist\u00eancia \u00e0 sa\u00fade a EBSERH observar\u00e1 as diretrizes e pol\u00edticas estabelecidas pelo Minist\u00e9rio da Sa\u00fade.<\/p>\n<p>Leia novamente comigo: ela observar\u00e1 as diretrizes e pol\u00edticas estabelecidas pelo Minist\u00e9rio da Sa\u00fade, por\u00e9m como vimos ela \u00e9 vinculada ao Minist\u00e9rio da Educa\u00e7\u00e3o!<\/p>\n<p style=\"text-align: justify;\">Agora para finalizar, voc\u00ea sabe porque est\u00e3o tendo tantos concursos para essa empresa?<\/p>\n<p style=\"text-align: justify;\">Porque essa empresa est\u00e1 sendo contratada para prestar assist\u00eancia a\u00a0Hospitais Universit\u00e1rios Federais do Brasil, e no Art. 16\u00ba da Lei 12.550 de 2011 diz o seguinte:<\/p>\n<p style=\"text-align: justify;\"><a href=\"https:\/\/dhg1h5j42swfq.cloudfront.net\/2016\/07\/12183341\/Imagem4.png\"><img loading=\"lazy\" decoding=\"async\" class=\" wp-image-43455 aligncenter\" src=\"https:\/\/dhg1h5j42swfq.cloudfront.net\/2016\/07\/12183341\/Imagem4.png\" alt=\"Imagem4\" width=\"350\" height=\"170\" \/><\/a><\/p>\n<p style=\"text-align: justify;\">Por isso tantos concursos da EBSERH. Porque a Empresa ap\u00f3s contratada pelas institui\u00e7\u00f5es p\u00fablicas federais tem um prazo\u00a0para repor o pessoal em falta de apenas 1 ANO!!<\/p>\n<p style=\"text-align: justify;\">Voc\u00ea sabia que atualmente, a rede de hospitais universit\u00e1rios federais \u00e9 formada por 50 hospitais vinculados a 35\u00a0universidades federais?<\/p>\n<p style=\"text-align: justify;\">No momento a\u00a0Empresa Brasileira de Servi\u00e7os Hospitalares (EBSERH) est\u00e1 com inscri\u00e7\u00f5es abertas sob a responsabilidade do Instituto AOCP, para preenchimento de vagas no Complexo Hospitalar da Universidade Federal do Par\u00e1, constitu\u00eddo pelos Hospitais Universit\u00e1rios Bettina Ferro de Souza (HUBF-UFPA) e Jo\u00e3o de Barros Barreto (HUJBB \u2013 UFPA).<\/p>\n<p style=\"text-align: justify;\">Ser\u00e3o preenchidas 815 vagas distribu\u00eddas nos seguintes editais:<\/p>\n<p style=\"text-align: justify;\">\u2013<span class=\"apple-converted-space\">\u00a0<\/span><strong>Edital n\u00ba 02\/2015<\/strong><span class=\"apple-converted-space\">\u00a0<\/span>para preenchimento de 234 vagas na<span class=\"apple-converted-space\">\u00a0<\/span><strong>\u00c1rea M\u00e9dica de diversas especialidades<\/strong>.<\/p>\n<p style=\"text-align: justify;\">\u2013<span class=\"apple-converted-space\">\u00a0<\/span><strong>Edital n\u00ba 03\/2015<\/strong><span class=\"apple-converted-space\">\u00a0<\/span>para preenchimento de 484 vagas na<span class=\"apple-converted-space\">\u00a0<\/span><strong>\u00c1rea Assistencial<\/strong>, composta pelos seguintes empregos: Assistente Social, Bi\u00f3logo, Biom\u00e9dico, Cirurgi\u00e3o Dentista, Enfermeiro, Farmac\u00eautico, F\u00edsico, Fisioterapeuta, Fonoaudi\u00f3logo, Nutricionista, Pedagogo, Psic\u00f3logo, Tecn\u00f3logo em Radiologia, Terapeuta Ocupacional, T\u00e9cnico em An\u00e1lises Cl\u00ednicas, T\u00e9cnico em Citopatologia, T\u00e9cnico em Enfermagem, T\u00e9cnico em Farm\u00e1cia, T\u00e9cnico em Necropsia, T\u00e9cnico em \u00d3ptica, T\u00e9cnico em Radiologia e T\u00e9cnico em Sa\u00fade Bucal.<\/p>\n<p style=\"text-align: justify;\"><em>Obs.: o Instituto AOCP publicou retifica\u00e7\u00e3o, contendo mudan\u00e7as no conte\u00fado program\u00e1tico de provas para o emprego de Fisioterapeuta \u2013 Respirat\u00f3ria.<\/em><\/p>\n<p style=\"text-align: justify;\">\u2013<span class=\"apple-converted-space\">\u00a0<\/span><strong>Edital n\u00ba 04\/2015<\/strong><span class=\"apple-converted-space\">\u00a0<\/span>para preenchimento de 97 vagas na<span class=\"apple-converted-space\">\u00a0<\/span><strong>\u00c1rea Administrativa<\/strong>: Advogado, Analista Administrativo, Arquiteto, Analista de Tecnologia da Informa\u00e7\u00e3o, Engenheiro Civil, Engenheiro Cl\u00ednico, Engenheiro de Seguran\u00e7a do Trabalho, Engenheiro Eletricista, Engenheiro Mec\u00e2nico, Jornalista, Assistente Administrativo, T\u00e9cnico em Contabilidade, T\u00e9cnico em Inform\u00e1tica e T\u00e9cnico em Seguran\u00e7a do Trabalho.<\/p>\n<p style=\"text-align: justify;\">Para a inscri\u00e7\u00e3o via internet, o candidato deve acessar o site da organizadora www.institutoaocp.org.br at\u00e9 o dia 01 de agosto de 2016.<\/p>\n<p style=\"text-align: justify;\">Recentemente, mais seis\u00a0hospitais aderiram ao projeto de gest\u00e3o da EBSERH e\u00a0est\u00e3o com\u00a0concurso p\u00fablico previsto para sair ainda em 2016. S\u00e3o eles:<\/p>\n<ul>\n<li><strong>Universidade Federal de Campina Grande (UFPB)<\/strong><\/li>\n<li><strong>Universidade Federal de Santa Catarina (UFSC)<\/strong><\/li>\n<li><strong>Universidade Federal do Sergipe (UFS)<\/strong><\/li>\n<li><strong>Universidade Federal Fluminense (UFF)<\/strong><\/li>\n<li><strong>Universidade Federal do Estado do Rio de Janeiro (UniRio)<\/strong><\/li>\n<li><strong>Universidade Federal do Vale do S\u00e3o Francisco (Univasf<\/strong><\/li>\n<\/ul>\n<p style=\"text-align: justify;\">Ficou curioso para saber e estudar mais? Ent\u00e3o acesse\u00a0<a href=\"https:\/\/d3eaq9o21rgr1g.cloudfront.net\/aula-temp\/107950\/00000000000\/curso-16038-aula-00-v1.pdf\">aqui<\/a> a minha aula demonstrativa onde trabalho cada um dos 20 artigos da Lei acima mencionada, a Lei 12.550 de 2011. Nela voc\u00ea ver\u00e1 detalhadamente e de forma did\u00e1tica como \u00e9 o contrato de pessoal, como deve ser o regime de pessoal concursado pela empresa, como \u00e9 a fiscaliza\u00e7\u00e3o dessa empresa, o que h\u00e1 no contrato e muitas outras informa\u00e7\u00f5es importantes.<\/p>\n<p style=\"text-align: justify;\">Ainda <a href=\"https:\/\/www.estrategiaconcursos.com.br\/curso\/legislacao-aplicada-a-ebserh-2016\/?pr=3487\">neste link<\/a>\u00a0 voc\u00ea encontra maiores detalhes do meu curso de Legisla\u00e7\u00e3o Aplicada \u00e0 EBSERH com todo o conte\u00fado cobrado sobre esse tema.<\/p>\n<p style=\"text-align: justify;\">Mais dos nossos cursos nos links abaixo:<\/p>\n<p style=\"text-align: justify;\"><a href=\"https:\/\/www.estrategiaconcursos.com.br\/curso\/conhecimentos-especificos-p-ebserh-2016-tecnico-em-analises-clinicas\/?con=475\" target=\"_blank\" rel=\"noopener\"><strong>T\u00e9cnico em An\u00e1lises Cl\u00ednicas (conhecimentos espec\u00edficos) para EBSERH<\/strong><\/a><\/p>\n<p style=\"text-align: justify;\"><a href=\"https:\/\/www.estrategiaconcursos.com.br\/curso\/conhecimentos-especificos-p-ebserh-tecnico-em-enfermagem\/?con=475\"><strong>T\u00e9cnico em enfermagem\u00a0(conhecimentos espec\u00edficos) para EBSERH<\/strong><\/a><\/p>\n<p><strong><a href=\"https:\/\/www.estrategiaconcursos.com.br\/curso\/legislacao-aplicada-ao-sus-p-ebserh-todos-os-cargos\/?con=475\">Legisla\u00e7\u00e3o Aplicada ao SUS para EBSERH para EBSERH<\/a><\/strong><\/p>\n<p><strong><a href=\"https:\/\/www.estrategiaconcursos.com.br\/curso\/pacote-completo-p-ebserh-area-fisioterapeuta\/?con=475\">Fisioterapeuta para EBSERH<\/a><\/strong><\/p>\n<p><a href=\"https:\/\/www.estrategiaconcursos.com.br\/curso\/pacote-completo-p-ebserh-biomedico\/?con=475\"><strong>Biomedicina para EBSERH<\/strong><\/a><\/p>\n<p>\u00d3timos estudos!<\/p>\n<p style=\"text-align: justify;\">Prof\u00aa Poly<\/p>\n","protected":false},"excerpt":{"rendered":"<p>Eu sou a Prof\u00aa Poly! E venho hoje responder um\u00a0questionamento muito frequente que est\u00e1 ocorrendo entre os concurseiros de plant\u00e3o de todas as \u00e1reas! O que afinal \u00e9 a EBSERH? E porque est\u00e3o surgindo tantos concursos pelo Brasil para essa empresa? Bem, eu vou explicar para voc\u00eas de uma forma simples e baseada na Lei [&hellip;]<\/p>\n","protected":false},"author":310,"featured_media":45708,"comment_status":"open","ping_status":"open","sticky":false,"template":"","format":"standard","meta":{"post_tipo":"article","footnotes":""},"categories":[1,1981],"tags":[],"tax_estado":[],"class_list":["post-43446","post","type-post","status-publish","format-standard","has-post-thumbnail","hentry","category-cursos-e-concursos","category-saude"],"acf":[],"yoast_head":"<!-- This site is optimized with the Yoast SEO Premium plugin v27.2 (Yoast SEO v27.2) - https:\/\/yoast.com\/product\/yoast-seo-premium-wordpress\/ -->\n<title>EBSERH: voc\u00ea sabe o que \u00e9? Fique por dentro dessa oportunidade!<\/title>\n<meta name=\"description\" content=\"Venho hoje responder um questionamento muito frequente que est\u00e1 ocorrendo entre os concurseiros de plant\u00e3o de todas as \u00e1reas! O que afinal \u00e9 a EBSERH?\" \/>\n<meta name=\"robots\" content=\"index, follow, max-snippet:-1, max-image-preview:large, max-video-preview:-1\" \/>\n<link rel=\"canonical\" href=\"https:\/\/www.estrategiaconcursos.com.br\/blog\/ebserh\/\" \/>\n<meta property=\"og:locale\" content=\"pt_BR\" \/>\n<meta property=\"og:type\" content=\"article\" \/>\n<meta property=\"og:title\" content=\"EBSERH: voc\u00ea sabe o que \u00e9? Fique por dentro dessa oportunidade!\" \/>\n<meta property=\"og:description\" content=\"Venho hoje responder um questionamento muito frequente que est\u00e1 ocorrendo entre os concurseiros de plant\u00e3o de todas as \u00e1reas! O que afinal \u00e9 a EBSERH?\" \/>\n<meta property=\"og:url\" content=\"https:\/\/www.estrategiaconcursos.com.br\/blog\/ebserh\/\" \/>\n<meta property=\"og:site_name\" content=\"Estrat\u00e9gia Concursos\" \/>\n<meta property=\"article:published_time\" content=\"2016-07-12T21:51:59+00:00\" \/>\n<meta property=\"article:modified_time\" content=\"2022-09-22T21:09:59+00:00\" \/>\n<meta property=\"og:image\" content=\"https:\/\/dhg1h5j42swfq.cloudfront.net\/2016\/07\/06145005\/ebserh-convoca-1196-profissionais-para-14-hospitais-e-sede-300x155.png\" \/>\n\t<meta property=\"og:image:width\" content=\"300\" \/>\n\t<meta property=\"og:image:height\" content=\"155\" \/>\n\t<meta property=\"og:image:type\" content=\"image\/png\" \/>\n<meta name=\"author\" content=\"Poly Aparecida\" \/>\n<meta name=\"twitter:card\" content=\"summary_large_image\" \/>\n<meta name=\"twitter:creator\" content=\"@EstratConcursos\" \/>\n<meta name=\"twitter:site\" content=\"@EstratConcursos\" \/>\n<meta name=\"twitter:label1\" content=\"Escrito por\" \/>\n\t<meta name=\"twitter:data1\" content=\"Poly Aparecida\" \/>\n\t<meta name=\"twitter:label2\" content=\"Est. tempo de leitura\" \/>\n\t<meta name=\"twitter:data2\" content=\"5 minutos\" \/>\n<script type=\"application\/ld+json\" class=\"yoast-schema-graph\">{\"@context\":\"https:\/\/schema.org\",\"@graph\":[{\"@type\":\"NewsArticle\",\"@id\":\"https:\/\/www.estrategiaconcursos.com.br\/blog\/ebserh\/#article\",\"isPartOf\":{\"@id\":\"https:\/\/www.estrategiaconcursos.com.br\/blog\/ebserh\/\"},\"author\":{\"name\":\"Poly Aparecida\",\"@id\":\"https:\/\/www.estrategiaconcursos.com.br\/blog\/#\/schema\/person\/fafa796d79e5878f5b14eb6200f3771f\"},\"headline\":\"EBSERH: voc\u00ea sabe o que \u00e9? Fique por dentro dessa oportunidade!\",\"datePublished\":\"2016-07-12T21:51:59+00:00\",\"dateModified\":\"2022-09-22T21:09:59+00:00\",\"mainEntityOfPage\":{\"@id\":\"https:\/\/www.estrategiaconcursos.com.br\/blog\/ebserh\/\"},\"wordCount\":973,\"commentCount\":1,\"publisher\":{\"@id\":\"https:\/\/www.estrategiaconcursos.com.br\/blog\/#organization\"},\"image\":{\"@id\":\"https:\/\/www.estrategiaconcursos.com.br\/blog\/ebserh\/#primaryimage\"},\"thumbnailUrl\":\"https:\/\/dhg1h5j42swfq.cloudfront.net\/2016\/07\/06145005\/ebserh-convoca-1196-profissionais-para-14-hospitais-e-sede-300x155.png\",\"articleSection\":[\"Concursos P\u00fablicos\",\"Sa\u00fade\"],\"inLanguage\":\"pt-BR\",\"potentialAction\":[{\"@type\":\"CommentAction\",\"name\":\"Comment\",\"target\":[\"https:\/\/www.estrategiaconcursos.com.br\/blog\/ebserh\/#respond\"]}],\"copyrightYear\":\"2016\",\"copyrightHolder\":{\"@id\":\"https:\/\/www.estrategiaconcursos.com.br\/blog\/#organization\"}},{\"@type\":\"WebPage\",\"@id\":\"https:\/\/www.estrategiaconcursos.com.br\/blog\/ebserh\/\",\"url\":\"https:\/\/www.estrategiaconcursos.com.br\/blog\/ebserh\/\",\"name\":\"EBSERH: voc\u00ea sabe o que \u00e9? Fique por dentro dessa oportunidade!\",\"isPartOf\":{\"@id\":\"https:\/\/www.estrategiaconcursos.com.br\/blog\/#website\"},\"primaryImageOfPage\":{\"@id\":\"https:\/\/www.estrategiaconcursos.com.br\/blog\/ebserh\/#primaryimage\"},\"image\":{\"@id\":\"https:\/\/www.estrategiaconcursos.com.br\/blog\/ebserh\/#primaryimage\"},\"thumbnailUrl\":\"https:\/\/dhg1h5j42swfq.cloudfront.net\/2016\/07\/06145005\/ebserh-convoca-1196-profissionais-para-14-hospitais-e-sede-300x155.png\",\"datePublished\":\"2016-07-12T21:51:59+00:00\",\"dateModified\":\"2022-09-22T21:09:59+00:00\",\"description\":\"Venho hoje responder um questionamento muito frequente que est\u00e1 ocorrendo entre os concurseiros de plant\u00e3o de todas as \u00e1reas! O que afinal \u00e9 a EBSERH?\",\"breadcrumb\":{\"@id\":\"https:\/\/www.estrategiaconcursos.com.br\/blog\/ebserh\/#breadcrumb\"},\"inLanguage\":\"pt-BR\",\"potentialAction\":[{\"@type\":\"ReadAction\",\"target\":[\"https:\/\/www.estrategiaconcursos.com.br\/blog\/ebserh\/\"]}]},{\"@type\":\"ImageObject\",\"inLanguage\":\"pt-BR\",\"@id\":\"https:\/\/www.estrategiaconcursos.com.br\/blog\/ebserh\/#primaryimage\",\"url\":\"https:\/\/dhg1h5j42swfq.cloudfront.net\/2016\/07\/06145005\/ebserh-convoca-1196-profissionais-para-14-hospitais-e-sede-300x155.png\",\"contentUrl\":\"https:\/\/dhg1h5j42swfq.cloudfront.net\/2016\/07\/06145005\/ebserh-convoca-1196-profissionais-para-14-hospitais-e-sede-300x155.png\",\"width\":300,\"height\":155,\"caption\":\"ebserh\"},{\"@type\":\"BreadcrumbList\",\"@id\":\"https:\/\/www.estrategiaconcursos.com.br\/blog\/ebserh\/#breadcrumb\",\"itemListElement\":[{\"@type\":\"ListItem\",\"position\":1,\"name\":\"In\u00edcio\",\"item\":\"https:\/\/www.estrategiaconcursos.com.br\/blog\/\"},{\"@type\":\"ListItem\",\"position\":2,\"name\":\"EBSERH: voc\u00ea sabe o que \u00e9? Fique por dentro dessa oportunidade!\"}]},{\"@type\":\"WebSite\",\"@id\":\"https:\/\/www.estrategiaconcursos.com.br\/blog\/#website\",\"url\":\"https:\/\/www.estrategiaconcursos.com.br\/blog\/\",\"name\":\"Estrat\u00e9gia Concursos\",\"description\":\"O blog da Estrat\u00e9gia Concursos traz not\u00edcias sobre concursos e artigos de professores oferecendo cursos para concursos (pdf + videaulas) no site.\",\"publisher\":{\"@id\":\"https:\/\/www.estrategiaconcursos.com.br\/blog\/#organization\"},\"potentialAction\":[{\"@type\":\"SearchAction\",\"target\":{\"@type\":\"EntryPoint\",\"urlTemplate\":\"https:\/\/www.estrategiaconcursos.com.br\/blog\/?s={search_term_string}\"},\"query-input\":{\"@type\":\"PropertyValueSpecification\",\"valueRequired\":true,\"valueName\":\"search_term_string\"}}],\"inLanguage\":\"pt-BR\"},{\"@type\":\"Organization\",\"@id\":\"https:\/\/www.estrategiaconcursos.com.br\/blog\/#organization\",\"name\":\"Estrat\u00e9gia Concursos\",\"url\":\"https:\/\/www.estrategiaconcursos.com.br\/blog\/\",\"logo\":{\"@type\":\"ImageObject\",\"inLanguage\":\"pt-BR\",\"@id\":\"https:\/\/www.estrategiaconcursos.com.br\/blog\/#\/schema\/logo\/image\/\",\"url\":\"https:\/\/dhg1h5j42swfq.cloudfront.net\/2025\/06\/03203428\/logo_concursos-1.jpg\",\"contentUrl\":\"https:\/\/dhg1h5j42swfq.cloudfront.net\/2025\/06\/03203428\/logo_concursos-1.jpg\",\"width\":230,\"height\":60,\"caption\":\"Estrat\u00e9gia Concursos\"},\"image\":{\"@id\":\"https:\/\/www.estrategiaconcursos.com.br\/blog\/#\/schema\/logo\/image\/\"},\"sameAs\":[\"https:\/\/x.com\/EstratConcursos\"]},{\"@type\":\"Person\",\"@id\":\"https:\/\/www.estrategiaconcursos.com.br\/blog\/#\/schema\/person\/fafa796d79e5878f5b14eb6200f3771f\",\"name\":\"Poly Aparecida\",\"image\":{\"@type\":\"ImageObject\",\"inLanguage\":\"pt-BR\",\"@id\":\"https:\/\/secure.gravatar.com\/avatar\/63b9411b01360e73f128599127db3d727a6315ceea19401f1c5a4610c7391685?s=96&d=mm&r=g\",\"url\":\"https:\/\/secure.gravatar.com\/avatar\/63b9411b01360e73f128599127db3d727a6315ceea19401f1c5a4610c7391685?s=96&d=mm&r=g\",\"contentUrl\":\"https:\/\/secure.gravatar.com\/avatar\/63b9411b01360e73f128599127db3d727a6315ceea19401f1c5a4610c7391685?s=96&d=mm&r=g\",\"caption\":\"Poly Aparecida\"},\"url\":\"https:\/\/www.estrategiaconcursos.com.br\/blog\/author\/polymoitagmail-com\/\"}]}<\/script>\n<!-- \/ Yoast SEO Premium plugin. -->","yoast_head_json":{"title":"EBSERH: voc\u00ea sabe o que \u00e9? Fique por dentro dessa oportunidade!","description":"Venho hoje responder um questionamento muito frequente que est\u00e1 ocorrendo entre os concurseiros de plant\u00e3o de todas as \u00e1reas! O que afinal \u00e9 a EBSERH?","robots":{"index":"index","follow":"follow","max-snippet":"max-snippet:-1","max-image-preview":"max-image-preview:large","max-video-preview":"max-video-preview:-1"},"canonical":"https:\/\/www.estrategiaconcursos.com.br\/blog\/ebserh\/","og_locale":"pt_BR","og_type":"article","og_title":"EBSERH: voc\u00ea sabe o que \u00e9? Fique por dentro dessa oportunidade!","og_description":"Venho hoje responder um questionamento muito frequente que est\u00e1 ocorrendo entre os concurseiros de plant\u00e3o de todas as \u00e1reas! O que afinal \u00e9 a EBSERH?","og_url":"https:\/\/www.estrategiaconcursos.com.br\/blog\/ebserh\/","og_site_name":"Estrat\u00e9gia Concursos","article_published_time":"2016-07-12T21:51:59+00:00","article_modified_time":"2022-09-22T21:09:59+00:00","og_image":[{"width":300,"height":155,"url":"https:\/\/dhg1h5j42swfq.cloudfront.net\/2016\/07\/06145005\/ebserh-convoca-1196-profissionais-para-14-hospitais-e-sede-300x155.png","type":"image\/png"}],"author":"Poly Aparecida","twitter_card":"summary_large_image","twitter_creator":"@EstratConcursos","twitter_site":"@EstratConcursos","twitter_misc":{"Escrito por":"Poly Aparecida","Est. tempo de leitura":"5 minutos"},"schema":{"@context":"https:\/\/schema.org","@graph":[{"@type":"NewsArticle","@id":"https:\/\/www.estrategiaconcursos.com.br\/blog\/ebserh\/#article","isPartOf":{"@id":"https:\/\/www.estrategiaconcursos.com.br\/blog\/ebserh\/"},"author":{"name":"Poly Aparecida","@id":"https:\/\/www.estrategiaconcursos.com.br\/blog\/#\/schema\/person\/fafa796d79e5878f5b14eb6200f3771f"},"headline":"EBSERH: voc\u00ea sabe o que \u00e9? Fique por dentro dessa oportunidade!","datePublished":"2016-07-12T21:51:59+00:00","dateModified":"2022-09-22T21:09:59+00:00","mainEntityOfPage":{"@id":"https:\/\/www.estrategiaconcursos.com.br\/blog\/ebserh\/"},"wordCount":973,"commentCount":1,"publisher":{"@id":"https:\/\/www.estrategiaconcursos.com.br\/blog\/#organization"},"image":{"@id":"https:\/\/www.estrategiaconcursos.com.br\/blog\/ebserh\/#primaryimage"},"thumbnailUrl":"https:\/\/dhg1h5j42swfq.cloudfront.net\/2016\/07\/06145005\/ebserh-convoca-1196-profissionais-para-14-hospitais-e-sede-300x155.png","articleSection":["Concursos P\u00fablicos","Sa\u00fade"],"inLanguage":"pt-BR","potentialAction":[{"@type":"CommentAction","name":"Comment","target":["https:\/\/www.estrategiaconcursos.com.br\/blog\/ebserh\/#respond"]}],"copyrightYear":"2016","copyrightHolder":{"@id":"https:\/\/www.estrategiaconcursos.com.br\/blog\/#organization"}},{"@type":"WebPage","@id":"https:\/\/www.estrategiaconcursos.com.br\/blog\/ebserh\/","url":"https:\/\/www.estrategiaconcursos.com.br\/blog\/ebserh\/","name":"EBSERH: voc\u00ea sabe o que \u00e9? Fique por dentro dessa oportunidade!","isPartOf":{"@id":"https:\/\/www.estrategiaconcursos.com.br\/blog\/#website"},"primaryImageOfPage":{"@id":"https:\/\/www.estrategiaconcursos.com.br\/blog\/ebserh\/#primaryimage"},"image":{"@id":"https:\/\/www.estrategiaconcursos.com.br\/blog\/ebserh\/#primaryimage"},"thumbnailUrl":"https:\/\/dhg1h5j42swfq.cloudfront.net\/2016\/07\/06145005\/ebserh-convoca-1196-profissionais-para-14-hospitais-e-sede-300x155.png","datePublished":"2016-07-12T21:51:59+00:00","dateModified":"2022-09-22T21:09:59+00:00","description":"Venho hoje responder um questionamento muito frequente que est\u00e1 ocorrendo entre os concurseiros de plant\u00e3o de todas as \u00e1reas! O que afinal \u00e9 a EBSERH?","breadcrumb":{"@id":"https:\/\/www.estrategiaconcursos.com.br\/blog\/ebserh\/#breadcrumb"},"inLanguage":"pt-BR","potentialAction":[{"@type":"ReadAction","target":["https:\/\/www.estrategiaconcursos.com.br\/blog\/ebserh\/"]}]},{"@type":"ImageObject","inLanguage":"pt-BR","@id":"https:\/\/www.estrategiaconcursos.com.br\/blog\/ebserh\/#primaryimage","url":"https:\/\/dhg1h5j42swfq.cloudfront.net\/2016\/07\/06145005\/ebserh-convoca-1196-profissionais-para-14-hospitais-e-sede-300x155.png","contentUrl":"https:\/\/dhg1h5j42swfq.cloudfront.net\/2016\/07\/06145005\/ebserh-convoca-1196-profissionais-para-14-hospitais-e-sede-300x155.png","width":300,"height":155,"caption":"ebserh"},{"@type":"BreadcrumbList","@id":"https:\/\/www.estrategiaconcursos.com.br\/blog\/ebserh\/#breadcrumb","itemListElement":[{"@type":"ListItem","position":1,"name":"In\u00edcio","item":"https:\/\/www.estrategiaconcursos.com.br\/blog\/"},{"@type":"ListItem","position":2,"name":"EBSERH: voc\u00ea sabe o que \u00e9? Fique por dentro dessa oportunidade!"}]},{"@type":"WebSite","@id":"https:\/\/www.estrategiaconcursos.com.br\/blog\/#website","url":"https:\/\/www.estrategiaconcursos.com.br\/blog\/","name":"Estrat\u00e9gia Concursos","description":"O blog da Estrat\u00e9gia Concursos traz not\u00edcias sobre concursos e artigos de professores oferecendo cursos para concursos (pdf + videaulas) no site.","publisher":{"@id":"https:\/\/www.estrategiaconcursos.com.br\/blog\/#organization"},"potentialAction":[{"@type":"SearchAction","target":{"@type":"EntryPoint","urlTemplate":"https:\/\/www.estrategiaconcursos.com.br\/blog\/?s={search_term_string}"},"query-input":{"@type":"PropertyValueSpecification","valueRequired":true,"valueName":"search_term_string"}}],"inLanguage":"pt-BR"},{"@type":"Organization","@id":"https:\/\/www.estrategiaconcursos.com.br\/blog\/#organization","name":"Estrat\u00e9gia Concursos","url":"https:\/\/www.estrategiaconcursos.com.br\/blog\/","logo":{"@type":"ImageObject","inLanguage":"pt-BR","@id":"https:\/\/www.estrategiaconcursos.com.br\/blog\/#\/schema\/logo\/image\/","url":"https:\/\/dhg1h5j42swfq.cloudfront.net\/2025\/06\/03203428\/logo_concursos-1.jpg","contentUrl":"https:\/\/dhg1h5j42swfq.cloudfront.net\/2025\/06\/03203428\/logo_concursos-1.jpg","width":230,"height":60,"caption":"Estrat\u00e9gia Concursos"},"image":{"@id":"https:\/\/www.estrategiaconcursos.com.br\/blog\/#\/schema\/logo\/image\/"},"sameAs":["https:\/\/x.com\/EstratConcursos"]},{"@type":"Person","@id":"https:\/\/www.estrategiaconcursos.com.br\/blog\/#\/schema\/person\/fafa796d79e5878f5b14eb6200f3771f","name":"Poly Aparecida","image":{"@type":"ImageObject","inLanguage":"pt-BR","@id":"https:\/\/secure.gravatar.com\/avatar\/63b9411b01360e73f128599127db3d727a6315ceea19401f1c5a4610c7391685?s=96&d=mm&r=g","url":"https:\/\/secure.gravatar.com\/avatar\/63b9411b01360e73f128599127db3d727a6315ceea19401f1c5a4610c7391685?s=96&d=mm&r=g","contentUrl":"https:\/\/secure.gravatar.com\/avatar\/63b9411b01360e73f128599127db3d727a6315ceea19401f1c5a4610c7391685?s=96&d=mm&r=g","caption":"Poly Aparecida"},"url":"https:\/\/www.estrategiaconcursos.com.br\/blog\/author\/polymoitagmail-com\/"}]}},"_links":{"self":[{"href":"https:\/\/www.estrategiaconcursos.com.br\/blog\/wp-json\/wp\/v2\/posts\/43446","targetHints":{"allow":["GET"]}}],"collection":[{"href":"https:\/\/www.estrategiaconcursos.com.br\/blog\/wp-json\/wp\/v2\/posts"}],"about":[{"href":"https:\/\/www.estrategiaconcursos.com.br\/blog\/wp-json\/wp\/v2\/types\/post"}],"author":[{"embeddable":true,"href":"https:\/\/www.estrategiaconcursos.com.br\/blog\/wp-json\/wp\/v2\/users\/310"}],"replies":[{"embeddable":true,"href":"https:\/\/www.estrategiaconcursos.com.br\/blog\/wp-json\/wp\/v2\/comments?post=43446"}],"version-history":[{"count":11,"href":"https:\/\/www.estrategiaconcursos.com.br\/blog\/wp-json\/wp\/v2\/posts\/43446\/revisions"}],"predecessor-version":[{"id":1099083,"href":"https:\/\/www.estrategiaconcursos.com.br\/blog\/wp-json\/wp\/v2\/posts\/43446\/revisions\/1099083"}],"wp:featuredmedia":[{"embeddable":true,"href":"https:\/\/www.estrategiaconcursos.com.br\/blog\/wp-json\/wp\/v2\/media\/45708"}],"wp:attachment":[{"href":"https:\/\/www.estrategiaconcursos.com.br\/blog\/wp-json\/wp\/v2\/media?parent=43446"}],"wp:term":[{"taxonomy":"category","embeddable":true,"href":"https:\/\/www.estrategiaconcursos.com.br\/blog\/wp-json\/wp\/v2\/categories?post=43446"},{"taxonomy":"post_tag","embeddable":true,"href":"https:\/\/www.estrategiaconcursos.com.br\/blog\/wp-json\/wp\/v2\/tags?post=43446"},{"taxonomy":"tax_estado","embeddable":true,"href":"https:\/\/www.estrategiaconcursos.com.br\/blog\/wp-json\/wp\/v2\/tax_estado?post=43446"}],"curies":[{"name":"wp","href":"https:\/\/api.w.org\/{rel}","templated":true}]}}