{"id":434371,"date":"2019-10-15T10:57:29","date_gmt":"2019-10-15T13:57:29","guid":{"rendered":"https:\/\/www.estrategiaconcursos.com.br\/blog\/?p=434371"},"modified":"2019-10-15T10:57:32","modified_gmt":"2019-10-15T13:57:32","slug":"entrevista-joao-pedro-de-oliveira-barreto-aprovado-no-concurso-agu","status":"publish","type":"post","link":"https:\/\/www.estrategiaconcursos.com.br\/blog\/entrevista-joao-pedro-de-oliveira-barreto-aprovado-no-concurso-agu\/","title":{"rendered":"ENTREVISTA: Jo\u00e3o Pedro de Oliveira Barreto &#8211; Aprovado no concurso AGU no cargo de Administrador"},"content":{"rendered":"\n<div class=\"wp-block-image\"><figure class=\"alignleft is-resized\"><img loading=\"lazy\" decoding=\"async\" src=\"https:\/\/dhg1h5j42swfq.cloudfront.net\/2019\/10\/15105450\/foto-para-estrat%C3%A9gia.jpg\" alt=\"\" class=\"wp-image-434379\" width=\"186\" height=\"355\" srcset=\"https:\/\/dhg1h5j42swfq.cloudfront.net\/2019\/10\/15105450\/foto-para-estrat%C3%A9gia.jpg 503w, https:\/\/dhg1h5j42swfq.cloudfront.net\/2019\/10\/15105450\/foto-para-estrat%C3%A9gia.jpg 157w\" sizes=\"auto, (max-width: 186px) 100vw, 186px\" \/><\/figure><\/div>\n\n\n\n<p style=\"text-align:center\">&#8220;<em><strong>Meu conselho \u00e9 acreditar em seu sonho, n\u00e3o importa o qu\u00e3o inalcan\u00e7\u00e1vel ele pare\u00e7a. Com muito esfor\u00e7o e dedica\u00e7\u00e3o, qualquer sonho pode virar realidade!<\/strong><\/em>&#8220;<\/p>\n\n\n\n<p>Confira nossa entrevista com Jo\u00e3o Pedro de Oliveira Barreto, aprovado no concurso da Advocacia-Geral da Uni\u00e3o no cargo de Administrador: <\/p>\n\n\n\n<p><strong>Estrat\u00e9gia Concursos: Conte-nos um pouco sobre voc\u00ea, para que nossos leitores possam te conhecer melhor. Voc\u00ea \u00e9 formado em que \u00e1rea? Qual sua idade? De onde voc\u00ea \u00e9? <\/strong><\/p>\n\n\n\n<p><strong>Jo\u00e3o Pedro:<\/strong> Tenho 29 anos e moro na Grande Florian\u00f3polis. Sou formado em Administra\u00e7\u00e3o Empresarial.<\/p>\n\n\n\n<p><strong>Estrat\u00e9gia: O que te levou a tomar a decis\u00e3o de come\u00e7ar a estudar para concursos?<\/strong><\/p>\n\n\n\n<p><strong>Jo\u00e3o:<\/strong> Depois que terminei a gradua\u00e7\u00e3o, percebi que a realidade da iniciativa privada na minha \u00e1rea n\u00e3o era t\u00e3o positiva quanto eu imaginava, a partir da\u00ed, comecei a me interessar mais pelo mundo dos concursos.<\/p>\n\n\n\n<p><strong>Estrat\u00e9gia: Durante sua caminhada como concurseiro, voc\u00ea trabalhava e estudava (como conciliava trabalho e estudos?), ou se dedicava inteiramente aos estudos para concurso? <\/strong><\/p>\n\n\n\n<p><strong>Jo\u00e3o:<\/strong> No in\u00edcio eu me dedicava integralmente aos estudos, no entanto, desde o ano passado, quando entrei em exerc\u00edcio na UFSC, venho conciliando trabalho com estudos.<\/p>\n\n\n\n<p><strong>Estrat\u00e9gia: Quantos e em quais concursos j\u00e1 foi aprovado? Qual o \u00faltimo? Em qual cargo e em que coloca\u00e7\u00e3o?<\/strong><\/p>\n\n\n\n<p><strong>Jo\u00e3o: <\/strong>J\u00e1 obtive algumas aprova\u00e7\u00f5es. Os concursos em que fui nomeado foram os seguintes: <\/p>\n\n\n\n<ul class=\"wp-block-list\"><li>Assistente Administrativo no CRO\/SC e na UFSC em 2017<\/li><li>Assistente Administrativo na UDESC<\/li><li>Analista no IPHAN <\/li><li>Administrador na UFSC (cargo que ocupo hoje) em 2018<\/li><li> O \u00faltimo concurso que fiz foi para Administrador na AGU, em que fiquei na 30\u00aa coloca\u00e7\u00e3o nacional, dentro do n\u00famero de vagas do edital.<\/li><\/ul>\n\n\n\n<p><strong>Estrat\u00e9gia: Qual foi sua sensa\u00e7\u00e3o ao ver seu nome na lista dos aprovados\/classificados?<\/strong><\/p>\n\n\n\n<p><strong>Jo\u00e3o:<\/strong> \u00c9 uma sensa\u00e7\u00e3o de dever cumprido, de valida\u00e7\u00e3o por todo tempo e esfor\u00e7o despendido estudando.<\/p>\n\n\n\n<p><strong>Estrat\u00e9gia: Como era sua vida social durante a prepara\u00e7\u00e3o para concursos? Voc\u00ea sa\u00eda com amigos, fam\u00edlia, etc? Ou adotou uma postura radical, abdicando do conv\u00edvio social?<\/strong><\/p>\n\n\n\n<p><strong>Jo\u00e3o:<\/strong> Eu adotei uma postura mais radical, por vezes at\u00e9 abdicando de horas de sono ou lazer para cumprir minhas metas. Em linhas gerais, de segunda a s\u00e1bado minha prepara\u00e7\u00e3o \u00e9 o mais regrada poss\u00edvel, sem sa\u00eddas da rotina e sempre cumprindo as horas l\u00edquidas de estudo estipuladas.<\/p>\n\n\n\n<p>Um fator que julgo importante foi ter exclu\u00eddo as redes sociais, o que me permitiu poupar v\u00e1rios minutos ociosos que fazem a diferen\u00e7a no final do dia. <\/p>\n\n\n\n<p><strong>Estrat\u00e9gia: Voc\u00ea \u00e9 casado? Tem filhos? Namora? Mora com seus pais? Sua fam\u00edlia entendeu e apoiou sua caminhada como concurseiro? Se sim, de que forma? <\/strong><\/p>\n\n\n\n<p><strong>Jo\u00e3o:<\/strong> N\u00e3o sou casado e nem tenho filhos. Moro com meus pais, os quais sempre me apoiaram e deram todo o suporte para que eu pudesse me dedicar com tranquilidade aos estudos para concurso.<br \/> &nbsp;<br \/><strong>Estrat\u00e9gia: Voc\u00ea acha que vale a pena fazer outros concursos, com foco diferente daquele concurso que \u00e9 realmente seu objetivo maior? <\/strong><\/p>\n\n\n\n<p><strong>Jo\u00e3o:<\/strong> Acredito que somente vale \u00e0 pena caso as mat\u00e9rias sejam semelhantes, de forma que os \u201cconcursos escada\u201d n\u00e3o atrapalhem a prepara\u00e7\u00e3o para o concurso desejado. <\/p>\n\n\n\n<p><strong>Estrat\u00e9gia: Voc\u00ea estudou por quanto tempo direcionado ao concurso que foi aprovado? <\/strong><\/p>\n\n\n\n<p><strong>Jo\u00e3o:<\/strong> Estudei por volta de 2 meses direcionado para o concurso da AGU. Anteriormente vinha me preparando para o concurso do MPU, ent\u00e3o s\u00f3 foquei na prova da AGU na reta final p\u00f3s-edital.<\/p>\n\n\n\n<p><strong>Estrat\u00e9gia: Chegou a estudar sem ter edital na pra\u00e7a? Durante esse tempo, como voc\u00ea fazia para manter a disciplina nos estudos?<\/strong><\/p>\n\n\n\n<p><strong>Jo\u00e3o:<\/strong> J\u00e1 estudei sem ter edital na pra\u00e7a, inclusive foi uma \u00e9poca em que pude construir uma excelente base nas principais mat\u00e9rias. Nesse per\u00edodo, uma ferramenta que me ajudou a manter a disciplina foi fazer simulados. Embora eles n\u00e3o repliquem todo o estresse do dia da prova, s\u00e3o de grande valia para avaliarmos em que p\u00e9 realmente est\u00e1 nosso n\u00edvel de prepara\u00e7\u00e3o.<\/p>\n\n\n\n<p><strong>Estrat\u00e9gia: Que materiais voc\u00ea usou em sua prepara\u00e7\u00e3o para o concurso? Aulas presenciais, telepresenciais, livros, cursos em PDF, videoaulas? Quais foram as principais vantagens e desvantagens de cada um?<\/strong><\/p>\n\n\n\n<p><strong>Jo\u00e3o:<\/strong> Quando comecei a estudar, frequentava cursos presenciais. Contudo, percebi que estudar em casa \u00e9 muito mais vantajoso, al\u00e9m de economizar com deslocamento e afins.<\/p>\n\n\n\n<p>Em torno de 70% do meu tempo de estudos \u00e9 direcionado a PDFs, livros e resolu\u00e7\u00e3o de quest\u00f5es. O restante utilizo para assistir videoaulas, principalmente no final do dia, momento em que j\u00e1 estou mais cansado.<\/p>\n\n\n\n<p>Na minha opini\u00e3o, o n\u00facleo fundamental dos estudos \u00e9 leitura e resolu\u00e7\u00e3o de muitos exerc\u00edcios. J\u00e1 as videoaulas podem ser interessantes em um assunto em que voc\u00ea tenha dificuldades, apresentando outras formas de assimila\u00e7\u00e3o do conte\u00fado.<\/p>\n\n\n\n<p><strong>Estrat\u00e9gia: Como conheceu o Estrat\u00e9gia Concursos? <\/strong><\/p>\n\n\n\n<p><strong>Jo\u00e3o:<\/strong> Conheci no conv\u00edvio com outros concurseiros, todos sempre falaram muito bem do Estrat\u00e9gia.<\/p>\n\n\n\n<p><strong>Estrat\u00e9gia: Uma das principais dificuldades de todo o concursando \u00e9 a quantidade de assuntos que devem ser memorizados. Como voc\u00ea fez para estudar todo o conte\u00fado do concurso? Falando de modo mais espec\u00edfico: voc\u00ea estudava v\u00e1rias mat\u00e9rias ao mesmo tempo? Quantas? Costumava fazer resumos? Focava mais em exerc\u00edcios, ou na leitura e releitura da teoria? Como montou seu plano de estudos? Quantas horas por dia costumava estudar?<\/strong><\/p>\n\n\n\n<p><strong>Jo\u00e3o: <\/strong>Sempre estudei m\u00faltiplas mat\u00e9rias por dia. Em linhas gerais, divido os assuntos em blocos de no m\u00e1ximo 1 hora, seguidos de resolu\u00e7\u00e3o de v\u00e1rias quest\u00f5es. <\/p>\n\n\n\n<p>Na prepara\u00e7\u00e3o para o concurso da AGU, minha rotina iniciava \u00e0s 04:00, per\u00edodo em que eu tentava estudar pelo menos 2 horas antes do trabalho. No final do dia eu ainda estudava de 2 a 3 horas, tentando totalizar 5 horas l\u00edquidas de estudo por dia.<\/p>\n\n\n\n<p><strong>Estrat\u00e9gia: Voc\u00ea tinha mais dificuldades em alguma(s) disciplina(s)? Quais? Como voc\u00ea fez para superar estas dificuldades?<\/strong><\/p>\n\n\n\n<p><strong>Jo\u00e3o:<\/strong> Quando comecei a estudar tinha muita dificuldade nas mat\u00e9rias de direito. As coisas s\u00f3 melhoraram depois que encarei de frente e comecei a revis\u00e1-las com uma frequ\u00eancia maior.<\/p>\n\n\n\n<p>Hoje direito administrativo e direito constitucional s\u00e3o duas das minhas mat\u00e9rias prediletas.<br \/> &nbsp;&nbsp;<br \/><strong>Estrat\u00e9gia: A reta final \u00e9 sempre um per\u00edodo estressante. Como foi sua rotina de estudos na semana que antecedeu a prova? E v\u00e9spera de prova: foi dia de descanso ou dia de estudo?<\/strong><\/p>\n\n\n\n<p><strong>Jo\u00e3o:<\/strong> Na semana da prova costumo dar aquele sprint final e aumento consideravelmente a carga de estudos. Na v\u00e9spera da prova n\u00e3o \u00e9 diferente, assisto aos aul\u00f5es e reviso algum assunto que demande \u201cdecoreba\u201d de \u00faltima hora.<br \/> &nbsp;<br \/><strong>Estrat\u00e9gia: No seu concurso, tivemos, al\u00e9m das provas objetivas, as provas discursivas. Como foi seu estudo para esta importante parte do certame? O que voc\u00ea aconselha?<\/strong><\/p>\n\n\n\n<p><strong>Jo\u00e3o:<\/strong> Para a prova discursiva eu contratei um curso espec\u00edfico de corre\u00e7\u00e3o de reda\u00e7\u00e3o. Entretanto, deveria ter me preparado com mais anteced\u00eancia. Minha nota da reda\u00e7\u00e3o ficou aqu\u00e9m do que eu poderia ter rendido, o que me custou algumas coloca\u00e7\u00f5es.<br \/> &nbsp;<br \/><strong>Estrat\u00e9gia: Se voc\u00ea tivesse que apontar ERROS em sua prepara\u00e7\u00e3o (se \u00e9 que houve), quais seriam? Diga-nos tamb\u00e9m quais foram os maiores ACERTOS?<\/strong><\/p>\n\n\n\n<p><strong>Jo\u00e3o: <\/strong>Quanto aos erros, minha prepara\u00e7\u00e3o para a reda\u00e7\u00e3o deixou a desejar. Em rela\u00e7\u00e3o aos acertos, aponto o foco e a disciplina com que me preparei, especialmente depois de a prova ter sido adiada por 2 meses al\u00e9m da data previamente marcada.&nbsp;&nbsp;<\/p>\n\n\n\n<p><strong>Estrat\u00e9gia: O que foi mais dif\u00edcil nessa caminhada rumo \u00e0 aprova\u00e7\u00e3o? Chegou a pensar, por algum momento, em desistir? Se sim, como fez para seguir em frente?<\/strong><\/p>\n\n\n\n<p><strong>Jo\u00e3o:<\/strong> O mais dif\u00edcil s\u00e3o os momentos de incerteza e press\u00e3o. Todavia, sempre penso que se est\u00e1 dif\u00edcil para mim, tamb\u00e9m est\u00e1 para os outros, o que faz a diferen\u00e7a \u00e9 a forma com que lidamos com as adversidades.<\/p>\n\n\n\n<p><strong>Estrat\u00e9gia: Qual foi sua principal motiva\u00e7\u00e3o? <\/strong><\/p>\n\n\n\n<p><strong>Jo\u00e3o:<\/strong> Obviamente o sal\u00e1rio atrativo e a estabilidade s\u00e3o bastante atraentes. Mas algo que valorizo muito \u00e9 o aspecto competitivo, a sensa\u00e7\u00e3o de disputar algo com milhares de pessoas e conseguir alcan\u00e7ar seu objetivo \u00e9 algo que me abastece de motiva\u00e7\u00e3o.<\/p>\n\n\n\n<p><strong>Estrat\u00e9gia: Por fim, o que voc\u00ea aconselharia a algu\u00e9m que est\u00e1 iniciando seus estudos para concurso? Deixe sua mensagem para todos aqueles que um dia almejam chegar aonde voc\u00ea chegou!<\/strong><\/p>\n\n\n\n<p><strong>Jo\u00e3o:<\/strong> Meu conselho \u00e9 acreditar em seu sonho, n\u00e3o importa o qu\u00e3o inalcan\u00e7\u00e1vel ele pare\u00e7a. Com muito esfor\u00e7o e dedica\u00e7\u00e3o, qualquer sonho pode virar realidade!<\/p>\n\n\n\n<p><strong>Confira outras entrevistas em:<\/strong><\/p>\n\n\n\n<p><a href=\"https:\/\/www.estrategiaconcursos.com.br\/depoimentos\/\" target=\"_blank\" rel=\"noreferrer noopener\">Depoimentos de Aprovados<\/a><\/p>\n\n\n\n<p><a href=\"https:\/\/www.estrategiaconcursos.com.br\/cursos\/concurso\" target=\"_blank\" rel=\"noreferrer noopener\">Cursos Online para Concursos<\/a><\/p>\n\n\n\n<p style=\"text-align:center\"><strong><em>Foi aprovado e deseja dividir com a gente e com outros concurseiros como foi sua trajet\u00f3ria at\u00e9 a aprova\u00e7\u00e3o?! Mande um e-mail para:&nbsp;<\/em><\/strong><strong>comunicacao@estrategiaconcursos.com.br<\/strong><\/p>\n\n\n\n<p>Abra\u00e7os,<\/p>\n\n\n\n<p>Tha\u00eds Mendes<\/p>\n\n\n","protected":false},"excerpt":{"rendered":"<p>&#8220;Meu conselho \u00e9 acreditar em seu sonho, n\u00e3o importa o qu\u00e3o inalcan\u00e7\u00e1vel ele pare\u00e7a. Com muito esfor\u00e7o e dedica\u00e7\u00e3o, qualquer sonho pode virar realidade!&#8220; Confira nossa entrevista com Jo\u00e3o Pedro de Oliveira Barreto, aprovado no concurso da Advocacia-Geral da Uni\u00e3o no cargo de Administrador: Estrat\u00e9gia Concursos: Conte-nos um pouco sobre voc\u00ea, para que nossos leitores [&hellip;]<\/p>\n","protected":false},"author":1,"featured_media":434381,"comment_status":"open","ping_status":"closed","sticky":false,"template":"","format":"standard","meta":{"post_tipo":"news","footnotes":""},"categories":[1],"tags":[],"tax_estado":[],"class_list":["post-434371","post","type-post","status-publish","format-standard","has-post-thumbnail","hentry","category-cursos-e-concursos"],"acf":[],"yoast_head":"<!-- This site is optimized with the Yoast SEO Premium plugin v27.2 (Yoast SEO v27.2) - https:\/\/yoast.com\/product\/yoast-seo-premium-wordpress\/ -->\n<title>ENTREVISTA: Jo\u00e3o Pedro de Oliveira Barreto - Aprovado no concurso AGU no cargo de Administrador<\/title>\n<meta name=\"description\" content=\"Confira nossa entrevista com Jo\u00e3o Pedro de Oliveira Barreto, aprovado no concurso da Advocacia-Geral da Uni\u00e3o no cargo de Administrador\" \/>\n<meta name=\"robots\" content=\"index, follow, max-snippet:-1, max-image-preview:large, max-video-preview:-1\" \/>\n<link rel=\"canonical\" href=\"https:\/\/www.estrategiaconcursos.com.br\/blog\/entrevista-joao-pedro-de-oliveira-barreto-aprovado-no-concurso-agu\/\" \/>\n<meta property=\"og:locale\" content=\"pt_BR\" \/>\n<meta property=\"og:type\" content=\"article\" \/>\n<meta property=\"og:title\" content=\"ENTREVISTA: Jo\u00e3o Pedro de Oliveira Barreto - Aprovado no concurso AGU no cargo de Administrador\" \/>\n<meta property=\"og:description\" content=\"Confira nossa entrevista com Jo\u00e3o Pedro de Oliveira Barreto, aprovado no concurso da Advocacia-Geral da Uni\u00e3o no cargo de Administrador\" \/>\n<meta property=\"og:url\" content=\"https:\/\/www.estrategiaconcursos.com.br\/blog\/entrevista-joao-pedro-de-oliveira-barreto-aprovado-no-concurso-agu\/\" \/>\n<meta property=\"og:site_name\" content=\"Estrat\u00e9gia Concursos\" \/>\n<meta property=\"article:author\" content=\"https:\/\/www.facebook.com\/EstrategiaConcursos\" \/>\n<meta property=\"article:published_time\" content=\"2019-10-15T13:57:29+00:00\" \/>\n<meta property=\"article:modified_time\" content=\"2019-10-15T13:57:32+00:00\" \/>\n<meta property=\"og:image\" content=\"https:\/\/dhg1h5j42swfq.cloudfront.net\/2019\/10\/15105532\/foto.joao_.jpg\" \/>\n\t<meta property=\"og:image:width\" content=\"485\" \/>\n\t<meta property=\"og:image:height\" content=\"250\" \/>\n\t<meta property=\"og:image:type\" content=\"image\/jpeg\" \/>\n<meta name=\"author\" content=\"Coordena\u00e7\u00e3o\" \/>\n<meta name=\"twitter:card\" content=\"summary_large_image\" \/>\n<meta name=\"twitter:creator\" content=\"@EstratConcursos\" \/>\n<meta name=\"twitter:site\" content=\"@EstratConcursos\" \/>\n<meta name=\"twitter:label1\" content=\"Escrito por\" \/>\n\t<meta name=\"twitter:data1\" content=\"Coordena\u00e7\u00e3o\" \/>\n\t<meta name=\"twitter:label2\" content=\"Est. tempo de leitura\" \/>\n\t<meta name=\"twitter:data2\" content=\"8 minutos\" \/>\n<script type=\"application\/ld+json\" class=\"yoast-schema-graph\">{\"@context\":\"https:\/\/schema.org\",\"@graph\":[{\"@type\":\"NewsArticle\",\"@id\":\"https:\/\/www.estrategiaconcursos.com.br\/blog\/entrevista-joao-pedro-de-oliveira-barreto-aprovado-no-concurso-agu\/#article\",\"isPartOf\":{\"@id\":\"https:\/\/www.estrategiaconcursos.com.br\/blog\/entrevista-joao-pedro-de-oliveira-barreto-aprovado-no-concurso-agu\/\"},\"author\":{\"name\":\"Coordena\u00e7\u00e3o\",\"@id\":\"https:\/\/www.estrategiaconcursos.com.br\/blog\/#\/schema\/person\/b4a388c97673c5f483d72185668afa1f\"},\"headline\":\"ENTREVISTA: Jo\u00e3o Pedro de Oliveira Barreto &#8211; Aprovado no concurso AGU no cargo de Administrador\",\"datePublished\":\"2019-10-15T13:57:29+00:00\",\"dateModified\":\"2019-10-15T13:57:32+00:00\",\"mainEntityOfPage\":{\"@id\":\"https:\/\/www.estrategiaconcursos.com.br\/blog\/entrevista-joao-pedro-de-oliveira-barreto-aprovado-no-concurso-agu\/\"},\"wordCount\":1547,\"commentCount\":0,\"publisher\":{\"@id\":\"https:\/\/www.estrategiaconcursos.com.br\/blog\/#organization\"},\"image\":{\"@id\":\"https:\/\/www.estrategiaconcursos.com.br\/blog\/entrevista-joao-pedro-de-oliveira-barreto-aprovado-no-concurso-agu\/#primaryimage\"},\"thumbnailUrl\":\"https:\/\/dhg1h5j42swfq.cloudfront.net\/2019\/10\/15105532\/foto.joao_.jpg\",\"articleSection\":[\"Concursos P\u00fablicos\"],\"inLanguage\":\"pt-BR\",\"potentialAction\":[{\"@type\":\"CommentAction\",\"name\":\"Comment\",\"target\":[\"https:\/\/www.estrategiaconcursos.com.br\/blog\/entrevista-joao-pedro-de-oliveira-barreto-aprovado-no-concurso-agu\/#respond\"]}],\"copyrightYear\":\"2019\",\"copyrightHolder\":{\"@id\":\"https:\/\/www.estrategiaconcursos.com.br\/blog\/#organization\"}},{\"@type\":\"WebPage\",\"@id\":\"https:\/\/www.estrategiaconcursos.com.br\/blog\/entrevista-joao-pedro-de-oliveira-barreto-aprovado-no-concurso-agu\/\",\"url\":\"https:\/\/www.estrategiaconcursos.com.br\/blog\/entrevista-joao-pedro-de-oliveira-barreto-aprovado-no-concurso-agu\/\",\"name\":\"ENTREVISTA: Jo\u00e3o Pedro de Oliveira Barreto - Aprovado no concurso AGU no cargo de Administrador\",\"isPartOf\":{\"@id\":\"https:\/\/www.estrategiaconcursos.com.br\/blog\/#website\"},\"primaryImageOfPage\":{\"@id\":\"https:\/\/www.estrategiaconcursos.com.br\/blog\/entrevista-joao-pedro-de-oliveira-barreto-aprovado-no-concurso-agu\/#primaryimage\"},\"image\":{\"@id\":\"https:\/\/www.estrategiaconcursos.com.br\/blog\/entrevista-joao-pedro-de-oliveira-barreto-aprovado-no-concurso-agu\/#primaryimage\"},\"thumbnailUrl\":\"https:\/\/dhg1h5j42swfq.cloudfront.net\/2019\/10\/15105532\/foto.joao_.jpg\",\"datePublished\":\"2019-10-15T13:57:29+00:00\",\"dateModified\":\"2019-10-15T13:57:32+00:00\",\"description\":\"Confira nossa entrevista com Jo\u00e3o Pedro de Oliveira Barreto, aprovado no concurso da Advocacia-Geral da Uni\u00e3o no cargo de Administrador\",\"breadcrumb\":{\"@id\":\"https:\/\/www.estrategiaconcursos.com.br\/blog\/entrevista-joao-pedro-de-oliveira-barreto-aprovado-no-concurso-agu\/#breadcrumb\"},\"inLanguage\":\"pt-BR\",\"potentialAction\":[{\"@type\":\"ReadAction\",\"target\":[\"https:\/\/www.estrategiaconcursos.com.br\/blog\/entrevista-joao-pedro-de-oliveira-barreto-aprovado-no-concurso-agu\/\"]}]},{\"@type\":\"ImageObject\",\"inLanguage\":\"pt-BR\",\"@id\":\"https:\/\/www.estrategiaconcursos.com.br\/blog\/entrevista-joao-pedro-de-oliveira-barreto-aprovado-no-concurso-agu\/#primaryimage\",\"url\":\"https:\/\/dhg1h5j42swfq.cloudfront.net\/2019\/10\/15105532\/foto.joao_.jpg\",\"contentUrl\":\"https:\/\/dhg1h5j42swfq.cloudfront.net\/2019\/10\/15105532\/foto.joao_.jpg\",\"width\":485,\"height\":250},{\"@type\":\"BreadcrumbList\",\"@id\":\"https:\/\/www.estrategiaconcursos.com.br\/blog\/entrevista-joao-pedro-de-oliveira-barreto-aprovado-no-concurso-agu\/#breadcrumb\",\"itemListElement\":[{\"@type\":\"ListItem\",\"position\":1,\"name\":\"In\u00edcio\",\"item\":\"https:\/\/www.estrategiaconcursos.com.br\/blog\/\"},{\"@type\":\"ListItem\",\"position\":2,\"name\":\"ENTREVISTA: Jo\u00e3o Pedro de Oliveira Barreto &#8211; Aprovado no concurso AGU no cargo de Administrador\"}]},{\"@type\":\"WebSite\",\"@id\":\"https:\/\/www.estrategiaconcursos.com.br\/blog\/#website\",\"url\":\"https:\/\/www.estrategiaconcursos.com.br\/blog\/\",\"name\":\"Estrat\u00e9gia Concursos\",\"description\":\"O blog da Estrat\u00e9gia Concursos traz not\u00edcias sobre concursos e artigos de professores oferecendo cursos para concursos (pdf + videaulas) no site.\",\"publisher\":{\"@id\":\"https:\/\/www.estrategiaconcursos.com.br\/blog\/#organization\"},\"potentialAction\":[{\"@type\":\"SearchAction\",\"target\":{\"@type\":\"EntryPoint\",\"urlTemplate\":\"https:\/\/www.estrategiaconcursos.com.br\/blog\/?s={search_term_string}\"},\"query-input\":{\"@type\":\"PropertyValueSpecification\",\"valueRequired\":true,\"valueName\":\"search_term_string\"}}],\"inLanguage\":\"pt-BR\"},{\"@type\":\"Organization\",\"@id\":\"https:\/\/www.estrategiaconcursos.com.br\/blog\/#organization\",\"name\":\"Estrat\u00e9gia Concursos\",\"url\":\"https:\/\/www.estrategiaconcursos.com.br\/blog\/\",\"logo\":{\"@type\":\"ImageObject\",\"inLanguage\":\"pt-BR\",\"@id\":\"https:\/\/www.estrategiaconcursos.com.br\/blog\/#\/schema\/logo\/image\/\",\"url\":\"https:\/\/dhg1h5j42swfq.cloudfront.net\/2025\/06\/03203428\/logo_concursos-1.jpg\",\"contentUrl\":\"https:\/\/dhg1h5j42swfq.cloudfront.net\/2025\/06\/03203428\/logo_concursos-1.jpg\",\"width\":230,\"height\":60,\"caption\":\"Estrat\u00e9gia Concursos\"},\"image\":{\"@id\":\"https:\/\/www.estrategiaconcursos.com.br\/blog\/#\/schema\/logo\/image\/\"},\"sameAs\":[\"https:\/\/x.com\/EstratConcursos\"]},{\"@type\":\"Person\",\"@id\":\"https:\/\/www.estrategiaconcursos.com.br\/blog\/#\/schema\/person\/b4a388c97673c5f483d72185668afa1f\",\"name\":\"Coordena\u00e7\u00e3o\",\"image\":{\"@type\":\"ImageObject\",\"inLanguage\":\"pt-BR\",\"@id\":\"https:\/\/secure.gravatar.com\/avatar\/b720319e4c9a967eb58678d110f4fe35452fc5d5f97b202bac7b8acceb18c6ad?s=96&d=mm&r=g\",\"url\":\"https:\/\/secure.gravatar.com\/avatar\/b720319e4c9a967eb58678d110f4fe35452fc5d5f97b202bac7b8acceb18c6ad?s=96&d=mm&r=g\",\"contentUrl\":\"https:\/\/secure.gravatar.com\/avatar\/b720319e4c9a967eb58678d110f4fe35452fc5d5f97b202bac7b8acceb18c6ad?s=96&d=mm&r=g\",\"caption\":\"Coordena\u00e7\u00e3o\"},\"sameAs\":[\"https:\/\/www.facebook.com\/EstrategiaConcursos\",\"https:\/\/x.com\/EstratConcursos\"],\"url\":\"https:\/\/www.estrategiaconcursos.com.br\/blog\/author\/estrategia2013\/\"}]}<\/script>\n<!-- \/ Yoast SEO Premium plugin. -->","yoast_head_json":{"title":"ENTREVISTA: Jo\u00e3o Pedro de Oliveira Barreto - Aprovado no concurso AGU no cargo de Administrador","description":"Confira nossa entrevista com Jo\u00e3o Pedro de Oliveira Barreto, aprovado no concurso da Advocacia-Geral da Uni\u00e3o no cargo de Administrador","robots":{"index":"index","follow":"follow","max-snippet":"max-snippet:-1","max-image-preview":"max-image-preview:large","max-video-preview":"max-video-preview:-1"},"canonical":"https:\/\/www.estrategiaconcursos.com.br\/blog\/entrevista-joao-pedro-de-oliveira-barreto-aprovado-no-concurso-agu\/","og_locale":"pt_BR","og_type":"article","og_title":"ENTREVISTA: Jo\u00e3o Pedro de Oliveira Barreto - Aprovado no concurso AGU no cargo de Administrador","og_description":"Confira nossa entrevista com Jo\u00e3o Pedro de Oliveira Barreto, aprovado no concurso da Advocacia-Geral da Uni\u00e3o no cargo de Administrador","og_url":"https:\/\/www.estrategiaconcursos.com.br\/blog\/entrevista-joao-pedro-de-oliveira-barreto-aprovado-no-concurso-agu\/","og_site_name":"Estrat\u00e9gia Concursos","article_author":"https:\/\/www.facebook.com\/EstrategiaConcursos","article_published_time":"2019-10-15T13:57:29+00:00","article_modified_time":"2019-10-15T13:57:32+00:00","og_image":[{"width":485,"height":250,"url":"https:\/\/dhg1h5j42swfq.cloudfront.net\/2019\/10\/15105532\/foto.joao_.jpg","type":"image\/jpeg"}],"author":"Coordena\u00e7\u00e3o","twitter_card":"summary_large_image","twitter_creator":"@EstratConcursos","twitter_site":"@EstratConcursos","twitter_misc":{"Escrito por":"Coordena\u00e7\u00e3o","Est. tempo de leitura":"8 minutos"},"schema":{"@context":"https:\/\/schema.org","@graph":[{"@type":"NewsArticle","@id":"https:\/\/www.estrategiaconcursos.com.br\/blog\/entrevista-joao-pedro-de-oliveira-barreto-aprovado-no-concurso-agu\/#article","isPartOf":{"@id":"https:\/\/www.estrategiaconcursos.com.br\/blog\/entrevista-joao-pedro-de-oliveira-barreto-aprovado-no-concurso-agu\/"},"author":{"name":"Coordena\u00e7\u00e3o","@id":"https:\/\/www.estrategiaconcursos.com.br\/blog\/#\/schema\/person\/b4a388c97673c5f483d72185668afa1f"},"headline":"ENTREVISTA: Jo\u00e3o Pedro de Oliveira Barreto &#8211; Aprovado no concurso AGU no cargo de Administrador","datePublished":"2019-10-15T13:57:29+00:00","dateModified":"2019-10-15T13:57:32+00:00","mainEntityOfPage":{"@id":"https:\/\/www.estrategiaconcursos.com.br\/blog\/entrevista-joao-pedro-de-oliveira-barreto-aprovado-no-concurso-agu\/"},"wordCount":1547,"commentCount":0,"publisher":{"@id":"https:\/\/www.estrategiaconcursos.com.br\/blog\/#organization"},"image":{"@id":"https:\/\/www.estrategiaconcursos.com.br\/blog\/entrevista-joao-pedro-de-oliveira-barreto-aprovado-no-concurso-agu\/#primaryimage"},"thumbnailUrl":"https:\/\/dhg1h5j42swfq.cloudfront.net\/2019\/10\/15105532\/foto.joao_.jpg","articleSection":["Concursos P\u00fablicos"],"inLanguage":"pt-BR","potentialAction":[{"@type":"CommentAction","name":"Comment","target":["https:\/\/www.estrategiaconcursos.com.br\/blog\/entrevista-joao-pedro-de-oliveira-barreto-aprovado-no-concurso-agu\/#respond"]}],"copyrightYear":"2019","copyrightHolder":{"@id":"https:\/\/www.estrategiaconcursos.com.br\/blog\/#organization"}},{"@type":"WebPage","@id":"https:\/\/www.estrategiaconcursos.com.br\/blog\/entrevista-joao-pedro-de-oliveira-barreto-aprovado-no-concurso-agu\/","url":"https:\/\/www.estrategiaconcursos.com.br\/blog\/entrevista-joao-pedro-de-oliveira-barreto-aprovado-no-concurso-agu\/","name":"ENTREVISTA: Jo\u00e3o Pedro de Oliveira Barreto - Aprovado no concurso AGU no cargo de Administrador","isPartOf":{"@id":"https:\/\/www.estrategiaconcursos.com.br\/blog\/#website"},"primaryImageOfPage":{"@id":"https:\/\/www.estrategiaconcursos.com.br\/blog\/entrevista-joao-pedro-de-oliveira-barreto-aprovado-no-concurso-agu\/#primaryimage"},"image":{"@id":"https:\/\/www.estrategiaconcursos.com.br\/blog\/entrevista-joao-pedro-de-oliveira-barreto-aprovado-no-concurso-agu\/#primaryimage"},"thumbnailUrl":"https:\/\/dhg1h5j42swfq.cloudfront.net\/2019\/10\/15105532\/foto.joao_.jpg","datePublished":"2019-10-15T13:57:29+00:00","dateModified":"2019-10-15T13:57:32+00:00","description":"Confira nossa entrevista com Jo\u00e3o Pedro de Oliveira Barreto, aprovado no concurso da Advocacia-Geral da Uni\u00e3o no cargo de Administrador","breadcrumb":{"@id":"https:\/\/www.estrategiaconcursos.com.br\/blog\/entrevista-joao-pedro-de-oliveira-barreto-aprovado-no-concurso-agu\/#breadcrumb"},"inLanguage":"pt-BR","potentialAction":[{"@type":"ReadAction","target":["https:\/\/www.estrategiaconcursos.com.br\/blog\/entrevista-joao-pedro-de-oliveira-barreto-aprovado-no-concurso-agu\/"]}]},{"@type":"ImageObject","inLanguage":"pt-BR","@id":"https:\/\/www.estrategiaconcursos.com.br\/blog\/entrevista-joao-pedro-de-oliveira-barreto-aprovado-no-concurso-agu\/#primaryimage","url":"https:\/\/dhg1h5j42swfq.cloudfront.net\/2019\/10\/15105532\/foto.joao_.jpg","contentUrl":"https:\/\/dhg1h5j42swfq.cloudfront.net\/2019\/10\/15105532\/foto.joao_.jpg","width":485,"height":250},{"@type":"BreadcrumbList","@id":"https:\/\/www.estrategiaconcursos.com.br\/blog\/entrevista-joao-pedro-de-oliveira-barreto-aprovado-no-concurso-agu\/#breadcrumb","itemListElement":[{"@type":"ListItem","position":1,"name":"In\u00edcio","item":"https:\/\/www.estrategiaconcursos.com.br\/blog\/"},{"@type":"ListItem","position":2,"name":"ENTREVISTA: Jo\u00e3o Pedro de Oliveira Barreto &#8211; Aprovado no concurso AGU no cargo de Administrador"}]},{"@type":"WebSite","@id":"https:\/\/www.estrategiaconcursos.com.br\/blog\/#website","url":"https:\/\/www.estrategiaconcursos.com.br\/blog\/","name":"Estrat\u00e9gia Concursos","description":"O blog da Estrat\u00e9gia Concursos traz not\u00edcias sobre concursos e artigos de professores oferecendo cursos para concursos (pdf + videaulas) no site.","publisher":{"@id":"https:\/\/www.estrategiaconcursos.com.br\/blog\/#organization"},"potentialAction":[{"@type":"SearchAction","target":{"@type":"EntryPoint","urlTemplate":"https:\/\/www.estrategiaconcursos.com.br\/blog\/?s={search_term_string}"},"query-input":{"@type":"PropertyValueSpecification","valueRequired":true,"valueName":"search_term_string"}}],"inLanguage":"pt-BR"},{"@type":"Organization","@id":"https:\/\/www.estrategiaconcursos.com.br\/blog\/#organization","name":"Estrat\u00e9gia Concursos","url":"https:\/\/www.estrategiaconcursos.com.br\/blog\/","logo":{"@type":"ImageObject","inLanguage":"pt-BR","@id":"https:\/\/www.estrategiaconcursos.com.br\/blog\/#\/schema\/logo\/image\/","url":"https:\/\/dhg1h5j42swfq.cloudfront.net\/2025\/06\/03203428\/logo_concursos-1.jpg","contentUrl":"https:\/\/dhg1h5j42swfq.cloudfront.net\/2025\/06\/03203428\/logo_concursos-1.jpg","width":230,"height":60,"caption":"Estrat\u00e9gia Concursos"},"image":{"@id":"https:\/\/www.estrategiaconcursos.com.br\/blog\/#\/schema\/logo\/image\/"},"sameAs":["https:\/\/x.com\/EstratConcursos"]},{"@type":"Person","@id":"https:\/\/www.estrategiaconcursos.com.br\/blog\/#\/schema\/person\/b4a388c97673c5f483d72185668afa1f","name":"Coordena\u00e7\u00e3o","image":{"@type":"ImageObject","inLanguage":"pt-BR","@id":"https:\/\/secure.gravatar.com\/avatar\/b720319e4c9a967eb58678d110f4fe35452fc5d5f97b202bac7b8acceb18c6ad?s=96&d=mm&r=g","url":"https:\/\/secure.gravatar.com\/avatar\/b720319e4c9a967eb58678d110f4fe35452fc5d5f97b202bac7b8acceb18c6ad?s=96&d=mm&r=g","contentUrl":"https:\/\/secure.gravatar.com\/avatar\/b720319e4c9a967eb58678d110f4fe35452fc5d5f97b202bac7b8acceb18c6ad?s=96&d=mm&r=g","caption":"Coordena\u00e7\u00e3o"},"sameAs":["https:\/\/www.facebook.com\/EstrategiaConcursos","https:\/\/x.com\/EstratConcursos"],"url":"https:\/\/www.estrategiaconcursos.com.br\/blog\/author\/estrategia2013\/"}]}},"_links":{"self":[{"href":"https:\/\/www.estrategiaconcursos.com.br\/blog\/wp-json\/wp\/v2\/posts\/434371","targetHints":{"allow":["GET"]}}],"collection":[{"href":"https:\/\/www.estrategiaconcursos.com.br\/blog\/wp-json\/wp\/v2\/posts"}],"about":[{"href":"https:\/\/www.estrategiaconcursos.com.br\/blog\/wp-json\/wp\/v2\/types\/post"}],"author":[{"embeddable":true,"href":"https:\/\/www.estrategiaconcursos.com.br\/blog\/wp-json\/wp\/v2\/users\/1"}],"replies":[{"embeddable":true,"href":"https:\/\/www.estrategiaconcursos.com.br\/blog\/wp-json\/wp\/v2\/comments?post=434371"}],"version-history":[{"count":1,"href":"https:\/\/www.estrategiaconcursos.com.br\/blog\/wp-json\/wp\/v2\/posts\/434371\/revisions"}],"predecessor-version":[{"id":434387,"href":"https:\/\/www.estrategiaconcursos.com.br\/blog\/wp-json\/wp\/v2\/posts\/434371\/revisions\/434387"}],"wp:featuredmedia":[{"embeddable":true,"href":"https:\/\/www.estrategiaconcursos.com.br\/blog\/wp-json\/wp\/v2\/media\/434381"}],"wp:attachment":[{"href":"https:\/\/www.estrategiaconcursos.com.br\/blog\/wp-json\/wp\/v2\/media?parent=434371"}],"wp:term":[{"taxonomy":"category","embeddable":true,"href":"https:\/\/www.estrategiaconcursos.com.br\/blog\/wp-json\/wp\/v2\/categories?post=434371"},{"taxonomy":"post_tag","embeddable":true,"href":"https:\/\/www.estrategiaconcursos.com.br\/blog\/wp-json\/wp\/v2\/tags?post=434371"},{"taxonomy":"tax_estado","embeddable":true,"href":"https:\/\/www.estrategiaconcursos.com.br\/blog\/wp-json\/wp\/v2\/tax_estado?post=434371"}],"curies":[{"name":"wp","href":"https:\/\/api.w.org\/{rel}","templated":true}]}}