{"id":434335,"date":"2019-11-11T01:00:49","date_gmt":"2019-11-11T04:00:49","guid":{"rendered":"https:\/\/www.estrategiaconcursos.com.br\/blog\/?p=434335"},"modified":"2019-11-11T09:07:05","modified_gmt":"2019-11-11T12:07:05","slug":"concurso-prefeitura-aguas-de-santa-barbara","status":"publish","type":"post","link":"https:\/\/www.estrategiaconcursos.com.br\/blog\/concurso-prefeitura-aguas-de-santa-barbara\/","title":{"rendered":"Edital Prefeitura \u00c1guas de Santa B\u00e1rbara SP: inscri\u00e7\u00f5es ENCERRADAS!"},"content":{"rendered":"\n<h2 class=\"wp-block-heading\"><em>Provas previstas para o dia 1 de dezembro <\/em><\/h2>\n\n\n\n<p>As inscri\u00e7\u00f5es do processo seletivo do concurso p\u00fablico da Prefeitura \u00c1guas de Santa B\u00e1rbara, no estado de S\u00e3o Paulo, est\u00e3o encerradas. Os interessados tiveram at\u00e9 a data do dia 10 de novembro para garantir a candidatura atrav\u00e9s do site da banca organizadora do certame, a <strong>Publiconsult<\/strong>.<\/p>\n\n\n\n<p>Vale lembrar que o concurso oferta 3 vagas imediatas mais cadastro de reserva, envolvendo cargos de n\u00edvel m\u00e9dio e de n\u00edvel superior. A pr\u00f3xima etapa do certame ser\u00e1 a realiza\u00e7\u00e3o das provas objetivas que ser\u00e3o aplicadas na data do dia 1 de dezembro de 2019.<\/p>\n\n\n\n<p>As Prefeituras s\u00e3o \u00f3timas op\u00e7\u00f5es para o candidato que est\u00e1 iniciando seus estudos e visando fazer uma carreira na \u00e1rea p\u00fablica. Nos pr\u00f3ximos par\u00e1grafos voc\u00ea confere as principais informa\u00e7\u00f5es do certame para estimular seu interesse e facilitar sua prepara\u00e7\u00e3o. <\/p>\n\n\n\n<ul class=\"wp-block-list\"><li><em><a href=\"#cargos-vagas-remuneracao\">Cargos, vagas e remunera\u00e7\u00f5es<\/a><\/em><\/li><li><em><a href=\"http:\/\/principais-datas\">Principais datas do concurso<\/a><\/em><\/li><li><em><a href=\"http:\/\/etapas-prefeitura-santa-barbara\">Etapas do concurso<\/a><\/em><\/li><li><em><a href=\"#cursos-estrategia\">Assinatura ilimitada e cursos<\/a><\/em> <\/li><\/ul>\n\n\n\n<h2 class=\"wp-block-heading\" id=\"cargos-vagas-remuneracao\">Cargos, vagas e remunera\u00e7\u00f5es Prefeitura \u00c1guas de Santa B\u00e1rbara SP<\/h2>\n\n\n\n<p>Segue abaixo a distribui\u00e7\u00e3o dos cargos e os requisitos para cada vaga: <\/p>\n\n\n\n<p><\/p>\n\n\n\n<table class=\"wp-block-table aligncenter has-subtle-pale-blue-background-color has-fixed-layout has-background is-style-stripes\"><tbody><tr><td><strong>CARGO&nbsp;<\/strong><\/td><td><strong>VAGAS&nbsp;<\/strong><\/td><td><strong>REQUISITOS&nbsp;<\/strong><\/td><td><strong>REMUNERA\u00c7\u00c3O&nbsp;<\/strong><\/td><td><strong>VALOR DA INSCRI\u00c7\u00c3<\/strong>O&nbsp;<\/td><\/tr><tr><td>Agente de Controle de Vetor<\/td><td>1<\/td><td>Ensino M\u00e9dio Completo&nbsp;<\/td><td>R$ 1.618,02<\/td><td>R$ 13,25<\/td><\/tr><tr><td>Condutor\n  de Ambul\u00e2ncia e Ve\u00edculos da Sa\u00fade<\/td><td>1<\/td><td>Ensino   M\u00e9dio Completo <strong>+<\/strong> Ser maior de 21 anos<strong> +<\/strong> Carteira habilita\u00e7\u00e3o D ou E <strong>+<\/strong> Treinamento especializado\/reciclagem <\/td><td>R$ 1.370,66<\/td><td>R$\n  13,25<\/td><\/tr><tr><td>Fisioterapeuta<\/td><td>CR<\/td><td>Curso Superior de Fisioterapia e   registro no<br \/>CREFITO <\/td><td>R$ 2.277,56<\/td><td>R$ 15,90<\/td><\/tr><tr><td>M\u00e9dico<\/td><td>1<\/td><td>Curso  Superior de Medicina e Inscri\u00e7\u00e3o no CRM.<\/td><td>R$ 6.152,43<\/td><td>R$\n  15,90<\/td><\/tr><\/tbody><\/table>\n\n\n\n<h2 class=\"wp-block-heading\" id=\"principais-datas\">Principais datas do concurso Prefeitura \u00c1guas de Santa B\u00e1rbara SP<\/h2>\n\n\n\n<p style=\"text-align:left\" class=\"has-background has-very-light-gray-background-color\"><strong><em>Per\u00edodo das Inscri\u00e7\u00f5es<\/em><\/strong>: 09 de outubro a 10 de novembro<br \/><strong><em>Data de aplica\u00e7\u00e3o das provas<\/em><\/strong>: 01\/12  <\/p>\n\n\n\n<h2 class=\"wp-block-heading\" id=\"etapas-prefeitura-santa-barbara\">Etapas do concurso Prefeitura \u00c1guas de Santa B\u00e1rbara SP<\/h2>\n\n\n\n<p>O certame consistir\u00e1 <span style=\"text-decoration: underline;\">exclusivamente<\/span> na aplica\u00e7\u00e3o de uma <strong>prova objetiva<\/strong>, de car\u00e1ter eliminat\u00f3rio e classificat\u00f3rio. A prova ser\u00e1 composta de <strong>35 quest\u00f5es<\/strong>, valendo 100 pontos, a serem resolvidas em <strong>3 horas<\/strong>. Ser\u00e1 classificado o candidato que obtiver, no m\u00ednimo, <strong>50 pontos<\/strong>. <\/p>\n\n\n\n<p>As disciplinas ter\u00e3o pesos distintos a depender do n\u00edvel do cargo pretendido, como se pode ver: <\/p>\n\n\n\n<h3 class=\"wp-block-heading\">Cargos de N\u00edvel M\u00e9dio <\/h3>\n\n\n\n<p><em>Agente de Controle de Vetor e Condutor de Ambul\u00e2ncia e Ve\u00edculos da Sa\u00fade <\/em><\/p>\n\n\n\n<ul class=\"wp-block-list\"><li><strong>L\u00edngua Portuguesa e Interpreta\u00e7\u00e3o de Textos<\/strong>: 10 quest\u00f5es (peso 2,0)<\/li><li><strong>Matem\u00e1tica e Racioc\u00ednio L\u00f3gico Quantitativo<\/strong>: 10 quest\u00f5es (peso 1,0)<\/li><li><strong>Conhecimentos Gerais e Atualidades<\/strong>: 5 quest\u00f5es (peso 2,0)<\/li><li><strong>Conhecimentos Espec\u00edficos<\/strong>: 10 quest\u00f5es (peso 6,0)<\/li><\/ul>\n\n\n\n<h3 class=\"wp-block-heading\">Cargos de N\u00edvel Superior <\/h3>\n\n\n\n<p><em>Fisioterapeuta e M\u00e9dico <\/em><\/p>\n\n\n\n<ul class=\"wp-block-list\"><li><strong>L\u00edngua Portuguesa e Interpreta\u00e7\u00e3o de Textos<\/strong>: 5 quest\u00f5es (peso 1,0)<\/li><li><strong>Matem\u00e1tica e Racioc\u00ednio L\u00f3gico Quantitativo<\/strong>: 5 quest\u00f5es (peso 1,0)<\/li><li><strong>Conhecimentos Gerais e Atualidades<\/strong>: 10 quest\u00f5es (peso 3,0)<\/li><li><strong>Conhecimentos Espec\u00edficos<\/strong>: 15 quest\u00f5es (peso 4,0)<\/li><\/ul>\n\n\n\n<h2 class=\"wp-block-heading\">Atribui\u00e7\u00f5es dos cargos Prefeitura \u00c1guas de Santa B\u00e1rbara <\/h2>\n\n\n\n<p>Veja quais s\u00e3o as atribui\u00e7\u00f5es de cada um dos cargos: <\/p>\n\n\n\n<h3 class=\"wp-block-heading\"> Cargos de N\u00edvel M\u00e9dio  <\/h3>\n\n\n\n<p style=\"font-size:18px\"><em><strong>Agente de Controle de Vetor <\/strong><\/em><\/p>\n\n\n\n<ul class=\"wp-block-list\"><li>Realizar controle de prolifera\u00e7\u00e3o de mosquitos e pragas nocivos \u00e0 sa\u00fade p\u00fablica.<\/li><\/ul>\n\n\n\n<p style=\"font-size:18px\"><strong><em>Condutor de Ambul\u00e2ncia e Ve\u00edculos da Sa\u00fade <\/em><\/strong><\/p>\n\n\n\n<ul class=\"wp-block-list\"><li>Conduzir ve\u00edculo terrestre de urg\u00eancia destinado ao atendimento e transporte de pacientes, bem como todos os demais ve\u00edculos da Secretaria Municipal de Sa\u00fade; <\/li><li>Conhecer integralmente o ve\u00edculo e realizar manuten\u00e7\u00e3o b\u00e1sica e limpeza; <\/li><li> Estabelecer contato com a central de regula\u00e7\u00e3o m\u00e9dica; <\/li><li>Conhecer a malha vi\u00e1ria local; <\/li><li>Auxiliar a equipe de sa\u00fade nos gestos b\u00e1sicos de suporte \u00e0 vida; <\/li><li>Auxiliar a equipe nas imobiliza\u00e7\u00f5es e transporte de v\u00edtimas; <\/li><li>Identificar todos os tipos de materiais existentes nos ve\u00edculos de socorro e sua utilidade. <\/li><li>Auxiliar a equipe na limpeza interna da ambul\u00e2ncia e de equipamentos.<\/li><\/ul>\n\n\n\n<h3 class=\"wp-block-heading\"> Cargos de N\u00edvel Superior<\/h3>\n\n\n\n<p style=\"font-size:18px\"><em><strong>Fisioterapeuta <\/strong><\/em><\/p>\n\n\n\n<ul class=\"wp-block-list\"><li>Trata meningites, encefalites, doen\u00e7as reum\u00e1ticas, paralisias, sequelas de acidentes vascular e cerebrais e outros, empregando gin\u00e1stica corretiva, cinesioterapia, eletroterapia e demais t\u00e9cnicas especiais de reeduca\u00e7\u00e3o muscular, para obter o m\u00e1ximo de recupera\u00e7\u00e3o funcional dos \u00f3rg\u00e3os e tecidos afetados.<\/li><\/ul>\n\n\n\n<p style=\"font-size:18px\"><em><strong>M\u00e9dico <\/strong><\/em><\/p>\n\n\n\n<ul class=\"wp-block-list\"><li>Faz exames m\u00e9dicos, emite diagn\u00f3sticos, prescreve medicamentos e outras formas de tratamento para diversos tipos de enfermidades, aplicando recursos de medicina preventiva ou terap\u00eautica, para promover a sa\u00fade e o bem-estar do paciente. <\/li><\/ul>\n\n\n\n<p>Se interessou pelo certame? Ent\u00e3o, acompanhe nosso site e fique por dentro de todas as novidades! <\/p>\n\n\n\n<h2 class=\"wp-block-heading\" style=\"text-align:center\" id=\"cursos-estrategia\"><em>Quer se preparar para o concurso Prefeitura \u00c1guas de Santa B\u00e1rbara SP? <\/em><\/h2>\n\n\n\n<p style=\"font-size:25px;text-align:center\" class=\"has-background has-luminous-vivid-amber-background-color\"><a rel=\"noreferrer noopener\" href=\"https:\/\/estrategiaconcursos.com.br\/cursos\/concurso\/\" target=\"_blank\"><strong>CURSO PARA CONCURSO<\/strong><\/a><\/p>\n\n\n\n<h2 class=\"wp-block-heading\" style=\"text-align:center\" id=\"assinatura\"><em><strong>Assinatura Anual Ilimitada*<\/strong><\/em><\/h2>\n\n\n\n<p style=\"text-align:center\"><em>Prepare-se com o melhor material e com quem mais aprova em Concursos P\u00fablicos em todo o pa\u00eds. Assine agora a nossa Assinatura Anual e tenha acesso ilimitado* a todos os nossos cursos.<\/em><\/p>\n\n\n\n<p style=\"font-size:25px;text-align:center\" class=\"has-background has-light-green-cyan-background-color\"><strong>ASSINE AGORA<\/strong>&nbsp;\u2013&nbsp;<strong><a rel=\"noreferrer noopener\" href=\"https:\/\/www.estrategiaconcursos.com.br\/assinaturas\" target=\"_blank\">Assinatura Ilimitada<\/a><\/strong><\/p>\n\n\n\n<p style=\"font-size:25px;text-align:center\" class=\"has-background has-pale-cyan-blue-background-color\"><strong><a href=\"https:\/\/www.estrategiaconcursos.com.br\/blog\/concursos-abertos\/\">CONCURSOS ABERTOS<\/a><\/strong><\/p>\n\n\n\n<p style=\"font-size:25px;text-align:center\" class=\"has-background has-pale-cyan-blue-background-color\"><a href=\"https:\/\/www.estrategiaconcursos.com.br\/blog\/concursos-2019\/\"><strong>CONCURSOS 2019<\/strong><\/a><\/p>\n\n\n\n<p style=\"font-size:25px;text-align:center\" class=\"has-background has-pale-cyan-blue-background-color\"><a href=\"https:\/\/www.estrategiaconcursos.com.br\/blog\/concursos-2020\/\"><strong>CONCURSOS<\/strong><\/a><strong><a href=\"https:\/\/www.estrategiaconcursos.com.br\/blog\/concursos-2020\/\">&nbsp;2020<\/a><\/strong><\/p>\n\n\n\n<figure class=\"wp-block-image\"><img loading=\"lazy\" decoding=\"async\" width=\"300\" height=\"102\" src=\"https:\/\/dhg1h5j42swfq.cloudfront.net\/2017\/03\/28152500\/coruja-ficha-tecnica-300x102.png\" alt=\"Ficha t\u00e9cnica do concurso Prefeitura \u00c1guas de Santa B\u00e1rbara\" class=\"wp-image-68542\"\/><\/figure>\n\n\n\n<h3 class=\"wp-block-heading\" id=\"ficha-tecnica\"><strong>Informa\u00e7\u00f5es sobre o c<\/strong>oncurso Prefeitura \u00c1guas de Santa B\u00e1rbara<\/h3>\n\n\n\n<p>\u25ba<strong>Inscri\u00e7\u00f5es<\/strong>: 09\/10 at\u00e9 10\/11<br \/>\u25ba<strong>Provas<\/strong>: 01\/12\/2019<br \/>\u25ba<strong>Vagas<\/strong>: 3 imediatas + CR<br \/>\u25ba<strong>Cargos<\/strong>: V\u00e1rios<br \/>\u25ba<strong>Banca<\/strong>: Publiconsult <br \/>\u25ba<strong>Escolaridade<\/strong>: N\u00edvel m\u00e9dio e superior<br \/>\u25ba<strong>Edital<\/strong>:&nbsp;<strong><a rel=\"noreferrer noopener\" aria-label=\"Edital Len\u00e7\u00f3is Paulista (abre numa nova aba)\" href=\"https:\/\/dhg1h5j42swfq.cloudfront.net\/2019\/10\/15121856\/PM_%C3%81GUAS_DE_SANTA_B%C3%81RBARA_-_CP_1-2019_-_EDITAL_DE_ABERTURA_1.pdf\" target=\"_blank\">Edital Prefeitura \u00c1guas de Santa B\u00e1rbara<\/a><\/strong><\/p>\n\n\n\n<p><br \/><em>Ascom Estrat\u00e9gia<\/em><br \/>ascomestrategia@gmail.com<\/p>\n","protected":false},"excerpt":{"rendered":"<p>Provas previstas para o dia 1 de dezembro As inscri\u00e7\u00f5es do processo seletivo do concurso p\u00fablico da Prefeitura \u00c1guas de Santa B\u00e1rbara, no estado de S\u00e3o Paulo, est\u00e3o encerradas. Os interessados tiveram at\u00e9 a data do dia 10 de novembro para garantir a candidatura atrav\u00e9s do site da banca organizadora do certame, a Publiconsult. Vale [&hellip;]<\/p>\n","protected":false},"author":260,"featured_media":419116,"comment_status":"open","ping_status":"closed","sticky":false,"template":"","format":"standard","meta":{"post_tipo":"article","footnotes":""},"categories":[1],"tags":[],"tax_estado":[],"class_list":["post-434335","post","type-post","status-publish","format-standard","has-post-thumbnail","hentry","category-cursos-e-concursos"],"acf":[],"yoast_head":"<!-- This site is optimized with the Yoast SEO Premium plugin v27.2 (Yoast SEO v27.2) - https:\/\/yoast.com\/product\/yoast-seo-premium-wordpress\/ -->\n<title>Edital Prefeitura \u00c1guas de Santa B\u00e1rbara SP: inscri\u00e7\u00f5es ENCERRADAS!<\/title>\n<meta name=\"description\" content=\"Edital Prefeitura \u00c1guas de Santa B\u00e1rbara SP: inscri\u00e7\u00f5es encerradas com 3 vagas imediatas mais cadastro de reserva. Provas previstas para dezembro!\" \/>\n<meta name=\"robots\" content=\"index, follow, max-snippet:-1, max-image-preview:large, max-video-preview:-1\" \/>\n<link rel=\"canonical\" href=\"https:\/\/www.estrategiaconcursos.com.br\/blog\/concurso-prefeitura-aguas-de-santa-barbara\/\" \/>\n<meta property=\"og:locale\" content=\"pt_BR\" \/>\n<meta property=\"og:type\" content=\"article\" \/>\n<meta property=\"og:title\" content=\"Edital Prefeitura \u00c1guas de Santa B\u00e1rbara SP: inscri\u00e7\u00f5es ENCERRADAS!\" \/>\n<meta property=\"og:description\" content=\"Edital Prefeitura \u00c1guas de Santa B\u00e1rbara SP: inscri\u00e7\u00f5es encerradas com 3 vagas imediatas mais cadastro de reserva. Provas previstas para dezembro!\" \/>\n<meta property=\"og:url\" content=\"https:\/\/www.estrategiaconcursos.com.br\/blog\/concurso-prefeitura-aguas-de-santa-barbara\/\" \/>\n<meta property=\"og:site_name\" content=\"Estrat\u00e9gia Concursos\" \/>\n<meta property=\"article:published_time\" content=\"2019-11-11T04:00:49+00:00\" \/>\n<meta property=\"article:modified_time\" content=\"2019-11-11T12:07:05+00:00\" \/>\n<meta property=\"og:image\" content=\"https:\/\/dhg1h5j42swfq.cloudfront.net\/2019\/06\/12092058\/saiu-edital-2.jpg\" \/>\n\t<meta property=\"og:image:width\" content=\"1200\" \/>\n\t<meta property=\"og:image:height\" content=\"628\" \/>\n\t<meta property=\"og:image:type\" content=\"image\/jpeg\" \/>\n<meta name=\"author\" content=\"Diego Cerqueira Berbert Vasconcelos\" \/>\n<meta name=\"twitter:card\" content=\"summary_large_image\" \/>\n<meta name=\"twitter:creator\" content=\"@EstratConcursos\" \/>\n<meta name=\"twitter:site\" content=\"@EstratConcursos\" \/>\n<meta name=\"twitter:label1\" content=\"Escrito por\" \/>\n\t<meta name=\"twitter:data1\" content=\"Diego Cerqueira Berbert Vasconcelos\" \/>\n\t<meta name=\"twitter:label2\" content=\"Est. tempo de leitura\" \/>\n\t<meta name=\"twitter:data2\" content=\"4 minutos\" \/>\n<script type=\"application\/ld+json\" class=\"yoast-schema-graph\">{\"@context\":\"https:\/\/schema.org\",\"@graph\":[{\"@type\":\"NewsArticle\",\"@id\":\"https:\/\/www.estrategiaconcursos.com.br\/blog\/concurso-prefeitura-aguas-de-santa-barbara\/#article\",\"isPartOf\":{\"@id\":\"https:\/\/www.estrategiaconcursos.com.br\/blog\/concurso-prefeitura-aguas-de-santa-barbara\/\"},\"author\":{\"name\":\"Diego Cerqueira Berbert Vasconcelos\",\"@id\":\"https:\/\/www.estrategiaconcursos.com.br\/blog\/#\/schema\/person\/7fbf898fd336f5ce58a961518beff68c\"},\"headline\":\"Edital Prefeitura \u00c1guas de Santa B\u00e1rbara SP: inscri\u00e7\u00f5es ENCERRADAS!\",\"datePublished\":\"2019-11-11T04:00:49+00:00\",\"dateModified\":\"2019-11-11T12:07:05+00:00\",\"mainEntityOfPage\":{\"@id\":\"https:\/\/www.estrategiaconcursos.com.br\/blog\/concurso-prefeitura-aguas-de-santa-barbara\/\"},\"wordCount\":863,\"commentCount\":0,\"publisher\":{\"@id\":\"https:\/\/www.estrategiaconcursos.com.br\/blog\/#organization\"},\"image\":{\"@id\":\"https:\/\/www.estrategiaconcursos.com.br\/blog\/concurso-prefeitura-aguas-de-santa-barbara\/#primaryimage\"},\"thumbnailUrl\":\"https:\/\/dhg1h5j42swfq.cloudfront.net\/2019\/06\/12092058\/saiu-edital-2.jpg\",\"articleSection\":[\"Concursos P\u00fablicos\"],\"inLanguage\":\"pt-BR\",\"potentialAction\":[{\"@type\":\"CommentAction\",\"name\":\"Comment\",\"target\":[\"https:\/\/www.estrategiaconcursos.com.br\/blog\/concurso-prefeitura-aguas-de-santa-barbara\/#respond\"]}],\"copyrightYear\":\"2019\",\"copyrightHolder\":{\"@id\":\"https:\/\/www.estrategiaconcursos.com.br\/blog\/#organization\"}},{\"@type\":\"WebPage\",\"@id\":\"https:\/\/www.estrategiaconcursos.com.br\/blog\/concurso-prefeitura-aguas-de-santa-barbara\/\",\"url\":\"https:\/\/www.estrategiaconcursos.com.br\/blog\/concurso-prefeitura-aguas-de-santa-barbara\/\",\"name\":\"Edital Prefeitura \u00c1guas de Santa B\u00e1rbara SP: inscri\u00e7\u00f5es ENCERRADAS!\",\"isPartOf\":{\"@id\":\"https:\/\/www.estrategiaconcursos.com.br\/blog\/#website\"},\"primaryImageOfPage\":{\"@id\":\"https:\/\/www.estrategiaconcursos.com.br\/blog\/concurso-prefeitura-aguas-de-santa-barbara\/#primaryimage\"},\"image\":{\"@id\":\"https:\/\/www.estrategiaconcursos.com.br\/blog\/concurso-prefeitura-aguas-de-santa-barbara\/#primaryimage\"},\"thumbnailUrl\":\"https:\/\/dhg1h5j42swfq.cloudfront.net\/2019\/06\/12092058\/saiu-edital-2.jpg\",\"datePublished\":\"2019-11-11T04:00:49+00:00\",\"dateModified\":\"2019-11-11T12:07:05+00:00\",\"description\":\"Edital Prefeitura \u00c1guas de Santa B\u00e1rbara SP: inscri\u00e7\u00f5es encerradas com 3 vagas imediatas mais cadastro de reserva. Provas previstas para dezembro!\",\"breadcrumb\":{\"@id\":\"https:\/\/www.estrategiaconcursos.com.br\/blog\/concurso-prefeitura-aguas-de-santa-barbara\/#breadcrumb\"},\"inLanguage\":\"pt-BR\",\"potentialAction\":[{\"@type\":\"ReadAction\",\"target\":[\"https:\/\/www.estrategiaconcursos.com.br\/blog\/concurso-prefeitura-aguas-de-santa-barbara\/\"]}]},{\"@type\":\"ImageObject\",\"inLanguage\":\"pt-BR\",\"@id\":\"https:\/\/www.estrategiaconcursos.com.br\/blog\/concurso-prefeitura-aguas-de-santa-barbara\/#primaryimage\",\"url\":\"https:\/\/dhg1h5j42swfq.cloudfront.net\/2019\/06\/12092058\/saiu-edital-2.jpg\",\"contentUrl\":\"https:\/\/dhg1h5j42swfq.cloudfront.net\/2019\/06\/12092058\/saiu-edital-2.jpg\",\"width\":1200,\"height\":628,\"caption\":\"concurso creci ms\"},{\"@type\":\"BreadcrumbList\",\"@id\":\"https:\/\/www.estrategiaconcursos.com.br\/blog\/concurso-prefeitura-aguas-de-santa-barbara\/#breadcrumb\",\"itemListElement\":[{\"@type\":\"ListItem\",\"position\":1,\"name\":\"In\u00edcio\",\"item\":\"https:\/\/www.estrategiaconcursos.com.br\/blog\/\"},{\"@type\":\"ListItem\",\"position\":2,\"name\":\"Edital Prefeitura \u00c1guas de Santa B\u00e1rbara SP: inscri\u00e7\u00f5es ENCERRADAS!\"}]},{\"@type\":\"WebSite\",\"@id\":\"https:\/\/www.estrategiaconcursos.com.br\/blog\/#website\",\"url\":\"https:\/\/www.estrategiaconcursos.com.br\/blog\/\",\"name\":\"Estrat\u00e9gia Concursos\",\"description\":\"O blog da Estrat\u00e9gia Concursos traz not\u00edcias sobre concursos e artigos de professores oferecendo cursos para concursos (pdf + videaulas) no site.\",\"publisher\":{\"@id\":\"https:\/\/www.estrategiaconcursos.com.br\/blog\/#organization\"},\"potentialAction\":[{\"@type\":\"SearchAction\",\"target\":{\"@type\":\"EntryPoint\",\"urlTemplate\":\"https:\/\/www.estrategiaconcursos.com.br\/blog\/?s={search_term_string}\"},\"query-input\":{\"@type\":\"PropertyValueSpecification\",\"valueRequired\":true,\"valueName\":\"search_term_string\"}}],\"inLanguage\":\"pt-BR\"},{\"@type\":\"Organization\",\"@id\":\"https:\/\/www.estrategiaconcursos.com.br\/blog\/#organization\",\"name\":\"Estrat\u00e9gia Concursos\",\"url\":\"https:\/\/www.estrategiaconcursos.com.br\/blog\/\",\"logo\":{\"@type\":\"ImageObject\",\"inLanguage\":\"pt-BR\",\"@id\":\"https:\/\/www.estrategiaconcursos.com.br\/blog\/#\/schema\/logo\/image\/\",\"url\":\"https:\/\/dhg1h5j42swfq.cloudfront.net\/2025\/06\/03203428\/logo_concursos-1.jpg\",\"contentUrl\":\"https:\/\/dhg1h5j42swfq.cloudfront.net\/2025\/06\/03203428\/logo_concursos-1.jpg\",\"width\":230,\"height\":60,\"caption\":\"Estrat\u00e9gia Concursos\"},\"image\":{\"@id\":\"https:\/\/www.estrategiaconcursos.com.br\/blog\/#\/schema\/logo\/image\/\"},\"sameAs\":[\"https:\/\/x.com\/EstratConcursos\"]},{\"@type\":\"Person\",\"@id\":\"https:\/\/www.estrategiaconcursos.com.br\/blog\/#\/schema\/person\/7fbf898fd336f5ce58a961518beff68c\",\"name\":\"Diego Cerqueira Berbert Vasconcelos\",\"image\":{\"@type\":\"ImageObject\",\"inLanguage\":\"pt-BR\",\"@id\":\"https:\/\/secure.gravatar.com\/avatar\/ed2d045a7390980cad1a92d24dcc39d10ef55b88fcb9fb9c047979bf4ddeb1ce?s=96&d=mm&r=g\",\"url\":\"https:\/\/secure.gravatar.com\/avatar\/ed2d045a7390980cad1a92d24dcc39d10ef55b88fcb9fb9c047979bf4ddeb1ce?s=96&d=mm&r=g\",\"contentUrl\":\"https:\/\/secure.gravatar.com\/avatar\/ed2d045a7390980cad1a92d24dcc39d10ef55b88fcb9fb9c047979bf4ddeb1ce?s=96&d=mm&r=g\",\"caption\":\"Diego Cerqueira Berbert Vasconcelos\"},\"url\":\"https:\/\/www.estrategiaconcursos.com.br\/blog\/author\/diegocerqueiraestrategiaconcursos-com-br\/\"}]}<\/script>\n<!-- \/ Yoast SEO Premium plugin. -->","yoast_head_json":{"title":"Edital Prefeitura \u00c1guas de Santa B\u00e1rbara SP: inscri\u00e7\u00f5es ENCERRADAS!","description":"Edital Prefeitura \u00c1guas de Santa B\u00e1rbara SP: inscri\u00e7\u00f5es encerradas com 3 vagas imediatas mais cadastro de reserva. Provas previstas para dezembro!","robots":{"index":"index","follow":"follow","max-snippet":"max-snippet:-1","max-image-preview":"max-image-preview:large","max-video-preview":"max-video-preview:-1"},"canonical":"https:\/\/www.estrategiaconcursos.com.br\/blog\/concurso-prefeitura-aguas-de-santa-barbara\/","og_locale":"pt_BR","og_type":"article","og_title":"Edital Prefeitura \u00c1guas de Santa B\u00e1rbara SP: inscri\u00e7\u00f5es ENCERRADAS!","og_description":"Edital Prefeitura \u00c1guas de Santa B\u00e1rbara SP: inscri\u00e7\u00f5es encerradas com 3 vagas imediatas mais cadastro de reserva. Provas previstas para dezembro!","og_url":"https:\/\/www.estrategiaconcursos.com.br\/blog\/concurso-prefeitura-aguas-de-santa-barbara\/","og_site_name":"Estrat\u00e9gia Concursos","article_published_time":"2019-11-11T04:00:49+00:00","article_modified_time":"2019-11-11T12:07:05+00:00","og_image":[{"width":1200,"height":628,"url":"https:\/\/dhg1h5j42swfq.cloudfront.net\/2019\/06\/12092058\/saiu-edital-2.jpg","type":"image\/jpeg"}],"author":"Diego Cerqueira Berbert Vasconcelos","twitter_card":"summary_large_image","twitter_creator":"@EstratConcursos","twitter_site":"@EstratConcursos","twitter_misc":{"Escrito por":"Diego Cerqueira Berbert Vasconcelos","Est. tempo de leitura":"4 minutos"},"schema":{"@context":"https:\/\/schema.org","@graph":[{"@type":"NewsArticle","@id":"https:\/\/www.estrategiaconcursos.com.br\/blog\/concurso-prefeitura-aguas-de-santa-barbara\/#article","isPartOf":{"@id":"https:\/\/www.estrategiaconcursos.com.br\/blog\/concurso-prefeitura-aguas-de-santa-barbara\/"},"author":{"name":"Diego Cerqueira Berbert Vasconcelos","@id":"https:\/\/www.estrategiaconcursos.com.br\/blog\/#\/schema\/person\/7fbf898fd336f5ce58a961518beff68c"},"headline":"Edital Prefeitura \u00c1guas de Santa B\u00e1rbara SP: inscri\u00e7\u00f5es ENCERRADAS!","datePublished":"2019-11-11T04:00:49+00:00","dateModified":"2019-11-11T12:07:05+00:00","mainEntityOfPage":{"@id":"https:\/\/www.estrategiaconcursos.com.br\/blog\/concurso-prefeitura-aguas-de-santa-barbara\/"},"wordCount":863,"commentCount":0,"publisher":{"@id":"https:\/\/www.estrategiaconcursos.com.br\/blog\/#organization"},"image":{"@id":"https:\/\/www.estrategiaconcursos.com.br\/blog\/concurso-prefeitura-aguas-de-santa-barbara\/#primaryimage"},"thumbnailUrl":"https:\/\/dhg1h5j42swfq.cloudfront.net\/2019\/06\/12092058\/saiu-edital-2.jpg","articleSection":["Concursos P\u00fablicos"],"inLanguage":"pt-BR","potentialAction":[{"@type":"CommentAction","name":"Comment","target":["https:\/\/www.estrategiaconcursos.com.br\/blog\/concurso-prefeitura-aguas-de-santa-barbara\/#respond"]}],"copyrightYear":"2019","copyrightHolder":{"@id":"https:\/\/www.estrategiaconcursos.com.br\/blog\/#organization"}},{"@type":"WebPage","@id":"https:\/\/www.estrategiaconcursos.com.br\/blog\/concurso-prefeitura-aguas-de-santa-barbara\/","url":"https:\/\/www.estrategiaconcursos.com.br\/blog\/concurso-prefeitura-aguas-de-santa-barbara\/","name":"Edital Prefeitura \u00c1guas de Santa B\u00e1rbara SP: inscri\u00e7\u00f5es ENCERRADAS!","isPartOf":{"@id":"https:\/\/www.estrategiaconcursos.com.br\/blog\/#website"},"primaryImageOfPage":{"@id":"https:\/\/www.estrategiaconcursos.com.br\/blog\/concurso-prefeitura-aguas-de-santa-barbara\/#primaryimage"},"image":{"@id":"https:\/\/www.estrategiaconcursos.com.br\/blog\/concurso-prefeitura-aguas-de-santa-barbara\/#primaryimage"},"thumbnailUrl":"https:\/\/dhg1h5j42swfq.cloudfront.net\/2019\/06\/12092058\/saiu-edital-2.jpg","datePublished":"2019-11-11T04:00:49+00:00","dateModified":"2019-11-11T12:07:05+00:00","description":"Edital Prefeitura \u00c1guas de Santa B\u00e1rbara SP: inscri\u00e7\u00f5es encerradas com 3 vagas imediatas mais cadastro de reserva. Provas previstas para dezembro!","breadcrumb":{"@id":"https:\/\/www.estrategiaconcursos.com.br\/blog\/concurso-prefeitura-aguas-de-santa-barbara\/#breadcrumb"},"inLanguage":"pt-BR","potentialAction":[{"@type":"ReadAction","target":["https:\/\/www.estrategiaconcursos.com.br\/blog\/concurso-prefeitura-aguas-de-santa-barbara\/"]}]},{"@type":"ImageObject","inLanguage":"pt-BR","@id":"https:\/\/www.estrategiaconcursos.com.br\/blog\/concurso-prefeitura-aguas-de-santa-barbara\/#primaryimage","url":"https:\/\/dhg1h5j42swfq.cloudfront.net\/2019\/06\/12092058\/saiu-edital-2.jpg","contentUrl":"https:\/\/dhg1h5j42swfq.cloudfront.net\/2019\/06\/12092058\/saiu-edital-2.jpg","width":1200,"height":628,"caption":"concurso creci ms"},{"@type":"BreadcrumbList","@id":"https:\/\/www.estrategiaconcursos.com.br\/blog\/concurso-prefeitura-aguas-de-santa-barbara\/#breadcrumb","itemListElement":[{"@type":"ListItem","position":1,"name":"In\u00edcio","item":"https:\/\/www.estrategiaconcursos.com.br\/blog\/"},{"@type":"ListItem","position":2,"name":"Edital Prefeitura \u00c1guas de Santa B\u00e1rbara SP: inscri\u00e7\u00f5es ENCERRADAS!"}]},{"@type":"WebSite","@id":"https:\/\/www.estrategiaconcursos.com.br\/blog\/#website","url":"https:\/\/www.estrategiaconcursos.com.br\/blog\/","name":"Estrat\u00e9gia Concursos","description":"O blog da Estrat\u00e9gia Concursos traz not\u00edcias sobre concursos e artigos de professores oferecendo cursos para concursos (pdf + videaulas) no site.","publisher":{"@id":"https:\/\/www.estrategiaconcursos.com.br\/blog\/#organization"},"potentialAction":[{"@type":"SearchAction","target":{"@type":"EntryPoint","urlTemplate":"https:\/\/www.estrategiaconcursos.com.br\/blog\/?s={search_term_string}"},"query-input":{"@type":"PropertyValueSpecification","valueRequired":true,"valueName":"search_term_string"}}],"inLanguage":"pt-BR"},{"@type":"Organization","@id":"https:\/\/www.estrategiaconcursos.com.br\/blog\/#organization","name":"Estrat\u00e9gia Concursos","url":"https:\/\/www.estrategiaconcursos.com.br\/blog\/","logo":{"@type":"ImageObject","inLanguage":"pt-BR","@id":"https:\/\/www.estrategiaconcursos.com.br\/blog\/#\/schema\/logo\/image\/","url":"https:\/\/dhg1h5j42swfq.cloudfront.net\/2025\/06\/03203428\/logo_concursos-1.jpg","contentUrl":"https:\/\/dhg1h5j42swfq.cloudfront.net\/2025\/06\/03203428\/logo_concursos-1.jpg","width":230,"height":60,"caption":"Estrat\u00e9gia Concursos"},"image":{"@id":"https:\/\/www.estrategiaconcursos.com.br\/blog\/#\/schema\/logo\/image\/"},"sameAs":["https:\/\/x.com\/EstratConcursos"]},{"@type":"Person","@id":"https:\/\/www.estrategiaconcursos.com.br\/blog\/#\/schema\/person\/7fbf898fd336f5ce58a961518beff68c","name":"Diego Cerqueira Berbert Vasconcelos","image":{"@type":"ImageObject","inLanguage":"pt-BR","@id":"https:\/\/secure.gravatar.com\/avatar\/ed2d045a7390980cad1a92d24dcc39d10ef55b88fcb9fb9c047979bf4ddeb1ce?s=96&d=mm&r=g","url":"https:\/\/secure.gravatar.com\/avatar\/ed2d045a7390980cad1a92d24dcc39d10ef55b88fcb9fb9c047979bf4ddeb1ce?s=96&d=mm&r=g","contentUrl":"https:\/\/secure.gravatar.com\/avatar\/ed2d045a7390980cad1a92d24dcc39d10ef55b88fcb9fb9c047979bf4ddeb1ce?s=96&d=mm&r=g","caption":"Diego Cerqueira Berbert Vasconcelos"},"url":"https:\/\/www.estrategiaconcursos.com.br\/blog\/author\/diegocerqueiraestrategiaconcursos-com-br\/"}]}},"_links":{"self":[{"href":"https:\/\/www.estrategiaconcursos.com.br\/blog\/wp-json\/wp\/v2\/posts\/434335","targetHints":{"allow":["GET"]}}],"collection":[{"href":"https:\/\/www.estrategiaconcursos.com.br\/blog\/wp-json\/wp\/v2\/posts"}],"about":[{"href":"https:\/\/www.estrategiaconcursos.com.br\/blog\/wp-json\/wp\/v2\/types\/post"}],"author":[{"embeddable":true,"href":"https:\/\/www.estrategiaconcursos.com.br\/blog\/wp-json\/wp\/v2\/users\/260"}],"replies":[{"embeddable":true,"href":"https:\/\/www.estrategiaconcursos.com.br\/blog\/wp-json\/wp\/v2\/comments?post=434335"}],"version-history":[{"count":46,"href":"https:\/\/www.estrategiaconcursos.com.br\/blog\/wp-json\/wp\/v2\/posts\/434335\/revisions"}],"predecessor-version":[{"id":446468,"href":"https:\/\/www.estrategiaconcursos.com.br\/blog\/wp-json\/wp\/v2\/posts\/434335\/revisions\/446468"}],"wp:featuredmedia":[{"embeddable":true,"href":"https:\/\/www.estrategiaconcursos.com.br\/blog\/wp-json\/wp\/v2\/media\/419116"}],"wp:attachment":[{"href":"https:\/\/www.estrategiaconcursos.com.br\/blog\/wp-json\/wp\/v2\/media?parent=434335"}],"wp:term":[{"taxonomy":"category","embeddable":true,"href":"https:\/\/www.estrategiaconcursos.com.br\/blog\/wp-json\/wp\/v2\/categories?post=434335"},{"taxonomy":"post_tag","embeddable":true,"href":"https:\/\/www.estrategiaconcursos.com.br\/blog\/wp-json\/wp\/v2\/tags?post=434335"},{"taxonomy":"tax_estado","embeddable":true,"href":"https:\/\/www.estrategiaconcursos.com.br\/blog\/wp-json\/wp\/v2\/tax_estado?post=434335"}],"curies":[{"name":"wp","href":"https:\/\/api.w.org\/{rel}","templated":true}]}}