{"id":434319,"date":"2019-10-15T10:53:47","date_gmt":"2019-10-15T13:53:47","guid":{"rendered":"https:\/\/www.estrategiaconcursos.com.br\/blog\/?p=434319"},"modified":"2023-08-23T10:32:52","modified_gmt":"2023-08-23T13:32:52","slug":"edital-guarda-municipal-de-joinville","status":"publish","type":"post","link":"https:\/\/www.estrategiaconcursos.com.br\/blog\/edital-guarda-municipal-de-joinville\/","title":{"rendered":"Edital Guarda Municipal de Joinville: inscri\u00e7\u00f5es encerradas!"},"content":{"rendered":"\n<p>Est\u00e1 em andamento o concurso Guarda Municipal de Joinville (SC). As inscri\u00e7\u00f5es para o certame est\u00e3o encerradas e a pr\u00f3xima etapa ser\u00e1 a prova objetiva, aplicada no dia 15 de dezembro.<\/p>\n\n\n\n<p>O certame est\u00e1 sob a responsabilidade da Secretaria de Gest\u00e3o de Pessoas do Munic\u00edpio de Joinville.<\/p>\n\n\n\n<h2 class=\"wp-block-heading\">Principais Informa\u00e7\u00f5es Edital Guarda Municipal de Joinville<\/h2>\n\n\n\n<p class=\"has-very-light-gray-background-color has-background\"><strong>Data da Prova Objetiva:<\/strong> 15\/12\/2019 <br \/><strong>Data da Prova de Aptid\u00e3o F\u00edsica:  <\/strong>27\/01\/2020 e 28\/01\/2020<br \/><strong>Data da Avalia\u00e7\u00e3o Psicol\u00f3gica: <\/strong> 04\/02\/2020 a 10\/02\/2020  <br \/><strong>Data da Avalia\u00e7\u00e3o de Sa\u00fade:  <\/strong>19\/02\/2020 <strong><br \/>Curso de Forma\u00e7\u00e3o:<\/strong>  02\/03\/2020 <\/p>\n\n\n\n<h2 class=\"wp-block-heading\">As etapas do Edital Guarda Municipal de Joinville<\/h2>\n\n\n\n<p> O Concurso P\u00fablico objeto deste edital ser\u00e1 realizado em 7 fases descritas a seguir: <br \/>a) <strong>1\u00aa Fase<\/strong> &#8211; Inscri\u00e7\u00e3o em duas etapas; &#8211; Pr\u00e9-Inscri\u00e7\u00e3o e Valida\u00e7\u00e3o <br \/>b)<strong> 2\u00aa Fase <\/strong>&#8211; Prova Objetiva, de car\u00e1ter classificat\u00f3rio e eliminat\u00f3rio; <br \/>c)<strong> 3\u00aa Fase <\/strong>&#8211; Prova de Aptid\u00e3o F\u00edsica, de car\u00e1ter eliminat\u00f3rio; <br \/>d)<strong> 4\u00aa Fase <\/strong>&#8211; Avalia\u00e7\u00e3o Psicol\u00f3gica, de car\u00e1ter eliminat\u00f3rio <br \/>e) <strong>5\u00aa Fase <\/strong>&#8211; Avalia\u00e7\u00e3o de Sa\u00fade Ocupacional, de car\u00e1ter eliminat\u00f3rio; <br \/>f) <strong>6\u00aa Fase<\/strong> &#8211; Pesquisa Social, de car\u00e1ter eliminat\u00f3rio; <br \/>g) <strong>7\u00aa Fase<\/strong> &#8211; Curso de Forma\u00e7\u00e3o Profissional, de car\u00e1ter classificat\u00f3rio e eliminat\u00f3rio <\/p>\n\n\n\n<h2 class=\"wp-block-heading\">Das vagas e cargo de Guarda Municipal<\/h2>\n\n\n\n<p> S\u00e3o ofertadas 5 vagas imediatas mais cadastro reserva para o cargo de Guarda Municipal de Joinville, sendo 4 para ampla concorr\u00eancia e 1 vaga para PcD.<\/p>\n\n\n\n<p>A remunera\u00e7\u00e3o inicial do cargo ser\u00e1 de <strong>R$ 3.255,59 <\/strong>e exige do candidato a comprova\u00e7\u00e3o de <strong>Ensino M\u00e9dio <\/strong>Completo e Carteira Nacional de Habilita\u00e7\u00e3o categoria \u201cB\u201d.<\/p>\n\n\n\n<h2 class=\"wp-block-heading\">As Provas Objetivas<\/h2>\n\n\n\n<p>A Prova Objetiva ser\u00e1 composta por 35 quest\u00f5es de m\u00faltipla escolha, numeradas sequencialmente, com 05 alternativas (A, B, C, D, E) e apenas uma resposta correta, com dura\u00e7\u00e3o de 3 horas.<\/p>\n\n\n\n<ul class=\"wp-block-list\">\n<li><strong>Conhecimentos Gerais<\/strong> &#8211; 25 quest\u00f5es\n<ul class=\"wp-block-list\">\n<li> Hist\u00f3ria e Geografia de Joinville e atualidades &#8211; 10 quest\u00f5es<\/li>\n\n\n\n<li> L\u00edngua Portuguesa &#8211; 05 quest\u00f5es<\/li>\n\n\n\n<li> Matem\u00e1tica &#8211; 05 quest\u00f5es<\/li>\n<\/ul>\n<\/li>\n\n\n\n<li><strong>Conhecimentos Espec\u00edficos &#8211; <\/strong>15 quest\u00f5es\n<ul class=\"wp-block-list\">\n<li>Direito Constitucional, <\/li>\n\n\n\n<li>Diteiro Penal, <\/li>\n\n\n\n<li>Direito Administrativo, <\/li>\n\n\n\n<li>CTB, <\/li>\n\n\n\n<li>Estatuto da Crian\u00e7a e do Adolescente, <\/li>\n\n\n\n<li>Estatuto Geral das Guardas Municipais,  <\/li>\n\n\n\n<li>Lei n\u00ba 9.503, de 23 de setembro de 1997, <\/li>\n\n\n\n<li>Lei Federal n\u00ba 13.022, de 08 de agosto de 2014<\/li>\n\n\n\n<li>Lei Federal n\u00ba 8.069, de 13 de julho de 1990<\/li>\n\n\n\n<li>Lei de cria\u00e7\u00e3o da Guarda Municipal de Joinville, <\/li>\n\n\n\n<li>Lei Complementar n\u00ba 397, de 19 de dezembro de 2013<\/li>\n\n\n\n<li>Estatuto dos Servidores P\u00fablicos do Munic\u00edpio de Joinville, <\/li>\n\n\n\n<li>Lei Complementar Municipal n\u00ba 266, de 05 de abril de 2008<\/li>\n<\/ul>\n<\/li>\n<\/ul>\n\n\n\n<p> Ser\u00e1 considerado classificado, na prova objetiva, o candidato que obtiver cumulativamente: <\/p>\n\n\n\n<p>a) pontua\u00e7\u00e3o igual ou superior a 40,00 pontos, conforme c\u00e1lculo estabelecido no edital<br \/>b) acertar no m\u00ednimo 1 quest\u00e3o em cada uma das disciplinas contidas na Prova Objetiva; <br \/>c) os candidatos classificados at\u00e9 a posi\u00e7\u00e3o limite de 300\u00ba na Prova Objetiva; <\/p>\n\n\n\n<h2 class=\"wp-block-heading\">Da Prova de Aptid\u00e3o F\u00edsica<\/h2>\n\n\n\n<p> Ser\u00e3o convocados para a Prova de Aptid\u00e3o F\u00edsica os candidatos aprovados nas provas objetivas, pr\u00e9-classificados at\u00e9 300\u00aa coloca\u00e7\u00e3o somada as vagas de ampla concorr\u00eancia e as Pessoas com Defici\u00eancia (PcD).<\/p>\n\n\n\n<p>A Prova de Aptid\u00e3o F\u00edsica constar\u00e1 da execu\u00e7\u00e3o de testes f\u00edsicos conforme descritos a seguir:  <\/p>\n\n\n\n<ul class=\"wp-block-list\">\n<li>Barra Fixa\n<ul class=\"wp-block-list\">\n<li>Masculino: m\u00ednimo de 3 repeti\u00e7\u00f5es<\/li>\n\n\n\n<li>Feminino: m\u00ednimo de 10 segundos<\/li>\n<\/ul>\n<\/li>\n\n\n\n<li>Do teste de Flex\u00e3o e extens\u00e3o de bra\u00e7o sobre o solo\n<ul class=\"wp-block-list\">\n<li>Masculino: m\u00ednimo de 20 execu\u00e7\u00f5es<\/li>\n\n\n\n<li>Feminino: m\u00ednimo de 10 execu\u00e7\u00f5es<\/li>\n<\/ul>\n<\/li>\n\n\n\n<li>Do Teste e Flex\u00e3o Abdominal (Remador) para todos os candidatos\n<ul class=\"wp-block-list\">\n<li>Masculino: m\u00ednimo de 30 repeti\u00e7\u00f5es<\/li>\n\n\n\n<li>Feminino: m\u00ednimo de 20 repeti\u00e7\u00f5es<\/li>\n<\/ul>\n<\/li>\n\n\n\n<li>Do teste de corrida de 12 minutos para todos os candidatos\n<ul class=\"wp-block-list\">\n<li>Masculino: 2.400m<\/li>\n\n\n\n<li>Feminino: 2.000m<\/li>\n<\/ul>\n<\/li>\n<\/ul>\n\n\n\n<h2 class=\"wp-block-heading\">Do Curso de Forma\u00e7\u00e3o<\/h2>\n\n\n\n<p>O Curso de Forma\u00e7\u00e3o Profissional para Guarda Municipal, de car\u00e1ter classificat\u00f3rio e eliminat\u00f3rio, ser\u00e1 realizado na cidade de Joinville, ter\u00e1 carga hor\u00e1ria m\u00ednima de 800 horas e dura\u00e7\u00e3o prevista de at\u00e9 4 meses de aulas. <\/p>\n\n\n\n<p>Durante a realiza\u00e7\u00e3o do curso, o candidato receber\u00e1 a import\u00e2ncia mensal equivalente ao vencimento base do cargo de Guarda Municipal, sem adicional de periculosidade e gratifica\u00e7\u00e3o de fun\u00e7\u00e3o. <\/p>\n\n\n\n<p>Para ser considerado apto no curso, o candidato dever\u00e1 obter em todas as disciplinas frequ\u00eancia de 100% das aulas e aproveitamento m\u00ednimo de 70% da nota poss\u00edvel.<\/p>\n\n\n\n<h2 class=\"wp-block-heading\">An\u00e1lise de Edital<\/h2>\n\n\n<figure class=\"wp-block-embed-youtube wp-block-embed is-type-video is-provider-youtube wp-embed-aspect-16-9 wp-has-aspect-ratio\"><div class=\"lyte-wrapper\" style=\"width:853px;max-width:100%;margin:5px;\"><div class=\"lyMe\" id=\"WYL_i6ik8Fm39ns\"><div id=\"lyte_i6ik8Fm39ns\" data-src=\"\/\/i.ytimg.com\/vi\/i6ik8Fm39ns\/hqdefault.jpg\" class=\"pL\"><div class=\"tC\"><div class=\"tT\"><\/div><\/div><div class=\"play\"><\/div><div class=\"ctrl\"><div class=\"Lctrl\"><\/div><div class=\"Rctrl\"><\/div><\/div><\/div><noscript><a href=\"https:\/\/youtu.be\/i6ik8Fm39ns\" rel=\"nofollow\"><img loading=\"lazy\" decoding=\"async\" src=\"https:\/\/i.ytimg.com\/vi\/i6ik8Fm39ns\/0.jpg\" alt=\"YouTube video thumbnail\" width=\"853\" height=\"460\" \/><br \/>Assista a este v\u00eddeo no YouTube<\/a><\/noscript><\/div><\/div><div class=\"lL\" style=\"max-width:100%;width:853px;margin:5px;\"><\/div><figcaption><\/figcaption><\/figure>\n\n\n<p class=\"has-text-align-center has-luminous-vivid-amber-background-color has-background\"><strong>Saiba mais:&nbsp;<\/strong><a href=\"https:\/\/www.estrategiaconcursos.com.br\/blog\/concurso-guarda-municipal-de-joinville\/\"><strong>concurso Guarda de Joinville<\/strong><\/a><\/p>\n\n\n\n<h2 class=\"wp-block-heading has-text-align-center\" id=\"cursos-assinatura\"><strong><em>Quer estudar para Concurso <\/em><\/strong><em>Guarda Municipal Joinville<\/em><strong><em>?<\/em><\/strong><\/h2>\n\n\n\n<p class=\"has-text-align-center\"><em><strong>Gostou desta oportunidade e deseja come\u00e7ar se preparar agora mesmo? Ent\u00e3o, confira os nossos cursos e comece a estudar para Guarda Municipal Joinville:<\/strong><\/em><\/p>\n\n\n\n<p class=\"has-text-align-center has-luminous-vivid-amber-background-color has-background\" style=\"font-size:clamp(16.293px, 1.018rem + ((1vw - 3.2px) * 0.854), 25px);px\"><strong><em><a href=\"https:\/\/www.estrategiaconcursos.com.br\/cursosPorConcurso\/prefeitura-municipal-de-joinville-sc-guarda-municipal\/\" target=\"_blank\" rel=\"noreferrer noopener\" aria-label=\"CURSOS GUARDA JOINVILLE (abre numa nova aba)\">CURSOS GUARDA JOINVILLE<\/a><\/em><\/strong><\/p>\n\n\n\n<p class=\"has-text-align-center has-pale-cyan-blue-background-color has-background\"><strong><a href=\"https:\/\/drive.google.com\/file\/d\/1JkWaTlrZ3Fj4-qcywPjLYhARMi2s_w5A\/view?usp=sharing\">Edital Estrat\u00e9gico Guarda Municipal de Joinville <\/a><\/strong><\/p>\n\n\n\n<p><em><strong>Assinatura Anual Ilimitada*<\/strong><\/em><\/p>\n\n\n\n<p><em>Prepare-se com o melhor material e com quem mais aprova em&nbsp;Concursos P\u00fablicos de todo o pa\u00eds. Assine agora a nossa Assinatura Anual e tenha acesso ilimitado a todos os nossos cursos.<\/em><\/p>\n\n\n\n<p class=\"has-text-align-center has-light-green-cyan-background-color has-background\"><strong>ASSINE AGORA<\/strong>&nbsp;\u2013&nbsp;<a rel=\"noreferrer noopener\" href=\"https:\/\/www.estrategiaconcursos.com.br\/assinaturas\" target=\"_blank\"><strong>Assinatura Ilimitada<\/strong><\/a><\/p>\n\n\n\n<p><strong><em>Fique por dentro dos concursos vigentes:<\/em><\/strong><\/p>\n\n\n\n<p class=\"has-text-align-center has-pale-cyan-blue-background-color has-background\"><strong><a href=\"https:\/\/www.estrategiaconcursos.com.br\/blog\/concursos-abertos\/\" target=\"_blank\" rel=\"noreferrer noopener\">CONCURSOS ABERTOS<\/a><\/strong><\/p>\n\n\n\n<figure class=\"wp-block-image\"><img loading=\"lazy\" decoding=\"async\" width=\"300\" height=\"102\" src=\"https:\/\/dhg1h5j42swfq.cloudfront.net\/2017\/03\/28152500\/coruja-ficha-tecnica-300x102.png\" alt=\"Ficha t\u00e9cnica do concurso prefeitura de s\u00e3o carlos\" class=\"wp-image-68542\"\/><\/figure>\n\n\n\n<h3 class=\"wp-block-heading\" id=\"ficha\"><strong>Informa\u00e7\u00f5es&nbsp;<\/strong>Edital Guarda Municipal de Joinville<\/h3>\n\n\n\n<p>\u25ba<strong>Data Prevista:&nbsp;<\/strong>15\/12\/2019<br \/>\u25ba<strong>Vagas<\/strong>: 05_CR<br \/>\u25ba<strong>Cargos<\/strong>: Guarda Civil Municipal<br \/>\u25ba<strong>Banca<\/strong>: Prefeitura de Joinville<br \/>\u25ba<strong>Escolaridade<\/strong>: N\u00edvel m\u00e9dio<br \/>\u25ba<strong>Edital<\/strong>:&nbsp;<\/p>\n\n\n\n<div class=\"wp-block-file\"><a id=\"wp-block-file--media-f4b1fd42-ffdb-4832-bfb3-541ec45b1aa0\" href=\"https:\/\/dhg1h5j42swfq.cloudfront.net\/2019\/10\/15105104\/Edital-Guarda-Municipal-de-Joinville-2019.pdf\">Edital-Guarda-Municipal-de-Joinville-2019<\/a><a href=\"https:\/\/dhg1h5j42swfq.cloudfront.net\/2019\/10\/15105104\/Edital-Guarda-Municipal-de-Joinville-2019.pdf\" class=\"wp-block-file__button wp-element-button\" download aria-describedby=\"wp-block-file--media-f4b1fd42-ffdb-4832-bfb3-541ec45b1aa0\">Baixar<\/a><\/div>\n\n\n\n<p><em>Ascom Estrat\u00e9gia<\/em><br \/>ascomestrategia@gmail.com<\/p>\n","protected":false},"excerpt":{"rendered":"<p>Est\u00e1 em andamento o concurso Guarda Municipal de Joinville (SC). As inscri\u00e7\u00f5es para o certame est\u00e3o encerradas e a pr\u00f3xima etapa ser\u00e1 a prova objetiva, aplicada no dia 15 de dezembro. O certame est\u00e1 sob a responsabilidade da Secretaria de Gest\u00e3o de Pessoas do Munic\u00edpio de Joinville. Principais Informa\u00e7\u00f5es Edital Guarda Municipal de Joinville Data [&hellip;]<\/p>\n","protected":false},"author":552,"featured_media":419116,"comment_status":"open","ping_status":"closed","sticky":false,"template":"","format":"standard","meta":{"post_tipo":"article","footnotes":""},"categories":[1],"tags":[],"tax_estado":[],"class_list":["post-434319","post","type-post","status-publish","format-standard","has-post-thumbnail","hentry","category-cursos-e-concursos"],"acf":[],"yoast_head":"<!-- This site is optimized with the Yoast SEO Premium plugin v27.2 (Yoast SEO v27.2) - https:\/\/yoast.com\/product\/yoast-seo-premium-wordpress\/ -->\n<title>Edital Guarda Municipal de Joinville: inscri\u00e7\u00f5es encerradas!<\/title>\n<meta name=\"description\" content=\"Edital Guarda Municipal de Joinville: S\u00e3o 5 vgas imediatas para cargo de n\u00edvel m\u00e9dio e provas em dezembro. Confira tudo aqui!\" \/>\n<meta name=\"robots\" content=\"index, follow, max-snippet:-1, max-image-preview:large, max-video-preview:-1\" \/>\n<link rel=\"canonical\" href=\"https:\/\/www.estrategiaconcursos.com.br\/blog\/edital-guarda-municipal-de-joinville\/\" \/>\n<meta property=\"og:locale\" content=\"pt_BR\" \/>\n<meta property=\"og:type\" content=\"article\" \/>\n<meta property=\"og:title\" content=\"Edital Guarda Municipal de Joinville: inscri\u00e7\u00f5es encerradas!\" \/>\n<meta property=\"og:description\" content=\"Edital Guarda Municipal de Joinville: S\u00e3o 5 vgas imediatas para cargo de n\u00edvel m\u00e9dio e provas em dezembro. Confira tudo aqui!\" \/>\n<meta property=\"og:url\" content=\"https:\/\/www.estrategiaconcursos.com.br\/blog\/edital-guarda-municipal-de-joinville\/\" \/>\n<meta property=\"og:site_name\" content=\"Estrat\u00e9gia Concursos\" \/>\n<meta property=\"article:published_time\" content=\"2019-10-15T13:53:47+00:00\" \/>\n<meta property=\"article:modified_time\" content=\"2023-08-23T13:32:52+00:00\" \/>\n<meta property=\"og:image\" content=\"https:\/\/dhg1h5j42swfq.cloudfront.net\/2019\/06\/12092058\/saiu-edital-2.jpg\" \/>\n\t<meta property=\"og:image:width\" content=\"1200\" \/>\n\t<meta property=\"og:image:height\" content=\"628\" \/>\n\t<meta property=\"og:image:type\" content=\"image\/jpeg\" \/>\n<meta name=\"author\" content=\"Paulo Bilynskyj\" \/>\n<meta name=\"twitter:card\" content=\"summary_large_image\" \/>\n<meta name=\"twitter:creator\" content=\"@EstratConcursos\" \/>\n<meta name=\"twitter:site\" content=\"@EstratConcursos\" \/>\n<meta name=\"twitter:label1\" content=\"Escrito por\" \/>\n\t<meta name=\"twitter:data1\" content=\"Paulo Bilynskyj\" \/>\n\t<meta name=\"twitter:label2\" content=\"Est. tempo de leitura\" \/>\n\t<meta name=\"twitter:data2\" content=\"4 minutos\" \/>\n<script type=\"application\/ld+json\" class=\"yoast-schema-graph\">{\"@context\":\"https:\/\/schema.org\",\"@graph\":[{\"@type\":\"NewsArticle\",\"@id\":\"https:\/\/www.estrategiaconcursos.com.br\/blog\/edital-guarda-municipal-de-joinville\/#article\",\"isPartOf\":{\"@id\":\"https:\/\/www.estrategiaconcursos.com.br\/blog\/edital-guarda-municipal-de-joinville\/\"},\"author\":{\"name\":\"Paulo Bilynskyj\",\"@id\":\"https:\/\/www.estrategiaconcursos.com.br\/blog\/#\/schema\/person\/a630b15e36f45b4c21fed01219843cb5\"},\"headline\":\"Edital Guarda Municipal de Joinville: inscri\u00e7\u00f5es encerradas!\",\"datePublished\":\"2019-10-15T13:53:47+00:00\",\"dateModified\":\"2023-08-23T13:32:52+00:00\",\"mainEntityOfPage\":{\"@id\":\"https:\/\/www.estrategiaconcursos.com.br\/blog\/edital-guarda-municipal-de-joinville\/\"},\"wordCount\":859,\"commentCount\":1,\"publisher\":{\"@id\":\"https:\/\/www.estrategiaconcursos.com.br\/blog\/#organization\"},\"image\":{\"@id\":\"https:\/\/www.estrategiaconcursos.com.br\/blog\/edital-guarda-municipal-de-joinville\/#primaryimage\"},\"thumbnailUrl\":\"https:\/\/dhg1h5j42swfq.cloudfront.net\/2019\/06\/12092058\/saiu-edital-2.jpg\",\"articleSection\":[\"Concursos P\u00fablicos\"],\"inLanguage\":\"pt-BR\",\"potentialAction\":[{\"@type\":\"CommentAction\",\"name\":\"Comment\",\"target\":[\"https:\/\/www.estrategiaconcursos.com.br\/blog\/edital-guarda-municipal-de-joinville\/#respond\"]}],\"copyrightYear\":\"2019\",\"copyrightHolder\":{\"@id\":\"https:\/\/www.estrategiaconcursos.com.br\/blog\/#organization\"}},{\"@type\":\"WebPage\",\"@id\":\"https:\/\/www.estrategiaconcursos.com.br\/blog\/edital-guarda-municipal-de-joinville\/\",\"url\":\"https:\/\/www.estrategiaconcursos.com.br\/blog\/edital-guarda-municipal-de-joinville\/\",\"name\":\"Edital Guarda Municipal de Joinville: inscri\u00e7\u00f5es encerradas!\",\"isPartOf\":{\"@id\":\"https:\/\/www.estrategiaconcursos.com.br\/blog\/#website\"},\"primaryImageOfPage\":{\"@id\":\"https:\/\/www.estrategiaconcursos.com.br\/blog\/edital-guarda-municipal-de-joinville\/#primaryimage\"},\"image\":{\"@id\":\"https:\/\/www.estrategiaconcursos.com.br\/blog\/edital-guarda-municipal-de-joinville\/#primaryimage\"},\"thumbnailUrl\":\"https:\/\/dhg1h5j42swfq.cloudfront.net\/2019\/06\/12092058\/saiu-edital-2.jpg\",\"datePublished\":\"2019-10-15T13:53:47+00:00\",\"dateModified\":\"2023-08-23T13:32:52+00:00\",\"description\":\"Edital Guarda Municipal de Joinville: S\u00e3o 5 vgas imediatas para cargo de n\u00edvel m\u00e9dio e provas em dezembro. Confira tudo aqui!\",\"breadcrumb\":{\"@id\":\"https:\/\/www.estrategiaconcursos.com.br\/blog\/edital-guarda-municipal-de-joinville\/#breadcrumb\"},\"inLanguage\":\"pt-BR\",\"potentialAction\":[{\"@type\":\"ReadAction\",\"target\":[\"https:\/\/www.estrategiaconcursos.com.br\/blog\/edital-guarda-municipal-de-joinville\/\"]}]},{\"@type\":\"ImageObject\",\"inLanguage\":\"pt-BR\",\"@id\":\"https:\/\/www.estrategiaconcursos.com.br\/blog\/edital-guarda-municipal-de-joinville\/#primaryimage\",\"url\":\"https:\/\/dhg1h5j42swfq.cloudfront.net\/2019\/06\/12092058\/saiu-edital-2.jpg\",\"contentUrl\":\"https:\/\/dhg1h5j42swfq.cloudfront.net\/2019\/06\/12092058\/saiu-edital-2.jpg\",\"width\":1200,\"height\":628,\"caption\":\"concurso creci ms\"},{\"@type\":\"BreadcrumbList\",\"@id\":\"https:\/\/www.estrategiaconcursos.com.br\/blog\/edital-guarda-municipal-de-joinville\/#breadcrumb\",\"itemListElement\":[{\"@type\":\"ListItem\",\"position\":1,\"name\":\"In\u00edcio\",\"item\":\"https:\/\/www.estrategiaconcursos.com.br\/blog\/\"},{\"@type\":\"ListItem\",\"position\":2,\"name\":\"Edital Guarda Municipal de Joinville: inscri\u00e7\u00f5es encerradas!\"}]},{\"@type\":\"WebSite\",\"@id\":\"https:\/\/www.estrategiaconcursos.com.br\/blog\/#website\",\"url\":\"https:\/\/www.estrategiaconcursos.com.br\/blog\/\",\"name\":\"Estrat\u00e9gia Concursos\",\"description\":\"O blog da Estrat\u00e9gia Concursos traz not\u00edcias sobre concursos e artigos de professores oferecendo cursos para concursos (pdf + videaulas) no site.\",\"publisher\":{\"@id\":\"https:\/\/www.estrategiaconcursos.com.br\/blog\/#organization\"},\"potentialAction\":[{\"@type\":\"SearchAction\",\"target\":{\"@type\":\"EntryPoint\",\"urlTemplate\":\"https:\/\/www.estrategiaconcursos.com.br\/blog\/?s={search_term_string}\"},\"query-input\":{\"@type\":\"PropertyValueSpecification\",\"valueRequired\":true,\"valueName\":\"search_term_string\"}}],\"inLanguage\":\"pt-BR\"},{\"@type\":\"Organization\",\"@id\":\"https:\/\/www.estrategiaconcursos.com.br\/blog\/#organization\",\"name\":\"Estrat\u00e9gia Concursos\",\"url\":\"https:\/\/www.estrategiaconcursos.com.br\/blog\/\",\"logo\":{\"@type\":\"ImageObject\",\"inLanguage\":\"pt-BR\",\"@id\":\"https:\/\/www.estrategiaconcursos.com.br\/blog\/#\/schema\/logo\/image\/\",\"url\":\"https:\/\/dhg1h5j42swfq.cloudfront.net\/2025\/06\/03203428\/logo_concursos-1.jpg\",\"contentUrl\":\"https:\/\/dhg1h5j42swfq.cloudfront.net\/2025\/06\/03203428\/logo_concursos-1.jpg\",\"width\":230,\"height\":60,\"caption\":\"Estrat\u00e9gia Concursos\"},\"image\":{\"@id\":\"https:\/\/www.estrategiaconcursos.com.br\/blog\/#\/schema\/logo\/image\/\"},\"sameAs\":[\"https:\/\/x.com\/EstratConcursos\"]},{\"@type\":\"Person\",\"@id\":\"https:\/\/www.estrategiaconcursos.com.br\/blog\/#\/schema\/person\/a630b15e36f45b4c21fed01219843cb5\",\"name\":\"Paulo Bilynskyj\",\"image\":{\"@type\":\"ImageObject\",\"inLanguage\":\"pt-BR\",\"@id\":\"https:\/\/secure.gravatar.com\/avatar\/37e21f70c9042e7456beffdc6d31fe051f3f6dcbf252f69343a791b144852057?s=96&d=mm&r=g\",\"url\":\"https:\/\/secure.gravatar.com\/avatar\/37e21f70c9042e7456beffdc6d31fe051f3f6dcbf252f69343a791b144852057?s=96&d=mm&r=g\",\"contentUrl\":\"https:\/\/secure.gravatar.com\/avatar\/37e21f70c9042e7456beffdc6d31fe051f3f6dcbf252f69343a791b144852057?s=96&d=mm&r=g\",\"caption\":\"Paulo Bilynskyj\"},\"url\":\"https:\/\/www.estrategiaconcursos.com.br\/blog\/author\/pbilynskyjgmail-com\/\"}]}<\/script>\n<!-- \/ Yoast SEO Premium plugin. -->","yoast_head_json":{"title":"Edital Guarda Municipal de Joinville: inscri\u00e7\u00f5es encerradas!","description":"Edital Guarda Municipal de Joinville: S\u00e3o 5 vgas imediatas para cargo de n\u00edvel m\u00e9dio e provas em dezembro. Confira tudo aqui!","robots":{"index":"index","follow":"follow","max-snippet":"max-snippet:-1","max-image-preview":"max-image-preview:large","max-video-preview":"max-video-preview:-1"},"canonical":"https:\/\/www.estrategiaconcursos.com.br\/blog\/edital-guarda-municipal-de-joinville\/","og_locale":"pt_BR","og_type":"article","og_title":"Edital Guarda Municipal de Joinville: inscri\u00e7\u00f5es encerradas!","og_description":"Edital Guarda Municipal de Joinville: S\u00e3o 5 vgas imediatas para cargo de n\u00edvel m\u00e9dio e provas em dezembro. Confira tudo aqui!","og_url":"https:\/\/www.estrategiaconcursos.com.br\/blog\/edital-guarda-municipal-de-joinville\/","og_site_name":"Estrat\u00e9gia Concursos","article_published_time":"2019-10-15T13:53:47+00:00","article_modified_time":"2023-08-23T13:32:52+00:00","og_image":[{"width":1200,"height":628,"url":"https:\/\/dhg1h5j42swfq.cloudfront.net\/2019\/06\/12092058\/saiu-edital-2.jpg","type":"image\/jpeg"}],"author":"Paulo Bilynskyj","twitter_card":"summary_large_image","twitter_creator":"@EstratConcursos","twitter_site":"@EstratConcursos","twitter_misc":{"Escrito por":"Paulo Bilynskyj","Est. tempo de leitura":"4 minutos"},"schema":{"@context":"https:\/\/schema.org","@graph":[{"@type":"NewsArticle","@id":"https:\/\/www.estrategiaconcursos.com.br\/blog\/edital-guarda-municipal-de-joinville\/#article","isPartOf":{"@id":"https:\/\/www.estrategiaconcursos.com.br\/blog\/edital-guarda-municipal-de-joinville\/"},"author":{"name":"Paulo Bilynskyj","@id":"https:\/\/www.estrategiaconcursos.com.br\/blog\/#\/schema\/person\/a630b15e36f45b4c21fed01219843cb5"},"headline":"Edital Guarda Municipal de Joinville: inscri\u00e7\u00f5es encerradas!","datePublished":"2019-10-15T13:53:47+00:00","dateModified":"2023-08-23T13:32:52+00:00","mainEntityOfPage":{"@id":"https:\/\/www.estrategiaconcursos.com.br\/blog\/edital-guarda-municipal-de-joinville\/"},"wordCount":859,"commentCount":1,"publisher":{"@id":"https:\/\/www.estrategiaconcursos.com.br\/blog\/#organization"},"image":{"@id":"https:\/\/www.estrategiaconcursos.com.br\/blog\/edital-guarda-municipal-de-joinville\/#primaryimage"},"thumbnailUrl":"https:\/\/dhg1h5j42swfq.cloudfront.net\/2019\/06\/12092058\/saiu-edital-2.jpg","articleSection":["Concursos P\u00fablicos"],"inLanguage":"pt-BR","potentialAction":[{"@type":"CommentAction","name":"Comment","target":["https:\/\/www.estrategiaconcursos.com.br\/blog\/edital-guarda-municipal-de-joinville\/#respond"]}],"copyrightYear":"2019","copyrightHolder":{"@id":"https:\/\/www.estrategiaconcursos.com.br\/blog\/#organization"}},{"@type":"WebPage","@id":"https:\/\/www.estrategiaconcursos.com.br\/blog\/edital-guarda-municipal-de-joinville\/","url":"https:\/\/www.estrategiaconcursos.com.br\/blog\/edital-guarda-municipal-de-joinville\/","name":"Edital Guarda Municipal de Joinville: inscri\u00e7\u00f5es encerradas!","isPartOf":{"@id":"https:\/\/www.estrategiaconcursos.com.br\/blog\/#website"},"primaryImageOfPage":{"@id":"https:\/\/www.estrategiaconcursos.com.br\/blog\/edital-guarda-municipal-de-joinville\/#primaryimage"},"image":{"@id":"https:\/\/www.estrategiaconcursos.com.br\/blog\/edital-guarda-municipal-de-joinville\/#primaryimage"},"thumbnailUrl":"https:\/\/dhg1h5j42swfq.cloudfront.net\/2019\/06\/12092058\/saiu-edital-2.jpg","datePublished":"2019-10-15T13:53:47+00:00","dateModified":"2023-08-23T13:32:52+00:00","description":"Edital Guarda Municipal de Joinville: S\u00e3o 5 vgas imediatas para cargo de n\u00edvel m\u00e9dio e provas em dezembro. Confira tudo aqui!","breadcrumb":{"@id":"https:\/\/www.estrategiaconcursos.com.br\/blog\/edital-guarda-municipal-de-joinville\/#breadcrumb"},"inLanguage":"pt-BR","potentialAction":[{"@type":"ReadAction","target":["https:\/\/www.estrategiaconcursos.com.br\/blog\/edital-guarda-municipal-de-joinville\/"]}]},{"@type":"ImageObject","inLanguage":"pt-BR","@id":"https:\/\/www.estrategiaconcursos.com.br\/blog\/edital-guarda-municipal-de-joinville\/#primaryimage","url":"https:\/\/dhg1h5j42swfq.cloudfront.net\/2019\/06\/12092058\/saiu-edital-2.jpg","contentUrl":"https:\/\/dhg1h5j42swfq.cloudfront.net\/2019\/06\/12092058\/saiu-edital-2.jpg","width":1200,"height":628,"caption":"concurso creci ms"},{"@type":"BreadcrumbList","@id":"https:\/\/www.estrategiaconcursos.com.br\/blog\/edital-guarda-municipal-de-joinville\/#breadcrumb","itemListElement":[{"@type":"ListItem","position":1,"name":"In\u00edcio","item":"https:\/\/www.estrategiaconcursos.com.br\/blog\/"},{"@type":"ListItem","position":2,"name":"Edital Guarda Municipal de Joinville: inscri\u00e7\u00f5es encerradas!"}]},{"@type":"WebSite","@id":"https:\/\/www.estrategiaconcursos.com.br\/blog\/#website","url":"https:\/\/www.estrategiaconcursos.com.br\/blog\/","name":"Estrat\u00e9gia Concursos","description":"O blog da Estrat\u00e9gia Concursos traz not\u00edcias sobre concursos e artigos de professores oferecendo cursos para concursos (pdf + videaulas) no site.","publisher":{"@id":"https:\/\/www.estrategiaconcursos.com.br\/blog\/#organization"},"potentialAction":[{"@type":"SearchAction","target":{"@type":"EntryPoint","urlTemplate":"https:\/\/www.estrategiaconcursos.com.br\/blog\/?s={search_term_string}"},"query-input":{"@type":"PropertyValueSpecification","valueRequired":true,"valueName":"search_term_string"}}],"inLanguage":"pt-BR"},{"@type":"Organization","@id":"https:\/\/www.estrategiaconcursos.com.br\/blog\/#organization","name":"Estrat\u00e9gia Concursos","url":"https:\/\/www.estrategiaconcursos.com.br\/blog\/","logo":{"@type":"ImageObject","inLanguage":"pt-BR","@id":"https:\/\/www.estrategiaconcursos.com.br\/blog\/#\/schema\/logo\/image\/","url":"https:\/\/dhg1h5j42swfq.cloudfront.net\/2025\/06\/03203428\/logo_concursos-1.jpg","contentUrl":"https:\/\/dhg1h5j42swfq.cloudfront.net\/2025\/06\/03203428\/logo_concursos-1.jpg","width":230,"height":60,"caption":"Estrat\u00e9gia Concursos"},"image":{"@id":"https:\/\/www.estrategiaconcursos.com.br\/blog\/#\/schema\/logo\/image\/"},"sameAs":["https:\/\/x.com\/EstratConcursos"]},{"@type":"Person","@id":"https:\/\/www.estrategiaconcursos.com.br\/blog\/#\/schema\/person\/a630b15e36f45b4c21fed01219843cb5","name":"Paulo Bilynskyj","image":{"@type":"ImageObject","inLanguage":"pt-BR","@id":"https:\/\/secure.gravatar.com\/avatar\/37e21f70c9042e7456beffdc6d31fe051f3f6dcbf252f69343a791b144852057?s=96&d=mm&r=g","url":"https:\/\/secure.gravatar.com\/avatar\/37e21f70c9042e7456beffdc6d31fe051f3f6dcbf252f69343a791b144852057?s=96&d=mm&r=g","contentUrl":"https:\/\/secure.gravatar.com\/avatar\/37e21f70c9042e7456beffdc6d31fe051f3f6dcbf252f69343a791b144852057?s=96&d=mm&r=g","caption":"Paulo Bilynskyj"},"url":"https:\/\/www.estrategiaconcursos.com.br\/blog\/author\/pbilynskyjgmail-com\/"}]}},"_links":{"self":[{"href":"https:\/\/www.estrategiaconcursos.com.br\/blog\/wp-json\/wp\/v2\/posts\/434319","targetHints":{"allow":["GET"]}}],"collection":[{"href":"https:\/\/www.estrategiaconcursos.com.br\/blog\/wp-json\/wp\/v2\/posts"}],"about":[{"href":"https:\/\/www.estrategiaconcursos.com.br\/blog\/wp-json\/wp\/v2\/types\/post"}],"author":[{"embeddable":true,"href":"https:\/\/www.estrategiaconcursos.com.br\/blog\/wp-json\/wp\/v2\/users\/552"}],"replies":[{"embeddable":true,"href":"https:\/\/www.estrategiaconcursos.com.br\/blog\/wp-json\/wp\/v2\/comments?post=434319"}],"version-history":[{"count":18,"href":"https:\/\/www.estrategiaconcursos.com.br\/blog\/wp-json\/wp\/v2\/posts\/434319\/revisions"}],"predecessor-version":[{"id":1267910,"href":"https:\/\/www.estrategiaconcursos.com.br\/blog\/wp-json\/wp\/v2\/posts\/434319\/revisions\/1267910"}],"wp:featuredmedia":[{"embeddable":true,"href":"https:\/\/www.estrategiaconcursos.com.br\/blog\/wp-json\/wp\/v2\/media\/419116"}],"wp:attachment":[{"href":"https:\/\/www.estrategiaconcursos.com.br\/blog\/wp-json\/wp\/v2\/media?parent=434319"}],"wp:term":[{"taxonomy":"category","embeddable":true,"href":"https:\/\/www.estrategiaconcursos.com.br\/blog\/wp-json\/wp\/v2\/categories?post=434319"},{"taxonomy":"post_tag","embeddable":true,"href":"https:\/\/www.estrategiaconcursos.com.br\/blog\/wp-json\/wp\/v2\/tags?post=434319"},{"taxonomy":"tax_estado","embeddable":true,"href":"https:\/\/www.estrategiaconcursos.com.br\/blog\/wp-json\/wp\/v2\/tax_estado?post=434319"}],"curies":[{"name":"wp","href":"https:\/\/api.w.org\/{rel}","templated":true}]}}