{"id":434182,"date":"2019-11-11T00:00:53","date_gmt":"2019-11-11T03:00:53","guid":{"rendered":"https:\/\/www.estrategiaconcursos.com.br\/blog\/?p=434182"},"modified":"2019-12-02T16:16:36","modified_gmt":"2019-12-02T19:16:36","slug":"edital-seme-rio-branco-ac","status":"publish","type":"post","link":"https:\/\/www.estrategiaconcursos.com.br\/blog\/edital-seme-rio-branco-ac\/","title":{"rendered":"Edital SEME Rio Branco AC: REMARCADA a data da Prova Objetiva"},"content":{"rendered":"\n<p>As inscri\u00e7\u00f5es para o concurso SEME Rio Branco est\u00e3o encerradas. O \u00f3rg\u00e3o oferta no seu concurso p\u00fablico <strong>553 vagas. <\/strong>O concurso SEME Rio Branco prev\u00ea vagas para Professor, Nutricionista Cuidador Pessoal e Motorista.<\/p>\n\n\n\n<p>Na segunda-feira, 02 de dezembro de 2019,  a banca organizadora, Funda\u00e7\u00e3o de Apoio e Desenvolvimento \u00e0 UFAC \u2013 FUNDAPE, divulgou, dentre outras pequenas altera\u00e7\u00f5es no edital original, a remarca\u00e7\u00e3o da<strong> data da prova objetiva<\/strong>\u00a0do certame para o dia <strong>29 de dezembro<\/strong>. <\/p>\n\n\n\n<p>Isso porque, em raz\u00e3o de uma falha humana, as provas distribu\u00eddas para aplica\u00e7\u00e3o no dia 17 de novembro de manh\u00e3 foram trocadas pelas que seriam realizadas na parte da tarde (Cuidador Pessoal). <\/p>\n\n\n\n<p>Constatado o equ\u00edvoco, a Comiss\u00e3o do Concurso P\u00fablico recolheu as provas, a fim de que fossem trocadas pela prova correta, por\u00e9m alguns candidatos se exaltaram e se recusaram a faz\u00ea-la, alegando que n\u00e3o havia como saber se tinha havido fraude ou se o sigilo da prova estava resguardado. Por essa raz\u00e3o, a banca optou pela nova aplica\u00e7\u00e3o do certame. <\/p>\n\n\n\n<p>A Prova Objetiva ser\u00e1 composta pelas mat\u00e9rias de L\u00edngua Portuguesa, Matem\u00e1tica, Conhecimentos Gerais\/ Atualidades, legisla\u00e7\u00e3o e Conhecimentos Espec\u00edficos.  <\/p>\n\n\n\n<p>Os novos locais de prova ser\u00e3o divulgados no dia <strong>16 de dezembro<\/strong>. <\/p>\n\n\n\n<h2 class=\"wp-block-heading\">Principais datas<\/h2>\n\n\n\n<p class=\"has-background has-very-light-gray-background-color\"><strong><em>Inscri\u00e7\u00f5es: 15 e outubro a 3 de novembro <br \/>Isen\u00e7\u00e3o da taxa: 16 a 17 de outubro<br \/>Prova: 29 de dezembro <\/em><\/strong><\/p>\n\n\n\n<h2 class=\"wp-block-heading\">Situa\u00e7\u00e3o atual do concurso SEME Rio Branco<\/h2>\n\n\n\n<p>O edital do concurso SEME Rio Branco foi publicado e ofertar\u00e1 aos candidatos 553 vagas para diversos cargos de n\u00edveis de forma\u00e7\u00e3o fundamental, m\u00e9dio e superior. <\/p>\n\n\n\n<p>Para garantir as inscri\u00e7\u00f5es acesse o site da FUNDAPE at\u00e9 o dia 3 de novembro. Vale lembrar que \u00e9 cobrada uma taxa conforme o grau de escolaridade. <\/p>\n\n\n\n<ul class=\"wp-block-list\"><li><em>N\u00edvel Fundamental &#8211; R$ 45,00<\/em><\/li><li><em>N\u00edvel M\u00e9dio &#8211; R$ 65,00<\/em><\/li><li><em>N\u00edvel Superior &#8211; R$ 85,00<\/em><\/li><\/ul>\n\n\n\n<h2 class=\"wp-block-heading\">Cargos,Vagas e Remunera\u00e7\u00f5es<\/h2>\n\n\n\n<h4 class=\"wp-block-heading\">N\u00edvel Superior<\/h4>\n\n\n\n<table class=\"wp-block-table aligncenter has-subtle-pale-blue-background-color has-fixed-layout has-background is-style-stripes\"><tbody><tr><td><strong>Cargos<\/strong><\/td><td><strong>Vagas<\/strong><\/td><td><strong>Remunera\u00e7\u00f5es<\/strong><\/td><\/tr><tr><td> Professor da Educa\u00e7\u00e3o Infantil (Pr\u00e9-Escola) <\/td><td>200<\/td><td>R$ 2.154,64 <\/td><\/tr><tr><td>Professor do Ensino Fundamental (1.\u00ba ao 5.\u00ba ano) ZONA URBANA <\/td><td>138<\/td><td>R$ 2.154,64 <\/td><\/tr><tr><td>Professor do Ensino Fundamental (1.\u00ba ao 5.\u00ba ano) ZONA RURAL <\/td><td>30<\/td><td>R$ 2.154,64 <\/td><\/tr><tr><td>Professor da Educa\u00e7\u00e3o Especial (Mediador) ZONA URBANA <\/td><td>73<\/td><td>R$ 2.154,64 <\/td><\/tr><tr><td> Professor da Educa\u00e7\u00e3o Especial (Libras) <\/td><td>5<\/td><td> R$ 3.447,35 <\/td><\/tr><tr><td> Professor da Educa\u00e7\u00e3o Especial (Bilingue) <\/td><td>10<\/td><td>R$ 2.154,64 <\/td><\/tr><tr><td> Nutricionista <\/td><td>2<\/td><td>R$ 1.865,16 <\/td><\/tr><\/tbody><\/table>\n\n\n\n<h4 class=\"wp-block-heading\">N\u00edvel M\u00e9dio<\/h4>\n\n\n\n<table class=\"wp-block-table aligncenter has-subtle-pale-blue-background-color has-fixed-layout has-background is-style-stripes\"><tbody><tr><td><strong>Cargos<\/strong><\/td><td><strong>Vagas <\/strong><\/td><td><strong>Remunera\u00e7\u00f5es<\/strong><\/td><\/tr><tr><td> Cuidador Pessoal <\/td><td>85<\/td><td> R$ 1.032,66 <\/td><\/tr><\/tbody><\/table>\n\n\n\n<h4 class=\"wp-block-heading\">N\u00edvel Fundamental<\/h4>\n\n\n\n<table class=\"wp-block-table aligncenter has-subtle-pale-blue-background-color has-fixed-layout has-background is-style-stripes\"><tbody><tr><td><strong>Cargos<\/strong><\/td><td><strong>Vagas<\/strong><\/td><td><strong>Remunera\u00e7\u00f5es<\/strong><\/td><\/tr><tr><td> Motorista <\/td><td>10<\/td><td> R$ 1.162,80 <\/td><\/tr><\/tbody><\/table>\n\n\n\n<h2 class=\"wp-block-heading\">Etapas de provas do concurso SEME Rio Branco<\/h2>\n\n\n\n<h4 class=\"wp-block-heading\">N\u00edvel Fundamental <\/h4>\n\n\n\n<p> As provas dos cargos de N\u00edvel Fundamental constar\u00e3o de uma \u00fanica etapa, com uma fase, de car\u00e1ter eliminat\u00f3rio e classificat\u00f3rio. Vale lembrar que o exame est\u00e1 previsto para acontecer no dia 17 de novembro.<\/p>\n\n\n\n<p><em>Confira abaixo as disciplinas cobradas na prova:<\/em><\/p>\n\n\n\n<div class=\"wp-block-image\"><figure class=\"aligncenter\"><img loading=\"lazy\" decoding=\"async\" width=\"597\" height=\"117\" src=\"https:\/\/dhg1h5j42swfq.cloudfront.net\/2019\/10\/15090921\/image103.png\" alt=\"Disciplinas e quest\u00f5es da prova objetiva\" class=\"wp-image-434198\" srcset=\"https:\/\/dhg1h5j42swfq.cloudfront.net\/2019\/10\/15090921\/image103.png 597w, https:\/\/dhg1h5j42swfq.cloudfront.net\/2019\/10\/15090921\/image103.png 300w\" sizes=\"auto, (max-width: 597px) 100vw, 597px\" \/><figcaption>Disciplinas e quest\u00f5es da prova objetiva<\/figcaption><\/figure><\/div>\n\n\n\n<h4 class=\"wp-block-heading\">N\u00edvel M\u00e9dio<\/h4>\n\n\n\n<p>As provas para os cargos de N\u00edvel M\u00e9dio constar\u00e3o de duas etapas, sendo a primeira com provas objetivas, junto com os demais cargos, e a  segunda etapa com a avalia\u00e7\u00e3o de T\u00edtulos. A prova est\u00e1 prevista para o dia 17 de novembro no turno da tarde. <\/p>\n\n\n\n<p><em>Confira abaixo as disciplinas cobradas na prova:<\/em><\/p>\n\n\n\n<div class=\"wp-block-image\"><figure class=\"aligncenter\"><img decoding=\"async\" src=\"https:\/\/dhg1h5j42swfq.cloudfront.net\/2019\/10\/15090921\/image103.png\" alt=\"Disciplinas e quest\u00f5es da prova objetiva\"\/><figcaption> Disciplinas e quest\u00f5es da prova objetiva <\/figcaption><\/figure><\/div>\n\n\n\n<h4 class=\"wp-block-heading\">N\u00edvel Superior<\/h4>\n\n\n\n<p>As provas para os cargos de N\u00edvel superior constar\u00e3o de duas etapas, sendo a primeira com provas objetivas e a  segunda etapa com a avalia\u00e7\u00e3o de T\u00edtulos. O exame ser\u00e1 realizado no turno da manh\u00e3 no dia 17 de novembro. <\/p>\n\n\n\n<p><em>Confira abaixo as disciplinas cobradas na prova:<\/em><\/p>\n\n\n\n<div class=\"wp-block-image\"><figure class=\"aligncenter\"><img loading=\"lazy\" decoding=\"async\" width=\"592\" height=\"211\" src=\"https:\/\/dhg1h5j42swfq.cloudfront.net\/2019\/10\/15091236\/image104.png\" alt=\"Disciplinas e quest\u00f5es da prova objetiva\" class=\"wp-image-434200\" srcset=\"https:\/\/dhg1h5j42swfq.cloudfront.net\/2019\/10\/15091236\/image104.png 592w, https:\/\/dhg1h5j42swfq.cloudfront.net\/2019\/10\/15091236\/image104.png 300w\" sizes=\"auto, (max-width: 592px) 100vw, 592px\" \/><figcaption> Disciplinas e quest\u00f5es da prova objetiva <\/figcaption><\/figure><\/div>\n\n\n\n<h4 class=\"wp-block-heading\">Avalia\u00e7\u00e3o de T\u00edtulos<\/h4>\n\n\n\n<p>Os t\u00edtulos dever\u00e3o ser anexados como arquivos, no ato da inscri\u00e7\u00e3o, por todos os candidatos dos cargos de N\u00edvel Superior e M\u00e9dio. Vale ressaltar que a  avalia\u00e7\u00e3o de T\u00edtulos ter\u00e1 car\u00e1ter classificat\u00f3rio. <\/p>\n\n\n\n<p><br \/><em>Abaixo voc\u00ea confere os t\u00edtulos:<\/em><\/p>\n\n\n\n<div class=\"wp-block-image\"><figure class=\"aligncenter is-resized\"><img loading=\"lazy\" decoding=\"async\" src=\"https:\/\/dhg1h5j42swfq.cloudfront.net\/2019\/10\/15091625\/image105.png\" alt=\"Rela\u00e7\u00e3o de t\u00edtulos\" class=\"wp-image-434205\" width=\"710\" height=\"142\" srcset=\"https:\/\/dhg1h5j42swfq.cloudfront.net\/2019\/10\/15091625\/image105.png 1083w, https:\/\/dhg1h5j42swfq.cloudfront.net\/2019\/10\/15091625\/image105.png 300w, https:\/\/dhg1h5j42swfq.cloudfront.net\/2019\/10\/15091625\/image105.png 768w, https:\/\/dhg1h5j42swfq.cloudfront.net\/2019\/10\/15091625\/image105.png 1024w, https:\/\/dhg1h5j42swfq.cloudfront.net\/2019\/10\/15091625\/image105.png 610w\" sizes=\"auto, (max-width: 710px) 100vw, 710px\" \/><figcaption>Rela\u00e7\u00e3o de t\u00edtulos<\/figcaption><\/figure><\/div>\n\n\n\n<h4 class=\"wp-block-heading\">Prova Pr\u00e1tica<\/h4>\n\n\n\n<p>A prova pr\u00e1tica ser\u00e1 realizada pelo cargo de Professor da Educa\u00e7\u00e3o Especial em Libras e Professor da Educa\u00e7\u00e3o Especial  Bil\u00edngue. A prova pr\u00e1tica ser\u00e1 individual, filmada e composta pela interpreta\u00e7\u00e3o e tradu\u00e7\u00e3o Portugu\u00eas\/Libras\/Portugu\u00eas de um texto fornecido e imagens em v\u00eddeo. <\/p>\n\n\n\n<p style=\"font-size:23px;text-align:center\" class=\"has-background has-pale-cyan-blue-background-color\"><strong><em>Mais informa\u00e7\u00f5es: <\/em><\/strong><a href=\"https:\/\/www.estrategiaconcursos.com.br\/blog\/concurso-seme-rio-branco\/\"><strong><em>concurso SEME Rio Branco <\/em><\/strong><\/a><\/p>\n\n\n\n<p style=\"font-size:23px;text-align:center\" class=\"has-background has-luminous-vivid-amber-background-color\"><strong><a href=\"https:\/\/www.estrategiaconcursos.com.br\/cursosPorConcurso\/secretaria-municipal-de-educacao-de-rio-branco-ac-seme-rio-branco\/\" target=\"_blank\" rel=\"noreferrer noopener\" aria-label=\"CURSOS SEME RIO BRANCO (abre numa nova aba)\">CURSOS SEME RIO BRANCO<\/a><\/strong><\/p>\n\n\n\n<h2 class=\"wp-block-heading\" style=\"text-align:center\" id=\"assinatura\"><em><strong>Assinatura Anual Ilimitada*<\/strong><\/em><\/h2>\n\n\n\n<p style=\"text-align:center\"><em>Prepare-se com o melhor material e com quem mais aprova em Concursos P\u00fablicos em todo o pa\u00eds. Assine agora a nossa Assinatura Anual e tenha acesso ilimitado* a todos os nossos cursos.<\/em><\/p>\n\n\n\n<p style=\"font-size:25px;text-align:center\" class=\"has-background has-light-green-cyan-background-color\"><strong>ASSINE AGORA<\/strong>&nbsp;\u2013&nbsp;<strong><a rel=\"noreferrer noopener\" href=\"https:\/\/www.estrategiaconcursos.com.br\/assinaturas\" target=\"_blank\">Assinatura Ilimitada<\/a><\/strong><\/p>\n\n\n\n<p style=\"font-size:23px;text-align:center\" class=\"has-background has-pale-cyan-blue-background-color\"><strong><a href=\"https:\/\/www.estrategiaconcursos.com.br\/blog\/concursos-abertos\/\">CONCURSOS ABERTOS<\/a><\/strong><\/p>\n\n\n\n<p style=\"font-size:23px;text-align:center\" class=\"has-background has-pale-cyan-blue-background-color\"><a href=\"https:\/\/www.estrategiaconcursos.com.br\/blog\/concursos-2019\/\"><strong>CONCURSOS 2019<\/strong><\/a><\/p>\n\n\n\n<p style=\"font-size:23px;text-align:center\" class=\"has-background has-pale-cyan-blue-background-color\"><a href=\"https:\/\/www.estrategiaconcursos.com.br\/blog\/concursos-2020\/\"><strong>CONCURSOS<\/strong><\/a><strong><a href=\"https:\/\/www.estrategiaconcursos.com.br\/blog\/concursos-2020\/\">&nbsp;2020<\/a><\/strong><\/p>\n\n\n\n<figure class=\"wp-block-image\"><img loading=\"lazy\" decoding=\"async\" width=\"300\" height=\"102\" src=\"https:\/\/dhg1h5j42swfq.cloudfront.net\/2017\/03\/28152500\/coruja-ficha-tecnica-300x102.png\" alt=\"Ficha t\u00e9cnica do concurso SEME Rio Branco\" class=\"wp-image-68542\"\/><\/figure>\n\n\n\n<h4 class=\"wp-block-heading\" id=\"ficha-tecnica\"><strong>Informa\u00e7\u00f5es sobre o  concurso SEME Rio Branco<\/strong><\/h4>\n\n\n\n<p>\u25ba<strong>Data<\/strong>: 29 de dezembro<br \/>\u25ba<strong>Vagas<\/strong>: 553 vagas<br \/>\u25ba<strong>Cargos<\/strong>: Cuidador, Nutricionista e Professores<br \/>\u25ba<strong>Banca<\/strong>: FUNDAPE<br \/>\u25ba<strong>Escolaridade<\/strong>: N\u00edvel fundamental, m\u00e9dio e superior<br \/>\u25ba<strong> Edital<\/strong>: <a href=\"https:\/\/dhg1h5j42swfq.cloudfront.net\/2019\/10\/15092215\/SEME_RIO_BRNCO_EDITAL.pdf\">Edital 2019 <\/a><\/p>\n","protected":false},"excerpt":{"rendered":"<p>As inscri\u00e7\u00f5es para o concurso SEME Rio Branco est\u00e3o encerradas. O \u00f3rg\u00e3o oferta no seu concurso p\u00fablico 553 vagas. O concurso SEME Rio Branco prev\u00ea vagas para Professor, Nutricionista Cuidador Pessoal e Motorista. Na segunda-feira, 02 de dezembro de 2019, a banca organizadora, Funda\u00e7\u00e3o de Apoio e Desenvolvimento \u00e0 UFAC \u2013 FUNDAPE, divulgou, dentre outras [&hellip;]<\/p>\n","protected":false},"author":1,"featured_media":377429,"comment_status":"open","ping_status":"closed","sticky":false,"template":"","format":"standard","meta":{"post_tipo":"news","footnotes":""},"categories":[1],"tags":[],"tax_estado":[],"class_list":["post-434182","post","type-post","status-publish","format-standard","has-post-thumbnail","hentry","category-cursos-e-concursos"],"acf":[],"yoast_head":"<!-- This site is optimized with the Yoast SEO Premium plugin v27.2 (Yoast SEO v27.2) - https:\/\/yoast.com\/product\/yoast-seo-premium-wordpress\/ -->\n<title>Edital SEME Rio Branco AC: REMARCADA a data da Prova Objetiva<\/title>\n<meta name=\"robots\" content=\"index, follow, max-snippet:-1, max-image-preview:large, max-video-preview:-1\" \/>\n<link rel=\"canonical\" href=\"https:\/\/www.estrategiaconcursos.com.br\/blog\/edital-seme-rio-branco-ac\/\" \/>\n<meta property=\"og:locale\" content=\"pt_BR\" \/>\n<meta property=\"og:type\" content=\"article\" \/>\n<meta property=\"og:title\" content=\"Edital SEME Rio Branco AC: REMARCADA a data da Prova Objetiva\" \/>\n<meta property=\"og:description\" content=\"As inscri\u00e7\u00f5es para o concurso SEME Rio Branco est\u00e3o encerradas. O \u00f3rg\u00e3o oferta no seu concurso p\u00fablico 553 vagas. O concurso SEME Rio Branco prev\u00ea vagas para Professor, Nutricionista Cuidador Pessoal e Motorista. Na segunda-feira, 02 de dezembro de 2019, a banca organizadora, Funda\u00e7\u00e3o de Apoio e Desenvolvimento \u00e0 UFAC \u2013 FUNDAPE, divulgou, dentre outras [&hellip;]\" \/>\n<meta property=\"og:url\" content=\"https:\/\/www.estrategiaconcursos.com.br\/blog\/edital-seme-rio-branco-ac\/\" \/>\n<meta property=\"og:site_name\" content=\"Estrat\u00e9gia Concursos\" \/>\n<meta property=\"article:author\" content=\"https:\/\/www.facebook.com\/EstrategiaConcursos\" \/>\n<meta property=\"article:published_time\" content=\"2019-11-11T03:00:53+00:00\" \/>\n<meta property=\"article:modified_time\" content=\"2019-12-02T19:16:36+00:00\" \/>\n<meta property=\"og:image\" content=\"https:\/\/dhg1h5j42swfq.cloudfront.net\/2019\/05\/24103215\/saiu-edital-1024x5361.jpg\" \/>\n\t<meta property=\"og:image:width\" content=\"1024\" \/>\n\t<meta property=\"og:image:height\" content=\"536\" \/>\n\t<meta property=\"og:image:type\" content=\"image\/jpeg\" \/>\n<meta name=\"author\" content=\"Coordena\u00e7\u00e3o\" \/>\n<meta name=\"twitter:card\" content=\"summary_large_image\" \/>\n<meta name=\"twitter:creator\" content=\"@EstratConcursos\" \/>\n<meta name=\"twitter:site\" content=\"@EstratConcursos\" \/>\n<meta name=\"twitter:label1\" content=\"Escrito por\" \/>\n\t<meta name=\"twitter:data1\" content=\"Coordena\u00e7\u00e3o\" \/>\n\t<meta name=\"twitter:label2\" content=\"Est. tempo de leitura\" \/>\n\t<meta name=\"twitter:data2\" content=\"4 minutos\" \/>\n<script type=\"application\/ld+json\" class=\"yoast-schema-graph\">{\"@context\":\"https:\/\/schema.org\",\"@graph\":[{\"@type\":\"NewsArticle\",\"@id\":\"https:\/\/www.estrategiaconcursos.com.br\/blog\/edital-seme-rio-branco-ac\/#article\",\"isPartOf\":{\"@id\":\"https:\/\/www.estrategiaconcursos.com.br\/blog\/edital-seme-rio-branco-ac\/\"},\"author\":{\"name\":\"Coordena\u00e7\u00e3o\",\"@id\":\"https:\/\/www.estrategiaconcursos.com.br\/blog\/#\/schema\/person\/b4a388c97673c5f483d72185668afa1f\"},\"headline\":\"Edital SEME Rio Branco AC: REMARCADA a data da Prova Objetiva\",\"datePublished\":\"2019-11-11T03:00:53+00:00\",\"dateModified\":\"2019-12-02T19:16:36+00:00\",\"mainEntityOfPage\":{\"@id\":\"https:\/\/www.estrategiaconcursos.com.br\/blog\/edital-seme-rio-branco-ac\/\"},\"wordCount\":795,\"commentCount\":0,\"publisher\":{\"@id\":\"https:\/\/www.estrategiaconcursos.com.br\/blog\/#organization\"},\"image\":{\"@id\":\"https:\/\/www.estrategiaconcursos.com.br\/blog\/edital-seme-rio-branco-ac\/#primaryimage\"},\"thumbnailUrl\":\"https:\/\/dhg1h5j42swfq.cloudfront.net\/2019\/05\/24103215\/saiu-edital-1024x5361.jpg\",\"articleSection\":[\"Concursos P\u00fablicos\"],\"inLanguage\":\"pt-BR\",\"potentialAction\":[{\"@type\":\"CommentAction\",\"name\":\"Comment\",\"target\":[\"https:\/\/www.estrategiaconcursos.com.br\/blog\/edital-seme-rio-branco-ac\/#respond\"]}],\"copyrightYear\":\"2019\",\"copyrightHolder\":{\"@id\":\"https:\/\/www.estrategiaconcursos.com.br\/blog\/#organization\"}},{\"@type\":\"WebPage\",\"@id\":\"https:\/\/www.estrategiaconcursos.com.br\/blog\/edital-seme-rio-branco-ac\/\",\"url\":\"https:\/\/www.estrategiaconcursos.com.br\/blog\/edital-seme-rio-branco-ac\/\",\"name\":\"Edital SEME Rio Branco AC: REMARCADA a data da Prova Objetiva\",\"isPartOf\":{\"@id\":\"https:\/\/www.estrategiaconcursos.com.br\/blog\/#website\"},\"primaryImageOfPage\":{\"@id\":\"https:\/\/www.estrategiaconcursos.com.br\/blog\/edital-seme-rio-branco-ac\/#primaryimage\"},\"image\":{\"@id\":\"https:\/\/www.estrategiaconcursos.com.br\/blog\/edital-seme-rio-branco-ac\/#primaryimage\"},\"thumbnailUrl\":\"https:\/\/dhg1h5j42swfq.cloudfront.net\/2019\/05\/24103215\/saiu-edital-1024x5361.jpg\",\"datePublished\":\"2019-11-11T03:00:53+00:00\",\"dateModified\":\"2019-12-02T19:16:36+00:00\",\"breadcrumb\":{\"@id\":\"https:\/\/www.estrategiaconcursos.com.br\/blog\/edital-seme-rio-branco-ac\/#breadcrumb\"},\"inLanguage\":\"pt-BR\",\"potentialAction\":[{\"@type\":\"ReadAction\",\"target\":[\"https:\/\/www.estrategiaconcursos.com.br\/blog\/edital-seme-rio-branco-ac\/\"]}]},{\"@type\":\"ImageObject\",\"inLanguage\":\"pt-BR\",\"@id\":\"https:\/\/www.estrategiaconcursos.com.br\/blog\/edital-seme-rio-branco-ac\/#primaryimage\",\"url\":\"https:\/\/dhg1h5j42swfq.cloudfront.net\/2019\/05\/24103215\/saiu-edital-1024x5361.jpg\",\"contentUrl\":\"https:\/\/dhg1h5j42swfq.cloudfront.net\/2019\/05\/24103215\/saiu-edital-1024x5361.jpg\",\"width\":1024,\"height\":536,\"caption\":\"concurso pgm ces\u00e1rio lange\"},{\"@type\":\"BreadcrumbList\",\"@id\":\"https:\/\/www.estrategiaconcursos.com.br\/blog\/edital-seme-rio-branco-ac\/#breadcrumb\",\"itemListElement\":[{\"@type\":\"ListItem\",\"position\":1,\"name\":\"In\u00edcio\",\"item\":\"https:\/\/www.estrategiaconcursos.com.br\/blog\/\"},{\"@type\":\"ListItem\",\"position\":2,\"name\":\"Edital SEME Rio Branco AC: REMARCADA a data da Prova Objetiva\"}]},{\"@type\":\"WebSite\",\"@id\":\"https:\/\/www.estrategiaconcursos.com.br\/blog\/#website\",\"url\":\"https:\/\/www.estrategiaconcursos.com.br\/blog\/\",\"name\":\"Estrat\u00e9gia Concursos\",\"description\":\"O blog da Estrat\u00e9gia Concursos traz not\u00edcias sobre concursos e artigos de professores oferecendo cursos para concursos (pdf + videaulas) no site.\",\"publisher\":{\"@id\":\"https:\/\/www.estrategiaconcursos.com.br\/blog\/#organization\"},\"potentialAction\":[{\"@type\":\"SearchAction\",\"target\":{\"@type\":\"EntryPoint\",\"urlTemplate\":\"https:\/\/www.estrategiaconcursos.com.br\/blog\/?s={search_term_string}\"},\"query-input\":{\"@type\":\"PropertyValueSpecification\",\"valueRequired\":true,\"valueName\":\"search_term_string\"}}],\"inLanguage\":\"pt-BR\"},{\"@type\":\"Organization\",\"@id\":\"https:\/\/www.estrategiaconcursos.com.br\/blog\/#organization\",\"name\":\"Estrat\u00e9gia Concursos\",\"url\":\"https:\/\/www.estrategiaconcursos.com.br\/blog\/\",\"logo\":{\"@type\":\"ImageObject\",\"inLanguage\":\"pt-BR\",\"@id\":\"https:\/\/www.estrategiaconcursos.com.br\/blog\/#\/schema\/logo\/image\/\",\"url\":\"https:\/\/dhg1h5j42swfq.cloudfront.net\/2025\/06\/03203428\/logo_concursos-1.jpg\",\"contentUrl\":\"https:\/\/dhg1h5j42swfq.cloudfront.net\/2025\/06\/03203428\/logo_concursos-1.jpg\",\"width\":230,\"height\":60,\"caption\":\"Estrat\u00e9gia Concursos\"},\"image\":{\"@id\":\"https:\/\/www.estrategiaconcursos.com.br\/blog\/#\/schema\/logo\/image\/\"},\"sameAs\":[\"https:\/\/x.com\/EstratConcursos\"]},{\"@type\":\"Person\",\"@id\":\"https:\/\/www.estrategiaconcursos.com.br\/blog\/#\/schema\/person\/b4a388c97673c5f483d72185668afa1f\",\"name\":\"Coordena\u00e7\u00e3o\",\"image\":{\"@type\":\"ImageObject\",\"inLanguage\":\"pt-BR\",\"@id\":\"https:\/\/secure.gravatar.com\/avatar\/b720319e4c9a967eb58678d110f4fe35452fc5d5f97b202bac7b8acceb18c6ad?s=96&d=mm&r=g\",\"url\":\"https:\/\/secure.gravatar.com\/avatar\/b720319e4c9a967eb58678d110f4fe35452fc5d5f97b202bac7b8acceb18c6ad?s=96&d=mm&r=g\",\"contentUrl\":\"https:\/\/secure.gravatar.com\/avatar\/b720319e4c9a967eb58678d110f4fe35452fc5d5f97b202bac7b8acceb18c6ad?s=96&d=mm&r=g\",\"caption\":\"Coordena\u00e7\u00e3o\"},\"sameAs\":[\"https:\/\/www.facebook.com\/EstrategiaConcursos\",\"https:\/\/x.com\/EstratConcursos\"],\"url\":\"https:\/\/www.estrategiaconcursos.com.br\/blog\/author\/estrategia2013\/\"}]}<\/script>\n<!-- \/ Yoast SEO Premium plugin. -->","yoast_head_json":{"title":"Edital SEME Rio Branco AC: REMARCADA a data da Prova Objetiva","robots":{"index":"index","follow":"follow","max-snippet":"max-snippet:-1","max-image-preview":"max-image-preview:large","max-video-preview":"max-video-preview:-1"},"canonical":"https:\/\/www.estrategiaconcursos.com.br\/blog\/edital-seme-rio-branco-ac\/","og_locale":"pt_BR","og_type":"article","og_title":"Edital SEME Rio Branco AC: REMARCADA a data da Prova Objetiva","og_description":"As inscri\u00e7\u00f5es para o concurso SEME Rio Branco est\u00e3o encerradas. O \u00f3rg\u00e3o oferta no seu concurso p\u00fablico 553 vagas. O concurso SEME Rio Branco prev\u00ea vagas para Professor, Nutricionista Cuidador Pessoal e Motorista. Na segunda-feira, 02 de dezembro de 2019, a banca organizadora, Funda\u00e7\u00e3o de Apoio e Desenvolvimento \u00e0 UFAC \u2013 FUNDAPE, divulgou, dentre outras [&hellip;]","og_url":"https:\/\/www.estrategiaconcursos.com.br\/blog\/edital-seme-rio-branco-ac\/","og_site_name":"Estrat\u00e9gia Concursos","article_author":"https:\/\/www.facebook.com\/EstrategiaConcursos","article_published_time":"2019-11-11T03:00:53+00:00","article_modified_time":"2019-12-02T19:16:36+00:00","og_image":[{"width":1024,"height":536,"url":"https:\/\/dhg1h5j42swfq.cloudfront.net\/2019\/05\/24103215\/saiu-edital-1024x5361.jpg","type":"image\/jpeg"}],"author":"Coordena\u00e7\u00e3o","twitter_card":"summary_large_image","twitter_creator":"@EstratConcursos","twitter_site":"@EstratConcursos","twitter_misc":{"Escrito por":"Coordena\u00e7\u00e3o","Est. tempo de leitura":"4 minutos"},"schema":{"@context":"https:\/\/schema.org","@graph":[{"@type":"NewsArticle","@id":"https:\/\/www.estrategiaconcursos.com.br\/blog\/edital-seme-rio-branco-ac\/#article","isPartOf":{"@id":"https:\/\/www.estrategiaconcursos.com.br\/blog\/edital-seme-rio-branco-ac\/"},"author":{"name":"Coordena\u00e7\u00e3o","@id":"https:\/\/www.estrategiaconcursos.com.br\/blog\/#\/schema\/person\/b4a388c97673c5f483d72185668afa1f"},"headline":"Edital SEME Rio Branco AC: REMARCADA a data da Prova Objetiva","datePublished":"2019-11-11T03:00:53+00:00","dateModified":"2019-12-02T19:16:36+00:00","mainEntityOfPage":{"@id":"https:\/\/www.estrategiaconcursos.com.br\/blog\/edital-seme-rio-branco-ac\/"},"wordCount":795,"commentCount":0,"publisher":{"@id":"https:\/\/www.estrategiaconcursos.com.br\/blog\/#organization"},"image":{"@id":"https:\/\/www.estrategiaconcursos.com.br\/blog\/edital-seme-rio-branco-ac\/#primaryimage"},"thumbnailUrl":"https:\/\/dhg1h5j42swfq.cloudfront.net\/2019\/05\/24103215\/saiu-edital-1024x5361.jpg","articleSection":["Concursos P\u00fablicos"],"inLanguage":"pt-BR","potentialAction":[{"@type":"CommentAction","name":"Comment","target":["https:\/\/www.estrategiaconcursos.com.br\/blog\/edital-seme-rio-branco-ac\/#respond"]}],"copyrightYear":"2019","copyrightHolder":{"@id":"https:\/\/www.estrategiaconcursos.com.br\/blog\/#organization"}},{"@type":"WebPage","@id":"https:\/\/www.estrategiaconcursos.com.br\/blog\/edital-seme-rio-branco-ac\/","url":"https:\/\/www.estrategiaconcursos.com.br\/blog\/edital-seme-rio-branco-ac\/","name":"Edital SEME Rio Branco AC: REMARCADA a data da Prova Objetiva","isPartOf":{"@id":"https:\/\/www.estrategiaconcursos.com.br\/blog\/#website"},"primaryImageOfPage":{"@id":"https:\/\/www.estrategiaconcursos.com.br\/blog\/edital-seme-rio-branco-ac\/#primaryimage"},"image":{"@id":"https:\/\/www.estrategiaconcursos.com.br\/blog\/edital-seme-rio-branco-ac\/#primaryimage"},"thumbnailUrl":"https:\/\/dhg1h5j42swfq.cloudfront.net\/2019\/05\/24103215\/saiu-edital-1024x5361.jpg","datePublished":"2019-11-11T03:00:53+00:00","dateModified":"2019-12-02T19:16:36+00:00","breadcrumb":{"@id":"https:\/\/www.estrategiaconcursos.com.br\/blog\/edital-seme-rio-branco-ac\/#breadcrumb"},"inLanguage":"pt-BR","potentialAction":[{"@type":"ReadAction","target":["https:\/\/www.estrategiaconcursos.com.br\/blog\/edital-seme-rio-branco-ac\/"]}]},{"@type":"ImageObject","inLanguage":"pt-BR","@id":"https:\/\/www.estrategiaconcursos.com.br\/blog\/edital-seme-rio-branco-ac\/#primaryimage","url":"https:\/\/dhg1h5j42swfq.cloudfront.net\/2019\/05\/24103215\/saiu-edital-1024x5361.jpg","contentUrl":"https:\/\/dhg1h5j42swfq.cloudfront.net\/2019\/05\/24103215\/saiu-edital-1024x5361.jpg","width":1024,"height":536,"caption":"concurso pgm ces\u00e1rio lange"},{"@type":"BreadcrumbList","@id":"https:\/\/www.estrategiaconcursos.com.br\/blog\/edital-seme-rio-branco-ac\/#breadcrumb","itemListElement":[{"@type":"ListItem","position":1,"name":"In\u00edcio","item":"https:\/\/www.estrategiaconcursos.com.br\/blog\/"},{"@type":"ListItem","position":2,"name":"Edital SEME Rio Branco AC: REMARCADA a data da Prova Objetiva"}]},{"@type":"WebSite","@id":"https:\/\/www.estrategiaconcursos.com.br\/blog\/#website","url":"https:\/\/www.estrategiaconcursos.com.br\/blog\/","name":"Estrat\u00e9gia Concursos","description":"O blog da Estrat\u00e9gia Concursos traz not\u00edcias sobre concursos e artigos de professores oferecendo cursos para concursos (pdf + videaulas) no site.","publisher":{"@id":"https:\/\/www.estrategiaconcursos.com.br\/blog\/#organization"},"potentialAction":[{"@type":"SearchAction","target":{"@type":"EntryPoint","urlTemplate":"https:\/\/www.estrategiaconcursos.com.br\/blog\/?s={search_term_string}"},"query-input":{"@type":"PropertyValueSpecification","valueRequired":true,"valueName":"search_term_string"}}],"inLanguage":"pt-BR"},{"@type":"Organization","@id":"https:\/\/www.estrategiaconcursos.com.br\/blog\/#organization","name":"Estrat\u00e9gia Concursos","url":"https:\/\/www.estrategiaconcursos.com.br\/blog\/","logo":{"@type":"ImageObject","inLanguage":"pt-BR","@id":"https:\/\/www.estrategiaconcursos.com.br\/blog\/#\/schema\/logo\/image\/","url":"https:\/\/dhg1h5j42swfq.cloudfront.net\/2025\/06\/03203428\/logo_concursos-1.jpg","contentUrl":"https:\/\/dhg1h5j42swfq.cloudfront.net\/2025\/06\/03203428\/logo_concursos-1.jpg","width":230,"height":60,"caption":"Estrat\u00e9gia Concursos"},"image":{"@id":"https:\/\/www.estrategiaconcursos.com.br\/blog\/#\/schema\/logo\/image\/"},"sameAs":["https:\/\/x.com\/EstratConcursos"]},{"@type":"Person","@id":"https:\/\/www.estrategiaconcursos.com.br\/blog\/#\/schema\/person\/b4a388c97673c5f483d72185668afa1f","name":"Coordena\u00e7\u00e3o","image":{"@type":"ImageObject","inLanguage":"pt-BR","@id":"https:\/\/secure.gravatar.com\/avatar\/b720319e4c9a967eb58678d110f4fe35452fc5d5f97b202bac7b8acceb18c6ad?s=96&d=mm&r=g","url":"https:\/\/secure.gravatar.com\/avatar\/b720319e4c9a967eb58678d110f4fe35452fc5d5f97b202bac7b8acceb18c6ad?s=96&d=mm&r=g","contentUrl":"https:\/\/secure.gravatar.com\/avatar\/b720319e4c9a967eb58678d110f4fe35452fc5d5f97b202bac7b8acceb18c6ad?s=96&d=mm&r=g","caption":"Coordena\u00e7\u00e3o"},"sameAs":["https:\/\/www.facebook.com\/EstrategiaConcursos","https:\/\/x.com\/EstratConcursos"],"url":"https:\/\/www.estrategiaconcursos.com.br\/blog\/author\/estrategia2013\/"}]}},"_links":{"self":[{"href":"https:\/\/www.estrategiaconcursos.com.br\/blog\/wp-json\/wp\/v2\/posts\/434182","targetHints":{"allow":["GET"]}}],"collection":[{"href":"https:\/\/www.estrategiaconcursos.com.br\/blog\/wp-json\/wp\/v2\/posts"}],"about":[{"href":"https:\/\/www.estrategiaconcursos.com.br\/blog\/wp-json\/wp\/v2\/types\/post"}],"author":[{"embeddable":true,"href":"https:\/\/www.estrategiaconcursos.com.br\/blog\/wp-json\/wp\/v2\/users\/1"}],"replies":[{"embeddable":true,"href":"https:\/\/www.estrategiaconcursos.com.br\/blog\/wp-json\/wp\/v2\/comments?post=434182"}],"version-history":[{"count":11,"href":"https:\/\/www.estrategiaconcursos.com.br\/blog\/wp-json\/wp\/v2\/posts\/434182\/revisions"}],"predecessor-version":[{"id":454293,"href":"https:\/\/www.estrategiaconcursos.com.br\/blog\/wp-json\/wp\/v2\/posts\/434182\/revisions\/454293"}],"wp:featuredmedia":[{"embeddable":true,"href":"https:\/\/www.estrategiaconcursos.com.br\/blog\/wp-json\/wp\/v2\/media\/377429"}],"wp:attachment":[{"href":"https:\/\/www.estrategiaconcursos.com.br\/blog\/wp-json\/wp\/v2\/media?parent=434182"}],"wp:term":[{"taxonomy":"category","embeddable":true,"href":"https:\/\/www.estrategiaconcursos.com.br\/blog\/wp-json\/wp\/v2\/categories?post=434182"},{"taxonomy":"post_tag","embeddable":true,"href":"https:\/\/www.estrategiaconcursos.com.br\/blog\/wp-json\/wp\/v2\/tags?post=434182"},{"taxonomy":"tax_estado","embeddable":true,"href":"https:\/\/www.estrategiaconcursos.com.br\/blog\/wp-json\/wp\/v2\/tax_estado?post=434182"}],"curies":[{"name":"wp","href":"https:\/\/api.w.org\/{rel}","templated":true}]}}