{"id":434126,"date":"2019-10-14T23:45:44","date_gmt":"2019-10-15T02:45:44","guid":{"rendered":"https:\/\/www.estrategiaconcursos.com.br\/blog\/?p=434126"},"modified":"2019-11-08T16:41:09","modified_gmt":"2019-11-08T19:41:09","slug":"gabarito-extraoficial-camara-de-fortaleza-regimento-interno-e-estatuto-dos-servidores-sem-recursos","status":"publish","type":"post","link":"https:\/\/www.estrategiaconcursos.com.br\/blog\/gabarito-extraoficial-camara-de-fortaleza-regimento-interno-e-estatuto-dos-servidores-sem-recursos\/","title":{"rendered":"Gabarito Extraoficial C\u00e2mara de Fortaleza (Regimento Interno e Estatuto dos Servidores)"},"content":{"rendered":"<p>Gabarito Extraoficial C\u00e2mara de Fortaleza (Regimento Interno e Estatuto dos Servidores)<br \/><!--StartFragment--><\/p>\n\n\n<p>  Ol\u00e1, amigos!<\/p>\n\n\n\n<p>Para quem n\u00e3o me conhece ainda, meu nome \u00e9 <strong>Marcos Gir\u00e3o<\/strong>, cearense-fortalezense da gema, e sou professor aqui do Estrat\u00e9gia Concursos, lecionando as disciplinas Leis Penais Especiais, Legisla\u00e7\u00e3o de Tr\u00e2nsito e Legisla\u00e7\u00e3o Espec\u00edfica para Concursos P\u00fablicos.<\/p>\n\n\n\n<p>Para o concurso <strong>C\u00e2mara Municipal de Fortaleza 2019<\/strong>, fiquei respons\u00e1vel por ministrar junto ao brilhante Prof. Paulo Guimar\u00e3es, a parte de <strong>Regimento Interno da C\u00e2mara e Estatuto dos Servidores Municipais para todos os cargos<\/strong>! Vamos aqui, portanto, passar o coment\u00e1rio dos gabaritos extraoficiais da <strong>quest\u00f5es referentes \u00e0 parte que ficou sob nossa responsabilidade<\/strong>, da prova aplicada ontem pela <strong>FCC<\/strong><\/p>\n\n\n\n<p><strong>Nossos alunos Estrat\u00e9gia adoraram o que viram!!<\/strong><\/p>\n\n\n\n<p>Vamos l\u00e1!<\/p>\n\n\n<p><!--EndFragment--><\/p>\n<p><span style=\"color: #ff0000\"><strong>PROVA &#8211; AGENTE ADMINISTRATIVO &#8211; TIPO 01<\/strong> <\/span><\/p>\n<p><em><strong>16. [FCC \u2013 AGENTE ADMINISTRATIVO \u2013 C\u00c2MARA MUNICIPAL DE FORTALEZA\/CE &#8211; 2019]<\/strong><\/em><\/p>\n<p><em><strong>Nos termos do Estatuto dos Servidores do Munic\u00edpio de Fortaleza, \u00e9 causa de vac\u00e2ncia de cargo p\u00fablico<\/strong><\/em><\/p>\n<p><em>(A) a nomea\u00e7\u00e3o.<\/em><\/p>\n<p><em>(B) a transfer\u00eancia.<\/em><\/p>\n<p><em>(C) a reintegra\u00e7\u00e3o.<\/em><\/p>\n<p><em>(D) o aproveitamento.<\/em><\/p>\n<p><em>(E) a recondu\u00e7\u00e3o.<\/em><\/p>\n<p><strong>Coment\u00e1rio:<\/strong><\/p>\n<p>Vamos recordar os casos de vac\u00e2ncia de cargo p\u00fablico, no artigo 39, abaixo:<\/p>\n<p>Art. 39 &#8211; A vac\u00e2ncia do cargo p\u00fablico decorrer\u00e1 de:<\/p>\n<p>I \u2013 exonera\u00e7\u00e3o;<\/p>\n<p>II \u2013 demiss\u00e3o;<\/p>\n<p>III \u2013 promo\u00e7\u00e3o ou readapta\u00e7\u00e3o.<\/p>\n<p>IV \u2013 aposentadoria;<\/p>\n<p>V \u2013 falecimento;<\/p>\n<p><strong>VI \u2013 transfer\u00eancia<\/strong>.<\/p>\n<p>A \u00fanica alternativa que traz um caso de vac\u00e2ncia de cargo p\u00fablico \u00e9 a transfer\u00eancia!<\/p>\n<p><strong>Gabarito: B<\/strong><\/p>\n<hr \/>\n<p><em><strong>18. [FCC \u2013 AGENTE ADMINISTRATIVO \u2013 C\u00c2MARA MUNICIPAL DE FORTALEZA\/CE &#8211; 2019]<\/strong><\/em><\/p>\n<p><em><strong>De acordo com o Regimento Interno da C\u00e2mara Municipal de Fortaleza, em rela\u00e7\u00e3o \u00e0 Mesa Diretora, \u00e9 correto afirmar que<\/strong><\/em><\/p>\n<p><em>(A) a Mesa Diretora \u00e9 composta de um Presidente, um Vice-Presidente, um segundo Vice-Presidente, um terceiro Vice-Presidente, um Primeiro-Secret\u00e1rio, um Segundo-Secret\u00e1rio, um Terceiro-Secret\u00e1rio, um Corregedor-Geral, al\u00e9m de 1o, 2\u00ba e 3o suplentes.<\/em><\/p>\n<p><em>(B) compete \u00e0 Mesa apresentar projetos de lei, dispondo sobre abertura de gastos suplementares ou especiais, atrav\u00e9s do aproveitamento total ou parcial das consigna\u00e7\u00f5es or\u00e7ament\u00e1rias da C\u00e2mara.<\/em><\/p>\n<p><em>(C) no caso de vaga em todos os cargos da Mesa, assumir\u00e1 a Presid\u00eancia o Vereador mais votado no \u00faltimo pleito, at\u00e9 a elei\u00e7\u00e3o, que se realizar\u00e1 dentro do prazo de 5 (cinco) dias \u00fateis.<\/em><\/p>\n<p><em>(D) nos projetos de lei de compet\u00eancia da Mesa, n\u00e3o ser\u00e3o admitidas em qualquer hip\u00f3tese emendas que aumentem a despesa.<\/em><\/p>\n<p><em>(E) a Mesa Diretora \u00e9 a representante legal da C\u00e2mara, quando esta tiver de se pronunciar coletivamente.<\/em><\/p>\n<p><strong>Coment\u00e1rio:<\/strong><\/p>\n<p>A \u2013 Errado. A Mesa Diretora ser\u00e1 composta de 1 (um) Presidente, 1 (um) Vice-Presidente, 1 (um) segundo Vice-Presidente, 1 (um) terceiro Vice-Presidente, <strong>1 (um) primeiro-Secret\u00e1rio, 1 (um) segundo-Secret\u00e1rio, 1 (um) terceiro-Secret\u00e1rio, al\u00e9m de 1\u00ba, 2\u00ba e 3\u00ba suplentes<\/strong> (Art. 33).<\/p>\n<p>B \u2013 Certo. Compete \u00e0 Mesa, dentre outras atribui\u00e7\u00f5es: apresentar projetos de lei, dispondo sobre abertura de gastos suplementares ou especiais, atrav\u00e9s do aproveitamento total ou parcial das consigna\u00e7\u00f5es or\u00e7ament\u00e1rias da C\u00e2mara (Art. 31, V).<\/p>\n<p>C \u2013 Errado. No caso de vaga em todos os cargos da Mesa, <strong>assumir\u00e1 a Presid\u00eancia o Vereador<\/strong> <strong>mais idoso dentre os de maior n\u00famero de mandatos<\/strong>, at\u00e9 a elei\u00e7\u00e3o, que realizar-se-\u00e1 dentro do prazo de 5 (cinco) dias \u00fateis (Art. 34).<\/p>\n<p>D \u2013 Errado. Nos projetos de lei de compet\u00eancia da Mesa da C\u00e2mara, n\u00e3o ser\u00e3o admitidas emendas que aumentem a despesa, <strong>ressalvado o disposto no inciso II deste artigo, se houver emenda assinada por 2\/3 (dois ter\u00e7os) dos Vereadores<\/strong> (Art. 32, par\u00e1grafo \u00fanico).<\/p>\n<p>E \u2013 Errado. <strong>O Presidente \u00e9 o representante legal da C\u00e2mara<\/strong>, quando ela haja de se pronunciar coletivamente, cabendo-lhe dirigir os trabalhos, fiscalizar sua ordem, defender institucionalmente o Poder, tudo na conformidade da Lei Org\u00e2nica e deste Regimento (Art. 37).<\/p>\n<p><strong>Gabarito: B<\/strong><\/p>\n<hr \/><hr \/>\n<p><strong><span style=\"color: #ff0000\">PROVAS N\u00cdVEL SUPERIOR &#8211; CONTADOR TIPO 005<\/span> <\/strong><\/p>\n<p><em><strong>18. [FCC \u2013 CONTADOR \u2013 C\u00c2MARA MUNICIPAL DE FORTALEZA\/CE &#8211; 2019]<\/strong><\/em><\/p>\n<p><em><strong>No que se refere \u00e0s sess\u00f5es, o Regimento Interno da C\u00e2mara Municipal de Fortaleza, disp\u00f5e que<\/strong><\/em><\/p>\n<p><em>(A) a Explica\u00e7\u00e3o Pessoal destina-se a franquear o uso da palavra, por tempo improrrog\u00e1vel e sem apartes, a representantes de entidades associativas formalmente constitu\u00eddas ou pessoas residentes no Munic\u00edpio.<\/em><\/p>\n<p><em>(B) o Grande Expediente ter\u00e1 in\u00edcio ao esgotar-se a Ordem do Dia, presente um ter\u00e7o dos Vereadores, e ter\u00e1 dura\u00e7\u00e3o m\u00e1xima de cento e vinte minutos.<\/em><\/p>\n<p><em>(C) as sess\u00f5es tem\u00e1ticas se destinam \u00e0 discuss\u00e3o de assuntos espec\u00edficos, de alto interesse do legislativo ou que envolvam problemas que afetam \u00e0 popula\u00e7\u00e3o em geral.<\/em><\/p>\n<p><em>(D) as sess\u00f5es ordin\u00e1rias ter\u00e3o in\u00edcio \u00e0s 9h, sendo procedida a segunda chamada \u00e0s 9h15min, tendo a dura\u00e7\u00e3o de tr\u00eas horas, das segundas-feiras \u00e0s quintas-feiras.<\/em><\/p>\n<p><em>(E) o Pequeno Expediente ter\u00e1 a dura\u00e7\u00e3o m\u00e1xima de uma hora e destina-se inicialmente ao uso da palavra pelos vereadores, previamente inscritos em livro pr\u00f3prio.<\/em><\/p>\n<p><strong>Coment\u00e1rio:<\/strong><\/p>\n<p>A \u2013 Errado. A Explica\u00e7\u00e3o Pessoal destina-se <strong>\u00e0 manifesta\u00e7\u00e3o de Vereadores sobre atitudes pessoais assumidas durante a Sess\u00e3o ou no exerc\u00edcio do mandato<\/strong> (Art. 110).<\/p>\n<p>B \u2013 Errado. O Grande Expediente <strong>ter\u00e1 in\u00edcio ao esgotar-se a Ordem do Dia, presente 1\/5 (um quinto) dos Vereadores e ter\u00e1 dura\u00e7\u00e3o m\u00e1xima de 120 (cento e vinte) minutos<\/strong> (Art. 108)<\/p>\n<p>C \u2013 Certo. <strong>As sess\u00f5es tem\u00e1ticas se destinam \u00e0 discuss\u00e3o de assuntos espec\u00edficos, de alto interesse do legislativo ou envolvam problemas, que afetam \u00e0 popula\u00e7\u00e3o em geral, devendo obedecer aos crit\u00e9rios seguintes<\/strong>:\u00a0 as sess\u00f5es tem\u00e1ticas ser\u00e3o em n\u00famero de no m\u00e1ximo 3 (tr\u00eas), ao m\u00eas, convocadas atrav\u00e9s de requerimento escrito, aprovado pelo Plen\u00e1rio; as sess\u00f5es tem\u00e1ticas dever\u00e3o contar com a presen\u00e7a dos Vereadores membros das comiss\u00f5es que tratarem do assunto em pauta (Art. 92, \u00a7 6\u00ba).<\/p>\n<p>D \u2013 Errado. As sess\u00f5es ordin\u00e1rias ter\u00e3o in\u00edcio \u00e0s 9h (nove horas), sendo procedida a segunda <strong>chamada \u00e0s 9h15min (nove horas e quinze minutos), tendo a dura\u00e7\u00e3o de 3 (tr\u00eas) horas, das ter\u00e7as-feiras \u00e0s quintas-feiras<\/strong> (Art. 93).<\/p>\n<p>E \u2013 Errado. O Pequeno Expediente <strong>ter\u00e1 a dura\u00e7\u00e3o m\u00e1xima de 45 (quarenta e cinco) minutos<\/strong> e destina-se inicialmente ao uso da palavra pelos vereadores, previamente inscritos em livro pr\u00f3prio, constando a assinatura do vereador inscrito, em n\u00famero m\u00e1ximo de 5 (cinco) por sess\u00e3o, com o tempo de 5 (cinco) minutos para cada um, e tamb\u00e9m (Art. 105).<\/p>\n<p><strong>Gabarito: C<\/strong><\/p>\n<hr \/>\n<p><strong>1<em>9. [FCC \u2013 CONTADOR \u2013 C\u00c2MARA MUNICIPAL DE FORTALEZA\/CE &#8211; 2019]<\/em><\/strong><\/p>\n<p><em>De acordo com o Estatuto dos Servidores do Munic\u00edpio de Fortaleza, \u00e9 proibido ao servidor<\/em><\/p>\n<p><em>(A) filiar-se \u00e0 associa\u00e7\u00e3o profissional ou sindical, ou a partido pol\u00edtico.<\/em><\/p>\n<p><em>(B) ausentar-se do servi\u00e7o durante o expediente, sem pr\u00e9via autoriza\u00e7\u00e3o do chefe imediato, devendo sempre proceder de forma desidiosa.<\/em><\/p>\n<p><em>(C) cometer a outro servidor atribui\u00e7\u00f5es estranhas \u00e0s do cargo que ocupa, em quaisquer hip\u00f3teses.<\/em><\/p>\n<p><em>(D) retirar qualquer documento ou objeto da reparti\u00e7\u00e3o, ainda que com pr\u00e9via anu\u00eancia de qualquer autoridade.<\/em><\/p>\n<p><em>(E) exercer com\u00e9rcio ou participar de sociedade comercial, exceto como acionista, cotista ou comandat\u00e1rio.<\/em><\/p>\n<p><strong>Coment\u00e1rio:<\/strong><\/p>\n<p>A \u2013 Errado. <strong>Compelir ou aliciar outro servidor no sentido de filia\u00e7\u00e3o \u00e0 associa\u00e7\u00e3o profissional<\/strong> ou sindical, ou a partido pol\u00edtico (Art. 168, VII).<\/p>\n<p>B \u2013 Errado. Ausentar-se do servi\u00e7o durante o expediente, <strong>sem pr\u00e9via autoriza\u00e7\u00e3o do chefe imediato<\/strong> (Art. 168, I).<\/p>\n<p>C \u2013 Errado. Cometer a pessoa estranha \u00e0 reparti\u00e7\u00e3o, <strong>fora dos casos previstos em Lei<\/strong>, o desempenho de encargos que sejam da sua compet\u00eancia ou de seu subordinado (Art. 168, VI).<\/p>\n<p>D \u2013 Errado. Retirar, <strong>sem pr\u00e9via anu\u00eancia da autoridade competente<\/strong>, qualquer documento ou objeto da reparti\u00e7\u00e3o (Art. 168, II).<\/p>\n<p>E \u2013 Certo. <strong>Ao servidor \u00e9 proibido<\/strong>: exercer com\u00e9rcio ou participar de sociedade comercial, exceto como acionista, cotista ou comandat\u00e1rio (Art. Art. 168, X).<\/p>\n<p><strong>Gabarito: E<\/strong><\/p>\n<hr \/>\n<p><em><strong>20. [FCC \u2013 CONTADOR \u2013 C\u00c2MARA MUNICIPAL DE FORTALEZA\/CE &#8211; 2019]<\/strong><\/em><\/p>\n<p><em><strong>Em rela\u00e7\u00e3o \u00e0s licen\u00e7as, disp\u00f5e o Estatuto dos Servidores P\u00fablicos do Munic\u00edpio de Fortaleza que<\/strong><\/em><\/p>\n<p><em>(A) a licen\u00e7a para acompanhar o c\u00f4njuge ou companheiro ser\u00e1 concedida com a remunera\u00e7\u00e3o proporcional ao tempo de efetivo exerc\u00edcio.<\/em><\/p>\n<p><em>(B) o servidor investido em mandato de Prefeito ser\u00e1 considerado em licen\u00e7a e afastado do cargo, emprego ou fun\u00e7\u00e3o, sendo-lhe facultado optar pela sua remunera\u00e7\u00e3o.<\/em><\/p>\n<p><em>(C) a licen\u00e7a para tratamento de sa\u00fade depende unicamente de laudo do m\u00e9dico particular do servidor, e ter\u00e1 a dura\u00e7\u00e3o que for indicada no respectivo documento.<\/em><\/p>\n<p><em>(D) terminada a licen\u00e7a para tratamento de sa\u00fade, o servidor reassumir\u00e1 o exerc\u00edcio no prazo m\u00e1ximo de tr\u00eas dias \u00fateis.<\/em><\/p>\n<p><em>(E) a licen\u00e7a por motivo de doen\u00e7a em pessoa da fam\u00edlia ser\u00e1 concedida com a remunera\u00e7\u00e3o proporcional ao tempo de efetivo exerc\u00edcio.<\/em><\/p>\n<p><strong>Coment\u00e1rio<\/strong>:<\/p>\n<p>A \u2013 Errado. O servidor, cujo c\u00f4njuge ou companheiro tiver sido mandado servir, independentemente de solicita\u00e7\u00e3o, em outro ponto do territ\u00f3rio nacional, ou no estrangeiro, <strong>ter\u00e1 direito a licen\u00e7a sem remunera\u00e7\u00e3o<\/strong> (Art. 71).<\/p>\n<p>B \u2013 Certo. O servidor investido em <strong>mandato eletivo ser\u00e1 considerado em licen\u00e7a<\/strong>, aplicando-se as seguintes disposi\u00e7\u00f5es: <strong>investido no mandato de Prefeito<\/strong>, ser\u00e1 afastado do cargo, emprego ou fun\u00e7\u00e3o, sendo-lhe facultado optar pela sua remunera\u00e7\u00e3o (Art. 72, II).<\/p>\n<p>C \u2013 Errado. A licen\u00e7a para tratamento de sa\u00fade depende de <strong>inspe\u00e7\u00e3o m\u00e9dica, pela Junta M\u00e9dica Municipal, e ter\u00e1 a dura\u00e7\u00e3o que for indicada no respectivo laudo<\/strong> (Art. 56).<\/p>\n<p>D \u2013 Errado<strong>. Terminada a licen\u00e7a o servidor reassumir\u00e1 imediatamente o exerc\u00edcio<\/strong> (Art. 56, \u00a7 2\u00ba).<\/p>\n<p>E \u2013 Errado. Ser\u00e1 concedida licen\u00e7a ao servidor, por motivo de doen\u00e7a do c\u00f4njuge ou companheiro, padrasto ou madrasta, ascendentes, descendentes, enteado e colateral consangu\u00edneo ou afim at\u00e9 o segundo grau civil, mediante comprova\u00e7\u00e3o m\u00e9dica. <strong>A licen\u00e7a ser\u00e1 concedida sem preju\u00edzo de remunera\u00e7\u00e3o integral<\/strong> (Art. 67, \u00a7 2\u00ba).<\/p>\n<p><strong>Gabarito: B<\/strong><\/p>\n<hr \/>\n<p><strong>21. [FCC \u2013 CONTADOR \u2013 C\u00c2MARA MUNICIPAL DE FORTALEZA\/CE &#8211; 2019]<\/strong><\/p>\n<p><em><strong>Em rela\u00e7\u00e3o \u00e0s Comiss\u00f5es, o Regimento Interno da C\u00e2mara Municipal de Fortaleza disp\u00f5e que<\/strong><\/em><\/p>\n<p><em>(A) as altera\u00e7\u00f5es num\u00e9ricas que venham a ocorrer nas bancadas dos Partidos ou Blocos Parlamentares decorrentes de mudan\u00e7as de filia\u00e7\u00e3o partid\u00e1ria importar\u00e3o em imediata modifica\u00e7\u00e3o na composi\u00e7\u00e3o das Comiss\u00f5es.<\/em><\/p>\n<p><em>(B) a C\u00e2mara Municipal, a requerimento de um quinto de seus membros, instituir\u00e1 Comiss\u00e3o Parlamentar de Inqu\u00e9rito para apura\u00e7\u00e3o de fato determinado e por prazo certo, a qual ter\u00e1 poderes de investiga\u00e7\u00e3o pr\u00f3prios das autoridades judiciais, al\u00e9m de outros previstos em lei e em seu Regimento.<\/em><\/p>\n<p><em>(C) \u00e0s Comiss\u00f5es Permanentes cabe apenas discutir proposi\u00e7\u00f5es relativas \u00e0 mat\u00e9ria de sua compet\u00eancia, que ser\u00e3o votadas, em todos os casos, pelo Plen\u00e1rio.<\/em><\/p>\n<p><em>(D) os membros das Comiss\u00f5es Permanentes ser\u00e3o escolhidos para comp\u00f4-las, pelo per\u00edodo de um ano, permitida a recondu\u00e7\u00e3o para o mesmo cargo independentemente de legislatura.<\/em><\/p>\n<p><em>(E) uma das compet\u00eancias da Comiss\u00e3o de Constitui\u00e7\u00e3o, Justi\u00e7a e Legisla\u00e7\u00e3o Participativa \u00e9 a de examinar a cria\u00e7\u00e3o de novos bairros.<\/em><\/p>\n<p><strong>Coment\u00e1rio<\/strong>:<\/p>\n<p>A \u2013 Errado. Recebidas as indica\u00e7\u00f5es a que se refere o art. 59 deste regimento, o Presidente dever\u00e1 homolog\u00e1-las com a posse autom\u00e1tica dos indicados. As altera\u00e7\u00f5es num\u00e9ricas que venham a ocorrer nas bancadas dos Partidos ou Blocos Parlamentares decorrentes de mudan\u00e7as de filia\u00e7\u00e3o partid\u00e1ria <strong>n\u00e3o importar\u00e3o em modifica\u00e7\u00e3o na composi\u00e7\u00e3o das Comiss\u00f5es<\/strong>, <strong>cujo n\u00famero de vagas de cada representa\u00e7\u00e3o partid\u00e1ria ser\u00e1 fixado pelo resultado final obtido nas elei\u00e7\u00f5es e permanecer\u00e1 inalterado durante toda a legislatura<\/strong> (Art. 60, par\u00e1grafo \u00fanico).<\/p>\n<p>B \u2013 Errado. A C\u00e2mara Municipal, <strong>a requerimento de um ter\u00e7o de seus membros<\/strong>, instituir\u00e1 Comiss\u00e3o Parlamentar de Inqu\u00e9rito para apura\u00e7\u00e3o de fato determinado e por prazo certo, a qual ter\u00e1 poderes de investiga\u00e7\u00e3o pr\u00f3prios das autoridades judiciais, al\u00e9m de outros previstos em lei e neste Regimento (Art. 65).<\/p>\n<p>C \u2013 Errado. \u00c0s Comiss\u00f5es Permanentes, em raz\u00e3o da mat\u00e9ria de sua compet\u00eancia, e \u00e0s demais Comiss\u00f5es, no que lhes for aplic\u00e1vel, cabe<strong>: discutir e votar as proposi\u00e7\u00f5es sujeitas \u00e0 delibera\u00e7\u00e3o do Plen\u00e1rio que lhes forem distribu\u00eddas<\/strong> (Art. 57, I).<\/p>\n<p>D \u2013 Errado. Os membros das comiss\u00f5es Permanentes ser\u00e3o escolhidos para comp\u00f4-las, <strong>por per\u00edodo de 2 (dois) anos<\/strong>, permitida a recondu\u00e7\u00e3o para o mesmo cargo independentemente de legislatura (Art. 58).<\/p>\n<p>E \u2013 Certo. <strong>Comiss\u00e3o de Constitui\u00e7\u00e3o, Justi\u00e7a e Legisla\u00e7\u00e3o Participativa,<\/strong> o exame dos seguintes aspectos:\u00a0 cria\u00e7\u00e3o de novos bairros (Art. 61, I, \u201cd\u201d).<\/p>\n<p><strong>Gabarito: E<\/strong><\/p>\n<hr \/>\n<p><\/p>\n<p>E se quiserem falar comigo, <strong>tirar d\u00favidas<\/strong> e ter <strong>acesso a dicas e conte\u00fados gratuitos<\/strong>, acesse nossas redes sociais: \u00a0<\/p>\n<p> <\/p>\n<p><strong>Email: marcospascho@gmail.com<\/strong><\/p>\n<p> <\/p>\n<p><strong>Instagram: @profmarcosgirao<\/strong><\/p>\n<p> <\/p>\n<p><strong><a href=\"https:\/\/www.facebook.com\/ProfMarcosGirao\">Fanpage do Prof. Marcos Gir\u00e3o<\/a><\/strong><\/p>\n<p> <\/p>\n<p><strong><a href=\"https:\/\/www.youtube.com\/channel\/UCsjAzxopmLjgmxkeR1Lo6wQ\">Canal do Youtube &#8211; Prof. Marcos Gir\u00e3o<\/a><\/strong><\/p>\n<p> <\/p>\n<p><strong>Seja assinante do nosso canal, \u00e9 s\u00f3 acessar pelo QR Code:<\/strong><\/p>\n<p> <\/p>\n<div class=\"wp-block-image\">\n<figure class=\"aligncenter is-resized\"><img loading=\"lazy\" decoding=\"async\" class=\"wp-image-254250\" src=\"https:\/\/dhg1h5j42swfq.cloudfront.net\/2019\/04\/14202806\/WhatsApp-Image-2019-04-14-at-19.29.46.jpeg\" alt=\"\" width=\"203\" height=\"203\" srcset=\"https:\/\/dhg1h5j42swfq.cloudfront.net\/2019\/04\/14202806\/WhatsApp-Image-2019-04-14-at-19.29.46.jpeg 1054w, https:\/\/dhg1h5j42swfq.cloudfront.net\/2019\/04\/14202806\/WhatsApp-Image-2019-04-14-at-19.29.46.jpeg 150w, https:\/\/dhg1h5j42swfq.cloudfront.net\/2019\/04\/14202806\/WhatsApp-Image-2019-04-14-at-19.29.46.jpeg 300w, https:\/\/dhg1h5j42swfq.cloudfront.net\/2019\/04\/14202806\/WhatsApp-Image-2019-04-14-at-19.29.46.jpeg 768w, https:\/\/dhg1h5j42swfq.cloudfront.net\/2019\/04\/14202806\/WhatsApp-Image-2019-04-14-at-19.29.46.jpeg 1024w\" sizes=\"auto, (max-width: 203px) 100vw, 203px\" \/><\/figure>\n<\/div>\n<p><br \/><br \/><\/p>","protected":false},"excerpt":{"rendered":"<p>Gabarito Extraoficial C\u00e2mara de Fortaleza (Regimento Interno e Estatuto dos Servidores) Ol\u00e1, amigos! Para quem n\u00e3o me conhece ainda, meu nome \u00e9 Marcos Gir\u00e3o, cearense-fortalezense da gema, e sou professor aqui do Estrat\u00e9gia Concursos, lecionando as disciplinas Leis Penais Especiais, Legisla\u00e7\u00e3o de Tr\u00e2nsito e Legisla\u00e7\u00e3o Espec\u00edfica para Concursos P\u00fablicos. Para o concurso C\u00e2mara Municipal de [&hellip;]<\/p>\n","protected":false},"author":248,"featured_media":0,"comment_status":"open","ping_status":"closed","sticky":false,"template":"","format":"standard","meta":{"post_tipo":"article","footnotes":""},"categories":[1],"tags":[127317,127318],"tax_estado":[],"class_list":["post-434126","post","type-post","status-publish","format-standard","hentry","category-cursos-e-concursos","tag-camara-de-fortalezacamara-municipal-de-fortaleza-gabarito-oficial-camara-fortaleza","tag-camara-fortaleza"],"acf":[],"yoast_head":"<!-- This site is optimized with the Yoast SEO Premium plugin v27.2 (Yoast SEO v27.2) - https:\/\/yoast.com\/product\/yoast-seo-premium-wordpress\/ -->\n<title>Gabarito Extraoficial C\u00e2mara de Fortaleza (Regimento Interno e Estatuto dos Servidores)<\/title>\n<meta name=\"robots\" content=\"index, follow, max-snippet:-1, max-image-preview:large, max-video-preview:-1\" \/>\n<link rel=\"canonical\" href=\"https:\/\/www.estrategiaconcursos.com.br\/blog\/gabarito-extraoficial-camara-de-fortaleza-regimento-interno-e-estatuto-dos-servidores-sem-recursos\/\" \/>\n<meta property=\"og:locale\" content=\"pt_BR\" \/>\n<meta property=\"og:type\" content=\"article\" \/>\n<meta property=\"og:title\" content=\"Gabarito Extraoficial C\u00e2mara de Fortaleza (Regimento Interno e Estatuto dos Servidores)\" \/>\n<meta property=\"og:description\" content=\"Gabarito Extraoficial C\u00e2mara de Fortaleza (Regimento Interno e Estatuto dos Servidores) Ol\u00e1, amigos! Para quem n\u00e3o me conhece ainda, meu nome \u00e9 Marcos Gir\u00e3o, cearense-fortalezense da gema, e sou professor aqui do Estrat\u00e9gia Concursos, lecionando as disciplinas Leis Penais Especiais, Legisla\u00e7\u00e3o de Tr\u00e2nsito e Legisla\u00e7\u00e3o Espec\u00edfica para Concursos P\u00fablicos. Para o concurso C\u00e2mara Municipal de [&hellip;]\" \/>\n<meta property=\"og:url\" content=\"https:\/\/www.estrategiaconcursos.com.br\/blog\/gabarito-extraoficial-camara-de-fortaleza-regimento-interno-e-estatuto-dos-servidores-sem-recursos\/\" \/>\n<meta property=\"og:site_name\" content=\"Estrat\u00e9gia Concursos\" \/>\n<meta property=\"article:published_time\" content=\"2019-10-15T02:45:44+00:00\" \/>\n<meta property=\"article:modified_time\" content=\"2019-11-08T19:41:09+00:00\" \/>\n<meta property=\"og:image\" content=\"https:\/\/www.estrategiaconcursos.com.br\/blog\/wp-content\/uploads\/2019\/04\/WhatsApp-Image-2019-04-14-at-19.29.46-1024x1024.jpeg\" \/>\n<meta name=\"author\" content=\"Marcos Gir\u00e3o\" \/>\n<meta name=\"twitter:card\" content=\"summary_large_image\" \/>\n<meta name=\"twitter:creator\" content=\"@EstratConcursos\" \/>\n<meta name=\"twitter:site\" content=\"@EstratConcursos\" \/>\n<meta name=\"twitter:label1\" content=\"Escrito por\" \/>\n\t<meta name=\"twitter:data1\" content=\"Marcos Gir\u00e3o\" \/>\n\t<meta name=\"twitter:label2\" content=\"Est. tempo de leitura\" \/>\n\t<meta name=\"twitter:data2\" content=\"11 minutos\" \/>\n<script type=\"application\/ld+json\" class=\"yoast-schema-graph\">{\"@context\":\"https:\/\/schema.org\",\"@graph\":[{\"@type\":\"NewsArticle\",\"@id\":\"https:\/\/www.estrategiaconcursos.com.br\/blog\/gabarito-extraoficial-camara-de-fortaleza-regimento-interno-e-estatuto-dos-servidores-sem-recursos\/#article\",\"isPartOf\":{\"@id\":\"https:\/\/www.estrategiaconcursos.com.br\/blog\/gabarito-extraoficial-camara-de-fortaleza-regimento-interno-e-estatuto-dos-servidores-sem-recursos\/\"},\"author\":{\"name\":\"Marcos Gir\u00e3o\",\"@id\":\"https:\/\/www.estrategiaconcursos.com.br\/blog\/#\/schema\/person\/6be195b7a02a8ca214472b848686bb37\"},\"headline\":\"Gabarito Extraoficial C\u00e2mara de Fortaleza (Regimento Interno e Estatuto dos Servidores)\",\"datePublished\":\"2019-10-15T02:45:44+00:00\",\"dateModified\":\"2019-11-08T19:41:09+00:00\",\"mainEntityOfPage\":{\"@id\":\"https:\/\/www.estrategiaconcursos.com.br\/blog\/gabarito-extraoficial-camara-de-fortaleza-regimento-interno-e-estatuto-dos-servidores-sem-recursos\/\"},\"wordCount\":2159,\"commentCount\":0,\"publisher\":{\"@id\":\"https:\/\/www.estrategiaconcursos.com.br\/blog\/#organization\"},\"image\":{\"@id\":\"https:\/\/www.estrategiaconcursos.com.br\/blog\/gabarito-extraoficial-camara-de-fortaleza-regimento-interno-e-estatuto-dos-servidores-sem-recursos\/#primaryimage\"},\"thumbnailUrl\":\"https:\/\/www.estrategiaconcursos.com.br\/blog\/wp-content\/uploads\/2019\/04\/WhatsApp-Image-2019-04-14-at-19.29.46-1024x1024.jpeg\",\"keywords\":[\"c\u00e2mara de fortaleza;c\u00e2mara municipal de fortaleza; gabarito oficial c\u00e2mara fortaleza\",\"c\u00e2mara fortaleza\"],\"articleSection\":[\"Concursos P\u00fablicos\"],\"inLanguage\":\"pt-BR\",\"potentialAction\":[{\"@type\":\"CommentAction\",\"name\":\"Comment\",\"target\":[\"https:\/\/www.estrategiaconcursos.com.br\/blog\/gabarito-extraoficial-camara-de-fortaleza-regimento-interno-e-estatuto-dos-servidores-sem-recursos\/#respond\"]}],\"copyrightYear\":\"2019\",\"copyrightHolder\":{\"@id\":\"https:\/\/www.estrategiaconcursos.com.br\/blog\/#organization\"}},{\"@type\":\"WebPage\",\"@id\":\"https:\/\/www.estrategiaconcursos.com.br\/blog\/gabarito-extraoficial-camara-de-fortaleza-regimento-interno-e-estatuto-dos-servidores-sem-recursos\/\",\"url\":\"https:\/\/www.estrategiaconcursos.com.br\/blog\/gabarito-extraoficial-camara-de-fortaleza-regimento-interno-e-estatuto-dos-servidores-sem-recursos\/\",\"name\":\"Gabarito Extraoficial C\u00e2mara de Fortaleza (Regimento Interno e Estatuto dos Servidores)\",\"isPartOf\":{\"@id\":\"https:\/\/www.estrategiaconcursos.com.br\/blog\/#website\"},\"primaryImageOfPage\":{\"@id\":\"https:\/\/www.estrategiaconcursos.com.br\/blog\/gabarito-extraoficial-camara-de-fortaleza-regimento-interno-e-estatuto-dos-servidores-sem-recursos\/#primaryimage\"},\"image\":{\"@id\":\"https:\/\/www.estrategiaconcursos.com.br\/blog\/gabarito-extraoficial-camara-de-fortaleza-regimento-interno-e-estatuto-dos-servidores-sem-recursos\/#primaryimage\"},\"thumbnailUrl\":\"https:\/\/www.estrategiaconcursos.com.br\/blog\/wp-content\/uploads\/2019\/04\/WhatsApp-Image-2019-04-14-at-19.29.46-1024x1024.jpeg\",\"datePublished\":\"2019-10-15T02:45:44+00:00\",\"dateModified\":\"2019-11-08T19:41:09+00:00\",\"breadcrumb\":{\"@id\":\"https:\/\/www.estrategiaconcursos.com.br\/blog\/gabarito-extraoficial-camara-de-fortaleza-regimento-interno-e-estatuto-dos-servidores-sem-recursos\/#breadcrumb\"},\"inLanguage\":\"pt-BR\",\"potentialAction\":[{\"@type\":\"ReadAction\",\"target\":[\"https:\/\/www.estrategiaconcursos.com.br\/blog\/gabarito-extraoficial-camara-de-fortaleza-regimento-interno-e-estatuto-dos-servidores-sem-recursos\/\"]}]},{\"@type\":\"ImageObject\",\"inLanguage\":\"pt-BR\",\"@id\":\"https:\/\/www.estrategiaconcursos.com.br\/blog\/gabarito-extraoficial-camara-de-fortaleza-regimento-interno-e-estatuto-dos-servidores-sem-recursos\/#primaryimage\",\"url\":\"https:\/\/www.estrategiaconcursos.com.br\/blog\/wp-content\/uploads\/2019\/04\/WhatsApp-Image-2019-04-14-at-19.29.46-1024x1024.jpeg\",\"contentUrl\":\"https:\/\/www.estrategiaconcursos.com.br\/blog\/wp-content\/uploads\/2019\/04\/WhatsApp-Image-2019-04-14-at-19.29.46-1024x1024.jpeg\"},{\"@type\":\"BreadcrumbList\",\"@id\":\"https:\/\/www.estrategiaconcursos.com.br\/blog\/gabarito-extraoficial-camara-de-fortaleza-regimento-interno-e-estatuto-dos-servidores-sem-recursos\/#breadcrumb\",\"itemListElement\":[{\"@type\":\"ListItem\",\"position\":1,\"name\":\"In\u00edcio\",\"item\":\"https:\/\/www.estrategiaconcursos.com.br\/blog\/\"},{\"@type\":\"ListItem\",\"position\":2,\"name\":\"Gabarito Extraoficial C\u00e2mara de Fortaleza (Regimento Interno e Estatuto dos Servidores)\"}]},{\"@type\":\"WebSite\",\"@id\":\"https:\/\/www.estrategiaconcursos.com.br\/blog\/#website\",\"url\":\"https:\/\/www.estrategiaconcursos.com.br\/blog\/\",\"name\":\"Estrat\u00e9gia Concursos\",\"description\":\"O blog da Estrat\u00e9gia Concursos traz not\u00edcias sobre concursos e artigos de professores oferecendo cursos para concursos (pdf + videaulas) no site.\",\"publisher\":{\"@id\":\"https:\/\/www.estrategiaconcursos.com.br\/blog\/#organization\"},\"potentialAction\":[{\"@type\":\"SearchAction\",\"target\":{\"@type\":\"EntryPoint\",\"urlTemplate\":\"https:\/\/www.estrategiaconcursos.com.br\/blog\/?s={search_term_string}\"},\"query-input\":{\"@type\":\"PropertyValueSpecification\",\"valueRequired\":true,\"valueName\":\"search_term_string\"}}],\"inLanguage\":\"pt-BR\"},{\"@type\":\"Organization\",\"@id\":\"https:\/\/www.estrategiaconcursos.com.br\/blog\/#organization\",\"name\":\"Estrat\u00e9gia Concursos\",\"url\":\"https:\/\/www.estrategiaconcursos.com.br\/blog\/\",\"logo\":{\"@type\":\"ImageObject\",\"inLanguage\":\"pt-BR\",\"@id\":\"https:\/\/www.estrategiaconcursos.com.br\/blog\/#\/schema\/logo\/image\/\",\"url\":\"https:\/\/dhg1h5j42swfq.cloudfront.net\/2025\/06\/03203428\/logo_concursos-1.jpg\",\"contentUrl\":\"https:\/\/dhg1h5j42swfq.cloudfront.net\/2025\/06\/03203428\/logo_concursos-1.jpg\",\"width\":230,\"height\":60,\"caption\":\"Estrat\u00e9gia Concursos\"},\"image\":{\"@id\":\"https:\/\/www.estrategiaconcursos.com.br\/blog\/#\/schema\/logo\/image\/\"},\"sameAs\":[\"https:\/\/x.com\/EstratConcursos\"]},{\"@type\":\"Person\",\"@id\":\"https:\/\/www.estrategiaconcursos.com.br\/blog\/#\/schema\/person\/6be195b7a02a8ca214472b848686bb37\",\"name\":\"Marcos Gir\u00e3o\",\"image\":{\"@type\":\"ImageObject\",\"inLanguage\":\"pt-BR\",\"@id\":\"https:\/\/secure.gravatar.com\/avatar\/ac5b9a36e2c99a8280e07b5763e3b764471d5b861c47521bfd2edffdfbb06fbd?s=96&d=mm&r=g\",\"url\":\"https:\/\/secure.gravatar.com\/avatar\/ac5b9a36e2c99a8280e07b5763e3b764471d5b861c47521bfd2edffdfbb06fbd?s=96&d=mm&r=g\",\"contentUrl\":\"https:\/\/secure.gravatar.com\/avatar\/ac5b9a36e2c99a8280e07b5763e3b764471d5b861c47521bfd2edffdfbb06fbd?s=96&d=mm&r=g\",\"caption\":\"Marcos Gir\u00e3o\"},\"url\":\"https:\/\/www.estrategiaconcursos.com.br\/blog\/author\/marcosgiraoestrategiaconcursos-com-br\/\"}]}<\/script>\n<!-- \/ Yoast SEO Premium plugin. -->","yoast_head_json":{"title":"Gabarito Extraoficial C\u00e2mara de Fortaleza (Regimento Interno e Estatuto dos Servidores)","robots":{"index":"index","follow":"follow","max-snippet":"max-snippet:-1","max-image-preview":"max-image-preview:large","max-video-preview":"max-video-preview:-1"},"canonical":"https:\/\/www.estrategiaconcursos.com.br\/blog\/gabarito-extraoficial-camara-de-fortaleza-regimento-interno-e-estatuto-dos-servidores-sem-recursos\/","og_locale":"pt_BR","og_type":"article","og_title":"Gabarito Extraoficial C\u00e2mara de Fortaleza (Regimento Interno e Estatuto dos Servidores)","og_description":"Gabarito Extraoficial C\u00e2mara de Fortaleza (Regimento Interno e Estatuto dos Servidores) Ol\u00e1, amigos! Para quem n\u00e3o me conhece ainda, meu nome \u00e9 Marcos Gir\u00e3o, cearense-fortalezense da gema, e sou professor aqui do Estrat\u00e9gia Concursos, lecionando as disciplinas Leis Penais Especiais, Legisla\u00e7\u00e3o de Tr\u00e2nsito e Legisla\u00e7\u00e3o Espec\u00edfica para Concursos P\u00fablicos. Para o concurso C\u00e2mara Municipal de [&hellip;]","og_url":"https:\/\/www.estrategiaconcursos.com.br\/blog\/gabarito-extraoficial-camara-de-fortaleza-regimento-interno-e-estatuto-dos-servidores-sem-recursos\/","og_site_name":"Estrat\u00e9gia Concursos","article_published_time":"2019-10-15T02:45:44+00:00","article_modified_time":"2019-11-08T19:41:09+00:00","og_image":[{"url":"https:\/\/www.estrategiaconcursos.com.br\/blog\/wp-content\/uploads\/2019\/04\/WhatsApp-Image-2019-04-14-at-19.29.46-1024x1024.jpeg","type":"","width":"","height":""}],"author":"Marcos Gir\u00e3o","twitter_card":"summary_large_image","twitter_creator":"@EstratConcursos","twitter_site":"@EstratConcursos","twitter_misc":{"Escrito por":"Marcos Gir\u00e3o","Est. tempo de leitura":"11 minutos"},"schema":{"@context":"https:\/\/schema.org","@graph":[{"@type":"NewsArticle","@id":"https:\/\/www.estrategiaconcursos.com.br\/blog\/gabarito-extraoficial-camara-de-fortaleza-regimento-interno-e-estatuto-dos-servidores-sem-recursos\/#article","isPartOf":{"@id":"https:\/\/www.estrategiaconcursos.com.br\/blog\/gabarito-extraoficial-camara-de-fortaleza-regimento-interno-e-estatuto-dos-servidores-sem-recursos\/"},"author":{"name":"Marcos Gir\u00e3o","@id":"https:\/\/www.estrategiaconcursos.com.br\/blog\/#\/schema\/person\/6be195b7a02a8ca214472b848686bb37"},"headline":"Gabarito Extraoficial C\u00e2mara de Fortaleza (Regimento Interno e Estatuto dos Servidores)","datePublished":"2019-10-15T02:45:44+00:00","dateModified":"2019-11-08T19:41:09+00:00","mainEntityOfPage":{"@id":"https:\/\/www.estrategiaconcursos.com.br\/blog\/gabarito-extraoficial-camara-de-fortaleza-regimento-interno-e-estatuto-dos-servidores-sem-recursos\/"},"wordCount":2159,"commentCount":0,"publisher":{"@id":"https:\/\/www.estrategiaconcursos.com.br\/blog\/#organization"},"image":{"@id":"https:\/\/www.estrategiaconcursos.com.br\/blog\/gabarito-extraoficial-camara-de-fortaleza-regimento-interno-e-estatuto-dos-servidores-sem-recursos\/#primaryimage"},"thumbnailUrl":"https:\/\/www.estrategiaconcursos.com.br\/blog\/wp-content\/uploads\/2019\/04\/WhatsApp-Image-2019-04-14-at-19.29.46-1024x1024.jpeg","keywords":["c\u00e2mara de fortaleza;c\u00e2mara municipal de fortaleza; gabarito oficial c\u00e2mara fortaleza","c\u00e2mara fortaleza"],"articleSection":["Concursos P\u00fablicos"],"inLanguage":"pt-BR","potentialAction":[{"@type":"CommentAction","name":"Comment","target":["https:\/\/www.estrategiaconcursos.com.br\/blog\/gabarito-extraoficial-camara-de-fortaleza-regimento-interno-e-estatuto-dos-servidores-sem-recursos\/#respond"]}],"copyrightYear":"2019","copyrightHolder":{"@id":"https:\/\/www.estrategiaconcursos.com.br\/blog\/#organization"}},{"@type":"WebPage","@id":"https:\/\/www.estrategiaconcursos.com.br\/blog\/gabarito-extraoficial-camara-de-fortaleza-regimento-interno-e-estatuto-dos-servidores-sem-recursos\/","url":"https:\/\/www.estrategiaconcursos.com.br\/blog\/gabarito-extraoficial-camara-de-fortaleza-regimento-interno-e-estatuto-dos-servidores-sem-recursos\/","name":"Gabarito Extraoficial C\u00e2mara de Fortaleza (Regimento Interno e Estatuto dos Servidores)","isPartOf":{"@id":"https:\/\/www.estrategiaconcursos.com.br\/blog\/#website"},"primaryImageOfPage":{"@id":"https:\/\/www.estrategiaconcursos.com.br\/blog\/gabarito-extraoficial-camara-de-fortaleza-regimento-interno-e-estatuto-dos-servidores-sem-recursos\/#primaryimage"},"image":{"@id":"https:\/\/www.estrategiaconcursos.com.br\/blog\/gabarito-extraoficial-camara-de-fortaleza-regimento-interno-e-estatuto-dos-servidores-sem-recursos\/#primaryimage"},"thumbnailUrl":"https:\/\/www.estrategiaconcursos.com.br\/blog\/wp-content\/uploads\/2019\/04\/WhatsApp-Image-2019-04-14-at-19.29.46-1024x1024.jpeg","datePublished":"2019-10-15T02:45:44+00:00","dateModified":"2019-11-08T19:41:09+00:00","breadcrumb":{"@id":"https:\/\/www.estrategiaconcursos.com.br\/blog\/gabarito-extraoficial-camara-de-fortaleza-regimento-interno-e-estatuto-dos-servidores-sem-recursos\/#breadcrumb"},"inLanguage":"pt-BR","potentialAction":[{"@type":"ReadAction","target":["https:\/\/www.estrategiaconcursos.com.br\/blog\/gabarito-extraoficial-camara-de-fortaleza-regimento-interno-e-estatuto-dos-servidores-sem-recursos\/"]}]},{"@type":"ImageObject","inLanguage":"pt-BR","@id":"https:\/\/www.estrategiaconcursos.com.br\/blog\/gabarito-extraoficial-camara-de-fortaleza-regimento-interno-e-estatuto-dos-servidores-sem-recursos\/#primaryimage","url":"https:\/\/www.estrategiaconcursos.com.br\/blog\/wp-content\/uploads\/2019\/04\/WhatsApp-Image-2019-04-14-at-19.29.46-1024x1024.jpeg","contentUrl":"https:\/\/www.estrategiaconcursos.com.br\/blog\/wp-content\/uploads\/2019\/04\/WhatsApp-Image-2019-04-14-at-19.29.46-1024x1024.jpeg"},{"@type":"BreadcrumbList","@id":"https:\/\/www.estrategiaconcursos.com.br\/blog\/gabarito-extraoficial-camara-de-fortaleza-regimento-interno-e-estatuto-dos-servidores-sem-recursos\/#breadcrumb","itemListElement":[{"@type":"ListItem","position":1,"name":"In\u00edcio","item":"https:\/\/www.estrategiaconcursos.com.br\/blog\/"},{"@type":"ListItem","position":2,"name":"Gabarito Extraoficial C\u00e2mara de Fortaleza (Regimento Interno e Estatuto dos Servidores)"}]},{"@type":"WebSite","@id":"https:\/\/www.estrategiaconcursos.com.br\/blog\/#website","url":"https:\/\/www.estrategiaconcursos.com.br\/blog\/","name":"Estrat\u00e9gia Concursos","description":"O blog da Estrat\u00e9gia Concursos traz not\u00edcias sobre concursos e artigos de professores oferecendo cursos para concursos (pdf + videaulas) no site.","publisher":{"@id":"https:\/\/www.estrategiaconcursos.com.br\/blog\/#organization"},"potentialAction":[{"@type":"SearchAction","target":{"@type":"EntryPoint","urlTemplate":"https:\/\/www.estrategiaconcursos.com.br\/blog\/?s={search_term_string}"},"query-input":{"@type":"PropertyValueSpecification","valueRequired":true,"valueName":"search_term_string"}}],"inLanguage":"pt-BR"},{"@type":"Organization","@id":"https:\/\/www.estrategiaconcursos.com.br\/blog\/#organization","name":"Estrat\u00e9gia Concursos","url":"https:\/\/www.estrategiaconcursos.com.br\/blog\/","logo":{"@type":"ImageObject","inLanguage":"pt-BR","@id":"https:\/\/www.estrategiaconcursos.com.br\/blog\/#\/schema\/logo\/image\/","url":"https:\/\/dhg1h5j42swfq.cloudfront.net\/2025\/06\/03203428\/logo_concursos-1.jpg","contentUrl":"https:\/\/dhg1h5j42swfq.cloudfront.net\/2025\/06\/03203428\/logo_concursos-1.jpg","width":230,"height":60,"caption":"Estrat\u00e9gia Concursos"},"image":{"@id":"https:\/\/www.estrategiaconcursos.com.br\/blog\/#\/schema\/logo\/image\/"},"sameAs":["https:\/\/x.com\/EstratConcursos"]},{"@type":"Person","@id":"https:\/\/www.estrategiaconcursos.com.br\/blog\/#\/schema\/person\/6be195b7a02a8ca214472b848686bb37","name":"Marcos Gir\u00e3o","image":{"@type":"ImageObject","inLanguage":"pt-BR","@id":"https:\/\/secure.gravatar.com\/avatar\/ac5b9a36e2c99a8280e07b5763e3b764471d5b861c47521bfd2edffdfbb06fbd?s=96&d=mm&r=g","url":"https:\/\/secure.gravatar.com\/avatar\/ac5b9a36e2c99a8280e07b5763e3b764471d5b861c47521bfd2edffdfbb06fbd?s=96&d=mm&r=g","contentUrl":"https:\/\/secure.gravatar.com\/avatar\/ac5b9a36e2c99a8280e07b5763e3b764471d5b861c47521bfd2edffdfbb06fbd?s=96&d=mm&r=g","caption":"Marcos Gir\u00e3o"},"url":"https:\/\/www.estrategiaconcursos.com.br\/blog\/author\/marcosgiraoestrategiaconcursos-com-br\/"}]}},"_links":{"self":[{"href":"https:\/\/www.estrategiaconcursos.com.br\/blog\/wp-json\/wp\/v2\/posts\/434126","targetHints":{"allow":["GET"]}}],"collection":[{"href":"https:\/\/www.estrategiaconcursos.com.br\/blog\/wp-json\/wp\/v2\/posts"}],"about":[{"href":"https:\/\/www.estrategiaconcursos.com.br\/blog\/wp-json\/wp\/v2\/types\/post"}],"author":[{"embeddable":true,"href":"https:\/\/www.estrategiaconcursos.com.br\/blog\/wp-json\/wp\/v2\/users\/248"}],"replies":[{"embeddable":true,"href":"https:\/\/www.estrategiaconcursos.com.br\/blog\/wp-json\/wp\/v2\/comments?post=434126"}],"version-history":[{"count":5,"href":"https:\/\/www.estrategiaconcursos.com.br\/blog\/wp-json\/wp\/v2\/posts\/434126\/revisions"}],"predecessor-version":[{"id":434136,"href":"https:\/\/www.estrategiaconcursos.com.br\/blog\/wp-json\/wp\/v2\/posts\/434126\/revisions\/434136"}],"wp:attachment":[{"href":"https:\/\/www.estrategiaconcursos.com.br\/blog\/wp-json\/wp\/v2\/media?parent=434126"}],"wp:term":[{"taxonomy":"category","embeddable":true,"href":"https:\/\/www.estrategiaconcursos.com.br\/blog\/wp-json\/wp\/v2\/categories?post=434126"},{"taxonomy":"post_tag","embeddable":true,"href":"https:\/\/www.estrategiaconcursos.com.br\/blog\/wp-json\/wp\/v2\/tags?post=434126"},{"taxonomy":"tax_estado","embeddable":true,"href":"https:\/\/www.estrategiaconcursos.com.br\/blog\/wp-json\/wp\/v2\/tax_estado?post=434126"}],"curies":[{"name":"wp","href":"https:\/\/api.w.org\/{rel}","templated":true}]}}