{"id":434107,"date":"2019-10-14T22:50:37","date_gmt":"2019-10-15T01:50:37","guid":{"rendered":"https:\/\/www.estrategiaconcursos.com.br\/blog\/?p=434107"},"modified":"2019-10-21T17:01:50","modified_gmt":"2019-10-21T20:01:50","slug":"mensagem-aos-assinantes-16-lembre-se-do-dia-do-professor","status":"publish","type":"post","link":"https:\/\/www.estrategiaconcursos.com.br\/blog\/mensagem-aos-assinantes-16-lembre-se-do-dia-do-professor\/","title":{"rendered":"Mensagem aos Assinantes 16:   Lembre-se do dia do professor! :)"},"content":{"rendered":"\n<p>Ol\u00e1, pessoal! Tudo bem?<\/p>\n\n\n\n<p>Aqui \u00e9 o <strong>Ricardo Vale<\/strong>, Diretor Pedag\u00f3gico do Estrat\u00e9gia Concursos.<\/p>\n\n\n\n<p>Nesse \u00faltimo final de semana, tivemos as provas do <strong>TJ\/AM<\/strong> e da <strong>C\u00e2mara Municipal de Fortaleza<\/strong>.<\/p>\n\n\n\n<p>Nossa equipe do Estrat\u00e9gia esteve em Manaus, em <strong>2 (dois) eventos<\/strong> presenciais impressionantes, cada um deles com mais de 2.000 pessoas! S\u00f3 tenho a agradecer todo o carinho de voc\u00eas!! Voltamos cheios de energia para mais uma semana!!<\/p>\n\n\n\n<div class=\"wp-block-image\"><figure class=\"aligncenter\"><img decoding=\"async\" src=\"https:\/\/dhg1h5j42swfq.cloudfront.net\/2019\/10\/14215407\/Captura-de-Tela-2019-10-14-a%CC%80s-9.53.34-PM.png\" alt=\"\" class=\"wp-image-434112\"\/><\/figure><\/div>\n\n\n\n<p>Claro, j\u00e1 estamos ansiosos para reencontr\u00e1-los nos eventos presenciais do <strong>TRF3, MP-RJ e SEFAZ\/DF.<\/strong> Todas as informa\u00e7\u00f5es sobre esses pr\u00f3ximos eventos est\u00e3o <a href=\"https:\/\/www.estrategiaconcursos.com.br\/cursosPorConcurso\/auloes-presenciais\/\">AQUI<\/a>! <\/p>\n\n\n\n<div class=\"wp-block-image\"><figure class=\"aligncenter\"><img decoding=\"async\" src=\"https:\/\/dhg1h5j42swfq.cloudfront.net\/2019\/10\/14215152\/Captura-de-Tela-2019-10-14-a%CC%80s-9.51.22-PM.png\" alt=\"\" class=\"wp-image-434110\"\/><\/figure><\/div>\n\n\n\n<p>Como de costume, vou come\u00e7ar essa Mensagem respondendo perguntas dos assinantes!! :)<\/p>\n\n\n\n<h2 class=\"wp-block-heading\">Resposta aos Assinantes<\/h2>\n\n\n\n<p>O <strong>Rafael<\/strong> deixou a seguinte mensagem \/ pergunta<\/p>\n\n\n\n<div class=\"wp-block-image\"><figure class=\"aligncenter is-resized\"><img loading=\"lazy\" decoding=\"async\" src=\"https:\/\/dhg1h5j42swfq.cloudfront.net\/2019\/10\/14220052\/Captura-de-Tela-2019-10-14-a%CC%80s-10.00.21-PM.png\" alt=\"\" class=\"wp-image-434113\" width=\"867\" height=\"144\" srcset=\"https:\/\/dhg1h5j42swfq.cloudfront.net\/2019\/10\/14220052\/Captura-de-Tela-2019-10-14-a%CC%80s-10.00.21-PM.png 2632w, https:\/\/dhg1h5j42swfq.cloudfront.net\/2019\/10\/14220052\/Captura-de-Tela-2019-10-14-a%CC%80s-10.00.21-PM.png 300w, https:\/\/dhg1h5j42swfq.cloudfront.net\/2019\/10\/14220052\/Captura-de-Tela-2019-10-14-a%CC%80s-10.00.21-PM.png 768w, https:\/\/dhg1h5j42swfq.cloudfront.net\/2019\/10\/14220052\/Captura-de-Tela-2019-10-14-a%CC%80s-10.00.21-PM.png 1024w, https:\/\/dhg1h5j42swfq.cloudfront.net\/2019\/10\/14220052\/Captura-de-Tela-2019-10-14-a%CC%80s-10.00.21-PM.png 610w\" sizes=\"auto, (max-width: 867px) 100vw, 867px\" \/><\/figure><\/div>\n\n\n\n<p><strong>Resposta<\/strong>:  Oi, Rafael! Tudo bem? Meu conselho \u00e9 que voc\u00ea abandone completamente a ideia de fazer concursos para Ag\u00eancias Reguladores. A melhor oportunidade de concursos para os pr\u00f3ximos anos ser\u00e1 o da Pol\u00edcia Civil do Distrito Federal (PCDF). Ser\u00e3o mais de 2100 vagas no total, para Escriv\u00e3o e Agente. Sem d\u00favida, \u00e9 uma das oportunidades da d\u00e9cada. <\/p>\n\n\n\n<p>&#8230;<\/p>\n\n\n\n<p>A <strong>Ana Carolina<\/strong> deixou a seguinte mensagem: <\/p>\n\n\n\n<div class=\"wp-block-image\"><figure class=\"aligncenter is-resized\"><img loading=\"lazy\" decoding=\"async\" src=\"https:\/\/dhg1h5j42swfq.cloudfront.net\/2019\/10\/14220203\/Captura-de-Tela-2019-10-14-a%CC%80s-10.01.47-PM.png\" alt=\"\" class=\"wp-image-434114\" width=\"833\" height=\"242\" srcset=\"https:\/\/dhg1h5j42swfq.cloudfront.net\/2019\/10\/14220203\/Captura-de-Tela-2019-10-14-a%CC%80s-10.01.47-PM.png 2560w, https:\/\/dhg1h5j42swfq.cloudfront.net\/2019\/10\/14220203\/Captura-de-Tela-2019-10-14-a%CC%80s-10.01.47-PM.png 300w, https:\/\/dhg1h5j42swfq.cloudfront.net\/2019\/10\/14220203\/Captura-de-Tela-2019-10-14-a%CC%80s-10.01.47-PM.png 768w, https:\/\/dhg1h5j42swfq.cloudfront.net\/2019\/10\/14220203\/Captura-de-Tela-2019-10-14-a%CC%80s-10.01.47-PM.png 1024w, https:\/\/dhg1h5j42swfq.cloudfront.net\/2019\/10\/14220203\/Captura-de-Tela-2019-10-14-a%CC%80s-10.01.47-PM.png 610w\" sizes=\"auto, (max-width: 833px) 100vw, 833px\" \/><\/figure><\/div>\n\n\n\n<p><strong>Resposta:<\/strong> Ol\u00e1, Ana! Tudo bem? Vamos por partes:<\/p>\n\n\n\n<ul class=\"wp-block-list\"><li><strong>1)<\/strong> Estamos trabalhando para melhorar a pesquisa de cursos dentro da \u00e1rea do aluno, tornando-a uma pesquisa inteligente. Creio que voc\u00ea j\u00e1 deve estar sentido uma diferen\u00e7a. <\/li><li><strong>2) Sobre Novidades<\/strong>: Em novembro, faremos o lan\u00e7amento de uma grande novidade do Estrat\u00e9gia. Os assinantes tamb\u00e9m ter\u00e3o uma oportunidade \u00edmpar de fazer a renova\u00e7\u00e3o antecipada de sua assinatura ilimitada.<\/li><li><strong>3) Sobre Assinatura Carreiras Jur\u00eddicas<\/strong>: Esse \u00e9 um projeto futuro, que s\u00f3 deve acontecer em 2021. Mas estamos trabalhando nisso!!<\/li><\/ul>\n\n\n\n<p>&#8230;<\/p>\n\n\n\n<h2 class=\"wp-block-heading\">Programa\u00e7\u00e3o de Eventos<\/h2>\n\n\n\n<p>O Estrat\u00e9gia tem uma extensa agenda de eventos: cursos de Reta Final, Simulados, aul\u00f5es presenciais, revis\u00f5es aceleradas, dentre outros. <\/p>\n\n\n\n<p>Alguns, todavia, merecem um <strong>destaque especial<\/strong>. <\/p>\n\n\n\n<p>Por isso, gostaria de lhes dizer que, na <strong>pr\u00f3xima segunda-feira<\/strong>, daremos in\u00edcio a um <strong>Curso Completo de Reta Final p\/ Escriv\u00e3o PCDF<\/strong>, com uma carga hor\u00e1ria bem relevante em videoaulas. <\/p>\n\n\n\n<p>Como eu j\u00e1 disse anteriormente, a PCDF \u00e9 uma excepcional oportunidade, <strong>inclusive <\/strong>para aqueles alunos que estudam para \u00c1rea Fiscal e Tribunais. <\/p>\n\n\n\n<p>Todos sabem o quanto as notas de corte est\u00e3o elevadas nos concursos de \u00c1rea Fiscal e de Tribunais. Na PCDF, tendo em vista o elevado quantitativo de vagas, a <strong>nossa expectativa<\/strong> \u00e9 de que a nota de corte fique <strong>em torno de 65%<\/strong>. Por isso, vale a pena se preparar para esse grande concurso.<\/p>\n\n\n\n<h2 class=\"wp-block-heading\">Aprovados no TRF4<\/h2>\n\n\n\n<p>Na semana passada, tivemos a oportunidade de receber aqui no Estrat\u00e9gia alguns de nossos alunos <strong>aprovados no concurso do TRF 4a Regi\u00e3o<\/strong>. \u00c9 sempre fant\u00e1stico conhecer pessoas t\u00e3o especiais! <\/p>\n\n\n\n<div class=\"wp-block-image\"><figure class=\"aligncenter is-resized\"><img loading=\"lazy\" decoding=\"async\" src=\"https:\/\/dhg1h5j42swfq.cloudfront.net\/2019\/10\/14222530\/Captura-de-Tela-2019-10-14-a%CC%80s-10.19.43-PM1.png\" alt=\"\" class=\"wp-image-434116\" width=\"523\" height=\"524\" srcset=\"https:\/\/dhg1h5j42swfq.cloudfront.net\/2019\/10\/14222530\/Captura-de-Tela-2019-10-14-a%CC%80s-10.19.43-PM1.png 1200w, https:\/\/dhg1h5j42swfq.cloudfront.net\/2019\/10\/14222530\/Captura-de-Tela-2019-10-14-a%CC%80s-10.19.43-PM1.png 150w, https:\/\/dhg1h5j42swfq.cloudfront.net\/2019\/10\/14222530\/Captura-de-Tela-2019-10-14-a%CC%80s-10.19.43-PM1.png 300w, https:\/\/dhg1h5j42swfq.cloudfront.net\/2019\/10\/14222530\/Captura-de-Tela-2019-10-14-a%CC%80s-10.19.43-PM1.png 768w, https:\/\/dhg1h5j42swfq.cloudfront.net\/2019\/10\/14222530\/Captura-de-Tela-2019-10-14-a%CC%80s-10.19.43-PM1.png 1022w, https:\/\/dhg1h5j42swfq.cloudfront.net\/2019\/10\/14222530\/Captura-de-Tela-2019-10-14-a%CC%80s-10.19.43-PM1.png 94w, https:\/\/dhg1h5j42swfq.cloudfront.net\/2019\/10\/14222530\/Captura-de-Tela-2019-10-14-a%CC%80s-10.19.43-PM1.png 500w, https:\/\/dhg1h5j42swfq.cloudfront.net\/2019\/10\/14222530\/Captura-de-Tela-2019-10-14-a%CC%80s-10.19.43-PM1.png 610w\" sizes=\"auto, (max-width: 523px) 100vw, 523px\" \/><\/figure><\/div>\n\n\n\n<p>A seguir, vou deixar o link para uma entrevista que fizemos com a <strong>Dayanne Souza<\/strong>. Ela j\u00e1 havia sido aprovada em 2\u00ba lugar no \u00faltimo concurso do INSS e, agora, passou em 1\u00ba lugar no TRF 4. Vale a pena assistir e se inspirar!! :) <\/p>\n\n\n<figure class=\"wp-block-embed-youtube wp-block-embed is-type-video is-provider-youtube wp-embed-aspect-16-9 wp-has-aspect-ratio\"><div class=\"lyte-wrapper\" style=\"width:853px;max-width:100%;margin:5px;\"><div class=\"lyMe\" id=\"WYL_7NJ3pnNUQAw\"><div id=\"lyte_7NJ3pnNUQAw\" data-src=\"\/\/i.ytimg.com\/vi\/7NJ3pnNUQAw\/hqdefault.jpg\" class=\"pL\"><div class=\"tC\"><div class=\"tT\"><\/div><\/div><div class=\"play\"><\/div><div class=\"ctrl\"><div class=\"Lctrl\"><\/div><div class=\"Rctrl\"><\/div><\/div><\/div><noscript><a href=\"https:\/\/youtu.be\/7NJ3pnNUQAw\" rel=\"nofollow\"><img loading=\"lazy\" decoding=\"async\" src=\"https:\/\/i.ytimg.com\/vi\/7NJ3pnNUQAw\/0.jpg\" alt=\"YouTube video thumbnail\" width=\"853\" height=\"460\" \/><br \/>Assista a este v\u00eddeo no YouTube<\/a><\/noscript><\/div><\/div><div class=\"lL\" style=\"max-width:100%;width:853px;margin:5px;\"><\/div><figcaption><\/figcaption><\/figure>\n\n\n<h2 class=\"wp-block-heading\">Dia do Professor<\/h2>\n\n\n\n<p><strong>Dia 15 de outubro<\/strong> \u00e9 dia do professor. Por isso, gostaria de homenagear meus nobres colegas de profiss\u00e3o, que trabalham diuturnamente para entregar o melhor conte\u00fado aos nossos alunos. <\/p>\n\n\n\n<p>Tenha certeza de que, a qualquer momento em que voc\u00ea estiver estudando (manh\u00e3, tarde, noite ou madrugada), <strong>sempre haver\u00e1 um professor preparando suas aulas<\/strong>. Somos incans\u00e1veis em nossa miss\u00e3o!! :) <\/p>\n\n\n\n<p>Na condi\u00e7\u00e3o de Diretor Pedag\u00f3gico do Estrat\u00e9gia, quero reconhecer o trabalho de meus amigos professores. Sem eles, o Estrat\u00e9gia n\u00e3o existiria!! :) Voc\u00eas fazem a diferen\u00e7a porque se preocupam de verdade com os nossos alunos!! <\/p>\n\n\n\n<div class=\"wp-block-image\"><figure class=\"aligncenter\"><img decoding=\"async\" src=\"https:\/\/dhg1h5j42swfq.cloudfront.net\/2019\/10\/14223836\/Captura-de-Tela-2019-10-14-a%CC%80s-10.38.14-PM.png\" alt=\"\" class=\"wp-image-434118\"\/><\/figure><\/div>\n\n\n\n<h2 class=\"wp-block-heading\">Mensagem da Semana<\/h2>\n\n\n\n<div class=\"wp-block-image\"><figure class=\"aligncenter is-resized\"><img loading=\"lazy\" decoding=\"async\" src=\"https:\/\/dhg1h5j42swfq.cloudfront.net\/2019\/10\/14224951\/Captura-de-Tela-2019-10-14-a%CC%80s-10.48.45-PM.png\" alt=\"\" class=\"wp-image-434120\" width=\"400\" height=\"359\" srcset=\"https:\/\/dhg1h5j42swfq.cloudfront.net\/2019\/10\/14224951\/Captura-de-Tela-2019-10-14-a%CC%80s-10.48.45-PM.png 1198w, https:\/\/dhg1h5j42swfq.cloudfront.net\/2019\/10\/14224951\/Captura-de-Tela-2019-10-14-a%CC%80s-10.48.45-PM.png 300w, https:\/\/dhg1h5j42swfq.cloudfront.net\/2019\/10\/14224951\/Captura-de-Tela-2019-10-14-a%CC%80s-10.48.45-PM.png 768w, https:\/\/dhg1h5j42swfq.cloudfront.net\/2019\/10\/14224951\/Captura-de-Tela-2019-10-14-a%CC%80s-10.48.45-PM.png 1024w, https:\/\/dhg1h5j42swfq.cloudfront.net\/2019\/10\/14224951\/Captura-de-Tela-2019-10-14-a%CC%80s-10.48.45-PM.png 610w\" sizes=\"auto, (max-width: 400px) 100vw, 400px\" \/><\/figure><\/div>\n\n\n\n<p><\/p>\n","protected":false},"excerpt":{"rendered":"<p>Ol\u00e1, pessoal! Tudo bem? Aqui \u00e9 o Ricardo Vale, Diretor Pedag\u00f3gico do Estrat\u00e9gia Concursos. Nesse \u00faltimo final de semana, tivemos as provas do TJ\/AM e da C\u00e2mara Municipal de Fortaleza. Nossa equipe do Estrat\u00e9gia esteve em Manaus, em 2 (dois) eventos presenciais impressionantes, cada um deles com mais de 2.000 pessoas! S\u00f3 tenho a agradecer [&hellip;]<\/p>\n","protected":false},"author":26,"featured_media":0,"comment_status":"open","ping_status":"closed","sticky":false,"template":"","format":"standard","meta":{"post_tipo":"article","footnotes":""},"categories":[1],"tags":[],"tax_estado":[],"class_list":["post-434107","post","type-post","status-publish","format-standard","hentry","category-cursos-e-concursos"],"acf":[],"yoast_head":"<!-- This site is optimized with the Yoast SEO Premium plugin v27.2 (Yoast SEO v27.2) - https:\/\/yoast.com\/product\/yoast-seo-premium-wordpress\/ -->\n<title>Mensagem aos Assinantes 16:  Lembre-se do dia do professor! :)<\/title>\n<meta name=\"robots\" content=\"index, follow, max-snippet:-1, max-image-preview:large, max-video-preview:-1\" \/>\n<link rel=\"canonical\" href=\"https:\/\/www.estrategiaconcursos.com.br\/blog\/mensagem-aos-assinantes-16-lembre-se-do-dia-do-professor\/\" \/>\n<meta property=\"og:locale\" content=\"pt_BR\" \/>\n<meta property=\"og:type\" content=\"article\" \/>\n<meta property=\"og:title\" content=\"Mensagem aos Assinantes 16:  Lembre-se do dia do professor! :)\" \/>\n<meta property=\"og:description\" content=\"Ol\u00e1, pessoal! Tudo bem? Aqui \u00e9 o Ricardo Vale, Diretor Pedag\u00f3gico do Estrat\u00e9gia Concursos. Nesse \u00faltimo final de semana, tivemos as provas do TJ\/AM e da C\u00e2mara Municipal de Fortaleza. Nossa equipe do Estrat\u00e9gia esteve em Manaus, em 2 (dois) eventos presenciais impressionantes, cada um deles com mais de 2.000 pessoas! S\u00f3 tenho a agradecer [&hellip;]\" \/>\n<meta property=\"og:url\" content=\"https:\/\/www.estrategiaconcursos.com.br\/blog\/mensagem-aos-assinantes-16-lembre-se-do-dia-do-professor\/\" \/>\n<meta property=\"og:site_name\" content=\"Estrat\u00e9gia Concursos\" \/>\n<meta property=\"article:author\" content=\"https:\/\/www.facebook.com\/rvale01\" \/>\n<meta property=\"article:published_time\" content=\"2019-10-15T01:50:37+00:00\" \/>\n<meta property=\"article:modified_time\" content=\"2019-10-21T20:01:50+00:00\" \/>\n<meta name=\"author\" content=\"Ricardo Vale\" \/>\n<meta name=\"twitter:card\" content=\"summary_large_image\" \/>\n<meta name=\"twitter:creator\" content=\"@https:\/\/twitter.com\/EstratConcursos\" \/>\n<meta name=\"twitter:site\" content=\"@EstratConcursos\" \/>\n<meta name=\"twitter:label1\" content=\"Escrito por\" \/>\n\t<meta name=\"twitter:data1\" content=\"Ricardo Vale\" \/>\n\t<meta name=\"twitter:label2\" content=\"Est. tempo de leitura\" \/>\n\t<meta name=\"twitter:data2\" content=\"3 minutos\" \/>\n<script type=\"application\/ld+json\" class=\"yoast-schema-graph\">{\"@context\":\"https:\/\/schema.org\",\"@graph\":[{\"@type\":\"NewsArticle\",\"@id\":\"https:\/\/www.estrategiaconcursos.com.br\/blog\/mensagem-aos-assinantes-16-lembre-se-do-dia-do-professor\/#article\",\"isPartOf\":{\"@id\":\"https:\/\/www.estrategiaconcursos.com.br\/blog\/mensagem-aos-assinantes-16-lembre-se-do-dia-do-professor\/\"},\"author\":{\"name\":\"Ricardo Vale\",\"@id\":\"https:\/\/www.estrategiaconcursos.com.br\/blog\/#\/schema\/person\/c32e47dba2159cafe7796a9569a6ff7e\"},\"headline\":\"Mensagem aos Assinantes 16: Lembre-se do dia do professor! :)\",\"datePublished\":\"2019-10-15T01:50:37+00:00\",\"dateModified\":\"2019-10-21T20:01:50+00:00\",\"mainEntityOfPage\":{\"@id\":\"https:\/\/www.estrategiaconcursos.com.br\/blog\/mensagem-aos-assinantes-16-lembre-se-do-dia-do-professor\/\"},\"wordCount\":612,\"commentCount\":16,\"publisher\":{\"@id\":\"https:\/\/www.estrategiaconcursos.com.br\/blog\/#organization\"},\"articleSection\":[\"Concursos P\u00fablicos\"],\"inLanguage\":\"pt-BR\",\"potentialAction\":[{\"@type\":\"CommentAction\",\"name\":\"Comment\",\"target\":[\"https:\/\/www.estrategiaconcursos.com.br\/blog\/mensagem-aos-assinantes-16-lembre-se-do-dia-do-professor\/#respond\"]}],\"copyrightYear\":\"2019\",\"copyrightHolder\":{\"@id\":\"https:\/\/www.estrategiaconcursos.com.br\/blog\/#organization\"}},{\"@type\":\"WebPage\",\"@id\":\"https:\/\/www.estrategiaconcursos.com.br\/blog\/mensagem-aos-assinantes-16-lembre-se-do-dia-do-professor\/\",\"url\":\"https:\/\/www.estrategiaconcursos.com.br\/blog\/mensagem-aos-assinantes-16-lembre-se-do-dia-do-professor\/\",\"name\":\"Mensagem aos Assinantes 16: Lembre-se do dia do professor! :)\",\"isPartOf\":{\"@id\":\"https:\/\/www.estrategiaconcursos.com.br\/blog\/#website\"},\"datePublished\":\"2019-10-15T01:50:37+00:00\",\"dateModified\":\"2019-10-21T20:01:50+00:00\",\"breadcrumb\":{\"@id\":\"https:\/\/www.estrategiaconcursos.com.br\/blog\/mensagem-aos-assinantes-16-lembre-se-do-dia-do-professor\/#breadcrumb\"},\"inLanguage\":\"pt-BR\",\"potentialAction\":[{\"@type\":\"ReadAction\",\"target\":[\"https:\/\/www.estrategiaconcursos.com.br\/blog\/mensagem-aos-assinantes-16-lembre-se-do-dia-do-professor\/\"]}]},{\"@type\":\"BreadcrumbList\",\"@id\":\"https:\/\/www.estrategiaconcursos.com.br\/blog\/mensagem-aos-assinantes-16-lembre-se-do-dia-do-professor\/#breadcrumb\",\"itemListElement\":[{\"@type\":\"ListItem\",\"position\":1,\"name\":\"In\u00edcio\",\"item\":\"https:\/\/www.estrategiaconcursos.com.br\/blog\/\"},{\"@type\":\"ListItem\",\"position\":2,\"name\":\"Mensagem aos Assinantes 16: Lembre-se do dia do professor! :)\"}]},{\"@type\":\"WebSite\",\"@id\":\"https:\/\/www.estrategiaconcursos.com.br\/blog\/#website\",\"url\":\"https:\/\/www.estrategiaconcursos.com.br\/blog\/\",\"name\":\"Estrat\u00e9gia Concursos\",\"description\":\"O blog da Estrat\u00e9gia Concursos traz not\u00edcias sobre concursos e artigos de professores oferecendo cursos para concursos (pdf + videaulas) no site.\",\"publisher\":{\"@id\":\"https:\/\/www.estrategiaconcursos.com.br\/blog\/#organization\"},\"potentialAction\":[{\"@type\":\"SearchAction\",\"target\":{\"@type\":\"EntryPoint\",\"urlTemplate\":\"https:\/\/www.estrategiaconcursos.com.br\/blog\/?s={search_term_string}\"},\"query-input\":{\"@type\":\"PropertyValueSpecification\",\"valueRequired\":true,\"valueName\":\"search_term_string\"}}],\"inLanguage\":\"pt-BR\"},{\"@type\":\"Organization\",\"@id\":\"https:\/\/www.estrategiaconcursos.com.br\/blog\/#organization\",\"name\":\"Estrat\u00e9gia Concursos\",\"url\":\"https:\/\/www.estrategiaconcursos.com.br\/blog\/\",\"logo\":{\"@type\":\"ImageObject\",\"inLanguage\":\"pt-BR\",\"@id\":\"https:\/\/www.estrategiaconcursos.com.br\/blog\/#\/schema\/logo\/image\/\",\"url\":\"https:\/\/dhg1h5j42swfq.cloudfront.net\/2025\/06\/03203428\/logo_concursos-1.jpg\",\"contentUrl\":\"https:\/\/dhg1h5j42swfq.cloudfront.net\/2025\/06\/03203428\/logo_concursos-1.jpg\",\"width\":230,\"height\":60,\"caption\":\"Estrat\u00e9gia Concursos\"},\"image\":{\"@id\":\"https:\/\/www.estrategiaconcursos.com.br\/blog\/#\/schema\/logo\/image\/\"},\"sameAs\":[\"https:\/\/x.com\/EstratConcursos\"]},{\"@type\":\"Person\",\"@id\":\"https:\/\/www.estrategiaconcursos.com.br\/blog\/#\/schema\/person\/c32e47dba2159cafe7796a9569a6ff7e\",\"name\":\"Ricardo Vale\",\"image\":{\"@type\":\"ImageObject\",\"inLanguage\":\"pt-BR\",\"@id\":\"https:\/\/secure.gravatar.com\/avatar\/e5a5658c798bb49dd53314263f59f38c192d73370fb65839a372c2ae9027be74?s=96&d=mm&r=g\",\"url\":\"https:\/\/secure.gravatar.com\/avatar\/e5a5658c798bb49dd53314263f59f38c192d73370fb65839a372c2ae9027be74?s=96&d=mm&r=g\",\"contentUrl\":\"https:\/\/secure.gravatar.com\/avatar\/e5a5658c798bb49dd53314263f59f38c192d73370fb65839a372c2ae9027be74?s=96&d=mm&r=g\",\"caption\":\"Ricardo Vale\"},\"sameAs\":[\"https:\/\/www.facebook.com\/rvale01\",\"https:\/\/x.com\/https:\/\/twitter.com\/EstratConcursos\"],\"url\":\"https:\/\/www.estrategiaconcursos.com.br\/blog\/author\/ricardovaleestrategiaconcursos-com-br\/\"}]}<\/script>\n<!-- \/ Yoast SEO Premium plugin. -->","yoast_head_json":{"title":"Mensagem aos Assinantes 16:  Lembre-se do dia do professor! :)","robots":{"index":"index","follow":"follow","max-snippet":"max-snippet:-1","max-image-preview":"max-image-preview:large","max-video-preview":"max-video-preview:-1"},"canonical":"https:\/\/www.estrategiaconcursos.com.br\/blog\/mensagem-aos-assinantes-16-lembre-se-do-dia-do-professor\/","og_locale":"pt_BR","og_type":"article","og_title":"Mensagem aos Assinantes 16:  Lembre-se do dia do professor! :)","og_description":"Ol\u00e1, pessoal! Tudo bem? Aqui \u00e9 o Ricardo Vale, Diretor Pedag\u00f3gico do Estrat\u00e9gia Concursos. Nesse \u00faltimo final de semana, tivemos as provas do TJ\/AM e da C\u00e2mara Municipal de Fortaleza. Nossa equipe do Estrat\u00e9gia esteve em Manaus, em 2 (dois) eventos presenciais impressionantes, cada um deles com mais de 2.000 pessoas! S\u00f3 tenho a agradecer [&hellip;]","og_url":"https:\/\/www.estrategiaconcursos.com.br\/blog\/mensagem-aos-assinantes-16-lembre-se-do-dia-do-professor\/","og_site_name":"Estrat\u00e9gia Concursos","article_author":"https:\/\/www.facebook.com\/rvale01","article_published_time":"2019-10-15T01:50:37+00:00","article_modified_time":"2019-10-21T20:01:50+00:00","author":"Ricardo Vale","twitter_card":"summary_large_image","twitter_creator":"@https:\/\/twitter.com\/EstratConcursos","twitter_site":"@EstratConcursos","twitter_misc":{"Escrito por":"Ricardo Vale","Est. tempo de leitura":"3 minutos"},"schema":{"@context":"https:\/\/schema.org","@graph":[{"@type":"NewsArticle","@id":"https:\/\/www.estrategiaconcursos.com.br\/blog\/mensagem-aos-assinantes-16-lembre-se-do-dia-do-professor\/#article","isPartOf":{"@id":"https:\/\/www.estrategiaconcursos.com.br\/blog\/mensagem-aos-assinantes-16-lembre-se-do-dia-do-professor\/"},"author":{"name":"Ricardo Vale","@id":"https:\/\/www.estrategiaconcursos.com.br\/blog\/#\/schema\/person\/c32e47dba2159cafe7796a9569a6ff7e"},"headline":"Mensagem aos Assinantes 16: Lembre-se do dia do professor! :)","datePublished":"2019-10-15T01:50:37+00:00","dateModified":"2019-10-21T20:01:50+00:00","mainEntityOfPage":{"@id":"https:\/\/www.estrategiaconcursos.com.br\/blog\/mensagem-aos-assinantes-16-lembre-se-do-dia-do-professor\/"},"wordCount":612,"commentCount":16,"publisher":{"@id":"https:\/\/www.estrategiaconcursos.com.br\/blog\/#organization"},"articleSection":["Concursos P\u00fablicos"],"inLanguage":"pt-BR","potentialAction":[{"@type":"CommentAction","name":"Comment","target":["https:\/\/www.estrategiaconcursos.com.br\/blog\/mensagem-aos-assinantes-16-lembre-se-do-dia-do-professor\/#respond"]}],"copyrightYear":"2019","copyrightHolder":{"@id":"https:\/\/www.estrategiaconcursos.com.br\/blog\/#organization"}},{"@type":"WebPage","@id":"https:\/\/www.estrategiaconcursos.com.br\/blog\/mensagem-aos-assinantes-16-lembre-se-do-dia-do-professor\/","url":"https:\/\/www.estrategiaconcursos.com.br\/blog\/mensagem-aos-assinantes-16-lembre-se-do-dia-do-professor\/","name":"Mensagem aos Assinantes 16: Lembre-se do dia do professor! :)","isPartOf":{"@id":"https:\/\/www.estrategiaconcursos.com.br\/blog\/#website"},"datePublished":"2019-10-15T01:50:37+00:00","dateModified":"2019-10-21T20:01:50+00:00","breadcrumb":{"@id":"https:\/\/www.estrategiaconcursos.com.br\/blog\/mensagem-aos-assinantes-16-lembre-se-do-dia-do-professor\/#breadcrumb"},"inLanguage":"pt-BR","potentialAction":[{"@type":"ReadAction","target":["https:\/\/www.estrategiaconcursos.com.br\/blog\/mensagem-aos-assinantes-16-lembre-se-do-dia-do-professor\/"]}]},{"@type":"BreadcrumbList","@id":"https:\/\/www.estrategiaconcursos.com.br\/blog\/mensagem-aos-assinantes-16-lembre-se-do-dia-do-professor\/#breadcrumb","itemListElement":[{"@type":"ListItem","position":1,"name":"In\u00edcio","item":"https:\/\/www.estrategiaconcursos.com.br\/blog\/"},{"@type":"ListItem","position":2,"name":"Mensagem aos Assinantes 16: Lembre-se do dia do professor! :)"}]},{"@type":"WebSite","@id":"https:\/\/www.estrategiaconcursos.com.br\/blog\/#website","url":"https:\/\/www.estrategiaconcursos.com.br\/blog\/","name":"Estrat\u00e9gia Concursos","description":"O blog da Estrat\u00e9gia Concursos traz not\u00edcias sobre concursos e artigos de professores oferecendo cursos para concursos (pdf + videaulas) no site.","publisher":{"@id":"https:\/\/www.estrategiaconcursos.com.br\/blog\/#organization"},"potentialAction":[{"@type":"SearchAction","target":{"@type":"EntryPoint","urlTemplate":"https:\/\/www.estrategiaconcursos.com.br\/blog\/?s={search_term_string}"},"query-input":{"@type":"PropertyValueSpecification","valueRequired":true,"valueName":"search_term_string"}}],"inLanguage":"pt-BR"},{"@type":"Organization","@id":"https:\/\/www.estrategiaconcursos.com.br\/blog\/#organization","name":"Estrat\u00e9gia Concursos","url":"https:\/\/www.estrategiaconcursos.com.br\/blog\/","logo":{"@type":"ImageObject","inLanguage":"pt-BR","@id":"https:\/\/www.estrategiaconcursos.com.br\/blog\/#\/schema\/logo\/image\/","url":"https:\/\/dhg1h5j42swfq.cloudfront.net\/2025\/06\/03203428\/logo_concursos-1.jpg","contentUrl":"https:\/\/dhg1h5j42swfq.cloudfront.net\/2025\/06\/03203428\/logo_concursos-1.jpg","width":230,"height":60,"caption":"Estrat\u00e9gia Concursos"},"image":{"@id":"https:\/\/www.estrategiaconcursos.com.br\/blog\/#\/schema\/logo\/image\/"},"sameAs":["https:\/\/x.com\/EstratConcursos"]},{"@type":"Person","@id":"https:\/\/www.estrategiaconcursos.com.br\/blog\/#\/schema\/person\/c32e47dba2159cafe7796a9569a6ff7e","name":"Ricardo Vale","image":{"@type":"ImageObject","inLanguage":"pt-BR","@id":"https:\/\/secure.gravatar.com\/avatar\/e5a5658c798bb49dd53314263f59f38c192d73370fb65839a372c2ae9027be74?s=96&d=mm&r=g","url":"https:\/\/secure.gravatar.com\/avatar\/e5a5658c798bb49dd53314263f59f38c192d73370fb65839a372c2ae9027be74?s=96&d=mm&r=g","contentUrl":"https:\/\/secure.gravatar.com\/avatar\/e5a5658c798bb49dd53314263f59f38c192d73370fb65839a372c2ae9027be74?s=96&d=mm&r=g","caption":"Ricardo Vale"},"sameAs":["https:\/\/www.facebook.com\/rvale01","https:\/\/x.com\/https:\/\/twitter.com\/EstratConcursos"],"url":"https:\/\/www.estrategiaconcursos.com.br\/blog\/author\/ricardovaleestrategiaconcursos-com-br\/"}]}},"_links":{"self":[{"href":"https:\/\/www.estrategiaconcursos.com.br\/blog\/wp-json\/wp\/v2\/posts\/434107","targetHints":{"allow":["GET"]}}],"collection":[{"href":"https:\/\/www.estrategiaconcursos.com.br\/blog\/wp-json\/wp\/v2\/posts"}],"about":[{"href":"https:\/\/www.estrategiaconcursos.com.br\/blog\/wp-json\/wp\/v2\/types\/post"}],"author":[{"embeddable":true,"href":"https:\/\/www.estrategiaconcursos.com.br\/blog\/wp-json\/wp\/v2\/users\/26"}],"replies":[{"embeddable":true,"href":"https:\/\/www.estrategiaconcursos.com.br\/blog\/wp-json\/wp\/v2\/comments?post=434107"}],"version-history":[{"count":1,"href":"https:\/\/www.estrategiaconcursos.com.br\/blog\/wp-json\/wp\/v2\/posts\/434107\/revisions"}],"predecessor-version":[{"id":434124,"href":"https:\/\/www.estrategiaconcursos.com.br\/blog\/wp-json\/wp\/v2\/posts\/434107\/revisions\/434124"}],"wp:attachment":[{"href":"https:\/\/www.estrategiaconcursos.com.br\/blog\/wp-json\/wp\/v2\/media?parent=434107"}],"wp:term":[{"taxonomy":"category","embeddable":true,"href":"https:\/\/www.estrategiaconcursos.com.br\/blog\/wp-json\/wp\/v2\/categories?post=434107"},{"taxonomy":"post_tag","embeddable":true,"href":"https:\/\/www.estrategiaconcursos.com.br\/blog\/wp-json\/wp\/v2\/tags?post=434107"},{"taxonomy":"tax_estado","embeddable":true,"href":"https:\/\/www.estrategiaconcursos.com.br\/blog\/wp-json\/wp\/v2\/tax_estado?post=434107"}],"curies":[{"name":"wp","href":"https:\/\/api.w.org\/{rel}","templated":true}]}}