{"id":434096,"date":"2019-10-14T20:16:25","date_gmt":"2019-10-14T23:16:25","guid":{"rendered":"https:\/\/www.estrategiaconcursos.com.br\/blog\/?p=434096"},"modified":"2019-11-08T16:37:07","modified_gmt":"2019-11-08T19:37:07","slug":"gabarito-extraoficial-direito-tributario-camara-de-fortaleza","status":"publish","type":"post","link":"https:\/\/www.estrategiaconcursos.com.br\/blog\/gabarito-extraoficial-direito-tributario-camara-de-fortaleza\/","title":{"rendered":"Gabarito Extraoficial (Direito Tribut\u00e1rio) &#8211; C\u00e2mara de Fortaleza"},"content":{"rendered":"\n<hr class=\"wp-block-separator\" \/>\n\n\n\n<p>Ol\u00e1, meus amigos, tudo bem?<\/p>\n\n\n\n<p>Meu nome \u00e9 F\u00e1bio Dutra, sou professor de Direito Tribut\u00e1rio\ndo Estrat\u00e9gia Concursos e Auditor-Fiscal da RFB.<\/p>\n\n\n\n<p>Estou aqui com voc\u00eas, pois neste final de semana, foi aplicada a prova do concurso da <strong>C\u00e2mara Municipal de Fortaleza (Agente Administrativo)<\/strong>, realizada pela banca Funda\u00e7\u00e3o Carlos Chagas (FCC), e, como de costume, j\u00e1 providenciamos a sua resolu\u00e7\u00e3o neste artigo. <\/p>\n\n\n\n<p>Vale ressaltar que comentamos as quest\u00f5es da prova <em><strong>No\u00e7\u00f5es de Direito Tribut\u00e1rio<\/strong><\/em>, Prova Tipo 001. N\u00e3o vislumbramos poss\u00edveis recursos nestas duas quest\u00f5es (59 e 60). <strong>Desejamos que todos tenham acertado as duas quest\u00f5es! :)<\/strong><\/p>\n\n\n\n<p>Antes de iniciarmos a resolu\u00e7\u00e3o, convido voc\u00ea a me seguir l\u00e1 no Instagram, para acompanhar os pr\u00f3ximos concursos da \u00e1rea fiscal bem como os projetos gratuitos de quest\u00f5es comentadas: <a href=\"http:\/\/www.instagram.com\/proffabiodutra\">@proffabiodutra<\/a><\/p>\n\n\n\n<hr class=\"wp-block-separator\" \/>\n\n\n\n<p><strong>Quest\u00e3o 59. <\/strong>Ao se referir \u00e0s limita\u00e7\u00f5es do poder de tributar, a Constitui\u00e7\u00e3o Federal veda \u00e0 Uni\u00e3o, aos Estados, ao Distrito Federal e aos Munic\u00edpios instituir impostos sobre patrim\u00f4nio, renda ou servi\u00e7os uns dos outros. Sobre esta \u201cimunidade rec\u00edproca\u201d, analise as frases: <\/p>\n\n\n\n<p>I. A imunidade rec\u00edproca \u00e9 extensiva \u00e0s entidades da\nAdministra\u00e7\u00e3o Indireta dos referidos entes federados, ou seja, \u00e0s autarquias,\nfunda\u00e7\u00f5es p\u00fablicas, empresas p\u00fablicas e sociedades de economia mista.<\/p>\n\n\n\n<p>II. A Constitui\u00e7\u00e3o estende a referida imunidade aos demais\ntributos, assim como \u00e0s taxas e \u00e0 contribui\u00e7\u00e3o de melhoria. <\/p>\n\n\n\n<p>III. A imunidade rec\u00edproca n\u00e3o se aplica ao patrim\u00f4nio, \u00e0\nrenda e aos servi\u00e7os relacionados com explora\u00e7\u00e3o de atividades econ\u00f4micas\nregidas pelas normas aplic\u00e1veis a empreendimentos privados.<\/p>\n\n\n\n<p>IV. Embora a imunidade rec\u00edproca se refira aos impostos\nsobre o patrim\u00f4nio, o promitente comprador n\u00e3o fica exonerado de pagar imposto\nrelativamente ao bem im\u00f3vel adquirido de um ente federado.<\/p>\n\n\n\n<p>Est\u00e1 correto o que se afirma APENAS em<\/p>\n\n\n\n<p>a) I, II e III.<\/p>\n\n\n\n<p>b) I, II e IV.<\/p>\n\n\n\n<p>c) II, III e IV.<\/p>\n\n\n\n<p>d) I, III e IV.<\/p>\n\n\n\n<p>e) III e IV.<\/p>\n\n\n\n<p>Coment\u00e1rio:<\/p>\n\n\n\n<p>Item I: A imunidade rec\u00edproca abrange as autarquias e\nfunda\u00e7\u00f5es p\u00fablicas, por\u00e9m, quanto \u00e0s empresas p\u00fablicas e sociedades de economia\nmista, n\u00e3o h\u00e1 previs\u00e3o constitucional, apenas jurisprud\u00eancia no tocante \u00e0quelas\nque sejam prestadoras de servi\u00e7os p\u00fablicos. Portanto, n\u00e3o se pode afirmar indiscriminadamente\nque tal imunidade alcan\u00e7a as empresas p\u00fablicas e sociedades de economia mista.\nItem errado.<\/p>\n\n\n\n<p>Item II: A imunidade se restringe aos impostos. Item errado.<\/p>\n\n\n\n<p>Item III: De fato, o \u00a7 3\u00ba, do art. 150, da CF\/88, estabelece\nque a imunidade rec\u00edproca n\u00e3o se aplica ao patrim\u00f4nio, \u00e0 renda e aos servi\u00e7os\nrelacionados com explora\u00e7\u00e3o de atividades econ\u00f4micas regidas pelas normas\naplic\u00e1veis a empreendimentos privados. Item correto.<\/p>\n\n\n\n<p>Item IV: Realmente, o texto constitucional tamb\u00e9m n\u00e3o\nexonera o promitente comprador n\u00e3o fica exonerado de pagar imposto\nrelativamente ao bem im\u00f3vel adquirido de um ente federado ou de uma autarquia.\nItem correto.<\/p>\n\n\n\n<p><strong>Gabarito Extraoficial: \u00a0Letra E<\/strong><\/p>\n\n\n\n<hr class=\"wp-block-separator\" \/>\n\n\n\n<p><strong>Quest\u00e3o 60. <\/strong>De acordo com as normas em vigor da Constitui\u00e7\u00e3o Federal de 1988, o imposto sobre a renda e proventos de qualquer natureza<\/p>\n\n\n\n<p>a) n\u00e3o incidir\u00e1, nos termos e limites fixados em lei, sobre\nrendimentos provenientes de aposentadoria e pens\u00e3o, pagos pela previd\u00eancia\nsocial da Uni\u00e3o, dos Estados, do Distrito Federal e dos Munic\u00edpios, a pessoa\ncom idade superior a sessenta e cinco anos, cuja renda total seja constitu\u00edda,\nexclusivamente, de rendimentos do trabalho.<\/p>\n\n\n\n<p>b) ser\u00e1 fiscalizado e cobrado pelos Munic\u00edpios, de todos os\nseus mun\u00edcipes, na forma da lei, desde que n\u00e3o implique redu\u00e7\u00e3o do imposto ou\nqualquer outra forma de ren\u00fancia fiscal.<\/p>\n\n\n\n<p>c) ter\u00e1 reduzido seu impacto sobre a aquisi\u00e7\u00e3o de bens de\ncapital pelo contribuinte do referido imposto, na forma da lei.<\/p>\n\n\n\n<p>d) observar\u00e1 o princ\u00edpio da anterioridade anual, mas n\u00e3o\nprecisa respeitar o princ\u00edpio da anterioridade nonagesimal (noventa).<\/p>\n\n\n\n<p>e) poder\u00e1 ter suas al\u00edquotas alteradas, atrav\u00e9s de decreto\ndo Poder Executivo, atendidas as condi\u00e7\u00f5es e os limites estabelecidos por lei.<\/p>\n\n\n\n<p>Coment\u00e1rio:<\/p>\n\n\n\n<p>Alternativa A: N\u00e3o existe previs\u00e3o na CF\/88 nesse sentido. Existe\numa parcela isenta quanto aos rendimentos provenientes de aposentadoria e\npens\u00e3o, pagos pela previd\u00eancia social da Uni\u00e3o, dos Estados, do Distrito\nFederal e dos Munic\u00edpios, mas n\u00e3o se trata de imposi\u00e7\u00e3o constitucional (imunidade).\nAlternativa errada.<\/p>\n\n\n\n<p>Alternativa B: Trata-se de um dispositivo aplic\u00e1vel ao ITR,\ne n\u00e3o ao IR. Alternativa errada.<\/p>\n\n\n\n<p>Alternativa C: Trata-se de um dispositivo aplic\u00e1vel ao IPI, e\nn\u00e3o ao IR. Alternativa errada.<\/p>\n\n\n\n<p>Alternativa D: Deveras, o IR se submete ao princ\u00edpio da\nanterioridade anual, mas n\u00e3o precisa respeitar o princ\u00edpio da anterioridade\nnonagesimal (noventa). Alternativa correta.<\/p>\n\n\n\n<p>Alternativa E: As al\u00edquotas do IR somente podem ser\nalteradas por meio de lei. Alternativa errada.<\/p>\n\n\n\n<p><strong>Gabarito Extraoficial: \u00a0Letra D<\/strong><\/p>\n","protected":false},"excerpt":{"rendered":"<p>Ol\u00e1, meus amigos, tudo bem? Meu nome \u00e9 F\u00e1bio Dutra, sou professor de Direito Tribut\u00e1rio do Estrat\u00e9gia Concursos e Auditor-Fiscal da RFB. Estou aqui com voc\u00eas, pois neste final de semana, foi aplicada a prova do concurso da C\u00e2mara Municipal de Fortaleza (Agente Administrativo), realizada pela banca Funda\u00e7\u00e3o Carlos Chagas (FCC), e, como de costume, [&hellip;]<\/p>\n","protected":false},"author":150,"featured_media":0,"comment_status":"open","ping_status":"closed","sticky":false,"template":"","format":"standard","meta":{"post_tipo":"article","footnotes":""},"categories":[1],"tags":[],"tax_estado":[],"class_list":["post-434096","post","type-post","status-publish","format-standard","hentry","category-cursos-e-concursos"],"acf":[],"yoast_head":"<!-- This site is optimized with the Yoast SEO Premium plugin v27.2 (Yoast SEO v27.2) - https:\/\/yoast.com\/product\/yoast-seo-premium-wordpress\/ -->\n<title>Gabarito Extraoficial (Direito Tribut\u00e1rio) - C\u00e2mara de Fortaleza<\/title>\n<meta name=\"robots\" content=\"index, follow, max-snippet:-1, max-image-preview:large, max-video-preview:-1\" \/>\n<link rel=\"canonical\" href=\"https:\/\/www.estrategiaconcursos.com.br\/blog\/gabarito-extraoficial-direito-tributario-camara-de-fortaleza\/\" \/>\n<meta property=\"og:locale\" content=\"pt_BR\" \/>\n<meta property=\"og:type\" content=\"article\" \/>\n<meta property=\"og:title\" content=\"Gabarito Extraoficial (Direito Tribut\u00e1rio) - C\u00e2mara de Fortaleza\" \/>\n<meta property=\"og:description\" content=\"Ol\u00e1, meus amigos, tudo bem? Meu nome \u00e9 F\u00e1bio Dutra, sou professor de Direito Tribut\u00e1rio do Estrat\u00e9gia Concursos e Auditor-Fiscal da RFB. Estou aqui com voc\u00eas, pois neste final de semana, foi aplicada a prova do concurso da C\u00e2mara Municipal de Fortaleza (Agente Administrativo), realizada pela banca Funda\u00e7\u00e3o Carlos Chagas (FCC), e, como de costume, [&hellip;]\" \/>\n<meta property=\"og:url\" content=\"https:\/\/www.estrategiaconcursos.com.br\/blog\/gabarito-extraoficial-direito-tributario-camara-de-fortaleza\/\" \/>\n<meta property=\"og:site_name\" content=\"Estrat\u00e9gia Concursos\" \/>\n<meta property=\"article:published_time\" content=\"2019-10-14T23:16:25+00:00\" \/>\n<meta property=\"article:modified_time\" content=\"2019-11-08T19:37:07+00:00\" \/>\n<meta name=\"author\" content=\"F\u00e1bio Dutra\" \/>\n<meta name=\"twitter:card\" content=\"summary_large_image\" \/>\n<meta name=\"twitter:creator\" content=\"@EstratConcursos\" \/>\n<meta name=\"twitter:site\" content=\"@EstratConcursos\" \/>\n<meta name=\"twitter:label1\" content=\"Escrito por\" \/>\n\t<meta name=\"twitter:data1\" content=\"F\u00e1bio Dutra\" \/>\n\t<meta name=\"twitter:label2\" content=\"Est. tempo de leitura\" \/>\n\t<meta name=\"twitter:data2\" content=\"4 minutos\" \/>\n<script type=\"application\/ld+json\" class=\"yoast-schema-graph\">{\"@context\":\"https:\/\/schema.org\",\"@graph\":[{\"@type\":\"NewsArticle\",\"@id\":\"https:\/\/www.estrategiaconcursos.com.br\/blog\/gabarito-extraoficial-direito-tributario-camara-de-fortaleza\/#article\",\"isPartOf\":{\"@id\":\"https:\/\/www.estrategiaconcursos.com.br\/blog\/gabarito-extraoficial-direito-tributario-camara-de-fortaleza\/\"},\"author\":{\"name\":\"F\u00e1bio Dutra\",\"@id\":\"https:\/\/www.estrategiaconcursos.com.br\/blog\/#\/schema\/person\/c6615b1e72eae70edca73ea5362ead63\"},\"headline\":\"Gabarito Extraoficial (Direito Tribut\u00e1rio) &#8211; C\u00e2mara de Fortaleza\",\"datePublished\":\"2019-10-14T23:16:25+00:00\",\"dateModified\":\"2019-11-08T19:37:07+00:00\",\"mainEntityOfPage\":{\"@id\":\"https:\/\/www.estrategiaconcursos.com.br\/blog\/gabarito-extraoficial-direito-tributario-camara-de-fortaleza\/\"},\"wordCount\":833,\"commentCount\":1,\"publisher\":{\"@id\":\"https:\/\/www.estrategiaconcursos.com.br\/blog\/#organization\"},\"articleSection\":[\"Concursos P\u00fablicos\"],\"inLanguage\":\"pt-BR\",\"potentialAction\":[{\"@type\":\"CommentAction\",\"name\":\"Comment\",\"target\":[\"https:\/\/www.estrategiaconcursos.com.br\/blog\/gabarito-extraoficial-direito-tributario-camara-de-fortaleza\/#respond\"]}],\"copyrightYear\":\"2019\",\"copyrightHolder\":{\"@id\":\"https:\/\/www.estrategiaconcursos.com.br\/blog\/#organization\"}},{\"@type\":\"WebPage\",\"@id\":\"https:\/\/www.estrategiaconcursos.com.br\/blog\/gabarito-extraoficial-direito-tributario-camara-de-fortaleza\/\",\"url\":\"https:\/\/www.estrategiaconcursos.com.br\/blog\/gabarito-extraoficial-direito-tributario-camara-de-fortaleza\/\",\"name\":\"Gabarito Extraoficial (Direito Tribut\u00e1rio) - C\u00e2mara de Fortaleza\",\"isPartOf\":{\"@id\":\"https:\/\/www.estrategiaconcursos.com.br\/blog\/#website\"},\"datePublished\":\"2019-10-14T23:16:25+00:00\",\"dateModified\":\"2019-11-08T19:37:07+00:00\",\"breadcrumb\":{\"@id\":\"https:\/\/www.estrategiaconcursos.com.br\/blog\/gabarito-extraoficial-direito-tributario-camara-de-fortaleza\/#breadcrumb\"},\"inLanguage\":\"pt-BR\",\"potentialAction\":[{\"@type\":\"ReadAction\",\"target\":[\"https:\/\/www.estrategiaconcursos.com.br\/blog\/gabarito-extraoficial-direito-tributario-camara-de-fortaleza\/\"]}]},{\"@type\":\"BreadcrumbList\",\"@id\":\"https:\/\/www.estrategiaconcursos.com.br\/blog\/gabarito-extraoficial-direito-tributario-camara-de-fortaleza\/#breadcrumb\",\"itemListElement\":[{\"@type\":\"ListItem\",\"position\":1,\"name\":\"In\u00edcio\",\"item\":\"https:\/\/www.estrategiaconcursos.com.br\/blog\/\"},{\"@type\":\"ListItem\",\"position\":2,\"name\":\"Gabarito Extraoficial (Direito Tribut\u00e1rio) &#8211; C\u00e2mara de Fortaleza\"}]},{\"@type\":\"WebSite\",\"@id\":\"https:\/\/www.estrategiaconcursos.com.br\/blog\/#website\",\"url\":\"https:\/\/www.estrategiaconcursos.com.br\/blog\/\",\"name\":\"Estrat\u00e9gia Concursos\",\"description\":\"O blog da Estrat\u00e9gia Concursos traz not\u00edcias sobre concursos e artigos de professores oferecendo cursos para concursos (pdf + videaulas) no site.\",\"publisher\":{\"@id\":\"https:\/\/www.estrategiaconcursos.com.br\/blog\/#organization\"},\"potentialAction\":[{\"@type\":\"SearchAction\",\"target\":{\"@type\":\"EntryPoint\",\"urlTemplate\":\"https:\/\/www.estrategiaconcursos.com.br\/blog\/?s={search_term_string}\"},\"query-input\":{\"@type\":\"PropertyValueSpecification\",\"valueRequired\":true,\"valueName\":\"search_term_string\"}}],\"inLanguage\":\"pt-BR\"},{\"@type\":\"Organization\",\"@id\":\"https:\/\/www.estrategiaconcursos.com.br\/blog\/#organization\",\"name\":\"Estrat\u00e9gia Concursos\",\"url\":\"https:\/\/www.estrategiaconcursos.com.br\/blog\/\",\"logo\":{\"@type\":\"ImageObject\",\"inLanguage\":\"pt-BR\",\"@id\":\"https:\/\/www.estrategiaconcursos.com.br\/blog\/#\/schema\/logo\/image\/\",\"url\":\"https:\/\/dhg1h5j42swfq.cloudfront.net\/2025\/06\/03203428\/logo_concursos-1.jpg\",\"contentUrl\":\"https:\/\/dhg1h5j42swfq.cloudfront.net\/2025\/06\/03203428\/logo_concursos-1.jpg\",\"width\":230,\"height\":60,\"caption\":\"Estrat\u00e9gia Concursos\"},\"image\":{\"@id\":\"https:\/\/www.estrategiaconcursos.com.br\/blog\/#\/schema\/logo\/image\/\"},\"sameAs\":[\"https:\/\/x.com\/EstratConcursos\"]},{\"@type\":\"Person\",\"@id\":\"https:\/\/www.estrategiaconcursos.com.br\/blog\/#\/schema\/person\/c6615b1e72eae70edca73ea5362ead63\",\"name\":\"F\u00e1bio Dutra\",\"image\":{\"@type\":\"ImageObject\",\"inLanguage\":\"pt-BR\",\"@id\":\"https:\/\/secure.gravatar.com\/avatar\/2fb4b2715a33320653086a45a7174528e6836e078753b587b59cb70f7b453819?s=96&d=mm&r=g\",\"url\":\"https:\/\/secure.gravatar.com\/avatar\/2fb4b2715a33320653086a45a7174528e6836e078753b587b59cb70f7b453819?s=96&d=mm&r=g\",\"contentUrl\":\"https:\/\/secure.gravatar.com\/avatar\/2fb4b2715a33320653086a45a7174528e6836e078753b587b59cb70f7b453819?s=96&d=mm&r=g\",\"caption\":\"F\u00e1bio Dutra\"},\"url\":\"https:\/\/www.estrategiaconcursos.com.br\/blog\/author\/fabiodutraestrategiaconcursos-com-br\/\"}]}<\/script>\n<!-- \/ Yoast SEO Premium plugin. -->","yoast_head_json":{"title":"Gabarito Extraoficial (Direito Tribut\u00e1rio) - C\u00e2mara de Fortaleza","robots":{"index":"index","follow":"follow","max-snippet":"max-snippet:-1","max-image-preview":"max-image-preview:large","max-video-preview":"max-video-preview:-1"},"canonical":"https:\/\/www.estrategiaconcursos.com.br\/blog\/gabarito-extraoficial-direito-tributario-camara-de-fortaleza\/","og_locale":"pt_BR","og_type":"article","og_title":"Gabarito Extraoficial (Direito Tribut\u00e1rio) - C\u00e2mara de Fortaleza","og_description":"Ol\u00e1, meus amigos, tudo bem? Meu nome \u00e9 F\u00e1bio Dutra, sou professor de Direito Tribut\u00e1rio do Estrat\u00e9gia Concursos e Auditor-Fiscal da RFB. Estou aqui com voc\u00eas, pois neste final de semana, foi aplicada a prova do concurso da C\u00e2mara Municipal de Fortaleza (Agente Administrativo), realizada pela banca Funda\u00e7\u00e3o Carlos Chagas (FCC), e, como de costume, [&hellip;]","og_url":"https:\/\/www.estrategiaconcursos.com.br\/blog\/gabarito-extraoficial-direito-tributario-camara-de-fortaleza\/","og_site_name":"Estrat\u00e9gia Concursos","article_published_time":"2019-10-14T23:16:25+00:00","article_modified_time":"2019-11-08T19:37:07+00:00","author":"F\u00e1bio Dutra","twitter_card":"summary_large_image","twitter_creator":"@EstratConcursos","twitter_site":"@EstratConcursos","twitter_misc":{"Escrito por":"F\u00e1bio Dutra","Est. tempo de leitura":"4 minutos"},"schema":{"@context":"https:\/\/schema.org","@graph":[{"@type":"NewsArticle","@id":"https:\/\/www.estrategiaconcursos.com.br\/blog\/gabarito-extraoficial-direito-tributario-camara-de-fortaleza\/#article","isPartOf":{"@id":"https:\/\/www.estrategiaconcursos.com.br\/blog\/gabarito-extraoficial-direito-tributario-camara-de-fortaleza\/"},"author":{"name":"F\u00e1bio Dutra","@id":"https:\/\/www.estrategiaconcursos.com.br\/blog\/#\/schema\/person\/c6615b1e72eae70edca73ea5362ead63"},"headline":"Gabarito Extraoficial (Direito Tribut\u00e1rio) &#8211; C\u00e2mara de Fortaleza","datePublished":"2019-10-14T23:16:25+00:00","dateModified":"2019-11-08T19:37:07+00:00","mainEntityOfPage":{"@id":"https:\/\/www.estrategiaconcursos.com.br\/blog\/gabarito-extraoficial-direito-tributario-camara-de-fortaleza\/"},"wordCount":833,"commentCount":1,"publisher":{"@id":"https:\/\/www.estrategiaconcursos.com.br\/blog\/#organization"},"articleSection":["Concursos P\u00fablicos"],"inLanguage":"pt-BR","potentialAction":[{"@type":"CommentAction","name":"Comment","target":["https:\/\/www.estrategiaconcursos.com.br\/blog\/gabarito-extraoficial-direito-tributario-camara-de-fortaleza\/#respond"]}],"copyrightYear":"2019","copyrightHolder":{"@id":"https:\/\/www.estrategiaconcursos.com.br\/blog\/#organization"}},{"@type":"WebPage","@id":"https:\/\/www.estrategiaconcursos.com.br\/blog\/gabarito-extraoficial-direito-tributario-camara-de-fortaleza\/","url":"https:\/\/www.estrategiaconcursos.com.br\/blog\/gabarito-extraoficial-direito-tributario-camara-de-fortaleza\/","name":"Gabarito Extraoficial (Direito Tribut\u00e1rio) - C\u00e2mara de Fortaleza","isPartOf":{"@id":"https:\/\/www.estrategiaconcursos.com.br\/blog\/#website"},"datePublished":"2019-10-14T23:16:25+00:00","dateModified":"2019-11-08T19:37:07+00:00","breadcrumb":{"@id":"https:\/\/www.estrategiaconcursos.com.br\/blog\/gabarito-extraoficial-direito-tributario-camara-de-fortaleza\/#breadcrumb"},"inLanguage":"pt-BR","potentialAction":[{"@type":"ReadAction","target":["https:\/\/www.estrategiaconcursos.com.br\/blog\/gabarito-extraoficial-direito-tributario-camara-de-fortaleza\/"]}]},{"@type":"BreadcrumbList","@id":"https:\/\/www.estrategiaconcursos.com.br\/blog\/gabarito-extraoficial-direito-tributario-camara-de-fortaleza\/#breadcrumb","itemListElement":[{"@type":"ListItem","position":1,"name":"In\u00edcio","item":"https:\/\/www.estrategiaconcursos.com.br\/blog\/"},{"@type":"ListItem","position":2,"name":"Gabarito Extraoficial (Direito Tribut\u00e1rio) &#8211; C\u00e2mara de Fortaleza"}]},{"@type":"WebSite","@id":"https:\/\/www.estrategiaconcursos.com.br\/blog\/#website","url":"https:\/\/www.estrategiaconcursos.com.br\/blog\/","name":"Estrat\u00e9gia Concursos","description":"O blog da Estrat\u00e9gia Concursos traz not\u00edcias sobre concursos e artigos de professores oferecendo cursos para concursos (pdf + videaulas) no site.","publisher":{"@id":"https:\/\/www.estrategiaconcursos.com.br\/blog\/#organization"},"potentialAction":[{"@type":"SearchAction","target":{"@type":"EntryPoint","urlTemplate":"https:\/\/www.estrategiaconcursos.com.br\/blog\/?s={search_term_string}"},"query-input":{"@type":"PropertyValueSpecification","valueRequired":true,"valueName":"search_term_string"}}],"inLanguage":"pt-BR"},{"@type":"Organization","@id":"https:\/\/www.estrategiaconcursos.com.br\/blog\/#organization","name":"Estrat\u00e9gia Concursos","url":"https:\/\/www.estrategiaconcursos.com.br\/blog\/","logo":{"@type":"ImageObject","inLanguage":"pt-BR","@id":"https:\/\/www.estrategiaconcursos.com.br\/blog\/#\/schema\/logo\/image\/","url":"https:\/\/dhg1h5j42swfq.cloudfront.net\/2025\/06\/03203428\/logo_concursos-1.jpg","contentUrl":"https:\/\/dhg1h5j42swfq.cloudfront.net\/2025\/06\/03203428\/logo_concursos-1.jpg","width":230,"height":60,"caption":"Estrat\u00e9gia Concursos"},"image":{"@id":"https:\/\/www.estrategiaconcursos.com.br\/blog\/#\/schema\/logo\/image\/"},"sameAs":["https:\/\/x.com\/EstratConcursos"]},{"@type":"Person","@id":"https:\/\/www.estrategiaconcursos.com.br\/blog\/#\/schema\/person\/c6615b1e72eae70edca73ea5362ead63","name":"F\u00e1bio Dutra","image":{"@type":"ImageObject","inLanguage":"pt-BR","@id":"https:\/\/secure.gravatar.com\/avatar\/2fb4b2715a33320653086a45a7174528e6836e078753b587b59cb70f7b453819?s=96&d=mm&r=g","url":"https:\/\/secure.gravatar.com\/avatar\/2fb4b2715a33320653086a45a7174528e6836e078753b587b59cb70f7b453819?s=96&d=mm&r=g","contentUrl":"https:\/\/secure.gravatar.com\/avatar\/2fb4b2715a33320653086a45a7174528e6836e078753b587b59cb70f7b453819?s=96&d=mm&r=g","caption":"F\u00e1bio Dutra"},"url":"https:\/\/www.estrategiaconcursos.com.br\/blog\/author\/fabiodutraestrategiaconcursos-com-br\/"}]}},"_links":{"self":[{"href":"https:\/\/www.estrategiaconcursos.com.br\/blog\/wp-json\/wp\/v2\/posts\/434096","targetHints":{"allow":["GET"]}}],"collection":[{"href":"https:\/\/www.estrategiaconcursos.com.br\/blog\/wp-json\/wp\/v2\/posts"}],"about":[{"href":"https:\/\/www.estrategiaconcursos.com.br\/blog\/wp-json\/wp\/v2\/types\/post"}],"author":[{"embeddable":true,"href":"https:\/\/www.estrategiaconcursos.com.br\/blog\/wp-json\/wp\/v2\/users\/150"}],"replies":[{"embeddable":true,"href":"https:\/\/www.estrategiaconcursos.com.br\/blog\/wp-json\/wp\/v2\/comments?post=434096"}],"version-history":[{"count":1,"href":"https:\/\/www.estrategiaconcursos.com.br\/blog\/wp-json\/wp\/v2\/posts\/434096\/revisions"}],"predecessor-version":[{"id":434100,"href":"https:\/\/www.estrategiaconcursos.com.br\/blog\/wp-json\/wp\/v2\/posts\/434096\/revisions\/434100"}],"wp:attachment":[{"href":"https:\/\/www.estrategiaconcursos.com.br\/blog\/wp-json\/wp\/v2\/media?parent=434096"}],"wp:term":[{"taxonomy":"category","embeddable":true,"href":"https:\/\/www.estrategiaconcursos.com.br\/blog\/wp-json\/wp\/v2\/categories?post=434096"},{"taxonomy":"post_tag","embeddable":true,"href":"https:\/\/www.estrategiaconcursos.com.br\/blog\/wp-json\/wp\/v2\/tags?post=434096"},{"taxonomy":"tax_estado","embeddable":true,"href":"https:\/\/www.estrategiaconcursos.com.br\/blog\/wp-json\/wp\/v2\/tax_estado?post=434096"}],"curies":[{"name":"wp","href":"https:\/\/api.w.org\/{rel}","templated":true}]}}