{"id":434052,"date":"2019-10-14T18:28:36","date_gmt":"2019-10-14T21:28:36","guid":{"rendered":"https:\/\/www.estrategiaconcursos.com.br\/blog\/?p=434052"},"modified":"2019-10-14T18:31:14","modified_gmt":"2019-10-14T21:31:14","slug":"concurso-ale-rn-edital-nos-proximos-meses","status":"publish","type":"post","link":"https:\/\/www.estrategiaconcursos.com.br\/blog\/concurso-ale-rn-edital-nos-proximos-meses\/","title":{"rendered":"Concurso ALE RN: Edital nos pr\u00f3ximos meses. Ser\u00e3o 135 vagas para m\u00e9dio e superior."},"content":{"rendered":"\n<p>O edital para o concurso da Assembleia Legislativa do Rio Grande do Norte &#8211; ALE RN &#8211; ser\u00e1 publicado at\u00e9 o final do ano.<\/p>\n\n\n\n<p>Essa informa\u00e7\u00e3o veio atrav\u00e9s de uma reuni\u00e3o realizada na ALE RN, onde o Diretor Geral da Assembleia, Augusto Viveiros, informou que o edital deve ser publicado no m\u00eas de novembro ou dezembro.<\/p>\n\n\n\n<p>Al\u00e9m disso, o Diretor informou que ser\u00e3o ofertadas 135 vagas, distribu\u00eddas entre os cargos de Analista Legislativo, T\u00e9cnico Legislativo e, pela primeira vez, para Policial Legislativo.<\/p>\n\n\n\n<h2 class=\"wp-block-heading\" id=\"atribuicoes\"><strong>Atribui\u00e7\u00f5es dos cargos na Assembleia Legislativa RN<\/strong> <\/h2>\n\n\n\n<h3 class=\"wp-block-heading\"><strong>Agente de Pol\u00edcia Legislativa<\/strong><\/h3>\n\n\n\n<p>A Coordenadoria da Pol\u00edcia Legislativa foi criada em 2015 e simultaneamente 30 vagas para o cargo de Agente de Pol\u00edcia Legislativa, que conta com exig\u00eancia de curso de&nbsp;<strong>n\u00edvel superior. <\/strong><\/p>\n\n\n\n<h3 class=\"wp-block-heading\">Analista Legislativo<\/h3>\n\n\n\n<p>Cargo que exige Diploma ou Certificado (acompanhado do hist\u00f3rico escolar) de <strong>Curso Superior em qualquer \u00e1rea<\/strong>, reconhecido pelo Minist\u00e9rio da Educa\u00e7\u00e3o (MEC) ou por Sistema Estadual de Ensino.<\/p>\n\n\n\n<h3 class=\"wp-block-heading\">T\u00e9cnico Legislativo<\/h3>\n\n\n\n<p>Cargo que exige certificado de conclus\u00e3o de curso de <strong>ensino m\u00e9dio<\/strong> (antigo 2\u00ba grau), expedido por Institui\u00e7\u00e3o de Ensino reconhecida pelo Minist\u00e9rio da Educa\u00e7\u00e3o (MEC) ou por Sistema Estadual de Ensino. <\/p>\n\n\n\n<h2 class=\"wp-block-heading\">Remunera\u00e7\u00f5es<\/h2>\n\n\n\n<p>Abaixo voc\u00ea confere a remunera\u00e7\u00e3o dos cargos de Analista e T\u00e9cnico Legislativo. Ainda n\u00e3o h\u00e1 informa\u00e7\u00e3o sobre o cargo de Policial Legislativo, pois ser\u00e1 o primeiro certame para o cargo.<\/p>\n\n\n\n<p><strong><span style=\"text-decoration: underline;\"> T\u00e9cnico Legislativo<\/span><\/strong><\/p>\n\n\n\n<ul class=\"wp-block-list\"><li> Inicial de R$ 2.609,48<\/li><li>Final de R$ 5.781,58 <\/li><\/ul>\n\n\n\n<p><strong><span style=\"text-decoration: underline;\">Analista Legislativo<\/span><\/strong><\/p>\n\n\n\n<ul class=\"wp-block-list\"><li>Inicial de R$5.697,27 <\/li><li>Final de R$10.257,94 <\/li><\/ul>\n\n\n\n<p>O \u00faltimo certame ocorreu em 2013, sob organiza\u00e7\u00e3o da FCC e contou com a oferta de 85 vagas para n\u00edvel m\u00e9dio e superior.<\/p>\n\n\n\n<p>Gostou dessa oportunidade e quer saber mais sobre o certame? Confira a mat\u00e9ria completa:<\/p>\n\n\n\n<p style=\"text-align:center\" class=\"has-background has-medium-font-size has-light-green-cyan-background-color\"><a href=\"https:\/\/www.estrategiaconcursos.com.br\/blog\/concurso-assembleia-legislativa-rn\/\"><strong>Concurso Assembleia Legislativa RN<\/strong><\/a><\/p>\n\n\n\n<p style=\"text-align:center\" class=\"has-background has-medium-font-size has-luminous-vivid-amber-background-color\"><em><strong><a rel=\"noreferrer noopener\" href=\"https:\/\/www.estrategiaconcursos.com.br\/cursos\/concurso\/\" target=\"_blank\">Cursos para concursos<\/a><\/strong><\/em><\/p>\n\n\n\n<p style=\"text-align:center\"><em><strong>Assinatura Anual Ilimitada*<\/strong><\/em><\/p>\n\n\n\n<p style=\"text-align:center\"><em>Prepare-se com o melhor material e com quem mais aprova em&nbsp;Concursos P\u00fablicos de todo o pa\u00eds. Assine agora a nossa Assinatura Anual e tenha acesso ilimitado a todos os nossos cursos.<\/em><\/p>\n\n\n\n<p style=\"text-align:center\" class=\"has-background has-medium-font-size has-light-green-cyan-background-color\"><strong>ASSINE AGORA<\/strong>&nbsp;\u2013&nbsp;<a rel=\"noreferrer noopener\" href=\"https:\/\/www.estrategiaconcursos.com.br\/assinaturas\" target=\"_blank\"><strong>Assinatura Ilimitada<\/strong><\/a><\/p>\n\n\n\n<p style=\"text-align:center\"><strong><em>Fique por dentro dos concursos vigentes:<\/em><\/strong><\/p>\n\n\n\n<p style=\"text-align:center\" class=\"has-text-color has-background has-medium-font-size has-very-dark-gray-color has-pale-cyan-blue-background-color\"><strong><a href=\"https:\/\/www.estrategiaconcursos.com.br\/blog\/concursos-abertos\/\" target=\"_blank\" rel=\"noreferrer noopener\">CONCURSOS ABERTOS<\/a><\/strong><\/p>\n\n\n\n<p style=\"text-align:center\" class=\"has-text-color has-background has-medium-font-size has-very-dark-gray-color has-pale-cyan-blue-background-color\"><strong><a href=\"https:\/\/www.estrategiaconcursos.com.br\/blog\/concursos-2019\/\" target=\"_blank\" rel=\"noreferrer noopener\">CONCURSOS 2019<\/a><\/strong><\/p>\n\n\n\n<p style=\"text-align:center\" class=\"has-text-color has-background has-medium-font-size has-very-dark-gray-color has-pale-cyan-blue-background-color\"><strong><a href=\"https:\/\/www.estrategiaconcursos.com.br\/blog\/concursos-2020\/\" target=\"_blank\" rel=\"noreferrer noopener\">CONCURSOS&nbsp;2020<\/a><\/strong><\/p>\n","protected":false},"excerpt":{"rendered":"<p>O edital para o concurso da Assembleia Legislativa do Rio Grande do Norte &#8211; ALE RN &#8211; ser\u00e1 publicado at\u00e9 o final do ano. Essa informa\u00e7\u00e3o veio atrav\u00e9s de uma reuni\u00e3o realizada na ALE RN, onde o Diretor Geral da Assembleia, Augusto Viveiros, informou que o edital deve ser publicado no m\u00eas de novembro ou [&hellip;]<\/p>\n","protected":false},"author":657,"featured_media":172617,"comment_status":"open","ping_status":"closed","sticky":false,"template":"","format":"standard","meta":{"post_tipo":"article","footnotes":""},"categories":[1],"tags":[],"tax_estado":[],"class_list":["post-434052","post","type-post","status-publish","format-standard","has-post-thumbnail","hentry","category-cursos-e-concursos"],"acf":[],"yoast_head":"<!-- This site is optimized with the Yoast SEO Premium plugin v27.2 (Yoast SEO v27.2) - https:\/\/yoast.com\/product\/yoast-seo-premium-wordpress\/ -->\n<title>Concurso ALE RN: Edital nos pr\u00f3ximos meses. Ser\u00e3o 135 vagas para m\u00e9dio e superior.<\/title>\n<meta name=\"description\" content=\"O pr\u00f3ximo concurso da Assembleia Legislativa deve acontecer at\u00e9 o final de 2019 com a oerta de 135 vagas para m\u00e9dio e superior. Confira!\" \/>\n<meta name=\"robots\" content=\"index, follow, max-snippet:-1, max-image-preview:large, max-video-preview:-1\" \/>\n<link rel=\"canonical\" href=\"https:\/\/www.estrategiaconcursos.com.br\/blog\/concurso-ale-rn-edital-nos-proximos-meses\/\" \/>\n<meta property=\"og:locale\" content=\"pt_BR\" \/>\n<meta property=\"og:type\" content=\"article\" \/>\n<meta property=\"og:title\" content=\"Concurso ALE RN: Edital nos pr\u00f3ximos meses. Ser\u00e3o 135 vagas para m\u00e9dio e superior.\" \/>\n<meta property=\"og:description\" content=\"O pr\u00f3ximo concurso da Assembleia Legislativa deve acontecer at\u00e9 o final de 2019 com a oerta de 135 vagas para m\u00e9dio e superior. Confira!\" \/>\n<meta property=\"og:url\" content=\"https:\/\/www.estrategiaconcursos.com.br\/blog\/concurso-ale-rn-edital-nos-proximos-meses\/\" \/>\n<meta property=\"og:site_name\" content=\"Estrat\u00e9gia Concursos\" \/>\n<meta property=\"article:published_time\" content=\"2019-10-14T21:28:36+00:00\" \/>\n<meta property=\"article:modified_time\" content=\"2019-10-14T21:31:14+00:00\" \/>\n<meta property=\"og:image\" content=\"https:\/\/dhg1h5j42swfq.cloudfront.net\/2019\/03\/19183552\/concurso-ale-rn.png\" \/>\n\t<meta property=\"og:image:width\" content=\"400\" \/>\n\t<meta property=\"og:image:height\" content=\"209\" \/>\n\t<meta property=\"og:image:type\" content=\"image\/png\" \/>\n<meta name=\"author\" content=\"Nat\u00e1lia Scarano\" \/>\n<meta name=\"twitter:card\" content=\"summary_large_image\" \/>\n<meta name=\"twitter:creator\" content=\"@EstratConcursos\" \/>\n<meta name=\"twitter:site\" content=\"@EstratConcursos\" \/>\n<meta name=\"twitter:label1\" content=\"Escrito por\" \/>\n\t<meta name=\"twitter:data1\" content=\"Nat\u00e1lia Scarano\" \/>\n\t<meta name=\"twitter:label2\" content=\"Est. tempo de leitura\" \/>\n\t<meta name=\"twitter:data2\" content=\"2 minutos\" \/>\n<script type=\"application\/ld+json\" class=\"yoast-schema-graph\">{\"@context\":\"https:\/\/schema.org\",\"@graph\":[{\"@type\":\"NewsArticle\",\"@id\":\"https:\/\/www.estrategiaconcursos.com.br\/blog\/concurso-ale-rn-edital-nos-proximos-meses\/#article\",\"isPartOf\":{\"@id\":\"https:\/\/www.estrategiaconcursos.com.br\/blog\/concurso-ale-rn-edital-nos-proximos-meses\/\"},\"author\":{\"name\":\"Nat\u00e1lia Scarano\",\"@id\":\"https:\/\/www.estrategiaconcursos.com.br\/blog\/#\/schema\/person\/751aedf909a9d10cb23ce6ac527ce0f2\"},\"headline\":\"Concurso ALE RN: Edital nos pr\u00f3ximos meses. Ser\u00e3o 135 vagas para m\u00e9dio e superior.\",\"datePublished\":\"2019-10-14T21:28:36+00:00\",\"dateModified\":\"2019-10-14T21:31:14+00:00\",\"mainEntityOfPage\":{\"@id\":\"https:\/\/www.estrategiaconcursos.com.br\/blog\/concurso-ale-rn-edital-nos-proximos-meses\/\"},\"wordCount\":376,\"commentCount\":1,\"publisher\":{\"@id\":\"https:\/\/www.estrategiaconcursos.com.br\/blog\/#organization\"},\"image\":{\"@id\":\"https:\/\/www.estrategiaconcursos.com.br\/blog\/concurso-ale-rn-edital-nos-proximos-meses\/#primaryimage\"},\"thumbnailUrl\":\"https:\/\/dhg1h5j42swfq.cloudfront.net\/2019\/03\/19183552\/concurso-ale-rn.png\",\"articleSection\":[\"Concursos P\u00fablicos\"],\"inLanguage\":\"pt-BR\",\"potentialAction\":[{\"@type\":\"CommentAction\",\"name\":\"Comment\",\"target\":[\"https:\/\/www.estrategiaconcursos.com.br\/blog\/concurso-ale-rn-edital-nos-proximos-meses\/#respond\"]}],\"copyrightYear\":\"2019\",\"copyrightHolder\":{\"@id\":\"https:\/\/www.estrategiaconcursos.com.br\/blog\/#organization\"}},{\"@type\":\"WebPage\",\"@id\":\"https:\/\/www.estrategiaconcursos.com.br\/blog\/concurso-ale-rn-edital-nos-proximos-meses\/\",\"url\":\"https:\/\/www.estrategiaconcursos.com.br\/blog\/concurso-ale-rn-edital-nos-proximos-meses\/\",\"name\":\"Concurso ALE RN: Edital nos pr\u00f3ximos meses. Ser\u00e3o 135 vagas para m\u00e9dio e superior.\",\"isPartOf\":{\"@id\":\"https:\/\/www.estrategiaconcursos.com.br\/blog\/#website\"},\"primaryImageOfPage\":{\"@id\":\"https:\/\/www.estrategiaconcursos.com.br\/blog\/concurso-ale-rn-edital-nos-proximos-meses\/#primaryimage\"},\"image\":{\"@id\":\"https:\/\/www.estrategiaconcursos.com.br\/blog\/concurso-ale-rn-edital-nos-proximos-meses\/#primaryimage\"},\"thumbnailUrl\":\"https:\/\/dhg1h5j42swfq.cloudfront.net\/2019\/03\/19183552\/concurso-ale-rn.png\",\"datePublished\":\"2019-10-14T21:28:36+00:00\",\"dateModified\":\"2019-10-14T21:31:14+00:00\",\"description\":\"O pr\u00f3ximo concurso da Assembleia Legislativa deve acontecer at\u00e9 o final de 2019 com a oerta de 135 vagas para m\u00e9dio e superior. Confira!\",\"breadcrumb\":{\"@id\":\"https:\/\/www.estrategiaconcursos.com.br\/blog\/concurso-ale-rn-edital-nos-proximos-meses\/#breadcrumb\"},\"inLanguage\":\"pt-BR\",\"potentialAction\":[{\"@type\":\"ReadAction\",\"target\":[\"https:\/\/www.estrategiaconcursos.com.br\/blog\/concurso-ale-rn-edital-nos-proximos-meses\/\"]}]},{\"@type\":\"ImageObject\",\"inLanguage\":\"pt-BR\",\"@id\":\"https:\/\/www.estrategiaconcursos.com.br\/blog\/concurso-ale-rn-edital-nos-proximos-meses\/#primaryimage\",\"url\":\"https:\/\/dhg1h5j42swfq.cloudfront.net\/2019\/03\/19183552\/concurso-ale-rn.png\",\"contentUrl\":\"https:\/\/dhg1h5j42swfq.cloudfront.net\/2019\/03\/19183552\/concurso-ale-rn.png\",\"width\":400,\"height\":209,\"caption\":\"concurso ale rn\"},{\"@type\":\"BreadcrumbList\",\"@id\":\"https:\/\/www.estrategiaconcursos.com.br\/blog\/concurso-ale-rn-edital-nos-proximos-meses\/#breadcrumb\",\"itemListElement\":[{\"@type\":\"ListItem\",\"position\":1,\"name\":\"In\u00edcio\",\"item\":\"https:\/\/www.estrategiaconcursos.com.br\/blog\/\"},{\"@type\":\"ListItem\",\"position\":2,\"name\":\"Concurso ALE RN: Edital nos pr\u00f3ximos meses. Ser\u00e3o 135 vagas para m\u00e9dio e superior.\"}]},{\"@type\":\"WebSite\",\"@id\":\"https:\/\/www.estrategiaconcursos.com.br\/blog\/#website\",\"url\":\"https:\/\/www.estrategiaconcursos.com.br\/blog\/\",\"name\":\"Estrat\u00e9gia Concursos\",\"description\":\"O blog da Estrat\u00e9gia Concursos traz not\u00edcias sobre concursos e artigos de professores oferecendo cursos para concursos (pdf + videaulas) no site.\",\"publisher\":{\"@id\":\"https:\/\/www.estrategiaconcursos.com.br\/blog\/#organization\"},\"potentialAction\":[{\"@type\":\"SearchAction\",\"target\":{\"@type\":\"EntryPoint\",\"urlTemplate\":\"https:\/\/www.estrategiaconcursos.com.br\/blog\/?s={search_term_string}\"},\"query-input\":{\"@type\":\"PropertyValueSpecification\",\"valueRequired\":true,\"valueName\":\"search_term_string\"}}],\"inLanguage\":\"pt-BR\"},{\"@type\":\"Organization\",\"@id\":\"https:\/\/www.estrategiaconcursos.com.br\/blog\/#organization\",\"name\":\"Estrat\u00e9gia Concursos\",\"url\":\"https:\/\/www.estrategiaconcursos.com.br\/blog\/\",\"logo\":{\"@type\":\"ImageObject\",\"inLanguage\":\"pt-BR\",\"@id\":\"https:\/\/www.estrategiaconcursos.com.br\/blog\/#\/schema\/logo\/image\/\",\"url\":\"https:\/\/dhg1h5j42swfq.cloudfront.net\/2025\/06\/03203428\/logo_concursos-1.jpg\",\"contentUrl\":\"https:\/\/dhg1h5j42swfq.cloudfront.net\/2025\/06\/03203428\/logo_concursos-1.jpg\",\"width\":230,\"height\":60,\"caption\":\"Estrat\u00e9gia Concursos\"},\"image\":{\"@id\":\"https:\/\/www.estrategiaconcursos.com.br\/blog\/#\/schema\/logo\/image\/\"},\"sameAs\":[\"https:\/\/x.com\/EstratConcursos\"]},{\"@type\":\"Person\",\"@id\":\"https:\/\/www.estrategiaconcursos.com.br\/blog\/#\/schema\/person\/751aedf909a9d10cb23ce6ac527ce0f2\",\"name\":\"Nat\u00e1lia Scarano\",\"image\":{\"@type\":\"ImageObject\",\"inLanguage\":\"pt-BR\",\"@id\":\"https:\/\/secure.gravatar.com\/avatar\/8a889b8db3dbd227a1a78627357ec8fe64f5e99189d1889a270127828ab372ac?s=96&d=mm&r=g\",\"url\":\"https:\/\/secure.gravatar.com\/avatar\/8a889b8db3dbd227a1a78627357ec8fe64f5e99189d1889a270127828ab372ac?s=96&d=mm&r=g\",\"contentUrl\":\"https:\/\/secure.gravatar.com\/avatar\/8a889b8db3dbd227a1a78627357ec8fe64f5e99189d1889a270127828ab372ac?s=96&d=mm&r=g\",\"caption\":\"Nat\u00e1lia Scarano\"},\"description\":\"Jornalista, formada e p\u00f3s graduada pelo IESB, faz parte do time de jornalistas do Estrat\u00e9gia desde 2017. Possui familiaridade com as \u00e1reas de Tribunais, Defensorias, Procuradorias, Minist\u00e9rios P\u00fablicos, Conselhos, Educa\u00e7\u00e3o, \u00c1rea de Seguran\u00e7a, concursos de Carreiras Jur\u00eddicas e OAB. Experi\u00eancia em marketing digital, assessoria de comunica\u00e7\u00e3o e institucional na \u00e1rea privada e p\u00fablica, com atua\u00e7\u00e3o em \u00f3rg\u00e3os como CGU, Cofen e CNM.\",\"url\":\"https:\/\/www.estrategiaconcursos.com.br\/blog\/author\/natalia-scaranoestrategiaconcursos-com-br\/\"}]}<\/script>\n<!-- \/ Yoast SEO Premium plugin. -->","yoast_head_json":{"title":"Concurso ALE RN: Edital nos pr\u00f3ximos meses. Ser\u00e3o 135 vagas para m\u00e9dio e superior.","description":"O pr\u00f3ximo concurso da Assembleia Legislativa deve acontecer at\u00e9 o final de 2019 com a oerta de 135 vagas para m\u00e9dio e superior. Confira!","robots":{"index":"index","follow":"follow","max-snippet":"max-snippet:-1","max-image-preview":"max-image-preview:large","max-video-preview":"max-video-preview:-1"},"canonical":"https:\/\/www.estrategiaconcursos.com.br\/blog\/concurso-ale-rn-edital-nos-proximos-meses\/","og_locale":"pt_BR","og_type":"article","og_title":"Concurso ALE RN: Edital nos pr\u00f3ximos meses. Ser\u00e3o 135 vagas para m\u00e9dio e superior.","og_description":"O pr\u00f3ximo concurso da Assembleia Legislativa deve acontecer at\u00e9 o final de 2019 com a oerta de 135 vagas para m\u00e9dio e superior. Confira!","og_url":"https:\/\/www.estrategiaconcursos.com.br\/blog\/concurso-ale-rn-edital-nos-proximos-meses\/","og_site_name":"Estrat\u00e9gia Concursos","article_published_time":"2019-10-14T21:28:36+00:00","article_modified_time":"2019-10-14T21:31:14+00:00","og_image":[{"width":400,"height":209,"url":"https:\/\/dhg1h5j42swfq.cloudfront.net\/2019\/03\/19183552\/concurso-ale-rn.png","type":"image\/png"}],"author":"Nat\u00e1lia Scarano","twitter_card":"summary_large_image","twitter_creator":"@EstratConcursos","twitter_site":"@EstratConcursos","twitter_misc":{"Escrito por":"Nat\u00e1lia Scarano","Est. tempo de leitura":"2 minutos"},"schema":{"@context":"https:\/\/schema.org","@graph":[{"@type":"NewsArticle","@id":"https:\/\/www.estrategiaconcursos.com.br\/blog\/concurso-ale-rn-edital-nos-proximos-meses\/#article","isPartOf":{"@id":"https:\/\/www.estrategiaconcursos.com.br\/blog\/concurso-ale-rn-edital-nos-proximos-meses\/"},"author":{"name":"Nat\u00e1lia Scarano","@id":"https:\/\/www.estrategiaconcursos.com.br\/blog\/#\/schema\/person\/751aedf909a9d10cb23ce6ac527ce0f2"},"headline":"Concurso ALE RN: Edital nos pr\u00f3ximos meses. Ser\u00e3o 135 vagas para m\u00e9dio e superior.","datePublished":"2019-10-14T21:28:36+00:00","dateModified":"2019-10-14T21:31:14+00:00","mainEntityOfPage":{"@id":"https:\/\/www.estrategiaconcursos.com.br\/blog\/concurso-ale-rn-edital-nos-proximos-meses\/"},"wordCount":376,"commentCount":1,"publisher":{"@id":"https:\/\/www.estrategiaconcursos.com.br\/blog\/#organization"},"image":{"@id":"https:\/\/www.estrategiaconcursos.com.br\/blog\/concurso-ale-rn-edital-nos-proximos-meses\/#primaryimage"},"thumbnailUrl":"https:\/\/dhg1h5j42swfq.cloudfront.net\/2019\/03\/19183552\/concurso-ale-rn.png","articleSection":["Concursos P\u00fablicos"],"inLanguage":"pt-BR","potentialAction":[{"@type":"CommentAction","name":"Comment","target":["https:\/\/www.estrategiaconcursos.com.br\/blog\/concurso-ale-rn-edital-nos-proximos-meses\/#respond"]}],"copyrightYear":"2019","copyrightHolder":{"@id":"https:\/\/www.estrategiaconcursos.com.br\/blog\/#organization"}},{"@type":"WebPage","@id":"https:\/\/www.estrategiaconcursos.com.br\/blog\/concurso-ale-rn-edital-nos-proximos-meses\/","url":"https:\/\/www.estrategiaconcursos.com.br\/blog\/concurso-ale-rn-edital-nos-proximos-meses\/","name":"Concurso ALE RN: Edital nos pr\u00f3ximos meses. Ser\u00e3o 135 vagas para m\u00e9dio e superior.","isPartOf":{"@id":"https:\/\/www.estrategiaconcursos.com.br\/blog\/#website"},"primaryImageOfPage":{"@id":"https:\/\/www.estrategiaconcursos.com.br\/blog\/concurso-ale-rn-edital-nos-proximos-meses\/#primaryimage"},"image":{"@id":"https:\/\/www.estrategiaconcursos.com.br\/blog\/concurso-ale-rn-edital-nos-proximos-meses\/#primaryimage"},"thumbnailUrl":"https:\/\/dhg1h5j42swfq.cloudfront.net\/2019\/03\/19183552\/concurso-ale-rn.png","datePublished":"2019-10-14T21:28:36+00:00","dateModified":"2019-10-14T21:31:14+00:00","description":"O pr\u00f3ximo concurso da Assembleia Legislativa deve acontecer at\u00e9 o final de 2019 com a oerta de 135 vagas para m\u00e9dio e superior. Confira!","breadcrumb":{"@id":"https:\/\/www.estrategiaconcursos.com.br\/blog\/concurso-ale-rn-edital-nos-proximos-meses\/#breadcrumb"},"inLanguage":"pt-BR","potentialAction":[{"@type":"ReadAction","target":["https:\/\/www.estrategiaconcursos.com.br\/blog\/concurso-ale-rn-edital-nos-proximos-meses\/"]}]},{"@type":"ImageObject","inLanguage":"pt-BR","@id":"https:\/\/www.estrategiaconcursos.com.br\/blog\/concurso-ale-rn-edital-nos-proximos-meses\/#primaryimage","url":"https:\/\/dhg1h5j42swfq.cloudfront.net\/2019\/03\/19183552\/concurso-ale-rn.png","contentUrl":"https:\/\/dhg1h5j42swfq.cloudfront.net\/2019\/03\/19183552\/concurso-ale-rn.png","width":400,"height":209,"caption":"concurso ale rn"},{"@type":"BreadcrumbList","@id":"https:\/\/www.estrategiaconcursos.com.br\/blog\/concurso-ale-rn-edital-nos-proximos-meses\/#breadcrumb","itemListElement":[{"@type":"ListItem","position":1,"name":"In\u00edcio","item":"https:\/\/www.estrategiaconcursos.com.br\/blog\/"},{"@type":"ListItem","position":2,"name":"Concurso ALE RN: Edital nos pr\u00f3ximos meses. Ser\u00e3o 135 vagas para m\u00e9dio e superior."}]},{"@type":"WebSite","@id":"https:\/\/www.estrategiaconcursos.com.br\/blog\/#website","url":"https:\/\/www.estrategiaconcursos.com.br\/blog\/","name":"Estrat\u00e9gia Concursos","description":"O blog da Estrat\u00e9gia Concursos traz not\u00edcias sobre concursos e artigos de professores oferecendo cursos para concursos (pdf + videaulas) no site.","publisher":{"@id":"https:\/\/www.estrategiaconcursos.com.br\/blog\/#organization"},"potentialAction":[{"@type":"SearchAction","target":{"@type":"EntryPoint","urlTemplate":"https:\/\/www.estrategiaconcursos.com.br\/blog\/?s={search_term_string}"},"query-input":{"@type":"PropertyValueSpecification","valueRequired":true,"valueName":"search_term_string"}}],"inLanguage":"pt-BR"},{"@type":"Organization","@id":"https:\/\/www.estrategiaconcursos.com.br\/blog\/#organization","name":"Estrat\u00e9gia Concursos","url":"https:\/\/www.estrategiaconcursos.com.br\/blog\/","logo":{"@type":"ImageObject","inLanguage":"pt-BR","@id":"https:\/\/www.estrategiaconcursos.com.br\/blog\/#\/schema\/logo\/image\/","url":"https:\/\/dhg1h5j42swfq.cloudfront.net\/2025\/06\/03203428\/logo_concursos-1.jpg","contentUrl":"https:\/\/dhg1h5j42swfq.cloudfront.net\/2025\/06\/03203428\/logo_concursos-1.jpg","width":230,"height":60,"caption":"Estrat\u00e9gia Concursos"},"image":{"@id":"https:\/\/www.estrategiaconcursos.com.br\/blog\/#\/schema\/logo\/image\/"},"sameAs":["https:\/\/x.com\/EstratConcursos"]},{"@type":"Person","@id":"https:\/\/www.estrategiaconcursos.com.br\/blog\/#\/schema\/person\/751aedf909a9d10cb23ce6ac527ce0f2","name":"Nat\u00e1lia Scarano","image":{"@type":"ImageObject","inLanguage":"pt-BR","@id":"https:\/\/secure.gravatar.com\/avatar\/8a889b8db3dbd227a1a78627357ec8fe64f5e99189d1889a270127828ab372ac?s=96&d=mm&r=g","url":"https:\/\/secure.gravatar.com\/avatar\/8a889b8db3dbd227a1a78627357ec8fe64f5e99189d1889a270127828ab372ac?s=96&d=mm&r=g","contentUrl":"https:\/\/secure.gravatar.com\/avatar\/8a889b8db3dbd227a1a78627357ec8fe64f5e99189d1889a270127828ab372ac?s=96&d=mm&r=g","caption":"Nat\u00e1lia Scarano"},"description":"Jornalista, formada e p\u00f3s graduada pelo IESB, faz parte do time de jornalistas do Estrat\u00e9gia desde 2017. Possui familiaridade com as \u00e1reas de Tribunais, Defensorias, Procuradorias, Minist\u00e9rios P\u00fablicos, Conselhos, Educa\u00e7\u00e3o, \u00c1rea de Seguran\u00e7a, concursos de Carreiras Jur\u00eddicas e OAB. Experi\u00eancia em marketing digital, assessoria de comunica\u00e7\u00e3o e institucional na \u00e1rea privada e p\u00fablica, com atua\u00e7\u00e3o em \u00f3rg\u00e3os como CGU, Cofen e CNM.","url":"https:\/\/www.estrategiaconcursos.com.br\/blog\/author\/natalia-scaranoestrategiaconcursos-com-br\/"}]}},"_links":{"self":[{"href":"https:\/\/www.estrategiaconcursos.com.br\/blog\/wp-json\/wp\/v2\/posts\/434052","targetHints":{"allow":["GET"]}}],"collection":[{"href":"https:\/\/www.estrategiaconcursos.com.br\/blog\/wp-json\/wp\/v2\/posts"}],"about":[{"href":"https:\/\/www.estrategiaconcursos.com.br\/blog\/wp-json\/wp\/v2\/types\/post"}],"author":[{"embeddable":true,"href":"https:\/\/www.estrategiaconcursos.com.br\/blog\/wp-json\/wp\/v2\/users\/657"}],"replies":[{"embeddable":true,"href":"https:\/\/www.estrategiaconcursos.com.br\/blog\/wp-json\/wp\/v2\/comments?post=434052"}],"version-history":[{"count":2,"href":"https:\/\/www.estrategiaconcursos.com.br\/blog\/wp-json\/wp\/v2\/posts\/434052\/revisions"}],"predecessor-version":[{"id":434062,"href":"https:\/\/www.estrategiaconcursos.com.br\/blog\/wp-json\/wp\/v2\/posts\/434052\/revisions\/434062"}],"wp:featuredmedia":[{"embeddable":true,"href":"https:\/\/www.estrategiaconcursos.com.br\/blog\/wp-json\/wp\/v2\/media\/172617"}],"wp:attachment":[{"href":"https:\/\/www.estrategiaconcursos.com.br\/blog\/wp-json\/wp\/v2\/media?parent=434052"}],"wp:term":[{"taxonomy":"category","embeddable":true,"href":"https:\/\/www.estrategiaconcursos.com.br\/blog\/wp-json\/wp\/v2\/categories?post=434052"},{"taxonomy":"post_tag","embeddable":true,"href":"https:\/\/www.estrategiaconcursos.com.br\/blog\/wp-json\/wp\/v2\/tags?post=434052"},{"taxonomy":"tax_estado","embeddable":true,"href":"https:\/\/www.estrategiaconcursos.com.br\/blog\/wp-json\/wp\/v2\/tax_estado?post=434052"}],"curies":[{"name":"wp","href":"https:\/\/api.w.org\/{rel}","templated":true}]}}