{"id":434016,"date":"2019-10-15T09:16:07","date_gmt":"2019-10-15T12:16:07","guid":{"rendered":"https:\/\/www.estrategiaconcursos.com.br\/blog\/?p=434016"},"modified":"2019-10-15T09:21:49","modified_gmt":"2019-10-15T12:21:49","slug":"intensivao-senado-federal-curso-reta-final","status":"publish","type":"post","link":"https:\/\/www.estrategiaconcursos.com.br\/blog\/intensivao-senado-federal-curso-reta-final\/","title":{"rendered":"Intensiv\u00e3o Senado Federal &#8211; Curso Reta Final para Pol\u00edcia Legislativa"},"content":{"rendered":"\n<p>Come\u00e7aremos a partir dessa<strong> ter\u00e7a-feira, 15 de outubro<\/strong>, o nosso Curso de Reta Final do Senado Federal, especificamente para o cargo de T\u00e9cnico Legislativo &#8211; Pol\u00edcia Legislativa. <\/p>\n\n\n\n<p>Um concurso disputado e muito atrativo por ter uma remunera\u00e7\u00e3o alta, o sal\u00e1rio inicial \u00e9 de <strong>R$19.427,79<\/strong>, sem contar os benef\u00edcios como  <br \/><strong>aux\u00edlio alimenta\u00e7\u00e3o<\/strong>&nbsp;no valor mensal de&nbsp;<strong>R$ 924,16<\/strong>.<\/p>\n\n\n\n<p>O concurso do Senado Federal ofertar\u00e1 <strong>24 vagas para Policial Legislativo<\/strong> e <strong>queremos que uma dessas vagas seja sua<\/strong>!! Por isso, preparamos esse curso intensivo com <strong>mais de 15 dias de aulas<\/strong>, para resolu\u00e7\u00f5es de quest\u00f5es da FGV. <\/p>\n\n\n\n<p>Acompanhe a seguir as disciplinas e os respectivos professores.<\/p>\n\n\n\n<p class=\"has-background has-very-light-gray-background-color\"><strong>Portugu\u00eas<\/strong> &#8211; Adriana Figueiredo &#8211; 5 aulas&nbsp;<br \/><strong>Direito Constitucional<\/strong> &#8211; Nelma Fontana &#8211; 4 aulas<br \/><strong>Direito Administrativo<\/strong> &#8211; Fabiano Pereira &#8211; 4 aulas<br \/><strong>Leis Penais<\/strong> &#8211; Marcos Gir\u00e3o &#8211; 3 aulas<br \/><strong>Leis Penais<\/strong>&nbsp;&#8211; Alexandre Herculano &#8211; 3 aulas<br \/><strong>Direito Penal<\/strong> &#8211; Priscila Silveira &#8211; 4 aulas<br \/><strong>Direito Processual Penal<\/strong> &#8211; Priscila Silveira &#8211; 2 aulas<br \/><strong>Inform\u00e1tica<\/strong> &#8211; Renato da Costa &#8211; 2 aulas&nbsp;<br \/><strong>Regimento Interno<\/strong> &#8211; Luiz Cl\u00e1udio e Miguel Ger\u00f4nimo &#8211; 2 aulas<br \/><strong>Regimento Comum do Congresso Nacional<\/strong> &#8211; Luiz Cl\u00e1udio e Miguel Ger\u00f4nimo &#8211; 2 aulas<br \/><strong>\u00c9tica Profissional<\/strong> &#8211; Paulo Guimar\u00e3es &#8211; 1aula<br \/><strong>Discursivas <\/strong>&#8211; Rodolfo Gracioli &#8211; 1 aula <\/p>\n\n\n\n<p>Se voc\u00ea est\u00e1 com d\u00favidas sobre o que faz um Policial Legislativo, explicamos tudo neste <a rel=\"noreferrer noopener\" aria-label=\"webn\u00e1rio (abre numa nova aba)\" href=\"https:\/\/www.estrategiaconcursos.com.br\/blog\/concurso-senado-federal-tudo-sobre-a-carreira\/\" target=\"_blank\">webn\u00e1rio<\/a>.<\/p>\n\n\n\n<p>Confira o nosso curso completo para o Senado Federal e tenha como b\u00f4nus o curso intensivo. <\/p>\n\n\n\n<p style=\"text-align:center\" class=\"has-background has-medium-font-size has-luminous-vivid-amber-background-color\"><a rel=\"noreferrer noopener\" aria-label=\"Curso Completo Senado Federal T\u00e9cnico Legislativo - Pol\u00edcia Legislativa (abre numa nova aba)\" href=\"https:\/\/www.estrategiaconcursos.com.br\/cursosPorConcurso\/senado-federal-policia-legislativa\/\" target=\"_blank\"><strong>Curso Completo Senado Federal T\u00e9cnico Legislativo &#8211; Pol\u00edcia Legislativa<\/strong><\/a><\/p>\n\n\n\n<p>Tamb\u00e9m acompanhe mais informa\u00e7\u00f5es sobre o certame, acessando o artigo abaixo, trazemos informa\u00e7\u00f5es atualizadas.<\/p>\n\n\n\n<p style=\"text-align:center\" class=\"has-background has-medium-font-size has-light-green-cyan-background-color\"><a rel=\"noreferrer noopener\" aria-label=\"Artigo concurso Senado Federal (abre numa nova aba)\" href=\"https:\/\/www.estrategiaconcursos.com.br\/blog\/concurso-senado-federal\/#beneficios\" target=\"_blank\"><strong>Artigo concurso Senado Federal<\/strong><\/a><\/p>\n\n\n\n<p style=\"text-align:center\"><strong><em>Fique por dentro dos concursos vigentes:<\/em><\/strong><\/p>\n\n\n\n<p style=\"text-align:center\" class=\"has-background has-medium-font-size has-pale-cyan-blue-background-color\"><strong><a href=\"https:\/\/www.estrategiaconcursos.com.br\/blog\/concursos-abertos\/\" target=\"_blank\" rel=\"noreferrer noopener\">CONCURSOS ABERTOS<\/a><\/strong><\/p>\n\n\n\n<p style=\"text-align:center\" class=\"has-background has-medium-font-size has-pale-cyan-blue-background-color\"><strong><a href=\"https:\/\/www.estrategiaconcursos.com.br\/blog\/concursos-2019\/\" target=\"_blank\" rel=\"noreferrer noopener\">CONCURSOS 2019<\/a><\/strong><\/p>\n\n\n\n<p style=\"text-align:center\" class=\"has-background has-pale-cyan-blue-background-color\"><strong><a href=\"https:\/\/www.estrategiaconcursos.com.br\/blog\/concursos-2020\/\" target=\"_blank\" rel=\"noreferrer noopener\">CONCURSOS&nbsp;2020<\/a><\/strong><\/p>\n","protected":false},"excerpt":{"rendered":"<p>Come\u00e7aremos a partir dessa ter\u00e7a-feira, 15 de outubro, o nosso Curso de Reta Final do Senado Federal, especificamente para o cargo de T\u00e9cnico Legislativo &#8211; Pol\u00edcia Legislativa. Um concurso disputado e muito atrativo por ter uma remunera\u00e7\u00e3o alta, o sal\u00e1rio inicial \u00e9 de R$19.427,79, sem contar os benef\u00edcios como aux\u00edlio alimenta\u00e7\u00e3o&nbsp;no valor mensal de&nbsp;R$ 924,16. [&hellip;]<\/p>\n","protected":false},"author":260,"featured_media":127848,"comment_status":"open","ping_status":"closed","sticky":false,"template":"","format":"standard","meta":{"post_tipo":"article","footnotes":""},"categories":[1],"tags":[],"tax_estado":[],"class_list":["post-434016","post","type-post","status-publish","format-standard","has-post-thumbnail","hentry","category-cursos-e-concursos"],"acf":[],"yoast_head":"<!-- This site is optimized with the Yoast SEO Premium plugin v27.2 (Yoast SEO v27.2) - https:\/\/yoast.com\/product\/yoast-seo-premium-wordpress\/ -->\n<title>Intensiv\u00e3o Senado Federal - Curso Reta Final para Pol\u00edcia Legislativa<\/title>\n<meta name=\"robots\" content=\"index, follow, max-snippet:-1, max-image-preview:large, max-video-preview:-1\" \/>\n<link rel=\"canonical\" href=\"https:\/\/www.estrategiaconcursos.com.br\/blog\/intensivao-senado-federal-curso-reta-final\/\" \/>\n<meta property=\"og:locale\" content=\"pt_BR\" \/>\n<meta property=\"og:type\" content=\"article\" \/>\n<meta property=\"og:title\" content=\"Intensiv\u00e3o Senado Federal - Curso Reta Final para Pol\u00edcia Legislativa\" \/>\n<meta property=\"og:description\" content=\"Come\u00e7aremos a partir dessa ter\u00e7a-feira, 15 de outubro, o nosso Curso de Reta Final do Senado Federal, especificamente para o cargo de T\u00e9cnico Legislativo &#8211; Pol\u00edcia Legislativa. Um concurso disputado e muito atrativo por ter uma remunera\u00e7\u00e3o alta, o sal\u00e1rio inicial \u00e9 de R$19.427,79, sem contar os benef\u00edcios como aux\u00edlio alimenta\u00e7\u00e3o&nbsp;no valor mensal de&nbsp;R$ 924,16. [&hellip;]\" \/>\n<meta property=\"og:url\" content=\"https:\/\/www.estrategiaconcursos.com.br\/blog\/intensivao-senado-federal-curso-reta-final\/\" \/>\n<meta property=\"og:site_name\" content=\"Estrat\u00e9gia Concursos\" \/>\n<meta property=\"article:published_time\" content=\"2019-10-15T12:16:07+00:00\" \/>\n<meta property=\"article:modified_time\" content=\"2019-10-15T12:21:49+00:00\" \/>\n<meta property=\"og:image\" content=\"https:\/\/dhg1h5j42swfq.cloudfront.net\/2018\/06\/21141837\/concuro-senado-federal-e1587330922515.jpg\" \/>\n\t<meta property=\"og:image:width\" content=\"1200\" \/>\n\t<meta property=\"og:image:height\" content=\"540\" \/>\n\t<meta property=\"og:image:type\" content=\"image\/jpeg\" \/>\n<meta name=\"author\" content=\"Diego Cerqueira Berbert Vasconcelos\" \/>\n<meta name=\"twitter:card\" content=\"summary_large_image\" \/>\n<meta name=\"twitter:creator\" content=\"@EstratConcursos\" \/>\n<meta name=\"twitter:site\" content=\"@EstratConcursos\" \/>\n<meta name=\"twitter:label1\" content=\"Escrito por\" \/>\n\t<meta name=\"twitter:data1\" content=\"Diego Cerqueira Berbert Vasconcelos\" \/>\n\t<meta name=\"twitter:label2\" content=\"Est. tempo de leitura\" \/>\n\t<meta name=\"twitter:data2\" content=\"1 minuto\" \/>\n<script type=\"application\/ld+json\" class=\"yoast-schema-graph\">{\"@context\":\"https:\/\/schema.org\",\"@graph\":[{\"@type\":\"NewsArticle\",\"@id\":\"https:\/\/www.estrategiaconcursos.com.br\/blog\/intensivao-senado-federal-curso-reta-final\/#article\",\"isPartOf\":{\"@id\":\"https:\/\/www.estrategiaconcursos.com.br\/blog\/intensivao-senado-federal-curso-reta-final\/\"},\"author\":{\"name\":\"Diego Cerqueira Berbert Vasconcelos\",\"@id\":\"https:\/\/www.estrategiaconcursos.com.br\/blog\/#\/schema\/person\/7fbf898fd336f5ce58a961518beff68c\"},\"headline\":\"Intensiv\u00e3o Senado Federal &#8211; Curso Reta Final para Pol\u00edcia Legislativa\",\"datePublished\":\"2019-10-15T12:16:07+00:00\",\"dateModified\":\"2019-10-15T12:21:49+00:00\",\"mainEntityOfPage\":{\"@id\":\"https:\/\/www.estrategiaconcursos.com.br\/blog\/intensivao-senado-federal-curso-reta-final\/\"},\"wordCount\":305,\"commentCount\":0,\"publisher\":{\"@id\":\"https:\/\/www.estrategiaconcursos.com.br\/blog\/#organization\"},\"image\":{\"@id\":\"https:\/\/www.estrategiaconcursos.com.br\/blog\/intensivao-senado-federal-curso-reta-final\/#primaryimage\"},\"thumbnailUrl\":\"https:\/\/dhg1h5j42swfq.cloudfront.net\/2018\/06\/21141837\/concuro-senado-federal-e1587330922515.jpg\",\"articleSection\":[\"Concursos P\u00fablicos\"],\"inLanguage\":\"pt-BR\",\"potentialAction\":[{\"@type\":\"CommentAction\",\"name\":\"Comment\",\"target\":[\"https:\/\/www.estrategiaconcursos.com.br\/blog\/intensivao-senado-federal-curso-reta-final\/#respond\"]}],\"copyrightYear\":\"2019\",\"copyrightHolder\":{\"@id\":\"https:\/\/www.estrategiaconcursos.com.br\/blog\/#organization\"}},{\"@type\":\"WebPage\",\"@id\":\"https:\/\/www.estrategiaconcursos.com.br\/blog\/intensivao-senado-federal-curso-reta-final\/\",\"url\":\"https:\/\/www.estrategiaconcursos.com.br\/blog\/intensivao-senado-federal-curso-reta-final\/\",\"name\":\"Intensiv\u00e3o Senado Federal - Curso Reta Final para Pol\u00edcia Legislativa\",\"isPartOf\":{\"@id\":\"https:\/\/www.estrategiaconcursos.com.br\/blog\/#website\"},\"primaryImageOfPage\":{\"@id\":\"https:\/\/www.estrategiaconcursos.com.br\/blog\/intensivao-senado-federal-curso-reta-final\/#primaryimage\"},\"image\":{\"@id\":\"https:\/\/www.estrategiaconcursos.com.br\/blog\/intensivao-senado-federal-curso-reta-final\/#primaryimage\"},\"thumbnailUrl\":\"https:\/\/dhg1h5j42swfq.cloudfront.net\/2018\/06\/21141837\/concuro-senado-federal-e1587330922515.jpg\",\"datePublished\":\"2019-10-15T12:16:07+00:00\",\"dateModified\":\"2019-10-15T12:21:49+00:00\",\"breadcrumb\":{\"@id\":\"https:\/\/www.estrategiaconcursos.com.br\/blog\/intensivao-senado-federal-curso-reta-final\/#breadcrumb\"},\"inLanguage\":\"pt-BR\",\"potentialAction\":[{\"@type\":\"ReadAction\",\"target\":[\"https:\/\/www.estrategiaconcursos.com.br\/blog\/intensivao-senado-federal-curso-reta-final\/\"]}]},{\"@type\":\"ImageObject\",\"inLanguage\":\"pt-BR\",\"@id\":\"https:\/\/www.estrategiaconcursos.com.br\/blog\/intensivao-senado-federal-curso-reta-final\/#primaryimage\",\"url\":\"https:\/\/dhg1h5j42swfq.cloudfront.net\/2018\/06\/21141837\/concuro-senado-federal-e1587330922515.jpg\",\"contentUrl\":\"https:\/\/dhg1h5j42swfq.cloudfront.net\/2018\/06\/21141837\/concuro-senado-federal-e1587330922515.jpg\",\"width\":1200,\"height\":540,\"caption\":\"Advogado do Senado Federal\"},{\"@type\":\"BreadcrumbList\",\"@id\":\"https:\/\/www.estrategiaconcursos.com.br\/blog\/intensivao-senado-federal-curso-reta-final\/#breadcrumb\",\"itemListElement\":[{\"@type\":\"ListItem\",\"position\":1,\"name\":\"In\u00edcio\",\"item\":\"https:\/\/www.estrategiaconcursos.com.br\/blog\/\"},{\"@type\":\"ListItem\",\"position\":2,\"name\":\"Intensiv\u00e3o Senado Federal &#8211; Curso Reta Final para Pol\u00edcia Legislativa\"}]},{\"@type\":\"WebSite\",\"@id\":\"https:\/\/www.estrategiaconcursos.com.br\/blog\/#website\",\"url\":\"https:\/\/www.estrategiaconcursos.com.br\/blog\/\",\"name\":\"Estrat\u00e9gia Concursos\",\"description\":\"O blog da Estrat\u00e9gia Concursos traz not\u00edcias sobre concursos e artigos de professores oferecendo cursos para concursos (pdf + videaulas) no site.\",\"publisher\":{\"@id\":\"https:\/\/www.estrategiaconcursos.com.br\/blog\/#organization\"},\"potentialAction\":[{\"@type\":\"SearchAction\",\"target\":{\"@type\":\"EntryPoint\",\"urlTemplate\":\"https:\/\/www.estrategiaconcursos.com.br\/blog\/?s={search_term_string}\"},\"query-input\":{\"@type\":\"PropertyValueSpecification\",\"valueRequired\":true,\"valueName\":\"search_term_string\"}}],\"inLanguage\":\"pt-BR\"},{\"@type\":\"Organization\",\"@id\":\"https:\/\/www.estrategiaconcursos.com.br\/blog\/#organization\",\"name\":\"Estrat\u00e9gia Concursos\",\"url\":\"https:\/\/www.estrategiaconcursos.com.br\/blog\/\",\"logo\":{\"@type\":\"ImageObject\",\"inLanguage\":\"pt-BR\",\"@id\":\"https:\/\/www.estrategiaconcursos.com.br\/blog\/#\/schema\/logo\/image\/\",\"url\":\"https:\/\/dhg1h5j42swfq.cloudfront.net\/2025\/06\/03203428\/logo_concursos-1.jpg\",\"contentUrl\":\"https:\/\/dhg1h5j42swfq.cloudfront.net\/2025\/06\/03203428\/logo_concursos-1.jpg\",\"width\":230,\"height\":60,\"caption\":\"Estrat\u00e9gia Concursos\"},\"image\":{\"@id\":\"https:\/\/www.estrategiaconcursos.com.br\/blog\/#\/schema\/logo\/image\/\"},\"sameAs\":[\"https:\/\/x.com\/EstratConcursos\"]},{\"@type\":\"Person\",\"@id\":\"https:\/\/www.estrategiaconcursos.com.br\/blog\/#\/schema\/person\/7fbf898fd336f5ce58a961518beff68c\",\"name\":\"Diego Cerqueira Berbert Vasconcelos\",\"image\":{\"@type\":\"ImageObject\",\"inLanguage\":\"pt-BR\",\"@id\":\"https:\/\/secure.gravatar.com\/avatar\/ed2d045a7390980cad1a92d24dcc39d10ef55b88fcb9fb9c047979bf4ddeb1ce?s=96&d=mm&r=g\",\"url\":\"https:\/\/secure.gravatar.com\/avatar\/ed2d045a7390980cad1a92d24dcc39d10ef55b88fcb9fb9c047979bf4ddeb1ce?s=96&d=mm&r=g\",\"contentUrl\":\"https:\/\/secure.gravatar.com\/avatar\/ed2d045a7390980cad1a92d24dcc39d10ef55b88fcb9fb9c047979bf4ddeb1ce?s=96&d=mm&r=g\",\"caption\":\"Diego Cerqueira Berbert Vasconcelos\"},\"url\":\"https:\/\/www.estrategiaconcursos.com.br\/blog\/author\/diegocerqueiraestrategiaconcursos-com-br\/\"}]}<\/script>\n<!-- \/ Yoast SEO Premium plugin. -->","yoast_head_json":{"title":"Intensiv\u00e3o Senado Federal - Curso Reta Final para Pol\u00edcia Legislativa","robots":{"index":"index","follow":"follow","max-snippet":"max-snippet:-1","max-image-preview":"max-image-preview:large","max-video-preview":"max-video-preview:-1"},"canonical":"https:\/\/www.estrategiaconcursos.com.br\/blog\/intensivao-senado-federal-curso-reta-final\/","og_locale":"pt_BR","og_type":"article","og_title":"Intensiv\u00e3o Senado Federal - Curso Reta Final para Pol\u00edcia Legislativa","og_description":"Come\u00e7aremos a partir dessa ter\u00e7a-feira, 15 de outubro, o nosso Curso de Reta Final do Senado Federal, especificamente para o cargo de T\u00e9cnico Legislativo &#8211; Pol\u00edcia Legislativa. Um concurso disputado e muito atrativo por ter uma remunera\u00e7\u00e3o alta, o sal\u00e1rio inicial \u00e9 de R$19.427,79, sem contar os benef\u00edcios como aux\u00edlio alimenta\u00e7\u00e3o&nbsp;no valor mensal de&nbsp;R$ 924,16. [&hellip;]","og_url":"https:\/\/www.estrategiaconcursos.com.br\/blog\/intensivao-senado-federal-curso-reta-final\/","og_site_name":"Estrat\u00e9gia Concursos","article_published_time":"2019-10-15T12:16:07+00:00","article_modified_time":"2019-10-15T12:21:49+00:00","og_image":[{"width":1200,"height":540,"url":"https:\/\/dhg1h5j42swfq.cloudfront.net\/2018\/06\/21141837\/concuro-senado-federal-e1587330922515.jpg","type":"image\/jpeg"}],"author":"Diego Cerqueira Berbert Vasconcelos","twitter_card":"summary_large_image","twitter_creator":"@EstratConcursos","twitter_site":"@EstratConcursos","twitter_misc":{"Escrito por":"Diego Cerqueira Berbert Vasconcelos","Est. tempo de leitura":"1 minuto"},"schema":{"@context":"https:\/\/schema.org","@graph":[{"@type":"NewsArticle","@id":"https:\/\/www.estrategiaconcursos.com.br\/blog\/intensivao-senado-federal-curso-reta-final\/#article","isPartOf":{"@id":"https:\/\/www.estrategiaconcursos.com.br\/blog\/intensivao-senado-federal-curso-reta-final\/"},"author":{"name":"Diego Cerqueira Berbert Vasconcelos","@id":"https:\/\/www.estrategiaconcursos.com.br\/blog\/#\/schema\/person\/7fbf898fd336f5ce58a961518beff68c"},"headline":"Intensiv\u00e3o Senado Federal &#8211; Curso Reta Final para Pol\u00edcia Legislativa","datePublished":"2019-10-15T12:16:07+00:00","dateModified":"2019-10-15T12:21:49+00:00","mainEntityOfPage":{"@id":"https:\/\/www.estrategiaconcursos.com.br\/blog\/intensivao-senado-federal-curso-reta-final\/"},"wordCount":305,"commentCount":0,"publisher":{"@id":"https:\/\/www.estrategiaconcursos.com.br\/blog\/#organization"},"image":{"@id":"https:\/\/www.estrategiaconcursos.com.br\/blog\/intensivao-senado-federal-curso-reta-final\/#primaryimage"},"thumbnailUrl":"https:\/\/dhg1h5j42swfq.cloudfront.net\/2018\/06\/21141837\/concuro-senado-federal-e1587330922515.jpg","articleSection":["Concursos P\u00fablicos"],"inLanguage":"pt-BR","potentialAction":[{"@type":"CommentAction","name":"Comment","target":["https:\/\/www.estrategiaconcursos.com.br\/blog\/intensivao-senado-federal-curso-reta-final\/#respond"]}],"copyrightYear":"2019","copyrightHolder":{"@id":"https:\/\/www.estrategiaconcursos.com.br\/blog\/#organization"}},{"@type":"WebPage","@id":"https:\/\/www.estrategiaconcursos.com.br\/blog\/intensivao-senado-federal-curso-reta-final\/","url":"https:\/\/www.estrategiaconcursos.com.br\/blog\/intensivao-senado-federal-curso-reta-final\/","name":"Intensiv\u00e3o Senado Federal - Curso Reta Final para Pol\u00edcia Legislativa","isPartOf":{"@id":"https:\/\/www.estrategiaconcursos.com.br\/blog\/#website"},"primaryImageOfPage":{"@id":"https:\/\/www.estrategiaconcursos.com.br\/blog\/intensivao-senado-federal-curso-reta-final\/#primaryimage"},"image":{"@id":"https:\/\/www.estrategiaconcursos.com.br\/blog\/intensivao-senado-federal-curso-reta-final\/#primaryimage"},"thumbnailUrl":"https:\/\/dhg1h5j42swfq.cloudfront.net\/2018\/06\/21141837\/concuro-senado-federal-e1587330922515.jpg","datePublished":"2019-10-15T12:16:07+00:00","dateModified":"2019-10-15T12:21:49+00:00","breadcrumb":{"@id":"https:\/\/www.estrategiaconcursos.com.br\/blog\/intensivao-senado-federal-curso-reta-final\/#breadcrumb"},"inLanguage":"pt-BR","potentialAction":[{"@type":"ReadAction","target":["https:\/\/www.estrategiaconcursos.com.br\/blog\/intensivao-senado-federal-curso-reta-final\/"]}]},{"@type":"ImageObject","inLanguage":"pt-BR","@id":"https:\/\/www.estrategiaconcursos.com.br\/blog\/intensivao-senado-federal-curso-reta-final\/#primaryimage","url":"https:\/\/dhg1h5j42swfq.cloudfront.net\/2018\/06\/21141837\/concuro-senado-federal-e1587330922515.jpg","contentUrl":"https:\/\/dhg1h5j42swfq.cloudfront.net\/2018\/06\/21141837\/concuro-senado-federal-e1587330922515.jpg","width":1200,"height":540,"caption":"Advogado do Senado Federal"},{"@type":"BreadcrumbList","@id":"https:\/\/www.estrategiaconcursos.com.br\/blog\/intensivao-senado-federal-curso-reta-final\/#breadcrumb","itemListElement":[{"@type":"ListItem","position":1,"name":"In\u00edcio","item":"https:\/\/www.estrategiaconcursos.com.br\/blog\/"},{"@type":"ListItem","position":2,"name":"Intensiv\u00e3o Senado Federal &#8211; Curso Reta Final para Pol\u00edcia Legislativa"}]},{"@type":"WebSite","@id":"https:\/\/www.estrategiaconcursos.com.br\/blog\/#website","url":"https:\/\/www.estrategiaconcursos.com.br\/blog\/","name":"Estrat\u00e9gia Concursos","description":"O blog da Estrat\u00e9gia Concursos traz not\u00edcias sobre concursos e artigos de professores oferecendo cursos para concursos (pdf + videaulas) no site.","publisher":{"@id":"https:\/\/www.estrategiaconcursos.com.br\/blog\/#organization"},"potentialAction":[{"@type":"SearchAction","target":{"@type":"EntryPoint","urlTemplate":"https:\/\/www.estrategiaconcursos.com.br\/blog\/?s={search_term_string}"},"query-input":{"@type":"PropertyValueSpecification","valueRequired":true,"valueName":"search_term_string"}}],"inLanguage":"pt-BR"},{"@type":"Organization","@id":"https:\/\/www.estrategiaconcursos.com.br\/blog\/#organization","name":"Estrat\u00e9gia Concursos","url":"https:\/\/www.estrategiaconcursos.com.br\/blog\/","logo":{"@type":"ImageObject","inLanguage":"pt-BR","@id":"https:\/\/www.estrategiaconcursos.com.br\/blog\/#\/schema\/logo\/image\/","url":"https:\/\/dhg1h5j42swfq.cloudfront.net\/2025\/06\/03203428\/logo_concursos-1.jpg","contentUrl":"https:\/\/dhg1h5j42swfq.cloudfront.net\/2025\/06\/03203428\/logo_concursos-1.jpg","width":230,"height":60,"caption":"Estrat\u00e9gia Concursos"},"image":{"@id":"https:\/\/www.estrategiaconcursos.com.br\/blog\/#\/schema\/logo\/image\/"},"sameAs":["https:\/\/x.com\/EstratConcursos"]},{"@type":"Person","@id":"https:\/\/www.estrategiaconcursos.com.br\/blog\/#\/schema\/person\/7fbf898fd336f5ce58a961518beff68c","name":"Diego Cerqueira Berbert Vasconcelos","image":{"@type":"ImageObject","inLanguage":"pt-BR","@id":"https:\/\/secure.gravatar.com\/avatar\/ed2d045a7390980cad1a92d24dcc39d10ef55b88fcb9fb9c047979bf4ddeb1ce?s=96&d=mm&r=g","url":"https:\/\/secure.gravatar.com\/avatar\/ed2d045a7390980cad1a92d24dcc39d10ef55b88fcb9fb9c047979bf4ddeb1ce?s=96&d=mm&r=g","contentUrl":"https:\/\/secure.gravatar.com\/avatar\/ed2d045a7390980cad1a92d24dcc39d10ef55b88fcb9fb9c047979bf4ddeb1ce?s=96&d=mm&r=g","caption":"Diego Cerqueira Berbert Vasconcelos"},"url":"https:\/\/www.estrategiaconcursos.com.br\/blog\/author\/diegocerqueiraestrategiaconcursos-com-br\/"}]}},"_links":{"self":[{"href":"https:\/\/www.estrategiaconcursos.com.br\/blog\/wp-json\/wp\/v2\/posts\/434016","targetHints":{"allow":["GET"]}}],"collection":[{"href":"https:\/\/www.estrategiaconcursos.com.br\/blog\/wp-json\/wp\/v2\/posts"}],"about":[{"href":"https:\/\/www.estrategiaconcursos.com.br\/blog\/wp-json\/wp\/v2\/types\/post"}],"author":[{"embeddable":true,"href":"https:\/\/www.estrategiaconcursos.com.br\/blog\/wp-json\/wp\/v2\/users\/260"}],"replies":[{"embeddable":true,"href":"https:\/\/www.estrategiaconcursos.com.br\/blog\/wp-json\/wp\/v2\/comments?post=434016"}],"version-history":[{"count":3,"href":"https:\/\/www.estrategiaconcursos.com.br\/blog\/wp-json\/wp\/v2\/posts\/434016\/revisions"}],"predecessor-version":[{"id":434215,"href":"https:\/\/www.estrategiaconcursos.com.br\/blog\/wp-json\/wp\/v2\/posts\/434016\/revisions\/434215"}],"wp:featuredmedia":[{"embeddable":true,"href":"https:\/\/www.estrategiaconcursos.com.br\/blog\/wp-json\/wp\/v2\/media\/127848"}],"wp:attachment":[{"href":"https:\/\/www.estrategiaconcursos.com.br\/blog\/wp-json\/wp\/v2\/media?parent=434016"}],"wp:term":[{"taxonomy":"category","embeddable":true,"href":"https:\/\/www.estrategiaconcursos.com.br\/blog\/wp-json\/wp\/v2\/categories?post=434016"},{"taxonomy":"post_tag","embeddable":true,"href":"https:\/\/www.estrategiaconcursos.com.br\/blog\/wp-json\/wp\/v2\/tags?post=434016"},{"taxonomy":"tax_estado","embeddable":true,"href":"https:\/\/www.estrategiaconcursos.com.br\/blog\/wp-json\/wp\/v2\/tax_estado?post=434016"}],"curies":[{"name":"wp","href":"https:\/\/api.w.org\/{rel}","templated":true}]}}