{"id":433959,"date":"2019-10-15T06:23:33","date_gmt":"2019-10-15T09:23:33","guid":{"rendered":"https:\/\/www.estrategiaconcursos.com.br\/blog\/?p=433959"},"modified":"2019-10-15T16:11:52","modified_gmt":"2019-10-15T19:11:52","slug":"sefaz-pr-auditores-se-posicionam-sobre-crise-na-receita-estadual","status":"publish","type":"post","link":"https:\/\/www.estrategiaconcursos.com.br\/blog\/sefaz-pr-auditores-se-posicionam-sobre-crise-na-receita-estadual\/","title":{"rendered":"Sefaz PR: Auditores se posicionam sobre crise na Receita Estadual"},"content":{"rendered":"\n<p>Ap\u00f3s a troca no comando da Receita Estadual do Paran\u00e1, no dia 4 de outubro, cerca de 75% dos Auditores Fiscais ocupantes de cargos de chefia (54 servidores), pediram exonera\u00e7\u00e3o e entregaram esses respectivos cargos.<\/p>\n\n\n\n<p>A entrega em massa dos cargos de chefia se deu em raz\u00e3o de problemas de relacionamento com o Secret\u00e1rio da Fazenda, Ren\u00ea Garcia, e demais problemas administrativos.<\/p>\n\n\n\n<p>Os auditores fiscais se posicionaram em nota, publicada no dia 08 de outubro, afirmando que, entre outros motivos, o secret\u00e1rio, al\u00e9m de faltar com a educa\u00e7\u00e3o no trato com os funcion\u00e1rios, contratou empresa privada para gerir sistemas com dados sigilosos de contribuintes. <\/p>\n\n\n\n<p><strong>Confira a nota abaixo:<\/strong><\/p>\n\n\n\n<h3 class=\"wp-block-heading\"><strong>Nota Oficial do Sindicato dos Auditores Fiscais da Receita do Estado do Paran\u00e1 sobre a Crise na Receita Estadual<\/strong><\/h3>\n\n\n\n<p><em>Curitiba, 8 de outubro de 2019<\/em><\/p>\n\n\n\n<p class=\"has-background has-very-light-gray-background-color\"><em>Em rela\u00e7\u00e3o aos fatos noticiados pela imprensa sobre o pedido de exonera\u00e7\u00e3o em massa de dezenas de Auditores Fiscais em cargos de dire\u00e7\u00e3o na Receita Estadual do Paran\u00e1, o Sindicato dos Auditores Fiscais da Receita do Estado do Paran\u00e1 (Sindafep) presta os seguintes esclarecimentos:<br \/><br \/>1. \u00c9 a primeira vez na hist\u00f3ria que mais de 75% dos ocupantes de cargo de dire\u00e7\u00e3o na Receita Estadual do Paran\u00e1 (54 Auditores Fiscais, ao todo) pedem, ao mesmo tempo, exonera\u00e7\u00e3o de seus cargos;<br \/><br \/>2. Todos os servidores que colocaram os seus cargos \u00e0 disposi\u00e7\u00e3o continuam desempenhando suas atividades com as costumeiras e reconhecidas responsabilidade e compet\u00eancia t\u00e9cnica, at\u00e9 que sejam designados seus substitutos;<br \/><br \/>3. Ao contr\u00e1rio do divulgado pela Secretaria da Fazenda, os cargos n\u00e3o foram entregues por for\u00e7a da altera\u00e7\u00e3o do Diretor Geral da Secretaria da Fazenda, ou mesmo do Diretor da Receita Estadual do Paran\u00e1;<br \/><br \/>4. O pedido de exonera\u00e7\u00e3o em massa decorreu dos seguintes motivos: <br \/>&#8211; N\u00e3o aceitar que o secret\u00e1rio da Fazenda denigra a imagem da Receita Estadual do Paran\u00e1, da SEFA e de seu corpo t\u00e9cnico perante outros \u00f3rg\u00e3os e a sociedade, fato que costumeiramente vem se repetindo, nos \u00faltimos meses;<br \/>&#8211; N\u00e3o aceitar a frequente falta de educa\u00e7\u00e3o e respeito do secret\u00e1rio da Fazenda em reuni\u00f5es de trabalho, dentro e fora do \u00f3rg\u00e3o, com rotineiras situa\u00e7\u00f5es de humilha\u00e7\u00e3o de servidores t\u00e9cnicos e gerenciais do \u00f3rg\u00e3o;<br \/>&#8211; N\u00e3o aceitar que o secret\u00e1rio trate e encaminhe de forma pol\u00edtica assuntos de compet\u00eancia legal da Receita Estadual do Paran\u00e1 sem consulta e participa\u00e7\u00e3o de seu corpo t\u00e9cnico;<br \/><br \/>5. O Paran\u00e1 \u00e9 um Estado pac\u00edfico, civilizado e bem representado por seus servidores p\u00fablicos. A convoca\u00e7\u00e3o de for\u00e7a policial sob alega\u00e7\u00e3o de \u201cgarantir a continuidade dos trabalhos\u201d \u00e9 injustific\u00e1vel, absurda e sem sentido, uma vez que os pr\u00f3prios servidores \u00e9 que pediram exonera\u00e7\u00e3o, configurando verdadeira agress\u00e3o aos servidores da Receita Estadual do Paran\u00e1 e da Sefa como um todo, corroborando o costumeiro e j\u00e1 conhecido comportamento de desrespeito do secret\u00e1rio \u00e0s institui\u00e7\u00f5es e aos servidores paranaenses;<br \/><br \/>6. \u00c9 sintom\u00e1tica e preocupante a decis\u00e3o do secret\u00e1rio da Fazenda, no primeiro dia \u00fatil ap\u00f3s ao pedido de entrega dos cargos, de retirar a gest\u00e3o da Tecnologia da Informa\u00e7\u00e3o da Receita Estadual, entregando a governan\u00e7a de dados estrat\u00e9gicos e sigilosos de contribuintes e cidad\u00e3os paranaenses para empresa terceirizada;<br \/><br \/>7. Haja vista os acontecimentos recentes, a categoria j\u00e1 se mobiliza mediante convoca\u00e7\u00e3o dos representantes sindicais de todas as Delegacias Regionais da Receita Estadual do Paran\u00e1;<br \/><br \/>8. Destacamos que todos os Auditores Fiscais sempre defenderam a Receita Estadual do Paran\u00e1, honrando seu dever de servidores do Estado, buscando os recursos necess\u00e1rios \u00e0 consecu\u00e7\u00e3o das pol\u00edticas p\u00fablicas primordiais \u00e0 sociedade paranaense.<\/em><\/p>\n\n\n\n<p>Em nota, o Pal\u00e1cio do Igua\u00e7\u00fa, sede do governo Paranaense, tamb\u00e9m se pronunciou quanto ao caso com os seguintes apontamentos:<\/p>\n\n\n\n<h3 class=\"wp-block-heading\" style=\"text-align:center\"><strong>Nota de Esclarecimento do Governo<\/strong><\/h3>\n\n\n\n<p class=\"has-background has-very-light-gray-background-color\"><em>O Governo do Estado refor\u00e7a o respeito a todos os servidores e esclarece que as mudan\u00e7as na Secretaria da Fazenda e Receita Estadual foram realizadas dentro de um contexto eminentemente t\u00e9cnico.<\/em><br \/><br \/><em>A avalia\u00e7\u00e3o das equipes \u00e9 uma pr\u00e1tica comum em qualquer corpora\u00e7\u00e3o, e n\u00e3o pode ser diferente no setor p\u00fablico. O gestor das \u00e1reas de governo tem total autonomia para realizar mudan\u00e7as sempre que as considerar necess\u00e1rias para que os resultados esperados sejam atingidos de forma mais eficaz.<\/em><br \/><br \/><em>Os dados da Receita Estadual seguem a cargo da Celepar e sob total vigil\u00e2ncia do fisco, sem o mais remoto risco de a governan\u00e7a de informa\u00e7\u00f5es estrat\u00e9gicas e sigilosas de contribuintes e cidad\u00e3os paranaenses sair do controle do Estado.<\/em><br \/><br \/><em>N\u00e3o h\u00e1 nenhuma descontinuidade nos trabalhos da Receita Estadual. Todas as fun\u00e7\u00f5es est\u00e3o sendo realizadas e as atividades correndo dentro de seus prazos.<\/em><br \/><br \/><em>Os pedidos de exonera\u00e7\u00e3o entregues por alguns auditores fiscais foram aceitos, e as substitui\u00e7\u00f5es ser\u00e3o efetivadas no decorrer dos pr\u00f3ximos dias.Eventuais insatisfa\u00e7\u00f5es em rela\u00e7\u00e3o a qualquer gestor p\u00fablico podem ser registradas nos canais competentes. <\/em><br \/><br \/><em>O Governo do Estado institui por lei o programa de Integridade e Compliance e refor\u00e7ou as ouvidorias e as corregedorias dos \u00f3rg\u00e3os p\u00fablicos. Al\u00e9m disso, a Controladoria-Geral do Estado tamb\u00e9m pode ser acionada.<\/em><\/p>\n\n\n\n<p>A Federa\u00e7\u00e3o Nacional dos Fiscos Estaduais e Distrital (Fenafisco) tamb\u00e9m publicou uma Nota Oficial em solidariedade aos Auditores Fiscais do Paran\u00e1, em refer\u00eancia \u00e0 crise na Receita Estadual. <\/p>\n\n\n\n<p><strong>Confira um pequeno trecho da nota:<\/strong><\/p>\n\n\n\n<p>&#8221; <em>A Fenafisco, por oportuno, coloca-se \u00e0 inteira disposi\u00e7\u00e3o do Sindafep-PR, ao tempo em que manifesta profunda admira\u00e7\u00e3o pela categoria paranaense, em raz\u00e3o do firme e corajoso posicionamento em defesa da fun\u00e7\u00e3o p\u00fablica que exercem e do \u00f3rg\u00e3o a que servem.<\/em> &#8220;<\/p>\n\n\n\n<p>Os servidores seguir\u00e3o em seus cargos de chefia at\u00e9 que cada caso seja estudado e as substitui\u00e7\u00f5es sejam definidas.<\/p>\n\n\n\n<p><\/p>\n\n\n\n<p style=\"text-align:center\"><em><strong>Assinatura Anual Ilimitada*<\/strong><\/em><\/p>\n\n\n\n<p style=\"text-align:center\"><em>Prepare-se com o melhor material e com quem mais aprova em\u00a0Concursos P\u00fablicos de todo o pa\u00eds. Assine agora a nossa Assinatura Anual e tenha acesso ilimitado* a todos os nossos cursos.<\/em><\/p>\n\n\n\n<p style=\"text-align:center\" class=\"has-background has-light-green-cyan-background-color\"><strong>ASSINE AGORA<\/strong>&nbsp;\u2013&nbsp;<a rel=\"noreferrer noopener\" href=\"https:\/\/www.estrategiaconcursos.com.br\/assinaturas\" target=\"_blank\"><strong>Assinatura Ilimitada<\/strong><\/a><\/p>\n\n\n\n<p style=\"text-align:center\"><strong><em>Fique por dentro dos concursos vigentes:<\/em><\/strong><\/p>\n\n\n\n<p style=\"text-align:center\" class=\"has-background has-pale-cyan-blue-background-color\"><strong><a href=\"https:\/\/www.estrategiaconcursos.com.br\/blog\/concursos-abertos\/\" target=\"_blank\" rel=\"noreferrer noopener\">CONCURSOS ABERTOS<\/a><\/strong><\/p>\n\n\n\n<p style=\"text-align:center\" class=\"has-background has-pale-cyan-blue-background-color\"><strong><a href=\"https:\/\/www.estrategiaconcursos.com.br\/blog\/concursos-2019\/\" target=\"_blank\" rel=\"noreferrer noopener\">CONCURSOS 2019<\/a><\/strong><\/p>\n\n\n\n<p style=\"text-align:center\" class=\"has-background has-pale-cyan-blue-background-color\"><strong><a href=\"https:\/\/www.estrategiaconcursos.com.br\/blog\/concursos-2020\/\" target=\"_blank\" rel=\"noreferrer noopener\">CONCURSOS&nbsp;2020<\/a><\/strong><\/p>\n\n\n\n<p><br \/><em>Ascom<br \/><\/em>ascomestrategia@gmail.com<\/p>\n\n\n\n<p>&nbsp; <\/p>\n","protected":false},"excerpt":{"rendered":"<p>Ap\u00f3s a troca no comando da Receita Estadual do Paran\u00e1, no dia 4 de outubro, cerca de 75% dos Auditores Fiscais ocupantes de cargos de chefia (54 servidores), pediram exonera\u00e7\u00e3o e entregaram esses respectivos cargos. A entrega em massa dos cargos de chefia se deu em raz\u00e3o de problemas de relacionamento com o Secret\u00e1rio da [&hellip;]<\/p>\n","protected":false},"author":1,"featured_media":433999,"comment_status":"open","ping_status":"closed","sticky":false,"template":"","format":"standard","meta":{"post_tipo":"news","footnotes":""},"categories":[1],"tags":[],"tax_estado":[],"class_list":["post-433959","post","type-post","status-publish","format-standard","has-post-thumbnail","hentry","category-cursos-e-concursos"],"acf":[],"yoast_head":"<!-- This site is optimized with the Yoast SEO Premium plugin v27.2 (Yoast SEO v27.2) - https:\/\/yoast.com\/product\/yoast-seo-premium-wordpress\/ -->\n<title>Sefaz PR: Auditores se posicionam sobre crise na Receita Estadual<\/title>\n<meta name=\"robots\" content=\"index, follow, max-snippet:-1, max-image-preview:large, max-video-preview:-1\" \/>\n<link rel=\"canonical\" href=\"https:\/\/www.estrategiaconcursos.com.br\/blog\/sefaz-pr-auditores-se-posicionam-sobre-crise-na-receita-estadual\/\" \/>\n<meta property=\"og:locale\" content=\"pt_BR\" \/>\n<meta property=\"og:type\" content=\"article\" \/>\n<meta property=\"og:title\" content=\"Sefaz PR: Auditores se posicionam sobre crise na Receita Estadual\" \/>\n<meta property=\"og:description\" content=\"Ap\u00f3s a troca no comando da Receita Estadual do Paran\u00e1, no dia 4 de outubro, cerca de 75% dos Auditores Fiscais ocupantes de cargos de chefia (54 servidores), pediram exonera\u00e7\u00e3o e entregaram esses respectivos cargos. A entrega em massa dos cargos de chefia se deu em raz\u00e3o de problemas de relacionamento com o Secret\u00e1rio da [&hellip;]\" \/>\n<meta property=\"og:url\" content=\"https:\/\/www.estrategiaconcursos.com.br\/blog\/sefaz-pr-auditores-se-posicionam-sobre-crise-na-receita-estadual\/\" \/>\n<meta property=\"og:site_name\" content=\"Estrat\u00e9gia Concursos\" \/>\n<meta property=\"article:author\" content=\"https:\/\/www.facebook.com\/EstrategiaConcursos\" \/>\n<meta property=\"article:published_time\" content=\"2019-10-15T09:23:33+00:00\" \/>\n<meta property=\"article:modified_time\" content=\"2019-10-15T19:11:52+00:00\" \/>\n<meta property=\"og:image\" content=\"https:\/\/dhg1h5j42swfq.cloudfront.net\/2019\/10\/14162227\/concurso-sefaz-pr.png\" \/>\n\t<meta property=\"og:image:width\" content=\"400\" \/>\n\t<meta property=\"og:image:height\" content=\"209\" \/>\n\t<meta property=\"og:image:type\" content=\"image\/png\" \/>\n<meta name=\"author\" content=\"Coordena\u00e7\u00e3o\" \/>\n<meta name=\"twitter:card\" content=\"summary_large_image\" \/>\n<meta name=\"twitter:creator\" content=\"@EstratConcursos\" \/>\n<meta name=\"twitter:site\" content=\"@EstratConcursos\" \/>\n<meta name=\"twitter:label1\" content=\"Escrito por\" \/>\n\t<meta name=\"twitter:data1\" content=\"Coordena\u00e7\u00e3o\" \/>\n\t<meta name=\"twitter:label2\" content=\"Est. tempo de leitura\" \/>\n\t<meta name=\"twitter:data2\" content=\"5 minutos\" \/>\n<script type=\"application\/ld+json\" class=\"yoast-schema-graph\">{\"@context\":\"https:\/\/schema.org\",\"@graph\":[{\"@type\":\"NewsArticle\",\"@id\":\"https:\/\/www.estrategiaconcursos.com.br\/blog\/sefaz-pr-auditores-se-posicionam-sobre-crise-na-receita-estadual\/#article\",\"isPartOf\":{\"@id\":\"https:\/\/www.estrategiaconcursos.com.br\/blog\/sefaz-pr-auditores-se-posicionam-sobre-crise-na-receita-estadual\/\"},\"author\":{\"name\":\"Coordena\u00e7\u00e3o\",\"@id\":\"https:\/\/www.estrategiaconcursos.com.br\/blog\/#\/schema\/person\/b4a388c97673c5f483d72185668afa1f\"},\"headline\":\"Sefaz PR: Auditores se posicionam sobre crise na Receita Estadual\",\"datePublished\":\"2019-10-15T09:23:33+00:00\",\"dateModified\":\"2019-10-15T19:11:52+00:00\",\"mainEntityOfPage\":{\"@id\":\"https:\/\/www.estrategiaconcursos.com.br\/blog\/sefaz-pr-auditores-se-posicionam-sobre-crise-na-receita-estadual\/\"},\"wordCount\":1052,\"commentCount\":3,\"publisher\":{\"@id\":\"https:\/\/www.estrategiaconcursos.com.br\/blog\/#organization\"},\"image\":{\"@id\":\"https:\/\/www.estrategiaconcursos.com.br\/blog\/sefaz-pr-auditores-se-posicionam-sobre-crise-na-receita-estadual\/#primaryimage\"},\"thumbnailUrl\":\"https:\/\/dhg1h5j42swfq.cloudfront.net\/2019\/10\/14162227\/concurso-sefaz-pr.png\",\"articleSection\":[\"Concursos P\u00fablicos\"],\"inLanguage\":\"pt-BR\",\"potentialAction\":[{\"@type\":\"CommentAction\",\"name\":\"Comment\",\"target\":[\"https:\/\/www.estrategiaconcursos.com.br\/blog\/sefaz-pr-auditores-se-posicionam-sobre-crise-na-receita-estadual\/#respond\"]}],\"copyrightYear\":\"2019\",\"copyrightHolder\":{\"@id\":\"https:\/\/www.estrategiaconcursos.com.br\/blog\/#organization\"}},{\"@type\":\"WebPage\",\"@id\":\"https:\/\/www.estrategiaconcursos.com.br\/blog\/sefaz-pr-auditores-se-posicionam-sobre-crise-na-receita-estadual\/\",\"url\":\"https:\/\/www.estrategiaconcursos.com.br\/blog\/sefaz-pr-auditores-se-posicionam-sobre-crise-na-receita-estadual\/\",\"name\":\"Sefaz PR: Auditores se posicionam sobre crise na Receita Estadual\",\"isPartOf\":{\"@id\":\"https:\/\/www.estrategiaconcursos.com.br\/blog\/#website\"},\"primaryImageOfPage\":{\"@id\":\"https:\/\/www.estrategiaconcursos.com.br\/blog\/sefaz-pr-auditores-se-posicionam-sobre-crise-na-receita-estadual\/#primaryimage\"},\"image\":{\"@id\":\"https:\/\/www.estrategiaconcursos.com.br\/blog\/sefaz-pr-auditores-se-posicionam-sobre-crise-na-receita-estadual\/#primaryimage\"},\"thumbnailUrl\":\"https:\/\/dhg1h5j42swfq.cloudfront.net\/2019\/10\/14162227\/concurso-sefaz-pr.png\",\"datePublished\":\"2019-10-15T09:23:33+00:00\",\"dateModified\":\"2019-10-15T19:11:52+00:00\",\"breadcrumb\":{\"@id\":\"https:\/\/www.estrategiaconcursos.com.br\/blog\/sefaz-pr-auditores-se-posicionam-sobre-crise-na-receita-estadual\/#breadcrumb\"},\"inLanguage\":\"pt-BR\",\"potentialAction\":[{\"@type\":\"ReadAction\",\"target\":[\"https:\/\/www.estrategiaconcursos.com.br\/blog\/sefaz-pr-auditores-se-posicionam-sobre-crise-na-receita-estadual\/\"]}]},{\"@type\":\"ImageObject\",\"inLanguage\":\"pt-BR\",\"@id\":\"https:\/\/www.estrategiaconcursos.com.br\/blog\/sefaz-pr-auditores-se-posicionam-sobre-crise-na-receita-estadual\/#primaryimage\",\"url\":\"https:\/\/dhg1h5j42swfq.cloudfront.net\/2019\/10\/14162227\/concurso-sefaz-pr.png\",\"contentUrl\":\"https:\/\/dhg1h5j42swfq.cloudfront.net\/2019\/10\/14162227\/concurso-sefaz-pr.png\",\"width\":400,\"height\":209,\"caption\":\"Sefaz PR\"},{\"@type\":\"BreadcrumbList\",\"@id\":\"https:\/\/www.estrategiaconcursos.com.br\/blog\/sefaz-pr-auditores-se-posicionam-sobre-crise-na-receita-estadual\/#breadcrumb\",\"itemListElement\":[{\"@type\":\"ListItem\",\"position\":1,\"name\":\"In\u00edcio\",\"item\":\"https:\/\/www.estrategiaconcursos.com.br\/blog\/\"},{\"@type\":\"ListItem\",\"position\":2,\"name\":\"Sefaz PR: Auditores se posicionam sobre crise na Receita Estadual\"}]},{\"@type\":\"WebSite\",\"@id\":\"https:\/\/www.estrategiaconcursos.com.br\/blog\/#website\",\"url\":\"https:\/\/www.estrategiaconcursos.com.br\/blog\/\",\"name\":\"Estrat\u00e9gia Concursos\",\"description\":\"O blog da Estrat\u00e9gia Concursos traz not\u00edcias sobre concursos e artigos de professores oferecendo cursos para concursos (pdf + videaulas) no site.\",\"publisher\":{\"@id\":\"https:\/\/www.estrategiaconcursos.com.br\/blog\/#organization\"},\"potentialAction\":[{\"@type\":\"SearchAction\",\"target\":{\"@type\":\"EntryPoint\",\"urlTemplate\":\"https:\/\/www.estrategiaconcursos.com.br\/blog\/?s={search_term_string}\"},\"query-input\":{\"@type\":\"PropertyValueSpecification\",\"valueRequired\":true,\"valueName\":\"search_term_string\"}}],\"inLanguage\":\"pt-BR\"},{\"@type\":\"Organization\",\"@id\":\"https:\/\/www.estrategiaconcursos.com.br\/blog\/#organization\",\"name\":\"Estrat\u00e9gia Concursos\",\"url\":\"https:\/\/www.estrategiaconcursos.com.br\/blog\/\",\"logo\":{\"@type\":\"ImageObject\",\"inLanguage\":\"pt-BR\",\"@id\":\"https:\/\/www.estrategiaconcursos.com.br\/blog\/#\/schema\/logo\/image\/\",\"url\":\"https:\/\/dhg1h5j42swfq.cloudfront.net\/2025\/06\/03203428\/logo_concursos-1.jpg\",\"contentUrl\":\"https:\/\/dhg1h5j42swfq.cloudfront.net\/2025\/06\/03203428\/logo_concursos-1.jpg\",\"width\":230,\"height\":60,\"caption\":\"Estrat\u00e9gia Concursos\"},\"image\":{\"@id\":\"https:\/\/www.estrategiaconcursos.com.br\/blog\/#\/schema\/logo\/image\/\"},\"sameAs\":[\"https:\/\/x.com\/EstratConcursos\"]},{\"@type\":\"Person\",\"@id\":\"https:\/\/www.estrategiaconcursos.com.br\/blog\/#\/schema\/person\/b4a388c97673c5f483d72185668afa1f\",\"name\":\"Coordena\u00e7\u00e3o\",\"image\":{\"@type\":\"ImageObject\",\"inLanguage\":\"pt-BR\",\"@id\":\"https:\/\/secure.gravatar.com\/avatar\/b720319e4c9a967eb58678d110f4fe35452fc5d5f97b202bac7b8acceb18c6ad?s=96&d=mm&r=g\",\"url\":\"https:\/\/secure.gravatar.com\/avatar\/b720319e4c9a967eb58678d110f4fe35452fc5d5f97b202bac7b8acceb18c6ad?s=96&d=mm&r=g\",\"contentUrl\":\"https:\/\/secure.gravatar.com\/avatar\/b720319e4c9a967eb58678d110f4fe35452fc5d5f97b202bac7b8acceb18c6ad?s=96&d=mm&r=g\",\"caption\":\"Coordena\u00e7\u00e3o\"},\"sameAs\":[\"https:\/\/www.facebook.com\/EstrategiaConcursos\",\"https:\/\/x.com\/EstratConcursos\"],\"url\":\"https:\/\/www.estrategiaconcursos.com.br\/blog\/author\/estrategia2013\/\"}]}<\/script>\n<!-- \/ Yoast SEO Premium plugin. -->","yoast_head_json":{"title":"Sefaz PR: Auditores se posicionam sobre crise na Receita Estadual","robots":{"index":"index","follow":"follow","max-snippet":"max-snippet:-1","max-image-preview":"max-image-preview:large","max-video-preview":"max-video-preview:-1"},"canonical":"https:\/\/www.estrategiaconcursos.com.br\/blog\/sefaz-pr-auditores-se-posicionam-sobre-crise-na-receita-estadual\/","og_locale":"pt_BR","og_type":"article","og_title":"Sefaz PR: Auditores se posicionam sobre crise na Receita Estadual","og_description":"Ap\u00f3s a troca no comando da Receita Estadual do Paran\u00e1, no dia 4 de outubro, cerca de 75% dos Auditores Fiscais ocupantes de cargos de chefia (54 servidores), pediram exonera\u00e7\u00e3o e entregaram esses respectivos cargos. A entrega em massa dos cargos de chefia se deu em raz\u00e3o de problemas de relacionamento com o Secret\u00e1rio da [&hellip;]","og_url":"https:\/\/www.estrategiaconcursos.com.br\/blog\/sefaz-pr-auditores-se-posicionam-sobre-crise-na-receita-estadual\/","og_site_name":"Estrat\u00e9gia Concursos","article_author":"https:\/\/www.facebook.com\/EstrategiaConcursos","article_published_time":"2019-10-15T09:23:33+00:00","article_modified_time":"2019-10-15T19:11:52+00:00","og_image":[{"width":400,"height":209,"url":"https:\/\/dhg1h5j42swfq.cloudfront.net\/2019\/10\/14162227\/concurso-sefaz-pr.png","type":"image\/png"}],"author":"Coordena\u00e7\u00e3o","twitter_card":"summary_large_image","twitter_creator":"@EstratConcursos","twitter_site":"@EstratConcursos","twitter_misc":{"Escrito por":"Coordena\u00e7\u00e3o","Est. tempo de leitura":"5 minutos"},"schema":{"@context":"https:\/\/schema.org","@graph":[{"@type":"NewsArticle","@id":"https:\/\/www.estrategiaconcursos.com.br\/blog\/sefaz-pr-auditores-se-posicionam-sobre-crise-na-receita-estadual\/#article","isPartOf":{"@id":"https:\/\/www.estrategiaconcursos.com.br\/blog\/sefaz-pr-auditores-se-posicionam-sobre-crise-na-receita-estadual\/"},"author":{"name":"Coordena\u00e7\u00e3o","@id":"https:\/\/www.estrategiaconcursos.com.br\/blog\/#\/schema\/person\/b4a388c97673c5f483d72185668afa1f"},"headline":"Sefaz PR: Auditores se posicionam sobre crise na Receita Estadual","datePublished":"2019-10-15T09:23:33+00:00","dateModified":"2019-10-15T19:11:52+00:00","mainEntityOfPage":{"@id":"https:\/\/www.estrategiaconcursos.com.br\/blog\/sefaz-pr-auditores-se-posicionam-sobre-crise-na-receita-estadual\/"},"wordCount":1052,"commentCount":3,"publisher":{"@id":"https:\/\/www.estrategiaconcursos.com.br\/blog\/#organization"},"image":{"@id":"https:\/\/www.estrategiaconcursos.com.br\/blog\/sefaz-pr-auditores-se-posicionam-sobre-crise-na-receita-estadual\/#primaryimage"},"thumbnailUrl":"https:\/\/dhg1h5j42swfq.cloudfront.net\/2019\/10\/14162227\/concurso-sefaz-pr.png","articleSection":["Concursos P\u00fablicos"],"inLanguage":"pt-BR","potentialAction":[{"@type":"CommentAction","name":"Comment","target":["https:\/\/www.estrategiaconcursos.com.br\/blog\/sefaz-pr-auditores-se-posicionam-sobre-crise-na-receita-estadual\/#respond"]}],"copyrightYear":"2019","copyrightHolder":{"@id":"https:\/\/www.estrategiaconcursos.com.br\/blog\/#organization"}},{"@type":"WebPage","@id":"https:\/\/www.estrategiaconcursos.com.br\/blog\/sefaz-pr-auditores-se-posicionam-sobre-crise-na-receita-estadual\/","url":"https:\/\/www.estrategiaconcursos.com.br\/blog\/sefaz-pr-auditores-se-posicionam-sobre-crise-na-receita-estadual\/","name":"Sefaz PR: Auditores se posicionam sobre crise na Receita Estadual","isPartOf":{"@id":"https:\/\/www.estrategiaconcursos.com.br\/blog\/#website"},"primaryImageOfPage":{"@id":"https:\/\/www.estrategiaconcursos.com.br\/blog\/sefaz-pr-auditores-se-posicionam-sobre-crise-na-receita-estadual\/#primaryimage"},"image":{"@id":"https:\/\/www.estrategiaconcursos.com.br\/blog\/sefaz-pr-auditores-se-posicionam-sobre-crise-na-receita-estadual\/#primaryimage"},"thumbnailUrl":"https:\/\/dhg1h5j42swfq.cloudfront.net\/2019\/10\/14162227\/concurso-sefaz-pr.png","datePublished":"2019-10-15T09:23:33+00:00","dateModified":"2019-10-15T19:11:52+00:00","breadcrumb":{"@id":"https:\/\/www.estrategiaconcursos.com.br\/blog\/sefaz-pr-auditores-se-posicionam-sobre-crise-na-receita-estadual\/#breadcrumb"},"inLanguage":"pt-BR","potentialAction":[{"@type":"ReadAction","target":["https:\/\/www.estrategiaconcursos.com.br\/blog\/sefaz-pr-auditores-se-posicionam-sobre-crise-na-receita-estadual\/"]}]},{"@type":"ImageObject","inLanguage":"pt-BR","@id":"https:\/\/www.estrategiaconcursos.com.br\/blog\/sefaz-pr-auditores-se-posicionam-sobre-crise-na-receita-estadual\/#primaryimage","url":"https:\/\/dhg1h5j42swfq.cloudfront.net\/2019\/10\/14162227\/concurso-sefaz-pr.png","contentUrl":"https:\/\/dhg1h5j42swfq.cloudfront.net\/2019\/10\/14162227\/concurso-sefaz-pr.png","width":400,"height":209,"caption":"Sefaz PR"},{"@type":"BreadcrumbList","@id":"https:\/\/www.estrategiaconcursos.com.br\/blog\/sefaz-pr-auditores-se-posicionam-sobre-crise-na-receita-estadual\/#breadcrumb","itemListElement":[{"@type":"ListItem","position":1,"name":"In\u00edcio","item":"https:\/\/www.estrategiaconcursos.com.br\/blog\/"},{"@type":"ListItem","position":2,"name":"Sefaz PR: Auditores se posicionam sobre crise na Receita Estadual"}]},{"@type":"WebSite","@id":"https:\/\/www.estrategiaconcursos.com.br\/blog\/#website","url":"https:\/\/www.estrategiaconcursos.com.br\/blog\/","name":"Estrat\u00e9gia Concursos","description":"O blog da Estrat\u00e9gia Concursos traz not\u00edcias sobre concursos e artigos de professores oferecendo cursos para concursos (pdf + videaulas) no site.","publisher":{"@id":"https:\/\/www.estrategiaconcursos.com.br\/blog\/#organization"},"potentialAction":[{"@type":"SearchAction","target":{"@type":"EntryPoint","urlTemplate":"https:\/\/www.estrategiaconcursos.com.br\/blog\/?s={search_term_string}"},"query-input":{"@type":"PropertyValueSpecification","valueRequired":true,"valueName":"search_term_string"}}],"inLanguage":"pt-BR"},{"@type":"Organization","@id":"https:\/\/www.estrategiaconcursos.com.br\/blog\/#organization","name":"Estrat\u00e9gia Concursos","url":"https:\/\/www.estrategiaconcursos.com.br\/blog\/","logo":{"@type":"ImageObject","inLanguage":"pt-BR","@id":"https:\/\/www.estrategiaconcursos.com.br\/blog\/#\/schema\/logo\/image\/","url":"https:\/\/dhg1h5j42swfq.cloudfront.net\/2025\/06\/03203428\/logo_concursos-1.jpg","contentUrl":"https:\/\/dhg1h5j42swfq.cloudfront.net\/2025\/06\/03203428\/logo_concursos-1.jpg","width":230,"height":60,"caption":"Estrat\u00e9gia Concursos"},"image":{"@id":"https:\/\/www.estrategiaconcursos.com.br\/blog\/#\/schema\/logo\/image\/"},"sameAs":["https:\/\/x.com\/EstratConcursos"]},{"@type":"Person","@id":"https:\/\/www.estrategiaconcursos.com.br\/blog\/#\/schema\/person\/b4a388c97673c5f483d72185668afa1f","name":"Coordena\u00e7\u00e3o","image":{"@type":"ImageObject","inLanguage":"pt-BR","@id":"https:\/\/secure.gravatar.com\/avatar\/b720319e4c9a967eb58678d110f4fe35452fc5d5f97b202bac7b8acceb18c6ad?s=96&d=mm&r=g","url":"https:\/\/secure.gravatar.com\/avatar\/b720319e4c9a967eb58678d110f4fe35452fc5d5f97b202bac7b8acceb18c6ad?s=96&d=mm&r=g","contentUrl":"https:\/\/secure.gravatar.com\/avatar\/b720319e4c9a967eb58678d110f4fe35452fc5d5f97b202bac7b8acceb18c6ad?s=96&d=mm&r=g","caption":"Coordena\u00e7\u00e3o"},"sameAs":["https:\/\/www.facebook.com\/EstrategiaConcursos","https:\/\/x.com\/EstratConcursos"],"url":"https:\/\/www.estrategiaconcursos.com.br\/blog\/author\/estrategia2013\/"}]}},"_links":{"self":[{"href":"https:\/\/www.estrategiaconcursos.com.br\/blog\/wp-json\/wp\/v2\/posts\/433959","targetHints":{"allow":["GET"]}}],"collection":[{"href":"https:\/\/www.estrategiaconcursos.com.br\/blog\/wp-json\/wp\/v2\/posts"}],"about":[{"href":"https:\/\/www.estrategiaconcursos.com.br\/blog\/wp-json\/wp\/v2\/types\/post"}],"author":[{"embeddable":true,"href":"https:\/\/www.estrategiaconcursos.com.br\/blog\/wp-json\/wp\/v2\/users\/1"}],"replies":[{"embeddable":true,"href":"https:\/\/www.estrategiaconcursos.com.br\/blog\/wp-json\/wp\/v2\/comments?post=433959"}],"version-history":[{"count":8,"href":"https:\/\/www.estrategiaconcursos.com.br\/blog\/wp-json\/wp\/v2\/posts\/433959\/revisions"}],"predecessor-version":[{"id":434773,"href":"https:\/\/www.estrategiaconcursos.com.br\/blog\/wp-json\/wp\/v2\/posts\/433959\/revisions\/434773"}],"wp:featuredmedia":[{"embeddable":true,"href":"https:\/\/www.estrategiaconcursos.com.br\/blog\/wp-json\/wp\/v2\/media\/433999"}],"wp:attachment":[{"href":"https:\/\/www.estrategiaconcursos.com.br\/blog\/wp-json\/wp\/v2\/media?parent=433959"}],"wp:term":[{"taxonomy":"category","embeddable":true,"href":"https:\/\/www.estrategiaconcursos.com.br\/blog\/wp-json\/wp\/v2\/categories?post=433959"},{"taxonomy":"post_tag","embeddable":true,"href":"https:\/\/www.estrategiaconcursos.com.br\/blog\/wp-json\/wp\/v2\/tags?post=433959"},{"taxonomy":"tax_estado","embeddable":true,"href":"https:\/\/www.estrategiaconcursos.com.br\/blog\/wp-json\/wp\/v2\/tax_estado?post=433959"}],"curies":[{"name":"wp","href":"https:\/\/api.w.org\/{rel}","templated":true}]}}