{"id":433906,"date":"2019-10-14T16:16:41","date_gmt":"2019-10-14T19:16:41","guid":{"rendered":"https:\/\/www.estrategiaconcursos.com.br\/blog\/?p=433906"},"modified":"2019-10-14T16:16:43","modified_gmt":"2019-10-14T19:16:43","slug":"o-governo-do-distrito-federal-estuda-projeto-para-a-criacao-de-guarda-civil","status":"publish","type":"post","link":"https:\/\/www.estrategiaconcursos.com.br\/blog\/o-governo-do-distrito-federal-estuda-projeto-para-a-criacao-de-guarda-civil\/","title":{"rendered":"O Governo do Distrito Federal estuda projeto para a cria\u00e7\u00e3o de Guarda Civil"},"content":{"rendered":"\n<p>O Governo do Distrito Federal discutir\u00e1 a possibilidade de criar a Guarda Civil Distrital para apoiar a seguran\u00e7a p\u00fablica no estado. Segundo o governador Ibaneis Rocha, a Pol\u00edcia Civil e Miliar participar\u00e3o do debate, pois a inten\u00e7\u00e3o \u00e9 que haja uma integra\u00e7\u00e3o entre as tr\u00eas frentes de seguran\u00e7a.<\/p>\n\n\n\n<p>Em entrevista na sua resid\u00eancia, o governador do Distrito Federal relatou que o projeto j\u00e1 est\u00e1 em andamento e a Guarda Distrital ser\u00e1 respons\u00e1vel por vigiar os monumentos e museus, que atualmente \u00e9 responsabilidade dos policiais. Com a atua\u00e7\u00e3o dos Guardas, a Pol\u00edcia Civil e Militar poder\u00e3o atender outras demandas no cotidiano.<\/p>\n\n\n\n<h3 class=\"wp-block-heading\">Como \u00e9 o concurso para Guarda?<\/h3>\n\n\n\n<p>O concurso p\u00fablico para o cargo de Guarda Municipal exige que o candidato tenha Ensino M\u00e9dio Completo e carteira de habilita\u00e7\u00e3o na categoria &#8220;B&#8221;.<\/p>\n\n\n\n<p>O certame geralmente \u00e9 composto de 4 etapas:<\/p>\n\n\n\n<p><strong>1\u00aa Etapa<\/strong>: Prova- te\u00f3rica objetiva (car\u00e1ter classificat\u00f3rio e eliminat\u00f3rio)<br \/><strong>2\u00aa Etapa<\/strong>\u00a0\u2013 Exame de Aptid\u00e3o F\u00edsica (car\u00e1ter eliminat\u00f3rio)<br \/><strong>3\u00aa Etapa\u00a0<\/strong>\u2013 Avalia\u00e7\u00e3o Psicol\u00f3gica (car\u00e1ter eliminat\u00f3rio)<br \/><strong>4\u00aa Etapa<\/strong>\u00a0\u2013 Curso de Forma\u00e7\u00e3o (car\u00e1ter eliminat\u00f3rio)  <\/p>\n\n\n\n<p>O candidato aprovado no Concurso tamb\u00e9m deve obter aprova\u00e7\u00e3o no Curso de Forma\u00e7\u00e3o para ser empossado no cargo p\u00fablico. O curso segue a Matriz Curricular Nacional para Guardas Municipais da Secretaria Nacional de Seguran\u00e7a P\u00fablica \u2013 SENASP.<\/p>\n\n\n\n<p>A realiza\u00e7\u00e3o do conte\u00fado se dar\u00e1 a crit\u00e9rio da Administra\u00e7\u00e3o Municipal, de forma presencial, podendo conter m\u00f3dulos do sistema EAD da SENASP.<\/p>\n\n\n\n<h3 class=\"wp-block-heading\">Progress\u00e3o na carreira<\/h3>\n\n\n\n<p>A progress\u00e3o de carreira dos guardas distritais est\u00e1 dividida em quatro classes, cada uma possui cinco n\u00edveis. Para ascender na carreira, os servidores ter\u00e3o que cumprir requisitos de forma\u00e7\u00e3o e ter, no m\u00ednimo, 12 meses entre um n\u00edvel e outro, n\u00e3o podendo estar no per\u00edodo probat\u00f3rio. <\/p>\n\n\n\n<p>Ao ingressar na corpora\u00e7\u00e3o, o candidato come\u00e7a na quarta classe, com remunera\u00e7\u00e3o de R$ 2.500 a R$ 3.038,77, j\u00e1 na terceira classe receber\u00e1 de R$ 3.190,70 a R$ 3.878,32. Os sal\u00e1rios para a segunda classe ser\u00e3o de R$ 4.072,24 a R$ 4.949,83 e para a primeira classe ser\u00e1 de R$ 5.197,32, chegando a R$ 6.317,38. <\/p>\n\n\n\n<p>Al\u00e9m dos 2 mil homens, a cria\u00e7\u00e3o da GCD contar\u00e1 com 35 cargos em comiss\u00e3o. S\u00e3o 33 postos de chefia de regi\u00e3o, um de coordenador-geral adjunto e outro de coordenador-geral.<\/p>\n\n\n\n<p style=\"text-align:center\" class=\"has-background has-luminous-vivid-amber-background-color\"><em><strong><a rel=\"noreferrer noopener\" href=\"https:\/\/www.estrategiaconcursos.com.br\/cursos\/concurso\/\" target=\"_blank\">Cursos para concursos<\/a><\/strong><\/em><\/p>\n\n\n\n<p style=\"text-align:center\"><em><strong>Assinatura Anual Ilimitada*<\/strong><\/em><\/p>\n\n\n\n<p><em>Prepare-se com o melhor material e com quem mais aprova em&nbsp;Concursos P\u00fablicos de todo o pa\u00eds. Assine agora a nossa Assinatura Anual e tenha acesso ilimitado a todos os nossos cursos.<\/em><\/p>\n\n\n\n<p style=\"text-align:center\" class=\"has-background has-light-green-cyan-background-color\"><strong>ASSINE AGORA<\/strong>&nbsp;\u2013&nbsp;<a rel=\"noreferrer noopener\" href=\"https:\/\/www.estrategiaconcursos.com.br\/assinaturas\" target=\"_blank\"><strong>Assinatura Ilimitada<\/strong><\/a><\/p>\n\n\n\n<p style=\"text-align:center\"><strong><em>Fique por dentro dos concursos vigentes:<\/em><\/strong><\/p>\n\n\n\n<p style=\"text-align:center\" class=\"has-background has-pale-cyan-blue-background-color\"><strong><a href=\"https:\/\/www.estrategiaconcursos.com.br\/blog\/concursos-abertos\/\" target=\"_blank\" rel=\"noreferrer noopener\">CONCURSOS ABERTOS<\/a><\/strong><\/p>\n\n\n\n<p style=\"text-align:center\" class=\"has-background has-pale-cyan-blue-background-color\"><strong><a href=\"https:\/\/www.estrategiaconcursos.com.br\/blog\/concursos-2019\/\" target=\"_blank\" rel=\"noreferrer noopener\">CONCURSOS 2019<\/a><\/strong><\/p>\n\n\n\n<p style=\"text-align:center\" class=\"has-background has-pale-cyan-blue-background-color\"><strong><a href=\"https:\/\/www.estrategiaconcursos.com.br\/blog\/concursos-2020\/\" target=\"_blank\" rel=\"noreferrer noopener\">CONCURSOS&nbsp;2020<\/a><\/strong><\/p>\n","protected":false},"excerpt":{"rendered":"<p>O Governo do Distrito Federal discutir\u00e1 a possibilidade de criar a Guarda Civil Distrital para apoiar a seguran\u00e7a p\u00fablica no estado. Segundo o governador Ibaneis Rocha, a Pol\u00edcia Civil e Miliar participar\u00e3o do debate, pois a inten\u00e7\u00e3o \u00e9 que haja uma integra\u00e7\u00e3o entre as tr\u00eas frentes de seguran\u00e7a. Em entrevista na sua resid\u00eancia, o governador [&hellip;]<\/p>\n","protected":false},"author":552,"featured_media":78489,"comment_status":"open","ping_status":"closed","sticky":false,"template":"","format":"standard","meta":{"post_tipo":"article","footnotes":""},"categories":[1],"tags":[],"tax_estado":[],"class_list":["post-433906","post","type-post","status-publish","format-standard","has-post-thumbnail","hentry","category-cursos-e-concursos"],"acf":[],"yoast_head":"<!-- This site is optimized with the Yoast SEO Premium plugin v27.2 (Yoast SEO v27.2) - https:\/\/yoast.com\/product\/yoast-seo-premium-wordpress\/ -->\n<title>O Governo do Distrito Federal estuda projeto para a cria\u00e7\u00e3o de Guarda Civil<\/title>\n<meta name=\"robots\" content=\"index, follow, max-snippet:-1, max-image-preview:large, max-video-preview:-1\" \/>\n<link rel=\"canonical\" href=\"https:\/\/www.estrategiaconcursos.com.br\/blog\/o-governo-do-distrito-federal-estuda-projeto-para-a-criacao-de-guarda-civil\/\" \/>\n<meta property=\"og:locale\" content=\"pt_BR\" \/>\n<meta property=\"og:type\" content=\"article\" \/>\n<meta property=\"og:title\" content=\"O Governo do Distrito Federal estuda projeto para a cria\u00e7\u00e3o de Guarda Civil\" \/>\n<meta property=\"og:description\" content=\"O Governo do Distrito Federal discutir\u00e1 a possibilidade de criar a Guarda Civil Distrital para apoiar a seguran\u00e7a p\u00fablica no estado. Segundo o governador Ibaneis Rocha, a Pol\u00edcia Civil e Miliar participar\u00e3o do debate, pois a inten\u00e7\u00e3o \u00e9 que haja uma integra\u00e7\u00e3o entre as tr\u00eas frentes de seguran\u00e7a. Em entrevista na sua resid\u00eancia, o governador [&hellip;]\" \/>\n<meta property=\"og:url\" content=\"https:\/\/www.estrategiaconcursos.com.br\/blog\/o-governo-do-distrito-federal-estuda-projeto-para-a-criacao-de-guarda-civil\/\" \/>\n<meta property=\"og:site_name\" content=\"Estrat\u00e9gia Concursos\" \/>\n<meta property=\"article:published_time\" content=\"2019-10-14T19:16:41+00:00\" \/>\n<meta property=\"article:modified_time\" content=\"2019-10-14T19:16:43+00:00\" \/>\n<meta property=\"og:image\" content=\"https:\/\/dhg1h5j42swfq.cloudfront.net\/2017\/06\/21113945\/CONCURSOS-DF-e1498055991125.jpg\" \/>\n\t<meta property=\"og:image:width\" content=\"400\" \/>\n\t<meta property=\"og:image:height\" content=\"209\" \/>\n\t<meta property=\"og:image:type\" content=\"image\/jpeg\" \/>\n<meta name=\"author\" content=\"Paulo Bilynskyj\" \/>\n<meta name=\"twitter:card\" content=\"summary_large_image\" \/>\n<meta name=\"twitter:creator\" content=\"@EstratConcursos\" \/>\n<meta name=\"twitter:site\" content=\"@EstratConcursos\" \/>\n<meta name=\"twitter:label1\" content=\"Escrito por\" \/>\n\t<meta name=\"twitter:data1\" content=\"Paulo Bilynskyj\" \/>\n\t<meta name=\"twitter:label2\" content=\"Est. tempo de leitura\" \/>\n\t<meta name=\"twitter:data2\" content=\"2 minutos\" \/>\n<script type=\"application\/ld+json\" class=\"yoast-schema-graph\">{\"@context\":\"https:\/\/schema.org\",\"@graph\":[{\"@type\":\"NewsArticle\",\"@id\":\"https:\/\/www.estrategiaconcursos.com.br\/blog\/o-governo-do-distrito-federal-estuda-projeto-para-a-criacao-de-guarda-civil\/#article\",\"isPartOf\":{\"@id\":\"https:\/\/www.estrategiaconcursos.com.br\/blog\/o-governo-do-distrito-federal-estuda-projeto-para-a-criacao-de-guarda-civil\/\"},\"author\":{\"name\":\"Paulo Bilynskyj\",\"@id\":\"https:\/\/www.estrategiaconcursos.com.br\/blog\/#\/schema\/person\/a630b15e36f45b4c21fed01219843cb5\"},\"headline\":\"O Governo do Distrito Federal estuda projeto para a cria\u00e7\u00e3o de Guarda Civil\",\"datePublished\":\"2019-10-14T19:16:41+00:00\",\"dateModified\":\"2019-10-14T19:16:43+00:00\",\"mainEntityOfPage\":{\"@id\":\"https:\/\/www.estrategiaconcursos.com.br\/blog\/o-governo-do-distrito-federal-estuda-projeto-para-a-criacao-de-guarda-civil\/\"},\"wordCount\":473,\"commentCount\":0,\"publisher\":{\"@id\":\"https:\/\/www.estrategiaconcursos.com.br\/blog\/#organization\"},\"image\":{\"@id\":\"https:\/\/www.estrategiaconcursos.com.br\/blog\/o-governo-do-distrito-federal-estuda-projeto-para-a-criacao-de-guarda-civil\/#primaryimage\"},\"thumbnailUrl\":\"https:\/\/dhg1h5j42swfq.cloudfront.net\/2017\/06\/21113945\/CONCURSOS-DF-e1498055991125.jpg\",\"articleSection\":[\"Concursos P\u00fablicos\"],\"inLanguage\":\"pt-BR\",\"potentialAction\":[{\"@type\":\"CommentAction\",\"name\":\"Comment\",\"target\":[\"https:\/\/www.estrategiaconcursos.com.br\/blog\/o-governo-do-distrito-federal-estuda-projeto-para-a-criacao-de-guarda-civil\/#respond\"]}],\"copyrightYear\":\"2019\",\"copyrightHolder\":{\"@id\":\"https:\/\/www.estrategiaconcursos.com.br\/blog\/#organization\"}},{\"@type\":\"WebPage\",\"@id\":\"https:\/\/www.estrategiaconcursos.com.br\/blog\/o-governo-do-distrito-federal-estuda-projeto-para-a-criacao-de-guarda-civil\/\",\"url\":\"https:\/\/www.estrategiaconcursos.com.br\/blog\/o-governo-do-distrito-federal-estuda-projeto-para-a-criacao-de-guarda-civil\/\",\"name\":\"O Governo do Distrito Federal estuda projeto para a cria\u00e7\u00e3o de Guarda Civil\",\"isPartOf\":{\"@id\":\"https:\/\/www.estrategiaconcursos.com.br\/blog\/#website\"},\"primaryImageOfPage\":{\"@id\":\"https:\/\/www.estrategiaconcursos.com.br\/blog\/o-governo-do-distrito-federal-estuda-projeto-para-a-criacao-de-guarda-civil\/#primaryimage\"},\"image\":{\"@id\":\"https:\/\/www.estrategiaconcursos.com.br\/blog\/o-governo-do-distrito-federal-estuda-projeto-para-a-criacao-de-guarda-civil\/#primaryimage\"},\"thumbnailUrl\":\"https:\/\/dhg1h5j42swfq.cloudfront.net\/2017\/06\/21113945\/CONCURSOS-DF-e1498055991125.jpg\",\"datePublished\":\"2019-10-14T19:16:41+00:00\",\"dateModified\":\"2019-10-14T19:16:43+00:00\",\"breadcrumb\":{\"@id\":\"https:\/\/www.estrategiaconcursos.com.br\/blog\/o-governo-do-distrito-federal-estuda-projeto-para-a-criacao-de-guarda-civil\/#breadcrumb\"},\"inLanguage\":\"pt-BR\",\"potentialAction\":[{\"@type\":\"ReadAction\",\"target\":[\"https:\/\/www.estrategiaconcursos.com.br\/blog\/o-governo-do-distrito-federal-estuda-projeto-para-a-criacao-de-guarda-civil\/\"]}]},{\"@type\":\"ImageObject\",\"inLanguage\":\"pt-BR\",\"@id\":\"https:\/\/www.estrategiaconcursos.com.br\/blog\/o-governo-do-distrito-federal-estuda-projeto-para-a-criacao-de-guarda-civil\/#primaryimage\",\"url\":\"https:\/\/dhg1h5j42swfq.cloudfront.net\/2017\/06\/21113945\/CONCURSOS-DF-e1498055991125.jpg\",\"contentUrl\":\"https:\/\/dhg1h5j42swfq.cloudfront.net\/2017\/06\/21113945\/CONCURSOS-DF-e1498055991125.jpg\",\"width\":400,\"height\":209,\"caption\":\"concursos DF\"},{\"@type\":\"BreadcrumbList\",\"@id\":\"https:\/\/www.estrategiaconcursos.com.br\/blog\/o-governo-do-distrito-federal-estuda-projeto-para-a-criacao-de-guarda-civil\/#breadcrumb\",\"itemListElement\":[{\"@type\":\"ListItem\",\"position\":1,\"name\":\"In\u00edcio\",\"item\":\"https:\/\/www.estrategiaconcursos.com.br\/blog\/\"},{\"@type\":\"ListItem\",\"position\":2,\"name\":\"O Governo do Distrito Federal estuda projeto para a cria\u00e7\u00e3o de Guarda Civil\"}]},{\"@type\":\"WebSite\",\"@id\":\"https:\/\/www.estrategiaconcursos.com.br\/blog\/#website\",\"url\":\"https:\/\/www.estrategiaconcursos.com.br\/blog\/\",\"name\":\"Estrat\u00e9gia Concursos\",\"description\":\"O blog da Estrat\u00e9gia Concursos traz not\u00edcias sobre concursos e artigos de professores oferecendo cursos para concursos (pdf + videaulas) no site.\",\"publisher\":{\"@id\":\"https:\/\/www.estrategiaconcursos.com.br\/blog\/#organization\"},\"potentialAction\":[{\"@type\":\"SearchAction\",\"target\":{\"@type\":\"EntryPoint\",\"urlTemplate\":\"https:\/\/www.estrategiaconcursos.com.br\/blog\/?s={search_term_string}\"},\"query-input\":{\"@type\":\"PropertyValueSpecification\",\"valueRequired\":true,\"valueName\":\"search_term_string\"}}],\"inLanguage\":\"pt-BR\"},{\"@type\":\"Organization\",\"@id\":\"https:\/\/www.estrategiaconcursos.com.br\/blog\/#organization\",\"name\":\"Estrat\u00e9gia Concursos\",\"url\":\"https:\/\/www.estrategiaconcursos.com.br\/blog\/\",\"logo\":{\"@type\":\"ImageObject\",\"inLanguage\":\"pt-BR\",\"@id\":\"https:\/\/www.estrategiaconcursos.com.br\/blog\/#\/schema\/logo\/image\/\",\"url\":\"https:\/\/dhg1h5j42swfq.cloudfront.net\/2025\/06\/03203428\/logo_concursos-1.jpg\",\"contentUrl\":\"https:\/\/dhg1h5j42swfq.cloudfront.net\/2025\/06\/03203428\/logo_concursos-1.jpg\",\"width\":230,\"height\":60,\"caption\":\"Estrat\u00e9gia Concursos\"},\"image\":{\"@id\":\"https:\/\/www.estrategiaconcursos.com.br\/blog\/#\/schema\/logo\/image\/\"},\"sameAs\":[\"https:\/\/x.com\/EstratConcursos\"]},{\"@type\":\"Person\",\"@id\":\"https:\/\/www.estrategiaconcursos.com.br\/blog\/#\/schema\/person\/a630b15e36f45b4c21fed01219843cb5\",\"name\":\"Paulo Bilynskyj\",\"image\":{\"@type\":\"ImageObject\",\"inLanguage\":\"pt-BR\",\"@id\":\"https:\/\/secure.gravatar.com\/avatar\/37e21f70c9042e7456beffdc6d31fe051f3f6dcbf252f69343a791b144852057?s=96&d=mm&r=g\",\"url\":\"https:\/\/secure.gravatar.com\/avatar\/37e21f70c9042e7456beffdc6d31fe051f3f6dcbf252f69343a791b144852057?s=96&d=mm&r=g\",\"contentUrl\":\"https:\/\/secure.gravatar.com\/avatar\/37e21f70c9042e7456beffdc6d31fe051f3f6dcbf252f69343a791b144852057?s=96&d=mm&r=g\",\"caption\":\"Paulo Bilynskyj\"},\"url\":\"https:\/\/www.estrategiaconcursos.com.br\/blog\/author\/pbilynskyjgmail-com\/\"}]}<\/script>\n<!-- \/ Yoast SEO Premium plugin. -->","yoast_head_json":{"title":"O Governo do Distrito Federal estuda projeto para a cria\u00e7\u00e3o de Guarda Civil","robots":{"index":"index","follow":"follow","max-snippet":"max-snippet:-1","max-image-preview":"max-image-preview:large","max-video-preview":"max-video-preview:-1"},"canonical":"https:\/\/www.estrategiaconcursos.com.br\/blog\/o-governo-do-distrito-federal-estuda-projeto-para-a-criacao-de-guarda-civil\/","og_locale":"pt_BR","og_type":"article","og_title":"O Governo do Distrito Federal estuda projeto para a cria\u00e7\u00e3o de Guarda Civil","og_description":"O Governo do Distrito Federal discutir\u00e1 a possibilidade de criar a Guarda Civil Distrital para apoiar a seguran\u00e7a p\u00fablica no estado. Segundo o governador Ibaneis Rocha, a Pol\u00edcia Civil e Miliar participar\u00e3o do debate, pois a inten\u00e7\u00e3o \u00e9 que haja uma integra\u00e7\u00e3o entre as tr\u00eas frentes de seguran\u00e7a. Em entrevista na sua resid\u00eancia, o governador [&hellip;]","og_url":"https:\/\/www.estrategiaconcursos.com.br\/blog\/o-governo-do-distrito-federal-estuda-projeto-para-a-criacao-de-guarda-civil\/","og_site_name":"Estrat\u00e9gia Concursos","article_published_time":"2019-10-14T19:16:41+00:00","article_modified_time":"2019-10-14T19:16:43+00:00","og_image":[{"width":400,"height":209,"url":"https:\/\/dhg1h5j42swfq.cloudfront.net\/2017\/06\/21113945\/CONCURSOS-DF-e1498055991125.jpg","type":"image\/jpeg"}],"author":"Paulo Bilynskyj","twitter_card":"summary_large_image","twitter_creator":"@EstratConcursos","twitter_site":"@EstratConcursos","twitter_misc":{"Escrito por":"Paulo Bilynskyj","Est. tempo de leitura":"2 minutos"},"schema":{"@context":"https:\/\/schema.org","@graph":[{"@type":"NewsArticle","@id":"https:\/\/www.estrategiaconcursos.com.br\/blog\/o-governo-do-distrito-federal-estuda-projeto-para-a-criacao-de-guarda-civil\/#article","isPartOf":{"@id":"https:\/\/www.estrategiaconcursos.com.br\/blog\/o-governo-do-distrito-federal-estuda-projeto-para-a-criacao-de-guarda-civil\/"},"author":{"name":"Paulo Bilynskyj","@id":"https:\/\/www.estrategiaconcursos.com.br\/blog\/#\/schema\/person\/a630b15e36f45b4c21fed01219843cb5"},"headline":"O Governo do Distrito Federal estuda projeto para a cria\u00e7\u00e3o de Guarda Civil","datePublished":"2019-10-14T19:16:41+00:00","dateModified":"2019-10-14T19:16:43+00:00","mainEntityOfPage":{"@id":"https:\/\/www.estrategiaconcursos.com.br\/blog\/o-governo-do-distrito-federal-estuda-projeto-para-a-criacao-de-guarda-civil\/"},"wordCount":473,"commentCount":0,"publisher":{"@id":"https:\/\/www.estrategiaconcursos.com.br\/blog\/#organization"},"image":{"@id":"https:\/\/www.estrategiaconcursos.com.br\/blog\/o-governo-do-distrito-federal-estuda-projeto-para-a-criacao-de-guarda-civil\/#primaryimage"},"thumbnailUrl":"https:\/\/dhg1h5j42swfq.cloudfront.net\/2017\/06\/21113945\/CONCURSOS-DF-e1498055991125.jpg","articleSection":["Concursos P\u00fablicos"],"inLanguage":"pt-BR","potentialAction":[{"@type":"CommentAction","name":"Comment","target":["https:\/\/www.estrategiaconcursos.com.br\/blog\/o-governo-do-distrito-federal-estuda-projeto-para-a-criacao-de-guarda-civil\/#respond"]}],"copyrightYear":"2019","copyrightHolder":{"@id":"https:\/\/www.estrategiaconcursos.com.br\/blog\/#organization"}},{"@type":"WebPage","@id":"https:\/\/www.estrategiaconcursos.com.br\/blog\/o-governo-do-distrito-federal-estuda-projeto-para-a-criacao-de-guarda-civil\/","url":"https:\/\/www.estrategiaconcursos.com.br\/blog\/o-governo-do-distrito-federal-estuda-projeto-para-a-criacao-de-guarda-civil\/","name":"O Governo do Distrito Federal estuda projeto para a cria\u00e7\u00e3o de Guarda Civil","isPartOf":{"@id":"https:\/\/www.estrategiaconcursos.com.br\/blog\/#website"},"primaryImageOfPage":{"@id":"https:\/\/www.estrategiaconcursos.com.br\/blog\/o-governo-do-distrito-federal-estuda-projeto-para-a-criacao-de-guarda-civil\/#primaryimage"},"image":{"@id":"https:\/\/www.estrategiaconcursos.com.br\/blog\/o-governo-do-distrito-federal-estuda-projeto-para-a-criacao-de-guarda-civil\/#primaryimage"},"thumbnailUrl":"https:\/\/dhg1h5j42swfq.cloudfront.net\/2017\/06\/21113945\/CONCURSOS-DF-e1498055991125.jpg","datePublished":"2019-10-14T19:16:41+00:00","dateModified":"2019-10-14T19:16:43+00:00","breadcrumb":{"@id":"https:\/\/www.estrategiaconcursos.com.br\/blog\/o-governo-do-distrito-federal-estuda-projeto-para-a-criacao-de-guarda-civil\/#breadcrumb"},"inLanguage":"pt-BR","potentialAction":[{"@type":"ReadAction","target":["https:\/\/www.estrategiaconcursos.com.br\/blog\/o-governo-do-distrito-federal-estuda-projeto-para-a-criacao-de-guarda-civil\/"]}]},{"@type":"ImageObject","inLanguage":"pt-BR","@id":"https:\/\/www.estrategiaconcursos.com.br\/blog\/o-governo-do-distrito-federal-estuda-projeto-para-a-criacao-de-guarda-civil\/#primaryimage","url":"https:\/\/dhg1h5j42swfq.cloudfront.net\/2017\/06\/21113945\/CONCURSOS-DF-e1498055991125.jpg","contentUrl":"https:\/\/dhg1h5j42swfq.cloudfront.net\/2017\/06\/21113945\/CONCURSOS-DF-e1498055991125.jpg","width":400,"height":209,"caption":"concursos DF"},{"@type":"BreadcrumbList","@id":"https:\/\/www.estrategiaconcursos.com.br\/blog\/o-governo-do-distrito-federal-estuda-projeto-para-a-criacao-de-guarda-civil\/#breadcrumb","itemListElement":[{"@type":"ListItem","position":1,"name":"In\u00edcio","item":"https:\/\/www.estrategiaconcursos.com.br\/blog\/"},{"@type":"ListItem","position":2,"name":"O Governo do Distrito Federal estuda projeto para a cria\u00e7\u00e3o de Guarda Civil"}]},{"@type":"WebSite","@id":"https:\/\/www.estrategiaconcursos.com.br\/blog\/#website","url":"https:\/\/www.estrategiaconcursos.com.br\/blog\/","name":"Estrat\u00e9gia Concursos","description":"O blog da Estrat\u00e9gia Concursos traz not\u00edcias sobre concursos e artigos de professores oferecendo cursos para concursos (pdf + videaulas) no site.","publisher":{"@id":"https:\/\/www.estrategiaconcursos.com.br\/blog\/#organization"},"potentialAction":[{"@type":"SearchAction","target":{"@type":"EntryPoint","urlTemplate":"https:\/\/www.estrategiaconcursos.com.br\/blog\/?s={search_term_string}"},"query-input":{"@type":"PropertyValueSpecification","valueRequired":true,"valueName":"search_term_string"}}],"inLanguage":"pt-BR"},{"@type":"Organization","@id":"https:\/\/www.estrategiaconcursos.com.br\/blog\/#organization","name":"Estrat\u00e9gia Concursos","url":"https:\/\/www.estrategiaconcursos.com.br\/blog\/","logo":{"@type":"ImageObject","inLanguage":"pt-BR","@id":"https:\/\/www.estrategiaconcursos.com.br\/blog\/#\/schema\/logo\/image\/","url":"https:\/\/dhg1h5j42swfq.cloudfront.net\/2025\/06\/03203428\/logo_concursos-1.jpg","contentUrl":"https:\/\/dhg1h5j42swfq.cloudfront.net\/2025\/06\/03203428\/logo_concursos-1.jpg","width":230,"height":60,"caption":"Estrat\u00e9gia Concursos"},"image":{"@id":"https:\/\/www.estrategiaconcursos.com.br\/blog\/#\/schema\/logo\/image\/"},"sameAs":["https:\/\/x.com\/EstratConcursos"]},{"@type":"Person","@id":"https:\/\/www.estrategiaconcursos.com.br\/blog\/#\/schema\/person\/a630b15e36f45b4c21fed01219843cb5","name":"Paulo Bilynskyj","image":{"@type":"ImageObject","inLanguage":"pt-BR","@id":"https:\/\/secure.gravatar.com\/avatar\/37e21f70c9042e7456beffdc6d31fe051f3f6dcbf252f69343a791b144852057?s=96&d=mm&r=g","url":"https:\/\/secure.gravatar.com\/avatar\/37e21f70c9042e7456beffdc6d31fe051f3f6dcbf252f69343a791b144852057?s=96&d=mm&r=g","contentUrl":"https:\/\/secure.gravatar.com\/avatar\/37e21f70c9042e7456beffdc6d31fe051f3f6dcbf252f69343a791b144852057?s=96&d=mm&r=g","caption":"Paulo Bilynskyj"},"url":"https:\/\/www.estrategiaconcursos.com.br\/blog\/author\/pbilynskyjgmail-com\/"}]}},"_links":{"self":[{"href":"https:\/\/www.estrategiaconcursos.com.br\/blog\/wp-json\/wp\/v2\/posts\/433906","targetHints":{"allow":["GET"]}}],"collection":[{"href":"https:\/\/www.estrategiaconcursos.com.br\/blog\/wp-json\/wp\/v2\/posts"}],"about":[{"href":"https:\/\/www.estrategiaconcursos.com.br\/blog\/wp-json\/wp\/v2\/types\/post"}],"author":[{"embeddable":true,"href":"https:\/\/www.estrategiaconcursos.com.br\/blog\/wp-json\/wp\/v2\/users\/552"}],"replies":[{"embeddable":true,"href":"https:\/\/www.estrategiaconcursos.com.br\/blog\/wp-json\/wp\/v2\/comments?post=433906"}],"version-history":[{"count":2,"href":"https:\/\/www.estrategiaconcursos.com.br\/blog\/wp-json\/wp\/v2\/posts\/433906\/revisions"}],"predecessor-version":[{"id":433996,"href":"https:\/\/www.estrategiaconcursos.com.br\/blog\/wp-json\/wp\/v2\/posts\/433906\/revisions\/433996"}],"wp:featuredmedia":[{"embeddable":true,"href":"https:\/\/www.estrategiaconcursos.com.br\/blog\/wp-json\/wp\/v2\/media\/78489"}],"wp:attachment":[{"href":"https:\/\/www.estrategiaconcursos.com.br\/blog\/wp-json\/wp\/v2\/media?parent=433906"}],"wp:term":[{"taxonomy":"category","embeddable":true,"href":"https:\/\/www.estrategiaconcursos.com.br\/blog\/wp-json\/wp\/v2\/categories?post=433906"},{"taxonomy":"post_tag","embeddable":true,"href":"https:\/\/www.estrategiaconcursos.com.br\/blog\/wp-json\/wp\/v2\/tags?post=433906"},{"taxonomy":"tax_estado","embeddable":true,"href":"https:\/\/www.estrategiaconcursos.com.br\/blog\/wp-json\/wp\/v2\/tax_estado?post=433906"}],"curies":[{"name":"wp","href":"https:\/\/api.w.org\/{rel}","templated":true}]}}