{"id":433791,"date":"2025-09-10T11:14:00","date_gmt":"2025-09-10T14:14:00","guid":{"rendered":"https:\/\/www.estrategiaconcursos.com.br\/blog\/?p=433791"},"modified":"2025-09-10T13:39:36","modified_gmt":"2025-09-10T16:39:36","slug":"concurso-guarda-de-marica-rj","status":"publish","type":"post","link":"https:\/\/www.estrategiaconcursos.com.br\/blog\/concurso-guarda-de-marica-rj\/","title":{"rendered":"Concurso Guarda de Maric\u00e1 RJ: novo edital \u00e9 confirmado!"},"content":{"rendered":"\n<p>Um novo <strong>concurso Guarda de Maric\u00e1<\/strong>, munic\u00edpio localizado no estado do Rio de Janeiro, foi confirmado. A informa\u00e7\u00e3o foi anunciada pelo prefeito Washington Quaqu\u00e1.<\/p>\n\n\n\n<p>Ainda n\u00e3o h\u00e1 mais detalhes a respeito do quantitativo de vagas do pr\u00f3ximo certame, nem previs\u00e3o para publica\u00e7\u00e3o do edital. A expectativa \u00e9 de que em breve a comiss\u00e3o seja formada e a banca organizadora contratada.<a href=\"https:\/\/www.threads.com\/@washington.quaqua.5?xmt=AQF0R9AiuvZ76geJ_zvxpc_7Zg8RgrE6kUb2xrVxWS54nF8\" target=\"_blank\" rel=\"noreferrer noopener\"><\/a><\/p>\n\n\n\n<ul class=\"wp-block-list has-very-light-gray-to-cyan-bluish-gray-gradient-background has-background\">\n<li><strong>Guarda de Maric\u00e1 &#8211; RJ<\/strong><\/li>\n\n\n\n<li><strong>Status<\/strong>: previsto<\/li>\n\n\n\n<li><strong>Vagas:<\/strong> a definir<\/li>\n\n\n\n<li><strong>Sal\u00e1rio inicial:<\/strong> a definir<\/li>\n\n\n\n<li><strong>\u00daltimo edital<\/strong>:\u00a0<a aria-label=\"Edital Guarda de Maric\u00e1 (abre numa nova aba)\" href=\"https:\/\/dhg1h5j42swfq.cloudfront.net\/2019\/10\/14151829\/edital_concurso_guarda_de_marica_rj_2019.pdf\" target=\"_blank\" rel=\"noreferrer noopener\">Guarda de Maric\u00e1-2019<\/a><\/li>\n<\/ul>\n\n\n\n<p>Confira neste artigo as principais informa\u00e7\u00f5es sobre o concurso. Acompanhe os t\u00f3picos abaixo e n\u00e3o perca nenhum detalhe!<\/p>\n\n\n\n<ul id=\"indice\" class=\"wp-block-list\">\n<li><a href=\"#principais\">Situa\u00e7\u00e3o atual do concurso<\/a>\n<ul class=\"wp-block-list\">\n<li><a href=\"#novo-previsto\">Novo concurso previsto<\/a><\/li>\n\n\n\n<li><a href=\"#armamento\">Armamento para a Guarda<\/a><\/li>\n<\/ul>\n<\/li>\n\n\n\n<li><a href=\"#conheca\">Conhe\u00e7a a Guarda Municipal de Maric\u00e1<\/a>\n<ul class=\"wp-block-list\">\n<li><a href=\"#atribuicoes\">Atribui\u00e7\u00f5es<\/a><\/li>\n<\/ul>\n<\/li>\n\n\n\n<li><a href=\"#carreira\">Carreira da Guarda de Maric\u00e1<\/a>\n<ul class=\"wp-block-list\">\n<li><a href=\"#salario\">Sal\u00e1rio<\/a><\/li>\n\n\n\n<li><a href=\"#requisitos\">Requisitos<\/a><\/li>\n<\/ul>\n<\/li>\n\n\n\n<li><a href=\"#ultimo\">\u00daltimo concurso<\/a>\n<ul class=\"wp-block-list\">\n<li><a href=\"#vagas\">Vagas e remunera\u00e7\u00e3o<\/a><\/li>\n\n\n\n<li><a href=\"#etapas-ultimo\">Etapas do concurso<\/a><\/li>\n<\/ul>\n<\/li>\n\n\n\n<li><a href=\"#cursos\">Cursos e assinatura<\/a><\/li>\n\n\n\n<li><a href=\"#ficha\">Ficha t\u00e9cnica<\/a><\/li>\n<\/ul>\n\n\n\n<div class=\"container\" id=\"boxes\">\n  <div class=\"row\">\n\n    <div class=\"col-sm\">\n      <div class=\"banner-guarda-gcm\" id=\"box-assinatura\">\n        <h3 class=\"titulo-assinatura\">Concurso GCM Maric\u00e1<\/h3>\n        <p class=\"subtitulo-assinatura\">Conhe\u00e7a os cursos<\/p>\n        <div class=\"box-botao\">\n          <a class=\"btn-assinatura\" target=\"_blank\" href=\"https:\/\/www.estrategiaconcursos.com.br\/pesquisa\/?q=guarda+de+marica+rj\" role=\"button\" rel=\"noopener noreferrer\">Conhe\u00e7a mais<\/a>\n        <\/div>\n      <\/div>\n     \n    <\/div>\n\n  <\/div>\n<\/div>\n\n\n\n<h2 class=\"wp-block-heading\" id=\"principais\">Situa\u00e7\u00e3o atual e panorama do concurso Guarda de Maric\u00e1<\/h2>\n\n\n\n<h3 class=\"wp-block-heading\" id=\"novo-previsto\">Novo concurso previsto<\/h3>\n\n\n\n<p>Atrav\u00e9s de seu perfil nas redes sociais, o prefeito de Maric\u00e1, Washington Quaqu\u00e1, <strong>confirmou a realiza\u00e7\u00e3o de um novo concurso p\u00fablico para a Guarda Civil Municipal<\/strong>.<\/p>\n\n\n\n<figure class=\"wp-block-image aligncenter size-full\"><img loading=\"lazy\" decoding=\"async\" width=\"625\" height=\"306\" src=\"https:\/\/dhg1h5j42swfq.cloudfront.net\/2020\/06\/08194745\/image-114.png\" alt=\"Concurso GCM Maric\u00e1 \u00e9 confirmado pelo prefeito\" class=\"wp-image-1636531\" srcset=\"https:\/\/dhg1h5j42swfq.cloudfront.net\/2020\/06\/08194745\/image-114.png 625w, https:\/\/dhg1h5j42swfq.cloudfront.net\/2020\/06\/08194745\/image-114-300x147.png 300w, https:\/\/dhg1h5j42swfq.cloudfront.net\/2020\/06\/08194745\/image-114-150x73.png 150w\" sizes=\"auto, (max-width: 625px) 100vw, 625px\" \/><figcaption class=\"wp-element-caption\">Concurso GCM Maric\u00e1 \u00e9 confirmado pelo prefeito<\/figcaption><\/figure>\n\n\n\n<h3 class=\"wp-block-heading\" id=\"armamento\">Armamento para a Guarda de Maric\u00e1<\/h3>\n\n\n\n<p>A Prefeitura de Maric\u00e1, por meio da Secretaria de Seguran\u00e7a Cidad\u00e3, alcan\u00e7ou a aprova\u00e7\u00e3o, por unanimidade, na C\u00e2mara dos Vereadores, do projeto de lei que autoriza o armamento da Guarda Municipal. <\/p>\n\n\n\n<p><em>\u201cN\u00f3s aprovamos, na C\u00e2mara Municipal de Maric\u00e1, o armamento da Guarda Municipal em segunda vota\u00e7\u00e3o. Isso significa que a nossa guarda est\u00e1 autorizada a ser armada. N\u00f3s seguiremos todos os protocolos para que os agentes sejam treinados pelo BOPE. Faremos de Maric\u00e1 a cidade mais segura do Brasil trabalhando em conjunto com todas as for\u00e7as de seguran\u00e7a\u201d<\/em>, afirmou o prefeito Quaqu\u00e1.<\/p>\n\n\n\n<p>Segundo o secret\u00e1rio de Seguran\u00e7a Cidad\u00e3, coronel Julio Veras, os agentes passar\u00e3o por um processo de treinamento, realizado em parceria com a Pol\u00edcia Militar do Rio de Janeiro. Al\u00e9m disso, o uso de c\u00e2meras corporais ser\u00e1 obrigat\u00f3rio para todos os agentes armados.<\/p>\n\n\n\n<p><em>\u201cHoje \u00e9 um dia hist\u00f3rico para a Guarda Municipal de Maric\u00e1. Estamos avan\u00e7ando em um projeto constru\u00eddo com seriedade e responsabilidade, formando uma guarda armada, bem treinada e capacitada para proteger a nossa popula\u00e7\u00e3o. Esse passo refor\u00e7a o compromisso do prefeito Washington Quaqu\u00e1 em compreender que o crescimento da cidade e dos investimentos deve caminhar lado a lado com uma seguran\u00e7a consolidada. Novos desafios surgem e estamos prontos para enfrent\u00e1-los com preparo, disciplina e, acima de tudo, respeito aos direitos fundamentais de cada cidad\u00e3o\u201d<\/em>, afirmou o secret\u00e1rio.<\/p>\n\n\n\n<h2 class=\"wp-block-heading\" id=\"conheca\">Conhe\u00e7a a Guarda Municipal de Maric\u00e1 RJ<\/h2>\n\n\n\n<p>A Secretaria de Seguran\u00e7a Cidad\u00e3 \u00e9 o \u00f3rg\u00e3o respons\u00e1vel por formular e implantar pol\u00edticas p\u00fablicas que garantam a manuten\u00e7\u00e3o da ordem urbana e a integra\u00e7\u00e3o e apoio da Prefeitura com todas as for\u00e7as de seguran\u00e7a p\u00fablica.<\/p>\n\n\n\n<h3 class=\"wp-block-heading\" id=\"atribuicoes\">Atribui\u00e7\u00f5es<\/h3>\n\n\n\n<ul class=\"wp-block-list\">\n<li>Gest\u00e3o do Programa de Integra\u00e7\u00e3o na Seguran\u00e7a \u2013 PROEIS da Pol\u00edcia Militar: O programa prev\u00ea que policiais militares possam, voluntariamente, trabalhar em seus hor\u00e1rios de folga e receber gratifica\u00e7\u00e3o por conta da ades\u00e3o. O programa \u00e9 custeado pela Prefeitura, mas a fiscaliza\u00e7\u00e3o \u00e9 realizada de forma integrada entre o munic\u00edpio e a Pol\u00edcia Militar;<\/li>\n\n\n\n<li>Gest\u00e3o de pol\u00edticas voltadas para resultados na seguran\u00e7a p\u00fablica com foco nos indicadores de seguran\u00e7a p\u00fablica do munic\u00edpio foi criada a Coordenadoria Geral de Intelig\u00eancia com o prop\u00f3sito de organizar uma estrutura de direcionamento das a\u00e7\u00f5es para tomada de decis\u00f5es e a separa\u00e7\u00e3o por eixos com foco na gest\u00e3o da seguran\u00e7a por meio da cria\u00e7\u00e3o da Secretaria de Ordem P\u00fablica e Gest\u00e3o;<\/li>\n\n\n\n<li>Gest\u00e3o da Guarda Municipal: A Guarda Municipal \u00e9 de grande import\u00e2ncia para um servi\u00e7o p\u00fablico de qualidade, para al\u00e9m de outros agentes p\u00fablicos, \u00e9 a qualidade do servi\u00e7o prestado por eles que vai definir a qualidade do atendimento ao cidad\u00e3o, cabendo \u00e0 gest\u00e3o lhe fornecer ambientes favor\u00e1veis e motivadores, ferramentas e acess\u00f3rios que agreguem valor ao seu servi\u00e7o. Hoje, a cidade possui um contingente de 329 guardas municipais.<\/li>\n<\/ul>\n\n\n\n<h2 class=\"wp-block-heading\" id=\"carreira\">Carreira da Guarda de Maric\u00e1<\/h2>\n\n\n\n<h3 class=\"wp-block-heading\" id=\"salario\">Quanto ganha um Guarda Municipal de Maric\u00e1?<\/h3>\n\n\n\n<p>Os dados do portal da transpar\u00eancia da Prefeitura Municipal informam que os servidores recebem sal\u00e1rios m\u00e9dios de R$ 1,8 mil a R$ 2,9 mil, variando segundo a data de admiss\u00e3o.<\/p>\n\n\n\n<figure class=\"wp-block-image aligncenter size-large\"><img loading=\"lazy\" decoding=\"async\" width=\"1024\" height=\"388\" src=\"https:\/\/dhg1h5j42swfq.cloudfront.net\/2025\/09\/10112718\/image-114-1024x388.png\" alt=\"Sal\u00e1rio da GCM Maric\u00e1\" class=\"wp-image-1636552\" srcset=\"https:\/\/dhg1h5j42swfq.cloudfront.net\/2025\/09\/10112718\/image-114-1024x388.png 1024w, https:\/\/dhg1h5j42swfq.cloudfront.net\/2025\/09\/10112718\/image-114-300x114.png 300w, https:\/\/dhg1h5j42swfq.cloudfront.net\/2025\/09\/10112718\/image-114-768x291.png 768w, https:\/\/dhg1h5j42swfq.cloudfront.net\/2025\/09\/10112718\/image-114-150x57.png 150w, https:\/\/dhg1h5j42swfq.cloudfront.net\/2025\/09\/10112718\/image-114.png 1274w\" sizes=\"auto, (max-width: 1024px) 100vw, 1024px\" \/><figcaption class=\"wp-element-caption\">Sal\u00e1rio da GCM Maric\u00e1<\/figcaption><\/figure>\n\n\n\n<h3 class=\"wp-block-heading\" id=\"requisitos\">Requisitos do cargo<\/h3>\n\n\n\n<ul class=\"wp-block-list\">\n<li>Ensino m\u00e9dio completo;<\/li>\n\n\n\n<li>Idade entre 18 anos e 35 anos at\u00e9 o primeiro dia do per\u00edodo de inscri\u00e7\u00e3o; <\/li>\n\n\n\n<li>Carteira Nacional de Habilita\u00e7\u00e3o nas categorias A ou B.<\/li>\n<\/ul>\n\n\n\n<h2 class=\"wp-block-heading\" id=\"ultimo\">\u00daltimo concurso Guarda de Maric\u00e1<\/h2>\n\n\n\n<h3 class=\"wp-block-heading\" id=\"vagas\">Vagas e remunera\u00e7\u00e3o<\/h3>\n\n\n\n<p>Foram ofertadas 200 vagas para cargo, que exige o ensino m\u00e9dio completo. <\/p>\n\n\n\n<figure class=\"wp-block-table is-style-stripes\"><table class=\"has-very-light-gray-to-cyan-bluish-gray-gradient-background has-background has-fixed-layout\"><thead><tr><th class=\"has-text-align-center\" data-align=\"center\">Cargo<\/th><th class=\"has-text-align-center\" data-align=\"center\">Vagas<\/th><th class=\"has-text-align-center\" data-align=\"center\">Sal\u00e1rio<\/th><\/tr><\/thead><tbody><tr><td class=\"has-text-align-center\" data-align=\"center\">Guarda Civil Municipal <\/td><td class=\"has-text-align-center\" data-align=\"center\">200 <\/td><td class=\"has-text-align-center\" data-align=\"center\">R$ 1.749,38 <\/td><\/tr><\/tbody><\/table><\/figure>\n\n\n\n<h3 class=\"wp-block-heading\" id=\"etapas-ultimo\">Etapas do concurso<\/h3>\n\n\n\n<p>As etapas do concurso Guarda de Marica RJ foram constitu\u00eddas de Prova Objetiva, Prova de Aptid\u00e3o F\u00edsica e Exame Psicot\u00e9cnico e Exame M\u00e9dico. <\/p>\n\n\n\n<p><strong>Prova Objetiva<\/strong><\/p>\n\n\n\n<p>A Prova Objetiva consistiu em quest\u00f5es de m\u00faltipla escolha, de car\u00e1ter eliminat\u00f3rio e classificat\u00f3rio. A pontua\u00e7\u00e3o da prova variou de 0 e 100 pontos, com dura\u00e7\u00e3o m\u00e1xima de 4 horas.<\/p>\n\n\n\n<ul class=\"wp-block-list\">\n<li>L\u00edngua Portuguesa &#8211; 10<\/li>\n\n\n\n<li>Racioc\u00ednio L\u00f3gico e No\u00e7\u00f5es de Inform\u00e1tica &#8211; 10<\/li>\n\n\n\n<li>Conhecimentos Espec\u00edficos &#8211; 30<\/li>\n<\/ul>\n\n\n\n<p><strong>Prova de Aptid\u00e3o F\u00edsica<\/strong><\/p>\n\n\n\n<p>A Prova de Aptid\u00e3o F\u00edsica, de car\u00e1ter eliminat\u00f3rio, aferiu a aptid\u00e3o e a capacidade do candidato para suportar f\u00edsica e organicamente as exig\u00eancias das atribui\u00e7\u00f5es do cargo. A etapa consistiu em quatro exerc\u00edcios.<\/p>\n\n\n\n<figure class=\"wp-block-image aligncenter\"><img loading=\"lazy\" decoding=\"async\" width=\"569\" height=\"206\" src=\"https:\/\/dhg1h5j42swfq.cloudfront.net\/2019\/10\/14150433\/image102.png\" alt=\"\" class=\"wp-image-433899\" srcset=\"https:\/\/dhg1h5j42swfq.cloudfront.net\/2019\/10\/14150433\/image102.png 569w, https:\/\/dhg1h5j42swfq.cloudfront.net\/2019\/10\/14150433\/image102.png 300w\" sizes=\"auto, (max-width: 569px) 100vw, 569px\" \/><\/figure>\n\n\n\n<h3 class=\"wp-block-heading\" id=\"h-edital-estrategico-gcm-marica\">Edital Estrat\u00e9gico GCM Maric\u00e1<\/h3>\n\n\n\n<ul class=\"wp-block-list\">\n<li><a href=\"https:\/\/drive.google.com\/file\/d\/0B9ZvqIbaLYTFdTlhTllEVHFpeDZ6eWUxRzhOMTZaYTNjWjF3\/view?usp=sharing\"><strong>Edital Estrat\u00e9gico Guarda de Maric\u00e1 &#8211; RJ<\/strong><\/a><\/li>\n<\/ul>\n\n\n\n<hr class=\"wp-block-separator has-alpha-channel-opacity\"\/>\n\n\n\n<h2 class=\"wp-block-heading has-text-align-center\" id=\"cursos\">Quer saber tudo sobre concursos previstos?<br \/>Confira nossos artigos!<\/h2>\n\n\n\n<ul class=\"wp-block-list\">\n<li><a href=\"https:\/\/www.estrategiaconcursos.com.br\/blog\/concursos-abertos\/\" target=\"_blank\" rel=\"noreferrer noopener\">Concursos abertos<\/a><\/li>\n\n\n\n<li><a href=\"https:\/\/www.estrategiaconcursos.com.br\/blog\/concursos-guarda-municipal\/\" target=\"_blank\" rel=\"noreferrer noopener\">Concursos Guarda Municipal<\/a><\/li>\n\n\n\n<li><a href=\"https:\/\/www.estrategiaconcursos.com.br\/blog\/concursos-2025\/\" target=\"_blank\" rel=\"noreferrer noopener\">Concursos 2025<\/a><\/li>\n\n\n\n<li><a href=\"https:\/\/www.estrategiaconcursos.com.br\/blog\/concursos-2026\/\" target=\"_blank\" rel=\"noreferrer noopener\">Concursos 2026<\/a><\/li>\n<\/ul>\n\n\n\n<h2 class=\"wp-block-heading has-text-align-center\" id=\"curso\">Quer estudar para o concurso Guarda de Maric\u00e1?<\/h2>\n\n\n\n<div class=\"container\" id=\"boxes\">\n  <div class=\"row\">\n\n    <div class=\"col-sm\">\n      <div class=\"banner-guarda-gcm\" id=\"box-assinatura\">\n        <h3 class=\"titulo-assinatura\">Concurso GCM Maric\u00e1<\/h3>\n        <p class=\"subtitulo-assinatura\">Conhe\u00e7a os cursos<\/p>\n        <div class=\"box-botao\">\n          <a class=\"btn-assinatura\" target=\"_blank\" href=\"https:\/\/www.estrategiaconcursos.com.br\/pesquisa\/?q=guarda+de+marica+rj\" role=\"button\" rel=\"noopener noreferrer\">Conhe\u00e7a mais<\/a>\n        <\/div>\n      <\/div>\n     \n    <\/div>\n\n  <\/div>\n<\/div>\n\n\n\n<div class=\"container\" id=\"boxes\">\n  <div class=\"row\">\n\n    <div class=\"col-sm\">\n      <div class=\"estrategia\" id=\"box-assinatura\">\n        <h3 class=\"titulo-assinatura\">Assinatura de Concursos<\/h3>\n        <p class=\"subtitulo-assinatura\">Assinatura de 1 ano ou 2 anos<\/p>\n        <div class=\"box-botao\">\n          <a class=\"btn-assinatura\" target=\"_blank\" href=\"https:\/\/www.estrategiaconcursos.com.br\/assinaturas\/\" role=\"button\" rel=\"noopener noreferrer\">ASSINE AGORA<\/a>\n        <\/div>\n      <\/div>\n     \n    <\/div><\/div><\/div>\n\n\n\n<figure class=\"wp-block-image size-full is-resized\"><img loading=\"lazy\" decoding=\"async\" width=\"1024\" height=\"632\" src=\"https:\/\/dhg1h5j42swfq.cloudfront.net\/2021\/05\/27001950\/ficha-tecnica-1-1024x632-1-21.png\" alt=\"Ficha t\u00e9cnica\" class=\"wp-image-752712\" style=\"width:244px;height:auto\" srcset=\"https:\/\/dhg1h5j42swfq.cloudfront.net\/2021\/05\/27001950\/ficha-tecnica-1-1024x632-1-21.png 1024w, https:\/\/dhg1h5j42swfq.cloudfront.net\/2021\/05\/27001950\/ficha-tecnica-1-1024x632-1-21-300x185.png 300w, https:\/\/dhg1h5j42swfq.cloudfront.net\/2021\/05\/27001950\/ficha-tecnica-1-1024x632-1-21-768x474.png 768w, https:\/\/dhg1h5j42swfq.cloudfront.net\/2021\/05\/27001950\/ficha-tecnica-1-1024x632-1-21-610x376.png 610w\" sizes=\"auto, (max-width: 1024px) 100vw, 1024px\" \/><\/figure>\n\n\n\n<h3 class=\"wp-block-heading\" id=\"ficha\">Informa\u00e7\u00f5es\u00a0do \u00faltimo concurso GCM Maric\u00e1 RJ<\/h3>\n\n\n\n<ul class=\"wp-block-list\">\n<li><strong>Data: <\/strong>2019<\/li>\n\n\n\n<li><strong>Vagas<\/strong>: 200<\/li>\n\n\n\n<li><strong>Cargo<\/strong>: Guarda Civil Municipal<\/li>\n\n\n\n<li><strong>Banca<\/strong>: UFF<\/li>\n\n\n\n<li><strong>Escolaridade<\/strong>: N\u00edvel m\u00e9dio<\/li>\n\n\n\n<li><strong>Edital<\/strong>:\u00a0<a aria-label=\"Edital Guarda de Maric\u00e1 (abre numa nova aba)\" href=\"https:\/\/dhg1h5j42swfq.cloudfront.net\/2019\/10\/14151829\/edital_concurso_guarda_de_marica_rj_2019.pdf\" target=\"_blank\" rel=\"noreferrer noopener\">Guarda de Maric\u00e1-2019<\/a><\/li>\n<\/ul>\n","protected":false},"excerpt":{"rendered":"<p>Um novo concurso Guarda de Maric\u00e1, munic\u00edpio localizado no estado do Rio de Janeiro, foi confirmado. A informa\u00e7\u00e3o foi anunciada pelo prefeito Washington Quaqu\u00e1. Ainda n\u00e3o h\u00e1 mais detalhes a respeito do quantitativo de vagas do pr\u00f3ximo certame, nem previs\u00e3o para publica\u00e7\u00e3o do edital. A expectativa \u00e9 de que em breve a comiss\u00e3o seja formada [&hellip;]<\/p>\n","protected":false},"author":1,"featured_media":1636556,"comment_status":"open","ping_status":"closed","sticky":false,"template":"","format":"standard","meta":{"post_tipo":"news_page","footnotes":""},"categories":[1,1988],"tags":[],"tax_estado":[],"class_list":["post-433791","post","type-post","status-publish","format-standard","has-post-thumbnail","hentry","category-cursos-e-concursos","category-policia"],"acf":[],"yoast_head":"<!-- This site is optimized with the Yoast SEO Premium plugin v27.2 (Yoast SEO v27.2) - https:\/\/yoast.com\/product\/yoast-seo-premium-wordpress\/ -->\n<title>Concurso Guarda de Maric\u00e1 RJ: novo edital \u00e9 confirmado!<\/title>\n<meta name=\"description\" content=\"Mais um edital da \u00e1rea de seguran\u00e7a ser\u00e1 realizado! O concurso Guarda de Maric\u00e1 foi confirmado pelo prefeito. Confira aqui!\" \/>\n<meta name=\"robots\" content=\"index, follow, max-snippet:-1, max-image-preview:large, max-video-preview:-1\" \/>\n<link rel=\"canonical\" href=\"https:\/\/www.estrategiaconcursos.com.br\/blog\/concurso-guarda-de-marica-rj\/\" \/>\n<meta property=\"og:locale\" content=\"pt_BR\" \/>\n<meta property=\"og:type\" content=\"article\" \/>\n<meta property=\"og:title\" content=\"Concurso Guarda de Maric\u00e1 RJ: novo edital \u00e9 confirmado!\" \/>\n<meta property=\"og:description\" content=\"Mais um edital da \u00e1rea de seguran\u00e7a ser\u00e1 realizado! O concurso Guarda de Maric\u00e1 foi confirmado pelo prefeito. Confira aqui!\" \/>\n<meta property=\"og:url\" content=\"https:\/\/www.estrategiaconcursos.com.br\/blog\/concurso-guarda-de-marica-rj\/\" \/>\n<meta property=\"og:site_name\" content=\"Estrat\u00e9gia Concursos\" \/>\n<meta property=\"article:author\" content=\"https:\/\/www.facebook.com\/EstrategiaConcursos\" \/>\n<meta property=\"article:published_time\" content=\"2025-09-10T14:14:00+00:00\" \/>\n<meta property=\"article:modified_time\" content=\"2025-09-10T16:39:36+00:00\" \/>\n<meta property=\"og:image\" content=\"https:\/\/dhg1h5j42swfq.cloudfront.net\/2025\/09\/10113045\/guarda-de-marica-rj.jpg\" \/>\n\t<meta property=\"og:image:width\" content=\"768\" \/>\n\t<meta property=\"og:image:height\" content=\"432\" \/>\n\t<meta property=\"og:image:type\" content=\"image\/jpeg\" \/>\n<meta name=\"author\" content=\"Coordena\u00e7\u00e3o\" \/>\n<meta name=\"twitter:card\" content=\"summary_large_image\" \/>\n<meta name=\"twitter:creator\" content=\"@EstratConcursos\" \/>\n<meta name=\"twitter:site\" content=\"@EstratConcursos\" \/>\n<meta name=\"twitter:label1\" content=\"Escrito por\" \/>\n\t<meta name=\"twitter:data1\" content=\"Coordena\u00e7\u00e3o\" \/>\n\t<meta name=\"twitter:label2\" content=\"Est. tempo de leitura\" \/>\n\t<meta name=\"twitter:data2\" content=\"5 minutos\" \/>\n<script type=\"application\/ld+json\" class=\"yoast-schema-graph\">{\"@context\":\"https:\/\/schema.org\",\"@graph\":[{\"@type\":\"NewsArticle\",\"@id\":\"https:\/\/www.estrategiaconcursos.com.br\/blog\/concurso-guarda-de-marica-rj\/#article\",\"isPartOf\":{\"@id\":\"https:\/\/www.estrategiaconcursos.com.br\/blog\/concurso-guarda-de-marica-rj\/\"},\"author\":{\"name\":\"Coordena\u00e7\u00e3o\",\"@id\":\"https:\/\/www.estrategiaconcursos.com.br\/blog\/#\/schema\/person\/b4a388c97673c5f483d72185668afa1f\"},\"headline\":\"Concurso Guarda de Maric\u00e1 RJ: novo edital \u00e9 confirmado!\",\"datePublished\":\"2025-09-10T14:14:00+00:00\",\"dateModified\":\"2025-09-10T16:39:36+00:00\",\"mainEntityOfPage\":{\"@id\":\"https:\/\/www.estrategiaconcursos.com.br\/blog\/concurso-guarda-de-marica-rj\/\"},\"wordCount\":1069,\"commentCount\":0,\"publisher\":{\"@id\":\"https:\/\/www.estrategiaconcursos.com.br\/blog\/#organization\"},\"image\":{\"@id\":\"https:\/\/www.estrategiaconcursos.com.br\/blog\/concurso-guarda-de-marica-rj\/#primaryimage\"},\"thumbnailUrl\":\"https:\/\/dhg1h5j42swfq.cloudfront.net\/2025\/09\/10113045\/guarda-de-marica-rj.jpg\",\"articleSection\":[\"Concursos P\u00fablicos\",\"Policial (Agente, Escriv\u00e3o e Investigador)\"],\"inLanguage\":\"pt-BR\",\"potentialAction\":[{\"@type\":\"CommentAction\",\"name\":\"Comment\",\"target\":[\"https:\/\/www.estrategiaconcursos.com.br\/blog\/concurso-guarda-de-marica-rj\/#respond\"]}],\"copyrightYear\":\"2025\",\"copyrightHolder\":{\"@id\":\"https:\/\/www.estrategiaconcursos.com.br\/blog\/#organization\"}},{\"@type\":\"WebPage\",\"@id\":\"https:\/\/www.estrategiaconcursos.com.br\/blog\/concurso-guarda-de-marica-rj\/\",\"url\":\"https:\/\/www.estrategiaconcursos.com.br\/blog\/concurso-guarda-de-marica-rj\/\",\"name\":\"Concurso Guarda de Maric\u00e1 RJ: novo edital \u00e9 confirmado!\",\"isPartOf\":{\"@id\":\"https:\/\/www.estrategiaconcursos.com.br\/blog\/#website\"},\"primaryImageOfPage\":{\"@id\":\"https:\/\/www.estrategiaconcursos.com.br\/blog\/concurso-guarda-de-marica-rj\/#primaryimage\"},\"image\":{\"@id\":\"https:\/\/www.estrategiaconcursos.com.br\/blog\/concurso-guarda-de-marica-rj\/#primaryimage\"},\"thumbnailUrl\":\"https:\/\/dhg1h5j42swfq.cloudfront.net\/2025\/09\/10113045\/guarda-de-marica-rj.jpg\",\"datePublished\":\"2025-09-10T14:14:00+00:00\",\"dateModified\":\"2025-09-10T16:39:36+00:00\",\"description\":\"Mais um edital da \u00e1rea de seguran\u00e7a ser\u00e1 realizado! O concurso Guarda de Maric\u00e1 foi confirmado pelo prefeito. Confira aqui!\",\"breadcrumb\":{\"@id\":\"https:\/\/www.estrategiaconcursos.com.br\/blog\/concurso-guarda-de-marica-rj\/#breadcrumb\"},\"inLanguage\":\"pt-BR\",\"potentialAction\":[{\"@type\":\"ReadAction\",\"target\":[\"https:\/\/www.estrategiaconcursos.com.br\/blog\/concurso-guarda-de-marica-rj\/\"]}]},{\"@type\":\"ImageObject\",\"inLanguage\":\"pt-BR\",\"@id\":\"https:\/\/www.estrategiaconcursos.com.br\/blog\/concurso-guarda-de-marica-rj\/#primaryimage\",\"url\":\"https:\/\/dhg1h5j42swfq.cloudfront.net\/2025\/09\/10113045\/guarda-de-marica-rj.jpg\",\"contentUrl\":\"https:\/\/dhg1h5j42swfq.cloudfront.net\/2025\/09\/10113045\/guarda-de-marica-rj.jpg\",\"width\":768,\"height\":432,\"caption\":\"Concurso Guarda de Maric\u00e1 RJ\"},{\"@type\":\"BreadcrumbList\",\"@id\":\"https:\/\/www.estrategiaconcursos.com.br\/blog\/concurso-guarda-de-marica-rj\/#breadcrumb\",\"itemListElement\":[{\"@type\":\"ListItem\",\"position\":1,\"name\":\"In\u00edcio\",\"item\":\"https:\/\/www.estrategiaconcursos.com.br\/blog\/\"},{\"@type\":\"ListItem\",\"position\":2,\"name\":\"Concurso Guarda de Maric\u00e1 RJ: novo edital \u00e9 confirmado!\"}]},{\"@type\":\"WebSite\",\"@id\":\"https:\/\/www.estrategiaconcursos.com.br\/blog\/#website\",\"url\":\"https:\/\/www.estrategiaconcursos.com.br\/blog\/\",\"name\":\"Estrat\u00e9gia Concursos\",\"description\":\"O blog da Estrat\u00e9gia Concursos traz not\u00edcias sobre concursos e artigos de professores oferecendo cursos para concursos (pdf + videaulas) no site.\",\"publisher\":{\"@id\":\"https:\/\/www.estrategiaconcursos.com.br\/blog\/#organization\"},\"potentialAction\":[{\"@type\":\"SearchAction\",\"target\":{\"@type\":\"EntryPoint\",\"urlTemplate\":\"https:\/\/www.estrategiaconcursos.com.br\/blog\/?s={search_term_string}\"},\"query-input\":{\"@type\":\"PropertyValueSpecification\",\"valueRequired\":true,\"valueName\":\"search_term_string\"}}],\"inLanguage\":\"pt-BR\"},{\"@type\":\"Organization\",\"@id\":\"https:\/\/www.estrategiaconcursos.com.br\/blog\/#organization\",\"name\":\"Estrat\u00e9gia Concursos\",\"url\":\"https:\/\/www.estrategiaconcursos.com.br\/blog\/\",\"logo\":{\"@type\":\"ImageObject\",\"inLanguage\":\"pt-BR\",\"@id\":\"https:\/\/www.estrategiaconcursos.com.br\/blog\/#\/schema\/logo\/image\/\",\"url\":\"https:\/\/dhg1h5j42swfq.cloudfront.net\/2025\/06\/03203428\/logo_concursos-1.jpg\",\"contentUrl\":\"https:\/\/dhg1h5j42swfq.cloudfront.net\/2025\/06\/03203428\/logo_concursos-1.jpg\",\"width\":230,\"height\":60,\"caption\":\"Estrat\u00e9gia Concursos\"},\"image\":{\"@id\":\"https:\/\/www.estrategiaconcursos.com.br\/blog\/#\/schema\/logo\/image\/\"},\"sameAs\":[\"https:\/\/x.com\/EstratConcursos\"]},{\"@type\":\"Person\",\"@id\":\"https:\/\/www.estrategiaconcursos.com.br\/blog\/#\/schema\/person\/b4a388c97673c5f483d72185668afa1f\",\"name\":\"Coordena\u00e7\u00e3o\",\"image\":{\"@type\":\"ImageObject\",\"inLanguage\":\"pt-BR\",\"@id\":\"https:\/\/secure.gravatar.com\/avatar\/b720319e4c9a967eb58678d110f4fe35452fc5d5f97b202bac7b8acceb18c6ad?s=96&d=mm&r=g\",\"url\":\"https:\/\/secure.gravatar.com\/avatar\/b720319e4c9a967eb58678d110f4fe35452fc5d5f97b202bac7b8acceb18c6ad?s=96&d=mm&r=g\",\"contentUrl\":\"https:\/\/secure.gravatar.com\/avatar\/b720319e4c9a967eb58678d110f4fe35452fc5d5f97b202bac7b8acceb18c6ad?s=96&d=mm&r=g\",\"caption\":\"Coordena\u00e7\u00e3o\"},\"sameAs\":[\"https:\/\/www.facebook.com\/EstrategiaConcursos\",\"https:\/\/x.com\/EstratConcursos\"],\"url\":\"https:\/\/www.estrategiaconcursos.com.br\/blog\/author\/estrategia2013\/\"}]}<\/script>\n<!-- \/ Yoast SEO Premium plugin. -->","yoast_head_json":{"title":"Concurso Guarda de Maric\u00e1 RJ: novo edital \u00e9 confirmado!","description":"Mais um edital da \u00e1rea de seguran\u00e7a ser\u00e1 realizado! O concurso Guarda de Maric\u00e1 foi confirmado pelo prefeito. Confira aqui!","robots":{"index":"index","follow":"follow","max-snippet":"max-snippet:-1","max-image-preview":"max-image-preview:large","max-video-preview":"max-video-preview:-1"},"canonical":"https:\/\/www.estrategiaconcursos.com.br\/blog\/concurso-guarda-de-marica-rj\/","og_locale":"pt_BR","og_type":"article","og_title":"Concurso Guarda de Maric\u00e1 RJ: novo edital \u00e9 confirmado!","og_description":"Mais um edital da \u00e1rea de seguran\u00e7a ser\u00e1 realizado! O concurso Guarda de Maric\u00e1 foi confirmado pelo prefeito. Confira aqui!","og_url":"https:\/\/www.estrategiaconcursos.com.br\/blog\/concurso-guarda-de-marica-rj\/","og_site_name":"Estrat\u00e9gia Concursos","article_author":"https:\/\/www.facebook.com\/EstrategiaConcursos","article_published_time":"2025-09-10T14:14:00+00:00","article_modified_time":"2025-09-10T16:39:36+00:00","og_image":[{"width":768,"height":432,"url":"https:\/\/dhg1h5j42swfq.cloudfront.net\/2025\/09\/10113045\/guarda-de-marica-rj.jpg","type":"image\/jpeg"}],"author":"Coordena\u00e7\u00e3o","twitter_card":"summary_large_image","twitter_creator":"@EstratConcursos","twitter_site":"@EstratConcursos","twitter_misc":{"Escrito por":"Coordena\u00e7\u00e3o","Est. tempo de leitura":"5 minutos"},"schema":{"@context":"https:\/\/schema.org","@graph":[{"@type":"NewsArticle","@id":"https:\/\/www.estrategiaconcursos.com.br\/blog\/concurso-guarda-de-marica-rj\/#article","isPartOf":{"@id":"https:\/\/www.estrategiaconcursos.com.br\/blog\/concurso-guarda-de-marica-rj\/"},"author":{"name":"Coordena\u00e7\u00e3o","@id":"https:\/\/www.estrategiaconcursos.com.br\/blog\/#\/schema\/person\/b4a388c97673c5f483d72185668afa1f"},"headline":"Concurso Guarda de Maric\u00e1 RJ: novo edital \u00e9 confirmado!","datePublished":"2025-09-10T14:14:00+00:00","dateModified":"2025-09-10T16:39:36+00:00","mainEntityOfPage":{"@id":"https:\/\/www.estrategiaconcursos.com.br\/blog\/concurso-guarda-de-marica-rj\/"},"wordCount":1069,"commentCount":0,"publisher":{"@id":"https:\/\/www.estrategiaconcursos.com.br\/blog\/#organization"},"image":{"@id":"https:\/\/www.estrategiaconcursos.com.br\/blog\/concurso-guarda-de-marica-rj\/#primaryimage"},"thumbnailUrl":"https:\/\/dhg1h5j42swfq.cloudfront.net\/2025\/09\/10113045\/guarda-de-marica-rj.jpg","articleSection":["Concursos P\u00fablicos","Policial (Agente, Escriv\u00e3o e Investigador)"],"inLanguage":"pt-BR","potentialAction":[{"@type":"CommentAction","name":"Comment","target":["https:\/\/www.estrategiaconcursos.com.br\/blog\/concurso-guarda-de-marica-rj\/#respond"]}],"copyrightYear":"2025","copyrightHolder":{"@id":"https:\/\/www.estrategiaconcursos.com.br\/blog\/#organization"}},{"@type":"WebPage","@id":"https:\/\/www.estrategiaconcursos.com.br\/blog\/concurso-guarda-de-marica-rj\/","url":"https:\/\/www.estrategiaconcursos.com.br\/blog\/concurso-guarda-de-marica-rj\/","name":"Concurso Guarda de Maric\u00e1 RJ: novo edital \u00e9 confirmado!","isPartOf":{"@id":"https:\/\/www.estrategiaconcursos.com.br\/blog\/#website"},"primaryImageOfPage":{"@id":"https:\/\/www.estrategiaconcursos.com.br\/blog\/concurso-guarda-de-marica-rj\/#primaryimage"},"image":{"@id":"https:\/\/www.estrategiaconcursos.com.br\/blog\/concurso-guarda-de-marica-rj\/#primaryimage"},"thumbnailUrl":"https:\/\/dhg1h5j42swfq.cloudfront.net\/2025\/09\/10113045\/guarda-de-marica-rj.jpg","datePublished":"2025-09-10T14:14:00+00:00","dateModified":"2025-09-10T16:39:36+00:00","description":"Mais um edital da \u00e1rea de seguran\u00e7a ser\u00e1 realizado! O concurso Guarda de Maric\u00e1 foi confirmado pelo prefeito. Confira aqui!","breadcrumb":{"@id":"https:\/\/www.estrategiaconcursos.com.br\/blog\/concurso-guarda-de-marica-rj\/#breadcrumb"},"inLanguage":"pt-BR","potentialAction":[{"@type":"ReadAction","target":["https:\/\/www.estrategiaconcursos.com.br\/blog\/concurso-guarda-de-marica-rj\/"]}]},{"@type":"ImageObject","inLanguage":"pt-BR","@id":"https:\/\/www.estrategiaconcursos.com.br\/blog\/concurso-guarda-de-marica-rj\/#primaryimage","url":"https:\/\/dhg1h5j42swfq.cloudfront.net\/2025\/09\/10113045\/guarda-de-marica-rj.jpg","contentUrl":"https:\/\/dhg1h5j42swfq.cloudfront.net\/2025\/09\/10113045\/guarda-de-marica-rj.jpg","width":768,"height":432,"caption":"Concurso Guarda de Maric\u00e1 RJ"},{"@type":"BreadcrumbList","@id":"https:\/\/www.estrategiaconcursos.com.br\/blog\/concurso-guarda-de-marica-rj\/#breadcrumb","itemListElement":[{"@type":"ListItem","position":1,"name":"In\u00edcio","item":"https:\/\/www.estrategiaconcursos.com.br\/blog\/"},{"@type":"ListItem","position":2,"name":"Concurso Guarda de Maric\u00e1 RJ: novo edital \u00e9 confirmado!"}]},{"@type":"WebSite","@id":"https:\/\/www.estrategiaconcursos.com.br\/blog\/#website","url":"https:\/\/www.estrategiaconcursos.com.br\/blog\/","name":"Estrat\u00e9gia Concursos","description":"O blog da Estrat\u00e9gia Concursos traz not\u00edcias sobre concursos e artigos de professores oferecendo cursos para concursos (pdf + videaulas) no site.","publisher":{"@id":"https:\/\/www.estrategiaconcursos.com.br\/blog\/#organization"},"potentialAction":[{"@type":"SearchAction","target":{"@type":"EntryPoint","urlTemplate":"https:\/\/www.estrategiaconcursos.com.br\/blog\/?s={search_term_string}"},"query-input":{"@type":"PropertyValueSpecification","valueRequired":true,"valueName":"search_term_string"}}],"inLanguage":"pt-BR"},{"@type":"Organization","@id":"https:\/\/www.estrategiaconcursos.com.br\/blog\/#organization","name":"Estrat\u00e9gia Concursos","url":"https:\/\/www.estrategiaconcursos.com.br\/blog\/","logo":{"@type":"ImageObject","inLanguage":"pt-BR","@id":"https:\/\/www.estrategiaconcursos.com.br\/blog\/#\/schema\/logo\/image\/","url":"https:\/\/dhg1h5j42swfq.cloudfront.net\/2025\/06\/03203428\/logo_concursos-1.jpg","contentUrl":"https:\/\/dhg1h5j42swfq.cloudfront.net\/2025\/06\/03203428\/logo_concursos-1.jpg","width":230,"height":60,"caption":"Estrat\u00e9gia Concursos"},"image":{"@id":"https:\/\/www.estrategiaconcursos.com.br\/blog\/#\/schema\/logo\/image\/"},"sameAs":["https:\/\/x.com\/EstratConcursos"]},{"@type":"Person","@id":"https:\/\/www.estrategiaconcursos.com.br\/blog\/#\/schema\/person\/b4a388c97673c5f483d72185668afa1f","name":"Coordena\u00e7\u00e3o","image":{"@type":"ImageObject","inLanguage":"pt-BR","@id":"https:\/\/secure.gravatar.com\/avatar\/b720319e4c9a967eb58678d110f4fe35452fc5d5f97b202bac7b8acceb18c6ad?s=96&d=mm&r=g","url":"https:\/\/secure.gravatar.com\/avatar\/b720319e4c9a967eb58678d110f4fe35452fc5d5f97b202bac7b8acceb18c6ad?s=96&d=mm&r=g","contentUrl":"https:\/\/secure.gravatar.com\/avatar\/b720319e4c9a967eb58678d110f4fe35452fc5d5f97b202bac7b8acceb18c6ad?s=96&d=mm&r=g","caption":"Coordena\u00e7\u00e3o"},"sameAs":["https:\/\/www.facebook.com\/EstrategiaConcursos","https:\/\/x.com\/EstratConcursos"],"url":"https:\/\/www.estrategiaconcursos.com.br\/blog\/author\/estrategia2013\/"}]}},"_links":{"self":[{"href":"https:\/\/www.estrategiaconcursos.com.br\/blog\/wp-json\/wp\/v2\/posts\/433791","targetHints":{"allow":["GET"]}}],"collection":[{"href":"https:\/\/www.estrategiaconcursos.com.br\/blog\/wp-json\/wp\/v2\/posts"}],"about":[{"href":"https:\/\/www.estrategiaconcursos.com.br\/blog\/wp-json\/wp\/v2\/types\/post"}],"author":[{"embeddable":true,"href":"https:\/\/www.estrategiaconcursos.com.br\/blog\/wp-json\/wp\/v2\/users\/1"}],"replies":[{"embeddable":true,"href":"https:\/\/www.estrategiaconcursos.com.br\/blog\/wp-json\/wp\/v2\/comments?post=433791"}],"version-history":[{"count":32,"href":"https:\/\/www.estrategiaconcursos.com.br\/blog\/wp-json\/wp\/v2\/posts\/433791\/revisions"}],"predecessor-version":[{"id":1636558,"href":"https:\/\/www.estrategiaconcursos.com.br\/blog\/wp-json\/wp\/v2\/posts\/433791\/revisions\/1636558"}],"wp:featuredmedia":[{"embeddable":true,"href":"https:\/\/www.estrategiaconcursos.com.br\/blog\/wp-json\/wp\/v2\/media\/1636556"}],"wp:attachment":[{"href":"https:\/\/www.estrategiaconcursos.com.br\/blog\/wp-json\/wp\/v2\/media?parent=433791"}],"wp:term":[{"taxonomy":"category","embeddable":true,"href":"https:\/\/www.estrategiaconcursos.com.br\/blog\/wp-json\/wp\/v2\/categories?post=433791"},{"taxonomy":"post_tag","embeddable":true,"href":"https:\/\/www.estrategiaconcursos.com.br\/blog\/wp-json\/wp\/v2\/tags?post=433791"},{"taxonomy":"tax_estado","embeddable":true,"href":"https:\/\/www.estrategiaconcursos.com.br\/blog\/wp-json\/wp\/v2\/tax_estado?post=433791"}],"curies":[{"name":"wp","href":"https:\/\/api.w.org\/{rel}","templated":true}]}}