{"id":433786,"date":"2019-10-15T08:00:46","date_gmt":"2019-10-15T11:00:46","guid":{"rendered":"https:\/\/www.estrategiaconcursos.com.br\/blog\/?p=433786"},"modified":"2022-09-20T15:49:41","modified_gmt":"2022-09-20T18:49:41","slug":"concurso-senado-federal-curso-intensivo-para-advogado","status":"publish","type":"post","link":"https:\/\/www.estrategiaconcursos.com.br\/blog\/concurso-senado-federal-curso-intensivo-para-advogado\/","title":{"rendered":"Concurso Senado Federal: participe do curso intensivo para Advogado"},"content":{"rendered":"\n<p>Ol\u00e1 concurseiros! <\/p>\n\n\n\n<p>O concurso p\u00fablico do Senado Federal oferta aos candidatos 4 vagas para o cargo de Advogado exigindo n\u00edvel de escolaridade superior e inscri\u00e7\u00e3o na OAB. A remunera\u00e7\u00e3o inicial do cargo \u00e9 de R$ 32.020,77. <\/p>\n\n\n\n<p>Para n\u00e3o perder a chance de conquistar a t\u00e3o sonhada vaga \u00e9 necess\u00e1rio estudar muito, mas estudar com qualidade. Pensando nisso a equipe de professores do Estrat\u00e9gia Concursos desenvolveu um curso intensivo para o cargo de Advogado. <\/p>\n\n\n\n<p>O curso intensivo ser\u00e1 composto de 10 aulas, come\u00e7ando nesta <strong><em>ter\u00e7a-feira, 15 de outubro, \u00e0s 08:30<\/em><\/strong>, com a aula de <em><strong>Direito Constitucional.<\/strong><\/em> Vale lembrar que voc\u00ea pode acompanhar o curso intensivo at\u00e9 o dia 24 de outubro. Acompanhe ao vivo e gratuitamente atrav\u00e9s do canal do Estrat\u00e9gia Concursos no Youtube. <\/p>\n\n\n\n<h2 class=\"wp-block-heading\">Cronograma de aulas do Senado Federal <\/h2>\n\n\n\n<p>Aula 1 &#8211; Direito Constitucional &#8211; Prof. Nelma Fontana<\/p>\n\n\n\n<p>Aula 2 &#8211; Direito Administrativo &#8211; Prof. Igor Maciel<br \/><\/p>\n\n\n\n<p>Aula 3 &#8211; Direito Tribut\u00e1rio &#8211; Prof. Rodrigo Martins<br \/><\/p>\n\n\n\n<p>Aula 4 &#8211; Direito Financeiro &#8211; Prof. Nat\u00e1lia Riche<br \/><\/p>\n\n\n\n<p>Aula 5 &#8211; Direito Processual Civil &#8211; Prof. Rodrigo Vaslin<br \/><\/p>\n\n\n\n<p>Aula 6 &#8211; Direito Empresarial e do Consumidor &#8211; Prof. Igor Maciel<br \/><\/p>\n\n\n\n<p>Aula 7 &#8211; Direito Ambiental &#8211; Prof. Thiago Leite<br \/><\/p>\n\n\n\n<p>Aula 8 &#8211; Direito Eleitoral &#8211; Prof. Ricardo Torques<br \/><\/p>\n\n\n\n<p>Aula 9 &#8211; Regimento Interno do Senado Federal &#8211; Prof. Rosenval Jr.<br \/><\/p>\n\n\n\n<p>Aula 10 &#8211; Direito Civil &#8211; Prof. Paulo Sousa<br \/><\/p>\n\n\n\n<p class=\"has-text-align-center has-pale-cyan-blue-background-color has-background\" style=\"font-size:clamp(15.197px, 0.95rem + ((1vw - 3.2px) * 0.765), 23px);px\"><em><strong>Mais informa\u00e7\u00f5es:&nbsp;<\/strong><\/em><a href=\"https:\/\/www.estrategiaconcursos.com.br\/blog\/concurso-senado-federal\/\"><em><strong>concurso Senado Federal<\/strong><\/em><\/a><\/p>\n\n\n\n<p class=\"has-text-align-center has-luminous-vivid-amber-background-color has-background\" style=\"font-size:clamp(15.197px, 0.95rem + ((1vw - 3.2px) * 0.765), 23px);px\"><a href=\"https:\/\/www.estrategiaconcursos.com.br\/cursosPorConcurso\/promocao-pacote-para-senado-federal-advogado\/\"><strong>Curso Senado Advogado<\/strong><\/a><\/p>\n\n\n\n<h4 class=\"has-text-align-center wp-block-heading\" id=\"assinatura\"><em><strong>Assinatura Anual Ilimitada*<\/strong><\/em><\/h4>\n\n\n\n<p class=\"has-text-align-center\"><em>Prepare-se com o melhor material e com quem mais aprova em Concursos P\u00fablicos em todo o pa\u00eds. Assine agora a nossa Assinatura Anual e tenha acesso ilimitado* a todos os nossos cursos.<\/em><\/p>\n\n\n\n<p class=\"has-text-align-center has-light-green-cyan-background-color has-background\" style=\"font-size:clamp(16.293px, 1.018rem + ((1vw - 3.2px) * 0.854), 25px);px\"><strong>ASSINE AGORA<\/strong>&nbsp;\u2013&nbsp;<strong><a href=\"https:\/\/www.estrategiaconcursos.com.br\/assinaturas\" target=\"_blank\" rel=\"noreferrer noopener\">Assinatura Ilimitada<\/a><\/strong><\/p>\n\n\n\n<p class=\"has-text-align-center\"><strong><em>Fique por dentro dos concursos vigentes:<\/em><\/strong><\/p>\n\n\n\n<p class=\"has-text-align-center has-pale-cyan-blue-background-color has-background\" style=\"font-size:clamp(15.197px, 0.95rem + ((1vw - 3.2px) * 0.765), 23px);px\"><strong><a href=\"https:\/\/www.estrategiaconcursos.com.br\/blog\/concursos-abertos\/\" target=\"_blank\" rel=\"noreferrer noopener\">CONCURSOS ABERTOS<\/a><\/strong><\/p>\n\n\n\n<p class=\"has-text-align-center has-pale-cyan-blue-background-color has-background\" style=\"font-size:clamp(15.197px, 0.95rem + ((1vw - 3.2px) * 0.765), 23px);px\"><strong><a href=\"https:\/\/www.estrategiaconcursos.com.br\/blog\/concursos-2019\/\" target=\"_blank\" rel=\"noreferrer noopener\">CONCURSOS 2019<\/a><\/strong><\/p>\n\n\n\n<p class=\"has-text-align-center has-pale-cyan-blue-background-color has-background\" style=\"font-size:clamp(15.197px, 0.95rem + ((1vw - 3.2px) * 0.765), 23px);px\"><strong><a href=\"https:\/\/www.estrategiaconcursos.com.br\/blog\/concursos-2020\/\" target=\"_blank\" rel=\"noreferrer noopener\">CONCURSOS&nbsp;2020<\/a><\/strong><\/p>\n","protected":false},"excerpt":{"rendered":"<p>Ol\u00e1 concurseiros! O concurso p\u00fablico do Senado Federal oferta aos candidatos 4 vagas para o cargo de Advogado exigindo n\u00edvel de escolaridade superior e inscri\u00e7\u00e3o na OAB. A remunera\u00e7\u00e3o inicial do cargo \u00e9 de R$ 32.020,77. Para n\u00e3o perder a chance de conquistar a t\u00e3o sonhada vaga \u00e9 necess\u00e1rio estudar muito, mas estudar com qualidade. [&hellip;]<\/p>\n","protected":false},"author":492,"featured_media":127848,"comment_status":"open","ping_status":"closed","sticky":false,"template":"","format":"standard","meta":{"post_tipo":"article","footnotes":""},"categories":[1],"tags":[],"tax_estado":[],"class_list":["post-433786","post","type-post","status-publish","format-standard","has-post-thumbnail","hentry","category-cursos-e-concursos"],"acf":[],"yoast_head":"<!-- This site is optimized with the Yoast SEO Premium plugin v27.2 (Yoast SEO v27.2) - https:\/\/yoast.com\/product\/yoast-seo-premium-wordpress\/ -->\n<title>Concurso Senado Federal: participe do curso intensivo para Advogado<\/title>\n<meta name=\"robots\" content=\"index, follow, max-snippet:-1, max-image-preview:large, max-video-preview:-1\" \/>\n<link rel=\"canonical\" href=\"https:\/\/www.estrategiaconcursos.com.br\/blog\/concurso-senado-federal-curso-intensivo-para-advogado\/\" \/>\n<meta property=\"og:locale\" content=\"pt_BR\" \/>\n<meta property=\"og:type\" content=\"article\" \/>\n<meta property=\"og:title\" content=\"Concurso Senado Federal: participe do curso intensivo para Advogado\" \/>\n<meta property=\"og:description\" content=\"Ol\u00e1 concurseiros! O concurso p\u00fablico do Senado Federal oferta aos candidatos 4 vagas para o cargo de Advogado exigindo n\u00edvel de escolaridade superior e inscri\u00e7\u00e3o na OAB. A remunera\u00e7\u00e3o inicial do cargo \u00e9 de R$ 32.020,77. Para n\u00e3o perder a chance de conquistar a t\u00e3o sonhada vaga \u00e9 necess\u00e1rio estudar muito, mas estudar com qualidade. [&hellip;]\" \/>\n<meta property=\"og:url\" content=\"https:\/\/www.estrategiaconcursos.com.br\/blog\/concurso-senado-federal-curso-intensivo-para-advogado\/\" \/>\n<meta property=\"og:site_name\" content=\"Estrat\u00e9gia Concursos\" \/>\n<meta property=\"article:published_time\" content=\"2019-10-15T11:00:46+00:00\" \/>\n<meta property=\"article:modified_time\" content=\"2022-09-20T18:49:41+00:00\" \/>\n<meta property=\"og:image\" content=\"https:\/\/dhg1h5j42swfq.cloudfront.net\/2018\/06\/21141837\/concuro-senado-federal-e1587330922515.jpg\" \/>\n\t<meta property=\"og:image:width\" content=\"1200\" \/>\n\t<meta property=\"og:image:height\" content=\"540\" \/>\n\t<meta property=\"og:image:type\" content=\"image\/jpeg\" \/>\n<meta name=\"author\" content=\"Nelma Fontana\" \/>\n<meta name=\"twitter:card\" content=\"summary_large_image\" \/>\n<meta name=\"twitter:creator\" content=\"@EstratConcursos\" \/>\n<meta name=\"twitter:site\" content=\"@EstratConcursos\" \/>\n<meta name=\"twitter:label1\" content=\"Escrito por\" \/>\n\t<meta name=\"twitter:data1\" content=\"Nelma Fontana\" \/>\n\t<meta name=\"twitter:label2\" content=\"Est. tempo de leitura\" \/>\n\t<meta name=\"twitter:data2\" content=\"1 minuto\" \/>\n<script type=\"application\/ld+json\" class=\"yoast-schema-graph\">{\"@context\":\"https:\/\/schema.org\",\"@graph\":[{\"@type\":\"NewsArticle\",\"@id\":\"https:\/\/www.estrategiaconcursos.com.br\/blog\/concurso-senado-federal-curso-intensivo-para-advogado\/#article\",\"isPartOf\":{\"@id\":\"https:\/\/www.estrategiaconcursos.com.br\/blog\/concurso-senado-federal-curso-intensivo-para-advogado\/\"},\"author\":{\"name\":\"Nelma Fontana\",\"@id\":\"https:\/\/www.estrategiaconcursos.com.br\/blog\/#\/schema\/person\/09924ae9dae935885ef15db075a3be15\"},\"headline\":\"Concurso Senado Federal: participe do curso intensivo para Advogado\",\"datePublished\":\"2019-10-15T11:00:46+00:00\",\"dateModified\":\"2022-09-20T18:49:41+00:00\",\"mainEntityOfPage\":{\"@id\":\"https:\/\/www.estrategiaconcursos.com.br\/blog\/concurso-senado-federal-curso-intensivo-para-advogado\/\"},\"wordCount\":295,\"commentCount\":0,\"publisher\":{\"@id\":\"https:\/\/www.estrategiaconcursos.com.br\/blog\/#organization\"},\"image\":{\"@id\":\"https:\/\/www.estrategiaconcursos.com.br\/blog\/concurso-senado-federal-curso-intensivo-para-advogado\/#primaryimage\"},\"thumbnailUrl\":\"https:\/\/dhg1h5j42swfq.cloudfront.net\/2018\/06\/21141837\/concuro-senado-federal-e1587330922515.jpg\",\"articleSection\":[\"Concursos P\u00fablicos\"],\"inLanguage\":\"pt-BR\",\"potentialAction\":[{\"@type\":\"CommentAction\",\"name\":\"Comment\",\"target\":[\"https:\/\/www.estrategiaconcursos.com.br\/blog\/concurso-senado-federal-curso-intensivo-para-advogado\/#respond\"]}],\"copyrightYear\":\"2019\",\"copyrightHolder\":{\"@id\":\"https:\/\/www.estrategiaconcursos.com.br\/blog\/#organization\"}},{\"@type\":\"WebPage\",\"@id\":\"https:\/\/www.estrategiaconcursos.com.br\/blog\/concurso-senado-federal-curso-intensivo-para-advogado\/\",\"url\":\"https:\/\/www.estrategiaconcursos.com.br\/blog\/concurso-senado-federal-curso-intensivo-para-advogado\/\",\"name\":\"Concurso Senado Federal: participe do curso intensivo para Advogado\",\"isPartOf\":{\"@id\":\"https:\/\/www.estrategiaconcursos.com.br\/blog\/#website\"},\"primaryImageOfPage\":{\"@id\":\"https:\/\/www.estrategiaconcursos.com.br\/blog\/concurso-senado-federal-curso-intensivo-para-advogado\/#primaryimage\"},\"image\":{\"@id\":\"https:\/\/www.estrategiaconcursos.com.br\/blog\/concurso-senado-federal-curso-intensivo-para-advogado\/#primaryimage\"},\"thumbnailUrl\":\"https:\/\/dhg1h5j42swfq.cloudfront.net\/2018\/06\/21141837\/concuro-senado-federal-e1587330922515.jpg\",\"datePublished\":\"2019-10-15T11:00:46+00:00\",\"dateModified\":\"2022-09-20T18:49:41+00:00\",\"breadcrumb\":{\"@id\":\"https:\/\/www.estrategiaconcursos.com.br\/blog\/concurso-senado-federal-curso-intensivo-para-advogado\/#breadcrumb\"},\"inLanguage\":\"pt-BR\",\"potentialAction\":[{\"@type\":\"ReadAction\",\"target\":[\"https:\/\/www.estrategiaconcursos.com.br\/blog\/concurso-senado-federal-curso-intensivo-para-advogado\/\"]}]},{\"@type\":\"ImageObject\",\"inLanguage\":\"pt-BR\",\"@id\":\"https:\/\/www.estrategiaconcursos.com.br\/blog\/concurso-senado-federal-curso-intensivo-para-advogado\/#primaryimage\",\"url\":\"https:\/\/dhg1h5j42swfq.cloudfront.net\/2018\/06\/21141837\/concuro-senado-federal-e1587330922515.jpg\",\"contentUrl\":\"https:\/\/dhg1h5j42swfq.cloudfront.net\/2018\/06\/21141837\/concuro-senado-federal-e1587330922515.jpg\",\"width\":1200,\"height\":540,\"caption\":\"Advogado do Senado Federal\"},{\"@type\":\"BreadcrumbList\",\"@id\":\"https:\/\/www.estrategiaconcursos.com.br\/blog\/concurso-senado-federal-curso-intensivo-para-advogado\/#breadcrumb\",\"itemListElement\":[{\"@type\":\"ListItem\",\"position\":1,\"name\":\"In\u00edcio\",\"item\":\"https:\/\/www.estrategiaconcursos.com.br\/blog\/\"},{\"@type\":\"ListItem\",\"position\":2,\"name\":\"Concurso Senado Federal: participe do curso intensivo para Advogado\"}]},{\"@type\":\"WebSite\",\"@id\":\"https:\/\/www.estrategiaconcursos.com.br\/blog\/#website\",\"url\":\"https:\/\/www.estrategiaconcursos.com.br\/blog\/\",\"name\":\"Estrat\u00e9gia Concursos\",\"description\":\"O blog da Estrat\u00e9gia Concursos traz not\u00edcias sobre concursos e artigos de professores oferecendo cursos para concursos (pdf + videaulas) no site.\",\"publisher\":{\"@id\":\"https:\/\/www.estrategiaconcursos.com.br\/blog\/#organization\"},\"potentialAction\":[{\"@type\":\"SearchAction\",\"target\":{\"@type\":\"EntryPoint\",\"urlTemplate\":\"https:\/\/www.estrategiaconcursos.com.br\/blog\/?s={search_term_string}\"},\"query-input\":{\"@type\":\"PropertyValueSpecification\",\"valueRequired\":true,\"valueName\":\"search_term_string\"}}],\"inLanguage\":\"pt-BR\"},{\"@type\":\"Organization\",\"@id\":\"https:\/\/www.estrategiaconcursos.com.br\/blog\/#organization\",\"name\":\"Estrat\u00e9gia Concursos\",\"url\":\"https:\/\/www.estrategiaconcursos.com.br\/blog\/\",\"logo\":{\"@type\":\"ImageObject\",\"inLanguage\":\"pt-BR\",\"@id\":\"https:\/\/www.estrategiaconcursos.com.br\/blog\/#\/schema\/logo\/image\/\",\"url\":\"https:\/\/dhg1h5j42swfq.cloudfront.net\/2025\/06\/03203428\/logo_concursos-1.jpg\",\"contentUrl\":\"https:\/\/dhg1h5j42swfq.cloudfront.net\/2025\/06\/03203428\/logo_concursos-1.jpg\",\"width\":230,\"height\":60,\"caption\":\"Estrat\u00e9gia Concursos\"},\"image\":{\"@id\":\"https:\/\/www.estrategiaconcursos.com.br\/blog\/#\/schema\/logo\/image\/\"},\"sameAs\":[\"https:\/\/x.com\/EstratConcursos\"]},{\"@type\":\"Person\",\"@id\":\"https:\/\/www.estrategiaconcursos.com.br\/blog\/#\/schema\/person\/09924ae9dae935885ef15db075a3be15\",\"name\":\"Nelma Fontana\",\"image\":{\"@type\":\"ImageObject\",\"inLanguage\":\"pt-BR\",\"@id\":\"https:\/\/secure.gravatar.com\/avatar\/a2b4071a40b0ae857a4dfe2308130289bde3d65cc7674fb758d21a8b645071e5?s=96&d=mm&r=g\",\"url\":\"https:\/\/secure.gravatar.com\/avatar\/a2b4071a40b0ae857a4dfe2308130289bde3d65cc7674fb758d21a8b645071e5?s=96&d=mm&r=g\",\"contentUrl\":\"https:\/\/secure.gravatar.com\/avatar\/a2b4071a40b0ae857a4dfe2308130289bde3d65cc7674fb758d21a8b645071e5?s=96&d=mm&r=g\",\"caption\":\"Nelma Fontana\"},\"url\":\"https:\/\/www.estrategiaconcursos.com.br\/blog\/author\/fontananelmagmail-com\/\"}]}<\/script>\n<!-- \/ Yoast SEO Premium plugin. -->","yoast_head_json":{"title":"Concurso Senado Federal: participe do curso intensivo para Advogado","robots":{"index":"index","follow":"follow","max-snippet":"max-snippet:-1","max-image-preview":"max-image-preview:large","max-video-preview":"max-video-preview:-1"},"canonical":"https:\/\/www.estrategiaconcursos.com.br\/blog\/concurso-senado-federal-curso-intensivo-para-advogado\/","og_locale":"pt_BR","og_type":"article","og_title":"Concurso Senado Federal: participe do curso intensivo para Advogado","og_description":"Ol\u00e1 concurseiros! O concurso p\u00fablico do Senado Federal oferta aos candidatos 4 vagas para o cargo de Advogado exigindo n\u00edvel de escolaridade superior e inscri\u00e7\u00e3o na OAB. A remunera\u00e7\u00e3o inicial do cargo \u00e9 de R$ 32.020,77. Para n\u00e3o perder a chance de conquistar a t\u00e3o sonhada vaga \u00e9 necess\u00e1rio estudar muito, mas estudar com qualidade. [&hellip;]","og_url":"https:\/\/www.estrategiaconcursos.com.br\/blog\/concurso-senado-federal-curso-intensivo-para-advogado\/","og_site_name":"Estrat\u00e9gia Concursos","article_published_time":"2019-10-15T11:00:46+00:00","article_modified_time":"2022-09-20T18:49:41+00:00","og_image":[{"width":1200,"height":540,"url":"https:\/\/dhg1h5j42swfq.cloudfront.net\/2018\/06\/21141837\/concuro-senado-federal-e1587330922515.jpg","type":"image\/jpeg"}],"author":"Nelma Fontana","twitter_card":"summary_large_image","twitter_creator":"@EstratConcursos","twitter_site":"@EstratConcursos","twitter_misc":{"Escrito por":"Nelma Fontana","Est. tempo de leitura":"1 minuto"},"schema":{"@context":"https:\/\/schema.org","@graph":[{"@type":"NewsArticle","@id":"https:\/\/www.estrategiaconcursos.com.br\/blog\/concurso-senado-federal-curso-intensivo-para-advogado\/#article","isPartOf":{"@id":"https:\/\/www.estrategiaconcursos.com.br\/blog\/concurso-senado-federal-curso-intensivo-para-advogado\/"},"author":{"name":"Nelma Fontana","@id":"https:\/\/www.estrategiaconcursos.com.br\/blog\/#\/schema\/person\/09924ae9dae935885ef15db075a3be15"},"headline":"Concurso Senado Federal: participe do curso intensivo para Advogado","datePublished":"2019-10-15T11:00:46+00:00","dateModified":"2022-09-20T18:49:41+00:00","mainEntityOfPage":{"@id":"https:\/\/www.estrategiaconcursos.com.br\/blog\/concurso-senado-federal-curso-intensivo-para-advogado\/"},"wordCount":295,"commentCount":0,"publisher":{"@id":"https:\/\/www.estrategiaconcursos.com.br\/blog\/#organization"},"image":{"@id":"https:\/\/www.estrategiaconcursos.com.br\/blog\/concurso-senado-federal-curso-intensivo-para-advogado\/#primaryimage"},"thumbnailUrl":"https:\/\/dhg1h5j42swfq.cloudfront.net\/2018\/06\/21141837\/concuro-senado-federal-e1587330922515.jpg","articleSection":["Concursos P\u00fablicos"],"inLanguage":"pt-BR","potentialAction":[{"@type":"CommentAction","name":"Comment","target":["https:\/\/www.estrategiaconcursos.com.br\/blog\/concurso-senado-federal-curso-intensivo-para-advogado\/#respond"]}],"copyrightYear":"2019","copyrightHolder":{"@id":"https:\/\/www.estrategiaconcursos.com.br\/blog\/#organization"}},{"@type":"WebPage","@id":"https:\/\/www.estrategiaconcursos.com.br\/blog\/concurso-senado-federal-curso-intensivo-para-advogado\/","url":"https:\/\/www.estrategiaconcursos.com.br\/blog\/concurso-senado-federal-curso-intensivo-para-advogado\/","name":"Concurso Senado Federal: participe do curso intensivo para Advogado","isPartOf":{"@id":"https:\/\/www.estrategiaconcursos.com.br\/blog\/#website"},"primaryImageOfPage":{"@id":"https:\/\/www.estrategiaconcursos.com.br\/blog\/concurso-senado-federal-curso-intensivo-para-advogado\/#primaryimage"},"image":{"@id":"https:\/\/www.estrategiaconcursos.com.br\/blog\/concurso-senado-federal-curso-intensivo-para-advogado\/#primaryimage"},"thumbnailUrl":"https:\/\/dhg1h5j42swfq.cloudfront.net\/2018\/06\/21141837\/concuro-senado-federal-e1587330922515.jpg","datePublished":"2019-10-15T11:00:46+00:00","dateModified":"2022-09-20T18:49:41+00:00","breadcrumb":{"@id":"https:\/\/www.estrategiaconcursos.com.br\/blog\/concurso-senado-federal-curso-intensivo-para-advogado\/#breadcrumb"},"inLanguage":"pt-BR","potentialAction":[{"@type":"ReadAction","target":["https:\/\/www.estrategiaconcursos.com.br\/blog\/concurso-senado-federal-curso-intensivo-para-advogado\/"]}]},{"@type":"ImageObject","inLanguage":"pt-BR","@id":"https:\/\/www.estrategiaconcursos.com.br\/blog\/concurso-senado-federal-curso-intensivo-para-advogado\/#primaryimage","url":"https:\/\/dhg1h5j42swfq.cloudfront.net\/2018\/06\/21141837\/concuro-senado-federal-e1587330922515.jpg","contentUrl":"https:\/\/dhg1h5j42swfq.cloudfront.net\/2018\/06\/21141837\/concuro-senado-federal-e1587330922515.jpg","width":1200,"height":540,"caption":"Advogado do Senado Federal"},{"@type":"BreadcrumbList","@id":"https:\/\/www.estrategiaconcursos.com.br\/blog\/concurso-senado-federal-curso-intensivo-para-advogado\/#breadcrumb","itemListElement":[{"@type":"ListItem","position":1,"name":"In\u00edcio","item":"https:\/\/www.estrategiaconcursos.com.br\/blog\/"},{"@type":"ListItem","position":2,"name":"Concurso Senado Federal: participe do curso intensivo para Advogado"}]},{"@type":"WebSite","@id":"https:\/\/www.estrategiaconcursos.com.br\/blog\/#website","url":"https:\/\/www.estrategiaconcursos.com.br\/blog\/","name":"Estrat\u00e9gia Concursos","description":"O blog da Estrat\u00e9gia Concursos traz not\u00edcias sobre concursos e artigos de professores oferecendo cursos para concursos (pdf + videaulas) no site.","publisher":{"@id":"https:\/\/www.estrategiaconcursos.com.br\/blog\/#organization"},"potentialAction":[{"@type":"SearchAction","target":{"@type":"EntryPoint","urlTemplate":"https:\/\/www.estrategiaconcursos.com.br\/blog\/?s={search_term_string}"},"query-input":{"@type":"PropertyValueSpecification","valueRequired":true,"valueName":"search_term_string"}}],"inLanguage":"pt-BR"},{"@type":"Organization","@id":"https:\/\/www.estrategiaconcursos.com.br\/blog\/#organization","name":"Estrat\u00e9gia Concursos","url":"https:\/\/www.estrategiaconcursos.com.br\/blog\/","logo":{"@type":"ImageObject","inLanguage":"pt-BR","@id":"https:\/\/www.estrategiaconcursos.com.br\/blog\/#\/schema\/logo\/image\/","url":"https:\/\/dhg1h5j42swfq.cloudfront.net\/2025\/06\/03203428\/logo_concursos-1.jpg","contentUrl":"https:\/\/dhg1h5j42swfq.cloudfront.net\/2025\/06\/03203428\/logo_concursos-1.jpg","width":230,"height":60,"caption":"Estrat\u00e9gia Concursos"},"image":{"@id":"https:\/\/www.estrategiaconcursos.com.br\/blog\/#\/schema\/logo\/image\/"},"sameAs":["https:\/\/x.com\/EstratConcursos"]},{"@type":"Person","@id":"https:\/\/www.estrategiaconcursos.com.br\/blog\/#\/schema\/person\/09924ae9dae935885ef15db075a3be15","name":"Nelma Fontana","image":{"@type":"ImageObject","inLanguage":"pt-BR","@id":"https:\/\/secure.gravatar.com\/avatar\/a2b4071a40b0ae857a4dfe2308130289bde3d65cc7674fb758d21a8b645071e5?s=96&d=mm&r=g","url":"https:\/\/secure.gravatar.com\/avatar\/a2b4071a40b0ae857a4dfe2308130289bde3d65cc7674fb758d21a8b645071e5?s=96&d=mm&r=g","contentUrl":"https:\/\/secure.gravatar.com\/avatar\/a2b4071a40b0ae857a4dfe2308130289bde3d65cc7674fb758d21a8b645071e5?s=96&d=mm&r=g","caption":"Nelma Fontana"},"url":"https:\/\/www.estrategiaconcursos.com.br\/blog\/author\/fontananelmagmail-com\/"}]}},"_links":{"self":[{"href":"https:\/\/www.estrategiaconcursos.com.br\/blog\/wp-json\/wp\/v2\/posts\/433786","targetHints":{"allow":["GET"]}}],"collection":[{"href":"https:\/\/www.estrategiaconcursos.com.br\/blog\/wp-json\/wp\/v2\/posts"}],"about":[{"href":"https:\/\/www.estrategiaconcursos.com.br\/blog\/wp-json\/wp\/v2\/types\/post"}],"author":[{"embeddable":true,"href":"https:\/\/www.estrategiaconcursos.com.br\/blog\/wp-json\/wp\/v2\/users\/492"}],"replies":[{"embeddable":true,"href":"https:\/\/www.estrategiaconcursos.com.br\/blog\/wp-json\/wp\/v2\/comments?post=433786"}],"version-history":[{"count":2,"href":"https:\/\/www.estrategiaconcursos.com.br\/blog\/wp-json\/wp\/v2\/posts\/433786\/revisions"}],"predecessor-version":[{"id":1097741,"href":"https:\/\/www.estrategiaconcursos.com.br\/blog\/wp-json\/wp\/v2\/posts\/433786\/revisions\/1097741"}],"wp:featuredmedia":[{"embeddable":true,"href":"https:\/\/www.estrategiaconcursos.com.br\/blog\/wp-json\/wp\/v2\/media\/127848"}],"wp:attachment":[{"href":"https:\/\/www.estrategiaconcursos.com.br\/blog\/wp-json\/wp\/v2\/media?parent=433786"}],"wp:term":[{"taxonomy":"category","embeddable":true,"href":"https:\/\/www.estrategiaconcursos.com.br\/blog\/wp-json\/wp\/v2\/categories?post=433786"},{"taxonomy":"post_tag","embeddable":true,"href":"https:\/\/www.estrategiaconcursos.com.br\/blog\/wp-json\/wp\/v2\/tags?post=433786"},{"taxonomy":"tax_estado","embeddable":true,"href":"https:\/\/www.estrategiaconcursos.com.br\/blog\/wp-json\/wp\/v2\/tax_estado?post=433786"}],"curies":[{"name":"wp","href":"https:\/\/api.w.org\/{rel}","templated":true}]}}