{"id":433591,"date":"2024-04-04T07:20:00","date_gmt":"2024-04-04T10:20:00","guid":{"rendered":"https:\/\/www.estrategiaconcursos.com.br\/blog\/?p=433591"},"modified":"2024-04-04T10:39:26","modified_gmt":"2024-04-04T13:39:26","slug":"concurso-reciprev","status":"publish","type":"post","link":"https:\/\/www.estrategiaconcursos.com.br\/blog\/concurso-reciprev\/","title":{"rendered":"Concurso Reciprev: homologado; veja o resultado final"},"content":{"rendered":"\n<p>Com uma \u00fanica etapa de prova, ap\u00f3s o resultado final do <strong>concurso Reciprev<\/strong> (<em><a href=\"https:\/\/www.estrategiaconcursos.com.br\/cursosPorConcurso\/autarquia-municipal-de-previdencia-a-saude-dos-servidores-de-recife-reciprev\/\" target=\"_blank\" rel=\"noreferrer noopener\">Autarquia Municipal de Previd\u00eancia e Assist\u00eancia \u00e0 Sa\u00fade dos Servidores de Recife<\/a><\/em>) ser divulgado, agora, a <strong>homologa\u00e7\u00e3o <\/strong>foi anunciada.<\/p>\n\n\n\n<ul class=\"wp-block-list\">\n<li><strong><a href=\"https:\/\/dhg1h5j42swfq.cloudfront.net\/2024\/03\/27101704\/hyrtxc8tesikwn5s337gcqv3rszf7rgtbthxit6q.pdf\" target=\"_blank\" rel=\"noreferrer noopener nofollow\">Resultado final<\/a><\/strong><\/li>\n\n\n\n<li><a href=\"https:\/\/dhg1h5j42swfq.cloudfront.net\/2024\/04\/04082533\/unnamed-2.png\" target=\"_blank\" rel=\"noreferrer noopener nofollow\"><strong>Homologa\u00e7\u00e3o<\/strong><\/a><\/li>\n<\/ul>\n\n\n\n<p>Desta forma, o prazo de validade do certame ser\u00e1 de 02 (dois) anos, podendo ser prorrogado, uma vez, por igual per\u00edodo.<\/p>\n\n\n\n<p>Durante a vig\u00eancia, o \u00f3rg\u00e3o dever\u00e1 realizar a convoca\u00e7\u00e3o dos candidatos aprovados, conforme a disponibilidade de or\u00e7amento.<\/p>\n\n\n\n<p>No total, foram ofertadas <strong>15 vagas imediatas mais forma\u00e7\u00e3o de cadastro reserva<\/strong> em diversos cargos de n\u00edveis m\u00e9dio, t\u00e9cnico e superior de forma\u00e7\u00e3o:<\/p>\n\n\n\n<ul class=\"wp-block-list\">\n<li><strong>04 vagas<\/strong> &#8211; Assistente de Previd\u00eancia e Assist\u00eancia \u00e0 Sa\u00fade;<\/li>\n\n\n\n<li><strong>02 vagas <\/strong>&#8211; T\u00e9cnico em Previd\u00eancia e Assist\u00eancia \u00e0 Sa\u00fade (Contabilidade);<\/li>\n\n\n\n<li><strong>01 vaga<\/strong> &#8211; T\u00e9cnico em Previd\u00eancia e Assist\u00eancia \u00e0 Sa\u00fade (Inform\u00e1tica);<\/li>\n\n\n\n<li><strong>03 vagas <\/strong>&#8211; Analista de Previd\u00eancia e Assist\u00eancia \u00e0 Sa\u00fade (Administrativa); e<\/li>\n\n\n\n<li><strong>01 vaga (cada) <\/strong>&#8211; Analista de Previd\u00eancia e Assist\u00eancia \u00e0 Sa\u00fade nas \u00e1reas: Contabilidade, Inform\u00e1tica, Arquivologia, Ci\u00eancia Atuarial e Assist\u00eancia Social.<\/li>\n<\/ul>\n\n\n\n<p>A remunera\u00e7\u00e3o oferecida varia entre <strong>R$ 1.721,79<\/strong> para Assistente de Previd\u00eancia e Assist\u00eancia \u00e0 Sa\u00fade e <strong>R$ 6.443,97<\/strong> para Analistas de Previd\u00eancia e Assist\u00eancia \u00e0 Sa\u00fade.<\/p>\n\n\n\n<ul class=\"has-very-light-gray-to-cyan-bluish-gray-gradient-background has-background wp-block-list\">\n<li><strong>Autarquia Municipal de Previd\u00eancia e Assist\u00eancia \u00e0 Sa\u00fade dos Servidores<\/strong><\/li>\n\n\n\n<li><strong>Status: <\/strong>homologado<\/li>\n\n\n\n<li><strong>Banca:<\/strong>&nbsp;<a href=\"https:\/\/concursos.ibfc.org.br\/informacoes\/439\/\" target=\"_blank\" rel=\"noreferrer noopener\">IBFC<\/a><\/li>\n\n\n\n<li><strong>Vagas:<\/strong>&nbsp;15 + CR<\/li>\n\n\n\n<li><strong>Sal\u00e1rio inicial:<\/strong> R$ 1.721,79 e R$ 6.443,97<\/li>\n\n\n\n<li><strong>Edital: <\/strong><a href=\"https:\/\/dhg1h5j42swfq.cloudfront.net\/2023\/10\/31115321\/dkjxyjoiao9buqmlmcsllosfjtliacx5x3llw20b.pdf\" target=\"_blank\" rel=\"noreferrer noopener nofollow\">Reciprev 2023<\/a><\/li>\n<\/ul>\n\n\n\n<p>A fim de te deixar sempre bem informado, elaboramos este artigo com as principais informa\u00e7\u00f5es e novidades sobre o concurso:<\/p>\n\n\n\n<ul class=\"wp-block-list\" id=\"indice\">\n<li><strong><a href=\"#vagas\">Distribui\u00e7\u00e3o das vagas<\/a><\/strong>\n<ul class=\"wp-block-list\">\n<li><a href=\"#medio\">N\u00edvel m\u00e9dio<\/a><\/li>\n\n\n\n<li><a href=\"#tecnico\">N\u00edvel t\u00e9cnico<\/a><\/li>\n\n\n\n<li><a href=\"#superior\">N\u00edvel superior<\/a><\/li>\n<\/ul>\n<\/li>\n\n\n\n<li><a href=\"#carreira\"><strong>Carreira<\/strong><\/a>\n<ul class=\"wp-block-list\">\n<li><a href=\"#remuneracao\">Remunera\u00e7\u00e3o<\/a><\/li>\n\n\n\n<li><a href=\"#requisitos\">Requisitos<\/a><\/li>\n<\/ul>\n<\/li>\n\n\n\n<li><a href=\"#etapas\"><strong>Etapas<\/strong><\/a>\n<ul class=\"wp-block-list\">\n<li><a href=\"#objetiva\">Prova objetiva<\/a><\/li>\n<\/ul>\n<\/li>\n\n\n\n<li><a href=\"#sobre\"><strong>Sobre a AMPASS<\/strong><\/a><\/li>\n\n\n\n<li><a href=\"#estudar\"><strong>Cursos e assinaturas<\/strong><\/a><\/li>\n\n\n\n<li><a href=\"#ficha\"><strong>Ficha t\u00e9cnica<\/strong><\/a><\/li>\n<\/ul>\n\n\n\n<div class=\"container\" id=\"boxes\">\r\n  <div class=\"row\">\r\n\r\n    <div class=\"col-sm\">\r\n      <div class=\"banner-estrategia\" id=\"box-assinatura\">\r\n        <h3 class=\"titulo-assinatura\">Concurso Reciprev<\/h3>\r\n        <p class=\"subtitulo-assinatura\">Conhe\u00e7a os cursos<\/p>\r\n        <div class=\"box-botao\">\r\n          <a class=\"btn-assinatura\" target=\"_blank\" href=\"https:\/\/www.estrategiaconcursos.com.br\/cursosPorConcurso\/autarquia-municipal-de-previdencia-a-saude-dos-servidores-de-recife-reciprev\/\" role=\"button\" rel=\"noopener noreferrer\">Conhe\u00e7a mais<\/a>\r\n        <\/div>\r\n      <\/div>\r\n     \r\n    <\/div>\r\n\r\n  <\/div>\r\n<\/div>\n\n\n\n<h2 class=\"wp-block-heading\" id=\"atual\">Concurso Reciprev: cargos, vagas e sal\u00e1rios<\/h2>\n\n\n\n<p>Confira abaixo a distribui\u00e7\u00e3o dos cargos, vagas e sal\u00e1rios do concurso p\u00fablico Reciprev:<\/p>\n\n\n\n<h3 class=\"wp-block-heading\" id=\"h-nivel-medio\">N\u00edvel m\u00e9dio<\/h3>\n\n\n\n<figure class=\"wp-block-table is-style-stripes\"><table><thead><tr><th class=\"has-text-align-center\" data-align=\"center\">Cargo<\/th><th class=\"has-text-align-center\" data-align=\"center\">Vagas<\/th><th class=\"has-text-align-center\" data-align=\"center\">Remunera\u00e7\u00e3o<\/th><\/tr><\/thead><tbody><tr><td class=\"has-text-align-center\" data-align=\"center\">Assistente de Previd\u00eancia e Assist\u00eancia \u00e0 Sa\u00fade<\/td><td class=\"has-text-align-center\" data-align=\"center\">04<\/td><td class=\"has-text-align-center\" data-align=\"center\">R$ 1.721,79<\/td><\/tr><\/tbody><\/table><figcaption class=\"wp-element-caption\">Vagas e remunera\u00e7\u00e3o dos cargos de n\u00edvel m\u00e9dio<\/figcaption><\/figure>\n\n\n\n<h3 class=\"wp-block-heading\" id=\"tecnico\">N\u00edvel m\u00e9dio\/t\u00e9cnico<\/h3>\n\n\n\n<figure class=\"wp-block-table is-style-stripes\"><table><thead><tr><th class=\"has-text-align-center\" data-align=\"center\">Cargo<\/th><th class=\"has-text-align-center\" data-align=\"center\">Vagas<\/th><th class=\"has-text-align-center\" data-align=\"center\">Remunera\u00e7\u00e3o<\/th><\/tr><\/thead><tbody><tr><td class=\"has-text-align-center\" data-align=\"center\">T\u00e9cnico em Previd\u00eancia e Assist\u00eancia \u00e0 Sa\u00fade: Contabilidade<\/td><td class=\"has-text-align-center\" data-align=\"center\">02<\/td><td class=\"has-text-align-center\" data-align=\"center\">R$ 2.526,23<\/td><\/tr><tr><td class=\"has-text-align-center\" data-align=\"center\">T\u00e9cnico em Previd\u00eancia e Assist\u00eancia \u00e0 Sa\u00fade: Inform\u00e1tica<\/td><td class=\"has-text-align-center\" data-align=\"center\">01<\/td><td class=\"has-text-align-center\" data-align=\"center\">R$ 2.526,23<\/td><\/tr><\/tbody><\/table><figcaption class=\"wp-element-caption\">Vagas e remunera\u00e7\u00e3o dos cargos de n\u00edvel m\u00e9dio\/t\u00e9cnico<\/figcaption><\/figure>\n\n\n\n<h3 class=\"wp-block-heading\" id=\"h-nivel-superior\">N\u00edvel superior<\/h3>\n\n\n\n<figure class=\"wp-block-table is-style-stripes\"><table><thead><tr><th class=\"has-text-align-center\" data-align=\"center\">Cargo<\/th><th class=\"has-text-align-center\" data-align=\"center\">Vagas<\/th><th class=\"has-text-align-center\" data-align=\"center\">Remunera\u00e7\u00e3o<\/th><\/tr><\/thead><tbody><tr><td class=\"has-text-align-center\" data-align=\"center\">Analista de Previd\u00eancia e Assist\u00eancia \u00e0 Sa\u00fade: Administrativa<\/td><td class=\"has-text-align-center\" data-align=\"center\">03<\/td><td class=\"has-text-align-center\" data-align=\"center\">R$ 6.443,97<\/td><\/tr><tr><td class=\"has-text-align-center\" data-align=\"center\">Analista de Previd\u00eancia e Assist\u00eancia \u00e0 Sa\u00fade: Arquivologia<\/td><td class=\"has-text-align-center\" data-align=\"center\">01<\/td><td class=\"has-text-align-center\" data-align=\"center\">R$ 6.443,97<\/td><\/tr><tr><td class=\"has-text-align-center\" data-align=\"center\">Analista de Previd\u00eancia e Assist\u00eancia \u00e0 Sa\u00fade: Assist\u00eancia Social<\/td><td class=\"has-text-align-center\" data-align=\"center\">01<\/td><td class=\"has-text-align-center\" data-align=\"center\">R$ 4.832,98<\/td><\/tr><tr><td class=\"has-text-align-center\" data-align=\"center\">Analista de Previd\u00eancia e Assist\u00eancia \u00e0 Sa\u00fade:&nbsp;<a href=\"https:\/\/www.estrategiaconcursos.com.br\/curso\/reciprev-analista-de-previdencia-e-assistencia-a-saude-area-arquivologia-pacote-completo-2023-pre-edital\/\" target=\"_blank\" rel=\"noreferrer noopener\"><\/a>Ci\u00eancia Atuarial<\/td><td class=\"has-text-align-center\" data-align=\"center\">01<\/td><td class=\"has-text-align-center\" data-align=\"center\">R$ 6.443,97<\/td><\/tr><tr><td class=\"has-text-align-center\" data-align=\"center\">Analista de Previd\u00eancia e Assist\u00eancia \u00e0 Sa\u00fade: Contabilidade<\/td><td class=\"has-text-align-center\" data-align=\"center\">01<\/td><td class=\"has-text-align-center\" data-align=\"center\">R$ 6.443,97<\/td><\/tr><tr><td class=\"has-text-align-center\" data-align=\"center\">Analista de Previd\u00eancia e Assist\u00eancia \u00e0 Sa\u00fade: Inform\u00e1tica<\/td><td class=\"has-text-align-center\" data-align=\"center\">01<\/td><td class=\"has-text-align-center\" data-align=\"center\">R$ 6.443,97<\/td><\/tr><\/tbody><\/table><figcaption class=\"wp-element-caption\">Vagas e remunera\u00e7\u00e3o dos cargos de n\u00edvel superior<\/figcaption><\/figure>\n\n\n\n<h2 class=\"wp-block-heading\" id=\"carreira\">Carreira na Reciprev<\/h2>\n\n\n\n<h3 class=\"wp-block-heading\" id=\"remuneracao\">Remunera\u00e7\u00e3o e gratifica\u00e7\u00f5es<\/h3>\n\n\n\n<p>O sal\u00e1rio para <strong>Assistente de Previd\u00eancia e Assist\u00eancia \u00e0 Sa\u00fade<\/strong> (n\u00edvel m\u00e9dio) \u00e9 de <strong>R$ 1.721,79<\/strong> para 40 horas semanais.<\/p>\n\n\n\n<p>O cargo de <strong>T\u00e9cnico em Previd\u00eancia e Assist\u00eancia \u00e0 Sa\u00fade<\/strong> (n\u00edvel t\u00e9cnico) tem um sal\u00e1rio de R$ 1.721,79 (40h) mais gratifica\u00e7\u00e3o e adicional, totalizando <strong>R$ 2.526,23<\/strong>.<\/p>\n\n\n\n<p>J\u00e1 a remunera\u00e7\u00e3o de <strong>Analista de Previd\u00eancia e Assist\u00eancia \u00e0 Sa\u00fade<\/strong> (<strong>Assistente Social<\/strong>) \u00e9 de <strong>R$ 4.832,98<\/strong> (30 horas semanais), enquanto que para as<strong> demais \u00e1reas,<\/strong> \u00e9 de <strong>R$ 6.443,97<\/strong> (40 horas).<\/p>\n\n\n\n<figure class=\"wp-block-image aligncenter size-full\"><img loading=\"lazy\" decoding=\"async\" width=\"704\" height=\"129\" src=\"https:\/\/dhg1h5j42swfq.cloudfront.net\/2023\/10\/31120648\/image-447.png\" alt=\"Tabela de gratifica\u00e7\u00f5es e adicionais de acordo com o cargo\" class=\"wp-image-1300552\" srcset=\"https:\/\/dhg1h5j42swfq.cloudfront.net\/2023\/10\/31120648\/image-447.png 704w, https:\/\/dhg1h5j42swfq.cloudfront.net\/2023\/10\/31120648\/image-447-300x55.png 300w, https:\/\/dhg1h5j42swfq.cloudfront.net\/2023\/10\/31120648\/image-447-610x112.png 610w, https:\/\/dhg1h5j42swfq.cloudfront.net\/2023\/10\/31120648\/image-447-150x27.png 150w\" sizes=\"auto, (max-width: 704px) 100vw, 704px\" \/><\/figure>\n\n\n\n<h3 class=\"wp-block-heading\" id=\"requisitos\">Requisitos dos cargos<\/h3>\n\n\n\n<ul class=\"wp-block-list\">\n<li><strong>Assistente:<\/strong> N\u00edvel m\u00e9dio completo;<\/li>\n\n\n\n<li><strong>T\u00e9cnico &#8211; Contabilidade:<\/strong> N\u00edvel T\u00e9cnico completo em Contabilidade e registro no respectivo conselho de classe;<\/li>\n\n\n\n<li><strong>T\u00e9cnico &#8211; Inform\u00e1tica:<\/strong> N\u00edvel T\u00e9cnico completo em Inform\u00e1tica;<\/li>\n\n\n\n<li><strong>Analista &#8211; Administrativa:<\/strong> N\u00edvel Superior completo reconhecido pelo MEC;<\/li>\n\n\n\n<li><strong>Analista &#8211; Arquivologia:<\/strong> N\u00edvel Superior completo em Arquivologia;<\/li>\n\n\n\n<li><strong>Analista &#8211; Assist\u00eancia Social:<\/strong> N\u00edvel Superior completo em Servi\u00e7o Social e registro no respectivo conselho de classe;<\/li>\n\n\n\n<li><strong>Analista &#8211; Ci\u00eancia Atuarial:<\/strong> N\u00edvel Superior completo em Ci\u00eancias Atuariais;<\/li>\n\n\n\n<li><strong>Analista &#8211; Contabilidade:<\/strong> N\u00edvel Superior completo em Ci\u00eancias Cont\u00e1beis e registro no respectivo conselho de classe;<\/li>\n\n\n\n<li><strong>Analista &#8211; Inform\u00e1tica:<\/strong> N\u00edvel Superior completo em Inform\u00e1tica<\/li>\n<\/ul>\n\n\n\n<h2 class=\"wp-block-heading\" id=\"etapas\">Concurso Reciprev: etapas de provas<\/h2>\n\n\n\n<p>O concurso Reciprev foi constitu\u00eddo de apenas uma \u00fanica etapa de avalia\u00e7\u00e3o, de prova objetiva, de car\u00e1ter eliminat\u00f3rio e classificat\u00f3rio<strong>.<\/strong><\/p>\n\n\n\n<h3 class=\"wp-block-heading\" id=\"objetiva\">Prova objetiva<\/h3>\n\n\n\n<p>A prova objetiva foi composta por&nbsp;<strong>50 quest\u00f5es de m\u00faltipla escolha<\/strong>, distribu\u00edda entre conhecimentos gerais e espec\u00edficos, com cinco alternativas cada e apenas 1 correta.<\/p>\n\n\n\n<p>Al\u00e9m disso, a dura\u00e7\u00e3o do exame foi de<strong> 3 horas<\/strong>, inclu\u00eddo o tempo para leitura das instru\u00e7\u00f5es, coleta de digital e preenchimento da Folha de Respostas.<\/p>\n\n\n\n<figure class=\"wp-block-image aligncenter\"><img loading=\"lazy\" decoding=\"async\" width=\"727\" height=\"217\" src=\"https:\/\/dhg1h5j42swfq.cloudfront.net\/2023\/10\/31083236\/image-439.png\" alt=\"Tabela de detalhes da Prova Objetiva aos cargos ofertados\" class=\"wp-image-1300304\" srcset=\"https:\/\/dhg1h5j42swfq.cloudfront.net\/2023\/10\/31083236\/image-439.png 727w, https:\/\/dhg1h5j42swfq.cloudfront.net\/2023\/10\/31083236\/image-439-300x90.png 300w, https:\/\/dhg1h5j42swfq.cloudfront.net\/2023\/10\/31083236\/image-439-610x182.png 610w, https:\/\/dhg1h5j42swfq.cloudfront.net\/2023\/10\/31083236\/image-439-150x45.png 150w\" sizes=\"auto, (max-width: 727px) 100vw, 727px\" \/><\/figure>\n\n\n\n<p>A etapa foi avaliada na escala de 0 a 70 pontos, considerando-se HABILITADO o candidato que, cumulativamente:<\/p>\n\n\n\n<ul class=\"wp-block-list\">\n<li>acertasse, no m\u00ednimo, 9 pontos na prova de Conhecimentos Gerais;<\/li>\n\n\n\n<li>acertasse, no m\u00ednimo, 12 pontos na prova de Conhecimentos Espec\u00edficos; e<\/li>\n\n\n\n<li>acertasse, no m\u00ednimo, 35 pontos do total da Prova Objetiva.<\/li>\n<\/ul>\n\n\n\n<h2 class=\"wp-block-heading\" id=\"sobre\">Sobre a AMPASS<\/h2>\n\n\n\n<p>A <a href=\"http:\/\/www2.recife.pe.gov.br\/node\/292495\" target=\"_blank\" rel=\"noreferrer noopener\">Autarquia<\/a> Municipal de Previd\u00eancia e Assist\u00eancia \u00e0 Sa\u00fade dos Servidores tem a miss\u00e3o de garantir Previd\u00eancia e Assist\u00eancia \u00e0 Sa\u00fade dos servidores do Munic\u00edpio do Recife com a\u00e7\u00f5es sustent\u00e1veis e integradas, sendo&nbsp; reconhecida nacionalmente pela excel\u00eancia e transpar\u00eancia na gest\u00e3o do Sistema Previdenci\u00e1rio e de Assist\u00eancia \u00e0 Sa\u00fade dos Servidores.&nbsp;<\/p>\n\n\n\n<hr class=\"wp-block-separator has-css-opacity\"\/>\n\n\n\n<h2 class=\"wp-block-heading has-text-align-center\" id=\"estudar\"><em>Quer estudar para o concurso Reciprev?<\/em><\/h2>\n\n\n\n<div class=\"container\" id=\"boxes\">\r\n  <div class=\"row\">\r\n\r\n    <div class=\"col-sm\">\r\n      <div class=\"banner-estrategia\" id=\"box-assinatura\">\r\n        <h3 class=\"titulo-assinatura\">Concurso Reciprev<\/h3>\r\n        <p class=\"subtitulo-assinatura\">Conhe\u00e7a os cursos<\/p>\r\n        <div class=\"box-botao\">\r\n          <a class=\"btn-assinatura\" target=\"_blank\" href=\"https:\/\/www.estrategiaconcursos.com.br\/cursosPorConcurso\/autarquia-municipal-de-previdencia-a-saude-dos-servidores-de-recife-reciprev\/\" role=\"button\" rel=\"noopener noreferrer\">Conhe\u00e7a mais<\/a>\r\n        <\/div>\r\n      <\/div>\r\n     \r\n    <\/div>\r\n\r\n  <\/div>\r\n<\/div>\n\n\n\n<div class=\"container\" id=\"boxes\">\r\n  <div class=\"row\">\r\n\r\n    <div class=\"col-sm\">\r\n      <div class=\"estrategia\" id=\"box-assinatura\">\r\n        <h3 class=\"titulo-assinatura\">Assinatura Concursos<\/h3>\r\n        <p class=\"subtitulo-assinatura\">Assinatura de 1 ano ou 2 anos<\/p>\r\n        <div class=\"box-botao\">\r\n          <a class=\"btn-assinatura\" target=\"_blank\" href=\"https:\/\/www.estrategiaconcursos.com.br\/assinaturas\/\" role=\"button\" rel=\"noopener noreferrer\">ASSINE AGORA<\/a>\r\n        <\/div>\r\n      <\/div><\/div><\/div><\/div>\n\n\n\n<h2 class=\"wp-block-heading has-text-align-center\" id=\"h-quer-saber-tudo-sobre-concursos-previstos-confira-nossos-artigos\">Quer saber tudo sobre concursos previstos?<br \/>Confira  nossos artigos!<\/h2>\n\n\n\n<ul class=\"wp-block-list\">\n<li><a href=\"https:\/\/www.estrategiaconcursos.com.br\/blog\/concursos-abertos\/\" target=\"_blank\" rel=\"noreferrer noopener\">Concursos Abertos<\/a><\/li>\n\n\n\n<li><a href=\"https:\/\/www.estrategiaconcursos.com.br\/blog\/concursos-2024\/\" target=\"_blank\" rel=\"noreferrer noopener\">Concursos 2024<\/a><\/li>\n<\/ul>\n\n\n\n<figure class=\"wp-block-image size-large is-resized\"><img loading=\"lazy\" decoding=\"async\" width=\"1024\" height=\"632\" src=\"https:\/\/dhg1h5j42swfq.cloudfront.net\/2025\/06\/27101122\/ficha-tecnica-1-1024x632.png\" alt=\"Ficha t\u00e9cnica do concurso Reciprev\" class=\"wp-image-702728\" style=\"width:269px;height:166px\" srcset=\"https:\/\/dhg1h5j42swfq.cloudfront.net\/2025\/06\/27101122\/ficha-tecnica-1-1024x632.png 1024w, https:\/\/dhg1h5j42swfq.cloudfront.net\/2025\/06\/27101122\/ficha-tecnica-1-300x185.png 300w, https:\/\/dhg1h5j42swfq.cloudfront.net\/2025\/06\/27101122\/ficha-tecnica-1-768x474.png 768w, https:\/\/dhg1h5j42swfq.cloudfront.net\/2025\/06\/27101122\/ficha-tecnica-1-1536x948.png 1536w, https:\/\/dhg1h5j42swfq.cloudfront.net\/2025\/06\/27101122\/ficha-tecnica-1-610x377.png 610w, https:\/\/dhg1h5j42swfq.cloudfront.net\/2025\/06\/27101122\/ficha-tecnica-1.png 1571w\" sizes=\"auto, (max-width: 1024px) 100vw, 1024px\" \/><\/figure>\n\n\n\n<h3 class=\"wp-block-heading\" id=\"ficha\">Informa\u00e7\u00f5es do concurso Reciprev <\/h3>\n\n\n\n<ul class=\"wp-block-list\">\n<li><strong>Ano<\/strong>: 2023<\/li>\n\n\n\n<li><strong>Banca<\/strong>: IBFC<\/li>\n\n\n\n<li><strong>Vagas<\/strong>:&nbsp;15 + CR<\/li>\n\n\n\n<li><strong>Cargos<\/strong>: Assistente, T\u00e9cnico e Analista<\/li>\n\n\n\n<li><strong>Escolaridade<\/strong>: n\u00edveis m\u00e9dio, t\u00e9cnico e superior<\/li>\n\n\n\n<li><strong>Edital: <\/strong><a href=\"https:\/\/dhg1h5j42swfq.cloudfront.net\/2023\/10\/31115321\/dkjxyjoiao9buqmlmcsllosfjtliacx5x3llw20b.pdf\" target=\"_blank\" rel=\"noreferrer noopener nofollow\">Reciprev 2023<\/a><\/li>\n<\/ul>\n","protected":false},"excerpt":{"rendered":"<p>Com uma \u00fanica etapa de prova, ap\u00f3s o resultado final do concurso Reciprev (Autarquia Municipal de Previd\u00eancia e Assist\u00eancia \u00e0 Sa\u00fade dos Servidores de Recife) ser divulgado, agora, a homologa\u00e7\u00e3o foi anunciada. Desta forma, o prazo de validade do certame ser\u00e1 de 02 (dois) anos, podendo ser prorrogado, uma vez, por igual per\u00edodo. Durante a [&hellip;]<\/p>\n","protected":false},"author":1,"featured_media":1028621,"comment_status":"open","ping_status":"closed","sticky":false,"template":"","format":"standard","meta":{"post_tipo":"news_page","footnotes":""},"categories":[214992],"tags":[],"tax_estado":[219979],"class_list":["post-433591","post","type-post","status-publish","format-standard","has-post-thumbnail","hentry","category-concursos-administrativos","tax_estado-pe"],"acf":[],"yoast_head":"<!-- This site is optimized with the Yoast SEO Premium plugin v27.2 (Yoast SEO v27.2) - https:\/\/yoast.com\/product\/yoast-seo-premium-wordpress\/ -->\n<title>Concurso Reciprev: homologado; veja o resultado final<\/title>\n<meta name=\"description\" content=\"Dispon\u00edvel o resultado final do concurso Reciprev! Foram ofertadas 15 vagas + CR para cargos de n\u00edveis m\u00e9dio, t\u00e9cnico e superior.\" \/>\n<meta name=\"robots\" content=\"index, follow, max-snippet:-1, max-image-preview:large, max-video-preview:-1\" \/>\n<link rel=\"canonical\" href=\"https:\/\/www.estrategiaconcursos.com.br\/blog\/concurso-reciprev\/\" \/>\n<meta property=\"og:locale\" content=\"pt_BR\" \/>\n<meta property=\"og:type\" content=\"article\" \/>\n<meta property=\"og:title\" content=\"Concurso Reciprev: homologado; veja o resultado final\" \/>\n<meta property=\"og:description\" content=\"Dispon\u00edvel o resultado final do concurso Reciprev! Foram ofertadas 15 vagas + CR para cargos de n\u00edveis m\u00e9dio, t\u00e9cnico e superior.\" \/>\n<meta property=\"og:url\" content=\"https:\/\/www.estrategiaconcursos.com.br\/blog\/concurso-reciprev\/\" \/>\n<meta property=\"og:site_name\" content=\"Estrat\u00e9gia Concursos\" \/>\n<meta property=\"article:author\" content=\"https:\/\/www.facebook.com\/EstrategiaConcursos\" \/>\n<meta property=\"article:published_time\" content=\"2024-04-04T10:20:00+00:00\" \/>\n<meta property=\"article:modified_time\" content=\"2024-04-04T13:39:26+00:00\" \/>\n<meta property=\"og:image\" content=\"https:\/\/dhg1h5j42swfq.cloudfront.net\/2022\/05\/16112919\/reciprev.jpg\" \/>\n\t<meta property=\"og:image:width\" content=\"768\" \/>\n\t<meta property=\"og:image:height\" content=\"432\" \/>\n\t<meta property=\"og:image:type\" content=\"image\/jpeg\" \/>\n<meta name=\"author\" content=\"Coordena\u00e7\u00e3o\" \/>\n<meta name=\"twitter:card\" content=\"summary_large_image\" \/>\n<meta name=\"twitter:creator\" content=\"@EstratConcursos\" \/>\n<meta name=\"twitter:site\" content=\"@EstratConcursos\" \/>\n<meta name=\"twitter:label1\" content=\"Escrito por\" \/>\n\t<meta name=\"twitter:data1\" content=\"Coordena\u00e7\u00e3o\" \/>\n\t<meta name=\"twitter:label2\" content=\"Est. tempo de leitura\" \/>\n\t<meta name=\"twitter:data2\" content=\"6 minutos\" \/>\n<script type=\"application\/ld+json\" class=\"yoast-schema-graph\">{\"@context\":\"https:\/\/schema.org\",\"@graph\":[{\"@type\":\"NewsArticle\",\"@id\":\"https:\/\/www.estrategiaconcursos.com.br\/blog\/concurso-reciprev\/#article\",\"isPartOf\":{\"@id\":\"https:\/\/www.estrategiaconcursos.com.br\/blog\/concurso-reciprev\/\"},\"author\":{\"name\":\"Coordena\u00e7\u00e3o\",\"@id\":\"https:\/\/www.estrategiaconcursos.com.br\/blog\/#\/schema\/person\/b4a388c97673c5f483d72185668afa1f\"},\"headline\":\"Concurso Reciprev: homologado; veja o resultado final\",\"datePublished\":\"2024-04-04T10:20:00+00:00\",\"dateModified\":\"2024-04-04T13:39:26+00:00\",\"mainEntityOfPage\":{\"@id\":\"https:\/\/www.estrategiaconcursos.com.br\/blog\/concurso-reciprev\/\"},\"wordCount\":980,\"commentCount\":5,\"publisher\":{\"@id\":\"https:\/\/www.estrategiaconcursos.com.br\/blog\/#organization\"},\"image\":{\"@id\":\"https:\/\/www.estrategiaconcursos.com.br\/blog\/concurso-reciprev\/#primaryimage\"},\"thumbnailUrl\":\"https:\/\/dhg1h5j42swfq.cloudfront.net\/2022\/05\/16112919\/reciprev.jpg\",\"articleSection\":[\"Executivo (Administrativa)\"],\"inLanguage\":\"pt-BR\",\"potentialAction\":[{\"@type\":\"CommentAction\",\"name\":\"Comment\",\"target\":[\"https:\/\/www.estrategiaconcursos.com.br\/blog\/concurso-reciprev\/#respond\"]}],\"copyrightYear\":\"2024\",\"copyrightHolder\":{\"@id\":\"https:\/\/www.estrategiaconcursos.com.br\/blog\/#organization\"}},{\"@type\":\"WebPage\",\"@id\":\"https:\/\/www.estrategiaconcursos.com.br\/blog\/concurso-reciprev\/\",\"url\":\"https:\/\/www.estrategiaconcursos.com.br\/blog\/concurso-reciprev\/\",\"name\":\"Concurso Reciprev: homologado; veja o resultado final\",\"isPartOf\":{\"@id\":\"https:\/\/www.estrategiaconcursos.com.br\/blog\/#website\"},\"primaryImageOfPage\":{\"@id\":\"https:\/\/www.estrategiaconcursos.com.br\/blog\/concurso-reciprev\/#primaryimage\"},\"image\":{\"@id\":\"https:\/\/www.estrategiaconcursos.com.br\/blog\/concurso-reciprev\/#primaryimage\"},\"thumbnailUrl\":\"https:\/\/dhg1h5j42swfq.cloudfront.net\/2022\/05\/16112919\/reciprev.jpg\",\"datePublished\":\"2024-04-04T10:20:00+00:00\",\"dateModified\":\"2024-04-04T13:39:26+00:00\",\"description\":\"Dispon\u00edvel o resultado final do concurso Reciprev! Foram ofertadas 15 vagas + CR para cargos de n\u00edveis m\u00e9dio, t\u00e9cnico e superior.\",\"breadcrumb\":{\"@id\":\"https:\/\/www.estrategiaconcursos.com.br\/blog\/concurso-reciprev\/#breadcrumb\"},\"inLanguage\":\"pt-BR\",\"potentialAction\":[{\"@type\":\"ReadAction\",\"target\":[\"https:\/\/www.estrategiaconcursos.com.br\/blog\/concurso-reciprev\/\"]}]},{\"@type\":\"ImageObject\",\"inLanguage\":\"pt-BR\",\"@id\":\"https:\/\/www.estrategiaconcursos.com.br\/blog\/concurso-reciprev\/#primaryimage\",\"url\":\"https:\/\/dhg1h5j42swfq.cloudfront.net\/2022\/05\/16112919\/reciprev.jpg\",\"contentUrl\":\"https:\/\/dhg1h5j42swfq.cloudfront.net\/2022\/05\/16112919\/reciprev.jpg\",\"width\":768,\"height\":432,\"caption\":\"Edital Reciprev nesta ter\u00e7a (31)\"},{\"@type\":\"BreadcrumbList\",\"@id\":\"https:\/\/www.estrategiaconcursos.com.br\/blog\/concurso-reciprev\/#breadcrumb\",\"itemListElement\":[{\"@type\":\"ListItem\",\"position\":1,\"name\":\"In\u00edcio\",\"item\":\"https:\/\/www.estrategiaconcursos.com.br\/blog\/\"},{\"@type\":\"ListItem\",\"position\":2,\"name\":\"Concurso Reciprev: homologado; veja o resultado final\"}]},{\"@type\":\"WebSite\",\"@id\":\"https:\/\/www.estrategiaconcursos.com.br\/blog\/#website\",\"url\":\"https:\/\/www.estrategiaconcursos.com.br\/blog\/\",\"name\":\"Estrat\u00e9gia Concursos\",\"description\":\"O blog da Estrat\u00e9gia Concursos traz not\u00edcias sobre concursos e artigos de professores oferecendo cursos para concursos (pdf + videaulas) no site.\",\"publisher\":{\"@id\":\"https:\/\/www.estrategiaconcursos.com.br\/blog\/#organization\"},\"potentialAction\":[{\"@type\":\"SearchAction\",\"target\":{\"@type\":\"EntryPoint\",\"urlTemplate\":\"https:\/\/www.estrategiaconcursos.com.br\/blog\/?s={search_term_string}\"},\"query-input\":{\"@type\":\"PropertyValueSpecification\",\"valueRequired\":true,\"valueName\":\"search_term_string\"}}],\"inLanguage\":\"pt-BR\"},{\"@type\":\"Organization\",\"@id\":\"https:\/\/www.estrategiaconcursos.com.br\/blog\/#organization\",\"name\":\"Estrat\u00e9gia Concursos\",\"url\":\"https:\/\/www.estrategiaconcursos.com.br\/blog\/\",\"logo\":{\"@type\":\"ImageObject\",\"inLanguage\":\"pt-BR\",\"@id\":\"https:\/\/www.estrategiaconcursos.com.br\/blog\/#\/schema\/logo\/image\/\",\"url\":\"https:\/\/dhg1h5j42swfq.cloudfront.net\/2025\/06\/03203428\/logo_concursos-1.jpg\",\"contentUrl\":\"https:\/\/dhg1h5j42swfq.cloudfront.net\/2025\/06\/03203428\/logo_concursos-1.jpg\",\"width\":230,\"height\":60,\"caption\":\"Estrat\u00e9gia Concursos\"},\"image\":{\"@id\":\"https:\/\/www.estrategiaconcursos.com.br\/blog\/#\/schema\/logo\/image\/\"},\"sameAs\":[\"https:\/\/x.com\/EstratConcursos\"]},{\"@type\":\"Person\",\"@id\":\"https:\/\/www.estrategiaconcursos.com.br\/blog\/#\/schema\/person\/b4a388c97673c5f483d72185668afa1f\",\"name\":\"Coordena\u00e7\u00e3o\",\"image\":{\"@type\":\"ImageObject\",\"inLanguage\":\"pt-BR\",\"@id\":\"https:\/\/secure.gravatar.com\/avatar\/b720319e4c9a967eb58678d110f4fe35452fc5d5f97b202bac7b8acceb18c6ad?s=96&d=mm&r=g\",\"url\":\"https:\/\/secure.gravatar.com\/avatar\/b720319e4c9a967eb58678d110f4fe35452fc5d5f97b202bac7b8acceb18c6ad?s=96&d=mm&r=g\",\"contentUrl\":\"https:\/\/secure.gravatar.com\/avatar\/b720319e4c9a967eb58678d110f4fe35452fc5d5f97b202bac7b8acceb18c6ad?s=96&d=mm&r=g\",\"caption\":\"Coordena\u00e7\u00e3o\"},\"sameAs\":[\"https:\/\/www.facebook.com\/EstrategiaConcursos\",\"https:\/\/x.com\/EstratConcursos\"],\"url\":\"https:\/\/www.estrategiaconcursos.com.br\/blog\/author\/estrategia2013\/\"}]}<\/script>\n<!-- \/ Yoast SEO Premium plugin. -->","yoast_head_json":{"title":"Concurso Reciprev: homologado; veja o resultado final","description":"Dispon\u00edvel o resultado final do concurso Reciprev! Foram ofertadas 15 vagas + CR para cargos de n\u00edveis m\u00e9dio, t\u00e9cnico e superior.","robots":{"index":"index","follow":"follow","max-snippet":"max-snippet:-1","max-image-preview":"max-image-preview:large","max-video-preview":"max-video-preview:-1"},"canonical":"https:\/\/www.estrategiaconcursos.com.br\/blog\/concurso-reciprev\/","og_locale":"pt_BR","og_type":"article","og_title":"Concurso Reciprev: homologado; veja o resultado final","og_description":"Dispon\u00edvel o resultado final do concurso Reciprev! Foram ofertadas 15 vagas + CR para cargos de n\u00edveis m\u00e9dio, t\u00e9cnico e superior.","og_url":"https:\/\/www.estrategiaconcursos.com.br\/blog\/concurso-reciprev\/","og_site_name":"Estrat\u00e9gia Concursos","article_author":"https:\/\/www.facebook.com\/EstrategiaConcursos","article_published_time":"2024-04-04T10:20:00+00:00","article_modified_time":"2024-04-04T13:39:26+00:00","og_image":[{"width":768,"height":432,"url":"https:\/\/dhg1h5j42swfq.cloudfront.net\/2022\/05\/16112919\/reciprev.jpg","type":"image\/jpeg"}],"author":"Coordena\u00e7\u00e3o","twitter_card":"summary_large_image","twitter_creator":"@EstratConcursos","twitter_site":"@EstratConcursos","twitter_misc":{"Escrito por":"Coordena\u00e7\u00e3o","Est. tempo de leitura":"6 minutos"},"schema":{"@context":"https:\/\/schema.org","@graph":[{"@type":"NewsArticle","@id":"https:\/\/www.estrategiaconcursos.com.br\/blog\/concurso-reciprev\/#article","isPartOf":{"@id":"https:\/\/www.estrategiaconcursos.com.br\/blog\/concurso-reciprev\/"},"author":{"name":"Coordena\u00e7\u00e3o","@id":"https:\/\/www.estrategiaconcursos.com.br\/blog\/#\/schema\/person\/b4a388c97673c5f483d72185668afa1f"},"headline":"Concurso Reciprev: homologado; veja o resultado final","datePublished":"2024-04-04T10:20:00+00:00","dateModified":"2024-04-04T13:39:26+00:00","mainEntityOfPage":{"@id":"https:\/\/www.estrategiaconcursos.com.br\/blog\/concurso-reciprev\/"},"wordCount":980,"commentCount":5,"publisher":{"@id":"https:\/\/www.estrategiaconcursos.com.br\/blog\/#organization"},"image":{"@id":"https:\/\/www.estrategiaconcursos.com.br\/blog\/concurso-reciprev\/#primaryimage"},"thumbnailUrl":"https:\/\/dhg1h5j42swfq.cloudfront.net\/2022\/05\/16112919\/reciprev.jpg","articleSection":["Executivo (Administrativa)"],"inLanguage":"pt-BR","potentialAction":[{"@type":"CommentAction","name":"Comment","target":["https:\/\/www.estrategiaconcursos.com.br\/blog\/concurso-reciprev\/#respond"]}],"copyrightYear":"2024","copyrightHolder":{"@id":"https:\/\/www.estrategiaconcursos.com.br\/blog\/#organization"}},{"@type":"WebPage","@id":"https:\/\/www.estrategiaconcursos.com.br\/blog\/concurso-reciprev\/","url":"https:\/\/www.estrategiaconcursos.com.br\/blog\/concurso-reciprev\/","name":"Concurso Reciprev: homologado; veja o resultado final","isPartOf":{"@id":"https:\/\/www.estrategiaconcursos.com.br\/blog\/#website"},"primaryImageOfPage":{"@id":"https:\/\/www.estrategiaconcursos.com.br\/blog\/concurso-reciprev\/#primaryimage"},"image":{"@id":"https:\/\/www.estrategiaconcursos.com.br\/blog\/concurso-reciprev\/#primaryimage"},"thumbnailUrl":"https:\/\/dhg1h5j42swfq.cloudfront.net\/2022\/05\/16112919\/reciprev.jpg","datePublished":"2024-04-04T10:20:00+00:00","dateModified":"2024-04-04T13:39:26+00:00","description":"Dispon\u00edvel o resultado final do concurso Reciprev! Foram ofertadas 15 vagas + CR para cargos de n\u00edveis m\u00e9dio, t\u00e9cnico e superior.","breadcrumb":{"@id":"https:\/\/www.estrategiaconcursos.com.br\/blog\/concurso-reciprev\/#breadcrumb"},"inLanguage":"pt-BR","potentialAction":[{"@type":"ReadAction","target":["https:\/\/www.estrategiaconcursos.com.br\/blog\/concurso-reciprev\/"]}]},{"@type":"ImageObject","inLanguage":"pt-BR","@id":"https:\/\/www.estrategiaconcursos.com.br\/blog\/concurso-reciprev\/#primaryimage","url":"https:\/\/dhg1h5j42swfq.cloudfront.net\/2022\/05\/16112919\/reciprev.jpg","contentUrl":"https:\/\/dhg1h5j42swfq.cloudfront.net\/2022\/05\/16112919\/reciprev.jpg","width":768,"height":432,"caption":"Edital Reciprev nesta ter\u00e7a (31)"},{"@type":"BreadcrumbList","@id":"https:\/\/www.estrategiaconcursos.com.br\/blog\/concurso-reciprev\/#breadcrumb","itemListElement":[{"@type":"ListItem","position":1,"name":"In\u00edcio","item":"https:\/\/www.estrategiaconcursos.com.br\/blog\/"},{"@type":"ListItem","position":2,"name":"Concurso Reciprev: homologado; veja o resultado final"}]},{"@type":"WebSite","@id":"https:\/\/www.estrategiaconcursos.com.br\/blog\/#website","url":"https:\/\/www.estrategiaconcursos.com.br\/blog\/","name":"Estrat\u00e9gia Concursos","description":"O blog da Estrat\u00e9gia Concursos traz not\u00edcias sobre concursos e artigos de professores oferecendo cursos para concursos (pdf + videaulas) no site.","publisher":{"@id":"https:\/\/www.estrategiaconcursos.com.br\/blog\/#organization"},"potentialAction":[{"@type":"SearchAction","target":{"@type":"EntryPoint","urlTemplate":"https:\/\/www.estrategiaconcursos.com.br\/blog\/?s={search_term_string}"},"query-input":{"@type":"PropertyValueSpecification","valueRequired":true,"valueName":"search_term_string"}}],"inLanguage":"pt-BR"},{"@type":"Organization","@id":"https:\/\/www.estrategiaconcursos.com.br\/blog\/#organization","name":"Estrat\u00e9gia Concursos","url":"https:\/\/www.estrategiaconcursos.com.br\/blog\/","logo":{"@type":"ImageObject","inLanguage":"pt-BR","@id":"https:\/\/www.estrategiaconcursos.com.br\/blog\/#\/schema\/logo\/image\/","url":"https:\/\/dhg1h5j42swfq.cloudfront.net\/2025\/06\/03203428\/logo_concursos-1.jpg","contentUrl":"https:\/\/dhg1h5j42swfq.cloudfront.net\/2025\/06\/03203428\/logo_concursos-1.jpg","width":230,"height":60,"caption":"Estrat\u00e9gia Concursos"},"image":{"@id":"https:\/\/www.estrategiaconcursos.com.br\/blog\/#\/schema\/logo\/image\/"},"sameAs":["https:\/\/x.com\/EstratConcursos"]},{"@type":"Person","@id":"https:\/\/www.estrategiaconcursos.com.br\/blog\/#\/schema\/person\/b4a388c97673c5f483d72185668afa1f","name":"Coordena\u00e7\u00e3o","image":{"@type":"ImageObject","inLanguage":"pt-BR","@id":"https:\/\/secure.gravatar.com\/avatar\/b720319e4c9a967eb58678d110f4fe35452fc5d5f97b202bac7b8acceb18c6ad?s=96&d=mm&r=g","url":"https:\/\/secure.gravatar.com\/avatar\/b720319e4c9a967eb58678d110f4fe35452fc5d5f97b202bac7b8acceb18c6ad?s=96&d=mm&r=g","contentUrl":"https:\/\/secure.gravatar.com\/avatar\/b720319e4c9a967eb58678d110f4fe35452fc5d5f97b202bac7b8acceb18c6ad?s=96&d=mm&r=g","caption":"Coordena\u00e7\u00e3o"},"sameAs":["https:\/\/www.facebook.com\/EstrategiaConcursos","https:\/\/x.com\/EstratConcursos"],"url":"https:\/\/www.estrategiaconcursos.com.br\/blog\/author\/estrategia2013\/"}]}},"_links":{"self":[{"href":"https:\/\/www.estrategiaconcursos.com.br\/blog\/wp-json\/wp\/v2\/posts\/433591","targetHints":{"allow":["GET"]}}],"collection":[{"href":"https:\/\/www.estrategiaconcursos.com.br\/blog\/wp-json\/wp\/v2\/posts"}],"about":[{"href":"https:\/\/www.estrategiaconcursos.com.br\/blog\/wp-json\/wp\/v2\/types\/post"}],"author":[{"embeddable":true,"href":"https:\/\/www.estrategiaconcursos.com.br\/blog\/wp-json\/wp\/v2\/users\/1"}],"replies":[{"embeddable":true,"href":"https:\/\/www.estrategiaconcursos.com.br\/blog\/wp-json\/wp\/v2\/comments?post=433591"}],"version-history":[{"count":78,"href":"https:\/\/www.estrategiaconcursos.com.br\/blog\/wp-json\/wp\/v2\/posts\/433591\/revisions"}],"predecessor-version":[{"id":1378928,"href":"https:\/\/www.estrategiaconcursos.com.br\/blog\/wp-json\/wp\/v2\/posts\/433591\/revisions\/1378928"}],"wp:featuredmedia":[{"embeddable":true,"href":"https:\/\/www.estrategiaconcursos.com.br\/blog\/wp-json\/wp\/v2\/media\/1028621"}],"wp:attachment":[{"href":"https:\/\/www.estrategiaconcursos.com.br\/blog\/wp-json\/wp\/v2\/media?parent=433591"}],"wp:term":[{"taxonomy":"category","embeddable":true,"href":"https:\/\/www.estrategiaconcursos.com.br\/blog\/wp-json\/wp\/v2\/categories?post=433591"},{"taxonomy":"post_tag","embeddable":true,"href":"https:\/\/www.estrategiaconcursos.com.br\/blog\/wp-json\/wp\/v2\/tags?post=433591"},{"taxonomy":"tax_estado","embeddable":true,"href":"https:\/\/www.estrategiaconcursos.com.br\/blog\/wp-json\/wp\/v2\/tax_estado?post=433591"}],"curies":[{"name":"wp","href":"https:\/\/api.w.org\/{rel}","templated":true}]}}