{"id":43315,"date":"2025-11-27T11:12:32","date_gmt":"2025-11-27T14:12:32","guid":{"rendered":"https:\/\/www.estrategiaconcursos.com.br\/blog\/?p=43315"},"modified":"2025-12-01T11:12:15","modified_gmt":"2025-12-01T14:12:15","slug":"concurso-dataprev","status":"publish","type":"post","link":"https:\/\/www.estrategiaconcursos.com.br\/blog\/concurso-dataprev\/","title":{"rendered":"Concurso Dataprev: 122 aprovados s\u00e3o convocados!"},"content":{"rendered":"\n<p style=\"font-size:clamp(15.197px, 0.95rem + ((1vw - 3.2px) * 0.765), 23px);\"><em><strong>Concurso Dataprev: primeira fase de convoca\u00e7\u00f5es chama 122 aprovados em TI e outras \u00e1reas; vagas em 7 estados<\/strong><\/em><\/p>\n\n\n<a id=\"cta-icon\" href=\"https:\/\/www.redirectmais.com\/wpp\/dataprev-grupo\" target=\"blank\" style=\"background:rgb(41,166,26)\">\n            <img decoding=\"async\" src=\"https:\/\/dhg1h5j42swfq.cloudfront.net\/2024\/01\/03154041\/whatsapp_13851.png\" alt=\"\" alt=\"whatsapp_13851\"><span > Acesse agora o Grupo de Estudos para o Concurso Dataprev<\/span><\/a>\n\n\n\n<div style=\"height:38px\" aria-hidden=\"true\" class=\"wp-block-spacer\"><\/div>\n\n\n\n<p>\u00d3tima not\u00edcia para os candidatos do <strong>concurso Dataprev<\/strong> (<a href=\"https:\/\/www.estrategiaconcursos.com.br\/cursosPorConcurso\/dataprev-97\/\" target=\"_blank\" rel=\"noreferrer noopener\">Empresa de Tecnologia e Informa\u00e7\u00f5es da Previd\u00eancia<\/a>). Isso porque <strong>os aprovados na sele\u00e7\u00e3o come\u00e7aram a ser convocados! <\/strong><\/p>\n\n\n\n<p>Esta primeira fase de convoca\u00e7\u00f5es inclui <strong>122 aprovados <\/strong>para os perfis de an\u00e1lise de neg\u00f3cios de TI, arquitetura, engenharia, desenvolvimento de software, intelig\u00eancia da informa\u00e7\u00e3o, seguran\u00e7a cibern\u00e9tica, prote\u00e7\u00e3o de dados, gest\u00e3o de servi\u00e7os de TIC, advocacia e analista de processamento.<\/p>\n\n\n\n<p>As vagas a serem ocupadas s\u00e3o para todas as unidades da empresa: Distrito Federal (21), Rio de Janeiro (3), S\u00e3o Paulo (12), Para\u00edba (20), Rio Grande do Norte (24), Cear\u00e1 (20) e Santa Catarina (22). O dimensionamento das demandas para uma nova etapa de convoca\u00e7\u00f5es est\u00e1 em andamento.<\/p>\n\n\n\n<p>De acordo com informa\u00e7\u00f5es da empresa, &#8220;<em>o refor\u00e7o nas equipes acompanha o movimento da empresa de aumento de capacidade para atender aos desafios da transforma\u00e7\u00e3o digital do Estado<\/em>&#8220;.<\/p>\n\n\n\n<p>Para al\u00e9m da renova\u00e7\u00e3o de pessoal, a Dataprev vem realizando contrata\u00e7\u00f5es estrat\u00e9gicas nas \u00e1reas de multinuvem e hiperautoma\u00e7\u00e3o, al\u00e9m de iniciativas para refor\u00e7o da seguran\u00e7a cibern\u00e9tica e moderniza\u00e7\u00e3o de seus data centers.<\/p>\n\n\n\n<h2 class=\"wp-block-heading has-medium-font-size\" id=\"h-quantas-vagas-foram-ofertadas-no-concurso-dataprev-e-qual-o-quantitativo-de-inscritos\">Quantas vagas foram ofertadas no Concurso Dataprev e qual o quantitativo de inscritos? <\/h2>\n\n\n\n<p>Vale lembrar que o concurso p\u00fablico Dataprev ofereceu um total de <strong>2.145 vagas<\/strong>, sendo 236 imediatas e 1.909 oportunidades para cadastro de reserva.<\/p>\n\n\n\n<p>No total, foram registrados <strong>23<\/strong>.<strong>423<\/strong> <a href=\"https:\/\/dhg1h5j42swfq.cloudfront.net\/2024\/11\/08104518\/602-dataprev-demanda-por-vaga-local.pdf\" target=\"_blank\" rel=\"noreferrer noopener nofollow\">inscritos<\/a>, sendo que o cargo com maior procura foi para <strong>Analista de TI<\/strong>, com 21.957 interessados.<\/p>\n\n\n\n<ul class=\"wp-block-list has-very-light-gray-to-cyan-bluish-gray-gradient-background has-background\">\n<li><strong>Empresa de Tecnologia e Informa\u00e7\u00e3o da Previd\u00eancia &#8211;<\/strong> <strong>Dataprev<\/strong><\/li>\n\n\n\n<li><strong>Situa\u00e7\u00e3o:<\/strong>&nbsp;convoca\u00e7\u00e3o de aprovados <\/li>\n\n\n\n<li><strong>Banca:<\/strong>&nbsp;<a href=\"https:\/\/conhecimento.fgv.br\/concursos\/dataprev24\" target=\"_blank\" rel=\"noreferrer noopener\">FGV<\/a><\/li>\n\n\n\n<li><strong>Vagas:<\/strong>&nbsp;236 + 1.909 CR<\/li>\n\n\n\n<li><strong>Sal\u00e1rio inicial:<\/strong>&nbsp;R$ 3.893,95 a R$ 9.173,62<\/li>\n\n\n\n<li><strong>Edital:<\/strong> <a href=\"https:\/\/dhg1h5j42swfq.cloudfront.net\/2024\/09\/06104548\/dataprev_edital_0.pdf\" target=\"_blank\" rel=\"noreferrer noopener nofollow\">Dataprev 2024<\/a><\/li>\n<\/ul>\n\n\n\n<p>Ao longo deste artigo reunimos mais detalhes sobre o certame para que voc\u00ea possa ficar bem informado. Acompanhe pelos t\u00f3picos abaixo!<\/p>\n\n\n\n<ul id=\"indice\" class=\"wp-block-list\">\n<li><a href=\"#h-cargos-e-vagas-do-concurso-dataprev\"><strong>Cargos e vagas<\/strong><\/a>\n<ul class=\"wp-block-list\">\n<li><a href=\"#medio\">N\u00edvel m\u00e9dio<\/a><\/li>\n\n\n\n<li><a href=\"#superior\">N\u00edvel superior<\/a><\/li>\n<\/ul>\n<\/li>\n\n\n\n<li><strong><a href=\"#carreira\">Carreira<\/a><\/strong>\n<ul class=\"wp-block-list\">\n<li><a href=\"#salario\">Sal\u00e1rios<\/a><\/li>\n\n\n\n<li><a href=\"#beneficios\">Benef\u00edcios<\/a><\/li>\n<\/ul>\n<\/li>\n\n\n\n<li><a href=\"#etapas\"><strong>Etapas do concurso<\/strong><\/a>\n<ul class=\"wp-block-list\">\n<li><a href=\"#objetiva\">Prova objetiva<\/a><\/li>\n<\/ul>\n<\/li>\n\n\n\n<li><strong><a href=\"#sobre\">Sobre o Dataprev<\/a><\/strong><\/li>\n\n\n\n<li><a href=\"#assinatura-e-cursos\"><strong>Assinatura e cursos<\/strong><\/a><\/li>\n\n\n\n<li><a href=\"#ficha\"><strong>Ficha T\u00e9cnica<\/strong><\/a><\/li>\n<\/ul>\n\n\n\n<div class=\"container\" id=\"boxes\">\n  <div class=\"row\">\n\n    <div class=\"col-sm\">\n      <div class=\"banner-adm-ec\" id=\"box-assinatura\">\n        <h2 class=\"titulo-assinatura\">Cursos para o Concurso Dataprev<\/h2>\n        <p class=\"subtitulo-assinatura\">Estude com quem mais aprova!<\/p>\n        <div class=\"box-botao\">\n          <a class=\"btn-assinatura\" target=\"_blank\" href=\"https:\/\/www.estrategiaconcursos.com.br\/cursosPorConcurso\/dataprev-97\/\" role=\"button\" rel=\"noopener noreferrer\">VER CURSOS<\/a>\n        <\/div>\n      <\/div>\n      \n    <\/div>\n\n  <\/div>\n<\/div>\n\n\n\n<h2 class=\"wp-block-heading\" id=\"h-cargos-e-vagas-do-concurso-dataprev\">Cargos e vagas do concurso Dataprev<\/h2>\n\n\n\n<h3 class=\"wp-block-heading\" id=\"medio\">N\u00edvel m\u00e9dio<\/h3>\n\n\n\n<figure class=\"wp-block-image aligncenter size-full\"><img loading=\"lazy\" decoding=\"async\" width=\"659\" height=\"230\" src=\"https:\/\/dhg1h5j42swfq.cloudfront.net\/2024\/09\/06105241\/image-160.png\" alt=\"Quadro de vagas de n\u00edvel m\u00e9dio por localidade do concurso Dataprev\" class=\"wp-image-1457662\" srcset=\"https:\/\/dhg1h5j42swfq.cloudfront.net\/2024\/09\/06105241\/image-160.png 659w, https:\/\/dhg1h5j42swfq.cloudfront.net\/2024\/09\/06105241\/image-160-300x105.png 300w, https:\/\/dhg1h5j42swfq.cloudfront.net\/2024\/09\/06105241\/image-160-610x213.png 610w, https:\/\/dhg1h5j42swfq.cloudfront.net\/2024\/09\/06105241\/image-160-150x52.png 150w\" sizes=\"auto, (max-width: 659px) 100vw, 659px\" \/><\/figure>\n\n\n\n<h3 class=\"wp-block-heading\" id=\"superior\">N\u00edvel superior<\/h3>\n\n\n\n<figure class=\"wp-block-image aligncenter size-large\"><img loading=\"lazy\" decoding=\"async\" width=\"641\" height=\"1024\" src=\"https:\/\/dhg1h5j42swfq.cloudfront.net\/2024\/09\/06105513\/sup-641x1024.png\" alt=\"Quadro de vagas de n\u00edvel superior por localidade do Concurso Dataprev\" class=\"wp-image-1457663\" srcset=\"https:\/\/dhg1h5j42swfq.cloudfront.net\/2024\/09\/06105513\/sup-641x1024.png 641w, https:\/\/dhg1h5j42swfq.cloudfront.net\/2024\/09\/06105513\/sup-188x300.png 188w, https:\/\/dhg1h5j42swfq.cloudfront.net\/2024\/09\/06105513\/sup-610x975.png 610w, https:\/\/dhg1h5j42swfq.cloudfront.net\/2024\/09\/06105513\/sup-150x240.png 150w, https:\/\/dhg1h5j42swfq.cloudfront.net\/2024\/09\/06105513\/sup.png 656w\" sizes=\"auto, (max-width: 641px) 100vw, 641px\" \/><\/figure>\n\n\n\n<h2 class=\"wp-block-heading\" id=\"carreira\">Como \u00e9 a carreira na Dataprev?<\/h2>\n\n\n\n<h3 class=\"wp-block-heading\" id=\"salario\">Sal\u00e1rio<\/h3>\n\n\n\n<p>Os aprovados receber\u00e3o os seguintes sal\u00e1rios, todos acrecidos de adicional de atividades:<\/p>\n\n\n\n<figure class=\"wp-block-table is-style-stripes\"><table><thead><tr><th class=\"has-text-align-center\" data-align=\"center\">Cargos<\/th><th class=\"has-text-align-center\" data-align=\"center\">Sal\u00e1rio nominal<\/th><th class=\"has-text-align-center\" data-align=\"center\">Adicional de atividade<\/th><th class=\"has-text-align-center\" data-align=\"center\">Total<\/th><\/tr><\/thead><tbody><tr><td class=\"has-text-align-center\" data-align=\"center\">Analista de TI (40h)<\/td><td class=\"has-text-align-center\" data-align=\"center\">R$ 8.090,05<\/td><td class=\"has-text-align-center\" data-align=\"center\">R$ 1.083,57<\/td><td class=\"has-text-align-center\" data-align=\"center\">R$ 9.173,62<\/td><\/tr><tr><td class=\"has-text-align-center\" data-align=\"center\">Analista de Processamento (30h)<\/td><td class=\"has-text-align-center\" data-align=\"center\">R$ 6.019,74<\/td><td class=\"has-text-align-center\" data-align=\"center\">R$ 1.083,57<\/td><td class=\"has-text-align-center\" data-align=\"center\">R$ 7.103,31<\/td><\/tr><tr><td class=\"has-text-align-center\" data-align=\"center\">Engenheiro de Seg. do Trab. (40h)<\/td><td class=\"has-text-align-center\" data-align=\"center\">R$ 8.090,05<\/td><td class=\"has-text-align-center\" data-align=\"center\">R$ 1.083,57<\/td><td class=\"has-text-align-center\" data-align=\"center\">R$ 9.173,62<\/td><\/tr><tr><td class=\"has-text-align-center\" data-align=\"center\">M\u00e9dico do Trabalho (20h)<\/td><td class=\"has-text-align-center\" data-align=\"center\">R$ 8.090,05<\/td><td class=\"has-text-align-center\" data-align=\"center\">R$ 1.083,57<\/td><td class=\"has-text-align-center\" data-align=\"center\">R$ 9.173,62<\/td><\/tr><tr><td class=\"has-text-align-center\" data-align=\"center\"><strong>Auxiliar ou T\u00e9cnico de <br \/>Enfermagem do Trabalho (30h)<\/strong><\/td><td class=\"has-text-align-center\" data-align=\"center\">R$ 3.432,96<\/td><td class=\"has-text-align-center\" data-align=\"center\">R$ 460,99<\/td><td class=\"has-text-align-center\" data-align=\"center\">R$ 3.893,95<\/td><\/tr><tr><td class=\"has-text-align-center\" data-align=\"center\">T\u00e9cnico de Seg. do Trab. (40h)<\/td><td class=\"has-text-align-center\" data-align=\"center\">R$ 3.432,96<\/td><td class=\"has-text-align-center\" data-align=\"center\">R$ 460,99<\/td><td class=\"has-text-align-center\" data-align=\"center\">R$ 3.893,95<\/td><\/tr><\/tbody><\/table><figcaption class=\"wp-element-caption\">Tabela remunerat\u00f3ria por cargo<\/figcaption><\/figure>\n\n\n\n<h3 class=\"wp-block-heading\" id=\"beneficios\">Benef\u00edcios<\/h3>\n\n\n\n<p>Al\u00e9m dos sal\u00e1rios acima descritos, os futuros aprovados tamb\u00e9m ter\u00e3o direito aos seguintes benef\u00edcios:<\/p>\n\n\n\n<ul class=\"wp-block-list\">\n<li>Ticket Alimenta\u00e7\u00e3o\/Refei\u00e7\u00e3o: R$ 1.165,20;<\/li>\n\n\n\n<li>Aux\u00edlio Pr\u00e9-Escolar ou Escolar para Filhos: at\u00e9 R$ 1.586,71;<\/li>\n\n\n\n<li>Aux\u00edlio Tratamento Especializado (filhos deficientes): at\u00e9 R$ 1.230,00;<\/li>\n\n\n\n<li>Seguro de Vida em Grupo;<\/li>\n\n\n\n<li>Assist\u00eancia \u00e0 sa\u00fade: Reembolso, conforme as regras definidas;<\/li>\n\n\n\n<li>Plano de previd\u00eancia complementar junto \u00e0 Sociedade de Previd\u00eancia Complementar da Dataprev &#8211; Prevdata;<\/li>\n\n\n\n<li>Participa\u00e7\u00e3o nos Lucros e Resultados;<\/li>\n\n\n\n<li>Gratifica\u00e7\u00e3o Vari\u00e1vel por Resultado, conforme regras da empresa; e<\/li>\n\n\n\n<li>Possibilidade de Progress\u00e3o na Carreira.<\/li>\n<\/ul>\n\n\n\n<h2 class=\"wp-block-heading\" id=\"etapas\">Etapas do concurso Dataprev<\/h2>\n\n\n\n<p>O Concurso P\u00fablico Dataprev foi constitu\u00eddo de duas importantes etapas:<\/p>\n\n\n\n<ul class=\"wp-block-list\">\n<li><strong>Prova Objetiva<\/strong>, de car\u00e1ter eliminat\u00f3rio e classificat\u00f3rio, para todos os cargos;<\/li>\n\n\n\n<li><strong>Procedimento de Heteroidentifica\u00e7\u00e3o e Avalia\u00e7\u00e3o Biopsicossocial<\/strong> para aqueles que concorrerem, respectivamente, \u00e0 reserva de vagas para candidatos negros e pardos e para candidatos com defici\u00eancia.<\/li>\n<\/ul>\n\n\n\n<h3 class=\"wp-block-heading\" id=\"objetiva\">Prova Objetiva<\/h3>\n\n\n\n<p>A etapa, de car\u00e1ter eliminat\u00f3rio e classificat\u00f3rio, foi composta por <strong>70 quest\u00f5es<\/strong> do tipo m\u00faltipla escolha, com 5 alternativas cada, sendo uma a op\u00e7\u00e3o correta.<\/p>\n\n\n\n<figure class=\"wp-block-image aligncenter size-full\"><img loading=\"lazy\" decoding=\"async\" width=\"633\" height=\"280\" src=\"https:\/\/dhg1h5j42swfq.cloudfront.net\/2024\/09\/06111320\/image-172.png\" alt=\"Tabela de detalhes da prova objetiva aos cargos ofertados do concurso Dataprev\" class=\"wp-image-1457715\" srcset=\"https:\/\/dhg1h5j42swfq.cloudfront.net\/2024\/09\/06111320\/image-172.png 633w, https:\/\/dhg1h5j42swfq.cloudfront.net\/2024\/09\/06111320\/image-172-300x133.png 300w, https:\/\/dhg1h5j42swfq.cloudfront.net\/2024\/09\/06111320\/image-172-610x270.png 610w, https:\/\/dhg1h5j42swfq.cloudfront.net\/2024\/09\/06111320\/image-172-150x66.png 150w\" sizes=\"auto, (max-width: 633px) 100vw, 633px\" \/><\/figure>\n\n\n\n<p>Para todos os cargos\/perfis foi considerado aprovado na Prova Objetiva, o candidato que, cumulativamente:<\/p>\n\n\n\n<ul class=\"wp-block-list\">\n<li>obtivesse, no m\u00ednimo, 57,5 pontos na prova objetiva; e<\/li>\n\n\n\n<li>n\u00e3o zerasse nenhuma disciplina.<\/li>\n<\/ul>\n\n\n\n<h2 class=\"wp-block-heading\" id=\"sobre\">Sobre o Dataprev<\/h2>\n\n\n\n<p>A Dataprev \u00e9 parceira estrat\u00e9gica do Governo Federal na manuten\u00e7\u00e3o e amplia\u00e7\u00e3o de iniciativas de digitaliza\u00e7\u00e3o, automa\u00e7\u00e3o de processos e transforma\u00e7\u00e3o digital dos servi\u00e7os p\u00fablicos.<\/p>\n\n\n\n<p>Com 49 anos de atua\u00e7\u00e3o, a empresa conta com parque tecnol\u00f3gico certificado e solu\u00e7\u00f5es inovadoras, al\u00e9m de ser respons\u00e1vel pela guarda e gest\u00e3o da maior base de dados sociais do pa\u00eds, o Cadastro Nacional de Informa\u00e7\u00f5es Sociais (CNIS), que permite a concess\u00e3o autom\u00e1tica de v\u00e1rios direitos sociais, como aposentadorias ou sal\u00e1rio-maternidade.<\/p>\n\n\n\n<p>A empresa tem sede em Bras\u00edlia e conta ainda com seis unidades nos estados do Cear\u00e1, da Para\u00edba, do Rio Grande do Norte, do Rio de Janeiro, de Santa Catarina e de S\u00e3o Paulo.<\/p>\n\n\n\n<hr class=\"wp-block-separator has-alpha-channel-opacity\"\/>\n\n\n\n<h2 class=\"wp-block-heading has-text-align-center\" id=\"assinatura-e-cursos\">Quer estudar para o concurso Dataprev?<\/h2>\n\n\n\n<div class=\"container\" id=\"boxes\">\n  <div class=\"row\">\n\n    <div class=\"col-sm\">\n      <div class=\"banner-adm-ec\" id=\"box-assinatura\">\n        <h2 class=\"titulo-assinatura\">Cursos para o Concurso Dataprev<\/h2>\n        <p class=\"subtitulo-assinatura\">Estude com quem mais aprova!<\/p>\n        <div class=\"box-botao\">\n          <a class=\"btn-assinatura\" target=\"_blank\" href=\"https:\/\/www.estrategiaconcursos.com.br\/cursosPorConcurso\/dataprev-97\/\" role=\"button\" rel=\"noopener noreferrer\">VER CURSOS<\/a>\n        <\/div>\n      <\/div>\n      \n    <\/div>\n\n  <\/div>\n<\/div>\n\n\n\n<div class=\"container\" id=\"boxes\">\r\n  <div class=\"row\">\r\n\r\n    <div class=\"col-sm\">\r\n      <div class=\"estrategia\" id=\"box-assinatura\">\r\n        <h3 class=\"titulo-assinatura\">Assinatura Concursos<\/h3>\r\n        <p class=\"subtitulo-assinatura\">Assinatura de 1 ano ou 2 anos<\/p>\r\n        <div class=\"box-botao\">\r\n          <a class=\"btn-assinatura\" target=\"_blank\" href=\"https:\/\/www.estrategiaconcursos.com.br\/assinaturas\/\" role=\"button\" rel=\"noopener noreferrer\">ASSINE AGORA<\/a>\r\n        <\/div>\r\n      <\/div><\/div><\/div><\/div>\n\n\n\n<h2 class=\"wp-block-heading has-text-align-center\" id=\"h-quer-saber-tudo-sobre-concursos-previstos-confira-os-nossos-artigos\">Quer saber tudo sobre concursos previstos?<br \/>Confira os nossos artigos!<\/h2>\n\n\n\n<ul class=\"wp-block-list\">\n<li><a href=\"https:\/\/www.estrategiaconcursos.com.br\/blog\/concursos-abertos\/\" target=\"_blank\" rel=\"noreferrer noopener\">Concursos Abertos<\/a><\/li>\n\n\n\n<li><a href=\"https:\/\/www.estrategiaconcursos.com.br\/blog\/concurso-administrativos\/\" target=\"_blank\" rel=\"noreferrer noopener\">Concursos Administrativos<\/a><\/li>\n\n\n\n<li><a href=\"https:\/\/www.estrategiaconcursos.com.br\/blog\/concursos-federais\/\" target=\"_blank\" rel=\"noreferrer noopener\">Concursos Federais<\/a><\/li>\n\n\n\n<li><a href=\"https:\/\/www.estrategiaconcursos.com.br\/blog\/concursos-2026\/\" target=\"_blank\" rel=\"noreferrer noopener\">Concursos 2026<\/a><\/li>\n\n\n\n<li><a href=\"https:\/\/www.estrategiaconcursos.com.br\/blog\/concursos-ti\/\" target=\"_blank\" rel=\"noreferrer noopener\">Concursos TI<\/a><\/li>\n<\/ul>\n\n\n\n<figure class=\"wp-block-image size-large is-resized\"><img loading=\"lazy\" decoding=\"async\" width=\"1024\" height=\"632\" src=\"https:\/\/dhg1h5j42swfq.cloudfront.net\/2021\/10\/08115111\/ficha-tecnica-1024x632.png\" alt=\"Informa\u00e7\u00f5es do concurso DATAPREV\" class=\"wp-image-880890\" style=\"width:283px;height:174px\" srcset=\"https:\/\/dhg1h5j42swfq.cloudfront.net\/2021\/10\/08115111\/ficha-tecnica-1024x632.png 1024w, https:\/\/dhg1h5j42swfq.cloudfront.net\/2021\/10\/08115111\/ficha-tecnica-300x185.png 300w, https:\/\/dhg1h5j42swfq.cloudfront.net\/2021\/10\/08115111\/ficha-tecnica-768x474.png 768w, https:\/\/dhg1h5j42swfq.cloudfront.net\/2021\/10\/08115111\/ficha-tecnica-1536x948.png 1536w, https:\/\/dhg1h5j42swfq.cloudfront.net\/2021\/10\/08115111\/ficha-tecnica-610x377.png 610w, https:\/\/dhg1h5j42swfq.cloudfront.net\/2021\/10\/08115111\/ficha-tecnica.png 1571w\" sizes=\"auto, (max-width: 1024px) 100vw, 1024px\" \/><\/figure>\n\n\n\n<h3 class=\"wp-block-heading\" id=\"ficha\">Informa\u00e7\u00f5es do \u00faltimo concurso Dataprev<\/h3>\n\n\n\n<ul class=\"wp-block-list\">\n<li><strong>Ano:<\/strong> 2024<\/li>\n\n\n\n<li><strong>Vagas<\/strong>: 236 + 1.909 CR<\/li>\n\n\n\n<li><strong>Cargos<\/strong>: V\u00e1rios<\/li>\n\n\n\n<li><strong>Banca<\/strong>: FGV<\/li>\n\n\n\n<li><strong>Escolaridade<\/strong>: N\u00edveis m\u00e9dio e superior<\/li>\n\n\n\n<li><strong>Edital:<\/strong>&nbsp;<a href=\"https:\/\/dhg1h5j42swfq.cloudfront.net\/2023\/07\/28144341\/ed_1_2023_dataprev_abertura.pdf\" target=\"_blank\" rel=\"noreferrer noopener nofollow\"><\/a><a href=\"https:\/\/dhg1h5j42swfq.cloudfront.net\/2024\/09\/06104548\/dataprev_edital_0.pdf\" target=\"_blank\" rel=\"noreferrer noopener nofollow\">Dataprev 2024<\/a><\/li>\n<\/ul>\n","protected":false},"excerpt":{"rendered":"<p>Concurso Dataprev: Convocados 122 Aprovados em 1\u00aa Fase para 7 Estados<\/p>\n","protected":false},"author":2018,"featured_media":698316,"comment_status":"open","ping_status":"open","sticky":false,"template":"","format":"standard","meta":{"post_tipo":"news_page","footnotes":""},"categories":[214992],"tags":[512],"tax_estado":[219963],"class_list":["post-43315","post","type-post","status-publish","format-standard","has-post-thumbnail","hentry","category-concursos-administrativos","tag-dataprev","tax_estado-concursos-federais"],"acf":[],"yoast_head":"<!-- This site is optimized with the Yoast SEO Premium plugin v27.2 (Yoast SEO v27.2) - https:\/\/yoast.com\/product\/yoast-seo-premium-wordpress\/ -->\n<title>Concurso Dataprev: 122 aprovados s\u00e3o convocados!<\/title>\n<meta name=\"description\" content=\"Concurso DATAPREV: candidatos aprovados na sele\u00e7\u00e3o come\u00e7am a ser convocados! S\u00e3o 2.145 vagas com sal\u00e1rios iniciais de at\u00e9 R$ 9,1 mil.\" \/>\n<meta name=\"robots\" content=\"index, follow, max-snippet:-1, max-image-preview:large, max-video-preview:-1\" \/>\n<link rel=\"canonical\" href=\"https:\/\/www.estrategiaconcursos.com.br\/blog\/concurso-dataprev\/\" \/>\n<meta property=\"og:locale\" content=\"pt_BR\" \/>\n<meta property=\"og:type\" content=\"article\" \/>\n<meta property=\"og:title\" content=\"Concurso Dataprev: 122 aprovados s\u00e3o convocados!\" \/>\n<meta property=\"og:description\" content=\"Concurso DATAPREV: candidatos aprovados na sele\u00e7\u00e3o come\u00e7am a ser convocados! S\u00e3o 2.145 vagas com sal\u00e1rios iniciais de at\u00e9 R$ 9,1 mil.\" \/>\n<meta property=\"og:url\" content=\"https:\/\/www.estrategiaconcursos.com.br\/blog\/concurso-dataprev\/\" \/>\n<meta property=\"og:site_name\" content=\"Estrat\u00e9gia Concursos\" \/>\n<meta property=\"article:published_time\" content=\"2025-11-27T14:12:32+00:00\" \/>\n<meta property=\"article:modified_time\" content=\"2025-12-01T14:12:15+00:00\" \/>\n<meta property=\"og:image\" content=\"https:\/\/dhg1h5j42swfq.cloudfront.net\/2021\/03\/22132817\/dataprev.jpg\" \/>\n\t<meta property=\"og:image:width\" content=\"1200\" \/>\n\t<meta property=\"og:image:height\" content=\"628\" \/>\n\t<meta property=\"og:image:type\" content=\"image\/jpeg\" \/>\n<meta name=\"author\" content=\"B\u00e1rbara Carvalho Santos\" \/>\n<meta name=\"twitter:card\" content=\"summary_large_image\" \/>\n<meta name=\"twitter:creator\" content=\"@EstratConcursos\" \/>\n<meta name=\"twitter:site\" content=\"@EstratConcursos\" \/>\n<meta name=\"twitter:label1\" content=\"Escrito por\" \/>\n\t<meta name=\"twitter:data1\" content=\"B\u00e1rbara Carvalho Santos\" \/>\n\t<meta name=\"twitter:label2\" content=\"Est. tempo de leitura\" \/>\n\t<meta name=\"twitter:data2\" content=\"4 minutos\" \/>\n<script type=\"application\/ld+json\" class=\"yoast-schema-graph\">{\"@context\":\"https:\/\/schema.org\",\"@graph\":[{\"@type\":\"NewsArticle\",\"@id\":\"https:\/\/www.estrategiaconcursos.com.br\/blog\/concurso-dataprev\/#article\",\"isPartOf\":{\"@id\":\"https:\/\/www.estrategiaconcursos.com.br\/blog\/concurso-dataprev\/\"},\"author\":{\"name\":\"B\u00e1rbara Carvalho Santos\",\"@id\":\"https:\/\/www.estrategiaconcursos.com.br\/blog\/#\/schema\/person\/e3882259fa157d54c44c21f4ee4e0e60\"},\"headline\":\"Concurso Dataprev: 122 aprovados s\u00e3o convocados!\",\"datePublished\":\"2025-11-27T14:12:32+00:00\",\"dateModified\":\"2025-12-01T14:12:15+00:00\",\"mainEntityOfPage\":{\"@id\":\"https:\/\/www.estrategiaconcursos.com.br\/blog\/concurso-dataprev\/\"},\"wordCount\":890,\"commentCount\":10,\"publisher\":{\"@id\":\"https:\/\/www.estrategiaconcursos.com.br\/blog\/#organization\"},\"image\":{\"@id\":\"https:\/\/www.estrategiaconcursos.com.br\/blog\/concurso-dataprev\/#primaryimage\"},\"thumbnailUrl\":\"https:\/\/dhg1h5j42swfq.cloudfront.net\/2021\/03\/22132817\/dataprev.jpg\",\"keywords\":[\"Dataprev\"],\"articleSection\":[\"Executivo (Administrativa)\"],\"inLanguage\":\"pt-BR\",\"potentialAction\":[{\"@type\":\"CommentAction\",\"name\":\"Comment\",\"target\":[\"https:\/\/www.estrategiaconcursos.com.br\/blog\/concurso-dataprev\/#respond\"]}],\"copyrightYear\":\"2025\",\"copyrightHolder\":{\"@id\":\"https:\/\/www.estrategiaconcursos.com.br\/blog\/#organization\"}},{\"@type\":\"WebPage\",\"@id\":\"https:\/\/www.estrategiaconcursos.com.br\/blog\/concurso-dataprev\/\",\"url\":\"https:\/\/www.estrategiaconcursos.com.br\/blog\/concurso-dataprev\/\",\"name\":\"Concurso Dataprev: 122 aprovados s\u00e3o convocados!\",\"isPartOf\":{\"@id\":\"https:\/\/www.estrategiaconcursos.com.br\/blog\/#website\"},\"primaryImageOfPage\":{\"@id\":\"https:\/\/www.estrategiaconcursos.com.br\/blog\/concurso-dataprev\/#primaryimage\"},\"image\":{\"@id\":\"https:\/\/www.estrategiaconcursos.com.br\/blog\/concurso-dataprev\/#primaryimage\"},\"thumbnailUrl\":\"https:\/\/dhg1h5j42swfq.cloudfront.net\/2021\/03\/22132817\/dataprev.jpg\",\"datePublished\":\"2025-11-27T14:12:32+00:00\",\"dateModified\":\"2025-12-01T14:12:15+00:00\",\"description\":\"Concurso DATAPREV: candidatos aprovados na sele\u00e7\u00e3o come\u00e7am a ser convocados! S\u00e3o 2.145 vagas com sal\u00e1rios iniciais de at\u00e9 R$ 9,1 mil.\",\"breadcrumb\":{\"@id\":\"https:\/\/www.estrategiaconcursos.com.br\/blog\/concurso-dataprev\/#breadcrumb\"},\"inLanguage\":\"pt-BR\",\"potentialAction\":[{\"@type\":\"ReadAction\",\"target\":[\"https:\/\/www.estrategiaconcursos.com.br\/blog\/concurso-dataprev\/\"]}]},{\"@type\":\"ImageObject\",\"inLanguage\":\"pt-BR\",\"@id\":\"https:\/\/www.estrategiaconcursos.com.br\/blog\/concurso-dataprev\/#primaryimage\",\"url\":\"https:\/\/dhg1h5j42swfq.cloudfront.net\/2021\/03\/22132817\/dataprev.jpg\",\"contentUrl\":\"https:\/\/dhg1h5j42swfq.cloudfront.net\/2021\/03\/22132817\/dataprev.jpg\",\"width\":1200,\"height\":628,\"caption\":\"Concurso DataPrev MPF\"},{\"@type\":\"BreadcrumbList\",\"@id\":\"https:\/\/www.estrategiaconcursos.com.br\/blog\/concurso-dataprev\/#breadcrumb\",\"itemListElement\":[{\"@type\":\"ListItem\",\"position\":1,\"name\":\"In\u00edcio\",\"item\":\"https:\/\/www.estrategiaconcursos.com.br\/blog\/\"},{\"@type\":\"ListItem\",\"position\":2,\"name\":\"Concurso Dataprev: 122 aprovados s\u00e3o convocados!\"}]},{\"@type\":\"WebSite\",\"@id\":\"https:\/\/www.estrategiaconcursos.com.br\/blog\/#website\",\"url\":\"https:\/\/www.estrategiaconcursos.com.br\/blog\/\",\"name\":\"Estrat\u00e9gia Concursos\",\"description\":\"O blog da Estrat\u00e9gia Concursos traz not\u00edcias sobre concursos e artigos de professores oferecendo cursos para concursos (pdf + videaulas) no site.\",\"publisher\":{\"@id\":\"https:\/\/www.estrategiaconcursos.com.br\/blog\/#organization\"},\"potentialAction\":[{\"@type\":\"SearchAction\",\"target\":{\"@type\":\"EntryPoint\",\"urlTemplate\":\"https:\/\/www.estrategiaconcursos.com.br\/blog\/?s={search_term_string}\"},\"query-input\":{\"@type\":\"PropertyValueSpecification\",\"valueRequired\":true,\"valueName\":\"search_term_string\"}}],\"inLanguage\":\"pt-BR\"},{\"@type\":\"Organization\",\"@id\":\"https:\/\/www.estrategiaconcursos.com.br\/blog\/#organization\",\"name\":\"Estrat\u00e9gia Concursos\",\"url\":\"https:\/\/www.estrategiaconcursos.com.br\/blog\/\",\"logo\":{\"@type\":\"ImageObject\",\"inLanguage\":\"pt-BR\",\"@id\":\"https:\/\/www.estrategiaconcursos.com.br\/blog\/#\/schema\/logo\/image\/\",\"url\":\"https:\/\/dhg1h5j42swfq.cloudfront.net\/2025\/06\/03203428\/logo_concursos-1.jpg\",\"contentUrl\":\"https:\/\/dhg1h5j42swfq.cloudfront.net\/2025\/06\/03203428\/logo_concursos-1.jpg\",\"width\":230,\"height\":60,\"caption\":\"Estrat\u00e9gia Concursos\"},\"image\":{\"@id\":\"https:\/\/www.estrategiaconcursos.com.br\/blog\/#\/schema\/logo\/image\/\"},\"sameAs\":[\"https:\/\/x.com\/EstratConcursos\"]},{\"@type\":\"Person\",\"@id\":\"https:\/\/www.estrategiaconcursos.com.br\/blog\/#\/schema\/person\/e3882259fa157d54c44c21f4ee4e0e60\",\"name\":\"B\u00e1rbara Carvalho Santos\",\"image\":{\"@type\":\"ImageObject\",\"inLanguage\":\"pt-BR\",\"@id\":\"https:\/\/secure.gravatar.com\/avatar\/353300f73140f779692b9be2b39f434d1341e4e34c7f55bd5a990fe29ef352eb?s=96&d=mm&r=g\",\"url\":\"https:\/\/secure.gravatar.com\/avatar\/353300f73140f779692b9be2b39f434d1341e4e34c7f55bd5a990fe29ef352eb?s=96&d=mm&r=g\",\"contentUrl\":\"https:\/\/secure.gravatar.com\/avatar\/353300f73140f779692b9be2b39f434d1341e4e34c7f55bd5a990fe29ef352eb?s=96&d=mm&r=g\",\"caption\":\"B\u00e1rbara Carvalho Santos\"},\"description\":\"M\u00e3e e jornalista formada pela UNIP, possui ampla experi\u00eancia na cobertura de entretenimento em grandes ve\u00edculos, como o site da CNN, RedeTV! e Estrat\u00e9gia Educacional. Atuou tamb\u00e9m em ag\u00eancias de marketing, produtoras musicais e assessorias de imprensa, com foco especial no trabalho com personalidades p\u00fablicas. Atualmente, integra a equipe do Estrat\u00e9gia Concursos, onde \u00e9 respons\u00e1vel pela produ\u00e7\u00e3o de conte\u00fados estrat\u00e9gicos voltados para o setor de concursos p\u00fablicos, com destaque para a \u00e1rea fiscal, gest\u00e3o, controle, concursos administrativos e Minist\u00e9rios participantes do CNU, al\u00e9m de diversos \u00f3rg\u00e3os federais. Tem como miss\u00e3o transformar informa\u00e7\u00f5es complexas em conte\u00fados acess\u00edveis, relevantes e de alto valor para quem sonha com uma carreira no servi\u00e7o p\u00fablico.\",\"url\":\"https:\/\/www.estrategiaconcursos.com.br\/blog\/author\/barbara-santos\/\"}]}<\/script>\n<!-- \/ Yoast SEO Premium plugin. -->","yoast_head_json":{"title":"Concurso Dataprev: 122 aprovados s\u00e3o convocados!","description":"Concurso DATAPREV: candidatos aprovados na sele\u00e7\u00e3o come\u00e7am a ser convocados! S\u00e3o 2.145 vagas com sal\u00e1rios iniciais de at\u00e9 R$ 9,1 mil.","robots":{"index":"index","follow":"follow","max-snippet":"max-snippet:-1","max-image-preview":"max-image-preview:large","max-video-preview":"max-video-preview:-1"},"canonical":"https:\/\/www.estrategiaconcursos.com.br\/blog\/concurso-dataprev\/","og_locale":"pt_BR","og_type":"article","og_title":"Concurso Dataprev: 122 aprovados s\u00e3o convocados!","og_description":"Concurso DATAPREV: candidatos aprovados na sele\u00e7\u00e3o come\u00e7am a ser convocados! S\u00e3o 2.145 vagas com sal\u00e1rios iniciais de at\u00e9 R$ 9,1 mil.","og_url":"https:\/\/www.estrategiaconcursos.com.br\/blog\/concurso-dataprev\/","og_site_name":"Estrat\u00e9gia Concursos","article_published_time":"2025-11-27T14:12:32+00:00","article_modified_time":"2025-12-01T14:12:15+00:00","og_image":[{"width":1200,"height":628,"url":"https:\/\/dhg1h5j42swfq.cloudfront.net\/2021\/03\/22132817\/dataprev.jpg","type":"image\/jpeg"}],"author":"B\u00e1rbara Carvalho Santos","twitter_card":"summary_large_image","twitter_creator":"@EstratConcursos","twitter_site":"@EstratConcursos","twitter_misc":{"Escrito por":"B\u00e1rbara Carvalho Santos","Est. tempo de leitura":"4 minutos"},"schema":{"@context":"https:\/\/schema.org","@graph":[{"@type":"NewsArticle","@id":"https:\/\/www.estrategiaconcursos.com.br\/blog\/concurso-dataprev\/#article","isPartOf":{"@id":"https:\/\/www.estrategiaconcursos.com.br\/blog\/concurso-dataprev\/"},"author":{"name":"B\u00e1rbara Carvalho Santos","@id":"https:\/\/www.estrategiaconcursos.com.br\/blog\/#\/schema\/person\/e3882259fa157d54c44c21f4ee4e0e60"},"headline":"Concurso Dataprev: 122 aprovados s\u00e3o convocados!","datePublished":"2025-11-27T14:12:32+00:00","dateModified":"2025-12-01T14:12:15+00:00","mainEntityOfPage":{"@id":"https:\/\/www.estrategiaconcursos.com.br\/blog\/concurso-dataprev\/"},"wordCount":890,"commentCount":10,"publisher":{"@id":"https:\/\/www.estrategiaconcursos.com.br\/blog\/#organization"},"image":{"@id":"https:\/\/www.estrategiaconcursos.com.br\/blog\/concurso-dataprev\/#primaryimage"},"thumbnailUrl":"https:\/\/dhg1h5j42swfq.cloudfront.net\/2021\/03\/22132817\/dataprev.jpg","keywords":["Dataprev"],"articleSection":["Executivo (Administrativa)"],"inLanguage":"pt-BR","potentialAction":[{"@type":"CommentAction","name":"Comment","target":["https:\/\/www.estrategiaconcursos.com.br\/blog\/concurso-dataprev\/#respond"]}],"copyrightYear":"2025","copyrightHolder":{"@id":"https:\/\/www.estrategiaconcursos.com.br\/blog\/#organization"}},{"@type":"WebPage","@id":"https:\/\/www.estrategiaconcursos.com.br\/blog\/concurso-dataprev\/","url":"https:\/\/www.estrategiaconcursos.com.br\/blog\/concurso-dataprev\/","name":"Concurso Dataprev: 122 aprovados s\u00e3o convocados!","isPartOf":{"@id":"https:\/\/www.estrategiaconcursos.com.br\/blog\/#website"},"primaryImageOfPage":{"@id":"https:\/\/www.estrategiaconcursos.com.br\/blog\/concurso-dataprev\/#primaryimage"},"image":{"@id":"https:\/\/www.estrategiaconcursos.com.br\/blog\/concurso-dataprev\/#primaryimage"},"thumbnailUrl":"https:\/\/dhg1h5j42swfq.cloudfront.net\/2021\/03\/22132817\/dataprev.jpg","datePublished":"2025-11-27T14:12:32+00:00","dateModified":"2025-12-01T14:12:15+00:00","description":"Concurso DATAPREV: candidatos aprovados na sele\u00e7\u00e3o come\u00e7am a ser convocados! S\u00e3o 2.145 vagas com sal\u00e1rios iniciais de at\u00e9 R$ 9,1 mil.","breadcrumb":{"@id":"https:\/\/www.estrategiaconcursos.com.br\/blog\/concurso-dataprev\/#breadcrumb"},"inLanguage":"pt-BR","potentialAction":[{"@type":"ReadAction","target":["https:\/\/www.estrategiaconcursos.com.br\/blog\/concurso-dataprev\/"]}]},{"@type":"ImageObject","inLanguage":"pt-BR","@id":"https:\/\/www.estrategiaconcursos.com.br\/blog\/concurso-dataprev\/#primaryimage","url":"https:\/\/dhg1h5j42swfq.cloudfront.net\/2021\/03\/22132817\/dataprev.jpg","contentUrl":"https:\/\/dhg1h5j42swfq.cloudfront.net\/2021\/03\/22132817\/dataprev.jpg","width":1200,"height":628,"caption":"Concurso DataPrev MPF"},{"@type":"BreadcrumbList","@id":"https:\/\/www.estrategiaconcursos.com.br\/blog\/concurso-dataprev\/#breadcrumb","itemListElement":[{"@type":"ListItem","position":1,"name":"In\u00edcio","item":"https:\/\/www.estrategiaconcursos.com.br\/blog\/"},{"@type":"ListItem","position":2,"name":"Concurso Dataprev: 122 aprovados s\u00e3o convocados!"}]},{"@type":"WebSite","@id":"https:\/\/www.estrategiaconcursos.com.br\/blog\/#website","url":"https:\/\/www.estrategiaconcursos.com.br\/blog\/","name":"Estrat\u00e9gia Concursos","description":"O blog da Estrat\u00e9gia Concursos traz not\u00edcias sobre concursos e artigos de professores oferecendo cursos para concursos (pdf + videaulas) no site.","publisher":{"@id":"https:\/\/www.estrategiaconcursos.com.br\/blog\/#organization"},"potentialAction":[{"@type":"SearchAction","target":{"@type":"EntryPoint","urlTemplate":"https:\/\/www.estrategiaconcursos.com.br\/blog\/?s={search_term_string}"},"query-input":{"@type":"PropertyValueSpecification","valueRequired":true,"valueName":"search_term_string"}}],"inLanguage":"pt-BR"},{"@type":"Organization","@id":"https:\/\/www.estrategiaconcursos.com.br\/blog\/#organization","name":"Estrat\u00e9gia Concursos","url":"https:\/\/www.estrategiaconcursos.com.br\/blog\/","logo":{"@type":"ImageObject","inLanguage":"pt-BR","@id":"https:\/\/www.estrategiaconcursos.com.br\/blog\/#\/schema\/logo\/image\/","url":"https:\/\/dhg1h5j42swfq.cloudfront.net\/2025\/06\/03203428\/logo_concursos-1.jpg","contentUrl":"https:\/\/dhg1h5j42swfq.cloudfront.net\/2025\/06\/03203428\/logo_concursos-1.jpg","width":230,"height":60,"caption":"Estrat\u00e9gia Concursos"},"image":{"@id":"https:\/\/www.estrategiaconcursos.com.br\/blog\/#\/schema\/logo\/image\/"},"sameAs":["https:\/\/x.com\/EstratConcursos"]},{"@type":"Person","@id":"https:\/\/www.estrategiaconcursos.com.br\/blog\/#\/schema\/person\/e3882259fa157d54c44c21f4ee4e0e60","name":"B\u00e1rbara Carvalho Santos","image":{"@type":"ImageObject","inLanguage":"pt-BR","@id":"https:\/\/secure.gravatar.com\/avatar\/353300f73140f779692b9be2b39f434d1341e4e34c7f55bd5a990fe29ef352eb?s=96&d=mm&r=g","url":"https:\/\/secure.gravatar.com\/avatar\/353300f73140f779692b9be2b39f434d1341e4e34c7f55bd5a990fe29ef352eb?s=96&d=mm&r=g","contentUrl":"https:\/\/secure.gravatar.com\/avatar\/353300f73140f779692b9be2b39f434d1341e4e34c7f55bd5a990fe29ef352eb?s=96&d=mm&r=g","caption":"B\u00e1rbara Carvalho Santos"},"description":"M\u00e3e e jornalista formada pela UNIP, possui ampla experi\u00eancia na cobertura de entretenimento em grandes ve\u00edculos, como o site da CNN, RedeTV! e Estrat\u00e9gia Educacional. Atuou tamb\u00e9m em ag\u00eancias de marketing, produtoras musicais e assessorias de imprensa, com foco especial no trabalho com personalidades p\u00fablicas. Atualmente, integra a equipe do Estrat\u00e9gia Concursos, onde \u00e9 respons\u00e1vel pela produ\u00e7\u00e3o de conte\u00fados estrat\u00e9gicos voltados para o setor de concursos p\u00fablicos, com destaque para a \u00e1rea fiscal, gest\u00e3o, controle, concursos administrativos e Minist\u00e9rios participantes do CNU, al\u00e9m de diversos \u00f3rg\u00e3os federais. Tem como miss\u00e3o transformar informa\u00e7\u00f5es complexas em conte\u00fados acess\u00edveis, relevantes e de alto valor para quem sonha com uma carreira no servi\u00e7o p\u00fablico.","url":"https:\/\/www.estrategiaconcursos.com.br\/blog\/author\/barbara-santos\/"}]}},"_links":{"self":[{"href":"https:\/\/www.estrategiaconcursos.com.br\/blog\/wp-json\/wp\/v2\/posts\/43315","targetHints":{"allow":["GET"]}}],"collection":[{"href":"https:\/\/www.estrategiaconcursos.com.br\/blog\/wp-json\/wp\/v2\/posts"}],"about":[{"href":"https:\/\/www.estrategiaconcursos.com.br\/blog\/wp-json\/wp\/v2\/types\/post"}],"author":[{"embeddable":true,"href":"https:\/\/www.estrategiaconcursos.com.br\/blog\/wp-json\/wp\/v2\/users\/2018"}],"replies":[{"embeddable":true,"href":"https:\/\/www.estrategiaconcursos.com.br\/blog\/wp-json\/wp\/v2\/comments?post=43315"}],"version-history":[{"count":167,"href":"https:\/\/www.estrategiaconcursos.com.br\/blog\/wp-json\/wp\/v2\/posts\/43315\/revisions"}],"predecessor-version":[{"id":1674606,"href":"https:\/\/www.estrategiaconcursos.com.br\/blog\/wp-json\/wp\/v2\/posts\/43315\/revisions\/1674606"}],"wp:featuredmedia":[{"embeddable":true,"href":"https:\/\/www.estrategiaconcursos.com.br\/blog\/wp-json\/wp\/v2\/media\/698316"}],"wp:attachment":[{"href":"https:\/\/www.estrategiaconcursos.com.br\/blog\/wp-json\/wp\/v2\/media?parent=43315"}],"wp:term":[{"taxonomy":"category","embeddable":true,"href":"https:\/\/www.estrategiaconcursos.com.br\/blog\/wp-json\/wp\/v2\/categories?post=43315"},{"taxonomy":"post_tag","embeddable":true,"href":"https:\/\/www.estrategiaconcursos.com.br\/blog\/wp-json\/wp\/v2\/tags?post=43315"},{"taxonomy":"tax_estado","embeddable":true,"href":"https:\/\/www.estrategiaconcursos.com.br\/blog\/wp-json\/wp\/v2\/tax_estado?post=43315"}],"curies":[{"name":"wp","href":"https:\/\/api.w.org\/{rel}","templated":true}]}}