{"id":432915,"date":"2019-10-10T19:20:52","date_gmt":"2019-10-10T22:20:52","guid":{"rendered":"https:\/\/www.estrategiaconcursos.com.br\/blog\/?p=432915"},"modified":"2019-11-08T17:35:18","modified_gmt":"2019-11-08T20:35:18","slug":"edital-prefeitura-de-lencois-paulista","status":"publish","type":"post","link":"https:\/\/www.estrategiaconcursos.com.br\/blog\/edital-prefeitura-de-lencois-paulista\/","title":{"rendered":"Edital Prefeitura de Len\u00e7\u00f3is Paulista SP: oferta de 11 vagas imediatas"},"content":{"rendered":"\n<p>Foi publicado nesta quinta-feira o edital do novo concurso promovido pela Prefeitura de Len\u00e7\u00f3is Paulista, S\u00e3o Paulo. No total s\u00e3o ofertadas 11 vagas imediatas, distribu\u00eddas entre diversos cargos na \u00e1rea da educa\u00e7\u00e3o.<\/p>\n\n\n\n<p>Os interessados podem realizar sua inscri\u00e7\u00e3o at\u00e9 o dia 17 de outubro, mediante ao pagamento da taxa de inscri\u00e7\u00e3o de R$ 60,00. Confira todos os detalhes nesta p\u00e1gina.<\/p>\n\n\n\n<h2 class=\"wp-block-heading\">Principais datas do concurso<\/h2>\n\n\n\n<p class=\"has-background has-very-light-gray-background-color\"><strong>Per\u00edodo de inscri\u00e7\u00f5es:<\/strong> de 07\/10 at\u00e9 11\/10<br \/><strong>Taxa de inscri\u00e7\u00e3o:<\/strong> R$ 60,00<br \/><strong>Data de aplica\u00e7\u00e3o das provas:<\/strong> 10\/11<\/p>\n\n\n\n<h2 class=\"wp-block-heading\">Cargos, vagas e remunera\u00e7\u00f5es<\/h2>\n\n\n\n<p>O edital oferta um total de 11 vagas imediatas para o cargo de Professor. Mesmo todas as oportunidades sendo direcionadas para o mesmo cargo, elas s\u00e3o distribu\u00eddas entre onze especialidades diferentes.<\/p>\n\n\n\n<p>Confira abaixo a distribui\u00e7\u00e3o completa, juntamente com a remunera\u00e7\u00e3o inicial e alguns dos requisitos de cada um:<\/p>\n\n\n\n<p><strong>Cargo:<\/strong> Professor de Ensino Fundamental II \u2013 Arte  <br \/><strong>Vaga:<\/strong> 1<br \/><strong>Valor por hora aula:<\/strong> R$ 15,04<br \/><strong>Carga hor\u00e1ria semanal:<\/strong> 28 horas<br \/><strong>Requisitos<\/strong>: Curso superior de licenciatura plena com Habilita\u00e7\u00e3o Espec\u00edfica em \u00e1rea pr\u00f3pria ou forma\u00e7\u00e3o em \u00e1rea correspondente e complementa\u00e7\u00e3o nos termos da legisla\u00e7\u00e3o vigente.  <\/p>\n\n\n\n<p><strong>Cargo:<\/strong> Professor de Ensino Fundamental II \u2013 Ci\u00eancias <br \/><strong>Vaga:<\/strong> 1<br \/><strong>Valor por hora aula:<\/strong> R$ 15,04<br \/><strong>Carga hor\u00e1ria semanal:<\/strong> 28 horas<br \/><strong>Requisitos: <\/strong>Curso superior de licenciatura plena com Habilita\u00e7\u00e3o Espec\u00edfica em \u00e1rea pr\u00f3pria ou forma\u00e7\u00e3o em \u00e1rea correspondente e complementa\u00e7\u00e3o nos termos da legisla\u00e7\u00e3o vigente. <\/p>\n\n\n\n<p><strong>Cargo:<\/strong> Professor de Ensino Fundamental II \u2013 Educa\u00e7\u00e3o F\u00edsica <br \/><strong>Vaga:<\/strong> 1<br \/><strong>Valor por hora aula:<\/strong> R$ 15,04<br \/><strong>Carga hor\u00e1ria semanal:<\/strong> 28 horas<br \/><strong>Requisitos:<\/strong> Curso superior de licenciatura plena com Habilita\u00e7\u00e3o Espec\u00edfica em \u00e1rea pr\u00f3pria ou forma\u00e7\u00e3o em \u00e1rea correspondente e complementa\u00e7\u00e3o nos termos da legisla\u00e7\u00e3o vigente. O candidato dever\u00e1 ser devidamente registrado no Conselho Regional de Educa\u00e7\u00e3o F\u00edsica do Estado de S\u00e3o Paulo \u2013 CREF4\/SP <\/p>\n\n\n\n<p><strong>Cargo: <\/strong>Professor de Ensino Fundamental II \u2013 Espanhol <br \/><strong>Vaga:<\/strong> 1<br \/><strong>Valor por hora aula:<\/strong> R$ 15,04<br \/><strong>Carga hor\u00e1ria semanal:<\/strong> 28 horas<br \/><strong>Requisitos:<\/strong> Curso superior de licenciatura plena com Habilita\u00e7\u00e3o Espec\u00edfica em \u00e1rea pr\u00f3pria ou forma\u00e7\u00e3o em \u00e1rea correspondente e complementa\u00e7\u00e3o nos termos da legisla\u00e7\u00e3o vigente <\/p>\n\n\n\n<p><strong>Cargo:<\/strong> Professor de Ensino Fundamental II \u2013 Geografia <br \/><strong>Vaga:<\/strong> 1<br \/><strong>Valor por hora aula:<\/strong> R$ 15,04<br \/><strong>Carga hor\u00e1ria semanal:<\/strong> 28 horas<br \/><strong>Requisitos:<\/strong> Curso superior de licenciatura plena com Habilita\u00e7\u00e3o Espec\u00edfica em \u00e1rea pr\u00f3pria ou forma\u00e7\u00e3o em \u00e1rea correspondente e complementa\u00e7\u00e3o nos termos da legisla\u00e7\u00e3o vigente. <\/p>\n\n\n\n<p><strong>Cargo:<\/strong> Professor de Ensino Fundamental II \u2013  Hist\u00f3ria <br \/><strong>Vaga:<\/strong> 1<br \/><strong>Valor por hora aula:<\/strong> R$ 15,04<br \/><strong>Carga hor\u00e1ria semanal:<\/strong> 28 horas<br \/><strong>Requisitos:<\/strong> Curso superior de licenciatura plena com Habilita\u00e7\u00e3o Espec\u00edfica em \u00e1rea pr\u00f3pria ou forma\u00e7\u00e3o em \u00e1rea correspondente e complementa\u00e7\u00e3o nos termos da legisla\u00e7\u00e3o vigente.  <\/p>\n\n\n\n<p><strong>Cargo:<\/strong> Professor de Ensino Fundamental II \u2013  Ingl\u00eas <br \/><strong>Vaga:<\/strong> 1<br \/><strong>Valor por hora aula:<\/strong> R$ 15,04<br \/><strong>Carga hor\u00e1ria semanal:<\/strong> 28 horas<br \/><strong>Requisitos:<\/strong>  Curso superior de licenciatura plena com Habilita\u00e7\u00e3o Espec\u00edfica em \u00e1rea pr\u00f3pria ou forma\u00e7\u00e3o em \u00e1rea correspondente e complementa\u00e7\u00e3o nos termos da legisla\u00e7\u00e3o vigente.   <\/p>\n\n\n\n<p><strong>Cargo:<\/strong> Professor de Ensino Fundamental II \u2013 Matem\u00e1tica <br \/><strong>Vaga:<\/strong> 1<br \/><strong>Valor por hora aula:<\/strong> R$ 15,04<br \/><strong>Carga hor\u00e1ria semanal:<\/strong> 28 horas<br \/><strong>Requisitos:<\/strong>  Curso superior de licenciatura plena com Habilita\u00e7\u00e3o Espec\u00edfica em \u00e1rea pr\u00f3pria ou forma\u00e7\u00e3o em \u00e1rea correspondente e complementa\u00e7\u00e3o nos termos da legisla\u00e7\u00e3o vigente. <\/p>\n\n\n\n<p><strong>Cargo:<\/strong> Professor de Ensino Fundamental II \u2013 Portugu\u00eas <br \/><strong>Vaga:<\/strong> 1<br \/><strong>Valor por hora aula:<\/strong> R$ 15,04<br \/><strong>Carga hor\u00e1ria semanal:<\/strong> 28 horas<br \/><strong>Requisitos:<\/strong> Curso superior de licenciatura plena com Habilita\u00e7\u00e3o Espec\u00edfica em \u00e1rea pr\u00f3pria ou forma\u00e7\u00e3o em \u00e1rea correspondente e complementa\u00e7\u00e3o nos termos da legisla\u00e7\u00e3o vigente.  <\/p>\n\n\n\n<p><strong>Cargo:<\/strong> Professor de Ensino Fundamental II \u2013 Educa\u00e7\u00e3o Infantil  <br \/><strong>Vaga:<\/strong> 1<br \/><strong>Valor por hora aula:<\/strong> N\u00edvel m\u00e9dio &#8211; R$ 13,59, N\u00edvel Superior R$ 14,27 <br \/><strong>Carga hor\u00e1ria semanal:<\/strong> 12 horas<br \/><strong>Requisitos:<\/strong> Habilita\u00e7\u00e3o espec\u00edfica para o magist\u00e9rio obtida em n\u00edvel m\u00e9dio na modalidade normal ou em curso superior de licenciatura plena <\/p>\n\n\n\n<p><strong>Cargo:<\/strong> Professor de Ensino Fundamental II \u2013 Ensino Fundamental I    <br \/><strong>Vaga:<\/strong> 1<br \/><strong>Valor por hora aula:<\/strong> N\u00edvel m\u00e9dio &#8211; R$ 13,59, N\u00edvel Superior R$ 14,27  <br \/><strong>Carga hor\u00e1ria semanal:<\/strong> 12 horas<br \/><strong>Requisitos:<\/strong> Habilita\u00e7\u00e3o espec\u00edfica para o magist\u00e9rio obtida em n\u00edvel m\u00e9dio na modalidade normal ou em curso superior de licenciatura plena <\/p>\n\n\n\n<h2 class=\"wp-block-heading\">Etapas<\/h2>\n\n\n\n<p>O concurso contar\u00e1 ao todo com duas etapas. A primeira ser\u00e1 composta por uma prova objetiva de 50 quest\u00f5es, cada uma contando quatro respostas poss\u00edveis, onde apenas uma \u00e9 a correta.<\/p>\n\n\n\n<p>Confira abaixo a distribui\u00e7\u00e3o de quest\u00f5es:<\/p>\n\n\n\n<p><strong>Conhecimentos pedag\u00f3gicos<\/strong> &#8211; 15 quest\u00f5es<br \/><strong>Conhecimentos espec\u00edficos da \u00e1rea<\/strong> &#8211; 30 quest\u00f5es  <br \/><strong>Legisla\u00e7\u00e3o sobre Educa\u00e7\u00e3o<\/strong> &#8211; 5 quest\u00f5es<\/p>\n\n\n\n<p>No mesmo dia tamb\u00e9m ser\u00e1 aplicada uma prova discursiva, composta por uma quest\u00e3o sobre tema relacionado \u00e0 educa\u00e7\u00e3o.<\/p>\n\n\n\n<p>A segunda etapa ser\u00e1 composta por uma avaliza\u00e7\u00e3o de t\u00edtulos, que seguir\u00e1 os crit\u00e9rios abaixo:<\/p>\n\n\n\n<figure class=\"wp-block-image\"><img loading=\"lazy\" decoding=\"async\" width=\"600\" height=\"89\" src=\"https:\/\/dhg1h5j42swfq.cloudfront.net\/2019\/10\/10191257\/Capturar.png2.png\" alt=\"\" class=\"wp-image-432927\" srcset=\"https:\/\/dhg1h5j42swfq.cloudfront.net\/2019\/10\/10191257\/Capturar.png2.png 600w, https:\/\/dhg1h5j42swfq.cloudfront.net\/2019\/10\/10191257\/Capturar.png2.png 300w\" sizes=\"auto, (max-width: 600px) 100vw, 600px\" \/><\/figure>\n\n\n\n<p> <\/p>\n\n\n\n<figure class=\"wp-block-image\"><img loading=\"lazy\" decoding=\"async\" width=\"300\" height=\"102\" src=\"https:\/\/dhg1h5j42swfq.cloudfront.net\/2017\/03\/28152500\/coruja-ficha-tecnica-300x102.png\" alt=\"Ficha t\u00e9cnica do concurso Prefeitura de Quixeramobim\" class=\"wp-image-68542\"\/><\/figure>\n\n\n\n<h3 class=\"wp-block-heading\" id=\"ficha-tecnica\"><strong>Informa\u00e7\u00f5es sobre o c<\/strong>oncurso Prefeitura de Len\u00e7\u00f3is Paulista SP<\/h3>\n\n\n\n<p>\u25ba<strong>Inscri\u00e7\u00f5es<\/strong>:  07\/10 at\u00e9 11\/10 <br \/>\u25ba<strong>Provas<\/strong>: 10\/11\/2019<br \/>\u25ba<strong>Vagas<\/strong>: 11 imediatas<br \/>\u25ba<strong>Cargos<\/strong>: Professor<br \/>\u25ba<strong>Banca<\/strong>: Consesp<br \/>\u25ba<strong>Escolaridade<\/strong>: N\u00edvel superior<br \/>\u25ba<strong>Edital<\/strong>:&nbsp;<strong><a href=\"https:\/\/dhg1h5j42swfq.cloudfront.net\/2019\/10\/10191954\/edital-concurso-len__ois-paulista-sp-2019.pdf\" target=\"_blank\" rel=\"noreferrer noopener\" aria-label=\"Edital Len\u00e7\u00f3is Paulista (abre numa nova aba)\">Edital Len\u00e7\u00f3is Paulista<\/a><\/strong><\/p>\n\n\n\n<p><em>Ascom Estrat\u00e9gia<\/em><br \/>ascomestrategia@gmail.com<\/p>\n","protected":false},"excerpt":{"rendered":"<p>Foi publicado nesta quinta-feira o edital do novo concurso promovido pela Prefeitura de Len\u00e7\u00f3is Paulista, S\u00e3o Paulo. No total s\u00e3o ofertadas 11 vagas imediatas, distribu\u00eddas entre diversos cargos na \u00e1rea da educa\u00e7\u00e3o. Os interessados podem realizar sua inscri\u00e7\u00e3o at\u00e9 o dia 17 de outubro, mediante ao pagamento da taxa de inscri\u00e7\u00e3o de R$ 60,00. Confira [&hellip;]<\/p>\n","protected":false},"author":93,"featured_media":0,"comment_status":"open","ping_status":"closed","sticky":false,"template":"","format":"standard","meta":{"post_tipo":"article","footnotes":""},"categories":[1],"tags":[],"tax_estado":[],"class_list":["post-432915","post","type-post","status-publish","format-standard","hentry","category-cursos-e-concursos"],"acf":[],"yoast_head":"<!-- This site is optimized with the Yoast SEO Premium plugin v27.2 (Yoast SEO v27.2) - https:\/\/yoast.com\/product\/yoast-seo-premium-wordpress\/ -->\n<title>Edital Prefeitura de Len\u00e7\u00f3is Paulista SP: oferta de 11 vagas imediatas<\/title>\n<meta name=\"robots\" content=\"index, follow, max-snippet:-1, max-image-preview:large, max-video-preview:-1\" \/>\n<link rel=\"canonical\" href=\"https:\/\/www.estrategiaconcursos.com.br\/blog\/edital-prefeitura-de-lencois-paulista\/\" \/>\n<meta property=\"og:locale\" content=\"pt_BR\" \/>\n<meta property=\"og:type\" content=\"article\" \/>\n<meta property=\"og:title\" content=\"Edital Prefeitura de Len\u00e7\u00f3is Paulista SP: oferta de 11 vagas imediatas\" \/>\n<meta property=\"og:description\" content=\"Foi publicado nesta quinta-feira o edital do novo concurso promovido pela Prefeitura de Len\u00e7\u00f3is Paulista, S\u00e3o Paulo. No total s\u00e3o ofertadas 11 vagas imediatas, distribu\u00eddas entre diversos cargos na \u00e1rea da educa\u00e7\u00e3o. Os interessados podem realizar sua inscri\u00e7\u00e3o at\u00e9 o dia 17 de outubro, mediante ao pagamento da taxa de inscri\u00e7\u00e3o de R$ 60,00. Confira [&hellip;]\" \/>\n<meta property=\"og:url\" content=\"https:\/\/www.estrategiaconcursos.com.br\/blog\/edital-prefeitura-de-lencois-paulista\/\" \/>\n<meta property=\"og:site_name\" content=\"Estrat\u00e9gia Concursos\" \/>\n<meta property=\"article:published_time\" content=\"2019-10-10T22:20:52+00:00\" \/>\n<meta property=\"article:modified_time\" content=\"2019-11-08T20:35:18+00:00\" \/>\n<meta property=\"og:image\" content=\"https:\/\/www.estrategiaconcursos.com.br\/blog\/wp-content\/uploads\/2019\/10\/Capturar.png2.png\" \/>\n<meta name=\"author\" content=\"Vinicius Silva\" \/>\n<meta name=\"twitter:card\" content=\"summary_large_image\" \/>\n<meta name=\"twitter:creator\" content=\"@EstratConcursos\" \/>\n<meta name=\"twitter:site\" content=\"@EstratConcursos\" \/>\n<meta name=\"twitter:label1\" content=\"Escrito por\" \/>\n\t<meta name=\"twitter:data1\" content=\"Vinicius Silva\" \/>\n\t<meta name=\"twitter:label2\" content=\"Est. tempo de leitura\" \/>\n\t<meta name=\"twitter:data2\" content=\"4 minutos\" \/>\n<script type=\"application\/ld+json\" class=\"yoast-schema-graph\">{\"@context\":\"https:\/\/schema.org\",\"@graph\":[{\"@type\":\"NewsArticle\",\"@id\":\"https:\/\/www.estrategiaconcursos.com.br\/blog\/edital-prefeitura-de-lencois-paulista\/#article\",\"isPartOf\":{\"@id\":\"https:\/\/www.estrategiaconcursos.com.br\/blog\/edital-prefeitura-de-lencois-paulista\/\"},\"author\":{\"name\":\"Vinicius Silva\",\"@id\":\"https:\/\/www.estrategiaconcursos.com.br\/blog\/#\/schema\/person\/20030622a981f9a942ad6b3561fe4ca4\"},\"headline\":\"Edital Prefeitura de Len\u00e7\u00f3is Paulista SP: oferta de 11 vagas imediatas\",\"datePublished\":\"2019-10-10T22:20:52+00:00\",\"dateModified\":\"2019-11-08T20:35:18+00:00\",\"mainEntityOfPage\":{\"@id\":\"https:\/\/www.estrategiaconcursos.com.br\/blog\/edital-prefeitura-de-lencois-paulista\/\"},\"wordCount\":861,\"commentCount\":0,\"publisher\":{\"@id\":\"https:\/\/www.estrategiaconcursos.com.br\/blog\/#organization\"},\"image\":{\"@id\":\"https:\/\/www.estrategiaconcursos.com.br\/blog\/edital-prefeitura-de-lencois-paulista\/#primaryimage\"},\"thumbnailUrl\":\"https:\/\/www.estrategiaconcursos.com.br\/blog\/wp-content\/uploads\/2019\/10\/Capturar.png2.png\",\"articleSection\":[\"Concursos P\u00fablicos\"],\"inLanguage\":\"pt-BR\",\"potentialAction\":[{\"@type\":\"CommentAction\",\"name\":\"Comment\",\"target\":[\"https:\/\/www.estrategiaconcursos.com.br\/blog\/edital-prefeitura-de-lencois-paulista\/#respond\"]}],\"copyrightYear\":\"2019\",\"copyrightHolder\":{\"@id\":\"https:\/\/www.estrategiaconcursos.com.br\/blog\/#organization\"}},{\"@type\":\"WebPage\",\"@id\":\"https:\/\/www.estrategiaconcursos.com.br\/blog\/edital-prefeitura-de-lencois-paulista\/\",\"url\":\"https:\/\/www.estrategiaconcursos.com.br\/blog\/edital-prefeitura-de-lencois-paulista\/\",\"name\":\"Edital Prefeitura de Len\u00e7\u00f3is Paulista SP: oferta de 11 vagas imediatas\",\"isPartOf\":{\"@id\":\"https:\/\/www.estrategiaconcursos.com.br\/blog\/#website\"},\"primaryImageOfPage\":{\"@id\":\"https:\/\/www.estrategiaconcursos.com.br\/blog\/edital-prefeitura-de-lencois-paulista\/#primaryimage\"},\"image\":{\"@id\":\"https:\/\/www.estrategiaconcursos.com.br\/blog\/edital-prefeitura-de-lencois-paulista\/#primaryimage\"},\"thumbnailUrl\":\"https:\/\/www.estrategiaconcursos.com.br\/blog\/wp-content\/uploads\/2019\/10\/Capturar.png2.png\",\"datePublished\":\"2019-10-10T22:20:52+00:00\",\"dateModified\":\"2019-11-08T20:35:18+00:00\",\"breadcrumb\":{\"@id\":\"https:\/\/www.estrategiaconcursos.com.br\/blog\/edital-prefeitura-de-lencois-paulista\/#breadcrumb\"},\"inLanguage\":\"pt-BR\",\"potentialAction\":[{\"@type\":\"ReadAction\",\"target\":[\"https:\/\/www.estrategiaconcursos.com.br\/blog\/edital-prefeitura-de-lencois-paulista\/\"]}]},{\"@type\":\"ImageObject\",\"inLanguage\":\"pt-BR\",\"@id\":\"https:\/\/www.estrategiaconcursos.com.br\/blog\/edital-prefeitura-de-lencois-paulista\/#primaryimage\",\"url\":\"https:\/\/dhg1h5j42swfq.cloudfront.net\/2019\/10\/10191257\/Capturar.png2.png\",\"contentUrl\":\"https:\/\/dhg1h5j42swfq.cloudfront.net\/2019\/10\/10191257\/Capturar.png2.png\",\"width\":600,\"height\":89},{\"@type\":\"BreadcrumbList\",\"@id\":\"https:\/\/www.estrategiaconcursos.com.br\/blog\/edital-prefeitura-de-lencois-paulista\/#breadcrumb\",\"itemListElement\":[{\"@type\":\"ListItem\",\"position\":1,\"name\":\"In\u00edcio\",\"item\":\"https:\/\/www.estrategiaconcursos.com.br\/blog\/\"},{\"@type\":\"ListItem\",\"position\":2,\"name\":\"Edital Prefeitura de Len\u00e7\u00f3is Paulista SP: oferta de 11 vagas imediatas\"}]},{\"@type\":\"WebSite\",\"@id\":\"https:\/\/www.estrategiaconcursos.com.br\/blog\/#website\",\"url\":\"https:\/\/www.estrategiaconcursos.com.br\/blog\/\",\"name\":\"Estrat\u00e9gia Concursos\",\"description\":\"O blog da Estrat\u00e9gia Concursos traz not\u00edcias sobre concursos e artigos de professores oferecendo cursos para concursos (pdf + videaulas) no site.\",\"publisher\":{\"@id\":\"https:\/\/www.estrategiaconcursos.com.br\/blog\/#organization\"},\"potentialAction\":[{\"@type\":\"SearchAction\",\"target\":{\"@type\":\"EntryPoint\",\"urlTemplate\":\"https:\/\/www.estrategiaconcursos.com.br\/blog\/?s={search_term_string}\"},\"query-input\":{\"@type\":\"PropertyValueSpecification\",\"valueRequired\":true,\"valueName\":\"search_term_string\"}}],\"inLanguage\":\"pt-BR\"},{\"@type\":\"Organization\",\"@id\":\"https:\/\/www.estrategiaconcursos.com.br\/blog\/#organization\",\"name\":\"Estrat\u00e9gia Concursos\",\"url\":\"https:\/\/www.estrategiaconcursos.com.br\/blog\/\",\"logo\":{\"@type\":\"ImageObject\",\"inLanguage\":\"pt-BR\",\"@id\":\"https:\/\/www.estrategiaconcursos.com.br\/blog\/#\/schema\/logo\/image\/\",\"url\":\"https:\/\/dhg1h5j42swfq.cloudfront.net\/2025\/06\/03203428\/logo_concursos-1.jpg\",\"contentUrl\":\"https:\/\/dhg1h5j42swfq.cloudfront.net\/2025\/06\/03203428\/logo_concursos-1.jpg\",\"width\":230,\"height\":60,\"caption\":\"Estrat\u00e9gia Concursos\"},\"image\":{\"@id\":\"https:\/\/www.estrategiaconcursos.com.br\/blog\/#\/schema\/logo\/image\/\"},\"sameAs\":[\"https:\/\/x.com\/EstratConcursos\"]},{\"@type\":\"Person\",\"@id\":\"https:\/\/www.estrategiaconcursos.com.br\/blog\/#\/schema\/person\/20030622a981f9a942ad6b3561fe4ca4\",\"name\":\"Vinicius Silva\",\"image\":{\"@type\":\"ImageObject\",\"inLanguage\":\"pt-BR\",\"@id\":\"https:\/\/secure.gravatar.com\/avatar\/604d9670a4c7eea71feaa4381f3ae97e148292ac402671c5944aa67a3d127663?s=96&d=mm&r=g\",\"url\":\"https:\/\/secure.gravatar.com\/avatar\/604d9670a4c7eea71feaa4381f3ae97e148292ac402671c5944aa67a3d127663?s=96&d=mm&r=g\",\"contentUrl\":\"https:\/\/secure.gravatar.com\/avatar\/604d9670a4c7eea71feaa4381f3ae97e148292ac402671c5944aa67a3d127663?s=96&d=mm&r=g\",\"caption\":\"Vinicius Silva\"},\"url\":\"https:\/\/www.estrategiaconcursos.com.br\/blog\/author\/viniciussilvaestrategiaconcursos-com-br\/\"}]}<\/script>\n<!-- \/ Yoast SEO Premium plugin. -->","yoast_head_json":{"title":"Edital Prefeitura de Len\u00e7\u00f3is Paulista SP: oferta de 11 vagas imediatas","robots":{"index":"index","follow":"follow","max-snippet":"max-snippet:-1","max-image-preview":"max-image-preview:large","max-video-preview":"max-video-preview:-1"},"canonical":"https:\/\/www.estrategiaconcursos.com.br\/blog\/edital-prefeitura-de-lencois-paulista\/","og_locale":"pt_BR","og_type":"article","og_title":"Edital Prefeitura de Len\u00e7\u00f3is Paulista SP: oferta de 11 vagas imediatas","og_description":"Foi publicado nesta quinta-feira o edital do novo concurso promovido pela Prefeitura de Len\u00e7\u00f3is Paulista, S\u00e3o Paulo. No total s\u00e3o ofertadas 11 vagas imediatas, distribu\u00eddas entre diversos cargos na \u00e1rea da educa\u00e7\u00e3o. Os interessados podem realizar sua inscri\u00e7\u00e3o at\u00e9 o dia 17 de outubro, mediante ao pagamento da taxa de inscri\u00e7\u00e3o de R$ 60,00. Confira [&hellip;]","og_url":"https:\/\/www.estrategiaconcursos.com.br\/blog\/edital-prefeitura-de-lencois-paulista\/","og_site_name":"Estrat\u00e9gia Concursos","article_published_time":"2019-10-10T22:20:52+00:00","article_modified_time":"2019-11-08T20:35:18+00:00","og_image":[{"url":"https:\/\/www.estrategiaconcursos.com.br\/blog\/wp-content\/uploads\/2019\/10\/Capturar.png2.png","type":"","width":"","height":""}],"author":"Vinicius Silva","twitter_card":"summary_large_image","twitter_creator":"@EstratConcursos","twitter_site":"@EstratConcursos","twitter_misc":{"Escrito por":"Vinicius Silva","Est. tempo de leitura":"4 minutos"},"schema":{"@context":"https:\/\/schema.org","@graph":[{"@type":"NewsArticle","@id":"https:\/\/www.estrategiaconcursos.com.br\/blog\/edital-prefeitura-de-lencois-paulista\/#article","isPartOf":{"@id":"https:\/\/www.estrategiaconcursos.com.br\/blog\/edital-prefeitura-de-lencois-paulista\/"},"author":{"name":"Vinicius Silva","@id":"https:\/\/www.estrategiaconcursos.com.br\/blog\/#\/schema\/person\/20030622a981f9a942ad6b3561fe4ca4"},"headline":"Edital Prefeitura de Len\u00e7\u00f3is Paulista SP: oferta de 11 vagas imediatas","datePublished":"2019-10-10T22:20:52+00:00","dateModified":"2019-11-08T20:35:18+00:00","mainEntityOfPage":{"@id":"https:\/\/www.estrategiaconcursos.com.br\/blog\/edital-prefeitura-de-lencois-paulista\/"},"wordCount":861,"commentCount":0,"publisher":{"@id":"https:\/\/www.estrategiaconcursos.com.br\/blog\/#organization"},"image":{"@id":"https:\/\/www.estrategiaconcursos.com.br\/blog\/edital-prefeitura-de-lencois-paulista\/#primaryimage"},"thumbnailUrl":"https:\/\/www.estrategiaconcursos.com.br\/blog\/wp-content\/uploads\/2019\/10\/Capturar.png2.png","articleSection":["Concursos P\u00fablicos"],"inLanguage":"pt-BR","potentialAction":[{"@type":"CommentAction","name":"Comment","target":["https:\/\/www.estrategiaconcursos.com.br\/blog\/edital-prefeitura-de-lencois-paulista\/#respond"]}],"copyrightYear":"2019","copyrightHolder":{"@id":"https:\/\/www.estrategiaconcursos.com.br\/blog\/#organization"}},{"@type":"WebPage","@id":"https:\/\/www.estrategiaconcursos.com.br\/blog\/edital-prefeitura-de-lencois-paulista\/","url":"https:\/\/www.estrategiaconcursos.com.br\/blog\/edital-prefeitura-de-lencois-paulista\/","name":"Edital Prefeitura de Len\u00e7\u00f3is Paulista SP: oferta de 11 vagas imediatas","isPartOf":{"@id":"https:\/\/www.estrategiaconcursos.com.br\/blog\/#website"},"primaryImageOfPage":{"@id":"https:\/\/www.estrategiaconcursos.com.br\/blog\/edital-prefeitura-de-lencois-paulista\/#primaryimage"},"image":{"@id":"https:\/\/www.estrategiaconcursos.com.br\/blog\/edital-prefeitura-de-lencois-paulista\/#primaryimage"},"thumbnailUrl":"https:\/\/www.estrategiaconcursos.com.br\/blog\/wp-content\/uploads\/2019\/10\/Capturar.png2.png","datePublished":"2019-10-10T22:20:52+00:00","dateModified":"2019-11-08T20:35:18+00:00","breadcrumb":{"@id":"https:\/\/www.estrategiaconcursos.com.br\/blog\/edital-prefeitura-de-lencois-paulista\/#breadcrumb"},"inLanguage":"pt-BR","potentialAction":[{"@type":"ReadAction","target":["https:\/\/www.estrategiaconcursos.com.br\/blog\/edital-prefeitura-de-lencois-paulista\/"]}]},{"@type":"ImageObject","inLanguage":"pt-BR","@id":"https:\/\/www.estrategiaconcursos.com.br\/blog\/edital-prefeitura-de-lencois-paulista\/#primaryimage","url":"https:\/\/dhg1h5j42swfq.cloudfront.net\/2019\/10\/10191257\/Capturar.png2.png","contentUrl":"https:\/\/dhg1h5j42swfq.cloudfront.net\/2019\/10\/10191257\/Capturar.png2.png","width":600,"height":89},{"@type":"BreadcrumbList","@id":"https:\/\/www.estrategiaconcursos.com.br\/blog\/edital-prefeitura-de-lencois-paulista\/#breadcrumb","itemListElement":[{"@type":"ListItem","position":1,"name":"In\u00edcio","item":"https:\/\/www.estrategiaconcursos.com.br\/blog\/"},{"@type":"ListItem","position":2,"name":"Edital Prefeitura de Len\u00e7\u00f3is Paulista SP: oferta de 11 vagas imediatas"}]},{"@type":"WebSite","@id":"https:\/\/www.estrategiaconcursos.com.br\/blog\/#website","url":"https:\/\/www.estrategiaconcursos.com.br\/blog\/","name":"Estrat\u00e9gia Concursos","description":"O blog da Estrat\u00e9gia Concursos traz not\u00edcias sobre concursos e artigos de professores oferecendo cursos para concursos (pdf + videaulas) no site.","publisher":{"@id":"https:\/\/www.estrategiaconcursos.com.br\/blog\/#organization"},"potentialAction":[{"@type":"SearchAction","target":{"@type":"EntryPoint","urlTemplate":"https:\/\/www.estrategiaconcursos.com.br\/blog\/?s={search_term_string}"},"query-input":{"@type":"PropertyValueSpecification","valueRequired":true,"valueName":"search_term_string"}}],"inLanguage":"pt-BR"},{"@type":"Organization","@id":"https:\/\/www.estrategiaconcursos.com.br\/blog\/#organization","name":"Estrat\u00e9gia Concursos","url":"https:\/\/www.estrategiaconcursos.com.br\/blog\/","logo":{"@type":"ImageObject","inLanguage":"pt-BR","@id":"https:\/\/www.estrategiaconcursos.com.br\/blog\/#\/schema\/logo\/image\/","url":"https:\/\/dhg1h5j42swfq.cloudfront.net\/2025\/06\/03203428\/logo_concursos-1.jpg","contentUrl":"https:\/\/dhg1h5j42swfq.cloudfront.net\/2025\/06\/03203428\/logo_concursos-1.jpg","width":230,"height":60,"caption":"Estrat\u00e9gia Concursos"},"image":{"@id":"https:\/\/www.estrategiaconcursos.com.br\/blog\/#\/schema\/logo\/image\/"},"sameAs":["https:\/\/x.com\/EstratConcursos"]},{"@type":"Person","@id":"https:\/\/www.estrategiaconcursos.com.br\/blog\/#\/schema\/person\/20030622a981f9a942ad6b3561fe4ca4","name":"Vinicius Silva","image":{"@type":"ImageObject","inLanguage":"pt-BR","@id":"https:\/\/secure.gravatar.com\/avatar\/604d9670a4c7eea71feaa4381f3ae97e148292ac402671c5944aa67a3d127663?s=96&d=mm&r=g","url":"https:\/\/secure.gravatar.com\/avatar\/604d9670a4c7eea71feaa4381f3ae97e148292ac402671c5944aa67a3d127663?s=96&d=mm&r=g","contentUrl":"https:\/\/secure.gravatar.com\/avatar\/604d9670a4c7eea71feaa4381f3ae97e148292ac402671c5944aa67a3d127663?s=96&d=mm&r=g","caption":"Vinicius Silva"},"url":"https:\/\/www.estrategiaconcursos.com.br\/blog\/author\/viniciussilvaestrategiaconcursos-com-br\/"}]}},"_links":{"self":[{"href":"https:\/\/www.estrategiaconcursos.com.br\/blog\/wp-json\/wp\/v2\/posts\/432915","targetHints":{"allow":["GET"]}}],"collection":[{"href":"https:\/\/www.estrategiaconcursos.com.br\/blog\/wp-json\/wp\/v2\/posts"}],"about":[{"href":"https:\/\/www.estrategiaconcursos.com.br\/blog\/wp-json\/wp\/v2\/types\/post"}],"author":[{"embeddable":true,"href":"https:\/\/www.estrategiaconcursos.com.br\/blog\/wp-json\/wp\/v2\/users\/93"}],"replies":[{"embeddable":true,"href":"https:\/\/www.estrategiaconcursos.com.br\/blog\/wp-json\/wp\/v2\/comments?post=432915"}],"version-history":[{"count":2,"href":"https:\/\/www.estrategiaconcursos.com.br\/blog\/wp-json\/wp\/v2\/posts\/432915\/revisions"}],"predecessor-version":[{"id":432934,"href":"https:\/\/www.estrategiaconcursos.com.br\/blog\/wp-json\/wp\/v2\/posts\/432915\/revisions\/432934"}],"wp:attachment":[{"href":"https:\/\/www.estrategiaconcursos.com.br\/blog\/wp-json\/wp\/v2\/media?parent=432915"}],"wp:term":[{"taxonomy":"category","embeddable":true,"href":"https:\/\/www.estrategiaconcursos.com.br\/blog\/wp-json\/wp\/v2\/categories?post=432915"},{"taxonomy":"post_tag","embeddable":true,"href":"https:\/\/www.estrategiaconcursos.com.br\/blog\/wp-json\/wp\/v2\/tags?post=432915"},{"taxonomy":"tax_estado","embeddable":true,"href":"https:\/\/www.estrategiaconcursos.com.br\/blog\/wp-json\/wp\/v2\/tax_estado?post=432915"}],"curies":[{"name":"wp","href":"https:\/\/api.w.org\/{rel}","templated":true}]}}