{"id":432546,"date":"2019-11-09T00:40:03","date_gmt":"2019-11-09T03:40:03","guid":{"rendered":"https:\/\/www.estrategiaconcursos.com.br\/blog\/?p=432546"},"modified":"2019-11-09T10:46:51","modified_gmt":"2019-11-09T13:46:51","slug":"edital-faetec-rj","status":"publish","type":"post","link":"https:\/\/www.estrategiaconcursos.com.br\/blog\/edital-faetec-rj\/","title":{"rendered":"Edital FAETEC RJ: certame oferta 209 vagas para diversos cargos"},"content":{"rendered":"\n<h3 class=\"wp-block-heading\">Inscri\u00e7\u00f5es para o concurso s\u00e3o prorrogadas at\u00e9 15 de novembro<\/h3>\n\n\n\n<p>Nesta sexta-feira, <strong>08 de novembro<\/strong>, foram <em><strong>prorrogadas<\/strong><\/em> as inscri\u00e7\u00f5es para o <strong><em>concurso FAETEC RJ, <\/em><\/strong>que terminariam na mesma data. O certame ser\u00e1 organizado pelo <strong>Instituto Acesso<\/strong>. Ser\u00e3o ofertadas <strong>209 vagas<\/strong> para diversos cargos de n\u00edveis de forma\u00e7\u00e3o m\u00e9dio, t\u00e9cnico e superior. <\/p>\n\n\n\n<p>Com a prorroga\u00e7\u00e3o, as <strong>inscri\u00e7\u00f5es<\/strong> agora podem ser realizadas atrav\u00e9s do site oficial do Instituto Acesso entre at\u00e9 o dia<em><strong> 15 de novembro<\/strong><\/em>, sexta-feira, e o <em><strong>pagamento da taxa<\/strong><\/em> poder\u00e1 ser realizado at\u00e9 <em><strong>19 de novembro<\/strong><\/em>, ter\u00e7a-feira. <\/p>\n\n\n\n<p>O valor da <em><strong>taxa de inscri\u00e7\u00e3o<\/strong><\/em> ser\u00e1 de <strong>R$ 148,00 <\/strong>para os cargos de Professor de Ensino Superior FAETEC, Professor FAETEC I, Orientador Educacional, Supervisor Educacional e T\u00e9cnico Superior &#8211; Assistente Social. Para os cargos de Instrutor para Disciplinas Profissionalizantes I, Inspetor de Alunos e Agente Administrativo \u00e9 de<strong><em> R$ 83,00<\/em><\/strong>.  <\/p>\n\n\n\n<p>Os candidatos que necessitassem da <strong>isen\u00e7\u00e3o da taxa<\/strong> poderiam ter solicitado o benef\u00edcio entre os dias <em><strong>10 a 21 de outubro<\/strong><\/em> no site da banca organizadora. <strong>As provas objetiva e discursiva<\/strong> est\u00e3o previstas para o dia <strong>15 de dezembro.<\/strong><\/p>\n\n\n\n<h2 class=\"wp-block-heading\">Principais datas<\/h2>\n\n\n\n<p class=\"has-background has-very-light-gray-background-color\"><strong><em>Inscri\u00e7\u00f5es: 10 de outubro a 15 de novembro<br \/>Isen\u00e7\u00e3o da taxa: 10 a 21 de outubro<br \/>Provas: 15 de dezembro <\/em><\/strong><\/p>\n\n\n\n<h2 class=\"wp-block-heading\">Cargos,Vagas e Remunera\u00e7\u00f5es<\/h2>\n\n\n\n<h3 class=\"wp-block-heading\">N\u00edvel Superior<\/h3>\n\n\n\n<ul class=\"wp-block-list\"><li><strong><em>Professor FAETEC I (40H) \u2013 114 vagas \u2013 R$ 3.000,00<\/em><\/strong><\/li><li><strong><em>Professor FAETEC I (20H) \u2013 46 vagas \u2013 R$ 1.500,00<\/em><\/strong><\/li><li><strong><em>Professor FAETEC Ensino Superior (40H) \u2013 5 vagas \u2013 R$ 3.000,00<\/em><\/strong><\/li><li><strong><em>Supervisor Educacional \u2013 4 vagas \u2013 R$ 3.000,00<\/em><\/strong><\/li><li><strong><em>Orientador Educacional \u2013 2 vagas \u2013 R$ 3.000,00<\/em><\/strong><\/li><li><strong><em>Agente Administrativo \u2013 16 vagas \u2013 R$ 1.607,13<\/em><\/strong><\/li><li><strong><em>T\u00e9cnico Superior \u2013 2 vagas \u2013 R$ 3.000,00<\/em><\/strong><\/li><\/ul>\n\n\n\n<h3 class=\"wp-block-heading\">N\u00edvel T\u00e9cnico<\/h3>\n\n\n\n<ul class=\"wp-block-list\"><li><strong><em>Instrutor de Disciplina Professor I (40H) \u2013 4 vagas \u2013 R$ 2.142,88<\/em><\/strong><\/li><\/ul>\n\n\n\n<h3 class=\"wp-block-heading\">N\u00edvel M\u00e9dio<\/h3>\n\n\n\n<ul class=\"wp-block-list\"><li><strong><em>Inspetor de Alunos \u2013 16 vagas \u2013 R$ 1.607,13<\/em><\/strong><\/li><li><strong><em>Agente Administrativo \u2013 16 vagas \u2013 R$ 1.607,13<\/em><\/strong><\/li><\/ul>\n\n\n\n<h2 class=\"wp-block-heading\"> Edital Estrat\u00e9gico FAETEC RJ<\/h2>\n\n\n\n<p style=\"text-align:center\" class=\"has-background has-medium-font-size has-very-light-gray-background-color\"><a rel=\"noreferrer noopener\" href=\"https:\/\/drive.google.com\/open?id=0B9ZvqIbaLYTFdnFONk41bUtWNl9TSHlQS2I0cS1lMFllU0gw\" target=\"_blank\">FAETEC RJ &#8211; 2019 (Agente Administrativo)<\/a><\/p>\n\n\n\n<p style=\"text-align:center\" class=\"has-background has-medium-font-size has-very-light-gray-background-color\"><a rel=\"noreferrer noopener\" href=\"https:\/\/drive.google.com\/open?id=0B9ZvqIbaLYTFaHotWVVDaEluandiMmJsVGV3V19HMl9ES1k4\" target=\"_blank\">FAETECJ RJ &#8211; 2019 (Inspetor de Alunos)<\/a><\/p>\n\n\n\n<p><strong>IMPORTANTE<\/strong>&nbsp; Ao clicar no link acima, vai ser aberta uma janela do Google Drive que tentar\u00e1 carregar a visualiza\u00e7\u00e3o da planilha no seu navegador. N\u00e3o h\u00e1 necessidade de esperar essa visualiza\u00e7\u00e3o (talvez at\u00e9 nem carregue, j\u00e1 que os arquivos s\u00e3o pesados). <\/p>\n\n\n\n<p><strong>Fa\u00e7a o download clicando na seta para baixo no canto superior direito da janela do Google Drive que vai ser aberta ao clicar nos links acima.<\/strong><\/p>\n\n\n\n<p>\n\nTodos os arquivos foram testados em diferentes computadores e celulares e est\u00e3o ok. Talvez alguma incompatibilidade (ou mensagem de erro, como &#8220;<em>arquivo inv\u00e1lido<\/em>&#8220;) ocorra em virtude do seu pr\u00f3prio computador ou do tamanho dos arquivos que possuem mais conte\u00fado.\n\n<\/p>\n\n\n\n<h2 class=\"wp-block-heading\">Etapas de provas do concurso FAETEC RJ <\/h2>\n\n\n\n<p>A prova objetiva e a prova discursiva ser\u00e3o realizadas no dia 15 de dezembro de 2019 nas cidades do Rio de Janeiro, Itaperuna, Campos dos Goytacazes, Cabo Frio, Resende e Tr\u00eas Rios. <\/p>\n\n\n\n<h3 class=\"wp-block-heading\">Prova Objetiva e Prova Discursiva<\/h3>\n\n\n\n<p><strong>Cargos de Professor FAETEC I e Instrutor para Disciplinas Profissionalizantes I: <\/strong><\/p>\n\n\n\n<div class=\"wp-block-image\"><figure class=\"aligncenter\"><img loading=\"lazy\" decoding=\"async\" width=\"729\" height=\"203\" src=\"https:\/\/dhg1h5j42swfq.cloudfront.net\/2019\/10\/10101832\/image66.png\" alt=\"\" class=\"wp-image-432573\" srcset=\"https:\/\/dhg1h5j42swfq.cloudfront.net\/2019\/10\/10101832\/image66.png 729w, https:\/\/dhg1h5j42swfq.cloudfront.net\/2019\/10\/10101832\/image66.png 300w, https:\/\/dhg1h5j42swfq.cloudfront.net\/2019\/10\/10101832\/image66.png 610w\" sizes=\"auto, (max-width: 729px) 100vw, 729px\" \/><\/figure><\/div>\n\n\n\n<p><strong>Cargos de Orientador Educacional, Supervisor Educacional e T\u00e9cnico Superior (Assistente Social):  <\/strong><\/p>\n\n\n\n<div class=\"wp-block-image\"><figure class=\"aligncenter\"><img loading=\"lazy\" decoding=\"async\" width=\"725\" height=\"155\" src=\"https:\/\/dhg1h5j42swfq.cloudfront.net\/2019\/10\/10101922\/image67.png\" alt=\"\" class=\"wp-image-432574\" srcset=\"https:\/\/dhg1h5j42swfq.cloudfront.net\/2019\/10\/10101922\/image67.png 725w, https:\/\/dhg1h5j42swfq.cloudfront.net\/2019\/10\/10101922\/image67.png 300w, https:\/\/dhg1h5j42swfq.cloudfront.net\/2019\/10\/10101922\/image67.png 610w\" sizes=\"auto, (max-width: 725px) 100vw, 725px\" \/><\/figure><\/div>\n\n\n\n<p><strong>Cargos de Inspetor de Alunos e Agente Administrativo:<\/strong><\/p>\n\n\n\n<div class=\"wp-block-image\"><figure class=\"aligncenter\"><img loading=\"lazy\" decoding=\"async\" width=\"726\" height=\"193\" src=\"https:\/\/dhg1h5j42swfq.cloudfront.net\/2019\/10\/10102018\/image68.png\" alt=\"\" class=\"wp-image-432575\" srcset=\"https:\/\/dhg1h5j42swfq.cloudfront.net\/2019\/10\/10102018\/image68.png 726w, https:\/\/dhg1h5j42swfq.cloudfront.net\/2019\/10\/10102018\/image68.png 300w, https:\/\/dhg1h5j42swfq.cloudfront.net\/2019\/10\/10102018\/image68.png 610w\" sizes=\"auto, (max-width: 726px) 100vw, 726px\" \/><\/figure><\/div>\n\n\n\n<p><strong>Cargo de Professor de Ensino Superior FAETEC:<\/strong><\/p>\n\n\n\n<div class=\"wp-block-image\"><figure class=\"aligncenter\"><img loading=\"lazy\" decoding=\"async\" width=\"727\" height=\"178\" src=\"https:\/\/dhg1h5j42swfq.cloudfront.net\/2019\/10\/10102051\/image69.png\" alt=\"\" class=\"wp-image-432576\" srcset=\"https:\/\/dhg1h5j42swfq.cloudfront.net\/2019\/10\/10102051\/image69.png 727w, https:\/\/dhg1h5j42swfq.cloudfront.net\/2019\/10\/10102051\/image69.png 300w, https:\/\/dhg1h5j42swfq.cloudfront.net\/2019\/10\/10102051\/image69.png 610w\" sizes=\"auto, (max-width: 727px) 100vw, 727px\" \/><\/figure><\/div>\n\n\n\n<h3 class=\"wp-block-heading\"> Prova de Desempenho Did\u00e1tico<\/h3>\n\n\n\n<p>A prova de desempenho did\u00e1tico ser\u00e1 realizada para os candidatos ao cargo de Professor de Ensino Superior FAETEC, sendo de car\u00e1ter eliminat\u00f3rio e classificat\u00f3rio. <\/p>\n\n\n\n<p>O exame consistir\u00e1 em uma aula, desenvolvida sobre um tema previamente sorteado, no tempo m\u00ednimo de 15 minutos e m\u00e1ximo de 20 minutos, ministrada em linguagem adequada, em sess\u00e3o p\u00fablica e gravada para efeito de registro e avalia\u00e7\u00e3o, perante uma banca examinadora composta por 2 professores. <\/p>\n\n\n\n<h3 class=\"wp-block-heading\">Avalia\u00e7\u00e3o de T\u00edtulos<\/h3>\n\n\n\n<p>Ser\u00e1 realizada avalia\u00e7\u00e3o de t\u00edtulos, de car\u00e1ter classificat\u00f3rio, para os candidatos aos cargos de Professor FAETEC I, Orientador Educacional, Supervisor Educacional, T\u00e9cnico Superior \u2013 Assistente Social, Instrutor para Disciplinas Profissionalizantes I, Inspetor de Alunos e Agente Administrativo. <\/p>\n\n\n\n<p><strong>Para os cargos de Professor FAETEC I (para as \u00e1reas do conhecimento da forma\u00e7\u00e3o geral), Orientador Educacional, Supervisor Educacional e T\u00e9cnico Superior:<\/strong><\/p>\n\n\n\n<div class=\"wp-block-image\"><figure class=\"aligncenter\"><img loading=\"lazy\" decoding=\"async\" width=\"729\" height=\"253\" src=\"https:\/\/dhg1h5j42swfq.cloudfront.net\/2019\/10\/10102502\/image70.png\" alt=\"\" class=\"wp-image-432581\" srcset=\"https:\/\/dhg1h5j42swfq.cloudfront.net\/2019\/10\/10102502\/image70.png 729w, https:\/\/dhg1h5j42swfq.cloudfront.net\/2019\/10\/10102502\/image70.png 300w, https:\/\/dhg1h5j42swfq.cloudfront.net\/2019\/10\/10102502\/image70.png 610w\" sizes=\"auto, (max-width: 729px) 100vw, 729px\" \/><\/figure><\/div>\n\n\n\n<p><strong>Para o cargo de Professor FAETEC I (para as \u00e1reas do conhecimento t\u00e9cnico\/profissionalizante):<\/strong><\/p>\n\n\n\n<div class=\"wp-block-image\"><figure class=\"aligncenter\"><img loading=\"lazy\" decoding=\"async\" width=\"728\" height=\"339\" src=\"https:\/\/dhg1h5j42swfq.cloudfront.net\/2019\/10\/10102549\/image71.png\" alt=\"\" class=\"wp-image-432584\" srcset=\"https:\/\/dhg1h5j42swfq.cloudfront.net\/2019\/10\/10102549\/image71.png 728w, https:\/\/dhg1h5j42swfq.cloudfront.net\/2019\/10\/10102549\/image71.png 300w, https:\/\/dhg1h5j42swfq.cloudfront.net\/2019\/10\/10102549\/image71.png 610w\" sizes=\"auto, (max-width: 728px) 100vw, 728px\" \/><\/figure><\/div>\n\n\n\n<p><strong>Para os cargos de Instrutor para Disciplinas Profissionalizantes I, Inspetor de Alunos e Agente Administrativo:<\/strong><\/p>\n\n\n\n<div class=\"wp-block-image\"><figure class=\"aligncenter\"><img loading=\"lazy\" decoding=\"async\" width=\"727\" height=\"65\" src=\"https:\/\/dhg1h5j42swfq.cloudfront.net\/2019\/10\/10102628\/image72.png\" alt=\"\" class=\"wp-image-432585\" srcset=\"https:\/\/dhg1h5j42swfq.cloudfront.net\/2019\/10\/10102628\/image72.png 727w, https:\/\/dhg1h5j42swfq.cloudfront.net\/2019\/10\/10102628\/image72.png 300w, https:\/\/dhg1h5j42swfq.cloudfront.net\/2019\/10\/10102628\/image72.png 610w\" sizes=\"auto, (max-width: 727px) 100vw, 727px\" \/><\/figure><\/div>\n\n\n\n<p><strong>Para o cargo de Professor de Ensino Superior FAETEC:<\/strong><\/p>\n\n\n\n<div class=\"wp-block-image\"><figure class=\"aligncenter\"><img loading=\"lazy\" decoding=\"async\" width=\"506\" height=\"695\" src=\"https:\/\/dhg1h5j42swfq.cloudfront.net\/2019\/10\/10102711\/image73.png\" alt=\"\" class=\"wp-image-432586\" srcset=\"https:\/\/dhg1h5j42swfq.cloudfront.net\/2019\/10\/10102711\/image73.png 506w, https:\/\/dhg1h5j42swfq.cloudfront.net\/2019\/10\/10102711\/image73.png 218w\" sizes=\"auto, (max-width: 506px) 100vw, 506px\" \/><\/figure><\/div>\n\n\n\n<div class=\"wp-block-image\"><figure class=\"aligncenter is-resized\"><img loading=\"lazy\" decoding=\"async\" src=\"https:\/\/dhg1h5j42swfq.cloudfront.net\/2019\/10\/10102735\/image74.png\" alt=\"\" class=\"wp-image-432589\" width=\"509\" height=\"274\" srcset=\"https:\/\/dhg1h5j42swfq.cloudfront.net\/2019\/10\/10102735\/image74.png 592w, https:\/\/dhg1h5j42swfq.cloudfront.net\/2019\/10\/10102735\/image74.png 300w\" sizes=\"auto, (max-width: 509px) 100vw, 509px\" \/><\/figure><\/div>\n\n\n\n<p style=\"font-size:25px;text-align:center\" class=\"has-background has-pale-cyan-blue-background-color\"><strong><em>Mais informa\u00e7\u00f5es: <\/em><\/strong><a href=\"https:\/\/www.estrategiaconcursos.com.br\/blog\/concurso-faetec-rj\/\"><strong><em>concurso FAETEC RJ <\/em><\/strong><\/a><\/p>\n\n\n\n<h2 class=\"wp-block-heading\" style=\"text-align:center\" id=\"cursos-assinatura\"><strong><em>Quer estudar para o Concurso FAETEC RJ?<\/em><\/strong><\/h2>\n\n\n\n<p style=\"text-align:center\"><em>Gostou desta oportunidade e deseja come\u00e7ar se preparar agora mesmo? Ent\u00e3o, confira os nossos cursos e comece a estudar para FAETEC RJ:<\/em><\/p>\n\n\n\n<p style=\"font-size:23px;text-align:center\" class=\"has-background has-luminous-vivid-amber-background-color\"><a href=\"https:\/\/www.estrategiaconcursos.com.br\/cursos\/\"><strong><em>Curso para concurso<\/em><\/strong><\/a><\/p>\n\n\n\n<p style=\"text-align:center\"><em><strong>Assinatura Anual Ilimitada*<\/strong><\/em><\/p>\n\n\n\n<p style=\"text-align:center\"><em>Prepare-se com o melhor material e com quem mais aprova em Concursos P\u00fablicos em todo o pa\u00eds. Assine agora a nossa Assinatura Anual e tenha acesso ilimitado* a todos os nossos cursos.<\/em><\/p>\n\n\n\n<p style=\"font-size:25px;text-align:center\" class=\"has-background has-light-green-cyan-background-color\"><strong>ASSINE AGORA<\/strong>&nbsp;\u2013&nbsp;<a rel=\"noreferrer noopener\" href=\"https:\/\/www.estrategiaconcursos.com.br\/assinaturas\" target=\"_blank\"><strong>Assinatura Ilimitada<\/strong><\/a><\/p>\n\n\n\n<p style=\"font-size:25px;text-align:center\" class=\"has-background has-pale-cyan-blue-background-color\"><strong><a href=\"https:\/\/www.estrategiaconcursos.com.br\/blog\/concursos-abertos\/\" target=\"_blank\" rel=\"noreferrer noopener\">CONCURSOS ABERTOS<\/a><\/strong><\/p>\n\n\n\n<p style=\"font-size:25px;text-align:center\" class=\"has-background has-pale-cyan-blue-background-color\"><strong><a href=\"https:\/\/www.estrategiaconcursos.com.br\/blog\/concursos-2019\/\" target=\"_blank\" rel=\"noreferrer noopener\">CONCURSOS 2019<\/a><\/strong><\/p>\n\n\n\n<p style=\"font-size:25px;text-align:center\" class=\"has-background has-pale-cyan-blue-background-color\"><strong><a rel=\"noreferrer noopener\" href=\"https:\/\/www.estrategiaconcursos.com.br\/blog\/concursos-2020\/\" target=\"_blank\">CONCURSOS&nbsp;2020<\/a><\/strong><\/p>\n\n\n\n<figure class=\"wp-block-image\"><img loading=\"lazy\" decoding=\"async\" width=\"300\" height=\"102\" src=\"https:\/\/dhg1h5j42swfq.cloudfront.net\/2017\/03\/28152500\/coruja-ficha-tecnica-300x102.png\" alt=\"Ficha t\u00e9cnica Concurso procon DF \" class=\"wp-image-68542\"\/><\/figure>\n\n\n\n<h3 class=\"wp-block-heading\" id=\"ficha-tecnica\"><strong>\u2666Informa\u00e7\u00f5es do Concurso FAETEC<\/strong><\/h3>\n\n\n\n<p>\u25ba<strong>Data:<\/strong>&nbsp;15\/12<br \/>\u25ba<strong>Vagas:<\/strong>&nbsp;209 previstas<br \/>\u25ba<strong>Banca:&nbsp;<\/strong>Instituto Acesso<br \/>\u25ba<strong>Escolaridade:&nbsp;<\/strong>N\u00edvel m\u00e9dio, t\u00e9cnico e superior<br \/>\u25ba<strong>Edital:<\/strong> <a href=\"https:\/\/dhg1h5j42swfq.cloudfront.net\/2019\/10\/10102957\/3e3e1c2b4068f4b807c394b48efe5be3.pdf\">Edital 2019 <\/a><\/p>\n","protected":false},"excerpt":{"rendered":"<p>Inscri\u00e7\u00f5es para o concurso s\u00e3o prorrogadas at\u00e9 15 de novembro Nesta sexta-feira, 08 de novembro, foram prorrogadas as inscri\u00e7\u00f5es para o concurso FAETEC RJ, que terminariam na mesma data. O certame ser\u00e1 organizado pelo Instituto Acesso. Ser\u00e3o ofertadas 209 vagas para diversos cargos de n\u00edveis de forma\u00e7\u00e3o m\u00e9dio, t\u00e9cnico e superior. Com a prorroga\u00e7\u00e3o, as [&hellip;]<\/p>\n","protected":false},"author":93,"featured_media":377429,"comment_status":"open","ping_status":"closed","sticky":false,"template":"","format":"standard","meta":{"post_tipo":"article","footnotes":""},"categories":[1],"tags":[],"tax_estado":[],"class_list":["post-432546","post","type-post","status-publish","format-standard","has-post-thumbnail","hentry","category-cursos-e-concursos"],"acf":[],"yoast_head":"<!-- This site is optimized with the Yoast SEO Premium plugin v27.2 (Yoast SEO v27.2) - https:\/\/yoast.com\/product\/yoast-seo-premium-wordpress\/ -->\n<title>Edital FAETEC RJ: certame oferta 209 vagas para diversos cargos<\/title>\n<meta name=\"robots\" content=\"index, follow, max-snippet:-1, max-image-preview:large, max-video-preview:-1\" \/>\n<link rel=\"canonical\" href=\"https:\/\/www.estrategiaconcursos.com.br\/blog\/edital-faetec-rj\/\" \/>\n<meta property=\"og:locale\" content=\"pt_BR\" \/>\n<meta property=\"og:type\" content=\"article\" \/>\n<meta property=\"og:title\" content=\"Edital FAETEC RJ: certame oferta 209 vagas para diversos cargos\" \/>\n<meta property=\"og:description\" content=\"Inscri\u00e7\u00f5es para o concurso s\u00e3o prorrogadas at\u00e9 15 de novembro Nesta sexta-feira, 08 de novembro, foram prorrogadas as inscri\u00e7\u00f5es para o concurso FAETEC RJ, que terminariam na mesma data. O certame ser\u00e1 organizado pelo Instituto Acesso. Ser\u00e3o ofertadas 209 vagas para diversos cargos de n\u00edveis de forma\u00e7\u00e3o m\u00e9dio, t\u00e9cnico e superior. Com a prorroga\u00e7\u00e3o, as [&hellip;]\" \/>\n<meta property=\"og:url\" content=\"https:\/\/www.estrategiaconcursos.com.br\/blog\/edital-faetec-rj\/\" \/>\n<meta property=\"og:site_name\" content=\"Estrat\u00e9gia Concursos\" \/>\n<meta property=\"article:published_time\" content=\"2019-11-09T03:40:03+00:00\" \/>\n<meta property=\"article:modified_time\" content=\"2019-11-09T13:46:51+00:00\" \/>\n<meta property=\"og:image\" content=\"https:\/\/dhg1h5j42swfq.cloudfront.net\/2019\/05\/24103215\/saiu-edital-1024x5361.jpg\" \/>\n\t<meta property=\"og:image:width\" content=\"1024\" \/>\n\t<meta property=\"og:image:height\" content=\"536\" \/>\n\t<meta property=\"og:image:type\" content=\"image\/jpeg\" \/>\n<meta name=\"author\" content=\"Vinicius Silva\" \/>\n<meta name=\"twitter:card\" content=\"summary_large_image\" \/>\n<meta name=\"twitter:creator\" content=\"@EstratConcursos\" \/>\n<meta name=\"twitter:site\" content=\"@EstratConcursos\" \/>\n<meta name=\"twitter:label1\" content=\"Escrito por\" \/>\n\t<meta name=\"twitter:data1\" content=\"Vinicius Silva\" \/>\n\t<meta name=\"twitter:label2\" content=\"Est. tempo de leitura\" \/>\n\t<meta name=\"twitter:data2\" content=\"4 minutos\" \/>\n<script type=\"application\/ld+json\" class=\"yoast-schema-graph\">{\"@context\":\"https:\/\/schema.org\",\"@graph\":[{\"@type\":\"NewsArticle\",\"@id\":\"https:\/\/www.estrategiaconcursos.com.br\/blog\/edital-faetec-rj\/#article\",\"isPartOf\":{\"@id\":\"https:\/\/www.estrategiaconcursos.com.br\/blog\/edital-faetec-rj\/\"},\"author\":{\"name\":\"Vinicius Silva\",\"@id\":\"https:\/\/www.estrategiaconcursos.com.br\/blog\/#\/schema\/person\/20030622a981f9a942ad6b3561fe4ca4\"},\"headline\":\"Edital FAETEC RJ: certame oferta 209 vagas para diversos cargos\",\"datePublished\":\"2019-11-09T03:40:03+00:00\",\"dateModified\":\"2019-11-09T13:46:51+00:00\",\"mainEntityOfPage\":{\"@id\":\"https:\/\/www.estrategiaconcursos.com.br\/blog\/edital-faetec-rj\/\"},\"wordCount\":797,\"commentCount\":1,\"publisher\":{\"@id\":\"https:\/\/www.estrategiaconcursos.com.br\/blog\/#organization\"},\"image\":{\"@id\":\"https:\/\/www.estrategiaconcursos.com.br\/blog\/edital-faetec-rj\/#primaryimage\"},\"thumbnailUrl\":\"https:\/\/dhg1h5j42swfq.cloudfront.net\/2019\/05\/24103215\/saiu-edital-1024x5361.jpg\",\"articleSection\":[\"Concursos P\u00fablicos\"],\"inLanguage\":\"pt-BR\",\"potentialAction\":[{\"@type\":\"CommentAction\",\"name\":\"Comment\",\"target\":[\"https:\/\/www.estrategiaconcursos.com.br\/blog\/edital-faetec-rj\/#respond\"]}],\"copyrightYear\":\"2019\",\"copyrightHolder\":{\"@id\":\"https:\/\/www.estrategiaconcursos.com.br\/blog\/#organization\"}},{\"@type\":\"WebPage\",\"@id\":\"https:\/\/www.estrategiaconcursos.com.br\/blog\/edital-faetec-rj\/\",\"url\":\"https:\/\/www.estrategiaconcursos.com.br\/blog\/edital-faetec-rj\/\",\"name\":\"Edital FAETEC RJ: certame oferta 209 vagas para diversos cargos\",\"isPartOf\":{\"@id\":\"https:\/\/www.estrategiaconcursos.com.br\/blog\/#website\"},\"primaryImageOfPage\":{\"@id\":\"https:\/\/www.estrategiaconcursos.com.br\/blog\/edital-faetec-rj\/#primaryimage\"},\"image\":{\"@id\":\"https:\/\/www.estrategiaconcursos.com.br\/blog\/edital-faetec-rj\/#primaryimage\"},\"thumbnailUrl\":\"https:\/\/dhg1h5j42swfq.cloudfront.net\/2019\/05\/24103215\/saiu-edital-1024x5361.jpg\",\"datePublished\":\"2019-11-09T03:40:03+00:00\",\"dateModified\":\"2019-11-09T13:46:51+00:00\",\"breadcrumb\":{\"@id\":\"https:\/\/www.estrategiaconcursos.com.br\/blog\/edital-faetec-rj\/#breadcrumb\"},\"inLanguage\":\"pt-BR\",\"potentialAction\":[{\"@type\":\"ReadAction\",\"target\":[\"https:\/\/www.estrategiaconcursos.com.br\/blog\/edital-faetec-rj\/\"]}]},{\"@type\":\"ImageObject\",\"inLanguage\":\"pt-BR\",\"@id\":\"https:\/\/www.estrategiaconcursos.com.br\/blog\/edital-faetec-rj\/#primaryimage\",\"url\":\"https:\/\/dhg1h5j42swfq.cloudfront.net\/2019\/05\/24103215\/saiu-edital-1024x5361.jpg\",\"contentUrl\":\"https:\/\/dhg1h5j42swfq.cloudfront.net\/2019\/05\/24103215\/saiu-edital-1024x5361.jpg\",\"width\":1024,\"height\":536,\"caption\":\"concurso pgm ces\u00e1rio lange\"},{\"@type\":\"BreadcrumbList\",\"@id\":\"https:\/\/www.estrategiaconcursos.com.br\/blog\/edital-faetec-rj\/#breadcrumb\",\"itemListElement\":[{\"@type\":\"ListItem\",\"position\":1,\"name\":\"In\u00edcio\",\"item\":\"https:\/\/www.estrategiaconcursos.com.br\/blog\/\"},{\"@type\":\"ListItem\",\"position\":2,\"name\":\"Edital FAETEC RJ: certame oferta 209 vagas para diversos cargos\"}]},{\"@type\":\"WebSite\",\"@id\":\"https:\/\/www.estrategiaconcursos.com.br\/blog\/#website\",\"url\":\"https:\/\/www.estrategiaconcursos.com.br\/blog\/\",\"name\":\"Estrat\u00e9gia Concursos\",\"description\":\"O blog da Estrat\u00e9gia Concursos traz not\u00edcias sobre concursos e artigos de professores oferecendo cursos para concursos (pdf + videaulas) no site.\",\"publisher\":{\"@id\":\"https:\/\/www.estrategiaconcursos.com.br\/blog\/#organization\"},\"potentialAction\":[{\"@type\":\"SearchAction\",\"target\":{\"@type\":\"EntryPoint\",\"urlTemplate\":\"https:\/\/www.estrategiaconcursos.com.br\/blog\/?s={search_term_string}\"},\"query-input\":{\"@type\":\"PropertyValueSpecification\",\"valueRequired\":true,\"valueName\":\"search_term_string\"}}],\"inLanguage\":\"pt-BR\"},{\"@type\":\"Organization\",\"@id\":\"https:\/\/www.estrategiaconcursos.com.br\/blog\/#organization\",\"name\":\"Estrat\u00e9gia Concursos\",\"url\":\"https:\/\/www.estrategiaconcursos.com.br\/blog\/\",\"logo\":{\"@type\":\"ImageObject\",\"inLanguage\":\"pt-BR\",\"@id\":\"https:\/\/www.estrategiaconcursos.com.br\/blog\/#\/schema\/logo\/image\/\",\"url\":\"https:\/\/dhg1h5j42swfq.cloudfront.net\/2025\/06\/03203428\/logo_concursos-1.jpg\",\"contentUrl\":\"https:\/\/dhg1h5j42swfq.cloudfront.net\/2025\/06\/03203428\/logo_concursos-1.jpg\",\"width\":230,\"height\":60,\"caption\":\"Estrat\u00e9gia Concursos\"},\"image\":{\"@id\":\"https:\/\/www.estrategiaconcursos.com.br\/blog\/#\/schema\/logo\/image\/\"},\"sameAs\":[\"https:\/\/x.com\/EstratConcursos\"]},{\"@type\":\"Person\",\"@id\":\"https:\/\/www.estrategiaconcursos.com.br\/blog\/#\/schema\/person\/20030622a981f9a942ad6b3561fe4ca4\",\"name\":\"Vinicius Silva\",\"image\":{\"@type\":\"ImageObject\",\"inLanguage\":\"pt-BR\",\"@id\":\"https:\/\/secure.gravatar.com\/avatar\/604d9670a4c7eea71feaa4381f3ae97e148292ac402671c5944aa67a3d127663?s=96&d=mm&r=g\",\"url\":\"https:\/\/secure.gravatar.com\/avatar\/604d9670a4c7eea71feaa4381f3ae97e148292ac402671c5944aa67a3d127663?s=96&d=mm&r=g\",\"contentUrl\":\"https:\/\/secure.gravatar.com\/avatar\/604d9670a4c7eea71feaa4381f3ae97e148292ac402671c5944aa67a3d127663?s=96&d=mm&r=g\",\"caption\":\"Vinicius Silva\"},\"url\":\"https:\/\/www.estrategiaconcursos.com.br\/blog\/author\/viniciussilvaestrategiaconcursos-com-br\/\"}]}<\/script>\n<!-- \/ Yoast SEO Premium plugin. -->","yoast_head_json":{"title":"Edital FAETEC RJ: certame oferta 209 vagas para diversos cargos","robots":{"index":"index","follow":"follow","max-snippet":"max-snippet:-1","max-image-preview":"max-image-preview:large","max-video-preview":"max-video-preview:-1"},"canonical":"https:\/\/www.estrategiaconcursos.com.br\/blog\/edital-faetec-rj\/","og_locale":"pt_BR","og_type":"article","og_title":"Edital FAETEC RJ: certame oferta 209 vagas para diversos cargos","og_description":"Inscri\u00e7\u00f5es para o concurso s\u00e3o prorrogadas at\u00e9 15 de novembro Nesta sexta-feira, 08 de novembro, foram prorrogadas as inscri\u00e7\u00f5es para o concurso FAETEC RJ, que terminariam na mesma data. O certame ser\u00e1 organizado pelo Instituto Acesso. Ser\u00e3o ofertadas 209 vagas para diversos cargos de n\u00edveis de forma\u00e7\u00e3o m\u00e9dio, t\u00e9cnico e superior. Com a prorroga\u00e7\u00e3o, as [&hellip;]","og_url":"https:\/\/www.estrategiaconcursos.com.br\/blog\/edital-faetec-rj\/","og_site_name":"Estrat\u00e9gia Concursos","article_published_time":"2019-11-09T03:40:03+00:00","article_modified_time":"2019-11-09T13:46:51+00:00","og_image":[{"width":1024,"height":536,"url":"https:\/\/dhg1h5j42swfq.cloudfront.net\/2019\/05\/24103215\/saiu-edital-1024x5361.jpg","type":"image\/jpeg"}],"author":"Vinicius Silva","twitter_card":"summary_large_image","twitter_creator":"@EstratConcursos","twitter_site":"@EstratConcursos","twitter_misc":{"Escrito por":"Vinicius Silva","Est. tempo de leitura":"4 minutos"},"schema":{"@context":"https:\/\/schema.org","@graph":[{"@type":"NewsArticle","@id":"https:\/\/www.estrategiaconcursos.com.br\/blog\/edital-faetec-rj\/#article","isPartOf":{"@id":"https:\/\/www.estrategiaconcursos.com.br\/blog\/edital-faetec-rj\/"},"author":{"name":"Vinicius Silva","@id":"https:\/\/www.estrategiaconcursos.com.br\/blog\/#\/schema\/person\/20030622a981f9a942ad6b3561fe4ca4"},"headline":"Edital FAETEC RJ: certame oferta 209 vagas para diversos cargos","datePublished":"2019-11-09T03:40:03+00:00","dateModified":"2019-11-09T13:46:51+00:00","mainEntityOfPage":{"@id":"https:\/\/www.estrategiaconcursos.com.br\/blog\/edital-faetec-rj\/"},"wordCount":797,"commentCount":1,"publisher":{"@id":"https:\/\/www.estrategiaconcursos.com.br\/blog\/#organization"},"image":{"@id":"https:\/\/www.estrategiaconcursos.com.br\/blog\/edital-faetec-rj\/#primaryimage"},"thumbnailUrl":"https:\/\/dhg1h5j42swfq.cloudfront.net\/2019\/05\/24103215\/saiu-edital-1024x5361.jpg","articleSection":["Concursos P\u00fablicos"],"inLanguage":"pt-BR","potentialAction":[{"@type":"CommentAction","name":"Comment","target":["https:\/\/www.estrategiaconcursos.com.br\/blog\/edital-faetec-rj\/#respond"]}],"copyrightYear":"2019","copyrightHolder":{"@id":"https:\/\/www.estrategiaconcursos.com.br\/blog\/#organization"}},{"@type":"WebPage","@id":"https:\/\/www.estrategiaconcursos.com.br\/blog\/edital-faetec-rj\/","url":"https:\/\/www.estrategiaconcursos.com.br\/blog\/edital-faetec-rj\/","name":"Edital FAETEC RJ: certame oferta 209 vagas para diversos cargos","isPartOf":{"@id":"https:\/\/www.estrategiaconcursos.com.br\/blog\/#website"},"primaryImageOfPage":{"@id":"https:\/\/www.estrategiaconcursos.com.br\/blog\/edital-faetec-rj\/#primaryimage"},"image":{"@id":"https:\/\/www.estrategiaconcursos.com.br\/blog\/edital-faetec-rj\/#primaryimage"},"thumbnailUrl":"https:\/\/dhg1h5j42swfq.cloudfront.net\/2019\/05\/24103215\/saiu-edital-1024x5361.jpg","datePublished":"2019-11-09T03:40:03+00:00","dateModified":"2019-11-09T13:46:51+00:00","breadcrumb":{"@id":"https:\/\/www.estrategiaconcursos.com.br\/blog\/edital-faetec-rj\/#breadcrumb"},"inLanguage":"pt-BR","potentialAction":[{"@type":"ReadAction","target":["https:\/\/www.estrategiaconcursos.com.br\/blog\/edital-faetec-rj\/"]}]},{"@type":"ImageObject","inLanguage":"pt-BR","@id":"https:\/\/www.estrategiaconcursos.com.br\/blog\/edital-faetec-rj\/#primaryimage","url":"https:\/\/dhg1h5j42swfq.cloudfront.net\/2019\/05\/24103215\/saiu-edital-1024x5361.jpg","contentUrl":"https:\/\/dhg1h5j42swfq.cloudfront.net\/2019\/05\/24103215\/saiu-edital-1024x5361.jpg","width":1024,"height":536,"caption":"concurso pgm ces\u00e1rio lange"},{"@type":"BreadcrumbList","@id":"https:\/\/www.estrategiaconcursos.com.br\/blog\/edital-faetec-rj\/#breadcrumb","itemListElement":[{"@type":"ListItem","position":1,"name":"In\u00edcio","item":"https:\/\/www.estrategiaconcursos.com.br\/blog\/"},{"@type":"ListItem","position":2,"name":"Edital FAETEC RJ: certame oferta 209 vagas para diversos cargos"}]},{"@type":"WebSite","@id":"https:\/\/www.estrategiaconcursos.com.br\/blog\/#website","url":"https:\/\/www.estrategiaconcursos.com.br\/blog\/","name":"Estrat\u00e9gia Concursos","description":"O blog da Estrat\u00e9gia Concursos traz not\u00edcias sobre concursos e artigos de professores oferecendo cursos para concursos (pdf + videaulas) no site.","publisher":{"@id":"https:\/\/www.estrategiaconcursos.com.br\/blog\/#organization"},"potentialAction":[{"@type":"SearchAction","target":{"@type":"EntryPoint","urlTemplate":"https:\/\/www.estrategiaconcursos.com.br\/blog\/?s={search_term_string}"},"query-input":{"@type":"PropertyValueSpecification","valueRequired":true,"valueName":"search_term_string"}}],"inLanguage":"pt-BR"},{"@type":"Organization","@id":"https:\/\/www.estrategiaconcursos.com.br\/blog\/#organization","name":"Estrat\u00e9gia Concursos","url":"https:\/\/www.estrategiaconcursos.com.br\/blog\/","logo":{"@type":"ImageObject","inLanguage":"pt-BR","@id":"https:\/\/www.estrategiaconcursos.com.br\/blog\/#\/schema\/logo\/image\/","url":"https:\/\/dhg1h5j42swfq.cloudfront.net\/2025\/06\/03203428\/logo_concursos-1.jpg","contentUrl":"https:\/\/dhg1h5j42swfq.cloudfront.net\/2025\/06\/03203428\/logo_concursos-1.jpg","width":230,"height":60,"caption":"Estrat\u00e9gia Concursos"},"image":{"@id":"https:\/\/www.estrategiaconcursos.com.br\/blog\/#\/schema\/logo\/image\/"},"sameAs":["https:\/\/x.com\/EstratConcursos"]},{"@type":"Person","@id":"https:\/\/www.estrategiaconcursos.com.br\/blog\/#\/schema\/person\/20030622a981f9a942ad6b3561fe4ca4","name":"Vinicius Silva","image":{"@type":"ImageObject","inLanguage":"pt-BR","@id":"https:\/\/secure.gravatar.com\/avatar\/604d9670a4c7eea71feaa4381f3ae97e148292ac402671c5944aa67a3d127663?s=96&d=mm&r=g","url":"https:\/\/secure.gravatar.com\/avatar\/604d9670a4c7eea71feaa4381f3ae97e148292ac402671c5944aa67a3d127663?s=96&d=mm&r=g","contentUrl":"https:\/\/secure.gravatar.com\/avatar\/604d9670a4c7eea71feaa4381f3ae97e148292ac402671c5944aa67a3d127663?s=96&d=mm&r=g","caption":"Vinicius Silva"},"url":"https:\/\/www.estrategiaconcursos.com.br\/blog\/author\/viniciussilvaestrategiaconcursos-com-br\/"}]}},"_links":{"self":[{"href":"https:\/\/www.estrategiaconcursos.com.br\/blog\/wp-json\/wp\/v2\/posts\/432546","targetHints":{"allow":["GET"]}}],"collection":[{"href":"https:\/\/www.estrategiaconcursos.com.br\/blog\/wp-json\/wp\/v2\/posts"}],"about":[{"href":"https:\/\/www.estrategiaconcursos.com.br\/blog\/wp-json\/wp\/v2\/types\/post"}],"author":[{"embeddable":true,"href":"https:\/\/www.estrategiaconcursos.com.br\/blog\/wp-json\/wp\/v2\/users\/93"}],"replies":[{"embeddable":true,"href":"https:\/\/www.estrategiaconcursos.com.br\/blog\/wp-json\/wp\/v2\/comments?post=432546"}],"version-history":[{"count":9,"href":"https:\/\/www.estrategiaconcursos.com.br\/blog\/wp-json\/wp\/v2\/posts\/432546\/revisions"}],"predecessor-version":[{"id":446246,"href":"https:\/\/www.estrategiaconcursos.com.br\/blog\/wp-json\/wp\/v2\/posts\/432546\/revisions\/446246"}],"wp:featuredmedia":[{"embeddable":true,"href":"https:\/\/www.estrategiaconcursos.com.br\/blog\/wp-json\/wp\/v2\/media\/377429"}],"wp:attachment":[{"href":"https:\/\/www.estrategiaconcursos.com.br\/blog\/wp-json\/wp\/v2\/media?parent=432546"}],"wp:term":[{"taxonomy":"category","embeddable":true,"href":"https:\/\/www.estrategiaconcursos.com.br\/blog\/wp-json\/wp\/v2\/categories?post=432546"},{"taxonomy":"post_tag","embeddable":true,"href":"https:\/\/www.estrategiaconcursos.com.br\/blog\/wp-json\/wp\/v2\/tags?post=432546"},{"taxonomy":"tax_estado","embeddable":true,"href":"https:\/\/www.estrategiaconcursos.com.br\/blog\/wp-json\/wp\/v2\/tax_estado?post=432546"}],"curies":[{"name":"wp","href":"https:\/\/api.w.org\/{rel}","templated":true}]}}