{"id":432471,"date":"2026-01-28T10:30:00","date_gmt":"2026-01-28T13:30:00","guid":{"rendered":"https:\/\/www.estrategiaconcursos.com.br\/blog\/?p=432471"},"modified":"2026-01-28T11:04:55","modified_gmt":"2026-01-28T14:04:55","slug":"concurso-crt-sp","status":"publish","type":"post","link":"https:\/\/www.estrategiaconcursos.com.br\/blog\/concurso-crt-sp\/","title":{"rendered":"Concurso CRT SP: Quadrix \u00e9 a banca; edital iminente!"},"content":{"rendered":"\n<p>O <strong><a href=\"https:\/\/www.estrategiaconcursos.com.br\/cursosPorConcurso\/conselho-regional-dos-tecnicos-industriais-de-sao-paulo-crt-sp\/\" target=\"_blank\" rel=\"noreferrer noopener\">Conselho Regional dos T\u00e9cnicos Industriais do Estado de S\u00e3o Paulo<\/a><\/strong> <strong>(CRT SP)<\/strong> definiu o Instituto Quadrix como a banca do novo edital. <\/p>\n\n\n\n<p>Com a escolha da empresa que, inclusive, organizou a \u00faltima sele\u00e7\u00e3o, a publica\u00e7\u00e3o do novo edital \u00e9 iminente. <\/p>\n\n\n\n<p>A sele\u00e7\u00e3o prev\u00ea a <strong>oferta de vagas em CR<\/strong> para os cargos de <strong>t\u00e9cnico administrativo, advogado, analista<\/strong> e <strong>fiscal<\/strong>.<\/p>\n\n\n\n<p>Veja todos os detalhes no artigo!<\/p>\n\n\n\n<ul style=\"background:linear-gradient(135deg,rgb(255,245,203) 0%,rgb(182,227,212) 0%,rgb(51,167,181) 100%)\" class=\"wp-block-list has-background\">\n<li><strong>Concurso CRT SP<\/strong><\/li>\n\n\n\n<li><strong>Status:<\/strong> banca definida<\/li>\n\n\n\n<li><strong>Banca:<\/strong> Instituto Quadrix<\/li>\n\n\n\n<li><strong>Vagas:<\/strong> CR<\/li>\n\n\n\n<li><strong>Sal\u00e1rio inicial:<\/strong> de R$ 3.598,90 a R$ 7.221,97 [\u00faltimo edital]<\/li>\n\n\n\n<li><strong>\u00daltimo edital:<\/strong> <a href=\"https:\/\/www.quadrix.org.br\/web\/visualizar.html?file=https:\/\/www.quadrix.org.br\/Archives\/General\/29411\/29602\/29604\/BD695D2F1BA6\/1_CRT-SP_concurso_publico_01_2023_edital_1_abertura.pdf\">CRT SP 2023 (M\u00e9dio e Superior)<\/a> \/ <a href=\"https:\/\/www.quadrix.org.br\/web\/visualizar.html?file=https:\/\/www.quadrix.org.br\/Archives\/General\/29605\/29606\/29608\/EC53F095F47D\/1_CRT-SP_concurso_publico_02_2023_edital_1_abertura.pdf\">CRT SP 2023 (N\u00edvel T\u00e9cnico)<\/a><\/li>\n<\/ul>\n\n\n\n<div class=\"col-sm\">\n      <div class=\"banner-estrategia\" id=\"box-assinatura\">\n        <h3 class=\"titulo-assinatura\">Cursos para CRT SP<\/h3>\n        <p class=\"subtitulo-assinatura\">Conhe\u00e7a os cursos<\/p>\n        <div class=\"box-botao\">\n          <a class=\"btn-assinatura\" target=\"_blank\" href=\"https:\/\/www.estrategiaconcursos.com.br\/cursosPorConcurso\/conselho-regional-dos-tecnicos-industriais-de-sao-paulo-crt-sp\/\" role=\"button\" rel=\"noopener noreferrer\">Conhe\u00e7a mais<\/a>\n        <\/div>\n      <\/div>\n      <p class=\"texto-auxiliar\">Prepare-se com o melhor material e com quem mais aprova em Concursos P\u00fablicos em todo o pa\u00eds.<\/p>\n    <\/div>\n\n\n\n<ul class=\"wp-block-list\">\n<li><strong><a href=\"#atual\">Situa\u00e7\u00e3o atual do concurso<\/a><\/strong>\n<ul class=\"wp-block-list\">\n<li><a href=\"#h-banca-contratada\"><strong>Banca contratada<\/strong><\/a><\/li>\n\n\n\n<li><strong><a href=\"#cargo-crt-sp\">Cargos, vagas e sal\u00e1rios<\/a><\/strong><\/li>\n<\/ul>\n<\/li>\n\n\n\n<li><strong><a href=\"#ultimo\">\u00daltimo concurso<\/a><\/strong>\n<ul class=\"wp-block-list\">\n<li><strong><a href=\"#prova-crt-sp\">Etapas de provas <\/a><\/strong><\/li>\n<\/ul>\n<\/li>\n\n\n\n<li><strong><a href=\"#curso\">Cursos e Assinaturas<\/a><\/strong><\/li>\n\n\n\n<li><strong><a href=\"#ficha-tecnica\">Ficha T\u00e9cnica<\/a><\/strong><\/li>\n<\/ul>\n\n\n\n<h2 class=\"wp-block-heading\" id=\"atual\">Concurso CRT SP: situa\u00e7\u00e3o atual<\/h2>\n\n\n\n<h3 class=\"wp-block-heading\" id=\"h-banca-contratada\">Banca contratada<\/h3>\n\n\n\n<p>Foi publicado na edi\u00e7\u00e3o do dia 28 de janeiro de 2025, o documento que oficializa o Instituto Quadrix como banca organizadora do novo edital.<\/p>\n\n\n\n<ul class=\"wp-block-list\">\n<li><a href=\"https:\/\/dhg1h5j42swfq.cloudfront.net\/2026\/01\/28103635\/autorizacaodispensadelicitacao.pdf\" target=\"_blank\" rel=\"noreferrer noopener\">Dispensa de licita\u00e7\u00e3o<\/a>;<\/li>\n\n\n\n<li><a href=\"https:\/\/dhg1h5j42swfq.cloudfront.net\/2026\/01\/28103723\/termodereferenciaatualizado.pdf\" target=\"_blank\" rel=\"noreferrer noopener\">Termo de refer\u00eancia<\/a>.<\/li>\n<\/ul>\n\n\n\n<h2 class=\"wp-block-heading\" id=\"h-concurso-crt-sp-cargos-e-vagas\">Concurso CRT SP: cargos e vagas<\/h2>\n\n\n\n<p class=\"has-light-green-cyan-background-color has-background\"><strong>N\u00edvel M\u00e9dio<\/strong><\/p>\n\n\n\n<ul class=\"wp-block-list\">\n<li>T\u00e9cnico Administrativo &#8211; CR.<\/li>\n<\/ul>\n\n\n\n<p class=\"has-light-green-cyan-background-color has-background\"><strong>N\u00edvel T\u00e9cnico <\/strong><\/p>\n\n\n\n<ul class=\"wp-block-list\">\n<li>Fiscal &#8211; CR.<\/li>\n<\/ul>\n\n\n\n<p class=\"has-light-green-cyan-background-color has-background\"><strong>N\u00edvel Superior<\/strong><\/p>\n\n\n\n<ul class=\"wp-block-list\">\n<li>Advogado &#8211; CR;<\/li>\n\n\n\n<li>Analista Administrativo &#8211; CR.<\/li>\n<\/ul>\n\n\n\n<h3 class=\"wp-block-heading\" id=\"h-remuneracao-conforme-o-ultimo-edital\">Remunera\u00e7\u00e3o conforme o \u00faltimo edital<\/h3>\n\n\n\n<p>T\u00e9cnico Administrativo &#8211; R$ 3.598,90 + benef\u00edcios;<\/p>\n\n\n\n<p>Advogado &#8211; R$ 7.221,97 + benef\u00edcios;<\/p>\n\n\n\n<p>Analista Administrativo &#8211; R$ 5.435,23 + benef\u00edcios;<\/p>\n\n\n\n<p>Fiscal &#8211; R$ R$ 4.648,72 + benef\u00edcios.<\/p>\n\n\n\n<figure class=\"wp-block-image aligncenter size-full is-resized\"><img loading=\"lazy\" decoding=\"async\" width=\"956\" height=\"166\" src=\"https:\/\/dhg1h5j42swfq.cloudfront.net\/2023\/10\/02085542\/image.png\" alt=\"Quadro de benef\u00edcios ofertados no Concurso CRT SP\" class=\"wp-image-1285975\" style=\"width:933px;height:162px\" srcset=\"https:\/\/dhg1h5j42swfq.cloudfront.net\/2023\/10\/02085542\/image.png 956w, https:\/\/dhg1h5j42swfq.cloudfront.net\/2023\/10\/02085542\/image-300x52.png 300w, https:\/\/dhg1h5j42swfq.cloudfront.net\/2023\/10\/02085542\/image-768x133.png 768w, https:\/\/dhg1h5j42swfq.cloudfront.net\/2023\/10\/02085542\/image-610x106.png 610w, https:\/\/dhg1h5j42swfq.cloudfront.net\/2023\/10\/02085542\/image-150x26.png 150w\" sizes=\"auto, (max-width: 956px) 100vw, 956px\" \/><\/figure>\n\n\n\n<h2 class=\"wp-block-heading\" id=\"ultimo\">\u00daltimo concurso CRT SP<\/h2>\n\n\n\n<p>O \u00faltimo concurso foi publicado em 2023 para cadastro de reserva em cargos de n\u00edveis m\u00e9dio e superior. Confira abaixo os resultados:<\/p>\n\n\n\n<ul class=\"wp-block-list\">\n<li><a href=\"http:\/\/ps-adm-861.selecao.net.br\/uploads\/861\/concursos\/1121\/anexos\/e8d9a66ec4ac82cac7013e174b2a2d6d.pdf?v105110\" target=\"_blank\" rel=\"noreferrer noopener\">Homologa\u00e7\u00e3o<\/a>;<\/li>\n\n\n\n<li><a href=\"http:\/\/ps-adm-861.selecao.net.br\/uploads\/861\/concursos\/1121\/anexos\/695ff7562ea90646b9ba5d8e8f6bf75d.pdf?v105110\" target=\"_blank\" rel=\"noreferrer noopener\">Resultado final<\/a>.<\/li>\n<\/ul>\n\n\n\n<h3 class=\"wp-block-heading\" id=\"h-etapas-do-ultimo-concurso\">Etapas do \u00faltimo concurso<\/h3>\n\n\n\n<p>A prova objetiva teve a dura\u00e7\u00e3o de 3 horas e foi aplicada na cidade de S\u00e3o Paulo\/SP, no dia 10 de dezembro de 2023.<\/p>\n\n\n\n<p>A prova objetiva, de car\u00e1ter eliminat\u00f3rio e classificat\u00f3rio, foi composta de 120 itens, valer\u00e1 120,00 pontos e avaliou as habilidades e os conhecimentos do candidato.<\/p>\n\n\n\n<h3 class=\"wp-block-heading\" id=\"h-tecnico-administrativo-advogado-e-analista\"><strong>T\u00e9cnico administrativo, Advogado e Analista<\/strong>:<\/h3>\n\n\n\n<figure class=\"wp-block-image aligncenter size-full\"><img loading=\"lazy\" decoding=\"async\" width=\"928\" height=\"161\" src=\"https:\/\/dhg1h5j42swfq.cloudfront.net\/2023\/10\/02085843\/image-1.png\" alt=\"Tabela de detalhes da Prova Objetiva para os cargos de T\u00e9cnico, Advogado e Analista\" class=\"wp-image-1285983\" srcset=\"https:\/\/dhg1h5j42swfq.cloudfront.net\/2023\/10\/02085843\/image-1.png 928w, https:\/\/dhg1h5j42swfq.cloudfront.net\/2023\/10\/02085843\/image-1-300x52.png 300w, https:\/\/dhg1h5j42swfq.cloudfront.net\/2023\/10\/02085843\/image-1-768x133.png 768w, https:\/\/dhg1h5j42swfq.cloudfront.net\/2023\/10\/02085843\/image-1-610x106.png 610w, https:\/\/dhg1h5j42swfq.cloudfront.net\/2023\/10\/02085843\/image-1-150x26.png 150w\" sizes=\"auto, (max-width: 928px) 100vw, 928px\" \/><\/figure>\n\n\n\n<h3 class=\"wp-block-heading\" id=\"h-fiscal\">Fiscal:<\/h3>\n\n\n\n<figure class=\"wp-block-image aligncenter size-full\"><img loading=\"lazy\" decoding=\"async\" width=\"937\" height=\"147\" src=\"https:\/\/dhg1h5j42swfq.cloudfront.net\/2023\/10\/02090027\/image-2.png\" alt=\"Detalhes da Prova Objetiva ao cargo do Fiscal\" class=\"wp-image-1285986\" srcset=\"https:\/\/dhg1h5j42swfq.cloudfront.net\/2023\/10\/02090027\/image-2.png 937w, https:\/\/dhg1h5j42swfq.cloudfront.net\/2023\/10\/02090027\/image-2-300x47.png 300w, https:\/\/dhg1h5j42swfq.cloudfront.net\/2023\/10\/02090027\/image-2-768x120.png 768w, https:\/\/dhg1h5j42swfq.cloudfront.net\/2023\/10\/02090027\/image-2-610x96.png 610w, https:\/\/dhg1h5j42swfq.cloudfront.net\/2023\/10\/02090027\/image-2-150x24.png 150w\" sizes=\"auto, (max-width: 937px) 100vw, 937px\" \/><\/figure>\n\n\n\n<p><strong>T\u00e9cnico Administrativo<\/strong> <strong>do CRT SP<\/strong><\/p>\n\n\n\n<ul class=\"wp-block-list\">\n<li><strong>Conhecimentos B\u00e1sicos<\/strong><br \/>L\u00edngua Portuguesa;<br \/>No\u00e7\u00f5es de Inform\u00e1tica;<br \/>Racioc\u00ednio L\u00f3gico e Matem\u00e1tico.<\/li>\n\n\n\n<li><strong>Conhecimentos Complementares<\/strong><br \/>Legisla\u00e7\u00e3o e \u00c9tica na Administra\u00e7\u00e3o P\u00fablica.<\/li>\n\n\n\n<li><strong>Conhecimentos Espec\u00edficos<\/strong><br \/>No\u00e7\u00f5es Direito Administrativo;<br \/>No\u00e7\u00f5es de Administra\u00e7\u00e3o P\u00fablica;<br \/>Legisla\u00e7\u00e3o do Sistema CFT\/CRTs.<\/li>\n<\/ul>\n\n\n\n<p><strong>Advogado<\/strong> <strong>do CRT SP<\/strong><\/p>\n\n\n\n<ul class=\"wp-block-list\">\n<li><strong>Conhecimentos B\u00e1sicos<\/strong><br \/>L\u00edngua Portuguesa;<br \/>No\u00e7\u00f5es de Inform\u00e1tica;<br \/>Racioc\u00ednio L\u00f3gico e Matem\u00e1tico.<\/li>\n\n\n\n<li><strong>Conhecimentos Complementares<\/strong><br \/>Legisla\u00e7\u00e3o e \u00c9tica na Administra\u00e7\u00e3o P\u00fablica.<\/li>\n\n\n\n<li><strong>Conhecimentos Espec\u00edficos<\/strong><br \/>Direito Administrativo;<br \/>Direito Constitucional;<br \/>Direito Civil;<br \/>Direito Processual Civil;<br \/>Direito Tribut\u00e1rio;<br \/>Direito do Trabalho;<br \/>Direito Processual do Trabalho;<br \/>Legisla\u00e7\u00e3o CFT\/CRTs.<br \/><\/li>\n<\/ul>\n\n\n\n<p><strong>Analista Administrativo do CRT SP<\/strong><\/p>\n\n\n\n<ul class=\"wp-block-list\">\n<li><strong>Conhecimentos B\u00e1sicos<\/strong><br \/>L\u00edngua Portuguesa;<br \/>No\u00e7\u00f5es de Inform\u00e1tica;<br \/>Racioc\u00ednio L\u00f3gico e Matem\u00e1tico.<\/li>\n\n\n\n<li><strong>Conhecimentos Complementares<\/strong><br \/>Legisla\u00e7\u00e3o e \u00c9tica na Administra\u00e7\u00e3o P\u00fablica.<\/li>\n\n\n\n<li><strong>Conhecimentos Espec\u00edficos<\/strong><br \/>No\u00e7\u00f5es de Direito Constitucional;<br \/>No\u00e7\u00f5es de Direito Administrativo;<br \/>Or\u00e7amento e Contabilidade P\u00fablica;<br \/>Legisla\u00e7\u00e3o do Sistema CFT\/CRTs;<br \/>Legisla\u00e7\u00e3o espec\u00edfica.<\/li>\n<\/ul>\n\n\n\n<p><strong>T\u00e9cnico Fiscal do CRT SP<\/strong><\/p>\n\n\n\n<ul class=\"wp-block-list\">\n<li><strong>Conhecimentos B\u00e1sicos<\/strong><br \/>L\u00edngua Portuguesa;<br \/>No\u00e7\u00f5es de Inform\u00e1tica;<br \/>Racioc\u00ednio L\u00f3gico e Matem\u00e1tico.<\/li>\n\n\n\n<li><strong>Conhecimentos Complementares<\/strong><br \/>Legisla\u00e7\u00e3o e \u00c9tica na Administra\u00e7\u00e3o P\u00fablica.<\/li>\n\n\n\n<li><strong>Conhecimentos Espec\u00edficos<\/strong><br \/>No\u00e7\u00f5es de Direito Administrativo;<br \/>Legisla\u00e7\u00e3o do Sistema CFT\/CRTs;<br \/>Organiza\u00e7\u00e3o;<br \/>Trabalho em equipe;<br \/>Legisla\u00e7\u00e3o espec\u00edfica.<\/li>\n<\/ul>\n\n\n\n<h2 class=\"wp-block-heading has-text-align-center\" id=\"h-quer-saber-tudo-sobre-concursos-previstos-confira-nossos-artigos\">Quer saber tudo sobre concursos previstos?<br \/>Confira  nossos artigos!<\/h2>\n\n\n\n<ul class=\"wp-block-list\">\n<li><a href=\"https:\/\/www.estrategiaconcursos.com.br\/blog\/concursos-abertos\/\" target=\"_blank\" rel=\"noreferrer noopener\">Concursos abertos<\/a><\/li>\n\n\n\n<li><a href=\"https:\/\/www.estrategiaconcursos.com.br\/blog\/concursos-conselhos\/\">Concursos conselhos<\/a><\/li>\n\n\n\n<li><a href=\"https:\/\/www.estrategiaconcursos.com.br\/blog\/concursos-2023\/\" target=\"_blank\" rel=\"noreferrer noopener\">Concursos 2026<\/a><\/li>\n<\/ul>\n\n\n\n<h2 class=\"wp-block-heading has-text-align-center\" id=\"cursos\">Quer estudar para concurso CRT SP?<\/h2>\n\n\n\n<div class=\"col-sm\">\n      <div class=\"banner-estrategia\" id=\"box-assinatura\">\n        <h3 class=\"titulo-assinatura\">Cursos para CRT SP<\/h3>\n        <p class=\"subtitulo-assinatura\">Conhe\u00e7a os cursos<\/p>\n        <div class=\"box-botao\">\n          <a class=\"btn-assinatura\" target=\"_blank\" href=\"https:\/\/www.estrategiaconcursos.com.br\/cursosPorConcurso\/conselho-regional-dos-tecnicos-industriais-de-sao-paulo-crt-sp\/\" role=\"button\" rel=\"noopener noreferrer\">Conhe\u00e7a mais<\/a>\n        <\/div>\n      <\/div>\n      <p class=\"texto-auxiliar\">Prepare-se com o melhor material e com quem mais aprova em Concursos P\u00fablicos em todo o pa\u00eds.<\/p>\n    <\/div>\n\n\n\n<div class=\"container\" id=\"boxes\">\n  <div class=\"row\">\n\n    <div class=\"col-sm\">\n      <div class=\"estrategia\" id=\"box-assinatura\">\n        <h3 class=\"titulo-assinatura\">Assinatura Concursos<\/h3>\n        <p class=\"subtitulo-assinatura\">Assinatura de 1 ano ou 2 anos<\/p>\n        <div class=\"box-botao\">\n          <a class=\"btn-assinatura\" target=\"_blank\" href=\"https:\/\/www.estrategiaconcursos.com.br\/assinaturas\/\" role=\"button\" rel=\"noopener noreferrer\">ASSINE AGORA<\/a>\n        <\/div>\n      <\/div><\/div><\/div><\/div>\n\n\n\n<figure class=\"wp-block-image size-large is-resized\"><img loading=\"lazy\" decoding=\"async\" width=\"1024\" height=\"632\" src=\"https:\/\/dhg1h5j42swfq.cloudfront.net\/2021\/04\/20111953\/ficha-tecnica-153-1024x632.png\" alt=\"\" class=\"wp-image-719613\" style=\"width:160px;height:99px\" srcset=\"https:\/\/dhg1h5j42swfq.cloudfront.net\/2021\/04\/20111953\/ficha-tecnica-153-1024x632.png 1024w, https:\/\/dhg1h5j42swfq.cloudfront.net\/2021\/04\/20111953\/ficha-tecnica-153-300x185.png 300w, https:\/\/dhg1h5j42swfq.cloudfront.net\/2021\/04\/20111953\/ficha-tecnica-153-768x474.png 768w, https:\/\/dhg1h5j42swfq.cloudfront.net\/2021\/04\/20111953\/ficha-tecnica-153-1536x948.png 1536w, https:\/\/dhg1h5j42swfq.cloudfront.net\/2021\/04\/20111953\/ficha-tecnica-153-610x377.png 610w, https:\/\/dhg1h5j42swfq.cloudfront.net\/2021\/04\/20111953\/ficha-tecnica-153.png 1571w\" sizes=\"auto, (max-width: 1024px) 100vw, 1024px\" \/><\/figure>\n\n\n\n<h3 class=\"wp-block-heading\" id=\"ficha-tecnica\"><strong>Informa\u00e7\u00f5es do concurso CRT SP<\/strong><\/h3>\n\n\n\n<p>\u25ba<strong>Data da prova:\u00a0<\/strong><s>10\/12\/2023 <br \/><\/s>\u25ba<strong>Vagas<\/strong>: CR<br \/>\u25ba<strong>Cargos:<\/strong>\u00a0<strong>T\u00e9cnico administrativo, Advogado, Analista e Fiscal<\/strong><br \/>\u25ba<strong>Banca:\u00a0<\/strong>Quadrix<br \/>\u25ba<strong>Escolaridade:<\/strong>\u00a0n\u00edvel m\u00e9dio, t\u00e9cnico e superior<br \/>\u25ba<strong>Edital<\/strong>\u00a0<strong>do \u00faltimo concurso:<\/strong> <a href=\"https:\/\/www.quadrix.org.br\/web\/visualizar.html?file=https:\/\/www.quadrix.org.br\/Archives\/General\/29411\/29602\/29604\/BD695D2F1BA6\/1_CRT-SP_concurso_publico_01_2023_edital_1_abertura.pdf\">CRT SP 2023 (M\u00e9dio e Superior)<\/a> \/ <a href=\"https:\/\/www.quadrix.org.br\/web\/visualizar.html?file=https:\/\/www.quadrix.org.br\/Archives\/General\/29605\/29606\/29608\/EC53F095F47D\/1_CRT-SP_concurso_publico_02_2023_edital_1_abertura.pdf\">CRT SP 2023 (N\u00edvel T\u00e9cnico)<\/a> <br \/>\u25ba<strong>Edital<\/strong>\u00a0<strong>do pen\u00faltimo concurso:<\/strong>\u00a0<a href=\"https:\/\/dhg1h5j42swfq.cloudfront.net\/2020\/03\/23120743\/1_CRT-SP_processo_seletivo_2020_edital_1.pdf\">CRT SP 2020<\/a> <br \/>\u25ba<strong>Cronograma do pen\u00faltimo concurso:<\/strong> <a href=\"https:\/\/dhg1h5j42swfq.cloudfront.net\/2021\/02\/08182534\/1_crt-sp_processo_seletivo_2020_comunicado_08_02_21.pdf\" target=\"_blank\" rel=\"noreferrer noopener\">Cronograma CRT SP 2021<\/a><\/p>\n","protected":false},"excerpt":{"rendered":"<p>O Conselho Regional dos T\u00e9cnicos Industriais do Estado de S\u00e3o Paulo (CRT SP) definiu o Instituto Quadrix como a banca do novo edital. Com a escolha da empresa que, inclusive, organizou a \u00faltima sele\u00e7\u00e3o, a publica\u00e7\u00e3o do novo edital \u00e9 iminente. A sele\u00e7\u00e3o prev\u00ea a oferta de vagas em CR para os cargos de t\u00e9cnico [&hellip;]<\/p>\n","protected":false},"author":1,"featured_media":980719,"comment_status":"open","ping_status":"closed","sticky":false,"template":"","format":"standard","meta":{"post_tipo":"news_page","footnotes":""},"categories":[222234],"tags":[],"tax_estado":[219989],"class_list":["post-432471","post","type-post","status-publish","format-standard","has-post-thumbnail","hentry","category-conselhos-regionais","tax_estado-sp"],"acf":[],"yoast_head":"<!-- This site is optimized with the Yoast SEO Premium plugin v27.2 (Yoast SEO v27.2) - https:\/\/yoast.com\/product\/yoast-seo-premium-wordpress\/ -->\n<title>Concurso CRT SP: Quadrix \u00e9 a banca; edital iminente!<\/title>\n<meta name=\"description\" content=\"Concurso CRT SP: novo edital deve ofertar vagas em CR para diferentes cargos! Banca definida e publica\u00e7\u00e3o do edital se aproxima!\" \/>\n<meta name=\"robots\" content=\"index, follow, max-snippet:-1, max-image-preview:large, max-video-preview:-1\" \/>\n<link rel=\"canonical\" href=\"https:\/\/www.estrategiaconcursos.com.br\/blog\/concurso-crt-sp\/\" \/>\n<meta property=\"og:locale\" content=\"pt_BR\" \/>\n<meta property=\"og:type\" content=\"article\" \/>\n<meta property=\"og:title\" content=\"Concurso CRT SP: Quadrix \u00e9 a banca; edital iminente!\" \/>\n<meta property=\"og:description\" content=\"Concurso CRT SP: novo edital deve ofertar vagas em CR para diferentes cargos! Banca definida e publica\u00e7\u00e3o do edital se aproxima!\" \/>\n<meta property=\"og:url\" content=\"https:\/\/www.estrategiaconcursos.com.br\/blog\/concurso-crt-sp\/\" \/>\n<meta property=\"og:site_name\" content=\"Estrat\u00e9gia Concursos\" \/>\n<meta property=\"article:author\" content=\"https:\/\/www.facebook.com\/EstrategiaConcursos\" \/>\n<meta property=\"article:published_time\" content=\"2026-01-28T13:30:00+00:00\" \/>\n<meta property=\"article:modified_time\" content=\"2026-01-28T14:04:55+00:00\" \/>\n<meta property=\"og:image\" content=\"https:\/\/dhg1h5j42swfq.cloudfront.net\/2022\/03\/04123920\/saiu-edital-1-2-4.jpg\" \/>\n\t<meta property=\"og:image:width\" content=\"1200\" \/>\n\t<meta property=\"og:image:height\" content=\"628\" \/>\n\t<meta property=\"og:image:type\" content=\"image\/jpeg\" \/>\n<meta name=\"author\" content=\"Coordena\u00e7\u00e3o\" \/>\n<meta name=\"twitter:card\" content=\"summary_large_image\" \/>\n<meta name=\"twitter:creator\" content=\"@EstratConcursos\" \/>\n<meta name=\"twitter:site\" content=\"@EstratConcursos\" \/>\n<meta name=\"twitter:label1\" content=\"Escrito por\" \/>\n\t<meta name=\"twitter:data1\" content=\"Coordena\u00e7\u00e3o\" \/>\n\t<meta name=\"twitter:label2\" content=\"Est. tempo de leitura\" \/>\n\t<meta name=\"twitter:data2\" content=\"5 minutos\" \/>\n<script type=\"application\/ld+json\" class=\"yoast-schema-graph\">{\"@context\":\"https:\/\/schema.org\",\"@graph\":[{\"@type\":\"NewsArticle\",\"@id\":\"https:\/\/www.estrategiaconcursos.com.br\/blog\/concurso-crt-sp\/#article\",\"isPartOf\":{\"@id\":\"https:\/\/www.estrategiaconcursos.com.br\/blog\/concurso-crt-sp\/\"},\"author\":{\"name\":\"Coordena\u00e7\u00e3o\",\"@id\":\"https:\/\/www.estrategiaconcursos.com.br\/blog\/#\/schema\/person\/b4a388c97673c5f483d72185668afa1f\"},\"headline\":\"Concurso CRT SP: Quadrix \u00e9 a banca; edital iminente!\",\"datePublished\":\"2026-01-28T13:30:00+00:00\",\"dateModified\":\"2026-01-28T14:04:55+00:00\",\"mainEntityOfPage\":{\"@id\":\"https:\/\/www.estrategiaconcursos.com.br\/blog\/concurso-crt-sp\/\"},\"wordCount\":714,\"commentCount\":2,\"publisher\":{\"@id\":\"https:\/\/www.estrategiaconcursos.com.br\/blog\/#organization\"},\"image\":{\"@id\":\"https:\/\/www.estrategiaconcursos.com.br\/blog\/concurso-crt-sp\/#primaryimage\"},\"thumbnailUrl\":\"https:\/\/dhg1h5j42swfq.cloudfront.net\/2022\/03\/04123920\/saiu-edital-1-2-4.jpg\",\"articleSection\":[\"Conselhos Regionais\"],\"inLanguage\":\"pt-BR\",\"potentialAction\":[{\"@type\":\"CommentAction\",\"name\":\"Comment\",\"target\":[\"https:\/\/www.estrategiaconcursos.com.br\/blog\/concurso-crt-sp\/#respond\"]}],\"copyrightYear\":\"2026\",\"copyrightHolder\":{\"@id\":\"https:\/\/www.estrategiaconcursos.com.br\/blog\/#organization\"}},{\"@type\":\"WebPage\",\"@id\":\"https:\/\/www.estrategiaconcursos.com.br\/blog\/concurso-crt-sp\/\",\"url\":\"https:\/\/www.estrategiaconcursos.com.br\/blog\/concurso-crt-sp\/\",\"name\":\"Concurso CRT SP: Quadrix \u00e9 a banca; edital iminente!\",\"isPartOf\":{\"@id\":\"https:\/\/www.estrategiaconcursos.com.br\/blog\/#website\"},\"primaryImageOfPage\":{\"@id\":\"https:\/\/www.estrategiaconcursos.com.br\/blog\/concurso-crt-sp\/#primaryimage\"},\"image\":{\"@id\":\"https:\/\/www.estrategiaconcursos.com.br\/blog\/concurso-crt-sp\/#primaryimage\"},\"thumbnailUrl\":\"https:\/\/dhg1h5j42swfq.cloudfront.net\/2022\/03\/04123920\/saiu-edital-1-2-4.jpg\",\"datePublished\":\"2026-01-28T13:30:00+00:00\",\"dateModified\":\"2026-01-28T14:04:55+00:00\",\"description\":\"Concurso CRT SP: novo edital deve ofertar vagas em CR para diferentes cargos! Banca definida e publica\u00e7\u00e3o do edital se aproxima!\",\"breadcrumb\":{\"@id\":\"https:\/\/www.estrategiaconcursos.com.br\/blog\/concurso-crt-sp\/#breadcrumb\"},\"inLanguage\":\"pt-BR\",\"potentialAction\":[{\"@type\":\"ReadAction\",\"target\":[\"https:\/\/www.estrategiaconcursos.com.br\/blog\/concurso-crt-sp\/\"]}]},{\"@type\":\"ImageObject\",\"inLanguage\":\"pt-BR\",\"@id\":\"https:\/\/www.estrategiaconcursos.com.br\/blog\/concurso-crt-sp\/#primaryimage\",\"url\":\"https:\/\/dhg1h5j42swfq.cloudfront.net\/2022\/03\/04123920\/saiu-edital-1-2-4.jpg\",\"contentUrl\":\"https:\/\/dhg1h5j42swfq.cloudfront.net\/2022\/03\/04123920\/saiu-edital-1-2-4.jpg\",\"width\":1200,\"height\":628,\"caption\":\"Concurso\"},{\"@type\":\"BreadcrumbList\",\"@id\":\"https:\/\/www.estrategiaconcursos.com.br\/blog\/concurso-crt-sp\/#breadcrumb\",\"itemListElement\":[{\"@type\":\"ListItem\",\"position\":1,\"name\":\"In\u00edcio\",\"item\":\"https:\/\/www.estrategiaconcursos.com.br\/blog\/\"},{\"@type\":\"ListItem\",\"position\":2,\"name\":\"Concurso CRT SP: Quadrix \u00e9 a banca; edital iminente!\"}]},{\"@type\":\"WebSite\",\"@id\":\"https:\/\/www.estrategiaconcursos.com.br\/blog\/#website\",\"url\":\"https:\/\/www.estrategiaconcursos.com.br\/blog\/\",\"name\":\"Estrat\u00e9gia Concursos\",\"description\":\"O blog da Estrat\u00e9gia Concursos traz not\u00edcias sobre concursos e artigos de professores oferecendo cursos para concursos (pdf + videaulas) no site.\",\"publisher\":{\"@id\":\"https:\/\/www.estrategiaconcursos.com.br\/blog\/#organization\"},\"potentialAction\":[{\"@type\":\"SearchAction\",\"target\":{\"@type\":\"EntryPoint\",\"urlTemplate\":\"https:\/\/www.estrategiaconcursos.com.br\/blog\/?s={search_term_string}\"},\"query-input\":{\"@type\":\"PropertyValueSpecification\",\"valueRequired\":true,\"valueName\":\"search_term_string\"}}],\"inLanguage\":\"pt-BR\"},{\"@type\":\"Organization\",\"@id\":\"https:\/\/www.estrategiaconcursos.com.br\/blog\/#organization\",\"name\":\"Estrat\u00e9gia Concursos\",\"url\":\"https:\/\/www.estrategiaconcursos.com.br\/blog\/\",\"logo\":{\"@type\":\"ImageObject\",\"inLanguage\":\"pt-BR\",\"@id\":\"https:\/\/www.estrategiaconcursos.com.br\/blog\/#\/schema\/logo\/image\/\",\"url\":\"https:\/\/dhg1h5j42swfq.cloudfront.net\/2025\/06\/03203428\/logo_concursos-1.jpg\",\"contentUrl\":\"https:\/\/dhg1h5j42swfq.cloudfront.net\/2025\/06\/03203428\/logo_concursos-1.jpg\",\"width\":230,\"height\":60,\"caption\":\"Estrat\u00e9gia Concursos\"},\"image\":{\"@id\":\"https:\/\/www.estrategiaconcursos.com.br\/blog\/#\/schema\/logo\/image\/\"},\"sameAs\":[\"https:\/\/x.com\/EstratConcursos\"]},{\"@type\":\"Person\",\"@id\":\"https:\/\/www.estrategiaconcursos.com.br\/blog\/#\/schema\/person\/b4a388c97673c5f483d72185668afa1f\",\"name\":\"Coordena\u00e7\u00e3o\",\"image\":{\"@type\":\"ImageObject\",\"inLanguage\":\"pt-BR\",\"@id\":\"https:\/\/secure.gravatar.com\/avatar\/b720319e4c9a967eb58678d110f4fe35452fc5d5f97b202bac7b8acceb18c6ad?s=96&d=mm&r=g\",\"url\":\"https:\/\/secure.gravatar.com\/avatar\/b720319e4c9a967eb58678d110f4fe35452fc5d5f97b202bac7b8acceb18c6ad?s=96&d=mm&r=g\",\"contentUrl\":\"https:\/\/secure.gravatar.com\/avatar\/b720319e4c9a967eb58678d110f4fe35452fc5d5f97b202bac7b8acceb18c6ad?s=96&d=mm&r=g\",\"caption\":\"Coordena\u00e7\u00e3o\"},\"sameAs\":[\"https:\/\/www.facebook.com\/EstrategiaConcursos\",\"https:\/\/x.com\/EstratConcursos\"],\"url\":\"https:\/\/www.estrategiaconcursos.com.br\/blog\/author\/estrategia2013\/\"}]}<\/script>\n<!-- \/ Yoast SEO Premium plugin. -->","yoast_head_json":{"title":"Concurso CRT SP: Quadrix \u00e9 a banca; edital iminente!","description":"Concurso CRT SP: novo edital deve ofertar vagas em CR para diferentes cargos! Banca definida e publica\u00e7\u00e3o do edital se aproxima!","robots":{"index":"index","follow":"follow","max-snippet":"max-snippet:-1","max-image-preview":"max-image-preview:large","max-video-preview":"max-video-preview:-1"},"canonical":"https:\/\/www.estrategiaconcursos.com.br\/blog\/concurso-crt-sp\/","og_locale":"pt_BR","og_type":"article","og_title":"Concurso CRT SP: Quadrix \u00e9 a banca; edital iminente!","og_description":"Concurso CRT SP: novo edital deve ofertar vagas em CR para diferentes cargos! Banca definida e publica\u00e7\u00e3o do edital se aproxima!","og_url":"https:\/\/www.estrategiaconcursos.com.br\/blog\/concurso-crt-sp\/","og_site_name":"Estrat\u00e9gia Concursos","article_author":"https:\/\/www.facebook.com\/EstrategiaConcursos","article_published_time":"2026-01-28T13:30:00+00:00","article_modified_time":"2026-01-28T14:04:55+00:00","og_image":[{"width":1200,"height":628,"url":"https:\/\/dhg1h5j42swfq.cloudfront.net\/2022\/03\/04123920\/saiu-edital-1-2-4.jpg","type":"image\/jpeg"}],"author":"Coordena\u00e7\u00e3o","twitter_card":"summary_large_image","twitter_creator":"@EstratConcursos","twitter_site":"@EstratConcursos","twitter_misc":{"Escrito por":"Coordena\u00e7\u00e3o","Est. tempo de leitura":"5 minutos"},"schema":{"@context":"https:\/\/schema.org","@graph":[{"@type":"NewsArticle","@id":"https:\/\/www.estrategiaconcursos.com.br\/blog\/concurso-crt-sp\/#article","isPartOf":{"@id":"https:\/\/www.estrategiaconcursos.com.br\/blog\/concurso-crt-sp\/"},"author":{"name":"Coordena\u00e7\u00e3o","@id":"https:\/\/www.estrategiaconcursos.com.br\/blog\/#\/schema\/person\/b4a388c97673c5f483d72185668afa1f"},"headline":"Concurso CRT SP: Quadrix \u00e9 a banca; edital iminente!","datePublished":"2026-01-28T13:30:00+00:00","dateModified":"2026-01-28T14:04:55+00:00","mainEntityOfPage":{"@id":"https:\/\/www.estrategiaconcursos.com.br\/blog\/concurso-crt-sp\/"},"wordCount":714,"commentCount":2,"publisher":{"@id":"https:\/\/www.estrategiaconcursos.com.br\/blog\/#organization"},"image":{"@id":"https:\/\/www.estrategiaconcursos.com.br\/blog\/concurso-crt-sp\/#primaryimage"},"thumbnailUrl":"https:\/\/dhg1h5j42swfq.cloudfront.net\/2022\/03\/04123920\/saiu-edital-1-2-4.jpg","articleSection":["Conselhos Regionais"],"inLanguage":"pt-BR","potentialAction":[{"@type":"CommentAction","name":"Comment","target":["https:\/\/www.estrategiaconcursos.com.br\/blog\/concurso-crt-sp\/#respond"]}],"copyrightYear":"2026","copyrightHolder":{"@id":"https:\/\/www.estrategiaconcursos.com.br\/blog\/#organization"}},{"@type":"WebPage","@id":"https:\/\/www.estrategiaconcursos.com.br\/blog\/concurso-crt-sp\/","url":"https:\/\/www.estrategiaconcursos.com.br\/blog\/concurso-crt-sp\/","name":"Concurso CRT SP: Quadrix \u00e9 a banca; edital iminente!","isPartOf":{"@id":"https:\/\/www.estrategiaconcursos.com.br\/blog\/#website"},"primaryImageOfPage":{"@id":"https:\/\/www.estrategiaconcursos.com.br\/blog\/concurso-crt-sp\/#primaryimage"},"image":{"@id":"https:\/\/www.estrategiaconcursos.com.br\/blog\/concurso-crt-sp\/#primaryimage"},"thumbnailUrl":"https:\/\/dhg1h5j42swfq.cloudfront.net\/2022\/03\/04123920\/saiu-edital-1-2-4.jpg","datePublished":"2026-01-28T13:30:00+00:00","dateModified":"2026-01-28T14:04:55+00:00","description":"Concurso CRT SP: novo edital deve ofertar vagas em CR para diferentes cargos! Banca definida e publica\u00e7\u00e3o do edital se aproxima!","breadcrumb":{"@id":"https:\/\/www.estrategiaconcursos.com.br\/blog\/concurso-crt-sp\/#breadcrumb"},"inLanguage":"pt-BR","potentialAction":[{"@type":"ReadAction","target":["https:\/\/www.estrategiaconcursos.com.br\/blog\/concurso-crt-sp\/"]}]},{"@type":"ImageObject","inLanguage":"pt-BR","@id":"https:\/\/www.estrategiaconcursos.com.br\/blog\/concurso-crt-sp\/#primaryimage","url":"https:\/\/dhg1h5j42swfq.cloudfront.net\/2022\/03\/04123920\/saiu-edital-1-2-4.jpg","contentUrl":"https:\/\/dhg1h5j42swfq.cloudfront.net\/2022\/03\/04123920\/saiu-edital-1-2-4.jpg","width":1200,"height":628,"caption":"Concurso"},{"@type":"BreadcrumbList","@id":"https:\/\/www.estrategiaconcursos.com.br\/blog\/concurso-crt-sp\/#breadcrumb","itemListElement":[{"@type":"ListItem","position":1,"name":"In\u00edcio","item":"https:\/\/www.estrategiaconcursos.com.br\/blog\/"},{"@type":"ListItem","position":2,"name":"Concurso CRT SP: Quadrix \u00e9 a banca; edital iminente!"}]},{"@type":"WebSite","@id":"https:\/\/www.estrategiaconcursos.com.br\/blog\/#website","url":"https:\/\/www.estrategiaconcursos.com.br\/blog\/","name":"Estrat\u00e9gia Concursos","description":"O blog da Estrat\u00e9gia Concursos traz not\u00edcias sobre concursos e artigos de professores oferecendo cursos para concursos (pdf + videaulas) no site.","publisher":{"@id":"https:\/\/www.estrategiaconcursos.com.br\/blog\/#organization"},"potentialAction":[{"@type":"SearchAction","target":{"@type":"EntryPoint","urlTemplate":"https:\/\/www.estrategiaconcursos.com.br\/blog\/?s={search_term_string}"},"query-input":{"@type":"PropertyValueSpecification","valueRequired":true,"valueName":"search_term_string"}}],"inLanguage":"pt-BR"},{"@type":"Organization","@id":"https:\/\/www.estrategiaconcursos.com.br\/blog\/#organization","name":"Estrat\u00e9gia Concursos","url":"https:\/\/www.estrategiaconcursos.com.br\/blog\/","logo":{"@type":"ImageObject","inLanguage":"pt-BR","@id":"https:\/\/www.estrategiaconcursos.com.br\/blog\/#\/schema\/logo\/image\/","url":"https:\/\/dhg1h5j42swfq.cloudfront.net\/2025\/06\/03203428\/logo_concursos-1.jpg","contentUrl":"https:\/\/dhg1h5j42swfq.cloudfront.net\/2025\/06\/03203428\/logo_concursos-1.jpg","width":230,"height":60,"caption":"Estrat\u00e9gia Concursos"},"image":{"@id":"https:\/\/www.estrategiaconcursos.com.br\/blog\/#\/schema\/logo\/image\/"},"sameAs":["https:\/\/x.com\/EstratConcursos"]},{"@type":"Person","@id":"https:\/\/www.estrategiaconcursos.com.br\/blog\/#\/schema\/person\/b4a388c97673c5f483d72185668afa1f","name":"Coordena\u00e7\u00e3o","image":{"@type":"ImageObject","inLanguage":"pt-BR","@id":"https:\/\/secure.gravatar.com\/avatar\/b720319e4c9a967eb58678d110f4fe35452fc5d5f97b202bac7b8acceb18c6ad?s=96&d=mm&r=g","url":"https:\/\/secure.gravatar.com\/avatar\/b720319e4c9a967eb58678d110f4fe35452fc5d5f97b202bac7b8acceb18c6ad?s=96&d=mm&r=g","contentUrl":"https:\/\/secure.gravatar.com\/avatar\/b720319e4c9a967eb58678d110f4fe35452fc5d5f97b202bac7b8acceb18c6ad?s=96&d=mm&r=g","caption":"Coordena\u00e7\u00e3o"},"sameAs":["https:\/\/www.facebook.com\/EstrategiaConcursos","https:\/\/x.com\/EstratConcursos"],"url":"https:\/\/www.estrategiaconcursos.com.br\/blog\/author\/estrategia2013\/"}]}},"_links":{"self":[{"href":"https:\/\/www.estrategiaconcursos.com.br\/blog\/wp-json\/wp\/v2\/posts\/432471","targetHints":{"allow":["GET"]}}],"collection":[{"href":"https:\/\/www.estrategiaconcursos.com.br\/blog\/wp-json\/wp\/v2\/posts"}],"about":[{"href":"https:\/\/www.estrategiaconcursos.com.br\/blog\/wp-json\/wp\/v2\/types\/post"}],"author":[{"embeddable":true,"href":"https:\/\/www.estrategiaconcursos.com.br\/blog\/wp-json\/wp\/v2\/users\/1"}],"replies":[{"embeddable":true,"href":"https:\/\/www.estrategiaconcursos.com.br\/blog\/wp-json\/wp\/v2\/comments?post=432471"}],"version-history":[{"count":105,"href":"https:\/\/www.estrategiaconcursos.com.br\/blog\/wp-json\/wp\/v2\/posts\/432471\/revisions"}],"predecessor-version":[{"id":1706369,"href":"https:\/\/www.estrategiaconcursos.com.br\/blog\/wp-json\/wp\/v2\/posts\/432471\/revisions\/1706369"}],"wp:featuredmedia":[{"embeddable":true,"href":"https:\/\/www.estrategiaconcursos.com.br\/blog\/wp-json\/wp\/v2\/media\/980719"}],"wp:attachment":[{"href":"https:\/\/www.estrategiaconcursos.com.br\/blog\/wp-json\/wp\/v2\/media?parent=432471"}],"wp:term":[{"taxonomy":"category","embeddable":true,"href":"https:\/\/www.estrategiaconcursos.com.br\/blog\/wp-json\/wp\/v2\/categories?post=432471"},{"taxonomy":"post_tag","embeddable":true,"href":"https:\/\/www.estrategiaconcursos.com.br\/blog\/wp-json\/wp\/v2\/tags?post=432471"},{"taxonomy":"tax_estado","embeddable":true,"href":"https:\/\/www.estrategiaconcursos.com.br\/blog\/wp-json\/wp\/v2\/tax_estado?post=432471"}],"curies":[{"name":"wp","href":"https:\/\/api.w.org\/{rel}","templated":true}]}}