{"id":432108,"date":"2019-10-30T03:00:53","date_gmt":"2019-10-30T06:00:53","guid":{"rendered":"https:\/\/www.estrategiaconcursos.com.br\/blog\/?p=432108"},"modified":"2021-03-08T13:55:49","modified_gmt":"2021-03-08T16:55:49","slug":"edital-tj-pa","status":"publish","type":"post","link":"https:\/\/www.estrategiaconcursos.com.br\/blog\/edital-tj-pa\/","title":{"rendered":"Edital TJ PA: FIM do prazo das inscri\u00e7\u00f5es para cargos de n\u00edvel m\u00e9dio e superior"},"content":{"rendered":"\n<h2 class=\"wp-block-heading\"><em>Inscri\u00e7\u00f5es fecharam no dia 22 de novembro. <\/em><\/h2>\n\n\n\n<p>Expirou na sexta-feira, 22 de novembro, o prazo para as inscri\u00e7\u00f5es no concurso que oferta <strong>200 vagas<\/strong> <strong>imediatas<\/strong> de servidores para o <strong>Tribunal de Justi\u00e7a do Par\u00e1<\/strong>. <\/p>\n\n\n\n<p>Na te\u00e7a-feira, <strong>19 de novembro,<\/strong> havia sido publicada uma nova retifica\u00e7\u00e3o no edital do concurso trazendo altera\u00e7\u00f5es para o cargo de Analista, altera\u00e7\u00e3o em um dos itens do conte\u00fado program\u00e1tico de conhecimentos gerais para todos os cargos e informa\u00e7\u00f5es sobre a devolu\u00e7\u00e3o da taxa de inscri\u00e7\u00e3o para os candidatos do cargo de Analista &#8211; Administra\u00e7\u00e3o.<\/p>\n\n\n\n<p>Em 05 de novembro j\u00e1 haviam sido publicadas retifica\u00e7\u00f5es quanto aos requisitos e conte\u00fado program\u00e1tico de alguns cargos.  <\/p>\n\n\n\n<p>O edital \u00e1 havia sido republicado no dia 30 de outubro. A empresa que ir\u00e1 organizar o certame \u00e9 o CEBRASPE. S\u00e3o ofertadas <strong>200 vagas imediatas<\/strong> para cargos de N\u00edvel M\u00e9dio e Superior. <\/p>\n\n\n\n<p>As inscri\u00e7\u00f5es deveriam ser realizadas atrav\u00e9s do portal online do CEBRASPE entre os dias 30 de outubro a 22 de novembro. A taxa e inscri\u00e7\u00e3o variava conforme o grau de escolaridade. Confira abaixo: <\/p>\n\n\n\n<ul class=\"wp-block-list\"><li>N\u00edvel M\u00e9dio &#8211; R$ 90,00<\/li><li>N\u00edvel Superior &#8211; R$ 110,00<\/li><\/ul>\n\n\n\n<p>Os candidatos que necessitassem da isen\u00e7\u00e3o da taxa de inscri\u00e7\u00e3o deveriam assim solicitar no site do CEBRASPE entre os dias 30 de outubro a 22 de novembro. <\/p>\n\n\n\n<p>A prova do certame continua de acordo com o edital no dia 19 de janeiro de 2020.<\/p>\n\n\n\n<h2 class=\"wp-block-heading\" id=\"datas\">Principais datas <\/h2>\n\n\n\n<p class=\"has-background has-very-light-gray-background-color\"><strong><em>Inscri\u00e7\u00f5es<\/em><\/strong><em>: 30 de outubro a 22 de novembro<br \/><\/em><strong><em>Isen\u00e7\u00e3o<\/em><\/strong><em>: 30 de outubro a 22 de novembro<\/em> <em><br \/><\/em><strong><em>Valor da taxa<\/em><\/strong><em>: R$ 90 para n\u00edvel m\u00e9dio e R$ 110 para n\u00edvel superior<br \/><\/em><strong><em>Provas<\/em><\/strong><em>: 19 de janeiro de 2020 <\/em><\/p>\n\n\n\n<h2 class=\"wp-block-heading\">Edital TJ PA: quadro de vagas<\/h2>\n\n\n\n<p>O edital TJ PA oferta vagas para os n\u00edveis de forma\u00e7\u00e3o m\u00e9dio e superior. Abaixo voc\u00ea confere a distribui\u00e7\u00e3o das oportunidades.<\/p>\n\n\n\n<h3 class=\"wp-block-heading\">N\u00edvel Superior &#8211; Analista Judici\u00e1rio<\/h3>\n\n\n\n<table class=\"wp-block-table aligncenter has-subtle-pale-pink-background-color has-fixed-layout has-background is-style-stripes\"><tbody><tr><td><strong>Cargos<\/strong><\/td><td><strong>Vagas<\/strong><\/td><\/tr><tr><td>Analista Judici\u00e1rio &#8211; \u00c1rea Administrativa <\/td><td>1 vaga<\/td><\/tr><tr><td>Administra\u00e7\u00e3o  <\/td><td>CR<\/td><\/tr><tr><td>An\u00e1lise de Sistemas &#8211; Desenvolvimento  <\/td><td>CR<\/td><\/tr><tr><td>An\u00e1lise de Sistemas &#8211; Suporte <\/td><td>CR<\/td><\/tr><tr><td>Ci\u00eancias Cont\u00e1beis <\/td><td>CR<\/td><\/tr><tr><td>Direito <\/td><td>137 vagas + CR<\/td><\/tr><tr><td>Estat\u00edstica <\/td><td>CR<\/td><\/tr><tr><td>Pedagogia <\/td><td>8 vagas + CR<\/td><\/tr><tr><td>Psicologia <\/td><td>3 vagas + CR<\/td><\/tr><tr><td>Servi\u00e7o Social <\/td><td>1 vaga + CR <\/td><\/tr><\/tbody><\/table>\n\n\n\n<h3 class=\"wp-block-heading\">Oficial de Justi\u00e7a Avaliador (N\u00edvel Superior)<\/h3>\n\n\n\n<table class=\"wp-block-table has-subtle-pale-blue-background-color has-fixed-layout has-background is-style-stripes\"><tbody><tr><td><strong>Oficial de Justi\u00e7a Avaliador&nbsp; (N\u00edvel superior)<\/strong>   <\/td><td>\n  <strong>N\u00ba de vagas<\/strong>\n  <\/td><\/tr><tr><td>Oficial de Justi\u00e7a Avaliador    <\/td><td>Cadastro de reserva <\/td><\/tr><\/tbody><\/table>\n\n\n\n<h3 class=\"wp-block-heading\">N\u00edvel M\u00e9dio &#8211; Auxiliar Judici\u00e1rio<\/h3>\n\n\n\n<table class=\"wp-block-table aligncenter has-subtle-pale-blue-background-color has-fixed-layout has-background is-style-stripes\"><tbody><tr><td><strong>Cargos<\/strong><\/td><td><strong>Vagas<\/strong><\/td><\/tr><tr><td>Auxiliar Judici\u00e1rio <\/td><td> <br \/> 50 vagas + CR <\/td><\/tr><tr><td>Programador de Computador <\/td><td>CR <\/td><\/tr><\/tbody><\/table>\n\n\n\n<h2 class=\"wp-block-heading\">Edital TJ PA: remunera\u00e7\u00e3o<\/h2>\n\n\n\n<p><strong>Analista Judici\u00e1rio e Oficial de Justi\u00e7a Avaliador:<\/strong><\/p>\n\n\n\n<ul class=\"wp-block-list\"><li><em>Inicial: <\/em>R$ 4.066,70 <\/li><li><em>Final:<\/em> R$ 6.903,66 <\/li><\/ul>\n\n\n\n<p><strong>Auxiliar Judici\u00e1rio <\/strong><\/p>\n\n\n\n<ul class=\"wp-block-list\"><li><em>Inicial: <\/em>R$ 3.207,90 <\/li><li><em>Final:<\/em> R$ 5.036,73  <\/li><\/ul>\n\n\n\n<h2 class=\"wp-block-heading\">Edital TJ PA: etapas do concurso<\/h2>\n\n\n\n<ol class=\"wp-block-list\"><li><strong>Prova objetiva<\/strong> (para todos os cargos)  &#8211; eliminat\u00f3ria e classificat\u00f3ria;<\/li><li><strong>Prova discursiva<\/strong> (para os cargos de N\u00edvel Superior) &#8211; eliminat\u00f3ria e classificat\u00f3ria;<\/li><li><strong>Avalia\u00e7\u00e3o de T\u00edtulos<\/strong> (para os cargos de N\u00edvel Superior) &#8211; classificat\u00f3ria.<\/li><\/ol>\n\n\n\n<h2 class=\"wp-block-heading\">Edital TJ PA: Prova objetiva<\/h2>\n\n\n\n<p>As provas objetivas para os cargos de n\u00edvel superior ser\u00e3o compostas por 70 quest\u00f5es de m\u00faltipla escolha, com cinco respostas poss\u00edveis, sendo apenas uma correta.<\/p>\n\n\n\n<p>Cada quest\u00e3o valer\u00e1 um ponto, portanto o limite de pontua\u00e7\u00e3o da prova \u00e9 70 pontos.<\/p>\n\n\n\n<p>As quest\u00f5es s\u00e3o classificadas em conhecimentos b\u00e1sicos e espec\u00edficos, distribu\u00eddas da seguinte forma:<\/p>\n\n\n\n<ul class=\"wp-block-list\"><li><em>Conhecimentos Gerais &#8211; 30 quest\u00f5es<\/em><\/li><li><em>Conhecimentos espec\u00edficos &#8211; 40 quest\u00f5es<\/em><\/li><\/ul>\n\n\n\n<p>J\u00e1 para os cargos de n\u00edvel m\u00e9dio a prova ser\u00e1 composta por 50 quest\u00f5es de m\u00faltipla escolha, com cinco respostas poss\u00edveis, sendo apenas uma correta. <\/p>\n\n\n\n<p>Cada quest\u00e3o valer\u00e1 um ponto, portanto o limite de pontua\u00e7\u00e3o da prova \u00e9 50 pontos. Confira abaixo a distribui\u00e7\u00e3o de quest\u00f5es:<\/p>\n\n\n\n<ul class=\"wp-block-list\"><li><em>Conhecimentos Gerais &#8211; 20 quest\u00f5es<\/em><\/li><li><em>Conhecimentos espec\u00edficos &#8211; 30 quest\u00f5es<\/em><\/li><\/ul>\n\n\n\n<h2 class=\"wp-block-heading\">Edital TJ PA: Prova Discursiva<\/h2>\n\n\n\n<p>A prova discursiva ser\u00e1 composta por um texto dissertativo de, no m\u00ednimo, 20 linhas e de, no m\u00e1ximo, 30 linhas, a respeito de temas da atualidade. A pontua\u00e7\u00e3o m\u00e1xima da prova ser\u00e1 de 30 pontos.<\/p>\n\n\n\n<h2 class=\"wp-block-heading\">Edital TJ PA: Disciplinas<\/h2>\n\n\n\n<h3 class=\"wp-block-heading\">Conhecimentos b\u00e1sicos (para todos os cargos)<\/h3>\n\n\n\n<ul class=\"wp-block-list\"><li><em>L\u00edngua Portuguesa<\/em><\/li><li><em>\u00c9tica no Servi\u00e7o P\u00fablico<\/em><\/li><li><em>Administra\u00e7\u00e3o P\u00fablica e Poder Judici\u00e1rio<\/em><\/li><li><em>Legisla\u00e7\u00e3o<\/em><\/li><li><em>Pol\u00edtica de sa\u00fade<\/em>*<\/li><li><em>Matem\u00e1tica e Racioc\u00ednio L\u00f3gico<\/em>**<\/li><\/ul>\n\n\n\n<p>*<em>Pol\u00edtica de sa\u00fade (somente para os cargos de Analista Judici\u00e1rio &#8211; \u00e1rea\/especialidade: enfermagem, enfermeiro do trabalho, medicina, medicina do trabalho, medicina psiqui\u00e1trica, odontologia, psicologia e servi\u00e7o social e para os cargos de auxiliar judici\u00e1rio &#8211; \u00e1rea\/especialidade: t\u00e9cnico em enfermagem e auxiliar de consult\u00f3rio dent\u00e1rio)<\/em><\/p>\n\n\n\n<p>**<em>Matem\u00e1tica e racioc\u00ednio l\u00f3gico (somente para os cargos de Analista Judici\u00e1rio &#8211; \u00e1rea\/especialidade: an\u00e1lise de sistema (desenvolvimento e suporte), arquitetura, engenharia civil, engenharia do trabalho, engenharia el\u00e9trica e estat\u00edstica e para o cargo de auxiliar judici\u00e1rio &#8211; \u00e1rea\/especialidade: programador de computador)<\/em><\/p>\n\n\n\n<h3 class=\"wp-block-heading\">Conhecimentos espec\u00edficos<\/h3>\n\n\n\n<h4 class=\"wp-block-heading\">Auxiliar Judici\u00e1rio &#8211; \u00c1rea\/Especialidade: Programador De Computador<\/h4>\n\n\n\n<ul class=\"wp-block-list\"><li><em>Programador de computador<\/em><\/li><\/ul>\n\n\n\n<h4 class=\"wp-block-heading\">Oficial de Justi\u00e7a Avaliador<\/h4>\n\n\n\n<ul class=\"wp-block-list\"><li><em>Direito Administrativo<\/em><\/li><li><em>Direito Constitucional<\/em><\/li><li><em>Direito Civil<\/em><\/li><li><em>Direito Processual Civil<\/em><\/li><li><em>Direito Penal<\/em><\/li><li><em>Direito Processual Penal<\/em><\/li><\/ul>\n\n\n\n<h4 class=\"wp-block-heading\">Analista Judici\u00e1rio &#8211; \u00c1rea Administrativa<\/h4>\n\n\n\n<ul class=\"wp-block-list\"><li><em>No\u00e7\u00f5es de administra\u00e7\u00e3o p\u00fablica<\/em><\/li><li><em>No\u00e7\u00f5es de administra\u00e7\u00e3o or\u00e7ament\u00e1ria e financeira e or\u00e7amento p\u00fablico<\/em><\/li><\/ul>\n\n\n\n<h4 class=\"wp-block-heading\">Analista Judici\u00e1rio &#8211; Direito<\/h4>\n\n\n\n<ul class=\"wp-block-list\"><li><em>Direito Administrativo<\/em><\/li><li><em>Direito Constitucional<\/em><\/li><li><em>Direito Civil<\/em><\/li><li><em>Direito Processual Civil<\/em><\/li><li><em>Direito Penal<\/em><\/li><li><em>Direito Processual Penal<\/em><\/li><\/ul>\n\n\n\n<h2 class=\"wp-block-heading\">Edital TJ PA: Avalia\u00e7\u00e3o de T\u00edtulos<\/h2>\n\n\n\n<p>A avalia\u00e7\u00e3o de t\u00edtulos ser\u00e1 exclusiva dos cargos que exigem a escolaridade de n\u00edvel superior e valer\u00e1 no m\u00e1ximo 5 pontos, seguindo os crit\u00e9rios de avaliza\u00e7\u00e3o abaixo:<\/p>\n\n\n\n<figure class=\"wp-block-image\"><img decoding=\"async\" src=\"https:\/\/dhg1h5j42swfq.cloudfront.net\/2019\/10\/15195422\/t%C3%ADtuloss.png.png\" alt=\"\" class=\"wp-image-434981\"\/><\/figure>\n\n\n\n<p style=\"font-size:25px;text-align:center\" class=\"has-background has-luminous-vivid-amber-background-color\"><strong>Saiba todas informa\u00e7\u00f5es: <a href=\"https:\/\/www.estrategiaconcursos.com.br\/blog\/concurso-tj-pa\/\" target=\"_blank\" rel=\"noreferrer noopener\" aria-label=\"Concurso TJ PA (abre numa nova aba)\">Concurso TJ PA<\/a><\/strong><\/p>\n\n\n\n<h2 class=\"wp-block-heading\" style=\"text-align:center\" id=\"cursos-assinatura\"><strong><em>Quer estudar para o Edital TJ PA?<\/em><\/strong><\/h2>\n\n\n\n<p style=\"text-align:center\"><em>Gostou desta oportunidade e deseja come\u00e7ar se preparar agora mesmo? Ent\u00e3o, confira os nossos cursos e comece a estudar para TJ PA:<\/em><br \/><\/p>\n\n\n\n<p style=\"font-size:24px;text-align:center\" class=\"has-background has-pale-cyan-blue-background-color\"><span class=\"underline\" style=\"text-decoration: underline\"><a rel=\"noreferrer noopener\" aria-label=\"CURSOS PARA CONCURSO TJ PA (opens in a new tab)\" href=\"https:\/\/www.estrategiaconcursos.com.br\/cursosPorConcurso\/tribunal-de-justica-do-para-tj-pa\/\" target=\"_blank\"><strong>CURSO TJ PA<\/strong><\/a><\/span><\/p>\n\n\n\n<p style=\"text-align:center\" class=\"has-medium-font-size\"><em><strong>Fique por dentro de todos os concursos<\/strong><\/em>:<\/p>\n\n\n\n<p style=\"font-size:24px;text-align:center\" class=\"has-background has-pale-cyan-blue-background-color\"><strong><a href=\"https:\/\/www.estrategiaconcursos.com.br\/blog\/concursos-abertos\/\" target=\"_blank\" rel=\"noreferrer noopener\" aria-label=\"Concursos abertos (abre numa nova aba)\">Concursos abertos<\/a><\/strong><\/p>\n\n\n\n<p style=\"font-size:23px;text-align:center\" class=\"has-background has-pale-cyan-blue-background-color\"><strong><a href=\"https:\/\/www.estrategiaconcursos.com.br\/blog\/concursos-2019\/\" target=\"_blank\" rel=\"noreferrer noopener\" aria-label=\"Concursos 2019 (abre numa nova aba)\">Concursos 2019<\/a><\/strong><\/p>\n\n\n\n<p style=\"font-size:23px;text-align:center\" class=\"has-background has-pale-cyan-blue-background-color\"><a rel=\"noreferrer noopener\" aria-label=\"Concursos 2020 (abre numa nova aba)\" href=\"https:\/\/www.estrategiaconcursos.com.br\/blog\/concursos-2020\/\" target=\"_blank\"><strong>Concursos 2020<\/strong><\/a><\/p>\n\n\n\n<figure class=\"wp-block-image\"><img loading=\"lazy\" decoding=\"async\" width=\"300\" height=\"102\" src=\"https:\/\/dhg1h5j42swfq.cloudfront.net\/2017\/03\/28152500\/coruja-ficha-tecnica-300x102.png\" alt=\"Ficha t\u00e9cnica Concurso TJ PA\" class=\"wp-image-68542\"\/><\/figure>\n\n\n\n<h3 class=\"wp-block-heading\" id=\"ficha-tecnica\"><strong>\u2666Informa\u00e7\u00f5es do edital TJ PA<\/strong><\/h3>\n\n\n\n<p><strong>\u25baData da prova:&nbsp;<\/strong>19 de janeiro de 2020<br \/><strong>\u25baVagas: <\/strong>200<br \/><strong>\u25baCargo: <\/strong>Analista Judici\u00e1rio, Oficial de Justi\u00e7a Avaliador e Auxiliar Judici\u00e1rio<br \/><strong>\u25baRequisito:&nbsp;<\/strong>N\u00edvel M\u00e9dio e Superior<br \/><strong>\u25baBanca: <\/strong>Cebraspe\/Cespe<\/p>\n\n\n\n<p><strong>\u25baEdital:<\/strong> <a href=\"https:\/\/dhg1h5j42swfq.cloudfront.net\/2019\/10\/30090357\/ED_1_2019_TJ_PA_ABERTURA_REPUBLICACAO.pdf1.pdf\">Edital TJ PA 2019<\/a>  <span class=\"underline\" style=\"text-decoration: underline\"><\/span><\/p>\n\n\n\n<p><em>Ascom Estrat\u00e9gia<\/em><br \/>ascomestrategia@gmail.com<\/p>\n","protected":false},"excerpt":{"rendered":"<p>Inscri\u00e7\u00f5es fecharam no dia 22 de novembro. Expirou na sexta-feira, 22 de novembro, o prazo para as inscri\u00e7\u00f5es no concurso que oferta 200 vagas imediatas de servidores para o Tribunal de Justi\u00e7a do Par\u00e1. Na te\u00e7a-feira, 19 de novembro, havia sido publicada uma nova retifica\u00e7\u00e3o no edital do concurso trazendo altera\u00e7\u00f5es para o cargo de [&hellip;]<\/p>\n","protected":false},"author":180,"featured_media":374965,"comment_status":"open","ping_status":"closed","sticky":false,"template":"","format":"standard","meta":{"post_tipo":"article","footnotes":""},"categories":[1,1984],"tags":[],"tax_estado":[],"class_list":["post-432108","post","type-post","status-publish","format-standard","has-post-thumbnail","hentry","category-cursos-e-concursos","category-tribunais"],"acf":[],"yoast_head":"<!-- This site is optimized with the Yoast SEO Premium plugin v27.2 (Yoast SEO v27.2) - https:\/\/yoast.com\/product\/yoast-seo-premium-wordpress\/ -->\n<title>Edital TJ PA: FIM do prazo das inscri\u00e7\u00f5es para cargos de n\u00edvel m\u00e9dio e superior<\/title>\n<meta name=\"description\" content=\"Concurso TJ PA:\" \/>\n<meta name=\"robots\" content=\"index, follow, max-snippet:-1, max-image-preview:large, max-video-preview:-1\" \/>\n<link rel=\"canonical\" href=\"https:\/\/www.estrategiaconcursos.com.br\/blog\/edital-tj-pa\/\" \/>\n<meta property=\"og:locale\" content=\"pt_BR\" \/>\n<meta property=\"og:type\" content=\"article\" \/>\n<meta property=\"og:title\" content=\"Edital TJ PA: FIM do prazo das inscri\u00e7\u00f5es para cargos de n\u00edvel m\u00e9dio e superior\" \/>\n<meta property=\"og:description\" content=\"Concurso TJ PA:\" \/>\n<meta property=\"og:url\" content=\"https:\/\/www.estrategiaconcursos.com.br\/blog\/edital-tj-pa\/\" \/>\n<meta property=\"og:site_name\" content=\"Estrat\u00e9gia Concursos\" \/>\n<meta property=\"article:author\" content=\"https:\/\/www.facebook.com\/ricardo.s.torques\" \/>\n<meta property=\"article:published_time\" content=\"2019-10-30T06:00:53+00:00\" \/>\n<meta property=\"article:modified_time\" content=\"2021-03-08T16:55:49+00:00\" \/>\n<meta property=\"og:image\" content=\"https:\/\/dhg1h5j42swfq.cloudfront.net\/2019\/05\/17115647\/concurso-tj-pa.png\" \/>\n\t<meta property=\"og:image:width\" content=\"400\" \/>\n\t<meta property=\"og:image:height\" content=\"209\" \/>\n\t<meta property=\"og:image:type\" content=\"image\/png\" \/>\n<meta name=\"author\" content=\"Ricardo Torques\" \/>\n<meta name=\"twitter:card\" content=\"summary_large_image\" \/>\n<meta name=\"twitter:creator\" content=\"@EstratConcursos\" \/>\n<meta name=\"twitter:site\" content=\"@EstratConcursos\" \/>\n<meta name=\"twitter:label1\" content=\"Escrito por\" \/>\n\t<meta name=\"twitter:data1\" content=\"Ricardo Torques\" \/>\n\t<meta name=\"twitter:label2\" content=\"Est. tempo de leitura\" \/>\n\t<meta name=\"twitter:data2\" content=\"5 minutos\" \/>\n<script type=\"application\/ld+json\" class=\"yoast-schema-graph\">{\"@context\":\"https:\/\/schema.org\",\"@graph\":[{\"@type\":\"NewsArticle\",\"@id\":\"https:\/\/www.estrategiaconcursos.com.br\/blog\/edital-tj-pa\/#article\",\"isPartOf\":{\"@id\":\"https:\/\/www.estrategiaconcursos.com.br\/blog\/edital-tj-pa\/\"},\"author\":{\"name\":\"Ricardo Torques\",\"@id\":\"https:\/\/www.estrategiaconcursos.com.br\/blog\/#\/schema\/person\/aa39cf5ddb518e5bdce27c35788405e2\"},\"headline\":\"Edital TJ PA: FIM do prazo das inscri\u00e7\u00f5es para cargos de n\u00edvel m\u00e9dio e superior\",\"datePublished\":\"2019-10-30T06:00:53+00:00\",\"dateModified\":\"2021-03-08T16:55:49+00:00\",\"mainEntityOfPage\":{\"@id\":\"https:\/\/www.estrategiaconcursos.com.br\/blog\/edital-tj-pa\/\"},\"wordCount\":1047,\"commentCount\":2,\"publisher\":{\"@id\":\"https:\/\/www.estrategiaconcursos.com.br\/blog\/#organization\"},\"image\":{\"@id\":\"https:\/\/www.estrategiaconcursos.com.br\/blog\/edital-tj-pa\/#primaryimage\"},\"thumbnailUrl\":\"https:\/\/dhg1h5j42swfq.cloudfront.net\/2019\/05\/17115647\/concurso-tj-pa.png\",\"articleSection\":[\"Concursos P\u00fablicos\",\"Tribunais\"],\"inLanguage\":\"pt-BR\",\"potentialAction\":[{\"@type\":\"CommentAction\",\"name\":\"Comment\",\"target\":[\"https:\/\/www.estrategiaconcursos.com.br\/blog\/edital-tj-pa\/#respond\"]}],\"copyrightYear\":\"2019\",\"copyrightHolder\":{\"@id\":\"https:\/\/www.estrategiaconcursos.com.br\/blog\/#organization\"}},{\"@type\":\"WebPage\",\"@id\":\"https:\/\/www.estrategiaconcursos.com.br\/blog\/edital-tj-pa\/\",\"url\":\"https:\/\/www.estrategiaconcursos.com.br\/blog\/edital-tj-pa\/\",\"name\":\"Edital TJ PA: FIM do prazo das inscri\u00e7\u00f5es para cargos de n\u00edvel m\u00e9dio e superior\",\"isPartOf\":{\"@id\":\"https:\/\/www.estrategiaconcursos.com.br\/blog\/#website\"},\"primaryImageOfPage\":{\"@id\":\"https:\/\/www.estrategiaconcursos.com.br\/blog\/edital-tj-pa\/#primaryimage\"},\"image\":{\"@id\":\"https:\/\/www.estrategiaconcursos.com.br\/blog\/edital-tj-pa\/#primaryimage\"},\"thumbnailUrl\":\"https:\/\/dhg1h5j42swfq.cloudfront.net\/2019\/05\/17115647\/concurso-tj-pa.png\",\"datePublished\":\"2019-10-30T06:00:53+00:00\",\"dateModified\":\"2021-03-08T16:55:49+00:00\",\"description\":\"Concurso TJ PA:\",\"breadcrumb\":{\"@id\":\"https:\/\/www.estrategiaconcursos.com.br\/blog\/edital-tj-pa\/#breadcrumb\"},\"inLanguage\":\"pt-BR\",\"potentialAction\":[{\"@type\":\"ReadAction\",\"target\":[\"https:\/\/www.estrategiaconcursos.com.br\/blog\/edital-tj-pa\/\"]}]},{\"@type\":\"ImageObject\",\"inLanguage\":\"pt-BR\",\"@id\":\"https:\/\/www.estrategiaconcursos.com.br\/blog\/edital-tj-pa\/#primaryimage\",\"url\":\"https:\/\/dhg1h5j42swfq.cloudfront.net\/2019\/05\/17115647\/concurso-tj-pa.png\",\"contentUrl\":\"https:\/\/dhg1h5j42swfq.cloudfront.net\/2019\/05\/17115647\/concurso-tj-pa.png\",\"width\":400,\"height\":209,\"caption\":\"concurso tj pa\"},{\"@type\":\"BreadcrumbList\",\"@id\":\"https:\/\/www.estrategiaconcursos.com.br\/blog\/edital-tj-pa\/#breadcrumb\",\"itemListElement\":[{\"@type\":\"ListItem\",\"position\":1,\"name\":\"In\u00edcio\",\"item\":\"https:\/\/www.estrategiaconcursos.com.br\/blog\/\"},{\"@type\":\"ListItem\",\"position\":2,\"name\":\"Edital TJ PA: FIM do prazo das inscri\u00e7\u00f5es para cargos de n\u00edvel m\u00e9dio e superior\"}]},{\"@type\":\"WebSite\",\"@id\":\"https:\/\/www.estrategiaconcursos.com.br\/blog\/#website\",\"url\":\"https:\/\/www.estrategiaconcursos.com.br\/blog\/\",\"name\":\"Estrat\u00e9gia Concursos\",\"description\":\"O blog da Estrat\u00e9gia Concursos traz not\u00edcias sobre concursos e artigos de professores oferecendo cursos para concursos (pdf + videaulas) no site.\",\"publisher\":{\"@id\":\"https:\/\/www.estrategiaconcursos.com.br\/blog\/#organization\"},\"potentialAction\":[{\"@type\":\"SearchAction\",\"target\":{\"@type\":\"EntryPoint\",\"urlTemplate\":\"https:\/\/www.estrategiaconcursos.com.br\/blog\/?s={search_term_string}\"},\"query-input\":{\"@type\":\"PropertyValueSpecification\",\"valueRequired\":true,\"valueName\":\"search_term_string\"}}],\"inLanguage\":\"pt-BR\"},{\"@type\":\"Organization\",\"@id\":\"https:\/\/www.estrategiaconcursos.com.br\/blog\/#organization\",\"name\":\"Estrat\u00e9gia Concursos\",\"url\":\"https:\/\/www.estrategiaconcursos.com.br\/blog\/\",\"logo\":{\"@type\":\"ImageObject\",\"inLanguage\":\"pt-BR\",\"@id\":\"https:\/\/www.estrategiaconcursos.com.br\/blog\/#\/schema\/logo\/image\/\",\"url\":\"https:\/\/dhg1h5j42swfq.cloudfront.net\/2025\/06\/03203428\/logo_concursos-1.jpg\",\"contentUrl\":\"https:\/\/dhg1h5j42swfq.cloudfront.net\/2025\/06\/03203428\/logo_concursos-1.jpg\",\"width\":230,\"height\":60,\"caption\":\"Estrat\u00e9gia Concursos\"},\"image\":{\"@id\":\"https:\/\/www.estrategiaconcursos.com.br\/blog\/#\/schema\/logo\/image\/\"},\"sameAs\":[\"https:\/\/x.com\/EstratConcursos\"]},{\"@type\":\"Person\",\"@id\":\"https:\/\/www.estrategiaconcursos.com.br\/blog\/#\/schema\/person\/aa39cf5ddb518e5bdce27c35788405e2\",\"name\":\"Ricardo Torques\",\"image\":{\"@type\":\"ImageObject\",\"inLanguage\":\"pt-BR\",\"@id\":\"https:\/\/secure.gravatar.com\/avatar\/ce9ac6c3cff25fe86d15ed568ebc64d1724baf5c0693133bcb1f6073f712f92a?s=96&d=mm&r=g\",\"url\":\"https:\/\/secure.gravatar.com\/avatar\/ce9ac6c3cff25fe86d15ed568ebc64d1724baf5c0693133bcb1f6073f712f92a?s=96&d=mm&r=g\",\"contentUrl\":\"https:\/\/secure.gravatar.com\/avatar\/ce9ac6c3cff25fe86d15ed568ebc64d1724baf5c0693133bcb1f6073f712f92a?s=96&d=mm&r=g\",\"caption\":\"Ricardo Torques\"},\"sameAs\":[\"https:\/\/www.facebook.com\/ricardo.s.torques\"],\"url\":\"https:\/\/www.estrategiaconcursos.com.br\/blog\/author\/ricardotorquesestrategiaconcursos-com-br\/\"}]}<\/script>\n<!-- \/ Yoast SEO Premium plugin. -->","yoast_head_json":{"title":"Edital TJ PA: FIM do prazo das inscri\u00e7\u00f5es para cargos de n\u00edvel m\u00e9dio e superior","description":"Concurso TJ PA:","robots":{"index":"index","follow":"follow","max-snippet":"max-snippet:-1","max-image-preview":"max-image-preview:large","max-video-preview":"max-video-preview:-1"},"canonical":"https:\/\/www.estrategiaconcursos.com.br\/blog\/edital-tj-pa\/","og_locale":"pt_BR","og_type":"article","og_title":"Edital TJ PA: FIM do prazo das inscri\u00e7\u00f5es para cargos de n\u00edvel m\u00e9dio e superior","og_description":"Concurso TJ PA:","og_url":"https:\/\/www.estrategiaconcursos.com.br\/blog\/edital-tj-pa\/","og_site_name":"Estrat\u00e9gia Concursos","article_author":"https:\/\/www.facebook.com\/ricardo.s.torques","article_published_time":"2019-10-30T06:00:53+00:00","article_modified_time":"2021-03-08T16:55:49+00:00","og_image":[{"width":400,"height":209,"url":"https:\/\/dhg1h5j42swfq.cloudfront.net\/2019\/05\/17115647\/concurso-tj-pa.png","type":"image\/png"}],"author":"Ricardo Torques","twitter_card":"summary_large_image","twitter_creator":"@EstratConcursos","twitter_site":"@EstratConcursos","twitter_misc":{"Escrito por":"Ricardo Torques","Est. tempo de leitura":"5 minutos"},"schema":{"@context":"https:\/\/schema.org","@graph":[{"@type":"NewsArticle","@id":"https:\/\/www.estrategiaconcursos.com.br\/blog\/edital-tj-pa\/#article","isPartOf":{"@id":"https:\/\/www.estrategiaconcursos.com.br\/blog\/edital-tj-pa\/"},"author":{"name":"Ricardo Torques","@id":"https:\/\/www.estrategiaconcursos.com.br\/blog\/#\/schema\/person\/aa39cf5ddb518e5bdce27c35788405e2"},"headline":"Edital TJ PA: FIM do prazo das inscri\u00e7\u00f5es para cargos de n\u00edvel m\u00e9dio e superior","datePublished":"2019-10-30T06:00:53+00:00","dateModified":"2021-03-08T16:55:49+00:00","mainEntityOfPage":{"@id":"https:\/\/www.estrategiaconcursos.com.br\/blog\/edital-tj-pa\/"},"wordCount":1047,"commentCount":2,"publisher":{"@id":"https:\/\/www.estrategiaconcursos.com.br\/blog\/#organization"},"image":{"@id":"https:\/\/www.estrategiaconcursos.com.br\/blog\/edital-tj-pa\/#primaryimage"},"thumbnailUrl":"https:\/\/dhg1h5j42swfq.cloudfront.net\/2019\/05\/17115647\/concurso-tj-pa.png","articleSection":["Concursos P\u00fablicos","Tribunais"],"inLanguage":"pt-BR","potentialAction":[{"@type":"CommentAction","name":"Comment","target":["https:\/\/www.estrategiaconcursos.com.br\/blog\/edital-tj-pa\/#respond"]}],"copyrightYear":"2019","copyrightHolder":{"@id":"https:\/\/www.estrategiaconcursos.com.br\/blog\/#organization"}},{"@type":"WebPage","@id":"https:\/\/www.estrategiaconcursos.com.br\/blog\/edital-tj-pa\/","url":"https:\/\/www.estrategiaconcursos.com.br\/blog\/edital-tj-pa\/","name":"Edital TJ PA: FIM do prazo das inscri\u00e7\u00f5es para cargos de n\u00edvel m\u00e9dio e superior","isPartOf":{"@id":"https:\/\/www.estrategiaconcursos.com.br\/blog\/#website"},"primaryImageOfPage":{"@id":"https:\/\/www.estrategiaconcursos.com.br\/blog\/edital-tj-pa\/#primaryimage"},"image":{"@id":"https:\/\/www.estrategiaconcursos.com.br\/blog\/edital-tj-pa\/#primaryimage"},"thumbnailUrl":"https:\/\/dhg1h5j42swfq.cloudfront.net\/2019\/05\/17115647\/concurso-tj-pa.png","datePublished":"2019-10-30T06:00:53+00:00","dateModified":"2021-03-08T16:55:49+00:00","description":"Concurso TJ PA:","breadcrumb":{"@id":"https:\/\/www.estrategiaconcursos.com.br\/blog\/edital-tj-pa\/#breadcrumb"},"inLanguage":"pt-BR","potentialAction":[{"@type":"ReadAction","target":["https:\/\/www.estrategiaconcursos.com.br\/blog\/edital-tj-pa\/"]}]},{"@type":"ImageObject","inLanguage":"pt-BR","@id":"https:\/\/www.estrategiaconcursos.com.br\/blog\/edital-tj-pa\/#primaryimage","url":"https:\/\/dhg1h5j42swfq.cloudfront.net\/2019\/05\/17115647\/concurso-tj-pa.png","contentUrl":"https:\/\/dhg1h5j42swfq.cloudfront.net\/2019\/05\/17115647\/concurso-tj-pa.png","width":400,"height":209,"caption":"concurso tj pa"},{"@type":"BreadcrumbList","@id":"https:\/\/www.estrategiaconcursos.com.br\/blog\/edital-tj-pa\/#breadcrumb","itemListElement":[{"@type":"ListItem","position":1,"name":"In\u00edcio","item":"https:\/\/www.estrategiaconcursos.com.br\/blog\/"},{"@type":"ListItem","position":2,"name":"Edital TJ PA: FIM do prazo das inscri\u00e7\u00f5es para cargos de n\u00edvel m\u00e9dio e superior"}]},{"@type":"WebSite","@id":"https:\/\/www.estrategiaconcursos.com.br\/blog\/#website","url":"https:\/\/www.estrategiaconcursos.com.br\/blog\/","name":"Estrat\u00e9gia Concursos","description":"O blog da Estrat\u00e9gia Concursos traz not\u00edcias sobre concursos e artigos de professores oferecendo cursos para concursos (pdf + videaulas) no site.","publisher":{"@id":"https:\/\/www.estrategiaconcursos.com.br\/blog\/#organization"},"potentialAction":[{"@type":"SearchAction","target":{"@type":"EntryPoint","urlTemplate":"https:\/\/www.estrategiaconcursos.com.br\/blog\/?s={search_term_string}"},"query-input":{"@type":"PropertyValueSpecification","valueRequired":true,"valueName":"search_term_string"}}],"inLanguage":"pt-BR"},{"@type":"Organization","@id":"https:\/\/www.estrategiaconcursos.com.br\/blog\/#organization","name":"Estrat\u00e9gia Concursos","url":"https:\/\/www.estrategiaconcursos.com.br\/blog\/","logo":{"@type":"ImageObject","inLanguage":"pt-BR","@id":"https:\/\/www.estrategiaconcursos.com.br\/blog\/#\/schema\/logo\/image\/","url":"https:\/\/dhg1h5j42swfq.cloudfront.net\/2025\/06\/03203428\/logo_concursos-1.jpg","contentUrl":"https:\/\/dhg1h5j42swfq.cloudfront.net\/2025\/06\/03203428\/logo_concursos-1.jpg","width":230,"height":60,"caption":"Estrat\u00e9gia Concursos"},"image":{"@id":"https:\/\/www.estrategiaconcursos.com.br\/blog\/#\/schema\/logo\/image\/"},"sameAs":["https:\/\/x.com\/EstratConcursos"]},{"@type":"Person","@id":"https:\/\/www.estrategiaconcursos.com.br\/blog\/#\/schema\/person\/aa39cf5ddb518e5bdce27c35788405e2","name":"Ricardo Torques","image":{"@type":"ImageObject","inLanguage":"pt-BR","@id":"https:\/\/secure.gravatar.com\/avatar\/ce9ac6c3cff25fe86d15ed568ebc64d1724baf5c0693133bcb1f6073f712f92a?s=96&d=mm&r=g","url":"https:\/\/secure.gravatar.com\/avatar\/ce9ac6c3cff25fe86d15ed568ebc64d1724baf5c0693133bcb1f6073f712f92a?s=96&d=mm&r=g","contentUrl":"https:\/\/secure.gravatar.com\/avatar\/ce9ac6c3cff25fe86d15ed568ebc64d1724baf5c0693133bcb1f6073f712f92a?s=96&d=mm&r=g","caption":"Ricardo Torques"},"sameAs":["https:\/\/www.facebook.com\/ricardo.s.torques"],"url":"https:\/\/www.estrategiaconcursos.com.br\/blog\/author\/ricardotorquesestrategiaconcursos-com-br\/"}]}},"_links":{"self":[{"href":"https:\/\/www.estrategiaconcursos.com.br\/blog\/wp-json\/wp\/v2\/posts\/432108","targetHints":{"allow":["GET"]}}],"collection":[{"href":"https:\/\/www.estrategiaconcursos.com.br\/blog\/wp-json\/wp\/v2\/posts"}],"about":[{"href":"https:\/\/www.estrategiaconcursos.com.br\/blog\/wp-json\/wp\/v2\/types\/post"}],"author":[{"embeddable":true,"href":"https:\/\/www.estrategiaconcursos.com.br\/blog\/wp-json\/wp\/v2\/users\/180"}],"replies":[{"embeddable":true,"href":"https:\/\/www.estrategiaconcursos.com.br\/blog\/wp-json\/wp\/v2\/comments?post=432108"}],"version-history":[{"count":25,"href":"https:\/\/www.estrategiaconcursos.com.br\/blog\/wp-json\/wp\/v2\/posts\/432108\/revisions"}],"predecessor-version":[{"id":457601,"href":"https:\/\/www.estrategiaconcursos.com.br\/blog\/wp-json\/wp\/v2\/posts\/432108\/revisions\/457601"}],"wp:featuredmedia":[{"embeddable":true,"href":"https:\/\/www.estrategiaconcursos.com.br\/blog\/wp-json\/wp\/v2\/media\/374965"}],"wp:attachment":[{"href":"https:\/\/www.estrategiaconcursos.com.br\/blog\/wp-json\/wp\/v2\/media?parent=432108"}],"wp:term":[{"taxonomy":"category","embeddable":true,"href":"https:\/\/www.estrategiaconcursos.com.br\/blog\/wp-json\/wp\/v2\/categories?post=432108"},{"taxonomy":"post_tag","embeddable":true,"href":"https:\/\/www.estrategiaconcursos.com.br\/blog\/wp-json\/wp\/v2\/tags?post=432108"},{"taxonomy":"tax_estado","embeddable":true,"href":"https:\/\/www.estrategiaconcursos.com.br\/blog\/wp-json\/wp\/v2\/tax_estado?post=432108"}],"curies":[{"name":"wp","href":"https:\/\/api.w.org\/{rel}","templated":true}]}}