{"id":431951,"date":"2019-10-31T01:00:31","date_gmt":"2019-10-31T04:00:31","guid":{"rendered":"https:\/\/www.estrategiaconcursos.com.br\/blog\/?p=431951"},"modified":"2023-07-24T16:52:52","modified_gmt":"2023-07-24T19:52:52","slug":"concurso-prefeitura-de-maquine","status":"publish","type":"post","link":"https:\/\/www.estrategiaconcursos.com.br\/blog\/concurso-prefeitura-de-maquine\/","title":{"rendered":"Edital Prefeitura de Maquin\u00e9: inscri\u00e7\u00f5es encerradas com 18 vagas"},"content":{"rendered":"\n<p>As inscri\u00e7\u00f5es do concurso p\u00fablico da <strong>Prefeitura de Maquin\u00e9<\/strong>, munic\u00edpio do estado do Rio Grande do Sul est\u00e3o encerradas. Ao todo s\u00e3o ofertadas 18 vagas imediatas mais cadastro de reserva, o processo foi feito todo atrav\u00e9s do site da banca organizadora, a <strong>Legalle Concursos<\/strong>.<\/p>\n\n\n\n<p>O certame oferta vagas para cargos de n\u00edvel fundamental completo e incompleto, m\u00e9dio, t\u00e9cnico e superior, com remunera\u00e7\u00f5es que variam entre <strong>R$ 961,87 <\/strong>e <strong>R$ 6.270,42<\/strong>.<\/p>\n\n\n\n<p>Ao longo deste artigo voc\u00ea confere mais detalhes sobre o <strong>concurso Prefeitura de Maquin\u00e9<\/strong> como distribui\u00e7\u00e3o das vagas, etapas de provas e as disciplinas exigidas.<\/p>\n\n\n\n<h2 class=\"wp-block-heading\">Distribui\u00e7\u00e3o das vagas<\/h2>\n\n\n\n<h4 class=\"wp-block-heading\"><em>Cargos de n\u00edvel superior<\/em><\/h4>\n\n\n\n<p><\/p>\n\n\n\n<figure class=\"wp-block-table is-style-stripes\"><table class=\"has-subtle-pale-blue-background-color has-background has-fixed-layout\"><tbody><tr><td><strong>Cargo<\/strong><\/td><td><strong>Vagas<\/strong><\/td><td><strong>Inscri\u00e7\u00f5es<\/strong><\/td><td><strong>Carga hor\u00e1ria<\/strong><\/td><\/tr><tr><td>Advogado <\/td><td>CR<\/td><td>R$ 3.135,21 <\/td><td>20h <\/td><\/tr><tr><td>Bi\u00f3logo <\/td><td>CR<\/td><td>R$ 3.135,21 <\/td><td>30h  <\/td><\/tr><tr><td>Contador <\/td><td>CR<\/td><td>R$ 3.135,21 <\/td><td>20h <\/td><\/tr><tr><td>Dentista <\/td><td>01 + CR <\/td><td>R$ 3.135,21 <\/td><td>20h <\/td><\/tr><tr><td>Enfermeiro <\/td><td>CR<\/td><td>R$ 3.135,21 <\/td><td>40h <\/td><\/tr><tr><td>Engenheiro Civil <\/td><td>CR<\/td><td>R$ 3.135,21 <\/td><td>20h <\/td><\/tr><tr><td>Farmac\u00eautico <\/td><td>CR<\/td><td>R$ 2.194,65 <\/td><td>20h <\/td><\/tr><tr><td>Fisioterapeuta <\/td><td>01 + CR <\/td><td>R$ 3.135,21 <\/td><td>30h <\/td><\/tr><tr><td>Fonoaudi\u00f3logo <\/td><td>CR <\/td><td>R$ 3.135,21 <\/td><td>30h <\/td><\/tr><tr><td>M\u00e9dico <\/td><td>01 + CR <\/td><td>R$ 6.270,42 <\/td><td>20h <\/td><\/tr><tr><td>M\u00e9dico Veterin\u00e1rio <\/td><td>CR <\/td><td>R$ 3.135,21 <\/td><td>20h <\/td><\/tr><tr><td>Professor de Ensino Fundamental  <\/td><td>CR<\/td><td>R$ 1.418,48 <\/td><td>20h <\/td><\/tr><tr><td>Psic\u00f3logo <\/td><td>CR<\/td><td>R$ 3.135,21 <\/td><td>40h <\/td><\/tr><\/tbody><\/table><\/figure>\n\n\n\n<h4 class=\"wp-block-heading\"><em>Cargos de n\u00edvel m\u00e9dio\/t\u00e9cnico<\/em><\/h4>\n\n\n\n<p><\/p>\n\n\n\n<figure class=\"wp-block-table is-style-stripes\"><table class=\"has-subtle-pale-blue-background-color has-background has-fixed-layout\"><tbody><tr><td><strong>Cargo<\/strong><\/td><td><strong>Vagas<\/strong><\/td><td><strong>Inscri\u00e7\u00f5es<\/strong><\/td><td><strong>Carga hor\u00e1ria<\/strong><\/td><\/tr><tr><td>Agente Administrativo <\/td><td>CR<\/td><td>R$ 1.418,48 <\/td><td>40h <\/td><\/tr><tr><td>Agente Comunit\u00e1rio de Sa\u00fade <\/td><td>03 + CR  <\/td><td>R$ 1.360,10 <\/td><td>40h <\/td><\/tr><tr><td>Agente Fiscal Sanit\u00e1rio, Ambiental, de Obras e Posturas <\/td><td>01 + CR <\/td><td>R$ 1.202,32 <\/td><td>40h <\/td><\/tr><tr><td>Agente Fiscal Tribut\u00e1rio <\/td><td>CR<\/td><td>R$ 1.202,32 <\/td><td>40h  <\/td><\/tr><tr><td>T\u00e9cnico em Enfermagem <\/td><td>CR <\/td><td>R$ 1.202,32 <\/td><td>40h   <\/td><\/tr><tr><td>T\u00e9cnico em Inform\u00e1tica <\/td><td>CR <\/td><td>R$ 1.202,32 <\/td><td>40h   <\/td><\/tr><\/tbody><\/table><\/figure>\n\n\n\n<h4 class=\"wp-block-heading\"><em>Cargos de n\u00edvel fundamental<\/em> <em>sem prova pr\u00e1tica<\/em><\/h4>\n\n\n\n<p><\/p>\n\n\n\n<figure class=\"wp-block-table is-style-stripes\"><table class=\"has-subtle-pale-blue-background-color has-background has-fixed-layout\"><tbody><tr><td><strong>Cargo<\/strong><\/td><td><strong>Vagas<\/strong><\/td><td><strong>Inscri\u00e7\u00f5es<\/strong><\/td><td><strong>Carga hor\u00e1ria<\/strong><\/td><\/tr><tr><td>Agente Administrativo Auxiliar <\/td><td>01 + CR <\/td><td>R$ 1.103,30 <\/td><td>40h <\/td><\/tr><tr><td>Auxiliar de Sa\u00fade Bucal  <\/td><td>CR <\/td><td>R$ 1.131,60 <\/td><td>40h <\/td><\/tr><tr><td>Atendente de Educa\u00e7\u00e3o Infantil <\/td><td>CR <\/td><td>R$ 961,87 <\/td><td>40h <\/td><\/tr><tr><td>Eletricista <\/td><td>CR <\/td><td>R$ 1.131,60 <\/td><td>40h <\/td><\/tr><\/tbody><\/table><\/figure>\n\n\n\n<h4 class=\"wp-block-heading\"><em>Cargos de n\u00edvel fundamental<\/em> <em>com prova pr\u00e1tica<\/em><\/h4>\n\n\n\n<p><\/p>\n\n\n\n<figure class=\"wp-block-table is-style-stripes\"><table class=\"has-subtle-pale-blue-background-color has-background has-fixed-layout\"><tbody><tr><td><strong>Cargo<\/strong><\/td><td><strong>Vagas<\/strong><\/td><td><strong>Inscri\u00e7\u00f5es<\/strong><\/td><td><strong>Carga hor\u00e1ria<\/strong><\/td><\/tr><tr><td>Motorista de Ve\u00edculo Pesado <\/td><td>03 + CR <\/td><td>R$ 1.202,32 <\/td><td>40h <\/td><\/tr><tr><td>Operador de M\u00e1quinas <\/td><td>02 + CR <\/td><td>R$ 1.202,32 <\/td><td>40h <\/td><\/tr><\/tbody><\/table><\/figure>\n\n\n\n<h4 class=\"wp-block-heading\"><em>Cargos de n\u00edvel fundamental<\/em> <em>incompleto<\/em><\/h4>\n\n\n\n<p><\/p>\n\n\n\n<figure class=\"wp-block-table is-style-stripes\"><table class=\"has-subtle-pale-blue-background-color has-background has-fixed-layout\"><tbody><tr><td><strong>Cargo<\/strong><\/td><td><strong>Vagas<\/strong><\/td><td><strong>Inscri\u00e7\u00f5es<\/strong><\/td><td><strong>Carga hor\u00e1ria<\/strong><\/td><\/tr><tr><td>Auxiliar de Servi\u00e7os Gerais <\/td><td>03 + CR <\/td><td>R$ 961,87 <\/td><td>40h <\/td><\/tr><tr><td>Oper\u00e1rio <\/td><td>02 + CR <\/td><td>R$ 961,87 <\/td><td>40h <\/td><\/tr><\/tbody><\/table><\/figure>\n\n\n\n<h2 class=\"wp-block-heading\">Principais datas do concurso<\/h2>\n\n\n\n<ul class=\"wp-block-list\">\n<li><strong>Inscri\u00e7\u00f5es:<\/strong> 07 a 30 de outubro <\/li>\n\n\n\n<li><strong>Isen\u00e7\u00e3o da taxa:<\/strong> 07 a 11 de outubro<\/li>\n\n\n\n<li><strong>Taxa de inscri\u00e7\u00e3o:<\/strong>\n<ul class=\"wp-block-list\">\n<li><em>Fundamental:<\/em> R$ 60,00<\/li>\n\n\n\n<li><em>M\u00e9dio:<\/em> R$ 80,00 <\/li>\n\n\n\n<li><em>Superior:<\/em> R$ 100,00 <\/li>\n<\/ul>\n<\/li>\n\n\n\n<li><strong>Data prevista da prova objetiva:<\/strong> 24 de novembro<\/li>\n\n\n\n<li><strong>Data prevista da prova pr\u00e1tica: <\/strong>11 de janeiro de 2020 <\/li>\n<\/ul>\n\n\n\n<h2 class=\"wp-block-heading\">Etapas e provas do certame<\/h2>\n\n\n\n<ul class=\"wp-block-list\">\n<li><strong>Prova Te\u00f3rico-Objetiva<\/strong> para todos os cargos (eliminat\u00f3rio e classificat\u00f3rio);<\/li>\n\n\n\n<li><strong>Prova Pr\u00e1tica<\/strong> somente para os cargos de Motorista e Operador de Ve\u00edculos Pesados (eliminat\u00f3rio e classificat\u00f3rio).<\/li>\n<\/ul>\n\n\n\n<h3 class=\"wp-block-heading\">Prova Te\u00f3rico-Objetiva<\/h3>\n\n\n\n<p>Com dura\u00e7\u00e3o de 3 horas, a prova objetiva ser\u00e1 composta por 40 quest\u00f5es de m\u00faltipla escolha, com cinco alternativas cada (A, B, C, D e E). A distribui\u00e7\u00e3o de quest\u00f5es e seus respectivos pesos varia conforme o cargo.<\/p>\n\n\n\n<p> Ser\u00e1 considerado aprovado o candidato que:<\/p>\n\n\n\n<ul class=\"wp-block-list\">\n<li>Alcan\u00e7ar 50% ou mais na nota total da prova te\u00f3rico-objetiva. <\/li>\n\n\n\n<li>N\u00e3o zerar nenhuma \u00e1rea do conhecimento da prova te\u00f3rico-objetiva. <\/li>\n\n\n\n<li>Obter desempenho igual ou superior a 50% na nota na \u00e1rea de conhecimentos espec\u00edficos da prova te\u00f3rico-objetiva. <\/li>\n<\/ul>\n\n\n\n<h4 class=\"wp-block-heading\"><em>Para os cargos de n\u00edvel Superior (exceto Professor)<\/em><\/h4>\n\n\n\n<ul class=\"wp-block-list\">\n<li>L\u00edngua Portuguesa &#8211; 10 quest\u00f5es, peso 2,5 <\/li>\n\n\n\n<li>Matem\u00e1tica &#8211; 10 quest\u00f5es, peso 2,0  <\/li>\n\n\n\n<li>Legisla\u00e7\u00e3o &#8211; 10 quest\u00f5es, peso 2,5  <\/li>\n\n\n\n<li>Conhecimentos Espec\u00edficos &#8211; 10 quest\u00f5es, peso 3,0 <\/li>\n<\/ul>\n\n\n\n<h4 class=\"wp-block-heading\"><em>Para os cargos de Professor<\/em><\/h4>\n\n\n\n<ul class=\"wp-block-list\">\n<li>L\u00edngua Portuguesa &#8211; 10 quest\u00f5es, peso 2,0  <\/li>\n\n\n\n<li>Matem\u00e1tica &#8211; 10 quest\u00f5es, peso 1,0  <\/li>\n\n\n\n<li>Legisla\u00e7\u00e3o &#8211; 10 quest\u00f5es, peso 2,0 <\/li>\n\n\n\n<li>Conhecimentos Espec\u00edficos &#8211; 10 quest\u00f5es, peso 3,0 <\/li>\n<\/ul>\n\n\n\n<h4 class=\"wp-block-heading\"><em>Cargos de n\u00edvel m\u00e9dio\/t\u00e9cnico<\/em><\/h4>\n\n\n\n<ul class=\"wp-block-list\">\n<li>L\u00edngua Portuguesa &#8211; 10 quest\u00f5es, peso 2,5 <\/li>\n\n\n\n<li>Matem\u00e1tica &#8211; 10 quest\u00f5es, peso 2,0  <\/li>\n\n\n\n<li>Legisla\u00e7\u00e3o &#8211; 10 quest\u00f5es, peso 2,5  <\/li>\n\n\n\n<li>Conhecimentos Espec\u00edficos &#8211; 10 quest\u00f5es, peso 3,0 <\/li>\n<\/ul>\n\n\n\n<h4 class=\"wp-block-heading\"><em>Cargos de n\u00edvel Fundamental sem Prova Pr\u00e1tica <\/em><\/h4>\n\n\n\n<ul class=\"wp-block-list\">\n<li>L\u00edngua Portuguesa &#8211; 10 quest\u00f5es, peso 2,5  <\/li>\n\n\n\n<li>Matem\u00e1tica &#8211; 10 quest\u00f5es, peso 2,0 <\/li>\n\n\n\n<li>Legisla\u00e7\u00e3o &#8211; 10 quest\u00f5es, peso 2,5 1 <\/li>\n\n\n\n<li>Conhecimentos Espec\u00edficos &#8211; 10 quest\u00f5es, peso 3,0 <\/li>\n<\/ul>\n\n\n\n<h4 class=\"wp-block-heading\"><em>Cargos de n\u00edvel Fundamental com Prova Pr\u00e1tica <\/em><\/h4>\n\n\n\n<ul class=\"wp-block-list\">\n<li>L\u00edngua Portuguesa &#8211; 10 quest\u00f5es, peso 2,0 <\/li>\n\n\n\n<li>Matem\u00e1tica &#8211; 10 quest\u00f5es, peso 1,0  <\/li>\n\n\n\n<li>Legisla\u00e7\u00e3o &#8211; 10 quest\u00f5es, peso 2,0  <\/li>\n\n\n\n<li>Conhecimentos Espec\u00edficos &#8211; 10 quest\u00f5es, peso 3,0 <\/li>\n<\/ul>\n\n\n\n<h4 class=\"wp-block-heading\"><em>Cargos de n\u00edvel Fundamental Incompleto<\/em><\/h4>\n\n\n\n<ul class=\"wp-block-list\">\n<li>L\u00edngua Portuguesa &#8211; 10 quest\u00f5es, peso 2,5<\/li>\n\n\n\n<li>Matem\u00e1tica &#8211; 10 quest\u00f5es, peso 2,0 <\/li>\n\n\n\n<li>Legisla\u00e7\u00e3o &#8211; 10 quest\u00f5es, peso 2,5  <\/li>\n\n\n\n<li>Conhecimentos Espec\u00edficos &#8211; 10 quest\u00f5es, peso 3,0 <\/li>\n<\/ul>\n\n\n\n<h2 class=\"wp-block-heading\" id=\"assinatura-e-cursos\">Assinatura ilimitada e cursos para o concurso Prefeitura de Maquin\u00e9<\/h2>\n\n\n\n<p class=\"has-text-align-center\">Gostou desta oportunidade e deseja come\u00e7ar se preparar agora mesmo? Ent\u00e3o, confira os nossos cursos e comece a estudar para o concurso:<\/p>\n\n\n\n<p class=\"has-text-align-center has-luminous-vivid-amber-background-color has-background\" style=\"font-size:clamp(16.293px, 1.018rem + ((1vw - 3.2px) * 0.854), 25px);px\"><strong><a rel=\"noreferrer noopener\" aria-label=\"CURSOS (abre numa nova aba)\" href=\"https:\/\/www.estrategiaconcursos.com.br\/cursos\/concurso\/\" target=\"_blank\">CURSOS ESTRAT\u00c9GIA CONCURSOS<\/a><\/strong><\/p>\n\n\n\n<p class=\"has-text-align-center\"><em><strong>Assinatura Anual Ilimitada*<\/strong><\/em><\/p>\n\n\n\n<p class=\"has-text-align-center\"><em>Prepare-se com o melhor material e com quem mais aprova em Concursos P\u00fablicos em todo o pa\u00eds. Assine agora a nossa Assinatura Anual e tenha acesso ilimitado* a todos os nossos cursos.<\/em><\/p>\n\n\n\n<p class=\"has-text-align-center has-light-green-cyan-background-color has-background has-medium-font-size\"><strong>ASSINE AGORA<\/strong>&nbsp;\u2013&nbsp;<a rel=\"noreferrer noopener\" href=\"https:\/\/www.estrategiaconcursos.com.br\/assinaturas\" target=\"_blank\">Assinatura Ilimitada<\/a><\/p>\n\n\n\n<p class=\"has-text-align-center has-pale-cyan-blue-background-color has-background has-medium-font-size\"><strong><a href=\"https:\/\/www.estrategiaconcursos.com.br\/blog\/concursos-abertos\/\">CONCURSOS ABERTOS<\/a><\/strong><\/p>\n\n\n\n<figure class=\"wp-block-image\"><img loading=\"lazy\" decoding=\"async\" width=\"300\" height=\"102\" src=\"https:\/\/dhg1h5j42swfq.cloudfront.net\/2017\/03\/28152500\/coruja-ficha-tecnica-300x102.png\" alt=\"\" class=\"wp-image-68542\"\/><\/figure>\n\n\n\n<h3 class=\"wp-block-heading\" id=\"ficha-tecnica\"><strong>\u2666Informa\u00e7\u00f5es do concurso Prefeitura de Maquin\u00e9<\/strong><\/h3>\n\n\n\n<p><strong>\u25baData prevista da prova:&nbsp;<\/strong>24 de novembro <br \/><strong>\u25baVagas:&nbsp;<\/strong>18 + CR<br \/><strong>\u25baCargos:&nbsp;<\/strong>V\u00e1rios<br \/><strong>\u25baRequisito:&nbsp;<\/strong>N\u00edvel fundamental, m\u00e9dio, t\u00e9cnico e superior<br \/><strong>\u25baBanca:&nbsp;<\/strong>Legalle Concursos<br \/><strong>\u25baEdital:&nbsp;<\/strong><a rel=\"noreferrer noopener\" aria-label=\"Edital Prefeitura de Maquin\u00e9 (abre numa nova aba)\" href=\"https:\/\/dhg1h5j42swfq.cloudfront.net\/2019\/10\/09093133\/6232939dfe00ec070535ad18606dcf50.pdf\" target=\"_blank\">Edital Prefeitura de Maquin\u00e9<\/a><\/p>\n\n\n\n<p><br \/><em>Ascom Estrat\u00e9gia<\/em><br \/>ascomestrategia@gmail.com<\/p>\n","protected":false},"excerpt":{"rendered":"<p>As inscri\u00e7\u00f5es do concurso p\u00fablico da Prefeitura de Maquin\u00e9, munic\u00edpio do estado do Rio Grande do Sul est\u00e3o encerradas. Ao todo s\u00e3o ofertadas 18 vagas imediatas mais cadastro de reserva, o processo foi feito todo atrav\u00e9s do site da banca organizadora, a Legalle Concursos. O certame oferta vagas para cargos de n\u00edvel fundamental completo e [&hellip;]<\/p>\n","protected":false},"author":93,"featured_media":379507,"comment_status":"open","ping_status":"closed","sticky":false,"template":"","format":"standard","meta":{"post_tipo":"article","footnotes":""},"categories":[1],"tags":[],"tax_estado":[],"class_list":["post-431951","post","type-post","status-publish","format-standard","has-post-thumbnail","hentry","category-cursos-e-concursos"],"acf":[],"yoast_head":"<!-- This site is optimized with the Yoast SEO Premium plugin v27.2 (Yoast SEO v27.2) - https:\/\/yoast.com\/product\/yoast-seo-premium-wordpress\/ -->\n<title>Edital Prefeitura de Maquin\u00e9: inscri\u00e7\u00f5es encerradas com 18 vagas<\/title>\n<meta name=\"robots\" content=\"index, follow, max-snippet:-1, max-image-preview:large, max-video-preview:-1\" \/>\n<link rel=\"canonical\" href=\"https:\/\/www.estrategiaconcursos.com.br\/blog\/concurso-prefeitura-de-maquine\/\" \/>\n<meta property=\"og:locale\" content=\"pt_BR\" \/>\n<meta property=\"og:type\" content=\"article\" \/>\n<meta property=\"og:title\" content=\"Edital Prefeitura de Maquin\u00e9: inscri\u00e7\u00f5es encerradas com 18 vagas\" \/>\n<meta property=\"og:description\" content=\"As inscri\u00e7\u00f5es do concurso p\u00fablico da Prefeitura de Maquin\u00e9, munic\u00edpio do estado do Rio Grande do Sul est\u00e3o encerradas. Ao todo s\u00e3o ofertadas 18 vagas imediatas mais cadastro de reserva, o processo foi feito todo atrav\u00e9s do site da banca organizadora, a Legalle Concursos. O certame oferta vagas para cargos de n\u00edvel fundamental completo e [&hellip;]\" \/>\n<meta property=\"og:url\" content=\"https:\/\/www.estrategiaconcursos.com.br\/blog\/concurso-prefeitura-de-maquine\/\" \/>\n<meta property=\"og:site_name\" content=\"Estrat\u00e9gia Concursos\" \/>\n<meta property=\"article:published_time\" content=\"2019-10-31T04:00:31+00:00\" \/>\n<meta property=\"article:modified_time\" content=\"2023-07-24T19:52:52+00:00\" \/>\n<meta property=\"og:image\" content=\"https:\/\/dhg1h5j42swfq.cloudfront.net\/2019\/05\/28172918\/saiu-edital.jpg\" \/>\n\t<meta property=\"og:image:width\" content=\"1024\" \/>\n\t<meta property=\"og:image:height\" content=\"536\" \/>\n\t<meta property=\"og:image:type\" content=\"image\/jpeg\" \/>\n<meta name=\"author\" content=\"Vinicius Silva\" \/>\n<meta name=\"twitter:card\" content=\"summary_large_image\" \/>\n<meta name=\"twitter:creator\" content=\"@EstratConcursos\" \/>\n<meta name=\"twitter:site\" content=\"@EstratConcursos\" \/>\n<meta name=\"twitter:label1\" content=\"Escrito por\" \/>\n\t<meta name=\"twitter:data1\" content=\"Vinicius Silva\" \/>\n\t<meta name=\"twitter:label2\" content=\"Est. tempo de leitura\" \/>\n\t<meta name=\"twitter:data2\" content=\"4 minutos\" \/>\n<script type=\"application\/ld+json\" class=\"yoast-schema-graph\">{\"@context\":\"https:\/\/schema.org\",\"@graph\":[{\"@type\":\"NewsArticle\",\"@id\":\"https:\/\/www.estrategiaconcursos.com.br\/blog\/concurso-prefeitura-de-maquine\/#article\",\"isPartOf\":{\"@id\":\"https:\/\/www.estrategiaconcursos.com.br\/blog\/concurso-prefeitura-de-maquine\/\"},\"author\":{\"name\":\"Vinicius Silva\",\"@id\":\"https:\/\/www.estrategiaconcursos.com.br\/blog\/#\/schema\/person\/20030622a981f9a942ad6b3561fe4ca4\"},\"headline\":\"Edital Prefeitura de Maquin\u00e9: inscri\u00e7\u00f5es encerradas com 18 vagas\",\"datePublished\":\"2019-10-31T04:00:31+00:00\",\"dateModified\":\"2023-07-24T19:52:52+00:00\",\"mainEntityOfPage\":{\"@id\":\"https:\/\/www.estrategiaconcursos.com.br\/blog\/concurso-prefeitura-de-maquine\/\"},\"wordCount\":857,\"commentCount\":0,\"publisher\":{\"@id\":\"https:\/\/www.estrategiaconcursos.com.br\/blog\/#organization\"},\"image\":{\"@id\":\"https:\/\/www.estrategiaconcursos.com.br\/blog\/concurso-prefeitura-de-maquine\/#primaryimage\"},\"thumbnailUrl\":\"https:\/\/dhg1h5j42swfq.cloudfront.net\/2019\/05\/28172918\/saiu-edital.jpg\",\"articleSection\":[\"Concursos P\u00fablicos\"],\"inLanguage\":\"pt-BR\",\"potentialAction\":[{\"@type\":\"CommentAction\",\"name\":\"Comment\",\"target\":[\"https:\/\/www.estrategiaconcursos.com.br\/blog\/concurso-prefeitura-de-maquine\/#respond\"]}],\"copyrightYear\":\"2019\",\"copyrightHolder\":{\"@id\":\"https:\/\/www.estrategiaconcursos.com.br\/blog\/#organization\"}},{\"@type\":\"WebPage\",\"@id\":\"https:\/\/www.estrategiaconcursos.com.br\/blog\/concurso-prefeitura-de-maquine\/\",\"url\":\"https:\/\/www.estrategiaconcursos.com.br\/blog\/concurso-prefeitura-de-maquine\/\",\"name\":\"Edital Prefeitura de Maquin\u00e9: inscri\u00e7\u00f5es encerradas com 18 vagas\",\"isPartOf\":{\"@id\":\"https:\/\/www.estrategiaconcursos.com.br\/blog\/#website\"},\"primaryImageOfPage\":{\"@id\":\"https:\/\/www.estrategiaconcursos.com.br\/blog\/concurso-prefeitura-de-maquine\/#primaryimage\"},\"image\":{\"@id\":\"https:\/\/www.estrategiaconcursos.com.br\/blog\/concurso-prefeitura-de-maquine\/#primaryimage\"},\"thumbnailUrl\":\"https:\/\/dhg1h5j42swfq.cloudfront.net\/2019\/05\/28172918\/saiu-edital.jpg\",\"datePublished\":\"2019-10-31T04:00:31+00:00\",\"dateModified\":\"2023-07-24T19:52:52+00:00\",\"breadcrumb\":{\"@id\":\"https:\/\/www.estrategiaconcursos.com.br\/blog\/concurso-prefeitura-de-maquine\/#breadcrumb\"},\"inLanguage\":\"pt-BR\",\"potentialAction\":[{\"@type\":\"ReadAction\",\"target\":[\"https:\/\/www.estrategiaconcursos.com.br\/blog\/concurso-prefeitura-de-maquine\/\"]}]},{\"@type\":\"ImageObject\",\"inLanguage\":\"pt-BR\",\"@id\":\"https:\/\/www.estrategiaconcursos.com.br\/blog\/concurso-prefeitura-de-maquine\/#primaryimage\",\"url\":\"https:\/\/dhg1h5j42swfq.cloudfront.net\/2019\/05\/28172918\/saiu-edital.jpg\",\"contentUrl\":\"https:\/\/dhg1h5j42swfq.cloudfront.net\/2019\/05\/28172918\/saiu-edital.jpg\",\"width\":1024,\"height\":536,\"caption\":\"concurso cremese\"},{\"@type\":\"BreadcrumbList\",\"@id\":\"https:\/\/www.estrategiaconcursos.com.br\/blog\/concurso-prefeitura-de-maquine\/#breadcrumb\",\"itemListElement\":[{\"@type\":\"ListItem\",\"position\":1,\"name\":\"In\u00edcio\",\"item\":\"https:\/\/www.estrategiaconcursos.com.br\/blog\/\"},{\"@type\":\"ListItem\",\"position\":2,\"name\":\"Edital Prefeitura de Maquin\u00e9: inscri\u00e7\u00f5es encerradas com 18 vagas\"}]},{\"@type\":\"WebSite\",\"@id\":\"https:\/\/www.estrategiaconcursos.com.br\/blog\/#website\",\"url\":\"https:\/\/www.estrategiaconcursos.com.br\/blog\/\",\"name\":\"Estrat\u00e9gia Concursos\",\"description\":\"O blog da Estrat\u00e9gia Concursos traz not\u00edcias sobre concursos e artigos de professores oferecendo cursos para concursos (pdf + videaulas) no site.\",\"publisher\":{\"@id\":\"https:\/\/www.estrategiaconcursos.com.br\/blog\/#organization\"},\"potentialAction\":[{\"@type\":\"SearchAction\",\"target\":{\"@type\":\"EntryPoint\",\"urlTemplate\":\"https:\/\/www.estrategiaconcursos.com.br\/blog\/?s={search_term_string}\"},\"query-input\":{\"@type\":\"PropertyValueSpecification\",\"valueRequired\":true,\"valueName\":\"search_term_string\"}}],\"inLanguage\":\"pt-BR\"},{\"@type\":\"Organization\",\"@id\":\"https:\/\/www.estrategiaconcursos.com.br\/blog\/#organization\",\"name\":\"Estrat\u00e9gia Concursos\",\"url\":\"https:\/\/www.estrategiaconcursos.com.br\/blog\/\",\"logo\":{\"@type\":\"ImageObject\",\"inLanguage\":\"pt-BR\",\"@id\":\"https:\/\/www.estrategiaconcursos.com.br\/blog\/#\/schema\/logo\/image\/\",\"url\":\"https:\/\/dhg1h5j42swfq.cloudfront.net\/2025\/06\/03203428\/logo_concursos-1.jpg\",\"contentUrl\":\"https:\/\/dhg1h5j42swfq.cloudfront.net\/2025\/06\/03203428\/logo_concursos-1.jpg\",\"width\":230,\"height\":60,\"caption\":\"Estrat\u00e9gia Concursos\"},\"image\":{\"@id\":\"https:\/\/www.estrategiaconcursos.com.br\/blog\/#\/schema\/logo\/image\/\"},\"sameAs\":[\"https:\/\/x.com\/EstratConcursos\"]},{\"@type\":\"Person\",\"@id\":\"https:\/\/www.estrategiaconcursos.com.br\/blog\/#\/schema\/person\/20030622a981f9a942ad6b3561fe4ca4\",\"name\":\"Vinicius Silva\",\"image\":{\"@type\":\"ImageObject\",\"inLanguage\":\"pt-BR\",\"@id\":\"https:\/\/secure.gravatar.com\/avatar\/604d9670a4c7eea71feaa4381f3ae97e148292ac402671c5944aa67a3d127663?s=96&d=mm&r=g\",\"url\":\"https:\/\/secure.gravatar.com\/avatar\/604d9670a4c7eea71feaa4381f3ae97e148292ac402671c5944aa67a3d127663?s=96&d=mm&r=g\",\"contentUrl\":\"https:\/\/secure.gravatar.com\/avatar\/604d9670a4c7eea71feaa4381f3ae97e148292ac402671c5944aa67a3d127663?s=96&d=mm&r=g\",\"caption\":\"Vinicius Silva\"},\"url\":\"https:\/\/www.estrategiaconcursos.com.br\/blog\/author\/viniciussilvaestrategiaconcursos-com-br\/\"}]}<\/script>\n<!-- \/ Yoast SEO Premium plugin. -->","yoast_head_json":{"title":"Edital Prefeitura de Maquin\u00e9: inscri\u00e7\u00f5es encerradas com 18 vagas","robots":{"index":"index","follow":"follow","max-snippet":"max-snippet:-1","max-image-preview":"max-image-preview:large","max-video-preview":"max-video-preview:-1"},"canonical":"https:\/\/www.estrategiaconcursos.com.br\/blog\/concurso-prefeitura-de-maquine\/","og_locale":"pt_BR","og_type":"article","og_title":"Edital Prefeitura de Maquin\u00e9: inscri\u00e7\u00f5es encerradas com 18 vagas","og_description":"As inscri\u00e7\u00f5es do concurso p\u00fablico da Prefeitura de Maquin\u00e9, munic\u00edpio do estado do Rio Grande do Sul est\u00e3o encerradas. Ao todo s\u00e3o ofertadas 18 vagas imediatas mais cadastro de reserva, o processo foi feito todo atrav\u00e9s do site da banca organizadora, a Legalle Concursos. O certame oferta vagas para cargos de n\u00edvel fundamental completo e [&hellip;]","og_url":"https:\/\/www.estrategiaconcursos.com.br\/blog\/concurso-prefeitura-de-maquine\/","og_site_name":"Estrat\u00e9gia Concursos","article_published_time":"2019-10-31T04:00:31+00:00","article_modified_time":"2023-07-24T19:52:52+00:00","og_image":[{"width":1024,"height":536,"url":"https:\/\/dhg1h5j42swfq.cloudfront.net\/2019\/05\/28172918\/saiu-edital.jpg","type":"image\/jpeg"}],"author":"Vinicius Silva","twitter_card":"summary_large_image","twitter_creator":"@EstratConcursos","twitter_site":"@EstratConcursos","twitter_misc":{"Escrito por":"Vinicius Silva","Est. tempo de leitura":"4 minutos"},"schema":{"@context":"https:\/\/schema.org","@graph":[{"@type":"NewsArticle","@id":"https:\/\/www.estrategiaconcursos.com.br\/blog\/concurso-prefeitura-de-maquine\/#article","isPartOf":{"@id":"https:\/\/www.estrategiaconcursos.com.br\/blog\/concurso-prefeitura-de-maquine\/"},"author":{"name":"Vinicius Silva","@id":"https:\/\/www.estrategiaconcursos.com.br\/blog\/#\/schema\/person\/20030622a981f9a942ad6b3561fe4ca4"},"headline":"Edital Prefeitura de Maquin\u00e9: inscri\u00e7\u00f5es encerradas com 18 vagas","datePublished":"2019-10-31T04:00:31+00:00","dateModified":"2023-07-24T19:52:52+00:00","mainEntityOfPage":{"@id":"https:\/\/www.estrategiaconcursos.com.br\/blog\/concurso-prefeitura-de-maquine\/"},"wordCount":857,"commentCount":0,"publisher":{"@id":"https:\/\/www.estrategiaconcursos.com.br\/blog\/#organization"},"image":{"@id":"https:\/\/www.estrategiaconcursos.com.br\/blog\/concurso-prefeitura-de-maquine\/#primaryimage"},"thumbnailUrl":"https:\/\/dhg1h5j42swfq.cloudfront.net\/2019\/05\/28172918\/saiu-edital.jpg","articleSection":["Concursos P\u00fablicos"],"inLanguage":"pt-BR","potentialAction":[{"@type":"CommentAction","name":"Comment","target":["https:\/\/www.estrategiaconcursos.com.br\/blog\/concurso-prefeitura-de-maquine\/#respond"]}],"copyrightYear":"2019","copyrightHolder":{"@id":"https:\/\/www.estrategiaconcursos.com.br\/blog\/#organization"}},{"@type":"WebPage","@id":"https:\/\/www.estrategiaconcursos.com.br\/blog\/concurso-prefeitura-de-maquine\/","url":"https:\/\/www.estrategiaconcursos.com.br\/blog\/concurso-prefeitura-de-maquine\/","name":"Edital Prefeitura de Maquin\u00e9: inscri\u00e7\u00f5es encerradas com 18 vagas","isPartOf":{"@id":"https:\/\/www.estrategiaconcursos.com.br\/blog\/#website"},"primaryImageOfPage":{"@id":"https:\/\/www.estrategiaconcursos.com.br\/blog\/concurso-prefeitura-de-maquine\/#primaryimage"},"image":{"@id":"https:\/\/www.estrategiaconcursos.com.br\/blog\/concurso-prefeitura-de-maquine\/#primaryimage"},"thumbnailUrl":"https:\/\/dhg1h5j42swfq.cloudfront.net\/2019\/05\/28172918\/saiu-edital.jpg","datePublished":"2019-10-31T04:00:31+00:00","dateModified":"2023-07-24T19:52:52+00:00","breadcrumb":{"@id":"https:\/\/www.estrategiaconcursos.com.br\/blog\/concurso-prefeitura-de-maquine\/#breadcrumb"},"inLanguage":"pt-BR","potentialAction":[{"@type":"ReadAction","target":["https:\/\/www.estrategiaconcursos.com.br\/blog\/concurso-prefeitura-de-maquine\/"]}]},{"@type":"ImageObject","inLanguage":"pt-BR","@id":"https:\/\/www.estrategiaconcursos.com.br\/blog\/concurso-prefeitura-de-maquine\/#primaryimage","url":"https:\/\/dhg1h5j42swfq.cloudfront.net\/2019\/05\/28172918\/saiu-edital.jpg","contentUrl":"https:\/\/dhg1h5j42swfq.cloudfront.net\/2019\/05\/28172918\/saiu-edital.jpg","width":1024,"height":536,"caption":"concurso cremese"},{"@type":"BreadcrumbList","@id":"https:\/\/www.estrategiaconcursos.com.br\/blog\/concurso-prefeitura-de-maquine\/#breadcrumb","itemListElement":[{"@type":"ListItem","position":1,"name":"In\u00edcio","item":"https:\/\/www.estrategiaconcursos.com.br\/blog\/"},{"@type":"ListItem","position":2,"name":"Edital Prefeitura de Maquin\u00e9: inscri\u00e7\u00f5es encerradas com 18 vagas"}]},{"@type":"WebSite","@id":"https:\/\/www.estrategiaconcursos.com.br\/blog\/#website","url":"https:\/\/www.estrategiaconcursos.com.br\/blog\/","name":"Estrat\u00e9gia Concursos","description":"O blog da Estrat\u00e9gia Concursos traz not\u00edcias sobre concursos e artigos de professores oferecendo cursos para concursos (pdf + videaulas) no site.","publisher":{"@id":"https:\/\/www.estrategiaconcursos.com.br\/blog\/#organization"},"potentialAction":[{"@type":"SearchAction","target":{"@type":"EntryPoint","urlTemplate":"https:\/\/www.estrategiaconcursos.com.br\/blog\/?s={search_term_string}"},"query-input":{"@type":"PropertyValueSpecification","valueRequired":true,"valueName":"search_term_string"}}],"inLanguage":"pt-BR"},{"@type":"Organization","@id":"https:\/\/www.estrategiaconcursos.com.br\/blog\/#organization","name":"Estrat\u00e9gia Concursos","url":"https:\/\/www.estrategiaconcursos.com.br\/blog\/","logo":{"@type":"ImageObject","inLanguage":"pt-BR","@id":"https:\/\/www.estrategiaconcursos.com.br\/blog\/#\/schema\/logo\/image\/","url":"https:\/\/dhg1h5j42swfq.cloudfront.net\/2025\/06\/03203428\/logo_concursos-1.jpg","contentUrl":"https:\/\/dhg1h5j42swfq.cloudfront.net\/2025\/06\/03203428\/logo_concursos-1.jpg","width":230,"height":60,"caption":"Estrat\u00e9gia Concursos"},"image":{"@id":"https:\/\/www.estrategiaconcursos.com.br\/blog\/#\/schema\/logo\/image\/"},"sameAs":["https:\/\/x.com\/EstratConcursos"]},{"@type":"Person","@id":"https:\/\/www.estrategiaconcursos.com.br\/blog\/#\/schema\/person\/20030622a981f9a942ad6b3561fe4ca4","name":"Vinicius Silva","image":{"@type":"ImageObject","inLanguage":"pt-BR","@id":"https:\/\/secure.gravatar.com\/avatar\/604d9670a4c7eea71feaa4381f3ae97e148292ac402671c5944aa67a3d127663?s=96&d=mm&r=g","url":"https:\/\/secure.gravatar.com\/avatar\/604d9670a4c7eea71feaa4381f3ae97e148292ac402671c5944aa67a3d127663?s=96&d=mm&r=g","contentUrl":"https:\/\/secure.gravatar.com\/avatar\/604d9670a4c7eea71feaa4381f3ae97e148292ac402671c5944aa67a3d127663?s=96&d=mm&r=g","caption":"Vinicius Silva"},"url":"https:\/\/www.estrategiaconcursos.com.br\/blog\/author\/viniciussilvaestrategiaconcursos-com-br\/"}]}},"_links":{"self":[{"href":"https:\/\/www.estrategiaconcursos.com.br\/blog\/wp-json\/wp\/v2\/posts\/431951","targetHints":{"allow":["GET"]}}],"collection":[{"href":"https:\/\/www.estrategiaconcursos.com.br\/blog\/wp-json\/wp\/v2\/posts"}],"about":[{"href":"https:\/\/www.estrategiaconcursos.com.br\/blog\/wp-json\/wp\/v2\/types\/post"}],"author":[{"embeddable":true,"href":"https:\/\/www.estrategiaconcursos.com.br\/blog\/wp-json\/wp\/v2\/users\/93"}],"replies":[{"embeddable":true,"href":"https:\/\/www.estrategiaconcursos.com.br\/blog\/wp-json\/wp\/v2\/comments?post=431951"}],"version-history":[{"count":18,"href":"https:\/\/www.estrategiaconcursos.com.br\/blog\/wp-json\/wp\/v2\/posts\/431951\/revisions"}],"predecessor-version":[{"id":1253981,"href":"https:\/\/www.estrategiaconcursos.com.br\/blog\/wp-json\/wp\/v2\/posts\/431951\/revisions\/1253981"}],"wp:featuredmedia":[{"embeddable":true,"href":"https:\/\/www.estrategiaconcursos.com.br\/blog\/wp-json\/wp\/v2\/media\/379507"}],"wp:attachment":[{"href":"https:\/\/www.estrategiaconcursos.com.br\/blog\/wp-json\/wp\/v2\/media?parent=431951"}],"wp:term":[{"taxonomy":"category","embeddable":true,"href":"https:\/\/www.estrategiaconcursos.com.br\/blog\/wp-json\/wp\/v2\/categories?post=431951"},{"taxonomy":"post_tag","embeddable":true,"href":"https:\/\/www.estrategiaconcursos.com.br\/blog\/wp-json\/wp\/v2\/tags?post=431951"},{"taxonomy":"tax_estado","embeddable":true,"href":"https:\/\/www.estrategiaconcursos.com.br\/blog\/wp-json\/wp\/v2\/tax_estado?post=431951"}],"curies":[{"name":"wp","href":"https:\/\/api.w.org\/{rel}","templated":true}]}}