{"id":431698,"date":"2019-12-06T00:00:14","date_gmt":"2019-12-06T03:00:14","guid":{"rendered":"https:\/\/www.estrategiaconcursos.com.br\/blog\/?p=431698"},"modified":"2019-12-06T09:58:25","modified_gmt":"2019-12-06T12:58:25","slug":"concurso-prefeitura-de-cananeia","status":"publish","type":"post","link":"https:\/\/www.estrategiaconcursos.com.br\/blog\/concurso-prefeitura-de-cananeia\/","title":{"rendered":"Concurso Prefeitura de Canan\u00e9ia: inscri\u00e7\u00f5es encerradas para 61 vagas"},"content":{"rendered":"\n<p>As inscri\u00e7\u00f5es do concurso Prefeitura de Canan\u00e9ia est\u00e3o encerradas! Os interessados puderam se candidatar no site da banca organizadora, a <strong>Funda\u00e7\u00e3o Vunesp<\/strong>, at\u00e9 o dia 5 de dezembro.<\/p>\n\n\n\n<p>Al\u00e9m disso, foi necess\u00e1rio pagar uma taxa que variou entre R$ 50,00 e R$ 100,00, conforme a escolaridade do cargo. O edital oferta<strong> 61 vagas<\/strong> para diversos cargos nos n\u00edveis alfabetizado, fundamental completo, m\u00e9dio e superior.<\/p>\n\n\n\n<p>Com remunera\u00e7\u00f5es que variam entre <strong>R$ 1.006,65<\/strong> e <strong>R$ 4.606,24<\/strong>, os servidores tamb\u00e9m recebem <strong>cart\u00e3o-alimenta\u00e7\u00e3o<\/strong> no valor de R$ 300,00 mensais.<\/p>\n\n\n\n<p>Ao longo deste artigo voc\u00ea confere mais detalhes sobre o Concurso Prefeitura de Canan\u00e9ia como distribui\u00e7\u00e3o das vagas, remunera\u00e7\u00e3o e etapas de prova. Acompanhe pelos t\u00f3picos:<\/p>\n\n\n\n<ul class=\"wp-block-list\"><li><em><strong><a href=\"#vagas\">Distribui\u00e7\u00e3o das vagas<\/a><\/strong><\/em><\/li><li><em><strong><a href=\"#datas\">Principais datas<\/a><\/strong><\/em><\/li><li><em><strong><a href=\"#etapas\">Etapas do concurso<\/a><\/strong><\/em><\/li><li><strong><em><a href=\"#edital-estrategico\">Edital Estrat\u00e9gico<\/a><\/em><\/strong><\/li><li><strong><em><a href=\"#cursos-assinatura\">Assinatura ilimitada e cursos<\/a><\/em><\/strong><\/li><\/ul>\n\n\n\n<h2 class=\"wp-block-heading\" id=\"vagas\">Distribui\u00e7\u00e3o das vagas do concurso Prefeitura de Canan\u00e9ia<\/h2>\n\n\n\n<h4 class=\"wp-block-heading\"><em>Alfabetizado<\/em><\/h4>\n\n\n\n<p><\/p>\n\n\n\n<table class=\"wp-block-table has-subtle-pale-blue-background-color has-fixed-layout has-background is-style-stripes\"><tbody><tr><td><strong>Cargo<\/strong><\/td><td><strong>Vagas<\/strong><\/td><td><strong>Remunera\u00e7\u00e3o<\/strong><\/td><td><strong>Carga hor\u00e1ria<\/strong> <\/td><\/tr><tr><td>Auxiliar de Servi\u00e7os Gerais<\/td><td><\/td><td>R$ 1.006,65 <\/td><td>40h<\/td><\/tr><\/tbody><\/table>\n\n\n\n<h4 class=\"wp-block-heading\"><em>N\u00edvel fundamental<\/em><\/h4>\n\n\n\n<p><\/p>\n\n\n\n<table class=\"wp-block-table has-subtle-pale-blue-background-color has-fixed-layout has-background is-style-stripes\"><tbody><tr><td><strong>Cargo<\/strong><\/td><td><strong>Vagas<\/strong><\/td><td><strong>Remunera\u00e7\u00e3o<\/strong><\/td><td><strong>Carga hor\u00e1ria<\/strong> <\/td><\/tr><tr><td>Agente de Controle de Vetores<\/td><td>2<\/td><td>R$ 1.180,37 <\/td><td>40h<\/td><\/tr><tr><td>Auxiliar (Feminino) <\/td><td>5<\/td><td>R$ 1.006,65 <\/td><td>40h<\/td><\/tr><tr><td>Cozinheiro<\/td><td>3<\/td><td>R$ 1.006,65 <\/td><td>40h<\/td><\/tr><tr><td>Merendeira<\/td><td>3<\/td><td>R$ 1.006,65 <\/td><td>40h<\/td><\/tr><tr><td>Motorista<\/td><td>6<\/td><td>R$ 1.322,02 <\/td><td>40h<\/td><\/tr><tr><td>Recreacionista<\/td><td>1<\/td><td>R$ 1.123,32 <\/td><td>40h<\/td><\/tr><\/tbody><\/table>\n\n\n\n<h4 class=\"wp-block-heading\"><em>N\u00edvel m\u00e9dio<\/em><\/h4>\n\n\n\n<p><\/p>\n\n\n\n<table class=\"wp-block-table has-subtle-pale-blue-background-color has-fixed-layout has-background is-style-stripes\"><tbody><tr><td><strong>Cargo<\/strong><\/td><td><strong>Vagas<\/strong><\/td><td><strong>Remunera\u00e7\u00e3o<\/strong><\/td><td><strong>Carga hor\u00e1ria<\/strong> <\/td><\/tr><tr><td>Escritur\u00e1rio<\/td><td>2<\/td><td>R$ 1.631,67 <\/td><td>40h<\/td><\/tr><tr><td>Orientador Social<\/td><td>6<\/td><td>R$ 1.631,67 <\/td><td>40h<\/td><\/tr><\/tbody><\/table>\n\n\n\n<h4 class=\"wp-block-heading\"><em>N\u00edvel t\u00e9cnico<\/em><\/h4>\n\n\n\n<p><\/p>\n\n\n\n<table class=\"wp-block-table has-subtle-pale-blue-background-color has-fixed-layout has-background is-style-stripes\"><tbody><tr><td><strong>Cargo<\/strong><\/td><td><strong>Vagas<\/strong><\/td><td><strong>Remunera\u00e7\u00e3o<\/strong><\/td><td><strong>Carga hor\u00e1ria<\/strong> <\/td><\/tr><tr><td>Operador de Raio X e Ultrassom<\/td><td>3<\/td><td>R$ 1.631,67 <\/td><td>30h<\/td><\/tr><\/tbody><\/table>\n\n\n\n<h4 class=\"wp-block-heading\"><em>N\u00edvel superior<\/em><\/h4>\n\n\n\n<p><\/p>\n\n\n\n<table class=\"wp-block-table has-subtle-pale-blue-background-color has-fixed-layout has-background is-style-stripes\"><tbody><tr><td><strong>Cargo<\/strong><\/td><td><strong>Vagas<\/strong><\/td><td><strong>Remunera\u00e7\u00e3o<\/strong><\/td><td><strong>Carga hor\u00e1ria<\/strong><\/td><\/tr><tr><td>Assistente Social<\/td><td>1<\/td><td>R$ 3.547,21 <\/td><td>30h<\/td><\/tr><tr><td>Controlador Interno do Munic\u00edpio<\/td><td>1<\/td><td>R$ 4.144,91 <\/td><td>40h<\/td><\/tr><tr><td>Coordenador<\/td><td>1<\/td><td>R$ 4.144,91 <\/td><td>40h<\/td><\/tr><tr><td>Coordenador do Centro de Refer\u00eancia e Assist\u00eancia Social<\/td><td>1<\/td><td>R$ 4.144,91 <\/td><td>40h<\/td><\/tr><tr><td>Engenheiro Civil<\/td><td>1<\/td><td>R$ 4.144,91 <\/td><td>40h<\/td><\/tr><tr><td>Fisioterapeuta<\/td><td>1<\/td><td>R$ 2.971,69 <\/td><td>30h<\/td><\/tr><tr><td>M\u00e9dico &#8211; 20 horas<\/td><td>1<\/td><td>R$ 4.606,24 <\/td><td>20h<\/td><\/tr><tr><td>M\u00e9dico Veterin\u00e1rio<\/td><td>1<\/td><td>R$ 4.144,91 <\/td><td>40h<\/td><\/tr><tr><td>Nutricionista<\/td><td>1<\/td><td>R$ 3.547,21 <\/td><td>40h<\/td><\/tr><tr><td>Professor de Educa\u00e7\u00e3o em Creche<\/td><td>4<\/td><td>R$ 2.469,67 <\/td><td>40h<\/td><\/tr><tr><td>Professor de Educa\u00e7\u00e3o Especial<\/td><td>1<\/td><td>R$ 2.810,39 <\/td><td>38h<\/td><\/tr><tr><td>Professor de Educa\u00e7\u00e3o Fundamental I<\/td><td>4<\/td><td>R$ 2.810,39 <\/td><td>38h<\/td><\/tr><tr><td>Psic\u00f3logo<\/td><td>2<\/td><td>R$ 3.547,21 <\/td><td>40h<\/td><\/tr><\/tbody><\/table>\n\n\n\n<h2 class=\"wp-block-heading\" id=\"datas\"><br \/>Principais datas do concurso Prefeitura de Canan\u00e9ia<\/h2>\n\n\n\n<ul class=\"wp-block-list\"><li><strong>Inscri\u00e7\u00e3o:<\/strong> 05\/11 a 05\/12 [Encerradas]<\/li><li><strong>Taxa de inscri\u00e7\u00e3o:<\/strong><ul><li><em>Fundamental: <\/em>R$ 50,00 <\/li><li><em>M\u00e9dio:<\/em> R$ 70,00 <\/li><li><em>Superior:<\/em> R$ 100,00  <\/li><\/ul><\/li><li><strong>Data prevista da prova:<\/strong> 09\/02\/2020 <\/li><\/ul>\n\n\n\n<p>As provas para os cargos de n\u00edvel alfabetizado, fundamental e m\u00e9dio ser\u00e3o realizadas na parte da manh\u00e3 (9h). os demais cargos, de n\u00edvel t\u00e9cnico e superior, ter\u00e3o a aplica\u00e7\u00e3o da prova no per\u00edodo da tarde (14:30h).<\/p>\n\n\n\n<h2 class=\"wp-block-heading\" id=\"etapas\">Etapas do concurso prefeitura de Canan\u00e9ia<\/h2>\n\n\n\n<ul class=\"wp-block-list\"><li><strong>Prova Objetiva<\/strong> para todos os cargos (eliminat\u00f3rio e classificat\u00f3rio);<\/li><li><strong>Prova Pr\u00e1tica <\/strong>somente para os cargos de Cozinheira, Merendeira e Motorista (eliminat\u00f3rio e classificat\u00f3rio);<\/li><li><strong>Prova de T\u00edtulos<\/strong> somente para os cargos de Professor.<\/li><\/ul>\n\n\n\n<h3 class=\"wp-block-heading\">Prova Objetiva<\/h3>\n\n\n\n<h4 class=\"wp-block-heading\"><em>Auxiliar de Servi\u00e7os gerais (3 horas)<\/em><\/h4>\n\n\n\n<ul class=\"wp-block-list\"><li>L\u00edngua Portuguesa &#8211; 20 quest\u00f5es<\/li><li>Matem\u00e1tica &#8211; 20 quest\u00f5es<\/li><\/ul>\n\n\n\n<h4 class=\"wp-block-heading\"><em>Agente de Controle de Vetores \/\/ Recreacionista \/\/<\/em> <em>Cozinheiro \/\/ Merendeira \/\/ Motorista<\/em> <em> \/\/ Auxiliar (3 horas)<\/em><\/h4>\n\n\n\n<ul class=\"wp-block-list\"><li>L\u00edngua Portuguesa &#8211; 15 quest\u00f5es<\/li><li>Matem\u00e1tica &#8211; 15 quest\u00f5es<\/li><li>Conhecimentos Espec\u00edficos &#8211; 10 quest\u00f5es<\/li><\/ul>\n\n\n\n<h4 class=\"wp-block-heading\"><em>Escritur\u00e1rio (3 horas)<\/em><\/h4>\n\n\n\n<ul class=\"wp-block-list\"><li>L\u00edngua Portuguesa &#8211; 15 quest\u00f5es<\/li><li>Matem\u00e1tica &#8211; 15 quest\u00f5es<\/li><li>Atualidades &#8211; 10 quest\u00f5es<\/li><li>No\u00e7\u00f5es de Inform\u00e1tica &#8211; 10 quest\u00f5es<\/li><\/ul>\n\n\n\n<h4 class=\"wp-block-heading\"><em>Operador de Raios X e Ultrassom (3 horas)<\/em><\/h4>\n\n\n\n<ul class=\"wp-block-list\"><li>L\u00edngua Portuguesa &#8211; 15 quest\u00f5es<\/li><li>Matem\u00e1tica &#8211; 5 quest\u00f5es<\/li><li>No\u00e7\u00f5es de Inform\u00e1tica &#8211; 10 quest\u00f5es<\/li><li>Conhecimentos Espec\u00edficos &#8211; 20 quest\u00f5es<\/li><\/ul>\n\n\n\n<h4 class=\"wp-block-heading\"><em>Orientador Social<\/em> <em>(3 horas)<\/em><\/h4>\n\n\n\n<ul class=\"wp-block-list\"><li>L\u00edngua Portuguesa &#8211; 10 quest\u00f5es<\/li><li>Matem\u00e1tica &#8211; 10 quest\u00f5es<\/li><li>Atualidades &#8211; 5 quest\u00f5es<\/li><li>No\u00e7\u00f5es de Inform\u00e1tica &#8211; 5 quest\u00f5es<\/li><li>Conhecimentos Espec\u00edficos &#8211; 20 quest\u00f5es<\/li><\/ul>\n\n\n\n<h4 class=\"wp-block-heading\">Assistente Social \/\/ Controlador Interno \/\/ Coordenador da Casa da Crian\u00e7a \/\/ Engenheiro Civil \/\/ Fisioterapeuta \/\/ M\u00e9dico Veterin\u00e1rio \/\/ Nutricionista \/\/ Psic\u00f3logo <em>(3 horas e 30 minutos)<\/em><\/h4>\n\n\n\n<ul class=\"wp-block-list\"><li>L\u00edngua Portuguesa &#8211; 10 quest\u00f5es<\/li><li>Matem\u00e1tica &#8211; 10 quest\u00f5es<\/li><li>Atualidades &#8211; 5 quest\u00f5es<\/li><li>No\u00e7\u00f5es de Inform\u00e1tica &#8211; 5 quest\u00f5es<\/li><li>Conhecimentos Espec\u00edficos &#8211; 20 quest\u00f5es<\/li><\/ul>\n\n\n\n<h4 class=\"wp-block-heading\"><em>Professor de Educa\u00e7\u00e3o em Creche (3 horas e 30 minutos)<\/em><\/h4>\n\n\n\n<ul class=\"wp-block-list\"><li>L\u00edngua Portuguesa &#8211; 15 quest\u00f5es<\/li><li>Matem\u00e1tica &#8211; 10 quest\u00f5es<\/li><li>Atualidades &#8211; 5 quest\u00f5es<\/li><li>Conhecimentos Pedag\u00f3gicos &amp; Legisla\u00e7\u00e3o &#8211; 30 quest\u00f5es<\/li><\/ul>\n\n\n\n<h4 class=\"wp-block-heading\"><em>Professor de Ensino Fundamental I (3 horas e 30 minutos)<\/em><\/h4>\n\n\n\n<ul class=\"wp-block-list\"><li>L\u00edngua Portuguesa &#8211; 15 quest\u00f5es <\/li><li>Matem\u00e1tica &#8211; 15 quest\u00f5es <\/li><li>Conhecimentos Pedag\u00f3gicos &amp; Legisla\u00e7\u00e3o &#8211; 30 quest\u00f5es <\/li><\/ul>\n\n\n\n<h4 class=\"wp-block-heading\"><em>M\u00e9dico 20hs (3 horas e 30 minutos)<\/em><\/h4>\n\n\n\n<ul class=\"wp-block-list\"><li>L\u00edngua Portuguesa &#8211; 10 quest\u00f5es<\/li><li>Pol\u00edtica de Sa\u00fade &#8211; 10 quest\u00f5es<\/li><li>Atualidades &#8211; 5 quest\u00f5es<\/li><li>No\u00e7\u00f5es de Inform\u00e1tica &#8211; 5 quest\u00f5es<\/li><li>Conhecimentos Espec\u00edficos &#8211; 30 quest\u00f5es<\/li><\/ul>\n\n\n\n<h4 class=\"wp-block-heading\"><em>Professor de Educa\u00e7\u00e3o Especial (3 horas e 30 minutos)<\/em><\/h4>\n\n\n\n<ul class=\"wp-block-list\"><li>L\u00edngua Portuguesa &#8211; 10 quest\u00f5es<\/li><li>Conhecimentos Pedag\u00f3gicos &amp; Legisla\u00e7\u00e3o &#8211; 20 quest\u00f5es<\/li><li>Conhecimentos Espec\u00edficos &#8211; 30 quest\u00f5es<\/li><\/ul>\n\n\n\n<h3 class=\"wp-block-heading\">Prova de T\u00edtulos<\/h3>\n\n\n\n<p>Ser\u00e3o considerados t\u00edtulos os constantes na tabela a seguir: <\/p>\n\n\n\n<div class=\"wp-block-image\"><figure class=\"aligncenter\"><img loading=\"lazy\" decoding=\"async\" width=\"910\" height=\"266\" src=\"https:\/\/dhg1h5j42swfq.cloudfront.net\/2019\/10\/08154816\/titu-min.png\" alt=\"Avalia\u00e7\u00e3o de T\u00edtulos do Concurso Prefeitura de Cananeia\" class=\"wp-image-431740\" srcset=\"https:\/\/dhg1h5j42swfq.cloudfront.net\/2019\/10\/08154816\/titu-min.png 910w, https:\/\/dhg1h5j42swfq.cloudfront.net\/2019\/10\/08154816\/titu-min.png 300w, https:\/\/dhg1h5j42swfq.cloudfront.net\/2019\/10\/08154816\/titu-min.png 768w, https:\/\/dhg1h5j42swfq.cloudfront.net\/2019\/10\/08154816\/titu-min.png 610w\" sizes=\"auto, (max-width: 910px) 100vw, 910px\" \/><figcaption>Avalia\u00e7\u00e3o de T\u00edtulos do Concurso Prefeitura de Canan\u00e1ia<\/figcaption><\/figure><\/div>\n\n\n\n<p>A pontua\u00e7\u00e3o total da prova de t\u00edtulos estar\u00e1 limitada ao valor m\u00e1ximo de 04 pontos, observando-se os comprovantes, os valores unit\u00e1rio e m\u00e1ximo e a quantidade m\u00e1xima de cada um. <\/p>\n\n\n\n<h2 class=\"wp-block-heading\" id=\"edital-estrategico\">Concurso Prefeitura de Canan\u00e9ia: Edital Estrat\u00e9gico<\/h2>\n\n\n\n<p style=\"font-size:22px;text-align:center\" class=\"has-background has-very-light-gray-background-color\"><a rel=\"noreferrer noopener\" href=\"https:\/\/drive.google.com\/open?id=0B9ZvqIbaLYTFOVhBMmNla1RVY3cwejVvbk9NaFV4MjQxN2Vz\" target=\"_blank\"><strong>Controlador Interno<\/strong><\/a><\/p>\n\n\n\n<p style=\"font-size:22px;text-align:center\" class=\"has-background has-very-light-gray-background-color\"><a rel=\"noreferrer noopener\" href=\"https:\/\/drive.google.com\/open?id=0B9ZvqIbaLYTFTXQyVXlETUQ4a2NKcTFfbG0yWTJ0bmlaNjBN\" target=\"_blank\"><strong>Escritur\u00e1rio<\/strong><\/a><\/p>\n\n\n\n<p style=\"font-size:22px;text-align:center\" class=\"has-background has-very-light-gray-background-color\"><a href=\"https:\/\/drive.google.com\/open?id=0B9ZvqIbaLYTFUG1LYWE2S1NtbVduWG1VNG96MEVBVU8zZ3JR\" target=\"_blank\" rel=\"noreferrer noopener\"><strong>Orientador Social<\/strong><\/a><\/p>\n\n\n\n<h2 class=\"wp-block-heading\" style=\"text-align:center\" id=\"cursos-assinatura\">Quer estudar para o concurso Prefeitura de Canan\u00e9ia?<\/h2>\n\n\n\n<p style=\"text-align:center\"><em>Gostou desta oportunidade e deseja se preparar? Ent\u00e3o, confira nossos cursos exclusivos para este concurso e inicie seus estudos agora mesmo:<\/em><\/p>\n\n\n\n<p style=\"text-align:center\" class=\"has-background has-medium-font-size has-luminous-vivid-amber-background-color\"><strong><a rel=\"noreferrer noopener\" aria-label=\"CURSO PREFEITURA DE CANANEIA (abre numa nova aba)\" href=\"https:\/\/www.estrategiaconcursos.com.br\/cursos\/concurso\/\" target=\"_blank\">CURSO PREFEITURA DE CANAN\u00c9IA<\/a><\/strong><\/p>\n\n\n\n<p style=\"text-align:center\"><strong><em>Assinatura Anual ilimitada*<\/em><\/strong><\/p>\n\n\n\n<p style=\"text-align:center\"><em>Prepare-se com o melhor material e com quem mais aprova em Concursos P\u00fablicos em todo o pa\u00eds. Assine agora a nossa Assinatura Anual e tenha acesso ilimitado* a todos os nossos cursos.<\/em><\/p>\n\n\n\n<p style=\"text-align:center\" class=\"has-background has-medium-font-size has-light-green-cyan-background-color\"><strong>ASSINE AGORA<\/strong>&nbsp;\u2013&nbsp;<a rel=\"noreferrer noopener\" href=\"https:\/\/www.estrategiaconcursos.com.br\/assinaturas\" target=\"_blank\"><strong>Assinatura Ilimitada<\/strong><\/a><\/p>\n\n\n\n<p style=\"text-align:center\"><strong><em>Fique por dentro de todos os concursos:<\/em><\/strong><\/p>\n\n\n\n<p style=\"text-align:center\" class=\"has-background has-medium-font-size has-pale-cyan-blue-background-color\"><strong><a href=\"https:\/\/www.estrategiaconcursos.com.br\/blog\/concursos-abertos\/\">CONCURSOS ABERTOS<\/a><\/strong><\/p>\n\n\n\n<p style=\"text-align:center\" class=\"has-background has-medium-font-size has-pale-cyan-blue-background-color\"><a href=\"https:\/\/www.estrategiaconcursos.com.br\/blog\/concursos-2019\/\"><strong>CONCURSOS 2019<\/strong><\/a><\/p>\n\n\n\n<p style=\"text-align:center\" class=\"has-background has-medium-font-size has-pale-cyan-blue-background-color\"><a href=\"https:\/\/www.estrategiaconcursos.com.br\/blog\/concursos-2020\/\"><strong>CONCURSOS<\/strong><\/a><strong><a href=\"https:\/\/www.estrategiaconcursos.com.br\/blog\/concursos-2020\/\">&nbsp;2020<\/a><\/strong><\/p>\n\n\n\n<figure class=\"wp-block-image\"><img loading=\"lazy\" decoding=\"async\" width=\"300\" height=\"102\" src=\"https:\/\/dhg1h5j42swfq.cloudfront.net\/2017\/03\/28152500\/coruja-ficha-tecnica-300x102.png\" alt=\"Ficha t\u00e9cnica Concurso prefeitura de Cananeia\" class=\"wp-image-68542\"\/><\/figure>\n\n\n\n<h3 class=\"wp-block-heading\" id=\"ficha-tecnica\"><strong>Informa\u00e7\u00f5es do concurso Prefeitura de Canan\u00e9ia<\/strong><\/h3>\n\n\n\n<p>\u25ba<strong>Data prevista da<\/strong> <strong>prova<\/strong>: 09 de Fevereiro de 2020 <br \/>\u25ba<strong>Vagas<\/strong>: 61<br \/>\u25ba<strong>Cargos<\/strong>: V\u00e1rios<br \/>\u25ba<strong>Banca<\/strong>: Vunesp<br \/>\u25ba<strong>Escolaridade<\/strong>: Alfabetizado, N\u00edvel fundamental, m\u00e9dio, t\u00e9cnico e superior<br \/>\u25ba<strong>Edital<\/strong>:&nbsp;<a rel=\"noreferrer noopener\" aria-label=\"Edital prefeitura de Cananeia (abre numa nova aba)\" href=\"https:\/\/dhg1h5j42swfq.cloudfront.net\/2019\/10\/08151526\/Edital_Prefeitura_de_Cananeia_SP_2019.pdf\" target=\"_blank\">Edital Prefeitura de Canan\u00e9ia<\/a><\/p>\n\n\n\n<p><br \/><em>Ascom Estrat\u00e9gia<br \/><\/em>ascomestrategia@gmail.com<\/p>\n","protected":false},"excerpt":{"rendered":"<p>As inscri\u00e7\u00f5es do concurso Prefeitura de Canan\u00e9ia est\u00e3o encerradas! Os interessados puderam se candidatar no site da banca organizadora, a Funda\u00e7\u00e3o Vunesp, at\u00e9 o dia 5 de dezembro. Al\u00e9m disso, foi necess\u00e1rio pagar uma taxa que variou entre R$ 50,00 e R$ 100,00, conforme a escolaridade do cargo. O edital oferta 61 vagas para diversos [&hellip;]<\/p>\n","protected":false},"author":1,"featured_media":456517,"comment_status":"open","ping_status":"closed","sticky":false,"template":"","format":"standard","meta":{"post_tipo":"news","footnotes":""},"categories":[1],"tags":[],"tax_estado":[],"class_list":["post-431698","post","type-post","status-publish","format-standard","has-post-thumbnail","hentry","category-cursos-e-concursos"],"acf":[],"yoast_head":"<!-- This site is optimized with the Yoast SEO Premium plugin v27.2 (Yoast SEO v27.2) - https:\/\/yoast.com\/product\/yoast-seo-premium-wordpress\/ -->\n<title>Concurso Prefeitura de Canan\u00e9ia: inscri\u00e7\u00f5es encerradas para 61 vagas<\/title>\n<meta name=\"description\" content=\"Concurso Prefeitura de Canan\u00e9ia: Est\u00e3o encerradas as inscri\u00e7\u00f5es! Edital oferta 61 vagas para todos os n\u00edveis. Provas em fevereiro.\" \/>\n<meta name=\"robots\" content=\"index, follow, max-snippet:-1, max-image-preview:large, max-video-preview:-1\" \/>\n<link rel=\"canonical\" href=\"https:\/\/www.estrategiaconcursos.com.br\/blog\/concurso-prefeitura-de-cananeia\/\" \/>\n<meta property=\"og:locale\" content=\"pt_BR\" \/>\n<meta property=\"og:type\" content=\"article\" \/>\n<meta property=\"og:title\" content=\"Concurso Prefeitura de Canan\u00e9ia: inscri\u00e7\u00f5es encerradas para 61 vagas\" \/>\n<meta property=\"og:description\" content=\"Concurso Prefeitura de Canan\u00e9ia: Est\u00e3o encerradas as inscri\u00e7\u00f5es! Edital oferta 61 vagas para todos os n\u00edveis. Provas em fevereiro.\" \/>\n<meta property=\"og:url\" content=\"https:\/\/www.estrategiaconcursos.com.br\/blog\/concurso-prefeitura-de-cananeia\/\" \/>\n<meta property=\"og:site_name\" content=\"Estrat\u00e9gia Concursos\" \/>\n<meta property=\"article:author\" content=\"https:\/\/www.facebook.com\/EstrategiaConcursos\" \/>\n<meta property=\"article:published_time\" content=\"2019-12-06T03:00:14+00:00\" \/>\n<meta property=\"article:modified_time\" content=\"2019-12-06T12:58:25+00:00\" \/>\n<meta property=\"og:image\" content=\"https:\/\/dhg1h5j42swfq.cloudfront.net\/2019\/11\/06095803\/Prefeitura-de-Cananeia-SP.jpg\" \/>\n\t<meta property=\"og:image:width\" content=\"1200\" \/>\n\t<meta property=\"og:image:height\" content=\"628\" \/>\n\t<meta property=\"og:image:type\" content=\"image\/jpeg\" \/>\n<meta name=\"author\" content=\"Coordena\u00e7\u00e3o\" \/>\n<meta name=\"twitter:card\" content=\"summary_large_image\" \/>\n<meta name=\"twitter:creator\" content=\"@EstratConcursos\" \/>\n<meta name=\"twitter:site\" content=\"@EstratConcursos\" \/>\n<meta name=\"twitter:label1\" content=\"Escrito por\" \/>\n\t<meta name=\"twitter:data1\" content=\"Coordena\u00e7\u00e3o\" \/>\n\t<meta name=\"twitter:label2\" content=\"Est. tempo de leitura\" \/>\n\t<meta name=\"twitter:data2\" content=\"4 minutos\" \/>\n<script type=\"application\/ld+json\" class=\"yoast-schema-graph\">{\"@context\":\"https:\/\/schema.org\",\"@graph\":[{\"@type\":\"NewsArticle\",\"@id\":\"https:\/\/www.estrategiaconcursos.com.br\/blog\/concurso-prefeitura-de-cananeia\/#article\",\"isPartOf\":{\"@id\":\"https:\/\/www.estrategiaconcursos.com.br\/blog\/concurso-prefeitura-de-cananeia\/\"},\"author\":{\"name\":\"Coordena\u00e7\u00e3o\",\"@id\":\"https:\/\/www.estrategiaconcursos.com.br\/blog\/#\/schema\/person\/b4a388c97673c5f483d72185668afa1f\"},\"headline\":\"Concurso Prefeitura de Canan\u00e9ia: inscri\u00e7\u00f5es encerradas para 61 vagas\",\"datePublished\":\"2019-12-06T03:00:14+00:00\",\"dateModified\":\"2019-12-06T12:58:25+00:00\",\"mainEntityOfPage\":{\"@id\":\"https:\/\/www.estrategiaconcursos.com.br\/blog\/concurso-prefeitura-de-cananeia\/\"},\"wordCount\":971,\"commentCount\":0,\"publisher\":{\"@id\":\"https:\/\/www.estrategiaconcursos.com.br\/blog\/#organization\"},\"image\":{\"@id\":\"https:\/\/www.estrategiaconcursos.com.br\/blog\/concurso-prefeitura-de-cananeia\/#primaryimage\"},\"thumbnailUrl\":\"https:\/\/dhg1h5j42swfq.cloudfront.net\/2019\/11\/06095803\/Prefeitura-de-Cananeia-SP.jpg\",\"articleSection\":[\"Concursos P\u00fablicos\"],\"inLanguage\":\"pt-BR\",\"potentialAction\":[{\"@type\":\"CommentAction\",\"name\":\"Comment\",\"target\":[\"https:\/\/www.estrategiaconcursos.com.br\/blog\/concurso-prefeitura-de-cananeia\/#respond\"]}],\"copyrightYear\":\"2019\",\"copyrightHolder\":{\"@id\":\"https:\/\/www.estrategiaconcursos.com.br\/blog\/#organization\"}},{\"@type\":\"WebPage\",\"@id\":\"https:\/\/www.estrategiaconcursos.com.br\/blog\/concurso-prefeitura-de-cananeia\/\",\"url\":\"https:\/\/www.estrategiaconcursos.com.br\/blog\/concurso-prefeitura-de-cananeia\/\",\"name\":\"Concurso Prefeitura de Canan\u00e9ia: inscri\u00e7\u00f5es encerradas para 61 vagas\",\"isPartOf\":{\"@id\":\"https:\/\/www.estrategiaconcursos.com.br\/blog\/#website\"},\"primaryImageOfPage\":{\"@id\":\"https:\/\/www.estrategiaconcursos.com.br\/blog\/concurso-prefeitura-de-cananeia\/#primaryimage\"},\"image\":{\"@id\":\"https:\/\/www.estrategiaconcursos.com.br\/blog\/concurso-prefeitura-de-cananeia\/#primaryimage\"},\"thumbnailUrl\":\"https:\/\/dhg1h5j42swfq.cloudfront.net\/2019\/11\/06095803\/Prefeitura-de-Cananeia-SP.jpg\",\"datePublished\":\"2019-12-06T03:00:14+00:00\",\"dateModified\":\"2019-12-06T12:58:25+00:00\",\"description\":\"Concurso Prefeitura de Canan\u00e9ia: Est\u00e3o encerradas as inscri\u00e7\u00f5es! Edital oferta 61 vagas para todos os n\u00edveis. Provas em fevereiro.\",\"breadcrumb\":{\"@id\":\"https:\/\/www.estrategiaconcursos.com.br\/blog\/concurso-prefeitura-de-cananeia\/#breadcrumb\"},\"inLanguage\":\"pt-BR\",\"potentialAction\":[{\"@type\":\"ReadAction\",\"target\":[\"https:\/\/www.estrategiaconcursos.com.br\/blog\/concurso-prefeitura-de-cananeia\/\"]}]},{\"@type\":\"ImageObject\",\"inLanguage\":\"pt-BR\",\"@id\":\"https:\/\/www.estrategiaconcursos.com.br\/blog\/concurso-prefeitura-de-cananeia\/#primaryimage\",\"url\":\"https:\/\/dhg1h5j42swfq.cloudfront.net\/2019\/11\/06095803\/Prefeitura-de-Cananeia-SP.jpg\",\"contentUrl\":\"https:\/\/dhg1h5j42swfq.cloudfront.net\/2019\/11\/06095803\/Prefeitura-de-Cananeia-SP.jpg\",\"width\":1200,\"height\":628},{\"@type\":\"BreadcrumbList\",\"@id\":\"https:\/\/www.estrategiaconcursos.com.br\/blog\/concurso-prefeitura-de-cananeia\/#breadcrumb\",\"itemListElement\":[{\"@type\":\"ListItem\",\"position\":1,\"name\":\"In\u00edcio\",\"item\":\"https:\/\/www.estrategiaconcursos.com.br\/blog\/\"},{\"@type\":\"ListItem\",\"position\":2,\"name\":\"Concurso Prefeitura de Canan\u00e9ia: inscri\u00e7\u00f5es encerradas para 61 vagas\"}]},{\"@type\":\"WebSite\",\"@id\":\"https:\/\/www.estrategiaconcursos.com.br\/blog\/#website\",\"url\":\"https:\/\/www.estrategiaconcursos.com.br\/blog\/\",\"name\":\"Estrat\u00e9gia Concursos\",\"description\":\"O blog da Estrat\u00e9gia Concursos traz not\u00edcias sobre concursos e artigos de professores oferecendo cursos para concursos (pdf + videaulas) no site.\",\"publisher\":{\"@id\":\"https:\/\/www.estrategiaconcursos.com.br\/blog\/#organization\"},\"potentialAction\":[{\"@type\":\"SearchAction\",\"target\":{\"@type\":\"EntryPoint\",\"urlTemplate\":\"https:\/\/www.estrategiaconcursos.com.br\/blog\/?s={search_term_string}\"},\"query-input\":{\"@type\":\"PropertyValueSpecification\",\"valueRequired\":true,\"valueName\":\"search_term_string\"}}],\"inLanguage\":\"pt-BR\"},{\"@type\":\"Organization\",\"@id\":\"https:\/\/www.estrategiaconcursos.com.br\/blog\/#organization\",\"name\":\"Estrat\u00e9gia Concursos\",\"url\":\"https:\/\/www.estrategiaconcursos.com.br\/blog\/\",\"logo\":{\"@type\":\"ImageObject\",\"inLanguage\":\"pt-BR\",\"@id\":\"https:\/\/www.estrategiaconcursos.com.br\/blog\/#\/schema\/logo\/image\/\",\"url\":\"https:\/\/dhg1h5j42swfq.cloudfront.net\/2025\/06\/03203428\/logo_concursos-1.jpg\",\"contentUrl\":\"https:\/\/dhg1h5j42swfq.cloudfront.net\/2025\/06\/03203428\/logo_concursos-1.jpg\",\"width\":230,\"height\":60,\"caption\":\"Estrat\u00e9gia Concursos\"},\"image\":{\"@id\":\"https:\/\/www.estrategiaconcursos.com.br\/blog\/#\/schema\/logo\/image\/\"},\"sameAs\":[\"https:\/\/x.com\/EstratConcursos\"]},{\"@type\":\"Person\",\"@id\":\"https:\/\/www.estrategiaconcursos.com.br\/blog\/#\/schema\/person\/b4a388c97673c5f483d72185668afa1f\",\"name\":\"Coordena\u00e7\u00e3o\",\"image\":{\"@type\":\"ImageObject\",\"inLanguage\":\"pt-BR\",\"@id\":\"https:\/\/secure.gravatar.com\/avatar\/b720319e4c9a967eb58678d110f4fe35452fc5d5f97b202bac7b8acceb18c6ad?s=96&d=mm&r=g\",\"url\":\"https:\/\/secure.gravatar.com\/avatar\/b720319e4c9a967eb58678d110f4fe35452fc5d5f97b202bac7b8acceb18c6ad?s=96&d=mm&r=g\",\"contentUrl\":\"https:\/\/secure.gravatar.com\/avatar\/b720319e4c9a967eb58678d110f4fe35452fc5d5f97b202bac7b8acceb18c6ad?s=96&d=mm&r=g\",\"caption\":\"Coordena\u00e7\u00e3o\"},\"sameAs\":[\"https:\/\/www.facebook.com\/EstrategiaConcursos\",\"https:\/\/x.com\/EstratConcursos\"],\"url\":\"https:\/\/www.estrategiaconcursos.com.br\/blog\/author\/estrategia2013\/\"}]}<\/script>\n<!-- \/ Yoast SEO Premium plugin. -->","yoast_head_json":{"title":"Concurso Prefeitura de Canan\u00e9ia: inscri\u00e7\u00f5es encerradas para 61 vagas","description":"Concurso Prefeitura de Canan\u00e9ia: Est\u00e3o encerradas as inscri\u00e7\u00f5es! Edital oferta 61 vagas para todos os n\u00edveis. Provas em fevereiro.","robots":{"index":"index","follow":"follow","max-snippet":"max-snippet:-1","max-image-preview":"max-image-preview:large","max-video-preview":"max-video-preview:-1"},"canonical":"https:\/\/www.estrategiaconcursos.com.br\/blog\/concurso-prefeitura-de-cananeia\/","og_locale":"pt_BR","og_type":"article","og_title":"Concurso Prefeitura de Canan\u00e9ia: inscri\u00e7\u00f5es encerradas para 61 vagas","og_description":"Concurso Prefeitura de Canan\u00e9ia: Est\u00e3o encerradas as inscri\u00e7\u00f5es! Edital oferta 61 vagas para todos os n\u00edveis. Provas em fevereiro.","og_url":"https:\/\/www.estrategiaconcursos.com.br\/blog\/concurso-prefeitura-de-cananeia\/","og_site_name":"Estrat\u00e9gia Concursos","article_author":"https:\/\/www.facebook.com\/EstrategiaConcursos","article_published_time":"2019-12-06T03:00:14+00:00","article_modified_time":"2019-12-06T12:58:25+00:00","og_image":[{"width":1200,"height":628,"url":"https:\/\/dhg1h5j42swfq.cloudfront.net\/2019\/11\/06095803\/Prefeitura-de-Cananeia-SP.jpg","type":"image\/jpeg"}],"author":"Coordena\u00e7\u00e3o","twitter_card":"summary_large_image","twitter_creator":"@EstratConcursos","twitter_site":"@EstratConcursos","twitter_misc":{"Escrito por":"Coordena\u00e7\u00e3o","Est. tempo de leitura":"4 minutos"},"schema":{"@context":"https:\/\/schema.org","@graph":[{"@type":"NewsArticle","@id":"https:\/\/www.estrategiaconcursos.com.br\/blog\/concurso-prefeitura-de-cananeia\/#article","isPartOf":{"@id":"https:\/\/www.estrategiaconcursos.com.br\/blog\/concurso-prefeitura-de-cananeia\/"},"author":{"name":"Coordena\u00e7\u00e3o","@id":"https:\/\/www.estrategiaconcursos.com.br\/blog\/#\/schema\/person\/b4a388c97673c5f483d72185668afa1f"},"headline":"Concurso Prefeitura de Canan\u00e9ia: inscri\u00e7\u00f5es encerradas para 61 vagas","datePublished":"2019-12-06T03:00:14+00:00","dateModified":"2019-12-06T12:58:25+00:00","mainEntityOfPage":{"@id":"https:\/\/www.estrategiaconcursos.com.br\/blog\/concurso-prefeitura-de-cananeia\/"},"wordCount":971,"commentCount":0,"publisher":{"@id":"https:\/\/www.estrategiaconcursos.com.br\/blog\/#organization"},"image":{"@id":"https:\/\/www.estrategiaconcursos.com.br\/blog\/concurso-prefeitura-de-cananeia\/#primaryimage"},"thumbnailUrl":"https:\/\/dhg1h5j42swfq.cloudfront.net\/2019\/11\/06095803\/Prefeitura-de-Cananeia-SP.jpg","articleSection":["Concursos P\u00fablicos"],"inLanguage":"pt-BR","potentialAction":[{"@type":"CommentAction","name":"Comment","target":["https:\/\/www.estrategiaconcursos.com.br\/blog\/concurso-prefeitura-de-cananeia\/#respond"]}],"copyrightYear":"2019","copyrightHolder":{"@id":"https:\/\/www.estrategiaconcursos.com.br\/blog\/#organization"}},{"@type":"WebPage","@id":"https:\/\/www.estrategiaconcursos.com.br\/blog\/concurso-prefeitura-de-cananeia\/","url":"https:\/\/www.estrategiaconcursos.com.br\/blog\/concurso-prefeitura-de-cananeia\/","name":"Concurso Prefeitura de Canan\u00e9ia: inscri\u00e7\u00f5es encerradas para 61 vagas","isPartOf":{"@id":"https:\/\/www.estrategiaconcursos.com.br\/blog\/#website"},"primaryImageOfPage":{"@id":"https:\/\/www.estrategiaconcursos.com.br\/blog\/concurso-prefeitura-de-cananeia\/#primaryimage"},"image":{"@id":"https:\/\/www.estrategiaconcursos.com.br\/blog\/concurso-prefeitura-de-cananeia\/#primaryimage"},"thumbnailUrl":"https:\/\/dhg1h5j42swfq.cloudfront.net\/2019\/11\/06095803\/Prefeitura-de-Cananeia-SP.jpg","datePublished":"2019-12-06T03:00:14+00:00","dateModified":"2019-12-06T12:58:25+00:00","description":"Concurso Prefeitura de Canan\u00e9ia: Est\u00e3o encerradas as inscri\u00e7\u00f5es! Edital oferta 61 vagas para todos os n\u00edveis. Provas em fevereiro.","breadcrumb":{"@id":"https:\/\/www.estrategiaconcursos.com.br\/blog\/concurso-prefeitura-de-cananeia\/#breadcrumb"},"inLanguage":"pt-BR","potentialAction":[{"@type":"ReadAction","target":["https:\/\/www.estrategiaconcursos.com.br\/blog\/concurso-prefeitura-de-cananeia\/"]}]},{"@type":"ImageObject","inLanguage":"pt-BR","@id":"https:\/\/www.estrategiaconcursos.com.br\/blog\/concurso-prefeitura-de-cananeia\/#primaryimage","url":"https:\/\/dhg1h5j42swfq.cloudfront.net\/2019\/11\/06095803\/Prefeitura-de-Cananeia-SP.jpg","contentUrl":"https:\/\/dhg1h5j42swfq.cloudfront.net\/2019\/11\/06095803\/Prefeitura-de-Cananeia-SP.jpg","width":1200,"height":628},{"@type":"BreadcrumbList","@id":"https:\/\/www.estrategiaconcursos.com.br\/blog\/concurso-prefeitura-de-cananeia\/#breadcrumb","itemListElement":[{"@type":"ListItem","position":1,"name":"In\u00edcio","item":"https:\/\/www.estrategiaconcursos.com.br\/blog\/"},{"@type":"ListItem","position":2,"name":"Concurso Prefeitura de Canan\u00e9ia: inscri\u00e7\u00f5es encerradas para 61 vagas"}]},{"@type":"WebSite","@id":"https:\/\/www.estrategiaconcursos.com.br\/blog\/#website","url":"https:\/\/www.estrategiaconcursos.com.br\/blog\/","name":"Estrat\u00e9gia Concursos","description":"O blog da Estrat\u00e9gia Concursos traz not\u00edcias sobre concursos e artigos de professores oferecendo cursos para concursos (pdf + videaulas) no site.","publisher":{"@id":"https:\/\/www.estrategiaconcursos.com.br\/blog\/#organization"},"potentialAction":[{"@type":"SearchAction","target":{"@type":"EntryPoint","urlTemplate":"https:\/\/www.estrategiaconcursos.com.br\/blog\/?s={search_term_string}"},"query-input":{"@type":"PropertyValueSpecification","valueRequired":true,"valueName":"search_term_string"}}],"inLanguage":"pt-BR"},{"@type":"Organization","@id":"https:\/\/www.estrategiaconcursos.com.br\/blog\/#organization","name":"Estrat\u00e9gia Concursos","url":"https:\/\/www.estrategiaconcursos.com.br\/blog\/","logo":{"@type":"ImageObject","inLanguage":"pt-BR","@id":"https:\/\/www.estrategiaconcursos.com.br\/blog\/#\/schema\/logo\/image\/","url":"https:\/\/dhg1h5j42swfq.cloudfront.net\/2025\/06\/03203428\/logo_concursos-1.jpg","contentUrl":"https:\/\/dhg1h5j42swfq.cloudfront.net\/2025\/06\/03203428\/logo_concursos-1.jpg","width":230,"height":60,"caption":"Estrat\u00e9gia Concursos"},"image":{"@id":"https:\/\/www.estrategiaconcursos.com.br\/blog\/#\/schema\/logo\/image\/"},"sameAs":["https:\/\/x.com\/EstratConcursos"]},{"@type":"Person","@id":"https:\/\/www.estrategiaconcursos.com.br\/blog\/#\/schema\/person\/b4a388c97673c5f483d72185668afa1f","name":"Coordena\u00e7\u00e3o","image":{"@type":"ImageObject","inLanguage":"pt-BR","@id":"https:\/\/secure.gravatar.com\/avatar\/b720319e4c9a967eb58678d110f4fe35452fc5d5f97b202bac7b8acceb18c6ad?s=96&d=mm&r=g","url":"https:\/\/secure.gravatar.com\/avatar\/b720319e4c9a967eb58678d110f4fe35452fc5d5f97b202bac7b8acceb18c6ad?s=96&d=mm&r=g","contentUrl":"https:\/\/secure.gravatar.com\/avatar\/b720319e4c9a967eb58678d110f4fe35452fc5d5f97b202bac7b8acceb18c6ad?s=96&d=mm&r=g","caption":"Coordena\u00e7\u00e3o"},"sameAs":["https:\/\/www.facebook.com\/EstrategiaConcursos","https:\/\/x.com\/EstratConcursos"],"url":"https:\/\/www.estrategiaconcursos.com.br\/blog\/author\/estrategia2013\/"}]}},"_links":{"self":[{"href":"https:\/\/www.estrategiaconcursos.com.br\/blog\/wp-json\/wp\/v2\/posts\/431698","targetHints":{"allow":["GET"]}}],"collection":[{"href":"https:\/\/www.estrategiaconcursos.com.br\/blog\/wp-json\/wp\/v2\/posts"}],"about":[{"href":"https:\/\/www.estrategiaconcursos.com.br\/blog\/wp-json\/wp\/v2\/types\/post"}],"author":[{"embeddable":true,"href":"https:\/\/www.estrategiaconcursos.com.br\/blog\/wp-json\/wp\/v2\/users\/1"}],"replies":[{"embeddable":true,"href":"https:\/\/www.estrategiaconcursos.com.br\/blog\/wp-json\/wp\/v2\/comments?post=431698"}],"version-history":[{"count":11,"href":"https:\/\/www.estrategiaconcursos.com.br\/blog\/wp-json\/wp\/v2\/posts\/431698\/revisions"}],"predecessor-version":[{"id":456518,"href":"https:\/\/www.estrategiaconcursos.com.br\/blog\/wp-json\/wp\/v2\/posts\/431698\/revisions\/456518"}],"wp:featuredmedia":[{"embeddable":true,"href":"https:\/\/www.estrategiaconcursos.com.br\/blog\/wp-json\/wp\/v2\/media\/456517"}],"wp:attachment":[{"href":"https:\/\/www.estrategiaconcursos.com.br\/blog\/wp-json\/wp\/v2\/media?parent=431698"}],"wp:term":[{"taxonomy":"category","embeddable":true,"href":"https:\/\/www.estrategiaconcursos.com.br\/blog\/wp-json\/wp\/v2\/categories?post=431698"},{"taxonomy":"post_tag","embeddable":true,"href":"https:\/\/www.estrategiaconcursos.com.br\/blog\/wp-json\/wp\/v2\/tags?post=431698"},{"taxonomy":"tax_estado","embeddable":true,"href":"https:\/\/www.estrategiaconcursos.com.br\/blog\/wp-json\/wp\/v2\/tax_estado?post=431698"}],"curies":[{"name":"wp","href":"https:\/\/api.w.org\/{rel}","templated":true}]}}