{"id":431449,"date":"2019-10-08T10:00:34","date_gmt":"2019-10-08T13:00:34","guid":{"rendered":"https:\/\/www.estrategiaconcursos.com.br\/blog\/?p=431449"},"modified":"2019-10-08T10:00:37","modified_gmt":"2019-10-08T13:00:37","slug":"concurso-seme-rio-branco-banca","status":"publish","type":"post","link":"https:\/\/www.estrategiaconcursos.com.br\/blog\/concurso-seme-rio-branco-banca\/","title":{"rendered":"Concurso SEME Rio Branco AC: FUNDAPE organizar\u00e1 certame da Educa\u00e7\u00e3o"},"content":{"rendered":"\n<h2 class=\"wp-block-heading\">Vagas s\u00e3o para todos os n\u00edveis de escolaridade<\/h2>\n\n\n\n<p>A <strong>Secretaria Municipal de Educa\u00e7\u00e3o de Rio Branco (AC)<\/strong> divulgou nesta ter\u00e7a-feira (8) a banca organizadora de seu novo concurso p\u00fablico com vagas para cargos de N\u00edvel Fundamental, M\u00e9dio e Superior. A <strong>FUNDAPE<\/strong>, funda\u00e7\u00e3o ligada \u00e0 UFAC, ficar\u00e1 respons\u00e1vel pelo planejamento do certame.<\/p>\n\n\n\n<p>A homologa\u00e7\u00e3o da inexigibilidade de licita\u00e7\u00e3o foi divulgada no Di\u00e1rio Oficial do Munic\u00edpio de Rio Branco. A divulga\u00e7\u00e3o do edital aguarda agora a assinatura do contrato com a organizadora.<\/p>\n\n\n\n<p>O novo certame da SEME Rio Branco foi autorizado em 19 de agosto, quando tamb\u00e9m foi formada a comiss\u00e3o organizadora do concurso. Trata-se de um concurso muito esperado, j\u00e1 que a pasta vinha cobrindo seu d\u00e9ficit de pessoal com a realiza\u00e7\u00e3o de processos seletivos simplificados, como o de 2017.<\/p>\n\n\n\n<p style=\"font-size:25px;text-align:center\" class=\"has-background has-very-light-gray-background-color\"><strong>MAIS INFORMA\u00c7\u00d5ES<\/strong>: <em><a rel=\"noreferrer noopener\" aria-label=\" (abre numa nova aba)\" href=\"https:\/\/www.estrategiaconcursos.com.br\/blog\/concurso-seme-rio-branco\/\" target=\"_blank\">SEME RIO BRANCO<\/a><\/em><\/p>\n\n\n\n<p style=\"font-size:25px;text-align:center\" class=\"has-background has-light-green-cyan-background-color\"><strong><a href=\"https:\/\/estrategiaconcursos.com.br\/cursos\/concurso\/\" target=\"_blank\" rel=\"noreferrer noopener\" aria-label=\"CURSO PARA CONCURSO (abre numa nova aba)\">CURSO PARA CONCURSO<\/a><\/strong><\/p>\n\n\n\n<h2 class=\"wp-block-heading\" style=\"text-align:center\" id=\"assinatura\"><em><strong>Assinatura Anual Ilimitada*<\/strong><\/em><\/h2>\n\n\n\n<p style=\"text-align:center\"><em>Prepare-se com o melhor material e com quem mais aprova em Concursos P\u00fablicos em todo o pa\u00eds. Assine agora a nossa Assinatura Anual e tenha acesso ilimitado* a todos os nossos cursos.<\/em><\/p>\n\n\n\n<p style=\"text-align:center\" class=\"has-background has-medium-font-size has-luminous-vivid-amber-background-color\"><strong>ASSINE AGORA<\/strong>&nbsp;\u2013&nbsp;<strong><a rel=\"noreferrer noopener\" href=\"https:\/\/www.estrategiaconcursos.com.br\/assinaturas\" target=\"_blank\">Assinatura Ilimitada<\/a><\/strong><\/p>\n\n\n\n<p style=\"font-size:22px;text-align:center\" class=\"has-background has-pale-cyan-blue-background-color\"><strong><a href=\"https:\/\/www.estrategiaconcursos.com.br\/blog\/concursos-abertos\/\">CONCURSOS ABERTOS<\/a><\/strong><\/p>\n\n\n\n<p style=\"font-size:22px;text-align:center\" class=\"has-background has-pale-cyan-blue-background-color\"><a href=\"https:\/\/www.estrategiaconcursos.com.br\/blog\/concursos-2019\/\"><strong>CONCURSOS 2019<\/strong><\/a><\/p>\n\n\n\n<p style=\"font-size:22px;text-align:center\" class=\"has-background has-pale-cyan-blue-background-color\"><a href=\"https:\/\/www.estrategiaconcursos.com.br\/blog\/concursos-2020\/\"><strong>CONCURSOS<\/strong><\/a><strong><a href=\"https:\/\/www.estrategiaconcursos.com.br\/blog\/concursos-2020\/\">&nbsp;2020<\/a><\/strong><\/p>\n","protected":false},"excerpt":{"rendered":"<p>Vagas s\u00e3o para todos os n\u00edveis de escolaridade A Secretaria Municipal de Educa\u00e7\u00e3o de Rio Branco (AC) divulgou nesta ter\u00e7a-feira (8) a banca organizadora de seu novo concurso p\u00fablico com vagas para cargos de N\u00edvel Fundamental, M\u00e9dio e Superior. A FUNDAPE, funda\u00e7\u00e3o ligada \u00e0 UFAC, ficar\u00e1 respons\u00e1vel pelo planejamento do certame. A homologa\u00e7\u00e3o da inexigibilidade [&hellip;]<\/p>\n","protected":false},"author":93,"featured_media":413510,"comment_status":"open","ping_status":"closed","sticky":false,"template":"","format":"standard","meta":{"post_tipo":"article","footnotes":""},"categories":[1],"tags":[],"tax_estado":[],"class_list":["post-431449","post","type-post","status-publish","format-standard","has-post-thumbnail","hentry","category-cursos-e-concursos"],"acf":[],"yoast_head":"<!-- This site is optimized with the Yoast SEO Premium plugin v27.2 (Yoast SEO v27.2) - https:\/\/yoast.com\/product\/yoast-seo-premium-wordpress\/ -->\n<title>Concurso SEME Rio Branco AC: FUNDAPE organizar\u00e1 certame da Educa\u00e7\u00e3o<\/title>\n<meta name=\"robots\" content=\"index, follow, max-snippet:-1, max-image-preview:large, max-video-preview:-1\" \/>\n<link rel=\"canonical\" href=\"https:\/\/www.estrategiaconcursos.com.br\/blog\/concurso-seme-rio-branco-banca\/\" \/>\n<meta property=\"og:locale\" content=\"pt_BR\" \/>\n<meta property=\"og:type\" content=\"article\" \/>\n<meta property=\"og:title\" content=\"Concurso SEME Rio Branco AC: FUNDAPE organizar\u00e1 certame da Educa\u00e7\u00e3o\" \/>\n<meta property=\"og:description\" content=\"Vagas s\u00e3o para todos os n\u00edveis de escolaridade A Secretaria Municipal de Educa\u00e7\u00e3o de Rio Branco (AC) divulgou nesta ter\u00e7a-feira (8) a banca organizadora de seu novo concurso p\u00fablico com vagas para cargos de N\u00edvel Fundamental, M\u00e9dio e Superior. A FUNDAPE, funda\u00e7\u00e3o ligada \u00e0 UFAC, ficar\u00e1 respons\u00e1vel pelo planejamento do certame. A homologa\u00e7\u00e3o da inexigibilidade [&hellip;]\" \/>\n<meta property=\"og:url\" content=\"https:\/\/www.estrategiaconcursos.com.br\/blog\/concurso-seme-rio-branco-banca\/\" \/>\n<meta property=\"og:site_name\" content=\"Estrat\u00e9gia Concursos\" \/>\n<meta property=\"article:published_time\" content=\"2019-10-08T13:00:34+00:00\" \/>\n<meta property=\"article:modified_time\" content=\"2019-10-08T13:00:37+00:00\" \/>\n<meta property=\"og:image\" content=\"https:\/\/dhg1h5j42swfq.cloudfront.net\/2019\/08\/27131222\/SEME-RIO-BRANCO.jpg\" \/>\n\t<meta property=\"og:image:width\" content=\"1200\" \/>\n\t<meta property=\"og:image:height\" content=\"628\" \/>\n\t<meta property=\"og:image:type\" content=\"image\/jpeg\" \/>\n<meta name=\"author\" content=\"Vinicius Silva\" \/>\n<meta name=\"twitter:card\" content=\"summary_large_image\" \/>\n<meta name=\"twitter:creator\" content=\"@EstratConcursos\" \/>\n<meta name=\"twitter:site\" content=\"@EstratConcursos\" \/>\n<meta name=\"twitter:label1\" content=\"Escrito por\" \/>\n\t<meta name=\"twitter:data1\" content=\"Vinicius Silva\" \/>\n\t<meta name=\"twitter:label2\" content=\"Est. tempo de leitura\" \/>\n\t<meta name=\"twitter:data2\" content=\"1 minuto\" \/>\n<script type=\"application\/ld+json\" class=\"yoast-schema-graph\">{\"@context\":\"https:\/\/schema.org\",\"@graph\":[{\"@type\":\"NewsArticle\",\"@id\":\"https:\/\/www.estrategiaconcursos.com.br\/blog\/concurso-seme-rio-branco-banca\/#article\",\"isPartOf\":{\"@id\":\"https:\/\/www.estrategiaconcursos.com.br\/blog\/concurso-seme-rio-branco-banca\/\"},\"author\":{\"name\":\"Vinicius Silva\",\"@id\":\"https:\/\/www.estrategiaconcursos.com.br\/blog\/#\/schema\/person\/20030622a981f9a942ad6b3561fe4ca4\"},\"headline\":\"Concurso SEME Rio Branco AC: FUNDAPE organizar\u00e1 certame da Educa\u00e7\u00e3o\",\"datePublished\":\"2019-10-08T13:00:34+00:00\",\"dateModified\":\"2019-10-08T13:00:37+00:00\",\"mainEntityOfPage\":{\"@id\":\"https:\/\/www.estrategiaconcursos.com.br\/blog\/concurso-seme-rio-branco-banca\/\"},\"wordCount\":211,\"commentCount\":0,\"publisher\":{\"@id\":\"https:\/\/www.estrategiaconcursos.com.br\/blog\/#organization\"},\"image\":{\"@id\":\"https:\/\/www.estrategiaconcursos.com.br\/blog\/concurso-seme-rio-branco-banca\/#primaryimage\"},\"thumbnailUrl\":\"https:\/\/dhg1h5j42swfq.cloudfront.net\/2019\/08\/27131222\/SEME-RIO-BRANCO.jpg\",\"articleSection\":[\"Concursos P\u00fablicos\"],\"inLanguage\":\"pt-BR\",\"potentialAction\":[{\"@type\":\"CommentAction\",\"name\":\"Comment\",\"target\":[\"https:\/\/www.estrategiaconcursos.com.br\/blog\/concurso-seme-rio-branco-banca\/#respond\"]}],\"copyrightYear\":\"2019\",\"copyrightHolder\":{\"@id\":\"https:\/\/www.estrategiaconcursos.com.br\/blog\/#organization\"}},{\"@type\":\"WebPage\",\"@id\":\"https:\/\/www.estrategiaconcursos.com.br\/blog\/concurso-seme-rio-branco-banca\/\",\"url\":\"https:\/\/www.estrategiaconcursos.com.br\/blog\/concurso-seme-rio-branco-banca\/\",\"name\":\"Concurso SEME Rio Branco AC: FUNDAPE organizar\u00e1 certame da Educa\u00e7\u00e3o\",\"isPartOf\":{\"@id\":\"https:\/\/www.estrategiaconcursos.com.br\/blog\/#website\"},\"primaryImageOfPage\":{\"@id\":\"https:\/\/www.estrategiaconcursos.com.br\/blog\/concurso-seme-rio-branco-banca\/#primaryimage\"},\"image\":{\"@id\":\"https:\/\/www.estrategiaconcursos.com.br\/blog\/concurso-seme-rio-branco-banca\/#primaryimage\"},\"thumbnailUrl\":\"https:\/\/dhg1h5j42swfq.cloudfront.net\/2019\/08\/27131222\/SEME-RIO-BRANCO.jpg\",\"datePublished\":\"2019-10-08T13:00:34+00:00\",\"dateModified\":\"2019-10-08T13:00:37+00:00\",\"breadcrumb\":{\"@id\":\"https:\/\/www.estrategiaconcursos.com.br\/blog\/concurso-seme-rio-branco-banca\/#breadcrumb\"},\"inLanguage\":\"pt-BR\",\"potentialAction\":[{\"@type\":\"ReadAction\",\"target\":[\"https:\/\/www.estrategiaconcursos.com.br\/blog\/concurso-seme-rio-branco-banca\/\"]}]},{\"@type\":\"ImageObject\",\"inLanguage\":\"pt-BR\",\"@id\":\"https:\/\/www.estrategiaconcursos.com.br\/blog\/concurso-seme-rio-branco-banca\/#primaryimage\",\"url\":\"https:\/\/dhg1h5j42swfq.cloudfront.net\/2019\/08\/27131222\/SEME-RIO-BRANCO.jpg\",\"contentUrl\":\"https:\/\/dhg1h5j42swfq.cloudfront.net\/2019\/08\/27131222\/SEME-RIO-BRANCO.jpg\",\"width\":1200,\"height\":628,\"caption\":\"concurso seme rio branco\"},{\"@type\":\"BreadcrumbList\",\"@id\":\"https:\/\/www.estrategiaconcursos.com.br\/blog\/concurso-seme-rio-branco-banca\/#breadcrumb\",\"itemListElement\":[{\"@type\":\"ListItem\",\"position\":1,\"name\":\"In\u00edcio\",\"item\":\"https:\/\/www.estrategiaconcursos.com.br\/blog\/\"},{\"@type\":\"ListItem\",\"position\":2,\"name\":\"Concurso SEME Rio Branco AC: FUNDAPE organizar\u00e1 certame da Educa\u00e7\u00e3o\"}]},{\"@type\":\"WebSite\",\"@id\":\"https:\/\/www.estrategiaconcursos.com.br\/blog\/#website\",\"url\":\"https:\/\/www.estrategiaconcursos.com.br\/blog\/\",\"name\":\"Estrat\u00e9gia Concursos\",\"description\":\"O blog da Estrat\u00e9gia Concursos traz not\u00edcias sobre concursos e artigos de professores oferecendo cursos para concursos (pdf + videaulas) no site.\",\"publisher\":{\"@id\":\"https:\/\/www.estrategiaconcursos.com.br\/blog\/#organization\"},\"potentialAction\":[{\"@type\":\"SearchAction\",\"target\":{\"@type\":\"EntryPoint\",\"urlTemplate\":\"https:\/\/www.estrategiaconcursos.com.br\/blog\/?s={search_term_string}\"},\"query-input\":{\"@type\":\"PropertyValueSpecification\",\"valueRequired\":true,\"valueName\":\"search_term_string\"}}],\"inLanguage\":\"pt-BR\"},{\"@type\":\"Organization\",\"@id\":\"https:\/\/www.estrategiaconcursos.com.br\/blog\/#organization\",\"name\":\"Estrat\u00e9gia Concursos\",\"url\":\"https:\/\/www.estrategiaconcursos.com.br\/blog\/\",\"logo\":{\"@type\":\"ImageObject\",\"inLanguage\":\"pt-BR\",\"@id\":\"https:\/\/www.estrategiaconcursos.com.br\/blog\/#\/schema\/logo\/image\/\",\"url\":\"https:\/\/dhg1h5j42swfq.cloudfront.net\/2025\/06\/03203428\/logo_concursos-1.jpg\",\"contentUrl\":\"https:\/\/dhg1h5j42swfq.cloudfront.net\/2025\/06\/03203428\/logo_concursos-1.jpg\",\"width\":230,\"height\":60,\"caption\":\"Estrat\u00e9gia Concursos\"},\"image\":{\"@id\":\"https:\/\/www.estrategiaconcursos.com.br\/blog\/#\/schema\/logo\/image\/\"},\"sameAs\":[\"https:\/\/x.com\/EstratConcursos\"]},{\"@type\":\"Person\",\"@id\":\"https:\/\/www.estrategiaconcursos.com.br\/blog\/#\/schema\/person\/20030622a981f9a942ad6b3561fe4ca4\",\"name\":\"Vinicius Silva\",\"image\":{\"@type\":\"ImageObject\",\"inLanguage\":\"pt-BR\",\"@id\":\"https:\/\/secure.gravatar.com\/avatar\/604d9670a4c7eea71feaa4381f3ae97e148292ac402671c5944aa67a3d127663?s=96&d=mm&r=g\",\"url\":\"https:\/\/secure.gravatar.com\/avatar\/604d9670a4c7eea71feaa4381f3ae97e148292ac402671c5944aa67a3d127663?s=96&d=mm&r=g\",\"contentUrl\":\"https:\/\/secure.gravatar.com\/avatar\/604d9670a4c7eea71feaa4381f3ae97e148292ac402671c5944aa67a3d127663?s=96&d=mm&r=g\",\"caption\":\"Vinicius Silva\"},\"url\":\"https:\/\/www.estrategiaconcursos.com.br\/blog\/author\/viniciussilvaestrategiaconcursos-com-br\/\"}]}<\/script>\n<!-- \/ Yoast SEO Premium plugin. -->","yoast_head_json":{"title":"Concurso SEME Rio Branco AC: FUNDAPE organizar\u00e1 certame da Educa\u00e7\u00e3o","robots":{"index":"index","follow":"follow","max-snippet":"max-snippet:-1","max-image-preview":"max-image-preview:large","max-video-preview":"max-video-preview:-1"},"canonical":"https:\/\/www.estrategiaconcursos.com.br\/blog\/concurso-seme-rio-branco-banca\/","og_locale":"pt_BR","og_type":"article","og_title":"Concurso SEME Rio Branco AC: FUNDAPE organizar\u00e1 certame da Educa\u00e7\u00e3o","og_description":"Vagas s\u00e3o para todos os n\u00edveis de escolaridade A Secretaria Municipal de Educa\u00e7\u00e3o de Rio Branco (AC) divulgou nesta ter\u00e7a-feira (8) a banca organizadora de seu novo concurso p\u00fablico com vagas para cargos de N\u00edvel Fundamental, M\u00e9dio e Superior. A FUNDAPE, funda\u00e7\u00e3o ligada \u00e0 UFAC, ficar\u00e1 respons\u00e1vel pelo planejamento do certame. A homologa\u00e7\u00e3o da inexigibilidade [&hellip;]","og_url":"https:\/\/www.estrategiaconcursos.com.br\/blog\/concurso-seme-rio-branco-banca\/","og_site_name":"Estrat\u00e9gia Concursos","article_published_time":"2019-10-08T13:00:34+00:00","article_modified_time":"2019-10-08T13:00:37+00:00","og_image":[{"width":1200,"height":628,"url":"https:\/\/dhg1h5j42swfq.cloudfront.net\/2019\/08\/27131222\/SEME-RIO-BRANCO.jpg","type":"image\/jpeg"}],"author":"Vinicius Silva","twitter_card":"summary_large_image","twitter_creator":"@EstratConcursos","twitter_site":"@EstratConcursos","twitter_misc":{"Escrito por":"Vinicius Silva","Est. tempo de leitura":"1 minuto"},"schema":{"@context":"https:\/\/schema.org","@graph":[{"@type":"NewsArticle","@id":"https:\/\/www.estrategiaconcursos.com.br\/blog\/concurso-seme-rio-branco-banca\/#article","isPartOf":{"@id":"https:\/\/www.estrategiaconcursos.com.br\/blog\/concurso-seme-rio-branco-banca\/"},"author":{"name":"Vinicius Silva","@id":"https:\/\/www.estrategiaconcursos.com.br\/blog\/#\/schema\/person\/20030622a981f9a942ad6b3561fe4ca4"},"headline":"Concurso SEME Rio Branco AC: FUNDAPE organizar\u00e1 certame da Educa\u00e7\u00e3o","datePublished":"2019-10-08T13:00:34+00:00","dateModified":"2019-10-08T13:00:37+00:00","mainEntityOfPage":{"@id":"https:\/\/www.estrategiaconcursos.com.br\/blog\/concurso-seme-rio-branco-banca\/"},"wordCount":211,"commentCount":0,"publisher":{"@id":"https:\/\/www.estrategiaconcursos.com.br\/blog\/#organization"},"image":{"@id":"https:\/\/www.estrategiaconcursos.com.br\/blog\/concurso-seme-rio-branco-banca\/#primaryimage"},"thumbnailUrl":"https:\/\/dhg1h5j42swfq.cloudfront.net\/2019\/08\/27131222\/SEME-RIO-BRANCO.jpg","articleSection":["Concursos P\u00fablicos"],"inLanguage":"pt-BR","potentialAction":[{"@type":"CommentAction","name":"Comment","target":["https:\/\/www.estrategiaconcursos.com.br\/blog\/concurso-seme-rio-branco-banca\/#respond"]}],"copyrightYear":"2019","copyrightHolder":{"@id":"https:\/\/www.estrategiaconcursos.com.br\/blog\/#organization"}},{"@type":"WebPage","@id":"https:\/\/www.estrategiaconcursos.com.br\/blog\/concurso-seme-rio-branco-banca\/","url":"https:\/\/www.estrategiaconcursos.com.br\/blog\/concurso-seme-rio-branco-banca\/","name":"Concurso SEME Rio Branco AC: FUNDAPE organizar\u00e1 certame da Educa\u00e7\u00e3o","isPartOf":{"@id":"https:\/\/www.estrategiaconcursos.com.br\/blog\/#website"},"primaryImageOfPage":{"@id":"https:\/\/www.estrategiaconcursos.com.br\/blog\/concurso-seme-rio-branco-banca\/#primaryimage"},"image":{"@id":"https:\/\/www.estrategiaconcursos.com.br\/blog\/concurso-seme-rio-branco-banca\/#primaryimage"},"thumbnailUrl":"https:\/\/dhg1h5j42swfq.cloudfront.net\/2019\/08\/27131222\/SEME-RIO-BRANCO.jpg","datePublished":"2019-10-08T13:00:34+00:00","dateModified":"2019-10-08T13:00:37+00:00","breadcrumb":{"@id":"https:\/\/www.estrategiaconcursos.com.br\/blog\/concurso-seme-rio-branco-banca\/#breadcrumb"},"inLanguage":"pt-BR","potentialAction":[{"@type":"ReadAction","target":["https:\/\/www.estrategiaconcursos.com.br\/blog\/concurso-seme-rio-branco-banca\/"]}]},{"@type":"ImageObject","inLanguage":"pt-BR","@id":"https:\/\/www.estrategiaconcursos.com.br\/blog\/concurso-seme-rio-branco-banca\/#primaryimage","url":"https:\/\/dhg1h5j42swfq.cloudfront.net\/2019\/08\/27131222\/SEME-RIO-BRANCO.jpg","contentUrl":"https:\/\/dhg1h5j42swfq.cloudfront.net\/2019\/08\/27131222\/SEME-RIO-BRANCO.jpg","width":1200,"height":628,"caption":"concurso seme rio branco"},{"@type":"BreadcrumbList","@id":"https:\/\/www.estrategiaconcursos.com.br\/blog\/concurso-seme-rio-branco-banca\/#breadcrumb","itemListElement":[{"@type":"ListItem","position":1,"name":"In\u00edcio","item":"https:\/\/www.estrategiaconcursos.com.br\/blog\/"},{"@type":"ListItem","position":2,"name":"Concurso SEME Rio Branco AC: FUNDAPE organizar\u00e1 certame da Educa\u00e7\u00e3o"}]},{"@type":"WebSite","@id":"https:\/\/www.estrategiaconcursos.com.br\/blog\/#website","url":"https:\/\/www.estrategiaconcursos.com.br\/blog\/","name":"Estrat\u00e9gia Concursos","description":"O blog da Estrat\u00e9gia Concursos traz not\u00edcias sobre concursos e artigos de professores oferecendo cursos para concursos (pdf + videaulas) no site.","publisher":{"@id":"https:\/\/www.estrategiaconcursos.com.br\/blog\/#organization"},"potentialAction":[{"@type":"SearchAction","target":{"@type":"EntryPoint","urlTemplate":"https:\/\/www.estrategiaconcursos.com.br\/blog\/?s={search_term_string}"},"query-input":{"@type":"PropertyValueSpecification","valueRequired":true,"valueName":"search_term_string"}}],"inLanguage":"pt-BR"},{"@type":"Organization","@id":"https:\/\/www.estrategiaconcursos.com.br\/blog\/#organization","name":"Estrat\u00e9gia Concursos","url":"https:\/\/www.estrategiaconcursos.com.br\/blog\/","logo":{"@type":"ImageObject","inLanguage":"pt-BR","@id":"https:\/\/www.estrategiaconcursos.com.br\/blog\/#\/schema\/logo\/image\/","url":"https:\/\/dhg1h5j42swfq.cloudfront.net\/2025\/06\/03203428\/logo_concursos-1.jpg","contentUrl":"https:\/\/dhg1h5j42swfq.cloudfront.net\/2025\/06\/03203428\/logo_concursos-1.jpg","width":230,"height":60,"caption":"Estrat\u00e9gia Concursos"},"image":{"@id":"https:\/\/www.estrategiaconcursos.com.br\/blog\/#\/schema\/logo\/image\/"},"sameAs":["https:\/\/x.com\/EstratConcursos"]},{"@type":"Person","@id":"https:\/\/www.estrategiaconcursos.com.br\/blog\/#\/schema\/person\/20030622a981f9a942ad6b3561fe4ca4","name":"Vinicius Silva","image":{"@type":"ImageObject","inLanguage":"pt-BR","@id":"https:\/\/secure.gravatar.com\/avatar\/604d9670a4c7eea71feaa4381f3ae97e148292ac402671c5944aa67a3d127663?s=96&d=mm&r=g","url":"https:\/\/secure.gravatar.com\/avatar\/604d9670a4c7eea71feaa4381f3ae97e148292ac402671c5944aa67a3d127663?s=96&d=mm&r=g","contentUrl":"https:\/\/secure.gravatar.com\/avatar\/604d9670a4c7eea71feaa4381f3ae97e148292ac402671c5944aa67a3d127663?s=96&d=mm&r=g","caption":"Vinicius Silva"},"url":"https:\/\/www.estrategiaconcursos.com.br\/blog\/author\/viniciussilvaestrategiaconcursos-com-br\/"}]}},"_links":{"self":[{"href":"https:\/\/www.estrategiaconcursos.com.br\/blog\/wp-json\/wp\/v2\/posts\/431449","targetHints":{"allow":["GET"]}}],"collection":[{"href":"https:\/\/www.estrategiaconcursos.com.br\/blog\/wp-json\/wp\/v2\/posts"}],"about":[{"href":"https:\/\/www.estrategiaconcursos.com.br\/blog\/wp-json\/wp\/v2\/types\/post"}],"author":[{"embeddable":true,"href":"https:\/\/www.estrategiaconcursos.com.br\/blog\/wp-json\/wp\/v2\/users\/93"}],"replies":[{"embeddable":true,"href":"https:\/\/www.estrategiaconcursos.com.br\/blog\/wp-json\/wp\/v2\/comments?post=431449"}],"version-history":[{"count":1,"href":"https:\/\/www.estrategiaconcursos.com.br\/blog\/wp-json\/wp\/v2\/posts\/431449\/revisions"}],"predecessor-version":[{"id":431452,"href":"https:\/\/www.estrategiaconcursos.com.br\/blog\/wp-json\/wp\/v2\/posts\/431449\/revisions\/431452"}],"wp:featuredmedia":[{"embeddable":true,"href":"https:\/\/www.estrategiaconcursos.com.br\/blog\/wp-json\/wp\/v2\/media\/413510"}],"wp:attachment":[{"href":"https:\/\/www.estrategiaconcursos.com.br\/blog\/wp-json\/wp\/v2\/media?parent=431449"}],"wp:term":[{"taxonomy":"category","embeddable":true,"href":"https:\/\/www.estrategiaconcursos.com.br\/blog\/wp-json\/wp\/v2\/categories?post=431449"},{"taxonomy":"post_tag","embeddable":true,"href":"https:\/\/www.estrategiaconcursos.com.br\/blog\/wp-json\/wp\/v2\/tags?post=431449"},{"taxonomy":"tax_estado","embeddable":true,"href":"https:\/\/www.estrategiaconcursos.com.br\/blog\/wp-json\/wp\/v2\/tax_estado?post=431449"}],"curies":[{"name":"wp","href":"https:\/\/api.w.org\/{rel}","templated":true}]}}