{"id":431374,"date":"2020-10-09T08:00:00","date_gmt":"2020-10-09T11:00:00","guid":{"rendered":"https:\/\/www.estrategiaconcursos.com.br\/blog\/?p=431374"},"modified":"2020-12-16T10:20:19","modified_gmt":"2020-12-16T13:20:19","slug":"concurso-hcu-ufu","status":"publish","type":"post","link":"https:\/\/www.estrategiaconcursos.com.br\/blog\/concurso-hcu-ufu\/","title":{"rendered":"Concurso HC UFU: edital de classifica\u00e7\u00e3o final \u00e9 publicado"},"content":{"rendered":"\n<p>Foi publicado, no site da Vunesp, banca organizadora do certame, o edital de classifica\u00e7\u00e3o final do concurso HC UFU, do Hospital das Cl\u00ednicas da Universidade Federal de Uberl\u00e2ndia.<\/p>\n\n\n\n<h4 class=\"wp-block-heading\">Confira abaixo o os documentos:<\/h4>\n\n\n\n<p class=\"has-text-align-center has-background\" style=\"font-size:clamp(14.642px, 0.915rem + ((1vw - 3.2px) * 0.721), 22px);px;background-color:#dadada\"><strong><a href=\"https:\/\/dhg1h5j42swfq.cloudfront.net\/2020\/10\/10111950\/AC.pdf\" target=\"_blank\" rel=\"noreferrer noopener\">Ampla concorr\u00eancia<\/a><br \/><a href=\"https:\/\/dhg1h5j42swfq.cloudfront.net\/2020\/10\/10112042\/negrosepardos.pdf\" target=\"_blank\" rel=\"noreferrer noopener\">Negros e pardos<\/a><br \/><a href=\"https:\/\/dhg1h5j42swfq.cloudfront.net\/2020\/10\/10112121\/pcd.pdf\" target=\"_blank\" rel=\"noreferrer noopener\">Pessoas com defici\u00eancia<\/a><\/strong><\/p>\n\n\n\n<p>Lembrando que as vagas est\u00e3o distribu\u00eddas em tr\u00eas editais:<\/p>\n\n\n\n<ul class=\"wp-block-list\"><li><strong>Edital n\u00ba02\/2019<\/strong> \u2013 216 vagas + forma\u00e7\u00e3o de cadastro reserva para a \u00e1rea M\u00e9dica;<\/li><li><strong>Edital n\u00ba03\/2019<\/strong> \u2013 475 vagas + forma\u00e7\u00e3o de cadastro reserva na \u00e1rea Assistencial;<\/li><li><strong>Edital n\u00ba04\/2019<\/strong> \u2013 113 vagas + forma\u00e7\u00e3o de cadastro reserva para a \u00e1rea Administrativa.<\/li><\/ul>\n\n\n\n<p>Nosso objetivo \u00e9 deixar voc\u00ea 100% informado. Acompanhe pelos t\u00f3picos a seguir:<\/p>\n\n\n\n<p><strong><em><a href=\"#cargo\">Cargos, vagas e remunera\u00e7\u00f5es<\/a><br \/><a href=\"#etapa\">Etapas do concurso<\/a><br \/><a href=\"#cursos\">Cursos e assinaturas<\/a><br \/><a href=\"#ficha\">Ficha t\u00e9cnica<\/a><\/em><\/strong><\/p>\n\n\n\n<h2 class=\"wp-block-heading\" id=\"cargo\">Cargos, vagas e remunera\u00e7\u00f5es<\/h2>\n\n\n\n<h2 class=\"wp-block-heading\">Edital n\u00ba02\/2019 \u00e1rea M\u00e9dica<\/h2>\n\n\n\n<h3 class=\"wp-block-heading\">Cargos e Remunera\u00e7\u00e3o <\/h3>\n\n\n\n<ul class=\"wp-block-list\"><li>M\u00e9dico &#8211; Alergia E Imunologia (1 vaga)<\/li><li> M\u00e9dico &#8211; Alergia E Imunologia Pedi\u00e1trica (1 vaga)<\/li><li> M\u00e9dico &#8211; Anestesiologia (20 vagas)<\/li><li> M\u00e9dico &#8211; Angiorradiologia E Cirurgia Endovascular  (1 vaga)<\/li><li> M\u00e9dico &#8211; Cancerologia Cir\u00fargica  (1 vaga)<\/li><li> M\u00e9dico &#8211; Cancerologia Cl\u00ednica (2 vagas)<\/li><li> M\u00e9dico &#8211; Cancerologia Pedi\u00e1trica (1 vaga)<\/li><li> M\u00e9dico &#8211; Cardiologia (1 vaga)<\/li><li> M\u00e9dico &#8211; Cardiologia &#8211; Eletrofisiologia Cl\u00ednica Invasiva (2 vagas)<\/li><li> M\u00e9dico &#8211; Cardiologia Pedi\u00e1trica (1 vaga)<\/li><li> M\u00e9dico &#8211; Cirurgia Cardiovascular (2 vaga)<\/li><li> M\u00e9dico &#8211; Cirurgia Cr\u00e2nio-Maxilo-Facial<\/li><li> M\u00e9dico &#8211; Cirurgia Da M\u00e3o(1 vaga)<\/li><li> M\u00e9dico &#8211; Cirurgia De Cabe\u00e7a E Pesco\u00e7o (2 vagas)<\/li><li> M\u00e9dico &#8211; Cirurgia Do Aparelho Digestivo (5 vagas)<\/li><li> M\u00e9dico &#8211; Cirurgia Do Trauma (1 vaga)<\/li><li> M\u00e9dico &#8211; Cirurgia Geral (9 vagas)<\/li><li> M\u00e9dico &#8211; Cirurgia Pedi\u00e1trica (2 vagas)<\/li><li> M\u00e9dico &#8211; Cirurgia Pl\u00e1stica (5 vagas)<\/li><li> M\u00e9dico &#8211; Cirurgia Tor\u00e1cica  (2 vagas)<\/li><li> M\u00e9dico &#8211; Cirurgia Vascular (6 vagas)<\/li><li> M\u00e9dico &#8211; Cl\u00ednica M\u00e9dica (28 vagas)<\/li><li> M\u00e9dico &#8211; Coloproctologia (2 vagas)<\/li><li> M\u00e9dico &#8211; Dermatologia (1 vaga)<\/li><li> M\u00e9dico &#8211; Ecocardiografia (2 vagas)<\/li><li> M\u00e9dico &#8211; Endocrinologia E Metabologia  (1 vaga)<\/li><li> M\u00e9dico &#8211; Endocrinologia Pedi\u00e1trica (1 vaga)<\/li><li> M\u00e9dico &#8211; Gastroenterologia  (1 vaga)<\/li><li> M\u00e9dico &#8211; Gastroenterologia Pedi\u00e1trica (CR)<\/li><li> M\u00e9dico &#8211; Gen\u00e9tica M\u00e9dica (CR)<\/li><li> M\u00e9dico &#8211; Geriatria (2)<\/li><li> M\u00e9dico &#8211; Ginecologia E Obstetr\u00edcia (9)<\/li><li> M\u00e9dico &#8211; Hematologia E Hemoterapia (3)<\/li><li> M\u00e9dico &#8211; Hemodin\u00e2mica E Cardiologia Intervencionista (3)<\/li><li> M\u00e9dico &#8211; Hepatologia(1)<\/li><li> M\u00e9dico &#8211; Infectologia (5)<\/li><li> M\u00e9dico &#8211; Mastologia (1)<\/li><li> M\u00e9dico &#8211; Medicina Do Trabalho (1)<\/li><li> M\u00e9dico &#8211; Medicina Intensiva (8)<\/li><li> M\u00e9dico &#8211; Medicina Intensiva Pedi\u00e1trica (1)<\/li><li> M\u00e9dico &#8211; Medicina Paliativa (1)<\/li><li> M\u00e9dico &#8211; Nefrologia (5)<\/li><li> M\u00e9dico &#8211; Nefrologia Pedi\u00e1trica (CR)<\/li><li> M\u00e9dico &#8211; Neonatologia (10)<\/li><li> M\u00e9dico &#8211; Neurocirurgia (5)<\/li><li> M\u00e9dico &#8211; Neurofisiologia Cl\u00ednica (1)<\/li><li> M\u00e9dico &#8211; Neurologia (2)<\/li><li> M\u00e9dico &#8211; Neurologia Pedi\u00e1trica (CR)<\/li><li> M\u00e9dico &#8211; Nutrologia (1)<\/li><li> M\u00e9dico &#8211; Oftalmologia (5)<\/li><li> M\u00e9dico &#8211; Ortopedia E Traumatologia (13)<\/li><li> M\u00e9dico &#8211; Otorrinolaringologia (3)<\/li><li> M\u00e9dico &#8211; Patologia (2)<\/li><li> M\u00e9dico &#8211; Pediatria(8)<\/li><li> M\u00e9dico &#8211; Pneumologia (CR)<\/li><li> M\u00e9dico &#8211; Pneumologia Pedi\u00e1trica(1)<\/li><li> M\u00e9dico &#8211; Psiquiatria (4)<\/li><li> M\u00e9dico &#8211; Psiquiatria Da Inf\u00e2ncia E Adolesc\u00eancia (CR)<\/li><li> M\u00e9dico &#8211; Radiologia E Diagn\u00f3stico Por Imagem (5)<\/li><li> M\u00e9dico &#8211; Radioterapia (1)<\/li><li> M\u00e9dico &#8211; Reumatologia (1)<\/li><li> M\u00e9dico &#8211; Reumatologia Pedi\u00e1trica (CR)<\/li><li> M\u00e9dico &#8211; Ultrassonografia Em Ginecologia E Obstetr\u00edcia (1)<\/li><li> M\u00e9dico &#8211; Urologia (5)<\/li><li> M\u00e9dico \u2013 Medicina De Emerg\u00eancia (5)<\/li><\/ul>\n\n\n\n<p>Os m\u00e9dicos ter\u00e3o sal\u00e1rios de R$ 8.647,57 por jornada de trabalho de 24 horas semanais.  <\/p>\n\n\n\n<h2 class=\"wp-block-heading\">Edital n\u00ba03\/2019 \u00e1rea Assistencial <\/h2>\n\n\n\n<h3 class=\"wp-block-heading\">Cargos e Remunera\u00e7\u00e3o <\/h3>\n\n\n\n<ul class=\"wp-block-list\"><li>Assistente Social, (4)<\/li><li>Biom\u00e9dico, (1)<\/li><li>Cirurgi\u00e3o-Dentista, (3)<\/li><li>Enfermeiro, (134)<\/li><li>Farmac\u00eautico, (CR)<\/li><li>Fisioterapeuta, (15)<\/li><li>Fonoaudi\u00f3logo, (5)<\/li><li>Nutricionista, (CR)<\/li><li>Pedagogo, (CR)<\/li><li>Psic\u00f3logo, (2)<\/li><li>Terapeuta Ocupacional, (CR)<\/li><li>T\u00e9cnico em An\u00e1lises Cl\u00ednicas, (9)<\/li><li>T\u00e9cnico em Citopatologia, (1)<\/li><li>T\u00e9cnico em Enfermagem, (264)<\/li><li>T\u00e9cnico em Enfermagem em Sa\u00fade do Trabalhador, (1)<\/li><li>T\u00e9cnico em Farm\u00e1cia, (16)<\/li><li>T\u00e9cnico em Necropsia, (1)<\/li><li>T\u00e9cnico em Radiologia (8)<\/li><li>T\u00e9cnico em Radiologia &#8211; Radioterapia (10)<\/li><\/ul>\n\n\n\n<p>Estes servidores ter\u00e3o sal\u00e1rios entre R$ 2.170,22 e R$ 6.690,39 por jornadas de 24h a 40h semanais. <\/p>\n\n\n\n<h2 class=\"wp-block-heading\">Edital n\u00ba04\/2019 \u00e1rea Administrativa <\/h2>\n\n\n\n<ul class=\"wp-block-list\"><li>Advogado;&nbsp;(1)<\/li><li>Analista&nbsp;Administrativo (administra\u00e7\u00e3o, biblioteconomia, contabilidade, estat\u00edstica, gest\u00e3o hospitalar e qualquer n\u00edvel superior); (18)<\/li><li>Analista de Tecnologia da Informa\u00e7\u00e3o; (CR)<\/li><li>Engenheiro Civil; (CR)<\/li><li>Engenheiro Cl\u00ednico; (CR)<\/li><li>Engenheiro Eletricista;(CR)<\/li><li>Engenheiro Mec\u00e2nico; (CR)<\/li><li>Engenheiro de Seguran\u00e7a do Trabalho; (CR)<\/li><li>Jornalista; (1)<\/li><li>Assistente Administrativo;(93)<\/li><li>T\u00e9cnico em Contabilidade; (CR)<\/li><li>T\u00e9cnico em Seguran\u00e7a do Trabalho. (CR)<\/li><\/ul>\n\n\n\n<p>Vale ressaltar que para estes cargos os vencimentos podem variar entre R$ 2.451,14 a R$ 10.350,46, conforme a jornada de trabalho. <\/p>\n\n\n\n<h2 class=\"wp-block-heading\" id=\"etapa\">Etapas do concurso &#8211; concurso HC UFU <\/h2>\n\n\n\n<ul class=\"wp-block-list\"><li>1\u00aa Prova Objetiva (M\u00faltipla Escolha) Eliminat\u00f3rio e Classificat\u00f3rio <\/li><li>2\u00aa Prova de T\u00edtulos (Avalia\u00e7\u00e3o de T\u00edtulos e de Experi\u00eancia Profissional) Classificat\u00f3rio. <\/li><\/ul>\n\n\n\n<h3 class=\"wp-block-heading\">Prova Objetiva<\/h3>\n\n\n\n<p>A prova objetiva para cada um dos cargos ser\u00e1 de m\u00faltipla escolha,  dividida em conhecimentos gerais, legisla\u00e7\u00e3o e conhecimentos espec\u00edficos. Cada quest\u00e3o conter\u00e1 5 alternativas.  A data de aplica\u00e7\u00e3o da avalia\u00e7\u00e3o ser\u00e1 dia 02 de fevereiro.<\/p>\n\n\n\n<p>A prova objetiva ser\u00e1 avaliada na escala de 0 a 100 pontos, considerando-se HABILITADO o candidato que nela obtiver nota igual ou superior a 50,00 pontos. <\/p>\n\n\n\n<figure class=\"wp-block-image\"><img loading=\"lazy\" decoding=\"async\" width=\"1022\" height=\"210\" src=\"https:\/\/dhg1h5j42swfq.cloudfront.net\/2019\/10\/04145948\/prova-objetiva-concurso-UFU.png\" alt=\"prova objetiva concurso HC UFU\" class=\"wp-image-443880\" srcset=\"https:\/\/dhg1h5j42swfq.cloudfront.net\/2019\/10\/04145948\/prova-objetiva-concurso-UFU.png 1022w, https:\/\/dhg1h5j42swfq.cloudfront.net\/2019\/10\/04145948\/prova-objetiva-concurso-UFU.png 300w, https:\/\/dhg1h5j42swfq.cloudfront.net\/2019\/10\/04145948\/prova-objetiva-concurso-UFU.png 768w, https:\/\/dhg1h5j42swfq.cloudfront.net\/2019\/10\/04145948\/prova-objetiva-concurso-UFU.png 610w\" sizes=\"auto, (max-width: 1022px) 100vw, 1022px\" \/><\/figure>\n\n\n\n<figure class=\"wp-block-image\"><img decoding=\"async\" src=\"https:\/\/dhg1h5j42swfq.cloudfront.net\/2019\/10\/04150119\/provas-n%C3%ADvel-superior-concurso-UFU.png\" alt=\"provas n\u00edvel superior concurso HC UFU\" class=\"wp-image-443881\"\/><\/figure>\n\n\n\n<h3 class=\"has-text-align-left wp-block-heading\" id=\"cursos-assinatura\">Prova de T\u00edtulos<\/h3>\n\n\n\n<p>Ser\u00e3o convocado para a prova de t\u00edtulos os candidato habilitados na Prova Objetiva e que estejam classificados dentro do limite do quadro de classifica\u00e7\u00e3o para convoca\u00e7\u00e3o da avalia\u00e7\u00e3o de t\u00edtulos e experi\u00eancia profissional designado no edital.  Acompanhe a seguir os quadros de t\u00edtulos.<\/p>\n\n\n\n<p class=\"has-medium-font-size\"><strong>Para todos os cargos<\/strong><\/p>\n\n\n\n<figure class=\"wp-block-image\"><img decoding=\"async\" src=\"https:\/\/dhg1h5j42swfq.cloudfront.net\/2019\/10\/04150721\/avalia%C3%A7%C3%A3o-profissional-concurso-UFU.png\" alt=\"avalia\u00e7\u00e3o profissional concurso HC UFU\" class=\"wp-image-443887\"\/><\/figure>\n\n\n\n<p class=\"has-medium-font-size\"><strong>N\u00edvel Superior<\/strong><\/p>\n\n\n\n<figure class=\"wp-block-image\"><img decoding=\"async\" src=\"https:\/\/dhg1h5j42swfq.cloudfront.net\/2019\/10\/04150920\/avalia%C3%A7ao-de-t%C3%ADulos-concurso-UFU.png\" alt=\"avalia\u00e7ao de t\u00edulos concurso HC UFU\" class=\"wp-image-443888\"\/><\/figure>\n\n\n\n<h3 class=\"has-text-align-center wp-block-heading\" id=\"cursos\"><strong><em>Quer estudar para Concurso <\/em><\/strong><em>HCU UFU?<\/em><\/h3>\n\n\n\n<p class=\"has-text-align-center\"><em><strong>Gostou desta oportunidade e deseja come\u00e7ar se preparar agora mesmo? Ent\u00e3o, confira os nossos cursos e comece a estudar para HCU UFU<\/strong><\/em><\/p>\n\n\n\n<p class=\"has-text-align-center has-luminous-vivid-amber-background-color has-background\"><a rel=\"noreferrer noopener\" href=\"https:\/\/www.estrategiaconcursos.com.br\/cursos\/concurso\/\" target=\"_blank\"><strong><em>Curso para concurso<\/em><\/strong><\/a><\/p>\n\n\n\n<p class=\"has-text-align-center\" id=\"curso\"><em><strong>Assinatura Anual Ilimitada*<\/strong><\/em><\/p>\n\n\n\n<p class=\"has-text-align-center\"><em>Prepare-se com o melhor material e com quem mais aprova em Concursos P\u00fablicos em todo o pa\u00eds. Assine agora a nossa Assinatura Anual e tenha acesso ilimitado* a todos os nossos cursos.<\/em><\/p>\n\n\n\n<p class=\"has-text-align-center has-luminous-vivid-amber-background-color has-background\"><strong>ASSINE AGORA&nbsp;\u2013&nbsp;<a rel=\"noreferrer noopener\" href=\"https:\/\/www.estrategiaconcursos.com.br\/assinaturas\" target=\"_blank\">Assinatura Ilimitada<\/a><\/strong><\/p>\n\n\n\n<p class=\"has-text-align-center\"><strong><em><strong>Sistema de Quest\u00f5es<\/strong><\/em><\/strong><\/p>\n\n\n\n<p class=\"has-text-align-center\"><em>Estrat\u00e9gia Quest\u00f5es nasceu maior do que todos os concorrentes, com mais quest\u00f5es cadastradas e mais solu\u00e7\u00f5es por professores. Clique no link e aproveite os descontos e b\u00f4nus imperd\u00edveis!<\/em><\/p>\n\n\n\n<p class=\"has-text-align-center has-vivid-green-cyan-background-color has-background\"><strong>ASSINE AGORA \u2013&nbsp;<a href=\"https:\/\/questoes.estrategiaconcursos.com.br\/\" target=\"_blank\" rel=\"noreferrer noopener\">Sistema de Quest\u00f5es<\/a><\/strong><\/p>\n\n\n\n<p class=\"has-text-align-center\"><strong><em>Fique por dentro de todos os concursos<\/em><\/strong><\/p>\n\n\n\n<p class=\"has-text-align-center has-pale-cyan-blue-background-color has-background\"><a rel=\"noreferrer noopener\" href=\"https:\/\/www.estrategiaconcursos.com.br\/blog\/concursos-abertos\/\" target=\"_blank\"><strong>CONCURSOS ABERTOS<\/strong><\/a><\/p>\n\n\n\n<p class=\"has-text-align-center has-pale-cyan-blue-background-color has-background\"><a rel=\"noreferrer noopener\" href=\"https:\/\/www.estrategiaconcursos.com.br\/blog\/concursos-2020\/\" target=\"_blank\"><strong>CONCURSOS&nbsp;2020<\/strong><\/a><\/p>\n\n\n\n<p class=\"has-text-align-center has-pale-cyan-blue-background-color has-background\"><a rel=\"noreferrer noopener\" href=\"https:\/\/www.estrategiaconcursos.com.br\/blog\/concursos-2021\/\" target=\"_blank\"><strong>CONCURSOS 2021<\/strong><\/a><\/p>\n\n\n\n<figure class=\"wp-block-image\"><img decoding=\"async\" src=\"https:\/\/dhg1h5j42swfq.cloudfront.net\/2019\/05\/25091032\/coruja-ficha-tecnica-300x1023.png\" alt=\"concurso EBSERH\"\/><\/figure>\n\n\n\n<h4 class=\"wp-block-heading\"><strong>\u25baInforma\u00e7\u00f5es sobre o Edital&nbsp;<\/strong>HC UFU <\/h4>\n\n\n\n<p>\u25ba<strong>Data:<\/strong>&nbsp;09\/02\/2020<br \/>\u25ba<strong>Vagas:&nbsp;<\/strong>804<br \/>\u25ba<strong>Cargos:<\/strong>&nbsp;V\u00e1rios<br \/>\u25ba<strong>Lota\u00e7\u00e3o:<\/strong>&nbsp;Uberl\u00e2ndia<br \/>\u25ba<strong>Banca:<\/strong>&nbsp;Vunesp<br \/>\u25ba<strong>Escolaridade:<\/strong>&nbsp;N\u00edvel m\u00e9dio\/t\u00e9cnico e superior<br \/>\u25ba&nbsp;<strong>Editais<\/strong>: <br \/> <br \/><a rel=\"noreferrer noopener\" aria-label=\"Edital-2-HC-UFU-\u00c1REA-M\u00c9DICA-2  (abre numa nova aba)\" href=\"https:\/\/dhg1h5j42swfq.cloudfront.net\/2019\/11\/04164341\/Edital-2-HC-UFU-%C3%81REA-M%C3%89DICA-2.pdf\" target=\"_blank\">EDITAL-2-HC-UFU-\u00c1REA-M\u00c9DICA-2 <\/a><br \/><a rel=\"noreferrer noopener\" aria-label=\"EDITAL_N\u00ba_03_\u2013_EBSERH_HC-UFU_\u2013_\u00c1REA_ASSISTENCIAL \n (abre numa nova aba)\" href=\"https:\/\/dhg1h5j42swfq.cloudfront.net\/2019\/11\/04164359\/EDITAL_N%C2%BA_03_%E2%80%93_EBSERH_HC-UFU_%E2%80%93_%C3%81REA_ASSISTENCIAL.pdf\" target=\"_blank\">EDITAL_N\u00ba_03_\u2013_EBSERH_HC-UFU_\u2013_\u00c1REA_ASSISTENCIAL <\/a><br \/><a rel=\"noreferrer noopener\" aria-label=\"EDITAL_N\u00ba_04_\u2013_EBSERH_HC-UFU__\u2013_\u00c1REA_ADMINISTRATIVA \n (abre numa nova aba)\" href=\"https:\/\/dhg1h5j42swfq.cloudfront.net\/2019\/11\/04164350\/EDITAL_N%C2%BA_04_%E2%80%93_EBSERH_HC-UFU__%E2%80%93_%C3%81REA_ADMINISTRATIVA.pdf\" target=\"_blank\">EDITAL_N\u00ba_04_\u2013_EBSERH_HC-UFU__\u2013_\u00c1REA_ADMINISTRATIVA <br \/><\/a><\/p>\n","protected":false},"excerpt":{"rendered":"<p>Foi publicado, no site da Vunesp, banca organizadora do certame, o edital de classifica\u00e7\u00e3o final do concurso HC UFU, do Hospital das Cl\u00ednicas da Universidade Federal de Uberl\u00e2ndia. Confira abaixo o os documentos: Ampla concorr\u00eanciaNegros e pardosPessoas com defici\u00eancia Lembrando que as vagas est\u00e3o distribu\u00eddas em tr\u00eas editais: Edital n\u00ba02\/2019 \u2013 216 vagas + forma\u00e7\u00e3o [&hellip;]<\/p>\n","protected":false},"author":1,"featured_media":586612,"comment_status":"open","ping_status":"closed","sticky":false,"template":"","format":"standard","meta":{"post_tipo":"news","footnotes":""},"categories":[1981],"tags":[],"tax_estado":[],"class_list":["post-431374","post","type-post","status-publish","format-standard","has-post-thumbnail","hentry","category-saude"],"acf":[],"yoast_head":"<!-- This site is optimized with the Yoast SEO Premium plugin v27.2 (Yoast SEO v27.2) - https:\/\/yoast.com\/product\/yoast-seo-premium-wordpress\/ -->\n<title>Concurso HC UFU: edital de classifica\u00e7\u00e3o final \u00e9 publicado<\/title>\n<meta name=\"description\" content=\"Concurso HC UFU: edital publicado! S\u00e3o 804 vagas para n\u00edvel m\u00e9dio\/t\u00e9cnico e superior. Confira neste artigo todas as informa\u00e7\u00f5es para prestar o certame.\" \/>\n<meta name=\"robots\" content=\"index, follow, max-snippet:-1, max-image-preview:large, max-video-preview:-1\" \/>\n<link rel=\"canonical\" href=\"https:\/\/www.estrategiaconcursos.com.br\/blog\/concurso-hcu-ufu\/\" \/>\n<meta property=\"og:locale\" content=\"pt_BR\" \/>\n<meta property=\"og:type\" content=\"article\" \/>\n<meta property=\"og:title\" content=\"Concurso HC UFU: edital de classifica\u00e7\u00e3o final \u00e9 publicado\" \/>\n<meta property=\"og:description\" content=\"Concurso HC UFU: edital publicado! S\u00e3o 804 vagas para n\u00edvel m\u00e9dio\/t\u00e9cnico e superior. Confira neste artigo todas as informa\u00e7\u00f5es para prestar o certame.\" \/>\n<meta property=\"og:url\" content=\"https:\/\/www.estrategiaconcursos.com.br\/blog\/concurso-hcu-ufu\/\" \/>\n<meta property=\"og:site_name\" content=\"Estrat\u00e9gia Concursos\" \/>\n<meta property=\"article:author\" content=\"https:\/\/www.facebook.com\/EstrategiaConcursos\" \/>\n<meta property=\"article:published_time\" content=\"2020-10-09T11:00:00+00:00\" \/>\n<meta property=\"article:modified_time\" content=\"2020-12-16T13:20:19+00:00\" \/>\n<meta property=\"og:image\" content=\"https:\/\/dhg1h5j42swfq.cloudfront.net\/2020\/04\/10113008\/ufu-5d07f979a33d4.jpg\" \/>\n\t<meta property=\"og:image:width\" content=\"600\" \/>\n\t<meta property=\"og:image:height\" content=\"400\" \/>\n\t<meta property=\"og:image:type\" content=\"image\/jpeg\" \/>\n<meta name=\"author\" content=\"Coordena\u00e7\u00e3o\" \/>\n<meta name=\"twitter:card\" content=\"summary_large_image\" \/>\n<meta name=\"twitter:creator\" content=\"@EstratConcursos\" \/>\n<meta name=\"twitter:site\" content=\"@EstratConcursos\" \/>\n<meta name=\"twitter:label1\" content=\"Escrito por\" \/>\n\t<meta name=\"twitter:data1\" content=\"Coordena\u00e7\u00e3o\" \/>\n\t<meta name=\"twitter:label2\" content=\"Est. tempo de leitura\" \/>\n\t<meta name=\"twitter:data2\" content=\"5 minutos\" \/>\n<script type=\"application\/ld+json\" class=\"yoast-schema-graph\">{\"@context\":\"https:\/\/schema.org\",\"@graph\":[{\"@type\":\"NewsArticle\",\"@id\":\"https:\/\/www.estrategiaconcursos.com.br\/blog\/concurso-hcu-ufu\/#article\",\"isPartOf\":{\"@id\":\"https:\/\/www.estrategiaconcursos.com.br\/blog\/concurso-hcu-ufu\/\"},\"author\":{\"name\":\"Coordena\u00e7\u00e3o\",\"@id\":\"https:\/\/www.estrategiaconcursos.com.br\/blog\/#\/schema\/person\/b4a388c97673c5f483d72185668afa1f\"},\"headline\":\"Concurso HC UFU: edital de classifica\u00e7\u00e3o final \u00e9 publicado\",\"datePublished\":\"2020-10-09T11:00:00+00:00\",\"dateModified\":\"2020-12-16T13:20:19+00:00\",\"mainEntityOfPage\":{\"@id\":\"https:\/\/www.estrategiaconcursos.com.br\/blog\/concurso-hcu-ufu\/\"},\"wordCount\":1078,\"commentCount\":2,\"publisher\":{\"@id\":\"https:\/\/www.estrategiaconcursos.com.br\/blog\/#organization\"},\"image\":{\"@id\":\"https:\/\/www.estrategiaconcursos.com.br\/blog\/concurso-hcu-ufu\/#primaryimage\"},\"thumbnailUrl\":\"https:\/\/dhg1h5j42swfq.cloudfront.net\/2020\/04\/10113008\/ufu-5d07f979a33d4.jpg\",\"articleSection\":[\"Sa\u00fade\"],\"inLanguage\":\"pt-BR\",\"potentialAction\":[{\"@type\":\"CommentAction\",\"name\":\"Comment\",\"target\":[\"https:\/\/www.estrategiaconcursos.com.br\/blog\/concurso-hcu-ufu\/#respond\"]}],\"copyrightYear\":\"2020\",\"copyrightHolder\":{\"@id\":\"https:\/\/www.estrategiaconcursos.com.br\/blog\/#organization\"}},{\"@type\":\"WebPage\",\"@id\":\"https:\/\/www.estrategiaconcursos.com.br\/blog\/concurso-hcu-ufu\/\",\"url\":\"https:\/\/www.estrategiaconcursos.com.br\/blog\/concurso-hcu-ufu\/\",\"name\":\"Concurso HC UFU: edital de classifica\u00e7\u00e3o final \u00e9 publicado\",\"isPartOf\":{\"@id\":\"https:\/\/www.estrategiaconcursos.com.br\/blog\/#website\"},\"primaryImageOfPage\":{\"@id\":\"https:\/\/www.estrategiaconcursos.com.br\/blog\/concurso-hcu-ufu\/#primaryimage\"},\"image\":{\"@id\":\"https:\/\/www.estrategiaconcursos.com.br\/blog\/concurso-hcu-ufu\/#primaryimage\"},\"thumbnailUrl\":\"https:\/\/dhg1h5j42swfq.cloudfront.net\/2020\/04\/10113008\/ufu-5d07f979a33d4.jpg\",\"datePublished\":\"2020-10-09T11:00:00+00:00\",\"dateModified\":\"2020-12-16T13:20:19+00:00\",\"description\":\"Concurso HC UFU: edital publicado! S\u00e3o 804 vagas para n\u00edvel m\u00e9dio\/t\u00e9cnico e superior. Confira neste artigo todas as informa\u00e7\u00f5es para prestar o certame.\",\"breadcrumb\":{\"@id\":\"https:\/\/www.estrategiaconcursos.com.br\/blog\/concurso-hcu-ufu\/#breadcrumb\"},\"inLanguage\":\"pt-BR\",\"potentialAction\":[{\"@type\":\"ReadAction\",\"target\":[\"https:\/\/www.estrategiaconcursos.com.br\/blog\/concurso-hcu-ufu\/\"]}]},{\"@type\":\"ImageObject\",\"inLanguage\":\"pt-BR\",\"@id\":\"https:\/\/www.estrategiaconcursos.com.br\/blog\/concurso-hcu-ufu\/#primaryimage\",\"url\":\"https:\/\/dhg1h5j42swfq.cloudfront.net\/2020\/04\/10113008\/ufu-5d07f979a33d4.jpg\",\"contentUrl\":\"https:\/\/dhg1h5j42swfq.cloudfront.net\/2020\/04\/10113008\/ufu-5d07f979a33d4.jpg\",\"width\":600,\"height\":400},{\"@type\":\"BreadcrumbList\",\"@id\":\"https:\/\/www.estrategiaconcursos.com.br\/blog\/concurso-hcu-ufu\/#breadcrumb\",\"itemListElement\":[{\"@type\":\"ListItem\",\"position\":1,\"name\":\"In\u00edcio\",\"item\":\"https:\/\/www.estrategiaconcursos.com.br\/blog\/\"},{\"@type\":\"ListItem\",\"position\":2,\"name\":\"Concurso HC UFU: edital de classifica\u00e7\u00e3o final \u00e9 publicado\"}]},{\"@type\":\"WebSite\",\"@id\":\"https:\/\/www.estrategiaconcursos.com.br\/blog\/#website\",\"url\":\"https:\/\/www.estrategiaconcursos.com.br\/blog\/\",\"name\":\"Estrat\u00e9gia Concursos\",\"description\":\"O blog da Estrat\u00e9gia Concursos traz not\u00edcias sobre concursos e artigos de professores oferecendo cursos para concursos (pdf + videaulas) no site.\",\"publisher\":{\"@id\":\"https:\/\/www.estrategiaconcursos.com.br\/blog\/#organization\"},\"potentialAction\":[{\"@type\":\"SearchAction\",\"target\":{\"@type\":\"EntryPoint\",\"urlTemplate\":\"https:\/\/www.estrategiaconcursos.com.br\/blog\/?s={search_term_string}\"},\"query-input\":{\"@type\":\"PropertyValueSpecification\",\"valueRequired\":true,\"valueName\":\"search_term_string\"}}],\"inLanguage\":\"pt-BR\"},{\"@type\":\"Organization\",\"@id\":\"https:\/\/www.estrategiaconcursos.com.br\/blog\/#organization\",\"name\":\"Estrat\u00e9gia Concursos\",\"url\":\"https:\/\/www.estrategiaconcursos.com.br\/blog\/\",\"logo\":{\"@type\":\"ImageObject\",\"inLanguage\":\"pt-BR\",\"@id\":\"https:\/\/www.estrategiaconcursos.com.br\/blog\/#\/schema\/logo\/image\/\",\"url\":\"https:\/\/dhg1h5j42swfq.cloudfront.net\/2025\/06\/03203428\/logo_concursos-1.jpg\",\"contentUrl\":\"https:\/\/dhg1h5j42swfq.cloudfront.net\/2025\/06\/03203428\/logo_concursos-1.jpg\",\"width\":230,\"height\":60,\"caption\":\"Estrat\u00e9gia Concursos\"},\"image\":{\"@id\":\"https:\/\/www.estrategiaconcursos.com.br\/blog\/#\/schema\/logo\/image\/\"},\"sameAs\":[\"https:\/\/x.com\/EstratConcursos\"]},{\"@type\":\"Person\",\"@id\":\"https:\/\/www.estrategiaconcursos.com.br\/blog\/#\/schema\/person\/b4a388c97673c5f483d72185668afa1f\",\"name\":\"Coordena\u00e7\u00e3o\",\"image\":{\"@type\":\"ImageObject\",\"inLanguage\":\"pt-BR\",\"@id\":\"https:\/\/secure.gravatar.com\/avatar\/b720319e4c9a967eb58678d110f4fe35452fc5d5f97b202bac7b8acceb18c6ad?s=96&d=mm&r=g\",\"url\":\"https:\/\/secure.gravatar.com\/avatar\/b720319e4c9a967eb58678d110f4fe35452fc5d5f97b202bac7b8acceb18c6ad?s=96&d=mm&r=g\",\"contentUrl\":\"https:\/\/secure.gravatar.com\/avatar\/b720319e4c9a967eb58678d110f4fe35452fc5d5f97b202bac7b8acceb18c6ad?s=96&d=mm&r=g\",\"caption\":\"Coordena\u00e7\u00e3o\"},\"sameAs\":[\"https:\/\/www.facebook.com\/EstrategiaConcursos\",\"https:\/\/x.com\/EstratConcursos\"],\"url\":\"https:\/\/www.estrategiaconcursos.com.br\/blog\/author\/estrategia2013\/\"}]}<\/script>\n<!-- \/ Yoast SEO Premium plugin. -->","yoast_head_json":{"title":"Concurso HC UFU: edital de classifica\u00e7\u00e3o final \u00e9 publicado","description":"Concurso HC UFU: edital publicado! S\u00e3o 804 vagas para n\u00edvel m\u00e9dio\/t\u00e9cnico e superior. Confira neste artigo todas as informa\u00e7\u00f5es para prestar o certame.","robots":{"index":"index","follow":"follow","max-snippet":"max-snippet:-1","max-image-preview":"max-image-preview:large","max-video-preview":"max-video-preview:-1"},"canonical":"https:\/\/www.estrategiaconcursos.com.br\/blog\/concurso-hcu-ufu\/","og_locale":"pt_BR","og_type":"article","og_title":"Concurso HC UFU: edital de classifica\u00e7\u00e3o final \u00e9 publicado","og_description":"Concurso HC UFU: edital publicado! S\u00e3o 804 vagas para n\u00edvel m\u00e9dio\/t\u00e9cnico e superior. Confira neste artigo todas as informa\u00e7\u00f5es para prestar o certame.","og_url":"https:\/\/www.estrategiaconcursos.com.br\/blog\/concurso-hcu-ufu\/","og_site_name":"Estrat\u00e9gia Concursos","article_author":"https:\/\/www.facebook.com\/EstrategiaConcursos","article_published_time":"2020-10-09T11:00:00+00:00","article_modified_time":"2020-12-16T13:20:19+00:00","og_image":[{"width":600,"height":400,"url":"https:\/\/dhg1h5j42swfq.cloudfront.net\/2020\/04\/10113008\/ufu-5d07f979a33d4.jpg","type":"image\/jpeg"}],"author":"Coordena\u00e7\u00e3o","twitter_card":"summary_large_image","twitter_creator":"@EstratConcursos","twitter_site":"@EstratConcursos","twitter_misc":{"Escrito por":"Coordena\u00e7\u00e3o","Est. tempo de leitura":"5 minutos"},"schema":{"@context":"https:\/\/schema.org","@graph":[{"@type":"NewsArticle","@id":"https:\/\/www.estrategiaconcursos.com.br\/blog\/concurso-hcu-ufu\/#article","isPartOf":{"@id":"https:\/\/www.estrategiaconcursos.com.br\/blog\/concurso-hcu-ufu\/"},"author":{"name":"Coordena\u00e7\u00e3o","@id":"https:\/\/www.estrategiaconcursos.com.br\/blog\/#\/schema\/person\/b4a388c97673c5f483d72185668afa1f"},"headline":"Concurso HC UFU: edital de classifica\u00e7\u00e3o final \u00e9 publicado","datePublished":"2020-10-09T11:00:00+00:00","dateModified":"2020-12-16T13:20:19+00:00","mainEntityOfPage":{"@id":"https:\/\/www.estrategiaconcursos.com.br\/blog\/concurso-hcu-ufu\/"},"wordCount":1078,"commentCount":2,"publisher":{"@id":"https:\/\/www.estrategiaconcursos.com.br\/blog\/#organization"},"image":{"@id":"https:\/\/www.estrategiaconcursos.com.br\/blog\/concurso-hcu-ufu\/#primaryimage"},"thumbnailUrl":"https:\/\/dhg1h5j42swfq.cloudfront.net\/2020\/04\/10113008\/ufu-5d07f979a33d4.jpg","articleSection":["Sa\u00fade"],"inLanguage":"pt-BR","potentialAction":[{"@type":"CommentAction","name":"Comment","target":["https:\/\/www.estrategiaconcursos.com.br\/blog\/concurso-hcu-ufu\/#respond"]}],"copyrightYear":"2020","copyrightHolder":{"@id":"https:\/\/www.estrategiaconcursos.com.br\/blog\/#organization"}},{"@type":"WebPage","@id":"https:\/\/www.estrategiaconcursos.com.br\/blog\/concurso-hcu-ufu\/","url":"https:\/\/www.estrategiaconcursos.com.br\/blog\/concurso-hcu-ufu\/","name":"Concurso HC UFU: edital de classifica\u00e7\u00e3o final \u00e9 publicado","isPartOf":{"@id":"https:\/\/www.estrategiaconcursos.com.br\/blog\/#website"},"primaryImageOfPage":{"@id":"https:\/\/www.estrategiaconcursos.com.br\/blog\/concurso-hcu-ufu\/#primaryimage"},"image":{"@id":"https:\/\/www.estrategiaconcursos.com.br\/blog\/concurso-hcu-ufu\/#primaryimage"},"thumbnailUrl":"https:\/\/dhg1h5j42swfq.cloudfront.net\/2020\/04\/10113008\/ufu-5d07f979a33d4.jpg","datePublished":"2020-10-09T11:00:00+00:00","dateModified":"2020-12-16T13:20:19+00:00","description":"Concurso HC UFU: edital publicado! S\u00e3o 804 vagas para n\u00edvel m\u00e9dio\/t\u00e9cnico e superior. Confira neste artigo todas as informa\u00e7\u00f5es para prestar o certame.","breadcrumb":{"@id":"https:\/\/www.estrategiaconcursos.com.br\/blog\/concurso-hcu-ufu\/#breadcrumb"},"inLanguage":"pt-BR","potentialAction":[{"@type":"ReadAction","target":["https:\/\/www.estrategiaconcursos.com.br\/blog\/concurso-hcu-ufu\/"]}]},{"@type":"ImageObject","inLanguage":"pt-BR","@id":"https:\/\/www.estrategiaconcursos.com.br\/blog\/concurso-hcu-ufu\/#primaryimage","url":"https:\/\/dhg1h5j42swfq.cloudfront.net\/2020\/04\/10113008\/ufu-5d07f979a33d4.jpg","contentUrl":"https:\/\/dhg1h5j42swfq.cloudfront.net\/2020\/04\/10113008\/ufu-5d07f979a33d4.jpg","width":600,"height":400},{"@type":"BreadcrumbList","@id":"https:\/\/www.estrategiaconcursos.com.br\/blog\/concurso-hcu-ufu\/#breadcrumb","itemListElement":[{"@type":"ListItem","position":1,"name":"In\u00edcio","item":"https:\/\/www.estrategiaconcursos.com.br\/blog\/"},{"@type":"ListItem","position":2,"name":"Concurso HC UFU: edital de classifica\u00e7\u00e3o final \u00e9 publicado"}]},{"@type":"WebSite","@id":"https:\/\/www.estrategiaconcursos.com.br\/blog\/#website","url":"https:\/\/www.estrategiaconcursos.com.br\/blog\/","name":"Estrat\u00e9gia Concursos","description":"O blog da Estrat\u00e9gia Concursos traz not\u00edcias sobre concursos e artigos de professores oferecendo cursos para concursos (pdf + videaulas) no site.","publisher":{"@id":"https:\/\/www.estrategiaconcursos.com.br\/blog\/#organization"},"potentialAction":[{"@type":"SearchAction","target":{"@type":"EntryPoint","urlTemplate":"https:\/\/www.estrategiaconcursos.com.br\/blog\/?s={search_term_string}"},"query-input":{"@type":"PropertyValueSpecification","valueRequired":true,"valueName":"search_term_string"}}],"inLanguage":"pt-BR"},{"@type":"Organization","@id":"https:\/\/www.estrategiaconcursos.com.br\/blog\/#organization","name":"Estrat\u00e9gia Concursos","url":"https:\/\/www.estrategiaconcursos.com.br\/blog\/","logo":{"@type":"ImageObject","inLanguage":"pt-BR","@id":"https:\/\/www.estrategiaconcursos.com.br\/blog\/#\/schema\/logo\/image\/","url":"https:\/\/dhg1h5j42swfq.cloudfront.net\/2025\/06\/03203428\/logo_concursos-1.jpg","contentUrl":"https:\/\/dhg1h5j42swfq.cloudfront.net\/2025\/06\/03203428\/logo_concursos-1.jpg","width":230,"height":60,"caption":"Estrat\u00e9gia Concursos"},"image":{"@id":"https:\/\/www.estrategiaconcursos.com.br\/blog\/#\/schema\/logo\/image\/"},"sameAs":["https:\/\/x.com\/EstratConcursos"]},{"@type":"Person","@id":"https:\/\/www.estrategiaconcursos.com.br\/blog\/#\/schema\/person\/b4a388c97673c5f483d72185668afa1f","name":"Coordena\u00e7\u00e3o","image":{"@type":"ImageObject","inLanguage":"pt-BR","@id":"https:\/\/secure.gravatar.com\/avatar\/b720319e4c9a967eb58678d110f4fe35452fc5d5f97b202bac7b8acceb18c6ad?s=96&d=mm&r=g","url":"https:\/\/secure.gravatar.com\/avatar\/b720319e4c9a967eb58678d110f4fe35452fc5d5f97b202bac7b8acceb18c6ad?s=96&d=mm&r=g","contentUrl":"https:\/\/secure.gravatar.com\/avatar\/b720319e4c9a967eb58678d110f4fe35452fc5d5f97b202bac7b8acceb18c6ad?s=96&d=mm&r=g","caption":"Coordena\u00e7\u00e3o"},"sameAs":["https:\/\/www.facebook.com\/EstrategiaConcursos","https:\/\/x.com\/EstratConcursos"],"url":"https:\/\/www.estrategiaconcursos.com.br\/blog\/author\/estrategia2013\/"}]}},"_links":{"self":[{"href":"https:\/\/www.estrategiaconcursos.com.br\/blog\/wp-json\/wp\/v2\/posts\/431374","targetHints":{"allow":["GET"]}}],"collection":[{"href":"https:\/\/www.estrategiaconcursos.com.br\/blog\/wp-json\/wp\/v2\/posts"}],"about":[{"href":"https:\/\/www.estrategiaconcursos.com.br\/blog\/wp-json\/wp\/v2\/types\/post"}],"author":[{"embeddable":true,"href":"https:\/\/www.estrategiaconcursos.com.br\/blog\/wp-json\/wp\/v2\/users\/1"}],"replies":[{"embeddable":true,"href":"https:\/\/www.estrategiaconcursos.com.br\/blog\/wp-json\/wp\/v2\/comments?post=431374"}],"version-history":[{"count":20,"href":"https:\/\/www.estrategiaconcursos.com.br\/blog\/wp-json\/wp\/v2\/posts\/431374\/revisions"}],"predecessor-version":[{"id":586616,"href":"https:\/\/www.estrategiaconcursos.com.br\/blog\/wp-json\/wp\/v2\/posts\/431374\/revisions\/586616"}],"wp:featuredmedia":[{"embeddable":true,"href":"https:\/\/www.estrategiaconcursos.com.br\/blog\/wp-json\/wp\/v2\/media\/586612"}],"wp:attachment":[{"href":"https:\/\/www.estrategiaconcursos.com.br\/blog\/wp-json\/wp\/v2\/media?parent=431374"}],"wp:term":[{"taxonomy":"category","embeddable":true,"href":"https:\/\/www.estrategiaconcursos.com.br\/blog\/wp-json\/wp\/v2\/categories?post=431374"},{"taxonomy":"post_tag","embeddable":true,"href":"https:\/\/www.estrategiaconcursos.com.br\/blog\/wp-json\/wp\/v2\/tags?post=431374"},{"taxonomy":"tax_estado","embeddable":true,"href":"https:\/\/www.estrategiaconcursos.com.br\/blog\/wp-json\/wp\/v2\/tax_estado?post=431374"}],"curies":[{"name":"wp","href":"https:\/\/api.w.org\/{rel}","templated":true}]}}