{"id":431326,"date":"2019-10-08T03:03:41","date_gmt":"2019-10-08T06:03:41","guid":{"rendered":"https:\/\/www.estrategiaconcursos.com.br\/blog\/?p=431326"},"modified":"2023-07-24T17:06:15","modified_gmt":"2023-07-24T20:06:15","slug":"lancamento-da-trilha-estrategica-sprint-para-o-senado-federal","status":"publish","type":"post","link":"https:\/\/www.estrategiaconcursos.com.br\/blog\/lancamento-da-trilha-estrategica-sprint-para-o-senado-federal\/","title":{"rendered":"Lan\u00e7amento da Trilha Estrat\u00e9gica Sprint para o Senado Federal"},"content":{"rendered":"<p>Ol\u00e1 pessoal, tudo bem?<\/p>\n<p>Na semana passada, tivemos \u00f3timas not\u00edcias a respeito do pr\u00f3ximo concurso do Senado Federal: 40 vagas autorizadas e a forma\u00e7\u00e3o da Banca Organizadora. \u00c9 uma inje\u00e7\u00e3o de \u00e2nimo para quem sonha em trabalhar num dos \u00f3rg\u00e3os que melhor remunera seus funcion\u00e1rios, al\u00e9m de diversos outros benef\u00edcios.<\/p>\n<p><\/p>\n<p>Da\u00ed, vem a grande pergunta: Como eu vou me preparar para este concurso?<\/p>\n<p>A resposta est\u00e1 no t\u00edtulo deste <em>post<\/em>: atrav\u00e9s da Trilha Estrat\u00e9gica Sprint para o Senado Federal. Ent\u00e3o, vamos l\u00e1!<\/p>\n<p>Neste artigo voc\u00ea encontrar\u00e1 informa\u00e7\u00f5es como:<\/p>\n<p>1. \u00daltimas informa\u00e7\u00f5es do Concurso&nbsp;<br \/>2. Trilha Estrat\u00e9gica Sprint para o Senado Federal<br \/>3. Inscri\u00e7\u00e3o para a Aula Gratuita de lan\u00e7amento da Trilha<br \/>4. Prepare-se agora para o Concurso do Senado Federal<\/p>\n\n\n<figure class=\"wp-block-image\"><img loading=\"lazy\" decoding=\"async\" width=\"4176\" height=\"2784\" src=\"https:\/\/dhg1h5j42swfq.cloudfront.net\/2019\/10\/08030104\/48833368752_bb66223880_o.jpg\" alt=\"\" class=\"wp-image-431330\" srcset=\"https:\/\/dhg1h5j42swfq.cloudfront.net\/2019\/10\/08030104\/48833368752_bb66223880_o.jpg 4176w, https:\/\/dhg1h5j42swfq.cloudfront.net\/2019\/10\/08030104\/48833368752_bb66223880_o.jpg 300w, https:\/\/dhg1h5j42swfq.cloudfront.net\/2019\/10\/08030104\/48833368752_bb66223880_o.jpg 768w, https:\/\/dhg1h5j42swfq.cloudfront.net\/2019\/10\/08030104\/48833368752_bb66223880_o.jpg 1024w, https:\/\/dhg1h5j42swfq.cloudfront.net\/2019\/10\/08030104\/48833368752_bb66223880_o.jpg 610w\" sizes=\"auto, (max-width: 4176px) 100vw, 4176px\" \/><figcaption class=\"wp-element-caption\"> Foto: Marcos Oliveira\/Ag\u00eancia Senado<\/figcaption><\/figure>\n\n\n\n<h2 class=\"wp-block-heading\"> 1. \u00daltimas informa\u00e7\u00f5es do Concurso&nbsp; <\/h2>\n\n\n\n<p>A semana passada deu ind\u00edcios de que teremos um final de ano de fortes emo\u00e7\u00f5es: autoriza\u00e7\u00e3o do concurso para o Senado Federal com 40 vagas de n\u00edvel m\u00e9dio e superior, forma\u00e7\u00e3o e altera\u00e7\u00e3o da Comiss\u00e3o Organizadora e provas em todo o Brasil. <\/p>\n\n\n\n<p>Para saber mais informa\u00e7\u00f5es, clique no link abaixo:<\/p>\n\n\n\n<p class=\"has-text-align-center has-luminous-vivid-amber-background-color has-background\" style=\"font-size:clamp(16.293px, 1.018rem + ((1vw - 3.2px) * 0.854), 25px);px\"><strong><a href=\"https:\/\/www.estrategiaconcursos.com.br\/blog\/concurso-senado-federal\/\">\u00daltimas informa\u00e7\u00f5es do Concurso<\/a><\/strong><\/p>\n\n\n\n<h2 class=\"wp-block-heading\"> 2. Trilha Estrat\u00e9gica Sprint para o Senado Federal <\/h2>\n\n\n\n<p><strong>Como funcionam as Trilhas?<\/strong> <\/p>\n\n\n\n<p>As <em>Trilhas<\/em> funcionar\u00e3o da\nseguinte forma:<\/p>\n\n\n\n<ul class=\"wp-block-list\">\n<li>indica\u00e7\u00e3o de estudo por <em>Ciclos de Estudo<\/em><\/li>\n\n\n\n<li><em>sugest\u00e3o das disciplinas<\/em> a serem estudadas em cada ciclo e momento da prepara\u00e7\u00e3o<\/li>\n\n\n\n<li>apontamento da <em>sequ\u00eancia de estudo<\/em> em cada disciplina<\/li>\n\n\n\n<li><em>foco no custo x benef\u00edcio<\/em> considerando o conte\u00fado e o tempo de prepara\u00e7\u00e3o<\/li>\n\n\n\n<li>apontamento de estudo de teoria, exerc\u00edcios, revis\u00e3o, legisla\u00e7\u00e3o e simulados<\/li>\n<\/ul>\n\n\n\n<p>Dentro deste funcionamento, teremos Trilhas de acordo com o <strong>n\u00edvel de conhecimento\/ desempenho <\/strong>do estudante:<\/p>\n\n\n\n<ul class=\"wp-block-list\">\n<li>no <strong>n\u00edvel b\u00e1sico\/ intermedi\u00e1rio<\/strong>, temos a <strong>Trilha 0-70<\/strong>; e<\/li>\n\n\n\n<li>no <strong>n\u00edvel avan\u00e7ado<\/strong>, temos a <strong>Trilha 70-90<\/strong>.<\/li>\n<\/ul>\n\n\n\n<p><strong>Teremos Trilhas para quais cargos? <\/strong><\/p>\n\n\n\n<p>No cargo de <strong>Analista Legislativo<\/strong>, teremos para as especialidades de <strong>Administra\u00e7\u00e3o<\/strong>, <strong>Processo Legislativo <\/strong>e <strong>Contabilidade<\/strong>.<\/p>\n\n\n\n<p>Para <strong>T\u00e9cnico Legislativo<\/strong>, teremos para a especialidade de <strong>Policial Legislativo<\/strong>.<\/p>\n\n\n\n<p>Para saber mais informa\u00e7\u00f5es sobre as Trilhas Estrat\u00e9gicas, clique no link abaixo:<\/p>\n\n\n\n<p class=\"has-text-align-center has-luminous-vivid-amber-background-color has-background\" style=\"font-size:clamp(16.293px, 1.018rem + ((1vw - 3.2px) * 0.854), 25px);px\"><strong><a href=\"https:\/\/www.estrategiaconcursos.com.br\/blog\/trilhas-estrategicas-informacoes-e-trilhas-liberadas-hoje\/\">Trilhas Estrat\u00e9gicas<\/a><\/strong><\/p>\n\n\n\n<h2 class=\"wp-block-heading\">3.   Inscri\u00e7\u00e3o para a Aula Gratuita de lan\u00e7amento da Trilha <\/h2>\n\n\n\n<p>Para obter mais informa\u00e7\u00f5es sobre a Trilha Estrat\u00e9gica Sprint para o Senado Federal, inscreva-se atrav\u00e9s do link abaixo:<\/p>\n\n\n\n<p class=\"has-text-align-center has-luminous-vivid-amber-background-color has-background\" style=\"font-size:clamp(16.293px, 1.018rem + ((1vw - 3.2px) * 0.854), 25px);px\"><strong><a href=\"https:\/\/www.estrategiaconcursos.com.br\/gratis\/aula-gratuita-senado-federal\/\">Inscri\u00e7\u00e3o da Aula Gratuita de lan\u00e7amento da Trilha Sprint para o Senado Federal<\/a><\/strong><\/p>\n\n\n\n<p>N\u00e3o perca tempo! A aula ocorrer\u00e1 no dia <strong>9 de outubro, quarta-feira, \u00e0s 19 horas<\/strong>. Estaremos com <strong>dicas exclusivas <\/strong>sobre o <strong>Concurso do Senado Federal<\/strong>.<\/p>\n\n\n\n<h2 class=\"wp-block-heading\">4.   Prepare-se agora para o Concurso do Senado Federal  <\/h2>\n\n\n\n<p class=\"has-text-align-center\"><strong><em>Gostou dessa oportunidade&nbsp;e deseja se preparar agora mesmo para este concurso?&nbsp;<\/em><em>O Estrat\u00e9gia Concursos j\u00e1 possui cursos focados neste certame.<\/em><\/strong><br \/><\/p>\n\n\n\n<p class=\"has-text-align-center has-light-green-cyan-background-color has-background\" style=\"font-size:clamp(16.293px, 1.018rem + ((1vw - 3.2px) * 0.854), 25px);px\"><strong><a href=\"https:\/\/www.estrategiaconcursos.com.br\/cursosPorConcurso\/senado-federal-6\/\">Cursos para o Senado Federal<\/a><\/strong><\/p>\n\n\n\n<h4 class=\"wp-block-heading\" id=\"assinatura\"><em><strong>Assinatura Anual Ilimitada*<\/strong><\/em><\/h4>\n\n\n\n<p class=\"has-text-align-center\"><em>Prepare-se com o melhor material e com quem mais aprova em Concursos P\u00fablicos em todo o pa\u00eds. Assine agora a nossa Assinatura Anual e tenha acesso ilimitado* a todos os nossos cursos.<\/em><\/p>\n\n\n\n<p class=\"has-text-align-center has-luminous-vivid-amber-background-color has-background\" style=\"font-size:clamp(16.293px, 1.018rem + ((1vw - 3.2px) * 0.854), 25px);px\"><strong>ASSINATURA ILIMITADA &#8211; <a href=\"https:\/\/www.estrategiaconcursos.com.br\/assinaturas\/\">Assine agora<\/a><\/strong><\/p>\n\n\n\n<p class=\"has-text-align-center\"><strong><em>Fique por dentro dos concursos vigentes:<\/em><\/strong><\/p>\n\n\n\n<p class=\"has-text-align-center has-pale-cyan-blue-background-color has-background\" style=\"font-size:clamp(16.293px, 1.018rem + ((1vw - 3.2px) * 0.854), 25px);px\"><strong><a href=\"https:\/\/www.estrategiaconcursos.com.br\/blog\/concursos-abertos\/\">CONCURSOS ABERTOS<\/a><\/strong><\/p>\n","protected":false},"excerpt":{"rendered":"<p>Ol\u00e1 pessoal, tudo bem? Na semana passada, tivemos \u00f3timas not\u00edcias a respeito do pr\u00f3ximo concurso do Senado Federal: 40 vagas autorizadas e a forma\u00e7\u00e3o da Banca Organizadora. \u00c9 uma inje\u00e7\u00e3o de \u00e2nimo para quem sonha em trabalhar num dos \u00f3rg\u00e3os que melhor remunera seus funcion\u00e1rios, al\u00e9m de diversos outros benef\u00edcios. Da\u00ed, vem a grande pergunta: [&hellip;]<\/p>\n","protected":false},"author":626,"featured_media":0,"comment_status":"open","ping_status":"closed","sticky":false,"template":"","format":"standard","meta":{"post_tipo":"article","footnotes":""},"categories":[1],"tags":[],"tax_estado":[],"class_list":["post-431326","post","type-post","status-publish","format-standard","hentry","category-cursos-e-concursos"],"acf":[],"yoast_head":"<!-- This site is optimized with the Yoast SEO Premium plugin v27.2 (Yoast SEO v27.2) - https:\/\/yoast.com\/product\/yoast-seo-premium-wordpress\/ -->\n<title>Lan\u00e7amento da Trilha Estrat\u00e9gica Sprint para o Senado Federal<\/title>\n<meta name=\"robots\" content=\"index, follow, max-snippet:-1, max-image-preview:large, max-video-preview:-1\" \/>\n<link rel=\"canonical\" href=\"https:\/\/www.estrategiaconcursos.com.br\/blog\/lancamento-da-trilha-estrategica-sprint-para-o-senado-federal\/\" \/>\n<meta property=\"og:locale\" content=\"pt_BR\" \/>\n<meta property=\"og:type\" content=\"article\" \/>\n<meta property=\"og:title\" content=\"Lan\u00e7amento da Trilha Estrat\u00e9gica Sprint para o Senado Federal\" \/>\n<meta property=\"og:description\" content=\"Ol\u00e1 pessoal, tudo bem? Na semana passada, tivemos \u00f3timas not\u00edcias a respeito do pr\u00f3ximo concurso do Senado Federal: 40 vagas autorizadas e a forma\u00e7\u00e3o da Banca Organizadora. \u00c9 uma inje\u00e7\u00e3o de \u00e2nimo para quem sonha em trabalhar num dos \u00f3rg\u00e3os que melhor remunera seus funcion\u00e1rios, al\u00e9m de diversos outros benef\u00edcios. Da\u00ed, vem a grande pergunta: [&hellip;]\" \/>\n<meta property=\"og:url\" content=\"https:\/\/www.estrategiaconcursos.com.br\/blog\/lancamento-da-trilha-estrategica-sprint-para-o-senado-federal\/\" \/>\n<meta property=\"og:site_name\" content=\"Estrat\u00e9gia Concursos\" \/>\n<meta property=\"article:published_time\" content=\"2019-10-08T06:03:41+00:00\" \/>\n<meta property=\"article:modified_time\" content=\"2023-07-24T20:06:15+00:00\" \/>\n<meta property=\"og:image\" content=\"https:\/\/www.estrategiaconcursos.com.br\/blog\/wp-content\/uploads\/2019\/10\/48833368752_bb66223880_o.jpg\" \/>\n<meta name=\"author\" content=\"Igor Lima de Freitas\" \/>\n<meta name=\"twitter:card\" content=\"summary_large_image\" \/>\n<meta name=\"twitter:creator\" content=\"@EstratConcursos\" \/>\n<meta name=\"twitter:site\" content=\"@EstratConcursos\" \/>\n<meta name=\"twitter:label1\" content=\"Escrito por\" \/>\n\t<meta name=\"twitter:data1\" content=\"Igor Lima de Freitas\" \/>\n\t<meta name=\"twitter:label2\" content=\"Est. tempo de leitura\" \/>\n\t<meta name=\"twitter:data2\" content=\"3 minutos\" \/>\n<script type=\"application\/ld+json\" class=\"yoast-schema-graph\">{\"@context\":\"https:\/\/schema.org\",\"@graph\":[{\"@type\":\"NewsArticle\",\"@id\":\"https:\/\/www.estrategiaconcursos.com.br\/blog\/lancamento-da-trilha-estrategica-sprint-para-o-senado-federal\/#article\",\"isPartOf\":{\"@id\":\"https:\/\/www.estrategiaconcursos.com.br\/blog\/lancamento-da-trilha-estrategica-sprint-para-o-senado-federal\/\"},\"author\":{\"name\":\"Igor Lima de Freitas\",\"@id\":\"https:\/\/www.estrategiaconcursos.com.br\/blog\/#\/schema\/person\/1487d2b47adf846aa7da7eaea68212e2\"},\"headline\":\"Lan\u00e7amento da Trilha Estrat\u00e9gica Sprint para o Senado Federal\",\"datePublished\":\"2019-10-08T06:03:41+00:00\",\"dateModified\":\"2023-07-24T20:06:15+00:00\",\"mainEntityOfPage\":{\"@id\":\"https:\/\/www.estrategiaconcursos.com.br\/blog\/lancamento-da-trilha-estrategica-sprint-para-o-senado-federal\/\"},\"wordCount\":542,\"commentCount\":0,\"publisher\":{\"@id\":\"https:\/\/www.estrategiaconcursos.com.br\/blog\/#organization\"},\"image\":{\"@id\":\"https:\/\/www.estrategiaconcursos.com.br\/blog\/lancamento-da-trilha-estrategica-sprint-para-o-senado-federal\/#primaryimage\"},\"thumbnailUrl\":\"https:\/\/www.estrategiaconcursos.com.br\/blog\/wp-content\/uploads\/2019\/10\/48833368752_bb66223880_o.jpg\",\"articleSection\":[\"Concursos P\u00fablicos\"],\"inLanguage\":\"pt-BR\",\"potentialAction\":[{\"@type\":\"CommentAction\",\"name\":\"Comment\",\"target\":[\"https:\/\/www.estrategiaconcursos.com.br\/blog\/lancamento-da-trilha-estrategica-sprint-para-o-senado-federal\/#respond\"]}],\"copyrightYear\":\"2019\",\"copyrightHolder\":{\"@id\":\"https:\/\/www.estrategiaconcursos.com.br\/blog\/#organization\"}},{\"@type\":\"WebPage\",\"@id\":\"https:\/\/www.estrategiaconcursos.com.br\/blog\/lancamento-da-trilha-estrategica-sprint-para-o-senado-federal\/\",\"url\":\"https:\/\/www.estrategiaconcursos.com.br\/blog\/lancamento-da-trilha-estrategica-sprint-para-o-senado-federal\/\",\"name\":\"Lan\u00e7amento da Trilha Estrat\u00e9gica Sprint para o Senado Federal\",\"isPartOf\":{\"@id\":\"https:\/\/www.estrategiaconcursos.com.br\/blog\/#website\"},\"primaryImageOfPage\":{\"@id\":\"https:\/\/www.estrategiaconcursos.com.br\/blog\/lancamento-da-trilha-estrategica-sprint-para-o-senado-federal\/#primaryimage\"},\"image\":{\"@id\":\"https:\/\/www.estrategiaconcursos.com.br\/blog\/lancamento-da-trilha-estrategica-sprint-para-o-senado-federal\/#primaryimage\"},\"thumbnailUrl\":\"https:\/\/www.estrategiaconcursos.com.br\/blog\/wp-content\/uploads\/2019\/10\/48833368752_bb66223880_o.jpg\",\"datePublished\":\"2019-10-08T06:03:41+00:00\",\"dateModified\":\"2023-07-24T20:06:15+00:00\",\"breadcrumb\":{\"@id\":\"https:\/\/www.estrategiaconcursos.com.br\/blog\/lancamento-da-trilha-estrategica-sprint-para-o-senado-federal\/#breadcrumb\"},\"inLanguage\":\"pt-BR\",\"potentialAction\":[{\"@type\":\"ReadAction\",\"target\":[\"https:\/\/www.estrategiaconcursos.com.br\/blog\/lancamento-da-trilha-estrategica-sprint-para-o-senado-federal\/\"]}]},{\"@type\":\"ImageObject\",\"inLanguage\":\"pt-BR\",\"@id\":\"https:\/\/www.estrategiaconcursos.com.br\/blog\/lancamento-da-trilha-estrategica-sprint-para-o-senado-federal\/#primaryimage\",\"url\":\"https:\/\/dhg1h5j42swfq.cloudfront.net\/2019\/10\/08030104\/48833368752_bb66223880_o.jpg\",\"contentUrl\":\"https:\/\/dhg1h5j42swfq.cloudfront.net\/2019\/10\/08030104\/48833368752_bb66223880_o.jpg\",\"width\":4176,\"height\":2784,\"caption\":\"Plen\u00e1rio do Senado Federal durante sess\u00e3o deliberativa extraordin\u00e1ria. Ordem do dia. Vota\u00e7\u00e3o dos destaques para a proposta de emenda \u00e0 Constitui\u00e7\u00e3o (PEC) 6\/2019, da reforma da Previd\u00eancia. Mesa: senador D\u00e1rio Berger (MDB-SC); senador Marcos Rog\u00e9rio (DEM-RO); presidente do Senado Federal, senador Davi Alcolumbre (DEM-AP); secret\u00e1rio-geral da Mesa, Luiz Fernando Bandeira de Mello Filho; senador Izalci (PSDB-DF). Foto: Marcos Oliveira\/Ag\u00eancia Senado\"},{\"@type\":\"BreadcrumbList\",\"@id\":\"https:\/\/www.estrategiaconcursos.com.br\/blog\/lancamento-da-trilha-estrategica-sprint-para-o-senado-federal\/#breadcrumb\",\"itemListElement\":[{\"@type\":\"ListItem\",\"position\":1,\"name\":\"In\u00edcio\",\"item\":\"https:\/\/www.estrategiaconcursos.com.br\/blog\/\"},{\"@type\":\"ListItem\",\"position\":2,\"name\":\"Lan\u00e7amento da Trilha Estrat\u00e9gica Sprint para o Senado Federal\"}]},{\"@type\":\"WebSite\",\"@id\":\"https:\/\/www.estrategiaconcursos.com.br\/blog\/#website\",\"url\":\"https:\/\/www.estrategiaconcursos.com.br\/blog\/\",\"name\":\"Estrat\u00e9gia Concursos\",\"description\":\"O blog da Estrat\u00e9gia Concursos traz not\u00edcias sobre concursos e artigos de professores oferecendo cursos para concursos (pdf + videaulas) no site.\",\"publisher\":{\"@id\":\"https:\/\/www.estrategiaconcursos.com.br\/blog\/#organization\"},\"potentialAction\":[{\"@type\":\"SearchAction\",\"target\":{\"@type\":\"EntryPoint\",\"urlTemplate\":\"https:\/\/www.estrategiaconcursos.com.br\/blog\/?s={search_term_string}\"},\"query-input\":{\"@type\":\"PropertyValueSpecification\",\"valueRequired\":true,\"valueName\":\"search_term_string\"}}],\"inLanguage\":\"pt-BR\"},{\"@type\":\"Organization\",\"@id\":\"https:\/\/www.estrategiaconcursos.com.br\/blog\/#organization\",\"name\":\"Estrat\u00e9gia Concursos\",\"url\":\"https:\/\/www.estrategiaconcursos.com.br\/blog\/\",\"logo\":{\"@type\":\"ImageObject\",\"inLanguage\":\"pt-BR\",\"@id\":\"https:\/\/www.estrategiaconcursos.com.br\/blog\/#\/schema\/logo\/image\/\",\"url\":\"https:\/\/dhg1h5j42swfq.cloudfront.net\/2025\/06\/03203428\/logo_concursos-1.jpg\",\"contentUrl\":\"https:\/\/dhg1h5j42swfq.cloudfront.net\/2025\/06\/03203428\/logo_concursos-1.jpg\",\"width\":230,\"height\":60,\"caption\":\"Estrat\u00e9gia Concursos\"},\"image\":{\"@id\":\"https:\/\/www.estrategiaconcursos.com.br\/blog\/#\/schema\/logo\/image\/\"},\"sameAs\":[\"https:\/\/x.com\/EstratConcursos\"]},{\"@type\":\"Person\",\"@id\":\"https:\/\/www.estrategiaconcursos.com.br\/blog\/#\/schema\/person\/1487d2b47adf846aa7da7eaea68212e2\",\"name\":\"Igor Lima de Freitas\",\"image\":{\"@type\":\"ImageObject\",\"inLanguage\":\"pt-BR\",\"@id\":\"https:\/\/secure.gravatar.com\/avatar\/1d225d7bcd6b359c34873e67c7694efaee149e7d5bcc219b50bee4eec2858f5c?s=96&d=mm&r=g\",\"url\":\"https:\/\/secure.gravatar.com\/avatar\/1d225d7bcd6b359c34873e67c7694efaee149e7d5bcc219b50bee4eec2858f5c?s=96&d=mm&r=g\",\"contentUrl\":\"https:\/\/secure.gravatar.com\/avatar\/1d225d7bcd6b359c34873e67c7694efaee149e7d5bcc219b50bee4eec2858f5c?s=96&d=mm&r=g\",\"caption\":\"Igor Lima de Freitas\"},\"url\":\"https:\/\/www.estrategiaconcursos.com.br\/blog\/author\/igorlimaestrategiaconcursos-com-br\/\"}]}<\/script>\n<!-- \/ Yoast SEO Premium plugin. -->","yoast_head_json":{"title":"Lan\u00e7amento da Trilha Estrat\u00e9gica Sprint para o Senado Federal","robots":{"index":"index","follow":"follow","max-snippet":"max-snippet:-1","max-image-preview":"max-image-preview:large","max-video-preview":"max-video-preview:-1"},"canonical":"https:\/\/www.estrategiaconcursos.com.br\/blog\/lancamento-da-trilha-estrategica-sprint-para-o-senado-federal\/","og_locale":"pt_BR","og_type":"article","og_title":"Lan\u00e7amento da Trilha Estrat\u00e9gica Sprint para o Senado Federal","og_description":"Ol\u00e1 pessoal, tudo bem? Na semana passada, tivemos \u00f3timas not\u00edcias a respeito do pr\u00f3ximo concurso do Senado Federal: 40 vagas autorizadas e a forma\u00e7\u00e3o da Banca Organizadora. \u00c9 uma inje\u00e7\u00e3o de \u00e2nimo para quem sonha em trabalhar num dos \u00f3rg\u00e3os que melhor remunera seus funcion\u00e1rios, al\u00e9m de diversos outros benef\u00edcios. Da\u00ed, vem a grande pergunta: [&hellip;]","og_url":"https:\/\/www.estrategiaconcursos.com.br\/blog\/lancamento-da-trilha-estrategica-sprint-para-o-senado-federal\/","og_site_name":"Estrat\u00e9gia Concursos","article_published_time":"2019-10-08T06:03:41+00:00","article_modified_time":"2023-07-24T20:06:15+00:00","og_image":[{"url":"https:\/\/www.estrategiaconcursos.com.br\/blog\/wp-content\/uploads\/2019\/10\/48833368752_bb66223880_o.jpg","type":"","width":"","height":""}],"author":"Igor Lima de Freitas","twitter_card":"summary_large_image","twitter_creator":"@EstratConcursos","twitter_site":"@EstratConcursos","twitter_misc":{"Escrito por":"Igor Lima de Freitas","Est. tempo de leitura":"3 minutos"},"schema":{"@context":"https:\/\/schema.org","@graph":[{"@type":"NewsArticle","@id":"https:\/\/www.estrategiaconcursos.com.br\/blog\/lancamento-da-trilha-estrategica-sprint-para-o-senado-federal\/#article","isPartOf":{"@id":"https:\/\/www.estrategiaconcursos.com.br\/blog\/lancamento-da-trilha-estrategica-sprint-para-o-senado-federal\/"},"author":{"name":"Igor Lima de Freitas","@id":"https:\/\/www.estrategiaconcursos.com.br\/blog\/#\/schema\/person\/1487d2b47adf846aa7da7eaea68212e2"},"headline":"Lan\u00e7amento da Trilha Estrat\u00e9gica Sprint para o Senado Federal","datePublished":"2019-10-08T06:03:41+00:00","dateModified":"2023-07-24T20:06:15+00:00","mainEntityOfPage":{"@id":"https:\/\/www.estrategiaconcursos.com.br\/blog\/lancamento-da-trilha-estrategica-sprint-para-o-senado-federal\/"},"wordCount":542,"commentCount":0,"publisher":{"@id":"https:\/\/www.estrategiaconcursos.com.br\/blog\/#organization"},"image":{"@id":"https:\/\/www.estrategiaconcursos.com.br\/blog\/lancamento-da-trilha-estrategica-sprint-para-o-senado-federal\/#primaryimage"},"thumbnailUrl":"https:\/\/www.estrategiaconcursos.com.br\/blog\/wp-content\/uploads\/2019\/10\/48833368752_bb66223880_o.jpg","articleSection":["Concursos P\u00fablicos"],"inLanguage":"pt-BR","potentialAction":[{"@type":"CommentAction","name":"Comment","target":["https:\/\/www.estrategiaconcursos.com.br\/blog\/lancamento-da-trilha-estrategica-sprint-para-o-senado-federal\/#respond"]}],"copyrightYear":"2019","copyrightHolder":{"@id":"https:\/\/www.estrategiaconcursos.com.br\/blog\/#organization"}},{"@type":"WebPage","@id":"https:\/\/www.estrategiaconcursos.com.br\/blog\/lancamento-da-trilha-estrategica-sprint-para-o-senado-federal\/","url":"https:\/\/www.estrategiaconcursos.com.br\/blog\/lancamento-da-trilha-estrategica-sprint-para-o-senado-federal\/","name":"Lan\u00e7amento da Trilha Estrat\u00e9gica Sprint para o Senado Federal","isPartOf":{"@id":"https:\/\/www.estrategiaconcursos.com.br\/blog\/#website"},"primaryImageOfPage":{"@id":"https:\/\/www.estrategiaconcursos.com.br\/blog\/lancamento-da-trilha-estrategica-sprint-para-o-senado-federal\/#primaryimage"},"image":{"@id":"https:\/\/www.estrategiaconcursos.com.br\/blog\/lancamento-da-trilha-estrategica-sprint-para-o-senado-federal\/#primaryimage"},"thumbnailUrl":"https:\/\/www.estrategiaconcursos.com.br\/blog\/wp-content\/uploads\/2019\/10\/48833368752_bb66223880_o.jpg","datePublished":"2019-10-08T06:03:41+00:00","dateModified":"2023-07-24T20:06:15+00:00","breadcrumb":{"@id":"https:\/\/www.estrategiaconcursos.com.br\/blog\/lancamento-da-trilha-estrategica-sprint-para-o-senado-federal\/#breadcrumb"},"inLanguage":"pt-BR","potentialAction":[{"@type":"ReadAction","target":["https:\/\/www.estrategiaconcursos.com.br\/blog\/lancamento-da-trilha-estrategica-sprint-para-o-senado-federal\/"]}]},{"@type":"ImageObject","inLanguage":"pt-BR","@id":"https:\/\/www.estrategiaconcursos.com.br\/blog\/lancamento-da-trilha-estrategica-sprint-para-o-senado-federal\/#primaryimage","url":"https:\/\/dhg1h5j42swfq.cloudfront.net\/2019\/10\/08030104\/48833368752_bb66223880_o.jpg","contentUrl":"https:\/\/dhg1h5j42swfq.cloudfront.net\/2019\/10\/08030104\/48833368752_bb66223880_o.jpg","width":4176,"height":2784,"caption":"Plen\u00e1rio do Senado Federal durante sess\u00e3o deliberativa extraordin\u00e1ria. Ordem do dia. Vota\u00e7\u00e3o dos destaques para a proposta de emenda \u00e0 Constitui\u00e7\u00e3o (PEC) 6\/2019, da reforma da Previd\u00eancia. Mesa: senador D\u00e1rio Berger (MDB-SC); senador Marcos Rog\u00e9rio (DEM-RO); presidente do Senado Federal, senador Davi Alcolumbre (DEM-AP); secret\u00e1rio-geral da Mesa, Luiz Fernando Bandeira de Mello Filho; senador Izalci (PSDB-DF). Foto: Marcos Oliveira\/Ag\u00eancia Senado"},{"@type":"BreadcrumbList","@id":"https:\/\/www.estrategiaconcursos.com.br\/blog\/lancamento-da-trilha-estrategica-sprint-para-o-senado-federal\/#breadcrumb","itemListElement":[{"@type":"ListItem","position":1,"name":"In\u00edcio","item":"https:\/\/www.estrategiaconcursos.com.br\/blog\/"},{"@type":"ListItem","position":2,"name":"Lan\u00e7amento da Trilha Estrat\u00e9gica Sprint para o Senado Federal"}]},{"@type":"WebSite","@id":"https:\/\/www.estrategiaconcursos.com.br\/blog\/#website","url":"https:\/\/www.estrategiaconcursos.com.br\/blog\/","name":"Estrat\u00e9gia Concursos","description":"O blog da Estrat\u00e9gia Concursos traz not\u00edcias sobre concursos e artigos de professores oferecendo cursos para concursos (pdf + videaulas) no site.","publisher":{"@id":"https:\/\/www.estrategiaconcursos.com.br\/blog\/#organization"},"potentialAction":[{"@type":"SearchAction","target":{"@type":"EntryPoint","urlTemplate":"https:\/\/www.estrategiaconcursos.com.br\/blog\/?s={search_term_string}"},"query-input":{"@type":"PropertyValueSpecification","valueRequired":true,"valueName":"search_term_string"}}],"inLanguage":"pt-BR"},{"@type":"Organization","@id":"https:\/\/www.estrategiaconcursos.com.br\/blog\/#organization","name":"Estrat\u00e9gia Concursos","url":"https:\/\/www.estrategiaconcursos.com.br\/blog\/","logo":{"@type":"ImageObject","inLanguage":"pt-BR","@id":"https:\/\/www.estrategiaconcursos.com.br\/blog\/#\/schema\/logo\/image\/","url":"https:\/\/dhg1h5j42swfq.cloudfront.net\/2025\/06\/03203428\/logo_concursos-1.jpg","contentUrl":"https:\/\/dhg1h5j42swfq.cloudfront.net\/2025\/06\/03203428\/logo_concursos-1.jpg","width":230,"height":60,"caption":"Estrat\u00e9gia Concursos"},"image":{"@id":"https:\/\/www.estrategiaconcursos.com.br\/blog\/#\/schema\/logo\/image\/"},"sameAs":["https:\/\/x.com\/EstratConcursos"]},{"@type":"Person","@id":"https:\/\/www.estrategiaconcursos.com.br\/blog\/#\/schema\/person\/1487d2b47adf846aa7da7eaea68212e2","name":"Igor Lima de Freitas","image":{"@type":"ImageObject","inLanguage":"pt-BR","@id":"https:\/\/secure.gravatar.com\/avatar\/1d225d7bcd6b359c34873e67c7694efaee149e7d5bcc219b50bee4eec2858f5c?s=96&d=mm&r=g","url":"https:\/\/secure.gravatar.com\/avatar\/1d225d7bcd6b359c34873e67c7694efaee149e7d5bcc219b50bee4eec2858f5c?s=96&d=mm&r=g","contentUrl":"https:\/\/secure.gravatar.com\/avatar\/1d225d7bcd6b359c34873e67c7694efaee149e7d5bcc219b50bee4eec2858f5c?s=96&d=mm&r=g","caption":"Igor Lima de Freitas"},"url":"https:\/\/www.estrategiaconcursos.com.br\/blog\/author\/igorlimaestrategiaconcursos-com-br\/"}]}},"_links":{"self":[{"href":"https:\/\/www.estrategiaconcursos.com.br\/blog\/wp-json\/wp\/v2\/posts\/431326","targetHints":{"allow":["GET"]}}],"collection":[{"href":"https:\/\/www.estrategiaconcursos.com.br\/blog\/wp-json\/wp\/v2\/posts"}],"about":[{"href":"https:\/\/www.estrategiaconcursos.com.br\/blog\/wp-json\/wp\/v2\/types\/post"}],"author":[{"embeddable":true,"href":"https:\/\/www.estrategiaconcursos.com.br\/blog\/wp-json\/wp\/v2\/users\/626"}],"replies":[{"embeddable":true,"href":"https:\/\/www.estrategiaconcursos.com.br\/blog\/wp-json\/wp\/v2\/comments?post=431326"}],"version-history":[{"count":4,"href":"https:\/\/www.estrategiaconcursos.com.br\/blog\/wp-json\/wp\/v2\/posts\/431326\/revisions"}],"predecessor-version":[{"id":1254014,"href":"https:\/\/www.estrategiaconcursos.com.br\/blog\/wp-json\/wp\/v2\/posts\/431326\/revisions\/1254014"}],"wp:attachment":[{"href":"https:\/\/www.estrategiaconcursos.com.br\/blog\/wp-json\/wp\/v2\/media?parent=431326"}],"wp:term":[{"taxonomy":"category","embeddable":true,"href":"https:\/\/www.estrategiaconcursos.com.br\/blog\/wp-json\/wp\/v2\/categories?post=431326"},{"taxonomy":"post_tag","embeddable":true,"href":"https:\/\/www.estrategiaconcursos.com.br\/blog\/wp-json\/wp\/v2\/tags?post=431326"},{"taxonomy":"tax_estado","embeddable":true,"href":"https:\/\/www.estrategiaconcursos.com.br\/blog\/wp-json\/wp\/v2\/tax_estado?post=431326"}],"curies":[{"name":"wp","href":"https:\/\/api.w.org\/{rel}","templated":true}]}}