{"id":431246,"date":"2019-10-07T16:44:18","date_gmt":"2019-10-07T19:44:18","guid":{"rendered":"https:\/\/www.estrategiaconcursos.com.br\/blog\/?p=431246"},"modified":"2019-10-07T16:50:42","modified_gmt":"2019-10-07T19:50:42","slug":"entrevista-jose-roberto-ferreira-machado-aprovado-no-concurso-brb","status":"publish","type":"post","link":"https:\/\/www.estrategiaconcursos.com.br\/blog\/entrevista-jose-roberto-ferreira-machado-aprovado-no-concurso-brb\/","title":{"rendered":"ENTREVISTA: Jos\u00e9 Roberto Ferreira Machado &#8211; Aprovado no concurso BRB no cargo de Escritur\u00e1rio"},"content":{"rendered":"<p><img loading=\"lazy\" decoding=\"async\" class=\"size-medium wp-image-430967 alignleft\" src=\"https:\/\/dhg1h5j42swfq.cloudfront.net\/2019\/10\/07105812\/274.jpg.jpg\" alt=\"\" width=\"300\" height=\"300\" srcset=\"https:\/\/dhg1h5j42swfq.cloudfront.net\/2019\/10\/07105812\/274.jpg.jpg 960w, https:\/\/dhg1h5j42swfq.cloudfront.net\/2019\/10\/07105812\/274.jpg.jpg 150w, https:\/\/dhg1h5j42swfq.cloudfront.net\/2019\/10\/07105812\/274.jpg.jpg 300w, https:\/\/dhg1h5j42swfq.cloudfront.net\/2019\/10\/07105812\/274.jpg.jpg 768w, https:\/\/dhg1h5j42swfq.cloudfront.net\/2019\/10\/07105812\/274.jpg.jpg 610w\" sizes=\"auto, (max-width: 300px) 100vw, 300px\" \/><br \/><!--StartFragment--><\/p>\n\n\n<p style=\"text-align:center\"><strong><em>&#8220;Ver meu nome na lista dos aprovados foi uma sensa\u00e7\u00e3o extraordin\u00e1ria! Com 57 anos estava concorrendo com uma garotada muito bem preparada&#8221;<\/em><\/strong> <\/p>\n\n\n\n<p>Confira nossa entrevista com Jos\u00e9 Roberto Ferreira Machado, aprovado no concurso BRB no cargo de Escritur\u00e1rio:<\/p>\n\n\n\n<p><strong>Estrat\u00e9gia Concursos: Conte-nos um pouco sobre voc\u00ea, para que nossos leitores possam te conhecer melhor. Voc\u00ea \u00e9 formado em que \u00e1rea? Qual sua idade? De onde voc\u00ea \u00e9? <\/strong><\/p>\n\n\n\n<p><strong>Jos\u00e9 Roberto: <\/strong>Sou Engenheiro Civil, nascido e formado em Belo horizonte e tenho 57 anos.<\/p>\n\n\n\n<p><strong>Estrat\u00e9gia: O que te levou a tomar a decis\u00e3o de come\u00e7ar a estudar para concursos?<\/strong><\/p>\n\n\n\n<p><strong>Jos\u00e9 Roberto: <\/strong>Com a crise no mercado imobili\u00e1rio de Bras\u00edlia e, consequentemente, a diminui\u00e7\u00e3o de vagas e sal\u00e1rios do setor, resolvi estudar para concursos. Inicialmente foquei em tribunais, pois no ano passado foi o de maior incid\u00eancia. Este ano mudei o fofo para \u00e1rea fiscal. <\/p>\n\n\n\n<p><strong>Estrat\u00e9gia: Durante sua caminhada como concurseiro, voc\u00ea trabalhava e estudava (como conciliava trabalho e estudos?), ou se dedicava inteiramente aos estudos para concurso? <\/strong><\/p>\n\n\n\n<p><strong>Jos\u00e9 Roberto: <\/strong>Dedicava inteiramente aos estudos<\/p>\n\n\n\n<p><strong>Estrat\u00e9gia: Quantos e em quais concursos j\u00e1 foi aprovado? Qual o \u00faltimo? Em qual cargo e em que coloca\u00e7\u00e3o?<\/strong> <\/p>\n\n\n\n<p><strong>Jos\u00e9 Roberto: <\/strong>T\u00e9cnico do MPU em 261\u00ba; Iphan em 24\u00ba; e agora no BRB, provisoriamente, antes do recurso de reda\u00e7\u00e3o, em 51\u00ba.<\/p>\n\n\n\n<p><strong>Estrat\u00e9gia: Qual foi sua sensa\u00e7\u00e3o ao ver seu nome na lista dos aprovados\/classificados? <\/strong><\/p>\n\n\n\n<p><strong>Jos\u00e9 Roberto: <\/strong>Sensa\u00e7\u00e3o extraordin\u00e1ria! Com 57 anos estava concorrendo com uma garotada muito bem preparada. Muitos concorrentes.<\/p>\n\n\n\n<p><strong>Estrat\u00e9gia: Como era sua vida social durante a prepara\u00e7\u00e3o para concursos? Voc\u00ea sa\u00eda com amigos, fam\u00edlia, etc? Ou adotou uma postura radical, abdicando do conv\u00edvio social? <\/strong><\/p>\n\n\n\n<p><strong>Jos\u00e9 Roberto: <\/strong> Sempre sai e viajei muito. Diminu\u00eda&nbsp;as viagens antes das provas. N\u00e3o deixei de praticar exerc\u00edcios.<\/p>\n\n\n\n<p><strong>Estrat\u00e9gia: Voc\u00ea \u00e9 casado? Tem filhos? Namora? Sua fam\u00edlia entendeu e apoiou sua caminhada como concurseiro(a)? Se sim, de que forma?<\/strong> <\/p>\n\n\n\n<p><strong>Jos\u00e9 Roberto: <\/strong>Sou casado, tenho 03 filhos, 01 neto e outro a caminho. <\/p>\n\n\n\n<p><strong>Estrat\u00e9gia: Voc\u00ea acha que vale a pena fazer outros concursos, com foco diferente daquele concurso que \u00e9 realmente seu objetivo maior?<\/strong> <\/p>\n\n\n\n<p><strong>Jos\u00e9 Roberto: <\/strong>Sim. Estava com foco na \u00e1rea fiscal, principalmente o Sefaz-DF. Durante um m\u00eas e meio parei com as mat\u00e9rias da \u00e1rea fiscal e foquei em \u00e1rea banc\u00e1ria. Agora virei o bot\u00e3o novamente.<\/p>\n\n\n\n<p><strong>Estrat\u00e9gia: Voc\u00ea estudou por quanto tempo direcionado ao concurso que foi aprovado?  <\/strong><\/p>\n\n\n\n<p><strong>Jos\u00e9 Roberto: <\/strong> Um m\u00eas e meio. Mas j\u00e1 estudo para concursos h\u00e1 algum tempo.<\/p>\n\n\n\n<p><strong>Estrat\u00e9gia: Chegou a estudar sem ter edital na pra\u00e7a? Durante esse tempo, como voc\u00ea fazia para manter a disciplina nos estudos?<\/strong><\/p>\n\n\n\n<p><strong>Jos\u00e9 Roberto: <\/strong>Sempre tem edital. No tempo de tribunal, eu rodava o pa\u00eds e agora procuro fazer todos os da \u00e1rea fiscal. De hoje at\u00e9 fevereiro farei: S\u00e3o Jos\u00e9 do Rio Preto; Uberl\u00e2ndia; DF e Governador Valadares. Todos da \u00e1rea fiscal.<\/p>\n\n\n\n<p><strong>Estrat\u00e9gia: Que materiais voc\u00ea usou em sua prepara\u00e7\u00e3o para o concurso? Aulas presenciais, telepresenciais, livros, cursos em PDF, videoaulas? Quais foram as principais vantagens e desvantagens de cada um? <\/strong><\/p>\n\n\n\n<p><strong>Jos\u00e9 Roberto: <\/strong>Estudo em PDF e videoaula, principalmente as aulas resumos, como o <em>Revis\u00e3o Acelerada<\/em>. Uso o PDF e complemento com videoaulas, penso que um \u00e9 complemento do outro.<\/p>\n\n\n\n<p><strong>Estrat\u00e9gia: Como conheceu o Estrat\u00e9gia Concursos? <\/strong><\/p>\n\n\n\n<p><strong>Jos\u00e9 Roberto:<\/strong> \u00c9 um dos mais famosos. Todos, que est\u00e3o nessa caminhada de concurso, o conhecem.<\/p>\n\n\n\n<p><strong>Estrat\u00e9gia: Uma das principais dificuldades de todo o concursando \u00e9 a quantidade de assuntos que devem ser memorizados. Como voc\u00ea fez para estudar todo o conte\u00fado do concurso? Falando de modo mais espec\u00edfico: voc\u00ea estudava v\u00e1rias mat\u00e9rias ao mesmo tempo? Quantas? Costumava fazer resumos? Focava mais em exerc\u00edcios, ou na leitura e releitura da teoria? Como montou seu plano de estudos? Quantas horas por dia costumava estudar? <\/strong><\/p>\n\n\n\n<p><strong>Jos\u00e9 Roberto: <\/strong> Estudo, em m\u00e9dia, 40 horas por semana. No m\u00eas da prova acelero para mais de 50 horas l\u00edquidas. Metade exerc\u00edcio (uns 400 por semana) e mesclo com revis\u00e3o e estudo. Reservo a parte da noite, quando estou mais cansado, para videoaulas.<\/p>\n\n\n\n<p><strong>Estrat\u00e9gia: Voc\u00ea tinha mais dificuldades em alguma(s) disciplina(s)? Quais? Como voc\u00ea fez para superar estas dificuldades? <\/strong><\/p>\n\n\n\n<p><strong>Jos\u00e9 Roberto: <\/strong> Por incr\u00edvel que pare\u00e7a, pela minha forma\u00e7\u00e3o, mat\u00e9rias que demandam c\u00e1lculos. Cito as contabilidades e estat\u00edsticas. A estrat\u00e9gia \u00e9 partir para cima, muito exerc\u00edcio, videoaula, mat\u00e9ria e resumo escrito. Tenho facilidade nos Direitos.<\/p>\n\n\n\n<p><strong>Estrat\u00e9gia: A reta final \u00e9 sempre um per\u00edodo estressante. Como foi sua rotina de estudos na semana que antecedeu a prova? E v\u00e9spera de prova: foi dia de descanso ou dia de estudo? <\/strong><\/p>\n\n\n\n<p><strong>Jos\u00e9 Roberto: <\/strong> Na v\u00e9spera gosto de relaxar, n\u00e3o curto revis\u00e3o de v\u00e9spera, etc. Se transmite no youtube at\u00e9 vejo, mas n\u00e3o vou na presencial.<\/p>\n\n\n\n<p><strong>Estrat\u00e9gia: No seu concurso, tivemos, al\u00e9m das provas objetivas, as provas discursivas. Como foi seu estudo para esta importante parte do certame? O que voc\u00ea aconselha? <\/strong><\/p>\n\n\n\n<p><strong>Jos\u00e9 Roberto: <\/strong>Boa pergunta, pois esse foi o meu diferencial. No TRT do Rio tirei nove na objetiva e fui desclassificado na reda\u00e7\u00e3o, n\u00e3o conseguiram ler. Melhorei a letra e contratei uma professora para corrigir minhas reda\u00e7\u00f5es. Fiz 12 nas 02 semanas antes da prova. Me ajudou demais! Tirei 8,41 e a professora disse que poderia entrar com recursos e tentar passar minha nota para 9. Vi v\u00eddeos compactos tamb\u00e9m.<\/p>\n\n\n\n<p><strong>Estrat\u00e9gia: Se voc\u00ea tivesse que apontar ERROS em sua prepara\u00e7\u00e3o (se \u00e9 que houve), quais seriam? Diga-nos tamb\u00e9m quais foram os maiores ACERTOS<\/strong>. <\/p>\n\n\n\n<p><strong>Jos\u00e9 Roberto: <\/strong>Acertos s\u00e3o as horas de estudo, material bom e muita disposi\u00e7\u00e3o. Erros acredito que n\u00e3o tive.<\/p>\n\n\n\n<p><strong>Estrat\u00e9gia: O que foi mais dif\u00edcil nessa caminhada rumo \u00e0 aprova\u00e7\u00e3o? Chegou a pensar, por algum momento, em desistir? Se sim, como fez para seguir em frente? <\/strong><\/p>\n\n\n\n<p> <strong>Jos\u00e9 Roberto: <\/strong>Gosto de estudar, tenho prazer. Como n\u00e3o estou trabalhando, o estudo virou meu trabalho, minha rotina. Se n\u00e3o fosse isso estaria muito ocioso.<\/p>\n\n\n\n<p><strong>Estrat\u00e9gia: Qual foi sua principal motiva\u00e7\u00e3o? <\/strong><\/p>\n\n\n\n<p><strong>Jos\u00e9 Roberto: <\/strong>Realmente querer voltar a trabalhar e competir, que \u00e9 muito bom.<\/p>\n\n\n\n<p><strong>Estrat\u00e9gia: Por fim, o que voc\u00ea aconselharia a algu\u00e9m que est\u00e1 iniciando seus estudos para concurso? Deixe sua mensagem para todos aqueles que um dia almejam chegar aonde voc\u00ea chegou!<\/strong> <\/p>\n\n\n\n<p><strong>Jos\u00e9 Roberto: <\/strong>O mais importante \u00e9 entender onde est\u00e1 pisando. Entender o todo \u00e9 muito importante e dif\u00edcil. O concurseiro novato estuda as partes e n\u00e3o tem no\u00e7\u00e3o do todo, fica meio \u00e0 deriva. S\u00f3 ap\u00f3s algum tempo ele compreende o que \u00e9, de fato, concurso. Depois que voc\u00ea compreende o que \u00e9, desenvolve seu m\u00e9todo de estudo. A\u00ed \u00e9 s\u00f3 estudar com afinco que o resultado vir\u00e1.<\/p>\n\n\n\n<p><strong>Confira outras entrevistas em:<\/strong><\/p>\n\n\n\n<p><a href=\"https:\/\/www.estrategiaconcursos.com.br\/depoimentos\/\" target=\"_blank\" rel=\"noreferrer noopener\">Depoimentos de Aprovados<\/a><\/p>\n\n\n\n<p><a href=\"https:\/\/www.estrategiaconcursos.com.br\/cursos\/concurso\" target=\"_blank\" rel=\"noreferrer noopener\">Cursos Online para Concursos<\/a><\/p>\n\n\n<p><!--EndFragment--><\/p>\n\n\n\n<p style=\"text-align: center;\"><strong><em>Foi aprovado e deseja dividir com a gente e com outros concurseiros como foi sua trajet\u00f3ria at\u00e9 a aprova\u00e7\u00e3o?! Mande um e-mail para:\u00a0<\/em><\/strong><strong>comunicacao@estrategiaconcursos.com.br<\/strong><\/p>\n<p>\n\n\n\n<\/p>\n<p>Abra\u00e7os,<\/p>\n<p>\n\n\n\n<\/p><p>Tha\u00eds Mendes<\/p>\n\n\n","protected":false},"excerpt":{"rendered":"<p>&#8220;Ver meu nome na lista dos aprovados foi uma sensa\u00e7\u00e3o extraordin\u00e1ria! Com 57 anos estava concorrendo com uma garotada muito bem preparada&#8221; Confira nossa entrevista com Jos\u00e9 Roberto Ferreira Machado, aprovado no concurso BRB no cargo de Escritur\u00e1rio: Estrat\u00e9gia Concursos: Conte-nos um pouco sobre voc\u00ea, para que nossos leitores possam te conhecer melhor. Voc\u00ea \u00e9 [&hellip;]<\/p>\n","protected":false},"author":1,"featured_media":431272,"comment_status":"open","ping_status":"closed","sticky":false,"template":"","format":"standard","meta":{"post_tipo":"news","footnotes":""},"categories":[1],"tags":[],"tax_estado":[],"class_list":["post-431246","post","type-post","status-publish","format-standard","has-post-thumbnail","hentry","category-cursos-e-concursos"],"acf":[],"yoast_head":"<!-- This site is optimized with the Yoast SEO Premium plugin v27.2 (Yoast SEO v27.2) - https:\/\/yoast.com\/product\/yoast-seo-premium-wordpress\/ -->\n<title>ENTREVISTA: Jos\u00e9 Roberto Ferreira Machado - Aprovado no concurso BRB no cargo de Escritur\u00e1rio<\/title>\n<meta name=\"description\" content=\"Confira nossa entrevista com Jos\u00e9 Roberto Ferreira Machado, aprovado no concurso BRB no cargo de Escritur\u00e1rio\" \/>\n<meta name=\"robots\" content=\"index, follow, max-snippet:-1, max-image-preview:large, max-video-preview:-1\" \/>\n<link rel=\"canonical\" href=\"https:\/\/www.estrategiaconcursos.com.br\/blog\/entrevista-jose-roberto-ferreira-machado-aprovado-no-concurso-brb\/\" \/>\n<meta property=\"og:locale\" content=\"pt_BR\" \/>\n<meta property=\"og:type\" content=\"article\" \/>\n<meta property=\"og:title\" content=\"ENTREVISTA: Jos\u00e9 Roberto Ferreira Machado - Aprovado no concurso BRB no cargo de Escritur\u00e1rio\" \/>\n<meta property=\"og:description\" content=\"Confira nossa entrevista com Jos\u00e9 Roberto Ferreira Machado, aprovado no concurso BRB no cargo de Escritur\u00e1rio\" \/>\n<meta property=\"og:url\" content=\"https:\/\/www.estrategiaconcursos.com.br\/blog\/entrevista-jose-roberto-ferreira-machado-aprovado-no-concurso-brb\/\" \/>\n<meta property=\"og:site_name\" content=\"Estrat\u00e9gia Concursos\" \/>\n<meta property=\"article:author\" content=\"https:\/\/www.facebook.com\/EstrategiaConcursos\" \/>\n<meta property=\"article:published_time\" content=\"2019-10-07T19:44:18+00:00\" \/>\n<meta property=\"article:modified_time\" content=\"2019-10-07T19:50:42+00:00\" \/>\n<meta property=\"og:image\" content=\"https:\/\/dhg1h5j42swfq.cloudfront.net\/2019\/10\/07165020\/jose.roberto.home_.jpg\" \/>\n\t<meta property=\"og:image:width\" content=\"914\" \/>\n\t<meta property=\"og:image:height\" content=\"487\" \/>\n\t<meta property=\"og:image:type\" content=\"image\/jpeg\" \/>\n<meta name=\"author\" content=\"Coordena\u00e7\u00e3o\" \/>\n<meta name=\"twitter:card\" content=\"summary_large_image\" \/>\n<meta name=\"twitter:creator\" content=\"@EstratConcursos\" \/>\n<meta name=\"twitter:site\" content=\"@EstratConcursos\" \/>\n<meta name=\"twitter:label1\" content=\"Escrito por\" \/>\n\t<meta name=\"twitter:data1\" content=\"Coordena\u00e7\u00e3o\" \/>\n\t<meta name=\"twitter:label2\" content=\"Est. tempo de leitura\" \/>\n\t<meta name=\"twitter:data2\" content=\"6 minutos\" \/>\n<script type=\"application\/ld+json\" class=\"yoast-schema-graph\">{\"@context\":\"https:\/\/schema.org\",\"@graph\":[{\"@type\":\"NewsArticle\",\"@id\":\"https:\/\/www.estrategiaconcursos.com.br\/blog\/entrevista-jose-roberto-ferreira-machado-aprovado-no-concurso-brb\/#article\",\"isPartOf\":{\"@id\":\"https:\/\/www.estrategiaconcursos.com.br\/blog\/entrevista-jose-roberto-ferreira-machado-aprovado-no-concurso-brb\/\"},\"author\":{\"name\":\"Coordena\u00e7\u00e3o\",\"@id\":\"https:\/\/www.estrategiaconcursos.com.br\/blog\/#\/schema\/person\/b4a388c97673c5f483d72185668afa1f\"},\"headline\":\"ENTREVISTA: Jos\u00e9 Roberto Ferreira Machado &#8211; Aprovado no concurso BRB no cargo de Escritur\u00e1rio\",\"datePublished\":\"2019-10-07T19:44:18+00:00\",\"dateModified\":\"2019-10-07T19:50:42+00:00\",\"mainEntityOfPage\":{\"@id\":\"https:\/\/www.estrategiaconcursos.com.br\/blog\/entrevista-jose-roberto-ferreira-machado-aprovado-no-concurso-brb\/\"},\"wordCount\":1203,\"commentCount\":3,\"publisher\":{\"@id\":\"https:\/\/www.estrategiaconcursos.com.br\/blog\/#organization\"},\"image\":{\"@id\":\"https:\/\/www.estrategiaconcursos.com.br\/blog\/entrevista-jose-roberto-ferreira-machado-aprovado-no-concurso-brb\/#primaryimage\"},\"thumbnailUrl\":\"https:\/\/dhg1h5j42swfq.cloudfront.net\/2019\/10\/07165020\/jose.roberto.home_.jpg\",\"articleSection\":[\"Concursos P\u00fablicos\"],\"inLanguage\":\"pt-BR\",\"potentialAction\":[{\"@type\":\"CommentAction\",\"name\":\"Comment\",\"target\":[\"https:\/\/www.estrategiaconcursos.com.br\/blog\/entrevista-jose-roberto-ferreira-machado-aprovado-no-concurso-brb\/#respond\"]}],\"copyrightYear\":\"2019\",\"copyrightHolder\":{\"@id\":\"https:\/\/www.estrategiaconcursos.com.br\/blog\/#organization\"}},{\"@type\":\"WebPage\",\"@id\":\"https:\/\/www.estrategiaconcursos.com.br\/blog\/entrevista-jose-roberto-ferreira-machado-aprovado-no-concurso-brb\/\",\"url\":\"https:\/\/www.estrategiaconcursos.com.br\/blog\/entrevista-jose-roberto-ferreira-machado-aprovado-no-concurso-brb\/\",\"name\":\"ENTREVISTA: Jos\u00e9 Roberto Ferreira Machado - Aprovado no concurso BRB no cargo de Escritur\u00e1rio\",\"isPartOf\":{\"@id\":\"https:\/\/www.estrategiaconcursos.com.br\/blog\/#website\"},\"primaryImageOfPage\":{\"@id\":\"https:\/\/www.estrategiaconcursos.com.br\/blog\/entrevista-jose-roberto-ferreira-machado-aprovado-no-concurso-brb\/#primaryimage\"},\"image\":{\"@id\":\"https:\/\/www.estrategiaconcursos.com.br\/blog\/entrevista-jose-roberto-ferreira-machado-aprovado-no-concurso-brb\/#primaryimage\"},\"thumbnailUrl\":\"https:\/\/dhg1h5j42swfq.cloudfront.net\/2019\/10\/07165020\/jose.roberto.home_.jpg\",\"datePublished\":\"2019-10-07T19:44:18+00:00\",\"dateModified\":\"2019-10-07T19:50:42+00:00\",\"description\":\"Confira nossa entrevista com Jos\u00e9 Roberto Ferreira Machado, aprovado no concurso BRB no cargo de Escritur\u00e1rio\",\"breadcrumb\":{\"@id\":\"https:\/\/www.estrategiaconcursos.com.br\/blog\/entrevista-jose-roberto-ferreira-machado-aprovado-no-concurso-brb\/#breadcrumb\"},\"inLanguage\":\"pt-BR\",\"potentialAction\":[{\"@type\":\"ReadAction\",\"target\":[\"https:\/\/www.estrategiaconcursos.com.br\/blog\/entrevista-jose-roberto-ferreira-machado-aprovado-no-concurso-brb\/\"]}]},{\"@type\":\"ImageObject\",\"inLanguage\":\"pt-BR\",\"@id\":\"https:\/\/www.estrategiaconcursos.com.br\/blog\/entrevista-jose-roberto-ferreira-machado-aprovado-no-concurso-brb\/#primaryimage\",\"url\":\"https:\/\/dhg1h5j42swfq.cloudfront.net\/2019\/10\/07165020\/jose.roberto.home_.jpg\",\"contentUrl\":\"https:\/\/dhg1h5j42swfq.cloudfront.net\/2019\/10\/07165020\/jose.roberto.home_.jpg\",\"width\":914,\"height\":487},{\"@type\":\"BreadcrumbList\",\"@id\":\"https:\/\/www.estrategiaconcursos.com.br\/blog\/entrevista-jose-roberto-ferreira-machado-aprovado-no-concurso-brb\/#breadcrumb\",\"itemListElement\":[{\"@type\":\"ListItem\",\"position\":1,\"name\":\"In\u00edcio\",\"item\":\"https:\/\/www.estrategiaconcursos.com.br\/blog\/\"},{\"@type\":\"ListItem\",\"position\":2,\"name\":\"ENTREVISTA: Jos\u00e9 Roberto Ferreira Machado &#8211; Aprovado no concurso BRB no cargo de Escritur\u00e1rio\"}]},{\"@type\":\"WebSite\",\"@id\":\"https:\/\/www.estrategiaconcursos.com.br\/blog\/#website\",\"url\":\"https:\/\/www.estrategiaconcursos.com.br\/blog\/\",\"name\":\"Estrat\u00e9gia Concursos\",\"description\":\"O blog da Estrat\u00e9gia Concursos traz not\u00edcias sobre concursos e artigos de professores oferecendo cursos para concursos (pdf + videaulas) no site.\",\"publisher\":{\"@id\":\"https:\/\/www.estrategiaconcursos.com.br\/blog\/#organization\"},\"potentialAction\":[{\"@type\":\"SearchAction\",\"target\":{\"@type\":\"EntryPoint\",\"urlTemplate\":\"https:\/\/www.estrategiaconcursos.com.br\/blog\/?s={search_term_string}\"},\"query-input\":{\"@type\":\"PropertyValueSpecification\",\"valueRequired\":true,\"valueName\":\"search_term_string\"}}],\"inLanguage\":\"pt-BR\"},{\"@type\":\"Organization\",\"@id\":\"https:\/\/www.estrategiaconcursos.com.br\/blog\/#organization\",\"name\":\"Estrat\u00e9gia Concursos\",\"url\":\"https:\/\/www.estrategiaconcursos.com.br\/blog\/\",\"logo\":{\"@type\":\"ImageObject\",\"inLanguage\":\"pt-BR\",\"@id\":\"https:\/\/www.estrategiaconcursos.com.br\/blog\/#\/schema\/logo\/image\/\",\"url\":\"https:\/\/dhg1h5j42swfq.cloudfront.net\/2025\/06\/03203428\/logo_concursos-1.jpg\",\"contentUrl\":\"https:\/\/dhg1h5j42swfq.cloudfront.net\/2025\/06\/03203428\/logo_concursos-1.jpg\",\"width\":230,\"height\":60,\"caption\":\"Estrat\u00e9gia Concursos\"},\"image\":{\"@id\":\"https:\/\/www.estrategiaconcursos.com.br\/blog\/#\/schema\/logo\/image\/\"},\"sameAs\":[\"https:\/\/x.com\/EstratConcursos\"]},{\"@type\":\"Person\",\"@id\":\"https:\/\/www.estrategiaconcursos.com.br\/blog\/#\/schema\/person\/b4a388c97673c5f483d72185668afa1f\",\"name\":\"Coordena\u00e7\u00e3o\",\"image\":{\"@type\":\"ImageObject\",\"inLanguage\":\"pt-BR\",\"@id\":\"https:\/\/secure.gravatar.com\/avatar\/b720319e4c9a967eb58678d110f4fe35452fc5d5f97b202bac7b8acceb18c6ad?s=96&d=mm&r=g\",\"url\":\"https:\/\/secure.gravatar.com\/avatar\/b720319e4c9a967eb58678d110f4fe35452fc5d5f97b202bac7b8acceb18c6ad?s=96&d=mm&r=g\",\"contentUrl\":\"https:\/\/secure.gravatar.com\/avatar\/b720319e4c9a967eb58678d110f4fe35452fc5d5f97b202bac7b8acceb18c6ad?s=96&d=mm&r=g\",\"caption\":\"Coordena\u00e7\u00e3o\"},\"sameAs\":[\"https:\/\/www.facebook.com\/EstrategiaConcursos\",\"https:\/\/x.com\/EstratConcursos\"],\"url\":\"https:\/\/www.estrategiaconcursos.com.br\/blog\/author\/estrategia2013\/\"}]}<\/script>\n<!-- \/ Yoast SEO Premium plugin. -->","yoast_head_json":{"title":"ENTREVISTA: Jos\u00e9 Roberto Ferreira Machado - Aprovado no concurso BRB no cargo de Escritur\u00e1rio","description":"Confira nossa entrevista com Jos\u00e9 Roberto Ferreira Machado, aprovado no concurso BRB no cargo de Escritur\u00e1rio","robots":{"index":"index","follow":"follow","max-snippet":"max-snippet:-1","max-image-preview":"max-image-preview:large","max-video-preview":"max-video-preview:-1"},"canonical":"https:\/\/www.estrategiaconcursos.com.br\/blog\/entrevista-jose-roberto-ferreira-machado-aprovado-no-concurso-brb\/","og_locale":"pt_BR","og_type":"article","og_title":"ENTREVISTA: Jos\u00e9 Roberto Ferreira Machado - Aprovado no concurso BRB no cargo de Escritur\u00e1rio","og_description":"Confira nossa entrevista com Jos\u00e9 Roberto Ferreira Machado, aprovado no concurso BRB no cargo de Escritur\u00e1rio","og_url":"https:\/\/www.estrategiaconcursos.com.br\/blog\/entrevista-jose-roberto-ferreira-machado-aprovado-no-concurso-brb\/","og_site_name":"Estrat\u00e9gia Concursos","article_author":"https:\/\/www.facebook.com\/EstrategiaConcursos","article_published_time":"2019-10-07T19:44:18+00:00","article_modified_time":"2019-10-07T19:50:42+00:00","og_image":[{"width":914,"height":487,"url":"https:\/\/dhg1h5j42swfq.cloudfront.net\/2019\/10\/07165020\/jose.roberto.home_.jpg","type":"image\/jpeg"}],"author":"Coordena\u00e7\u00e3o","twitter_card":"summary_large_image","twitter_creator":"@EstratConcursos","twitter_site":"@EstratConcursos","twitter_misc":{"Escrito por":"Coordena\u00e7\u00e3o","Est. tempo de leitura":"6 minutos"},"schema":{"@context":"https:\/\/schema.org","@graph":[{"@type":"NewsArticle","@id":"https:\/\/www.estrategiaconcursos.com.br\/blog\/entrevista-jose-roberto-ferreira-machado-aprovado-no-concurso-brb\/#article","isPartOf":{"@id":"https:\/\/www.estrategiaconcursos.com.br\/blog\/entrevista-jose-roberto-ferreira-machado-aprovado-no-concurso-brb\/"},"author":{"name":"Coordena\u00e7\u00e3o","@id":"https:\/\/www.estrategiaconcursos.com.br\/blog\/#\/schema\/person\/b4a388c97673c5f483d72185668afa1f"},"headline":"ENTREVISTA: Jos\u00e9 Roberto Ferreira Machado &#8211; Aprovado no concurso BRB no cargo de Escritur\u00e1rio","datePublished":"2019-10-07T19:44:18+00:00","dateModified":"2019-10-07T19:50:42+00:00","mainEntityOfPage":{"@id":"https:\/\/www.estrategiaconcursos.com.br\/blog\/entrevista-jose-roberto-ferreira-machado-aprovado-no-concurso-brb\/"},"wordCount":1203,"commentCount":3,"publisher":{"@id":"https:\/\/www.estrategiaconcursos.com.br\/blog\/#organization"},"image":{"@id":"https:\/\/www.estrategiaconcursos.com.br\/blog\/entrevista-jose-roberto-ferreira-machado-aprovado-no-concurso-brb\/#primaryimage"},"thumbnailUrl":"https:\/\/dhg1h5j42swfq.cloudfront.net\/2019\/10\/07165020\/jose.roberto.home_.jpg","articleSection":["Concursos P\u00fablicos"],"inLanguage":"pt-BR","potentialAction":[{"@type":"CommentAction","name":"Comment","target":["https:\/\/www.estrategiaconcursos.com.br\/blog\/entrevista-jose-roberto-ferreira-machado-aprovado-no-concurso-brb\/#respond"]}],"copyrightYear":"2019","copyrightHolder":{"@id":"https:\/\/www.estrategiaconcursos.com.br\/blog\/#organization"}},{"@type":"WebPage","@id":"https:\/\/www.estrategiaconcursos.com.br\/blog\/entrevista-jose-roberto-ferreira-machado-aprovado-no-concurso-brb\/","url":"https:\/\/www.estrategiaconcursos.com.br\/blog\/entrevista-jose-roberto-ferreira-machado-aprovado-no-concurso-brb\/","name":"ENTREVISTA: Jos\u00e9 Roberto Ferreira Machado - Aprovado no concurso BRB no cargo de Escritur\u00e1rio","isPartOf":{"@id":"https:\/\/www.estrategiaconcursos.com.br\/blog\/#website"},"primaryImageOfPage":{"@id":"https:\/\/www.estrategiaconcursos.com.br\/blog\/entrevista-jose-roberto-ferreira-machado-aprovado-no-concurso-brb\/#primaryimage"},"image":{"@id":"https:\/\/www.estrategiaconcursos.com.br\/blog\/entrevista-jose-roberto-ferreira-machado-aprovado-no-concurso-brb\/#primaryimage"},"thumbnailUrl":"https:\/\/dhg1h5j42swfq.cloudfront.net\/2019\/10\/07165020\/jose.roberto.home_.jpg","datePublished":"2019-10-07T19:44:18+00:00","dateModified":"2019-10-07T19:50:42+00:00","description":"Confira nossa entrevista com Jos\u00e9 Roberto Ferreira Machado, aprovado no concurso BRB no cargo de Escritur\u00e1rio","breadcrumb":{"@id":"https:\/\/www.estrategiaconcursos.com.br\/blog\/entrevista-jose-roberto-ferreira-machado-aprovado-no-concurso-brb\/#breadcrumb"},"inLanguage":"pt-BR","potentialAction":[{"@type":"ReadAction","target":["https:\/\/www.estrategiaconcursos.com.br\/blog\/entrevista-jose-roberto-ferreira-machado-aprovado-no-concurso-brb\/"]}]},{"@type":"ImageObject","inLanguage":"pt-BR","@id":"https:\/\/www.estrategiaconcursos.com.br\/blog\/entrevista-jose-roberto-ferreira-machado-aprovado-no-concurso-brb\/#primaryimage","url":"https:\/\/dhg1h5j42swfq.cloudfront.net\/2019\/10\/07165020\/jose.roberto.home_.jpg","contentUrl":"https:\/\/dhg1h5j42swfq.cloudfront.net\/2019\/10\/07165020\/jose.roberto.home_.jpg","width":914,"height":487},{"@type":"BreadcrumbList","@id":"https:\/\/www.estrategiaconcursos.com.br\/blog\/entrevista-jose-roberto-ferreira-machado-aprovado-no-concurso-brb\/#breadcrumb","itemListElement":[{"@type":"ListItem","position":1,"name":"In\u00edcio","item":"https:\/\/www.estrategiaconcursos.com.br\/blog\/"},{"@type":"ListItem","position":2,"name":"ENTREVISTA: Jos\u00e9 Roberto Ferreira Machado &#8211; Aprovado no concurso BRB no cargo de Escritur\u00e1rio"}]},{"@type":"WebSite","@id":"https:\/\/www.estrategiaconcursos.com.br\/blog\/#website","url":"https:\/\/www.estrategiaconcursos.com.br\/blog\/","name":"Estrat\u00e9gia Concursos","description":"O blog da Estrat\u00e9gia Concursos traz not\u00edcias sobre concursos e artigos de professores oferecendo cursos para concursos (pdf + videaulas) no site.","publisher":{"@id":"https:\/\/www.estrategiaconcursos.com.br\/blog\/#organization"},"potentialAction":[{"@type":"SearchAction","target":{"@type":"EntryPoint","urlTemplate":"https:\/\/www.estrategiaconcursos.com.br\/blog\/?s={search_term_string}"},"query-input":{"@type":"PropertyValueSpecification","valueRequired":true,"valueName":"search_term_string"}}],"inLanguage":"pt-BR"},{"@type":"Organization","@id":"https:\/\/www.estrategiaconcursos.com.br\/blog\/#organization","name":"Estrat\u00e9gia Concursos","url":"https:\/\/www.estrategiaconcursos.com.br\/blog\/","logo":{"@type":"ImageObject","inLanguage":"pt-BR","@id":"https:\/\/www.estrategiaconcursos.com.br\/blog\/#\/schema\/logo\/image\/","url":"https:\/\/dhg1h5j42swfq.cloudfront.net\/2025\/06\/03203428\/logo_concursos-1.jpg","contentUrl":"https:\/\/dhg1h5j42swfq.cloudfront.net\/2025\/06\/03203428\/logo_concursos-1.jpg","width":230,"height":60,"caption":"Estrat\u00e9gia Concursos"},"image":{"@id":"https:\/\/www.estrategiaconcursos.com.br\/blog\/#\/schema\/logo\/image\/"},"sameAs":["https:\/\/x.com\/EstratConcursos"]},{"@type":"Person","@id":"https:\/\/www.estrategiaconcursos.com.br\/blog\/#\/schema\/person\/b4a388c97673c5f483d72185668afa1f","name":"Coordena\u00e7\u00e3o","image":{"@type":"ImageObject","inLanguage":"pt-BR","@id":"https:\/\/secure.gravatar.com\/avatar\/b720319e4c9a967eb58678d110f4fe35452fc5d5f97b202bac7b8acceb18c6ad?s=96&d=mm&r=g","url":"https:\/\/secure.gravatar.com\/avatar\/b720319e4c9a967eb58678d110f4fe35452fc5d5f97b202bac7b8acceb18c6ad?s=96&d=mm&r=g","contentUrl":"https:\/\/secure.gravatar.com\/avatar\/b720319e4c9a967eb58678d110f4fe35452fc5d5f97b202bac7b8acceb18c6ad?s=96&d=mm&r=g","caption":"Coordena\u00e7\u00e3o"},"sameAs":["https:\/\/www.facebook.com\/EstrategiaConcursos","https:\/\/x.com\/EstratConcursos"],"url":"https:\/\/www.estrategiaconcursos.com.br\/blog\/author\/estrategia2013\/"}]}},"_links":{"self":[{"href":"https:\/\/www.estrategiaconcursos.com.br\/blog\/wp-json\/wp\/v2\/posts\/431246","targetHints":{"allow":["GET"]}}],"collection":[{"href":"https:\/\/www.estrategiaconcursos.com.br\/blog\/wp-json\/wp\/v2\/posts"}],"about":[{"href":"https:\/\/www.estrategiaconcursos.com.br\/blog\/wp-json\/wp\/v2\/types\/post"}],"author":[{"embeddable":true,"href":"https:\/\/www.estrategiaconcursos.com.br\/blog\/wp-json\/wp\/v2\/users\/1"}],"replies":[{"embeddable":true,"href":"https:\/\/www.estrategiaconcursos.com.br\/blog\/wp-json\/wp\/v2\/comments?post=431246"}],"version-history":[{"count":2,"href":"https:\/\/www.estrategiaconcursos.com.br\/blog\/wp-json\/wp\/v2\/posts\/431246\/revisions"}],"predecessor-version":[{"id":431277,"href":"https:\/\/www.estrategiaconcursos.com.br\/blog\/wp-json\/wp\/v2\/posts\/431246\/revisions\/431277"}],"wp:featuredmedia":[{"embeddable":true,"href":"https:\/\/www.estrategiaconcursos.com.br\/blog\/wp-json\/wp\/v2\/media\/431272"}],"wp:attachment":[{"href":"https:\/\/www.estrategiaconcursos.com.br\/blog\/wp-json\/wp\/v2\/media?parent=431246"}],"wp:term":[{"taxonomy":"category","embeddable":true,"href":"https:\/\/www.estrategiaconcursos.com.br\/blog\/wp-json\/wp\/v2\/categories?post=431246"},{"taxonomy":"post_tag","embeddable":true,"href":"https:\/\/www.estrategiaconcursos.com.br\/blog\/wp-json\/wp\/v2\/tags?post=431246"},{"taxonomy":"tax_estado","embeddable":true,"href":"https:\/\/www.estrategiaconcursos.com.br\/blog\/wp-json\/wp\/v2\/tax_estado?post=431246"}],"curies":[{"name":"wp","href":"https:\/\/api.w.org\/{rel}","templated":true}]}}