{"id":431057,"date":"2019-10-07T13:02:21","date_gmt":"2019-10-07T16:02:21","guid":{"rendered":"https:\/\/www.estrategiaconcursos.com.br\/blog\/?p=431057"},"modified":"2019-10-07T13:02:26","modified_gmt":"2019-10-07T16:02:26","slug":"lancamento-da-trilha-estrategica-pos-edital-para-o-iss-porto-alegre","status":"publish","type":"post","link":"https:\/\/www.estrategiaconcursos.com.br\/blog\/lancamento-da-trilha-estrategica-pos-edital-para-o-iss-porto-alegre\/","title":{"rendered":"Lan\u00e7amento da Trilha Estrat\u00e9gica P\u00f3s-Edital para o ISS Porto Alegre"},"content":{"rendered":"\n<p>Ol\u00e1, pessoal! Tudo bem?<\/p>\n\n\n\n<p>A \u00e1rea fiscal anda agitada! Est\u00e3o abertas as inscri\u00e7\u00f5es para o concurso <strong>ISS Porto Alegre<\/strong> com oferta de 2 vagas imediatas para Auditor Fiscal da Receita Municipal! As provas ser\u00e3o realizadas no dia 15\/12\/2019, portanto, os candidatos t\u00eam pouco mais de 2 meses para intensificar a prepara\u00e7\u00e3o e chegar brigando pela vaga.<\/p>\n\n\n\n<p>Com pouco tempo entre o edital e a prova e poucas vagas dispon\u00edveis, bate a d\u00favida: e agora, <strong>o que priorizar?<\/strong> Como e o que estudar para chegar ao dia da prova com chances de obter uma boa coloca\u00e7\u00e3o?<\/p>\n\n\n\n<p>A primeira coisa \u00e9 manter o equil\u00edbrio e n\u00e3o entrar em desespero! Preocupem-se em estudar, pois aqui no <strong>Estrat\u00e9gia Concursos<\/strong> nossa preocupa\u00e7\u00e3o \u00e9 em dar a voc\u00eas todas as condi\u00e7\u00f5es para que voc\u00eas tenham o melhor aproveitamento poss\u00edvel de todo o tempo de estudo que voc\u00eas tiverem. Por isso, enquanto os professores correm para disponibilizar as aulas de acordo com o edital, j\u00e1 preparamos atividades importantes para que voc\u00eas n\u00e3o percam tempo e continuem estudando em alto n\u00edvel.<\/p>\n\n\n\n<p>Serei a respons\u00e1vel pela organiza\u00e7\u00e3o da <strong>Trilha Estrat\u00e9gica ISS Porto Alegre P\u00f3s-Edital<\/strong>, que foi lan\u00e7ada <strong>hoje<\/strong> (07\/10\/2019). A primeira trilha j\u00e1 est\u00e1 dispon\u00edvel e novas tarefas ser\u00e3o disponibilizadas toda segunda-feira. Toda a trilha j\u00e1 considera o peso das disciplinas no edital e a ordem das tarefas leva em conta um ciclo de estudos. Assim, voc\u00eas n\u00e3o precisam perder tempo algum com outra coisa al\u00e9m de estudar!<\/p>\n\n\n\n<p style=\"color:#4472c4\" class=\"has-text-color\"><strong>O que s\u00e3o e como\nfuncionam as Trilhas Estrat\u00e9gicas?<\/strong><\/p>\n\n\n\n<p>As Trilhas Estrat\u00e9gicas s\u00e3o sugest\u00f5es de estudos\npor disciplina e ciclos de estudos. Em r\u00e1pidas palavras, as Trilhas Estrat\u00e9gicas s\u00e3o\nformadas por 3 elementos: arquivos em&nbsp;<em>pdf<\/em>,&nbsp;<em>Telegram<\/em>&nbsp;e\no&nbsp;<em>coach<\/em>.<\/p>\n\n\n\n<p>Os&nbsp;<strong><em>arquivos em pdf<\/em><\/strong>&nbsp;das\nTrilhas s\u00e3o elaborados e liberados, semanalmente, pelo Organizador da Trilha,\natrav\u00e9s da \u00c1rea do Aluno. Esses arquivos trazem direcionamento de estudo,\ngeralmente, para 1 (uma) semana.<\/p>\n\n\n\n<p>O&nbsp;<strong><em>Telegram<\/em><\/strong>&nbsp;\u00e9 a plataforma\nque vai permitir o contato do Organizador da Trilha com os alunos assinantes.\nAtrav\u00e9s do&nbsp;<em>Telegram<\/em>, os alunos enviar\u00e3o perguntas para o\nOrganizador e receber\u00e3o dicas de estudo, artigos motivacionais, dentre outras\npublica\u00e7\u00f5es relevantes.<\/p>\n\n\n\n<p>O&nbsp;<strong><em>coach<\/em><\/strong>&nbsp;ser\u00e1 o Organizador\nda Trilha Estrat\u00e9gica e respons\u00e1vel pelo acompanhamento dos alunos atrav\u00e9s\ndo&nbsp;<em>Telegram<\/em>. Esse acompanhamento se d\u00e1 atrav\u00e9s de: dicas no arquivo\nem&nbsp;<em>pdf<\/em>&nbsp;da Trilha e \u00e1udios\/v\u00eddeos\/transmiss\u00f5es ao vivo por meio\nda Comunidade de Alunos no&nbsp;<em>Telegram<\/em>.<\/p>\n\n\n\n<p>Para conhecer um pouco mais das Trilhas\nEstrat\u00e9gicas acessem:<br \/>\n<a href=\"https:\/\/www.estrategiaconcursos.com.br\/blog\/trilhas-estrategicas-informacoes-e-trilhas-liberadas-hoje\/\">https:\/\/www.estrategiaconcursos.com.br\/blog\/trilhas-estrategicas-informacoes-e-trilhas-liberadas-hoje\/<\/a><\/p>\n\n\n\n<p>Bons estudos, futuros Auditores Fiscais!<\/p>\n\n\n\n<p><strong>Daniela Garrido <br \/>Instagram: profdanigarrido<\/strong><\/p>\n","protected":false},"excerpt":{"rendered":"<p>Ol\u00e1, pessoal! Tudo bem? A \u00e1rea fiscal anda agitada! Est\u00e3o abertas as inscri\u00e7\u00f5es para o concurso ISS Porto Alegre com oferta de 2 vagas imediatas para Auditor Fiscal da Receita Municipal! As provas ser\u00e3o realizadas no dia 15\/12\/2019, portanto, os candidatos t\u00eam pouco mais de 2 meses para intensificar a prepara\u00e7\u00e3o e chegar brigando pela [&hellip;]<\/p>\n","protected":false},"author":1087,"featured_media":0,"comment_status":"open","ping_status":"closed","sticky":false,"template":"","format":"standard","meta":{"post_tipo":"article","footnotes":""},"categories":[1,1983],"tags":[],"tax_estado":[],"class_list":["post-431057","post","type-post","status-publish","format-standard","hentry","category-cursos-e-concursos","category-fiscal-estadual"],"acf":[],"yoast_head":"<!-- This site is optimized with the Yoast SEO Premium plugin v27.2 (Yoast SEO v27.2) - https:\/\/yoast.com\/product\/yoast-seo-premium-wordpress\/ -->\n<title>Lan\u00e7amento da Trilha Estrat\u00e9gica P\u00f3s-Edital para o ISS Porto Alegre<\/title>\n<meta name=\"robots\" content=\"index, follow, max-snippet:-1, max-image-preview:large, max-video-preview:-1\" \/>\n<link rel=\"canonical\" href=\"https:\/\/www.estrategiaconcursos.com.br\/blog\/lancamento-da-trilha-estrategica-pos-edital-para-o-iss-porto-alegre\/\" \/>\n<meta property=\"og:locale\" content=\"pt_BR\" \/>\n<meta property=\"og:type\" content=\"article\" \/>\n<meta property=\"og:title\" content=\"Lan\u00e7amento da Trilha Estrat\u00e9gica P\u00f3s-Edital para o ISS Porto Alegre\" \/>\n<meta property=\"og:description\" content=\"Ol\u00e1, pessoal! Tudo bem? A \u00e1rea fiscal anda agitada! Est\u00e3o abertas as inscri\u00e7\u00f5es para o concurso ISS Porto Alegre com oferta de 2 vagas imediatas para Auditor Fiscal da Receita Municipal! As provas ser\u00e3o realizadas no dia 15\/12\/2019, portanto, os candidatos t\u00eam pouco mais de 2 meses para intensificar a prepara\u00e7\u00e3o e chegar brigando pela [&hellip;]\" \/>\n<meta property=\"og:url\" content=\"https:\/\/www.estrategiaconcursos.com.br\/blog\/lancamento-da-trilha-estrategica-pos-edital-para-o-iss-porto-alegre\/\" \/>\n<meta property=\"og:site_name\" content=\"Estrat\u00e9gia Concursos\" \/>\n<meta property=\"article:published_time\" content=\"2019-10-07T16:02:21+00:00\" \/>\n<meta property=\"article:modified_time\" content=\"2019-10-07T16:02:26+00:00\" \/>\n<meta name=\"author\" content=\"Daniela Garrido\" \/>\n<meta name=\"twitter:card\" content=\"summary_large_image\" \/>\n<meta name=\"twitter:creator\" content=\"@EstratConcursos\" \/>\n<meta name=\"twitter:site\" content=\"@EstratConcursos\" \/>\n<meta name=\"twitter:label1\" content=\"Escrito por\" \/>\n\t<meta name=\"twitter:data1\" content=\"Daniela Garrido\" \/>\n\t<meta name=\"twitter:label2\" content=\"Est. tempo de leitura\" \/>\n\t<meta name=\"twitter:data2\" content=\"2 minutos\" \/>\n<script type=\"application\/ld+json\" class=\"yoast-schema-graph\">{\"@context\":\"https:\/\/schema.org\",\"@graph\":[{\"@type\":\"NewsArticle\",\"@id\":\"https:\/\/www.estrategiaconcursos.com.br\/blog\/lancamento-da-trilha-estrategica-pos-edital-para-o-iss-porto-alegre\/#article\",\"isPartOf\":{\"@id\":\"https:\/\/www.estrategiaconcursos.com.br\/blog\/lancamento-da-trilha-estrategica-pos-edital-para-o-iss-porto-alegre\/\"},\"author\":{\"name\":\"Daniela Garrido\",\"@id\":\"https:\/\/www.estrategiaconcursos.com.br\/blog\/#\/schema\/person\/24339f8418628396087417f5058a7103\"},\"headline\":\"Lan\u00e7amento da Trilha Estrat\u00e9gica P\u00f3s-Edital para o ISS Porto Alegre\",\"datePublished\":\"2019-10-07T16:02:21+00:00\",\"dateModified\":\"2019-10-07T16:02:26+00:00\",\"mainEntityOfPage\":{\"@id\":\"https:\/\/www.estrategiaconcursos.com.br\/blog\/lancamento-da-trilha-estrategica-pos-edital-para-o-iss-porto-alegre\/\"},\"wordCount\":488,\"commentCount\":0,\"publisher\":{\"@id\":\"https:\/\/www.estrategiaconcursos.com.br\/blog\/#organization\"},\"articleSection\":[\"Concursos P\u00fablicos\",\"Fiscal - Estadual (ICMS)\"],\"inLanguage\":\"pt-BR\",\"potentialAction\":[{\"@type\":\"CommentAction\",\"name\":\"Comment\",\"target\":[\"https:\/\/www.estrategiaconcursos.com.br\/blog\/lancamento-da-trilha-estrategica-pos-edital-para-o-iss-porto-alegre\/#respond\"]}],\"copyrightYear\":\"2019\",\"copyrightHolder\":{\"@id\":\"https:\/\/www.estrategiaconcursos.com.br\/blog\/#organization\"}},{\"@type\":\"WebPage\",\"@id\":\"https:\/\/www.estrategiaconcursos.com.br\/blog\/lancamento-da-trilha-estrategica-pos-edital-para-o-iss-porto-alegre\/\",\"url\":\"https:\/\/www.estrategiaconcursos.com.br\/blog\/lancamento-da-trilha-estrategica-pos-edital-para-o-iss-porto-alegre\/\",\"name\":\"Lan\u00e7amento da Trilha Estrat\u00e9gica P\u00f3s-Edital para o ISS Porto Alegre\",\"isPartOf\":{\"@id\":\"https:\/\/www.estrategiaconcursos.com.br\/blog\/#website\"},\"datePublished\":\"2019-10-07T16:02:21+00:00\",\"dateModified\":\"2019-10-07T16:02:26+00:00\",\"breadcrumb\":{\"@id\":\"https:\/\/www.estrategiaconcursos.com.br\/blog\/lancamento-da-trilha-estrategica-pos-edital-para-o-iss-porto-alegre\/#breadcrumb\"},\"inLanguage\":\"pt-BR\",\"potentialAction\":[{\"@type\":\"ReadAction\",\"target\":[\"https:\/\/www.estrategiaconcursos.com.br\/blog\/lancamento-da-trilha-estrategica-pos-edital-para-o-iss-porto-alegre\/\"]}]},{\"@type\":\"BreadcrumbList\",\"@id\":\"https:\/\/www.estrategiaconcursos.com.br\/blog\/lancamento-da-trilha-estrategica-pos-edital-para-o-iss-porto-alegre\/#breadcrumb\",\"itemListElement\":[{\"@type\":\"ListItem\",\"position\":1,\"name\":\"In\u00edcio\",\"item\":\"https:\/\/www.estrategiaconcursos.com.br\/blog\/\"},{\"@type\":\"ListItem\",\"position\":2,\"name\":\"Lan\u00e7amento da Trilha Estrat\u00e9gica P\u00f3s-Edital para o ISS Porto Alegre\"}]},{\"@type\":\"WebSite\",\"@id\":\"https:\/\/www.estrategiaconcursos.com.br\/blog\/#website\",\"url\":\"https:\/\/www.estrategiaconcursos.com.br\/blog\/\",\"name\":\"Estrat\u00e9gia Concursos\",\"description\":\"O blog da Estrat\u00e9gia Concursos traz not\u00edcias sobre concursos e artigos de professores oferecendo cursos para concursos (pdf + videaulas) no site.\",\"publisher\":{\"@id\":\"https:\/\/www.estrategiaconcursos.com.br\/blog\/#organization\"},\"potentialAction\":[{\"@type\":\"SearchAction\",\"target\":{\"@type\":\"EntryPoint\",\"urlTemplate\":\"https:\/\/www.estrategiaconcursos.com.br\/blog\/?s={search_term_string}\"},\"query-input\":{\"@type\":\"PropertyValueSpecification\",\"valueRequired\":true,\"valueName\":\"search_term_string\"}}],\"inLanguage\":\"pt-BR\"},{\"@type\":\"Organization\",\"@id\":\"https:\/\/www.estrategiaconcursos.com.br\/blog\/#organization\",\"name\":\"Estrat\u00e9gia Concursos\",\"url\":\"https:\/\/www.estrategiaconcursos.com.br\/blog\/\",\"logo\":{\"@type\":\"ImageObject\",\"inLanguage\":\"pt-BR\",\"@id\":\"https:\/\/www.estrategiaconcursos.com.br\/blog\/#\/schema\/logo\/image\/\",\"url\":\"https:\/\/dhg1h5j42swfq.cloudfront.net\/2025\/06\/03203428\/logo_concursos-1.jpg\",\"contentUrl\":\"https:\/\/dhg1h5j42swfq.cloudfront.net\/2025\/06\/03203428\/logo_concursos-1.jpg\",\"width\":230,\"height\":60,\"caption\":\"Estrat\u00e9gia Concursos\"},\"image\":{\"@id\":\"https:\/\/www.estrategiaconcursos.com.br\/blog\/#\/schema\/logo\/image\/\"},\"sameAs\":[\"https:\/\/x.com\/EstratConcursos\"]},{\"@type\":\"Person\",\"@id\":\"https:\/\/www.estrategiaconcursos.com.br\/blog\/#\/schema\/person\/24339f8418628396087417f5058a7103\",\"name\":\"Daniela Garrido\",\"image\":{\"@type\":\"ImageObject\",\"inLanguage\":\"pt-BR\",\"@id\":\"https:\/\/secure.gravatar.com\/avatar\/02860bf0245fd2be6ddbb48f19d9d8b7c27302b2c6340aa36551615985bfdf1d?s=96&d=mm&r=g\",\"url\":\"https:\/\/secure.gravatar.com\/avatar\/02860bf0245fd2be6ddbb48f19d9d8b7c27302b2c6340aa36551615985bfdf1d?s=96&d=mm&r=g\",\"contentUrl\":\"https:\/\/secure.gravatar.com\/avatar\/02860bf0245fd2be6ddbb48f19d9d8b7c27302b2c6340aa36551615985bfdf1d?s=96&d=mm&r=g\",\"caption\":\"Daniela Garrido\"},\"description\":\"Graduada em Gest\u00e3o Financeira, graduanda em Ci\u00eancias Cont\u00e1beis, p\u00f3s-graduanda em Gest\u00e3o Tribut\u00e1ria e Auditoria no Setor P\u00fablico. Aprovada no concurso da Secretaria de Estado da Fazenda de Santa Catarina, no cargo de Auditor Fiscal da Receita Estadual, especialidade Auditoria e Fiscaliza\u00e7\u00e3o, em 2018.\",\"sameAs\":[\"https:\/\/www.instagram.com\/profdanigarrido\"],\"url\":\"https:\/\/www.estrategiaconcursos.com.br\/blog\/author\/dgarridobrgmail-com\/\"}]}<\/script>\n<!-- \/ Yoast SEO Premium plugin. -->","yoast_head_json":{"title":"Lan\u00e7amento da Trilha Estrat\u00e9gica P\u00f3s-Edital para o ISS Porto Alegre","robots":{"index":"index","follow":"follow","max-snippet":"max-snippet:-1","max-image-preview":"max-image-preview:large","max-video-preview":"max-video-preview:-1"},"canonical":"https:\/\/www.estrategiaconcursos.com.br\/blog\/lancamento-da-trilha-estrategica-pos-edital-para-o-iss-porto-alegre\/","og_locale":"pt_BR","og_type":"article","og_title":"Lan\u00e7amento da Trilha Estrat\u00e9gica P\u00f3s-Edital para o ISS Porto Alegre","og_description":"Ol\u00e1, pessoal! Tudo bem? A \u00e1rea fiscal anda agitada! Est\u00e3o abertas as inscri\u00e7\u00f5es para o concurso ISS Porto Alegre com oferta de 2 vagas imediatas para Auditor Fiscal da Receita Municipal! As provas ser\u00e3o realizadas no dia 15\/12\/2019, portanto, os candidatos t\u00eam pouco mais de 2 meses para intensificar a prepara\u00e7\u00e3o e chegar brigando pela [&hellip;]","og_url":"https:\/\/www.estrategiaconcursos.com.br\/blog\/lancamento-da-trilha-estrategica-pos-edital-para-o-iss-porto-alegre\/","og_site_name":"Estrat\u00e9gia Concursos","article_published_time":"2019-10-07T16:02:21+00:00","article_modified_time":"2019-10-07T16:02:26+00:00","author":"Daniela Garrido","twitter_card":"summary_large_image","twitter_creator":"@EstratConcursos","twitter_site":"@EstratConcursos","twitter_misc":{"Escrito por":"Daniela Garrido","Est. tempo de leitura":"2 minutos"},"schema":{"@context":"https:\/\/schema.org","@graph":[{"@type":"NewsArticle","@id":"https:\/\/www.estrategiaconcursos.com.br\/blog\/lancamento-da-trilha-estrategica-pos-edital-para-o-iss-porto-alegre\/#article","isPartOf":{"@id":"https:\/\/www.estrategiaconcursos.com.br\/blog\/lancamento-da-trilha-estrategica-pos-edital-para-o-iss-porto-alegre\/"},"author":{"name":"Daniela Garrido","@id":"https:\/\/www.estrategiaconcursos.com.br\/blog\/#\/schema\/person\/24339f8418628396087417f5058a7103"},"headline":"Lan\u00e7amento da Trilha Estrat\u00e9gica P\u00f3s-Edital para o ISS Porto Alegre","datePublished":"2019-10-07T16:02:21+00:00","dateModified":"2019-10-07T16:02:26+00:00","mainEntityOfPage":{"@id":"https:\/\/www.estrategiaconcursos.com.br\/blog\/lancamento-da-trilha-estrategica-pos-edital-para-o-iss-porto-alegre\/"},"wordCount":488,"commentCount":0,"publisher":{"@id":"https:\/\/www.estrategiaconcursos.com.br\/blog\/#organization"},"articleSection":["Concursos P\u00fablicos","Fiscal - Estadual (ICMS)"],"inLanguage":"pt-BR","potentialAction":[{"@type":"CommentAction","name":"Comment","target":["https:\/\/www.estrategiaconcursos.com.br\/blog\/lancamento-da-trilha-estrategica-pos-edital-para-o-iss-porto-alegre\/#respond"]}],"copyrightYear":"2019","copyrightHolder":{"@id":"https:\/\/www.estrategiaconcursos.com.br\/blog\/#organization"}},{"@type":"WebPage","@id":"https:\/\/www.estrategiaconcursos.com.br\/blog\/lancamento-da-trilha-estrategica-pos-edital-para-o-iss-porto-alegre\/","url":"https:\/\/www.estrategiaconcursos.com.br\/blog\/lancamento-da-trilha-estrategica-pos-edital-para-o-iss-porto-alegre\/","name":"Lan\u00e7amento da Trilha Estrat\u00e9gica P\u00f3s-Edital para o ISS Porto Alegre","isPartOf":{"@id":"https:\/\/www.estrategiaconcursos.com.br\/blog\/#website"},"datePublished":"2019-10-07T16:02:21+00:00","dateModified":"2019-10-07T16:02:26+00:00","breadcrumb":{"@id":"https:\/\/www.estrategiaconcursos.com.br\/blog\/lancamento-da-trilha-estrategica-pos-edital-para-o-iss-porto-alegre\/#breadcrumb"},"inLanguage":"pt-BR","potentialAction":[{"@type":"ReadAction","target":["https:\/\/www.estrategiaconcursos.com.br\/blog\/lancamento-da-trilha-estrategica-pos-edital-para-o-iss-porto-alegre\/"]}]},{"@type":"BreadcrumbList","@id":"https:\/\/www.estrategiaconcursos.com.br\/blog\/lancamento-da-trilha-estrategica-pos-edital-para-o-iss-porto-alegre\/#breadcrumb","itemListElement":[{"@type":"ListItem","position":1,"name":"In\u00edcio","item":"https:\/\/www.estrategiaconcursos.com.br\/blog\/"},{"@type":"ListItem","position":2,"name":"Lan\u00e7amento da Trilha Estrat\u00e9gica P\u00f3s-Edital para o ISS Porto Alegre"}]},{"@type":"WebSite","@id":"https:\/\/www.estrategiaconcursos.com.br\/blog\/#website","url":"https:\/\/www.estrategiaconcursos.com.br\/blog\/","name":"Estrat\u00e9gia Concursos","description":"O blog da Estrat\u00e9gia Concursos traz not\u00edcias sobre concursos e artigos de professores oferecendo cursos para concursos (pdf + videaulas) no site.","publisher":{"@id":"https:\/\/www.estrategiaconcursos.com.br\/blog\/#organization"},"potentialAction":[{"@type":"SearchAction","target":{"@type":"EntryPoint","urlTemplate":"https:\/\/www.estrategiaconcursos.com.br\/blog\/?s={search_term_string}"},"query-input":{"@type":"PropertyValueSpecification","valueRequired":true,"valueName":"search_term_string"}}],"inLanguage":"pt-BR"},{"@type":"Organization","@id":"https:\/\/www.estrategiaconcursos.com.br\/blog\/#organization","name":"Estrat\u00e9gia Concursos","url":"https:\/\/www.estrategiaconcursos.com.br\/blog\/","logo":{"@type":"ImageObject","inLanguage":"pt-BR","@id":"https:\/\/www.estrategiaconcursos.com.br\/blog\/#\/schema\/logo\/image\/","url":"https:\/\/dhg1h5j42swfq.cloudfront.net\/2025\/06\/03203428\/logo_concursos-1.jpg","contentUrl":"https:\/\/dhg1h5j42swfq.cloudfront.net\/2025\/06\/03203428\/logo_concursos-1.jpg","width":230,"height":60,"caption":"Estrat\u00e9gia Concursos"},"image":{"@id":"https:\/\/www.estrategiaconcursos.com.br\/blog\/#\/schema\/logo\/image\/"},"sameAs":["https:\/\/x.com\/EstratConcursos"]},{"@type":"Person","@id":"https:\/\/www.estrategiaconcursos.com.br\/blog\/#\/schema\/person\/24339f8418628396087417f5058a7103","name":"Daniela Garrido","image":{"@type":"ImageObject","inLanguage":"pt-BR","@id":"https:\/\/secure.gravatar.com\/avatar\/02860bf0245fd2be6ddbb48f19d9d8b7c27302b2c6340aa36551615985bfdf1d?s=96&d=mm&r=g","url":"https:\/\/secure.gravatar.com\/avatar\/02860bf0245fd2be6ddbb48f19d9d8b7c27302b2c6340aa36551615985bfdf1d?s=96&d=mm&r=g","contentUrl":"https:\/\/secure.gravatar.com\/avatar\/02860bf0245fd2be6ddbb48f19d9d8b7c27302b2c6340aa36551615985bfdf1d?s=96&d=mm&r=g","caption":"Daniela Garrido"},"description":"Graduada em Gest\u00e3o Financeira, graduanda em Ci\u00eancias Cont\u00e1beis, p\u00f3s-graduanda em Gest\u00e3o Tribut\u00e1ria e Auditoria no Setor P\u00fablico. Aprovada no concurso da Secretaria de Estado da Fazenda de Santa Catarina, no cargo de Auditor Fiscal da Receita Estadual, especialidade Auditoria e Fiscaliza\u00e7\u00e3o, em 2018.","sameAs":["https:\/\/www.instagram.com\/profdanigarrido"],"url":"https:\/\/www.estrategiaconcursos.com.br\/blog\/author\/dgarridobrgmail-com\/"}]}},"_links":{"self":[{"href":"https:\/\/www.estrategiaconcursos.com.br\/blog\/wp-json\/wp\/v2\/posts\/431057","targetHints":{"allow":["GET"]}}],"collection":[{"href":"https:\/\/www.estrategiaconcursos.com.br\/blog\/wp-json\/wp\/v2\/posts"}],"about":[{"href":"https:\/\/www.estrategiaconcursos.com.br\/blog\/wp-json\/wp\/v2\/types\/post"}],"author":[{"embeddable":true,"href":"https:\/\/www.estrategiaconcursos.com.br\/blog\/wp-json\/wp\/v2\/users\/1087"}],"replies":[{"embeddable":true,"href":"https:\/\/www.estrategiaconcursos.com.br\/blog\/wp-json\/wp\/v2\/comments?post=431057"}],"version-history":[{"count":2,"href":"https:\/\/www.estrategiaconcursos.com.br\/blog\/wp-json\/wp\/v2\/posts\/431057\/revisions"}],"predecessor-version":[{"id":431065,"href":"https:\/\/www.estrategiaconcursos.com.br\/blog\/wp-json\/wp\/v2\/posts\/431057\/revisions\/431065"}],"wp:attachment":[{"href":"https:\/\/www.estrategiaconcursos.com.br\/blog\/wp-json\/wp\/v2\/media?parent=431057"}],"wp:term":[{"taxonomy":"category","embeddable":true,"href":"https:\/\/www.estrategiaconcursos.com.br\/blog\/wp-json\/wp\/v2\/categories?post=431057"},{"taxonomy":"post_tag","embeddable":true,"href":"https:\/\/www.estrategiaconcursos.com.br\/blog\/wp-json\/wp\/v2\/tags?post=431057"},{"taxonomy":"tax_estado","embeddable":true,"href":"https:\/\/www.estrategiaconcursos.com.br\/blog\/wp-json\/wp\/v2\/tax_estado?post=431057"}],"curies":[{"name":"wp","href":"https:\/\/api.w.org\/{rel}","templated":true}]}}