{"id":430790,"date":"2019-10-07T07:00:04","date_gmt":"2019-10-07T10:00:04","guid":{"rendered":"https:\/\/www.estrategiaconcursos.com.br\/blog\/?p=430790"},"modified":"2019-10-07T11:11:38","modified_gmt":"2019-10-07T14:11:38","slug":"senado-analista-legislativo-administracao","status":"publish","type":"post","link":"https:\/\/www.estrategiaconcursos.com.br\/blog\/senado-analista-legislativo-administracao\/","title":{"rendered":"Senado &#8211; Analista Legislativo &#8211; Administra\u00e7\u00e3o"},"content":{"rendered":"\n<p>Passado o frenesi da autoriza\u00e7\u00e3o do concurso e a empolga\u00e7\u00e3o inicial pela possibilidade de mudan\u00e7a de vida por parte de muitos, gostaria de falar um pouco com voc\u00eas sobre a prova de Analista Legislativo, especialidade Administra\u00e7\u00e3o, realizada em 2012, pela Funda\u00e7\u00e3o Get\u00falio Vargas (FGV). O objetivo \u00e9 dar a voc\u00eas, potenciais e futuros candidatos, um norte sobre os assuntos de Administra\u00e7\u00e3o Geral e P\u00fablica cobrados na prova objetiva.<\/p>\n\n\n\n<div class=\"wp-block-image\"><figure class=\"alignleft is-resized\"><img loading=\"lazy\" decoding=\"async\" src=\"https:\/\/dhg1h5j42swfq.cloudfront.net\/2019\/10\/06231308\/IMG_9579.jpg\" alt=\"\" class=\"wp-image-430804\" width=\"327\" height=\"327\" srcset=\"https:\/\/dhg1h5j42swfq.cloudfront.net\/2019\/10\/06231308\/IMG_9579.jpg 3024w, https:\/\/dhg1h5j42swfq.cloudfront.net\/2019\/10\/06231308\/IMG_9579.jpg 150w, https:\/\/dhg1h5j42swfq.cloudfront.net\/2019\/10\/06231308\/IMG_9579.jpg 300w, https:\/\/dhg1h5j42swfq.cloudfront.net\/2019\/10\/06231308\/IMG_9579.jpg 768w, https:\/\/dhg1h5j42swfq.cloudfront.net\/2019\/10\/06231308\/IMG_9579.jpg 1024w, https:\/\/dhg1h5j42swfq.cloudfront.net\/2019\/10\/06231308\/IMG_9579.jpg 610w\" sizes=\"auto, (max-width: 327px) 100vw, 327px\" \/><figcaption>Prova Senado Federal 2012 &#8211; Analista Legislativo &#8211; Especialidade Administra\u00e7\u00e3o <\/figcaption><\/figure><\/div>\n\n\n\n<p>Alguns candidatos, empolgados com a ideia de ganhar mais de 25 mil reais por m\u00eas, acabam esquecendo sobre o processo que os levar\u00e1 at\u00e9 l\u00e1 e \u00e9 sobre isso que trataremos aqui neste artigo.<\/p>\n\n\n\n<p>No concurso de 2008, o cargo de Analista Legislativo, especialidade Administra\u00e7\u00e3o, no Senado Federal, era exclusivo para bachar\u00e9is em Administra\u00e7\u00e3o, o que reduziu a concorr\u00eancia. J\u00e1 no concurso de 2012, o cargo foi destinado a candidatos com qualquer \u00e1rea de forma\u00e7\u00e3o, algo que deve se manter como pr\u00e1tica para a realiza\u00e7\u00e3o do novo concurso (boa not\u00edcia para quem n\u00e3o \u00e9 formado em Administra\u00e7\u00e3o), com um total de <strong>duas vagas<\/strong> autorizadas.<\/p>\n\n\n\n<p>Como disse, nosso assunto neste artigo \u00e9 a prova aplicada em 2012 pela FGV, a qual foi composta, em suas 80 quest\u00f5es objetivas, pelas seguintes disciplinas:<\/p>\n\n\n\n<ul class=\"wp-block-list\"><li>L\u00cdNGUA PORTUGUESA (peso 1)<\/li><li>CONHECIMENTOS GERAIS (peso 1)<\/li><li>L\u00cdNGUA INGLESA (peso 1)<\/li><li>CONHECIMENTOS ESPEC\u00cdFICOS (peso 2)<\/li><\/ul>\n\n\n\n<p>S\u00f3 isso? De forma resumida, sim. Agora vamos ao detalhamento disso tudo, para que voc\u00ea tenha uma no\u00e7\u00e3o do que pode fazer parte da sua prepara\u00e7\u00e3o, especialmente em <strong>Administra\u00e7\u00e3o Geral e P\u00fablica<\/strong>. A Tabela 1 cont\u00e9m os dados brutos da an\u00e1lise que fiz dessa prova aplicada pela FGV. <\/p>\n\n\n\n<div class=\"wp-block-image\"><figure class=\"aligncenter\"><img decoding=\"async\" src=\"https:\/\/dhg1h5j42swfq.cloudfront.net\/2019\/10\/06223931\/Captura-de-Tela-2019-10-06-a%CC%80s-22.39.05.png\" alt=\"\" class=\"wp-image-430794\" \/><\/figure><\/div>\n\n\n\n<p>Agora, traduzindo de forma muito mais simples os dados da Tabela 1, podemos ver, na Figura 1, os percentuais da pontua\u00e7\u00e3o de cada disciplina cobrada:<\/p>\n\n\n\n<div class=\"wp-block-image\"><figure class=\"aligncenter\"><img decoding=\"async\" src=\"https:\/\/dhg1h5j42swfq.cloudfront.net\/2019\/10\/06224046\/Captura-de-Tela-2019-10-06-a%CC%80s-22.40.37.png\" alt=\"\" class=\"wp-image-430795\" \/><\/figure><\/div>\n\n\n\n<p>L\u00edngua Portuguesa representou aproximadamente\n16% da prova, enquanto Conhecimentos Gerais e L\u00edngua Inglesa, somados, tiveram\nos mesmos 16%. Conhecimentos Espec\u00edficos, nosso objeto de detalhamento aqui, representou\nquase 67% da nota da prova<\/p>\n\n\n\n<p><strong><em>Como professor de Administra\u00e7\u00e3o Geral e P\u00fablica do Estrat\u00e9gia<\/em><\/strong>, n\u00e3o posso deixar de mostrar os assuntos da disciplina por aqui:<\/p>\n\n\n\n<ul class=\"wp-block-list\"><li><strong>Administra\u00e7\u00e3o\ngeral<\/strong><\/li><li><strong>Recursos\nhumanos<\/strong><\/li><li><strong>Organiza\u00e7\u00e3o\ne m\u00e9todos<\/strong><\/li><li><strong>Administra\u00e7\u00e3o\np\u00fablica<\/strong><\/li><\/ul>\n\n\n\n<p>A partir de agora, vamos analisar as quest\u00f5es em termos do conte\u00fado de seus itens. O que significa isso? Significa que vamos analisar o conte\u00fado cobrado em CADA um dos 5 (cinco) itens de cada uma das quest\u00f5es de Administra\u00e7\u00e3o Geral e P\u00fablica, tendo em vista que, por vezes, as quest\u00f5es presentes na prova de 2012 cobravam mais de um assunto. De maneira geral, podemos dividir o conte\u00fado de Conhecimentos Espec\u00edficos da forma apresentada na Figura 2.<\/p>\n\n\n\n<div class=\"wp-block-image\"><figure class=\"aligncenter\"><img decoding=\"async\" src=\"https:\/\/dhg1h5j42swfq.cloudfront.net\/2019\/10\/06224137\/Captura-de-Tela-2019-10-06-a%CC%80s-22.41.17.png\" alt=\"\" class=\"wp-image-430796\" \/><\/figure><\/div>\n\n\n\n<p>A Figura 2 traduz a seguinte situa\u00e7\u00e3o: de um total de 200 itens presentes na prova de Conhecimentos Espec\u00edficos (peso 2), <strong>Administra\u00e7\u00e3o Geral<\/strong> teve 42 (quarenta e dois) itens, <strong>Recursos Humanos<\/strong> 40 (quarenta), <strong>Organiza\u00e7\u00e3o e M\u00e9todos<\/strong> 3 (tr\u00eas), <strong>Administra\u00e7\u00e3o P\u00fablica<\/strong> 10 (dez), <strong>Administra\u00e7\u00e3o Financeira e Or\u00e7ament\u00e1ria<\/strong> 70 (setenta) e <strong>Contabilidade P\u00fablica<\/strong> teve 35 (trinta e cinco) itens. Isso significa que, agrupando os conte\u00fados de Administra\u00e7\u00e3o Geral, Recursos Humanos, Organiza\u00e7\u00e3o e M\u00e9todos e Administra\u00e7\u00e3o P\u00fablica, todos afetos \u00e0 disciplina de <strong>Administra\u00e7\u00e3o Geral e P\u00fablica<\/strong>, temos quase <strong>32% da nota total da prova objetiva<\/strong>. <\/p>\n\n\n\n<p>\u00d3timo, Douglas, voc\u00ea j\u00e1 conseguiu a minha aten\u00e7\u00e3o. E agora? O que o candidato deveria ter estudado em cada um desses conte\u00fados de Administra\u00e7\u00e3o Geral e P\u00fablica para ter sucesso na prova?<\/p>\n\n\n\n<p>De maneira direta, os candidatos\ncom maior rendimento se debru\u00e7aram sobre:<\/p>\n\n\n\n<ol class=\"wp-block-list\"><li><strong>Administra\u00e7\u00e3o geral<\/strong><ol><li>Planejamento estrat\u00e9gico<\/li><li>Objetivos organizacionais<\/li><li>Gest\u00e3o da qualidade<\/li><li>Efici\u00eancia, efic\u00e1cia e efetividade<\/li><\/ol><\/li><li><strong>Recursos humanos<\/strong><ol><li>Cargos<\/li><li>Motiva\u00e7\u00e3o<\/li><li>Avalia\u00e7\u00e3o de desempenho<\/li><li>Gest\u00e3o do conhecimento<\/li><\/ol><\/li><li><strong>Organiza\u00e7\u00e3o e m\u00e9todos<\/strong><ol><li>Estruturas organizacionais<\/li><\/ol><\/li><li><strong>Administra\u00e7\u00e3o p\u00fablica<\/strong><ol><li>Princ\u00edpios<\/li><li>Minist\u00e9rio p\u00fablico <\/li><\/ol><\/li><\/ol>\n\n\n\n<p>A Figura 3 mostra a voc\u00ea a incid\u00eancia de cada um dos assuntos em <strong>Administra\u00e7\u00e3o Geral<\/strong>.<\/p>\n\n\n\n<div class=\"wp-block-image\"><figure class=\"aligncenter\"><img decoding=\"async\" src=\"https:\/\/dhg1h5j42swfq.cloudfront.net\/2019\/10\/06224306\/Captura-de-Tela-2019-10-06-a%CC%80s-22.42.53.png\" alt=\"\" class=\"wp-image-430797\" \/><\/figure><\/div>\n\n\n\n<p>Perceba que, na Figura 3, <strong><em>planejamento estrat\u00e9gico<\/em><\/strong> foi o \u201ccampe\u00e3o\u201d de cobran\u00e7a, com 16 (dezesseis) itens no total, representando mais de 5% da nota da prova.<\/p>\n\n\n\n<p>A Figura 4 demonstra os assuntos de <strong>Recursos Humanos<\/strong> abordados pelo examinador nessa prova de 2012.<\/p>\n\n\n\n<div class=\"wp-block-image\"><figure class=\"aligncenter\"><img decoding=\"async\" src=\"https:\/\/dhg1h5j42swfq.cloudfront.net\/2019\/10\/06224410\/Captura-de-Tela-2019-10-06-a%CC%80s-22.43.59.png\" alt=\"\" class=\"wp-image-430798\" \/><\/figure><\/div>\n\n\n\n<p>Na Figura 4, <strong><em>avalia\u00e7\u00e3o de desempenho<\/em><\/strong> esteve presente em 15 itens e <strong><em>cargos<\/em><\/strong> foi assunto em 13 itens diferentes, representando respectivamente 5% e 4,33% da nota da prova.<\/p>\n\n\n\n<p><strong>Organiza\u00e7\u00e3o e M\u00e9todos<\/strong> foi assunto pouco explorado pelo examinador, com apenas 3 (tr\u00eas) itens envolvendo <strong><em>estruturas organizacionais<\/em><\/strong>. Trata-se de algo que n\u00e3o creio que poder\u00e1 se repetir, seja qual for a banca do pr\u00f3ximo certame. A tend\u00eancia \u00e9 de que seja um assunto mais abordado, pelo que pode ser observado em provas da carreira administrativa.<\/p>\n\n\n\n<p><strong>Administra\u00e7\u00e3o P\u00fablica<\/strong> foi abordada em seu sentido amplo (<em>lato sensu<\/em>), contando com <strong><em>princ\u00edpios<\/em><\/strong> e a <strong><em>organiza\u00e7\u00e3o do Minist\u00e9rio P\u00fablico<\/em><\/strong> como assuntos, sem qualquer men\u00e7\u00e3o aos <em>modelos de administra\u00e7\u00e3o<\/em> <em>p\u00fablica<\/em>, ou \u00e0 <em>formula\u00e7\u00e3o de indicadores<\/em>, tampouco <em>an\u00e1lise de riscos<\/em>, todos assuntos recorrentes em provas de carreiras administrativas por todo pa\u00eds. Talvez seja uma das mudan\u00e7as mais prov\u00e1veis para o pr\u00f3ximo certame.<\/p>\n\n\n\n<p>A ideia dessa an\u00e1lise foi revelar um pouco mais de uma prova que voc\u00ea talvez tenha se interessado em fazer. N\u00e3o posso afirmar qual ser\u00e1 a banca examinadora do pr\u00f3ximo concurso do Senado, tampouco a data de publica\u00e7\u00e3o de um poss\u00edvel edital, mas, caso a Funda\u00e7\u00e3o Get\u00falio Vargas seja novamente a banca escolhida, voc\u00ea ter\u00e1 por aqui um guia sobre o que te espera durante seu processo de prepara\u00e7\u00e3o.<\/p>\n\n\n\n<p>N\u00e3o deixe de exercitar sua\ncapacidade de olhar o todo e valorizar o processo.<\/p>\n\n\n\n<p>Uma \u00f3tima semana! Bons estudos!<\/p>\n","protected":false},"excerpt":{"rendered":"<p>Passado o frenesi da autoriza\u00e7\u00e3o do concurso e a empolga\u00e7\u00e3o inicial pela possibilidade de mudan\u00e7a de vida por parte de muitos, gostaria de falar um pouco com voc\u00eas sobre a prova de Analista Legislativo, especialidade Administra\u00e7\u00e3o, realizada em 2012, pela Funda\u00e7\u00e3o Get\u00falio Vargas (FGV). O objetivo \u00e9 dar a voc\u00eas, potenciais e futuros candidatos, um [&hellip;]<\/p>\n","protected":false},"author":1211,"featured_media":0,"comment_status":"open","ping_status":"closed","sticky":false,"template":"","format":"standard","meta":{"post_tipo":"article","footnotes":""},"categories":[1,2017],"tags":[42,727,1454,40,1301,1536,1629],"tax_estado":[],"class_list":["post-430790","post","type-post","status-publish","format-standard","hentry","category-cursos-e-concursos","category-concursos-legislativos","tag-administracao","tag-administracao-publica","tag-analista-legislativo","tag-concurso","tag-concurso-senado","tag-senado","tag-senado-federal"],"acf":[],"yoast_head":"<!-- This site is optimized with the Yoast SEO Premium plugin v27.2 (Yoast SEO v27.2) - https:\/\/yoast.com\/product\/yoast-seo-premium-wordpress\/ -->\n<title>Senado - Analista Legislativo - Administra\u00e7\u00e3o<\/title>\n<meta name=\"robots\" content=\"index, follow, max-snippet:-1, max-image-preview:large, max-video-preview:-1\" \/>\n<link rel=\"canonical\" href=\"https:\/\/www.estrategiaconcursos.com.br\/blog\/senado-analista-legislativo-administracao\/\" \/>\n<meta property=\"og:locale\" content=\"pt_BR\" \/>\n<meta property=\"og:type\" content=\"article\" \/>\n<meta property=\"og:title\" content=\"Senado - Analista Legislativo - Administra\u00e7\u00e3o\" \/>\n<meta property=\"og:description\" content=\"Passado o frenesi da autoriza\u00e7\u00e3o do concurso e a empolga\u00e7\u00e3o inicial pela possibilidade de mudan\u00e7a de vida por parte de muitos, gostaria de falar um pouco com voc\u00eas sobre a prova de Analista Legislativo, especialidade Administra\u00e7\u00e3o, realizada em 2012, pela Funda\u00e7\u00e3o Get\u00falio Vargas (FGV). O objetivo \u00e9 dar a voc\u00eas, potenciais e futuros candidatos, um [&hellip;]\" \/>\n<meta property=\"og:url\" content=\"https:\/\/www.estrategiaconcursos.com.br\/blog\/senado-analista-legislativo-administracao\/\" \/>\n<meta property=\"og:site_name\" content=\"Estrat\u00e9gia Concursos\" \/>\n<meta property=\"article:published_time\" content=\"2019-10-07T10:00:04+00:00\" \/>\n<meta property=\"article:modified_time\" content=\"2019-10-07T14:11:38+00:00\" \/>\n<meta property=\"og:image\" content=\"https:\/\/www.estrategiaconcursos.com.br\/blog\/wp-content\/uploads\/2019\/10\/IMG_9579-1024x1024.jpg\" \/>\n<meta name=\"author\" content=\"Douglas Schneider\" \/>\n<meta name=\"twitter:card\" content=\"summary_large_image\" \/>\n<meta name=\"twitter:creator\" content=\"@AEm1minuto\" \/>\n<meta name=\"twitter:site\" content=\"@EstratConcursos\" \/>\n<meta name=\"twitter:label1\" content=\"Escrito por\" \/>\n\t<meta name=\"twitter:data1\" content=\"Douglas Schneider\" \/>\n\t<meta name=\"twitter:label2\" content=\"Est. tempo de leitura\" \/>\n\t<meta name=\"twitter:data2\" content=\"5 minutos\" \/>\n<script type=\"application\/ld+json\" class=\"yoast-schema-graph\">{\"@context\":\"https:\/\/schema.org\",\"@graph\":[{\"@type\":\"NewsArticle\",\"@id\":\"https:\/\/www.estrategiaconcursos.com.br\/blog\/senado-analista-legislativo-administracao\/#article\",\"isPartOf\":{\"@id\":\"https:\/\/www.estrategiaconcursos.com.br\/blog\/senado-analista-legislativo-administracao\/\"},\"author\":{\"name\":\"Douglas Schneider\",\"@id\":\"https:\/\/www.estrategiaconcursos.com.br\/blog\/#\/schema\/person\/dd3af62dfb13d529e307a21c1e1844ce\"},\"headline\":\"Senado &#8211; Analista Legislativo &#8211; Administra\u00e7\u00e3o\",\"datePublished\":\"2019-10-07T10:00:04+00:00\",\"dateModified\":\"2019-10-07T14:11:38+00:00\",\"mainEntityOfPage\":{\"@id\":\"https:\/\/www.estrategiaconcursos.com.br\/blog\/senado-analista-legislativo-administracao\/\"},\"wordCount\":980,\"commentCount\":11,\"publisher\":{\"@id\":\"https:\/\/www.estrategiaconcursos.com.br\/blog\/#organization\"},\"image\":{\"@id\":\"https:\/\/www.estrategiaconcursos.com.br\/blog\/senado-analista-legislativo-administracao\/#primaryimage\"},\"thumbnailUrl\":\"https:\/\/www.estrategiaconcursos.com.br\/blog\/wp-content\/uploads\/2019\/10\/IMG_9579-1024x1024.jpg\",\"keywords\":[\"Administra\u00e7\u00e3o\",\"Administra\u00e7\u00e3o P\u00fablica\",\"Analista Legislativo\",\"Concurso\",\"concurso senado\",\"Senado\",\"senado federal\"],\"articleSection\":[\"Concursos P\u00fablicos\",\"Legislativo\"],\"inLanguage\":\"pt-BR\",\"potentialAction\":[{\"@type\":\"CommentAction\",\"name\":\"Comment\",\"target\":[\"https:\/\/www.estrategiaconcursos.com.br\/blog\/senado-analista-legislativo-administracao\/#respond\"]}],\"copyrightYear\":\"2019\",\"copyrightHolder\":{\"@id\":\"https:\/\/www.estrategiaconcursos.com.br\/blog\/#organization\"}},{\"@type\":\"WebPage\",\"@id\":\"https:\/\/www.estrategiaconcursos.com.br\/blog\/senado-analista-legislativo-administracao\/\",\"url\":\"https:\/\/www.estrategiaconcursos.com.br\/blog\/senado-analista-legislativo-administracao\/\",\"name\":\"Senado - Analista Legislativo - Administra\u00e7\u00e3o\",\"isPartOf\":{\"@id\":\"https:\/\/www.estrategiaconcursos.com.br\/blog\/#website\"},\"primaryImageOfPage\":{\"@id\":\"https:\/\/www.estrategiaconcursos.com.br\/blog\/senado-analista-legislativo-administracao\/#primaryimage\"},\"image\":{\"@id\":\"https:\/\/www.estrategiaconcursos.com.br\/blog\/senado-analista-legislativo-administracao\/#primaryimage\"},\"thumbnailUrl\":\"https:\/\/www.estrategiaconcursos.com.br\/blog\/wp-content\/uploads\/2019\/10\/IMG_9579-1024x1024.jpg\",\"datePublished\":\"2019-10-07T10:00:04+00:00\",\"dateModified\":\"2019-10-07T14:11:38+00:00\",\"breadcrumb\":{\"@id\":\"https:\/\/www.estrategiaconcursos.com.br\/blog\/senado-analista-legislativo-administracao\/#breadcrumb\"},\"inLanguage\":\"pt-BR\",\"potentialAction\":[{\"@type\":\"ReadAction\",\"target\":[\"https:\/\/www.estrategiaconcursos.com.br\/blog\/senado-analista-legislativo-administracao\/\"]}]},{\"@type\":\"ImageObject\",\"inLanguage\":\"pt-BR\",\"@id\":\"https:\/\/www.estrategiaconcursos.com.br\/blog\/senado-analista-legislativo-administracao\/#primaryimage\",\"url\":\"https:\/\/dhg1h5j42swfq.cloudfront.net\/2019\/10\/06231308\/IMG_9579.jpg\",\"contentUrl\":\"https:\/\/dhg1h5j42swfq.cloudfront.net\/2019\/10\/06231308\/IMG_9579.jpg\",\"width\":3024,\"height\":3024},{\"@type\":\"BreadcrumbList\",\"@id\":\"https:\/\/www.estrategiaconcursos.com.br\/blog\/senado-analista-legislativo-administracao\/#breadcrumb\",\"itemListElement\":[{\"@type\":\"ListItem\",\"position\":1,\"name\":\"In\u00edcio\",\"item\":\"https:\/\/www.estrategiaconcursos.com.br\/blog\/\"},{\"@type\":\"ListItem\",\"position\":2,\"name\":\"Senado &#8211; Analista Legislativo &#8211; Administra\u00e7\u00e3o\"}]},{\"@type\":\"WebSite\",\"@id\":\"https:\/\/www.estrategiaconcursos.com.br\/blog\/#website\",\"url\":\"https:\/\/www.estrategiaconcursos.com.br\/blog\/\",\"name\":\"Estrat\u00e9gia Concursos\",\"description\":\"O blog da Estrat\u00e9gia Concursos traz not\u00edcias sobre concursos e artigos de professores oferecendo cursos para concursos (pdf + videaulas) no site.\",\"publisher\":{\"@id\":\"https:\/\/www.estrategiaconcursos.com.br\/blog\/#organization\"},\"potentialAction\":[{\"@type\":\"SearchAction\",\"target\":{\"@type\":\"EntryPoint\",\"urlTemplate\":\"https:\/\/www.estrategiaconcursos.com.br\/blog\/?s={search_term_string}\"},\"query-input\":{\"@type\":\"PropertyValueSpecification\",\"valueRequired\":true,\"valueName\":\"search_term_string\"}}],\"inLanguage\":\"pt-BR\"},{\"@type\":\"Organization\",\"@id\":\"https:\/\/www.estrategiaconcursos.com.br\/blog\/#organization\",\"name\":\"Estrat\u00e9gia Concursos\",\"url\":\"https:\/\/www.estrategiaconcursos.com.br\/blog\/\",\"logo\":{\"@type\":\"ImageObject\",\"inLanguage\":\"pt-BR\",\"@id\":\"https:\/\/www.estrategiaconcursos.com.br\/blog\/#\/schema\/logo\/image\/\",\"url\":\"https:\/\/dhg1h5j42swfq.cloudfront.net\/2025\/06\/03203428\/logo_concursos-1.jpg\",\"contentUrl\":\"https:\/\/dhg1h5j42swfq.cloudfront.net\/2025\/06\/03203428\/logo_concursos-1.jpg\",\"width\":230,\"height\":60,\"caption\":\"Estrat\u00e9gia Concursos\"},\"image\":{\"@id\":\"https:\/\/www.estrategiaconcursos.com.br\/blog\/#\/schema\/logo\/image\/\"},\"sameAs\":[\"https:\/\/x.com\/EstratConcursos\"]},{\"@type\":\"Person\",\"@id\":\"https:\/\/www.estrategiaconcursos.com.br\/blog\/#\/schema\/person\/dd3af62dfb13d529e307a21c1e1844ce\",\"name\":\"Douglas Schneider\",\"image\":{\"@type\":\"ImageObject\",\"inLanguage\":\"pt-BR\",\"@id\":\"https:\/\/secure.gravatar.com\/avatar\/b94b88d512fc2167e937b3c5222864ea56109e46ed8add375526883e821cf9b8?s=96&d=mm&r=g\",\"url\":\"https:\/\/secure.gravatar.com\/avatar\/b94b88d512fc2167e937b3c5222864ea56109e46ed8add375526883e821cf9b8?s=96&d=mm&r=g\",\"contentUrl\":\"https:\/\/secure.gravatar.com\/avatar\/b94b88d512fc2167e937b3c5222864ea56109e46ed8add375526883e821cf9b8?s=96&d=mm&r=g\",\"caption\":\"Douglas Schneider\"},\"description\":\"Professor de Administra\u00e7\u00e3o Geral e P\u00fablica Analista no IPHAN - Planejamento e Gest\u00e3o Graduado em Administra\u00e7\u00e3o e Mestre em Administra\u00e7\u00e3o P\u00fablica pela Universidade de Bras\u00edlia (UnB)\",\"sameAs\":[\"https:\/\/www.instagram.com\/adm.em1minuto\/\",\"https:\/\/x.com\/AEm1minuto\"],\"url\":\"https:\/\/www.estrategiaconcursos.com.br\/blog\/author\/douglas-friesgmail-com\/\"}]}<\/script>\n<!-- \/ Yoast SEO Premium plugin. -->","yoast_head_json":{"title":"Senado - Analista Legislativo - Administra\u00e7\u00e3o","robots":{"index":"index","follow":"follow","max-snippet":"max-snippet:-1","max-image-preview":"max-image-preview:large","max-video-preview":"max-video-preview:-1"},"canonical":"https:\/\/www.estrategiaconcursos.com.br\/blog\/senado-analista-legislativo-administracao\/","og_locale":"pt_BR","og_type":"article","og_title":"Senado - Analista Legislativo - Administra\u00e7\u00e3o","og_description":"Passado o frenesi da autoriza\u00e7\u00e3o do concurso e a empolga\u00e7\u00e3o inicial pela possibilidade de mudan\u00e7a de vida por parte de muitos, gostaria de falar um pouco com voc\u00eas sobre a prova de Analista Legislativo, especialidade Administra\u00e7\u00e3o, realizada em 2012, pela Funda\u00e7\u00e3o Get\u00falio Vargas (FGV). O objetivo \u00e9 dar a voc\u00eas, potenciais e futuros candidatos, um [&hellip;]","og_url":"https:\/\/www.estrategiaconcursos.com.br\/blog\/senado-analista-legislativo-administracao\/","og_site_name":"Estrat\u00e9gia Concursos","article_published_time":"2019-10-07T10:00:04+00:00","article_modified_time":"2019-10-07T14:11:38+00:00","og_image":[{"url":"https:\/\/www.estrategiaconcursos.com.br\/blog\/wp-content\/uploads\/2019\/10\/IMG_9579-1024x1024.jpg","type":"","width":"","height":""}],"author":"Douglas Schneider","twitter_card":"summary_large_image","twitter_creator":"@AEm1minuto","twitter_site":"@EstratConcursos","twitter_misc":{"Escrito por":"Douglas Schneider","Est. tempo de leitura":"5 minutos"},"schema":{"@context":"https:\/\/schema.org","@graph":[{"@type":"NewsArticle","@id":"https:\/\/www.estrategiaconcursos.com.br\/blog\/senado-analista-legislativo-administracao\/#article","isPartOf":{"@id":"https:\/\/www.estrategiaconcursos.com.br\/blog\/senado-analista-legislativo-administracao\/"},"author":{"name":"Douglas Schneider","@id":"https:\/\/www.estrategiaconcursos.com.br\/blog\/#\/schema\/person\/dd3af62dfb13d529e307a21c1e1844ce"},"headline":"Senado &#8211; Analista Legislativo &#8211; Administra\u00e7\u00e3o","datePublished":"2019-10-07T10:00:04+00:00","dateModified":"2019-10-07T14:11:38+00:00","mainEntityOfPage":{"@id":"https:\/\/www.estrategiaconcursos.com.br\/blog\/senado-analista-legislativo-administracao\/"},"wordCount":980,"commentCount":11,"publisher":{"@id":"https:\/\/www.estrategiaconcursos.com.br\/blog\/#organization"},"image":{"@id":"https:\/\/www.estrategiaconcursos.com.br\/blog\/senado-analista-legislativo-administracao\/#primaryimage"},"thumbnailUrl":"https:\/\/www.estrategiaconcursos.com.br\/blog\/wp-content\/uploads\/2019\/10\/IMG_9579-1024x1024.jpg","keywords":["Administra\u00e7\u00e3o","Administra\u00e7\u00e3o P\u00fablica","Analista Legislativo","Concurso","concurso senado","Senado","senado federal"],"articleSection":["Concursos P\u00fablicos","Legislativo"],"inLanguage":"pt-BR","potentialAction":[{"@type":"CommentAction","name":"Comment","target":["https:\/\/www.estrategiaconcursos.com.br\/blog\/senado-analista-legislativo-administracao\/#respond"]}],"copyrightYear":"2019","copyrightHolder":{"@id":"https:\/\/www.estrategiaconcursos.com.br\/blog\/#organization"}},{"@type":"WebPage","@id":"https:\/\/www.estrategiaconcursos.com.br\/blog\/senado-analista-legislativo-administracao\/","url":"https:\/\/www.estrategiaconcursos.com.br\/blog\/senado-analista-legislativo-administracao\/","name":"Senado - Analista Legislativo - Administra\u00e7\u00e3o","isPartOf":{"@id":"https:\/\/www.estrategiaconcursos.com.br\/blog\/#website"},"primaryImageOfPage":{"@id":"https:\/\/www.estrategiaconcursos.com.br\/blog\/senado-analista-legislativo-administracao\/#primaryimage"},"image":{"@id":"https:\/\/www.estrategiaconcursos.com.br\/blog\/senado-analista-legislativo-administracao\/#primaryimage"},"thumbnailUrl":"https:\/\/www.estrategiaconcursos.com.br\/blog\/wp-content\/uploads\/2019\/10\/IMG_9579-1024x1024.jpg","datePublished":"2019-10-07T10:00:04+00:00","dateModified":"2019-10-07T14:11:38+00:00","breadcrumb":{"@id":"https:\/\/www.estrategiaconcursos.com.br\/blog\/senado-analista-legislativo-administracao\/#breadcrumb"},"inLanguage":"pt-BR","potentialAction":[{"@type":"ReadAction","target":["https:\/\/www.estrategiaconcursos.com.br\/blog\/senado-analista-legislativo-administracao\/"]}]},{"@type":"ImageObject","inLanguage":"pt-BR","@id":"https:\/\/www.estrategiaconcursos.com.br\/blog\/senado-analista-legislativo-administracao\/#primaryimage","url":"https:\/\/dhg1h5j42swfq.cloudfront.net\/2019\/10\/06231308\/IMG_9579.jpg","contentUrl":"https:\/\/dhg1h5j42swfq.cloudfront.net\/2019\/10\/06231308\/IMG_9579.jpg","width":3024,"height":3024},{"@type":"BreadcrumbList","@id":"https:\/\/www.estrategiaconcursos.com.br\/blog\/senado-analista-legislativo-administracao\/#breadcrumb","itemListElement":[{"@type":"ListItem","position":1,"name":"In\u00edcio","item":"https:\/\/www.estrategiaconcursos.com.br\/blog\/"},{"@type":"ListItem","position":2,"name":"Senado &#8211; Analista Legislativo &#8211; Administra\u00e7\u00e3o"}]},{"@type":"WebSite","@id":"https:\/\/www.estrategiaconcursos.com.br\/blog\/#website","url":"https:\/\/www.estrategiaconcursos.com.br\/blog\/","name":"Estrat\u00e9gia Concursos","description":"O blog da Estrat\u00e9gia Concursos traz not\u00edcias sobre concursos e artigos de professores oferecendo cursos para concursos (pdf + videaulas) no site.","publisher":{"@id":"https:\/\/www.estrategiaconcursos.com.br\/blog\/#organization"},"potentialAction":[{"@type":"SearchAction","target":{"@type":"EntryPoint","urlTemplate":"https:\/\/www.estrategiaconcursos.com.br\/blog\/?s={search_term_string}"},"query-input":{"@type":"PropertyValueSpecification","valueRequired":true,"valueName":"search_term_string"}}],"inLanguage":"pt-BR"},{"@type":"Organization","@id":"https:\/\/www.estrategiaconcursos.com.br\/blog\/#organization","name":"Estrat\u00e9gia Concursos","url":"https:\/\/www.estrategiaconcursos.com.br\/blog\/","logo":{"@type":"ImageObject","inLanguage":"pt-BR","@id":"https:\/\/www.estrategiaconcursos.com.br\/blog\/#\/schema\/logo\/image\/","url":"https:\/\/dhg1h5j42swfq.cloudfront.net\/2025\/06\/03203428\/logo_concursos-1.jpg","contentUrl":"https:\/\/dhg1h5j42swfq.cloudfront.net\/2025\/06\/03203428\/logo_concursos-1.jpg","width":230,"height":60,"caption":"Estrat\u00e9gia Concursos"},"image":{"@id":"https:\/\/www.estrategiaconcursos.com.br\/blog\/#\/schema\/logo\/image\/"},"sameAs":["https:\/\/x.com\/EstratConcursos"]},{"@type":"Person","@id":"https:\/\/www.estrategiaconcursos.com.br\/blog\/#\/schema\/person\/dd3af62dfb13d529e307a21c1e1844ce","name":"Douglas Schneider","image":{"@type":"ImageObject","inLanguage":"pt-BR","@id":"https:\/\/secure.gravatar.com\/avatar\/b94b88d512fc2167e937b3c5222864ea56109e46ed8add375526883e821cf9b8?s=96&d=mm&r=g","url":"https:\/\/secure.gravatar.com\/avatar\/b94b88d512fc2167e937b3c5222864ea56109e46ed8add375526883e821cf9b8?s=96&d=mm&r=g","contentUrl":"https:\/\/secure.gravatar.com\/avatar\/b94b88d512fc2167e937b3c5222864ea56109e46ed8add375526883e821cf9b8?s=96&d=mm&r=g","caption":"Douglas Schneider"},"description":"Professor de Administra\u00e7\u00e3o Geral e P\u00fablica Analista no IPHAN - Planejamento e Gest\u00e3o Graduado em Administra\u00e7\u00e3o e Mestre em Administra\u00e7\u00e3o P\u00fablica pela Universidade de Bras\u00edlia (UnB)","sameAs":["https:\/\/www.instagram.com\/adm.em1minuto\/","https:\/\/x.com\/AEm1minuto"],"url":"https:\/\/www.estrategiaconcursos.com.br\/blog\/author\/douglas-friesgmail-com\/"}]}},"_links":{"self":[{"href":"https:\/\/www.estrategiaconcursos.com.br\/blog\/wp-json\/wp\/v2\/posts\/430790","targetHints":{"allow":["GET"]}}],"collection":[{"href":"https:\/\/www.estrategiaconcursos.com.br\/blog\/wp-json\/wp\/v2\/posts"}],"about":[{"href":"https:\/\/www.estrategiaconcursos.com.br\/blog\/wp-json\/wp\/v2\/types\/post"}],"author":[{"embeddable":true,"href":"https:\/\/www.estrategiaconcursos.com.br\/blog\/wp-json\/wp\/v2\/users\/1211"}],"replies":[{"embeddable":true,"href":"https:\/\/www.estrategiaconcursos.com.br\/blog\/wp-json\/wp\/v2\/comments?post=430790"}],"version-history":[{"count":9,"href":"https:\/\/www.estrategiaconcursos.com.br\/blog\/wp-json\/wp\/v2\/posts\/430790\/revisions"}],"predecessor-version":[{"id":435913,"href":"https:\/\/www.estrategiaconcursos.com.br\/blog\/wp-json\/wp\/v2\/posts\/430790\/revisions\/435913"}],"wp:attachment":[{"href":"https:\/\/www.estrategiaconcursos.com.br\/blog\/wp-json\/wp\/v2\/media?parent=430790"}],"wp:term":[{"taxonomy":"category","embeddable":true,"href":"https:\/\/www.estrategiaconcursos.com.br\/blog\/wp-json\/wp\/v2\/categories?post=430790"},{"taxonomy":"post_tag","embeddable":true,"href":"https:\/\/www.estrategiaconcursos.com.br\/blog\/wp-json\/wp\/v2\/tags?post=430790"},{"taxonomy":"tax_estado","embeddable":true,"href":"https:\/\/www.estrategiaconcursos.com.br\/blog\/wp-json\/wp\/v2\/tax_estado?post=430790"}],"curies":[{"name":"wp","href":"https:\/\/api.w.org\/{rel}","templated":true}]}}